{"id":36160,"date":"2024-06-02T17:30:57","date_gmt":"2024-06-02T20:30:57","guid":{"rendered":"https:\/\/maranhaotv.com.br\/?p=36160"},"modified":"2024-06-03T16:10:02","modified_gmt":"2024-06-03T19:10:02","slug":"urgente-camara-convoca-vereadores-e-vice-para-posse-apos-afastamento-de-paula-da-pindoba-por-corrupcao","status":"publish","type":"post","link":"https:\/\/maranhaotv.com.br\/index.php\/2024\/06\/02\/urgente-camara-convoca-vereadores-e-vice-para-posse-apos-afastamento-de-paula-da-pindoba-por-corrupcao\/","title":{"rendered":"Urgente: C\u00e2mara convoca vereadores e vice para posse ap\u00f3s afastamento de Paula da Pindoba por corrup\u00e7\u00e3o"},"content":{"rendered":"\n<figure class=\"wp-block-image size-large\"><img loading=\"lazy\" decoding=\"async\" width=\"640\" height=\"480\" src=\"https:\/\/maranhaotv.com.br\/wp-content\/uploads\/2024\/06\/images-2-1129593373452401079.jpg\" alt=\"\" class=\"wp-image-36158\" srcset=\"https:\/\/maranhaotv.com.br\/wp-content\/uploads\/2024\/06\/images-2-1129593373452401079.jpg 640w, https:\/\/maranhaotv.com.br\/wp-content\/uploads\/2024\/06\/images-2-1129593373452401079-300x225.jpg 300w\" sizes=\"auto, (max-width: 640px) 100vw, 640px\" \/><figcaption class=\"wp-element-caption\">C\u00e2mara Municipal de Pa\u00e7o do Lumiar <\/figcaption><\/figure>\n\n\n\n<p><br>A Mesa Diretora da C\u00e2mara Municipal de Pa\u00e7o do Lumiar convocou urgentemente os vereadores e o vice-prefeito Inaldo Pereira para a cerim\u00f4nia de posse, marcada para esta segunda-feira, 3 de junho. A a\u00e7\u00e3o foi motivada pelo afastamento da prefeita Paula da Pindoba, envolvida em suspeitas de participa\u00e7\u00e3o em um esquema de corrup\u00e7\u00e3o.<br><br>O munic\u00edpio est\u00e1 sem prefeito h\u00e1 96 horas, desde que a decis\u00e3o judicial afastou Paula de suas fun\u00e7\u00f5es. A medida foi tomada pela desembargadora Maria das Gra\u00e7as Peres Soares de Amorim, do Tribunal de Justi\u00e7a do Maranh\u00e3o, a pedido do Grupo de Atua\u00e7\u00e3o Especial de Combate \u00e0s Organiza\u00e7\u00f5es Criminosas (Gaeco) do Minist\u00e9rio P\u00fablico Estadual (MPE).<br><br>A posse do vice-prefeito Inaldo \u00e9 vista como uma resposta imediata para garantir a continuidade da administra\u00e7\u00e3o municipal e a normaliza\u00e7\u00e3o das atividades governamentais. A expectativa \u00e9 que a cerim\u00f4nia reestabele\u00e7a a lideran\u00e7a no executivo local, essencial para o funcionamento dos servi\u00e7os p\u00fablicos e a implementa\u00e7\u00e3o de pol\u00edticas urgentes para a popula\u00e7\u00e3o de Pa\u00e7o do Lumiar.<br><br>Paula da Pindoba foi afastada por um per\u00edodo de 50 dias enquanto as investiga\u00e7\u00f5es seguem em curso. A popula\u00e7\u00e3o aguarda ansiosamente por esclarecimentos e pela retomada da estabilidade pol\u00edtica no munic\u00edpio.<\/p>\n\n\n\n<figure class=\"wp-block-image size-large\"><img loading=\"lazy\" decoding=\"async\" width=\"723\" height=\"1024\" src=\"https:\/\/maranhaotv.com.br\/wp-content\/uploads\/2024\/06\/img-20240602-wa0291465368924651740028-723x1024.jpg\" alt=\"\" class=\"wp-image-36157\" srcset=\"https:\/\/maranhaotv.com.br\/wp-content\/uploads\/2024\/06\/img-20240602-wa0291465368924651740028-723x1024.jpg 723w, https:\/\/maranhaotv.com.br\/wp-content\/uploads\/2024\/06\/img-20240602-wa0291465368924651740028-212x300.jpg 212w, https:\/\/maranhaotv.com.br\/wp-content\/uploads\/2024\/06\/img-20240602-wa0291465368924651740028-768x1087.jpg 768w, https:\/\/maranhaotv.com.br\/wp-content\/uploads\/2024\/06\/img-20240602-wa0291465368924651740028-640x906.jpg 640w, https:\/\/maranhaotv.com.br\/wp-content\/uploads\/2024\/06\/img-20240602-wa0291465368924651740028.jpg 904w\" sizes=\"auto, (max-width: 723px) 100vw, 723px\" \/><\/figure>\n\n\n\n<figure class=\"wp-block-image\"><img loading=\"lazy\" decoding=\"async\" width=\"722\" height=\"1024\" src=\"https:\/\/maranhaotv.com.br\/wp-content\/uploads\/2024\/06\/img-20240602-wa02908070887226688922865-722x1024.jpg\" alt=\"\" class=\"wp-image-36156\" srcset=\"https:\/\/maranhaotv.com.br\/wp-content\/uploads\/2024\/06\/img-20240602-wa02908070887226688922865-722x1024.jpg 722w, https:\/\/maranhaotv.com.br\/wp-content\/uploads\/2024\/06\/img-20240602-wa02908070887226688922865-211x300.jpg 211w, https:\/\/maranhaotv.com.br\/wp-content\/uploads\/2024\/06\/img-20240602-wa02908070887226688922865-768x1090.jpg 768w, https:\/\/maranhaotv.com.br\/wp-content\/uploads\/2024\/06\/img-20240602-wa02908070887226688922865-640x908.jpg 640w, https:\/\/maranhaotv.com.br\/wp-content\/uploads\/2024\/06\/img-20240602-wa02908070887226688922865.jpg 902w\" sizes=\"auto, (max-width: 722px) 100vw, 722px\" \/><\/figure>\n","protected":false},"excerpt":{"rendered":"<p>A Mesa Diretora da C\u00e2mara Municipal de Pa\u00e7o do Lumiar convocou urgentemente os vereadores e o vice-prefeito Inaldo Pereira para<\/p>\n","protected":false},"author":2,"featured_media":36159,"comment_status":"open","ping_status":"open","sticky":false,"template":"","format":"standard","meta":{"colormag_page_container_layout":"default_layout","colormag_page_sidebar_layout":"default_layout","_jetpack_memberships_contains_paid_content":false,"footnotes":""},"categories":[6],"tags":[76],"class_list":["post-36160","post","type-post","status-publish","format-standard","has-post-thumbnail","hentry","category-politica","tag-camara-de-vereadores-de-paco-do-lumiar"],"magazineBlocksPostFeaturedMedia":{"thumbnail":"https:\/\/maranhaotv.com.br\/wp-content\/uploads\/2024\/06\/IMG-20240602-WA0293-150x150.jpg","medium":"https:\/\/maranhaotv.com.br\/wp-content\/uploads\/2024\/06\/IMG-20240602-WA0293-300x240.jpg","medium_large":"https:\/\/maranhaotv.com.br\/wp-content\/uploads\/2024\/06\/IMG-20240602-WA0293-768x614.jpg","large":"https:\/\/maranhaotv.com.br\/wp-content\/uploads\/2024\/06\/IMG-20240602-WA0293-1024x819.jpg","1536x1536":"https:\/\/maranhaotv.com.br\/wp-content\/uploads\/2024\/06\/IMG-20240602-WA0293-1536x1229.jpg","2048x2048":"https:\/\/maranhaotv.com.br\/wp-content\/uploads\/2024\/06\/IMG-20240602-WA0293.jpg","colormag-highlighted-post":"https:\/\/maranhaotv.com.br\/wp-content\/uploads\/2024\/06\/IMG-20240602-WA0293-392x272.jpg","colormag-featured-post-medium":"https:\/\/maranhaotv.com.br\/wp-content\/uploads\/2024\/06\/IMG-20240602-WA0293-390x205.jpg","colormag-featured-post-small":"https:\/\/maranhaotv.com.br\/wp-content\/uploads\/2024\/06\/IMG-20240602-WA0293-130x90.jpg","colormag-featured-image":"https:\/\/maranhaotv.com.br\/wp-content\/uploads\/2024\/06\/IMG-20240602-WA0293-800x445.jpg","colormag-default-news":"https:\/\/maranhaotv.com.br\/wp-content\/uploads\/2024\/06\/IMG-20240602-WA0293-150x150.jpg","colormag-featured-image-large":"https:\/\/maranhaotv.com.br\/wp-content\/uploads\/2024\/06\/IMG-20240602-WA0293-1400x600.jpg"},"magazineBlocksPostAuthor":{"name":"maranhaotv","avatar":"https:\/\/secure.gravatar.com\/avatar\/8fadbca458d4cb68b1dd399ae9a40618d747bb1af65ac9fad21c89220a143eb4?s=96&d=mm&r=g"},"magazineBlocksPostCommentsNumber":"0","magazineBlocksPostExcerpt":"A Mesa Diretora da C\u00e2mara Municipal de Pa\u00e7o do Lumiar convocou urgentemente os vereadores e o vice-prefeito Inaldo Pereira para","magazineBlocksPostCategories":["pol\u00edtica"],"magazineBlocksPostViewCount":182,"magazineBlocksPostReadTime":2,"magazine_blocks_featured_image_url":{"full":["https:\/\/maranhaotv.com.br\/wp-content\/uploads\/2024\/06\/IMG-20240602-WA0293.jpg",1600,1280,false],"medium":["https:\/\/maranhaotv.com.br\/wp-content\/uploads\/2024\/06\/IMG-20240602-WA0293-300x240.jpg",300,240,true],"thumbnail":["https:\/\/maranhaotv.com.br\/wp-content\/uploads\/2024\/06\/IMG-20240602-WA0293-150x150.jpg",150,150,true]},"magazine_blocks_author":{"display_name":"maranhaotv","author_link":"https:\/\/maranhaotv.com.br\/index.php\/author\/maranhaotv\/"},"magazine_blocks_comment":0,"magazine_blocks_author_image":"https:\/\/secure.gravatar.com\/avatar\/8fadbca458d4cb68b1dd399ae9a40618d747bb1af65ac9fad21c89220a143eb4?s=96&d=mm&r=g","magazine_blocks_category":"<a href=\"#\" class=\"category-link category-link-6\">pol\u00edtica<\/a>","yoast_head":"<!-- This site is optimized with the Yoast SEO plugin v27.4 - https:\/\/yoast.com\/product\/yoast-seo-wordpress\/ -->\n<title>Urgente: C\u00e2mara convoca vereadores e vice para posse ap\u00f3s afastamento de Paula da Pindoba por corrup\u00e7\u00e3o - NOT\u00cdCIAS EM TEMPO REAL<\/title>\n<meta name=\"robots\" content=\"index, follow, max-snippet:-1, max-image-preview:large, max-video-preview:-1\" \/>\n<link rel=\"canonical\" href=\"https:\/\/maranhaotv.com.br\/index.php\/2024\/06\/02\/urgente-camara-convoca-vereadores-e-vice-para-posse-apos-afastamento-de-paula-da-pindoba-por-corrupcao\/\" \/>\n<meta property=\"og:locale\" content=\"pt_BR\" \/>\n<meta property=\"og:type\" content=\"article\" \/>\n<meta property=\"og:title\" content=\"Urgente: C\u00e2mara convoca vereadores e vice para posse ap\u00f3s afastamento de Paula da Pindoba por corrup\u00e7\u00e3o - NOT\u00cdCIAS EM TEMPO REAL\" \/>\n<meta property=\"og:description\" content=\"A Mesa Diretora da C\u00e2mara Municipal de Pa\u00e7o do Lumiar convocou urgentemente os vereadores e o vice-prefeito Inaldo Pereira para\" \/>\n<meta property=\"og:url\" content=\"https:\/\/maranhaotv.com.br\/index.php\/2024\/06\/02\/urgente-camara-convoca-vereadores-e-vice-para-posse-apos-afastamento-de-paula-da-pindoba-por-corrupcao\/\" \/>\n<meta property=\"og:site_name\" content=\"NOT\u00cdCIAS EM TEMPO REAL\" \/>\n<meta property=\"article:publisher\" content=\"https:\/\/www.facebook.com\/maiobaotv\" \/>\n<meta property=\"article:published_time\" content=\"2024-06-02T20:30:57+00:00\" \/>\n<meta property=\"article:modified_time\" content=\"2024-06-03T19:10:02+00:00\" \/>\n<meta property=\"og:image\" content=\"https:\/\/maranhaotv.com.br\/wp-content\/uploads\/2024\/06\/IMG-20240602-WA0293.jpg\" \/>\n\t<meta property=\"og:image:width\" content=\"1600\" \/>\n\t<meta property=\"og:image:height\" content=\"1280\" \/>\n\t<meta property=\"og:image:type\" content=\"image\/jpeg\" \/>\n<meta name=\"author\" content=\"maranhaotv\" \/>\n<meta name=\"twitter:card\" content=\"summary_large_image\" \/>\n<meta name=\"twitter:creator\" content=\"@sitemaranhaotv\" \/>\n<meta name=\"twitter:site\" content=\"@sitemaranhaotv\" \/>\n<meta name=\"twitter:label1\" content=\"Escrito por\" \/>\n\t<meta name=\"twitter:data1\" content=\"maranhaotv\" \/>\n\t<meta name=\"twitter:label2\" content=\"Est. tempo de leitura\" \/>\n\t<meta name=\"twitter:data2\" content=\"2 minutos\" \/>\n<script type=\"application\/ld+json\" class=\"yoast-schema-graph\">{\"@context\":\"https:\\\/\\\/schema.org\",\"@graph\":[{\"@type\":\"Article\",\"@id\":\"https:\\\/\\\/maranhaotv.com.br\\\/index.php\\\/2024\\\/06\\\/02\\\/urgente-camara-convoca-vereadores-e-vice-para-posse-apos-afastamento-de-paula-da-pindoba-por-corrupcao\\\/#article\",\"isPartOf\":{\"@id\":\"https:\\\/\\\/maranhaotv.com.br\\\/index.php\\\/2024\\\/06\\\/02\\\/urgente-camara-convoca-vereadores-e-vice-para-posse-apos-afastamento-de-paula-da-pindoba-por-corrupcao\\\/\"},\"author\":{\"name\":\"maranhaotv\",\"@id\":\"https:\\\/\\\/maranhaotv.com.br\\\/#\\\/schema\\\/person\\\/3d54238e86b20bb5c89ab2fdb8f8829a\"},\"headline\":\"Urgente: C\u00e2mara convoca vereadores e vice para posse ap\u00f3s afastamento de Paula da Pindoba por corrup\u00e7\u00e3o\",\"datePublished\":\"2024-06-02T20:30:57+00:00\",\"dateModified\":\"2024-06-03T19:10:02+00:00\",\"mainEntityOfPage\":{\"@id\":\"https:\\\/\\\/maranhaotv.com.br\\\/index.php\\\/2024\\\/06\\\/02\\\/urgente-camara-convoca-vereadores-e-vice-para-posse-apos-afastamento-de-paula-da-pindoba-por-corrupcao\\\/\"},\"wordCount\":248,\"commentCount\":0,\"publisher\":{\"@id\":\"https:\\\/\\\/maranhaotv.com.br\\\/#organization\"},\"image\":{\"@id\":\"https:\\\/\\\/maranhaotv.com.br\\\/index.php\\\/2024\\\/06\\\/02\\\/urgente-camara-convoca-vereadores-e-vice-para-posse-apos-afastamento-de-paula-da-pindoba-por-corrupcao\\\/#primaryimage\"},\"thumbnailUrl\":\"https:\\\/\\\/maranhaotv.com.br\\\/wp-content\\\/uploads\\\/2024\\\/06\\\/IMG-20240602-WA0293.jpg\",\"keywords\":[\"C\u00e2mara de Vereadores de Pa\u00e7o do Lumiar\"],\"articleSection\":[\"pol\u00edtica\"],\"inLanguage\":\"pt-BR\",\"potentialAction\":[{\"@type\":\"CommentAction\",\"name\":\"Comment\",\"target\":[\"https:\\\/\\\/maranhaotv.com.br\\\/index.php\\\/2024\\\/06\\\/02\\\/urgente-camara-convoca-vereadores-e-vice-para-posse-apos-afastamento-de-paula-da-pindoba-por-corrupcao\\\/#respond\"]}]},{\"@type\":\"WebPage\",\"@id\":\"https:\\\/\\\/maranhaotv.com.br\\\/index.php\\\/2024\\\/06\\\/02\\\/urgente-camara-convoca-vereadores-e-vice-para-posse-apos-afastamento-de-paula-da-pindoba-por-corrupcao\\\/\",\"url\":\"https:\\\/\\\/maranhaotv.com.br\\\/index.php\\\/2024\\\/06\\\/02\\\/urgente-camara-convoca-vereadores-e-vice-para-posse-apos-afastamento-de-paula-da-pindoba-por-corrupcao\\\/\",\"name\":\"Urgente: C\u00e2mara convoca vereadores e vice para posse ap\u00f3s afastamento de Paula da Pindoba por corrup\u00e7\u00e3o - NOT\u00cdCIAS EM TEMPO REAL\",\"isPartOf\":{\"@id\":\"https:\\\/\\\/maranhaotv.com.br\\\/#website\"},\"primaryImageOfPage\":{\"@id\":\"https:\\\/\\\/maranhaotv.com.br\\\/index.php\\\/2024\\\/06\\\/02\\\/urgente-camara-convoca-vereadores-e-vice-para-posse-apos-afastamento-de-paula-da-pindoba-por-corrupcao\\\/#primaryimage\"},\"image\":{\"@id\":\"https:\\\/\\\/maranhaotv.com.br\\\/index.php\\\/2024\\\/06\\\/02\\\/urgente-camara-convoca-vereadores-e-vice-para-posse-apos-afastamento-de-paula-da-pindoba-por-corrupcao\\\/#primaryimage\"},\"thumbnailUrl\":\"https:\\\/\\\/maranhaotv.com.br\\\/wp-content\\\/uploads\\\/2024\\\/06\\\/IMG-20240602-WA0293.jpg\",\"datePublished\":\"2024-06-02T20:30:57+00:00\",\"dateModified\":\"2024-06-03T19:10:02+00:00\",\"breadcrumb\":{\"@id\":\"https:\\\/\\\/maranhaotv.com.br\\\/index.php\\\/2024\\\/06\\\/02\\\/urgente-camara-convoca-vereadores-e-vice-para-posse-apos-afastamento-de-paula-da-pindoba-por-corrupcao\\\/#breadcrumb\"},\"inLanguage\":\"pt-BR\",\"potentialAction\":[{\"@type\":\"ReadAction\",\"target\":[\"https:\\\/\\\/maranhaotv.com.br\\\/index.php\\\/2024\\\/06\\\/02\\\/urgente-camara-convoca-vereadores-e-vice-para-posse-apos-afastamento-de-paula-da-pindoba-por-corrupcao\\\/\"]}]},{\"@type\":\"ImageObject\",\"inLanguage\":\"pt-BR\",\"@id\":\"https:\\\/\\\/maranhaotv.com.br\\\/index.php\\\/2024\\\/06\\\/02\\\/urgente-camara-convoca-vereadores-e-vice-para-posse-apos-afastamento-de-paula-da-pindoba-por-corrupcao\\\/#primaryimage\",\"url\":\"https:\\\/\\\/maranhaotv.com.br\\\/wp-content\\\/uploads\\\/2024\\\/06\\\/IMG-20240602-WA0293.jpg\",\"contentUrl\":\"https:\\\/\\\/maranhaotv.com.br\\\/wp-content\\\/uploads\\\/2024\\\/06\\\/IMG-20240602-WA0293.jpg\",\"width\":1600,\"height\":1280},{\"@type\":\"BreadcrumbList\",\"@id\":\"https:\\\/\\\/maranhaotv.com.br\\\/index.php\\\/2024\\\/06\\\/02\\\/urgente-camara-convoca-vereadores-e-vice-para-posse-apos-afastamento-de-paula-da-pindoba-por-corrupcao\\\/#breadcrumb\",\"itemListElement\":[{\"@type\":\"ListItem\",\"position\":1,\"name\":\"In\u00edcio\",\"item\":\"https:\\\/\\\/maranhaotv.com.br\\\/\"},{\"@type\":\"ListItem\",\"position\":2,\"name\":\"Urgente: C\u00e2mara convoca vereadores e vice para posse ap\u00f3s afastamento de Paula da Pindoba por corrup\u00e7\u00e3o\"}]},{\"@type\":\"WebSite\",\"@id\":\"https:\\\/\\\/maranhaotv.com.br\\\/#website\",\"url\":\"https:\\\/\\\/maranhaotv.com.br\\\/\",\"name\":\"Maranh\u00e3oTV\",\"description\":\"\",\"publisher\":{\"@id\":\"https:\\\/\\\/maranhaotv.com.br\\\/#organization\"},\"potentialAction\":[{\"@type\":\"SearchAction\",\"target\":{\"@type\":\"EntryPoint\",\"urlTemplate\":\"https:\\\/\\\/maranhaotv.com.br\\\/?s={search_term_string}\"},\"query-input\":{\"@type\":\"PropertyValueSpecification\",\"valueRequired\":true,\"valueName\":\"search_term_string\"}}],\"inLanguage\":\"pt-BR\"},{\"@type\":\"Organization\",\"@id\":\"https:\\\/\\\/maranhaotv.com.br\\\/#organization\",\"name\":\"Portal de Not\u00edcias\",\"url\":\"https:\\\/\\\/maranhaotv.com.br\\\/\",\"logo\":{\"@type\":\"ImageObject\",\"inLanguage\":\"pt-BR\",\"@id\":\"https:\\\/\\\/maranhaotv.com.br\\\/#\\\/schema\\\/logo\\\/image\\\/\",\"url\":\"https:\\\/\\\/maranhaotv.com.br\\\/wp-content\\\/uploads\\\/2024\\\/05\\\/cropped-cropped-avatar-1.png\",\"contentUrl\":\"https:\\\/\\\/maranhaotv.com.br\\\/wp-content\\\/uploads\\\/2024\\\/05\\\/cropped-cropped-avatar-1.png\",\"width\":792,\"height\":428,\"caption\":\"Portal de Not\u00edcias\"},\"image\":{\"@id\":\"https:\\\/\\\/maranhaotv.com.br\\\/#\\\/schema\\\/logo\\\/image\\\/\"},\"sameAs\":[\"https:\\\/\\\/www.facebook.com\\\/maiobaotv\",\"https:\\\/\\\/x.com\\\/sitemaranhaotv\",\"https:\\\/\\\/www.instagram.com\\\/maranhao.tv\",\"https:\\\/\\\/www.threads.net\\\/@maranhao.tv\"]},{\"@type\":\"Person\",\"@id\":\"https:\\\/\\\/maranhaotv.com.br\\\/#\\\/schema\\\/person\\\/3d54238e86b20bb5c89ab2fdb8f8829a\",\"name\":\"maranhaotv\",\"image\":{\"@type\":\"ImageObject\",\"inLanguage\":\"pt-BR\",\"@id\":\"https:\\\/\\\/secure.gravatar.com\\\/avatar\\\/8fadbca458d4cb68b1dd399ae9a40618d747bb1af65ac9fad21c89220a143eb4?s=96&d=mm&r=g\",\"url\":\"https:\\\/\\\/secure.gravatar.com\\\/avatar\\\/8fadbca458d4cb68b1dd399ae9a40618d747bb1af65ac9fad21c89220a143eb4?s=96&d=mm&r=g\",\"contentUrl\":\"https:\\\/\\\/secure.gravatar.com\\\/avatar\\\/8fadbca458d4cb68b1dd399ae9a40618d747bb1af65ac9fad21c89220a143eb4?s=96&d=mm&r=g\",\"caption\":\"maranhaotv\"},\"sameAs\":[\"https:\\\/\\\/maranhaotv.com.br\\\/\"],\"url\":\"https:\\\/\\\/maranhaotv.com.br\\\/index.php\\\/author\\\/maranhaotv\\\/\"}]}<\/script>\n<!-- \/ Yoast SEO plugin. -->","yoast_head_json":{"title":"Urgente: C\u00e2mara convoca vereadores e vice para posse ap\u00f3s afastamento de Paula da Pindoba por corrup\u00e7\u00e3o - NOT\u00cdCIAS EM TEMPO REAL","robots":{"index":"index","follow":"follow","max-snippet":"max-snippet:-1","max-image-preview":"max-image-preview:large","max-video-preview":"max-video-preview:-1"},"canonical":"https:\/\/maranhaotv.com.br\/index.php\/2024\/06\/02\/urgente-camara-convoca-vereadores-e-vice-para-posse-apos-afastamento-de-paula-da-pindoba-por-corrupcao\/","og_locale":"pt_BR","og_type":"article","og_title":"Urgente: C\u00e2mara convoca vereadores e vice para posse ap\u00f3s afastamento de Paula da Pindoba por corrup\u00e7\u00e3o - NOT\u00cdCIAS EM TEMPO REAL","og_description":"A Mesa Diretora da C\u00e2mara Municipal de Pa\u00e7o do Lumiar convocou urgentemente os vereadores e o vice-prefeito Inaldo Pereira para","og_url":"https:\/\/maranhaotv.com.br\/index.php\/2024\/06\/02\/urgente-camara-convoca-vereadores-e-vice-para-posse-apos-afastamento-de-paula-da-pindoba-por-corrupcao\/","og_site_name":"NOT\u00cdCIAS EM TEMPO REAL","article_publisher":"https:\/\/www.facebook.com\/maiobaotv","article_published_time":"2024-06-02T20:30:57+00:00","article_modified_time":"2024-06-03T19:10:02+00:00","og_image":[{"width":1600,"height":1280,"url":"https:\/\/maranhaotv.com.br\/wp-content\/uploads\/2024\/06\/IMG-20240602-WA0293.jpg","type":"image\/jpeg"}],"author":"maranhaotv","twitter_card":"summary_large_image","twitter_creator":"@sitemaranhaotv","twitter_site":"@sitemaranhaotv","twitter_misc":{"Escrito por":"maranhaotv","Est. tempo de leitura":"2 minutos"},"schema":{"@context":"https:\/\/schema.org","@graph":[{"@type":"Article","@id":"https:\/\/maranhaotv.com.br\/index.php\/2024\/06\/02\/urgente-camara-convoca-vereadores-e-vice-para-posse-apos-afastamento-de-paula-da-pindoba-por-corrupcao\/#article","isPartOf":{"@id":"https:\/\/maranhaotv.com.br\/index.php\/2024\/06\/02\/urgente-camara-convoca-vereadores-e-vice-para-posse-apos-afastamento-de-paula-da-pindoba-por-corrupcao\/"},"author":{"name":"maranhaotv","@id":"https:\/\/maranhaotv.com.br\/#\/schema\/person\/3d54238e86b20bb5c89ab2fdb8f8829a"},"headline":"Urgente: C\u00e2mara convoca vereadores e vice para posse ap\u00f3s afastamento de Paula da Pindoba por corrup\u00e7\u00e3o","datePublished":"2024-06-02T20:30:57+00:00","dateModified":"2024-06-03T19:10:02+00:00","mainEntityOfPage":{"@id":"https:\/\/maranhaotv.com.br\/index.php\/2024\/06\/02\/urgente-camara-convoca-vereadores-e-vice-para-posse-apos-afastamento-de-paula-da-pindoba-por-corrupcao\/"},"wordCount":248,"commentCount":0,"publisher":{"@id":"https:\/\/maranhaotv.com.br\/#organization"},"image":{"@id":"https:\/\/maranhaotv.com.br\/index.php\/2024\/06\/02\/urgente-camara-convoca-vereadores-e-vice-para-posse-apos-afastamento-de-paula-da-pindoba-por-corrupcao\/#primaryimage"},"thumbnailUrl":"https:\/\/maranhaotv.com.br\/wp-content\/uploads\/2024\/06\/IMG-20240602-WA0293.jpg","keywords":["C\u00e2mara de Vereadores de Pa\u00e7o do Lumiar"],"articleSection":["pol\u00edtica"],"inLanguage":"pt-BR","potentialAction":[{"@type":"CommentAction","name":"Comment","target":["https:\/\/maranhaotv.com.br\/index.php\/2024\/06\/02\/urgente-camara-convoca-vereadores-e-vice-para-posse-apos-afastamento-de-paula-da-pindoba-por-corrupcao\/#respond"]}]},{"@type":"WebPage","@id":"https:\/\/maranhaotv.com.br\/index.php\/2024\/06\/02\/urgente-camara-convoca-vereadores-e-vice-para-posse-apos-afastamento-de-paula-da-pindoba-por-corrupcao\/","url":"https:\/\/maranhaotv.com.br\/index.php\/2024\/06\/02\/urgente-camara-convoca-vereadores-e-vice-para-posse-apos-afastamento-de-paula-da-pindoba-por-corrupcao\/","name":"Urgente: C\u00e2mara convoca vereadores e vice para posse ap\u00f3s afastamento de Paula da Pindoba por corrup\u00e7\u00e3o - NOT\u00cdCIAS EM TEMPO REAL","isPartOf":{"@id":"https:\/\/maranhaotv.com.br\/#website"},"primaryImageOfPage":{"@id":"https:\/\/maranhaotv.com.br\/index.php\/2024\/06\/02\/urgente-camara-convoca-vereadores-e-vice-para-posse-apos-afastamento-de-paula-da-pindoba-por-corrupcao\/#primaryimage"},"image":{"@id":"https:\/\/maranhaotv.com.br\/index.php\/2024\/06\/02\/urgente-camara-convoca-vereadores-e-vice-para-posse-apos-afastamento-de-paula-da-pindoba-por-corrupcao\/#primaryimage"},"thumbnailUrl":"https:\/\/maranhaotv.com.br\/wp-content\/uploads\/2024\/06\/IMG-20240602-WA0293.jpg","datePublished":"2024-06-02T20:30:57+00:00","dateModified":"2024-06-03T19:10:02+00:00","breadcrumb":{"@id":"https:\/\/maranhaotv.com.br\/index.php\/2024\/06\/02\/urgente-camara-convoca-vereadores-e-vice-para-posse-apos-afastamento-de-paula-da-pindoba-por-corrupcao\/#breadcrumb"},"inLanguage":"pt-BR","potentialAction":[{"@type":"ReadAction","target":["https:\/\/maranhaotv.com.br\/index.php\/2024\/06\/02\/urgente-camara-convoca-vereadores-e-vice-para-posse-apos-afastamento-de-paula-da-pindoba-por-corrupcao\/"]}]},{"@type":"ImageObject","inLanguage":"pt-BR","@id":"https:\/\/maranhaotv.com.br\/index.php\/2024\/06\/02\/urgente-camara-convoca-vereadores-e-vice-para-posse-apos-afastamento-de-paula-da-pindoba-por-corrupcao\/#primaryimage","url":"https:\/\/maranhaotv.com.br\/wp-content\/uploads\/2024\/06\/IMG-20240602-WA0293.jpg","contentUrl":"https:\/\/maranhaotv.com.br\/wp-content\/uploads\/2024\/06\/IMG-20240602-WA0293.jpg","width":1600,"height":1280},{"@type":"BreadcrumbList","@id":"https:\/\/maranhaotv.com.br\/index.php\/2024\/06\/02\/urgente-camara-convoca-vereadores-e-vice-para-posse-apos-afastamento-de-paula-da-pindoba-por-corrupcao\/#breadcrumb","itemListElement":[{"@type":"ListItem","position":1,"name":"In\u00edcio","item":"https:\/\/maranhaotv.com.br\/"},{"@type":"ListItem","position":2,"name":"Urgente: C\u00e2mara convoca vereadores e vice para posse ap\u00f3s afastamento de Paula da Pindoba por corrup\u00e7\u00e3o"}]},{"@type":"WebSite","@id":"https:\/\/maranhaotv.com.br\/#website","url":"https:\/\/maranhaotv.com.br\/","name":"Maranh\u00e3oTV","description":"","publisher":{"@id":"https:\/\/maranhaotv.com.br\/#organization"},"potentialAction":[{"@type":"SearchAction","target":{"@type":"EntryPoint","urlTemplate":"https:\/\/maranhaotv.com.br\/?s={search_term_string}"},"query-input":{"@type":"PropertyValueSpecification","valueRequired":true,"valueName":"search_term_string"}}],"inLanguage":"pt-BR"},{"@type":"Organization","@id":"https:\/\/maranhaotv.com.br\/#organization","name":"Portal de Not\u00edcias","url":"https:\/\/maranhaotv.com.br\/","logo":{"@type":"ImageObject","inLanguage":"pt-BR","@id":"https:\/\/maranhaotv.com.br\/#\/schema\/logo\/image\/","url":"https:\/\/maranhaotv.com.br\/wp-content\/uploads\/2024\/05\/cropped-cropped-avatar-1.png","contentUrl":"https:\/\/maranhaotv.com.br\/wp-content\/uploads\/2024\/05\/cropped-cropped-avatar-1.png","width":792,"height":428,"caption":"Portal de Not\u00edcias"},"image":{"@id":"https:\/\/maranhaotv.com.br\/#\/schema\/logo\/image\/"},"sameAs":["https:\/\/www.facebook.com\/maiobaotv","https:\/\/x.com\/sitemaranhaotv","https:\/\/www.instagram.com\/maranhao.tv","https:\/\/www.threads.net\/@maranhao.tv"]},{"@type":"Person","@id":"https:\/\/maranhaotv.com.br\/#\/schema\/person\/3d54238e86b20bb5c89ab2fdb8f8829a","name":"maranhaotv","image":{"@type":"ImageObject","inLanguage":"pt-BR","@id":"https:\/\/secure.gravatar.com\/avatar\/8fadbca458d4cb68b1dd399ae9a40618d747bb1af65ac9fad21c89220a143eb4?s=96&d=mm&r=g","url":"https:\/\/secure.gravatar.com\/avatar\/8fadbca458d4cb68b1dd399ae9a40618d747bb1af65ac9fad21c89220a143eb4?s=96&d=mm&r=g","contentUrl":"https:\/\/secure.gravatar.com\/avatar\/8fadbca458d4cb68b1dd399ae9a40618d747bb1af65ac9fad21c89220a143eb4?s=96&d=mm&r=g","caption":"maranhaotv"},"sameAs":["https:\/\/maranhaotv.com.br\/"],"url":"https:\/\/maranhaotv.com.br\/index.php\/author\/maranhaotv\/"}]}},"jetpack_featured_media_url":"https:\/\/maranhaotv.com.br\/wp-content\/uploads\/2024\/06\/IMG-20240602-WA0293.jpg","jetpack_sharing_enabled":true,"_links":{"self":[{"href":"https:\/\/maranhaotv.com.br\/index.php\/wp-json\/wp\/v2\/posts\/36160","targetHints":{"allow":["GET"]}}],"collection":[{"href":"https:\/\/maranhaotv.com.br\/index.php\/wp-json\/wp\/v2\/posts"}],"about":[{"href":"https:\/\/maranhaotv.com.br\/index.php\/wp-json\/wp\/v2\/types\/post"}],"author":[{"embeddable":true,"href":"https:\/\/maranhaotv.com.br\/index.php\/wp-json\/wp\/v2\/users\/2"}],"replies":[{"embeddable":true,"href":"https:\/\/maranhaotv.com.br\/index.php\/wp-json\/wp\/v2\/comments?post=36160"}],"version-history":[{"count":2,"href":"https:\/\/maranhaotv.com.br\/index.php\/wp-json\/wp\/v2\/posts\/36160\/revisions"}],"predecessor-version":[{"id":36191,"href":"https:\/\/maranhaotv.com.br\/index.php\/wp-json\/wp\/v2\/posts\/36160\/revisions\/36191"}],"wp:featuredmedia":[{"embeddable":true,"href":"https:\/\/maranhaotv.com.br\/index.php\/wp-json\/wp\/v2\/media\/36159"}],"wp:attachment":[{"href":"https:\/\/maranhaotv.com.br\/index.php\/wp-json\/wp\/v2\/media?parent=36160"}],"wp:term":[{"taxonomy":"category","embeddable":true,"href":"https:\/\/maranhaotv.com.br\/index.php\/wp-json\/wp\/v2\/categories?post=36160"},{"taxonomy":"post_tag","embeddable":true,"href":"https:\/\/maranhaotv.com.br\/index.php\/wp-json\/wp\/v2\/tags?post=36160"}],"curies":[{"name":"wp","href":"https:\/\/api.w.org\/{rel}","templated":true}]}}