{"id":36164,"date":"2024-06-02T21:37:06","date_gmt":"2024-06-03T00:37:06","guid":{"rendered":"https:\/\/maranhaotv.com.br\/?p=36164"},"modified":"2024-06-02T21:37:06","modified_gmt":"2024-06-03T00:37:06","slug":"paco-do-lumiar-jorge-maru-oficializa-sessao-para-empossar-vice-inaldo-pereira-apos-afastamento-de-paula-da-pindoba-por-corrupcao","status":"publish","type":"post","link":"https:\/\/maranhaotv.com.br\/index.php\/2024\/06\/02\/paco-do-lumiar-jorge-maru-oficializa-sessao-para-empossar-vice-inaldo-pereira-apos-afastamento-de-paula-da-pindoba-por-corrupcao\/","title":{"rendered":"Pa\u00e7o do Lumiar: Jorge Maru oficializa sess\u00e3o para empossar vice Inaldo Pereira ap\u00f3s afastamento de Paula da Pindoba por corrup\u00e7\u00e3o"},"content":{"rendered":"\n<p><br><br>A decis\u00e3o de Jorge Maru foi comunicada oficialmente nesta semana, marcando um ponto crucial na turbulenta situa\u00e7\u00e3o pol\u00edtica do munic\u00edpio. Paula da Pindoba, que vinha enfrentando den\u00fancias e investiga\u00e7\u00f5es h\u00e1 meses, foi finalmente afastada do cargo por ordem judicial. As acusa\u00e7\u00f5es contra a prefeita incluem desvio de verbas p\u00fablicas e favorecimento il\u00edcito, o que gerou grande repercuss\u00e3o e descontentamento entre os moradores de Pa\u00e7o do Lumiar.<br><br>Veja o texto do comunicado:<br><br>Prezados Vereadores desta Casa de Leis,<br>Venho, por meio desta, COMUNICAR que, considerando a decis\u00e3o proferida pela Desembargadora Maria da Gra\u00e7a Peres Soares Amorim (Vide ID n 36225796) nos autos do processo no 0811387-86.2024.8.10.0000, que determinou o afastamento da Prefeita Municipal de Pa\u00e7o do Lumiar, bem como determinou \u00e0 esta Presid\u00eancia o prazo de 24 (vinte e quatro) horas para cumprimento e considerando a reda\u00e7\u00e3o do art. 132 do Regimento Interno desta Casa de Leis, que determina a anteced\u00eancia m\u00ednima de 24 (vinte quatro) horas para a convoca\u00e7\u00e3o de Sess\u00e3o Extraordin\u00e1ria, se faz necess\u00e1ria a realiza\u00e7\u00e3o de uma Sess\u00e3o Solene para a efetiva\u00e7\u00e3o do Ato Solene de Posse do Vice-Prefeito, o Sr. Inaldo Alves Pereira.<br>Assim, venho COMUNICAR que a referida Sess\u00e3o Solene ser\u00e1 realizada no dia 03 de junho de 2024, \u00e0s 09:30, no recinto do Plen\u00e1rio Joaquim Aroso, da C\u00e2mara Municipal de Pa\u00e7o do Lumiar.<\/p>\n\n\n\n<figure class=\"wp-block-image size-large\"><img loading=\"lazy\" decoding=\"async\" width=\"741\" height=\"1024\" src=\"https:\/\/maranhaotv.com.br\/wp-content\/uploads\/2024\/06\/img-20240602-wa09326647028517106325198-741x1024.jpg\" alt=\"\" class=\"wp-image-36162\" srcset=\"https:\/\/maranhaotv.com.br\/wp-content\/uploads\/2024\/06\/img-20240602-wa09326647028517106325198-741x1024.jpg 741w, https:\/\/maranhaotv.com.br\/wp-content\/uploads\/2024\/06\/img-20240602-wa09326647028517106325198-217x300.jpg 217w, https:\/\/maranhaotv.com.br\/wp-content\/uploads\/2024\/06\/img-20240602-wa09326647028517106325198-768x1062.jpg 768w, https:\/\/maranhaotv.com.br\/wp-content\/uploads\/2024\/06\/img-20240602-wa09326647028517106325198-640x885.jpg 640w, https:\/\/maranhaotv.com.br\/wp-content\/uploads\/2024\/06\/img-20240602-wa09326647028517106325198.jpg 926w\" sizes=\"auto, (max-width: 741px) 100vw, 741px\" \/><\/figure>\n","protected":false},"excerpt":{"rendered":"<p>A decis\u00e3o de Jorge Maru foi comunicada oficialmente nesta semana, marcando um ponto crucial na turbulenta situa\u00e7\u00e3o pol\u00edtica do munic\u00edpio.<\/p>\n","protected":false},"author":2,"featured_media":36163,"comment_status":"open","ping_status":"open","sticky":false,"template":"","format":"standard","meta":{"colormag_page_container_layout":"default_layout","colormag_page_sidebar_layout":"default_layout","_jetpack_memberships_contains_paid_content":false,"footnotes":""},"categories":[2],"tags":[],"class_list":["post-36164","post","type-post","status-publish","format-standard","has-post-thumbnail","hentry","category-noticias"],"magazineBlocksPostFeaturedMedia":{"thumbnail":"https:\/\/maranhaotv.com.br\/wp-content\/uploads\/2024\/06\/IMG-20240602-WA0936-150x150.jpg","medium":"https:\/\/maranhaotv.com.br\/wp-content\/uploads\/2024\/06\/IMG-20240602-WA0936-300x157.jpg","medium_large":"https:\/\/maranhaotv.com.br\/wp-content\/uploads\/2024\/06\/IMG-20240602-WA0936.jpg","large":"https:\/\/maranhaotv.com.br\/wp-content\/uploads\/2024\/06\/IMG-20240602-WA0936.jpg","1536x1536":"https:\/\/maranhaotv.com.br\/wp-content\/uploads\/2024\/06\/IMG-20240602-WA0936.jpg","2048x2048":"https:\/\/maranhaotv.com.br\/wp-content\/uploads\/2024\/06\/IMG-20240602-WA0936.jpg","colormag-highlighted-post":"https:\/\/maranhaotv.com.br\/wp-content\/uploads\/2024\/06\/IMG-20240602-WA0936-392x272.jpg","colormag-featured-post-medium":"https:\/\/maranhaotv.com.br\/wp-content\/uploads\/2024\/06\/IMG-20240602-WA0936-390x205.jpg","colormag-featured-post-small":"https:\/\/maranhaotv.com.br\/wp-content\/uploads\/2024\/06\/IMG-20240602-WA0936-130x90.jpg","colormag-featured-image":"https:\/\/maranhaotv.com.br\/wp-content\/uploads\/2024\/06\/IMG-20240602-WA0936.jpg","colormag-default-news":"https:\/\/maranhaotv.com.br\/wp-content\/uploads\/2024\/06\/IMG-20240602-WA0936-150x150.jpg","colormag-featured-image-large":"https:\/\/maranhaotv.com.br\/wp-content\/uploads\/2024\/06\/IMG-20240602-WA0936.jpg"},"magazineBlocksPostAuthor":{"name":"maranhaotv","avatar":"https:\/\/secure.gravatar.com\/avatar\/8fadbca458d4cb68b1dd399ae9a40618d747bb1af65ac9fad21c89220a143eb4?s=96&d=mm&r=g"},"magazineBlocksPostCommentsNumber":"0","magazineBlocksPostExcerpt":"A decis\u00e3o de Jorge Maru foi comunicada oficialmente nesta semana, marcando um ponto crucial na turbulenta situa\u00e7\u00e3o pol\u00edtica do munic\u00edpio.","magazineBlocksPostCategories":["not\u00edcias"],"magazineBlocksPostViewCount":206,"magazineBlocksPostReadTime":2,"magazine_blocks_featured_image_url":{"full":["https:\/\/maranhaotv.com.br\/wp-content\/uploads\/2024\/06\/IMG-20240602-WA0936.jpg",764,401,false],"medium":["https:\/\/maranhaotv.com.br\/wp-content\/uploads\/2024\/06\/IMG-20240602-WA0936-300x157.jpg",300,157,true],"thumbnail":["https:\/\/maranhaotv.com.br\/wp-content\/uploads\/2024\/06\/IMG-20240602-WA0936-150x150.jpg",150,150,true]},"magazine_blocks_author":{"display_name":"maranhaotv","author_link":"https:\/\/maranhaotv.com.br\/index.php\/author\/maranhaotv\/"},"magazine_blocks_comment":0,"magazine_blocks_author_image":"https:\/\/secure.gravatar.com\/avatar\/8fadbca458d4cb68b1dd399ae9a40618d747bb1af65ac9fad21c89220a143eb4?s=96&d=mm&r=g","magazine_blocks_category":"<a href=\"#\" class=\"category-link category-link-2\">not\u00edcias<\/a>","yoast_head":"<!-- This site is optimized with the Yoast SEO plugin v27.4 - https:\/\/yoast.com\/product\/yoast-seo-wordpress\/ -->\n<title>Pa\u00e7o do Lumiar: Jorge Maru oficializa sess\u00e3o para empossar vice Inaldo Pereira ap\u00f3s afastamento de Paula da Pindoba por corrup\u00e7\u00e3o - NOT\u00cdCIAS EM TEMPO REAL<\/title>\n<meta name=\"robots\" content=\"index, follow, max-snippet:-1, max-image-preview:large, max-video-preview:-1\" \/>\n<link rel=\"canonical\" href=\"https:\/\/maranhaotv.com.br\/index.php\/2024\/06\/02\/paco-do-lumiar-jorge-maru-oficializa-sessao-para-empossar-vice-inaldo-pereira-apos-afastamento-de-paula-da-pindoba-por-corrupcao\/\" \/>\n<meta property=\"og:locale\" content=\"pt_BR\" \/>\n<meta property=\"og:type\" content=\"article\" \/>\n<meta property=\"og:title\" content=\"Pa\u00e7o do Lumiar: Jorge Maru oficializa sess\u00e3o para empossar vice Inaldo Pereira ap\u00f3s afastamento de Paula da Pindoba por corrup\u00e7\u00e3o - NOT\u00cdCIAS EM TEMPO REAL\" \/>\n<meta property=\"og:description\" content=\"A decis\u00e3o de Jorge Maru foi comunicada oficialmente nesta semana, marcando um ponto crucial na turbulenta situa\u00e7\u00e3o pol\u00edtica do munic\u00edpio.\" \/>\n<meta property=\"og:url\" content=\"https:\/\/maranhaotv.com.br\/index.php\/2024\/06\/02\/paco-do-lumiar-jorge-maru-oficializa-sessao-para-empossar-vice-inaldo-pereira-apos-afastamento-de-paula-da-pindoba-por-corrupcao\/\" \/>\n<meta property=\"og:site_name\" content=\"NOT\u00cdCIAS EM TEMPO REAL\" \/>\n<meta property=\"article:publisher\" content=\"https:\/\/www.facebook.com\/maiobaotv\" \/>\n<meta property=\"article:published_time\" content=\"2024-06-03T00:37:06+00:00\" \/>\n<meta property=\"og:image\" content=\"https:\/\/maranhaotv.com.br\/wp-content\/uploads\/2024\/06\/IMG-20240602-WA0936.jpg\" \/>\n\t<meta property=\"og:image:width\" content=\"764\" \/>\n\t<meta property=\"og:image:height\" content=\"401\" \/>\n\t<meta property=\"og:image:type\" content=\"image\/jpeg\" \/>\n<meta name=\"author\" content=\"maranhaotv\" \/>\n<meta name=\"twitter:card\" content=\"summary_large_image\" \/>\n<meta name=\"twitter:creator\" content=\"@sitemaranhaotv\" \/>\n<meta name=\"twitter:site\" content=\"@sitemaranhaotv\" \/>\n<meta name=\"twitter:label1\" content=\"Escrito por\" \/>\n\t<meta name=\"twitter:data1\" content=\"maranhaotv\" \/>\n\t<meta name=\"twitter:label2\" content=\"Est. tempo de leitura\" \/>\n\t<meta name=\"twitter:data2\" content=\"1 minuto\" \/>\n<script type=\"application\/ld+json\" class=\"yoast-schema-graph\">{\"@context\":\"https:\\\/\\\/schema.org\",\"@graph\":[{\"@type\":\"Article\",\"@id\":\"https:\\\/\\\/maranhaotv.com.br\\\/index.php\\\/2024\\\/06\\\/02\\\/paco-do-lumiar-jorge-maru-oficializa-sessao-para-empossar-vice-inaldo-pereira-apos-afastamento-de-paula-da-pindoba-por-corrupcao\\\/#article\",\"isPartOf\":{\"@id\":\"https:\\\/\\\/maranhaotv.com.br\\\/index.php\\\/2024\\\/06\\\/02\\\/paco-do-lumiar-jorge-maru-oficializa-sessao-para-empossar-vice-inaldo-pereira-apos-afastamento-de-paula-da-pindoba-por-corrupcao\\\/\"},\"author\":{\"name\":\"maranhaotv\",\"@id\":\"https:\\\/\\\/maranhaotv.com.br\\\/#\\\/schema\\\/person\\\/3d54238e86b20bb5c89ab2fdb8f8829a\"},\"headline\":\"Pa\u00e7o do Lumiar: Jorge Maru oficializa sess\u00e3o para empossar vice Inaldo Pereira ap\u00f3s afastamento de Paula da Pindoba por corrup\u00e7\u00e3o\",\"datePublished\":\"2024-06-03T00:37:06+00:00\",\"mainEntityOfPage\":{\"@id\":\"https:\\\/\\\/maranhaotv.com.br\\\/index.php\\\/2024\\\/06\\\/02\\\/paco-do-lumiar-jorge-maru-oficializa-sessao-para-empossar-vice-inaldo-pereira-apos-afastamento-de-paula-da-pindoba-por-corrupcao\\\/\"},\"wordCount\":263,\"commentCount\":0,\"publisher\":{\"@id\":\"https:\\\/\\\/maranhaotv.com.br\\\/#organization\"},\"image\":{\"@id\":\"https:\\\/\\\/maranhaotv.com.br\\\/index.php\\\/2024\\\/06\\\/02\\\/paco-do-lumiar-jorge-maru-oficializa-sessao-para-empossar-vice-inaldo-pereira-apos-afastamento-de-paula-da-pindoba-por-corrupcao\\\/#primaryimage\"},\"thumbnailUrl\":\"https:\\\/\\\/maranhaotv.com.br\\\/wp-content\\\/uploads\\\/2024\\\/06\\\/IMG-20240602-WA0936.jpg\",\"articleSection\":[\"not\u00edcias\"],\"inLanguage\":\"pt-BR\",\"potentialAction\":[{\"@type\":\"CommentAction\",\"name\":\"Comment\",\"target\":[\"https:\\\/\\\/maranhaotv.com.br\\\/index.php\\\/2024\\\/06\\\/02\\\/paco-do-lumiar-jorge-maru-oficializa-sessao-para-empossar-vice-inaldo-pereira-apos-afastamento-de-paula-da-pindoba-por-corrupcao\\\/#respond\"]}]},{\"@type\":\"WebPage\",\"@id\":\"https:\\\/\\\/maranhaotv.com.br\\\/index.php\\\/2024\\\/06\\\/02\\\/paco-do-lumiar-jorge-maru-oficializa-sessao-para-empossar-vice-inaldo-pereira-apos-afastamento-de-paula-da-pindoba-por-corrupcao\\\/\",\"url\":\"https:\\\/\\\/maranhaotv.com.br\\\/index.php\\\/2024\\\/06\\\/02\\\/paco-do-lumiar-jorge-maru-oficializa-sessao-para-empossar-vice-inaldo-pereira-apos-afastamento-de-paula-da-pindoba-por-corrupcao\\\/\",\"name\":\"Pa\u00e7o do Lumiar: Jorge Maru oficializa sess\u00e3o para empossar vice Inaldo Pereira ap\u00f3s afastamento de Paula da Pindoba por corrup\u00e7\u00e3o - NOT\u00cdCIAS EM TEMPO REAL\",\"isPartOf\":{\"@id\":\"https:\\\/\\\/maranhaotv.com.br\\\/#website\"},\"primaryImageOfPage\":{\"@id\":\"https:\\\/\\\/maranhaotv.com.br\\\/index.php\\\/2024\\\/06\\\/02\\\/paco-do-lumiar-jorge-maru-oficializa-sessao-para-empossar-vice-inaldo-pereira-apos-afastamento-de-paula-da-pindoba-por-corrupcao\\\/#primaryimage\"},\"image\":{\"@id\":\"https:\\\/\\\/maranhaotv.com.br\\\/index.php\\\/2024\\\/06\\\/02\\\/paco-do-lumiar-jorge-maru-oficializa-sessao-para-empossar-vice-inaldo-pereira-apos-afastamento-de-paula-da-pindoba-por-corrupcao\\\/#primaryimage\"},\"thumbnailUrl\":\"https:\\\/\\\/maranhaotv.com.br\\\/wp-content\\\/uploads\\\/2024\\\/06\\\/IMG-20240602-WA0936.jpg\",\"datePublished\":\"2024-06-03T00:37:06+00:00\",\"breadcrumb\":{\"@id\":\"https:\\\/\\\/maranhaotv.com.br\\\/index.php\\\/2024\\\/06\\\/02\\\/paco-do-lumiar-jorge-maru-oficializa-sessao-para-empossar-vice-inaldo-pereira-apos-afastamento-de-paula-da-pindoba-por-corrupcao\\\/#breadcrumb\"},\"inLanguage\":\"pt-BR\",\"potentialAction\":[{\"@type\":\"ReadAction\",\"target\":[\"https:\\\/\\\/maranhaotv.com.br\\\/index.php\\\/2024\\\/06\\\/02\\\/paco-do-lumiar-jorge-maru-oficializa-sessao-para-empossar-vice-inaldo-pereira-apos-afastamento-de-paula-da-pindoba-por-corrupcao\\\/\"]}]},{\"@type\":\"ImageObject\",\"inLanguage\":\"pt-BR\",\"@id\":\"https:\\\/\\\/maranhaotv.com.br\\\/index.php\\\/2024\\\/06\\\/02\\\/paco-do-lumiar-jorge-maru-oficializa-sessao-para-empossar-vice-inaldo-pereira-apos-afastamento-de-paula-da-pindoba-por-corrupcao\\\/#primaryimage\",\"url\":\"https:\\\/\\\/maranhaotv.com.br\\\/wp-content\\\/uploads\\\/2024\\\/06\\\/IMG-20240602-WA0936.jpg\",\"contentUrl\":\"https:\\\/\\\/maranhaotv.com.br\\\/wp-content\\\/uploads\\\/2024\\\/06\\\/IMG-20240602-WA0936.jpg\",\"width\":764,\"height\":401},{\"@type\":\"BreadcrumbList\",\"@id\":\"https:\\\/\\\/maranhaotv.com.br\\\/index.php\\\/2024\\\/06\\\/02\\\/paco-do-lumiar-jorge-maru-oficializa-sessao-para-empossar-vice-inaldo-pereira-apos-afastamento-de-paula-da-pindoba-por-corrupcao\\\/#breadcrumb\",\"itemListElement\":[{\"@type\":\"ListItem\",\"position\":1,\"name\":\"In\u00edcio\",\"item\":\"https:\\\/\\\/maranhaotv.com.br\\\/\"},{\"@type\":\"ListItem\",\"position\":2,\"name\":\"Pa\u00e7o do Lumiar: Jorge Maru oficializa sess\u00e3o para empossar vice Inaldo Pereira ap\u00f3s afastamento de Paula da Pindoba por corrup\u00e7\u00e3o\"}]},{\"@type\":\"WebSite\",\"@id\":\"https:\\\/\\\/maranhaotv.com.br\\\/#website\",\"url\":\"https:\\\/\\\/maranhaotv.com.br\\\/\",\"name\":\"Maranh\u00e3oTV\",\"description\":\"\",\"publisher\":{\"@id\":\"https:\\\/\\\/maranhaotv.com.br\\\/#organization\"},\"potentialAction\":[{\"@type\":\"SearchAction\",\"target\":{\"@type\":\"EntryPoint\",\"urlTemplate\":\"https:\\\/\\\/maranhaotv.com.br\\\/?s={search_term_string}\"},\"query-input\":{\"@type\":\"PropertyValueSpecification\",\"valueRequired\":true,\"valueName\":\"search_term_string\"}}],\"inLanguage\":\"pt-BR\"},{\"@type\":\"Organization\",\"@id\":\"https:\\\/\\\/maranhaotv.com.br\\\/#organization\",\"name\":\"Portal de Not\u00edcias\",\"url\":\"https:\\\/\\\/maranhaotv.com.br\\\/\",\"logo\":{\"@type\":\"ImageObject\",\"inLanguage\":\"pt-BR\",\"@id\":\"https:\\\/\\\/maranhaotv.com.br\\\/#\\\/schema\\\/logo\\\/image\\\/\",\"url\":\"https:\\\/\\\/maranhaotv.com.br\\\/wp-content\\\/uploads\\\/2024\\\/05\\\/cropped-cropped-avatar-1.png\",\"contentUrl\":\"https:\\\/\\\/maranhaotv.com.br\\\/wp-content\\\/uploads\\\/2024\\\/05\\\/cropped-cropped-avatar-1.png\",\"width\":792,\"height\":428,\"caption\":\"Portal de Not\u00edcias\"},\"image\":{\"@id\":\"https:\\\/\\\/maranhaotv.com.br\\\/#\\\/schema\\\/logo\\\/image\\\/\"},\"sameAs\":[\"https:\\\/\\\/www.facebook.com\\\/maiobaotv\",\"https:\\\/\\\/x.com\\\/sitemaranhaotv\",\"https:\\\/\\\/www.instagram.com\\\/maranhao.tv\",\"https:\\\/\\\/www.threads.net\\\/@maranhao.tv\"]},{\"@type\":\"Person\",\"@id\":\"https:\\\/\\\/maranhaotv.com.br\\\/#\\\/schema\\\/person\\\/3d54238e86b20bb5c89ab2fdb8f8829a\",\"name\":\"maranhaotv\",\"image\":{\"@type\":\"ImageObject\",\"inLanguage\":\"pt-BR\",\"@id\":\"https:\\\/\\\/secure.gravatar.com\\\/avatar\\\/8fadbca458d4cb68b1dd399ae9a40618d747bb1af65ac9fad21c89220a143eb4?s=96&d=mm&r=g\",\"url\":\"https:\\\/\\\/secure.gravatar.com\\\/avatar\\\/8fadbca458d4cb68b1dd399ae9a40618d747bb1af65ac9fad21c89220a143eb4?s=96&d=mm&r=g\",\"contentUrl\":\"https:\\\/\\\/secure.gravatar.com\\\/avatar\\\/8fadbca458d4cb68b1dd399ae9a40618d747bb1af65ac9fad21c89220a143eb4?s=96&d=mm&r=g\",\"caption\":\"maranhaotv\"},\"sameAs\":[\"https:\\\/\\\/maranhaotv.com.br\\\/\"],\"url\":\"https:\\\/\\\/maranhaotv.com.br\\\/index.php\\\/author\\\/maranhaotv\\\/\"}]}<\/script>\n<!-- \/ Yoast SEO plugin. -->","yoast_head_json":{"title":"Pa\u00e7o do Lumiar: Jorge Maru oficializa sess\u00e3o para empossar vice Inaldo Pereira ap\u00f3s afastamento de Paula da Pindoba por corrup\u00e7\u00e3o - NOT\u00cdCIAS EM TEMPO REAL","robots":{"index":"index","follow":"follow","max-snippet":"max-snippet:-1","max-image-preview":"max-image-preview:large","max-video-preview":"max-video-preview:-1"},"canonical":"https:\/\/maranhaotv.com.br\/index.php\/2024\/06\/02\/paco-do-lumiar-jorge-maru-oficializa-sessao-para-empossar-vice-inaldo-pereira-apos-afastamento-de-paula-da-pindoba-por-corrupcao\/","og_locale":"pt_BR","og_type":"article","og_title":"Pa\u00e7o do Lumiar: Jorge Maru oficializa sess\u00e3o para empossar vice Inaldo Pereira ap\u00f3s afastamento de Paula da Pindoba por corrup\u00e7\u00e3o - NOT\u00cdCIAS EM TEMPO REAL","og_description":"A decis\u00e3o de Jorge Maru foi comunicada oficialmente nesta semana, marcando um ponto crucial na turbulenta situa\u00e7\u00e3o pol\u00edtica do munic\u00edpio.","og_url":"https:\/\/maranhaotv.com.br\/index.php\/2024\/06\/02\/paco-do-lumiar-jorge-maru-oficializa-sessao-para-empossar-vice-inaldo-pereira-apos-afastamento-de-paula-da-pindoba-por-corrupcao\/","og_site_name":"NOT\u00cdCIAS EM TEMPO REAL","article_publisher":"https:\/\/www.facebook.com\/maiobaotv","article_published_time":"2024-06-03T00:37:06+00:00","og_image":[{"width":764,"height":401,"url":"https:\/\/maranhaotv.com.br\/wp-content\/uploads\/2024\/06\/IMG-20240602-WA0936.jpg","type":"image\/jpeg"}],"author":"maranhaotv","twitter_card":"summary_large_image","twitter_creator":"@sitemaranhaotv","twitter_site":"@sitemaranhaotv","twitter_misc":{"Escrito por":"maranhaotv","Est. tempo de leitura":"1 minuto"},"schema":{"@context":"https:\/\/schema.org","@graph":[{"@type":"Article","@id":"https:\/\/maranhaotv.com.br\/index.php\/2024\/06\/02\/paco-do-lumiar-jorge-maru-oficializa-sessao-para-empossar-vice-inaldo-pereira-apos-afastamento-de-paula-da-pindoba-por-corrupcao\/#article","isPartOf":{"@id":"https:\/\/maranhaotv.com.br\/index.php\/2024\/06\/02\/paco-do-lumiar-jorge-maru-oficializa-sessao-para-empossar-vice-inaldo-pereira-apos-afastamento-de-paula-da-pindoba-por-corrupcao\/"},"author":{"name":"maranhaotv","@id":"https:\/\/maranhaotv.com.br\/#\/schema\/person\/3d54238e86b20bb5c89ab2fdb8f8829a"},"headline":"Pa\u00e7o do Lumiar: Jorge Maru oficializa sess\u00e3o para empossar vice Inaldo Pereira ap\u00f3s afastamento de Paula da Pindoba por corrup\u00e7\u00e3o","datePublished":"2024-06-03T00:37:06+00:00","mainEntityOfPage":{"@id":"https:\/\/maranhaotv.com.br\/index.php\/2024\/06\/02\/paco-do-lumiar-jorge-maru-oficializa-sessao-para-empossar-vice-inaldo-pereira-apos-afastamento-de-paula-da-pindoba-por-corrupcao\/"},"wordCount":263,"commentCount":0,"publisher":{"@id":"https:\/\/maranhaotv.com.br\/#organization"},"image":{"@id":"https:\/\/maranhaotv.com.br\/index.php\/2024\/06\/02\/paco-do-lumiar-jorge-maru-oficializa-sessao-para-empossar-vice-inaldo-pereira-apos-afastamento-de-paula-da-pindoba-por-corrupcao\/#primaryimage"},"thumbnailUrl":"https:\/\/maranhaotv.com.br\/wp-content\/uploads\/2024\/06\/IMG-20240602-WA0936.jpg","articleSection":["not\u00edcias"],"inLanguage":"pt-BR","potentialAction":[{"@type":"CommentAction","name":"Comment","target":["https:\/\/maranhaotv.com.br\/index.php\/2024\/06\/02\/paco-do-lumiar-jorge-maru-oficializa-sessao-para-empossar-vice-inaldo-pereira-apos-afastamento-de-paula-da-pindoba-por-corrupcao\/#respond"]}]},{"@type":"WebPage","@id":"https:\/\/maranhaotv.com.br\/index.php\/2024\/06\/02\/paco-do-lumiar-jorge-maru-oficializa-sessao-para-empossar-vice-inaldo-pereira-apos-afastamento-de-paula-da-pindoba-por-corrupcao\/","url":"https:\/\/maranhaotv.com.br\/index.php\/2024\/06\/02\/paco-do-lumiar-jorge-maru-oficializa-sessao-para-empossar-vice-inaldo-pereira-apos-afastamento-de-paula-da-pindoba-por-corrupcao\/","name":"Pa\u00e7o do Lumiar: Jorge Maru oficializa sess\u00e3o para empossar vice Inaldo Pereira ap\u00f3s afastamento de Paula da Pindoba por corrup\u00e7\u00e3o - NOT\u00cdCIAS EM TEMPO REAL","isPartOf":{"@id":"https:\/\/maranhaotv.com.br\/#website"},"primaryImageOfPage":{"@id":"https:\/\/maranhaotv.com.br\/index.php\/2024\/06\/02\/paco-do-lumiar-jorge-maru-oficializa-sessao-para-empossar-vice-inaldo-pereira-apos-afastamento-de-paula-da-pindoba-por-corrupcao\/#primaryimage"},"image":{"@id":"https:\/\/maranhaotv.com.br\/index.php\/2024\/06\/02\/paco-do-lumiar-jorge-maru-oficializa-sessao-para-empossar-vice-inaldo-pereira-apos-afastamento-de-paula-da-pindoba-por-corrupcao\/#primaryimage"},"thumbnailUrl":"https:\/\/maranhaotv.com.br\/wp-content\/uploads\/2024\/06\/IMG-20240602-WA0936.jpg","datePublished":"2024-06-03T00:37:06+00:00","breadcrumb":{"@id":"https:\/\/maranhaotv.com.br\/index.php\/2024\/06\/02\/paco-do-lumiar-jorge-maru-oficializa-sessao-para-empossar-vice-inaldo-pereira-apos-afastamento-de-paula-da-pindoba-por-corrupcao\/#breadcrumb"},"inLanguage":"pt-BR","potentialAction":[{"@type":"ReadAction","target":["https:\/\/maranhaotv.com.br\/index.php\/2024\/06\/02\/paco-do-lumiar-jorge-maru-oficializa-sessao-para-empossar-vice-inaldo-pereira-apos-afastamento-de-paula-da-pindoba-por-corrupcao\/"]}]},{"@type":"ImageObject","inLanguage":"pt-BR","@id":"https:\/\/maranhaotv.com.br\/index.php\/2024\/06\/02\/paco-do-lumiar-jorge-maru-oficializa-sessao-para-empossar-vice-inaldo-pereira-apos-afastamento-de-paula-da-pindoba-por-corrupcao\/#primaryimage","url":"https:\/\/maranhaotv.com.br\/wp-content\/uploads\/2024\/06\/IMG-20240602-WA0936.jpg","contentUrl":"https:\/\/maranhaotv.com.br\/wp-content\/uploads\/2024\/06\/IMG-20240602-WA0936.jpg","width":764,"height":401},{"@type":"BreadcrumbList","@id":"https:\/\/maranhaotv.com.br\/index.php\/2024\/06\/02\/paco-do-lumiar-jorge-maru-oficializa-sessao-para-empossar-vice-inaldo-pereira-apos-afastamento-de-paula-da-pindoba-por-corrupcao\/#breadcrumb","itemListElement":[{"@type":"ListItem","position":1,"name":"In\u00edcio","item":"https:\/\/maranhaotv.com.br\/"},{"@type":"ListItem","position":2,"name":"Pa\u00e7o do Lumiar: Jorge Maru oficializa sess\u00e3o para empossar vice Inaldo Pereira ap\u00f3s afastamento de Paula da Pindoba por corrup\u00e7\u00e3o"}]},{"@type":"WebSite","@id":"https:\/\/maranhaotv.com.br\/#website","url":"https:\/\/maranhaotv.com.br\/","name":"Maranh\u00e3oTV","description":"","publisher":{"@id":"https:\/\/maranhaotv.com.br\/#organization"},"potentialAction":[{"@type":"SearchAction","target":{"@type":"EntryPoint","urlTemplate":"https:\/\/maranhaotv.com.br\/?s={search_term_string}"},"query-input":{"@type":"PropertyValueSpecification","valueRequired":true,"valueName":"search_term_string"}}],"inLanguage":"pt-BR"},{"@type":"Organization","@id":"https:\/\/maranhaotv.com.br\/#organization","name":"Portal de Not\u00edcias","url":"https:\/\/maranhaotv.com.br\/","logo":{"@type":"ImageObject","inLanguage":"pt-BR","@id":"https:\/\/maranhaotv.com.br\/#\/schema\/logo\/image\/","url":"https:\/\/maranhaotv.com.br\/wp-content\/uploads\/2024\/05\/cropped-cropped-avatar-1.png","contentUrl":"https:\/\/maranhaotv.com.br\/wp-content\/uploads\/2024\/05\/cropped-cropped-avatar-1.png","width":792,"height":428,"caption":"Portal de Not\u00edcias"},"image":{"@id":"https:\/\/maranhaotv.com.br\/#\/schema\/logo\/image\/"},"sameAs":["https:\/\/www.facebook.com\/maiobaotv","https:\/\/x.com\/sitemaranhaotv","https:\/\/www.instagram.com\/maranhao.tv","https:\/\/www.threads.net\/@maranhao.tv"]},{"@type":"Person","@id":"https:\/\/maranhaotv.com.br\/#\/schema\/person\/3d54238e86b20bb5c89ab2fdb8f8829a","name":"maranhaotv","image":{"@type":"ImageObject","inLanguage":"pt-BR","@id":"https:\/\/secure.gravatar.com\/avatar\/8fadbca458d4cb68b1dd399ae9a40618d747bb1af65ac9fad21c89220a143eb4?s=96&d=mm&r=g","url":"https:\/\/secure.gravatar.com\/avatar\/8fadbca458d4cb68b1dd399ae9a40618d747bb1af65ac9fad21c89220a143eb4?s=96&d=mm&r=g","contentUrl":"https:\/\/secure.gravatar.com\/avatar\/8fadbca458d4cb68b1dd399ae9a40618d747bb1af65ac9fad21c89220a143eb4?s=96&d=mm&r=g","caption":"maranhaotv"},"sameAs":["https:\/\/maranhaotv.com.br\/"],"url":"https:\/\/maranhaotv.com.br\/index.php\/author\/maranhaotv\/"}]}},"jetpack_featured_media_url":"https:\/\/maranhaotv.com.br\/wp-content\/uploads\/2024\/06\/IMG-20240602-WA0936.jpg","jetpack_sharing_enabled":true,"_links":{"self":[{"href":"https:\/\/maranhaotv.com.br\/index.php\/wp-json\/wp\/v2\/posts\/36164","targetHints":{"allow":["GET"]}}],"collection":[{"href":"https:\/\/maranhaotv.com.br\/index.php\/wp-json\/wp\/v2\/posts"}],"about":[{"href":"https:\/\/maranhaotv.com.br\/index.php\/wp-json\/wp\/v2\/types\/post"}],"author":[{"embeddable":true,"href":"https:\/\/maranhaotv.com.br\/index.php\/wp-json\/wp\/v2\/users\/2"}],"replies":[{"embeddable":true,"href":"https:\/\/maranhaotv.com.br\/index.php\/wp-json\/wp\/v2\/comments?post=36164"}],"version-history":[{"count":1,"href":"https:\/\/maranhaotv.com.br\/index.php\/wp-json\/wp\/v2\/posts\/36164\/revisions"}],"predecessor-version":[{"id":36165,"href":"https:\/\/maranhaotv.com.br\/index.php\/wp-json\/wp\/v2\/posts\/36164\/revisions\/36165"}],"wp:featuredmedia":[{"embeddable":true,"href":"https:\/\/maranhaotv.com.br\/index.php\/wp-json\/wp\/v2\/media\/36163"}],"wp:attachment":[{"href":"https:\/\/maranhaotv.com.br\/index.php\/wp-json\/wp\/v2\/media?parent=36164"}],"wp:term":[{"taxonomy":"category","embeddable":true,"href":"https:\/\/maranhaotv.com.br\/index.php\/wp-json\/wp\/v2\/categories?post=36164"},{"taxonomy":"post_tag","embeddable":true,"href":"https:\/\/maranhaotv.com.br\/index.php\/wp-json\/wp\/v2\/tags?post=36164"}],"curies":[{"name":"wp","href":"https:\/\/api.w.org\/{rel}","templated":true}]}}