{"id":36189,"date":"2024-06-03T16:05:38","date_gmt":"2024-06-03T19:05:38","guid":{"rendered":"https:\/\/maranhaotv.com.br\/?p=36189"},"modified":"2024-06-03T16:12:16","modified_gmt":"2024-06-03T19:12:16","slug":"real-madrid-anuncia-a-contratacao-de-kylian-mbappe","status":"publish","type":"post","link":"https:\/\/maranhaotv.com.br\/index.php\/2024\/06\/03\/real-madrid-anuncia-a-contratacao-de-kylian-mbappe\/","title":{"rendered":"Real Madrid anuncia a contrata\u00e7\u00e3o de Kylian Mbapp\u00e9"},"content":{"rendered":"\n<p>O atacante franc\u00eas Kylian Mbapp\u00e9 assinar\u00e1 contrato por cinco anos com o Real Madrid ap\u00f3s o t\u00e9rmino do seu contrato com o Paris Saint-Germain, segundo an\u00fancio do clube espanhol nesta segunda-feira, encerrando uma novela de mercado que se arrastou por anos antes do campe\u00e3o europeu conseguir contratar seu mais novo &#8220;Galactico&#8221;.<\/p>\n\n\n\n<p>&#8220;O Real Madrid e Kylian Mbapp\u00e9 chegaram a um acordo pelo qual ele ser\u00e1 jogador do Real Madrid pelas pr\u00f3ximas cinco temporadas&#8221;, disse o campe\u00e3o espanhol em um comunicado, pouco depois de conquistar seu 15\u00ba t\u00edtulo da Liga dos Campe\u00f5es.<\/p>\n\n\n\n<p>O capit\u00e3o da sele\u00e7\u00e3o francesa de 25 anos anunciou que deixaria o Paris Saint-Germain em um v\u00eddeo publicado na plataforma de redes sociais X em 10 de maio.<\/p>\n\n\n\n<p>Mbapp\u00e9 chegar\u00e1 ao Real Madrid em julho, ap\u00f3s seu contrato com o PSG expirar em 30 de junho, mas ser\u00e1 apresentado antes de se juntar \u00e0 sele\u00e7\u00e3o francesa para a Eurocopa da Alemanha.<\/p>\n\n\n\n<p>Mbapp\u00e9 integrar\u00e1 um time estrelado do Real Madrid, com nomes como os favoritos \u00e0 Bola de Ouro, Vinicius Junior e Jude Bellingham, e liderado por Carlo Ancelotti &#8212; t\u00e9cnico mais vitorioso da hist\u00f3ria da Liga dos Campe\u00f5es, com cinco t\u00edtulos.<\/p>\n\n\n\n<p>Embora Mbapp\u00e9 tenha conquistado v\u00e1rios trof\u00e9us no PSG, muitas vezes completando dobradinhas e tr\u00edplices coroas nacionais, nunca venceu a Liga dos Campe\u00f5es, o \u00fanico grande t\u00edtulo que falta em seu brilhante curr\u00edculo.<\/p>\n\n\n\n<p>Mbapp\u00e9 deixa o PSG ap\u00f3s sete anos no clube em que venceu seis edi\u00e7\u00f5es do Campeonato Franc\u00eas e quatro da Copa da Fran\u00e7a. Encerra sua carreira no clube da capital francesa como o maior artilheiro da hist\u00f3ria do clube, com 256 gols.<\/p>\n","protected":false},"excerpt":{"rendered":"<p>O atacante franc\u00eas Kylian Mbapp\u00e9 assinar\u00e1 contrato por cinco anos com o Real Madrid ap\u00f3s o t\u00e9rmino do seu contrato<\/p>\n","protected":false},"author":2,"featured_media":36186,"comment_status":"open","ping_status":"open","sticky":false,"template":"","format":"standard","meta":{"colormag_page_container_layout":"default_layout","colormag_page_sidebar_layout":"default_layout","_jetpack_memberships_contains_paid_content":false,"footnotes":""},"categories":[14,2],"tags":[],"class_list":["post-36189","post","type-post","status-publish","format-standard","has-post-thumbnail","hentry","category-esportes","category-noticias"],"magazineBlocksPostFeaturedMedia":{"thumbnail":"https:\/\/maranhaotv.com.br\/wp-content\/uploads\/2024\/06\/fca-150x150.jpg","medium":"https:\/\/maranhaotv.com.br\/wp-content\/uploads\/2024\/06\/fca-300x166.jpg","medium_large":"https:\/\/maranhaotv.com.br\/wp-content\/uploads\/2024\/06\/fca.jpg","large":"https:\/\/maranhaotv.com.br\/wp-content\/uploads\/2024\/06\/fca.jpg","1536x1536":"https:\/\/maranhaotv.com.br\/wp-content\/uploads\/2024\/06\/fca.jpg","2048x2048":"https:\/\/maranhaotv.com.br\/wp-content\/uploads\/2024\/06\/fca.jpg","colormag-highlighted-post":"https:\/\/maranhaotv.com.br\/wp-content\/uploads\/2024\/06\/fca-392x272.jpg","colormag-featured-post-medium":"https:\/\/maranhaotv.com.br\/wp-content\/uploads\/2024\/06\/fca-390x205.jpg","colormag-featured-post-small":"https:\/\/maranhaotv.com.br\/wp-content\/uploads\/2024\/06\/fca-130x90.jpg","colormag-featured-image":"https:\/\/maranhaotv.com.br\/wp-content\/uploads\/2024\/06\/fca.jpg","colormag-default-news":"https:\/\/maranhaotv.com.br\/wp-content\/uploads\/2024\/06\/fca-150x150.jpg","colormag-featured-image-large":"https:\/\/maranhaotv.com.br\/wp-content\/uploads\/2024\/06\/fca.jpg"},"magazineBlocksPostAuthor":{"name":"maranhaotv","avatar":"https:\/\/secure.gravatar.com\/avatar\/8fadbca458d4cb68b1dd399ae9a40618d747bb1af65ac9fad21c89220a143eb4?s=96&d=mm&r=g"},"magazineBlocksPostCommentsNumber":"0","magazineBlocksPostExcerpt":"O atacante franc\u00eas Kylian Mbapp\u00e9 assinar\u00e1 contrato por cinco anos com o Real Madrid ap\u00f3s o t\u00e9rmino do seu contrato","magazineBlocksPostCategories":["esportes","not\u00edcias"],"magazineBlocksPostViewCount":225,"magazineBlocksPostReadTime":2,"magazine_blocks_featured_image_url":{"full":["https:\/\/maranhaotv.com.br\/wp-content\/uploads\/2024\/06\/fca.jpg",745,411,false],"medium":["https:\/\/maranhaotv.com.br\/wp-content\/uploads\/2024\/06\/fca-300x166.jpg",300,166,true],"thumbnail":["https:\/\/maranhaotv.com.br\/wp-content\/uploads\/2024\/06\/fca-150x150.jpg",150,150,true]},"magazine_blocks_author":{"display_name":"maranhaotv","author_link":"https:\/\/maranhaotv.com.br\/index.php\/author\/maranhaotv\/"},"magazine_blocks_comment":0,"magazine_blocks_author_image":"https:\/\/secure.gravatar.com\/avatar\/8fadbca458d4cb68b1dd399ae9a40618d747bb1af65ac9fad21c89220a143eb4?s=96&d=mm&r=g","magazine_blocks_category":"<a href=\"#\" class=\"category-link category-link-14\">esportes<\/a> <a href=\"#\" class=\"category-link category-link-2\">not\u00edcias<\/a>","yoast_head":"<!-- This site is optimized with the Yoast SEO plugin v27.4 - https:\/\/yoast.com\/product\/yoast-seo-wordpress\/ -->\n<title>Real Madrid anuncia a contrata\u00e7\u00e3o de Kylian Mbapp\u00e9 - NOT\u00cdCIAS EM TEMPO REAL<\/title>\n<meta name=\"robots\" content=\"index, follow, max-snippet:-1, max-image-preview:large, max-video-preview:-1\" \/>\n<link rel=\"canonical\" href=\"https:\/\/maranhaotv.com.br\/index.php\/2024\/06\/03\/real-madrid-anuncia-a-contratacao-de-kylian-mbappe\/\" \/>\n<meta property=\"og:locale\" content=\"pt_BR\" \/>\n<meta property=\"og:type\" content=\"article\" \/>\n<meta property=\"og:title\" content=\"Real Madrid anuncia a contrata\u00e7\u00e3o de Kylian Mbapp\u00e9 - NOT\u00cdCIAS EM TEMPO REAL\" \/>\n<meta property=\"og:description\" content=\"O atacante franc\u00eas Kylian Mbapp\u00e9 assinar\u00e1 contrato por cinco anos com o Real Madrid ap\u00f3s o t\u00e9rmino do seu contrato\" \/>\n<meta property=\"og:url\" content=\"https:\/\/maranhaotv.com.br\/index.php\/2024\/06\/03\/real-madrid-anuncia-a-contratacao-de-kylian-mbappe\/\" \/>\n<meta property=\"og:site_name\" content=\"NOT\u00cdCIAS EM TEMPO REAL\" \/>\n<meta property=\"article:publisher\" content=\"https:\/\/www.facebook.com\/maiobaotv\" \/>\n<meta property=\"article:published_time\" content=\"2024-06-03T19:05:38+00:00\" \/>\n<meta property=\"article:modified_time\" content=\"2024-06-03T19:12:16+00:00\" \/>\n<meta property=\"og:image\" content=\"https:\/\/maranhaotv.com.br\/wp-content\/uploads\/2024\/06\/fca.jpg\" \/>\n\t<meta property=\"og:image:width\" content=\"745\" \/>\n\t<meta property=\"og:image:height\" content=\"411\" \/>\n\t<meta property=\"og:image:type\" content=\"image\/jpeg\" \/>\n<meta name=\"author\" content=\"maranhaotv\" \/>\n<meta name=\"twitter:card\" content=\"summary_large_image\" \/>\n<meta name=\"twitter:creator\" content=\"@sitemaranhaotv\" \/>\n<meta name=\"twitter:site\" content=\"@sitemaranhaotv\" \/>\n<meta name=\"twitter:label1\" content=\"Escrito por\" \/>\n\t<meta name=\"twitter:data1\" content=\"maranhaotv\" \/>\n\t<meta name=\"twitter:label2\" content=\"Est. tempo de leitura\" \/>\n\t<meta name=\"twitter:data2\" content=\"2 minutos\" \/>\n<script type=\"application\/ld+json\" class=\"yoast-schema-graph\">{\"@context\":\"https:\\\/\\\/schema.org\",\"@graph\":[{\"@type\":\"Article\",\"@id\":\"https:\\\/\\\/maranhaotv.com.br\\\/index.php\\\/2024\\\/06\\\/03\\\/real-madrid-anuncia-a-contratacao-de-kylian-mbappe\\\/#article\",\"isPartOf\":{\"@id\":\"https:\\\/\\\/maranhaotv.com.br\\\/index.php\\\/2024\\\/06\\\/03\\\/real-madrid-anuncia-a-contratacao-de-kylian-mbappe\\\/\"},\"author\":{\"name\":\"maranhaotv\",\"@id\":\"https:\\\/\\\/maranhaotv.com.br\\\/#\\\/schema\\\/person\\\/3d54238e86b20bb5c89ab2fdb8f8829a\"},\"headline\":\"Real Madrid anuncia a contrata\u00e7\u00e3o de Kylian Mbapp\u00e9\",\"datePublished\":\"2024-06-03T19:05:38+00:00\",\"dateModified\":\"2024-06-03T19:12:16+00:00\",\"mainEntityOfPage\":{\"@id\":\"https:\\\/\\\/maranhaotv.com.br\\\/index.php\\\/2024\\\/06\\\/03\\\/real-madrid-anuncia-a-contratacao-de-kylian-mbappe\\\/\"},\"wordCount\":297,\"commentCount\":0,\"publisher\":{\"@id\":\"https:\\\/\\\/maranhaotv.com.br\\\/#organization\"},\"image\":{\"@id\":\"https:\\\/\\\/maranhaotv.com.br\\\/index.php\\\/2024\\\/06\\\/03\\\/real-madrid-anuncia-a-contratacao-de-kylian-mbappe\\\/#primaryimage\"},\"thumbnailUrl\":\"https:\\\/\\\/maranhaotv.com.br\\\/wp-content\\\/uploads\\\/2024\\\/06\\\/fca.jpg\",\"articleSection\":[\"esportes\",\"not\u00edcias\"],\"inLanguage\":\"pt-BR\",\"potentialAction\":[{\"@type\":\"CommentAction\",\"name\":\"Comment\",\"target\":[\"https:\\\/\\\/maranhaotv.com.br\\\/index.php\\\/2024\\\/06\\\/03\\\/real-madrid-anuncia-a-contratacao-de-kylian-mbappe\\\/#respond\"]}]},{\"@type\":\"WebPage\",\"@id\":\"https:\\\/\\\/maranhaotv.com.br\\\/index.php\\\/2024\\\/06\\\/03\\\/real-madrid-anuncia-a-contratacao-de-kylian-mbappe\\\/\",\"url\":\"https:\\\/\\\/maranhaotv.com.br\\\/index.php\\\/2024\\\/06\\\/03\\\/real-madrid-anuncia-a-contratacao-de-kylian-mbappe\\\/\",\"name\":\"Real Madrid anuncia a contrata\u00e7\u00e3o de Kylian Mbapp\u00e9 - NOT\u00cdCIAS EM TEMPO REAL\",\"isPartOf\":{\"@id\":\"https:\\\/\\\/maranhaotv.com.br\\\/#website\"},\"primaryImageOfPage\":{\"@id\":\"https:\\\/\\\/maranhaotv.com.br\\\/index.php\\\/2024\\\/06\\\/03\\\/real-madrid-anuncia-a-contratacao-de-kylian-mbappe\\\/#primaryimage\"},\"image\":{\"@id\":\"https:\\\/\\\/maranhaotv.com.br\\\/index.php\\\/2024\\\/06\\\/03\\\/real-madrid-anuncia-a-contratacao-de-kylian-mbappe\\\/#primaryimage\"},\"thumbnailUrl\":\"https:\\\/\\\/maranhaotv.com.br\\\/wp-content\\\/uploads\\\/2024\\\/06\\\/fca.jpg\",\"datePublished\":\"2024-06-03T19:05:38+00:00\",\"dateModified\":\"2024-06-03T19:12:16+00:00\",\"breadcrumb\":{\"@id\":\"https:\\\/\\\/maranhaotv.com.br\\\/index.php\\\/2024\\\/06\\\/03\\\/real-madrid-anuncia-a-contratacao-de-kylian-mbappe\\\/#breadcrumb\"},\"inLanguage\":\"pt-BR\",\"potentialAction\":[{\"@type\":\"ReadAction\",\"target\":[\"https:\\\/\\\/maranhaotv.com.br\\\/index.php\\\/2024\\\/06\\\/03\\\/real-madrid-anuncia-a-contratacao-de-kylian-mbappe\\\/\"]}]},{\"@type\":\"ImageObject\",\"inLanguage\":\"pt-BR\",\"@id\":\"https:\\\/\\\/maranhaotv.com.br\\\/index.php\\\/2024\\\/06\\\/03\\\/real-madrid-anuncia-a-contratacao-de-kylian-mbappe\\\/#primaryimage\",\"url\":\"https:\\\/\\\/maranhaotv.com.br\\\/wp-content\\\/uploads\\\/2024\\\/06\\\/fca.jpg\",\"contentUrl\":\"https:\\\/\\\/maranhaotv.com.br\\\/wp-content\\\/uploads\\\/2024\\\/06\\\/fca.jpg\",\"width\":745,\"height\":411},{\"@type\":\"BreadcrumbList\",\"@id\":\"https:\\\/\\\/maranhaotv.com.br\\\/index.php\\\/2024\\\/06\\\/03\\\/real-madrid-anuncia-a-contratacao-de-kylian-mbappe\\\/#breadcrumb\",\"itemListElement\":[{\"@type\":\"ListItem\",\"position\":1,\"name\":\"In\u00edcio\",\"item\":\"https:\\\/\\\/maranhaotv.com.br\\\/\"},{\"@type\":\"ListItem\",\"position\":2,\"name\":\"Real Madrid anuncia a contrata\u00e7\u00e3o de Kylian Mbapp\u00e9\"}]},{\"@type\":\"WebSite\",\"@id\":\"https:\\\/\\\/maranhaotv.com.br\\\/#website\",\"url\":\"https:\\\/\\\/maranhaotv.com.br\\\/\",\"name\":\"Maranh\u00e3oTV\",\"description\":\"\",\"publisher\":{\"@id\":\"https:\\\/\\\/maranhaotv.com.br\\\/#organization\"},\"potentialAction\":[{\"@type\":\"SearchAction\",\"target\":{\"@type\":\"EntryPoint\",\"urlTemplate\":\"https:\\\/\\\/maranhaotv.com.br\\\/?s={search_term_string}\"},\"query-input\":{\"@type\":\"PropertyValueSpecification\",\"valueRequired\":true,\"valueName\":\"search_term_string\"}}],\"inLanguage\":\"pt-BR\"},{\"@type\":\"Organization\",\"@id\":\"https:\\\/\\\/maranhaotv.com.br\\\/#organization\",\"name\":\"Portal de Not\u00edcias\",\"url\":\"https:\\\/\\\/maranhaotv.com.br\\\/\",\"logo\":{\"@type\":\"ImageObject\",\"inLanguage\":\"pt-BR\",\"@id\":\"https:\\\/\\\/maranhaotv.com.br\\\/#\\\/schema\\\/logo\\\/image\\\/\",\"url\":\"https:\\\/\\\/maranhaotv.com.br\\\/wp-content\\\/uploads\\\/2024\\\/05\\\/cropped-cropped-avatar-1.png\",\"contentUrl\":\"https:\\\/\\\/maranhaotv.com.br\\\/wp-content\\\/uploads\\\/2024\\\/05\\\/cropped-cropped-avatar-1.png\",\"width\":792,\"height\":428,\"caption\":\"Portal de Not\u00edcias\"},\"image\":{\"@id\":\"https:\\\/\\\/maranhaotv.com.br\\\/#\\\/schema\\\/logo\\\/image\\\/\"},\"sameAs\":[\"https:\\\/\\\/www.facebook.com\\\/maiobaotv\",\"https:\\\/\\\/x.com\\\/sitemaranhaotv\",\"https:\\\/\\\/www.instagram.com\\\/maranhao.tv\",\"https:\\\/\\\/www.threads.net\\\/@maranhao.tv\"]},{\"@type\":\"Person\",\"@id\":\"https:\\\/\\\/maranhaotv.com.br\\\/#\\\/schema\\\/person\\\/3d54238e86b20bb5c89ab2fdb8f8829a\",\"name\":\"maranhaotv\",\"image\":{\"@type\":\"ImageObject\",\"inLanguage\":\"pt-BR\",\"@id\":\"https:\\\/\\\/secure.gravatar.com\\\/avatar\\\/8fadbca458d4cb68b1dd399ae9a40618d747bb1af65ac9fad21c89220a143eb4?s=96&d=mm&r=g\",\"url\":\"https:\\\/\\\/secure.gravatar.com\\\/avatar\\\/8fadbca458d4cb68b1dd399ae9a40618d747bb1af65ac9fad21c89220a143eb4?s=96&d=mm&r=g\",\"contentUrl\":\"https:\\\/\\\/secure.gravatar.com\\\/avatar\\\/8fadbca458d4cb68b1dd399ae9a40618d747bb1af65ac9fad21c89220a143eb4?s=96&d=mm&r=g\",\"caption\":\"maranhaotv\"},\"sameAs\":[\"https:\\\/\\\/maranhaotv.com.br\\\/\"],\"url\":\"https:\\\/\\\/maranhaotv.com.br\\\/index.php\\\/author\\\/maranhaotv\\\/\"}]}<\/script>\n<!-- \/ Yoast SEO plugin. -->","yoast_head_json":{"title":"Real Madrid anuncia a contrata\u00e7\u00e3o de Kylian Mbapp\u00e9 - NOT\u00cdCIAS EM TEMPO REAL","robots":{"index":"index","follow":"follow","max-snippet":"max-snippet:-1","max-image-preview":"max-image-preview:large","max-video-preview":"max-video-preview:-1"},"canonical":"https:\/\/maranhaotv.com.br\/index.php\/2024\/06\/03\/real-madrid-anuncia-a-contratacao-de-kylian-mbappe\/","og_locale":"pt_BR","og_type":"article","og_title":"Real Madrid anuncia a contrata\u00e7\u00e3o de Kylian Mbapp\u00e9 - NOT\u00cdCIAS EM TEMPO REAL","og_description":"O atacante franc\u00eas Kylian Mbapp\u00e9 assinar\u00e1 contrato por cinco anos com o Real Madrid ap\u00f3s o t\u00e9rmino do seu contrato","og_url":"https:\/\/maranhaotv.com.br\/index.php\/2024\/06\/03\/real-madrid-anuncia-a-contratacao-de-kylian-mbappe\/","og_site_name":"NOT\u00cdCIAS EM TEMPO REAL","article_publisher":"https:\/\/www.facebook.com\/maiobaotv","article_published_time":"2024-06-03T19:05:38+00:00","article_modified_time":"2024-06-03T19:12:16+00:00","og_image":[{"width":745,"height":411,"url":"https:\/\/maranhaotv.com.br\/wp-content\/uploads\/2024\/06\/fca.jpg","type":"image\/jpeg"}],"author":"maranhaotv","twitter_card":"summary_large_image","twitter_creator":"@sitemaranhaotv","twitter_site":"@sitemaranhaotv","twitter_misc":{"Escrito por":"maranhaotv","Est. tempo de leitura":"2 minutos"},"schema":{"@context":"https:\/\/schema.org","@graph":[{"@type":"Article","@id":"https:\/\/maranhaotv.com.br\/index.php\/2024\/06\/03\/real-madrid-anuncia-a-contratacao-de-kylian-mbappe\/#article","isPartOf":{"@id":"https:\/\/maranhaotv.com.br\/index.php\/2024\/06\/03\/real-madrid-anuncia-a-contratacao-de-kylian-mbappe\/"},"author":{"name":"maranhaotv","@id":"https:\/\/maranhaotv.com.br\/#\/schema\/person\/3d54238e86b20bb5c89ab2fdb8f8829a"},"headline":"Real Madrid anuncia a contrata\u00e7\u00e3o de Kylian Mbapp\u00e9","datePublished":"2024-06-03T19:05:38+00:00","dateModified":"2024-06-03T19:12:16+00:00","mainEntityOfPage":{"@id":"https:\/\/maranhaotv.com.br\/index.php\/2024\/06\/03\/real-madrid-anuncia-a-contratacao-de-kylian-mbappe\/"},"wordCount":297,"commentCount":0,"publisher":{"@id":"https:\/\/maranhaotv.com.br\/#organization"},"image":{"@id":"https:\/\/maranhaotv.com.br\/index.php\/2024\/06\/03\/real-madrid-anuncia-a-contratacao-de-kylian-mbappe\/#primaryimage"},"thumbnailUrl":"https:\/\/maranhaotv.com.br\/wp-content\/uploads\/2024\/06\/fca.jpg","articleSection":["esportes","not\u00edcias"],"inLanguage":"pt-BR","potentialAction":[{"@type":"CommentAction","name":"Comment","target":["https:\/\/maranhaotv.com.br\/index.php\/2024\/06\/03\/real-madrid-anuncia-a-contratacao-de-kylian-mbappe\/#respond"]}]},{"@type":"WebPage","@id":"https:\/\/maranhaotv.com.br\/index.php\/2024\/06\/03\/real-madrid-anuncia-a-contratacao-de-kylian-mbappe\/","url":"https:\/\/maranhaotv.com.br\/index.php\/2024\/06\/03\/real-madrid-anuncia-a-contratacao-de-kylian-mbappe\/","name":"Real Madrid anuncia a contrata\u00e7\u00e3o de Kylian Mbapp\u00e9 - NOT\u00cdCIAS EM TEMPO REAL","isPartOf":{"@id":"https:\/\/maranhaotv.com.br\/#website"},"primaryImageOfPage":{"@id":"https:\/\/maranhaotv.com.br\/index.php\/2024\/06\/03\/real-madrid-anuncia-a-contratacao-de-kylian-mbappe\/#primaryimage"},"image":{"@id":"https:\/\/maranhaotv.com.br\/index.php\/2024\/06\/03\/real-madrid-anuncia-a-contratacao-de-kylian-mbappe\/#primaryimage"},"thumbnailUrl":"https:\/\/maranhaotv.com.br\/wp-content\/uploads\/2024\/06\/fca.jpg","datePublished":"2024-06-03T19:05:38+00:00","dateModified":"2024-06-03T19:12:16+00:00","breadcrumb":{"@id":"https:\/\/maranhaotv.com.br\/index.php\/2024\/06\/03\/real-madrid-anuncia-a-contratacao-de-kylian-mbappe\/#breadcrumb"},"inLanguage":"pt-BR","potentialAction":[{"@type":"ReadAction","target":["https:\/\/maranhaotv.com.br\/index.php\/2024\/06\/03\/real-madrid-anuncia-a-contratacao-de-kylian-mbappe\/"]}]},{"@type":"ImageObject","inLanguage":"pt-BR","@id":"https:\/\/maranhaotv.com.br\/index.php\/2024\/06\/03\/real-madrid-anuncia-a-contratacao-de-kylian-mbappe\/#primaryimage","url":"https:\/\/maranhaotv.com.br\/wp-content\/uploads\/2024\/06\/fca.jpg","contentUrl":"https:\/\/maranhaotv.com.br\/wp-content\/uploads\/2024\/06\/fca.jpg","width":745,"height":411},{"@type":"BreadcrumbList","@id":"https:\/\/maranhaotv.com.br\/index.php\/2024\/06\/03\/real-madrid-anuncia-a-contratacao-de-kylian-mbappe\/#breadcrumb","itemListElement":[{"@type":"ListItem","position":1,"name":"In\u00edcio","item":"https:\/\/maranhaotv.com.br\/"},{"@type":"ListItem","position":2,"name":"Real Madrid anuncia a contrata\u00e7\u00e3o de Kylian Mbapp\u00e9"}]},{"@type":"WebSite","@id":"https:\/\/maranhaotv.com.br\/#website","url":"https:\/\/maranhaotv.com.br\/","name":"Maranh\u00e3oTV","description":"","publisher":{"@id":"https:\/\/maranhaotv.com.br\/#organization"},"potentialAction":[{"@type":"SearchAction","target":{"@type":"EntryPoint","urlTemplate":"https:\/\/maranhaotv.com.br\/?s={search_term_string}"},"query-input":{"@type":"PropertyValueSpecification","valueRequired":true,"valueName":"search_term_string"}}],"inLanguage":"pt-BR"},{"@type":"Organization","@id":"https:\/\/maranhaotv.com.br\/#organization","name":"Portal de Not\u00edcias","url":"https:\/\/maranhaotv.com.br\/","logo":{"@type":"ImageObject","inLanguage":"pt-BR","@id":"https:\/\/maranhaotv.com.br\/#\/schema\/logo\/image\/","url":"https:\/\/maranhaotv.com.br\/wp-content\/uploads\/2024\/05\/cropped-cropped-avatar-1.png","contentUrl":"https:\/\/maranhaotv.com.br\/wp-content\/uploads\/2024\/05\/cropped-cropped-avatar-1.png","width":792,"height":428,"caption":"Portal de Not\u00edcias"},"image":{"@id":"https:\/\/maranhaotv.com.br\/#\/schema\/logo\/image\/"},"sameAs":["https:\/\/www.facebook.com\/maiobaotv","https:\/\/x.com\/sitemaranhaotv","https:\/\/www.instagram.com\/maranhao.tv","https:\/\/www.threads.net\/@maranhao.tv"]},{"@type":"Person","@id":"https:\/\/maranhaotv.com.br\/#\/schema\/person\/3d54238e86b20bb5c89ab2fdb8f8829a","name":"maranhaotv","image":{"@type":"ImageObject","inLanguage":"pt-BR","@id":"https:\/\/secure.gravatar.com\/avatar\/8fadbca458d4cb68b1dd399ae9a40618d747bb1af65ac9fad21c89220a143eb4?s=96&d=mm&r=g","url":"https:\/\/secure.gravatar.com\/avatar\/8fadbca458d4cb68b1dd399ae9a40618d747bb1af65ac9fad21c89220a143eb4?s=96&d=mm&r=g","contentUrl":"https:\/\/secure.gravatar.com\/avatar\/8fadbca458d4cb68b1dd399ae9a40618d747bb1af65ac9fad21c89220a143eb4?s=96&d=mm&r=g","caption":"maranhaotv"},"sameAs":["https:\/\/maranhaotv.com.br\/"],"url":"https:\/\/maranhaotv.com.br\/index.php\/author\/maranhaotv\/"}]}},"jetpack_featured_media_url":"https:\/\/maranhaotv.com.br\/wp-content\/uploads\/2024\/06\/fca.jpg","jetpack_sharing_enabled":true,"_links":{"self":[{"href":"https:\/\/maranhaotv.com.br\/index.php\/wp-json\/wp\/v2\/posts\/36189","targetHints":{"allow":["GET"]}}],"collection":[{"href":"https:\/\/maranhaotv.com.br\/index.php\/wp-json\/wp\/v2\/posts"}],"about":[{"href":"https:\/\/maranhaotv.com.br\/index.php\/wp-json\/wp\/v2\/types\/post"}],"author":[{"embeddable":true,"href":"https:\/\/maranhaotv.com.br\/index.php\/wp-json\/wp\/v2\/users\/2"}],"replies":[{"embeddable":true,"href":"https:\/\/maranhaotv.com.br\/index.php\/wp-json\/wp\/v2\/comments?post=36189"}],"version-history":[{"count":1,"href":"https:\/\/maranhaotv.com.br\/index.php\/wp-json\/wp\/v2\/posts\/36189\/revisions"}],"predecessor-version":[{"id":36190,"href":"https:\/\/maranhaotv.com.br\/index.php\/wp-json\/wp\/v2\/posts\/36189\/revisions\/36190"}],"wp:featuredmedia":[{"embeddable":true,"href":"https:\/\/maranhaotv.com.br\/index.php\/wp-json\/wp\/v2\/media\/36186"}],"wp:attachment":[{"href":"https:\/\/maranhaotv.com.br\/index.php\/wp-json\/wp\/v2\/media?parent=36189"}],"wp:term":[{"taxonomy":"category","embeddable":true,"href":"https:\/\/maranhaotv.com.br\/index.php\/wp-json\/wp\/v2\/categories?post=36189"},{"taxonomy":"post_tag","embeddable":true,"href":"https:\/\/maranhaotv.com.br\/index.php\/wp-json\/wp\/v2\/tags?post=36189"}],"curies":[{"name":"wp","href":"https:\/\/api.w.org\/{rel}","templated":true}]}}