{"id":36198,"date":"2024-06-04T12:47:25","date_gmt":"2024-06-04T15:47:25","guid":{"rendered":"https:\/\/maranhaotv.com.br\/?p=36198"},"modified":"2024-06-04T12:47:25","modified_gmt":"2024-06-04T15:47:25","slug":"semana-do-meio-ambiente-e-lancada-em-sao-jose-de-ribamar-com-o-tema-o-direito-de-ter-e-o-dever-de-cuidar","status":"publish","type":"post","link":"https:\/\/maranhaotv.com.br\/index.php\/2024\/06\/04\/semana-do-meio-ambiente-e-lancada-em-sao-jose-de-ribamar-com-o-tema-o-direito-de-ter-e-o-dever-de-cuidar\/","title":{"rendered":"Semana do Meio Ambiente \u00e9 lan\u00e7ada em S\u00e3o Jos\u00e9 de Ribamar com o tema O Direito de Ter e o Dever de Cuidar"},"content":{"rendered":"\n<p><br><br>A Prefeitura de S\u00e3o Jos\u00e9 de Ribamar, por meio da Secretaria Municipal de Meio Ambiente (SEMMAM), deu in\u00edcio nesta segunda-feira (3) \u00e0 Semana do Meio Ambiente com uma cerim\u00f4nia de abertura no audit\u00f3rio do Instituto Federal do Maranh\u00e3o (IFMA) de S\u00e3o Jos\u00e9 de Ribamar. Este ano, o evento aborda o tema &#8220;O Direito de Ter e o Dever de Cuidar&#8221;, com o objetivo de conscientizar a popula\u00e7\u00e3o sobre a import\u00e2ncia de proteger e preservar o meio ambiente.<br><br>Carlos Eug\u00eanio, secret\u00e1rio da SEMMAM, destacou a relev\u00e2ncia do tema escolhido para este ano. &#8220;O tema deste ano \u00e9 um chamado para a popula\u00e7\u00e3o, para que ela participe, conhe\u00e7a o processo e fa\u00e7a sua parte&#8221;, afirmou.<br><br>As atividades da Semana do Meio Ambiente come\u00e7aram com uma palestra do Juiz de Direito da Vara de Interesses Difusos e Coletivos, Douglas de Melo Martins, que enfatizou a import\u00e2ncia da participa\u00e7\u00e3o ativa da comunidade na prote\u00e7\u00e3o ambiental. &#8220;Parabenizo a prefeitura pela iniciativa. \u00c9 muito relevante que o munic\u00edpio de S\u00e3o Jos\u00e9 de Ribamar esteja envolvido na prote\u00e7\u00e3o do meio ambiente todos os dias do ano&#8221;.<br><br>A programa\u00e7\u00e3o da semana \u00e9 diversificada e inclui uma s\u00e9rie de atividades educativas e pr\u00e1ticas voltadas para a sustentabilidade e a conserva\u00e7\u00e3o ambiental. <br><br>Entre os eventos programados est\u00e3o sess\u00f5es de cinema ambiental, plantio de mudas em escolas, uma feira de produtos sustent\u00e1veis, exposi\u00e7\u00f5es e uma a\u00e7\u00e3o de limpeza na praia do Ara\u00e7agy, marcada para o encerramento das atividades no s\u00e1bado, dia 8 de junho.<br><br>A iniciativa da prefeitura, em conjunto com a SEMMAM, busca inspirar a comunidade a reconhecer seu papel na prote\u00e7\u00e3o dos recursos naturais e na constru\u00e7\u00e3o de um futuro mais sustent\u00e1vel.<\/p>\n\n\n\n<figure class=\"wp-block-image size-large\"><img loading=\"lazy\" decoding=\"async\" width=\"1024\" height=\"732\" src=\"https:\/\/maranhaotv.com.br\/wp-content\/uploads\/2024\/06\/img-20240604-wa01828692794260825866406-1024x732.jpg\" alt=\"\" class=\"wp-image-36195\" srcset=\"https:\/\/maranhaotv.com.br\/wp-content\/uploads\/2024\/06\/img-20240604-wa01828692794260825866406-1024x732.jpg 1024w, https:\/\/maranhaotv.com.br\/wp-content\/uploads\/2024\/06\/img-20240604-wa01828692794260825866406-300x214.jpg 300w, https:\/\/maranhaotv.com.br\/wp-content\/uploads\/2024\/06\/img-20240604-wa01828692794260825866406-768x549.jpg 768w, https:\/\/maranhaotv.com.br\/wp-content\/uploads\/2024\/06\/img-20240604-wa01828692794260825866406-1536x1097.jpg 1536w, https:\/\/maranhaotv.com.br\/wp-content\/uploads\/2024\/06\/img-20240604-wa01828692794260825866406-640x457.jpg 640w, https:\/\/maranhaotv.com.br\/wp-content\/uploads\/2024\/06\/img-20240604-wa01828692794260825866406.jpg 1600w\" sizes=\"auto, (max-width: 1024px) 100vw, 1024px\" \/><\/figure>\n","protected":false},"excerpt":{"rendered":"<p>A Prefeitura de S\u00e3o Jos\u00e9 de Ribamar, por meio da Secretaria Municipal de Meio Ambiente (SEMMAM), deu in\u00edcio nesta segunda-feira<\/p>\n","protected":false},"author":2,"featured_media":36197,"comment_status":"open","ping_status":"open","sticky":false,"template":"","format":"standard","meta":{"colormag_page_container_layout":"default_layout","colormag_page_sidebar_layout":"default_layout","_jetpack_memberships_contains_paid_content":false,"footnotes":""},"categories":[8],"tags":[],"class_list":["post-36198","post","type-post","status-publish","format-standard","has-post-thumbnail","hentry","category-servicos"],"magazineBlocksPostFeaturedMedia":{"thumbnail":"https:\/\/maranhaotv.com.br\/wp-content\/uploads\/2024\/06\/IMG-20240604-WA0183-150x150.jpg","medium":"https:\/\/maranhaotv.com.br\/wp-content\/uploads\/2024\/06\/IMG-20240604-WA0183-300x214.jpg","medium_large":"https:\/\/maranhaotv.com.br\/wp-content\/uploads\/2024\/06\/IMG-20240604-WA0183-768x549.jpg","large":"https:\/\/maranhaotv.com.br\/wp-content\/uploads\/2024\/06\/IMG-20240604-WA0183-1024x732.jpg","1536x1536":"https:\/\/maranhaotv.com.br\/wp-content\/uploads\/2024\/06\/IMG-20240604-WA0183-1536x1097.jpg","2048x2048":"https:\/\/maranhaotv.com.br\/wp-content\/uploads\/2024\/06\/IMG-20240604-WA0183.jpg","colormag-highlighted-post":"https:\/\/maranhaotv.com.br\/wp-content\/uploads\/2024\/06\/IMG-20240604-WA0183-392x272.jpg","colormag-featured-post-medium":"https:\/\/maranhaotv.com.br\/wp-content\/uploads\/2024\/06\/IMG-20240604-WA0183-390x205.jpg","colormag-featured-post-small":"https:\/\/maranhaotv.com.br\/wp-content\/uploads\/2024\/06\/IMG-20240604-WA0183-130x90.jpg","colormag-featured-image":"https:\/\/maranhaotv.com.br\/wp-content\/uploads\/2024\/06\/IMG-20240604-WA0183-800x445.jpg","colormag-default-news":"https:\/\/maranhaotv.com.br\/wp-content\/uploads\/2024\/06\/IMG-20240604-WA0183-150x150.jpg","colormag-featured-image-large":"https:\/\/maranhaotv.com.br\/wp-content\/uploads\/2024\/06\/IMG-20240604-WA0183-1400x600.jpg"},"magazineBlocksPostAuthor":{"name":"maranhaotv","avatar":"https:\/\/secure.gravatar.com\/avatar\/8fadbca458d4cb68b1dd399ae9a40618d747bb1af65ac9fad21c89220a143eb4?s=96&d=mm&r=g"},"magazineBlocksPostCommentsNumber":"0","magazineBlocksPostExcerpt":"A Prefeitura de S\u00e3o Jos\u00e9 de Ribamar, por meio da Secretaria Municipal de Meio Ambiente (SEMMAM), deu in\u00edcio nesta segunda-feira","magazineBlocksPostCategories":["servi\u00e7os"],"magazineBlocksPostViewCount":226,"magazineBlocksPostReadTime":2,"magazine_blocks_featured_image_url":{"full":["https:\/\/maranhaotv.com.br\/wp-content\/uploads\/2024\/06\/IMG-20240604-WA0183.jpg",1600,1143,false],"medium":["https:\/\/maranhaotv.com.br\/wp-content\/uploads\/2024\/06\/IMG-20240604-WA0183-300x214.jpg",300,214,true],"thumbnail":["https:\/\/maranhaotv.com.br\/wp-content\/uploads\/2024\/06\/IMG-20240604-WA0183-150x150.jpg",150,150,true]},"magazine_blocks_author":{"display_name":"maranhaotv","author_link":"https:\/\/maranhaotv.com.br\/index.php\/author\/maranhaotv\/"},"magazine_blocks_comment":0,"magazine_blocks_author_image":"https:\/\/secure.gravatar.com\/avatar\/8fadbca458d4cb68b1dd399ae9a40618d747bb1af65ac9fad21c89220a143eb4?s=96&d=mm&r=g","magazine_blocks_category":"<a href=\"#\" class=\"category-link category-link-8\">servi\u00e7os<\/a>","yoast_head":"<!-- This site is optimized with the Yoast SEO plugin v27.4 - https:\/\/yoast.com\/product\/yoast-seo-wordpress\/ -->\n<title>Semana do Meio Ambiente \u00e9 lan\u00e7ada em S\u00e3o Jos\u00e9 de Ribamar com o tema O Direito de Ter e o Dever de Cuidar - NOT\u00cdCIAS EM TEMPO REAL<\/title>\n<meta name=\"robots\" content=\"index, follow, max-snippet:-1, max-image-preview:large, max-video-preview:-1\" \/>\n<link rel=\"canonical\" href=\"https:\/\/maranhaotv.com.br\/index.php\/2024\/06\/04\/semana-do-meio-ambiente-e-lancada-em-sao-jose-de-ribamar-com-o-tema-o-direito-de-ter-e-o-dever-de-cuidar\/\" \/>\n<meta property=\"og:locale\" content=\"pt_BR\" \/>\n<meta property=\"og:type\" content=\"article\" \/>\n<meta property=\"og:title\" content=\"Semana do Meio Ambiente \u00e9 lan\u00e7ada em S\u00e3o Jos\u00e9 de Ribamar com o tema O Direito de Ter e o Dever de Cuidar - NOT\u00cdCIAS EM TEMPO REAL\" \/>\n<meta property=\"og:description\" content=\"A Prefeitura de S\u00e3o Jos\u00e9 de Ribamar, por meio da Secretaria Municipal de Meio Ambiente (SEMMAM), deu in\u00edcio nesta segunda-feira\" \/>\n<meta property=\"og:url\" content=\"https:\/\/maranhaotv.com.br\/index.php\/2024\/06\/04\/semana-do-meio-ambiente-e-lancada-em-sao-jose-de-ribamar-com-o-tema-o-direito-de-ter-e-o-dever-de-cuidar\/\" \/>\n<meta property=\"og:site_name\" content=\"NOT\u00cdCIAS EM TEMPO REAL\" \/>\n<meta property=\"article:publisher\" content=\"https:\/\/www.facebook.com\/maiobaotv\" \/>\n<meta property=\"article:published_time\" content=\"2024-06-04T15:47:25+00:00\" \/>\n<meta property=\"og:image\" content=\"https:\/\/maranhaotv.com.br\/wp-content\/uploads\/2024\/06\/IMG-20240604-WA0183.jpg\" \/>\n\t<meta property=\"og:image:width\" content=\"1600\" \/>\n\t<meta property=\"og:image:height\" content=\"1143\" \/>\n\t<meta property=\"og:image:type\" content=\"image\/jpeg\" \/>\n<meta name=\"author\" content=\"maranhaotv\" \/>\n<meta name=\"twitter:card\" content=\"summary_large_image\" \/>\n<meta name=\"twitter:creator\" content=\"@sitemaranhaotv\" \/>\n<meta name=\"twitter:site\" content=\"@sitemaranhaotv\" \/>\n<meta name=\"twitter:label1\" content=\"Escrito por\" \/>\n\t<meta name=\"twitter:data1\" content=\"maranhaotv\" \/>\n\t<meta name=\"twitter:label2\" content=\"Est. tempo de leitura\" \/>\n\t<meta name=\"twitter:data2\" content=\"2 minutos\" \/>\n<script type=\"application\/ld+json\" class=\"yoast-schema-graph\">{\"@context\":\"https:\\\/\\\/schema.org\",\"@graph\":[{\"@type\":\"Article\",\"@id\":\"https:\\\/\\\/maranhaotv.com.br\\\/index.php\\\/2024\\\/06\\\/04\\\/semana-do-meio-ambiente-e-lancada-em-sao-jose-de-ribamar-com-o-tema-o-direito-de-ter-e-o-dever-de-cuidar\\\/#article\",\"isPartOf\":{\"@id\":\"https:\\\/\\\/maranhaotv.com.br\\\/index.php\\\/2024\\\/06\\\/04\\\/semana-do-meio-ambiente-e-lancada-em-sao-jose-de-ribamar-com-o-tema-o-direito-de-ter-e-o-dever-de-cuidar\\\/\"},\"author\":{\"name\":\"maranhaotv\",\"@id\":\"https:\\\/\\\/maranhaotv.com.br\\\/#\\\/schema\\\/person\\\/3d54238e86b20bb5c89ab2fdb8f8829a\"},\"headline\":\"Semana do Meio Ambiente \u00e9 lan\u00e7ada em S\u00e3o Jos\u00e9 de Ribamar com o tema O Direito de Ter e o Dever de Cuidar\",\"datePublished\":\"2024-06-04T15:47:25+00:00\",\"mainEntityOfPage\":{\"@id\":\"https:\\\/\\\/maranhaotv.com.br\\\/index.php\\\/2024\\\/06\\\/04\\\/semana-do-meio-ambiente-e-lancada-em-sao-jose-de-ribamar-com-o-tema-o-direito-de-ter-e-o-dever-de-cuidar\\\/\"},\"wordCount\":326,\"commentCount\":0,\"publisher\":{\"@id\":\"https:\\\/\\\/maranhaotv.com.br\\\/#organization\"},\"image\":{\"@id\":\"https:\\\/\\\/maranhaotv.com.br\\\/index.php\\\/2024\\\/06\\\/04\\\/semana-do-meio-ambiente-e-lancada-em-sao-jose-de-ribamar-com-o-tema-o-direito-de-ter-e-o-dever-de-cuidar\\\/#primaryimage\"},\"thumbnailUrl\":\"https:\\\/\\\/maranhaotv.com.br\\\/wp-content\\\/uploads\\\/2024\\\/06\\\/IMG-20240604-WA0183.jpg\",\"articleSection\":[\"servi\u00e7os\"],\"inLanguage\":\"pt-BR\",\"potentialAction\":[{\"@type\":\"CommentAction\",\"name\":\"Comment\",\"target\":[\"https:\\\/\\\/maranhaotv.com.br\\\/index.php\\\/2024\\\/06\\\/04\\\/semana-do-meio-ambiente-e-lancada-em-sao-jose-de-ribamar-com-o-tema-o-direito-de-ter-e-o-dever-de-cuidar\\\/#respond\"]}]},{\"@type\":\"WebPage\",\"@id\":\"https:\\\/\\\/maranhaotv.com.br\\\/index.php\\\/2024\\\/06\\\/04\\\/semana-do-meio-ambiente-e-lancada-em-sao-jose-de-ribamar-com-o-tema-o-direito-de-ter-e-o-dever-de-cuidar\\\/\",\"url\":\"https:\\\/\\\/maranhaotv.com.br\\\/index.php\\\/2024\\\/06\\\/04\\\/semana-do-meio-ambiente-e-lancada-em-sao-jose-de-ribamar-com-o-tema-o-direito-de-ter-e-o-dever-de-cuidar\\\/\",\"name\":\"Semana do Meio Ambiente \u00e9 lan\u00e7ada em S\u00e3o Jos\u00e9 de Ribamar com o tema O Direito de Ter e o Dever de Cuidar - NOT\u00cdCIAS EM TEMPO REAL\",\"isPartOf\":{\"@id\":\"https:\\\/\\\/maranhaotv.com.br\\\/#website\"},\"primaryImageOfPage\":{\"@id\":\"https:\\\/\\\/maranhaotv.com.br\\\/index.php\\\/2024\\\/06\\\/04\\\/semana-do-meio-ambiente-e-lancada-em-sao-jose-de-ribamar-com-o-tema-o-direito-de-ter-e-o-dever-de-cuidar\\\/#primaryimage\"},\"image\":{\"@id\":\"https:\\\/\\\/maranhaotv.com.br\\\/index.php\\\/2024\\\/06\\\/04\\\/semana-do-meio-ambiente-e-lancada-em-sao-jose-de-ribamar-com-o-tema-o-direito-de-ter-e-o-dever-de-cuidar\\\/#primaryimage\"},\"thumbnailUrl\":\"https:\\\/\\\/maranhaotv.com.br\\\/wp-content\\\/uploads\\\/2024\\\/06\\\/IMG-20240604-WA0183.jpg\",\"datePublished\":\"2024-06-04T15:47:25+00:00\",\"breadcrumb\":{\"@id\":\"https:\\\/\\\/maranhaotv.com.br\\\/index.php\\\/2024\\\/06\\\/04\\\/semana-do-meio-ambiente-e-lancada-em-sao-jose-de-ribamar-com-o-tema-o-direito-de-ter-e-o-dever-de-cuidar\\\/#breadcrumb\"},\"inLanguage\":\"pt-BR\",\"potentialAction\":[{\"@type\":\"ReadAction\",\"target\":[\"https:\\\/\\\/maranhaotv.com.br\\\/index.php\\\/2024\\\/06\\\/04\\\/semana-do-meio-ambiente-e-lancada-em-sao-jose-de-ribamar-com-o-tema-o-direito-de-ter-e-o-dever-de-cuidar\\\/\"]}]},{\"@type\":\"ImageObject\",\"inLanguage\":\"pt-BR\",\"@id\":\"https:\\\/\\\/maranhaotv.com.br\\\/index.php\\\/2024\\\/06\\\/04\\\/semana-do-meio-ambiente-e-lancada-em-sao-jose-de-ribamar-com-o-tema-o-direito-de-ter-e-o-dever-de-cuidar\\\/#primaryimage\",\"url\":\"https:\\\/\\\/maranhaotv.com.br\\\/wp-content\\\/uploads\\\/2024\\\/06\\\/IMG-20240604-WA0183.jpg\",\"contentUrl\":\"https:\\\/\\\/maranhaotv.com.br\\\/wp-content\\\/uploads\\\/2024\\\/06\\\/IMG-20240604-WA0183.jpg\",\"width\":1600,\"height\":1143},{\"@type\":\"BreadcrumbList\",\"@id\":\"https:\\\/\\\/maranhaotv.com.br\\\/index.php\\\/2024\\\/06\\\/04\\\/semana-do-meio-ambiente-e-lancada-em-sao-jose-de-ribamar-com-o-tema-o-direito-de-ter-e-o-dever-de-cuidar\\\/#breadcrumb\",\"itemListElement\":[{\"@type\":\"ListItem\",\"position\":1,\"name\":\"In\u00edcio\",\"item\":\"https:\\\/\\\/maranhaotv.com.br\\\/\"},{\"@type\":\"ListItem\",\"position\":2,\"name\":\"Semana do Meio Ambiente \u00e9 lan\u00e7ada em S\u00e3o Jos\u00e9 de Ribamar com o tema O Direito de Ter e o Dever de Cuidar\"}]},{\"@type\":\"WebSite\",\"@id\":\"https:\\\/\\\/maranhaotv.com.br\\\/#website\",\"url\":\"https:\\\/\\\/maranhaotv.com.br\\\/\",\"name\":\"Maranh\u00e3oTV\",\"description\":\"\",\"publisher\":{\"@id\":\"https:\\\/\\\/maranhaotv.com.br\\\/#organization\"},\"potentialAction\":[{\"@type\":\"SearchAction\",\"target\":{\"@type\":\"EntryPoint\",\"urlTemplate\":\"https:\\\/\\\/maranhaotv.com.br\\\/?s={search_term_string}\"},\"query-input\":{\"@type\":\"PropertyValueSpecification\",\"valueRequired\":true,\"valueName\":\"search_term_string\"}}],\"inLanguage\":\"pt-BR\"},{\"@type\":\"Organization\",\"@id\":\"https:\\\/\\\/maranhaotv.com.br\\\/#organization\",\"name\":\"Portal de Not\u00edcias\",\"url\":\"https:\\\/\\\/maranhaotv.com.br\\\/\",\"logo\":{\"@type\":\"ImageObject\",\"inLanguage\":\"pt-BR\",\"@id\":\"https:\\\/\\\/maranhaotv.com.br\\\/#\\\/schema\\\/logo\\\/image\\\/\",\"url\":\"https:\\\/\\\/maranhaotv.com.br\\\/wp-content\\\/uploads\\\/2024\\\/05\\\/cropped-cropped-avatar-1.png\",\"contentUrl\":\"https:\\\/\\\/maranhaotv.com.br\\\/wp-content\\\/uploads\\\/2024\\\/05\\\/cropped-cropped-avatar-1.png\",\"width\":792,\"height\":428,\"caption\":\"Portal de Not\u00edcias\"},\"image\":{\"@id\":\"https:\\\/\\\/maranhaotv.com.br\\\/#\\\/schema\\\/logo\\\/image\\\/\"},\"sameAs\":[\"https:\\\/\\\/www.facebook.com\\\/maiobaotv\",\"https:\\\/\\\/x.com\\\/sitemaranhaotv\",\"https:\\\/\\\/www.instagram.com\\\/maranhao.tv\",\"https:\\\/\\\/www.threads.net\\\/@maranhao.tv\"]},{\"@type\":\"Person\",\"@id\":\"https:\\\/\\\/maranhaotv.com.br\\\/#\\\/schema\\\/person\\\/3d54238e86b20bb5c89ab2fdb8f8829a\",\"name\":\"maranhaotv\",\"image\":{\"@type\":\"ImageObject\",\"inLanguage\":\"pt-BR\",\"@id\":\"https:\\\/\\\/secure.gravatar.com\\\/avatar\\\/8fadbca458d4cb68b1dd399ae9a40618d747bb1af65ac9fad21c89220a143eb4?s=96&d=mm&r=g\",\"url\":\"https:\\\/\\\/secure.gravatar.com\\\/avatar\\\/8fadbca458d4cb68b1dd399ae9a40618d747bb1af65ac9fad21c89220a143eb4?s=96&d=mm&r=g\",\"contentUrl\":\"https:\\\/\\\/secure.gravatar.com\\\/avatar\\\/8fadbca458d4cb68b1dd399ae9a40618d747bb1af65ac9fad21c89220a143eb4?s=96&d=mm&r=g\",\"caption\":\"maranhaotv\"},\"sameAs\":[\"https:\\\/\\\/maranhaotv.com.br\\\/\"],\"url\":\"https:\\\/\\\/maranhaotv.com.br\\\/index.php\\\/author\\\/maranhaotv\\\/\"}]}<\/script>\n<!-- \/ Yoast SEO plugin. -->","yoast_head_json":{"title":"Semana do Meio Ambiente \u00e9 lan\u00e7ada em S\u00e3o Jos\u00e9 de Ribamar com o tema O Direito de Ter e o Dever de Cuidar - NOT\u00cdCIAS EM TEMPO REAL","robots":{"index":"index","follow":"follow","max-snippet":"max-snippet:-1","max-image-preview":"max-image-preview:large","max-video-preview":"max-video-preview:-1"},"canonical":"https:\/\/maranhaotv.com.br\/index.php\/2024\/06\/04\/semana-do-meio-ambiente-e-lancada-em-sao-jose-de-ribamar-com-o-tema-o-direito-de-ter-e-o-dever-de-cuidar\/","og_locale":"pt_BR","og_type":"article","og_title":"Semana do Meio Ambiente \u00e9 lan\u00e7ada em S\u00e3o Jos\u00e9 de Ribamar com o tema O Direito de Ter e o Dever de Cuidar - NOT\u00cdCIAS EM TEMPO REAL","og_description":"A Prefeitura de S\u00e3o Jos\u00e9 de Ribamar, por meio da Secretaria Municipal de Meio Ambiente (SEMMAM), deu in\u00edcio nesta segunda-feira","og_url":"https:\/\/maranhaotv.com.br\/index.php\/2024\/06\/04\/semana-do-meio-ambiente-e-lancada-em-sao-jose-de-ribamar-com-o-tema-o-direito-de-ter-e-o-dever-de-cuidar\/","og_site_name":"NOT\u00cdCIAS EM TEMPO REAL","article_publisher":"https:\/\/www.facebook.com\/maiobaotv","article_published_time":"2024-06-04T15:47:25+00:00","og_image":[{"width":1600,"height":1143,"url":"https:\/\/maranhaotv.com.br\/wp-content\/uploads\/2024\/06\/IMG-20240604-WA0183.jpg","type":"image\/jpeg"}],"author":"maranhaotv","twitter_card":"summary_large_image","twitter_creator":"@sitemaranhaotv","twitter_site":"@sitemaranhaotv","twitter_misc":{"Escrito por":"maranhaotv","Est. tempo de leitura":"2 minutos"},"schema":{"@context":"https:\/\/schema.org","@graph":[{"@type":"Article","@id":"https:\/\/maranhaotv.com.br\/index.php\/2024\/06\/04\/semana-do-meio-ambiente-e-lancada-em-sao-jose-de-ribamar-com-o-tema-o-direito-de-ter-e-o-dever-de-cuidar\/#article","isPartOf":{"@id":"https:\/\/maranhaotv.com.br\/index.php\/2024\/06\/04\/semana-do-meio-ambiente-e-lancada-em-sao-jose-de-ribamar-com-o-tema-o-direito-de-ter-e-o-dever-de-cuidar\/"},"author":{"name":"maranhaotv","@id":"https:\/\/maranhaotv.com.br\/#\/schema\/person\/3d54238e86b20bb5c89ab2fdb8f8829a"},"headline":"Semana do Meio Ambiente \u00e9 lan\u00e7ada em S\u00e3o Jos\u00e9 de Ribamar com o tema O Direito de Ter e o Dever de Cuidar","datePublished":"2024-06-04T15:47:25+00:00","mainEntityOfPage":{"@id":"https:\/\/maranhaotv.com.br\/index.php\/2024\/06\/04\/semana-do-meio-ambiente-e-lancada-em-sao-jose-de-ribamar-com-o-tema-o-direito-de-ter-e-o-dever-de-cuidar\/"},"wordCount":326,"commentCount":0,"publisher":{"@id":"https:\/\/maranhaotv.com.br\/#organization"},"image":{"@id":"https:\/\/maranhaotv.com.br\/index.php\/2024\/06\/04\/semana-do-meio-ambiente-e-lancada-em-sao-jose-de-ribamar-com-o-tema-o-direito-de-ter-e-o-dever-de-cuidar\/#primaryimage"},"thumbnailUrl":"https:\/\/maranhaotv.com.br\/wp-content\/uploads\/2024\/06\/IMG-20240604-WA0183.jpg","articleSection":["servi\u00e7os"],"inLanguage":"pt-BR","potentialAction":[{"@type":"CommentAction","name":"Comment","target":["https:\/\/maranhaotv.com.br\/index.php\/2024\/06\/04\/semana-do-meio-ambiente-e-lancada-em-sao-jose-de-ribamar-com-o-tema-o-direito-de-ter-e-o-dever-de-cuidar\/#respond"]}]},{"@type":"WebPage","@id":"https:\/\/maranhaotv.com.br\/index.php\/2024\/06\/04\/semana-do-meio-ambiente-e-lancada-em-sao-jose-de-ribamar-com-o-tema-o-direito-de-ter-e-o-dever-de-cuidar\/","url":"https:\/\/maranhaotv.com.br\/index.php\/2024\/06\/04\/semana-do-meio-ambiente-e-lancada-em-sao-jose-de-ribamar-com-o-tema-o-direito-de-ter-e-o-dever-de-cuidar\/","name":"Semana do Meio Ambiente \u00e9 lan\u00e7ada em S\u00e3o Jos\u00e9 de Ribamar com o tema O Direito de Ter e o Dever de Cuidar - NOT\u00cdCIAS EM TEMPO REAL","isPartOf":{"@id":"https:\/\/maranhaotv.com.br\/#website"},"primaryImageOfPage":{"@id":"https:\/\/maranhaotv.com.br\/index.php\/2024\/06\/04\/semana-do-meio-ambiente-e-lancada-em-sao-jose-de-ribamar-com-o-tema-o-direito-de-ter-e-o-dever-de-cuidar\/#primaryimage"},"image":{"@id":"https:\/\/maranhaotv.com.br\/index.php\/2024\/06\/04\/semana-do-meio-ambiente-e-lancada-em-sao-jose-de-ribamar-com-o-tema-o-direito-de-ter-e-o-dever-de-cuidar\/#primaryimage"},"thumbnailUrl":"https:\/\/maranhaotv.com.br\/wp-content\/uploads\/2024\/06\/IMG-20240604-WA0183.jpg","datePublished":"2024-06-04T15:47:25+00:00","breadcrumb":{"@id":"https:\/\/maranhaotv.com.br\/index.php\/2024\/06\/04\/semana-do-meio-ambiente-e-lancada-em-sao-jose-de-ribamar-com-o-tema-o-direito-de-ter-e-o-dever-de-cuidar\/#breadcrumb"},"inLanguage":"pt-BR","potentialAction":[{"@type":"ReadAction","target":["https:\/\/maranhaotv.com.br\/index.php\/2024\/06\/04\/semana-do-meio-ambiente-e-lancada-em-sao-jose-de-ribamar-com-o-tema-o-direito-de-ter-e-o-dever-de-cuidar\/"]}]},{"@type":"ImageObject","inLanguage":"pt-BR","@id":"https:\/\/maranhaotv.com.br\/index.php\/2024\/06\/04\/semana-do-meio-ambiente-e-lancada-em-sao-jose-de-ribamar-com-o-tema-o-direito-de-ter-e-o-dever-de-cuidar\/#primaryimage","url":"https:\/\/maranhaotv.com.br\/wp-content\/uploads\/2024\/06\/IMG-20240604-WA0183.jpg","contentUrl":"https:\/\/maranhaotv.com.br\/wp-content\/uploads\/2024\/06\/IMG-20240604-WA0183.jpg","width":1600,"height":1143},{"@type":"BreadcrumbList","@id":"https:\/\/maranhaotv.com.br\/index.php\/2024\/06\/04\/semana-do-meio-ambiente-e-lancada-em-sao-jose-de-ribamar-com-o-tema-o-direito-de-ter-e-o-dever-de-cuidar\/#breadcrumb","itemListElement":[{"@type":"ListItem","position":1,"name":"In\u00edcio","item":"https:\/\/maranhaotv.com.br\/"},{"@type":"ListItem","position":2,"name":"Semana do Meio Ambiente \u00e9 lan\u00e7ada em S\u00e3o Jos\u00e9 de Ribamar com o tema O Direito de Ter e o Dever de Cuidar"}]},{"@type":"WebSite","@id":"https:\/\/maranhaotv.com.br\/#website","url":"https:\/\/maranhaotv.com.br\/","name":"Maranh\u00e3oTV","description":"","publisher":{"@id":"https:\/\/maranhaotv.com.br\/#organization"},"potentialAction":[{"@type":"SearchAction","target":{"@type":"EntryPoint","urlTemplate":"https:\/\/maranhaotv.com.br\/?s={search_term_string}"},"query-input":{"@type":"PropertyValueSpecification","valueRequired":true,"valueName":"search_term_string"}}],"inLanguage":"pt-BR"},{"@type":"Organization","@id":"https:\/\/maranhaotv.com.br\/#organization","name":"Portal de Not\u00edcias","url":"https:\/\/maranhaotv.com.br\/","logo":{"@type":"ImageObject","inLanguage":"pt-BR","@id":"https:\/\/maranhaotv.com.br\/#\/schema\/logo\/image\/","url":"https:\/\/maranhaotv.com.br\/wp-content\/uploads\/2024\/05\/cropped-cropped-avatar-1.png","contentUrl":"https:\/\/maranhaotv.com.br\/wp-content\/uploads\/2024\/05\/cropped-cropped-avatar-1.png","width":792,"height":428,"caption":"Portal de Not\u00edcias"},"image":{"@id":"https:\/\/maranhaotv.com.br\/#\/schema\/logo\/image\/"},"sameAs":["https:\/\/www.facebook.com\/maiobaotv","https:\/\/x.com\/sitemaranhaotv","https:\/\/www.instagram.com\/maranhao.tv","https:\/\/www.threads.net\/@maranhao.tv"]},{"@type":"Person","@id":"https:\/\/maranhaotv.com.br\/#\/schema\/person\/3d54238e86b20bb5c89ab2fdb8f8829a","name":"maranhaotv","image":{"@type":"ImageObject","inLanguage":"pt-BR","@id":"https:\/\/secure.gravatar.com\/avatar\/8fadbca458d4cb68b1dd399ae9a40618d747bb1af65ac9fad21c89220a143eb4?s=96&d=mm&r=g","url":"https:\/\/secure.gravatar.com\/avatar\/8fadbca458d4cb68b1dd399ae9a40618d747bb1af65ac9fad21c89220a143eb4?s=96&d=mm&r=g","contentUrl":"https:\/\/secure.gravatar.com\/avatar\/8fadbca458d4cb68b1dd399ae9a40618d747bb1af65ac9fad21c89220a143eb4?s=96&d=mm&r=g","caption":"maranhaotv"},"sameAs":["https:\/\/maranhaotv.com.br\/"],"url":"https:\/\/maranhaotv.com.br\/index.php\/author\/maranhaotv\/"}]}},"jetpack_featured_media_url":"https:\/\/maranhaotv.com.br\/wp-content\/uploads\/2024\/06\/IMG-20240604-WA0183.jpg","jetpack_sharing_enabled":true,"_links":{"self":[{"href":"https:\/\/maranhaotv.com.br\/index.php\/wp-json\/wp\/v2\/posts\/36198","targetHints":{"allow":["GET"]}}],"collection":[{"href":"https:\/\/maranhaotv.com.br\/index.php\/wp-json\/wp\/v2\/posts"}],"about":[{"href":"https:\/\/maranhaotv.com.br\/index.php\/wp-json\/wp\/v2\/types\/post"}],"author":[{"embeddable":true,"href":"https:\/\/maranhaotv.com.br\/index.php\/wp-json\/wp\/v2\/users\/2"}],"replies":[{"embeddable":true,"href":"https:\/\/maranhaotv.com.br\/index.php\/wp-json\/wp\/v2\/comments?post=36198"}],"version-history":[{"count":1,"href":"https:\/\/maranhaotv.com.br\/index.php\/wp-json\/wp\/v2\/posts\/36198\/revisions"}],"predecessor-version":[{"id":36199,"href":"https:\/\/maranhaotv.com.br\/index.php\/wp-json\/wp\/v2\/posts\/36198\/revisions\/36199"}],"wp:featuredmedia":[{"embeddable":true,"href":"https:\/\/maranhaotv.com.br\/index.php\/wp-json\/wp\/v2\/media\/36197"}],"wp:attachment":[{"href":"https:\/\/maranhaotv.com.br\/index.php\/wp-json\/wp\/v2\/media?parent=36198"}],"wp:term":[{"taxonomy":"category","embeddable":true,"href":"https:\/\/maranhaotv.com.br\/index.php\/wp-json\/wp\/v2\/categories?post=36198"},{"taxonomy":"post_tag","embeddable":true,"href":"https:\/\/maranhaotv.com.br\/index.php\/wp-json\/wp\/v2\/tags?post=36198"}],"curies":[{"name":"wp","href":"https:\/\/api.w.org\/{rel}","templated":true}]}}