{"id":36201,"date":"2024-06-04T13:18:58","date_gmt":"2024-06-04T16:18:58","guid":{"rendered":"https:\/\/maranhaotv.com.br\/?p=36201"},"modified":"2024-06-04T13:18:58","modified_gmt":"2024-06-04T16:18:58","slug":"mateus-e-condenado-a-pagar-r-10-milhoes-por-desabamento-de-prateleiras-que-matou-jovem-no-vinhais","status":"publish","type":"post","link":"https:\/\/maranhaotv.com.br\/index.php\/2024\/06\/04\/mateus-e-condenado-a-pagar-r-10-milhoes-por-desabamento-de-prateleiras-que-matou-jovem-no-vinhais\/","title":{"rendered":"Mateus \u00e9 condenado a pagar R$ 10 milh\u00f5es por desabamento de prateleiras que matou jovem no Vinhais"},"content":{"rendered":"\n<p><br><br>A rede de supermercados Mateus foi condenada a pagar R$ 10 milh\u00f5es por danos morais coletivos em decorr\u00eancia do desabamento de prateleiras em uma unidade do supermercado localizada no bairro do Vinhais, no dia 2 de outubro de 2020. O incidente provocou a morte da funcion\u00e1ria Elane de Oliveira Rodrigues, de 21 anos e deixou outras oito pessoas feridas.<br><br>A senten\u00e7a foi emitida no julgamento da A\u00e7\u00e3o Civil P\u00fablica ajuizada pelo Instituto Brasileiro de Estudo e Defesa das Rela\u00e7\u00f5es de Consumo (IBEDEC) e pelo Instituto de Comunica\u00e7\u00e3o e Educa\u00e7\u00e3o em Defesa dos Consumidores e Investidores (ICDESCA). As institui\u00e7\u00f5es alegaram que as estruturas inst\u00e1veis n\u00e3o eram segredo para ningu\u00e9m, j\u00e1 que dois dias antes do desabamento, um funcion\u00e1rio da loja filmou a situa\u00e7\u00e3o irregular, destacando que a mudan\u00e7a de local afetou a estabilidade.<br><br>O Mateus alegou que sempre cumpriu com as normas de seguran\u00e7a e que n\u00e3o agiu com imprud\u00eancia, imper\u00edcia ou neglig\u00eancia, alegando excludente de responsabilidade civil em raz\u00e3o de fato de terceiro.<br><br>Para o juiz titular da Vara de Interesses Difusos e Coletivos, Douglas de Melo Martins, o acidente foi causado por uma falha de seguran\u00e7a durante a transfer\u00eancia de uma prateleira, colocando em perigo um n\u00famero desconhecido de pessoas.<br><br>Conforme a senten\u00e7a, a situa\u00e7\u00e3o demonstra que o supermercado r\u00e9u n\u00e3o cuidou adequadamente da seguran\u00e7a do ambiente, algo que a comunidade tinha o direito de esperar dele. Como resultado, nove pessoas ficaram feridas fisicamente, e v\u00e1rias outras sofreram traumas emocionais, mesmo as que n\u00e3o estavam presentes, devido a um servi\u00e7o claramente inadequado.<br><br>Diante disso, a Justi\u00e7a determinou que a empresa Mateus Supermercados S.A. pague R$ 10 milh\u00f5es por danos morais coletivos, que ser\u00e3o destinados ao Fundo Estadual de Direitos Difusos, considerando a gravidade da conduta, a fun\u00e7\u00e3o pedag\u00f3gica da indeniza\u00e7\u00e3o e o porte econ\u00f4mico da empresa r\u00e9<\/p>\n\n\n","protected":false},"excerpt":{"rendered":"<p>A rede de supermercados Mateus foi condenada a pagar R$ 10 milh\u00f5es por danos morais coletivos em decorr\u00eancia do desabamento<\/p>\n","protected":false},"author":2,"featured_media":36200,"comment_status":"open","ping_status":"open","sticky":false,"template":"","format":"standard","meta":{"colormag_page_container_layout":"default_layout","colormag_page_sidebar_layout":"default_layout","_jetpack_memberships_contains_paid_content":false,"footnotes":""},"categories":[2],"tags":[],"class_list":["post-36201","post","type-post","status-publish","format-standard","has-post-thumbnail","hentry","category-noticias"],"magazineBlocksPostFeaturedMedia":{"thumbnail":"https:\/\/maranhaotv.com.br\/wp-content\/uploads\/2024\/06\/Snapinsta.app_447439963_337523905834939_5268051584266763924_n_1080-150x150.jpg","medium":"https:\/\/maranhaotv.com.br\/wp-content\/uploads\/2024\/06\/Snapinsta.app_447439963_337523905834939_5268051584266763924_n_1080-300x208.jpg","medium_large":"https:\/\/maranhaotv.com.br\/wp-content\/uploads\/2024\/06\/Snapinsta.app_447439963_337523905834939_5268051584266763924_n_1080-768x531.jpg","large":"https:\/\/maranhaotv.com.br\/wp-content\/uploads\/2024\/06\/Snapinsta.app_447439963_337523905834939_5268051584266763924_n_1080-1024x708.jpg","1536x1536":"https:\/\/maranhaotv.com.br\/wp-content\/uploads\/2024\/06\/Snapinsta.app_447439963_337523905834939_5268051584266763924_n_1080.jpg","2048x2048":"https:\/\/maranhaotv.com.br\/wp-content\/uploads\/2024\/06\/Snapinsta.app_447439963_337523905834939_5268051584266763924_n_1080.jpg","colormag-highlighted-post":"https:\/\/maranhaotv.com.br\/wp-content\/uploads\/2024\/06\/Snapinsta.app_447439963_337523905834939_5268051584266763924_n_1080-392x272.jpg","colormag-featured-post-medium":"https:\/\/maranhaotv.com.br\/wp-content\/uploads\/2024\/06\/Snapinsta.app_447439963_337523905834939_5268051584266763924_n_1080-390x205.jpg","colormag-featured-post-small":"https:\/\/maranhaotv.com.br\/wp-content\/uploads\/2024\/06\/Snapinsta.app_447439963_337523905834939_5268051584266763924_n_1080-130x90.jpg","colormag-featured-image":"https:\/\/maranhaotv.com.br\/wp-content\/uploads\/2024\/06\/Snapinsta.app_447439963_337523905834939_5268051584266763924_n_1080-800x445.jpg","colormag-default-news":"https:\/\/maranhaotv.com.br\/wp-content\/uploads\/2024\/06\/Snapinsta.app_447439963_337523905834939_5268051584266763924_n_1080-150x150.jpg","colormag-featured-image-large":"https:\/\/maranhaotv.com.br\/wp-content\/uploads\/2024\/06\/Snapinsta.app_447439963_337523905834939_5268051584266763924_n_1080-1080x600.jpg"},"magazineBlocksPostAuthor":{"name":"maranhaotv","avatar":"https:\/\/secure.gravatar.com\/avatar\/8fadbca458d4cb68b1dd399ae9a40618d747bb1af65ac9fad21c89220a143eb4?s=96&d=mm&r=g"},"magazineBlocksPostCommentsNumber":"0","magazineBlocksPostExcerpt":"A rede de supermercados Mateus foi condenada a pagar R$ 10 milh\u00f5es por danos morais coletivos em decorr\u00eancia do desabamento","magazineBlocksPostCategories":["not\u00edcias"],"magazineBlocksPostViewCount":318,"magazineBlocksPostReadTime":2,"magazine_blocks_featured_image_url":{"full":["https:\/\/maranhaotv.com.br\/wp-content\/uploads\/2024\/06\/Snapinsta.app_447439963_337523905834939_5268051584266763924_n_1080.jpg",1080,747,false],"medium":["https:\/\/maranhaotv.com.br\/wp-content\/uploads\/2024\/06\/Snapinsta.app_447439963_337523905834939_5268051584266763924_n_1080-300x208.jpg",300,208,true],"thumbnail":["https:\/\/maranhaotv.com.br\/wp-content\/uploads\/2024\/06\/Snapinsta.app_447439963_337523905834939_5268051584266763924_n_1080-150x150.jpg",150,150,true]},"magazine_blocks_author":{"display_name":"maranhaotv","author_link":"https:\/\/maranhaotv.com.br\/index.php\/author\/maranhaotv\/"},"magazine_blocks_comment":0,"magazine_blocks_author_image":"https:\/\/secure.gravatar.com\/avatar\/8fadbca458d4cb68b1dd399ae9a40618d747bb1af65ac9fad21c89220a143eb4?s=96&d=mm&r=g","magazine_blocks_category":"<a href=\"#\" class=\"category-link category-link-2\">not\u00edcias<\/a>","yoast_head":"<!-- This site is optimized with the Yoast SEO plugin v27.4 - https:\/\/yoast.com\/product\/yoast-seo-wordpress\/ -->\n<title>Mateus \u00e9 condenado a pagar R$ 10 milh\u00f5es por desabamento de prateleiras que matou jovem no Vinhais - NOT\u00cdCIAS EM TEMPO REAL<\/title>\n<meta name=\"robots\" content=\"index, follow, max-snippet:-1, max-image-preview:large, max-video-preview:-1\" \/>\n<link rel=\"canonical\" href=\"https:\/\/maranhaotv.com.br\/index.php\/2024\/06\/04\/mateus-e-condenado-a-pagar-r-10-milhoes-por-desabamento-de-prateleiras-que-matou-jovem-no-vinhais\/\" \/>\n<meta property=\"og:locale\" content=\"pt_BR\" \/>\n<meta property=\"og:type\" content=\"article\" \/>\n<meta property=\"og:title\" content=\"Mateus \u00e9 condenado a pagar R$ 10 milh\u00f5es por desabamento de prateleiras que matou jovem no Vinhais - NOT\u00cdCIAS EM TEMPO REAL\" \/>\n<meta property=\"og:description\" content=\"A rede de supermercados Mateus foi condenada a pagar R$ 10 milh\u00f5es por danos morais coletivos em decorr\u00eancia do desabamento\" \/>\n<meta property=\"og:url\" content=\"https:\/\/maranhaotv.com.br\/index.php\/2024\/06\/04\/mateus-e-condenado-a-pagar-r-10-milhoes-por-desabamento-de-prateleiras-que-matou-jovem-no-vinhais\/\" \/>\n<meta property=\"og:site_name\" content=\"NOT\u00cdCIAS EM TEMPO REAL\" \/>\n<meta property=\"article:publisher\" content=\"https:\/\/www.facebook.com\/maiobaotv\" \/>\n<meta property=\"article:published_time\" content=\"2024-06-04T16:18:58+00:00\" \/>\n<meta property=\"og:image\" content=\"https:\/\/maranhaotv.com.br\/wp-content\/uploads\/2024\/06\/Snapinsta.app_447439963_337523905834939_5268051584266763924_n_1080.jpg\" \/>\n\t<meta property=\"og:image:width\" content=\"1080\" \/>\n\t<meta property=\"og:image:height\" content=\"747\" \/>\n\t<meta property=\"og:image:type\" content=\"image\/jpeg\" \/>\n<meta name=\"author\" content=\"maranhaotv\" \/>\n<meta name=\"twitter:card\" content=\"summary_large_image\" \/>\n<meta name=\"twitter:creator\" content=\"@sitemaranhaotv\" \/>\n<meta name=\"twitter:site\" content=\"@sitemaranhaotv\" \/>\n<meta name=\"twitter:label1\" content=\"Escrito por\" \/>\n\t<meta name=\"twitter:data1\" content=\"maranhaotv\" \/>\n\t<meta name=\"twitter:label2\" content=\"Est. tempo de leitura\" \/>\n\t<meta name=\"twitter:data2\" content=\"2 minutos\" \/>\n<script type=\"application\/ld+json\" class=\"yoast-schema-graph\">{\"@context\":\"https:\\\/\\\/schema.org\",\"@graph\":[{\"@type\":\"Article\",\"@id\":\"https:\\\/\\\/maranhaotv.com.br\\\/index.php\\\/2024\\\/06\\\/04\\\/mateus-e-condenado-a-pagar-r-10-milhoes-por-desabamento-de-prateleiras-que-matou-jovem-no-vinhais\\\/#article\",\"isPartOf\":{\"@id\":\"https:\\\/\\\/maranhaotv.com.br\\\/index.php\\\/2024\\\/06\\\/04\\\/mateus-e-condenado-a-pagar-r-10-milhoes-por-desabamento-de-prateleiras-que-matou-jovem-no-vinhais\\\/\"},\"author\":{\"name\":\"maranhaotv\",\"@id\":\"https:\\\/\\\/maranhaotv.com.br\\\/#\\\/schema\\\/person\\\/3d54238e86b20bb5c89ab2fdb8f8829a\"},\"headline\":\"Mateus \u00e9 condenado a pagar R$ 10 milh\u00f5es por desabamento de prateleiras que matou jovem no Vinhais\",\"datePublished\":\"2024-06-04T16:18:58+00:00\",\"mainEntityOfPage\":{\"@id\":\"https:\\\/\\\/maranhaotv.com.br\\\/index.php\\\/2024\\\/06\\\/04\\\/mateus-e-condenado-a-pagar-r-10-milhoes-por-desabamento-de-prateleiras-que-matou-jovem-no-vinhais\\\/\"},\"wordCount\":350,\"commentCount\":0,\"publisher\":{\"@id\":\"https:\\\/\\\/maranhaotv.com.br\\\/#organization\"},\"image\":{\"@id\":\"https:\\\/\\\/maranhaotv.com.br\\\/index.php\\\/2024\\\/06\\\/04\\\/mateus-e-condenado-a-pagar-r-10-milhoes-por-desabamento-de-prateleiras-que-matou-jovem-no-vinhais\\\/#primaryimage\"},\"thumbnailUrl\":\"https:\\\/\\\/maranhaotv.com.br\\\/wp-content\\\/uploads\\\/2024\\\/06\\\/Snapinsta.app_447439963_337523905834939_5268051584266763924_n_1080.jpg\",\"articleSection\":[\"not\u00edcias\"],\"inLanguage\":\"pt-BR\",\"potentialAction\":[{\"@type\":\"CommentAction\",\"name\":\"Comment\",\"target\":[\"https:\\\/\\\/maranhaotv.com.br\\\/index.php\\\/2024\\\/06\\\/04\\\/mateus-e-condenado-a-pagar-r-10-milhoes-por-desabamento-de-prateleiras-que-matou-jovem-no-vinhais\\\/#respond\"]}]},{\"@type\":\"WebPage\",\"@id\":\"https:\\\/\\\/maranhaotv.com.br\\\/index.php\\\/2024\\\/06\\\/04\\\/mateus-e-condenado-a-pagar-r-10-milhoes-por-desabamento-de-prateleiras-que-matou-jovem-no-vinhais\\\/\",\"url\":\"https:\\\/\\\/maranhaotv.com.br\\\/index.php\\\/2024\\\/06\\\/04\\\/mateus-e-condenado-a-pagar-r-10-milhoes-por-desabamento-de-prateleiras-que-matou-jovem-no-vinhais\\\/\",\"name\":\"Mateus \u00e9 condenado a pagar R$ 10 milh\u00f5es por desabamento de prateleiras que matou jovem no Vinhais - NOT\u00cdCIAS EM TEMPO REAL\",\"isPartOf\":{\"@id\":\"https:\\\/\\\/maranhaotv.com.br\\\/#website\"},\"primaryImageOfPage\":{\"@id\":\"https:\\\/\\\/maranhaotv.com.br\\\/index.php\\\/2024\\\/06\\\/04\\\/mateus-e-condenado-a-pagar-r-10-milhoes-por-desabamento-de-prateleiras-que-matou-jovem-no-vinhais\\\/#primaryimage\"},\"image\":{\"@id\":\"https:\\\/\\\/maranhaotv.com.br\\\/index.php\\\/2024\\\/06\\\/04\\\/mateus-e-condenado-a-pagar-r-10-milhoes-por-desabamento-de-prateleiras-que-matou-jovem-no-vinhais\\\/#primaryimage\"},\"thumbnailUrl\":\"https:\\\/\\\/maranhaotv.com.br\\\/wp-content\\\/uploads\\\/2024\\\/06\\\/Snapinsta.app_447439963_337523905834939_5268051584266763924_n_1080.jpg\",\"datePublished\":\"2024-06-04T16:18:58+00:00\",\"breadcrumb\":{\"@id\":\"https:\\\/\\\/maranhaotv.com.br\\\/index.php\\\/2024\\\/06\\\/04\\\/mateus-e-condenado-a-pagar-r-10-milhoes-por-desabamento-de-prateleiras-que-matou-jovem-no-vinhais\\\/#breadcrumb\"},\"inLanguage\":\"pt-BR\",\"potentialAction\":[{\"@type\":\"ReadAction\",\"target\":[\"https:\\\/\\\/maranhaotv.com.br\\\/index.php\\\/2024\\\/06\\\/04\\\/mateus-e-condenado-a-pagar-r-10-milhoes-por-desabamento-de-prateleiras-que-matou-jovem-no-vinhais\\\/\"]}]},{\"@type\":\"ImageObject\",\"inLanguage\":\"pt-BR\",\"@id\":\"https:\\\/\\\/maranhaotv.com.br\\\/index.php\\\/2024\\\/06\\\/04\\\/mateus-e-condenado-a-pagar-r-10-milhoes-por-desabamento-de-prateleiras-que-matou-jovem-no-vinhais\\\/#primaryimage\",\"url\":\"https:\\\/\\\/maranhaotv.com.br\\\/wp-content\\\/uploads\\\/2024\\\/06\\\/Snapinsta.app_447439963_337523905834939_5268051584266763924_n_1080.jpg\",\"contentUrl\":\"https:\\\/\\\/maranhaotv.com.br\\\/wp-content\\\/uploads\\\/2024\\\/06\\\/Snapinsta.app_447439963_337523905834939_5268051584266763924_n_1080.jpg\",\"width\":1080,\"height\":747},{\"@type\":\"BreadcrumbList\",\"@id\":\"https:\\\/\\\/maranhaotv.com.br\\\/index.php\\\/2024\\\/06\\\/04\\\/mateus-e-condenado-a-pagar-r-10-milhoes-por-desabamento-de-prateleiras-que-matou-jovem-no-vinhais\\\/#breadcrumb\",\"itemListElement\":[{\"@type\":\"ListItem\",\"position\":1,\"name\":\"In\u00edcio\",\"item\":\"https:\\\/\\\/maranhaotv.com.br\\\/\"},{\"@type\":\"ListItem\",\"position\":2,\"name\":\"Mateus \u00e9 condenado a pagar R$ 10 milh\u00f5es por desabamento de prateleiras que matou jovem no Vinhais\"}]},{\"@type\":\"WebSite\",\"@id\":\"https:\\\/\\\/maranhaotv.com.br\\\/#website\",\"url\":\"https:\\\/\\\/maranhaotv.com.br\\\/\",\"name\":\"Maranh\u00e3oTV\",\"description\":\"\",\"publisher\":{\"@id\":\"https:\\\/\\\/maranhaotv.com.br\\\/#organization\"},\"potentialAction\":[{\"@type\":\"SearchAction\",\"target\":{\"@type\":\"EntryPoint\",\"urlTemplate\":\"https:\\\/\\\/maranhaotv.com.br\\\/?s={search_term_string}\"},\"query-input\":{\"@type\":\"PropertyValueSpecification\",\"valueRequired\":true,\"valueName\":\"search_term_string\"}}],\"inLanguage\":\"pt-BR\"},{\"@type\":\"Organization\",\"@id\":\"https:\\\/\\\/maranhaotv.com.br\\\/#organization\",\"name\":\"Portal de Not\u00edcias\",\"url\":\"https:\\\/\\\/maranhaotv.com.br\\\/\",\"logo\":{\"@type\":\"ImageObject\",\"inLanguage\":\"pt-BR\",\"@id\":\"https:\\\/\\\/maranhaotv.com.br\\\/#\\\/schema\\\/logo\\\/image\\\/\",\"url\":\"https:\\\/\\\/maranhaotv.com.br\\\/wp-content\\\/uploads\\\/2024\\\/05\\\/cropped-cropped-avatar-1.png\",\"contentUrl\":\"https:\\\/\\\/maranhaotv.com.br\\\/wp-content\\\/uploads\\\/2024\\\/05\\\/cropped-cropped-avatar-1.png\",\"width\":792,\"height\":428,\"caption\":\"Portal de Not\u00edcias\"},\"image\":{\"@id\":\"https:\\\/\\\/maranhaotv.com.br\\\/#\\\/schema\\\/logo\\\/image\\\/\"},\"sameAs\":[\"https:\\\/\\\/www.facebook.com\\\/maiobaotv\",\"https:\\\/\\\/x.com\\\/sitemaranhaotv\",\"https:\\\/\\\/www.instagram.com\\\/maranhao.tv\",\"https:\\\/\\\/www.threads.net\\\/@maranhao.tv\"]},{\"@type\":\"Person\",\"@id\":\"https:\\\/\\\/maranhaotv.com.br\\\/#\\\/schema\\\/person\\\/3d54238e86b20bb5c89ab2fdb8f8829a\",\"name\":\"maranhaotv\",\"image\":{\"@type\":\"ImageObject\",\"inLanguage\":\"pt-BR\",\"@id\":\"https:\\\/\\\/secure.gravatar.com\\\/avatar\\\/8fadbca458d4cb68b1dd399ae9a40618d747bb1af65ac9fad21c89220a143eb4?s=96&d=mm&r=g\",\"url\":\"https:\\\/\\\/secure.gravatar.com\\\/avatar\\\/8fadbca458d4cb68b1dd399ae9a40618d747bb1af65ac9fad21c89220a143eb4?s=96&d=mm&r=g\",\"contentUrl\":\"https:\\\/\\\/secure.gravatar.com\\\/avatar\\\/8fadbca458d4cb68b1dd399ae9a40618d747bb1af65ac9fad21c89220a143eb4?s=96&d=mm&r=g\",\"caption\":\"maranhaotv\"},\"sameAs\":[\"https:\\\/\\\/maranhaotv.com.br\\\/\"],\"url\":\"https:\\\/\\\/maranhaotv.com.br\\\/index.php\\\/author\\\/maranhaotv\\\/\"}]}<\/script>\n<!-- \/ Yoast SEO plugin. -->","yoast_head_json":{"title":"Mateus \u00e9 condenado a pagar R$ 10 milh\u00f5es por desabamento de prateleiras que matou jovem no Vinhais - NOT\u00cdCIAS EM TEMPO REAL","robots":{"index":"index","follow":"follow","max-snippet":"max-snippet:-1","max-image-preview":"max-image-preview:large","max-video-preview":"max-video-preview:-1"},"canonical":"https:\/\/maranhaotv.com.br\/index.php\/2024\/06\/04\/mateus-e-condenado-a-pagar-r-10-milhoes-por-desabamento-de-prateleiras-que-matou-jovem-no-vinhais\/","og_locale":"pt_BR","og_type":"article","og_title":"Mateus \u00e9 condenado a pagar R$ 10 milh\u00f5es por desabamento de prateleiras que matou jovem no Vinhais - NOT\u00cdCIAS EM TEMPO REAL","og_description":"A rede de supermercados Mateus foi condenada a pagar R$ 10 milh\u00f5es por danos morais coletivos em decorr\u00eancia do desabamento","og_url":"https:\/\/maranhaotv.com.br\/index.php\/2024\/06\/04\/mateus-e-condenado-a-pagar-r-10-milhoes-por-desabamento-de-prateleiras-que-matou-jovem-no-vinhais\/","og_site_name":"NOT\u00cdCIAS EM TEMPO REAL","article_publisher":"https:\/\/www.facebook.com\/maiobaotv","article_published_time":"2024-06-04T16:18:58+00:00","og_image":[{"width":1080,"height":747,"url":"https:\/\/maranhaotv.com.br\/wp-content\/uploads\/2024\/06\/Snapinsta.app_447439963_337523905834939_5268051584266763924_n_1080.jpg","type":"image\/jpeg"}],"author":"maranhaotv","twitter_card":"summary_large_image","twitter_creator":"@sitemaranhaotv","twitter_site":"@sitemaranhaotv","twitter_misc":{"Escrito por":"maranhaotv","Est. tempo de leitura":"2 minutos"},"schema":{"@context":"https:\/\/schema.org","@graph":[{"@type":"Article","@id":"https:\/\/maranhaotv.com.br\/index.php\/2024\/06\/04\/mateus-e-condenado-a-pagar-r-10-milhoes-por-desabamento-de-prateleiras-que-matou-jovem-no-vinhais\/#article","isPartOf":{"@id":"https:\/\/maranhaotv.com.br\/index.php\/2024\/06\/04\/mateus-e-condenado-a-pagar-r-10-milhoes-por-desabamento-de-prateleiras-que-matou-jovem-no-vinhais\/"},"author":{"name":"maranhaotv","@id":"https:\/\/maranhaotv.com.br\/#\/schema\/person\/3d54238e86b20bb5c89ab2fdb8f8829a"},"headline":"Mateus \u00e9 condenado a pagar R$ 10 milh\u00f5es por desabamento de prateleiras que matou jovem no Vinhais","datePublished":"2024-06-04T16:18:58+00:00","mainEntityOfPage":{"@id":"https:\/\/maranhaotv.com.br\/index.php\/2024\/06\/04\/mateus-e-condenado-a-pagar-r-10-milhoes-por-desabamento-de-prateleiras-que-matou-jovem-no-vinhais\/"},"wordCount":350,"commentCount":0,"publisher":{"@id":"https:\/\/maranhaotv.com.br\/#organization"},"image":{"@id":"https:\/\/maranhaotv.com.br\/index.php\/2024\/06\/04\/mateus-e-condenado-a-pagar-r-10-milhoes-por-desabamento-de-prateleiras-que-matou-jovem-no-vinhais\/#primaryimage"},"thumbnailUrl":"https:\/\/maranhaotv.com.br\/wp-content\/uploads\/2024\/06\/Snapinsta.app_447439963_337523905834939_5268051584266763924_n_1080.jpg","articleSection":["not\u00edcias"],"inLanguage":"pt-BR","potentialAction":[{"@type":"CommentAction","name":"Comment","target":["https:\/\/maranhaotv.com.br\/index.php\/2024\/06\/04\/mateus-e-condenado-a-pagar-r-10-milhoes-por-desabamento-de-prateleiras-que-matou-jovem-no-vinhais\/#respond"]}]},{"@type":"WebPage","@id":"https:\/\/maranhaotv.com.br\/index.php\/2024\/06\/04\/mateus-e-condenado-a-pagar-r-10-milhoes-por-desabamento-de-prateleiras-que-matou-jovem-no-vinhais\/","url":"https:\/\/maranhaotv.com.br\/index.php\/2024\/06\/04\/mateus-e-condenado-a-pagar-r-10-milhoes-por-desabamento-de-prateleiras-que-matou-jovem-no-vinhais\/","name":"Mateus \u00e9 condenado a pagar R$ 10 milh\u00f5es por desabamento de prateleiras que matou jovem no Vinhais - NOT\u00cdCIAS EM TEMPO REAL","isPartOf":{"@id":"https:\/\/maranhaotv.com.br\/#website"},"primaryImageOfPage":{"@id":"https:\/\/maranhaotv.com.br\/index.php\/2024\/06\/04\/mateus-e-condenado-a-pagar-r-10-milhoes-por-desabamento-de-prateleiras-que-matou-jovem-no-vinhais\/#primaryimage"},"image":{"@id":"https:\/\/maranhaotv.com.br\/index.php\/2024\/06\/04\/mateus-e-condenado-a-pagar-r-10-milhoes-por-desabamento-de-prateleiras-que-matou-jovem-no-vinhais\/#primaryimage"},"thumbnailUrl":"https:\/\/maranhaotv.com.br\/wp-content\/uploads\/2024\/06\/Snapinsta.app_447439963_337523905834939_5268051584266763924_n_1080.jpg","datePublished":"2024-06-04T16:18:58+00:00","breadcrumb":{"@id":"https:\/\/maranhaotv.com.br\/index.php\/2024\/06\/04\/mateus-e-condenado-a-pagar-r-10-milhoes-por-desabamento-de-prateleiras-que-matou-jovem-no-vinhais\/#breadcrumb"},"inLanguage":"pt-BR","potentialAction":[{"@type":"ReadAction","target":["https:\/\/maranhaotv.com.br\/index.php\/2024\/06\/04\/mateus-e-condenado-a-pagar-r-10-milhoes-por-desabamento-de-prateleiras-que-matou-jovem-no-vinhais\/"]}]},{"@type":"ImageObject","inLanguage":"pt-BR","@id":"https:\/\/maranhaotv.com.br\/index.php\/2024\/06\/04\/mateus-e-condenado-a-pagar-r-10-milhoes-por-desabamento-de-prateleiras-que-matou-jovem-no-vinhais\/#primaryimage","url":"https:\/\/maranhaotv.com.br\/wp-content\/uploads\/2024\/06\/Snapinsta.app_447439963_337523905834939_5268051584266763924_n_1080.jpg","contentUrl":"https:\/\/maranhaotv.com.br\/wp-content\/uploads\/2024\/06\/Snapinsta.app_447439963_337523905834939_5268051584266763924_n_1080.jpg","width":1080,"height":747},{"@type":"BreadcrumbList","@id":"https:\/\/maranhaotv.com.br\/index.php\/2024\/06\/04\/mateus-e-condenado-a-pagar-r-10-milhoes-por-desabamento-de-prateleiras-que-matou-jovem-no-vinhais\/#breadcrumb","itemListElement":[{"@type":"ListItem","position":1,"name":"In\u00edcio","item":"https:\/\/maranhaotv.com.br\/"},{"@type":"ListItem","position":2,"name":"Mateus \u00e9 condenado a pagar R$ 10 milh\u00f5es por desabamento de prateleiras que matou jovem no Vinhais"}]},{"@type":"WebSite","@id":"https:\/\/maranhaotv.com.br\/#website","url":"https:\/\/maranhaotv.com.br\/","name":"Maranh\u00e3oTV","description":"","publisher":{"@id":"https:\/\/maranhaotv.com.br\/#organization"},"potentialAction":[{"@type":"SearchAction","target":{"@type":"EntryPoint","urlTemplate":"https:\/\/maranhaotv.com.br\/?s={search_term_string}"},"query-input":{"@type":"PropertyValueSpecification","valueRequired":true,"valueName":"search_term_string"}}],"inLanguage":"pt-BR"},{"@type":"Organization","@id":"https:\/\/maranhaotv.com.br\/#organization","name":"Portal de Not\u00edcias","url":"https:\/\/maranhaotv.com.br\/","logo":{"@type":"ImageObject","inLanguage":"pt-BR","@id":"https:\/\/maranhaotv.com.br\/#\/schema\/logo\/image\/","url":"https:\/\/maranhaotv.com.br\/wp-content\/uploads\/2024\/05\/cropped-cropped-avatar-1.png","contentUrl":"https:\/\/maranhaotv.com.br\/wp-content\/uploads\/2024\/05\/cropped-cropped-avatar-1.png","width":792,"height":428,"caption":"Portal de Not\u00edcias"},"image":{"@id":"https:\/\/maranhaotv.com.br\/#\/schema\/logo\/image\/"},"sameAs":["https:\/\/www.facebook.com\/maiobaotv","https:\/\/x.com\/sitemaranhaotv","https:\/\/www.instagram.com\/maranhao.tv","https:\/\/www.threads.net\/@maranhao.tv"]},{"@type":"Person","@id":"https:\/\/maranhaotv.com.br\/#\/schema\/person\/3d54238e86b20bb5c89ab2fdb8f8829a","name":"maranhaotv","image":{"@type":"ImageObject","inLanguage":"pt-BR","@id":"https:\/\/secure.gravatar.com\/avatar\/8fadbca458d4cb68b1dd399ae9a40618d747bb1af65ac9fad21c89220a143eb4?s=96&d=mm&r=g","url":"https:\/\/secure.gravatar.com\/avatar\/8fadbca458d4cb68b1dd399ae9a40618d747bb1af65ac9fad21c89220a143eb4?s=96&d=mm&r=g","contentUrl":"https:\/\/secure.gravatar.com\/avatar\/8fadbca458d4cb68b1dd399ae9a40618d747bb1af65ac9fad21c89220a143eb4?s=96&d=mm&r=g","caption":"maranhaotv"},"sameAs":["https:\/\/maranhaotv.com.br\/"],"url":"https:\/\/maranhaotv.com.br\/index.php\/author\/maranhaotv\/"}]}},"jetpack_featured_media_url":"https:\/\/maranhaotv.com.br\/wp-content\/uploads\/2024\/06\/Snapinsta.app_447439963_337523905834939_5268051584266763924_n_1080.jpg","jetpack_sharing_enabled":true,"_links":{"self":[{"href":"https:\/\/maranhaotv.com.br\/index.php\/wp-json\/wp\/v2\/posts\/36201","targetHints":{"allow":["GET"]}}],"collection":[{"href":"https:\/\/maranhaotv.com.br\/index.php\/wp-json\/wp\/v2\/posts"}],"about":[{"href":"https:\/\/maranhaotv.com.br\/index.php\/wp-json\/wp\/v2\/types\/post"}],"author":[{"embeddable":true,"href":"https:\/\/maranhaotv.com.br\/index.php\/wp-json\/wp\/v2\/users\/2"}],"replies":[{"embeddable":true,"href":"https:\/\/maranhaotv.com.br\/index.php\/wp-json\/wp\/v2\/comments?post=36201"}],"version-history":[{"count":1,"href":"https:\/\/maranhaotv.com.br\/index.php\/wp-json\/wp\/v2\/posts\/36201\/revisions"}],"predecessor-version":[{"id":36202,"href":"https:\/\/maranhaotv.com.br\/index.php\/wp-json\/wp\/v2\/posts\/36201\/revisions\/36202"}],"wp:featuredmedia":[{"embeddable":true,"href":"https:\/\/maranhaotv.com.br\/index.php\/wp-json\/wp\/v2\/media\/36200"}],"wp:attachment":[{"href":"https:\/\/maranhaotv.com.br\/index.php\/wp-json\/wp\/v2\/media?parent=36201"}],"wp:term":[{"taxonomy":"category","embeddable":true,"href":"https:\/\/maranhaotv.com.br\/index.php\/wp-json\/wp\/v2\/categories?post=36201"},{"taxonomy":"post_tag","embeddable":true,"href":"https:\/\/maranhaotv.com.br\/index.php\/wp-json\/wp\/v2\/tags?post=36201"}],"curies":[{"name":"wp","href":"https:\/\/api.w.org\/{rel}","templated":true}]}}