{"id":36264,"date":"2024-06-07T13:40:25","date_gmt":"2024-06-07T16:40:25","guid":{"rendered":"https:\/\/maranhaotv.com.br\/?p=36264"},"modified":"2024-06-07T13:40:25","modified_gmt":"2024-06-07T16:40:25","slug":"campeao-olimpico-de-volei-pernambucano-pampa-morre-aos-59-anos","status":"publish","type":"post","link":"https:\/\/maranhaotv.com.br\/index.php\/2024\/06\/07\/campeao-olimpico-de-volei-pernambucano-pampa-morre-aos-59-anos\/","title":{"rendered":"Campe\u00e3o ol\u00edmpico de v\u00f4lei, pernambucano Pampa morre aos 59 anos"},"content":{"rendered":"\n<p><br><br>Ex-jogador faleceu em decorr\u00eancia de complica\u00e7\u00f5es do c\u00e2ncer<br><br><br><br>Morreu na manh\u00e3 desta sexta-feira (7), o campe\u00e3o ol\u00edmpico de v\u00f4lei Andr\u00e9 Felippe Falbo Ferreira, mais conhecido como Pampa. O ex-jogador, que \u00e9 natural de Recife, faleceu aos 59 anos v\u00edtima de complica\u00e7\u00f5es pulmonares causadas por uma rea\u00e7\u00e3o \u00e0 quimioterapia.<br><br>Pampa tratava um linfoma, que \u00e9 um c\u00e2ncer no sistema linf\u00e1tico. O pernambucano estava internado na UTI da Benefic\u00eancia Portuguesa, em S\u00e3o Paulo, desde abril.<br><br>Pampa foi campe\u00e3o ol\u00edmpico nas Olimp\u00edadas de Barcelona, em 1992. O pernambucano tamb\u00e9m tem como grande conquista a Liga Mundial de V\u00f4lei, vencida em 1993.<br><br>O apelido do ex-atleta veio do in\u00edcio da carreira, no Recife, devido \u00e0 for\u00e7a da sua cortada, que era comparada ao coice de um cavalo pampa, ra\u00e7a muito tradicional no Brasil.<br><br>Ap\u00f3s sua aposentadoria, Pampa ingressou na vida pol\u00edtica, onde trabalhou no Minist\u00e9rio do Esporte entre 2000 a 2022. O recifense tamb\u00e9m assumiu as secretarias de esportes de Suzano, em S\u00e3o Paulo, e de Campos, no Rio de Janeiro. O ex-jogador ainda fez parte da Superintend\u00eancia Estadual de Esportes do Estado de Pernambuco.<br><br><\/p>\n","protected":false},"excerpt":{"rendered":"<p>Ex-jogador faleceu em decorr\u00eancia de complica\u00e7\u00f5es do c\u00e2ncer Morreu na manh\u00e3 desta sexta-feira (7), o campe\u00e3o ol\u00edmpico de v\u00f4lei Andr\u00e9<\/p>\n","protected":false},"author":2,"featured_media":36263,"comment_status":"open","ping_status":"open","sticky":false,"template":"","format":"standard","meta":{"colormag_page_container_layout":"default_layout","colormag_page_sidebar_layout":"default_layout","_jetpack_memberships_contains_paid_content":false,"footnotes":""},"categories":[14],"tags":[],"class_list":["post-36264","post","type-post","status-publish","format-standard","has-post-thumbnail","hentry","category-esportes"],"magazineBlocksPostFeaturedMedia":{"thumbnail":"https:\/\/maranhaotv.com.br\/wp-content\/uploads\/2024\/06\/whatsapp-image-2024-04-19-at-095622-150x150.jpeg","medium":"https:\/\/maranhaotv.com.br\/wp-content\/uploads\/2024\/06\/whatsapp-image-2024-04-19-at-095622-300x225.jpeg","medium_large":"https:\/\/maranhaotv.com.br\/wp-content\/uploads\/2024\/06\/whatsapp-image-2024-04-19-at-095622-768x576.jpeg","large":"https:\/\/maranhaotv.com.br\/wp-content\/uploads\/2024\/06\/whatsapp-image-2024-04-19-at-095622-1024x768.jpeg","1536x1536":"https:\/\/maranhaotv.com.br\/wp-content\/uploads\/2024\/06\/whatsapp-image-2024-04-19-at-095622.jpeg","2048x2048":"https:\/\/maranhaotv.com.br\/wp-content\/uploads\/2024\/06\/whatsapp-image-2024-04-19-at-095622.jpeg","colormag-highlighted-post":"https:\/\/maranhaotv.com.br\/wp-content\/uploads\/2024\/06\/whatsapp-image-2024-04-19-at-095622-392x272.jpeg","colormag-featured-post-medium":"https:\/\/maranhaotv.com.br\/wp-content\/uploads\/2024\/06\/whatsapp-image-2024-04-19-at-095622-390x205.jpeg","colormag-featured-post-small":"https:\/\/maranhaotv.com.br\/wp-content\/uploads\/2024\/06\/whatsapp-image-2024-04-19-at-095622-130x90.jpeg","colormag-featured-image":"https:\/\/maranhaotv.com.br\/wp-content\/uploads\/2024\/06\/whatsapp-image-2024-04-19-at-095622-800x445.jpeg","colormag-default-news":"https:\/\/maranhaotv.com.br\/wp-content\/uploads\/2024\/06\/whatsapp-image-2024-04-19-at-095622-150x150.jpeg","colormag-featured-image-large":"https:\/\/maranhaotv.com.br\/wp-content\/uploads\/2024\/06\/whatsapp-image-2024-04-19-at-095622-1200x600.jpeg"},"magazineBlocksPostAuthor":{"name":"maranhaotv","avatar":"https:\/\/secure.gravatar.com\/avatar\/8fadbca458d4cb68b1dd399ae9a40618d747bb1af65ac9fad21c89220a143eb4?s=96&d=mm&r=g"},"magazineBlocksPostCommentsNumber":"0","magazineBlocksPostExcerpt":"Ex-jogador faleceu em decorr\u00eancia de complica\u00e7\u00f5es do c\u00e2ncer Morreu na manh\u00e3 desta sexta-feira (7), o campe\u00e3o ol\u00edmpico de v\u00f4lei Andr\u00e9","magazineBlocksPostCategories":["esportes"],"magazineBlocksPostViewCount":253,"magazineBlocksPostReadTime":1,"magazine_blocks_featured_image_url":{"full":["https:\/\/maranhaotv.com.br\/wp-content\/uploads\/2024\/06\/whatsapp-image-2024-04-19-at-095622.jpeg",1200,900,false],"medium":["https:\/\/maranhaotv.com.br\/wp-content\/uploads\/2024\/06\/whatsapp-image-2024-04-19-at-095622-300x225.jpeg",300,225,true],"thumbnail":["https:\/\/maranhaotv.com.br\/wp-content\/uploads\/2024\/06\/whatsapp-image-2024-04-19-at-095622-150x150.jpeg",150,150,true]},"magazine_blocks_author":{"display_name":"maranhaotv","author_link":"https:\/\/maranhaotv.com.br\/index.php\/author\/maranhaotv\/"},"magazine_blocks_comment":0,"magazine_blocks_author_image":"https:\/\/secure.gravatar.com\/avatar\/8fadbca458d4cb68b1dd399ae9a40618d747bb1af65ac9fad21c89220a143eb4?s=96&d=mm&r=g","magazine_blocks_category":"<a href=\"#\" class=\"category-link category-link-14\">esportes<\/a>","yoast_head":"<!-- This site is optimized with the Yoast SEO plugin v27.4 - https:\/\/yoast.com\/product\/yoast-seo-wordpress\/ -->\n<title>Campe\u00e3o ol\u00edmpico de v\u00f4lei, pernambucano Pampa morre aos 59 anos - NOT\u00cdCIAS EM TEMPO REAL<\/title>\n<meta name=\"robots\" content=\"index, follow, max-snippet:-1, max-image-preview:large, max-video-preview:-1\" \/>\n<link rel=\"canonical\" href=\"https:\/\/maranhaotv.com.br\/index.php\/2024\/06\/07\/campeao-olimpico-de-volei-pernambucano-pampa-morre-aos-59-anos\/\" \/>\n<meta property=\"og:locale\" content=\"pt_BR\" \/>\n<meta property=\"og:type\" content=\"article\" \/>\n<meta property=\"og:title\" content=\"Campe\u00e3o ol\u00edmpico de v\u00f4lei, pernambucano Pampa morre aos 59 anos - NOT\u00cdCIAS EM TEMPO REAL\" \/>\n<meta property=\"og:description\" content=\"Ex-jogador faleceu em decorr\u00eancia de complica\u00e7\u00f5es do c\u00e2ncer Morreu na manh\u00e3 desta sexta-feira (7), o campe\u00e3o ol\u00edmpico de v\u00f4lei Andr\u00e9\" \/>\n<meta property=\"og:url\" content=\"https:\/\/maranhaotv.com.br\/index.php\/2024\/06\/07\/campeao-olimpico-de-volei-pernambucano-pampa-morre-aos-59-anos\/\" \/>\n<meta property=\"og:site_name\" content=\"NOT\u00cdCIAS EM TEMPO REAL\" \/>\n<meta property=\"article:publisher\" content=\"https:\/\/www.facebook.com\/maiobaotv\" \/>\n<meta property=\"article:published_time\" content=\"2024-06-07T16:40:25+00:00\" \/>\n<meta property=\"og:image\" content=\"https:\/\/maranhaotv.com.br\/wp-content\/uploads\/2024\/06\/whatsapp-image-2024-04-19-at-095622.jpeg\" \/>\n\t<meta property=\"og:image:width\" content=\"1200\" \/>\n\t<meta property=\"og:image:height\" content=\"900\" \/>\n\t<meta property=\"og:image:type\" content=\"image\/jpeg\" \/>\n<meta name=\"author\" content=\"maranhaotv\" \/>\n<meta name=\"twitter:card\" content=\"summary_large_image\" \/>\n<meta name=\"twitter:creator\" content=\"@sitemaranhaotv\" \/>\n<meta name=\"twitter:site\" content=\"@sitemaranhaotv\" \/>\n<meta name=\"twitter:label1\" content=\"Escrito por\" \/>\n\t<meta name=\"twitter:data1\" content=\"maranhaotv\" \/>\n\t<meta name=\"twitter:label2\" content=\"Est. tempo de leitura\" \/>\n\t<meta name=\"twitter:data2\" content=\"1 minuto\" \/>\n<script type=\"application\/ld+json\" class=\"yoast-schema-graph\">{\"@context\":\"https:\\\/\\\/schema.org\",\"@graph\":[{\"@type\":\"Article\",\"@id\":\"https:\\\/\\\/maranhaotv.com.br\\\/index.php\\\/2024\\\/06\\\/07\\\/campeao-olimpico-de-volei-pernambucano-pampa-morre-aos-59-anos\\\/#article\",\"isPartOf\":{\"@id\":\"https:\\\/\\\/maranhaotv.com.br\\\/index.php\\\/2024\\\/06\\\/07\\\/campeao-olimpico-de-volei-pernambucano-pampa-morre-aos-59-anos\\\/\"},\"author\":{\"name\":\"maranhaotv\",\"@id\":\"https:\\\/\\\/maranhaotv.com.br\\\/#\\\/schema\\\/person\\\/3d54238e86b20bb5c89ab2fdb8f8829a\"},\"headline\":\"Campe\u00e3o ol\u00edmpico de v\u00f4lei, pernambucano Pampa morre aos 59 anos\",\"datePublished\":\"2024-06-07T16:40:25+00:00\",\"mainEntityOfPage\":{\"@id\":\"https:\\\/\\\/maranhaotv.com.br\\\/index.php\\\/2024\\\/06\\\/07\\\/campeao-olimpico-de-volei-pernambucano-pampa-morre-aos-59-anos\\\/\"},\"wordCount\":210,\"commentCount\":0,\"publisher\":{\"@id\":\"https:\\\/\\\/maranhaotv.com.br\\\/#organization\"},\"image\":{\"@id\":\"https:\\\/\\\/maranhaotv.com.br\\\/index.php\\\/2024\\\/06\\\/07\\\/campeao-olimpico-de-volei-pernambucano-pampa-morre-aos-59-anos\\\/#primaryimage\"},\"thumbnailUrl\":\"https:\\\/\\\/maranhaotv.com.br\\\/wp-content\\\/uploads\\\/2024\\\/06\\\/whatsapp-image-2024-04-19-at-095622.jpeg\",\"articleSection\":[\"esportes\"],\"inLanguage\":\"pt-BR\",\"potentialAction\":[{\"@type\":\"CommentAction\",\"name\":\"Comment\",\"target\":[\"https:\\\/\\\/maranhaotv.com.br\\\/index.php\\\/2024\\\/06\\\/07\\\/campeao-olimpico-de-volei-pernambucano-pampa-morre-aos-59-anos\\\/#respond\"]}]},{\"@type\":\"WebPage\",\"@id\":\"https:\\\/\\\/maranhaotv.com.br\\\/index.php\\\/2024\\\/06\\\/07\\\/campeao-olimpico-de-volei-pernambucano-pampa-morre-aos-59-anos\\\/\",\"url\":\"https:\\\/\\\/maranhaotv.com.br\\\/index.php\\\/2024\\\/06\\\/07\\\/campeao-olimpico-de-volei-pernambucano-pampa-morre-aos-59-anos\\\/\",\"name\":\"Campe\u00e3o ol\u00edmpico de v\u00f4lei, pernambucano Pampa morre aos 59 anos - NOT\u00cdCIAS EM TEMPO REAL\",\"isPartOf\":{\"@id\":\"https:\\\/\\\/maranhaotv.com.br\\\/#website\"},\"primaryImageOfPage\":{\"@id\":\"https:\\\/\\\/maranhaotv.com.br\\\/index.php\\\/2024\\\/06\\\/07\\\/campeao-olimpico-de-volei-pernambucano-pampa-morre-aos-59-anos\\\/#primaryimage\"},\"image\":{\"@id\":\"https:\\\/\\\/maranhaotv.com.br\\\/index.php\\\/2024\\\/06\\\/07\\\/campeao-olimpico-de-volei-pernambucano-pampa-morre-aos-59-anos\\\/#primaryimage\"},\"thumbnailUrl\":\"https:\\\/\\\/maranhaotv.com.br\\\/wp-content\\\/uploads\\\/2024\\\/06\\\/whatsapp-image-2024-04-19-at-095622.jpeg\",\"datePublished\":\"2024-06-07T16:40:25+00:00\",\"breadcrumb\":{\"@id\":\"https:\\\/\\\/maranhaotv.com.br\\\/index.php\\\/2024\\\/06\\\/07\\\/campeao-olimpico-de-volei-pernambucano-pampa-morre-aos-59-anos\\\/#breadcrumb\"},\"inLanguage\":\"pt-BR\",\"potentialAction\":[{\"@type\":\"ReadAction\",\"target\":[\"https:\\\/\\\/maranhaotv.com.br\\\/index.php\\\/2024\\\/06\\\/07\\\/campeao-olimpico-de-volei-pernambucano-pampa-morre-aos-59-anos\\\/\"]}]},{\"@type\":\"ImageObject\",\"inLanguage\":\"pt-BR\",\"@id\":\"https:\\\/\\\/maranhaotv.com.br\\\/index.php\\\/2024\\\/06\\\/07\\\/campeao-olimpico-de-volei-pernambucano-pampa-morre-aos-59-anos\\\/#primaryimage\",\"url\":\"https:\\\/\\\/maranhaotv.com.br\\\/wp-content\\\/uploads\\\/2024\\\/06\\\/whatsapp-image-2024-04-19-at-095622.jpeg\",\"contentUrl\":\"https:\\\/\\\/maranhaotv.com.br\\\/wp-content\\\/uploads\\\/2024\\\/06\\\/whatsapp-image-2024-04-19-at-095622.jpeg\",\"width\":1200,\"height\":900},{\"@type\":\"BreadcrumbList\",\"@id\":\"https:\\\/\\\/maranhaotv.com.br\\\/index.php\\\/2024\\\/06\\\/07\\\/campeao-olimpico-de-volei-pernambucano-pampa-morre-aos-59-anos\\\/#breadcrumb\",\"itemListElement\":[{\"@type\":\"ListItem\",\"position\":1,\"name\":\"In\u00edcio\",\"item\":\"https:\\\/\\\/maranhaotv.com.br\\\/\"},{\"@type\":\"ListItem\",\"position\":2,\"name\":\"Campe\u00e3o ol\u00edmpico de v\u00f4lei, pernambucano Pampa morre aos 59 anos\"}]},{\"@type\":\"WebSite\",\"@id\":\"https:\\\/\\\/maranhaotv.com.br\\\/#website\",\"url\":\"https:\\\/\\\/maranhaotv.com.br\\\/\",\"name\":\"Maranh\u00e3oTV\",\"description\":\"\",\"publisher\":{\"@id\":\"https:\\\/\\\/maranhaotv.com.br\\\/#organization\"},\"potentialAction\":[{\"@type\":\"SearchAction\",\"target\":{\"@type\":\"EntryPoint\",\"urlTemplate\":\"https:\\\/\\\/maranhaotv.com.br\\\/?s={search_term_string}\"},\"query-input\":{\"@type\":\"PropertyValueSpecification\",\"valueRequired\":true,\"valueName\":\"search_term_string\"}}],\"inLanguage\":\"pt-BR\"},{\"@type\":\"Organization\",\"@id\":\"https:\\\/\\\/maranhaotv.com.br\\\/#organization\",\"name\":\"Portal de Not\u00edcias\",\"url\":\"https:\\\/\\\/maranhaotv.com.br\\\/\",\"logo\":{\"@type\":\"ImageObject\",\"inLanguage\":\"pt-BR\",\"@id\":\"https:\\\/\\\/maranhaotv.com.br\\\/#\\\/schema\\\/logo\\\/image\\\/\",\"url\":\"https:\\\/\\\/maranhaotv.com.br\\\/wp-content\\\/uploads\\\/2024\\\/05\\\/cropped-cropped-avatar-1.png\",\"contentUrl\":\"https:\\\/\\\/maranhaotv.com.br\\\/wp-content\\\/uploads\\\/2024\\\/05\\\/cropped-cropped-avatar-1.png\",\"width\":792,\"height\":428,\"caption\":\"Portal de Not\u00edcias\"},\"image\":{\"@id\":\"https:\\\/\\\/maranhaotv.com.br\\\/#\\\/schema\\\/logo\\\/image\\\/\"},\"sameAs\":[\"https:\\\/\\\/www.facebook.com\\\/maiobaotv\",\"https:\\\/\\\/x.com\\\/sitemaranhaotv\",\"https:\\\/\\\/www.instagram.com\\\/maranhao.tv\",\"https:\\\/\\\/www.threads.net\\\/@maranhao.tv\"]},{\"@type\":\"Person\",\"@id\":\"https:\\\/\\\/maranhaotv.com.br\\\/#\\\/schema\\\/person\\\/3d54238e86b20bb5c89ab2fdb8f8829a\",\"name\":\"maranhaotv\",\"image\":{\"@type\":\"ImageObject\",\"inLanguage\":\"pt-BR\",\"@id\":\"https:\\\/\\\/secure.gravatar.com\\\/avatar\\\/8fadbca458d4cb68b1dd399ae9a40618d747bb1af65ac9fad21c89220a143eb4?s=96&d=mm&r=g\",\"url\":\"https:\\\/\\\/secure.gravatar.com\\\/avatar\\\/8fadbca458d4cb68b1dd399ae9a40618d747bb1af65ac9fad21c89220a143eb4?s=96&d=mm&r=g\",\"contentUrl\":\"https:\\\/\\\/secure.gravatar.com\\\/avatar\\\/8fadbca458d4cb68b1dd399ae9a40618d747bb1af65ac9fad21c89220a143eb4?s=96&d=mm&r=g\",\"caption\":\"maranhaotv\"},\"sameAs\":[\"https:\\\/\\\/maranhaotv.com.br\\\/\"],\"url\":\"https:\\\/\\\/maranhaotv.com.br\\\/index.php\\\/author\\\/maranhaotv\\\/\"}]}<\/script>\n<!-- \/ Yoast SEO plugin. -->","yoast_head_json":{"title":"Campe\u00e3o ol\u00edmpico de v\u00f4lei, pernambucano Pampa morre aos 59 anos - NOT\u00cdCIAS EM TEMPO REAL","robots":{"index":"index","follow":"follow","max-snippet":"max-snippet:-1","max-image-preview":"max-image-preview:large","max-video-preview":"max-video-preview:-1"},"canonical":"https:\/\/maranhaotv.com.br\/index.php\/2024\/06\/07\/campeao-olimpico-de-volei-pernambucano-pampa-morre-aos-59-anos\/","og_locale":"pt_BR","og_type":"article","og_title":"Campe\u00e3o ol\u00edmpico de v\u00f4lei, pernambucano Pampa morre aos 59 anos - NOT\u00cdCIAS EM TEMPO REAL","og_description":"Ex-jogador faleceu em decorr\u00eancia de complica\u00e7\u00f5es do c\u00e2ncer Morreu na manh\u00e3 desta sexta-feira (7), o campe\u00e3o ol\u00edmpico de v\u00f4lei Andr\u00e9","og_url":"https:\/\/maranhaotv.com.br\/index.php\/2024\/06\/07\/campeao-olimpico-de-volei-pernambucano-pampa-morre-aos-59-anos\/","og_site_name":"NOT\u00cdCIAS EM TEMPO REAL","article_publisher":"https:\/\/www.facebook.com\/maiobaotv","article_published_time":"2024-06-07T16:40:25+00:00","og_image":[{"width":1200,"height":900,"url":"https:\/\/maranhaotv.com.br\/wp-content\/uploads\/2024\/06\/whatsapp-image-2024-04-19-at-095622.jpeg","type":"image\/jpeg"}],"author":"maranhaotv","twitter_card":"summary_large_image","twitter_creator":"@sitemaranhaotv","twitter_site":"@sitemaranhaotv","twitter_misc":{"Escrito por":"maranhaotv","Est. tempo de leitura":"1 minuto"},"schema":{"@context":"https:\/\/schema.org","@graph":[{"@type":"Article","@id":"https:\/\/maranhaotv.com.br\/index.php\/2024\/06\/07\/campeao-olimpico-de-volei-pernambucano-pampa-morre-aos-59-anos\/#article","isPartOf":{"@id":"https:\/\/maranhaotv.com.br\/index.php\/2024\/06\/07\/campeao-olimpico-de-volei-pernambucano-pampa-morre-aos-59-anos\/"},"author":{"name":"maranhaotv","@id":"https:\/\/maranhaotv.com.br\/#\/schema\/person\/3d54238e86b20bb5c89ab2fdb8f8829a"},"headline":"Campe\u00e3o ol\u00edmpico de v\u00f4lei, pernambucano Pampa morre aos 59 anos","datePublished":"2024-06-07T16:40:25+00:00","mainEntityOfPage":{"@id":"https:\/\/maranhaotv.com.br\/index.php\/2024\/06\/07\/campeao-olimpico-de-volei-pernambucano-pampa-morre-aos-59-anos\/"},"wordCount":210,"commentCount":0,"publisher":{"@id":"https:\/\/maranhaotv.com.br\/#organization"},"image":{"@id":"https:\/\/maranhaotv.com.br\/index.php\/2024\/06\/07\/campeao-olimpico-de-volei-pernambucano-pampa-morre-aos-59-anos\/#primaryimage"},"thumbnailUrl":"https:\/\/maranhaotv.com.br\/wp-content\/uploads\/2024\/06\/whatsapp-image-2024-04-19-at-095622.jpeg","articleSection":["esportes"],"inLanguage":"pt-BR","potentialAction":[{"@type":"CommentAction","name":"Comment","target":["https:\/\/maranhaotv.com.br\/index.php\/2024\/06\/07\/campeao-olimpico-de-volei-pernambucano-pampa-morre-aos-59-anos\/#respond"]}]},{"@type":"WebPage","@id":"https:\/\/maranhaotv.com.br\/index.php\/2024\/06\/07\/campeao-olimpico-de-volei-pernambucano-pampa-morre-aos-59-anos\/","url":"https:\/\/maranhaotv.com.br\/index.php\/2024\/06\/07\/campeao-olimpico-de-volei-pernambucano-pampa-morre-aos-59-anos\/","name":"Campe\u00e3o ol\u00edmpico de v\u00f4lei, pernambucano Pampa morre aos 59 anos - NOT\u00cdCIAS EM TEMPO REAL","isPartOf":{"@id":"https:\/\/maranhaotv.com.br\/#website"},"primaryImageOfPage":{"@id":"https:\/\/maranhaotv.com.br\/index.php\/2024\/06\/07\/campeao-olimpico-de-volei-pernambucano-pampa-morre-aos-59-anos\/#primaryimage"},"image":{"@id":"https:\/\/maranhaotv.com.br\/index.php\/2024\/06\/07\/campeao-olimpico-de-volei-pernambucano-pampa-morre-aos-59-anos\/#primaryimage"},"thumbnailUrl":"https:\/\/maranhaotv.com.br\/wp-content\/uploads\/2024\/06\/whatsapp-image-2024-04-19-at-095622.jpeg","datePublished":"2024-06-07T16:40:25+00:00","breadcrumb":{"@id":"https:\/\/maranhaotv.com.br\/index.php\/2024\/06\/07\/campeao-olimpico-de-volei-pernambucano-pampa-morre-aos-59-anos\/#breadcrumb"},"inLanguage":"pt-BR","potentialAction":[{"@type":"ReadAction","target":["https:\/\/maranhaotv.com.br\/index.php\/2024\/06\/07\/campeao-olimpico-de-volei-pernambucano-pampa-morre-aos-59-anos\/"]}]},{"@type":"ImageObject","inLanguage":"pt-BR","@id":"https:\/\/maranhaotv.com.br\/index.php\/2024\/06\/07\/campeao-olimpico-de-volei-pernambucano-pampa-morre-aos-59-anos\/#primaryimage","url":"https:\/\/maranhaotv.com.br\/wp-content\/uploads\/2024\/06\/whatsapp-image-2024-04-19-at-095622.jpeg","contentUrl":"https:\/\/maranhaotv.com.br\/wp-content\/uploads\/2024\/06\/whatsapp-image-2024-04-19-at-095622.jpeg","width":1200,"height":900},{"@type":"BreadcrumbList","@id":"https:\/\/maranhaotv.com.br\/index.php\/2024\/06\/07\/campeao-olimpico-de-volei-pernambucano-pampa-morre-aos-59-anos\/#breadcrumb","itemListElement":[{"@type":"ListItem","position":1,"name":"In\u00edcio","item":"https:\/\/maranhaotv.com.br\/"},{"@type":"ListItem","position":2,"name":"Campe\u00e3o ol\u00edmpico de v\u00f4lei, pernambucano Pampa morre aos 59 anos"}]},{"@type":"WebSite","@id":"https:\/\/maranhaotv.com.br\/#website","url":"https:\/\/maranhaotv.com.br\/","name":"Maranh\u00e3oTV","description":"","publisher":{"@id":"https:\/\/maranhaotv.com.br\/#organization"},"potentialAction":[{"@type":"SearchAction","target":{"@type":"EntryPoint","urlTemplate":"https:\/\/maranhaotv.com.br\/?s={search_term_string}"},"query-input":{"@type":"PropertyValueSpecification","valueRequired":true,"valueName":"search_term_string"}}],"inLanguage":"pt-BR"},{"@type":"Organization","@id":"https:\/\/maranhaotv.com.br\/#organization","name":"Portal de Not\u00edcias","url":"https:\/\/maranhaotv.com.br\/","logo":{"@type":"ImageObject","inLanguage":"pt-BR","@id":"https:\/\/maranhaotv.com.br\/#\/schema\/logo\/image\/","url":"https:\/\/maranhaotv.com.br\/wp-content\/uploads\/2024\/05\/cropped-cropped-avatar-1.png","contentUrl":"https:\/\/maranhaotv.com.br\/wp-content\/uploads\/2024\/05\/cropped-cropped-avatar-1.png","width":792,"height":428,"caption":"Portal de Not\u00edcias"},"image":{"@id":"https:\/\/maranhaotv.com.br\/#\/schema\/logo\/image\/"},"sameAs":["https:\/\/www.facebook.com\/maiobaotv","https:\/\/x.com\/sitemaranhaotv","https:\/\/www.instagram.com\/maranhao.tv","https:\/\/www.threads.net\/@maranhao.tv"]},{"@type":"Person","@id":"https:\/\/maranhaotv.com.br\/#\/schema\/person\/3d54238e86b20bb5c89ab2fdb8f8829a","name":"maranhaotv","image":{"@type":"ImageObject","inLanguage":"pt-BR","@id":"https:\/\/secure.gravatar.com\/avatar\/8fadbca458d4cb68b1dd399ae9a40618d747bb1af65ac9fad21c89220a143eb4?s=96&d=mm&r=g","url":"https:\/\/secure.gravatar.com\/avatar\/8fadbca458d4cb68b1dd399ae9a40618d747bb1af65ac9fad21c89220a143eb4?s=96&d=mm&r=g","contentUrl":"https:\/\/secure.gravatar.com\/avatar\/8fadbca458d4cb68b1dd399ae9a40618d747bb1af65ac9fad21c89220a143eb4?s=96&d=mm&r=g","caption":"maranhaotv"},"sameAs":["https:\/\/maranhaotv.com.br\/"],"url":"https:\/\/maranhaotv.com.br\/index.php\/author\/maranhaotv\/"}]}},"jetpack_featured_media_url":"https:\/\/maranhaotv.com.br\/wp-content\/uploads\/2024\/06\/whatsapp-image-2024-04-19-at-095622.jpeg","jetpack_sharing_enabled":true,"_links":{"self":[{"href":"https:\/\/maranhaotv.com.br\/index.php\/wp-json\/wp\/v2\/posts\/36264","targetHints":{"allow":["GET"]}}],"collection":[{"href":"https:\/\/maranhaotv.com.br\/index.php\/wp-json\/wp\/v2\/posts"}],"about":[{"href":"https:\/\/maranhaotv.com.br\/index.php\/wp-json\/wp\/v2\/types\/post"}],"author":[{"embeddable":true,"href":"https:\/\/maranhaotv.com.br\/index.php\/wp-json\/wp\/v2\/users\/2"}],"replies":[{"embeddable":true,"href":"https:\/\/maranhaotv.com.br\/index.php\/wp-json\/wp\/v2\/comments?post=36264"}],"version-history":[{"count":1,"href":"https:\/\/maranhaotv.com.br\/index.php\/wp-json\/wp\/v2\/posts\/36264\/revisions"}],"predecessor-version":[{"id":36265,"href":"https:\/\/maranhaotv.com.br\/index.php\/wp-json\/wp\/v2\/posts\/36264\/revisions\/36265"}],"wp:featuredmedia":[{"embeddable":true,"href":"https:\/\/maranhaotv.com.br\/index.php\/wp-json\/wp\/v2\/media\/36263"}],"wp:attachment":[{"href":"https:\/\/maranhaotv.com.br\/index.php\/wp-json\/wp\/v2\/media?parent=36264"}],"wp:term":[{"taxonomy":"category","embeddable":true,"href":"https:\/\/maranhaotv.com.br\/index.php\/wp-json\/wp\/v2\/categories?post=36264"},{"taxonomy":"post_tag","embeddable":true,"href":"https:\/\/maranhaotv.com.br\/index.php\/wp-json\/wp\/v2\/tags?post=36264"}],"curies":[{"name":"wp","href":"https:\/\/api.w.org\/{rel}","templated":true}]}}