{"id":36270,"date":"2024-06-09T11:31:37","date_gmt":"2024-06-09T14:31:37","guid":{"rendered":"https:\/\/maranhaotv.com.br\/?p=36270"},"modified":"2024-06-09T11:31:37","modified_gmt":"2024-06-09T14:31:37","slug":"junor-lourenco-deve-ser-expulso-do-pl-na-proxima-semana","status":"publish","type":"post","link":"https:\/\/maranhaotv.com.br\/index.php\/2024\/06\/09\/junor-lourenco-deve-ser-expulso-do-pl-na-proxima-semana\/","title":{"rendered":"J\u00fanor Louren\u00e7o deve ser expulso do PL na pr\u00f3xima semana"},"content":{"rendered":"\n<p>O deputado federal Junior Louren\u00e7o (PL-MA) deve ter a expuls\u00e3o do partido confirmada na pr\u00f3xima semana ap\u00f3s votar contra a cassa\u00e7\u00e3o de Andr\u00e9 Janones (Avante-MG), acusado da pr\u00e1tica de \u201crachadinha\u201d, no Conselho de \u00c9tica da C\u00e2mara.<br><br>O parlamentar ainda ser\u00e1 levado ao Conselho de \u00c9tica do PL, mas, segundo apurou a CNN, a situa\u00e7\u00e3o \u00e9 irrevers\u00edvel.<br><br>De acordo com interlocutores do presidente do PL, Valdemar Costa Neto, o fato de Junior Louren\u00e7o ter sido favor\u00e1vel a Janones foi considerado \u201cinadmiss\u00edvel\u201d.<br><br>O deputado do Avante \u00e9 um duro advers\u00e1rio do ex-presidente Jair Bolsonaro (PL).<br><br>Antes mesmo da decis\u00e3o do PL, o deputado Nikolas Ferreira (PL-MG) escreveu no X (antigo Twitter) que Junior Louren\u00e7o dever\u00e1 deixar o partido.<br><br>\u201cO deputado J\u00fanior Louren\u00e7o, que votou pra livrar Janones da cassa\u00e7\u00e3o, ser\u00e1 expulso do PL\u201d , escreveu.<br>A CNN entrou em contato com J\u00fanior Louren\u00e7o e aguarda posicionamento.<br><br>A an\u00e1lise de um processo contra o deputado Andr\u00e9 Janones por suspeita de pr\u00e1tica de \u201crachadinha\u201d na quarta-feira (5) foi marcada por confus\u00f5es, bate-bocas e empurr\u00f5es entre deputados governistas e da oposi\u00e7\u00e3o.<br><br>A a\u00e7\u00e3o acabou arquivada pelo colegiado, por 12 votos a 5.<\/p>\n","protected":false},"excerpt":{"rendered":"<p>O deputado federal Junior Louren\u00e7o (PL-MA) deve ter a expuls\u00e3o do partido confirmada na pr\u00f3xima semana ap\u00f3s votar contra a<\/p>\n","protected":false},"author":2,"featured_media":36269,"comment_status":"open","ping_status":"open","sticky":false,"template":"","format":"standard","meta":{"colormag_page_container_layout":"default_layout","colormag_page_sidebar_layout":"default_layout","_jetpack_memberships_contains_paid_content":false,"footnotes":""},"categories":[6],"tags":[],"class_list":["post-36270","post","type-post","status-publish","format-standard","has-post-thumbnail","hentry","category-politica"],"magazineBlocksPostFeaturedMedia":{"thumbnail":"https:\/\/maranhaotv.com.br\/wp-content\/uploads\/2024\/06\/deputado-federal-junior-lourenco.jpg.1200x0_q85_upscale-150x150.webp","medium":"https:\/\/maranhaotv.com.br\/wp-content\/uploads\/2024\/06\/deputado-federal-junior-lourenco.jpg.1200x0_q85_upscale-300x231.webp","medium_large":"https:\/\/maranhaotv.com.br\/wp-content\/uploads\/2024\/06\/deputado-federal-junior-lourenco.jpg.1200x0_q85_upscale-768x590.webp","large":"https:\/\/maranhaotv.com.br\/wp-content\/uploads\/2024\/06\/deputado-federal-junior-lourenco.jpg.1200x0_q85_upscale-1024x787.webp","1536x1536":"https:\/\/maranhaotv.com.br\/wp-content\/uploads\/2024\/06\/deputado-federal-junior-lourenco.jpg.1200x0_q85_upscale.webp","2048x2048":"https:\/\/maranhaotv.com.br\/wp-content\/uploads\/2024\/06\/deputado-federal-junior-lourenco.jpg.1200x0_q85_upscale.webp","colormag-highlighted-post":"https:\/\/maranhaotv.com.br\/wp-content\/uploads\/2024\/06\/deputado-federal-junior-lourenco.jpg.1200x0_q85_upscale-392x272.webp","colormag-featured-post-medium":"https:\/\/maranhaotv.com.br\/wp-content\/uploads\/2024\/06\/deputado-federal-junior-lourenco.jpg.1200x0_q85_upscale-390x205.webp","colormag-featured-post-small":"https:\/\/maranhaotv.com.br\/wp-content\/uploads\/2024\/06\/deputado-federal-junior-lourenco.jpg.1200x0_q85_upscale-130x90.webp","colormag-featured-image":"https:\/\/maranhaotv.com.br\/wp-content\/uploads\/2024\/06\/deputado-federal-junior-lourenco.jpg.1200x0_q85_upscale-800x445.webp","colormag-default-news":"https:\/\/maranhaotv.com.br\/wp-content\/uploads\/2024\/06\/deputado-federal-junior-lourenco.jpg.1200x0_q85_upscale-150x150.webp","colormag-featured-image-large":"https:\/\/maranhaotv.com.br\/wp-content\/uploads\/2024\/06\/deputado-federal-junior-lourenco.jpg.1200x0_q85_upscale-1200x600.webp"},"magazineBlocksPostAuthor":{"name":"maranhaotv","avatar":"https:\/\/secure.gravatar.com\/avatar\/8fadbca458d4cb68b1dd399ae9a40618d747bb1af65ac9fad21c89220a143eb4?s=96&d=mm&r=g"},"magazineBlocksPostCommentsNumber":"0","magazineBlocksPostExcerpt":"O deputado federal Junior Louren\u00e7o (PL-MA) deve ter a expuls\u00e3o do partido confirmada na pr\u00f3xima semana ap\u00f3s votar contra a","magazineBlocksPostCategories":["pol\u00edtica"],"magazineBlocksPostViewCount":334,"magazineBlocksPostReadTime":2,"magazine_blocks_featured_image_url":{"full":["https:\/\/maranhaotv.com.br\/wp-content\/uploads\/2024\/06\/deputado-federal-junior-lourenco.jpg.1200x0_q85_upscale.webp",1200,922,false],"medium":["https:\/\/maranhaotv.com.br\/wp-content\/uploads\/2024\/06\/deputado-federal-junior-lourenco.jpg.1200x0_q85_upscale-300x231.webp",300,231,true],"thumbnail":["https:\/\/maranhaotv.com.br\/wp-content\/uploads\/2024\/06\/deputado-federal-junior-lourenco.jpg.1200x0_q85_upscale-150x150.webp",150,150,true]},"magazine_blocks_author":{"display_name":"maranhaotv","author_link":"https:\/\/maranhaotv.com.br\/index.php\/author\/maranhaotv\/"},"magazine_blocks_comment":0,"magazine_blocks_author_image":"https:\/\/secure.gravatar.com\/avatar\/8fadbca458d4cb68b1dd399ae9a40618d747bb1af65ac9fad21c89220a143eb4?s=96&d=mm&r=g","magazine_blocks_category":"<a href=\"#\" class=\"category-link category-link-6\">pol\u00edtica<\/a>","yoast_head":"<!-- This site is optimized with the Yoast SEO plugin v27.4 - https:\/\/yoast.com\/product\/yoast-seo-wordpress\/ -->\n<title>J\u00fanor Louren\u00e7o deve ser expulso do PL na pr\u00f3xima semana - NOT\u00cdCIAS EM TEMPO REAL<\/title>\n<meta name=\"robots\" content=\"index, follow, max-snippet:-1, max-image-preview:large, max-video-preview:-1\" \/>\n<link rel=\"canonical\" href=\"https:\/\/maranhaotv.com.br\/index.php\/2024\/06\/09\/junor-lourenco-deve-ser-expulso-do-pl-na-proxima-semana\/\" \/>\n<meta property=\"og:locale\" content=\"pt_BR\" \/>\n<meta property=\"og:type\" content=\"article\" \/>\n<meta property=\"og:title\" content=\"J\u00fanor Louren\u00e7o deve ser expulso do PL na pr\u00f3xima semana - NOT\u00cdCIAS EM TEMPO REAL\" \/>\n<meta property=\"og:description\" content=\"O deputado federal Junior Louren\u00e7o (PL-MA) deve ter a expuls\u00e3o do partido confirmada na pr\u00f3xima semana ap\u00f3s votar contra a\" \/>\n<meta property=\"og:url\" content=\"https:\/\/maranhaotv.com.br\/index.php\/2024\/06\/09\/junor-lourenco-deve-ser-expulso-do-pl-na-proxima-semana\/\" \/>\n<meta property=\"og:site_name\" content=\"NOT\u00cdCIAS EM TEMPO REAL\" \/>\n<meta property=\"article:publisher\" content=\"https:\/\/www.facebook.com\/maiobaotv\" \/>\n<meta property=\"article:published_time\" content=\"2024-06-09T14:31:37+00:00\" \/>\n<meta property=\"og:image\" content=\"https:\/\/maranhaotv.com.br\/wp-content\/uploads\/2024\/06\/deputado-federal-junior-lourenco.jpg.1200x0_q85_upscale.webp\" \/>\n\t<meta property=\"og:image:width\" content=\"1200\" \/>\n\t<meta property=\"og:image:height\" content=\"922\" \/>\n\t<meta property=\"og:image:type\" content=\"image\/webp\" \/>\n<meta name=\"author\" content=\"maranhaotv\" \/>\n<meta name=\"twitter:card\" content=\"summary_large_image\" \/>\n<meta name=\"twitter:creator\" content=\"@sitemaranhaotv\" \/>\n<meta name=\"twitter:site\" content=\"@sitemaranhaotv\" \/>\n<meta name=\"twitter:label1\" content=\"Escrito por\" \/>\n\t<meta name=\"twitter:data1\" content=\"maranhaotv\" \/>\n\t<meta name=\"twitter:label2\" content=\"Est. tempo de leitura\" \/>\n\t<meta name=\"twitter:data2\" content=\"1 minuto\" \/>\n<script type=\"application\/ld+json\" class=\"yoast-schema-graph\">{\"@context\":\"https:\\\/\\\/schema.org\",\"@graph\":[{\"@type\":\"Article\",\"@id\":\"https:\\\/\\\/maranhaotv.com.br\\\/index.php\\\/2024\\\/06\\\/09\\\/junor-lourenco-deve-ser-expulso-do-pl-na-proxima-semana\\\/#article\",\"isPartOf\":{\"@id\":\"https:\\\/\\\/maranhaotv.com.br\\\/index.php\\\/2024\\\/06\\\/09\\\/junor-lourenco-deve-ser-expulso-do-pl-na-proxima-semana\\\/\"},\"author\":{\"name\":\"maranhaotv\",\"@id\":\"https:\\\/\\\/maranhaotv.com.br\\\/#\\\/schema\\\/person\\\/3d54238e86b20bb5c89ab2fdb8f8829a\"},\"headline\":\"J\u00fanor Louren\u00e7o deve ser expulso do PL na pr\u00f3xima semana\",\"datePublished\":\"2024-06-09T14:31:37+00:00\",\"mainEntityOfPage\":{\"@id\":\"https:\\\/\\\/maranhaotv.com.br\\\/index.php\\\/2024\\\/06\\\/09\\\/junor-lourenco-deve-ser-expulso-do-pl-na-proxima-semana\\\/\"},\"wordCount\":220,\"commentCount\":0,\"publisher\":{\"@id\":\"https:\\\/\\\/maranhaotv.com.br\\\/#organization\"},\"image\":{\"@id\":\"https:\\\/\\\/maranhaotv.com.br\\\/index.php\\\/2024\\\/06\\\/09\\\/junor-lourenco-deve-ser-expulso-do-pl-na-proxima-semana\\\/#primaryimage\"},\"thumbnailUrl\":\"https:\\\/\\\/maranhaotv.com.br\\\/wp-content\\\/uploads\\\/2024\\\/06\\\/deputado-federal-junior-lourenco.jpg.1200x0_q85_upscale.webp\",\"articleSection\":[\"pol\u00edtica\"],\"inLanguage\":\"pt-BR\",\"potentialAction\":[{\"@type\":\"CommentAction\",\"name\":\"Comment\",\"target\":[\"https:\\\/\\\/maranhaotv.com.br\\\/index.php\\\/2024\\\/06\\\/09\\\/junor-lourenco-deve-ser-expulso-do-pl-na-proxima-semana\\\/#respond\"]}]},{\"@type\":\"WebPage\",\"@id\":\"https:\\\/\\\/maranhaotv.com.br\\\/index.php\\\/2024\\\/06\\\/09\\\/junor-lourenco-deve-ser-expulso-do-pl-na-proxima-semana\\\/\",\"url\":\"https:\\\/\\\/maranhaotv.com.br\\\/index.php\\\/2024\\\/06\\\/09\\\/junor-lourenco-deve-ser-expulso-do-pl-na-proxima-semana\\\/\",\"name\":\"J\u00fanor Louren\u00e7o deve ser expulso do PL na pr\u00f3xima semana - NOT\u00cdCIAS EM TEMPO REAL\",\"isPartOf\":{\"@id\":\"https:\\\/\\\/maranhaotv.com.br\\\/#website\"},\"primaryImageOfPage\":{\"@id\":\"https:\\\/\\\/maranhaotv.com.br\\\/index.php\\\/2024\\\/06\\\/09\\\/junor-lourenco-deve-ser-expulso-do-pl-na-proxima-semana\\\/#primaryimage\"},\"image\":{\"@id\":\"https:\\\/\\\/maranhaotv.com.br\\\/index.php\\\/2024\\\/06\\\/09\\\/junor-lourenco-deve-ser-expulso-do-pl-na-proxima-semana\\\/#primaryimage\"},\"thumbnailUrl\":\"https:\\\/\\\/maranhaotv.com.br\\\/wp-content\\\/uploads\\\/2024\\\/06\\\/deputado-federal-junior-lourenco.jpg.1200x0_q85_upscale.webp\",\"datePublished\":\"2024-06-09T14:31:37+00:00\",\"breadcrumb\":{\"@id\":\"https:\\\/\\\/maranhaotv.com.br\\\/index.php\\\/2024\\\/06\\\/09\\\/junor-lourenco-deve-ser-expulso-do-pl-na-proxima-semana\\\/#breadcrumb\"},\"inLanguage\":\"pt-BR\",\"potentialAction\":[{\"@type\":\"ReadAction\",\"target\":[\"https:\\\/\\\/maranhaotv.com.br\\\/index.php\\\/2024\\\/06\\\/09\\\/junor-lourenco-deve-ser-expulso-do-pl-na-proxima-semana\\\/\"]}]},{\"@type\":\"ImageObject\",\"inLanguage\":\"pt-BR\",\"@id\":\"https:\\\/\\\/maranhaotv.com.br\\\/index.php\\\/2024\\\/06\\\/09\\\/junor-lourenco-deve-ser-expulso-do-pl-na-proxima-semana\\\/#primaryimage\",\"url\":\"https:\\\/\\\/maranhaotv.com.br\\\/wp-content\\\/uploads\\\/2024\\\/06\\\/deputado-federal-junior-lourenco.jpg.1200x0_q85_upscale.webp\",\"contentUrl\":\"https:\\\/\\\/maranhaotv.com.br\\\/wp-content\\\/uploads\\\/2024\\\/06\\\/deputado-federal-junior-lourenco.jpg.1200x0_q85_upscale.webp\",\"width\":1200,\"height\":922},{\"@type\":\"BreadcrumbList\",\"@id\":\"https:\\\/\\\/maranhaotv.com.br\\\/index.php\\\/2024\\\/06\\\/09\\\/junor-lourenco-deve-ser-expulso-do-pl-na-proxima-semana\\\/#breadcrumb\",\"itemListElement\":[{\"@type\":\"ListItem\",\"position\":1,\"name\":\"In\u00edcio\",\"item\":\"https:\\\/\\\/maranhaotv.com.br\\\/\"},{\"@type\":\"ListItem\",\"position\":2,\"name\":\"J\u00fanor Louren\u00e7o deve ser expulso do PL na pr\u00f3xima semana\"}]},{\"@type\":\"WebSite\",\"@id\":\"https:\\\/\\\/maranhaotv.com.br\\\/#website\",\"url\":\"https:\\\/\\\/maranhaotv.com.br\\\/\",\"name\":\"Maranh\u00e3oTV\",\"description\":\"\",\"publisher\":{\"@id\":\"https:\\\/\\\/maranhaotv.com.br\\\/#organization\"},\"potentialAction\":[{\"@type\":\"SearchAction\",\"target\":{\"@type\":\"EntryPoint\",\"urlTemplate\":\"https:\\\/\\\/maranhaotv.com.br\\\/?s={search_term_string}\"},\"query-input\":{\"@type\":\"PropertyValueSpecification\",\"valueRequired\":true,\"valueName\":\"search_term_string\"}}],\"inLanguage\":\"pt-BR\"},{\"@type\":\"Organization\",\"@id\":\"https:\\\/\\\/maranhaotv.com.br\\\/#organization\",\"name\":\"Portal de Not\u00edcias\",\"url\":\"https:\\\/\\\/maranhaotv.com.br\\\/\",\"logo\":{\"@type\":\"ImageObject\",\"inLanguage\":\"pt-BR\",\"@id\":\"https:\\\/\\\/maranhaotv.com.br\\\/#\\\/schema\\\/logo\\\/image\\\/\",\"url\":\"https:\\\/\\\/maranhaotv.com.br\\\/wp-content\\\/uploads\\\/2024\\\/05\\\/cropped-cropped-avatar-1.png\",\"contentUrl\":\"https:\\\/\\\/maranhaotv.com.br\\\/wp-content\\\/uploads\\\/2024\\\/05\\\/cropped-cropped-avatar-1.png\",\"width\":792,\"height\":428,\"caption\":\"Portal de Not\u00edcias\"},\"image\":{\"@id\":\"https:\\\/\\\/maranhaotv.com.br\\\/#\\\/schema\\\/logo\\\/image\\\/\"},\"sameAs\":[\"https:\\\/\\\/www.facebook.com\\\/maiobaotv\",\"https:\\\/\\\/x.com\\\/sitemaranhaotv\",\"https:\\\/\\\/www.instagram.com\\\/maranhao.tv\",\"https:\\\/\\\/www.threads.net\\\/@maranhao.tv\"]},{\"@type\":\"Person\",\"@id\":\"https:\\\/\\\/maranhaotv.com.br\\\/#\\\/schema\\\/person\\\/3d54238e86b20bb5c89ab2fdb8f8829a\",\"name\":\"maranhaotv\",\"image\":{\"@type\":\"ImageObject\",\"inLanguage\":\"pt-BR\",\"@id\":\"https:\\\/\\\/secure.gravatar.com\\\/avatar\\\/8fadbca458d4cb68b1dd399ae9a40618d747bb1af65ac9fad21c89220a143eb4?s=96&d=mm&r=g\",\"url\":\"https:\\\/\\\/secure.gravatar.com\\\/avatar\\\/8fadbca458d4cb68b1dd399ae9a40618d747bb1af65ac9fad21c89220a143eb4?s=96&d=mm&r=g\",\"contentUrl\":\"https:\\\/\\\/secure.gravatar.com\\\/avatar\\\/8fadbca458d4cb68b1dd399ae9a40618d747bb1af65ac9fad21c89220a143eb4?s=96&d=mm&r=g\",\"caption\":\"maranhaotv\"},\"sameAs\":[\"https:\\\/\\\/maranhaotv.com.br\\\/\"],\"url\":\"https:\\\/\\\/maranhaotv.com.br\\\/index.php\\\/author\\\/maranhaotv\\\/\"}]}<\/script>\n<!-- \/ Yoast SEO plugin. -->","yoast_head_json":{"title":"J\u00fanor Louren\u00e7o deve ser expulso do PL na pr\u00f3xima semana - NOT\u00cdCIAS EM TEMPO REAL","robots":{"index":"index","follow":"follow","max-snippet":"max-snippet:-1","max-image-preview":"max-image-preview:large","max-video-preview":"max-video-preview:-1"},"canonical":"https:\/\/maranhaotv.com.br\/index.php\/2024\/06\/09\/junor-lourenco-deve-ser-expulso-do-pl-na-proxima-semana\/","og_locale":"pt_BR","og_type":"article","og_title":"J\u00fanor Louren\u00e7o deve ser expulso do PL na pr\u00f3xima semana - NOT\u00cdCIAS EM TEMPO REAL","og_description":"O deputado federal Junior Louren\u00e7o (PL-MA) deve ter a expuls\u00e3o do partido confirmada na pr\u00f3xima semana ap\u00f3s votar contra a","og_url":"https:\/\/maranhaotv.com.br\/index.php\/2024\/06\/09\/junor-lourenco-deve-ser-expulso-do-pl-na-proxima-semana\/","og_site_name":"NOT\u00cdCIAS EM TEMPO REAL","article_publisher":"https:\/\/www.facebook.com\/maiobaotv","article_published_time":"2024-06-09T14:31:37+00:00","og_image":[{"width":1200,"height":922,"url":"https:\/\/maranhaotv.com.br\/wp-content\/uploads\/2024\/06\/deputado-federal-junior-lourenco.jpg.1200x0_q85_upscale.webp","type":"image\/webp"}],"author":"maranhaotv","twitter_card":"summary_large_image","twitter_creator":"@sitemaranhaotv","twitter_site":"@sitemaranhaotv","twitter_misc":{"Escrito por":"maranhaotv","Est. tempo de leitura":"1 minuto"},"schema":{"@context":"https:\/\/schema.org","@graph":[{"@type":"Article","@id":"https:\/\/maranhaotv.com.br\/index.php\/2024\/06\/09\/junor-lourenco-deve-ser-expulso-do-pl-na-proxima-semana\/#article","isPartOf":{"@id":"https:\/\/maranhaotv.com.br\/index.php\/2024\/06\/09\/junor-lourenco-deve-ser-expulso-do-pl-na-proxima-semana\/"},"author":{"name":"maranhaotv","@id":"https:\/\/maranhaotv.com.br\/#\/schema\/person\/3d54238e86b20bb5c89ab2fdb8f8829a"},"headline":"J\u00fanor Louren\u00e7o deve ser expulso do PL na pr\u00f3xima semana","datePublished":"2024-06-09T14:31:37+00:00","mainEntityOfPage":{"@id":"https:\/\/maranhaotv.com.br\/index.php\/2024\/06\/09\/junor-lourenco-deve-ser-expulso-do-pl-na-proxima-semana\/"},"wordCount":220,"commentCount":0,"publisher":{"@id":"https:\/\/maranhaotv.com.br\/#organization"},"image":{"@id":"https:\/\/maranhaotv.com.br\/index.php\/2024\/06\/09\/junor-lourenco-deve-ser-expulso-do-pl-na-proxima-semana\/#primaryimage"},"thumbnailUrl":"https:\/\/maranhaotv.com.br\/wp-content\/uploads\/2024\/06\/deputado-federal-junior-lourenco.jpg.1200x0_q85_upscale.webp","articleSection":["pol\u00edtica"],"inLanguage":"pt-BR","potentialAction":[{"@type":"CommentAction","name":"Comment","target":["https:\/\/maranhaotv.com.br\/index.php\/2024\/06\/09\/junor-lourenco-deve-ser-expulso-do-pl-na-proxima-semana\/#respond"]}]},{"@type":"WebPage","@id":"https:\/\/maranhaotv.com.br\/index.php\/2024\/06\/09\/junor-lourenco-deve-ser-expulso-do-pl-na-proxima-semana\/","url":"https:\/\/maranhaotv.com.br\/index.php\/2024\/06\/09\/junor-lourenco-deve-ser-expulso-do-pl-na-proxima-semana\/","name":"J\u00fanor Louren\u00e7o deve ser expulso do PL na pr\u00f3xima semana - NOT\u00cdCIAS EM TEMPO REAL","isPartOf":{"@id":"https:\/\/maranhaotv.com.br\/#website"},"primaryImageOfPage":{"@id":"https:\/\/maranhaotv.com.br\/index.php\/2024\/06\/09\/junor-lourenco-deve-ser-expulso-do-pl-na-proxima-semana\/#primaryimage"},"image":{"@id":"https:\/\/maranhaotv.com.br\/index.php\/2024\/06\/09\/junor-lourenco-deve-ser-expulso-do-pl-na-proxima-semana\/#primaryimage"},"thumbnailUrl":"https:\/\/maranhaotv.com.br\/wp-content\/uploads\/2024\/06\/deputado-federal-junior-lourenco.jpg.1200x0_q85_upscale.webp","datePublished":"2024-06-09T14:31:37+00:00","breadcrumb":{"@id":"https:\/\/maranhaotv.com.br\/index.php\/2024\/06\/09\/junor-lourenco-deve-ser-expulso-do-pl-na-proxima-semana\/#breadcrumb"},"inLanguage":"pt-BR","potentialAction":[{"@type":"ReadAction","target":["https:\/\/maranhaotv.com.br\/index.php\/2024\/06\/09\/junor-lourenco-deve-ser-expulso-do-pl-na-proxima-semana\/"]}]},{"@type":"ImageObject","inLanguage":"pt-BR","@id":"https:\/\/maranhaotv.com.br\/index.php\/2024\/06\/09\/junor-lourenco-deve-ser-expulso-do-pl-na-proxima-semana\/#primaryimage","url":"https:\/\/maranhaotv.com.br\/wp-content\/uploads\/2024\/06\/deputado-federal-junior-lourenco.jpg.1200x0_q85_upscale.webp","contentUrl":"https:\/\/maranhaotv.com.br\/wp-content\/uploads\/2024\/06\/deputado-federal-junior-lourenco.jpg.1200x0_q85_upscale.webp","width":1200,"height":922},{"@type":"BreadcrumbList","@id":"https:\/\/maranhaotv.com.br\/index.php\/2024\/06\/09\/junor-lourenco-deve-ser-expulso-do-pl-na-proxima-semana\/#breadcrumb","itemListElement":[{"@type":"ListItem","position":1,"name":"In\u00edcio","item":"https:\/\/maranhaotv.com.br\/"},{"@type":"ListItem","position":2,"name":"J\u00fanor Louren\u00e7o deve ser expulso do PL na pr\u00f3xima semana"}]},{"@type":"WebSite","@id":"https:\/\/maranhaotv.com.br\/#website","url":"https:\/\/maranhaotv.com.br\/","name":"Maranh\u00e3oTV","description":"","publisher":{"@id":"https:\/\/maranhaotv.com.br\/#organization"},"potentialAction":[{"@type":"SearchAction","target":{"@type":"EntryPoint","urlTemplate":"https:\/\/maranhaotv.com.br\/?s={search_term_string}"},"query-input":{"@type":"PropertyValueSpecification","valueRequired":true,"valueName":"search_term_string"}}],"inLanguage":"pt-BR"},{"@type":"Organization","@id":"https:\/\/maranhaotv.com.br\/#organization","name":"Portal de Not\u00edcias","url":"https:\/\/maranhaotv.com.br\/","logo":{"@type":"ImageObject","inLanguage":"pt-BR","@id":"https:\/\/maranhaotv.com.br\/#\/schema\/logo\/image\/","url":"https:\/\/maranhaotv.com.br\/wp-content\/uploads\/2024\/05\/cropped-cropped-avatar-1.png","contentUrl":"https:\/\/maranhaotv.com.br\/wp-content\/uploads\/2024\/05\/cropped-cropped-avatar-1.png","width":792,"height":428,"caption":"Portal de Not\u00edcias"},"image":{"@id":"https:\/\/maranhaotv.com.br\/#\/schema\/logo\/image\/"},"sameAs":["https:\/\/www.facebook.com\/maiobaotv","https:\/\/x.com\/sitemaranhaotv","https:\/\/www.instagram.com\/maranhao.tv","https:\/\/www.threads.net\/@maranhao.tv"]},{"@type":"Person","@id":"https:\/\/maranhaotv.com.br\/#\/schema\/person\/3d54238e86b20bb5c89ab2fdb8f8829a","name":"maranhaotv","image":{"@type":"ImageObject","inLanguage":"pt-BR","@id":"https:\/\/secure.gravatar.com\/avatar\/8fadbca458d4cb68b1dd399ae9a40618d747bb1af65ac9fad21c89220a143eb4?s=96&d=mm&r=g","url":"https:\/\/secure.gravatar.com\/avatar\/8fadbca458d4cb68b1dd399ae9a40618d747bb1af65ac9fad21c89220a143eb4?s=96&d=mm&r=g","contentUrl":"https:\/\/secure.gravatar.com\/avatar\/8fadbca458d4cb68b1dd399ae9a40618d747bb1af65ac9fad21c89220a143eb4?s=96&d=mm&r=g","caption":"maranhaotv"},"sameAs":["https:\/\/maranhaotv.com.br\/"],"url":"https:\/\/maranhaotv.com.br\/index.php\/author\/maranhaotv\/"}]}},"jetpack_featured_media_url":"https:\/\/maranhaotv.com.br\/wp-content\/uploads\/2024\/06\/deputado-federal-junior-lourenco.jpg.1200x0_q85_upscale.webp","jetpack_sharing_enabled":true,"_links":{"self":[{"href":"https:\/\/maranhaotv.com.br\/index.php\/wp-json\/wp\/v2\/posts\/36270","targetHints":{"allow":["GET"]}}],"collection":[{"href":"https:\/\/maranhaotv.com.br\/index.php\/wp-json\/wp\/v2\/posts"}],"about":[{"href":"https:\/\/maranhaotv.com.br\/index.php\/wp-json\/wp\/v2\/types\/post"}],"author":[{"embeddable":true,"href":"https:\/\/maranhaotv.com.br\/index.php\/wp-json\/wp\/v2\/users\/2"}],"replies":[{"embeddable":true,"href":"https:\/\/maranhaotv.com.br\/index.php\/wp-json\/wp\/v2\/comments?post=36270"}],"version-history":[{"count":1,"href":"https:\/\/maranhaotv.com.br\/index.php\/wp-json\/wp\/v2\/posts\/36270\/revisions"}],"predecessor-version":[{"id":36271,"href":"https:\/\/maranhaotv.com.br\/index.php\/wp-json\/wp\/v2\/posts\/36270\/revisions\/36271"}],"wp:featuredmedia":[{"embeddable":true,"href":"https:\/\/maranhaotv.com.br\/index.php\/wp-json\/wp\/v2\/media\/36269"}],"wp:attachment":[{"href":"https:\/\/maranhaotv.com.br\/index.php\/wp-json\/wp\/v2\/media?parent=36270"}],"wp:term":[{"taxonomy":"category","embeddable":true,"href":"https:\/\/maranhaotv.com.br\/index.php\/wp-json\/wp\/v2\/categories?post=36270"},{"taxonomy":"post_tag","embeddable":true,"href":"https:\/\/maranhaotv.com.br\/index.php\/wp-json\/wp\/v2\/tags?post=36270"}],"curies":[{"name":"wp","href":"https:\/\/api.w.org\/{rel}","templated":true}]}}