{"id":36280,"date":"2024-06-10T11:18:38","date_gmt":"2024-06-10T14:18:38","guid":{"rendered":"https:\/\/maranhaotv.com.br\/?p=36280"},"modified":"2024-06-10T11:18:38","modified_gmt":"2024-06-10T14:18:38","slug":"apos-insultos-racistas-contra-vini-jr-torcedores-do-valencia-sao-condenados","status":"publish","type":"post","link":"https:\/\/maranhaotv.com.br\/index.php\/2024\/06\/10\/apos-insultos-racistas-contra-vini-jr-torcedores-do-valencia-sao-condenados\/","title":{"rendered":"Ap\u00f3s insultos racistas contra Vini Jr, torcedores do Valencia s\u00e3o condenados"},"content":{"rendered":"\n<p><br><br>O presidente de\u00a0LaLiga,\u00a0Javier Tebas celebrou a condena\u00e7\u00e3o; \u201cEsta senten\u00e7a \u00e9 uma \u00f3tima not\u00edcia para a luta contra o racismo na Espanha, pois repara os danos sofridos por Vinicius Junior e envia uma mensagem clara para aquelas pessoas que v\u00e3o a um est\u00e1dio de futebol para insultar que a LaLiga ir\u00e1 detect\u00e1-los, denunci\u00e1-los e haver\u00e1 consequ\u00eancias criminais\u201d.<br><br>No seu retorno ao\u00a0Mestalla\u00a0nove meses depois do caso,\u00a0Vinicius Jr\u00a0foi hostilizado por torcedores do Valencia. O jogo terminou empatado em 2 x 2, com direito a dois gols do brasileiro.<br><br>O atacante brasileiro de 23 anos \u00e9 o destaque do Real Madrid e da sele\u00e7\u00e3o brasileira, sendo o favorito a vencer o pr\u00eamio de melhor jogador do mundo.<br><br><\/p>\n","protected":false},"excerpt":{"rendered":"<p>O presidente de\u00a0LaLiga,\u00a0Javier Tebas celebrou a condena\u00e7\u00e3o; \u201cEsta senten\u00e7a \u00e9 uma \u00f3tima not\u00edcia para a luta contra o racismo na<\/p>\n","protected":false},"author":2,"featured_media":36279,"comment_status":"open","ping_status":"open","sticky":false,"template":"","format":"standard","meta":{"colormag_page_container_layout":"default_layout","colormag_page_sidebar_layout":"default_layout","_jetpack_memberships_contains_paid_content":false,"footnotes":""},"categories":[14],"tags":[],"class_list":["post-36280","post","type-post","status-publish","format-standard","has-post-thumbnail","hentry","category-esportes"],"magazineBlocksPostFeaturedMedia":{"thumbnail":"https:\/\/maranhaotv.com.br\/wp-content\/uploads\/2024\/06\/r1299054_1296x729_16-9-e1718017818151-150x150.jpg","medium":"https:\/\/maranhaotv.com.br\/wp-content\/uploads\/2024\/06\/r1299054_1296x729_16-9-e1718017818151-300x171.jpg","medium_large":"https:\/\/maranhaotv.com.br\/wp-content\/uploads\/2024\/06\/r1299054_1296x729_16-9-e1718017818151.jpg","large":"https:\/\/maranhaotv.com.br\/wp-content\/uploads\/2024\/06\/r1299054_1296x729_16-9-e1718017818151.jpg","1536x1536":"https:\/\/maranhaotv.com.br\/wp-content\/uploads\/2024\/06\/r1299054_1296x729_16-9-e1718017818151.jpg","2048x2048":"https:\/\/maranhaotv.com.br\/wp-content\/uploads\/2024\/06\/r1299054_1296x729_16-9-e1718017818151.jpg","colormag-highlighted-post":"https:\/\/maranhaotv.com.br\/wp-content\/uploads\/2024\/06\/r1299054_1296x729_16-9-e1718017818151-392x240.jpg","colormag-featured-post-medium":"https:\/\/maranhaotv.com.br\/wp-content\/uploads\/2024\/06\/r1299054_1296x729_16-9-e1718017818151-390x205.jpg","colormag-featured-post-small":"https:\/\/maranhaotv.com.br\/wp-content\/uploads\/2024\/06\/r1299054_1296x729_16-9-e1718017818151-130x90.jpg","colormag-featured-image":"https:\/\/maranhaotv.com.br\/wp-content\/uploads\/2024\/06\/r1299054_1296x729_16-9-e1718017818151.jpg","colormag-default-news":"https:\/\/maranhaotv.com.br\/wp-content\/uploads\/2024\/06\/r1299054_1296x729_16-9-e1718017818151-150x150.jpg","colormag-featured-image-large":"https:\/\/maranhaotv.com.br\/wp-content\/uploads\/2024\/06\/r1299054_1296x729_16-9-e1718017818151.jpg"},"magazineBlocksPostAuthor":{"name":"maranhaotv","avatar":"https:\/\/secure.gravatar.com\/avatar\/8fadbca458d4cb68b1dd399ae9a40618d747bb1af65ac9fad21c89220a143eb4?s=96&d=mm&r=g"},"magazineBlocksPostCommentsNumber":"0","magazineBlocksPostExcerpt":"O presidente de\u00a0LaLiga,\u00a0Javier Tebas celebrou a condena\u00e7\u00e3o; \u201cEsta senten\u00e7a \u00e9 uma \u00f3tima not\u00edcia para a luta contra o racismo na","magazineBlocksPostCategories":["esportes"],"magazineBlocksPostViewCount":279,"magazineBlocksPostReadTime":1,"magazine_blocks_featured_image_url":{"full":["https:\/\/maranhaotv.com.br\/wp-content\/uploads\/2024\/06\/r1299054_1296x729_16-9-e1718017818151.jpg",420,240,false],"medium":["https:\/\/maranhaotv.com.br\/wp-content\/uploads\/2024\/06\/r1299054_1296x729_16-9-e1718017818151-300x171.jpg",300,171,true],"thumbnail":["https:\/\/maranhaotv.com.br\/wp-content\/uploads\/2024\/06\/r1299054_1296x729_16-9-e1718017818151-150x150.jpg",150,150,true]},"magazine_blocks_author":{"display_name":"maranhaotv","author_link":"https:\/\/maranhaotv.com.br\/index.php\/author\/maranhaotv\/"},"magazine_blocks_comment":0,"magazine_blocks_author_image":"https:\/\/secure.gravatar.com\/avatar\/8fadbca458d4cb68b1dd399ae9a40618d747bb1af65ac9fad21c89220a143eb4?s=96&d=mm&r=g","magazine_blocks_category":"<a href=\"#\" class=\"category-link category-link-14\">esportes<\/a>","yoast_head":"<!-- This site is optimized with the Yoast SEO plugin v27.4 - https:\/\/yoast.com\/product\/yoast-seo-wordpress\/ -->\n<title>Ap\u00f3s insultos racistas contra Vini Jr, torcedores do Valencia s\u00e3o condenados - NOT\u00cdCIAS EM TEMPO REAL<\/title>\n<meta name=\"robots\" content=\"index, follow, max-snippet:-1, max-image-preview:large, max-video-preview:-1\" \/>\n<link rel=\"canonical\" href=\"https:\/\/maranhaotv.com.br\/index.php\/2024\/06\/10\/apos-insultos-racistas-contra-vini-jr-torcedores-do-valencia-sao-condenados\/\" \/>\n<meta property=\"og:locale\" content=\"pt_BR\" \/>\n<meta property=\"og:type\" content=\"article\" \/>\n<meta property=\"og:title\" content=\"Ap\u00f3s insultos racistas contra Vini Jr, torcedores do Valencia s\u00e3o condenados - NOT\u00cdCIAS EM TEMPO REAL\" \/>\n<meta property=\"og:description\" content=\"O presidente de\u00a0LaLiga,\u00a0Javier Tebas celebrou a condena\u00e7\u00e3o; \u201cEsta senten\u00e7a \u00e9 uma \u00f3tima not\u00edcia para a luta contra o racismo na\" \/>\n<meta property=\"og:url\" content=\"https:\/\/maranhaotv.com.br\/index.php\/2024\/06\/10\/apos-insultos-racistas-contra-vini-jr-torcedores-do-valencia-sao-condenados\/\" \/>\n<meta property=\"og:site_name\" content=\"NOT\u00cdCIAS EM TEMPO REAL\" \/>\n<meta property=\"article:publisher\" content=\"https:\/\/www.facebook.com\/maiobaotv\" \/>\n<meta property=\"article:published_time\" content=\"2024-06-10T14:18:38+00:00\" \/>\n<meta property=\"og:image\" content=\"https:\/\/maranhaotv.com.br\/wp-content\/uploads\/2024\/06\/r1299054_1296x729_16-9-e1718017818151.jpg\" \/>\n\t<meta property=\"og:image:width\" content=\"420\" \/>\n\t<meta property=\"og:image:height\" content=\"240\" \/>\n\t<meta property=\"og:image:type\" content=\"image\/jpeg\" \/>\n<meta name=\"author\" content=\"maranhaotv\" \/>\n<meta name=\"twitter:card\" content=\"summary_large_image\" \/>\n<meta name=\"twitter:creator\" content=\"@sitemaranhaotv\" \/>\n<meta name=\"twitter:site\" content=\"@sitemaranhaotv\" \/>\n<meta name=\"twitter:label1\" content=\"Escrito por\" \/>\n\t<meta name=\"twitter:data1\" content=\"maranhaotv\" \/>\n\t<meta name=\"twitter:label2\" content=\"Est. tempo de leitura\" \/>\n\t<meta name=\"twitter:data2\" content=\"1 minuto\" \/>\n<script type=\"application\/ld+json\" class=\"yoast-schema-graph\">{\"@context\":\"https:\\\/\\\/schema.org\",\"@graph\":[{\"@type\":\"Article\",\"@id\":\"https:\\\/\\\/maranhaotv.com.br\\\/index.php\\\/2024\\\/06\\\/10\\\/apos-insultos-racistas-contra-vini-jr-torcedores-do-valencia-sao-condenados\\\/#article\",\"isPartOf\":{\"@id\":\"https:\\\/\\\/maranhaotv.com.br\\\/index.php\\\/2024\\\/06\\\/10\\\/apos-insultos-racistas-contra-vini-jr-torcedores-do-valencia-sao-condenados\\\/\"},\"author\":{\"name\":\"maranhaotv\",\"@id\":\"https:\\\/\\\/maranhaotv.com.br\\\/#\\\/schema\\\/person\\\/3d54238e86b20bb5c89ab2fdb8f8829a\"},\"headline\":\"Ap\u00f3s insultos racistas contra Vini Jr, torcedores do Valencia s\u00e3o condenados\",\"datePublished\":\"2024-06-10T14:18:38+00:00\",\"mainEntityOfPage\":{\"@id\":\"https:\\\/\\\/maranhaotv.com.br\\\/index.php\\\/2024\\\/06\\\/10\\\/apos-insultos-racistas-contra-vini-jr-torcedores-do-valencia-sao-condenados\\\/\"},\"wordCount\":137,\"commentCount\":0,\"publisher\":{\"@id\":\"https:\\\/\\\/maranhaotv.com.br\\\/#organization\"},\"image\":{\"@id\":\"https:\\\/\\\/maranhaotv.com.br\\\/index.php\\\/2024\\\/06\\\/10\\\/apos-insultos-racistas-contra-vini-jr-torcedores-do-valencia-sao-condenados\\\/#primaryimage\"},\"thumbnailUrl\":\"https:\\\/\\\/maranhaotv.com.br\\\/wp-content\\\/uploads\\\/2024\\\/06\\\/r1299054_1296x729_16-9-e1718017818151.jpg\",\"articleSection\":[\"esportes\"],\"inLanguage\":\"pt-BR\",\"potentialAction\":[{\"@type\":\"CommentAction\",\"name\":\"Comment\",\"target\":[\"https:\\\/\\\/maranhaotv.com.br\\\/index.php\\\/2024\\\/06\\\/10\\\/apos-insultos-racistas-contra-vini-jr-torcedores-do-valencia-sao-condenados\\\/#respond\"]}]},{\"@type\":\"WebPage\",\"@id\":\"https:\\\/\\\/maranhaotv.com.br\\\/index.php\\\/2024\\\/06\\\/10\\\/apos-insultos-racistas-contra-vini-jr-torcedores-do-valencia-sao-condenados\\\/\",\"url\":\"https:\\\/\\\/maranhaotv.com.br\\\/index.php\\\/2024\\\/06\\\/10\\\/apos-insultos-racistas-contra-vini-jr-torcedores-do-valencia-sao-condenados\\\/\",\"name\":\"Ap\u00f3s insultos racistas contra Vini Jr, torcedores do Valencia s\u00e3o condenados - NOT\u00cdCIAS EM TEMPO REAL\",\"isPartOf\":{\"@id\":\"https:\\\/\\\/maranhaotv.com.br\\\/#website\"},\"primaryImageOfPage\":{\"@id\":\"https:\\\/\\\/maranhaotv.com.br\\\/index.php\\\/2024\\\/06\\\/10\\\/apos-insultos-racistas-contra-vini-jr-torcedores-do-valencia-sao-condenados\\\/#primaryimage\"},\"image\":{\"@id\":\"https:\\\/\\\/maranhaotv.com.br\\\/index.php\\\/2024\\\/06\\\/10\\\/apos-insultos-racistas-contra-vini-jr-torcedores-do-valencia-sao-condenados\\\/#primaryimage\"},\"thumbnailUrl\":\"https:\\\/\\\/maranhaotv.com.br\\\/wp-content\\\/uploads\\\/2024\\\/06\\\/r1299054_1296x729_16-9-e1718017818151.jpg\",\"datePublished\":\"2024-06-10T14:18:38+00:00\",\"breadcrumb\":{\"@id\":\"https:\\\/\\\/maranhaotv.com.br\\\/index.php\\\/2024\\\/06\\\/10\\\/apos-insultos-racistas-contra-vini-jr-torcedores-do-valencia-sao-condenados\\\/#breadcrumb\"},\"inLanguage\":\"pt-BR\",\"potentialAction\":[{\"@type\":\"ReadAction\",\"target\":[\"https:\\\/\\\/maranhaotv.com.br\\\/index.php\\\/2024\\\/06\\\/10\\\/apos-insultos-racistas-contra-vini-jr-torcedores-do-valencia-sao-condenados\\\/\"]}]},{\"@type\":\"ImageObject\",\"inLanguage\":\"pt-BR\",\"@id\":\"https:\\\/\\\/maranhaotv.com.br\\\/index.php\\\/2024\\\/06\\\/10\\\/apos-insultos-racistas-contra-vini-jr-torcedores-do-valencia-sao-condenados\\\/#primaryimage\",\"url\":\"https:\\\/\\\/maranhaotv.com.br\\\/wp-content\\\/uploads\\\/2024\\\/06\\\/r1299054_1296x729_16-9-e1718017818151.jpg\",\"contentUrl\":\"https:\\\/\\\/maranhaotv.com.br\\\/wp-content\\\/uploads\\\/2024\\\/06\\\/r1299054_1296x729_16-9-e1718017818151.jpg\",\"width\":420,\"height\":240},{\"@type\":\"BreadcrumbList\",\"@id\":\"https:\\\/\\\/maranhaotv.com.br\\\/index.php\\\/2024\\\/06\\\/10\\\/apos-insultos-racistas-contra-vini-jr-torcedores-do-valencia-sao-condenados\\\/#breadcrumb\",\"itemListElement\":[{\"@type\":\"ListItem\",\"position\":1,\"name\":\"In\u00edcio\",\"item\":\"https:\\\/\\\/maranhaotv.com.br\\\/\"},{\"@type\":\"ListItem\",\"position\":2,\"name\":\"Ap\u00f3s insultos racistas contra Vini Jr, torcedores do Valencia s\u00e3o condenados\"}]},{\"@type\":\"WebSite\",\"@id\":\"https:\\\/\\\/maranhaotv.com.br\\\/#website\",\"url\":\"https:\\\/\\\/maranhaotv.com.br\\\/\",\"name\":\"Maranh\u00e3oTV\",\"description\":\"\",\"publisher\":{\"@id\":\"https:\\\/\\\/maranhaotv.com.br\\\/#organization\"},\"potentialAction\":[{\"@type\":\"SearchAction\",\"target\":{\"@type\":\"EntryPoint\",\"urlTemplate\":\"https:\\\/\\\/maranhaotv.com.br\\\/?s={search_term_string}\"},\"query-input\":{\"@type\":\"PropertyValueSpecification\",\"valueRequired\":true,\"valueName\":\"search_term_string\"}}],\"inLanguage\":\"pt-BR\"},{\"@type\":\"Organization\",\"@id\":\"https:\\\/\\\/maranhaotv.com.br\\\/#organization\",\"name\":\"Portal de Not\u00edcias\",\"url\":\"https:\\\/\\\/maranhaotv.com.br\\\/\",\"logo\":{\"@type\":\"ImageObject\",\"inLanguage\":\"pt-BR\",\"@id\":\"https:\\\/\\\/maranhaotv.com.br\\\/#\\\/schema\\\/logo\\\/image\\\/\",\"url\":\"https:\\\/\\\/maranhaotv.com.br\\\/wp-content\\\/uploads\\\/2024\\\/05\\\/cropped-cropped-avatar-1.png\",\"contentUrl\":\"https:\\\/\\\/maranhaotv.com.br\\\/wp-content\\\/uploads\\\/2024\\\/05\\\/cropped-cropped-avatar-1.png\",\"width\":792,\"height\":428,\"caption\":\"Portal de Not\u00edcias\"},\"image\":{\"@id\":\"https:\\\/\\\/maranhaotv.com.br\\\/#\\\/schema\\\/logo\\\/image\\\/\"},\"sameAs\":[\"https:\\\/\\\/www.facebook.com\\\/maiobaotv\",\"https:\\\/\\\/x.com\\\/sitemaranhaotv\",\"https:\\\/\\\/www.instagram.com\\\/maranhao.tv\",\"https:\\\/\\\/www.threads.net\\\/@maranhao.tv\"]},{\"@type\":\"Person\",\"@id\":\"https:\\\/\\\/maranhaotv.com.br\\\/#\\\/schema\\\/person\\\/3d54238e86b20bb5c89ab2fdb8f8829a\",\"name\":\"maranhaotv\",\"image\":{\"@type\":\"ImageObject\",\"inLanguage\":\"pt-BR\",\"@id\":\"https:\\\/\\\/secure.gravatar.com\\\/avatar\\\/8fadbca458d4cb68b1dd399ae9a40618d747bb1af65ac9fad21c89220a143eb4?s=96&d=mm&r=g\",\"url\":\"https:\\\/\\\/secure.gravatar.com\\\/avatar\\\/8fadbca458d4cb68b1dd399ae9a40618d747bb1af65ac9fad21c89220a143eb4?s=96&d=mm&r=g\",\"contentUrl\":\"https:\\\/\\\/secure.gravatar.com\\\/avatar\\\/8fadbca458d4cb68b1dd399ae9a40618d747bb1af65ac9fad21c89220a143eb4?s=96&d=mm&r=g\",\"caption\":\"maranhaotv\"},\"sameAs\":[\"https:\\\/\\\/maranhaotv.com.br\\\/\"],\"url\":\"https:\\\/\\\/maranhaotv.com.br\\\/index.php\\\/author\\\/maranhaotv\\\/\"}]}<\/script>\n<!-- \/ Yoast SEO plugin. -->","yoast_head_json":{"title":"Ap\u00f3s insultos racistas contra Vini Jr, torcedores do Valencia s\u00e3o condenados - NOT\u00cdCIAS EM TEMPO REAL","robots":{"index":"index","follow":"follow","max-snippet":"max-snippet:-1","max-image-preview":"max-image-preview:large","max-video-preview":"max-video-preview:-1"},"canonical":"https:\/\/maranhaotv.com.br\/index.php\/2024\/06\/10\/apos-insultos-racistas-contra-vini-jr-torcedores-do-valencia-sao-condenados\/","og_locale":"pt_BR","og_type":"article","og_title":"Ap\u00f3s insultos racistas contra Vini Jr, torcedores do Valencia s\u00e3o condenados - NOT\u00cdCIAS EM TEMPO REAL","og_description":"O presidente de\u00a0LaLiga,\u00a0Javier Tebas celebrou a condena\u00e7\u00e3o; \u201cEsta senten\u00e7a \u00e9 uma \u00f3tima not\u00edcia para a luta contra o racismo na","og_url":"https:\/\/maranhaotv.com.br\/index.php\/2024\/06\/10\/apos-insultos-racistas-contra-vini-jr-torcedores-do-valencia-sao-condenados\/","og_site_name":"NOT\u00cdCIAS EM TEMPO REAL","article_publisher":"https:\/\/www.facebook.com\/maiobaotv","article_published_time":"2024-06-10T14:18:38+00:00","og_image":[{"width":420,"height":240,"url":"https:\/\/maranhaotv.com.br\/wp-content\/uploads\/2024\/06\/r1299054_1296x729_16-9-e1718017818151.jpg","type":"image\/jpeg"}],"author":"maranhaotv","twitter_card":"summary_large_image","twitter_creator":"@sitemaranhaotv","twitter_site":"@sitemaranhaotv","twitter_misc":{"Escrito por":"maranhaotv","Est. tempo de leitura":"1 minuto"},"schema":{"@context":"https:\/\/schema.org","@graph":[{"@type":"Article","@id":"https:\/\/maranhaotv.com.br\/index.php\/2024\/06\/10\/apos-insultos-racistas-contra-vini-jr-torcedores-do-valencia-sao-condenados\/#article","isPartOf":{"@id":"https:\/\/maranhaotv.com.br\/index.php\/2024\/06\/10\/apos-insultos-racistas-contra-vini-jr-torcedores-do-valencia-sao-condenados\/"},"author":{"name":"maranhaotv","@id":"https:\/\/maranhaotv.com.br\/#\/schema\/person\/3d54238e86b20bb5c89ab2fdb8f8829a"},"headline":"Ap\u00f3s insultos racistas contra Vini Jr, torcedores do Valencia s\u00e3o condenados","datePublished":"2024-06-10T14:18:38+00:00","mainEntityOfPage":{"@id":"https:\/\/maranhaotv.com.br\/index.php\/2024\/06\/10\/apos-insultos-racistas-contra-vini-jr-torcedores-do-valencia-sao-condenados\/"},"wordCount":137,"commentCount":0,"publisher":{"@id":"https:\/\/maranhaotv.com.br\/#organization"},"image":{"@id":"https:\/\/maranhaotv.com.br\/index.php\/2024\/06\/10\/apos-insultos-racistas-contra-vini-jr-torcedores-do-valencia-sao-condenados\/#primaryimage"},"thumbnailUrl":"https:\/\/maranhaotv.com.br\/wp-content\/uploads\/2024\/06\/r1299054_1296x729_16-9-e1718017818151.jpg","articleSection":["esportes"],"inLanguage":"pt-BR","potentialAction":[{"@type":"CommentAction","name":"Comment","target":["https:\/\/maranhaotv.com.br\/index.php\/2024\/06\/10\/apos-insultos-racistas-contra-vini-jr-torcedores-do-valencia-sao-condenados\/#respond"]}]},{"@type":"WebPage","@id":"https:\/\/maranhaotv.com.br\/index.php\/2024\/06\/10\/apos-insultos-racistas-contra-vini-jr-torcedores-do-valencia-sao-condenados\/","url":"https:\/\/maranhaotv.com.br\/index.php\/2024\/06\/10\/apos-insultos-racistas-contra-vini-jr-torcedores-do-valencia-sao-condenados\/","name":"Ap\u00f3s insultos racistas contra Vini Jr, torcedores do Valencia s\u00e3o condenados - NOT\u00cdCIAS EM TEMPO REAL","isPartOf":{"@id":"https:\/\/maranhaotv.com.br\/#website"},"primaryImageOfPage":{"@id":"https:\/\/maranhaotv.com.br\/index.php\/2024\/06\/10\/apos-insultos-racistas-contra-vini-jr-torcedores-do-valencia-sao-condenados\/#primaryimage"},"image":{"@id":"https:\/\/maranhaotv.com.br\/index.php\/2024\/06\/10\/apos-insultos-racistas-contra-vini-jr-torcedores-do-valencia-sao-condenados\/#primaryimage"},"thumbnailUrl":"https:\/\/maranhaotv.com.br\/wp-content\/uploads\/2024\/06\/r1299054_1296x729_16-9-e1718017818151.jpg","datePublished":"2024-06-10T14:18:38+00:00","breadcrumb":{"@id":"https:\/\/maranhaotv.com.br\/index.php\/2024\/06\/10\/apos-insultos-racistas-contra-vini-jr-torcedores-do-valencia-sao-condenados\/#breadcrumb"},"inLanguage":"pt-BR","potentialAction":[{"@type":"ReadAction","target":["https:\/\/maranhaotv.com.br\/index.php\/2024\/06\/10\/apos-insultos-racistas-contra-vini-jr-torcedores-do-valencia-sao-condenados\/"]}]},{"@type":"ImageObject","inLanguage":"pt-BR","@id":"https:\/\/maranhaotv.com.br\/index.php\/2024\/06\/10\/apos-insultos-racistas-contra-vini-jr-torcedores-do-valencia-sao-condenados\/#primaryimage","url":"https:\/\/maranhaotv.com.br\/wp-content\/uploads\/2024\/06\/r1299054_1296x729_16-9-e1718017818151.jpg","contentUrl":"https:\/\/maranhaotv.com.br\/wp-content\/uploads\/2024\/06\/r1299054_1296x729_16-9-e1718017818151.jpg","width":420,"height":240},{"@type":"BreadcrumbList","@id":"https:\/\/maranhaotv.com.br\/index.php\/2024\/06\/10\/apos-insultos-racistas-contra-vini-jr-torcedores-do-valencia-sao-condenados\/#breadcrumb","itemListElement":[{"@type":"ListItem","position":1,"name":"In\u00edcio","item":"https:\/\/maranhaotv.com.br\/"},{"@type":"ListItem","position":2,"name":"Ap\u00f3s insultos racistas contra Vini Jr, torcedores do Valencia s\u00e3o condenados"}]},{"@type":"WebSite","@id":"https:\/\/maranhaotv.com.br\/#website","url":"https:\/\/maranhaotv.com.br\/","name":"Maranh\u00e3oTV","description":"","publisher":{"@id":"https:\/\/maranhaotv.com.br\/#organization"},"potentialAction":[{"@type":"SearchAction","target":{"@type":"EntryPoint","urlTemplate":"https:\/\/maranhaotv.com.br\/?s={search_term_string}"},"query-input":{"@type":"PropertyValueSpecification","valueRequired":true,"valueName":"search_term_string"}}],"inLanguage":"pt-BR"},{"@type":"Organization","@id":"https:\/\/maranhaotv.com.br\/#organization","name":"Portal de Not\u00edcias","url":"https:\/\/maranhaotv.com.br\/","logo":{"@type":"ImageObject","inLanguage":"pt-BR","@id":"https:\/\/maranhaotv.com.br\/#\/schema\/logo\/image\/","url":"https:\/\/maranhaotv.com.br\/wp-content\/uploads\/2024\/05\/cropped-cropped-avatar-1.png","contentUrl":"https:\/\/maranhaotv.com.br\/wp-content\/uploads\/2024\/05\/cropped-cropped-avatar-1.png","width":792,"height":428,"caption":"Portal de Not\u00edcias"},"image":{"@id":"https:\/\/maranhaotv.com.br\/#\/schema\/logo\/image\/"},"sameAs":["https:\/\/www.facebook.com\/maiobaotv","https:\/\/x.com\/sitemaranhaotv","https:\/\/www.instagram.com\/maranhao.tv","https:\/\/www.threads.net\/@maranhao.tv"]},{"@type":"Person","@id":"https:\/\/maranhaotv.com.br\/#\/schema\/person\/3d54238e86b20bb5c89ab2fdb8f8829a","name":"maranhaotv","image":{"@type":"ImageObject","inLanguage":"pt-BR","@id":"https:\/\/secure.gravatar.com\/avatar\/8fadbca458d4cb68b1dd399ae9a40618d747bb1af65ac9fad21c89220a143eb4?s=96&d=mm&r=g","url":"https:\/\/secure.gravatar.com\/avatar\/8fadbca458d4cb68b1dd399ae9a40618d747bb1af65ac9fad21c89220a143eb4?s=96&d=mm&r=g","contentUrl":"https:\/\/secure.gravatar.com\/avatar\/8fadbca458d4cb68b1dd399ae9a40618d747bb1af65ac9fad21c89220a143eb4?s=96&d=mm&r=g","caption":"maranhaotv"},"sameAs":["https:\/\/maranhaotv.com.br\/"],"url":"https:\/\/maranhaotv.com.br\/index.php\/author\/maranhaotv\/"}]}},"jetpack_featured_media_url":"https:\/\/maranhaotv.com.br\/wp-content\/uploads\/2024\/06\/r1299054_1296x729_16-9-e1718017818151.jpg","jetpack_sharing_enabled":true,"_links":{"self":[{"href":"https:\/\/maranhaotv.com.br\/index.php\/wp-json\/wp\/v2\/posts\/36280","targetHints":{"allow":["GET"]}}],"collection":[{"href":"https:\/\/maranhaotv.com.br\/index.php\/wp-json\/wp\/v2\/posts"}],"about":[{"href":"https:\/\/maranhaotv.com.br\/index.php\/wp-json\/wp\/v2\/types\/post"}],"author":[{"embeddable":true,"href":"https:\/\/maranhaotv.com.br\/index.php\/wp-json\/wp\/v2\/users\/2"}],"replies":[{"embeddable":true,"href":"https:\/\/maranhaotv.com.br\/index.php\/wp-json\/wp\/v2\/comments?post=36280"}],"version-history":[{"count":1,"href":"https:\/\/maranhaotv.com.br\/index.php\/wp-json\/wp\/v2\/posts\/36280\/revisions"}],"predecessor-version":[{"id":36281,"href":"https:\/\/maranhaotv.com.br\/index.php\/wp-json\/wp\/v2\/posts\/36280\/revisions\/36281"}],"wp:featuredmedia":[{"embeddable":true,"href":"https:\/\/maranhaotv.com.br\/index.php\/wp-json\/wp\/v2\/media\/36279"}],"wp:attachment":[{"href":"https:\/\/maranhaotv.com.br\/index.php\/wp-json\/wp\/v2\/media?parent=36280"}],"wp:term":[{"taxonomy":"category","embeddable":true,"href":"https:\/\/maranhaotv.com.br\/index.php\/wp-json\/wp\/v2\/categories?post=36280"},{"taxonomy":"post_tag","embeddable":true,"href":"https:\/\/maranhaotv.com.br\/index.php\/wp-json\/wp\/v2\/tags?post=36280"}],"curies":[{"name":"wp","href":"https:\/\/api.w.org\/{rel}","templated":true}]}}