{"id":36914,"date":"2024-07-23T19:51:51","date_gmt":"2024-07-23T22:51:51","guid":{"rendered":"https:\/\/maranhaotv.com.br\/?p=36914"},"modified":"2024-07-23T19:51:51","modified_gmt":"2024-07-23T22:51:51","slug":"braide-compra-102-ventiladores-para-cada-escola-municipal-de-sao-luis-por-r-45-milhoes","status":"publish","type":"post","link":"https:\/\/maranhaotv.com.br\/index.php\/2024\/07\/23\/braide-compra-102-ventiladores-para-cada-escola-municipal-de-sao-luis-por-r-45-milhoes\/","title":{"rendered":"Braide compra 102 ventiladores para cada escola municipal de S\u00e3o Lu\u00eds por R$ 4,5 milh\u00f5es"},"content":{"rendered":"\n<p>A contrata\u00e7\u00e3o da empresa Ventisol Nordeste Ind\u00fastria e Com\u00e9rcio de Ventiladores para fornecer esses dispositivos \u00e0s escolas municipais de S\u00e3o Lu\u00eds vai custar aos cofres p\u00fablicos R$ 4.580.000,00, segundo o Di\u00e1rio Oficial. Levando em conta o pre\u00e7o m\u00e9dio do equipamento, R$ 229, o valor milion\u00e1rio garantiria a compra de 20 mil ventiladores.<br><br>Com 197 escolas integrantes da rede municipal, daria para equipar cada uma com 102 dispositivos, que servir\u00e3o para ventilar o ar quente de S\u00e3o Lu\u00eds sobre as dezenas de alunos que se amontoam nas salas de aula.<br><br>Al\u00e9m do valor, a licita\u00e7\u00e3o tamb\u00e9m chama a aten\u00e7\u00e3o por vir ap\u00f3s o prefeito Eduardo Braide anunciar que as escolas municipais receberiam aparelhos de ar-condicionado.<br><br>\u201cO desafio do nevou veio a\u00ed, hein? N\u00e3o digo nada, s\u00f3 haver\u00e1 v\u00e1rios sinais!\u201d, publicou nas redes sociais na \u00e9poca, veja o contrato:<\/p>\n\n\n\n<figure class=\"wp-block-image size-large\"><img loading=\"lazy\" decoding=\"async\" width=\"477\" height=\"477\" src=\"https:\/\/maranhaotv.com.br\/wp-content\/uploads\/2024\/07\/e92bf478-eb8d-4e60-9fe5-337a6c7a05291920961106936189039.jpeg\" alt=\"\" class=\"wp-image-36912\" srcset=\"https:\/\/maranhaotv.com.br\/wp-content\/uploads\/2024\/07\/e92bf478-eb8d-4e60-9fe5-337a6c7a05291920961106936189039.jpeg 477w, https:\/\/maranhaotv.com.br\/wp-content\/uploads\/2024\/07\/e92bf478-eb8d-4e60-9fe5-337a6c7a05291920961106936189039-300x300.jpeg 300w, https:\/\/maranhaotv.com.br\/wp-content\/uploads\/2024\/07\/e92bf478-eb8d-4e60-9fe5-337a6c7a05291920961106936189039-150x150.jpeg 150w\" sizes=\"auto, (max-width: 477px) 100vw, 477px\" \/><\/figure>\n\n\n\n<p><br>Sem ar-condicionado e entrando no per\u00edodo mais quente do ano, com poucas chuvas, os alunos agora precisam se conformar com o desconforto na hora de assistir \u00e0s aulas nas escolas que j\u00e1 s\u00e3o alvo de reclama\u00e7\u00f5es por falta de estrutura e de professores. Em junho, a Prefeitura de S\u00e3o Lu\u00eds foi condenada a fazer concurso p\u00fablico para a contrata\u00e7\u00e3o de profissionais.<\/p>\n","protected":false},"excerpt":{"rendered":"<p>A contrata\u00e7\u00e3o da empresa Ventisol Nordeste Ind\u00fastria e Com\u00e9rcio de Ventiladores para fornecer esses dispositivos \u00e0s escolas municipais de S\u00e3o<\/p>\n","protected":false},"author":2,"featured_media":36913,"comment_status":"open","ping_status":"open","sticky":false,"template":"","format":"standard","meta":{"colormag_page_container_layout":"default_layout","colormag_page_sidebar_layout":"default_layout","_jetpack_memberships_contains_paid_content":false,"footnotes":""},"categories":[23],"tags":[],"class_list":["post-36914","post","type-post","status-publish","format-standard","has-post-thumbnail","hentry","category-denuncia"],"magazineBlocksPostFeaturedMedia":{"thumbnail":"https:\/\/maranhaotv.com.br\/wp-content\/uploads\/2024\/07\/image_editor_output_image-1687838364-1721775077249-150x150.jpg","medium":"https:\/\/maranhaotv.com.br\/wp-content\/uploads\/2024\/07\/image_editor_output_image-1687838364-1721775077249-300x279.jpg","medium_large":"https:\/\/maranhaotv.com.br\/wp-content\/uploads\/2024\/07\/image_editor_output_image-1687838364-1721775077249-768x715.jpg","large":"https:\/\/maranhaotv.com.br\/wp-content\/uploads\/2024\/07\/image_editor_output_image-1687838364-1721775077249.jpg","1536x1536":"https:\/\/maranhaotv.com.br\/wp-content\/uploads\/2024\/07\/image_editor_output_image-1687838364-1721775077249.jpg","2048x2048":"https:\/\/maranhaotv.com.br\/wp-content\/uploads\/2024\/07\/image_editor_output_image-1687838364-1721775077249.jpg","colormag-highlighted-post":"https:\/\/maranhaotv.com.br\/wp-content\/uploads\/2024\/07\/image_editor_output_image-1687838364-1721775077249-392x272.jpg","colormag-featured-post-medium":"https:\/\/maranhaotv.com.br\/wp-content\/uploads\/2024\/07\/image_editor_output_image-1687838364-1721775077249-390x205.jpg","colormag-featured-post-small":"https:\/\/maranhaotv.com.br\/wp-content\/uploads\/2024\/07\/image_editor_output_image-1687838364-1721775077249-130x90.jpg","colormag-featured-image":"https:\/\/maranhaotv.com.br\/wp-content\/uploads\/2024\/07\/image_editor_output_image-1687838364-1721775077249-800x445.jpg","colormag-default-news":"https:\/\/maranhaotv.com.br\/wp-content\/uploads\/2024\/07\/image_editor_output_image-1687838364-1721775077249-150x150.jpg","colormag-featured-image-large":"https:\/\/maranhaotv.com.br\/wp-content\/uploads\/2024\/07\/image_editor_output_image-1687838364-1721775077249-951x600.jpg"},"magazineBlocksPostAuthor":{"name":"maranhaotv","avatar":"https:\/\/secure.gravatar.com\/avatar\/8fadbca458d4cb68b1dd399ae9a40618d747bb1af65ac9fad21c89220a143eb4?s=96&d=mm&r=g"},"magazineBlocksPostCommentsNumber":"0","magazineBlocksPostExcerpt":"A contrata\u00e7\u00e3o da empresa Ventisol Nordeste Ind\u00fastria e Com\u00e9rcio de Ventiladores para fornecer esses dispositivos \u00e0s escolas municipais de S\u00e3o","magazineBlocksPostCategories":["den\u00fancia"],"magazineBlocksPostViewCount":241,"magazineBlocksPostReadTime":2,"magazine_blocks_featured_image_url":{"full":["https:\/\/maranhaotv.com.br\/wp-content\/uploads\/2024\/07\/image_editor_output_image-1687838364-1721775077249.jpg",951,885,false],"medium":["https:\/\/maranhaotv.com.br\/wp-content\/uploads\/2024\/07\/image_editor_output_image-1687838364-1721775077249-300x279.jpg",300,279,true],"thumbnail":["https:\/\/maranhaotv.com.br\/wp-content\/uploads\/2024\/07\/image_editor_output_image-1687838364-1721775077249-150x150.jpg",150,150,true]},"magazine_blocks_author":{"display_name":"maranhaotv","author_link":"https:\/\/maranhaotv.com.br\/index.php\/author\/maranhaotv\/"},"magazine_blocks_comment":0,"magazine_blocks_author_image":"https:\/\/secure.gravatar.com\/avatar\/8fadbca458d4cb68b1dd399ae9a40618d747bb1af65ac9fad21c89220a143eb4?s=96&d=mm&r=g","magazine_blocks_category":"<a href=\"#\" class=\"category-link category-link-23\">den\u00fancia<\/a>","yoast_head":"<!-- This site is optimized with the Yoast SEO plugin v27.4 - https:\/\/yoast.com\/product\/yoast-seo-wordpress\/ -->\n<title>Braide compra 102 ventiladores para cada escola municipal de S\u00e3o Lu\u00eds por R$ 4,5 milh\u00f5es - NOT\u00cdCIAS EM TEMPO REAL<\/title>\n<meta name=\"robots\" content=\"index, follow, max-snippet:-1, max-image-preview:large, max-video-preview:-1\" \/>\n<link rel=\"canonical\" href=\"https:\/\/maranhaotv.com.br\/index.php\/2024\/07\/23\/braide-compra-102-ventiladores-para-cada-escola-municipal-de-sao-luis-por-r-45-milhoes\/\" \/>\n<meta property=\"og:locale\" content=\"pt_BR\" \/>\n<meta property=\"og:type\" content=\"article\" \/>\n<meta property=\"og:title\" content=\"Braide compra 102 ventiladores para cada escola municipal de S\u00e3o Lu\u00eds por R$ 4,5 milh\u00f5es - NOT\u00cdCIAS EM TEMPO REAL\" \/>\n<meta property=\"og:description\" content=\"A contrata\u00e7\u00e3o da empresa Ventisol Nordeste Ind\u00fastria e Com\u00e9rcio de Ventiladores para fornecer esses dispositivos \u00e0s escolas municipais de S\u00e3o\" \/>\n<meta property=\"og:url\" content=\"https:\/\/maranhaotv.com.br\/index.php\/2024\/07\/23\/braide-compra-102-ventiladores-para-cada-escola-municipal-de-sao-luis-por-r-45-milhoes\/\" \/>\n<meta property=\"og:site_name\" content=\"NOT\u00cdCIAS EM TEMPO REAL\" \/>\n<meta property=\"article:publisher\" content=\"https:\/\/www.facebook.com\/maiobaotv\" \/>\n<meta property=\"article:published_time\" content=\"2024-07-23T22:51:51+00:00\" \/>\n<meta property=\"og:image\" content=\"https:\/\/maranhaotv.com.br\/wp-content\/uploads\/2024\/07\/image_editor_output_image-1687838364-1721775077249.jpg\" \/>\n\t<meta property=\"og:image:width\" content=\"951\" \/>\n\t<meta property=\"og:image:height\" content=\"885\" \/>\n\t<meta property=\"og:image:type\" content=\"image\/jpeg\" \/>\n<meta name=\"author\" content=\"maranhaotv\" \/>\n<meta name=\"twitter:card\" content=\"summary_large_image\" \/>\n<meta name=\"twitter:creator\" content=\"@sitemaranhaotv\" \/>\n<meta name=\"twitter:site\" content=\"@sitemaranhaotv\" \/>\n<meta name=\"twitter:label1\" content=\"Escrito por\" \/>\n\t<meta name=\"twitter:data1\" content=\"maranhaotv\" \/>\n\t<meta name=\"twitter:label2\" content=\"Est. tempo de leitura\" \/>\n\t<meta name=\"twitter:data2\" content=\"1 minuto\" \/>\n<script type=\"application\/ld+json\" class=\"yoast-schema-graph\">{\"@context\":\"https:\\\/\\\/schema.org\",\"@graph\":[{\"@type\":\"Article\",\"@id\":\"https:\\\/\\\/maranhaotv.com.br\\\/index.php\\\/2024\\\/07\\\/23\\\/braide-compra-102-ventiladores-para-cada-escola-municipal-de-sao-luis-por-r-45-milhoes\\\/#article\",\"isPartOf\":{\"@id\":\"https:\\\/\\\/maranhaotv.com.br\\\/index.php\\\/2024\\\/07\\\/23\\\/braide-compra-102-ventiladores-para-cada-escola-municipal-de-sao-luis-por-r-45-milhoes\\\/\"},\"author\":{\"name\":\"maranhaotv\",\"@id\":\"https:\\\/\\\/maranhaotv.com.br\\\/#\\\/schema\\\/person\\\/3d54238e86b20bb5c89ab2fdb8f8829a\"},\"headline\":\"Braide compra 102 ventiladores para cada escola municipal de S\u00e3o Lu\u00eds por R$ 4,5 milh\u00f5es\",\"datePublished\":\"2024-07-23T22:51:51+00:00\",\"mainEntityOfPage\":{\"@id\":\"https:\\\/\\\/maranhaotv.com.br\\\/index.php\\\/2024\\\/07\\\/23\\\/braide-compra-102-ventiladores-para-cada-escola-municipal-de-sao-luis-por-r-45-milhoes\\\/\"},\"wordCount\":236,\"commentCount\":0,\"publisher\":{\"@id\":\"https:\\\/\\\/maranhaotv.com.br\\\/#organization\"},\"image\":{\"@id\":\"https:\\\/\\\/maranhaotv.com.br\\\/index.php\\\/2024\\\/07\\\/23\\\/braide-compra-102-ventiladores-para-cada-escola-municipal-de-sao-luis-por-r-45-milhoes\\\/#primaryimage\"},\"thumbnailUrl\":\"https:\\\/\\\/maranhaotv.com.br\\\/wp-content\\\/uploads\\\/2024\\\/07\\\/image_editor_output_image-1687838364-1721775077249.jpg\",\"articleSection\":[\"den\u00fancia\"],\"inLanguage\":\"pt-BR\",\"potentialAction\":[{\"@type\":\"CommentAction\",\"name\":\"Comment\",\"target\":[\"https:\\\/\\\/maranhaotv.com.br\\\/index.php\\\/2024\\\/07\\\/23\\\/braide-compra-102-ventiladores-para-cada-escola-municipal-de-sao-luis-por-r-45-milhoes\\\/#respond\"]}]},{\"@type\":\"WebPage\",\"@id\":\"https:\\\/\\\/maranhaotv.com.br\\\/index.php\\\/2024\\\/07\\\/23\\\/braide-compra-102-ventiladores-para-cada-escola-municipal-de-sao-luis-por-r-45-milhoes\\\/\",\"url\":\"https:\\\/\\\/maranhaotv.com.br\\\/index.php\\\/2024\\\/07\\\/23\\\/braide-compra-102-ventiladores-para-cada-escola-municipal-de-sao-luis-por-r-45-milhoes\\\/\",\"name\":\"Braide compra 102 ventiladores para cada escola municipal de S\u00e3o Lu\u00eds por R$ 4,5 milh\u00f5es - NOT\u00cdCIAS EM TEMPO REAL\",\"isPartOf\":{\"@id\":\"https:\\\/\\\/maranhaotv.com.br\\\/#website\"},\"primaryImageOfPage\":{\"@id\":\"https:\\\/\\\/maranhaotv.com.br\\\/index.php\\\/2024\\\/07\\\/23\\\/braide-compra-102-ventiladores-para-cada-escola-municipal-de-sao-luis-por-r-45-milhoes\\\/#primaryimage\"},\"image\":{\"@id\":\"https:\\\/\\\/maranhaotv.com.br\\\/index.php\\\/2024\\\/07\\\/23\\\/braide-compra-102-ventiladores-para-cada-escola-municipal-de-sao-luis-por-r-45-milhoes\\\/#primaryimage\"},\"thumbnailUrl\":\"https:\\\/\\\/maranhaotv.com.br\\\/wp-content\\\/uploads\\\/2024\\\/07\\\/image_editor_output_image-1687838364-1721775077249.jpg\",\"datePublished\":\"2024-07-23T22:51:51+00:00\",\"breadcrumb\":{\"@id\":\"https:\\\/\\\/maranhaotv.com.br\\\/index.php\\\/2024\\\/07\\\/23\\\/braide-compra-102-ventiladores-para-cada-escola-municipal-de-sao-luis-por-r-45-milhoes\\\/#breadcrumb\"},\"inLanguage\":\"pt-BR\",\"potentialAction\":[{\"@type\":\"ReadAction\",\"target\":[\"https:\\\/\\\/maranhaotv.com.br\\\/index.php\\\/2024\\\/07\\\/23\\\/braide-compra-102-ventiladores-para-cada-escola-municipal-de-sao-luis-por-r-45-milhoes\\\/\"]}]},{\"@type\":\"ImageObject\",\"inLanguage\":\"pt-BR\",\"@id\":\"https:\\\/\\\/maranhaotv.com.br\\\/index.php\\\/2024\\\/07\\\/23\\\/braide-compra-102-ventiladores-para-cada-escola-municipal-de-sao-luis-por-r-45-milhoes\\\/#primaryimage\",\"url\":\"https:\\\/\\\/maranhaotv.com.br\\\/wp-content\\\/uploads\\\/2024\\\/07\\\/image_editor_output_image-1687838364-1721775077249.jpg\",\"contentUrl\":\"https:\\\/\\\/maranhaotv.com.br\\\/wp-content\\\/uploads\\\/2024\\\/07\\\/image_editor_output_image-1687838364-1721775077249.jpg\",\"width\":951,\"height\":885},{\"@type\":\"BreadcrumbList\",\"@id\":\"https:\\\/\\\/maranhaotv.com.br\\\/index.php\\\/2024\\\/07\\\/23\\\/braide-compra-102-ventiladores-para-cada-escola-municipal-de-sao-luis-por-r-45-milhoes\\\/#breadcrumb\",\"itemListElement\":[{\"@type\":\"ListItem\",\"position\":1,\"name\":\"In\u00edcio\",\"item\":\"https:\\\/\\\/maranhaotv.com.br\\\/\"},{\"@type\":\"ListItem\",\"position\":2,\"name\":\"Braide compra 102 ventiladores para cada escola municipal de S\u00e3o Lu\u00eds por R$ 4,5 milh\u00f5es\"}]},{\"@type\":\"WebSite\",\"@id\":\"https:\\\/\\\/maranhaotv.com.br\\\/#website\",\"url\":\"https:\\\/\\\/maranhaotv.com.br\\\/\",\"name\":\"Maranh\u00e3oTV\",\"description\":\"\",\"publisher\":{\"@id\":\"https:\\\/\\\/maranhaotv.com.br\\\/#organization\"},\"potentialAction\":[{\"@type\":\"SearchAction\",\"target\":{\"@type\":\"EntryPoint\",\"urlTemplate\":\"https:\\\/\\\/maranhaotv.com.br\\\/?s={search_term_string}\"},\"query-input\":{\"@type\":\"PropertyValueSpecification\",\"valueRequired\":true,\"valueName\":\"search_term_string\"}}],\"inLanguage\":\"pt-BR\"},{\"@type\":\"Organization\",\"@id\":\"https:\\\/\\\/maranhaotv.com.br\\\/#organization\",\"name\":\"Portal de Not\u00edcias\",\"url\":\"https:\\\/\\\/maranhaotv.com.br\\\/\",\"logo\":{\"@type\":\"ImageObject\",\"inLanguage\":\"pt-BR\",\"@id\":\"https:\\\/\\\/maranhaotv.com.br\\\/#\\\/schema\\\/logo\\\/image\\\/\",\"url\":\"https:\\\/\\\/maranhaotv.com.br\\\/wp-content\\\/uploads\\\/2024\\\/05\\\/cropped-cropped-avatar-1.png\",\"contentUrl\":\"https:\\\/\\\/maranhaotv.com.br\\\/wp-content\\\/uploads\\\/2024\\\/05\\\/cropped-cropped-avatar-1.png\",\"width\":792,\"height\":428,\"caption\":\"Portal de Not\u00edcias\"},\"image\":{\"@id\":\"https:\\\/\\\/maranhaotv.com.br\\\/#\\\/schema\\\/logo\\\/image\\\/\"},\"sameAs\":[\"https:\\\/\\\/www.facebook.com\\\/maiobaotv\",\"https:\\\/\\\/x.com\\\/sitemaranhaotv\",\"https:\\\/\\\/www.instagram.com\\\/maranhao.tv\",\"https:\\\/\\\/www.threads.net\\\/@maranhao.tv\"]},{\"@type\":\"Person\",\"@id\":\"https:\\\/\\\/maranhaotv.com.br\\\/#\\\/schema\\\/person\\\/3d54238e86b20bb5c89ab2fdb8f8829a\",\"name\":\"maranhaotv\",\"image\":{\"@type\":\"ImageObject\",\"inLanguage\":\"pt-BR\",\"@id\":\"https:\\\/\\\/secure.gravatar.com\\\/avatar\\\/8fadbca458d4cb68b1dd399ae9a40618d747bb1af65ac9fad21c89220a143eb4?s=96&d=mm&r=g\",\"url\":\"https:\\\/\\\/secure.gravatar.com\\\/avatar\\\/8fadbca458d4cb68b1dd399ae9a40618d747bb1af65ac9fad21c89220a143eb4?s=96&d=mm&r=g\",\"contentUrl\":\"https:\\\/\\\/secure.gravatar.com\\\/avatar\\\/8fadbca458d4cb68b1dd399ae9a40618d747bb1af65ac9fad21c89220a143eb4?s=96&d=mm&r=g\",\"caption\":\"maranhaotv\"},\"sameAs\":[\"https:\\\/\\\/maranhaotv.com.br\\\/\"],\"url\":\"https:\\\/\\\/maranhaotv.com.br\\\/index.php\\\/author\\\/maranhaotv\\\/\"}]}<\/script>\n<!-- \/ Yoast SEO plugin. -->","yoast_head_json":{"title":"Braide compra 102 ventiladores para cada escola municipal de S\u00e3o Lu\u00eds por R$ 4,5 milh\u00f5es - NOT\u00cdCIAS EM TEMPO REAL","robots":{"index":"index","follow":"follow","max-snippet":"max-snippet:-1","max-image-preview":"max-image-preview:large","max-video-preview":"max-video-preview:-1"},"canonical":"https:\/\/maranhaotv.com.br\/index.php\/2024\/07\/23\/braide-compra-102-ventiladores-para-cada-escola-municipal-de-sao-luis-por-r-45-milhoes\/","og_locale":"pt_BR","og_type":"article","og_title":"Braide compra 102 ventiladores para cada escola municipal de S\u00e3o Lu\u00eds por R$ 4,5 milh\u00f5es - NOT\u00cdCIAS EM TEMPO REAL","og_description":"A contrata\u00e7\u00e3o da empresa Ventisol Nordeste Ind\u00fastria e Com\u00e9rcio de Ventiladores para fornecer esses dispositivos \u00e0s escolas municipais de S\u00e3o","og_url":"https:\/\/maranhaotv.com.br\/index.php\/2024\/07\/23\/braide-compra-102-ventiladores-para-cada-escola-municipal-de-sao-luis-por-r-45-milhoes\/","og_site_name":"NOT\u00cdCIAS EM TEMPO REAL","article_publisher":"https:\/\/www.facebook.com\/maiobaotv","article_published_time":"2024-07-23T22:51:51+00:00","og_image":[{"width":951,"height":885,"url":"https:\/\/maranhaotv.com.br\/wp-content\/uploads\/2024\/07\/image_editor_output_image-1687838364-1721775077249.jpg","type":"image\/jpeg"}],"author":"maranhaotv","twitter_card":"summary_large_image","twitter_creator":"@sitemaranhaotv","twitter_site":"@sitemaranhaotv","twitter_misc":{"Escrito por":"maranhaotv","Est. tempo de leitura":"1 minuto"},"schema":{"@context":"https:\/\/schema.org","@graph":[{"@type":"Article","@id":"https:\/\/maranhaotv.com.br\/index.php\/2024\/07\/23\/braide-compra-102-ventiladores-para-cada-escola-municipal-de-sao-luis-por-r-45-milhoes\/#article","isPartOf":{"@id":"https:\/\/maranhaotv.com.br\/index.php\/2024\/07\/23\/braide-compra-102-ventiladores-para-cada-escola-municipal-de-sao-luis-por-r-45-milhoes\/"},"author":{"name":"maranhaotv","@id":"https:\/\/maranhaotv.com.br\/#\/schema\/person\/3d54238e86b20bb5c89ab2fdb8f8829a"},"headline":"Braide compra 102 ventiladores para cada escola municipal de S\u00e3o Lu\u00eds por R$ 4,5 milh\u00f5es","datePublished":"2024-07-23T22:51:51+00:00","mainEntityOfPage":{"@id":"https:\/\/maranhaotv.com.br\/index.php\/2024\/07\/23\/braide-compra-102-ventiladores-para-cada-escola-municipal-de-sao-luis-por-r-45-milhoes\/"},"wordCount":236,"commentCount":0,"publisher":{"@id":"https:\/\/maranhaotv.com.br\/#organization"},"image":{"@id":"https:\/\/maranhaotv.com.br\/index.php\/2024\/07\/23\/braide-compra-102-ventiladores-para-cada-escola-municipal-de-sao-luis-por-r-45-milhoes\/#primaryimage"},"thumbnailUrl":"https:\/\/maranhaotv.com.br\/wp-content\/uploads\/2024\/07\/image_editor_output_image-1687838364-1721775077249.jpg","articleSection":["den\u00fancia"],"inLanguage":"pt-BR","potentialAction":[{"@type":"CommentAction","name":"Comment","target":["https:\/\/maranhaotv.com.br\/index.php\/2024\/07\/23\/braide-compra-102-ventiladores-para-cada-escola-municipal-de-sao-luis-por-r-45-milhoes\/#respond"]}]},{"@type":"WebPage","@id":"https:\/\/maranhaotv.com.br\/index.php\/2024\/07\/23\/braide-compra-102-ventiladores-para-cada-escola-municipal-de-sao-luis-por-r-45-milhoes\/","url":"https:\/\/maranhaotv.com.br\/index.php\/2024\/07\/23\/braide-compra-102-ventiladores-para-cada-escola-municipal-de-sao-luis-por-r-45-milhoes\/","name":"Braide compra 102 ventiladores para cada escola municipal de S\u00e3o Lu\u00eds por R$ 4,5 milh\u00f5es - NOT\u00cdCIAS EM TEMPO REAL","isPartOf":{"@id":"https:\/\/maranhaotv.com.br\/#website"},"primaryImageOfPage":{"@id":"https:\/\/maranhaotv.com.br\/index.php\/2024\/07\/23\/braide-compra-102-ventiladores-para-cada-escola-municipal-de-sao-luis-por-r-45-milhoes\/#primaryimage"},"image":{"@id":"https:\/\/maranhaotv.com.br\/index.php\/2024\/07\/23\/braide-compra-102-ventiladores-para-cada-escola-municipal-de-sao-luis-por-r-45-milhoes\/#primaryimage"},"thumbnailUrl":"https:\/\/maranhaotv.com.br\/wp-content\/uploads\/2024\/07\/image_editor_output_image-1687838364-1721775077249.jpg","datePublished":"2024-07-23T22:51:51+00:00","breadcrumb":{"@id":"https:\/\/maranhaotv.com.br\/index.php\/2024\/07\/23\/braide-compra-102-ventiladores-para-cada-escola-municipal-de-sao-luis-por-r-45-milhoes\/#breadcrumb"},"inLanguage":"pt-BR","potentialAction":[{"@type":"ReadAction","target":["https:\/\/maranhaotv.com.br\/index.php\/2024\/07\/23\/braide-compra-102-ventiladores-para-cada-escola-municipal-de-sao-luis-por-r-45-milhoes\/"]}]},{"@type":"ImageObject","inLanguage":"pt-BR","@id":"https:\/\/maranhaotv.com.br\/index.php\/2024\/07\/23\/braide-compra-102-ventiladores-para-cada-escola-municipal-de-sao-luis-por-r-45-milhoes\/#primaryimage","url":"https:\/\/maranhaotv.com.br\/wp-content\/uploads\/2024\/07\/image_editor_output_image-1687838364-1721775077249.jpg","contentUrl":"https:\/\/maranhaotv.com.br\/wp-content\/uploads\/2024\/07\/image_editor_output_image-1687838364-1721775077249.jpg","width":951,"height":885},{"@type":"BreadcrumbList","@id":"https:\/\/maranhaotv.com.br\/index.php\/2024\/07\/23\/braide-compra-102-ventiladores-para-cada-escola-municipal-de-sao-luis-por-r-45-milhoes\/#breadcrumb","itemListElement":[{"@type":"ListItem","position":1,"name":"In\u00edcio","item":"https:\/\/maranhaotv.com.br\/"},{"@type":"ListItem","position":2,"name":"Braide compra 102 ventiladores para cada escola municipal de S\u00e3o Lu\u00eds por R$ 4,5 milh\u00f5es"}]},{"@type":"WebSite","@id":"https:\/\/maranhaotv.com.br\/#website","url":"https:\/\/maranhaotv.com.br\/","name":"Maranh\u00e3oTV","description":"","publisher":{"@id":"https:\/\/maranhaotv.com.br\/#organization"},"potentialAction":[{"@type":"SearchAction","target":{"@type":"EntryPoint","urlTemplate":"https:\/\/maranhaotv.com.br\/?s={search_term_string}"},"query-input":{"@type":"PropertyValueSpecification","valueRequired":true,"valueName":"search_term_string"}}],"inLanguage":"pt-BR"},{"@type":"Organization","@id":"https:\/\/maranhaotv.com.br\/#organization","name":"Portal de Not\u00edcias","url":"https:\/\/maranhaotv.com.br\/","logo":{"@type":"ImageObject","inLanguage":"pt-BR","@id":"https:\/\/maranhaotv.com.br\/#\/schema\/logo\/image\/","url":"https:\/\/maranhaotv.com.br\/wp-content\/uploads\/2024\/05\/cropped-cropped-avatar-1.png","contentUrl":"https:\/\/maranhaotv.com.br\/wp-content\/uploads\/2024\/05\/cropped-cropped-avatar-1.png","width":792,"height":428,"caption":"Portal de Not\u00edcias"},"image":{"@id":"https:\/\/maranhaotv.com.br\/#\/schema\/logo\/image\/"},"sameAs":["https:\/\/www.facebook.com\/maiobaotv","https:\/\/x.com\/sitemaranhaotv","https:\/\/www.instagram.com\/maranhao.tv","https:\/\/www.threads.net\/@maranhao.tv"]},{"@type":"Person","@id":"https:\/\/maranhaotv.com.br\/#\/schema\/person\/3d54238e86b20bb5c89ab2fdb8f8829a","name":"maranhaotv","image":{"@type":"ImageObject","inLanguage":"pt-BR","@id":"https:\/\/secure.gravatar.com\/avatar\/8fadbca458d4cb68b1dd399ae9a40618d747bb1af65ac9fad21c89220a143eb4?s=96&d=mm&r=g","url":"https:\/\/secure.gravatar.com\/avatar\/8fadbca458d4cb68b1dd399ae9a40618d747bb1af65ac9fad21c89220a143eb4?s=96&d=mm&r=g","contentUrl":"https:\/\/secure.gravatar.com\/avatar\/8fadbca458d4cb68b1dd399ae9a40618d747bb1af65ac9fad21c89220a143eb4?s=96&d=mm&r=g","caption":"maranhaotv"},"sameAs":["https:\/\/maranhaotv.com.br\/"],"url":"https:\/\/maranhaotv.com.br\/index.php\/author\/maranhaotv\/"}]}},"jetpack_featured_media_url":"https:\/\/maranhaotv.com.br\/wp-content\/uploads\/2024\/07\/image_editor_output_image-1687838364-1721775077249.jpg","jetpack_sharing_enabled":true,"_links":{"self":[{"href":"https:\/\/maranhaotv.com.br\/index.php\/wp-json\/wp\/v2\/posts\/36914","targetHints":{"allow":["GET"]}}],"collection":[{"href":"https:\/\/maranhaotv.com.br\/index.php\/wp-json\/wp\/v2\/posts"}],"about":[{"href":"https:\/\/maranhaotv.com.br\/index.php\/wp-json\/wp\/v2\/types\/post"}],"author":[{"embeddable":true,"href":"https:\/\/maranhaotv.com.br\/index.php\/wp-json\/wp\/v2\/users\/2"}],"replies":[{"embeddable":true,"href":"https:\/\/maranhaotv.com.br\/index.php\/wp-json\/wp\/v2\/comments?post=36914"}],"version-history":[{"count":1,"href":"https:\/\/maranhaotv.com.br\/index.php\/wp-json\/wp\/v2\/posts\/36914\/revisions"}],"predecessor-version":[{"id":36915,"href":"https:\/\/maranhaotv.com.br\/index.php\/wp-json\/wp\/v2\/posts\/36914\/revisions\/36915"}],"wp:featuredmedia":[{"embeddable":true,"href":"https:\/\/maranhaotv.com.br\/index.php\/wp-json\/wp\/v2\/media\/36913"}],"wp:attachment":[{"href":"https:\/\/maranhaotv.com.br\/index.php\/wp-json\/wp\/v2\/media?parent=36914"}],"wp:term":[{"taxonomy":"category","embeddable":true,"href":"https:\/\/maranhaotv.com.br\/index.php\/wp-json\/wp\/v2\/categories?post=36914"},{"taxonomy":"post_tag","embeddable":true,"href":"https:\/\/maranhaotv.com.br\/index.php\/wp-json\/wp\/v2\/tags?post=36914"}],"curies":[{"name":"wp","href":"https:\/\/api.w.org\/{rel}","templated":true}]}}