{"id":36964,"date":"2024-07-27T07:54:15","date_gmt":"2024-07-27T10:54:15","guid":{"rendered":"https:\/\/maranhaotv.com.br\/?p=36964"},"modified":"2024-07-27T07:54:15","modified_gmt":"2024-07-27T10:54:15","slug":"dra-janaina-delazeri-lidera-pesquisa-de-intencao-de-votos-em-sao-felix-de-balsas","status":"publish","type":"post","link":"https:\/\/maranhaotv.com.br\/index.php\/2024\/07\/27\/dra-janaina-delazeri-lidera-pesquisa-de-intencao-de-votos-em-sao-felix-de-balsas\/","title":{"rendered":"Dra. Janai\u0301na Delazeri lidera pesquisa de inten\u00e7\u00e3o de votos em S\u00e3o F\u00e9lix de Balsas"},"content":{"rendered":"\n<p><br>A pr\u00e9-candidatura de Dra. Janai\u0301na Delazeri para a prefeitura de S\u00e3o F\u00e9lix de Balsas nas elei\u00e7\u00f5es de 2024 tem ganhado for\u00e7a significativa entre a popula\u00e7\u00e3o. A mais recente pesquisa de inten\u00e7\u00e3o de votos a coloca a ex-secret\u00e1ria municipal de Cultura como favorita.<br><br>Segundo a pesquisa, 62,5% dos entrevistados declararam inten\u00e7\u00e3o de voto em Dra. Janai\u0301na Delazeri, enquanto 36,6% manifestaram apoio a Heider Nunes. Este resultado reflete a confian\u00e7a da popula\u00e7\u00e3o no trabalho realizado at\u00e9 agora e a expectativa de que Dra. Jana\u00edna manter\u00e1 e ampliar\u00e1 os projetos e iniciativas bem-sucedidas.<br><br>Como secret\u00e1ria municipal de cultura, Dra. Janai\u0301na Delazeri se destacou pelo trabalho significativo e pela not\u00e1vel articula\u00e7\u00e3o com o executivo estadual e os parlamentares maranhenses, tanto estaduais quanto federais. Sua gest\u00e3o foi marcada por iniciativas de valoriza\u00e7\u00e3o da cultura e pela amplia\u00e7\u00e3o do acesso a eventos culturais, refor\u00e7ando seu comprometimento com o desenvolvimento local.<br><br>A pesquisa, conduzida pela \u2018Completa Pesquisas de Opini\u00e3o\u2019, foi registrada na Justi\u00e7a Eleitoral sob o n\u00famero MA-04295\/2024 e encomendada por Zenni LTDA. Com uma amostra de 325 entrevistados, o levantamento foi realizado nos dias 12 e 13 de julho de 2024. A margem de erro \u00e9 de 5,2 pontos percentuais para mais ou para menos, com um n\u00edvel de confian\u00e7a de 95%.<br><br>O atual prefeito, M\u00e1rcio Pontes, reconhecido pelo desenvolvimento do munic\u00edpio, endossa a candidatura da ex-secret\u00e1ria da Cultura, o que fortalece ainda mais sua posi\u00e7\u00e3o na corrida eleitoral. Com um \u00edndice de aprova\u00e7\u00e3o de 69,5%, Pontes tem sido um importante apoio para Dra. Janai\u0301na.<br><br>A expectativa \u00e9 que a campanha de Dra. Janai\u0301na ganhe ainda mais f\u00f4lego nas pr\u00f3ximas semanas, com a intensifica\u00e7\u00e3o das atividades de campo e o engajamento de lideran\u00e7as comunit\u00e1rias. A propaganda eleitoral para as elei\u00e7\u00f5es de 2024 ter\u00e1 in\u00edcio no dia 16 de agosto, quando candidatos, partidos, federa\u00e7\u00f5es e coliga\u00e7\u00f5es poder\u00e3o ir \u00e0s ruas ou utilizar an internet para conquistar a prefer\u00eancia dos eleitores.<\/p>\n\n\n\n<figure class=\"wp-block-image size-large\"><img loading=\"lazy\" decoding=\"async\" width=\"850\" height=\"1024\" src=\"https:\/\/maranhaotv.com.br\/wp-content\/uploads\/2024\/07\/img-20240727-wa0129798958944258335410-850x1024.jpg\" alt=\"\" class=\"wp-image-36962\" srcset=\"https:\/\/maranhaotv.com.br\/wp-content\/uploads\/2024\/07\/img-20240727-wa0129798958944258335410-850x1024.jpg 850w, https:\/\/maranhaotv.com.br\/wp-content\/uploads\/2024\/07\/img-20240727-wa0129798958944258335410-249x300.jpg 249w, https:\/\/maranhaotv.com.br\/wp-content\/uploads\/2024\/07\/img-20240727-wa0129798958944258335410-768x925.jpg 768w, https:\/\/maranhaotv.com.br\/wp-content\/uploads\/2024\/07\/img-20240727-wa0129798958944258335410-1275x1536.jpg 1275w, https:\/\/maranhaotv.com.br\/wp-content\/uploads\/2024\/07\/img-20240727-wa0129798958944258335410.jpg 1290w\" sizes=\"auto, (max-width: 850px) 100vw, 850px\" \/><\/figure>\n\n\n\n<figure class=\"wp-block-image\"><img loading=\"lazy\" decoding=\"async\" width=\"461\" height=\"1024\" src=\"https:\/\/maranhaotv.com.br\/wp-content\/uploads\/2024\/07\/img-20240727-wa01285306202574736736196-461x1024.jpg\" alt=\"\" class=\"wp-image-36961\" srcset=\"https:\/\/maranhaotv.com.br\/wp-content\/uploads\/2024\/07\/img-20240727-wa01285306202574736736196-461x1024.jpg 461w, https:\/\/maranhaotv.com.br\/wp-content\/uploads\/2024\/07\/img-20240727-wa01285306202574736736196-135x300.jpg 135w, https:\/\/maranhaotv.com.br\/wp-content\/uploads\/2024\/07\/img-20240727-wa01285306202574736736196-691x1536.jpg 691w, https:\/\/maranhaotv.com.br\/wp-content\/uploads\/2024\/07\/img-20240727-wa01285306202574736736196.jpg 720w\" sizes=\"auto, (max-width: 461px) 100vw, 461px\" \/><\/figure>\n","protected":false},"excerpt":{"rendered":"<p>A pr\u00e9-candidatura de Dra. Janai\u0301na Delazeri para a prefeitura de S\u00e3o F\u00e9lix de Balsas nas elei\u00e7\u00f5es de 2024 tem ganhado<\/p>\n","protected":false},"author":2,"featured_media":36963,"comment_status":"open","ping_status":"open","sticky":false,"template":"","format":"standard","meta":{"colormag_page_container_layout":"default_layout","colormag_page_sidebar_layout":"default_layout","_jetpack_memberships_contains_paid_content":false,"footnotes":""},"categories":[6],"tags":[],"class_list":["post-36964","post","type-post","status-publish","format-standard","has-post-thumbnail","hentry","category-politica"],"magazineBlocksPostFeaturedMedia":{"thumbnail":"https:\/\/maranhaotv.com.br\/wp-content\/uploads\/2024\/07\/image_editor_output_image745773580-1722077632839-150x150.jpg","medium":"https:\/\/maranhaotv.com.br\/wp-content\/uploads\/2024\/07\/image_editor_output_image745773580-1722077632839-300x195.jpg","medium_large":"https:\/\/maranhaotv.com.br\/wp-content\/uploads\/2024\/07\/image_editor_output_image745773580-1722077632839-768x500.jpg","large":"https:\/\/maranhaotv.com.br\/wp-content\/uploads\/2024\/07\/image_editor_output_image745773580-1722077632839-1024x666.jpg","1536x1536":"https:\/\/maranhaotv.com.br\/wp-content\/uploads\/2024\/07\/image_editor_output_image745773580-1722077632839.jpg","2048x2048":"https:\/\/maranhaotv.com.br\/wp-content\/uploads\/2024\/07\/image_editor_output_image745773580-1722077632839.jpg","colormag-highlighted-post":"https:\/\/maranhaotv.com.br\/wp-content\/uploads\/2024\/07\/image_editor_output_image745773580-1722077632839-392x272.jpg","colormag-featured-post-medium":"https:\/\/maranhaotv.com.br\/wp-content\/uploads\/2024\/07\/image_editor_output_image745773580-1722077632839-390x205.jpg","colormag-featured-post-small":"https:\/\/maranhaotv.com.br\/wp-content\/uploads\/2024\/07\/image_editor_output_image745773580-1722077632839-130x90.jpg","colormag-featured-image":"https:\/\/maranhaotv.com.br\/wp-content\/uploads\/2024\/07\/image_editor_output_image745773580-1722077632839-800x445.jpg","colormag-default-news":"https:\/\/maranhaotv.com.br\/wp-content\/uploads\/2024\/07\/image_editor_output_image745773580-1722077632839-150x150.jpg","colormag-featured-image-large":"https:\/\/maranhaotv.com.br\/wp-content\/uploads\/2024\/07\/image_editor_output_image745773580-1722077632839-1193x600.jpg"},"magazineBlocksPostAuthor":{"name":"maranhaotv","avatar":"https:\/\/secure.gravatar.com\/avatar\/8fadbca458d4cb68b1dd399ae9a40618d747bb1af65ac9fad21c89220a143eb4?s=96&d=mm&r=g"},"magazineBlocksPostCommentsNumber":"0","magazineBlocksPostExcerpt":"A pr\u00e9-candidatura de Dra. Janai\u0301na Delazeri para a prefeitura de S\u00e3o F\u00e9lix de Balsas nas elei\u00e7\u00f5es de 2024 tem ganhado","magazineBlocksPostCategories":["pol\u00edtica"],"magazineBlocksPostViewCount":494,"magazineBlocksPostReadTime":2,"magazine_blocks_featured_image_url":{"full":["https:\/\/maranhaotv.com.br\/wp-content\/uploads\/2024\/07\/image_editor_output_image745773580-1722077632839.jpg",1193,776,false],"medium":["https:\/\/maranhaotv.com.br\/wp-content\/uploads\/2024\/07\/image_editor_output_image745773580-1722077632839-300x195.jpg",300,195,true],"thumbnail":["https:\/\/maranhaotv.com.br\/wp-content\/uploads\/2024\/07\/image_editor_output_image745773580-1722077632839-150x150.jpg",150,150,true]},"magazine_blocks_author":{"display_name":"maranhaotv","author_link":"https:\/\/maranhaotv.com.br\/index.php\/author\/maranhaotv\/"},"magazine_blocks_comment":0,"magazine_blocks_author_image":"https:\/\/secure.gravatar.com\/avatar\/8fadbca458d4cb68b1dd399ae9a40618d747bb1af65ac9fad21c89220a143eb4?s=96&d=mm&r=g","magazine_blocks_category":"<a href=\"#\" class=\"category-link category-link-6\">pol\u00edtica<\/a>","yoast_head":"<!-- This site is optimized with the Yoast SEO plugin v27.4 - https:\/\/yoast.com\/product\/yoast-seo-wordpress\/ -->\n<title>Dra. Janai\u0301na Delazeri lidera pesquisa de inten\u00e7\u00e3o de votos em S\u00e3o F\u00e9lix de Balsas - NOT\u00cdCIAS EM TEMPO REAL<\/title>\n<meta name=\"robots\" content=\"index, follow, max-snippet:-1, max-image-preview:large, max-video-preview:-1\" \/>\n<link rel=\"canonical\" href=\"https:\/\/maranhaotv.com.br\/index.php\/2024\/07\/27\/dra-janaina-delazeri-lidera-pesquisa-de-intencao-de-votos-em-sao-felix-de-balsas\/\" \/>\n<meta property=\"og:locale\" content=\"pt_BR\" \/>\n<meta property=\"og:type\" content=\"article\" \/>\n<meta property=\"og:title\" content=\"Dra. Janai\u0301na Delazeri lidera pesquisa de inten\u00e7\u00e3o de votos em S\u00e3o F\u00e9lix de Balsas - NOT\u00cdCIAS EM TEMPO REAL\" \/>\n<meta property=\"og:description\" content=\"A pr\u00e9-candidatura de Dra. Janai\u0301na Delazeri para a prefeitura de S\u00e3o F\u00e9lix de Balsas nas elei\u00e7\u00f5es de 2024 tem ganhado\" \/>\n<meta property=\"og:url\" content=\"https:\/\/maranhaotv.com.br\/index.php\/2024\/07\/27\/dra-janaina-delazeri-lidera-pesquisa-de-intencao-de-votos-em-sao-felix-de-balsas\/\" \/>\n<meta property=\"og:site_name\" content=\"NOT\u00cdCIAS EM TEMPO REAL\" \/>\n<meta property=\"article:publisher\" content=\"https:\/\/www.facebook.com\/maiobaotv\" \/>\n<meta property=\"article:published_time\" content=\"2024-07-27T10:54:15+00:00\" \/>\n<meta property=\"og:image\" content=\"https:\/\/maranhaotv.com.br\/wp-content\/uploads\/2024\/07\/image_editor_output_image745773580-1722077632839.jpg\" \/>\n\t<meta property=\"og:image:width\" content=\"1193\" \/>\n\t<meta property=\"og:image:height\" content=\"776\" \/>\n\t<meta property=\"og:image:type\" content=\"image\/jpeg\" \/>\n<meta name=\"author\" content=\"maranhaotv\" \/>\n<meta name=\"twitter:card\" content=\"summary_large_image\" \/>\n<meta name=\"twitter:creator\" content=\"@sitemaranhaotv\" \/>\n<meta name=\"twitter:site\" content=\"@sitemaranhaotv\" \/>\n<meta name=\"twitter:label1\" content=\"Escrito por\" \/>\n\t<meta name=\"twitter:data1\" content=\"maranhaotv\" \/>\n\t<meta name=\"twitter:label2\" content=\"Est. tempo de leitura\" \/>\n\t<meta name=\"twitter:data2\" content=\"2 minutos\" \/>\n<script type=\"application\/ld+json\" class=\"yoast-schema-graph\">{\"@context\":\"https:\\\/\\\/schema.org\",\"@graph\":[{\"@type\":\"Article\",\"@id\":\"https:\\\/\\\/maranhaotv.com.br\\\/index.php\\\/2024\\\/07\\\/27\\\/dra-janaina-delazeri-lidera-pesquisa-de-intencao-de-votos-em-sao-felix-de-balsas\\\/#article\",\"isPartOf\":{\"@id\":\"https:\\\/\\\/maranhaotv.com.br\\\/index.php\\\/2024\\\/07\\\/27\\\/dra-janaina-delazeri-lidera-pesquisa-de-intencao-de-votos-em-sao-felix-de-balsas\\\/\"},\"author\":{\"name\":\"maranhaotv\",\"@id\":\"https:\\\/\\\/maranhaotv.com.br\\\/#\\\/schema\\\/person\\\/3d54238e86b20bb5c89ab2fdb8f8829a\"},\"headline\":\"Dra. Janai\u0301na Delazeri lidera pesquisa de inten\u00e7\u00e3o de votos em S\u00e3o F\u00e9lix de Balsas\",\"datePublished\":\"2024-07-27T10:54:15+00:00\",\"mainEntityOfPage\":{\"@id\":\"https:\\\/\\\/maranhaotv.com.br\\\/index.php\\\/2024\\\/07\\\/27\\\/dra-janaina-delazeri-lidera-pesquisa-de-intencao-de-votos-em-sao-felix-de-balsas\\\/\"},\"wordCount\":362,\"commentCount\":0,\"publisher\":{\"@id\":\"https:\\\/\\\/maranhaotv.com.br\\\/#organization\"},\"image\":{\"@id\":\"https:\\\/\\\/maranhaotv.com.br\\\/index.php\\\/2024\\\/07\\\/27\\\/dra-janaina-delazeri-lidera-pesquisa-de-intencao-de-votos-em-sao-felix-de-balsas\\\/#primaryimage\"},\"thumbnailUrl\":\"https:\\\/\\\/maranhaotv.com.br\\\/wp-content\\\/uploads\\\/2024\\\/07\\\/image_editor_output_image745773580-1722077632839.jpg\",\"articleSection\":[\"pol\u00edtica\"],\"inLanguage\":\"pt-BR\",\"potentialAction\":[{\"@type\":\"CommentAction\",\"name\":\"Comment\",\"target\":[\"https:\\\/\\\/maranhaotv.com.br\\\/index.php\\\/2024\\\/07\\\/27\\\/dra-janaina-delazeri-lidera-pesquisa-de-intencao-de-votos-em-sao-felix-de-balsas\\\/#respond\"]}]},{\"@type\":\"WebPage\",\"@id\":\"https:\\\/\\\/maranhaotv.com.br\\\/index.php\\\/2024\\\/07\\\/27\\\/dra-janaina-delazeri-lidera-pesquisa-de-intencao-de-votos-em-sao-felix-de-balsas\\\/\",\"url\":\"https:\\\/\\\/maranhaotv.com.br\\\/index.php\\\/2024\\\/07\\\/27\\\/dra-janaina-delazeri-lidera-pesquisa-de-intencao-de-votos-em-sao-felix-de-balsas\\\/\",\"name\":\"Dra. Janai\u0301na Delazeri lidera pesquisa de inten\u00e7\u00e3o de votos em S\u00e3o F\u00e9lix de Balsas - NOT\u00cdCIAS EM TEMPO REAL\",\"isPartOf\":{\"@id\":\"https:\\\/\\\/maranhaotv.com.br\\\/#website\"},\"primaryImageOfPage\":{\"@id\":\"https:\\\/\\\/maranhaotv.com.br\\\/index.php\\\/2024\\\/07\\\/27\\\/dra-janaina-delazeri-lidera-pesquisa-de-intencao-de-votos-em-sao-felix-de-balsas\\\/#primaryimage\"},\"image\":{\"@id\":\"https:\\\/\\\/maranhaotv.com.br\\\/index.php\\\/2024\\\/07\\\/27\\\/dra-janaina-delazeri-lidera-pesquisa-de-intencao-de-votos-em-sao-felix-de-balsas\\\/#primaryimage\"},\"thumbnailUrl\":\"https:\\\/\\\/maranhaotv.com.br\\\/wp-content\\\/uploads\\\/2024\\\/07\\\/image_editor_output_image745773580-1722077632839.jpg\",\"datePublished\":\"2024-07-27T10:54:15+00:00\",\"breadcrumb\":{\"@id\":\"https:\\\/\\\/maranhaotv.com.br\\\/index.php\\\/2024\\\/07\\\/27\\\/dra-janaina-delazeri-lidera-pesquisa-de-intencao-de-votos-em-sao-felix-de-balsas\\\/#breadcrumb\"},\"inLanguage\":\"pt-BR\",\"potentialAction\":[{\"@type\":\"ReadAction\",\"target\":[\"https:\\\/\\\/maranhaotv.com.br\\\/index.php\\\/2024\\\/07\\\/27\\\/dra-janaina-delazeri-lidera-pesquisa-de-intencao-de-votos-em-sao-felix-de-balsas\\\/\"]}]},{\"@type\":\"ImageObject\",\"inLanguage\":\"pt-BR\",\"@id\":\"https:\\\/\\\/maranhaotv.com.br\\\/index.php\\\/2024\\\/07\\\/27\\\/dra-janaina-delazeri-lidera-pesquisa-de-intencao-de-votos-em-sao-felix-de-balsas\\\/#primaryimage\",\"url\":\"https:\\\/\\\/maranhaotv.com.br\\\/wp-content\\\/uploads\\\/2024\\\/07\\\/image_editor_output_image745773580-1722077632839.jpg\",\"contentUrl\":\"https:\\\/\\\/maranhaotv.com.br\\\/wp-content\\\/uploads\\\/2024\\\/07\\\/image_editor_output_image745773580-1722077632839.jpg\",\"width\":1193,\"height\":776},{\"@type\":\"BreadcrumbList\",\"@id\":\"https:\\\/\\\/maranhaotv.com.br\\\/index.php\\\/2024\\\/07\\\/27\\\/dra-janaina-delazeri-lidera-pesquisa-de-intencao-de-votos-em-sao-felix-de-balsas\\\/#breadcrumb\",\"itemListElement\":[{\"@type\":\"ListItem\",\"position\":1,\"name\":\"In\u00edcio\",\"item\":\"https:\\\/\\\/maranhaotv.com.br\\\/\"},{\"@type\":\"ListItem\",\"position\":2,\"name\":\"Dra. Janai\u0301na Delazeri lidera pesquisa de inten\u00e7\u00e3o de votos em S\u00e3o F\u00e9lix de Balsas\"}]},{\"@type\":\"WebSite\",\"@id\":\"https:\\\/\\\/maranhaotv.com.br\\\/#website\",\"url\":\"https:\\\/\\\/maranhaotv.com.br\\\/\",\"name\":\"Maranh\u00e3oTV\",\"description\":\"\",\"publisher\":{\"@id\":\"https:\\\/\\\/maranhaotv.com.br\\\/#organization\"},\"potentialAction\":[{\"@type\":\"SearchAction\",\"target\":{\"@type\":\"EntryPoint\",\"urlTemplate\":\"https:\\\/\\\/maranhaotv.com.br\\\/?s={search_term_string}\"},\"query-input\":{\"@type\":\"PropertyValueSpecification\",\"valueRequired\":true,\"valueName\":\"search_term_string\"}}],\"inLanguage\":\"pt-BR\"},{\"@type\":\"Organization\",\"@id\":\"https:\\\/\\\/maranhaotv.com.br\\\/#organization\",\"name\":\"Portal de Not\u00edcias\",\"url\":\"https:\\\/\\\/maranhaotv.com.br\\\/\",\"logo\":{\"@type\":\"ImageObject\",\"inLanguage\":\"pt-BR\",\"@id\":\"https:\\\/\\\/maranhaotv.com.br\\\/#\\\/schema\\\/logo\\\/image\\\/\",\"url\":\"https:\\\/\\\/maranhaotv.com.br\\\/wp-content\\\/uploads\\\/2024\\\/05\\\/cropped-cropped-avatar-1.png\",\"contentUrl\":\"https:\\\/\\\/maranhaotv.com.br\\\/wp-content\\\/uploads\\\/2024\\\/05\\\/cropped-cropped-avatar-1.png\",\"width\":792,\"height\":428,\"caption\":\"Portal de Not\u00edcias\"},\"image\":{\"@id\":\"https:\\\/\\\/maranhaotv.com.br\\\/#\\\/schema\\\/logo\\\/image\\\/\"},\"sameAs\":[\"https:\\\/\\\/www.facebook.com\\\/maiobaotv\",\"https:\\\/\\\/x.com\\\/sitemaranhaotv\",\"https:\\\/\\\/www.instagram.com\\\/maranhao.tv\",\"https:\\\/\\\/www.threads.net\\\/@maranhao.tv\"]},{\"@type\":\"Person\",\"@id\":\"https:\\\/\\\/maranhaotv.com.br\\\/#\\\/schema\\\/person\\\/3d54238e86b20bb5c89ab2fdb8f8829a\",\"name\":\"maranhaotv\",\"image\":{\"@type\":\"ImageObject\",\"inLanguage\":\"pt-BR\",\"@id\":\"https:\\\/\\\/secure.gravatar.com\\\/avatar\\\/8fadbca458d4cb68b1dd399ae9a40618d747bb1af65ac9fad21c89220a143eb4?s=96&d=mm&r=g\",\"url\":\"https:\\\/\\\/secure.gravatar.com\\\/avatar\\\/8fadbca458d4cb68b1dd399ae9a40618d747bb1af65ac9fad21c89220a143eb4?s=96&d=mm&r=g\",\"contentUrl\":\"https:\\\/\\\/secure.gravatar.com\\\/avatar\\\/8fadbca458d4cb68b1dd399ae9a40618d747bb1af65ac9fad21c89220a143eb4?s=96&d=mm&r=g\",\"caption\":\"maranhaotv\"},\"sameAs\":[\"https:\\\/\\\/maranhaotv.com.br\\\/\"],\"url\":\"https:\\\/\\\/maranhaotv.com.br\\\/index.php\\\/author\\\/maranhaotv\\\/\"}]}<\/script>\n<!-- \/ Yoast SEO plugin. -->","yoast_head_json":{"title":"Dra. Janai\u0301na Delazeri lidera pesquisa de inten\u00e7\u00e3o de votos em S\u00e3o F\u00e9lix de Balsas - NOT\u00cdCIAS EM TEMPO REAL","robots":{"index":"index","follow":"follow","max-snippet":"max-snippet:-1","max-image-preview":"max-image-preview:large","max-video-preview":"max-video-preview:-1"},"canonical":"https:\/\/maranhaotv.com.br\/index.php\/2024\/07\/27\/dra-janaina-delazeri-lidera-pesquisa-de-intencao-de-votos-em-sao-felix-de-balsas\/","og_locale":"pt_BR","og_type":"article","og_title":"Dra. Janai\u0301na Delazeri lidera pesquisa de inten\u00e7\u00e3o de votos em S\u00e3o F\u00e9lix de Balsas - NOT\u00cdCIAS EM TEMPO REAL","og_description":"A pr\u00e9-candidatura de Dra. Janai\u0301na Delazeri para a prefeitura de S\u00e3o F\u00e9lix de Balsas nas elei\u00e7\u00f5es de 2024 tem ganhado","og_url":"https:\/\/maranhaotv.com.br\/index.php\/2024\/07\/27\/dra-janaina-delazeri-lidera-pesquisa-de-intencao-de-votos-em-sao-felix-de-balsas\/","og_site_name":"NOT\u00cdCIAS EM TEMPO REAL","article_publisher":"https:\/\/www.facebook.com\/maiobaotv","article_published_time":"2024-07-27T10:54:15+00:00","og_image":[{"width":1193,"height":776,"url":"https:\/\/maranhaotv.com.br\/wp-content\/uploads\/2024\/07\/image_editor_output_image745773580-1722077632839.jpg","type":"image\/jpeg"}],"author":"maranhaotv","twitter_card":"summary_large_image","twitter_creator":"@sitemaranhaotv","twitter_site":"@sitemaranhaotv","twitter_misc":{"Escrito por":"maranhaotv","Est. tempo de leitura":"2 minutos"},"schema":{"@context":"https:\/\/schema.org","@graph":[{"@type":"Article","@id":"https:\/\/maranhaotv.com.br\/index.php\/2024\/07\/27\/dra-janaina-delazeri-lidera-pesquisa-de-intencao-de-votos-em-sao-felix-de-balsas\/#article","isPartOf":{"@id":"https:\/\/maranhaotv.com.br\/index.php\/2024\/07\/27\/dra-janaina-delazeri-lidera-pesquisa-de-intencao-de-votos-em-sao-felix-de-balsas\/"},"author":{"name":"maranhaotv","@id":"https:\/\/maranhaotv.com.br\/#\/schema\/person\/3d54238e86b20bb5c89ab2fdb8f8829a"},"headline":"Dra. Janai\u0301na Delazeri lidera pesquisa de inten\u00e7\u00e3o de votos em S\u00e3o F\u00e9lix de Balsas","datePublished":"2024-07-27T10:54:15+00:00","mainEntityOfPage":{"@id":"https:\/\/maranhaotv.com.br\/index.php\/2024\/07\/27\/dra-janaina-delazeri-lidera-pesquisa-de-intencao-de-votos-em-sao-felix-de-balsas\/"},"wordCount":362,"commentCount":0,"publisher":{"@id":"https:\/\/maranhaotv.com.br\/#organization"},"image":{"@id":"https:\/\/maranhaotv.com.br\/index.php\/2024\/07\/27\/dra-janaina-delazeri-lidera-pesquisa-de-intencao-de-votos-em-sao-felix-de-balsas\/#primaryimage"},"thumbnailUrl":"https:\/\/maranhaotv.com.br\/wp-content\/uploads\/2024\/07\/image_editor_output_image745773580-1722077632839.jpg","articleSection":["pol\u00edtica"],"inLanguage":"pt-BR","potentialAction":[{"@type":"CommentAction","name":"Comment","target":["https:\/\/maranhaotv.com.br\/index.php\/2024\/07\/27\/dra-janaina-delazeri-lidera-pesquisa-de-intencao-de-votos-em-sao-felix-de-balsas\/#respond"]}]},{"@type":"WebPage","@id":"https:\/\/maranhaotv.com.br\/index.php\/2024\/07\/27\/dra-janaina-delazeri-lidera-pesquisa-de-intencao-de-votos-em-sao-felix-de-balsas\/","url":"https:\/\/maranhaotv.com.br\/index.php\/2024\/07\/27\/dra-janaina-delazeri-lidera-pesquisa-de-intencao-de-votos-em-sao-felix-de-balsas\/","name":"Dra. Janai\u0301na Delazeri lidera pesquisa de inten\u00e7\u00e3o de votos em S\u00e3o F\u00e9lix de Balsas - NOT\u00cdCIAS EM TEMPO REAL","isPartOf":{"@id":"https:\/\/maranhaotv.com.br\/#website"},"primaryImageOfPage":{"@id":"https:\/\/maranhaotv.com.br\/index.php\/2024\/07\/27\/dra-janaina-delazeri-lidera-pesquisa-de-intencao-de-votos-em-sao-felix-de-balsas\/#primaryimage"},"image":{"@id":"https:\/\/maranhaotv.com.br\/index.php\/2024\/07\/27\/dra-janaina-delazeri-lidera-pesquisa-de-intencao-de-votos-em-sao-felix-de-balsas\/#primaryimage"},"thumbnailUrl":"https:\/\/maranhaotv.com.br\/wp-content\/uploads\/2024\/07\/image_editor_output_image745773580-1722077632839.jpg","datePublished":"2024-07-27T10:54:15+00:00","breadcrumb":{"@id":"https:\/\/maranhaotv.com.br\/index.php\/2024\/07\/27\/dra-janaina-delazeri-lidera-pesquisa-de-intencao-de-votos-em-sao-felix-de-balsas\/#breadcrumb"},"inLanguage":"pt-BR","potentialAction":[{"@type":"ReadAction","target":["https:\/\/maranhaotv.com.br\/index.php\/2024\/07\/27\/dra-janaina-delazeri-lidera-pesquisa-de-intencao-de-votos-em-sao-felix-de-balsas\/"]}]},{"@type":"ImageObject","inLanguage":"pt-BR","@id":"https:\/\/maranhaotv.com.br\/index.php\/2024\/07\/27\/dra-janaina-delazeri-lidera-pesquisa-de-intencao-de-votos-em-sao-felix-de-balsas\/#primaryimage","url":"https:\/\/maranhaotv.com.br\/wp-content\/uploads\/2024\/07\/image_editor_output_image745773580-1722077632839.jpg","contentUrl":"https:\/\/maranhaotv.com.br\/wp-content\/uploads\/2024\/07\/image_editor_output_image745773580-1722077632839.jpg","width":1193,"height":776},{"@type":"BreadcrumbList","@id":"https:\/\/maranhaotv.com.br\/index.php\/2024\/07\/27\/dra-janaina-delazeri-lidera-pesquisa-de-intencao-de-votos-em-sao-felix-de-balsas\/#breadcrumb","itemListElement":[{"@type":"ListItem","position":1,"name":"In\u00edcio","item":"https:\/\/maranhaotv.com.br\/"},{"@type":"ListItem","position":2,"name":"Dra. Janai\u0301na Delazeri lidera pesquisa de inten\u00e7\u00e3o de votos em S\u00e3o F\u00e9lix de Balsas"}]},{"@type":"WebSite","@id":"https:\/\/maranhaotv.com.br\/#website","url":"https:\/\/maranhaotv.com.br\/","name":"Maranh\u00e3oTV","description":"","publisher":{"@id":"https:\/\/maranhaotv.com.br\/#organization"},"potentialAction":[{"@type":"SearchAction","target":{"@type":"EntryPoint","urlTemplate":"https:\/\/maranhaotv.com.br\/?s={search_term_string}"},"query-input":{"@type":"PropertyValueSpecification","valueRequired":true,"valueName":"search_term_string"}}],"inLanguage":"pt-BR"},{"@type":"Organization","@id":"https:\/\/maranhaotv.com.br\/#organization","name":"Portal de Not\u00edcias","url":"https:\/\/maranhaotv.com.br\/","logo":{"@type":"ImageObject","inLanguage":"pt-BR","@id":"https:\/\/maranhaotv.com.br\/#\/schema\/logo\/image\/","url":"https:\/\/maranhaotv.com.br\/wp-content\/uploads\/2024\/05\/cropped-cropped-avatar-1.png","contentUrl":"https:\/\/maranhaotv.com.br\/wp-content\/uploads\/2024\/05\/cropped-cropped-avatar-1.png","width":792,"height":428,"caption":"Portal de Not\u00edcias"},"image":{"@id":"https:\/\/maranhaotv.com.br\/#\/schema\/logo\/image\/"},"sameAs":["https:\/\/www.facebook.com\/maiobaotv","https:\/\/x.com\/sitemaranhaotv","https:\/\/www.instagram.com\/maranhao.tv","https:\/\/www.threads.net\/@maranhao.tv"]},{"@type":"Person","@id":"https:\/\/maranhaotv.com.br\/#\/schema\/person\/3d54238e86b20bb5c89ab2fdb8f8829a","name":"maranhaotv","image":{"@type":"ImageObject","inLanguage":"pt-BR","@id":"https:\/\/secure.gravatar.com\/avatar\/8fadbca458d4cb68b1dd399ae9a40618d747bb1af65ac9fad21c89220a143eb4?s=96&d=mm&r=g","url":"https:\/\/secure.gravatar.com\/avatar\/8fadbca458d4cb68b1dd399ae9a40618d747bb1af65ac9fad21c89220a143eb4?s=96&d=mm&r=g","contentUrl":"https:\/\/secure.gravatar.com\/avatar\/8fadbca458d4cb68b1dd399ae9a40618d747bb1af65ac9fad21c89220a143eb4?s=96&d=mm&r=g","caption":"maranhaotv"},"sameAs":["https:\/\/maranhaotv.com.br\/"],"url":"https:\/\/maranhaotv.com.br\/index.php\/author\/maranhaotv\/"}]}},"jetpack_featured_media_url":"https:\/\/maranhaotv.com.br\/wp-content\/uploads\/2024\/07\/image_editor_output_image745773580-1722077632839.jpg","jetpack_sharing_enabled":true,"_links":{"self":[{"href":"https:\/\/maranhaotv.com.br\/index.php\/wp-json\/wp\/v2\/posts\/36964","targetHints":{"allow":["GET"]}}],"collection":[{"href":"https:\/\/maranhaotv.com.br\/index.php\/wp-json\/wp\/v2\/posts"}],"about":[{"href":"https:\/\/maranhaotv.com.br\/index.php\/wp-json\/wp\/v2\/types\/post"}],"author":[{"embeddable":true,"href":"https:\/\/maranhaotv.com.br\/index.php\/wp-json\/wp\/v2\/users\/2"}],"replies":[{"embeddable":true,"href":"https:\/\/maranhaotv.com.br\/index.php\/wp-json\/wp\/v2\/comments?post=36964"}],"version-history":[{"count":1,"href":"https:\/\/maranhaotv.com.br\/index.php\/wp-json\/wp\/v2\/posts\/36964\/revisions"}],"predecessor-version":[{"id":36965,"href":"https:\/\/maranhaotv.com.br\/index.php\/wp-json\/wp\/v2\/posts\/36964\/revisions\/36965"}],"wp:featuredmedia":[{"embeddable":true,"href":"https:\/\/maranhaotv.com.br\/index.php\/wp-json\/wp\/v2\/media\/36963"}],"wp:attachment":[{"href":"https:\/\/maranhaotv.com.br\/index.php\/wp-json\/wp\/v2\/media?parent=36964"}],"wp:term":[{"taxonomy":"category","embeddable":true,"href":"https:\/\/maranhaotv.com.br\/index.php\/wp-json\/wp\/v2\/categories?post=36964"},{"taxonomy":"post_tag","embeddable":true,"href":"https:\/\/maranhaotv.com.br\/index.php\/wp-json\/wp\/v2\/tags?post=36964"}],"curies":[{"name":"wp","href":"https:\/\/api.w.org\/{rel}","templated":true}]}}