{"id":36995,"date":"2024-07-30T08:38:47","date_gmt":"2024-07-30T11:38:47","guid":{"rendered":"https:\/\/maranhaotv.com.br\/?p=36995"},"modified":"2024-07-30T08:38:47","modified_gmt":"2024-07-30T11:38:47","slug":"guilherme-mulato-escolhe-a-periferia-de-ribamar-para-realizar-convencao-neste-domingo","status":"publish","type":"post","link":"https:\/\/maranhaotv.com.br\/index.php\/2024\/07\/30\/guilherme-mulato-escolhe-a-periferia-de-ribamar-para-realizar-convencao-neste-domingo\/","title":{"rendered":"Guilherme Mulato escolhe a periferia de Ribamar para realizar conven\u00e7\u00e3o neste domingo"},"content":{"rendered":"\n<p><br>Considerado o nome mais preparado para derrotar o atual prefeito de S\u00e3o Jos\u00e9 de Ribamar, Guilherme Mulato (NOVO), anunciou sua conven\u00e7\u00e3o para o pr\u00f3ximo domingo, dia 04, a partir das 16h.<br><br>Como j\u00e1 era esperado, Guilherme Mulato inovou mais uma vez, e escolheu mais um bairro da periferia para seu ato pol\u00edtico.<br><br>O evento, que deve reunir uma multid\u00e3o de apoiadores, acontecer\u00e1 no bairro Quinta, ao lado do Campo do Cruzador.<br><br>\u201cEscolhi a periferia, porque \u00e9 ela que me representa. Mudaremos a hist\u00f3ria dos bairros esquecidos pelo poder p\u00fablico e pela classe pol\u00edtica. Agora \u00e9 a vez do povo!\u201d Disse Mulato.<br><br>O evento tamb\u00e9m confirmar\u00e1 o nome dos 22 candidatos a vereadores.<br><br>O ex-candidato a governador Lahersio Bonfim (NOVO), que obteve mais de 20 mil votos em S\u00e3o Jos\u00e9 de Ribamar j\u00e1 confirmou presen\u00e7a.<\/p>\n","protected":false},"excerpt":{"rendered":"<p>Considerado o nome mais preparado para derrotar o atual prefeito de S\u00e3o Jos\u00e9 de Ribamar, Guilherme Mulato (NOVO), anunciou sua<\/p>\n","protected":false},"author":2,"featured_media":36994,"comment_status":"open","ping_status":"open","sticky":false,"template":"","format":"standard","meta":{"colormag_page_container_layout":"default_layout","colormag_page_sidebar_layout":"default_layout","_jetpack_memberships_contains_paid_content":false,"footnotes":""},"categories":[2],"tags":[],"class_list":["post-36995","post","type-post","status-publish","format-standard","has-post-thumbnail","hentry","category-noticias"],"magazineBlocksPostFeaturedMedia":{"thumbnail":"https:\/\/maranhaotv.com.br\/wp-content\/uploads\/2024\/07\/IMG-20240730-WA0092-150x150.jpg","medium":"https:\/\/maranhaotv.com.br\/wp-content\/uploads\/2024\/07\/IMG-20240730-WA0092-300x208.jpg","medium_large":"https:\/\/maranhaotv.com.br\/wp-content\/uploads\/2024\/07\/IMG-20240730-WA0092-768x533.jpg","large":"https:\/\/maranhaotv.com.br\/wp-content\/uploads\/2024\/07\/IMG-20240730-WA0092-1024x710.jpg","1536x1536":"https:\/\/maranhaotv.com.br\/wp-content\/uploads\/2024\/07\/IMG-20240730-WA0092-1536x1066.jpg","2048x2048":"https:\/\/maranhaotv.com.br\/wp-content\/uploads\/2024\/07\/IMG-20240730-WA0092.jpg","colormag-highlighted-post":"https:\/\/maranhaotv.com.br\/wp-content\/uploads\/2024\/07\/IMG-20240730-WA0092-392x272.jpg","colormag-featured-post-medium":"https:\/\/maranhaotv.com.br\/wp-content\/uploads\/2024\/07\/IMG-20240730-WA0092-390x205.jpg","colormag-featured-post-small":"https:\/\/maranhaotv.com.br\/wp-content\/uploads\/2024\/07\/IMG-20240730-WA0092-130x90.jpg","colormag-featured-image":"https:\/\/maranhaotv.com.br\/wp-content\/uploads\/2024\/07\/IMG-20240730-WA0092-800x445.jpg","colormag-default-news":"https:\/\/maranhaotv.com.br\/wp-content\/uploads\/2024\/07\/IMG-20240730-WA0092-150x150.jpg","colormag-featured-image-large":"https:\/\/maranhaotv.com.br\/wp-content\/uploads\/2024\/07\/IMG-20240730-WA0092-1400x600.jpg"},"magazineBlocksPostAuthor":{"name":"maranhaotv","avatar":"https:\/\/secure.gravatar.com\/avatar\/8fadbca458d4cb68b1dd399ae9a40618d747bb1af65ac9fad21c89220a143eb4?s=96&d=mm&r=g"},"magazineBlocksPostCommentsNumber":"0","magazineBlocksPostExcerpt":"Considerado o nome mais preparado para derrotar o atual prefeito de S\u00e3o Jos\u00e9 de Ribamar, Guilherme Mulato (NOVO), anunciou sua","magazineBlocksPostCategories":["not\u00edcias"],"magazineBlocksPostViewCount":241,"magazineBlocksPostReadTime":1,"magazine_blocks_featured_image_url":{"full":["https:\/\/maranhaotv.com.br\/wp-content\/uploads\/2024\/07\/IMG-20240730-WA0092.jpg",1600,1110,false],"medium":["https:\/\/maranhaotv.com.br\/wp-content\/uploads\/2024\/07\/IMG-20240730-WA0092-300x208.jpg",300,208,true],"thumbnail":["https:\/\/maranhaotv.com.br\/wp-content\/uploads\/2024\/07\/IMG-20240730-WA0092-150x150.jpg",150,150,true]},"magazine_blocks_author":{"display_name":"maranhaotv","author_link":"https:\/\/maranhaotv.com.br\/index.php\/author\/maranhaotv\/"},"magazine_blocks_comment":0,"magazine_blocks_author_image":"https:\/\/secure.gravatar.com\/avatar\/8fadbca458d4cb68b1dd399ae9a40618d747bb1af65ac9fad21c89220a143eb4?s=96&d=mm&r=g","magazine_blocks_category":"<a href=\"#\" class=\"category-link category-link-2\">not\u00edcias<\/a>","yoast_head":"<!-- This site is optimized with the Yoast SEO plugin v27.4 - https:\/\/yoast.com\/product\/yoast-seo-wordpress\/ -->\n<title>Guilherme Mulato escolhe a periferia de Ribamar para realizar conven\u00e7\u00e3o neste domingo - NOT\u00cdCIAS EM TEMPO REAL<\/title>\n<meta name=\"robots\" content=\"index, follow, max-snippet:-1, max-image-preview:large, max-video-preview:-1\" \/>\n<link rel=\"canonical\" href=\"https:\/\/maranhaotv.com.br\/index.php\/2024\/07\/30\/guilherme-mulato-escolhe-a-periferia-de-ribamar-para-realizar-convencao-neste-domingo\/\" \/>\n<meta property=\"og:locale\" content=\"pt_BR\" \/>\n<meta property=\"og:type\" content=\"article\" \/>\n<meta property=\"og:title\" content=\"Guilherme Mulato escolhe a periferia de Ribamar para realizar conven\u00e7\u00e3o neste domingo - NOT\u00cdCIAS EM TEMPO REAL\" \/>\n<meta property=\"og:description\" content=\"Considerado o nome mais preparado para derrotar o atual prefeito de S\u00e3o Jos\u00e9 de Ribamar, Guilherme Mulato (NOVO), anunciou sua\" \/>\n<meta property=\"og:url\" content=\"https:\/\/maranhaotv.com.br\/index.php\/2024\/07\/30\/guilherme-mulato-escolhe-a-periferia-de-ribamar-para-realizar-convencao-neste-domingo\/\" \/>\n<meta property=\"og:site_name\" content=\"NOT\u00cdCIAS EM TEMPO REAL\" \/>\n<meta property=\"article:publisher\" content=\"https:\/\/www.facebook.com\/maiobaotv\" \/>\n<meta property=\"article:published_time\" content=\"2024-07-30T11:38:47+00:00\" \/>\n<meta property=\"og:image\" content=\"https:\/\/maranhaotv.com.br\/wp-content\/uploads\/2024\/07\/IMG-20240730-WA0092.jpg\" \/>\n\t<meta property=\"og:image:width\" content=\"1600\" \/>\n\t<meta property=\"og:image:height\" content=\"1110\" \/>\n\t<meta property=\"og:image:type\" content=\"image\/jpeg\" \/>\n<meta name=\"author\" content=\"maranhaotv\" \/>\n<meta name=\"twitter:card\" content=\"summary_large_image\" \/>\n<meta name=\"twitter:creator\" content=\"@sitemaranhaotv\" \/>\n<meta name=\"twitter:site\" content=\"@sitemaranhaotv\" \/>\n<meta name=\"twitter:label1\" content=\"Escrito por\" \/>\n\t<meta name=\"twitter:data1\" content=\"maranhaotv\" \/>\n\t<meta name=\"twitter:label2\" content=\"Est. tempo de leitura\" \/>\n\t<meta name=\"twitter:data2\" content=\"1 minuto\" \/>\n<script type=\"application\/ld+json\" class=\"yoast-schema-graph\">{\"@context\":\"https:\\\/\\\/schema.org\",\"@graph\":[{\"@type\":\"Article\",\"@id\":\"https:\\\/\\\/maranhaotv.com.br\\\/index.php\\\/2024\\\/07\\\/30\\\/guilherme-mulato-escolhe-a-periferia-de-ribamar-para-realizar-convencao-neste-domingo\\\/#article\",\"isPartOf\":{\"@id\":\"https:\\\/\\\/maranhaotv.com.br\\\/index.php\\\/2024\\\/07\\\/30\\\/guilherme-mulato-escolhe-a-periferia-de-ribamar-para-realizar-convencao-neste-domingo\\\/\"},\"author\":{\"name\":\"maranhaotv\",\"@id\":\"https:\\\/\\\/maranhaotv.com.br\\\/#\\\/schema\\\/person\\\/3d54238e86b20bb5c89ab2fdb8f8829a\"},\"headline\":\"Guilherme Mulato escolhe a periferia de Ribamar para realizar conven\u00e7\u00e3o neste domingo\",\"datePublished\":\"2024-07-30T11:38:47+00:00\",\"mainEntityOfPage\":{\"@id\":\"https:\\\/\\\/maranhaotv.com.br\\\/index.php\\\/2024\\\/07\\\/30\\\/guilherme-mulato-escolhe-a-periferia-de-ribamar-para-realizar-convencao-neste-domingo\\\/\"},\"wordCount\":153,\"commentCount\":0,\"publisher\":{\"@id\":\"https:\\\/\\\/maranhaotv.com.br\\\/#organization\"},\"image\":{\"@id\":\"https:\\\/\\\/maranhaotv.com.br\\\/index.php\\\/2024\\\/07\\\/30\\\/guilherme-mulato-escolhe-a-periferia-de-ribamar-para-realizar-convencao-neste-domingo\\\/#primaryimage\"},\"thumbnailUrl\":\"https:\\\/\\\/maranhaotv.com.br\\\/wp-content\\\/uploads\\\/2024\\\/07\\\/IMG-20240730-WA0092.jpg\",\"articleSection\":[\"not\u00edcias\"],\"inLanguage\":\"pt-BR\",\"potentialAction\":[{\"@type\":\"CommentAction\",\"name\":\"Comment\",\"target\":[\"https:\\\/\\\/maranhaotv.com.br\\\/index.php\\\/2024\\\/07\\\/30\\\/guilherme-mulato-escolhe-a-periferia-de-ribamar-para-realizar-convencao-neste-domingo\\\/#respond\"]}]},{\"@type\":\"WebPage\",\"@id\":\"https:\\\/\\\/maranhaotv.com.br\\\/index.php\\\/2024\\\/07\\\/30\\\/guilherme-mulato-escolhe-a-periferia-de-ribamar-para-realizar-convencao-neste-domingo\\\/\",\"url\":\"https:\\\/\\\/maranhaotv.com.br\\\/index.php\\\/2024\\\/07\\\/30\\\/guilherme-mulato-escolhe-a-periferia-de-ribamar-para-realizar-convencao-neste-domingo\\\/\",\"name\":\"Guilherme Mulato escolhe a periferia de Ribamar para realizar conven\u00e7\u00e3o neste domingo - NOT\u00cdCIAS EM TEMPO REAL\",\"isPartOf\":{\"@id\":\"https:\\\/\\\/maranhaotv.com.br\\\/#website\"},\"primaryImageOfPage\":{\"@id\":\"https:\\\/\\\/maranhaotv.com.br\\\/index.php\\\/2024\\\/07\\\/30\\\/guilherme-mulato-escolhe-a-periferia-de-ribamar-para-realizar-convencao-neste-domingo\\\/#primaryimage\"},\"image\":{\"@id\":\"https:\\\/\\\/maranhaotv.com.br\\\/index.php\\\/2024\\\/07\\\/30\\\/guilherme-mulato-escolhe-a-periferia-de-ribamar-para-realizar-convencao-neste-domingo\\\/#primaryimage\"},\"thumbnailUrl\":\"https:\\\/\\\/maranhaotv.com.br\\\/wp-content\\\/uploads\\\/2024\\\/07\\\/IMG-20240730-WA0092.jpg\",\"datePublished\":\"2024-07-30T11:38:47+00:00\",\"breadcrumb\":{\"@id\":\"https:\\\/\\\/maranhaotv.com.br\\\/index.php\\\/2024\\\/07\\\/30\\\/guilherme-mulato-escolhe-a-periferia-de-ribamar-para-realizar-convencao-neste-domingo\\\/#breadcrumb\"},\"inLanguage\":\"pt-BR\",\"potentialAction\":[{\"@type\":\"ReadAction\",\"target\":[\"https:\\\/\\\/maranhaotv.com.br\\\/index.php\\\/2024\\\/07\\\/30\\\/guilherme-mulato-escolhe-a-periferia-de-ribamar-para-realizar-convencao-neste-domingo\\\/\"]}]},{\"@type\":\"ImageObject\",\"inLanguage\":\"pt-BR\",\"@id\":\"https:\\\/\\\/maranhaotv.com.br\\\/index.php\\\/2024\\\/07\\\/30\\\/guilherme-mulato-escolhe-a-periferia-de-ribamar-para-realizar-convencao-neste-domingo\\\/#primaryimage\",\"url\":\"https:\\\/\\\/maranhaotv.com.br\\\/wp-content\\\/uploads\\\/2024\\\/07\\\/IMG-20240730-WA0092.jpg\",\"contentUrl\":\"https:\\\/\\\/maranhaotv.com.br\\\/wp-content\\\/uploads\\\/2024\\\/07\\\/IMG-20240730-WA0092.jpg\",\"width\":1600,\"height\":1110},{\"@type\":\"BreadcrumbList\",\"@id\":\"https:\\\/\\\/maranhaotv.com.br\\\/index.php\\\/2024\\\/07\\\/30\\\/guilherme-mulato-escolhe-a-periferia-de-ribamar-para-realizar-convencao-neste-domingo\\\/#breadcrumb\",\"itemListElement\":[{\"@type\":\"ListItem\",\"position\":1,\"name\":\"In\u00edcio\",\"item\":\"https:\\\/\\\/maranhaotv.com.br\\\/\"},{\"@type\":\"ListItem\",\"position\":2,\"name\":\"Guilherme Mulato escolhe a periferia de Ribamar para realizar conven\u00e7\u00e3o neste domingo\"}]},{\"@type\":\"WebSite\",\"@id\":\"https:\\\/\\\/maranhaotv.com.br\\\/#website\",\"url\":\"https:\\\/\\\/maranhaotv.com.br\\\/\",\"name\":\"Maranh\u00e3oTV\",\"description\":\"\",\"publisher\":{\"@id\":\"https:\\\/\\\/maranhaotv.com.br\\\/#organization\"},\"potentialAction\":[{\"@type\":\"SearchAction\",\"target\":{\"@type\":\"EntryPoint\",\"urlTemplate\":\"https:\\\/\\\/maranhaotv.com.br\\\/?s={search_term_string}\"},\"query-input\":{\"@type\":\"PropertyValueSpecification\",\"valueRequired\":true,\"valueName\":\"search_term_string\"}}],\"inLanguage\":\"pt-BR\"},{\"@type\":\"Organization\",\"@id\":\"https:\\\/\\\/maranhaotv.com.br\\\/#organization\",\"name\":\"Portal de Not\u00edcias\",\"url\":\"https:\\\/\\\/maranhaotv.com.br\\\/\",\"logo\":{\"@type\":\"ImageObject\",\"inLanguage\":\"pt-BR\",\"@id\":\"https:\\\/\\\/maranhaotv.com.br\\\/#\\\/schema\\\/logo\\\/image\\\/\",\"url\":\"https:\\\/\\\/maranhaotv.com.br\\\/wp-content\\\/uploads\\\/2024\\\/05\\\/cropped-cropped-avatar-1.png\",\"contentUrl\":\"https:\\\/\\\/maranhaotv.com.br\\\/wp-content\\\/uploads\\\/2024\\\/05\\\/cropped-cropped-avatar-1.png\",\"width\":792,\"height\":428,\"caption\":\"Portal de Not\u00edcias\"},\"image\":{\"@id\":\"https:\\\/\\\/maranhaotv.com.br\\\/#\\\/schema\\\/logo\\\/image\\\/\"},\"sameAs\":[\"https:\\\/\\\/www.facebook.com\\\/maiobaotv\",\"https:\\\/\\\/x.com\\\/sitemaranhaotv\",\"https:\\\/\\\/www.instagram.com\\\/maranhao.tv\",\"https:\\\/\\\/www.threads.net\\\/@maranhao.tv\"]},{\"@type\":\"Person\",\"@id\":\"https:\\\/\\\/maranhaotv.com.br\\\/#\\\/schema\\\/person\\\/3d54238e86b20bb5c89ab2fdb8f8829a\",\"name\":\"maranhaotv\",\"image\":{\"@type\":\"ImageObject\",\"inLanguage\":\"pt-BR\",\"@id\":\"https:\\\/\\\/secure.gravatar.com\\\/avatar\\\/8fadbca458d4cb68b1dd399ae9a40618d747bb1af65ac9fad21c89220a143eb4?s=96&d=mm&r=g\",\"url\":\"https:\\\/\\\/secure.gravatar.com\\\/avatar\\\/8fadbca458d4cb68b1dd399ae9a40618d747bb1af65ac9fad21c89220a143eb4?s=96&d=mm&r=g\",\"contentUrl\":\"https:\\\/\\\/secure.gravatar.com\\\/avatar\\\/8fadbca458d4cb68b1dd399ae9a40618d747bb1af65ac9fad21c89220a143eb4?s=96&d=mm&r=g\",\"caption\":\"maranhaotv\"},\"sameAs\":[\"https:\\\/\\\/maranhaotv.com.br\\\/\"],\"url\":\"https:\\\/\\\/maranhaotv.com.br\\\/index.php\\\/author\\\/maranhaotv\\\/\"}]}<\/script>\n<!-- \/ Yoast SEO plugin. -->","yoast_head_json":{"title":"Guilherme Mulato escolhe a periferia de Ribamar para realizar conven\u00e7\u00e3o neste domingo - NOT\u00cdCIAS EM TEMPO REAL","robots":{"index":"index","follow":"follow","max-snippet":"max-snippet:-1","max-image-preview":"max-image-preview:large","max-video-preview":"max-video-preview:-1"},"canonical":"https:\/\/maranhaotv.com.br\/index.php\/2024\/07\/30\/guilherme-mulato-escolhe-a-periferia-de-ribamar-para-realizar-convencao-neste-domingo\/","og_locale":"pt_BR","og_type":"article","og_title":"Guilherme Mulato escolhe a periferia de Ribamar para realizar conven\u00e7\u00e3o neste domingo - NOT\u00cdCIAS EM TEMPO REAL","og_description":"Considerado o nome mais preparado para derrotar o atual prefeito de S\u00e3o Jos\u00e9 de Ribamar, Guilherme Mulato (NOVO), anunciou sua","og_url":"https:\/\/maranhaotv.com.br\/index.php\/2024\/07\/30\/guilherme-mulato-escolhe-a-periferia-de-ribamar-para-realizar-convencao-neste-domingo\/","og_site_name":"NOT\u00cdCIAS EM TEMPO REAL","article_publisher":"https:\/\/www.facebook.com\/maiobaotv","article_published_time":"2024-07-30T11:38:47+00:00","og_image":[{"width":1600,"height":1110,"url":"https:\/\/maranhaotv.com.br\/wp-content\/uploads\/2024\/07\/IMG-20240730-WA0092.jpg","type":"image\/jpeg"}],"author":"maranhaotv","twitter_card":"summary_large_image","twitter_creator":"@sitemaranhaotv","twitter_site":"@sitemaranhaotv","twitter_misc":{"Escrito por":"maranhaotv","Est. tempo de leitura":"1 minuto"},"schema":{"@context":"https:\/\/schema.org","@graph":[{"@type":"Article","@id":"https:\/\/maranhaotv.com.br\/index.php\/2024\/07\/30\/guilherme-mulato-escolhe-a-periferia-de-ribamar-para-realizar-convencao-neste-domingo\/#article","isPartOf":{"@id":"https:\/\/maranhaotv.com.br\/index.php\/2024\/07\/30\/guilherme-mulato-escolhe-a-periferia-de-ribamar-para-realizar-convencao-neste-domingo\/"},"author":{"name":"maranhaotv","@id":"https:\/\/maranhaotv.com.br\/#\/schema\/person\/3d54238e86b20bb5c89ab2fdb8f8829a"},"headline":"Guilherme Mulato escolhe a periferia de Ribamar para realizar conven\u00e7\u00e3o neste domingo","datePublished":"2024-07-30T11:38:47+00:00","mainEntityOfPage":{"@id":"https:\/\/maranhaotv.com.br\/index.php\/2024\/07\/30\/guilherme-mulato-escolhe-a-periferia-de-ribamar-para-realizar-convencao-neste-domingo\/"},"wordCount":153,"commentCount":0,"publisher":{"@id":"https:\/\/maranhaotv.com.br\/#organization"},"image":{"@id":"https:\/\/maranhaotv.com.br\/index.php\/2024\/07\/30\/guilherme-mulato-escolhe-a-periferia-de-ribamar-para-realizar-convencao-neste-domingo\/#primaryimage"},"thumbnailUrl":"https:\/\/maranhaotv.com.br\/wp-content\/uploads\/2024\/07\/IMG-20240730-WA0092.jpg","articleSection":["not\u00edcias"],"inLanguage":"pt-BR","potentialAction":[{"@type":"CommentAction","name":"Comment","target":["https:\/\/maranhaotv.com.br\/index.php\/2024\/07\/30\/guilherme-mulato-escolhe-a-periferia-de-ribamar-para-realizar-convencao-neste-domingo\/#respond"]}]},{"@type":"WebPage","@id":"https:\/\/maranhaotv.com.br\/index.php\/2024\/07\/30\/guilherme-mulato-escolhe-a-periferia-de-ribamar-para-realizar-convencao-neste-domingo\/","url":"https:\/\/maranhaotv.com.br\/index.php\/2024\/07\/30\/guilherme-mulato-escolhe-a-periferia-de-ribamar-para-realizar-convencao-neste-domingo\/","name":"Guilherme Mulato escolhe a periferia de Ribamar para realizar conven\u00e7\u00e3o neste domingo - NOT\u00cdCIAS EM TEMPO REAL","isPartOf":{"@id":"https:\/\/maranhaotv.com.br\/#website"},"primaryImageOfPage":{"@id":"https:\/\/maranhaotv.com.br\/index.php\/2024\/07\/30\/guilherme-mulato-escolhe-a-periferia-de-ribamar-para-realizar-convencao-neste-domingo\/#primaryimage"},"image":{"@id":"https:\/\/maranhaotv.com.br\/index.php\/2024\/07\/30\/guilherme-mulato-escolhe-a-periferia-de-ribamar-para-realizar-convencao-neste-domingo\/#primaryimage"},"thumbnailUrl":"https:\/\/maranhaotv.com.br\/wp-content\/uploads\/2024\/07\/IMG-20240730-WA0092.jpg","datePublished":"2024-07-30T11:38:47+00:00","breadcrumb":{"@id":"https:\/\/maranhaotv.com.br\/index.php\/2024\/07\/30\/guilherme-mulato-escolhe-a-periferia-de-ribamar-para-realizar-convencao-neste-domingo\/#breadcrumb"},"inLanguage":"pt-BR","potentialAction":[{"@type":"ReadAction","target":["https:\/\/maranhaotv.com.br\/index.php\/2024\/07\/30\/guilherme-mulato-escolhe-a-periferia-de-ribamar-para-realizar-convencao-neste-domingo\/"]}]},{"@type":"ImageObject","inLanguage":"pt-BR","@id":"https:\/\/maranhaotv.com.br\/index.php\/2024\/07\/30\/guilherme-mulato-escolhe-a-periferia-de-ribamar-para-realizar-convencao-neste-domingo\/#primaryimage","url":"https:\/\/maranhaotv.com.br\/wp-content\/uploads\/2024\/07\/IMG-20240730-WA0092.jpg","contentUrl":"https:\/\/maranhaotv.com.br\/wp-content\/uploads\/2024\/07\/IMG-20240730-WA0092.jpg","width":1600,"height":1110},{"@type":"BreadcrumbList","@id":"https:\/\/maranhaotv.com.br\/index.php\/2024\/07\/30\/guilherme-mulato-escolhe-a-periferia-de-ribamar-para-realizar-convencao-neste-domingo\/#breadcrumb","itemListElement":[{"@type":"ListItem","position":1,"name":"In\u00edcio","item":"https:\/\/maranhaotv.com.br\/"},{"@type":"ListItem","position":2,"name":"Guilherme Mulato escolhe a periferia de Ribamar para realizar conven\u00e7\u00e3o neste domingo"}]},{"@type":"WebSite","@id":"https:\/\/maranhaotv.com.br\/#website","url":"https:\/\/maranhaotv.com.br\/","name":"Maranh\u00e3oTV","description":"","publisher":{"@id":"https:\/\/maranhaotv.com.br\/#organization"},"potentialAction":[{"@type":"SearchAction","target":{"@type":"EntryPoint","urlTemplate":"https:\/\/maranhaotv.com.br\/?s={search_term_string}"},"query-input":{"@type":"PropertyValueSpecification","valueRequired":true,"valueName":"search_term_string"}}],"inLanguage":"pt-BR"},{"@type":"Organization","@id":"https:\/\/maranhaotv.com.br\/#organization","name":"Portal de Not\u00edcias","url":"https:\/\/maranhaotv.com.br\/","logo":{"@type":"ImageObject","inLanguage":"pt-BR","@id":"https:\/\/maranhaotv.com.br\/#\/schema\/logo\/image\/","url":"https:\/\/maranhaotv.com.br\/wp-content\/uploads\/2024\/05\/cropped-cropped-avatar-1.png","contentUrl":"https:\/\/maranhaotv.com.br\/wp-content\/uploads\/2024\/05\/cropped-cropped-avatar-1.png","width":792,"height":428,"caption":"Portal de Not\u00edcias"},"image":{"@id":"https:\/\/maranhaotv.com.br\/#\/schema\/logo\/image\/"},"sameAs":["https:\/\/www.facebook.com\/maiobaotv","https:\/\/x.com\/sitemaranhaotv","https:\/\/www.instagram.com\/maranhao.tv","https:\/\/www.threads.net\/@maranhao.tv"]},{"@type":"Person","@id":"https:\/\/maranhaotv.com.br\/#\/schema\/person\/3d54238e86b20bb5c89ab2fdb8f8829a","name":"maranhaotv","image":{"@type":"ImageObject","inLanguage":"pt-BR","@id":"https:\/\/secure.gravatar.com\/avatar\/8fadbca458d4cb68b1dd399ae9a40618d747bb1af65ac9fad21c89220a143eb4?s=96&d=mm&r=g","url":"https:\/\/secure.gravatar.com\/avatar\/8fadbca458d4cb68b1dd399ae9a40618d747bb1af65ac9fad21c89220a143eb4?s=96&d=mm&r=g","contentUrl":"https:\/\/secure.gravatar.com\/avatar\/8fadbca458d4cb68b1dd399ae9a40618d747bb1af65ac9fad21c89220a143eb4?s=96&d=mm&r=g","caption":"maranhaotv"},"sameAs":["https:\/\/maranhaotv.com.br\/"],"url":"https:\/\/maranhaotv.com.br\/index.php\/author\/maranhaotv\/"}]}},"jetpack_featured_media_url":"https:\/\/maranhaotv.com.br\/wp-content\/uploads\/2024\/07\/IMG-20240730-WA0092.jpg","jetpack_sharing_enabled":true,"_links":{"self":[{"href":"https:\/\/maranhaotv.com.br\/index.php\/wp-json\/wp\/v2\/posts\/36995","targetHints":{"allow":["GET"]}}],"collection":[{"href":"https:\/\/maranhaotv.com.br\/index.php\/wp-json\/wp\/v2\/posts"}],"about":[{"href":"https:\/\/maranhaotv.com.br\/index.php\/wp-json\/wp\/v2\/types\/post"}],"author":[{"embeddable":true,"href":"https:\/\/maranhaotv.com.br\/index.php\/wp-json\/wp\/v2\/users\/2"}],"replies":[{"embeddable":true,"href":"https:\/\/maranhaotv.com.br\/index.php\/wp-json\/wp\/v2\/comments?post=36995"}],"version-history":[{"count":1,"href":"https:\/\/maranhaotv.com.br\/index.php\/wp-json\/wp\/v2\/posts\/36995\/revisions"}],"predecessor-version":[{"id":36996,"href":"https:\/\/maranhaotv.com.br\/index.php\/wp-json\/wp\/v2\/posts\/36995\/revisions\/36996"}],"wp:featuredmedia":[{"embeddable":true,"href":"https:\/\/maranhaotv.com.br\/index.php\/wp-json\/wp\/v2\/media\/36994"}],"wp:attachment":[{"href":"https:\/\/maranhaotv.com.br\/index.php\/wp-json\/wp\/v2\/media?parent=36995"}],"wp:term":[{"taxonomy":"category","embeddable":true,"href":"https:\/\/maranhaotv.com.br\/index.php\/wp-json\/wp\/v2\/categories?post=36995"},{"taxonomy":"post_tag","embeddable":true,"href":"https:\/\/maranhaotv.com.br\/index.php\/wp-json\/wp\/v2\/tags?post=36995"}],"curies":[{"name":"wp","href":"https:\/\/api.w.org\/{rel}","templated":true}]}}