{"id":37010,"date":"2024-07-31T20:17:15","date_gmt":"2024-07-31T23:17:15","guid":{"rendered":"https:\/\/maranhaotv.com.br\/?p=37010"},"modified":"2024-07-31T20:17:15","modified_gmt":"2024-07-31T23:17:15","slug":"best-friends-motorista-de-carro-encontrado-com-r-1-milhao-em-porta-malas-aparece-em-video-adesivando-carros-na-campanha-de-eduardo-braide","status":"publish","type":"post","link":"https:\/\/maranhaotv.com.br\/index.php\/2024\/07\/31\/best-friends-motorista-de-carro-encontrado-com-r-1-milhao-em-porta-malas-aparece-em-video-adesivando-carros-na-campanha-de-eduardo-braide\/","title":{"rendered":"BEST FRIENDS?! Motorista de carro encontrado com R$ 1 milh\u00e3o em porta malas aparece em v\u00eddeo adesivando carros na campanha de Eduardo Braide"},"content":{"rendered":"\n<p><br><br>O Blog do Domingos Costa conseguiu resgatar uma v\u00eddeo publicit\u00e1rio da campanha eleitoral municipal de 2020, publicado nas redes sociais do ent\u00e3o candidato a prefeito Eduardo Braide, na \u00e9poca, filiado ao PMN.<br><br>Nas imagens, ele aparece com o senhor Carlos Augusto Diniz da Costa, conhecido como \u201cMakilas\u201d, adesivando carros no comit\u00ea central de campanha em S\u00e3o Lu\u00eds.<br><br>\u201cMakilas\u201d surge logo na abertura do v\u00eddeo publicit\u00e1rio no qual Braide aparece ladeado da esposa, Graziela Braide e da candidata a vice-prefeita Esm\u00eania Miranda.<br><br>Carlos Augusto Diniz da Costa ganhou notoriedade na m\u00eddia estadual e nacional na tarde desta ter\u00e7a-feira (30), quando surgiu como o motorista do ve\u00edculo Renault Clio, de cor vermelha e placa NXH5E16, encontrado pela Pol\u00edcia Militar do Maranh\u00e3o (PM-MA) com mais de R$ 1,1 milh\u00e3o em esp\u00e9cie escondida no porta-malas em frente \u00e0 um condom\u00ednio, na rua das Andirobas, no bairro Renascen\u00e7a na capital.<br><br>Al\u00e9m de funcion\u00e1rio \u2013 \u201cadesivador de carros\u201d \u2013 na campanha de Braide, o motirista \u201cfaz tudo\u201d ganhou um cargo na prefeitura de S\u00e3o Lu\u00eds no mesmo dia que Eduardo assumiu a prefeitura.<br><br>\u2013 Nomeado no primeiro dia do governo de Braide<br>No dia 1\u00ba de janeiro de 2021, Carlos Augusto Diniz da Costa foi nomeado no cargo comissionado na cargo na Secretaria Municipal De Informa\u00e7\u00e3o e Tecnologia \u2013 SEMIT, na \u00e9poca, comandada pelo secret\u00e1rio Diego Rafael Rodrigues Pereira, hoje titular da SMTT \u2013 Municipal de Tr\u00e2nsito e Transportes de S\u00e3o Lu\u00eds.<br><br>Embora at\u00e9 hoje desempenhe a fun\u00e7\u00e3o de motorista do secret\u00e1rio Diego Rafael, Carlos Augusto Diniz da Costa continua lotado na SEMIT no cargo de \u201canalista t\u00e9cnico\u201d com sal\u00e1rio de R$ 3.418,04 (tr\u00eas mil reais, quatrocentos e dezoito reais e quatro centavos).<br><br>Reprodu\u00e7\u00e3o: Blog Domingos Costa<\/p>\n","protected":false},"excerpt":{"rendered":"<p>O Blog do Domingos Costa conseguiu resgatar uma v\u00eddeo publicit\u00e1rio da campanha eleitoral municipal de 2020, publicado nas redes sociais<\/p>\n","protected":false},"author":2,"featured_media":37009,"comment_status":"open","ping_status":"open","sticky":false,"template":"","format":"standard","meta":{"colormag_page_container_layout":"default_layout","colormag_page_sidebar_layout":"default_layout","_jetpack_memberships_contains_paid_content":false,"footnotes":""},"categories":[6],"tags":[],"class_list":["post-37010","post","type-post","status-publish","format-standard","has-post-thumbnail","hentry","category-politica"],"magazineBlocksPostFeaturedMedia":{"thumbnail":"https:\/\/maranhaotv.com.br\/wp-content\/uploads\/2024\/07\/IMG-20240731-WA0770-150x150.jpg","medium":"https:\/\/maranhaotv.com.br\/wp-content\/uploads\/2024\/07\/IMG-20240731-WA0770-273x300.jpg","medium_large":"https:\/\/maranhaotv.com.br\/wp-content\/uploads\/2024\/07\/IMG-20240731-WA0770-768x844.jpg","large":"https:\/\/maranhaotv.com.br\/wp-content\/uploads\/2024\/07\/IMG-20240731-WA0770-932x1024.jpg","1536x1536":"https:\/\/maranhaotv.com.br\/wp-content\/uploads\/2024\/07\/IMG-20240731-WA0770.jpg","2048x2048":"https:\/\/maranhaotv.com.br\/wp-content\/uploads\/2024\/07\/IMG-20240731-WA0770.jpg","colormag-highlighted-post":"https:\/\/maranhaotv.com.br\/wp-content\/uploads\/2024\/07\/IMG-20240731-WA0770-392x272.jpg","colormag-featured-post-medium":"https:\/\/maranhaotv.com.br\/wp-content\/uploads\/2024\/07\/IMG-20240731-WA0770-390x205.jpg","colormag-featured-post-small":"https:\/\/maranhaotv.com.br\/wp-content\/uploads\/2024\/07\/IMG-20240731-WA0770-130x90.jpg","colormag-featured-image":"https:\/\/maranhaotv.com.br\/wp-content\/uploads\/2024\/07\/IMG-20240731-WA0770-800x445.jpg","colormag-default-news":"https:\/\/maranhaotv.com.br\/wp-content\/uploads\/2024\/07\/IMG-20240731-WA0770-150x150.jpg","colormag-featured-image-large":"https:\/\/maranhaotv.com.br\/wp-content\/uploads\/2024\/07\/IMG-20240731-WA0770-1359x600.jpg"},"magazineBlocksPostAuthor":{"name":"maranhaotv","avatar":"https:\/\/secure.gravatar.com\/avatar\/8fadbca458d4cb68b1dd399ae9a40618d747bb1af65ac9fad21c89220a143eb4?s=96&d=mm&r=g"},"magazineBlocksPostCommentsNumber":"0","magazineBlocksPostExcerpt":"O Blog do Domingos Costa conseguiu resgatar uma v\u00eddeo publicit\u00e1rio da campanha eleitoral municipal de 2020, publicado nas redes sociais","magazineBlocksPostCategories":["pol\u00edtica"],"magazineBlocksPostViewCount":403,"magazineBlocksPostReadTime":2,"magazine_blocks_featured_image_url":{"full":["https:\/\/maranhaotv.com.br\/wp-content\/uploads\/2024\/07\/IMG-20240731-WA0770.jpg",1359,1493,false],"medium":["https:\/\/maranhaotv.com.br\/wp-content\/uploads\/2024\/07\/IMG-20240731-WA0770-273x300.jpg",273,300,true],"thumbnail":["https:\/\/maranhaotv.com.br\/wp-content\/uploads\/2024\/07\/IMG-20240731-WA0770-150x150.jpg",150,150,true]},"magazine_blocks_author":{"display_name":"maranhaotv","author_link":"https:\/\/maranhaotv.com.br\/index.php\/author\/maranhaotv\/"},"magazine_blocks_comment":0,"magazine_blocks_author_image":"https:\/\/secure.gravatar.com\/avatar\/8fadbca458d4cb68b1dd399ae9a40618d747bb1af65ac9fad21c89220a143eb4?s=96&d=mm&r=g","magazine_blocks_category":"<a href=\"#\" class=\"category-link category-link-6\">pol\u00edtica<\/a>","yoast_head":"<!-- This site is optimized with the Yoast SEO plugin v27.4 - https:\/\/yoast.com\/product\/yoast-seo-wordpress\/ -->\n<title>BEST FRIENDS?! Motorista de carro encontrado com R$ 1 milh\u00e3o em porta malas aparece em v\u00eddeo adesivando carros na campanha de Eduardo Braide - NOT\u00cdCIAS EM TEMPO REAL<\/title>\n<meta name=\"robots\" content=\"index, follow, max-snippet:-1, max-image-preview:large, max-video-preview:-1\" \/>\n<link rel=\"canonical\" href=\"https:\/\/maranhaotv.com.br\/index.php\/2024\/07\/31\/best-friends-motorista-de-carro-encontrado-com-r-1-milhao-em-porta-malas-aparece-em-video-adesivando-carros-na-campanha-de-eduardo-braide\/\" \/>\n<meta property=\"og:locale\" content=\"pt_BR\" \/>\n<meta property=\"og:type\" content=\"article\" \/>\n<meta property=\"og:title\" content=\"BEST FRIENDS?! Motorista de carro encontrado com R$ 1 milh\u00e3o em porta malas aparece em v\u00eddeo adesivando carros na campanha de Eduardo Braide - NOT\u00cdCIAS EM TEMPO REAL\" \/>\n<meta property=\"og:description\" content=\"O Blog do Domingos Costa conseguiu resgatar uma v\u00eddeo publicit\u00e1rio da campanha eleitoral municipal de 2020, publicado nas redes sociais\" \/>\n<meta property=\"og:url\" content=\"https:\/\/maranhaotv.com.br\/index.php\/2024\/07\/31\/best-friends-motorista-de-carro-encontrado-com-r-1-milhao-em-porta-malas-aparece-em-video-adesivando-carros-na-campanha-de-eduardo-braide\/\" \/>\n<meta property=\"og:site_name\" content=\"NOT\u00cdCIAS EM TEMPO REAL\" \/>\n<meta property=\"article:publisher\" content=\"https:\/\/www.facebook.com\/maiobaotv\" \/>\n<meta property=\"article:published_time\" content=\"2024-07-31T23:17:15+00:00\" \/>\n<meta property=\"og:image\" content=\"https:\/\/maranhaotv.com.br\/wp-content\/uploads\/2024\/07\/IMG-20240731-WA0770.jpg\" \/>\n\t<meta property=\"og:image:width\" content=\"1359\" \/>\n\t<meta property=\"og:image:height\" content=\"1493\" \/>\n\t<meta property=\"og:image:type\" content=\"image\/jpeg\" \/>\n<meta name=\"author\" content=\"maranhaotv\" \/>\n<meta name=\"twitter:card\" content=\"summary_large_image\" \/>\n<meta name=\"twitter:creator\" content=\"@sitemaranhaotv\" \/>\n<meta name=\"twitter:site\" content=\"@sitemaranhaotv\" \/>\n<meta name=\"twitter:label1\" content=\"Escrito por\" \/>\n\t<meta name=\"twitter:data1\" content=\"maranhaotv\" \/>\n\t<meta name=\"twitter:label2\" content=\"Est. tempo de leitura\" \/>\n\t<meta name=\"twitter:data2\" content=\"2 minutos\" \/>\n<script type=\"application\/ld+json\" class=\"yoast-schema-graph\">{\"@context\":\"https:\\\/\\\/schema.org\",\"@graph\":[{\"@type\":\"Article\",\"@id\":\"https:\\\/\\\/maranhaotv.com.br\\\/index.php\\\/2024\\\/07\\\/31\\\/best-friends-motorista-de-carro-encontrado-com-r-1-milhao-em-porta-malas-aparece-em-video-adesivando-carros-na-campanha-de-eduardo-braide\\\/#article\",\"isPartOf\":{\"@id\":\"https:\\\/\\\/maranhaotv.com.br\\\/index.php\\\/2024\\\/07\\\/31\\\/best-friends-motorista-de-carro-encontrado-com-r-1-milhao-em-porta-malas-aparece-em-video-adesivando-carros-na-campanha-de-eduardo-braide\\\/\"},\"author\":{\"name\":\"maranhaotv\",\"@id\":\"https:\\\/\\\/maranhaotv.com.br\\\/#\\\/schema\\\/person\\\/3d54238e86b20bb5c89ab2fdb8f8829a\"},\"headline\":\"BEST FRIENDS?! Motorista de carro encontrado com R$ 1 milh\u00e3o em porta malas aparece em v\u00eddeo adesivando carros na campanha de Eduardo Braide\",\"datePublished\":\"2024-07-31T23:17:15+00:00\",\"mainEntityOfPage\":{\"@id\":\"https:\\\/\\\/maranhaotv.com.br\\\/index.php\\\/2024\\\/07\\\/31\\\/best-friends-motorista-de-carro-encontrado-com-r-1-milhao-em-porta-malas-aparece-em-video-adesivando-carros-na-campanha-de-eduardo-braide\\\/\"},\"wordCount\":325,\"commentCount\":0,\"publisher\":{\"@id\":\"https:\\\/\\\/maranhaotv.com.br\\\/#organization\"},\"image\":{\"@id\":\"https:\\\/\\\/maranhaotv.com.br\\\/index.php\\\/2024\\\/07\\\/31\\\/best-friends-motorista-de-carro-encontrado-com-r-1-milhao-em-porta-malas-aparece-em-video-adesivando-carros-na-campanha-de-eduardo-braide\\\/#primaryimage\"},\"thumbnailUrl\":\"https:\\\/\\\/maranhaotv.com.br\\\/wp-content\\\/uploads\\\/2024\\\/07\\\/IMG-20240731-WA0770.jpg\",\"articleSection\":[\"pol\u00edtica\"],\"inLanguage\":\"pt-BR\",\"potentialAction\":[{\"@type\":\"CommentAction\",\"name\":\"Comment\",\"target\":[\"https:\\\/\\\/maranhaotv.com.br\\\/index.php\\\/2024\\\/07\\\/31\\\/best-friends-motorista-de-carro-encontrado-com-r-1-milhao-em-porta-malas-aparece-em-video-adesivando-carros-na-campanha-de-eduardo-braide\\\/#respond\"]}]},{\"@type\":\"WebPage\",\"@id\":\"https:\\\/\\\/maranhaotv.com.br\\\/index.php\\\/2024\\\/07\\\/31\\\/best-friends-motorista-de-carro-encontrado-com-r-1-milhao-em-porta-malas-aparece-em-video-adesivando-carros-na-campanha-de-eduardo-braide\\\/\",\"url\":\"https:\\\/\\\/maranhaotv.com.br\\\/index.php\\\/2024\\\/07\\\/31\\\/best-friends-motorista-de-carro-encontrado-com-r-1-milhao-em-porta-malas-aparece-em-video-adesivando-carros-na-campanha-de-eduardo-braide\\\/\",\"name\":\"BEST FRIENDS?! Motorista de carro encontrado com R$ 1 milh\u00e3o em porta malas aparece em v\u00eddeo adesivando carros na campanha de Eduardo Braide - NOT\u00cdCIAS EM TEMPO REAL\",\"isPartOf\":{\"@id\":\"https:\\\/\\\/maranhaotv.com.br\\\/#website\"},\"primaryImageOfPage\":{\"@id\":\"https:\\\/\\\/maranhaotv.com.br\\\/index.php\\\/2024\\\/07\\\/31\\\/best-friends-motorista-de-carro-encontrado-com-r-1-milhao-em-porta-malas-aparece-em-video-adesivando-carros-na-campanha-de-eduardo-braide\\\/#primaryimage\"},\"image\":{\"@id\":\"https:\\\/\\\/maranhaotv.com.br\\\/index.php\\\/2024\\\/07\\\/31\\\/best-friends-motorista-de-carro-encontrado-com-r-1-milhao-em-porta-malas-aparece-em-video-adesivando-carros-na-campanha-de-eduardo-braide\\\/#primaryimage\"},\"thumbnailUrl\":\"https:\\\/\\\/maranhaotv.com.br\\\/wp-content\\\/uploads\\\/2024\\\/07\\\/IMG-20240731-WA0770.jpg\",\"datePublished\":\"2024-07-31T23:17:15+00:00\",\"breadcrumb\":{\"@id\":\"https:\\\/\\\/maranhaotv.com.br\\\/index.php\\\/2024\\\/07\\\/31\\\/best-friends-motorista-de-carro-encontrado-com-r-1-milhao-em-porta-malas-aparece-em-video-adesivando-carros-na-campanha-de-eduardo-braide\\\/#breadcrumb\"},\"inLanguage\":\"pt-BR\",\"potentialAction\":[{\"@type\":\"ReadAction\",\"target\":[\"https:\\\/\\\/maranhaotv.com.br\\\/index.php\\\/2024\\\/07\\\/31\\\/best-friends-motorista-de-carro-encontrado-com-r-1-milhao-em-porta-malas-aparece-em-video-adesivando-carros-na-campanha-de-eduardo-braide\\\/\"]}]},{\"@type\":\"ImageObject\",\"inLanguage\":\"pt-BR\",\"@id\":\"https:\\\/\\\/maranhaotv.com.br\\\/index.php\\\/2024\\\/07\\\/31\\\/best-friends-motorista-de-carro-encontrado-com-r-1-milhao-em-porta-malas-aparece-em-video-adesivando-carros-na-campanha-de-eduardo-braide\\\/#primaryimage\",\"url\":\"https:\\\/\\\/maranhaotv.com.br\\\/wp-content\\\/uploads\\\/2024\\\/07\\\/IMG-20240731-WA0770.jpg\",\"contentUrl\":\"https:\\\/\\\/maranhaotv.com.br\\\/wp-content\\\/uploads\\\/2024\\\/07\\\/IMG-20240731-WA0770.jpg\",\"width\":1359,\"height\":1493},{\"@type\":\"BreadcrumbList\",\"@id\":\"https:\\\/\\\/maranhaotv.com.br\\\/index.php\\\/2024\\\/07\\\/31\\\/best-friends-motorista-de-carro-encontrado-com-r-1-milhao-em-porta-malas-aparece-em-video-adesivando-carros-na-campanha-de-eduardo-braide\\\/#breadcrumb\",\"itemListElement\":[{\"@type\":\"ListItem\",\"position\":1,\"name\":\"In\u00edcio\",\"item\":\"https:\\\/\\\/maranhaotv.com.br\\\/\"},{\"@type\":\"ListItem\",\"position\":2,\"name\":\"BEST FRIENDS?! Motorista de carro encontrado com R$ 1 milh\u00e3o em porta malas aparece em v\u00eddeo adesivando carros na campanha de Eduardo Braide\"}]},{\"@type\":\"WebSite\",\"@id\":\"https:\\\/\\\/maranhaotv.com.br\\\/#website\",\"url\":\"https:\\\/\\\/maranhaotv.com.br\\\/\",\"name\":\"Maranh\u00e3oTV\",\"description\":\"\",\"publisher\":{\"@id\":\"https:\\\/\\\/maranhaotv.com.br\\\/#organization\"},\"potentialAction\":[{\"@type\":\"SearchAction\",\"target\":{\"@type\":\"EntryPoint\",\"urlTemplate\":\"https:\\\/\\\/maranhaotv.com.br\\\/?s={search_term_string}\"},\"query-input\":{\"@type\":\"PropertyValueSpecification\",\"valueRequired\":true,\"valueName\":\"search_term_string\"}}],\"inLanguage\":\"pt-BR\"},{\"@type\":\"Organization\",\"@id\":\"https:\\\/\\\/maranhaotv.com.br\\\/#organization\",\"name\":\"Portal de Not\u00edcias\",\"url\":\"https:\\\/\\\/maranhaotv.com.br\\\/\",\"logo\":{\"@type\":\"ImageObject\",\"inLanguage\":\"pt-BR\",\"@id\":\"https:\\\/\\\/maranhaotv.com.br\\\/#\\\/schema\\\/logo\\\/image\\\/\",\"url\":\"https:\\\/\\\/maranhaotv.com.br\\\/wp-content\\\/uploads\\\/2024\\\/05\\\/cropped-cropped-avatar-1.png\",\"contentUrl\":\"https:\\\/\\\/maranhaotv.com.br\\\/wp-content\\\/uploads\\\/2024\\\/05\\\/cropped-cropped-avatar-1.png\",\"width\":792,\"height\":428,\"caption\":\"Portal de Not\u00edcias\"},\"image\":{\"@id\":\"https:\\\/\\\/maranhaotv.com.br\\\/#\\\/schema\\\/logo\\\/image\\\/\"},\"sameAs\":[\"https:\\\/\\\/www.facebook.com\\\/maiobaotv\",\"https:\\\/\\\/x.com\\\/sitemaranhaotv\",\"https:\\\/\\\/www.instagram.com\\\/maranhao.tv\",\"https:\\\/\\\/www.threads.net\\\/@maranhao.tv\"]},{\"@type\":\"Person\",\"@id\":\"https:\\\/\\\/maranhaotv.com.br\\\/#\\\/schema\\\/person\\\/3d54238e86b20bb5c89ab2fdb8f8829a\",\"name\":\"maranhaotv\",\"image\":{\"@type\":\"ImageObject\",\"inLanguage\":\"pt-BR\",\"@id\":\"https:\\\/\\\/secure.gravatar.com\\\/avatar\\\/8fadbca458d4cb68b1dd399ae9a40618d747bb1af65ac9fad21c89220a143eb4?s=96&d=mm&r=g\",\"url\":\"https:\\\/\\\/secure.gravatar.com\\\/avatar\\\/8fadbca458d4cb68b1dd399ae9a40618d747bb1af65ac9fad21c89220a143eb4?s=96&d=mm&r=g\",\"contentUrl\":\"https:\\\/\\\/secure.gravatar.com\\\/avatar\\\/8fadbca458d4cb68b1dd399ae9a40618d747bb1af65ac9fad21c89220a143eb4?s=96&d=mm&r=g\",\"caption\":\"maranhaotv\"},\"sameAs\":[\"https:\\\/\\\/maranhaotv.com.br\\\/\"],\"url\":\"https:\\\/\\\/maranhaotv.com.br\\\/index.php\\\/author\\\/maranhaotv\\\/\"}]}<\/script>\n<!-- \/ Yoast SEO plugin. -->","yoast_head_json":{"title":"BEST FRIENDS?! Motorista de carro encontrado com R$ 1 milh\u00e3o em porta malas aparece em v\u00eddeo adesivando carros na campanha de Eduardo Braide - NOT\u00cdCIAS EM TEMPO REAL","robots":{"index":"index","follow":"follow","max-snippet":"max-snippet:-1","max-image-preview":"max-image-preview:large","max-video-preview":"max-video-preview:-1"},"canonical":"https:\/\/maranhaotv.com.br\/index.php\/2024\/07\/31\/best-friends-motorista-de-carro-encontrado-com-r-1-milhao-em-porta-malas-aparece-em-video-adesivando-carros-na-campanha-de-eduardo-braide\/","og_locale":"pt_BR","og_type":"article","og_title":"BEST FRIENDS?! Motorista de carro encontrado com R$ 1 milh\u00e3o em porta malas aparece em v\u00eddeo adesivando carros na campanha de Eduardo Braide - NOT\u00cdCIAS EM TEMPO REAL","og_description":"O Blog do Domingos Costa conseguiu resgatar uma v\u00eddeo publicit\u00e1rio da campanha eleitoral municipal de 2020, publicado nas redes sociais","og_url":"https:\/\/maranhaotv.com.br\/index.php\/2024\/07\/31\/best-friends-motorista-de-carro-encontrado-com-r-1-milhao-em-porta-malas-aparece-em-video-adesivando-carros-na-campanha-de-eduardo-braide\/","og_site_name":"NOT\u00cdCIAS EM TEMPO REAL","article_publisher":"https:\/\/www.facebook.com\/maiobaotv","article_published_time":"2024-07-31T23:17:15+00:00","og_image":[{"width":1359,"height":1493,"url":"https:\/\/maranhaotv.com.br\/wp-content\/uploads\/2024\/07\/IMG-20240731-WA0770.jpg","type":"image\/jpeg"}],"author":"maranhaotv","twitter_card":"summary_large_image","twitter_creator":"@sitemaranhaotv","twitter_site":"@sitemaranhaotv","twitter_misc":{"Escrito por":"maranhaotv","Est. tempo de leitura":"2 minutos"},"schema":{"@context":"https:\/\/schema.org","@graph":[{"@type":"Article","@id":"https:\/\/maranhaotv.com.br\/index.php\/2024\/07\/31\/best-friends-motorista-de-carro-encontrado-com-r-1-milhao-em-porta-malas-aparece-em-video-adesivando-carros-na-campanha-de-eduardo-braide\/#article","isPartOf":{"@id":"https:\/\/maranhaotv.com.br\/index.php\/2024\/07\/31\/best-friends-motorista-de-carro-encontrado-com-r-1-milhao-em-porta-malas-aparece-em-video-adesivando-carros-na-campanha-de-eduardo-braide\/"},"author":{"name":"maranhaotv","@id":"https:\/\/maranhaotv.com.br\/#\/schema\/person\/3d54238e86b20bb5c89ab2fdb8f8829a"},"headline":"BEST FRIENDS?! Motorista de carro encontrado com R$ 1 milh\u00e3o em porta malas aparece em v\u00eddeo adesivando carros na campanha de Eduardo Braide","datePublished":"2024-07-31T23:17:15+00:00","mainEntityOfPage":{"@id":"https:\/\/maranhaotv.com.br\/index.php\/2024\/07\/31\/best-friends-motorista-de-carro-encontrado-com-r-1-milhao-em-porta-malas-aparece-em-video-adesivando-carros-na-campanha-de-eduardo-braide\/"},"wordCount":325,"commentCount":0,"publisher":{"@id":"https:\/\/maranhaotv.com.br\/#organization"},"image":{"@id":"https:\/\/maranhaotv.com.br\/index.php\/2024\/07\/31\/best-friends-motorista-de-carro-encontrado-com-r-1-milhao-em-porta-malas-aparece-em-video-adesivando-carros-na-campanha-de-eduardo-braide\/#primaryimage"},"thumbnailUrl":"https:\/\/maranhaotv.com.br\/wp-content\/uploads\/2024\/07\/IMG-20240731-WA0770.jpg","articleSection":["pol\u00edtica"],"inLanguage":"pt-BR","potentialAction":[{"@type":"CommentAction","name":"Comment","target":["https:\/\/maranhaotv.com.br\/index.php\/2024\/07\/31\/best-friends-motorista-de-carro-encontrado-com-r-1-milhao-em-porta-malas-aparece-em-video-adesivando-carros-na-campanha-de-eduardo-braide\/#respond"]}]},{"@type":"WebPage","@id":"https:\/\/maranhaotv.com.br\/index.php\/2024\/07\/31\/best-friends-motorista-de-carro-encontrado-com-r-1-milhao-em-porta-malas-aparece-em-video-adesivando-carros-na-campanha-de-eduardo-braide\/","url":"https:\/\/maranhaotv.com.br\/index.php\/2024\/07\/31\/best-friends-motorista-de-carro-encontrado-com-r-1-milhao-em-porta-malas-aparece-em-video-adesivando-carros-na-campanha-de-eduardo-braide\/","name":"BEST FRIENDS?! Motorista de carro encontrado com R$ 1 milh\u00e3o em porta malas aparece em v\u00eddeo adesivando carros na campanha de Eduardo Braide - NOT\u00cdCIAS EM TEMPO REAL","isPartOf":{"@id":"https:\/\/maranhaotv.com.br\/#website"},"primaryImageOfPage":{"@id":"https:\/\/maranhaotv.com.br\/index.php\/2024\/07\/31\/best-friends-motorista-de-carro-encontrado-com-r-1-milhao-em-porta-malas-aparece-em-video-adesivando-carros-na-campanha-de-eduardo-braide\/#primaryimage"},"image":{"@id":"https:\/\/maranhaotv.com.br\/index.php\/2024\/07\/31\/best-friends-motorista-de-carro-encontrado-com-r-1-milhao-em-porta-malas-aparece-em-video-adesivando-carros-na-campanha-de-eduardo-braide\/#primaryimage"},"thumbnailUrl":"https:\/\/maranhaotv.com.br\/wp-content\/uploads\/2024\/07\/IMG-20240731-WA0770.jpg","datePublished":"2024-07-31T23:17:15+00:00","breadcrumb":{"@id":"https:\/\/maranhaotv.com.br\/index.php\/2024\/07\/31\/best-friends-motorista-de-carro-encontrado-com-r-1-milhao-em-porta-malas-aparece-em-video-adesivando-carros-na-campanha-de-eduardo-braide\/#breadcrumb"},"inLanguage":"pt-BR","potentialAction":[{"@type":"ReadAction","target":["https:\/\/maranhaotv.com.br\/index.php\/2024\/07\/31\/best-friends-motorista-de-carro-encontrado-com-r-1-milhao-em-porta-malas-aparece-em-video-adesivando-carros-na-campanha-de-eduardo-braide\/"]}]},{"@type":"ImageObject","inLanguage":"pt-BR","@id":"https:\/\/maranhaotv.com.br\/index.php\/2024\/07\/31\/best-friends-motorista-de-carro-encontrado-com-r-1-milhao-em-porta-malas-aparece-em-video-adesivando-carros-na-campanha-de-eduardo-braide\/#primaryimage","url":"https:\/\/maranhaotv.com.br\/wp-content\/uploads\/2024\/07\/IMG-20240731-WA0770.jpg","contentUrl":"https:\/\/maranhaotv.com.br\/wp-content\/uploads\/2024\/07\/IMG-20240731-WA0770.jpg","width":1359,"height":1493},{"@type":"BreadcrumbList","@id":"https:\/\/maranhaotv.com.br\/index.php\/2024\/07\/31\/best-friends-motorista-de-carro-encontrado-com-r-1-milhao-em-porta-malas-aparece-em-video-adesivando-carros-na-campanha-de-eduardo-braide\/#breadcrumb","itemListElement":[{"@type":"ListItem","position":1,"name":"In\u00edcio","item":"https:\/\/maranhaotv.com.br\/"},{"@type":"ListItem","position":2,"name":"BEST FRIENDS?! Motorista de carro encontrado com R$ 1 milh\u00e3o em porta malas aparece em v\u00eddeo adesivando carros na campanha de Eduardo Braide"}]},{"@type":"WebSite","@id":"https:\/\/maranhaotv.com.br\/#website","url":"https:\/\/maranhaotv.com.br\/","name":"Maranh\u00e3oTV","description":"","publisher":{"@id":"https:\/\/maranhaotv.com.br\/#organization"},"potentialAction":[{"@type":"SearchAction","target":{"@type":"EntryPoint","urlTemplate":"https:\/\/maranhaotv.com.br\/?s={search_term_string}"},"query-input":{"@type":"PropertyValueSpecification","valueRequired":true,"valueName":"search_term_string"}}],"inLanguage":"pt-BR"},{"@type":"Organization","@id":"https:\/\/maranhaotv.com.br\/#organization","name":"Portal de Not\u00edcias","url":"https:\/\/maranhaotv.com.br\/","logo":{"@type":"ImageObject","inLanguage":"pt-BR","@id":"https:\/\/maranhaotv.com.br\/#\/schema\/logo\/image\/","url":"https:\/\/maranhaotv.com.br\/wp-content\/uploads\/2024\/05\/cropped-cropped-avatar-1.png","contentUrl":"https:\/\/maranhaotv.com.br\/wp-content\/uploads\/2024\/05\/cropped-cropped-avatar-1.png","width":792,"height":428,"caption":"Portal de Not\u00edcias"},"image":{"@id":"https:\/\/maranhaotv.com.br\/#\/schema\/logo\/image\/"},"sameAs":["https:\/\/www.facebook.com\/maiobaotv","https:\/\/x.com\/sitemaranhaotv","https:\/\/www.instagram.com\/maranhao.tv","https:\/\/www.threads.net\/@maranhao.tv"]},{"@type":"Person","@id":"https:\/\/maranhaotv.com.br\/#\/schema\/person\/3d54238e86b20bb5c89ab2fdb8f8829a","name":"maranhaotv","image":{"@type":"ImageObject","inLanguage":"pt-BR","@id":"https:\/\/secure.gravatar.com\/avatar\/8fadbca458d4cb68b1dd399ae9a40618d747bb1af65ac9fad21c89220a143eb4?s=96&d=mm&r=g","url":"https:\/\/secure.gravatar.com\/avatar\/8fadbca458d4cb68b1dd399ae9a40618d747bb1af65ac9fad21c89220a143eb4?s=96&d=mm&r=g","contentUrl":"https:\/\/secure.gravatar.com\/avatar\/8fadbca458d4cb68b1dd399ae9a40618d747bb1af65ac9fad21c89220a143eb4?s=96&d=mm&r=g","caption":"maranhaotv"},"sameAs":["https:\/\/maranhaotv.com.br\/"],"url":"https:\/\/maranhaotv.com.br\/index.php\/author\/maranhaotv\/"}]}},"jetpack_featured_media_url":"https:\/\/maranhaotv.com.br\/wp-content\/uploads\/2024\/07\/IMG-20240731-WA0770.jpg","jetpack_sharing_enabled":true,"_links":{"self":[{"href":"https:\/\/maranhaotv.com.br\/index.php\/wp-json\/wp\/v2\/posts\/37010","targetHints":{"allow":["GET"]}}],"collection":[{"href":"https:\/\/maranhaotv.com.br\/index.php\/wp-json\/wp\/v2\/posts"}],"about":[{"href":"https:\/\/maranhaotv.com.br\/index.php\/wp-json\/wp\/v2\/types\/post"}],"author":[{"embeddable":true,"href":"https:\/\/maranhaotv.com.br\/index.php\/wp-json\/wp\/v2\/users\/2"}],"replies":[{"embeddable":true,"href":"https:\/\/maranhaotv.com.br\/index.php\/wp-json\/wp\/v2\/comments?post=37010"}],"version-history":[{"count":1,"href":"https:\/\/maranhaotv.com.br\/index.php\/wp-json\/wp\/v2\/posts\/37010\/revisions"}],"predecessor-version":[{"id":37011,"href":"https:\/\/maranhaotv.com.br\/index.php\/wp-json\/wp\/v2\/posts\/37010\/revisions\/37011"}],"wp:featuredmedia":[{"embeddable":true,"href":"https:\/\/maranhaotv.com.br\/index.php\/wp-json\/wp\/v2\/media\/37009"}],"wp:attachment":[{"href":"https:\/\/maranhaotv.com.br\/index.php\/wp-json\/wp\/v2\/media?parent=37010"}],"wp:term":[{"taxonomy":"category","embeddable":true,"href":"https:\/\/maranhaotv.com.br\/index.php\/wp-json\/wp\/v2\/categories?post=37010"},{"taxonomy":"post_tag","embeddable":true,"href":"https:\/\/maranhaotv.com.br\/index.php\/wp-json\/wp\/v2\/tags?post=37010"}],"curies":[{"name":"wp","href":"https:\/\/api.w.org\/{rel}","templated":true}]}}