{"id":37020,"date":"2024-08-01T10:53:01","date_gmt":"2024-08-01T13:53:01","guid":{"rendered":"https:\/\/maranhaotv.com.br\/?p=37020"},"modified":"2024-08-01T10:53:01","modified_gmt":"2024-08-01T13:53:01","slug":"ranking-nacional-elege-duarte-como-o-melhor-deputado-federal-do-maranhao","status":"publish","type":"post","link":"https:\/\/maranhaotv.com.br\/index.php\/2024\/08\/01\/ranking-nacional-elege-duarte-como-o-melhor-deputado-federal-do-maranhao\/","title":{"rendered":"Ranking nacional elege Duarte como o melhor deputado federal do Maranh\u00e3o"},"content":{"rendered":"\n<p><br>O deputado federal Duarte (PSB) obteve a primeira coloca\u00e7\u00e3o do Maranh\u00e3o, em um ranking nacional que avalia o desempenho dos parlamentares de todo o pa\u00eds. De acordo com o Ranking dos Pol\u00edticos 2024, divulgado nesta quarta-feira (31), Duarte aparece como o melhor parlamentar do estado.<br><br><br>Iniciativa da sociedade civil, o Ranking dos Pol\u00edticos avalia o trabalho de parlamentares do Congresso Nacional, com base em crit\u00e9rios como combate a privil\u00e9gios, desperd\u00edcios e corrup\u00e7\u00e3o. <br><br><br>Advogado, ex-presidente do Viva\/Procon do Maranh\u00e3o e candidato a prefeito da capital maranhense nas elei\u00e7\u00f5es de 2024, Duarte falou sobre seu hist\u00f3rico profissional e seu compromisso com uma atua\u00e7\u00e3o pol\u00edtica humanizada. <br><br><br>\u201cNossa trajet\u00f3ria \u00e9 de trabalho e compromisso com as pessoas. Em todos os lugares por onde passei, priorizei uma boa gest\u00e3o, sempre dialogando\u201d, pontuou\u00a0 <br><br><br>O Ranking dos Pol\u00edticos foi criado em 2011 e \u00e9 financiado pela livre iniciativa. Integram o Conselho do ranking nomes como os dos ex-presidentes do Banco Central do Brasil, Gustavo Franco e Henrique Meirelles.\u00a0 <br><br><br>Com 8,33 pontos, Duarte ficou com o 1\u00ba lugar no Maranh\u00e3o e o 36\u00ba de todo o pa\u00eds, entre os mais de 500 deputados federais.<\/p>\n\n\n\n<figure class=\"wp-block-image size-large\"><img loading=\"lazy\" decoding=\"async\" width=\"822\" height=\"1024\" src=\"https:\/\/maranhaotv.com.br\/wp-content\/uploads\/2024\/08\/img-20240801-wa01492195489908614503159-822x1024.jpg\" alt=\"\" class=\"wp-image-37018\" srcset=\"https:\/\/maranhaotv.com.br\/wp-content\/uploads\/2024\/08\/img-20240801-wa01492195489908614503159-822x1024.jpg 822w, https:\/\/maranhaotv.com.br\/wp-content\/uploads\/2024\/08\/img-20240801-wa01492195489908614503159-241x300.jpg 241w, https:\/\/maranhaotv.com.br\/wp-content\/uploads\/2024\/08\/img-20240801-wa01492195489908614503159-768x957.jpg 768w, https:\/\/maranhaotv.com.br\/wp-content\/uploads\/2024\/08\/img-20240801-wa01492195489908614503159.jpg 1027w\" sizes=\"auto, (max-width: 822px) 100vw, 822px\" \/><\/figure>\n","protected":false},"excerpt":{"rendered":"<p>O deputado federal Duarte (PSB) obteve a primeira coloca\u00e7\u00e3o do Maranh\u00e3o, em um ranking nacional que avalia o desempenho dos<\/p>\n","protected":false},"author":2,"featured_media":37019,"comment_status":"open","ping_status":"open","sticky":false,"template":"","format":"standard","meta":{"colormag_page_container_layout":"default_layout","colormag_page_sidebar_layout":"default_layout","_jetpack_memberships_contains_paid_content":false,"footnotes":""},"categories":[6],"tags":[],"class_list":["post-37020","post","type-post","status-publish","format-standard","has-post-thumbnail","hentry","category-politica"],"magazineBlocksPostFeaturedMedia":{"thumbnail":"https:\/\/maranhaotv.com.br\/wp-content\/uploads\/2024\/08\/IMG-20240801-WA0149-150x150.jpg","medium":"https:\/\/maranhaotv.com.br\/wp-content\/uploads\/2024\/08\/IMG-20240801-WA0149-241x300.jpg","medium_large":"https:\/\/maranhaotv.com.br\/wp-content\/uploads\/2024\/08\/IMG-20240801-WA0149-768x957.jpg","large":"https:\/\/maranhaotv.com.br\/wp-content\/uploads\/2024\/08\/IMG-20240801-WA0149-822x1024.jpg","1536x1536":"https:\/\/maranhaotv.com.br\/wp-content\/uploads\/2024\/08\/IMG-20240801-WA0149.jpg","2048x2048":"https:\/\/maranhaotv.com.br\/wp-content\/uploads\/2024\/08\/IMG-20240801-WA0149.jpg","colormag-highlighted-post":"https:\/\/maranhaotv.com.br\/wp-content\/uploads\/2024\/08\/IMG-20240801-WA0149-392x272.jpg","colormag-featured-post-medium":"https:\/\/maranhaotv.com.br\/wp-content\/uploads\/2024\/08\/IMG-20240801-WA0149-390x205.jpg","colormag-featured-post-small":"https:\/\/maranhaotv.com.br\/wp-content\/uploads\/2024\/08\/IMG-20240801-WA0149-130x90.jpg","colormag-featured-image":"https:\/\/maranhaotv.com.br\/wp-content\/uploads\/2024\/08\/IMG-20240801-WA0149-800x445.jpg","colormag-default-news":"https:\/\/maranhaotv.com.br\/wp-content\/uploads\/2024\/08\/IMG-20240801-WA0149-150x150.jpg","colormag-featured-image-large":"https:\/\/maranhaotv.com.br\/wp-content\/uploads\/2024\/08\/IMG-20240801-WA0149-1027x600.jpg"},"magazineBlocksPostAuthor":{"name":"maranhaotv","avatar":"https:\/\/secure.gravatar.com\/avatar\/8fadbca458d4cb68b1dd399ae9a40618d747bb1af65ac9fad21c89220a143eb4?s=96&d=mm&r=g"},"magazineBlocksPostCommentsNumber":"0","magazineBlocksPostExcerpt":"O deputado federal Duarte (PSB) obteve a primeira coloca\u00e7\u00e3o do Maranh\u00e3o, em um ranking nacional que avalia o desempenho dos","magazineBlocksPostCategories":["pol\u00edtica"],"magazineBlocksPostViewCount":238,"magazineBlocksPostReadTime":1,"magazine_blocks_featured_image_url":{"full":["https:\/\/maranhaotv.com.br\/wp-content\/uploads\/2024\/08\/IMG-20240801-WA0149.jpg",1027,1280,false],"medium":["https:\/\/maranhaotv.com.br\/wp-content\/uploads\/2024\/08\/IMG-20240801-WA0149-241x300.jpg",241,300,true],"thumbnail":["https:\/\/maranhaotv.com.br\/wp-content\/uploads\/2024\/08\/IMG-20240801-WA0149-150x150.jpg",150,150,true]},"magazine_blocks_author":{"display_name":"maranhaotv","author_link":"https:\/\/maranhaotv.com.br\/index.php\/author\/maranhaotv\/"},"magazine_blocks_comment":0,"magazine_blocks_author_image":"https:\/\/secure.gravatar.com\/avatar\/8fadbca458d4cb68b1dd399ae9a40618d747bb1af65ac9fad21c89220a143eb4?s=96&d=mm&r=g","magazine_blocks_category":"<a href=\"#\" class=\"category-link category-link-6\">pol\u00edtica<\/a>","yoast_head":"<!-- This site is optimized with the Yoast SEO plugin v27.4 - https:\/\/yoast.com\/product\/yoast-seo-wordpress\/ -->\n<title>Ranking nacional elege Duarte como o melhor deputado federal do Maranh\u00e3o - NOT\u00cdCIAS EM TEMPO REAL<\/title>\n<meta name=\"robots\" content=\"index, follow, max-snippet:-1, max-image-preview:large, max-video-preview:-1\" \/>\n<link rel=\"canonical\" href=\"https:\/\/maranhaotv.com.br\/index.php\/2024\/08\/01\/ranking-nacional-elege-duarte-como-o-melhor-deputado-federal-do-maranhao\/\" \/>\n<meta property=\"og:locale\" content=\"pt_BR\" \/>\n<meta property=\"og:type\" content=\"article\" \/>\n<meta property=\"og:title\" content=\"Ranking nacional elege Duarte como o melhor deputado federal do Maranh\u00e3o - NOT\u00cdCIAS EM TEMPO REAL\" \/>\n<meta property=\"og:description\" content=\"O deputado federal Duarte (PSB) obteve a primeira coloca\u00e7\u00e3o do Maranh\u00e3o, em um ranking nacional que avalia o desempenho dos\" \/>\n<meta property=\"og:url\" content=\"https:\/\/maranhaotv.com.br\/index.php\/2024\/08\/01\/ranking-nacional-elege-duarte-como-o-melhor-deputado-federal-do-maranhao\/\" \/>\n<meta property=\"og:site_name\" content=\"NOT\u00cdCIAS EM TEMPO REAL\" \/>\n<meta property=\"article:publisher\" content=\"https:\/\/www.facebook.com\/maiobaotv\" \/>\n<meta property=\"article:published_time\" content=\"2024-08-01T13:53:01+00:00\" \/>\n<meta property=\"og:image\" content=\"https:\/\/maranhaotv.com.br\/wp-content\/uploads\/2024\/08\/IMG-20240801-WA0149.jpg\" \/>\n\t<meta property=\"og:image:width\" content=\"1027\" \/>\n\t<meta property=\"og:image:height\" content=\"1280\" \/>\n\t<meta property=\"og:image:type\" content=\"image\/jpeg\" \/>\n<meta name=\"author\" content=\"maranhaotv\" \/>\n<meta name=\"twitter:card\" content=\"summary_large_image\" \/>\n<meta name=\"twitter:creator\" content=\"@sitemaranhaotv\" \/>\n<meta name=\"twitter:site\" content=\"@sitemaranhaotv\" \/>\n<meta name=\"twitter:label1\" content=\"Escrito por\" \/>\n\t<meta name=\"twitter:data1\" content=\"maranhaotv\" \/>\n\t<meta name=\"twitter:label2\" content=\"Est. tempo de leitura\" \/>\n\t<meta name=\"twitter:data2\" content=\"1 minuto\" \/>\n<script type=\"application\/ld+json\" class=\"yoast-schema-graph\">{\"@context\":\"https:\\\/\\\/schema.org\",\"@graph\":[{\"@type\":\"Article\",\"@id\":\"https:\\\/\\\/maranhaotv.com.br\\\/index.php\\\/2024\\\/08\\\/01\\\/ranking-nacional-elege-duarte-como-o-melhor-deputado-federal-do-maranhao\\\/#article\",\"isPartOf\":{\"@id\":\"https:\\\/\\\/maranhaotv.com.br\\\/index.php\\\/2024\\\/08\\\/01\\\/ranking-nacional-elege-duarte-como-o-melhor-deputado-federal-do-maranhao\\\/\"},\"author\":{\"name\":\"maranhaotv\",\"@id\":\"https:\\\/\\\/maranhaotv.com.br\\\/#\\\/schema\\\/person\\\/3d54238e86b20bb5c89ab2fdb8f8829a\"},\"headline\":\"Ranking nacional elege Duarte como o melhor deputado federal do Maranh\u00e3o\",\"datePublished\":\"2024-08-01T13:53:01+00:00\",\"mainEntityOfPage\":{\"@id\":\"https:\\\/\\\/maranhaotv.com.br\\\/index.php\\\/2024\\\/08\\\/01\\\/ranking-nacional-elege-duarte-como-o-melhor-deputado-federal-do-maranhao\\\/\"},\"wordCount\":208,\"commentCount\":0,\"publisher\":{\"@id\":\"https:\\\/\\\/maranhaotv.com.br\\\/#organization\"},\"image\":{\"@id\":\"https:\\\/\\\/maranhaotv.com.br\\\/index.php\\\/2024\\\/08\\\/01\\\/ranking-nacional-elege-duarte-como-o-melhor-deputado-federal-do-maranhao\\\/#primaryimage\"},\"thumbnailUrl\":\"https:\\\/\\\/maranhaotv.com.br\\\/wp-content\\\/uploads\\\/2024\\\/08\\\/IMG-20240801-WA0149.jpg\",\"articleSection\":[\"pol\u00edtica\"],\"inLanguage\":\"pt-BR\",\"potentialAction\":[{\"@type\":\"CommentAction\",\"name\":\"Comment\",\"target\":[\"https:\\\/\\\/maranhaotv.com.br\\\/index.php\\\/2024\\\/08\\\/01\\\/ranking-nacional-elege-duarte-como-o-melhor-deputado-federal-do-maranhao\\\/#respond\"]}]},{\"@type\":\"WebPage\",\"@id\":\"https:\\\/\\\/maranhaotv.com.br\\\/index.php\\\/2024\\\/08\\\/01\\\/ranking-nacional-elege-duarte-como-o-melhor-deputado-federal-do-maranhao\\\/\",\"url\":\"https:\\\/\\\/maranhaotv.com.br\\\/index.php\\\/2024\\\/08\\\/01\\\/ranking-nacional-elege-duarte-como-o-melhor-deputado-federal-do-maranhao\\\/\",\"name\":\"Ranking nacional elege Duarte como o melhor deputado federal do Maranh\u00e3o - NOT\u00cdCIAS EM TEMPO REAL\",\"isPartOf\":{\"@id\":\"https:\\\/\\\/maranhaotv.com.br\\\/#website\"},\"primaryImageOfPage\":{\"@id\":\"https:\\\/\\\/maranhaotv.com.br\\\/index.php\\\/2024\\\/08\\\/01\\\/ranking-nacional-elege-duarte-como-o-melhor-deputado-federal-do-maranhao\\\/#primaryimage\"},\"image\":{\"@id\":\"https:\\\/\\\/maranhaotv.com.br\\\/index.php\\\/2024\\\/08\\\/01\\\/ranking-nacional-elege-duarte-como-o-melhor-deputado-federal-do-maranhao\\\/#primaryimage\"},\"thumbnailUrl\":\"https:\\\/\\\/maranhaotv.com.br\\\/wp-content\\\/uploads\\\/2024\\\/08\\\/IMG-20240801-WA0149.jpg\",\"datePublished\":\"2024-08-01T13:53:01+00:00\",\"breadcrumb\":{\"@id\":\"https:\\\/\\\/maranhaotv.com.br\\\/index.php\\\/2024\\\/08\\\/01\\\/ranking-nacional-elege-duarte-como-o-melhor-deputado-federal-do-maranhao\\\/#breadcrumb\"},\"inLanguage\":\"pt-BR\",\"potentialAction\":[{\"@type\":\"ReadAction\",\"target\":[\"https:\\\/\\\/maranhaotv.com.br\\\/index.php\\\/2024\\\/08\\\/01\\\/ranking-nacional-elege-duarte-como-o-melhor-deputado-federal-do-maranhao\\\/\"]}]},{\"@type\":\"ImageObject\",\"inLanguage\":\"pt-BR\",\"@id\":\"https:\\\/\\\/maranhaotv.com.br\\\/index.php\\\/2024\\\/08\\\/01\\\/ranking-nacional-elege-duarte-como-o-melhor-deputado-federal-do-maranhao\\\/#primaryimage\",\"url\":\"https:\\\/\\\/maranhaotv.com.br\\\/wp-content\\\/uploads\\\/2024\\\/08\\\/IMG-20240801-WA0149.jpg\",\"contentUrl\":\"https:\\\/\\\/maranhaotv.com.br\\\/wp-content\\\/uploads\\\/2024\\\/08\\\/IMG-20240801-WA0149.jpg\",\"width\":1027,\"height\":1280},{\"@type\":\"BreadcrumbList\",\"@id\":\"https:\\\/\\\/maranhaotv.com.br\\\/index.php\\\/2024\\\/08\\\/01\\\/ranking-nacional-elege-duarte-como-o-melhor-deputado-federal-do-maranhao\\\/#breadcrumb\",\"itemListElement\":[{\"@type\":\"ListItem\",\"position\":1,\"name\":\"In\u00edcio\",\"item\":\"https:\\\/\\\/maranhaotv.com.br\\\/\"},{\"@type\":\"ListItem\",\"position\":2,\"name\":\"Ranking nacional elege Duarte como o melhor deputado federal do Maranh\u00e3o\"}]},{\"@type\":\"WebSite\",\"@id\":\"https:\\\/\\\/maranhaotv.com.br\\\/#website\",\"url\":\"https:\\\/\\\/maranhaotv.com.br\\\/\",\"name\":\"Maranh\u00e3oTV\",\"description\":\"\",\"publisher\":{\"@id\":\"https:\\\/\\\/maranhaotv.com.br\\\/#organization\"},\"potentialAction\":[{\"@type\":\"SearchAction\",\"target\":{\"@type\":\"EntryPoint\",\"urlTemplate\":\"https:\\\/\\\/maranhaotv.com.br\\\/?s={search_term_string}\"},\"query-input\":{\"@type\":\"PropertyValueSpecification\",\"valueRequired\":true,\"valueName\":\"search_term_string\"}}],\"inLanguage\":\"pt-BR\"},{\"@type\":\"Organization\",\"@id\":\"https:\\\/\\\/maranhaotv.com.br\\\/#organization\",\"name\":\"Portal de Not\u00edcias\",\"url\":\"https:\\\/\\\/maranhaotv.com.br\\\/\",\"logo\":{\"@type\":\"ImageObject\",\"inLanguage\":\"pt-BR\",\"@id\":\"https:\\\/\\\/maranhaotv.com.br\\\/#\\\/schema\\\/logo\\\/image\\\/\",\"url\":\"https:\\\/\\\/maranhaotv.com.br\\\/wp-content\\\/uploads\\\/2024\\\/05\\\/cropped-cropped-avatar-1.png\",\"contentUrl\":\"https:\\\/\\\/maranhaotv.com.br\\\/wp-content\\\/uploads\\\/2024\\\/05\\\/cropped-cropped-avatar-1.png\",\"width\":792,\"height\":428,\"caption\":\"Portal de Not\u00edcias\"},\"image\":{\"@id\":\"https:\\\/\\\/maranhaotv.com.br\\\/#\\\/schema\\\/logo\\\/image\\\/\"},\"sameAs\":[\"https:\\\/\\\/www.facebook.com\\\/maiobaotv\",\"https:\\\/\\\/x.com\\\/sitemaranhaotv\",\"https:\\\/\\\/www.instagram.com\\\/maranhao.tv\",\"https:\\\/\\\/www.threads.net\\\/@maranhao.tv\"]},{\"@type\":\"Person\",\"@id\":\"https:\\\/\\\/maranhaotv.com.br\\\/#\\\/schema\\\/person\\\/3d54238e86b20bb5c89ab2fdb8f8829a\",\"name\":\"maranhaotv\",\"image\":{\"@type\":\"ImageObject\",\"inLanguage\":\"pt-BR\",\"@id\":\"https:\\\/\\\/secure.gravatar.com\\\/avatar\\\/8fadbca458d4cb68b1dd399ae9a40618d747bb1af65ac9fad21c89220a143eb4?s=96&d=mm&r=g\",\"url\":\"https:\\\/\\\/secure.gravatar.com\\\/avatar\\\/8fadbca458d4cb68b1dd399ae9a40618d747bb1af65ac9fad21c89220a143eb4?s=96&d=mm&r=g\",\"contentUrl\":\"https:\\\/\\\/secure.gravatar.com\\\/avatar\\\/8fadbca458d4cb68b1dd399ae9a40618d747bb1af65ac9fad21c89220a143eb4?s=96&d=mm&r=g\",\"caption\":\"maranhaotv\"},\"sameAs\":[\"https:\\\/\\\/maranhaotv.com.br\\\/\"],\"url\":\"https:\\\/\\\/maranhaotv.com.br\\\/index.php\\\/author\\\/maranhaotv\\\/\"}]}<\/script>\n<!-- \/ Yoast SEO plugin. -->","yoast_head_json":{"title":"Ranking nacional elege Duarte como o melhor deputado federal do Maranh\u00e3o - NOT\u00cdCIAS EM TEMPO REAL","robots":{"index":"index","follow":"follow","max-snippet":"max-snippet:-1","max-image-preview":"max-image-preview:large","max-video-preview":"max-video-preview:-1"},"canonical":"https:\/\/maranhaotv.com.br\/index.php\/2024\/08\/01\/ranking-nacional-elege-duarte-como-o-melhor-deputado-federal-do-maranhao\/","og_locale":"pt_BR","og_type":"article","og_title":"Ranking nacional elege Duarte como o melhor deputado federal do Maranh\u00e3o - NOT\u00cdCIAS EM TEMPO REAL","og_description":"O deputado federal Duarte (PSB) obteve a primeira coloca\u00e7\u00e3o do Maranh\u00e3o, em um ranking nacional que avalia o desempenho dos","og_url":"https:\/\/maranhaotv.com.br\/index.php\/2024\/08\/01\/ranking-nacional-elege-duarte-como-o-melhor-deputado-federal-do-maranhao\/","og_site_name":"NOT\u00cdCIAS EM TEMPO REAL","article_publisher":"https:\/\/www.facebook.com\/maiobaotv","article_published_time":"2024-08-01T13:53:01+00:00","og_image":[{"width":1027,"height":1280,"url":"https:\/\/maranhaotv.com.br\/wp-content\/uploads\/2024\/08\/IMG-20240801-WA0149.jpg","type":"image\/jpeg"}],"author":"maranhaotv","twitter_card":"summary_large_image","twitter_creator":"@sitemaranhaotv","twitter_site":"@sitemaranhaotv","twitter_misc":{"Escrito por":"maranhaotv","Est. tempo de leitura":"1 minuto"},"schema":{"@context":"https:\/\/schema.org","@graph":[{"@type":"Article","@id":"https:\/\/maranhaotv.com.br\/index.php\/2024\/08\/01\/ranking-nacional-elege-duarte-como-o-melhor-deputado-federal-do-maranhao\/#article","isPartOf":{"@id":"https:\/\/maranhaotv.com.br\/index.php\/2024\/08\/01\/ranking-nacional-elege-duarte-como-o-melhor-deputado-federal-do-maranhao\/"},"author":{"name":"maranhaotv","@id":"https:\/\/maranhaotv.com.br\/#\/schema\/person\/3d54238e86b20bb5c89ab2fdb8f8829a"},"headline":"Ranking nacional elege Duarte como o melhor deputado federal do Maranh\u00e3o","datePublished":"2024-08-01T13:53:01+00:00","mainEntityOfPage":{"@id":"https:\/\/maranhaotv.com.br\/index.php\/2024\/08\/01\/ranking-nacional-elege-duarte-como-o-melhor-deputado-federal-do-maranhao\/"},"wordCount":208,"commentCount":0,"publisher":{"@id":"https:\/\/maranhaotv.com.br\/#organization"},"image":{"@id":"https:\/\/maranhaotv.com.br\/index.php\/2024\/08\/01\/ranking-nacional-elege-duarte-como-o-melhor-deputado-federal-do-maranhao\/#primaryimage"},"thumbnailUrl":"https:\/\/maranhaotv.com.br\/wp-content\/uploads\/2024\/08\/IMG-20240801-WA0149.jpg","articleSection":["pol\u00edtica"],"inLanguage":"pt-BR","potentialAction":[{"@type":"CommentAction","name":"Comment","target":["https:\/\/maranhaotv.com.br\/index.php\/2024\/08\/01\/ranking-nacional-elege-duarte-como-o-melhor-deputado-federal-do-maranhao\/#respond"]}]},{"@type":"WebPage","@id":"https:\/\/maranhaotv.com.br\/index.php\/2024\/08\/01\/ranking-nacional-elege-duarte-como-o-melhor-deputado-federal-do-maranhao\/","url":"https:\/\/maranhaotv.com.br\/index.php\/2024\/08\/01\/ranking-nacional-elege-duarte-como-o-melhor-deputado-federal-do-maranhao\/","name":"Ranking nacional elege Duarte como o melhor deputado federal do Maranh\u00e3o - NOT\u00cdCIAS EM TEMPO REAL","isPartOf":{"@id":"https:\/\/maranhaotv.com.br\/#website"},"primaryImageOfPage":{"@id":"https:\/\/maranhaotv.com.br\/index.php\/2024\/08\/01\/ranking-nacional-elege-duarte-como-o-melhor-deputado-federal-do-maranhao\/#primaryimage"},"image":{"@id":"https:\/\/maranhaotv.com.br\/index.php\/2024\/08\/01\/ranking-nacional-elege-duarte-como-o-melhor-deputado-federal-do-maranhao\/#primaryimage"},"thumbnailUrl":"https:\/\/maranhaotv.com.br\/wp-content\/uploads\/2024\/08\/IMG-20240801-WA0149.jpg","datePublished":"2024-08-01T13:53:01+00:00","breadcrumb":{"@id":"https:\/\/maranhaotv.com.br\/index.php\/2024\/08\/01\/ranking-nacional-elege-duarte-como-o-melhor-deputado-federal-do-maranhao\/#breadcrumb"},"inLanguage":"pt-BR","potentialAction":[{"@type":"ReadAction","target":["https:\/\/maranhaotv.com.br\/index.php\/2024\/08\/01\/ranking-nacional-elege-duarte-como-o-melhor-deputado-federal-do-maranhao\/"]}]},{"@type":"ImageObject","inLanguage":"pt-BR","@id":"https:\/\/maranhaotv.com.br\/index.php\/2024\/08\/01\/ranking-nacional-elege-duarte-como-o-melhor-deputado-federal-do-maranhao\/#primaryimage","url":"https:\/\/maranhaotv.com.br\/wp-content\/uploads\/2024\/08\/IMG-20240801-WA0149.jpg","contentUrl":"https:\/\/maranhaotv.com.br\/wp-content\/uploads\/2024\/08\/IMG-20240801-WA0149.jpg","width":1027,"height":1280},{"@type":"BreadcrumbList","@id":"https:\/\/maranhaotv.com.br\/index.php\/2024\/08\/01\/ranking-nacional-elege-duarte-como-o-melhor-deputado-federal-do-maranhao\/#breadcrumb","itemListElement":[{"@type":"ListItem","position":1,"name":"In\u00edcio","item":"https:\/\/maranhaotv.com.br\/"},{"@type":"ListItem","position":2,"name":"Ranking nacional elege Duarte como o melhor deputado federal do Maranh\u00e3o"}]},{"@type":"WebSite","@id":"https:\/\/maranhaotv.com.br\/#website","url":"https:\/\/maranhaotv.com.br\/","name":"Maranh\u00e3oTV","description":"","publisher":{"@id":"https:\/\/maranhaotv.com.br\/#organization"},"potentialAction":[{"@type":"SearchAction","target":{"@type":"EntryPoint","urlTemplate":"https:\/\/maranhaotv.com.br\/?s={search_term_string}"},"query-input":{"@type":"PropertyValueSpecification","valueRequired":true,"valueName":"search_term_string"}}],"inLanguage":"pt-BR"},{"@type":"Organization","@id":"https:\/\/maranhaotv.com.br\/#organization","name":"Portal de Not\u00edcias","url":"https:\/\/maranhaotv.com.br\/","logo":{"@type":"ImageObject","inLanguage":"pt-BR","@id":"https:\/\/maranhaotv.com.br\/#\/schema\/logo\/image\/","url":"https:\/\/maranhaotv.com.br\/wp-content\/uploads\/2024\/05\/cropped-cropped-avatar-1.png","contentUrl":"https:\/\/maranhaotv.com.br\/wp-content\/uploads\/2024\/05\/cropped-cropped-avatar-1.png","width":792,"height":428,"caption":"Portal de Not\u00edcias"},"image":{"@id":"https:\/\/maranhaotv.com.br\/#\/schema\/logo\/image\/"},"sameAs":["https:\/\/www.facebook.com\/maiobaotv","https:\/\/x.com\/sitemaranhaotv","https:\/\/www.instagram.com\/maranhao.tv","https:\/\/www.threads.net\/@maranhao.tv"]},{"@type":"Person","@id":"https:\/\/maranhaotv.com.br\/#\/schema\/person\/3d54238e86b20bb5c89ab2fdb8f8829a","name":"maranhaotv","image":{"@type":"ImageObject","inLanguage":"pt-BR","@id":"https:\/\/secure.gravatar.com\/avatar\/8fadbca458d4cb68b1dd399ae9a40618d747bb1af65ac9fad21c89220a143eb4?s=96&d=mm&r=g","url":"https:\/\/secure.gravatar.com\/avatar\/8fadbca458d4cb68b1dd399ae9a40618d747bb1af65ac9fad21c89220a143eb4?s=96&d=mm&r=g","contentUrl":"https:\/\/secure.gravatar.com\/avatar\/8fadbca458d4cb68b1dd399ae9a40618d747bb1af65ac9fad21c89220a143eb4?s=96&d=mm&r=g","caption":"maranhaotv"},"sameAs":["https:\/\/maranhaotv.com.br\/"],"url":"https:\/\/maranhaotv.com.br\/index.php\/author\/maranhaotv\/"}]}},"jetpack_featured_media_url":"https:\/\/maranhaotv.com.br\/wp-content\/uploads\/2024\/08\/IMG-20240801-WA0149.jpg","jetpack_sharing_enabled":true,"_links":{"self":[{"href":"https:\/\/maranhaotv.com.br\/index.php\/wp-json\/wp\/v2\/posts\/37020","targetHints":{"allow":["GET"]}}],"collection":[{"href":"https:\/\/maranhaotv.com.br\/index.php\/wp-json\/wp\/v2\/posts"}],"about":[{"href":"https:\/\/maranhaotv.com.br\/index.php\/wp-json\/wp\/v2\/types\/post"}],"author":[{"embeddable":true,"href":"https:\/\/maranhaotv.com.br\/index.php\/wp-json\/wp\/v2\/users\/2"}],"replies":[{"embeddable":true,"href":"https:\/\/maranhaotv.com.br\/index.php\/wp-json\/wp\/v2\/comments?post=37020"}],"version-history":[{"count":1,"href":"https:\/\/maranhaotv.com.br\/index.php\/wp-json\/wp\/v2\/posts\/37020\/revisions"}],"predecessor-version":[{"id":37021,"href":"https:\/\/maranhaotv.com.br\/index.php\/wp-json\/wp\/v2\/posts\/37020\/revisions\/37021"}],"wp:featuredmedia":[{"embeddable":true,"href":"https:\/\/maranhaotv.com.br\/index.php\/wp-json\/wp\/v2\/media\/37019"}],"wp:attachment":[{"href":"https:\/\/maranhaotv.com.br\/index.php\/wp-json\/wp\/v2\/media?parent=37020"}],"wp:term":[{"taxonomy":"category","embeddable":true,"href":"https:\/\/maranhaotv.com.br\/index.php\/wp-json\/wp\/v2\/categories?post=37020"},{"taxonomy":"post_tag","embeddable":true,"href":"https:\/\/maranhaotv.com.br\/index.php\/wp-json\/wp\/v2\/tags?post=37020"}],"curies":[{"name":"wp","href":"https:\/\/api.w.org\/{rel}","templated":true}]}}