{"id":37032,"date":"2024-08-02T07:37:51","date_gmt":"2024-08-02T10:37:51","guid":{"rendered":"https:\/\/maranhaotv.com.br\/?p=37032"},"modified":"2024-08-02T07:37:51","modified_gmt":"2024-08-02T10:37:51","slug":"funcionario-do-gabinete-do-deputado-fernando-braide-estava-no-clio-vermelho-encontrado-com-mais-de-r-1-milhao-na-mala","status":"publish","type":"post","link":"https:\/\/maranhaotv.com.br\/index.php\/2024\/08\/02\/funcionario-do-gabinete-do-deputado-fernando-braide-estava-no-clio-vermelho-encontrado-com-mais-de-r-1-milhao-na-mala\/","title":{"rendered":"Funcion\u00e1rio do gabinete do deputado Fernando Braide estava no Clio vermelho encontrado com mais de R$ 1 milh\u00e3o na mala"},"content":{"rendered":"\n<p>O Blog do Domingos Costa conseguiu apurar e ter acesso a imagens com EXCLUSIVIDADE dos detalhes da apreens\u00e3o da fortuna em dinheiro vivo encontrado dentro do porta-malas do ve\u00edculo Renault Clio, de cor vermelha e placa NXH5E16, na rua das Andirobas, no bairro Renascen\u00e7a em S\u00e3o Lu\u00eds. O fato ocorreu na ter\u00e7a-feira (30) e no carro tinha exatamente $ 1.109.350 em esp\u00e9cie em ma\u00e7os com notas de R$ 50, 100 e 200. O caso repercutiu em todos os ve\u00edculos de comunica\u00e7\u00e3o do pa\u00eds.<br><br>N\u00e3o foi apenas no dia da descoberta do dinheiro que o carro tinha sido estacionado naquele local. Em outras ocasi\u00f5es, esse mesmo Renault Clio tamb\u00e9m foi deixado na mesma localidade \u2013 nas proximidades da resid\u00eancia da senhora Eline Loiola \u2013 sogra do m\u00e9dico Ant\u00f4nio Carlos Salim Braide, mais conhecido como \u201cTonho\u201d, irm\u00e3o do prefeito de S\u00e3o Lu\u00eds, Eduardo Braide (PSD).<br><br>Conforme as imagens EXCLUSIVAS as quais o Blog do DC teve acesso (veja acima), um motorista deixou o ve\u00edculo Renault Clio, de cor vermelha, no local e,&nbsp; imediatamente, entrou em um outro carro, de cor preta, que parou ao lado para \u201cresgat\u00e1-lo\u201d.<br><br>O motorista que aparece nas imagens \u00e9 conhecido como \u201cGuilherme Bucha\u201d, funcion\u00e1rio nomeado em cargo comissionado no gabinete do deputado estadual Fernando Braide, outro irm\u00e3o do prefeito de S\u00e3o Lu\u00eds, Eduardo Braide.<br><br>O carro preto que foi resgatar \u201cGuilherme Bucha\u201d ap\u00f3s ele estacionar o Renault Clio \u00e9 um Honda Fit, placa NHJ8667, em nome da senhora Ant\u00f4nia Maria Martins Braide, m\u00e3e j\u00e1 falecida do prefeito de S\u00e3o Lu\u00eds, Eduardo Braide.<br><br>(Reprodu\u00e7\u00e3o: @domingoscostadc)<\/p>\n","protected":false},"excerpt":{"rendered":"<p>O Blog do Domingos Costa conseguiu apurar e ter acesso a imagens com EXCLUSIVIDADE dos detalhes da apreens\u00e3o da fortuna<\/p>\n","protected":false},"author":2,"featured_media":37031,"comment_status":"open","ping_status":"open","sticky":false,"template":"","format":"standard","meta":{"colormag_page_container_layout":"default_layout","colormag_page_sidebar_layout":"default_layout","_jetpack_memberships_contains_paid_content":false,"footnotes":""},"categories":[2],"tags":[],"class_list":["post-37032","post","type-post","status-publish","format-standard","has-post-thumbnail","hentry","category-noticias"],"magazineBlocksPostFeaturedMedia":{"thumbnail":"https:\/\/maranhaotv.com.br\/wp-content\/uploads\/2024\/08\/IMG-20240802-WA0048-150x150.jpg","medium":"https:\/\/maranhaotv.com.br\/wp-content\/uploads\/2024\/08\/IMG-20240802-WA0048-291x300.jpg","medium_large":"https:\/\/maranhaotv.com.br\/wp-content\/uploads\/2024\/08\/IMG-20240802-WA0048-768x791.jpg","large":"https:\/\/maranhaotv.com.br\/wp-content\/uploads\/2024\/08\/IMG-20240802-WA0048-994x1024.jpg","1536x1536":"https:\/\/maranhaotv.com.br\/wp-content\/uploads\/2024\/08\/IMG-20240802-WA0048.jpg","2048x2048":"https:\/\/maranhaotv.com.br\/wp-content\/uploads\/2024\/08\/IMG-20240802-WA0048.jpg","colormag-highlighted-post":"https:\/\/maranhaotv.com.br\/wp-content\/uploads\/2024\/08\/IMG-20240802-WA0048-392x272.jpg","colormag-featured-post-medium":"https:\/\/maranhaotv.com.br\/wp-content\/uploads\/2024\/08\/IMG-20240802-WA0048-390x205.jpg","colormag-featured-post-small":"https:\/\/maranhaotv.com.br\/wp-content\/uploads\/2024\/08\/IMG-20240802-WA0048-130x90.jpg","colormag-featured-image":"https:\/\/maranhaotv.com.br\/wp-content\/uploads\/2024\/08\/IMG-20240802-WA0048-800x445.jpg","colormag-default-news":"https:\/\/maranhaotv.com.br\/wp-content\/uploads\/2024\/08\/IMG-20240802-WA0048-150x150.jpg","colormag-featured-image-large":"https:\/\/maranhaotv.com.br\/wp-content\/uploads\/2024\/08\/IMG-20240802-WA0048-1080x600.jpg"},"magazineBlocksPostAuthor":{"name":"maranhaotv","avatar":"https:\/\/secure.gravatar.com\/avatar\/8fadbca458d4cb68b1dd399ae9a40618d747bb1af65ac9fad21c89220a143eb4?s=96&d=mm&r=g"},"magazineBlocksPostCommentsNumber":"0","magazineBlocksPostExcerpt":"O Blog do Domingos Costa conseguiu apurar e ter acesso a imagens com EXCLUSIVIDADE dos detalhes da apreens\u00e3o da fortuna","magazineBlocksPostCategories":["not\u00edcias"],"magazineBlocksPostViewCount":348,"magazineBlocksPostReadTime":2,"magazine_blocks_featured_image_url":{"full":["https:\/\/maranhaotv.com.br\/wp-content\/uploads\/2024\/08\/IMG-20240802-WA0048.jpg",1080,1113,false],"medium":["https:\/\/maranhaotv.com.br\/wp-content\/uploads\/2024\/08\/IMG-20240802-WA0048-291x300.jpg",291,300,true],"thumbnail":["https:\/\/maranhaotv.com.br\/wp-content\/uploads\/2024\/08\/IMG-20240802-WA0048-150x150.jpg",150,150,true]},"magazine_blocks_author":{"display_name":"maranhaotv","author_link":"https:\/\/maranhaotv.com.br\/index.php\/author\/maranhaotv\/"},"magazine_blocks_comment":0,"magazine_blocks_author_image":"https:\/\/secure.gravatar.com\/avatar\/8fadbca458d4cb68b1dd399ae9a40618d747bb1af65ac9fad21c89220a143eb4?s=96&d=mm&r=g","magazine_blocks_category":"<a href=\"#\" class=\"category-link category-link-2\">not\u00edcias<\/a>","yoast_head":"<!-- This site is optimized with the Yoast SEO plugin v27.4 - https:\/\/yoast.com\/product\/yoast-seo-wordpress\/ -->\n<title>Funcion\u00e1rio do gabinete do deputado Fernando Braide estava no Clio vermelho encontrado com mais de R$ 1 milh\u00e3o na mala - NOT\u00cdCIAS EM TEMPO REAL<\/title>\n<meta name=\"robots\" content=\"index, follow, max-snippet:-1, max-image-preview:large, max-video-preview:-1\" \/>\n<link rel=\"canonical\" href=\"https:\/\/maranhaotv.com.br\/index.php\/2024\/08\/02\/funcionario-do-gabinete-do-deputado-fernando-braide-estava-no-clio-vermelho-encontrado-com-mais-de-r-1-milhao-na-mala\/\" \/>\n<meta property=\"og:locale\" content=\"pt_BR\" \/>\n<meta property=\"og:type\" content=\"article\" \/>\n<meta property=\"og:title\" content=\"Funcion\u00e1rio do gabinete do deputado Fernando Braide estava no Clio vermelho encontrado com mais de R$ 1 milh\u00e3o na mala - NOT\u00cdCIAS EM TEMPO REAL\" \/>\n<meta property=\"og:description\" content=\"O Blog do Domingos Costa conseguiu apurar e ter acesso a imagens com EXCLUSIVIDADE dos detalhes da apreens\u00e3o da fortuna\" \/>\n<meta property=\"og:url\" content=\"https:\/\/maranhaotv.com.br\/index.php\/2024\/08\/02\/funcionario-do-gabinete-do-deputado-fernando-braide-estava-no-clio-vermelho-encontrado-com-mais-de-r-1-milhao-na-mala\/\" \/>\n<meta property=\"og:site_name\" content=\"NOT\u00cdCIAS EM TEMPO REAL\" \/>\n<meta property=\"article:publisher\" content=\"https:\/\/www.facebook.com\/maiobaotv\" \/>\n<meta property=\"article:published_time\" content=\"2024-08-02T10:37:51+00:00\" \/>\n<meta property=\"og:image\" content=\"https:\/\/maranhaotv.com.br\/wp-content\/uploads\/2024\/08\/IMG-20240802-WA0048.jpg\" \/>\n\t<meta property=\"og:image:width\" content=\"1080\" \/>\n\t<meta property=\"og:image:height\" content=\"1113\" \/>\n\t<meta property=\"og:image:type\" content=\"image\/jpeg\" \/>\n<meta name=\"author\" content=\"maranhaotv\" \/>\n<meta name=\"twitter:card\" content=\"summary_large_image\" \/>\n<meta name=\"twitter:creator\" content=\"@sitemaranhaotv\" \/>\n<meta name=\"twitter:site\" content=\"@sitemaranhaotv\" \/>\n<meta name=\"twitter:label1\" content=\"Escrito por\" \/>\n\t<meta name=\"twitter:data1\" content=\"maranhaotv\" \/>\n\t<meta name=\"twitter:label2\" content=\"Est. tempo de leitura\" \/>\n\t<meta name=\"twitter:data2\" content=\"1 minuto\" \/>\n<script type=\"application\/ld+json\" class=\"yoast-schema-graph\">{\"@context\":\"https:\\\/\\\/schema.org\",\"@graph\":[{\"@type\":\"Article\",\"@id\":\"https:\\\/\\\/maranhaotv.com.br\\\/index.php\\\/2024\\\/08\\\/02\\\/funcionario-do-gabinete-do-deputado-fernando-braide-estava-no-clio-vermelho-encontrado-com-mais-de-r-1-milhao-na-mala\\\/#article\",\"isPartOf\":{\"@id\":\"https:\\\/\\\/maranhaotv.com.br\\\/index.php\\\/2024\\\/08\\\/02\\\/funcionario-do-gabinete-do-deputado-fernando-braide-estava-no-clio-vermelho-encontrado-com-mais-de-r-1-milhao-na-mala\\\/\"},\"author\":{\"name\":\"maranhaotv\",\"@id\":\"https:\\\/\\\/maranhaotv.com.br\\\/#\\\/schema\\\/person\\\/3d54238e86b20bb5c89ab2fdb8f8829a\"},\"headline\":\"Funcion\u00e1rio do gabinete do deputado Fernando Braide estava no Clio vermelho encontrado com mais de R$ 1 milh\u00e3o na mala\",\"datePublished\":\"2024-08-02T10:37:51+00:00\",\"mainEntityOfPage\":{\"@id\":\"https:\\\/\\\/maranhaotv.com.br\\\/index.php\\\/2024\\\/08\\\/02\\\/funcionario-do-gabinete-do-deputado-fernando-braide-estava-no-clio-vermelho-encontrado-com-mais-de-r-1-milhao-na-mala\\\/\"},\"wordCount\":302,\"commentCount\":0,\"publisher\":{\"@id\":\"https:\\\/\\\/maranhaotv.com.br\\\/#organization\"},\"image\":{\"@id\":\"https:\\\/\\\/maranhaotv.com.br\\\/index.php\\\/2024\\\/08\\\/02\\\/funcionario-do-gabinete-do-deputado-fernando-braide-estava-no-clio-vermelho-encontrado-com-mais-de-r-1-milhao-na-mala\\\/#primaryimage\"},\"thumbnailUrl\":\"https:\\\/\\\/maranhaotv.com.br\\\/wp-content\\\/uploads\\\/2024\\\/08\\\/IMG-20240802-WA0048.jpg\",\"articleSection\":[\"not\u00edcias\"],\"inLanguage\":\"pt-BR\",\"potentialAction\":[{\"@type\":\"CommentAction\",\"name\":\"Comment\",\"target\":[\"https:\\\/\\\/maranhaotv.com.br\\\/index.php\\\/2024\\\/08\\\/02\\\/funcionario-do-gabinete-do-deputado-fernando-braide-estava-no-clio-vermelho-encontrado-com-mais-de-r-1-milhao-na-mala\\\/#respond\"]}]},{\"@type\":\"WebPage\",\"@id\":\"https:\\\/\\\/maranhaotv.com.br\\\/index.php\\\/2024\\\/08\\\/02\\\/funcionario-do-gabinete-do-deputado-fernando-braide-estava-no-clio-vermelho-encontrado-com-mais-de-r-1-milhao-na-mala\\\/\",\"url\":\"https:\\\/\\\/maranhaotv.com.br\\\/index.php\\\/2024\\\/08\\\/02\\\/funcionario-do-gabinete-do-deputado-fernando-braide-estava-no-clio-vermelho-encontrado-com-mais-de-r-1-milhao-na-mala\\\/\",\"name\":\"Funcion\u00e1rio do gabinete do deputado Fernando Braide estava no Clio vermelho encontrado com mais de R$ 1 milh\u00e3o na mala - NOT\u00cdCIAS EM TEMPO REAL\",\"isPartOf\":{\"@id\":\"https:\\\/\\\/maranhaotv.com.br\\\/#website\"},\"primaryImageOfPage\":{\"@id\":\"https:\\\/\\\/maranhaotv.com.br\\\/index.php\\\/2024\\\/08\\\/02\\\/funcionario-do-gabinete-do-deputado-fernando-braide-estava-no-clio-vermelho-encontrado-com-mais-de-r-1-milhao-na-mala\\\/#primaryimage\"},\"image\":{\"@id\":\"https:\\\/\\\/maranhaotv.com.br\\\/index.php\\\/2024\\\/08\\\/02\\\/funcionario-do-gabinete-do-deputado-fernando-braide-estava-no-clio-vermelho-encontrado-com-mais-de-r-1-milhao-na-mala\\\/#primaryimage\"},\"thumbnailUrl\":\"https:\\\/\\\/maranhaotv.com.br\\\/wp-content\\\/uploads\\\/2024\\\/08\\\/IMG-20240802-WA0048.jpg\",\"datePublished\":\"2024-08-02T10:37:51+00:00\",\"breadcrumb\":{\"@id\":\"https:\\\/\\\/maranhaotv.com.br\\\/index.php\\\/2024\\\/08\\\/02\\\/funcionario-do-gabinete-do-deputado-fernando-braide-estava-no-clio-vermelho-encontrado-com-mais-de-r-1-milhao-na-mala\\\/#breadcrumb\"},\"inLanguage\":\"pt-BR\",\"potentialAction\":[{\"@type\":\"ReadAction\",\"target\":[\"https:\\\/\\\/maranhaotv.com.br\\\/index.php\\\/2024\\\/08\\\/02\\\/funcionario-do-gabinete-do-deputado-fernando-braide-estava-no-clio-vermelho-encontrado-com-mais-de-r-1-milhao-na-mala\\\/\"]}]},{\"@type\":\"ImageObject\",\"inLanguage\":\"pt-BR\",\"@id\":\"https:\\\/\\\/maranhaotv.com.br\\\/index.php\\\/2024\\\/08\\\/02\\\/funcionario-do-gabinete-do-deputado-fernando-braide-estava-no-clio-vermelho-encontrado-com-mais-de-r-1-milhao-na-mala\\\/#primaryimage\",\"url\":\"https:\\\/\\\/maranhaotv.com.br\\\/wp-content\\\/uploads\\\/2024\\\/08\\\/IMG-20240802-WA0048.jpg\",\"contentUrl\":\"https:\\\/\\\/maranhaotv.com.br\\\/wp-content\\\/uploads\\\/2024\\\/08\\\/IMG-20240802-WA0048.jpg\",\"width\":1080,\"height\":1113},{\"@type\":\"BreadcrumbList\",\"@id\":\"https:\\\/\\\/maranhaotv.com.br\\\/index.php\\\/2024\\\/08\\\/02\\\/funcionario-do-gabinete-do-deputado-fernando-braide-estava-no-clio-vermelho-encontrado-com-mais-de-r-1-milhao-na-mala\\\/#breadcrumb\",\"itemListElement\":[{\"@type\":\"ListItem\",\"position\":1,\"name\":\"In\u00edcio\",\"item\":\"https:\\\/\\\/maranhaotv.com.br\\\/\"},{\"@type\":\"ListItem\",\"position\":2,\"name\":\"Funcion\u00e1rio do gabinete do deputado Fernando Braide estava no Clio vermelho encontrado com mais de R$ 1 milh\u00e3o na mala\"}]},{\"@type\":\"WebSite\",\"@id\":\"https:\\\/\\\/maranhaotv.com.br\\\/#website\",\"url\":\"https:\\\/\\\/maranhaotv.com.br\\\/\",\"name\":\"Maranh\u00e3oTV\",\"description\":\"\",\"publisher\":{\"@id\":\"https:\\\/\\\/maranhaotv.com.br\\\/#organization\"},\"potentialAction\":[{\"@type\":\"SearchAction\",\"target\":{\"@type\":\"EntryPoint\",\"urlTemplate\":\"https:\\\/\\\/maranhaotv.com.br\\\/?s={search_term_string}\"},\"query-input\":{\"@type\":\"PropertyValueSpecification\",\"valueRequired\":true,\"valueName\":\"search_term_string\"}}],\"inLanguage\":\"pt-BR\"},{\"@type\":\"Organization\",\"@id\":\"https:\\\/\\\/maranhaotv.com.br\\\/#organization\",\"name\":\"Portal de Not\u00edcias\",\"url\":\"https:\\\/\\\/maranhaotv.com.br\\\/\",\"logo\":{\"@type\":\"ImageObject\",\"inLanguage\":\"pt-BR\",\"@id\":\"https:\\\/\\\/maranhaotv.com.br\\\/#\\\/schema\\\/logo\\\/image\\\/\",\"url\":\"https:\\\/\\\/maranhaotv.com.br\\\/wp-content\\\/uploads\\\/2024\\\/05\\\/cropped-cropped-avatar-1.png\",\"contentUrl\":\"https:\\\/\\\/maranhaotv.com.br\\\/wp-content\\\/uploads\\\/2024\\\/05\\\/cropped-cropped-avatar-1.png\",\"width\":792,\"height\":428,\"caption\":\"Portal de Not\u00edcias\"},\"image\":{\"@id\":\"https:\\\/\\\/maranhaotv.com.br\\\/#\\\/schema\\\/logo\\\/image\\\/\"},\"sameAs\":[\"https:\\\/\\\/www.facebook.com\\\/maiobaotv\",\"https:\\\/\\\/x.com\\\/sitemaranhaotv\",\"https:\\\/\\\/www.instagram.com\\\/maranhao.tv\",\"https:\\\/\\\/www.threads.net\\\/@maranhao.tv\"]},{\"@type\":\"Person\",\"@id\":\"https:\\\/\\\/maranhaotv.com.br\\\/#\\\/schema\\\/person\\\/3d54238e86b20bb5c89ab2fdb8f8829a\",\"name\":\"maranhaotv\",\"image\":{\"@type\":\"ImageObject\",\"inLanguage\":\"pt-BR\",\"@id\":\"https:\\\/\\\/secure.gravatar.com\\\/avatar\\\/8fadbca458d4cb68b1dd399ae9a40618d747bb1af65ac9fad21c89220a143eb4?s=96&d=mm&r=g\",\"url\":\"https:\\\/\\\/secure.gravatar.com\\\/avatar\\\/8fadbca458d4cb68b1dd399ae9a40618d747bb1af65ac9fad21c89220a143eb4?s=96&d=mm&r=g\",\"contentUrl\":\"https:\\\/\\\/secure.gravatar.com\\\/avatar\\\/8fadbca458d4cb68b1dd399ae9a40618d747bb1af65ac9fad21c89220a143eb4?s=96&d=mm&r=g\",\"caption\":\"maranhaotv\"},\"sameAs\":[\"https:\\\/\\\/maranhaotv.com.br\\\/\"],\"url\":\"https:\\\/\\\/maranhaotv.com.br\\\/index.php\\\/author\\\/maranhaotv\\\/\"}]}<\/script>\n<!-- \/ Yoast SEO plugin. -->","yoast_head_json":{"title":"Funcion\u00e1rio do gabinete do deputado Fernando Braide estava no Clio vermelho encontrado com mais de R$ 1 milh\u00e3o na mala - NOT\u00cdCIAS EM TEMPO REAL","robots":{"index":"index","follow":"follow","max-snippet":"max-snippet:-1","max-image-preview":"max-image-preview:large","max-video-preview":"max-video-preview:-1"},"canonical":"https:\/\/maranhaotv.com.br\/index.php\/2024\/08\/02\/funcionario-do-gabinete-do-deputado-fernando-braide-estava-no-clio-vermelho-encontrado-com-mais-de-r-1-milhao-na-mala\/","og_locale":"pt_BR","og_type":"article","og_title":"Funcion\u00e1rio do gabinete do deputado Fernando Braide estava no Clio vermelho encontrado com mais de R$ 1 milh\u00e3o na mala - NOT\u00cdCIAS EM TEMPO REAL","og_description":"O Blog do Domingos Costa conseguiu apurar e ter acesso a imagens com EXCLUSIVIDADE dos detalhes da apreens\u00e3o da fortuna","og_url":"https:\/\/maranhaotv.com.br\/index.php\/2024\/08\/02\/funcionario-do-gabinete-do-deputado-fernando-braide-estava-no-clio-vermelho-encontrado-com-mais-de-r-1-milhao-na-mala\/","og_site_name":"NOT\u00cdCIAS EM TEMPO REAL","article_publisher":"https:\/\/www.facebook.com\/maiobaotv","article_published_time":"2024-08-02T10:37:51+00:00","og_image":[{"width":1080,"height":1113,"url":"https:\/\/maranhaotv.com.br\/wp-content\/uploads\/2024\/08\/IMG-20240802-WA0048.jpg","type":"image\/jpeg"}],"author":"maranhaotv","twitter_card":"summary_large_image","twitter_creator":"@sitemaranhaotv","twitter_site":"@sitemaranhaotv","twitter_misc":{"Escrito por":"maranhaotv","Est. tempo de leitura":"1 minuto"},"schema":{"@context":"https:\/\/schema.org","@graph":[{"@type":"Article","@id":"https:\/\/maranhaotv.com.br\/index.php\/2024\/08\/02\/funcionario-do-gabinete-do-deputado-fernando-braide-estava-no-clio-vermelho-encontrado-com-mais-de-r-1-milhao-na-mala\/#article","isPartOf":{"@id":"https:\/\/maranhaotv.com.br\/index.php\/2024\/08\/02\/funcionario-do-gabinete-do-deputado-fernando-braide-estava-no-clio-vermelho-encontrado-com-mais-de-r-1-milhao-na-mala\/"},"author":{"name":"maranhaotv","@id":"https:\/\/maranhaotv.com.br\/#\/schema\/person\/3d54238e86b20bb5c89ab2fdb8f8829a"},"headline":"Funcion\u00e1rio do gabinete do deputado Fernando Braide estava no Clio vermelho encontrado com mais de R$ 1 milh\u00e3o na mala","datePublished":"2024-08-02T10:37:51+00:00","mainEntityOfPage":{"@id":"https:\/\/maranhaotv.com.br\/index.php\/2024\/08\/02\/funcionario-do-gabinete-do-deputado-fernando-braide-estava-no-clio-vermelho-encontrado-com-mais-de-r-1-milhao-na-mala\/"},"wordCount":302,"commentCount":0,"publisher":{"@id":"https:\/\/maranhaotv.com.br\/#organization"},"image":{"@id":"https:\/\/maranhaotv.com.br\/index.php\/2024\/08\/02\/funcionario-do-gabinete-do-deputado-fernando-braide-estava-no-clio-vermelho-encontrado-com-mais-de-r-1-milhao-na-mala\/#primaryimage"},"thumbnailUrl":"https:\/\/maranhaotv.com.br\/wp-content\/uploads\/2024\/08\/IMG-20240802-WA0048.jpg","articleSection":["not\u00edcias"],"inLanguage":"pt-BR","potentialAction":[{"@type":"CommentAction","name":"Comment","target":["https:\/\/maranhaotv.com.br\/index.php\/2024\/08\/02\/funcionario-do-gabinete-do-deputado-fernando-braide-estava-no-clio-vermelho-encontrado-com-mais-de-r-1-milhao-na-mala\/#respond"]}]},{"@type":"WebPage","@id":"https:\/\/maranhaotv.com.br\/index.php\/2024\/08\/02\/funcionario-do-gabinete-do-deputado-fernando-braide-estava-no-clio-vermelho-encontrado-com-mais-de-r-1-milhao-na-mala\/","url":"https:\/\/maranhaotv.com.br\/index.php\/2024\/08\/02\/funcionario-do-gabinete-do-deputado-fernando-braide-estava-no-clio-vermelho-encontrado-com-mais-de-r-1-milhao-na-mala\/","name":"Funcion\u00e1rio do gabinete do deputado Fernando Braide estava no Clio vermelho encontrado com mais de R$ 1 milh\u00e3o na mala - NOT\u00cdCIAS EM TEMPO REAL","isPartOf":{"@id":"https:\/\/maranhaotv.com.br\/#website"},"primaryImageOfPage":{"@id":"https:\/\/maranhaotv.com.br\/index.php\/2024\/08\/02\/funcionario-do-gabinete-do-deputado-fernando-braide-estava-no-clio-vermelho-encontrado-com-mais-de-r-1-milhao-na-mala\/#primaryimage"},"image":{"@id":"https:\/\/maranhaotv.com.br\/index.php\/2024\/08\/02\/funcionario-do-gabinete-do-deputado-fernando-braide-estava-no-clio-vermelho-encontrado-com-mais-de-r-1-milhao-na-mala\/#primaryimage"},"thumbnailUrl":"https:\/\/maranhaotv.com.br\/wp-content\/uploads\/2024\/08\/IMG-20240802-WA0048.jpg","datePublished":"2024-08-02T10:37:51+00:00","breadcrumb":{"@id":"https:\/\/maranhaotv.com.br\/index.php\/2024\/08\/02\/funcionario-do-gabinete-do-deputado-fernando-braide-estava-no-clio-vermelho-encontrado-com-mais-de-r-1-milhao-na-mala\/#breadcrumb"},"inLanguage":"pt-BR","potentialAction":[{"@type":"ReadAction","target":["https:\/\/maranhaotv.com.br\/index.php\/2024\/08\/02\/funcionario-do-gabinete-do-deputado-fernando-braide-estava-no-clio-vermelho-encontrado-com-mais-de-r-1-milhao-na-mala\/"]}]},{"@type":"ImageObject","inLanguage":"pt-BR","@id":"https:\/\/maranhaotv.com.br\/index.php\/2024\/08\/02\/funcionario-do-gabinete-do-deputado-fernando-braide-estava-no-clio-vermelho-encontrado-com-mais-de-r-1-milhao-na-mala\/#primaryimage","url":"https:\/\/maranhaotv.com.br\/wp-content\/uploads\/2024\/08\/IMG-20240802-WA0048.jpg","contentUrl":"https:\/\/maranhaotv.com.br\/wp-content\/uploads\/2024\/08\/IMG-20240802-WA0048.jpg","width":1080,"height":1113},{"@type":"BreadcrumbList","@id":"https:\/\/maranhaotv.com.br\/index.php\/2024\/08\/02\/funcionario-do-gabinete-do-deputado-fernando-braide-estava-no-clio-vermelho-encontrado-com-mais-de-r-1-milhao-na-mala\/#breadcrumb","itemListElement":[{"@type":"ListItem","position":1,"name":"In\u00edcio","item":"https:\/\/maranhaotv.com.br\/"},{"@type":"ListItem","position":2,"name":"Funcion\u00e1rio do gabinete do deputado Fernando Braide estava no Clio vermelho encontrado com mais de R$ 1 milh\u00e3o na mala"}]},{"@type":"WebSite","@id":"https:\/\/maranhaotv.com.br\/#website","url":"https:\/\/maranhaotv.com.br\/","name":"Maranh\u00e3oTV","description":"","publisher":{"@id":"https:\/\/maranhaotv.com.br\/#organization"},"potentialAction":[{"@type":"SearchAction","target":{"@type":"EntryPoint","urlTemplate":"https:\/\/maranhaotv.com.br\/?s={search_term_string}"},"query-input":{"@type":"PropertyValueSpecification","valueRequired":true,"valueName":"search_term_string"}}],"inLanguage":"pt-BR"},{"@type":"Organization","@id":"https:\/\/maranhaotv.com.br\/#organization","name":"Portal de Not\u00edcias","url":"https:\/\/maranhaotv.com.br\/","logo":{"@type":"ImageObject","inLanguage":"pt-BR","@id":"https:\/\/maranhaotv.com.br\/#\/schema\/logo\/image\/","url":"https:\/\/maranhaotv.com.br\/wp-content\/uploads\/2024\/05\/cropped-cropped-avatar-1.png","contentUrl":"https:\/\/maranhaotv.com.br\/wp-content\/uploads\/2024\/05\/cropped-cropped-avatar-1.png","width":792,"height":428,"caption":"Portal de Not\u00edcias"},"image":{"@id":"https:\/\/maranhaotv.com.br\/#\/schema\/logo\/image\/"},"sameAs":["https:\/\/www.facebook.com\/maiobaotv","https:\/\/x.com\/sitemaranhaotv","https:\/\/www.instagram.com\/maranhao.tv","https:\/\/www.threads.net\/@maranhao.tv"]},{"@type":"Person","@id":"https:\/\/maranhaotv.com.br\/#\/schema\/person\/3d54238e86b20bb5c89ab2fdb8f8829a","name":"maranhaotv","image":{"@type":"ImageObject","inLanguage":"pt-BR","@id":"https:\/\/secure.gravatar.com\/avatar\/8fadbca458d4cb68b1dd399ae9a40618d747bb1af65ac9fad21c89220a143eb4?s=96&d=mm&r=g","url":"https:\/\/secure.gravatar.com\/avatar\/8fadbca458d4cb68b1dd399ae9a40618d747bb1af65ac9fad21c89220a143eb4?s=96&d=mm&r=g","contentUrl":"https:\/\/secure.gravatar.com\/avatar\/8fadbca458d4cb68b1dd399ae9a40618d747bb1af65ac9fad21c89220a143eb4?s=96&d=mm&r=g","caption":"maranhaotv"},"sameAs":["https:\/\/maranhaotv.com.br\/"],"url":"https:\/\/maranhaotv.com.br\/index.php\/author\/maranhaotv\/"}]}},"jetpack_featured_media_url":"https:\/\/maranhaotv.com.br\/wp-content\/uploads\/2024\/08\/IMG-20240802-WA0048.jpg","jetpack_sharing_enabled":true,"_links":{"self":[{"href":"https:\/\/maranhaotv.com.br\/index.php\/wp-json\/wp\/v2\/posts\/37032","targetHints":{"allow":["GET"]}}],"collection":[{"href":"https:\/\/maranhaotv.com.br\/index.php\/wp-json\/wp\/v2\/posts"}],"about":[{"href":"https:\/\/maranhaotv.com.br\/index.php\/wp-json\/wp\/v2\/types\/post"}],"author":[{"embeddable":true,"href":"https:\/\/maranhaotv.com.br\/index.php\/wp-json\/wp\/v2\/users\/2"}],"replies":[{"embeddable":true,"href":"https:\/\/maranhaotv.com.br\/index.php\/wp-json\/wp\/v2\/comments?post=37032"}],"version-history":[{"count":1,"href":"https:\/\/maranhaotv.com.br\/index.php\/wp-json\/wp\/v2\/posts\/37032\/revisions"}],"predecessor-version":[{"id":37033,"href":"https:\/\/maranhaotv.com.br\/index.php\/wp-json\/wp\/v2\/posts\/37032\/revisions\/37033"}],"wp:featuredmedia":[{"embeddable":true,"href":"https:\/\/maranhaotv.com.br\/index.php\/wp-json\/wp\/v2\/media\/37031"}],"wp:attachment":[{"href":"https:\/\/maranhaotv.com.br\/index.php\/wp-json\/wp\/v2\/media?parent=37032"}],"wp:term":[{"taxonomy":"category","embeddable":true,"href":"https:\/\/maranhaotv.com.br\/index.php\/wp-json\/wp\/v2\/categories?post=37032"},{"taxonomy":"post_tag","embeddable":true,"href":"https:\/\/maranhaotv.com.br\/index.php\/wp-json\/wp\/v2\/tags?post=37032"}],"curies":[{"name":"wp","href":"https:\/\/api.w.org\/{rel}","templated":true}]}}