{"id":37040,"date":"2024-08-02T10:02:26","date_gmt":"2024-08-02T13:02:26","guid":{"rendered":"https:\/\/maranhaotv.com.br\/?p=37040"},"modified":"2024-08-02T10:17:39","modified_gmt":"2024-08-02T13:17:39","slug":"pesquisa-exata-aponta-lideranca-absoluta-de-fred-campos-na-disputa-eleitoral-em-paco","status":"publish","type":"post","link":"https:\/\/maranhaotv.com.br\/index.php\/2024\/08\/02\/pesquisa-exata-aponta-lideranca-absoluta-de-fred-campos-na-disputa-eleitoral-em-paco\/","title":{"rendered":"Pesquisa Exata aponta lideran\u00e7a absoluta de Fred Campos na disputa eleitoral em Pa\u00e7o"},"content":{"rendered":"\n<p><br><br><em>Levantamento encomendado pela R\u00e1dio Mirante e portal Imirante mostra que o candidato do PSB vence em todos os cen\u00e1rios apresentados pelo Instituto Exata.<\/em><br><br>O Instituto Exata traz pesquisa sobre a disputa eleitoral em Pa\u00e7o do Lumiar. Encomendado pela R\u00e1dio Mirante e pelo Imirante ouviu 442 eleitores nos dias 27 e 28 julho e tem registro com o protocolo MA-02476\/2024. A margem de erro \u00e9 de 4,29 pontos percentuais para mais ou para menos e o grau de confian\u00e7a \u00e9 de 95% . Pelos dados, em todos os cen\u00e1rios pesquisados, o pr\u00e9-candidato Fred Campos (PSB) \u00e9 quem lidera a corrida pela prefeitura da cidade.<br>Os cen\u00e1rios pesquisados foram espont\u00e2neo e estimulados sendo este \u00faltimo com confrontos diretos.\u00a0<br><br>No cen\u00e1rio espont\u00e2neo, Fred Campos aparece com 45,02% das inten\u00e7\u00f5es de votos. Ele \u00e9 seguido por Jorge Mar\u00fa (Solidariedade) com 4,3% e Felipe Gon\u00e7alo (Mobiliza) com 2,26%. Outros 1,13% disseram que votariam em Francisco Neto (NOVO). Os demais nomes citados pontuaram abaixo de 1%.<br><br>No primeiro cen\u00e1rio estimulado, Fred Campos 68,33% da opini\u00e3o dos entrevistados. Em segundo vem Jorge Mar\u00fa com 8,37% seguido por Felipe Gon\u00e7alo com 4,52%, Luana Peixoto com 2,4% e Francisco Neto com 1,58%.<br><br>Em outro cen\u00e1rio estimulado com tr\u00eas candidatos, os n\u00fameros s\u00e3o estes: Fred Campos obteve 70,81%, Jorge Mar\u00fa, 9,28% e Francisco Neto, 2,94%.<br><br>J\u00e1 em uma disputa direta entre Fred Campos e Jorge Mar\u00fa, o primeiro aparece com 71,27% contra 10,18% do seu advers\u00e1rio.<br><br>J\u00e1 em uma disputa direta entre Fred Campos e Jorge Mar\u00fa, o primeiro aparece com 71,27% contra 10,18% do seu advers\u00e1rio.<br><br>A rejei\u00e7\u00e3o tamb\u00e9m foi pesquisada entre os eleitores. Neste cen\u00e1rio, a maior rejei\u00e7\u00e3o \u00e9 de Jorge Mar\u00fa. Ele tem 28,73% de rejei\u00e7\u00e3o. Depois vem Luana Peixoto com 10,41%, Fred Campos com 7,24%, Felipe Gon\u00e7alo com 5,88% e Francisco Neto com 5,2%.<br><br>Sobre a expectativa de vit\u00f3ria (quando \u00e9 perguntado ao eleitor que, independente de quem ele votar\u00e1, quem ele acredita que vai ganhar as elei\u00e7\u00f5es), 80,09% disseram que acreditam que o pr\u00f3ximo prefeito de Pa\u00e7o do Lumiar \u00e9 Fred Campos. Outros 2,71% disseram acreditar na vit\u00f3ria de Jorge Mar\u00fa.<\/p>\n\n\n\n<figure class=\"wp-block-image size-large\"><img loading=\"lazy\" decoding=\"async\" width=\"875\" height=\"648\" src=\"https:\/\/maranhaotv.com.br\/wp-content\/uploads\/2024\/08\/img-20240802-wa01786103242266471324310.jpg\" alt=\"\" class=\"wp-image-37034\" srcset=\"https:\/\/maranhaotv.com.br\/wp-content\/uploads\/2024\/08\/img-20240802-wa01786103242266471324310.jpg 875w, https:\/\/maranhaotv.com.br\/wp-content\/uploads\/2024\/08\/img-20240802-wa01786103242266471324310-300x222.jpg 300w, https:\/\/maranhaotv.com.br\/wp-content\/uploads\/2024\/08\/img-20240802-wa01786103242266471324310-768x569.jpg 768w\" sizes=\"auto, (max-width: 875px) 100vw, 875px\" \/><figcaption class=\"wp-element-caption\">Pesquisa Exata foi encomendada pela R\u00e1dio Mirante e pelo Imirante<\/figcaption><\/figure>\n\n\n\n<figure class=\"wp-block-image size-large\"><img loading=\"lazy\" decoding=\"async\" width=\"622\" height=\"495\" src=\"https:\/\/maranhaotv.com.br\/wp-content\/uploads\/2024\/08\/img-20240802-wa01793943766768224177455.jpg\" alt=\"\" class=\"wp-image-37035\" srcset=\"https:\/\/maranhaotv.com.br\/wp-content\/uploads\/2024\/08\/img-20240802-wa01793943766768224177455.jpg 622w, https:\/\/maranhaotv.com.br\/wp-content\/uploads\/2024\/08\/img-20240802-wa01793943766768224177455-300x239.jpg 300w\" sizes=\"auto, (max-width: 622px) 100vw, 622px\" \/><figcaption class=\"wp-element-caption\">Na espont\u00e2nea, Fred Campos aparece liderando<\/figcaption><\/figure>\n\n\n\n<figure class=\"wp-block-image\"><img loading=\"lazy\" decoding=\"async\" width=\"300\" height=\"288\" src=\"https:\/\/maranhaotv.com.br\/wp-content\/uploads\/2024\/08\/img-20240802-wa01805276740219243683524-300x288.jpg\" alt=\"\" class=\"wp-image-37036\" srcset=\"https:\/\/maranhaotv.com.br\/wp-content\/uploads\/2024\/08\/img-20240802-wa01805276740219243683524-300x288.jpg 300w, https:\/\/maranhaotv.com.br\/wp-content\/uploads\/2024\/08\/img-20240802-wa01805276740219243683524-768x737.jpg 768w, https:\/\/maranhaotv.com.br\/wp-content\/uploads\/2024\/08\/img-20240802-wa01805276740219243683524.jpg 857w\" sizes=\"auto, (max-width: 300px) 100vw, 300px\" \/><figcaption class=\"wp-element-caption\">Fred Campos aparece com mais de 70% no segundo cen\u00e1rio estimulado da pesquisa Exata<\/figcaption><\/figure>\n\n\n\n<figure class=\"wp-block-image\"><img loading=\"lazy\" decoding=\"async\" width=\"1024\" height=\"313\" src=\"https:\/\/maranhaotv.com.br\/wp-content\/uploads\/2024\/08\/img-20240802-wa01814843768080394946165-1024x313.jpg\" alt=\"\" class=\"wp-image-37037\" srcset=\"https:\/\/maranhaotv.com.br\/wp-content\/uploads\/2024\/08\/img-20240802-wa01814843768080394946165-1024x313.jpg 1024w, https:\/\/maranhaotv.com.br\/wp-content\/uploads\/2024\/08\/img-20240802-wa01814843768080394946165-300x92.jpg 300w, https:\/\/maranhaotv.com.br\/wp-content\/uploads\/2024\/08\/img-20240802-wa01814843768080394946165-768x235.jpg 768w, https:\/\/maranhaotv.com.br\/wp-content\/uploads\/2024\/08\/img-20240802-wa01814843768080394946165-1536x469.jpg 1536w, https:\/\/maranhaotv.com.br\/wp-content\/uploads\/2024\/08\/img-20240802-wa01814843768080394946165.jpg 1600w\" sizes=\"auto, (max-width: 1024px) 100vw, 1024px\" \/><figcaption class=\"wp-element-caption\">Na disputa direta entre Fred Campos e Jorge Mar\u00fa, Campos seria eleito prefeito de Pa\u00e7o do Lumiar<\/figcaption><\/figure>\n\n\n\n<figure class=\"wp-block-image size-large\"><img loading=\"lazy\" decoding=\"async\" width=\"1007\" height=\"974\" src=\"https:\/\/maranhaotv.com.br\/wp-content\/uploads\/2024\/08\/img-20240802-wa01845414258587183029523.jpg\" alt=\"\" class=\"wp-image-37038\" srcset=\"https:\/\/maranhaotv.com.br\/wp-content\/uploads\/2024\/08\/img-20240802-wa01845414258587183029523.jpg 1007w, https:\/\/maranhaotv.com.br\/wp-content\/uploads\/2024\/08\/img-20240802-wa01845414258587183029523-300x290.jpg 300w, https:\/\/maranhaotv.com.br\/wp-content\/uploads\/2024\/08\/img-20240802-wa01845414258587183029523-768x743.jpg 768w\" sizes=\"auto, (max-width: 1007px) 100vw, 1007px\" \/><figcaption class=\"wp-element-caption\">Para maioria dos eleitores, independente do seu voto, eles acreditam que o pr\u00f3ximo prefeito de Pa\u00e7o do Lumiar ser\u00e1 Fred Campos<\/figcaption><\/figure>\n","protected":false},"excerpt":{"rendered":"<p>Levantamento encomendado pela R\u00e1dio Mirante e portal Imirante mostra que o candidato do PSB vence em todos os cen\u00e1rios apresentados<\/p>\n","protected":false},"author":2,"featured_media":37039,"comment_status":"open","ping_status":"open","sticky":false,"template":"","format":"standard","meta":{"colormag_page_container_layout":"default_layout","colormag_page_sidebar_layout":"default_layout","_jetpack_memberships_contains_paid_content":false,"footnotes":""},"categories":[6],"tags":[43,440],"class_list":["post-37040","post","type-post","status-publish","format-standard","has-post-thumbnail","hentry","category-politica","tag-fred-campos","tag-mariana-brandao"],"magazineBlocksPostFeaturedMedia":{"thumbnail":"https:\/\/maranhaotv.com.br\/wp-content\/uploads\/2024\/08\/IMG-20240802-WA0183-150x150.jpg","medium":"https:\/\/maranhaotv.com.br\/wp-content\/uploads\/2024\/08\/IMG-20240802-WA0183-300x185.jpg","medium_large":"https:\/\/maranhaotv.com.br\/wp-content\/uploads\/2024\/08\/IMG-20240802-WA0183-768x472.jpg","large":"https:\/\/maranhaotv.com.br\/wp-content\/uploads\/2024\/08\/IMG-20240802-WA0183-1024x630.jpg","1536x1536":"https:\/\/maranhaotv.com.br\/wp-content\/uploads\/2024\/08\/IMG-20240802-WA0183-1536x945.jpg","2048x2048":"https:\/\/maranhaotv.com.br\/wp-content\/uploads\/2024\/08\/IMG-20240802-WA0183.jpg","colormag-highlighted-post":"https:\/\/maranhaotv.com.br\/wp-content\/uploads\/2024\/08\/IMG-20240802-WA0183-392x272.jpg","colormag-featured-post-medium":"https:\/\/maranhaotv.com.br\/wp-content\/uploads\/2024\/08\/IMG-20240802-WA0183-390x205.jpg","colormag-featured-post-small":"https:\/\/maranhaotv.com.br\/wp-content\/uploads\/2024\/08\/IMG-20240802-WA0183-130x90.jpg","colormag-featured-image":"https:\/\/maranhaotv.com.br\/wp-content\/uploads\/2024\/08\/IMG-20240802-WA0183-800x445.jpg","colormag-default-news":"https:\/\/maranhaotv.com.br\/wp-content\/uploads\/2024\/08\/IMG-20240802-WA0183-150x150.jpg","colormag-featured-image-large":"https:\/\/maranhaotv.com.br\/wp-content\/uploads\/2024\/08\/IMG-20240802-WA0183-1400x600.jpg"},"magazineBlocksPostAuthor":{"name":"maranhaotv","avatar":"https:\/\/secure.gravatar.com\/avatar\/8fadbca458d4cb68b1dd399ae9a40618d747bb1af65ac9fad21c89220a143eb4?s=96&d=mm&r=g"},"magazineBlocksPostCommentsNumber":"0","magazineBlocksPostExcerpt":"Levantamento encomendado pela R\u00e1dio Mirante e portal Imirante mostra que o candidato do PSB vence em todos os cen\u00e1rios apresentados","magazineBlocksPostCategories":["pol\u00edtica"],"magazineBlocksPostViewCount":273,"magazineBlocksPostReadTime":3,"magazine_blocks_featured_image_url":{"full":["https:\/\/maranhaotv.com.br\/wp-content\/uploads\/2024\/08\/IMG-20240802-WA0183.jpg",1600,984,false],"medium":["https:\/\/maranhaotv.com.br\/wp-content\/uploads\/2024\/08\/IMG-20240802-WA0183-300x185.jpg",300,185,true],"thumbnail":["https:\/\/maranhaotv.com.br\/wp-content\/uploads\/2024\/08\/IMG-20240802-WA0183-150x150.jpg",150,150,true]},"magazine_blocks_author":{"display_name":"maranhaotv","author_link":"https:\/\/maranhaotv.com.br\/index.php\/author\/maranhaotv\/"},"magazine_blocks_comment":0,"magazine_blocks_author_image":"https:\/\/secure.gravatar.com\/avatar\/8fadbca458d4cb68b1dd399ae9a40618d747bb1af65ac9fad21c89220a143eb4?s=96&d=mm&r=g","magazine_blocks_category":"<a href=\"#\" class=\"category-link category-link-6\">pol\u00edtica<\/a>","yoast_head":"<!-- This site is optimized with the Yoast SEO plugin v27.4 - https:\/\/yoast.com\/product\/yoast-seo-wordpress\/ -->\n<title>Pesquisa Exata aponta lideran\u00e7a absoluta de Fred Campos na disputa eleitoral em Pa\u00e7o - NOT\u00cdCIAS EM TEMPO REAL<\/title>\n<meta name=\"robots\" content=\"index, follow, max-snippet:-1, max-image-preview:large, max-video-preview:-1\" \/>\n<link rel=\"canonical\" href=\"https:\/\/maranhaotv.com.br\/index.php\/2024\/08\/02\/pesquisa-exata-aponta-lideranca-absoluta-de-fred-campos-na-disputa-eleitoral-em-paco\/\" \/>\n<meta property=\"og:locale\" content=\"pt_BR\" \/>\n<meta property=\"og:type\" content=\"article\" \/>\n<meta property=\"og:title\" content=\"Pesquisa Exata aponta lideran\u00e7a absoluta de Fred Campos na disputa eleitoral em Pa\u00e7o - NOT\u00cdCIAS EM TEMPO REAL\" \/>\n<meta property=\"og:description\" content=\"Levantamento encomendado pela R\u00e1dio Mirante e portal Imirante mostra que o candidato do PSB vence em todos os cen\u00e1rios apresentados\" \/>\n<meta property=\"og:url\" content=\"https:\/\/maranhaotv.com.br\/index.php\/2024\/08\/02\/pesquisa-exata-aponta-lideranca-absoluta-de-fred-campos-na-disputa-eleitoral-em-paco\/\" \/>\n<meta property=\"og:site_name\" content=\"NOT\u00cdCIAS EM TEMPO REAL\" \/>\n<meta property=\"article:publisher\" content=\"https:\/\/www.facebook.com\/maiobaotv\" \/>\n<meta property=\"article:published_time\" content=\"2024-08-02T13:02:26+00:00\" \/>\n<meta property=\"article:modified_time\" content=\"2024-08-02T13:17:39+00:00\" \/>\n<meta property=\"og:image\" content=\"https:\/\/maranhaotv.com.br\/wp-content\/uploads\/2024\/08\/IMG-20240802-WA0183.jpg\" \/>\n\t<meta property=\"og:image:width\" content=\"1600\" \/>\n\t<meta property=\"og:image:height\" content=\"984\" \/>\n\t<meta property=\"og:image:type\" content=\"image\/jpeg\" \/>\n<meta name=\"author\" content=\"maranhaotv\" \/>\n<meta name=\"twitter:card\" content=\"summary_large_image\" \/>\n<meta name=\"twitter:creator\" content=\"@sitemaranhaotv\" \/>\n<meta name=\"twitter:site\" content=\"@sitemaranhaotv\" \/>\n<meta name=\"twitter:label1\" content=\"Escrito por\" \/>\n\t<meta name=\"twitter:data1\" content=\"maranhaotv\" \/>\n\t<meta name=\"twitter:label2\" content=\"Est. tempo de leitura\" \/>\n\t<meta name=\"twitter:data2\" content=\"2 minutos\" \/>\n<script type=\"application\/ld+json\" class=\"yoast-schema-graph\">{\"@context\":\"https:\\\/\\\/schema.org\",\"@graph\":[{\"@type\":\"Article\",\"@id\":\"https:\\\/\\\/maranhaotv.com.br\\\/index.php\\\/2024\\\/08\\\/02\\\/pesquisa-exata-aponta-lideranca-absoluta-de-fred-campos-na-disputa-eleitoral-em-paco\\\/#article\",\"isPartOf\":{\"@id\":\"https:\\\/\\\/maranhaotv.com.br\\\/index.php\\\/2024\\\/08\\\/02\\\/pesquisa-exata-aponta-lideranca-absoluta-de-fred-campos-na-disputa-eleitoral-em-paco\\\/\"},\"author\":{\"name\":\"maranhaotv\",\"@id\":\"https:\\\/\\\/maranhaotv.com.br\\\/#\\\/schema\\\/person\\\/3d54238e86b20bb5c89ab2fdb8f8829a\"},\"headline\":\"Pesquisa Exata aponta lideran\u00e7a absoluta de Fred Campos na disputa eleitoral em Pa\u00e7o\",\"datePublished\":\"2024-08-02T13:02:26+00:00\",\"dateModified\":\"2024-08-02T13:17:39+00:00\",\"mainEntityOfPage\":{\"@id\":\"https:\\\/\\\/maranhaotv.com.br\\\/index.php\\\/2024\\\/08\\\/02\\\/pesquisa-exata-aponta-lideranca-absoluta-de-fred-campos-na-disputa-eleitoral-em-paco\\\/\"},\"wordCount\":430,\"commentCount\":0,\"publisher\":{\"@id\":\"https:\\\/\\\/maranhaotv.com.br\\\/#organization\"},\"image\":{\"@id\":\"https:\\\/\\\/maranhaotv.com.br\\\/index.php\\\/2024\\\/08\\\/02\\\/pesquisa-exata-aponta-lideranca-absoluta-de-fred-campos-na-disputa-eleitoral-em-paco\\\/#primaryimage\"},\"thumbnailUrl\":\"https:\\\/\\\/maranhaotv.com.br\\\/wp-content\\\/uploads\\\/2024\\\/08\\\/IMG-20240802-WA0183.jpg\",\"keywords\":[\"Fred Campos\",\"Mariana Brand\u00e3o\"],\"articleSection\":[\"pol\u00edtica\"],\"inLanguage\":\"pt-BR\",\"potentialAction\":[{\"@type\":\"CommentAction\",\"name\":\"Comment\",\"target\":[\"https:\\\/\\\/maranhaotv.com.br\\\/index.php\\\/2024\\\/08\\\/02\\\/pesquisa-exata-aponta-lideranca-absoluta-de-fred-campos-na-disputa-eleitoral-em-paco\\\/#respond\"]}]},{\"@type\":\"WebPage\",\"@id\":\"https:\\\/\\\/maranhaotv.com.br\\\/index.php\\\/2024\\\/08\\\/02\\\/pesquisa-exata-aponta-lideranca-absoluta-de-fred-campos-na-disputa-eleitoral-em-paco\\\/\",\"url\":\"https:\\\/\\\/maranhaotv.com.br\\\/index.php\\\/2024\\\/08\\\/02\\\/pesquisa-exata-aponta-lideranca-absoluta-de-fred-campos-na-disputa-eleitoral-em-paco\\\/\",\"name\":\"Pesquisa Exata aponta lideran\u00e7a absoluta de Fred Campos na disputa eleitoral em Pa\u00e7o - NOT\u00cdCIAS EM TEMPO REAL\",\"isPartOf\":{\"@id\":\"https:\\\/\\\/maranhaotv.com.br\\\/#website\"},\"primaryImageOfPage\":{\"@id\":\"https:\\\/\\\/maranhaotv.com.br\\\/index.php\\\/2024\\\/08\\\/02\\\/pesquisa-exata-aponta-lideranca-absoluta-de-fred-campos-na-disputa-eleitoral-em-paco\\\/#primaryimage\"},\"image\":{\"@id\":\"https:\\\/\\\/maranhaotv.com.br\\\/index.php\\\/2024\\\/08\\\/02\\\/pesquisa-exata-aponta-lideranca-absoluta-de-fred-campos-na-disputa-eleitoral-em-paco\\\/#primaryimage\"},\"thumbnailUrl\":\"https:\\\/\\\/maranhaotv.com.br\\\/wp-content\\\/uploads\\\/2024\\\/08\\\/IMG-20240802-WA0183.jpg\",\"datePublished\":\"2024-08-02T13:02:26+00:00\",\"dateModified\":\"2024-08-02T13:17:39+00:00\",\"breadcrumb\":{\"@id\":\"https:\\\/\\\/maranhaotv.com.br\\\/index.php\\\/2024\\\/08\\\/02\\\/pesquisa-exata-aponta-lideranca-absoluta-de-fred-campos-na-disputa-eleitoral-em-paco\\\/#breadcrumb\"},\"inLanguage\":\"pt-BR\",\"potentialAction\":[{\"@type\":\"ReadAction\",\"target\":[\"https:\\\/\\\/maranhaotv.com.br\\\/index.php\\\/2024\\\/08\\\/02\\\/pesquisa-exata-aponta-lideranca-absoluta-de-fred-campos-na-disputa-eleitoral-em-paco\\\/\"]}]},{\"@type\":\"ImageObject\",\"inLanguage\":\"pt-BR\",\"@id\":\"https:\\\/\\\/maranhaotv.com.br\\\/index.php\\\/2024\\\/08\\\/02\\\/pesquisa-exata-aponta-lideranca-absoluta-de-fred-campos-na-disputa-eleitoral-em-paco\\\/#primaryimage\",\"url\":\"https:\\\/\\\/maranhaotv.com.br\\\/wp-content\\\/uploads\\\/2024\\\/08\\\/IMG-20240802-WA0183.jpg\",\"contentUrl\":\"https:\\\/\\\/maranhaotv.com.br\\\/wp-content\\\/uploads\\\/2024\\\/08\\\/IMG-20240802-WA0183.jpg\",\"width\":1600,\"height\":984},{\"@type\":\"BreadcrumbList\",\"@id\":\"https:\\\/\\\/maranhaotv.com.br\\\/index.php\\\/2024\\\/08\\\/02\\\/pesquisa-exata-aponta-lideranca-absoluta-de-fred-campos-na-disputa-eleitoral-em-paco\\\/#breadcrumb\",\"itemListElement\":[{\"@type\":\"ListItem\",\"position\":1,\"name\":\"In\u00edcio\",\"item\":\"https:\\\/\\\/maranhaotv.com.br\\\/\"},{\"@type\":\"ListItem\",\"position\":2,\"name\":\"Pesquisa Exata aponta lideran\u00e7a absoluta de Fred Campos na disputa eleitoral em Pa\u00e7o\"}]},{\"@type\":\"WebSite\",\"@id\":\"https:\\\/\\\/maranhaotv.com.br\\\/#website\",\"url\":\"https:\\\/\\\/maranhaotv.com.br\\\/\",\"name\":\"Maranh\u00e3oTV\",\"description\":\"\",\"publisher\":{\"@id\":\"https:\\\/\\\/maranhaotv.com.br\\\/#organization\"},\"potentialAction\":[{\"@type\":\"SearchAction\",\"target\":{\"@type\":\"EntryPoint\",\"urlTemplate\":\"https:\\\/\\\/maranhaotv.com.br\\\/?s={search_term_string}\"},\"query-input\":{\"@type\":\"PropertyValueSpecification\",\"valueRequired\":true,\"valueName\":\"search_term_string\"}}],\"inLanguage\":\"pt-BR\"},{\"@type\":\"Organization\",\"@id\":\"https:\\\/\\\/maranhaotv.com.br\\\/#organization\",\"name\":\"Portal de Not\u00edcias\",\"url\":\"https:\\\/\\\/maranhaotv.com.br\\\/\",\"logo\":{\"@type\":\"ImageObject\",\"inLanguage\":\"pt-BR\",\"@id\":\"https:\\\/\\\/maranhaotv.com.br\\\/#\\\/schema\\\/logo\\\/image\\\/\",\"url\":\"https:\\\/\\\/maranhaotv.com.br\\\/wp-content\\\/uploads\\\/2024\\\/05\\\/cropped-cropped-avatar-1.png\",\"contentUrl\":\"https:\\\/\\\/maranhaotv.com.br\\\/wp-content\\\/uploads\\\/2024\\\/05\\\/cropped-cropped-avatar-1.png\",\"width\":792,\"height\":428,\"caption\":\"Portal de Not\u00edcias\"},\"image\":{\"@id\":\"https:\\\/\\\/maranhaotv.com.br\\\/#\\\/schema\\\/logo\\\/image\\\/\"},\"sameAs\":[\"https:\\\/\\\/www.facebook.com\\\/maiobaotv\",\"https:\\\/\\\/x.com\\\/sitemaranhaotv\",\"https:\\\/\\\/www.instagram.com\\\/maranhao.tv\",\"https:\\\/\\\/www.threads.net\\\/@maranhao.tv\"]},{\"@type\":\"Person\",\"@id\":\"https:\\\/\\\/maranhaotv.com.br\\\/#\\\/schema\\\/person\\\/3d54238e86b20bb5c89ab2fdb8f8829a\",\"name\":\"maranhaotv\",\"image\":{\"@type\":\"ImageObject\",\"inLanguage\":\"pt-BR\",\"@id\":\"https:\\\/\\\/secure.gravatar.com\\\/avatar\\\/8fadbca458d4cb68b1dd399ae9a40618d747bb1af65ac9fad21c89220a143eb4?s=96&d=mm&r=g\",\"url\":\"https:\\\/\\\/secure.gravatar.com\\\/avatar\\\/8fadbca458d4cb68b1dd399ae9a40618d747bb1af65ac9fad21c89220a143eb4?s=96&d=mm&r=g\",\"contentUrl\":\"https:\\\/\\\/secure.gravatar.com\\\/avatar\\\/8fadbca458d4cb68b1dd399ae9a40618d747bb1af65ac9fad21c89220a143eb4?s=96&d=mm&r=g\",\"caption\":\"maranhaotv\"},\"sameAs\":[\"https:\\\/\\\/maranhaotv.com.br\\\/\"],\"url\":\"https:\\\/\\\/maranhaotv.com.br\\\/index.php\\\/author\\\/maranhaotv\\\/\"}]}<\/script>\n<!-- \/ Yoast SEO plugin. -->","yoast_head_json":{"title":"Pesquisa Exata aponta lideran\u00e7a absoluta de Fred Campos na disputa eleitoral em Pa\u00e7o - NOT\u00cdCIAS EM TEMPO REAL","robots":{"index":"index","follow":"follow","max-snippet":"max-snippet:-1","max-image-preview":"max-image-preview:large","max-video-preview":"max-video-preview:-1"},"canonical":"https:\/\/maranhaotv.com.br\/index.php\/2024\/08\/02\/pesquisa-exata-aponta-lideranca-absoluta-de-fred-campos-na-disputa-eleitoral-em-paco\/","og_locale":"pt_BR","og_type":"article","og_title":"Pesquisa Exata aponta lideran\u00e7a absoluta de Fred Campos na disputa eleitoral em Pa\u00e7o - NOT\u00cdCIAS EM TEMPO REAL","og_description":"Levantamento encomendado pela R\u00e1dio Mirante e portal Imirante mostra que o candidato do PSB vence em todos os cen\u00e1rios apresentados","og_url":"https:\/\/maranhaotv.com.br\/index.php\/2024\/08\/02\/pesquisa-exata-aponta-lideranca-absoluta-de-fred-campos-na-disputa-eleitoral-em-paco\/","og_site_name":"NOT\u00cdCIAS EM TEMPO REAL","article_publisher":"https:\/\/www.facebook.com\/maiobaotv","article_published_time":"2024-08-02T13:02:26+00:00","article_modified_time":"2024-08-02T13:17:39+00:00","og_image":[{"width":1600,"height":984,"url":"https:\/\/maranhaotv.com.br\/wp-content\/uploads\/2024\/08\/IMG-20240802-WA0183.jpg","type":"image\/jpeg"}],"author":"maranhaotv","twitter_card":"summary_large_image","twitter_creator":"@sitemaranhaotv","twitter_site":"@sitemaranhaotv","twitter_misc":{"Escrito por":"maranhaotv","Est. tempo de leitura":"2 minutos"},"schema":{"@context":"https:\/\/schema.org","@graph":[{"@type":"Article","@id":"https:\/\/maranhaotv.com.br\/index.php\/2024\/08\/02\/pesquisa-exata-aponta-lideranca-absoluta-de-fred-campos-na-disputa-eleitoral-em-paco\/#article","isPartOf":{"@id":"https:\/\/maranhaotv.com.br\/index.php\/2024\/08\/02\/pesquisa-exata-aponta-lideranca-absoluta-de-fred-campos-na-disputa-eleitoral-em-paco\/"},"author":{"name":"maranhaotv","@id":"https:\/\/maranhaotv.com.br\/#\/schema\/person\/3d54238e86b20bb5c89ab2fdb8f8829a"},"headline":"Pesquisa Exata aponta lideran\u00e7a absoluta de Fred Campos na disputa eleitoral em Pa\u00e7o","datePublished":"2024-08-02T13:02:26+00:00","dateModified":"2024-08-02T13:17:39+00:00","mainEntityOfPage":{"@id":"https:\/\/maranhaotv.com.br\/index.php\/2024\/08\/02\/pesquisa-exata-aponta-lideranca-absoluta-de-fred-campos-na-disputa-eleitoral-em-paco\/"},"wordCount":430,"commentCount":0,"publisher":{"@id":"https:\/\/maranhaotv.com.br\/#organization"},"image":{"@id":"https:\/\/maranhaotv.com.br\/index.php\/2024\/08\/02\/pesquisa-exata-aponta-lideranca-absoluta-de-fred-campos-na-disputa-eleitoral-em-paco\/#primaryimage"},"thumbnailUrl":"https:\/\/maranhaotv.com.br\/wp-content\/uploads\/2024\/08\/IMG-20240802-WA0183.jpg","keywords":["Fred Campos","Mariana Brand\u00e3o"],"articleSection":["pol\u00edtica"],"inLanguage":"pt-BR","potentialAction":[{"@type":"CommentAction","name":"Comment","target":["https:\/\/maranhaotv.com.br\/index.php\/2024\/08\/02\/pesquisa-exata-aponta-lideranca-absoluta-de-fred-campos-na-disputa-eleitoral-em-paco\/#respond"]}]},{"@type":"WebPage","@id":"https:\/\/maranhaotv.com.br\/index.php\/2024\/08\/02\/pesquisa-exata-aponta-lideranca-absoluta-de-fred-campos-na-disputa-eleitoral-em-paco\/","url":"https:\/\/maranhaotv.com.br\/index.php\/2024\/08\/02\/pesquisa-exata-aponta-lideranca-absoluta-de-fred-campos-na-disputa-eleitoral-em-paco\/","name":"Pesquisa Exata aponta lideran\u00e7a absoluta de Fred Campos na disputa eleitoral em Pa\u00e7o - NOT\u00cdCIAS EM TEMPO REAL","isPartOf":{"@id":"https:\/\/maranhaotv.com.br\/#website"},"primaryImageOfPage":{"@id":"https:\/\/maranhaotv.com.br\/index.php\/2024\/08\/02\/pesquisa-exata-aponta-lideranca-absoluta-de-fred-campos-na-disputa-eleitoral-em-paco\/#primaryimage"},"image":{"@id":"https:\/\/maranhaotv.com.br\/index.php\/2024\/08\/02\/pesquisa-exata-aponta-lideranca-absoluta-de-fred-campos-na-disputa-eleitoral-em-paco\/#primaryimage"},"thumbnailUrl":"https:\/\/maranhaotv.com.br\/wp-content\/uploads\/2024\/08\/IMG-20240802-WA0183.jpg","datePublished":"2024-08-02T13:02:26+00:00","dateModified":"2024-08-02T13:17:39+00:00","breadcrumb":{"@id":"https:\/\/maranhaotv.com.br\/index.php\/2024\/08\/02\/pesquisa-exata-aponta-lideranca-absoluta-de-fred-campos-na-disputa-eleitoral-em-paco\/#breadcrumb"},"inLanguage":"pt-BR","potentialAction":[{"@type":"ReadAction","target":["https:\/\/maranhaotv.com.br\/index.php\/2024\/08\/02\/pesquisa-exata-aponta-lideranca-absoluta-de-fred-campos-na-disputa-eleitoral-em-paco\/"]}]},{"@type":"ImageObject","inLanguage":"pt-BR","@id":"https:\/\/maranhaotv.com.br\/index.php\/2024\/08\/02\/pesquisa-exata-aponta-lideranca-absoluta-de-fred-campos-na-disputa-eleitoral-em-paco\/#primaryimage","url":"https:\/\/maranhaotv.com.br\/wp-content\/uploads\/2024\/08\/IMG-20240802-WA0183.jpg","contentUrl":"https:\/\/maranhaotv.com.br\/wp-content\/uploads\/2024\/08\/IMG-20240802-WA0183.jpg","width":1600,"height":984},{"@type":"BreadcrumbList","@id":"https:\/\/maranhaotv.com.br\/index.php\/2024\/08\/02\/pesquisa-exata-aponta-lideranca-absoluta-de-fred-campos-na-disputa-eleitoral-em-paco\/#breadcrumb","itemListElement":[{"@type":"ListItem","position":1,"name":"In\u00edcio","item":"https:\/\/maranhaotv.com.br\/"},{"@type":"ListItem","position":2,"name":"Pesquisa Exata aponta lideran\u00e7a absoluta de Fred Campos na disputa eleitoral em Pa\u00e7o"}]},{"@type":"WebSite","@id":"https:\/\/maranhaotv.com.br\/#website","url":"https:\/\/maranhaotv.com.br\/","name":"Maranh\u00e3oTV","description":"","publisher":{"@id":"https:\/\/maranhaotv.com.br\/#organization"},"potentialAction":[{"@type":"SearchAction","target":{"@type":"EntryPoint","urlTemplate":"https:\/\/maranhaotv.com.br\/?s={search_term_string}"},"query-input":{"@type":"PropertyValueSpecification","valueRequired":true,"valueName":"search_term_string"}}],"inLanguage":"pt-BR"},{"@type":"Organization","@id":"https:\/\/maranhaotv.com.br\/#organization","name":"Portal de Not\u00edcias","url":"https:\/\/maranhaotv.com.br\/","logo":{"@type":"ImageObject","inLanguage":"pt-BR","@id":"https:\/\/maranhaotv.com.br\/#\/schema\/logo\/image\/","url":"https:\/\/maranhaotv.com.br\/wp-content\/uploads\/2024\/05\/cropped-cropped-avatar-1.png","contentUrl":"https:\/\/maranhaotv.com.br\/wp-content\/uploads\/2024\/05\/cropped-cropped-avatar-1.png","width":792,"height":428,"caption":"Portal de Not\u00edcias"},"image":{"@id":"https:\/\/maranhaotv.com.br\/#\/schema\/logo\/image\/"},"sameAs":["https:\/\/www.facebook.com\/maiobaotv","https:\/\/x.com\/sitemaranhaotv","https:\/\/www.instagram.com\/maranhao.tv","https:\/\/www.threads.net\/@maranhao.tv"]},{"@type":"Person","@id":"https:\/\/maranhaotv.com.br\/#\/schema\/person\/3d54238e86b20bb5c89ab2fdb8f8829a","name":"maranhaotv","image":{"@type":"ImageObject","inLanguage":"pt-BR","@id":"https:\/\/secure.gravatar.com\/avatar\/8fadbca458d4cb68b1dd399ae9a40618d747bb1af65ac9fad21c89220a143eb4?s=96&d=mm&r=g","url":"https:\/\/secure.gravatar.com\/avatar\/8fadbca458d4cb68b1dd399ae9a40618d747bb1af65ac9fad21c89220a143eb4?s=96&d=mm&r=g","contentUrl":"https:\/\/secure.gravatar.com\/avatar\/8fadbca458d4cb68b1dd399ae9a40618d747bb1af65ac9fad21c89220a143eb4?s=96&d=mm&r=g","caption":"maranhaotv"},"sameAs":["https:\/\/maranhaotv.com.br\/"],"url":"https:\/\/maranhaotv.com.br\/index.php\/author\/maranhaotv\/"}]}},"jetpack_featured_media_url":"https:\/\/maranhaotv.com.br\/wp-content\/uploads\/2024\/08\/IMG-20240802-WA0183.jpg","jetpack_sharing_enabled":true,"_links":{"self":[{"href":"https:\/\/maranhaotv.com.br\/index.php\/wp-json\/wp\/v2\/posts\/37040","targetHints":{"allow":["GET"]}}],"collection":[{"href":"https:\/\/maranhaotv.com.br\/index.php\/wp-json\/wp\/v2\/posts"}],"about":[{"href":"https:\/\/maranhaotv.com.br\/index.php\/wp-json\/wp\/v2\/types\/post"}],"author":[{"embeddable":true,"href":"https:\/\/maranhaotv.com.br\/index.php\/wp-json\/wp\/v2\/users\/2"}],"replies":[{"embeddable":true,"href":"https:\/\/maranhaotv.com.br\/index.php\/wp-json\/wp\/v2\/comments?post=37040"}],"version-history":[{"count":2,"href":"https:\/\/maranhaotv.com.br\/index.php\/wp-json\/wp\/v2\/posts\/37040\/revisions"}],"predecessor-version":[{"id":37042,"href":"https:\/\/maranhaotv.com.br\/index.php\/wp-json\/wp\/v2\/posts\/37040\/revisions\/37042"}],"wp:featuredmedia":[{"embeddable":true,"href":"https:\/\/maranhaotv.com.br\/index.php\/wp-json\/wp\/v2\/media\/37039"}],"wp:attachment":[{"href":"https:\/\/maranhaotv.com.br\/index.php\/wp-json\/wp\/v2\/media?parent=37040"}],"wp:term":[{"taxonomy":"category","embeddable":true,"href":"https:\/\/maranhaotv.com.br\/index.php\/wp-json\/wp\/v2\/categories?post=37040"},{"taxonomy":"post_tag","embeddable":true,"href":"https:\/\/maranhaotv.com.br\/index.php\/wp-json\/wp\/v2\/tags?post=37040"}],"curies":[{"name":"wp","href":"https:\/\/api.w.org\/{rel}","templated":true}]}}