{"id":37051,"date":"2024-08-04T15:35:36","date_gmt":"2024-08-04T18:35:36","guid":{"rendered":"https:\/\/maranhaotv.com.br\/?p=37051"},"modified":"2024-08-04T15:35:51","modified_gmt":"2024-08-04T18:35:51","slug":"wellington-do-curso-e-oficializado-como-candidato-a-prefeito-de-sao-luis-e-anuncia-vice","status":"publish","type":"post","link":"https:\/\/maranhaotv.com.br\/index.php\/2024\/08\/04\/wellington-do-curso-e-oficializado-como-candidato-a-prefeito-de-sao-luis-e-anuncia-vice\/","title":{"rendered":"Wellington do Curso \u00e9 oficializado como candidato a prefeito de S\u00e3o Lu\u00eds e anuncia vice"},"content":{"rendered":"\n<p><br>O professor e deputado estadual Wellington do Curso foi oficializado como candidato do Partido Novo \u00e0 prefeitura de S\u00e3o Lu\u00eds neste domingo (4). O partido realizou a conven\u00e7\u00e3o no espa\u00e7o Vers\u00e1til Eventos, no bairro Olho d\u2019\u00c1gua.<br><br>A vice-prefeita da chapa ser\u00e1 a policial militar Ana Paula, que tamb\u00e9m \u00e9 professora. Possuindo 30 anos de carreira como Subtenente da Pol\u00edcia Militar do Maranh\u00e3o, com atua\u00e7\u00e3o em \u00e1reas importantes como o combate \u00e0 viol\u00eancia contra a mulher, sa\u00fade e educa\u00e7\u00e3o. Al\u00e9m da candidatura \u00e0 prefeito, dezenas de nomes foram oficializados para o cargo de vereador em S\u00e3o Lu\u00eds.<br><br>Durante a conven\u00e7\u00e3o, Wellington se comprometeu em seguir firme na defesa de melhorias para a cidade e agradeceu o apoio que tem recebido.<br><br>\u201cHoje \u00e9 um dia para agradecer. Meu cora\u00e7\u00e3o est\u00e1 cheio de gratid\u00e3o a Deus e a todos que me trouxeram at\u00e9 aqui. Obrigado a todos do Partido Novo, em especial ao meu amigo e l\u00edder Lahesio Bonfim e a amiga Ana Paula, Subtenente da Pol\u00edcia Mikitar do Maranh\u00e3o, por aceitar o convite para compor a chapa como vice-prefeita de S\u00e3o Lu\u00eds. Obrigado a toda a popula\u00e7\u00e3o pelo incentivo e por acreditar que podemos melhorar S\u00e3o Lu\u00eds! Ao longo dos \u00faltimos anos, eu estudei, corrigi falhas e busquei ter propostas poss\u00edveis e reais para a nossa cidade. Agora, chegou a nossa vez! Sei que n\u00e3o ser\u00e1 f\u00e1cil enfrentar os candidatos das m\u00e1quinas p\u00fablicas, das campanhas milion\u00e1rias, mas com a gra\u00e7a de Deus e a ben\u00e7\u00e3o do povo, vamos fazer de S\u00e3o Lu\u00eds uma cidade ainda melhor para se viver\u201d, disse Wellington. <br><br>PERFIL<br><br>Wellington \u00e9 professor, fundador do Curso Wellington e deputado estadual na Assembleia Legislativa do Maranh\u00e3o. Como deputado, se destaca por ser o parlamentar que mais apresentou projetos e por sua atua\u00e7\u00e3o nas ruas ouvindo a comunidade. Com coragem e independ\u00eancia, Wellington tem como caracter\u00edstica a fiscaliza\u00e7\u00e3o constante e a busca por solu\u00e7\u00f5es para os problemas que atingem a popula\u00e7\u00e3o. Em 2016, foi candidato \u00e0 Prefeitura de S\u00e3o Lu\u00eds e teve mais de 100 mil votos, ficando em 3\u00b0 lugar. Em 2020, foi impedido de ser candidato, mesmo estando em 2\u00b0 lugar nas pesquisas. Agora, busca disputar as elei\u00e7\u00f5es com o intuito de enfrentar os candidatos das maquinas p\u00fablicas e ser uma op\u00e7\u00e3o mais independente para as pessoas.<\/p>\n","protected":false},"excerpt":{"rendered":"<p>O professor e deputado estadual Wellington do Curso foi oficializado como candidato do Partido Novo \u00e0 prefeitura de S\u00e3o Lu\u00eds<\/p>\n","protected":false},"author":2,"featured_media":37050,"comment_status":"open","ping_status":"open","sticky":false,"template":"","format":"standard","meta":{"colormag_page_container_layout":"default_layout","colormag_page_sidebar_layout":"default_layout","_jetpack_memberships_contains_paid_content":false,"footnotes":""},"categories":[6],"tags":[],"class_list":["post-37051","post","type-post","status-publish","format-standard","has-post-thumbnail","hentry","category-politica"],"magazineBlocksPostFeaturedMedia":{"thumbnail":"https:\/\/maranhaotv.com.br\/wp-content\/uploads\/2024\/08\/IMG-20240804-WA0439-150x150.jpg","medium":"https:\/\/maranhaotv.com.br\/wp-content\/uploads\/2024\/08\/IMG-20240804-WA0439-300x193.jpg","medium_large":"https:\/\/maranhaotv.com.br\/wp-content\/uploads\/2024\/08\/IMG-20240804-WA0439-768x493.jpg","large":"https:\/\/maranhaotv.com.br\/wp-content\/uploads\/2024\/08\/IMG-20240804-WA0439-1024x658.jpg","1536x1536":"https:\/\/maranhaotv.com.br\/wp-content\/uploads\/2024\/08\/IMG-20240804-WA0439.jpg","2048x2048":"https:\/\/maranhaotv.com.br\/wp-content\/uploads\/2024\/08\/IMG-20240804-WA0439.jpg","colormag-highlighted-post":"https:\/\/maranhaotv.com.br\/wp-content\/uploads\/2024\/08\/IMG-20240804-WA0439-392x272.jpg","colormag-featured-post-medium":"https:\/\/maranhaotv.com.br\/wp-content\/uploads\/2024\/08\/IMG-20240804-WA0439-390x205.jpg","colormag-featured-post-small":"https:\/\/maranhaotv.com.br\/wp-content\/uploads\/2024\/08\/IMG-20240804-WA0439-130x90.jpg","colormag-featured-image":"https:\/\/maranhaotv.com.br\/wp-content\/uploads\/2024\/08\/IMG-20240804-WA0439-800x445.jpg","colormag-default-news":"https:\/\/maranhaotv.com.br\/wp-content\/uploads\/2024\/08\/IMG-20240804-WA0439-150x150.jpg","colormag-featured-image-large":"https:\/\/maranhaotv.com.br\/wp-content\/uploads\/2024\/08\/IMG-20240804-WA0439-1280x600.jpg"},"magazineBlocksPostAuthor":{"name":"maranhaotv","avatar":"https:\/\/secure.gravatar.com\/avatar\/8fadbca458d4cb68b1dd399ae9a40618d747bb1af65ac9fad21c89220a143eb4?s=96&d=mm&r=g"},"magazineBlocksPostCommentsNumber":"0","magazineBlocksPostExcerpt":"O professor e deputado estadual Wellington do Curso foi oficializado como candidato do Partido Novo \u00e0 prefeitura de S\u00e3o Lu\u00eds","magazineBlocksPostCategories":["pol\u00edtica"],"magazineBlocksPostViewCount":364,"magazineBlocksPostReadTime":3,"magazine_blocks_featured_image_url":{"full":["https:\/\/maranhaotv.com.br\/wp-content\/uploads\/2024\/08\/IMG-20240804-WA0439.jpg",1280,822,false],"medium":["https:\/\/maranhaotv.com.br\/wp-content\/uploads\/2024\/08\/IMG-20240804-WA0439-300x193.jpg",300,193,true],"thumbnail":["https:\/\/maranhaotv.com.br\/wp-content\/uploads\/2024\/08\/IMG-20240804-WA0439-150x150.jpg",150,150,true]},"magazine_blocks_author":{"display_name":"maranhaotv","author_link":"https:\/\/maranhaotv.com.br\/index.php\/author\/maranhaotv\/"},"magazine_blocks_comment":0,"magazine_blocks_author_image":"https:\/\/secure.gravatar.com\/avatar\/8fadbca458d4cb68b1dd399ae9a40618d747bb1af65ac9fad21c89220a143eb4?s=96&d=mm&r=g","magazine_blocks_category":"<a href=\"#\" class=\"category-link category-link-6\">pol\u00edtica<\/a>","yoast_head":"<!-- This site is optimized with the Yoast SEO plugin v27.4 - https:\/\/yoast.com\/product\/yoast-seo-wordpress\/ -->\n<title>Wellington do Curso \u00e9 oficializado como candidato a prefeito de S\u00e3o Lu\u00eds e anuncia vice - NOT\u00cdCIAS EM TEMPO REAL<\/title>\n<meta name=\"robots\" content=\"index, follow, max-snippet:-1, max-image-preview:large, max-video-preview:-1\" \/>\n<link rel=\"canonical\" href=\"https:\/\/maranhaotv.com.br\/index.php\/2024\/08\/04\/wellington-do-curso-e-oficializado-como-candidato-a-prefeito-de-sao-luis-e-anuncia-vice\/\" \/>\n<meta property=\"og:locale\" content=\"pt_BR\" \/>\n<meta property=\"og:type\" content=\"article\" \/>\n<meta property=\"og:title\" content=\"Wellington do Curso \u00e9 oficializado como candidato a prefeito de S\u00e3o Lu\u00eds e anuncia vice - NOT\u00cdCIAS EM TEMPO REAL\" \/>\n<meta property=\"og:description\" content=\"O professor e deputado estadual Wellington do Curso foi oficializado como candidato do Partido Novo \u00e0 prefeitura de S\u00e3o Lu\u00eds\" \/>\n<meta property=\"og:url\" content=\"https:\/\/maranhaotv.com.br\/index.php\/2024\/08\/04\/wellington-do-curso-e-oficializado-como-candidato-a-prefeito-de-sao-luis-e-anuncia-vice\/\" \/>\n<meta property=\"og:site_name\" content=\"NOT\u00cdCIAS EM TEMPO REAL\" \/>\n<meta property=\"article:publisher\" content=\"https:\/\/www.facebook.com\/maiobaotv\" \/>\n<meta property=\"article:published_time\" content=\"2024-08-04T18:35:36+00:00\" \/>\n<meta property=\"article:modified_time\" content=\"2024-08-04T18:35:51+00:00\" \/>\n<meta property=\"og:image\" content=\"https:\/\/maranhaotv.com.br\/wp-content\/uploads\/2024\/08\/IMG-20240804-WA0439.jpg\" \/>\n\t<meta property=\"og:image:width\" content=\"1280\" \/>\n\t<meta property=\"og:image:height\" content=\"822\" \/>\n\t<meta property=\"og:image:type\" content=\"image\/jpeg\" \/>\n<meta name=\"author\" content=\"maranhaotv\" \/>\n<meta name=\"twitter:card\" content=\"summary_large_image\" \/>\n<meta name=\"twitter:creator\" content=\"@sitemaranhaotv\" \/>\n<meta name=\"twitter:site\" content=\"@sitemaranhaotv\" \/>\n<meta name=\"twitter:label1\" content=\"Escrito por\" \/>\n\t<meta name=\"twitter:data1\" content=\"maranhaotv\" \/>\n\t<meta name=\"twitter:label2\" content=\"Est. tempo de leitura\" \/>\n\t<meta name=\"twitter:data2\" content=\"2 minutos\" \/>\n<script type=\"application\/ld+json\" class=\"yoast-schema-graph\">{\"@context\":\"https:\\\/\\\/schema.org\",\"@graph\":[{\"@type\":\"Article\",\"@id\":\"https:\\\/\\\/maranhaotv.com.br\\\/index.php\\\/2024\\\/08\\\/04\\\/wellington-do-curso-e-oficializado-como-candidato-a-prefeito-de-sao-luis-e-anuncia-vice\\\/#article\",\"isPartOf\":{\"@id\":\"https:\\\/\\\/maranhaotv.com.br\\\/index.php\\\/2024\\\/08\\\/04\\\/wellington-do-curso-e-oficializado-como-candidato-a-prefeito-de-sao-luis-e-anuncia-vice\\\/\"},\"author\":{\"name\":\"maranhaotv\",\"@id\":\"https:\\\/\\\/maranhaotv.com.br\\\/#\\\/schema\\\/person\\\/3d54238e86b20bb5c89ab2fdb8f8829a\"},\"headline\":\"Wellington do Curso \u00e9 oficializado como candidato a prefeito de S\u00e3o Lu\u00eds e anuncia vice\",\"datePublished\":\"2024-08-04T18:35:36+00:00\",\"dateModified\":\"2024-08-04T18:35:51+00:00\",\"mainEntityOfPage\":{\"@id\":\"https:\\\/\\\/maranhaotv.com.br\\\/index.php\\\/2024\\\/08\\\/04\\\/wellington-do-curso-e-oficializado-como-candidato-a-prefeito-de-sao-luis-e-anuncia-vice\\\/\"},\"wordCount\":428,\"commentCount\":0,\"publisher\":{\"@id\":\"https:\\\/\\\/maranhaotv.com.br\\\/#organization\"},\"image\":{\"@id\":\"https:\\\/\\\/maranhaotv.com.br\\\/index.php\\\/2024\\\/08\\\/04\\\/wellington-do-curso-e-oficializado-como-candidato-a-prefeito-de-sao-luis-e-anuncia-vice\\\/#primaryimage\"},\"thumbnailUrl\":\"https:\\\/\\\/maranhaotv.com.br\\\/wp-content\\\/uploads\\\/2024\\\/08\\\/IMG-20240804-WA0439.jpg\",\"articleSection\":[\"pol\u00edtica\"],\"inLanguage\":\"pt-BR\",\"potentialAction\":[{\"@type\":\"CommentAction\",\"name\":\"Comment\",\"target\":[\"https:\\\/\\\/maranhaotv.com.br\\\/index.php\\\/2024\\\/08\\\/04\\\/wellington-do-curso-e-oficializado-como-candidato-a-prefeito-de-sao-luis-e-anuncia-vice\\\/#respond\"]}]},{\"@type\":\"WebPage\",\"@id\":\"https:\\\/\\\/maranhaotv.com.br\\\/index.php\\\/2024\\\/08\\\/04\\\/wellington-do-curso-e-oficializado-como-candidato-a-prefeito-de-sao-luis-e-anuncia-vice\\\/\",\"url\":\"https:\\\/\\\/maranhaotv.com.br\\\/index.php\\\/2024\\\/08\\\/04\\\/wellington-do-curso-e-oficializado-como-candidato-a-prefeito-de-sao-luis-e-anuncia-vice\\\/\",\"name\":\"Wellington do Curso \u00e9 oficializado como candidato a prefeito de S\u00e3o Lu\u00eds e anuncia vice - NOT\u00cdCIAS EM TEMPO REAL\",\"isPartOf\":{\"@id\":\"https:\\\/\\\/maranhaotv.com.br\\\/#website\"},\"primaryImageOfPage\":{\"@id\":\"https:\\\/\\\/maranhaotv.com.br\\\/index.php\\\/2024\\\/08\\\/04\\\/wellington-do-curso-e-oficializado-como-candidato-a-prefeito-de-sao-luis-e-anuncia-vice\\\/#primaryimage\"},\"image\":{\"@id\":\"https:\\\/\\\/maranhaotv.com.br\\\/index.php\\\/2024\\\/08\\\/04\\\/wellington-do-curso-e-oficializado-como-candidato-a-prefeito-de-sao-luis-e-anuncia-vice\\\/#primaryimage\"},\"thumbnailUrl\":\"https:\\\/\\\/maranhaotv.com.br\\\/wp-content\\\/uploads\\\/2024\\\/08\\\/IMG-20240804-WA0439.jpg\",\"datePublished\":\"2024-08-04T18:35:36+00:00\",\"dateModified\":\"2024-08-04T18:35:51+00:00\",\"breadcrumb\":{\"@id\":\"https:\\\/\\\/maranhaotv.com.br\\\/index.php\\\/2024\\\/08\\\/04\\\/wellington-do-curso-e-oficializado-como-candidato-a-prefeito-de-sao-luis-e-anuncia-vice\\\/#breadcrumb\"},\"inLanguage\":\"pt-BR\",\"potentialAction\":[{\"@type\":\"ReadAction\",\"target\":[\"https:\\\/\\\/maranhaotv.com.br\\\/index.php\\\/2024\\\/08\\\/04\\\/wellington-do-curso-e-oficializado-como-candidato-a-prefeito-de-sao-luis-e-anuncia-vice\\\/\"]}]},{\"@type\":\"ImageObject\",\"inLanguage\":\"pt-BR\",\"@id\":\"https:\\\/\\\/maranhaotv.com.br\\\/index.php\\\/2024\\\/08\\\/04\\\/wellington-do-curso-e-oficializado-como-candidato-a-prefeito-de-sao-luis-e-anuncia-vice\\\/#primaryimage\",\"url\":\"https:\\\/\\\/maranhaotv.com.br\\\/wp-content\\\/uploads\\\/2024\\\/08\\\/IMG-20240804-WA0439.jpg\",\"contentUrl\":\"https:\\\/\\\/maranhaotv.com.br\\\/wp-content\\\/uploads\\\/2024\\\/08\\\/IMG-20240804-WA0439.jpg\",\"width\":1280,\"height\":822},{\"@type\":\"BreadcrumbList\",\"@id\":\"https:\\\/\\\/maranhaotv.com.br\\\/index.php\\\/2024\\\/08\\\/04\\\/wellington-do-curso-e-oficializado-como-candidato-a-prefeito-de-sao-luis-e-anuncia-vice\\\/#breadcrumb\",\"itemListElement\":[{\"@type\":\"ListItem\",\"position\":1,\"name\":\"In\u00edcio\",\"item\":\"https:\\\/\\\/maranhaotv.com.br\\\/\"},{\"@type\":\"ListItem\",\"position\":2,\"name\":\"Wellington do Curso \u00e9 oficializado como candidato a prefeito de S\u00e3o Lu\u00eds e anuncia vice\"}]},{\"@type\":\"WebSite\",\"@id\":\"https:\\\/\\\/maranhaotv.com.br\\\/#website\",\"url\":\"https:\\\/\\\/maranhaotv.com.br\\\/\",\"name\":\"Maranh\u00e3oTV\",\"description\":\"\",\"publisher\":{\"@id\":\"https:\\\/\\\/maranhaotv.com.br\\\/#organization\"},\"potentialAction\":[{\"@type\":\"SearchAction\",\"target\":{\"@type\":\"EntryPoint\",\"urlTemplate\":\"https:\\\/\\\/maranhaotv.com.br\\\/?s={search_term_string}\"},\"query-input\":{\"@type\":\"PropertyValueSpecification\",\"valueRequired\":true,\"valueName\":\"search_term_string\"}}],\"inLanguage\":\"pt-BR\"},{\"@type\":\"Organization\",\"@id\":\"https:\\\/\\\/maranhaotv.com.br\\\/#organization\",\"name\":\"Portal de Not\u00edcias\",\"url\":\"https:\\\/\\\/maranhaotv.com.br\\\/\",\"logo\":{\"@type\":\"ImageObject\",\"inLanguage\":\"pt-BR\",\"@id\":\"https:\\\/\\\/maranhaotv.com.br\\\/#\\\/schema\\\/logo\\\/image\\\/\",\"url\":\"https:\\\/\\\/maranhaotv.com.br\\\/wp-content\\\/uploads\\\/2024\\\/05\\\/cropped-cropped-avatar-1.png\",\"contentUrl\":\"https:\\\/\\\/maranhaotv.com.br\\\/wp-content\\\/uploads\\\/2024\\\/05\\\/cropped-cropped-avatar-1.png\",\"width\":792,\"height\":428,\"caption\":\"Portal de Not\u00edcias\"},\"image\":{\"@id\":\"https:\\\/\\\/maranhaotv.com.br\\\/#\\\/schema\\\/logo\\\/image\\\/\"},\"sameAs\":[\"https:\\\/\\\/www.facebook.com\\\/maiobaotv\",\"https:\\\/\\\/x.com\\\/sitemaranhaotv\",\"https:\\\/\\\/www.instagram.com\\\/maranhao.tv\",\"https:\\\/\\\/www.threads.net\\\/@maranhao.tv\"]},{\"@type\":\"Person\",\"@id\":\"https:\\\/\\\/maranhaotv.com.br\\\/#\\\/schema\\\/person\\\/3d54238e86b20bb5c89ab2fdb8f8829a\",\"name\":\"maranhaotv\",\"image\":{\"@type\":\"ImageObject\",\"inLanguage\":\"pt-BR\",\"@id\":\"https:\\\/\\\/secure.gravatar.com\\\/avatar\\\/8fadbca458d4cb68b1dd399ae9a40618d747bb1af65ac9fad21c89220a143eb4?s=96&d=mm&r=g\",\"url\":\"https:\\\/\\\/secure.gravatar.com\\\/avatar\\\/8fadbca458d4cb68b1dd399ae9a40618d747bb1af65ac9fad21c89220a143eb4?s=96&d=mm&r=g\",\"contentUrl\":\"https:\\\/\\\/secure.gravatar.com\\\/avatar\\\/8fadbca458d4cb68b1dd399ae9a40618d747bb1af65ac9fad21c89220a143eb4?s=96&d=mm&r=g\",\"caption\":\"maranhaotv\"},\"sameAs\":[\"https:\\\/\\\/maranhaotv.com.br\\\/\"],\"url\":\"https:\\\/\\\/maranhaotv.com.br\\\/index.php\\\/author\\\/maranhaotv\\\/\"}]}<\/script>\n<!-- \/ Yoast SEO plugin. -->","yoast_head_json":{"title":"Wellington do Curso \u00e9 oficializado como candidato a prefeito de S\u00e3o Lu\u00eds e anuncia vice - NOT\u00cdCIAS EM TEMPO REAL","robots":{"index":"index","follow":"follow","max-snippet":"max-snippet:-1","max-image-preview":"max-image-preview:large","max-video-preview":"max-video-preview:-1"},"canonical":"https:\/\/maranhaotv.com.br\/index.php\/2024\/08\/04\/wellington-do-curso-e-oficializado-como-candidato-a-prefeito-de-sao-luis-e-anuncia-vice\/","og_locale":"pt_BR","og_type":"article","og_title":"Wellington do Curso \u00e9 oficializado como candidato a prefeito de S\u00e3o Lu\u00eds e anuncia vice - NOT\u00cdCIAS EM TEMPO REAL","og_description":"O professor e deputado estadual Wellington do Curso foi oficializado como candidato do Partido Novo \u00e0 prefeitura de S\u00e3o Lu\u00eds","og_url":"https:\/\/maranhaotv.com.br\/index.php\/2024\/08\/04\/wellington-do-curso-e-oficializado-como-candidato-a-prefeito-de-sao-luis-e-anuncia-vice\/","og_site_name":"NOT\u00cdCIAS EM TEMPO REAL","article_publisher":"https:\/\/www.facebook.com\/maiobaotv","article_published_time":"2024-08-04T18:35:36+00:00","article_modified_time":"2024-08-04T18:35:51+00:00","og_image":[{"width":1280,"height":822,"url":"https:\/\/maranhaotv.com.br\/wp-content\/uploads\/2024\/08\/IMG-20240804-WA0439.jpg","type":"image\/jpeg"}],"author":"maranhaotv","twitter_card":"summary_large_image","twitter_creator":"@sitemaranhaotv","twitter_site":"@sitemaranhaotv","twitter_misc":{"Escrito por":"maranhaotv","Est. tempo de leitura":"2 minutos"},"schema":{"@context":"https:\/\/schema.org","@graph":[{"@type":"Article","@id":"https:\/\/maranhaotv.com.br\/index.php\/2024\/08\/04\/wellington-do-curso-e-oficializado-como-candidato-a-prefeito-de-sao-luis-e-anuncia-vice\/#article","isPartOf":{"@id":"https:\/\/maranhaotv.com.br\/index.php\/2024\/08\/04\/wellington-do-curso-e-oficializado-como-candidato-a-prefeito-de-sao-luis-e-anuncia-vice\/"},"author":{"name":"maranhaotv","@id":"https:\/\/maranhaotv.com.br\/#\/schema\/person\/3d54238e86b20bb5c89ab2fdb8f8829a"},"headline":"Wellington do Curso \u00e9 oficializado como candidato a prefeito de S\u00e3o Lu\u00eds e anuncia vice","datePublished":"2024-08-04T18:35:36+00:00","dateModified":"2024-08-04T18:35:51+00:00","mainEntityOfPage":{"@id":"https:\/\/maranhaotv.com.br\/index.php\/2024\/08\/04\/wellington-do-curso-e-oficializado-como-candidato-a-prefeito-de-sao-luis-e-anuncia-vice\/"},"wordCount":428,"commentCount":0,"publisher":{"@id":"https:\/\/maranhaotv.com.br\/#organization"},"image":{"@id":"https:\/\/maranhaotv.com.br\/index.php\/2024\/08\/04\/wellington-do-curso-e-oficializado-como-candidato-a-prefeito-de-sao-luis-e-anuncia-vice\/#primaryimage"},"thumbnailUrl":"https:\/\/maranhaotv.com.br\/wp-content\/uploads\/2024\/08\/IMG-20240804-WA0439.jpg","articleSection":["pol\u00edtica"],"inLanguage":"pt-BR","potentialAction":[{"@type":"CommentAction","name":"Comment","target":["https:\/\/maranhaotv.com.br\/index.php\/2024\/08\/04\/wellington-do-curso-e-oficializado-como-candidato-a-prefeito-de-sao-luis-e-anuncia-vice\/#respond"]}]},{"@type":"WebPage","@id":"https:\/\/maranhaotv.com.br\/index.php\/2024\/08\/04\/wellington-do-curso-e-oficializado-como-candidato-a-prefeito-de-sao-luis-e-anuncia-vice\/","url":"https:\/\/maranhaotv.com.br\/index.php\/2024\/08\/04\/wellington-do-curso-e-oficializado-como-candidato-a-prefeito-de-sao-luis-e-anuncia-vice\/","name":"Wellington do Curso \u00e9 oficializado como candidato a prefeito de S\u00e3o Lu\u00eds e anuncia vice - NOT\u00cdCIAS EM TEMPO REAL","isPartOf":{"@id":"https:\/\/maranhaotv.com.br\/#website"},"primaryImageOfPage":{"@id":"https:\/\/maranhaotv.com.br\/index.php\/2024\/08\/04\/wellington-do-curso-e-oficializado-como-candidato-a-prefeito-de-sao-luis-e-anuncia-vice\/#primaryimage"},"image":{"@id":"https:\/\/maranhaotv.com.br\/index.php\/2024\/08\/04\/wellington-do-curso-e-oficializado-como-candidato-a-prefeito-de-sao-luis-e-anuncia-vice\/#primaryimage"},"thumbnailUrl":"https:\/\/maranhaotv.com.br\/wp-content\/uploads\/2024\/08\/IMG-20240804-WA0439.jpg","datePublished":"2024-08-04T18:35:36+00:00","dateModified":"2024-08-04T18:35:51+00:00","breadcrumb":{"@id":"https:\/\/maranhaotv.com.br\/index.php\/2024\/08\/04\/wellington-do-curso-e-oficializado-como-candidato-a-prefeito-de-sao-luis-e-anuncia-vice\/#breadcrumb"},"inLanguage":"pt-BR","potentialAction":[{"@type":"ReadAction","target":["https:\/\/maranhaotv.com.br\/index.php\/2024\/08\/04\/wellington-do-curso-e-oficializado-como-candidato-a-prefeito-de-sao-luis-e-anuncia-vice\/"]}]},{"@type":"ImageObject","inLanguage":"pt-BR","@id":"https:\/\/maranhaotv.com.br\/index.php\/2024\/08\/04\/wellington-do-curso-e-oficializado-como-candidato-a-prefeito-de-sao-luis-e-anuncia-vice\/#primaryimage","url":"https:\/\/maranhaotv.com.br\/wp-content\/uploads\/2024\/08\/IMG-20240804-WA0439.jpg","contentUrl":"https:\/\/maranhaotv.com.br\/wp-content\/uploads\/2024\/08\/IMG-20240804-WA0439.jpg","width":1280,"height":822},{"@type":"BreadcrumbList","@id":"https:\/\/maranhaotv.com.br\/index.php\/2024\/08\/04\/wellington-do-curso-e-oficializado-como-candidato-a-prefeito-de-sao-luis-e-anuncia-vice\/#breadcrumb","itemListElement":[{"@type":"ListItem","position":1,"name":"In\u00edcio","item":"https:\/\/maranhaotv.com.br\/"},{"@type":"ListItem","position":2,"name":"Wellington do Curso \u00e9 oficializado como candidato a prefeito de S\u00e3o Lu\u00eds e anuncia vice"}]},{"@type":"WebSite","@id":"https:\/\/maranhaotv.com.br\/#website","url":"https:\/\/maranhaotv.com.br\/","name":"Maranh\u00e3oTV","description":"","publisher":{"@id":"https:\/\/maranhaotv.com.br\/#organization"},"potentialAction":[{"@type":"SearchAction","target":{"@type":"EntryPoint","urlTemplate":"https:\/\/maranhaotv.com.br\/?s={search_term_string}"},"query-input":{"@type":"PropertyValueSpecification","valueRequired":true,"valueName":"search_term_string"}}],"inLanguage":"pt-BR"},{"@type":"Organization","@id":"https:\/\/maranhaotv.com.br\/#organization","name":"Portal de Not\u00edcias","url":"https:\/\/maranhaotv.com.br\/","logo":{"@type":"ImageObject","inLanguage":"pt-BR","@id":"https:\/\/maranhaotv.com.br\/#\/schema\/logo\/image\/","url":"https:\/\/maranhaotv.com.br\/wp-content\/uploads\/2024\/05\/cropped-cropped-avatar-1.png","contentUrl":"https:\/\/maranhaotv.com.br\/wp-content\/uploads\/2024\/05\/cropped-cropped-avatar-1.png","width":792,"height":428,"caption":"Portal de Not\u00edcias"},"image":{"@id":"https:\/\/maranhaotv.com.br\/#\/schema\/logo\/image\/"},"sameAs":["https:\/\/www.facebook.com\/maiobaotv","https:\/\/x.com\/sitemaranhaotv","https:\/\/www.instagram.com\/maranhao.tv","https:\/\/www.threads.net\/@maranhao.tv"]},{"@type":"Person","@id":"https:\/\/maranhaotv.com.br\/#\/schema\/person\/3d54238e86b20bb5c89ab2fdb8f8829a","name":"maranhaotv","image":{"@type":"ImageObject","inLanguage":"pt-BR","@id":"https:\/\/secure.gravatar.com\/avatar\/8fadbca458d4cb68b1dd399ae9a40618d747bb1af65ac9fad21c89220a143eb4?s=96&d=mm&r=g","url":"https:\/\/secure.gravatar.com\/avatar\/8fadbca458d4cb68b1dd399ae9a40618d747bb1af65ac9fad21c89220a143eb4?s=96&d=mm&r=g","contentUrl":"https:\/\/secure.gravatar.com\/avatar\/8fadbca458d4cb68b1dd399ae9a40618d747bb1af65ac9fad21c89220a143eb4?s=96&d=mm&r=g","caption":"maranhaotv"},"sameAs":["https:\/\/maranhaotv.com.br\/"],"url":"https:\/\/maranhaotv.com.br\/index.php\/author\/maranhaotv\/"}]}},"jetpack_featured_media_url":"https:\/\/maranhaotv.com.br\/wp-content\/uploads\/2024\/08\/IMG-20240804-WA0439.jpg","jetpack_sharing_enabled":true,"_links":{"self":[{"href":"https:\/\/maranhaotv.com.br\/index.php\/wp-json\/wp\/v2\/posts\/37051","targetHints":{"allow":["GET"]}}],"collection":[{"href":"https:\/\/maranhaotv.com.br\/index.php\/wp-json\/wp\/v2\/posts"}],"about":[{"href":"https:\/\/maranhaotv.com.br\/index.php\/wp-json\/wp\/v2\/types\/post"}],"author":[{"embeddable":true,"href":"https:\/\/maranhaotv.com.br\/index.php\/wp-json\/wp\/v2\/users\/2"}],"replies":[{"embeddable":true,"href":"https:\/\/maranhaotv.com.br\/index.php\/wp-json\/wp\/v2\/comments?post=37051"}],"version-history":[{"count":1,"href":"https:\/\/maranhaotv.com.br\/index.php\/wp-json\/wp\/v2\/posts\/37051\/revisions"}],"predecessor-version":[{"id":37052,"href":"https:\/\/maranhaotv.com.br\/index.php\/wp-json\/wp\/v2\/posts\/37051\/revisions\/37052"}],"wp:featuredmedia":[{"embeddable":true,"href":"https:\/\/maranhaotv.com.br\/index.php\/wp-json\/wp\/v2\/media\/37050"}],"wp:attachment":[{"href":"https:\/\/maranhaotv.com.br\/index.php\/wp-json\/wp\/v2\/media?parent=37051"}],"wp:term":[{"taxonomy":"category","embeddable":true,"href":"https:\/\/maranhaotv.com.br\/index.php\/wp-json\/wp\/v2\/categories?post=37051"},{"taxonomy":"post_tag","embeddable":true,"href":"https:\/\/maranhaotv.com.br\/index.php\/wp-json\/wp\/v2\/tags?post=37051"}],"curies":[{"name":"wp","href":"https:\/\/api.w.org\/{rel}","templated":true}]}}