{"id":37060,"date":"2024-08-05T13:59:12","date_gmt":"2024-08-05T16:59:12","guid":{"rendered":"https:\/\/maranhaotv.com.br\/?p=37060"},"modified":"2024-08-05T13:59:32","modified_gmt":"2024-08-05T16:59:32","slug":"guilherme-mulato-e-confirmado-candidato-a-prefeito-de-ribamar-e-escolhe-pastora-arcangela-como-sua-vice","status":"publish","type":"post","link":"https:\/\/maranhaotv.com.br\/index.php\/2024\/08\/05\/guilherme-mulato-e-confirmado-candidato-a-prefeito-de-ribamar-e-escolhe-pastora-arcangela-como-sua-vice\/","title":{"rendered":"Guilherme Mulato \u00e9 confirmado candidato a prefeito de Ribamar e escolhe Pastora Arc\u00e2ngela como sua vice"},"content":{"rendered":"\n<p><br><br>O partido NOVO confirmou neste domingo (04), durante a Conven\u00e7\u00e3o do Povo, que aconteceu na periferia de S\u00e3o Jos\u00e9 de Ribamar, o nome do jornalista Guilherme Mulato (NOVO) para disputar a prefeitura da terceira maior cidade do Estado. <br><br>Para compor sua chapa, Guilherme Mulato surpreendeu mais uma vez, e escolheu uma pessoa fora da classe pol\u00edtica.<br>\u201cRibamarense, mulher, professora, pastora, e sem nenhuma liga\u00e7\u00e3o com a classe pol\u00edtica. Nossa vice-prefeita ser\u00e1 a pastora Arc\u00e2ngela (NOVO), que representa a mulher guerreira, e com essa chapa pr\u00f3xima das pessoas simples que vivem nossa cidade, apresentamos a mudan\u00e7a de verdade.\u201d, disse Mulato.<br><br>O evento reuni\u00e3o uma multid\u00e3o, que compareceu em peso e lotou a conven\u00e7\u00e3o do partido Novo, que contou com a participa\u00e7\u00e3o do ex-candidato a governador Lahesio Bonfim, que declarou seu total apoio ao nome de Mulato.<br><br>\u201cEu vim at\u00e9 aqui, onde tive mais de 20 mil votos na elei\u00e7\u00e3o passada, por que eu confio em voc\u00ea, Guilherme Mulato, e sei que voc\u00ea \u00e9 o mais preparado de todos, para governar S\u00e3o Jos\u00e9 de Ribamar.\u201d Disse Lahesio Bonfim.<br><br>Durante a conven\u00e7\u00e3o partid\u00e1ria, foram confirmados os nomes dos 22 candidatos a vereadores, em chapa completa.<\/p>\n\n\n\n<figure class=\"wp-block-image size-large\"><img loading=\"lazy\" decoding=\"async\" width=\"1024\" height=\"682\" src=\"https:\/\/maranhaotv.com.br\/wp-content\/uploads\/2024\/08\/img-20240805-wa0593837537758356375544-1024x682.jpg\" alt=\"\" class=\"wp-image-37056\" srcset=\"https:\/\/maranhaotv.com.br\/wp-content\/uploads\/2024\/08\/img-20240805-wa0593837537758356375544-1024x682.jpg 1024w, https:\/\/maranhaotv.com.br\/wp-content\/uploads\/2024\/08\/img-20240805-wa0593837537758356375544-300x200.jpg 300w, https:\/\/maranhaotv.com.br\/wp-content\/uploads\/2024\/08\/img-20240805-wa0593837537758356375544-768x512.jpg 768w, https:\/\/maranhaotv.com.br\/wp-content\/uploads\/2024\/08\/img-20240805-wa0593837537758356375544-1536x1023.jpg 1536w, https:\/\/maranhaotv.com.br\/wp-content\/uploads\/2024\/08\/img-20240805-wa0593837537758356375544.jpg 1600w\" sizes=\"auto, (max-width: 1024px) 100vw, 1024px\" \/><\/figure>\n\n\n\n<figure class=\"wp-block-image\"><img loading=\"lazy\" decoding=\"async\" width=\"1024\" height=\"682\" src=\"https:\/\/maranhaotv.com.br\/wp-content\/uploads\/2024\/08\/img-20240805-wa05922327222433571010712-1024x682.jpg\" alt=\"\" class=\"wp-image-37057\" srcset=\"https:\/\/maranhaotv.com.br\/wp-content\/uploads\/2024\/08\/img-20240805-wa05922327222433571010712-1024x682.jpg 1024w, https:\/\/maranhaotv.com.br\/wp-content\/uploads\/2024\/08\/img-20240805-wa05922327222433571010712-300x200.jpg 300w, https:\/\/maranhaotv.com.br\/wp-content\/uploads\/2024\/08\/img-20240805-wa05922327222433571010712-768x512.jpg 768w, https:\/\/maranhaotv.com.br\/wp-content\/uploads\/2024\/08\/img-20240805-wa05922327222433571010712-1536x1023.jpg 1536w, https:\/\/maranhaotv.com.br\/wp-content\/uploads\/2024\/08\/img-20240805-wa05922327222433571010712.jpg 1600w\" sizes=\"auto, (max-width: 1024px) 100vw, 1024px\" \/><\/figure>\n\n\n\n<figure class=\"wp-block-image\"><img loading=\"lazy\" decoding=\"async\" width=\"1024\" height=\"682\" src=\"https:\/\/maranhaotv.com.br\/wp-content\/uploads\/2024\/08\/img-20240805-wa05897728534626113367208-1024x682.jpg\" alt=\"\" class=\"wp-image-37058\" srcset=\"https:\/\/maranhaotv.com.br\/wp-content\/uploads\/2024\/08\/img-20240805-wa05897728534626113367208-1024x682.jpg 1024w, https:\/\/maranhaotv.com.br\/wp-content\/uploads\/2024\/08\/img-20240805-wa05897728534626113367208-300x200.jpg 300w, https:\/\/maranhaotv.com.br\/wp-content\/uploads\/2024\/08\/img-20240805-wa05897728534626113367208-768x512.jpg 768w, https:\/\/maranhaotv.com.br\/wp-content\/uploads\/2024\/08\/img-20240805-wa05897728534626113367208-1536x1023.jpg 1536w, https:\/\/maranhaotv.com.br\/wp-content\/uploads\/2024\/08\/img-20240805-wa05897728534626113367208.jpg 1600w\" sizes=\"auto, (max-width: 1024px) 100vw, 1024px\" \/><\/figure>\n","protected":false},"excerpt":{"rendered":"<p>O partido NOVO confirmou neste domingo (04), durante a Conven\u00e7\u00e3o do Povo, que aconteceu na periferia de S\u00e3o Jos\u00e9 de<\/p>\n","protected":false},"author":2,"featured_media":37059,"comment_status":"open","ping_status":"open","sticky":false,"template":"","format":"standard","meta":{"colormag_page_container_layout":"default_layout","colormag_page_sidebar_layout":"default_layout","_jetpack_memberships_contains_paid_content":false,"footnotes":""},"categories":[6],"tags":[],"class_list":["post-37060","post","type-post","status-publish","format-standard","has-post-thumbnail","hentry","category-politica"],"magazineBlocksPostFeaturedMedia":{"thumbnail":"https:\/\/maranhaotv.com.br\/wp-content\/uploads\/2024\/08\/IMG-20240805-WA0590-150x150.jpg","medium":"https:\/\/maranhaotv.com.br\/wp-content\/uploads\/2024\/08\/IMG-20240805-WA0590-300x200.jpg","medium_large":"https:\/\/maranhaotv.com.br\/wp-content\/uploads\/2024\/08\/IMG-20240805-WA0590-768x512.jpg","large":"https:\/\/maranhaotv.com.br\/wp-content\/uploads\/2024\/08\/IMG-20240805-WA0590-1024x682.jpg","1536x1536":"https:\/\/maranhaotv.com.br\/wp-content\/uploads\/2024\/08\/IMG-20240805-WA0590-1536x1023.jpg","2048x2048":"https:\/\/maranhaotv.com.br\/wp-content\/uploads\/2024\/08\/IMG-20240805-WA0590.jpg","colormag-highlighted-post":"https:\/\/maranhaotv.com.br\/wp-content\/uploads\/2024\/08\/IMG-20240805-WA0590-392x272.jpg","colormag-featured-post-medium":"https:\/\/maranhaotv.com.br\/wp-content\/uploads\/2024\/08\/IMG-20240805-WA0590-390x205.jpg","colormag-featured-post-small":"https:\/\/maranhaotv.com.br\/wp-content\/uploads\/2024\/08\/IMG-20240805-WA0590-130x90.jpg","colormag-featured-image":"https:\/\/maranhaotv.com.br\/wp-content\/uploads\/2024\/08\/IMG-20240805-WA0590-800x445.jpg","colormag-default-news":"https:\/\/maranhaotv.com.br\/wp-content\/uploads\/2024\/08\/IMG-20240805-WA0590-150x150.jpg","colormag-featured-image-large":"https:\/\/maranhaotv.com.br\/wp-content\/uploads\/2024\/08\/IMG-20240805-WA0590-1400x600.jpg"},"magazineBlocksPostAuthor":{"name":"maranhaotv","avatar":"https:\/\/secure.gravatar.com\/avatar\/8fadbca458d4cb68b1dd399ae9a40618d747bb1af65ac9fad21c89220a143eb4?s=96&d=mm&r=g"},"magazineBlocksPostCommentsNumber":"0","magazineBlocksPostExcerpt":"O partido NOVO confirmou neste domingo (04), durante a Conven\u00e7\u00e3o do Povo, que aconteceu na periferia de S\u00e3o Jos\u00e9 de","magazineBlocksPostCategories":["pol\u00edtica"],"magazineBlocksPostViewCount":226,"magazineBlocksPostReadTime":2,"magazine_blocks_featured_image_url":{"full":["https:\/\/maranhaotv.com.br\/wp-content\/uploads\/2024\/08\/IMG-20240805-WA0590.jpg",1600,1066,false],"medium":["https:\/\/maranhaotv.com.br\/wp-content\/uploads\/2024\/08\/IMG-20240805-WA0590-300x200.jpg",300,200,true],"thumbnail":["https:\/\/maranhaotv.com.br\/wp-content\/uploads\/2024\/08\/IMG-20240805-WA0590-150x150.jpg",150,150,true]},"magazine_blocks_author":{"display_name":"maranhaotv","author_link":"https:\/\/maranhaotv.com.br\/index.php\/author\/maranhaotv\/"},"magazine_blocks_comment":0,"magazine_blocks_author_image":"https:\/\/secure.gravatar.com\/avatar\/8fadbca458d4cb68b1dd399ae9a40618d747bb1af65ac9fad21c89220a143eb4?s=96&d=mm&r=g","magazine_blocks_category":"<a href=\"#\" class=\"category-link category-link-6\">pol\u00edtica<\/a>","yoast_head":"<!-- This site is optimized with the Yoast SEO plugin v27.4 - https:\/\/yoast.com\/product\/yoast-seo-wordpress\/ -->\n<title>Guilherme Mulato \u00e9 confirmado candidato a prefeito de Ribamar e escolhe Pastora Arc\u00e2ngela como sua vice - NOT\u00cdCIAS EM TEMPO REAL<\/title>\n<meta name=\"robots\" content=\"index, follow, max-snippet:-1, max-image-preview:large, max-video-preview:-1\" \/>\n<link rel=\"canonical\" href=\"https:\/\/maranhaotv.com.br\/index.php\/2024\/08\/05\/guilherme-mulato-e-confirmado-candidato-a-prefeito-de-ribamar-e-escolhe-pastora-arcangela-como-sua-vice\/\" \/>\n<meta property=\"og:locale\" content=\"pt_BR\" \/>\n<meta property=\"og:type\" content=\"article\" \/>\n<meta property=\"og:title\" content=\"Guilherme Mulato \u00e9 confirmado candidato a prefeito de Ribamar e escolhe Pastora Arc\u00e2ngela como sua vice - NOT\u00cdCIAS EM TEMPO REAL\" \/>\n<meta property=\"og:description\" content=\"O partido NOVO confirmou neste domingo (04), durante a Conven\u00e7\u00e3o do Povo, que aconteceu na periferia de S\u00e3o Jos\u00e9 de\" \/>\n<meta property=\"og:url\" content=\"https:\/\/maranhaotv.com.br\/index.php\/2024\/08\/05\/guilherme-mulato-e-confirmado-candidato-a-prefeito-de-ribamar-e-escolhe-pastora-arcangela-como-sua-vice\/\" \/>\n<meta property=\"og:site_name\" content=\"NOT\u00cdCIAS EM TEMPO REAL\" \/>\n<meta property=\"article:publisher\" content=\"https:\/\/www.facebook.com\/maiobaotv\" \/>\n<meta property=\"article:published_time\" content=\"2024-08-05T16:59:12+00:00\" \/>\n<meta property=\"article:modified_time\" content=\"2024-08-05T16:59:32+00:00\" \/>\n<meta property=\"og:image\" content=\"https:\/\/maranhaotv.com.br\/wp-content\/uploads\/2024\/08\/IMG-20240805-WA0590.jpg\" \/>\n\t<meta property=\"og:image:width\" content=\"1600\" \/>\n\t<meta property=\"og:image:height\" content=\"1066\" \/>\n\t<meta property=\"og:image:type\" content=\"image\/jpeg\" \/>\n<meta name=\"author\" content=\"maranhaotv\" \/>\n<meta name=\"twitter:card\" content=\"summary_large_image\" \/>\n<meta name=\"twitter:creator\" content=\"@sitemaranhaotv\" \/>\n<meta name=\"twitter:site\" content=\"@sitemaranhaotv\" \/>\n<meta name=\"twitter:label1\" content=\"Escrito por\" \/>\n\t<meta name=\"twitter:data1\" content=\"maranhaotv\" \/>\n\t<meta name=\"twitter:label2\" content=\"Est. tempo de leitura\" \/>\n\t<meta name=\"twitter:data2\" content=\"1 minuto\" \/>\n<script type=\"application\/ld+json\" class=\"yoast-schema-graph\">{\"@context\":\"https:\\\/\\\/schema.org\",\"@graph\":[{\"@type\":\"Article\",\"@id\":\"https:\\\/\\\/maranhaotv.com.br\\\/index.php\\\/2024\\\/08\\\/05\\\/guilherme-mulato-e-confirmado-candidato-a-prefeito-de-ribamar-e-escolhe-pastora-arcangela-como-sua-vice\\\/#article\",\"isPartOf\":{\"@id\":\"https:\\\/\\\/maranhaotv.com.br\\\/index.php\\\/2024\\\/08\\\/05\\\/guilherme-mulato-e-confirmado-candidato-a-prefeito-de-ribamar-e-escolhe-pastora-arcangela-como-sua-vice\\\/\"},\"author\":{\"name\":\"maranhaotv\",\"@id\":\"https:\\\/\\\/maranhaotv.com.br\\\/#\\\/schema\\\/person\\\/3d54238e86b20bb5c89ab2fdb8f8829a\"},\"headline\":\"Guilherme Mulato \u00e9 confirmado candidato a prefeito de Ribamar e escolhe Pastora Arc\u00e2ngela como sua vice\",\"datePublished\":\"2024-08-05T16:59:12+00:00\",\"dateModified\":\"2024-08-05T16:59:32+00:00\",\"mainEntityOfPage\":{\"@id\":\"https:\\\/\\\/maranhaotv.com.br\\\/index.php\\\/2024\\\/08\\\/05\\\/guilherme-mulato-e-confirmado-candidato-a-prefeito-de-ribamar-e-escolhe-pastora-arcangela-como-sua-vice\\\/\"},\"wordCount\":220,\"commentCount\":0,\"publisher\":{\"@id\":\"https:\\\/\\\/maranhaotv.com.br\\\/#organization\"},\"image\":{\"@id\":\"https:\\\/\\\/maranhaotv.com.br\\\/index.php\\\/2024\\\/08\\\/05\\\/guilherme-mulato-e-confirmado-candidato-a-prefeito-de-ribamar-e-escolhe-pastora-arcangela-como-sua-vice\\\/#primaryimage\"},\"thumbnailUrl\":\"https:\\\/\\\/maranhaotv.com.br\\\/wp-content\\\/uploads\\\/2024\\\/08\\\/IMG-20240805-WA0590.jpg\",\"articleSection\":[\"pol\u00edtica\"],\"inLanguage\":\"pt-BR\",\"potentialAction\":[{\"@type\":\"CommentAction\",\"name\":\"Comment\",\"target\":[\"https:\\\/\\\/maranhaotv.com.br\\\/index.php\\\/2024\\\/08\\\/05\\\/guilherme-mulato-e-confirmado-candidato-a-prefeito-de-ribamar-e-escolhe-pastora-arcangela-como-sua-vice\\\/#respond\"]}]},{\"@type\":\"WebPage\",\"@id\":\"https:\\\/\\\/maranhaotv.com.br\\\/index.php\\\/2024\\\/08\\\/05\\\/guilherme-mulato-e-confirmado-candidato-a-prefeito-de-ribamar-e-escolhe-pastora-arcangela-como-sua-vice\\\/\",\"url\":\"https:\\\/\\\/maranhaotv.com.br\\\/index.php\\\/2024\\\/08\\\/05\\\/guilherme-mulato-e-confirmado-candidato-a-prefeito-de-ribamar-e-escolhe-pastora-arcangela-como-sua-vice\\\/\",\"name\":\"Guilherme Mulato \u00e9 confirmado candidato a prefeito de Ribamar e escolhe Pastora Arc\u00e2ngela como sua vice - NOT\u00cdCIAS EM TEMPO REAL\",\"isPartOf\":{\"@id\":\"https:\\\/\\\/maranhaotv.com.br\\\/#website\"},\"primaryImageOfPage\":{\"@id\":\"https:\\\/\\\/maranhaotv.com.br\\\/index.php\\\/2024\\\/08\\\/05\\\/guilherme-mulato-e-confirmado-candidato-a-prefeito-de-ribamar-e-escolhe-pastora-arcangela-como-sua-vice\\\/#primaryimage\"},\"image\":{\"@id\":\"https:\\\/\\\/maranhaotv.com.br\\\/index.php\\\/2024\\\/08\\\/05\\\/guilherme-mulato-e-confirmado-candidato-a-prefeito-de-ribamar-e-escolhe-pastora-arcangela-como-sua-vice\\\/#primaryimage\"},\"thumbnailUrl\":\"https:\\\/\\\/maranhaotv.com.br\\\/wp-content\\\/uploads\\\/2024\\\/08\\\/IMG-20240805-WA0590.jpg\",\"datePublished\":\"2024-08-05T16:59:12+00:00\",\"dateModified\":\"2024-08-05T16:59:32+00:00\",\"breadcrumb\":{\"@id\":\"https:\\\/\\\/maranhaotv.com.br\\\/index.php\\\/2024\\\/08\\\/05\\\/guilherme-mulato-e-confirmado-candidato-a-prefeito-de-ribamar-e-escolhe-pastora-arcangela-como-sua-vice\\\/#breadcrumb\"},\"inLanguage\":\"pt-BR\",\"potentialAction\":[{\"@type\":\"ReadAction\",\"target\":[\"https:\\\/\\\/maranhaotv.com.br\\\/index.php\\\/2024\\\/08\\\/05\\\/guilherme-mulato-e-confirmado-candidato-a-prefeito-de-ribamar-e-escolhe-pastora-arcangela-como-sua-vice\\\/\"]}]},{\"@type\":\"ImageObject\",\"inLanguage\":\"pt-BR\",\"@id\":\"https:\\\/\\\/maranhaotv.com.br\\\/index.php\\\/2024\\\/08\\\/05\\\/guilherme-mulato-e-confirmado-candidato-a-prefeito-de-ribamar-e-escolhe-pastora-arcangela-como-sua-vice\\\/#primaryimage\",\"url\":\"https:\\\/\\\/maranhaotv.com.br\\\/wp-content\\\/uploads\\\/2024\\\/08\\\/IMG-20240805-WA0590.jpg\",\"contentUrl\":\"https:\\\/\\\/maranhaotv.com.br\\\/wp-content\\\/uploads\\\/2024\\\/08\\\/IMG-20240805-WA0590.jpg\",\"width\":1600,\"height\":1066},{\"@type\":\"BreadcrumbList\",\"@id\":\"https:\\\/\\\/maranhaotv.com.br\\\/index.php\\\/2024\\\/08\\\/05\\\/guilherme-mulato-e-confirmado-candidato-a-prefeito-de-ribamar-e-escolhe-pastora-arcangela-como-sua-vice\\\/#breadcrumb\",\"itemListElement\":[{\"@type\":\"ListItem\",\"position\":1,\"name\":\"In\u00edcio\",\"item\":\"https:\\\/\\\/maranhaotv.com.br\\\/\"},{\"@type\":\"ListItem\",\"position\":2,\"name\":\"Guilherme Mulato \u00e9 confirmado candidato a prefeito de Ribamar e escolhe Pastora Arc\u00e2ngela como sua vice\"}]},{\"@type\":\"WebSite\",\"@id\":\"https:\\\/\\\/maranhaotv.com.br\\\/#website\",\"url\":\"https:\\\/\\\/maranhaotv.com.br\\\/\",\"name\":\"Maranh\u00e3oTV\",\"description\":\"\",\"publisher\":{\"@id\":\"https:\\\/\\\/maranhaotv.com.br\\\/#organization\"},\"potentialAction\":[{\"@type\":\"SearchAction\",\"target\":{\"@type\":\"EntryPoint\",\"urlTemplate\":\"https:\\\/\\\/maranhaotv.com.br\\\/?s={search_term_string}\"},\"query-input\":{\"@type\":\"PropertyValueSpecification\",\"valueRequired\":true,\"valueName\":\"search_term_string\"}}],\"inLanguage\":\"pt-BR\"},{\"@type\":\"Organization\",\"@id\":\"https:\\\/\\\/maranhaotv.com.br\\\/#organization\",\"name\":\"Portal de Not\u00edcias\",\"url\":\"https:\\\/\\\/maranhaotv.com.br\\\/\",\"logo\":{\"@type\":\"ImageObject\",\"inLanguage\":\"pt-BR\",\"@id\":\"https:\\\/\\\/maranhaotv.com.br\\\/#\\\/schema\\\/logo\\\/image\\\/\",\"url\":\"https:\\\/\\\/maranhaotv.com.br\\\/wp-content\\\/uploads\\\/2024\\\/05\\\/cropped-cropped-avatar-1.png\",\"contentUrl\":\"https:\\\/\\\/maranhaotv.com.br\\\/wp-content\\\/uploads\\\/2024\\\/05\\\/cropped-cropped-avatar-1.png\",\"width\":792,\"height\":428,\"caption\":\"Portal de Not\u00edcias\"},\"image\":{\"@id\":\"https:\\\/\\\/maranhaotv.com.br\\\/#\\\/schema\\\/logo\\\/image\\\/\"},\"sameAs\":[\"https:\\\/\\\/www.facebook.com\\\/maiobaotv\",\"https:\\\/\\\/x.com\\\/sitemaranhaotv\",\"https:\\\/\\\/www.instagram.com\\\/maranhao.tv\",\"https:\\\/\\\/www.threads.net\\\/@maranhao.tv\"]},{\"@type\":\"Person\",\"@id\":\"https:\\\/\\\/maranhaotv.com.br\\\/#\\\/schema\\\/person\\\/3d54238e86b20bb5c89ab2fdb8f8829a\",\"name\":\"maranhaotv\",\"image\":{\"@type\":\"ImageObject\",\"inLanguage\":\"pt-BR\",\"@id\":\"https:\\\/\\\/secure.gravatar.com\\\/avatar\\\/8fadbca458d4cb68b1dd399ae9a40618d747bb1af65ac9fad21c89220a143eb4?s=96&d=mm&r=g\",\"url\":\"https:\\\/\\\/secure.gravatar.com\\\/avatar\\\/8fadbca458d4cb68b1dd399ae9a40618d747bb1af65ac9fad21c89220a143eb4?s=96&d=mm&r=g\",\"contentUrl\":\"https:\\\/\\\/secure.gravatar.com\\\/avatar\\\/8fadbca458d4cb68b1dd399ae9a40618d747bb1af65ac9fad21c89220a143eb4?s=96&d=mm&r=g\",\"caption\":\"maranhaotv\"},\"sameAs\":[\"https:\\\/\\\/maranhaotv.com.br\\\/\"],\"url\":\"https:\\\/\\\/maranhaotv.com.br\\\/index.php\\\/author\\\/maranhaotv\\\/\"}]}<\/script>\n<!-- \/ Yoast SEO plugin. -->","yoast_head_json":{"title":"Guilherme Mulato \u00e9 confirmado candidato a prefeito de Ribamar e escolhe Pastora Arc\u00e2ngela como sua vice - NOT\u00cdCIAS EM TEMPO REAL","robots":{"index":"index","follow":"follow","max-snippet":"max-snippet:-1","max-image-preview":"max-image-preview:large","max-video-preview":"max-video-preview:-1"},"canonical":"https:\/\/maranhaotv.com.br\/index.php\/2024\/08\/05\/guilherme-mulato-e-confirmado-candidato-a-prefeito-de-ribamar-e-escolhe-pastora-arcangela-como-sua-vice\/","og_locale":"pt_BR","og_type":"article","og_title":"Guilherme Mulato \u00e9 confirmado candidato a prefeito de Ribamar e escolhe Pastora Arc\u00e2ngela como sua vice - NOT\u00cdCIAS EM TEMPO REAL","og_description":"O partido NOVO confirmou neste domingo (04), durante a Conven\u00e7\u00e3o do Povo, que aconteceu na periferia de S\u00e3o Jos\u00e9 de","og_url":"https:\/\/maranhaotv.com.br\/index.php\/2024\/08\/05\/guilherme-mulato-e-confirmado-candidato-a-prefeito-de-ribamar-e-escolhe-pastora-arcangela-como-sua-vice\/","og_site_name":"NOT\u00cdCIAS EM TEMPO REAL","article_publisher":"https:\/\/www.facebook.com\/maiobaotv","article_published_time":"2024-08-05T16:59:12+00:00","article_modified_time":"2024-08-05T16:59:32+00:00","og_image":[{"width":1600,"height":1066,"url":"https:\/\/maranhaotv.com.br\/wp-content\/uploads\/2024\/08\/IMG-20240805-WA0590.jpg","type":"image\/jpeg"}],"author":"maranhaotv","twitter_card":"summary_large_image","twitter_creator":"@sitemaranhaotv","twitter_site":"@sitemaranhaotv","twitter_misc":{"Escrito por":"maranhaotv","Est. tempo de leitura":"1 minuto"},"schema":{"@context":"https:\/\/schema.org","@graph":[{"@type":"Article","@id":"https:\/\/maranhaotv.com.br\/index.php\/2024\/08\/05\/guilherme-mulato-e-confirmado-candidato-a-prefeito-de-ribamar-e-escolhe-pastora-arcangela-como-sua-vice\/#article","isPartOf":{"@id":"https:\/\/maranhaotv.com.br\/index.php\/2024\/08\/05\/guilherme-mulato-e-confirmado-candidato-a-prefeito-de-ribamar-e-escolhe-pastora-arcangela-como-sua-vice\/"},"author":{"name":"maranhaotv","@id":"https:\/\/maranhaotv.com.br\/#\/schema\/person\/3d54238e86b20bb5c89ab2fdb8f8829a"},"headline":"Guilherme Mulato \u00e9 confirmado candidato a prefeito de Ribamar e escolhe Pastora Arc\u00e2ngela como sua vice","datePublished":"2024-08-05T16:59:12+00:00","dateModified":"2024-08-05T16:59:32+00:00","mainEntityOfPage":{"@id":"https:\/\/maranhaotv.com.br\/index.php\/2024\/08\/05\/guilherme-mulato-e-confirmado-candidato-a-prefeito-de-ribamar-e-escolhe-pastora-arcangela-como-sua-vice\/"},"wordCount":220,"commentCount":0,"publisher":{"@id":"https:\/\/maranhaotv.com.br\/#organization"},"image":{"@id":"https:\/\/maranhaotv.com.br\/index.php\/2024\/08\/05\/guilherme-mulato-e-confirmado-candidato-a-prefeito-de-ribamar-e-escolhe-pastora-arcangela-como-sua-vice\/#primaryimage"},"thumbnailUrl":"https:\/\/maranhaotv.com.br\/wp-content\/uploads\/2024\/08\/IMG-20240805-WA0590.jpg","articleSection":["pol\u00edtica"],"inLanguage":"pt-BR","potentialAction":[{"@type":"CommentAction","name":"Comment","target":["https:\/\/maranhaotv.com.br\/index.php\/2024\/08\/05\/guilherme-mulato-e-confirmado-candidato-a-prefeito-de-ribamar-e-escolhe-pastora-arcangela-como-sua-vice\/#respond"]}]},{"@type":"WebPage","@id":"https:\/\/maranhaotv.com.br\/index.php\/2024\/08\/05\/guilherme-mulato-e-confirmado-candidato-a-prefeito-de-ribamar-e-escolhe-pastora-arcangela-como-sua-vice\/","url":"https:\/\/maranhaotv.com.br\/index.php\/2024\/08\/05\/guilherme-mulato-e-confirmado-candidato-a-prefeito-de-ribamar-e-escolhe-pastora-arcangela-como-sua-vice\/","name":"Guilherme Mulato \u00e9 confirmado candidato a prefeito de Ribamar e escolhe Pastora Arc\u00e2ngela como sua vice - NOT\u00cdCIAS EM TEMPO REAL","isPartOf":{"@id":"https:\/\/maranhaotv.com.br\/#website"},"primaryImageOfPage":{"@id":"https:\/\/maranhaotv.com.br\/index.php\/2024\/08\/05\/guilherme-mulato-e-confirmado-candidato-a-prefeito-de-ribamar-e-escolhe-pastora-arcangela-como-sua-vice\/#primaryimage"},"image":{"@id":"https:\/\/maranhaotv.com.br\/index.php\/2024\/08\/05\/guilherme-mulato-e-confirmado-candidato-a-prefeito-de-ribamar-e-escolhe-pastora-arcangela-como-sua-vice\/#primaryimage"},"thumbnailUrl":"https:\/\/maranhaotv.com.br\/wp-content\/uploads\/2024\/08\/IMG-20240805-WA0590.jpg","datePublished":"2024-08-05T16:59:12+00:00","dateModified":"2024-08-05T16:59:32+00:00","breadcrumb":{"@id":"https:\/\/maranhaotv.com.br\/index.php\/2024\/08\/05\/guilherme-mulato-e-confirmado-candidato-a-prefeito-de-ribamar-e-escolhe-pastora-arcangela-como-sua-vice\/#breadcrumb"},"inLanguage":"pt-BR","potentialAction":[{"@type":"ReadAction","target":["https:\/\/maranhaotv.com.br\/index.php\/2024\/08\/05\/guilherme-mulato-e-confirmado-candidato-a-prefeito-de-ribamar-e-escolhe-pastora-arcangela-como-sua-vice\/"]}]},{"@type":"ImageObject","inLanguage":"pt-BR","@id":"https:\/\/maranhaotv.com.br\/index.php\/2024\/08\/05\/guilherme-mulato-e-confirmado-candidato-a-prefeito-de-ribamar-e-escolhe-pastora-arcangela-como-sua-vice\/#primaryimage","url":"https:\/\/maranhaotv.com.br\/wp-content\/uploads\/2024\/08\/IMG-20240805-WA0590.jpg","contentUrl":"https:\/\/maranhaotv.com.br\/wp-content\/uploads\/2024\/08\/IMG-20240805-WA0590.jpg","width":1600,"height":1066},{"@type":"BreadcrumbList","@id":"https:\/\/maranhaotv.com.br\/index.php\/2024\/08\/05\/guilherme-mulato-e-confirmado-candidato-a-prefeito-de-ribamar-e-escolhe-pastora-arcangela-como-sua-vice\/#breadcrumb","itemListElement":[{"@type":"ListItem","position":1,"name":"In\u00edcio","item":"https:\/\/maranhaotv.com.br\/"},{"@type":"ListItem","position":2,"name":"Guilherme Mulato \u00e9 confirmado candidato a prefeito de Ribamar e escolhe Pastora Arc\u00e2ngela como sua vice"}]},{"@type":"WebSite","@id":"https:\/\/maranhaotv.com.br\/#website","url":"https:\/\/maranhaotv.com.br\/","name":"Maranh\u00e3oTV","description":"","publisher":{"@id":"https:\/\/maranhaotv.com.br\/#organization"},"potentialAction":[{"@type":"SearchAction","target":{"@type":"EntryPoint","urlTemplate":"https:\/\/maranhaotv.com.br\/?s={search_term_string}"},"query-input":{"@type":"PropertyValueSpecification","valueRequired":true,"valueName":"search_term_string"}}],"inLanguage":"pt-BR"},{"@type":"Organization","@id":"https:\/\/maranhaotv.com.br\/#organization","name":"Portal de Not\u00edcias","url":"https:\/\/maranhaotv.com.br\/","logo":{"@type":"ImageObject","inLanguage":"pt-BR","@id":"https:\/\/maranhaotv.com.br\/#\/schema\/logo\/image\/","url":"https:\/\/maranhaotv.com.br\/wp-content\/uploads\/2024\/05\/cropped-cropped-avatar-1.png","contentUrl":"https:\/\/maranhaotv.com.br\/wp-content\/uploads\/2024\/05\/cropped-cropped-avatar-1.png","width":792,"height":428,"caption":"Portal de Not\u00edcias"},"image":{"@id":"https:\/\/maranhaotv.com.br\/#\/schema\/logo\/image\/"},"sameAs":["https:\/\/www.facebook.com\/maiobaotv","https:\/\/x.com\/sitemaranhaotv","https:\/\/www.instagram.com\/maranhao.tv","https:\/\/www.threads.net\/@maranhao.tv"]},{"@type":"Person","@id":"https:\/\/maranhaotv.com.br\/#\/schema\/person\/3d54238e86b20bb5c89ab2fdb8f8829a","name":"maranhaotv","image":{"@type":"ImageObject","inLanguage":"pt-BR","@id":"https:\/\/secure.gravatar.com\/avatar\/8fadbca458d4cb68b1dd399ae9a40618d747bb1af65ac9fad21c89220a143eb4?s=96&d=mm&r=g","url":"https:\/\/secure.gravatar.com\/avatar\/8fadbca458d4cb68b1dd399ae9a40618d747bb1af65ac9fad21c89220a143eb4?s=96&d=mm&r=g","contentUrl":"https:\/\/secure.gravatar.com\/avatar\/8fadbca458d4cb68b1dd399ae9a40618d747bb1af65ac9fad21c89220a143eb4?s=96&d=mm&r=g","caption":"maranhaotv"},"sameAs":["https:\/\/maranhaotv.com.br\/"],"url":"https:\/\/maranhaotv.com.br\/index.php\/author\/maranhaotv\/"}]}},"jetpack_featured_media_url":"https:\/\/maranhaotv.com.br\/wp-content\/uploads\/2024\/08\/IMG-20240805-WA0590.jpg","jetpack_sharing_enabled":true,"_links":{"self":[{"href":"https:\/\/maranhaotv.com.br\/index.php\/wp-json\/wp\/v2\/posts\/37060","targetHints":{"allow":["GET"]}}],"collection":[{"href":"https:\/\/maranhaotv.com.br\/index.php\/wp-json\/wp\/v2\/posts"}],"about":[{"href":"https:\/\/maranhaotv.com.br\/index.php\/wp-json\/wp\/v2\/types\/post"}],"author":[{"embeddable":true,"href":"https:\/\/maranhaotv.com.br\/index.php\/wp-json\/wp\/v2\/users\/2"}],"replies":[{"embeddable":true,"href":"https:\/\/maranhaotv.com.br\/index.php\/wp-json\/wp\/v2\/comments?post=37060"}],"version-history":[{"count":1,"href":"https:\/\/maranhaotv.com.br\/index.php\/wp-json\/wp\/v2\/posts\/37060\/revisions"}],"predecessor-version":[{"id":37061,"href":"https:\/\/maranhaotv.com.br\/index.php\/wp-json\/wp\/v2\/posts\/37060\/revisions\/37061"}],"wp:featuredmedia":[{"embeddable":true,"href":"https:\/\/maranhaotv.com.br\/index.php\/wp-json\/wp\/v2\/media\/37059"}],"wp:attachment":[{"href":"https:\/\/maranhaotv.com.br\/index.php\/wp-json\/wp\/v2\/media?parent=37060"}],"wp:term":[{"taxonomy":"category","embeddable":true,"href":"https:\/\/maranhaotv.com.br\/index.php\/wp-json\/wp\/v2\/categories?post=37060"},{"taxonomy":"post_tag","embeddable":true,"href":"https:\/\/maranhaotv.com.br\/index.php\/wp-json\/wp\/v2\/tags?post=37060"}],"curies":[{"name":"wp","href":"https:\/\/api.w.org\/{rel}","templated":true}]}}