{"id":37074,"date":"2024-08-05T16:42:55","date_gmt":"2024-08-05T19:42:55","guid":{"rendered":"https:\/\/maranhaotv.com.br\/?p=37074"},"modified":"2024-08-05T16:43:24","modified_gmt":"2024-08-05T19:43:24","slug":"convencoes-municipais-felipe-camarao-demonstra-forca-politica-e-reforca-apoio-a-candidatos-da-base-governista","status":"publish","type":"post","link":"https:\/\/maranhaotv.com.br\/index.php\/2024\/08\/05\/convencoes-municipais-felipe-camarao-demonstra-forca-politica-e-reforca-apoio-a-candidatos-da-base-governista\/","title":{"rendered":"Conven\u00e7\u00f5es municipais: Felipe Camar\u00e3o demonstra for\u00e7a pol\u00edtica e refor\u00e7a apoio a candidatos da base governista"},"content":{"rendered":"\n<p><br><br>Os \u00faltimos dias foram de muita movimenta\u00e7\u00e3o com as conven\u00e7\u00f5es partid\u00e1rias municipais, que encerraram nesta segunda-feira, 5. O vice-governador do Maranh\u00e3o, Felipe Camar\u00e3o, fez quest\u00e3o de marcar presen\u00e7a nos atos em diversos munic\u00edpios, nas chapas lideradas por seu partido ou por candidatos da base do governo Brand\u00e3o\/Lula. <br><br>Nos dois \u00faltimos finais de semana, o petista esteve presente em conven\u00e7\u00f5es e atos pol\u00edticos em aproximadamente 20 munic\u00edpios maranhenses, refor\u00e7ando o seu apoio. Em todo Maranh\u00e3o, o seu partido &#8211; o PT &#8211; ter\u00e1 48 candidatos a prefeitos e vice-prefeitos.<br><br>Nas redes sociais, onde o vice-governador faz quest\u00e3o de divulgar sua agenda, sua presen\u00e7a em cada munic\u00edpio \u00e9 sempre marcada por imagens segurando a m\u00e3o dos candidatos, refor\u00e7ando seu apoio, com a frase: \u201cEm local tal, T\u00f4 com fulano\u201d, deixando clara sua posi\u00e7\u00e3o pol\u00edtica em determinado munic\u00edpio. <br><br>Na regi\u00e3o do M\u00e9dio-Mearim, o vice-governador esteve em Lago dos Rodrigues, Trizidela do Vale, Lago do Junco e Lago Verde. Na regi\u00e3o do Pindar\u00e9, visitou Lago da Pedra e Lagoa Grande do Maranh\u00e3o. Na Baixada Maranhense, esteve em S\u00e3o Bento e Viana. Na regi\u00e3o dos Len\u00e7\u00f3is, levou o seu apoio nos munic\u00edpios de Humberto de Campos e Santo Amaro. No leste maranhense, marcou presen\u00e7a em Cod\u00f3. Al\u00e9m das cidades de Ros\u00e1rio, onde apoia Irlahi Moraes (PT), e Pa\u00e7o do Lumiar, dando seu apoio a Fred Campos (PSB).<br><br>&#8220;Como sempre fa\u00e7o quest\u00e3o de frisar, sou um homem de grupo e sigo defendendo os candidatos e candidatas que acredito que fazem ou est\u00e3o preparados para fazer um bom trabalho em seus munic\u00edpios. Sempre levantando a bandeira do nosso governo e o nome do governador Carlos Brand\u00e3o e do presidente Lula\u201d, destacou.<br><br>A campanha eleitoral iniciar\u00e1 no pr\u00f3ximo dia 16 de agosto. Por onde passa, Felipe Camar\u00e3o faz quest\u00e3o de afirmar que est\u00e1 preparado para rodar o Maranh\u00e3o, para conversar com os mun\u00edcipes e fazer campanha ao lado de seus candidatos.<\/p>\n\n\n\n<figure class=\"wp-block-image size-large\"><img loading=\"lazy\" decoding=\"async\" width=\"1024\" height=\"683\" src=\"https:\/\/maranhaotv.com.br\/wp-content\/uploads\/2024\/08\/img-20240805-wa08739084650162355538777-1024x683.jpg\" alt=\"\" class=\"wp-image-37069\" srcset=\"https:\/\/maranhaotv.com.br\/wp-content\/uploads\/2024\/08\/img-20240805-wa08739084650162355538777-1024x683.jpg 1024w, https:\/\/maranhaotv.com.br\/wp-content\/uploads\/2024\/08\/img-20240805-wa08739084650162355538777-300x200.jpg 300w, https:\/\/maranhaotv.com.br\/wp-content\/uploads\/2024\/08\/img-20240805-wa08739084650162355538777-768x512.jpg 768w, https:\/\/maranhaotv.com.br\/wp-content\/uploads\/2024\/08\/img-20240805-wa08739084650162355538777-1536x1025.jpg 1536w, https:\/\/maranhaotv.com.br\/wp-content\/uploads\/2024\/08\/img-20240805-wa08739084650162355538777.jpg 2000w\" sizes=\"auto, (max-width: 1024px) 100vw, 1024px\" \/><\/figure>\n\n\n\n<figure class=\"wp-block-image\"><img loading=\"lazy\" decoding=\"async\" width=\"1024\" height=\"683\" src=\"https:\/\/maranhaotv.com.br\/wp-content\/uploads\/2024\/08\/img-20240805-wa08768539559296880655660-1024x683.jpg\" alt=\"\" class=\"wp-image-37072\" srcset=\"https:\/\/maranhaotv.com.br\/wp-content\/uploads\/2024\/08\/img-20240805-wa08768539559296880655660-1024x683.jpg 1024w, https:\/\/maranhaotv.com.br\/wp-content\/uploads\/2024\/08\/img-20240805-wa08768539559296880655660-300x200.jpg 300w, https:\/\/maranhaotv.com.br\/wp-content\/uploads\/2024\/08\/img-20240805-wa08768539559296880655660-768x512.jpg 768w, https:\/\/maranhaotv.com.br\/wp-content\/uploads\/2024\/08\/img-20240805-wa08768539559296880655660-1536x1025.jpg 1536w, https:\/\/maranhaotv.com.br\/wp-content\/uploads\/2024\/08\/img-20240805-wa08768539559296880655660.jpg 2000w\" sizes=\"auto, (max-width: 1024px) 100vw, 1024px\" \/><\/figure>\n\n\n\n<figure class=\"wp-block-image\"><img loading=\"lazy\" decoding=\"async\" width=\"1024\" height=\"670\" src=\"https:\/\/maranhaotv.com.br\/wp-content\/uploads\/2024\/08\/img-20240805-wa08722181075766289671029-1024x670.jpg\" alt=\"\" class=\"wp-image-37070\" srcset=\"https:\/\/maranhaotv.com.br\/wp-content\/uploads\/2024\/08\/img-20240805-wa08722181075766289671029-1024x670.jpg 1024w, https:\/\/maranhaotv.com.br\/wp-content\/uploads\/2024\/08\/img-20240805-wa08722181075766289671029-300x196.jpg 300w, https:\/\/maranhaotv.com.br\/wp-content\/uploads\/2024\/08\/img-20240805-wa08722181075766289671029-768x503.jpg 768w, https:\/\/maranhaotv.com.br\/wp-content\/uploads\/2024\/08\/img-20240805-wa08722181075766289671029-1536x1005.jpg 1536w, https:\/\/maranhaotv.com.br\/wp-content\/uploads\/2024\/08\/img-20240805-wa08722181075766289671029.jpg 2000w\" sizes=\"auto, (max-width: 1024px) 100vw, 1024px\" \/><\/figure>\n\n\n\n<figure class=\"wp-block-image\"><img loading=\"lazy\" decoding=\"async\" width=\"1024\" height=\"683\" src=\"https:\/\/maranhaotv.com.br\/wp-content\/uploads\/2024\/08\/img-20240805-wa08754797548108814248394-1024x683.jpg\" alt=\"\" class=\"wp-image-37071\" srcset=\"https:\/\/maranhaotv.com.br\/wp-content\/uploads\/2024\/08\/img-20240805-wa08754797548108814248394-1024x683.jpg 1024w, https:\/\/maranhaotv.com.br\/wp-content\/uploads\/2024\/08\/img-20240805-wa08754797548108814248394-300x200.jpg 300w, https:\/\/maranhaotv.com.br\/wp-content\/uploads\/2024\/08\/img-20240805-wa08754797548108814248394-768x512.jpg 768w, https:\/\/maranhaotv.com.br\/wp-content\/uploads\/2024\/08\/img-20240805-wa08754797548108814248394-1536x1025.jpg 1536w, https:\/\/maranhaotv.com.br\/wp-content\/uploads\/2024\/08\/img-20240805-wa08754797548108814248394.jpg 2000w\" sizes=\"auto, (max-width: 1024px) 100vw, 1024px\" \/><\/figure>\n","protected":false},"excerpt":{"rendered":"<p>Os \u00faltimos dias foram de muita movimenta\u00e7\u00e3o com as conven\u00e7\u00f5es partid\u00e1rias municipais, que encerraram nesta segunda-feira, 5. O vice-governador do<\/p>\n","protected":false},"author":2,"featured_media":37073,"comment_status":"open","ping_status":"open","sticky":false,"template":"","format":"standard","meta":{"colormag_page_container_layout":"default_layout","colormag_page_sidebar_layout":"default_layout","_jetpack_memberships_contains_paid_content":false,"footnotes":""},"categories":[6],"tags":[352],"class_list":["post-37074","post","type-post","status-publish","format-standard","has-post-thumbnail","hentry","category-politica","tag-felipe-camarao"],"magazineBlocksPostFeaturedMedia":{"thumbnail":"https:\/\/maranhaotv.com.br\/wp-content\/uploads\/2024\/08\/IMG-20240805-WA0874-150x150.jpg","medium":"https:\/\/maranhaotv.com.br\/wp-content\/uploads\/2024\/08\/IMG-20240805-WA0874-300x200.jpg","medium_large":"https:\/\/maranhaotv.com.br\/wp-content\/uploads\/2024\/08\/IMG-20240805-WA0874-768x512.jpg","large":"https:\/\/maranhaotv.com.br\/wp-content\/uploads\/2024\/08\/IMG-20240805-WA0874-1024x683.jpg","1536x1536":"https:\/\/maranhaotv.com.br\/wp-content\/uploads\/2024\/08\/IMG-20240805-WA0874-1536x1024.jpg","2048x2048":"https:\/\/maranhaotv.com.br\/wp-content\/uploads\/2024\/08\/IMG-20240805-WA0874-2048x1365.jpg","colormag-highlighted-post":"https:\/\/maranhaotv.com.br\/wp-content\/uploads\/2024\/08\/IMG-20240805-WA0874-392x272.jpg","colormag-featured-post-medium":"https:\/\/maranhaotv.com.br\/wp-content\/uploads\/2024\/08\/IMG-20240805-WA0874-390x205.jpg","colormag-featured-post-small":"https:\/\/maranhaotv.com.br\/wp-content\/uploads\/2024\/08\/IMG-20240805-WA0874-130x90.jpg","colormag-featured-image":"https:\/\/maranhaotv.com.br\/wp-content\/uploads\/2024\/08\/IMG-20240805-WA0874-800x445.jpg","colormag-default-news":"https:\/\/maranhaotv.com.br\/wp-content\/uploads\/2024\/08\/IMG-20240805-WA0874-150x150.jpg","colormag-featured-image-large":"https:\/\/maranhaotv.com.br\/wp-content\/uploads\/2024\/08\/IMG-20240805-WA0874-1400x600.jpg"},"magazineBlocksPostAuthor":{"name":"maranhaotv","avatar":"https:\/\/secure.gravatar.com\/avatar\/8fadbca458d4cb68b1dd399ae9a40618d747bb1af65ac9fad21c89220a143eb4?s=96&d=mm&r=g"},"magazineBlocksPostCommentsNumber":"0","magazineBlocksPostExcerpt":"Os \u00faltimos dias foram de muita movimenta\u00e7\u00e3o com as conven\u00e7\u00f5es partid\u00e1rias municipais, que encerraram nesta segunda-feira, 5. O vice-governador do","magazineBlocksPostCategories":["pol\u00edtica"],"magazineBlocksPostViewCount":198,"magazineBlocksPostReadTime":2,"magazine_blocks_featured_image_url":{"full":["https:\/\/maranhaotv.com.br\/wp-content\/uploads\/2024\/08\/IMG-20240805-WA0874-scaled.jpg",2560,1706,false],"medium":["https:\/\/maranhaotv.com.br\/wp-content\/uploads\/2024\/08\/IMG-20240805-WA0874-300x200.jpg",300,200,true],"thumbnail":["https:\/\/maranhaotv.com.br\/wp-content\/uploads\/2024\/08\/IMG-20240805-WA0874-150x150.jpg",150,150,true]},"magazine_blocks_author":{"display_name":"maranhaotv","author_link":"https:\/\/maranhaotv.com.br\/index.php\/author\/maranhaotv\/"},"magazine_blocks_comment":0,"magazine_blocks_author_image":"https:\/\/secure.gravatar.com\/avatar\/8fadbca458d4cb68b1dd399ae9a40618d747bb1af65ac9fad21c89220a143eb4?s=96&d=mm&r=g","magazine_blocks_category":"<a href=\"#\" class=\"category-link category-link-6\">pol\u00edtica<\/a>","yoast_head":"<!-- This site is optimized with the Yoast SEO plugin v27.4 - https:\/\/yoast.com\/product\/yoast-seo-wordpress\/ -->\n<title>Conven\u00e7\u00f5es municipais: Felipe Camar\u00e3o demonstra for\u00e7a pol\u00edtica e refor\u00e7a apoio a candidatos da base governista - NOT\u00cdCIAS EM TEMPO REAL<\/title>\n<meta name=\"robots\" content=\"index, follow, max-snippet:-1, max-image-preview:large, max-video-preview:-1\" \/>\n<link rel=\"canonical\" href=\"https:\/\/maranhaotv.com.br\/index.php\/2024\/08\/05\/convencoes-municipais-felipe-camarao-demonstra-forca-politica-e-reforca-apoio-a-candidatos-da-base-governista\/\" \/>\n<meta property=\"og:locale\" content=\"pt_BR\" \/>\n<meta property=\"og:type\" content=\"article\" \/>\n<meta property=\"og:title\" content=\"Conven\u00e7\u00f5es municipais: Felipe Camar\u00e3o demonstra for\u00e7a pol\u00edtica e refor\u00e7a apoio a candidatos da base governista - NOT\u00cdCIAS EM TEMPO REAL\" \/>\n<meta property=\"og:description\" content=\"Os \u00faltimos dias foram de muita movimenta\u00e7\u00e3o com as conven\u00e7\u00f5es partid\u00e1rias municipais, que encerraram nesta segunda-feira, 5. O vice-governador do\" \/>\n<meta property=\"og:url\" content=\"https:\/\/maranhaotv.com.br\/index.php\/2024\/08\/05\/convencoes-municipais-felipe-camarao-demonstra-forca-politica-e-reforca-apoio-a-candidatos-da-base-governista\/\" \/>\n<meta property=\"og:site_name\" content=\"NOT\u00cdCIAS EM TEMPO REAL\" \/>\n<meta property=\"article:publisher\" content=\"https:\/\/www.facebook.com\/maiobaotv\" \/>\n<meta property=\"article:published_time\" content=\"2024-08-05T19:42:55+00:00\" \/>\n<meta property=\"article:modified_time\" content=\"2024-08-05T19:43:24+00:00\" \/>\n<meta property=\"og:image\" content=\"https:\/\/maranhaotv.com.br\/wp-content\/uploads\/2024\/08\/IMG-20240805-WA0874-scaled.jpg\" \/>\n\t<meta property=\"og:image:width\" content=\"2560\" \/>\n\t<meta property=\"og:image:height\" content=\"1706\" \/>\n\t<meta property=\"og:image:type\" content=\"image\/jpeg\" \/>\n<meta name=\"author\" content=\"maranhaotv\" \/>\n<meta name=\"twitter:card\" content=\"summary_large_image\" \/>\n<meta name=\"twitter:creator\" content=\"@sitemaranhaotv\" \/>\n<meta name=\"twitter:site\" content=\"@sitemaranhaotv\" \/>\n<meta name=\"twitter:label1\" content=\"Escrito por\" \/>\n\t<meta name=\"twitter:data1\" content=\"maranhaotv\" \/>\n\t<meta name=\"twitter:label2\" content=\"Est. tempo de leitura\" \/>\n\t<meta name=\"twitter:data2\" content=\"2 minutos\" \/>\n<script type=\"application\/ld+json\" class=\"yoast-schema-graph\">{\"@context\":\"https:\\\/\\\/schema.org\",\"@graph\":[{\"@type\":\"Article\",\"@id\":\"https:\\\/\\\/maranhaotv.com.br\\\/index.php\\\/2024\\\/08\\\/05\\\/convencoes-municipais-felipe-camarao-demonstra-forca-politica-e-reforca-apoio-a-candidatos-da-base-governista\\\/#article\",\"isPartOf\":{\"@id\":\"https:\\\/\\\/maranhaotv.com.br\\\/index.php\\\/2024\\\/08\\\/05\\\/convencoes-municipais-felipe-camarao-demonstra-forca-politica-e-reforca-apoio-a-candidatos-da-base-governista\\\/\"},\"author\":{\"name\":\"maranhaotv\",\"@id\":\"https:\\\/\\\/maranhaotv.com.br\\\/#\\\/schema\\\/person\\\/3d54238e86b20bb5c89ab2fdb8f8829a\"},\"headline\":\"Conven\u00e7\u00f5es municipais: Felipe Camar\u00e3o demonstra for\u00e7a pol\u00edtica e refor\u00e7a apoio a candidatos da base governista\",\"datePublished\":\"2024-08-05T19:42:55+00:00\",\"dateModified\":\"2024-08-05T19:43:24+00:00\",\"mainEntityOfPage\":{\"@id\":\"https:\\\/\\\/maranhaotv.com.br\\\/index.php\\\/2024\\\/08\\\/05\\\/convencoes-municipais-felipe-camarao-demonstra-forca-politica-e-reforca-apoio-a-candidatos-da-base-governista\\\/\"},\"wordCount\":373,\"commentCount\":0,\"publisher\":{\"@id\":\"https:\\\/\\\/maranhaotv.com.br\\\/#organization\"},\"image\":{\"@id\":\"https:\\\/\\\/maranhaotv.com.br\\\/index.php\\\/2024\\\/08\\\/05\\\/convencoes-municipais-felipe-camarao-demonstra-forca-politica-e-reforca-apoio-a-candidatos-da-base-governista\\\/#primaryimage\"},\"thumbnailUrl\":\"https:\\\/\\\/maranhaotv.com.br\\\/wp-content\\\/uploads\\\/2024\\\/08\\\/IMG-20240805-WA0874-scaled.jpg\",\"keywords\":[\"Felipe Camar\u00e3o\"],\"articleSection\":[\"pol\u00edtica\"],\"inLanguage\":\"pt-BR\",\"potentialAction\":[{\"@type\":\"CommentAction\",\"name\":\"Comment\",\"target\":[\"https:\\\/\\\/maranhaotv.com.br\\\/index.php\\\/2024\\\/08\\\/05\\\/convencoes-municipais-felipe-camarao-demonstra-forca-politica-e-reforca-apoio-a-candidatos-da-base-governista\\\/#respond\"]}]},{\"@type\":\"WebPage\",\"@id\":\"https:\\\/\\\/maranhaotv.com.br\\\/index.php\\\/2024\\\/08\\\/05\\\/convencoes-municipais-felipe-camarao-demonstra-forca-politica-e-reforca-apoio-a-candidatos-da-base-governista\\\/\",\"url\":\"https:\\\/\\\/maranhaotv.com.br\\\/index.php\\\/2024\\\/08\\\/05\\\/convencoes-municipais-felipe-camarao-demonstra-forca-politica-e-reforca-apoio-a-candidatos-da-base-governista\\\/\",\"name\":\"Conven\u00e7\u00f5es municipais: Felipe Camar\u00e3o demonstra for\u00e7a pol\u00edtica e refor\u00e7a apoio a candidatos da base governista - NOT\u00cdCIAS EM TEMPO REAL\",\"isPartOf\":{\"@id\":\"https:\\\/\\\/maranhaotv.com.br\\\/#website\"},\"primaryImageOfPage\":{\"@id\":\"https:\\\/\\\/maranhaotv.com.br\\\/index.php\\\/2024\\\/08\\\/05\\\/convencoes-municipais-felipe-camarao-demonstra-forca-politica-e-reforca-apoio-a-candidatos-da-base-governista\\\/#primaryimage\"},\"image\":{\"@id\":\"https:\\\/\\\/maranhaotv.com.br\\\/index.php\\\/2024\\\/08\\\/05\\\/convencoes-municipais-felipe-camarao-demonstra-forca-politica-e-reforca-apoio-a-candidatos-da-base-governista\\\/#primaryimage\"},\"thumbnailUrl\":\"https:\\\/\\\/maranhaotv.com.br\\\/wp-content\\\/uploads\\\/2024\\\/08\\\/IMG-20240805-WA0874-scaled.jpg\",\"datePublished\":\"2024-08-05T19:42:55+00:00\",\"dateModified\":\"2024-08-05T19:43:24+00:00\",\"breadcrumb\":{\"@id\":\"https:\\\/\\\/maranhaotv.com.br\\\/index.php\\\/2024\\\/08\\\/05\\\/convencoes-municipais-felipe-camarao-demonstra-forca-politica-e-reforca-apoio-a-candidatos-da-base-governista\\\/#breadcrumb\"},\"inLanguage\":\"pt-BR\",\"potentialAction\":[{\"@type\":\"ReadAction\",\"target\":[\"https:\\\/\\\/maranhaotv.com.br\\\/index.php\\\/2024\\\/08\\\/05\\\/convencoes-municipais-felipe-camarao-demonstra-forca-politica-e-reforca-apoio-a-candidatos-da-base-governista\\\/\"]}]},{\"@type\":\"ImageObject\",\"inLanguage\":\"pt-BR\",\"@id\":\"https:\\\/\\\/maranhaotv.com.br\\\/index.php\\\/2024\\\/08\\\/05\\\/convencoes-municipais-felipe-camarao-demonstra-forca-politica-e-reforca-apoio-a-candidatos-da-base-governista\\\/#primaryimage\",\"url\":\"https:\\\/\\\/maranhaotv.com.br\\\/wp-content\\\/uploads\\\/2024\\\/08\\\/IMG-20240805-WA0874-scaled.jpg\",\"contentUrl\":\"https:\\\/\\\/maranhaotv.com.br\\\/wp-content\\\/uploads\\\/2024\\\/08\\\/IMG-20240805-WA0874-scaled.jpg\",\"width\":2560,\"height\":1706},{\"@type\":\"BreadcrumbList\",\"@id\":\"https:\\\/\\\/maranhaotv.com.br\\\/index.php\\\/2024\\\/08\\\/05\\\/convencoes-municipais-felipe-camarao-demonstra-forca-politica-e-reforca-apoio-a-candidatos-da-base-governista\\\/#breadcrumb\",\"itemListElement\":[{\"@type\":\"ListItem\",\"position\":1,\"name\":\"In\u00edcio\",\"item\":\"https:\\\/\\\/maranhaotv.com.br\\\/\"},{\"@type\":\"ListItem\",\"position\":2,\"name\":\"Conven\u00e7\u00f5es municipais: Felipe Camar\u00e3o demonstra for\u00e7a pol\u00edtica e refor\u00e7a apoio a candidatos da base governista\"}]},{\"@type\":\"WebSite\",\"@id\":\"https:\\\/\\\/maranhaotv.com.br\\\/#website\",\"url\":\"https:\\\/\\\/maranhaotv.com.br\\\/\",\"name\":\"Maranh\u00e3oTV\",\"description\":\"\",\"publisher\":{\"@id\":\"https:\\\/\\\/maranhaotv.com.br\\\/#organization\"},\"potentialAction\":[{\"@type\":\"SearchAction\",\"target\":{\"@type\":\"EntryPoint\",\"urlTemplate\":\"https:\\\/\\\/maranhaotv.com.br\\\/?s={search_term_string}\"},\"query-input\":{\"@type\":\"PropertyValueSpecification\",\"valueRequired\":true,\"valueName\":\"search_term_string\"}}],\"inLanguage\":\"pt-BR\"},{\"@type\":\"Organization\",\"@id\":\"https:\\\/\\\/maranhaotv.com.br\\\/#organization\",\"name\":\"Portal de Not\u00edcias\",\"url\":\"https:\\\/\\\/maranhaotv.com.br\\\/\",\"logo\":{\"@type\":\"ImageObject\",\"inLanguage\":\"pt-BR\",\"@id\":\"https:\\\/\\\/maranhaotv.com.br\\\/#\\\/schema\\\/logo\\\/image\\\/\",\"url\":\"https:\\\/\\\/maranhaotv.com.br\\\/wp-content\\\/uploads\\\/2024\\\/05\\\/cropped-cropped-avatar-1.png\",\"contentUrl\":\"https:\\\/\\\/maranhaotv.com.br\\\/wp-content\\\/uploads\\\/2024\\\/05\\\/cropped-cropped-avatar-1.png\",\"width\":792,\"height\":428,\"caption\":\"Portal de Not\u00edcias\"},\"image\":{\"@id\":\"https:\\\/\\\/maranhaotv.com.br\\\/#\\\/schema\\\/logo\\\/image\\\/\"},\"sameAs\":[\"https:\\\/\\\/www.facebook.com\\\/maiobaotv\",\"https:\\\/\\\/x.com\\\/sitemaranhaotv\",\"https:\\\/\\\/www.instagram.com\\\/maranhao.tv\",\"https:\\\/\\\/www.threads.net\\\/@maranhao.tv\"]},{\"@type\":\"Person\",\"@id\":\"https:\\\/\\\/maranhaotv.com.br\\\/#\\\/schema\\\/person\\\/3d54238e86b20bb5c89ab2fdb8f8829a\",\"name\":\"maranhaotv\",\"image\":{\"@type\":\"ImageObject\",\"inLanguage\":\"pt-BR\",\"@id\":\"https:\\\/\\\/secure.gravatar.com\\\/avatar\\\/8fadbca458d4cb68b1dd399ae9a40618d747bb1af65ac9fad21c89220a143eb4?s=96&d=mm&r=g\",\"url\":\"https:\\\/\\\/secure.gravatar.com\\\/avatar\\\/8fadbca458d4cb68b1dd399ae9a40618d747bb1af65ac9fad21c89220a143eb4?s=96&d=mm&r=g\",\"contentUrl\":\"https:\\\/\\\/secure.gravatar.com\\\/avatar\\\/8fadbca458d4cb68b1dd399ae9a40618d747bb1af65ac9fad21c89220a143eb4?s=96&d=mm&r=g\",\"caption\":\"maranhaotv\"},\"sameAs\":[\"https:\\\/\\\/maranhaotv.com.br\\\/\"],\"url\":\"https:\\\/\\\/maranhaotv.com.br\\\/index.php\\\/author\\\/maranhaotv\\\/\"}]}<\/script>\n<!-- \/ Yoast SEO plugin. -->","yoast_head_json":{"title":"Conven\u00e7\u00f5es municipais: Felipe Camar\u00e3o demonstra for\u00e7a pol\u00edtica e refor\u00e7a apoio a candidatos da base governista - NOT\u00cdCIAS EM TEMPO REAL","robots":{"index":"index","follow":"follow","max-snippet":"max-snippet:-1","max-image-preview":"max-image-preview:large","max-video-preview":"max-video-preview:-1"},"canonical":"https:\/\/maranhaotv.com.br\/index.php\/2024\/08\/05\/convencoes-municipais-felipe-camarao-demonstra-forca-politica-e-reforca-apoio-a-candidatos-da-base-governista\/","og_locale":"pt_BR","og_type":"article","og_title":"Conven\u00e7\u00f5es municipais: Felipe Camar\u00e3o demonstra for\u00e7a pol\u00edtica e refor\u00e7a apoio a candidatos da base governista - NOT\u00cdCIAS EM TEMPO REAL","og_description":"Os \u00faltimos dias foram de muita movimenta\u00e7\u00e3o com as conven\u00e7\u00f5es partid\u00e1rias municipais, que encerraram nesta segunda-feira, 5. O vice-governador do","og_url":"https:\/\/maranhaotv.com.br\/index.php\/2024\/08\/05\/convencoes-municipais-felipe-camarao-demonstra-forca-politica-e-reforca-apoio-a-candidatos-da-base-governista\/","og_site_name":"NOT\u00cdCIAS EM TEMPO REAL","article_publisher":"https:\/\/www.facebook.com\/maiobaotv","article_published_time":"2024-08-05T19:42:55+00:00","article_modified_time":"2024-08-05T19:43:24+00:00","og_image":[{"width":2560,"height":1706,"url":"https:\/\/maranhaotv.com.br\/wp-content\/uploads\/2024\/08\/IMG-20240805-WA0874-scaled.jpg","type":"image\/jpeg"}],"author":"maranhaotv","twitter_card":"summary_large_image","twitter_creator":"@sitemaranhaotv","twitter_site":"@sitemaranhaotv","twitter_misc":{"Escrito por":"maranhaotv","Est. tempo de leitura":"2 minutos"},"schema":{"@context":"https:\/\/schema.org","@graph":[{"@type":"Article","@id":"https:\/\/maranhaotv.com.br\/index.php\/2024\/08\/05\/convencoes-municipais-felipe-camarao-demonstra-forca-politica-e-reforca-apoio-a-candidatos-da-base-governista\/#article","isPartOf":{"@id":"https:\/\/maranhaotv.com.br\/index.php\/2024\/08\/05\/convencoes-municipais-felipe-camarao-demonstra-forca-politica-e-reforca-apoio-a-candidatos-da-base-governista\/"},"author":{"name":"maranhaotv","@id":"https:\/\/maranhaotv.com.br\/#\/schema\/person\/3d54238e86b20bb5c89ab2fdb8f8829a"},"headline":"Conven\u00e7\u00f5es municipais: Felipe Camar\u00e3o demonstra for\u00e7a pol\u00edtica e refor\u00e7a apoio a candidatos da base governista","datePublished":"2024-08-05T19:42:55+00:00","dateModified":"2024-08-05T19:43:24+00:00","mainEntityOfPage":{"@id":"https:\/\/maranhaotv.com.br\/index.php\/2024\/08\/05\/convencoes-municipais-felipe-camarao-demonstra-forca-politica-e-reforca-apoio-a-candidatos-da-base-governista\/"},"wordCount":373,"commentCount":0,"publisher":{"@id":"https:\/\/maranhaotv.com.br\/#organization"},"image":{"@id":"https:\/\/maranhaotv.com.br\/index.php\/2024\/08\/05\/convencoes-municipais-felipe-camarao-demonstra-forca-politica-e-reforca-apoio-a-candidatos-da-base-governista\/#primaryimage"},"thumbnailUrl":"https:\/\/maranhaotv.com.br\/wp-content\/uploads\/2024\/08\/IMG-20240805-WA0874-scaled.jpg","keywords":["Felipe Camar\u00e3o"],"articleSection":["pol\u00edtica"],"inLanguage":"pt-BR","potentialAction":[{"@type":"CommentAction","name":"Comment","target":["https:\/\/maranhaotv.com.br\/index.php\/2024\/08\/05\/convencoes-municipais-felipe-camarao-demonstra-forca-politica-e-reforca-apoio-a-candidatos-da-base-governista\/#respond"]}]},{"@type":"WebPage","@id":"https:\/\/maranhaotv.com.br\/index.php\/2024\/08\/05\/convencoes-municipais-felipe-camarao-demonstra-forca-politica-e-reforca-apoio-a-candidatos-da-base-governista\/","url":"https:\/\/maranhaotv.com.br\/index.php\/2024\/08\/05\/convencoes-municipais-felipe-camarao-demonstra-forca-politica-e-reforca-apoio-a-candidatos-da-base-governista\/","name":"Conven\u00e7\u00f5es municipais: Felipe Camar\u00e3o demonstra for\u00e7a pol\u00edtica e refor\u00e7a apoio a candidatos da base governista - NOT\u00cdCIAS EM TEMPO REAL","isPartOf":{"@id":"https:\/\/maranhaotv.com.br\/#website"},"primaryImageOfPage":{"@id":"https:\/\/maranhaotv.com.br\/index.php\/2024\/08\/05\/convencoes-municipais-felipe-camarao-demonstra-forca-politica-e-reforca-apoio-a-candidatos-da-base-governista\/#primaryimage"},"image":{"@id":"https:\/\/maranhaotv.com.br\/index.php\/2024\/08\/05\/convencoes-municipais-felipe-camarao-demonstra-forca-politica-e-reforca-apoio-a-candidatos-da-base-governista\/#primaryimage"},"thumbnailUrl":"https:\/\/maranhaotv.com.br\/wp-content\/uploads\/2024\/08\/IMG-20240805-WA0874-scaled.jpg","datePublished":"2024-08-05T19:42:55+00:00","dateModified":"2024-08-05T19:43:24+00:00","breadcrumb":{"@id":"https:\/\/maranhaotv.com.br\/index.php\/2024\/08\/05\/convencoes-municipais-felipe-camarao-demonstra-forca-politica-e-reforca-apoio-a-candidatos-da-base-governista\/#breadcrumb"},"inLanguage":"pt-BR","potentialAction":[{"@type":"ReadAction","target":["https:\/\/maranhaotv.com.br\/index.php\/2024\/08\/05\/convencoes-municipais-felipe-camarao-demonstra-forca-politica-e-reforca-apoio-a-candidatos-da-base-governista\/"]}]},{"@type":"ImageObject","inLanguage":"pt-BR","@id":"https:\/\/maranhaotv.com.br\/index.php\/2024\/08\/05\/convencoes-municipais-felipe-camarao-demonstra-forca-politica-e-reforca-apoio-a-candidatos-da-base-governista\/#primaryimage","url":"https:\/\/maranhaotv.com.br\/wp-content\/uploads\/2024\/08\/IMG-20240805-WA0874-scaled.jpg","contentUrl":"https:\/\/maranhaotv.com.br\/wp-content\/uploads\/2024\/08\/IMG-20240805-WA0874-scaled.jpg","width":2560,"height":1706},{"@type":"BreadcrumbList","@id":"https:\/\/maranhaotv.com.br\/index.php\/2024\/08\/05\/convencoes-municipais-felipe-camarao-demonstra-forca-politica-e-reforca-apoio-a-candidatos-da-base-governista\/#breadcrumb","itemListElement":[{"@type":"ListItem","position":1,"name":"In\u00edcio","item":"https:\/\/maranhaotv.com.br\/"},{"@type":"ListItem","position":2,"name":"Conven\u00e7\u00f5es municipais: Felipe Camar\u00e3o demonstra for\u00e7a pol\u00edtica e refor\u00e7a apoio a candidatos da base governista"}]},{"@type":"WebSite","@id":"https:\/\/maranhaotv.com.br\/#website","url":"https:\/\/maranhaotv.com.br\/","name":"Maranh\u00e3oTV","description":"","publisher":{"@id":"https:\/\/maranhaotv.com.br\/#organization"},"potentialAction":[{"@type":"SearchAction","target":{"@type":"EntryPoint","urlTemplate":"https:\/\/maranhaotv.com.br\/?s={search_term_string}"},"query-input":{"@type":"PropertyValueSpecification","valueRequired":true,"valueName":"search_term_string"}}],"inLanguage":"pt-BR"},{"@type":"Organization","@id":"https:\/\/maranhaotv.com.br\/#organization","name":"Portal de Not\u00edcias","url":"https:\/\/maranhaotv.com.br\/","logo":{"@type":"ImageObject","inLanguage":"pt-BR","@id":"https:\/\/maranhaotv.com.br\/#\/schema\/logo\/image\/","url":"https:\/\/maranhaotv.com.br\/wp-content\/uploads\/2024\/05\/cropped-cropped-avatar-1.png","contentUrl":"https:\/\/maranhaotv.com.br\/wp-content\/uploads\/2024\/05\/cropped-cropped-avatar-1.png","width":792,"height":428,"caption":"Portal de Not\u00edcias"},"image":{"@id":"https:\/\/maranhaotv.com.br\/#\/schema\/logo\/image\/"},"sameAs":["https:\/\/www.facebook.com\/maiobaotv","https:\/\/x.com\/sitemaranhaotv","https:\/\/www.instagram.com\/maranhao.tv","https:\/\/www.threads.net\/@maranhao.tv"]},{"@type":"Person","@id":"https:\/\/maranhaotv.com.br\/#\/schema\/person\/3d54238e86b20bb5c89ab2fdb8f8829a","name":"maranhaotv","image":{"@type":"ImageObject","inLanguage":"pt-BR","@id":"https:\/\/secure.gravatar.com\/avatar\/8fadbca458d4cb68b1dd399ae9a40618d747bb1af65ac9fad21c89220a143eb4?s=96&d=mm&r=g","url":"https:\/\/secure.gravatar.com\/avatar\/8fadbca458d4cb68b1dd399ae9a40618d747bb1af65ac9fad21c89220a143eb4?s=96&d=mm&r=g","contentUrl":"https:\/\/secure.gravatar.com\/avatar\/8fadbca458d4cb68b1dd399ae9a40618d747bb1af65ac9fad21c89220a143eb4?s=96&d=mm&r=g","caption":"maranhaotv"},"sameAs":["https:\/\/maranhaotv.com.br\/"],"url":"https:\/\/maranhaotv.com.br\/index.php\/author\/maranhaotv\/"}]}},"jetpack_featured_media_url":"https:\/\/maranhaotv.com.br\/wp-content\/uploads\/2024\/08\/IMG-20240805-WA0874-scaled.jpg","jetpack_sharing_enabled":true,"_links":{"self":[{"href":"https:\/\/maranhaotv.com.br\/index.php\/wp-json\/wp\/v2\/posts\/37074","targetHints":{"allow":["GET"]}}],"collection":[{"href":"https:\/\/maranhaotv.com.br\/index.php\/wp-json\/wp\/v2\/posts"}],"about":[{"href":"https:\/\/maranhaotv.com.br\/index.php\/wp-json\/wp\/v2\/types\/post"}],"author":[{"embeddable":true,"href":"https:\/\/maranhaotv.com.br\/index.php\/wp-json\/wp\/v2\/users\/2"}],"replies":[{"embeddable":true,"href":"https:\/\/maranhaotv.com.br\/index.php\/wp-json\/wp\/v2\/comments?post=37074"}],"version-history":[{"count":1,"href":"https:\/\/maranhaotv.com.br\/index.php\/wp-json\/wp\/v2\/posts\/37074\/revisions"}],"predecessor-version":[{"id":37075,"href":"https:\/\/maranhaotv.com.br\/index.php\/wp-json\/wp\/v2\/posts\/37074\/revisions\/37075"}],"wp:featuredmedia":[{"embeddable":true,"href":"https:\/\/maranhaotv.com.br\/index.php\/wp-json\/wp\/v2\/media\/37073"}],"wp:attachment":[{"href":"https:\/\/maranhaotv.com.br\/index.php\/wp-json\/wp\/v2\/media?parent=37074"}],"wp:term":[{"taxonomy":"category","embeddable":true,"href":"https:\/\/maranhaotv.com.br\/index.php\/wp-json\/wp\/v2\/categories?post=37074"},{"taxonomy":"post_tag","embeddable":true,"href":"https:\/\/maranhaotv.com.br\/index.php\/wp-json\/wp\/v2\/tags?post=37074"}],"curies":[{"name":"wp","href":"https:\/\/api.w.org\/{rel}","templated":true}]}}