{"id":37077,"date":"2024-08-05T18:30:44","date_gmt":"2024-08-05T21:30:44","guid":{"rendered":"https:\/\/maranhaotv.com.br\/?p=37077"},"modified":"2024-08-05T18:30:58","modified_gmt":"2024-08-05T21:30:58","slug":"proposta-de-pedro-lucas-vai-permitir-que-gestantes-utilizem-o-plano-de-saude-do-pai-para-realizar-parto","status":"publish","type":"post","link":"https:\/\/maranhaotv.com.br\/index.php\/2024\/08\/05\/proposta-de-pedro-lucas-vai-permitir-que-gestantes-utilizem-o-plano-de-saude-do-pai-para-realizar-parto\/","title":{"rendered":"Proposta de Pedro Lucas vai permitir que gestantes utilizem o plano de sa\u00fade do pai para realizar parto"},"content":{"rendered":"\n<p><br><br>Neste Dia Mundial da Sa\u00fade, o deputado federal Pedro Lucas Fernandes (Uni\u00e3o\/MA) destacou a sua proposta que busca garantir \u00e0s mulheres gestantes o acesso aos servi\u00e7os de obstetr\u00edcia do plano do benefici\u00e1rio-pai, mesmo que a gestante n\u00e3o esteja como benefici\u00e1ria na cobertura. O PL 2859\/24 busca diminuir a desassist\u00eancia ao parto, auxiliando no combate \u00e0 mortalidade materna, \u00edndice considerado alto no Brasil.<br><br>Segundo dados do Observat\u00f3rio Obst\u00e9trico Brasileiro, publicados pelo Conselho Federal de Enfermagem, no ano de 2021 o \u00edndice de mortalidade materna no Brasil caiu para a mesma taxa de 1998. A proposta do deputado Pedro Lucas ir\u00e1 auxiliar o pa\u00eds a avan\u00e7ar na qualidade do parto ofertado, assim como no acompanhamento adequado da gesta\u00e7\u00e3o.<br><br>Outro fator de destaque est\u00e1 na garantia de que, mesmo em situa\u00e7\u00f5es de abandono paterno, as gestantes tenham assegurada a garantia de assist\u00eancia m\u00e9dica adequada pelo plano de sa\u00fade do benefici\u00e1rio-pai. A amplia\u00e7\u00e3o deste benef\u00edcio ir\u00e1 possibilitar mais acesso ao parto em condi\u00e7\u00f5es m\u00e9dicas adequadas e seguras.<br><br>\u201cAcredito que um dos grandes desafios mundiais da atualidade se encontra no decl\u00ednio da taxa de natalidade em diversos pa\u00edses, incluindo o Brasil. Outra quest\u00e3o central \u00e9 o alto \u00edndice de mortalidade materna, que o nosso pa\u00eds ainda classifica como um grande desafio. Portanto, essa nossa proposta atinge centralmente esses dois problemas. Vamos garantir mais partos, com crian\u00e7as saud\u00e1veis, e diminuir as possiblidades de \u00f3bito materno\u201d, destacou o deputado.<br><br>A proposta foi apresentada em julho deste ano e aguarda o despacho da Presid\u00eancia da C\u00e2mara dos Deputados para entrar em tramita\u00e7\u00e3o no Congresso Nacional.<\/p>\n","protected":false},"excerpt":{"rendered":"<p>Neste Dia Mundial da Sa\u00fade, o deputado federal Pedro Lucas Fernandes (Uni\u00e3o\/MA) destacou a sua proposta que busca garantir \u00e0s<\/p>\n","protected":false},"author":2,"featured_media":37076,"comment_status":"open","ping_status":"open","sticky":false,"template":"","format":"standard","meta":{"colormag_page_container_layout":"default_layout","colormag_page_sidebar_layout":"default_layout","_jetpack_memberships_contains_paid_content":false,"footnotes":""},"categories":[2],"tags":[],"class_list":["post-37077","post","type-post","status-publish","format-standard","has-post-thumbnail","hentry","category-noticias"],"magazineBlocksPostFeaturedMedia":{"thumbnail":"https:\/\/maranhaotv.com.br\/wp-content\/uploads\/2024\/08\/IMG-20240805-WA0938-150x150.jpg","medium":"https:\/\/maranhaotv.com.br\/wp-content\/uploads\/2024\/08\/IMG-20240805-WA0938-300x200.jpg","medium_large":"https:\/\/maranhaotv.com.br\/wp-content\/uploads\/2024\/08\/IMG-20240805-WA0938-768x512.jpg","large":"https:\/\/maranhaotv.com.br\/wp-content\/uploads\/2024\/08\/IMG-20240805-WA0938-1024x682.jpg","1536x1536":"https:\/\/maranhaotv.com.br\/wp-content\/uploads\/2024\/08\/IMG-20240805-WA0938-1536x1023.jpg","2048x2048":"https:\/\/maranhaotv.com.br\/wp-content\/uploads\/2024\/08\/IMG-20240805-WA0938.jpg","colormag-highlighted-post":"https:\/\/maranhaotv.com.br\/wp-content\/uploads\/2024\/08\/IMG-20240805-WA0938-392x272.jpg","colormag-featured-post-medium":"https:\/\/maranhaotv.com.br\/wp-content\/uploads\/2024\/08\/IMG-20240805-WA0938-390x205.jpg","colormag-featured-post-small":"https:\/\/maranhaotv.com.br\/wp-content\/uploads\/2024\/08\/IMG-20240805-WA0938-130x90.jpg","colormag-featured-image":"https:\/\/maranhaotv.com.br\/wp-content\/uploads\/2024\/08\/IMG-20240805-WA0938-800x445.jpg","colormag-default-news":"https:\/\/maranhaotv.com.br\/wp-content\/uploads\/2024\/08\/IMG-20240805-WA0938-150x150.jpg","colormag-featured-image-large":"https:\/\/maranhaotv.com.br\/wp-content\/uploads\/2024\/08\/IMG-20240805-WA0938-1400x600.jpg"},"magazineBlocksPostAuthor":{"name":"maranhaotv","avatar":"https:\/\/secure.gravatar.com\/avatar\/8fadbca458d4cb68b1dd399ae9a40618d747bb1af65ac9fad21c89220a143eb4?s=96&d=mm&r=g"},"magazineBlocksPostCommentsNumber":"0","magazineBlocksPostExcerpt":"Neste Dia Mundial da Sa\u00fade, o deputado federal Pedro Lucas Fernandes (Uni\u00e3o\/MA) destacou a sua proposta que busca garantir \u00e0s","magazineBlocksPostCategories":["not\u00edcias"],"magazineBlocksPostViewCount":299,"magazineBlocksPostReadTime":2,"magazine_blocks_featured_image_url":{"full":["https:\/\/maranhaotv.com.br\/wp-content\/uploads\/2024\/08\/IMG-20240805-WA0938.jpg",1600,1066,false],"medium":["https:\/\/maranhaotv.com.br\/wp-content\/uploads\/2024\/08\/IMG-20240805-WA0938-300x200.jpg",300,200,true],"thumbnail":["https:\/\/maranhaotv.com.br\/wp-content\/uploads\/2024\/08\/IMG-20240805-WA0938-150x150.jpg",150,150,true]},"magazine_blocks_author":{"display_name":"maranhaotv","author_link":"https:\/\/maranhaotv.com.br\/index.php\/author\/maranhaotv\/"},"magazine_blocks_comment":0,"magazine_blocks_author_image":"https:\/\/secure.gravatar.com\/avatar\/8fadbca458d4cb68b1dd399ae9a40618d747bb1af65ac9fad21c89220a143eb4?s=96&d=mm&r=g","magazine_blocks_category":"<a href=\"#\" class=\"category-link category-link-2\">not\u00edcias<\/a>","yoast_head":"<!-- This site is optimized with the Yoast SEO plugin v27.4 - https:\/\/yoast.com\/product\/yoast-seo-wordpress\/ -->\n<title>Proposta de Pedro Lucas vai permitir que gestantes utilizem o plano de sa\u00fade do pai para realizar parto - NOT\u00cdCIAS EM TEMPO REAL<\/title>\n<meta name=\"robots\" content=\"index, follow, max-snippet:-1, max-image-preview:large, max-video-preview:-1\" \/>\n<link rel=\"canonical\" href=\"https:\/\/maranhaotv.com.br\/index.php\/2024\/08\/05\/proposta-de-pedro-lucas-vai-permitir-que-gestantes-utilizem-o-plano-de-saude-do-pai-para-realizar-parto\/\" \/>\n<meta property=\"og:locale\" content=\"pt_BR\" \/>\n<meta property=\"og:type\" content=\"article\" \/>\n<meta property=\"og:title\" content=\"Proposta de Pedro Lucas vai permitir que gestantes utilizem o plano de sa\u00fade do pai para realizar parto - NOT\u00cdCIAS EM TEMPO REAL\" \/>\n<meta property=\"og:description\" content=\"Neste Dia Mundial da Sa\u00fade, o deputado federal Pedro Lucas Fernandes (Uni\u00e3o\/MA) destacou a sua proposta que busca garantir \u00e0s\" \/>\n<meta property=\"og:url\" content=\"https:\/\/maranhaotv.com.br\/index.php\/2024\/08\/05\/proposta-de-pedro-lucas-vai-permitir-que-gestantes-utilizem-o-plano-de-saude-do-pai-para-realizar-parto\/\" \/>\n<meta property=\"og:site_name\" content=\"NOT\u00cdCIAS EM TEMPO REAL\" \/>\n<meta property=\"article:publisher\" content=\"https:\/\/www.facebook.com\/maiobaotv\" \/>\n<meta property=\"article:published_time\" content=\"2024-08-05T21:30:44+00:00\" \/>\n<meta property=\"article:modified_time\" content=\"2024-08-05T21:30:58+00:00\" \/>\n<meta property=\"og:image\" content=\"https:\/\/maranhaotv.com.br\/wp-content\/uploads\/2024\/08\/IMG-20240805-WA0938.jpg\" \/>\n\t<meta property=\"og:image:width\" content=\"1600\" \/>\n\t<meta property=\"og:image:height\" content=\"1066\" \/>\n\t<meta property=\"og:image:type\" content=\"image\/jpeg\" \/>\n<meta name=\"author\" content=\"maranhaotv\" \/>\n<meta name=\"twitter:card\" content=\"summary_large_image\" \/>\n<meta name=\"twitter:creator\" content=\"@sitemaranhaotv\" \/>\n<meta name=\"twitter:site\" content=\"@sitemaranhaotv\" \/>\n<meta name=\"twitter:label1\" content=\"Escrito por\" \/>\n\t<meta name=\"twitter:data1\" content=\"maranhaotv\" \/>\n\t<meta name=\"twitter:label2\" content=\"Est. tempo de leitura\" \/>\n\t<meta name=\"twitter:data2\" content=\"1 minuto\" \/>\n<script type=\"application\/ld+json\" class=\"yoast-schema-graph\">{\"@context\":\"https:\\\/\\\/schema.org\",\"@graph\":[{\"@type\":\"Article\",\"@id\":\"https:\\\/\\\/maranhaotv.com.br\\\/index.php\\\/2024\\\/08\\\/05\\\/proposta-de-pedro-lucas-vai-permitir-que-gestantes-utilizem-o-plano-de-saude-do-pai-para-realizar-parto\\\/#article\",\"isPartOf\":{\"@id\":\"https:\\\/\\\/maranhaotv.com.br\\\/index.php\\\/2024\\\/08\\\/05\\\/proposta-de-pedro-lucas-vai-permitir-que-gestantes-utilizem-o-plano-de-saude-do-pai-para-realizar-parto\\\/\"},\"author\":{\"name\":\"maranhaotv\",\"@id\":\"https:\\\/\\\/maranhaotv.com.br\\\/#\\\/schema\\\/person\\\/3d54238e86b20bb5c89ab2fdb8f8829a\"},\"headline\":\"Proposta de Pedro Lucas vai permitir que gestantes utilizem o plano de sa\u00fade do pai para realizar parto\",\"datePublished\":\"2024-08-05T21:30:44+00:00\",\"dateModified\":\"2024-08-05T21:30:58+00:00\",\"mainEntityOfPage\":{\"@id\":\"https:\\\/\\\/maranhaotv.com.br\\\/index.php\\\/2024\\\/08\\\/05\\\/proposta-de-pedro-lucas-vai-permitir-que-gestantes-utilizem-o-plano-de-saude-do-pai-para-realizar-parto\\\/\"},\"wordCount\":303,\"commentCount\":0,\"publisher\":{\"@id\":\"https:\\\/\\\/maranhaotv.com.br\\\/#organization\"},\"image\":{\"@id\":\"https:\\\/\\\/maranhaotv.com.br\\\/index.php\\\/2024\\\/08\\\/05\\\/proposta-de-pedro-lucas-vai-permitir-que-gestantes-utilizem-o-plano-de-saude-do-pai-para-realizar-parto\\\/#primaryimage\"},\"thumbnailUrl\":\"https:\\\/\\\/maranhaotv.com.br\\\/wp-content\\\/uploads\\\/2024\\\/08\\\/IMG-20240805-WA0938.jpg\",\"articleSection\":[\"not\u00edcias\"],\"inLanguage\":\"pt-BR\",\"potentialAction\":[{\"@type\":\"CommentAction\",\"name\":\"Comment\",\"target\":[\"https:\\\/\\\/maranhaotv.com.br\\\/index.php\\\/2024\\\/08\\\/05\\\/proposta-de-pedro-lucas-vai-permitir-que-gestantes-utilizem-o-plano-de-saude-do-pai-para-realizar-parto\\\/#respond\"]}]},{\"@type\":\"WebPage\",\"@id\":\"https:\\\/\\\/maranhaotv.com.br\\\/index.php\\\/2024\\\/08\\\/05\\\/proposta-de-pedro-lucas-vai-permitir-que-gestantes-utilizem-o-plano-de-saude-do-pai-para-realizar-parto\\\/\",\"url\":\"https:\\\/\\\/maranhaotv.com.br\\\/index.php\\\/2024\\\/08\\\/05\\\/proposta-de-pedro-lucas-vai-permitir-que-gestantes-utilizem-o-plano-de-saude-do-pai-para-realizar-parto\\\/\",\"name\":\"Proposta de Pedro Lucas vai permitir que gestantes utilizem o plano de sa\u00fade do pai para realizar parto - NOT\u00cdCIAS EM TEMPO REAL\",\"isPartOf\":{\"@id\":\"https:\\\/\\\/maranhaotv.com.br\\\/#website\"},\"primaryImageOfPage\":{\"@id\":\"https:\\\/\\\/maranhaotv.com.br\\\/index.php\\\/2024\\\/08\\\/05\\\/proposta-de-pedro-lucas-vai-permitir-que-gestantes-utilizem-o-plano-de-saude-do-pai-para-realizar-parto\\\/#primaryimage\"},\"image\":{\"@id\":\"https:\\\/\\\/maranhaotv.com.br\\\/index.php\\\/2024\\\/08\\\/05\\\/proposta-de-pedro-lucas-vai-permitir-que-gestantes-utilizem-o-plano-de-saude-do-pai-para-realizar-parto\\\/#primaryimage\"},\"thumbnailUrl\":\"https:\\\/\\\/maranhaotv.com.br\\\/wp-content\\\/uploads\\\/2024\\\/08\\\/IMG-20240805-WA0938.jpg\",\"datePublished\":\"2024-08-05T21:30:44+00:00\",\"dateModified\":\"2024-08-05T21:30:58+00:00\",\"breadcrumb\":{\"@id\":\"https:\\\/\\\/maranhaotv.com.br\\\/index.php\\\/2024\\\/08\\\/05\\\/proposta-de-pedro-lucas-vai-permitir-que-gestantes-utilizem-o-plano-de-saude-do-pai-para-realizar-parto\\\/#breadcrumb\"},\"inLanguage\":\"pt-BR\",\"potentialAction\":[{\"@type\":\"ReadAction\",\"target\":[\"https:\\\/\\\/maranhaotv.com.br\\\/index.php\\\/2024\\\/08\\\/05\\\/proposta-de-pedro-lucas-vai-permitir-que-gestantes-utilizem-o-plano-de-saude-do-pai-para-realizar-parto\\\/\"]}]},{\"@type\":\"ImageObject\",\"inLanguage\":\"pt-BR\",\"@id\":\"https:\\\/\\\/maranhaotv.com.br\\\/index.php\\\/2024\\\/08\\\/05\\\/proposta-de-pedro-lucas-vai-permitir-que-gestantes-utilizem-o-plano-de-saude-do-pai-para-realizar-parto\\\/#primaryimage\",\"url\":\"https:\\\/\\\/maranhaotv.com.br\\\/wp-content\\\/uploads\\\/2024\\\/08\\\/IMG-20240805-WA0938.jpg\",\"contentUrl\":\"https:\\\/\\\/maranhaotv.com.br\\\/wp-content\\\/uploads\\\/2024\\\/08\\\/IMG-20240805-WA0938.jpg\",\"width\":1600,\"height\":1066},{\"@type\":\"BreadcrumbList\",\"@id\":\"https:\\\/\\\/maranhaotv.com.br\\\/index.php\\\/2024\\\/08\\\/05\\\/proposta-de-pedro-lucas-vai-permitir-que-gestantes-utilizem-o-plano-de-saude-do-pai-para-realizar-parto\\\/#breadcrumb\",\"itemListElement\":[{\"@type\":\"ListItem\",\"position\":1,\"name\":\"In\u00edcio\",\"item\":\"https:\\\/\\\/maranhaotv.com.br\\\/\"},{\"@type\":\"ListItem\",\"position\":2,\"name\":\"Proposta de Pedro Lucas vai permitir que gestantes utilizem o plano de sa\u00fade do pai para realizar parto\"}]},{\"@type\":\"WebSite\",\"@id\":\"https:\\\/\\\/maranhaotv.com.br\\\/#website\",\"url\":\"https:\\\/\\\/maranhaotv.com.br\\\/\",\"name\":\"Maranh\u00e3oTV\",\"description\":\"\",\"publisher\":{\"@id\":\"https:\\\/\\\/maranhaotv.com.br\\\/#organization\"},\"potentialAction\":[{\"@type\":\"SearchAction\",\"target\":{\"@type\":\"EntryPoint\",\"urlTemplate\":\"https:\\\/\\\/maranhaotv.com.br\\\/?s={search_term_string}\"},\"query-input\":{\"@type\":\"PropertyValueSpecification\",\"valueRequired\":true,\"valueName\":\"search_term_string\"}}],\"inLanguage\":\"pt-BR\"},{\"@type\":\"Organization\",\"@id\":\"https:\\\/\\\/maranhaotv.com.br\\\/#organization\",\"name\":\"Portal de Not\u00edcias\",\"url\":\"https:\\\/\\\/maranhaotv.com.br\\\/\",\"logo\":{\"@type\":\"ImageObject\",\"inLanguage\":\"pt-BR\",\"@id\":\"https:\\\/\\\/maranhaotv.com.br\\\/#\\\/schema\\\/logo\\\/image\\\/\",\"url\":\"https:\\\/\\\/maranhaotv.com.br\\\/wp-content\\\/uploads\\\/2024\\\/05\\\/cropped-cropped-avatar-1.png\",\"contentUrl\":\"https:\\\/\\\/maranhaotv.com.br\\\/wp-content\\\/uploads\\\/2024\\\/05\\\/cropped-cropped-avatar-1.png\",\"width\":792,\"height\":428,\"caption\":\"Portal de Not\u00edcias\"},\"image\":{\"@id\":\"https:\\\/\\\/maranhaotv.com.br\\\/#\\\/schema\\\/logo\\\/image\\\/\"},\"sameAs\":[\"https:\\\/\\\/www.facebook.com\\\/maiobaotv\",\"https:\\\/\\\/x.com\\\/sitemaranhaotv\",\"https:\\\/\\\/www.instagram.com\\\/maranhao.tv\",\"https:\\\/\\\/www.threads.net\\\/@maranhao.tv\"]},{\"@type\":\"Person\",\"@id\":\"https:\\\/\\\/maranhaotv.com.br\\\/#\\\/schema\\\/person\\\/3d54238e86b20bb5c89ab2fdb8f8829a\",\"name\":\"maranhaotv\",\"image\":{\"@type\":\"ImageObject\",\"inLanguage\":\"pt-BR\",\"@id\":\"https:\\\/\\\/secure.gravatar.com\\\/avatar\\\/8fadbca458d4cb68b1dd399ae9a40618d747bb1af65ac9fad21c89220a143eb4?s=96&d=mm&r=g\",\"url\":\"https:\\\/\\\/secure.gravatar.com\\\/avatar\\\/8fadbca458d4cb68b1dd399ae9a40618d747bb1af65ac9fad21c89220a143eb4?s=96&d=mm&r=g\",\"contentUrl\":\"https:\\\/\\\/secure.gravatar.com\\\/avatar\\\/8fadbca458d4cb68b1dd399ae9a40618d747bb1af65ac9fad21c89220a143eb4?s=96&d=mm&r=g\",\"caption\":\"maranhaotv\"},\"sameAs\":[\"https:\\\/\\\/maranhaotv.com.br\\\/\"],\"url\":\"https:\\\/\\\/maranhaotv.com.br\\\/index.php\\\/author\\\/maranhaotv\\\/\"}]}<\/script>\n<!-- \/ Yoast SEO plugin. -->","yoast_head_json":{"title":"Proposta de Pedro Lucas vai permitir que gestantes utilizem o plano de sa\u00fade do pai para realizar parto - NOT\u00cdCIAS EM TEMPO REAL","robots":{"index":"index","follow":"follow","max-snippet":"max-snippet:-1","max-image-preview":"max-image-preview:large","max-video-preview":"max-video-preview:-1"},"canonical":"https:\/\/maranhaotv.com.br\/index.php\/2024\/08\/05\/proposta-de-pedro-lucas-vai-permitir-que-gestantes-utilizem-o-plano-de-saude-do-pai-para-realizar-parto\/","og_locale":"pt_BR","og_type":"article","og_title":"Proposta de Pedro Lucas vai permitir que gestantes utilizem o plano de sa\u00fade do pai para realizar parto - NOT\u00cdCIAS EM TEMPO REAL","og_description":"Neste Dia Mundial da Sa\u00fade, o deputado federal Pedro Lucas Fernandes (Uni\u00e3o\/MA) destacou a sua proposta que busca garantir \u00e0s","og_url":"https:\/\/maranhaotv.com.br\/index.php\/2024\/08\/05\/proposta-de-pedro-lucas-vai-permitir-que-gestantes-utilizem-o-plano-de-saude-do-pai-para-realizar-parto\/","og_site_name":"NOT\u00cdCIAS EM TEMPO REAL","article_publisher":"https:\/\/www.facebook.com\/maiobaotv","article_published_time":"2024-08-05T21:30:44+00:00","article_modified_time":"2024-08-05T21:30:58+00:00","og_image":[{"width":1600,"height":1066,"url":"https:\/\/maranhaotv.com.br\/wp-content\/uploads\/2024\/08\/IMG-20240805-WA0938.jpg","type":"image\/jpeg"}],"author":"maranhaotv","twitter_card":"summary_large_image","twitter_creator":"@sitemaranhaotv","twitter_site":"@sitemaranhaotv","twitter_misc":{"Escrito por":"maranhaotv","Est. tempo de leitura":"1 minuto"},"schema":{"@context":"https:\/\/schema.org","@graph":[{"@type":"Article","@id":"https:\/\/maranhaotv.com.br\/index.php\/2024\/08\/05\/proposta-de-pedro-lucas-vai-permitir-que-gestantes-utilizem-o-plano-de-saude-do-pai-para-realizar-parto\/#article","isPartOf":{"@id":"https:\/\/maranhaotv.com.br\/index.php\/2024\/08\/05\/proposta-de-pedro-lucas-vai-permitir-que-gestantes-utilizem-o-plano-de-saude-do-pai-para-realizar-parto\/"},"author":{"name":"maranhaotv","@id":"https:\/\/maranhaotv.com.br\/#\/schema\/person\/3d54238e86b20bb5c89ab2fdb8f8829a"},"headline":"Proposta de Pedro Lucas vai permitir que gestantes utilizem o plano de sa\u00fade do pai para realizar parto","datePublished":"2024-08-05T21:30:44+00:00","dateModified":"2024-08-05T21:30:58+00:00","mainEntityOfPage":{"@id":"https:\/\/maranhaotv.com.br\/index.php\/2024\/08\/05\/proposta-de-pedro-lucas-vai-permitir-que-gestantes-utilizem-o-plano-de-saude-do-pai-para-realizar-parto\/"},"wordCount":303,"commentCount":0,"publisher":{"@id":"https:\/\/maranhaotv.com.br\/#organization"},"image":{"@id":"https:\/\/maranhaotv.com.br\/index.php\/2024\/08\/05\/proposta-de-pedro-lucas-vai-permitir-que-gestantes-utilizem-o-plano-de-saude-do-pai-para-realizar-parto\/#primaryimage"},"thumbnailUrl":"https:\/\/maranhaotv.com.br\/wp-content\/uploads\/2024\/08\/IMG-20240805-WA0938.jpg","articleSection":["not\u00edcias"],"inLanguage":"pt-BR","potentialAction":[{"@type":"CommentAction","name":"Comment","target":["https:\/\/maranhaotv.com.br\/index.php\/2024\/08\/05\/proposta-de-pedro-lucas-vai-permitir-que-gestantes-utilizem-o-plano-de-saude-do-pai-para-realizar-parto\/#respond"]}]},{"@type":"WebPage","@id":"https:\/\/maranhaotv.com.br\/index.php\/2024\/08\/05\/proposta-de-pedro-lucas-vai-permitir-que-gestantes-utilizem-o-plano-de-saude-do-pai-para-realizar-parto\/","url":"https:\/\/maranhaotv.com.br\/index.php\/2024\/08\/05\/proposta-de-pedro-lucas-vai-permitir-que-gestantes-utilizem-o-plano-de-saude-do-pai-para-realizar-parto\/","name":"Proposta de Pedro Lucas vai permitir que gestantes utilizem o plano de sa\u00fade do pai para realizar parto - NOT\u00cdCIAS EM TEMPO REAL","isPartOf":{"@id":"https:\/\/maranhaotv.com.br\/#website"},"primaryImageOfPage":{"@id":"https:\/\/maranhaotv.com.br\/index.php\/2024\/08\/05\/proposta-de-pedro-lucas-vai-permitir-que-gestantes-utilizem-o-plano-de-saude-do-pai-para-realizar-parto\/#primaryimage"},"image":{"@id":"https:\/\/maranhaotv.com.br\/index.php\/2024\/08\/05\/proposta-de-pedro-lucas-vai-permitir-que-gestantes-utilizem-o-plano-de-saude-do-pai-para-realizar-parto\/#primaryimage"},"thumbnailUrl":"https:\/\/maranhaotv.com.br\/wp-content\/uploads\/2024\/08\/IMG-20240805-WA0938.jpg","datePublished":"2024-08-05T21:30:44+00:00","dateModified":"2024-08-05T21:30:58+00:00","breadcrumb":{"@id":"https:\/\/maranhaotv.com.br\/index.php\/2024\/08\/05\/proposta-de-pedro-lucas-vai-permitir-que-gestantes-utilizem-o-plano-de-saude-do-pai-para-realizar-parto\/#breadcrumb"},"inLanguage":"pt-BR","potentialAction":[{"@type":"ReadAction","target":["https:\/\/maranhaotv.com.br\/index.php\/2024\/08\/05\/proposta-de-pedro-lucas-vai-permitir-que-gestantes-utilizem-o-plano-de-saude-do-pai-para-realizar-parto\/"]}]},{"@type":"ImageObject","inLanguage":"pt-BR","@id":"https:\/\/maranhaotv.com.br\/index.php\/2024\/08\/05\/proposta-de-pedro-lucas-vai-permitir-que-gestantes-utilizem-o-plano-de-saude-do-pai-para-realizar-parto\/#primaryimage","url":"https:\/\/maranhaotv.com.br\/wp-content\/uploads\/2024\/08\/IMG-20240805-WA0938.jpg","contentUrl":"https:\/\/maranhaotv.com.br\/wp-content\/uploads\/2024\/08\/IMG-20240805-WA0938.jpg","width":1600,"height":1066},{"@type":"BreadcrumbList","@id":"https:\/\/maranhaotv.com.br\/index.php\/2024\/08\/05\/proposta-de-pedro-lucas-vai-permitir-que-gestantes-utilizem-o-plano-de-saude-do-pai-para-realizar-parto\/#breadcrumb","itemListElement":[{"@type":"ListItem","position":1,"name":"In\u00edcio","item":"https:\/\/maranhaotv.com.br\/"},{"@type":"ListItem","position":2,"name":"Proposta de Pedro Lucas vai permitir que gestantes utilizem o plano de sa\u00fade do pai para realizar parto"}]},{"@type":"WebSite","@id":"https:\/\/maranhaotv.com.br\/#website","url":"https:\/\/maranhaotv.com.br\/","name":"Maranh\u00e3oTV","description":"","publisher":{"@id":"https:\/\/maranhaotv.com.br\/#organization"},"potentialAction":[{"@type":"SearchAction","target":{"@type":"EntryPoint","urlTemplate":"https:\/\/maranhaotv.com.br\/?s={search_term_string}"},"query-input":{"@type":"PropertyValueSpecification","valueRequired":true,"valueName":"search_term_string"}}],"inLanguage":"pt-BR"},{"@type":"Organization","@id":"https:\/\/maranhaotv.com.br\/#organization","name":"Portal de Not\u00edcias","url":"https:\/\/maranhaotv.com.br\/","logo":{"@type":"ImageObject","inLanguage":"pt-BR","@id":"https:\/\/maranhaotv.com.br\/#\/schema\/logo\/image\/","url":"https:\/\/maranhaotv.com.br\/wp-content\/uploads\/2024\/05\/cropped-cropped-avatar-1.png","contentUrl":"https:\/\/maranhaotv.com.br\/wp-content\/uploads\/2024\/05\/cropped-cropped-avatar-1.png","width":792,"height":428,"caption":"Portal de Not\u00edcias"},"image":{"@id":"https:\/\/maranhaotv.com.br\/#\/schema\/logo\/image\/"},"sameAs":["https:\/\/www.facebook.com\/maiobaotv","https:\/\/x.com\/sitemaranhaotv","https:\/\/www.instagram.com\/maranhao.tv","https:\/\/www.threads.net\/@maranhao.tv"]},{"@type":"Person","@id":"https:\/\/maranhaotv.com.br\/#\/schema\/person\/3d54238e86b20bb5c89ab2fdb8f8829a","name":"maranhaotv","image":{"@type":"ImageObject","inLanguage":"pt-BR","@id":"https:\/\/secure.gravatar.com\/avatar\/8fadbca458d4cb68b1dd399ae9a40618d747bb1af65ac9fad21c89220a143eb4?s=96&d=mm&r=g","url":"https:\/\/secure.gravatar.com\/avatar\/8fadbca458d4cb68b1dd399ae9a40618d747bb1af65ac9fad21c89220a143eb4?s=96&d=mm&r=g","contentUrl":"https:\/\/secure.gravatar.com\/avatar\/8fadbca458d4cb68b1dd399ae9a40618d747bb1af65ac9fad21c89220a143eb4?s=96&d=mm&r=g","caption":"maranhaotv"},"sameAs":["https:\/\/maranhaotv.com.br\/"],"url":"https:\/\/maranhaotv.com.br\/index.php\/author\/maranhaotv\/"}]}},"jetpack_featured_media_url":"https:\/\/maranhaotv.com.br\/wp-content\/uploads\/2024\/08\/IMG-20240805-WA0938.jpg","jetpack_sharing_enabled":true,"_links":{"self":[{"href":"https:\/\/maranhaotv.com.br\/index.php\/wp-json\/wp\/v2\/posts\/37077","targetHints":{"allow":["GET"]}}],"collection":[{"href":"https:\/\/maranhaotv.com.br\/index.php\/wp-json\/wp\/v2\/posts"}],"about":[{"href":"https:\/\/maranhaotv.com.br\/index.php\/wp-json\/wp\/v2\/types\/post"}],"author":[{"embeddable":true,"href":"https:\/\/maranhaotv.com.br\/index.php\/wp-json\/wp\/v2\/users\/2"}],"replies":[{"embeddable":true,"href":"https:\/\/maranhaotv.com.br\/index.php\/wp-json\/wp\/v2\/comments?post=37077"}],"version-history":[{"count":1,"href":"https:\/\/maranhaotv.com.br\/index.php\/wp-json\/wp\/v2\/posts\/37077\/revisions"}],"predecessor-version":[{"id":37078,"href":"https:\/\/maranhaotv.com.br\/index.php\/wp-json\/wp\/v2\/posts\/37077\/revisions\/37078"}],"wp:featuredmedia":[{"embeddable":true,"href":"https:\/\/maranhaotv.com.br\/index.php\/wp-json\/wp\/v2\/media\/37076"}],"wp:attachment":[{"href":"https:\/\/maranhaotv.com.br\/index.php\/wp-json\/wp\/v2\/media?parent=37077"}],"wp:term":[{"taxonomy":"category","embeddable":true,"href":"https:\/\/maranhaotv.com.br\/index.php\/wp-json\/wp\/v2\/categories?post=37077"},{"taxonomy":"post_tag","embeddable":true,"href":"https:\/\/maranhaotv.com.br\/index.php\/wp-json\/wp\/v2\/tags?post=37077"}],"curies":[{"name":"wp","href":"https:\/\/api.w.org\/{rel}","templated":true}]}}