{"id":37094,"date":"2024-08-06T15:33:35","date_gmt":"2024-08-06T18:33:35","guid":{"rendered":"https:\/\/maranhaotv.com.br\/?p=37094"},"modified":"2024-08-06T15:33:48","modified_gmt":"2024-08-06T18:33:48","slug":"carlos-lula-fortalece-aliancas-e-consolida-lideranca-politica-no-maranhao","status":"publish","type":"post","link":"https:\/\/maranhaotv.com.br\/index.php\/2024\/08\/06\/carlos-lula-fortalece-aliancas-e-consolida-lideranca-politica-no-maranhao\/","title":{"rendered":"Carlos Lula fortalece alian\u00e7as e consolida lideran\u00e7a pol\u00edtica no Maranh\u00e3o"},"content":{"rendered":"\n<p><br><br><br>O deputado estadual Carlos Lula (PSB) reafirmou sua influ\u00eancia pol\u00edtica no Maranh\u00e3o ao participar das conven\u00e7\u00f5es partid\u00e1rias que marcaram o fim de semana. O apoio do parlamentar aos candidatos oficiais nas elei\u00e7\u00f5es municipais destaca sua capacidade de mobiliza\u00e7\u00e3o e articula\u00e7\u00e3o pol\u00edtica, fatores que ser\u00e3o determinantes na corrida eleitoral que se inicia.<br><br>Na \u00faltima quarta-feira (31), Lula participou da conven\u00e7\u00e3o do PCdoB em Barreirinhas, onde o atual prefeito, Dr. Am\u00edlcar Rocha, oficializou sua candidatura \u00e0 reelei\u00e7\u00e3o. Este apoio estrat\u00e9gico demonstra a habilidade de Lula em fortalecer alian\u00e7as com lideran\u00e7as locais, consolidando sua presen\u00e7a pol\u00edtica em diferentes regi\u00f5es do estado. <br><br>Na quinta-feira (1), o deputado apoiou a candidatura de Jo\u00e3o Haroldo Barroso (PCdoB) em Colinas. Jo\u00e3o Haroldo, atualmente vice-prefeito, almeja ascender \u00e0 prefeitura. A escolha de Lula em apoiar um vice-prefeito para a candidatura ao cargo m\u00e1ximo do executivo municipal reflete uma aposta em nomes com experi\u00eancia administrativa e j\u00e1 conhecidos pela popula\u00e7\u00e3o.<br><br>Na sexta-feira (2), o parlamentar esteve em Barra do Corda, onde a conven\u00e7\u00e3o do PRD homologou a candidatura do m\u00e9dico Adriano Brandes \u00e0 prefeitura. No s\u00e1bado (3), Lula esteve em S\u00e3o Domingos do Azeit\u00e3o, onde o atual prefeito, J\u00fanior do Posto (Progressistas), oficializou sua candidatura \u00e0 reelei\u00e7\u00e3o. Essas participa\u00e7\u00f5es sinalizam a capacidade de Lula em diversificar suas alian\u00e7as, englobando diferentes partidos e perfis de candidatos.<br><br>No domingo (4), o deputado esteve em Humberto de Campos, apoiando a reelei\u00e7\u00e3o do prefeito Lu\u00eds Fernando (Uni\u00e3o Brasil). O apoio a um prefeito em exerc\u00edcio destaca a estrat\u00e9gia de Lula em fortalecer administra\u00e7\u00f5es j\u00e1 consolidadas, buscando continuidade nas gest\u00f5es que t\u00eam apresentado resultados positivos. <br><br>O ciclo de conven\u00e7\u00f5es foi encerrado na segunda-feira (5), em Axix\u00e1, onde Carlos Lula participou da conven\u00e7\u00e3o do PSB que oficializou Assis Simas como candidato a prefeito. Este apoio evidencia a habilidade de Lula em cultivar e promover novas lideran\u00e7as dentro de seu pr\u00f3prio partido, fortalecendo a base partid\u00e1ria.<br><br>Enquanto secret\u00e1rio de Sa\u00fade, Carlos Lula foi respons\u00e1vel por significativas melhorias na infraestrutura de sa\u00fade em diversas cidades, incluindo a abertura de novos hospitais estaduais e a amplia\u00e7\u00e3o de unidades existentes. Agora, como deputado estadual, ele continua a destinar emendas parlamentares e fazer indica\u00e7\u00f5es ao Governo do Estado, garantindo a continuidade de benef\u00edcios para os moradores desses munic\u00edpios.<br><br>A presen\u00e7a ativa de Carlos Lula nas conven\u00e7\u00f5es partid\u00e1rias, sua capacidade de articula\u00e7\u00e3o e o hist\u00f3rico de servi\u00e7os prestados consolidam sua posi\u00e7\u00e3o como uma das figuras pol\u00edticas mais influentes no cen\u00e1rio estadual. O impacto de seu apoio nas elei\u00e7\u00f5es municipais ser\u00e1 um indicativo claro de sua for\u00e7a e relev\u00e2ncia no panorama pol\u00edtico do Maranh\u00e3o.<\/p>\n\n\n\n<figure class=\"wp-block-image size-large\"><img loading=\"lazy\" decoding=\"async\" width=\"1024\" height=\"682\" src=\"https:\/\/maranhaotv.com.br\/wp-content\/uploads\/2024\/08\/img-20240806-wa07716103741650781084346-1024x682.jpg\" alt=\"\" class=\"wp-image-37089\" srcset=\"https:\/\/maranhaotv.com.br\/wp-content\/uploads\/2024\/08\/img-20240806-wa07716103741650781084346-1024x682.jpg 1024w, https:\/\/maranhaotv.com.br\/wp-content\/uploads\/2024\/08\/img-20240806-wa07716103741650781084346-300x200.jpg 300w, https:\/\/maranhaotv.com.br\/wp-content\/uploads\/2024\/08\/img-20240806-wa07716103741650781084346-768x512.jpg 768w, https:\/\/maranhaotv.com.br\/wp-content\/uploads\/2024\/08\/img-20240806-wa07716103741650781084346.jpg 1280w\" sizes=\"auto, (max-width: 1024px) 100vw, 1024px\" \/><\/figure>\n\n\n\n<figure class=\"wp-block-image\"><img loading=\"lazy\" decoding=\"async\" width=\"1024\" height=\"682\" src=\"https:\/\/maranhaotv.com.br\/wp-content\/uploads\/2024\/08\/img-20240806-wa07748312787308189440781-1024x682.jpg\" alt=\"\" class=\"wp-image-37091\" srcset=\"https:\/\/maranhaotv.com.br\/wp-content\/uploads\/2024\/08\/img-20240806-wa07748312787308189440781-1024x682.jpg 1024w, https:\/\/maranhaotv.com.br\/wp-content\/uploads\/2024\/08\/img-20240806-wa07748312787308189440781-300x200.jpg 300w, https:\/\/maranhaotv.com.br\/wp-content\/uploads\/2024\/08\/img-20240806-wa07748312787308189440781-768x512.jpg 768w, https:\/\/maranhaotv.com.br\/wp-content\/uploads\/2024\/08\/img-20240806-wa07748312787308189440781.jpg 1280w\" sizes=\"auto, (max-width: 1024px) 100vw, 1024px\" \/><\/figure>\n\n\n\n<figure class=\"wp-block-image\"><img loading=\"lazy\" decoding=\"async\" width=\"1024\" height=\"682\" src=\"https:\/\/maranhaotv.com.br\/wp-content\/uploads\/2024\/08\/img-20240806-wa07752158498583700160292-1024x682.jpg\" alt=\"\" class=\"wp-image-37090\" srcset=\"https:\/\/maranhaotv.com.br\/wp-content\/uploads\/2024\/08\/img-20240806-wa07752158498583700160292-1024x682.jpg 1024w, https:\/\/maranhaotv.com.br\/wp-content\/uploads\/2024\/08\/img-20240806-wa07752158498583700160292-300x200.jpg 300w, https:\/\/maranhaotv.com.br\/wp-content\/uploads\/2024\/08\/img-20240806-wa07752158498583700160292-768x512.jpg 768w, https:\/\/maranhaotv.com.br\/wp-content\/uploads\/2024\/08\/img-20240806-wa07752158498583700160292.jpg 1280w\" sizes=\"auto, (max-width: 1024px) 100vw, 1024px\" \/><\/figure>\n\n\n\n<figure class=\"wp-block-image\"><img loading=\"lazy\" decoding=\"async\" width=\"1024\" height=\"682\" src=\"https:\/\/maranhaotv.com.br\/wp-content\/uploads\/2024\/08\/img-20240806-wa07738800518160316760610-1024x682.jpg\" alt=\"\" class=\"wp-image-37092\" srcset=\"https:\/\/maranhaotv.com.br\/wp-content\/uploads\/2024\/08\/img-20240806-wa07738800518160316760610-1024x682.jpg 1024w, https:\/\/maranhaotv.com.br\/wp-content\/uploads\/2024\/08\/img-20240806-wa07738800518160316760610-300x200.jpg 300w, https:\/\/maranhaotv.com.br\/wp-content\/uploads\/2024\/08\/img-20240806-wa07738800518160316760610-768x511.jpg 768w, https:\/\/maranhaotv.com.br\/wp-content\/uploads\/2024\/08\/img-20240806-wa07738800518160316760610.jpg 1280w\" sizes=\"auto, (max-width: 1024px) 100vw, 1024px\" \/><\/figure>\n","protected":false},"excerpt":{"rendered":"<p>O deputado estadual Carlos Lula (PSB) reafirmou sua influ\u00eancia pol\u00edtica no Maranh\u00e3o ao participar das conven\u00e7\u00f5es partid\u00e1rias que marcaram o<\/p>\n","protected":false},"author":2,"featured_media":37093,"comment_status":"open","ping_status":"open","sticky":false,"template":"","format":"standard","meta":{"colormag_page_container_layout":"default_layout","colormag_page_sidebar_layout":"default_layout","_jetpack_memberships_contains_paid_content":false,"footnotes":""},"categories":[6],"tags":[],"class_list":["post-37094","post","type-post","status-publish","format-standard","has-post-thumbnail","hentry","category-politica"],"magazineBlocksPostFeaturedMedia":{"thumbnail":"https:\/\/maranhaotv.com.br\/wp-content\/uploads\/2024\/08\/IMG-20240806-WA0772-150x150.jpg","medium":"https:\/\/maranhaotv.com.br\/wp-content\/uploads\/2024\/08\/IMG-20240806-WA0772-300x200.jpg","medium_large":"https:\/\/maranhaotv.com.br\/wp-content\/uploads\/2024\/08\/IMG-20240806-WA0772-768x511.jpg","large":"https:\/\/maranhaotv.com.br\/wp-content\/uploads\/2024\/08\/IMG-20240806-WA0772-1024x682.jpg","1536x1536":"https:\/\/maranhaotv.com.br\/wp-content\/uploads\/2024\/08\/IMG-20240806-WA0772.jpg","2048x2048":"https:\/\/maranhaotv.com.br\/wp-content\/uploads\/2024\/08\/IMG-20240806-WA0772.jpg","colormag-highlighted-post":"https:\/\/maranhaotv.com.br\/wp-content\/uploads\/2024\/08\/IMG-20240806-WA0772-392x272.jpg","colormag-featured-post-medium":"https:\/\/maranhaotv.com.br\/wp-content\/uploads\/2024\/08\/IMG-20240806-WA0772-390x205.jpg","colormag-featured-post-small":"https:\/\/maranhaotv.com.br\/wp-content\/uploads\/2024\/08\/IMG-20240806-WA0772-130x90.jpg","colormag-featured-image":"https:\/\/maranhaotv.com.br\/wp-content\/uploads\/2024\/08\/IMG-20240806-WA0772-800x445.jpg","colormag-default-news":"https:\/\/maranhaotv.com.br\/wp-content\/uploads\/2024\/08\/IMG-20240806-WA0772-150x150.jpg","colormag-featured-image-large":"https:\/\/maranhaotv.com.br\/wp-content\/uploads\/2024\/08\/IMG-20240806-WA0772-1280x600.jpg"},"magazineBlocksPostAuthor":{"name":"maranhaotv","avatar":"https:\/\/secure.gravatar.com\/avatar\/8fadbca458d4cb68b1dd399ae9a40618d747bb1af65ac9fad21c89220a143eb4?s=96&d=mm&r=g"},"magazineBlocksPostCommentsNumber":"0","magazineBlocksPostExcerpt":"O deputado estadual Carlos Lula (PSB) reafirmou sua influ\u00eancia pol\u00edtica no Maranh\u00e3o ao participar das conven\u00e7\u00f5es partid\u00e1rias que marcaram o","magazineBlocksPostCategories":["pol\u00edtica"],"magazineBlocksPostViewCount":261,"magazineBlocksPostReadTime":3,"magazine_blocks_featured_image_url":{"full":["https:\/\/maranhaotv.com.br\/wp-content\/uploads\/2024\/08\/IMG-20240806-WA0772.jpg",1280,852,false],"medium":["https:\/\/maranhaotv.com.br\/wp-content\/uploads\/2024\/08\/IMG-20240806-WA0772-300x200.jpg",300,200,true],"thumbnail":["https:\/\/maranhaotv.com.br\/wp-content\/uploads\/2024\/08\/IMG-20240806-WA0772-150x150.jpg",150,150,true]},"magazine_blocks_author":{"display_name":"maranhaotv","author_link":"https:\/\/maranhaotv.com.br\/index.php\/author\/maranhaotv\/"},"magazine_blocks_comment":0,"magazine_blocks_author_image":"https:\/\/secure.gravatar.com\/avatar\/8fadbca458d4cb68b1dd399ae9a40618d747bb1af65ac9fad21c89220a143eb4?s=96&d=mm&r=g","magazine_blocks_category":"<a href=\"#\" class=\"category-link category-link-6\">pol\u00edtica<\/a>","yoast_head":"<!-- This site is optimized with the Yoast SEO plugin v27.4 - https:\/\/yoast.com\/product\/yoast-seo-wordpress\/ -->\n<title>Carlos Lula fortalece alian\u00e7as e consolida lideran\u00e7a pol\u00edtica no Maranh\u00e3o - NOT\u00cdCIAS EM TEMPO REAL<\/title>\n<meta name=\"robots\" content=\"index, follow, max-snippet:-1, max-image-preview:large, max-video-preview:-1\" \/>\n<link rel=\"canonical\" href=\"https:\/\/maranhaotv.com.br\/index.php\/2024\/08\/06\/carlos-lula-fortalece-aliancas-e-consolida-lideranca-politica-no-maranhao\/\" \/>\n<meta property=\"og:locale\" content=\"pt_BR\" \/>\n<meta property=\"og:type\" content=\"article\" \/>\n<meta property=\"og:title\" content=\"Carlos Lula fortalece alian\u00e7as e consolida lideran\u00e7a pol\u00edtica no Maranh\u00e3o - NOT\u00cdCIAS EM TEMPO REAL\" \/>\n<meta property=\"og:description\" content=\"O deputado estadual Carlos Lula (PSB) reafirmou sua influ\u00eancia pol\u00edtica no Maranh\u00e3o ao participar das conven\u00e7\u00f5es partid\u00e1rias que marcaram o\" \/>\n<meta property=\"og:url\" content=\"https:\/\/maranhaotv.com.br\/index.php\/2024\/08\/06\/carlos-lula-fortalece-aliancas-e-consolida-lideranca-politica-no-maranhao\/\" \/>\n<meta property=\"og:site_name\" content=\"NOT\u00cdCIAS EM TEMPO REAL\" \/>\n<meta property=\"article:publisher\" content=\"https:\/\/www.facebook.com\/maiobaotv\" \/>\n<meta property=\"article:published_time\" content=\"2024-08-06T18:33:35+00:00\" \/>\n<meta property=\"article:modified_time\" content=\"2024-08-06T18:33:48+00:00\" \/>\n<meta property=\"og:image\" content=\"https:\/\/maranhaotv.com.br\/wp-content\/uploads\/2024\/08\/IMG-20240806-WA0772.jpg\" \/>\n\t<meta property=\"og:image:width\" content=\"1280\" \/>\n\t<meta property=\"og:image:height\" content=\"852\" \/>\n\t<meta property=\"og:image:type\" content=\"image\/jpeg\" \/>\n<meta name=\"author\" content=\"maranhaotv\" \/>\n<meta name=\"twitter:card\" content=\"summary_large_image\" \/>\n<meta name=\"twitter:creator\" content=\"@sitemaranhaotv\" \/>\n<meta name=\"twitter:site\" content=\"@sitemaranhaotv\" \/>\n<meta name=\"twitter:label1\" content=\"Escrito por\" \/>\n\t<meta name=\"twitter:data1\" content=\"maranhaotv\" \/>\n\t<meta name=\"twitter:label2\" content=\"Est. tempo de leitura\" \/>\n\t<meta name=\"twitter:data2\" content=\"2 minutos\" \/>\n<script type=\"application\/ld+json\" class=\"yoast-schema-graph\">{\"@context\":\"https:\\\/\\\/schema.org\",\"@graph\":[{\"@type\":\"Article\",\"@id\":\"https:\\\/\\\/maranhaotv.com.br\\\/index.php\\\/2024\\\/08\\\/06\\\/carlos-lula-fortalece-aliancas-e-consolida-lideranca-politica-no-maranhao\\\/#article\",\"isPartOf\":{\"@id\":\"https:\\\/\\\/maranhaotv.com.br\\\/index.php\\\/2024\\\/08\\\/06\\\/carlos-lula-fortalece-aliancas-e-consolida-lideranca-politica-no-maranhao\\\/\"},\"author\":{\"name\":\"maranhaotv\",\"@id\":\"https:\\\/\\\/maranhaotv.com.br\\\/#\\\/schema\\\/person\\\/3d54238e86b20bb5c89ab2fdb8f8829a\"},\"headline\":\"Carlos Lula fortalece alian\u00e7as e consolida lideran\u00e7a pol\u00edtica no Maranh\u00e3o\",\"datePublished\":\"2024-08-06T18:33:35+00:00\",\"dateModified\":\"2024-08-06T18:33:48+00:00\",\"mainEntityOfPage\":{\"@id\":\"https:\\\/\\\/maranhaotv.com.br\\\/index.php\\\/2024\\\/08\\\/06\\\/carlos-lula-fortalece-aliancas-e-consolida-lideranca-politica-no-maranhao\\\/\"},\"wordCount\":494,\"commentCount\":0,\"publisher\":{\"@id\":\"https:\\\/\\\/maranhaotv.com.br\\\/#organization\"},\"image\":{\"@id\":\"https:\\\/\\\/maranhaotv.com.br\\\/index.php\\\/2024\\\/08\\\/06\\\/carlos-lula-fortalece-aliancas-e-consolida-lideranca-politica-no-maranhao\\\/#primaryimage\"},\"thumbnailUrl\":\"https:\\\/\\\/maranhaotv.com.br\\\/wp-content\\\/uploads\\\/2024\\\/08\\\/IMG-20240806-WA0772.jpg\",\"articleSection\":[\"pol\u00edtica\"],\"inLanguage\":\"pt-BR\",\"potentialAction\":[{\"@type\":\"CommentAction\",\"name\":\"Comment\",\"target\":[\"https:\\\/\\\/maranhaotv.com.br\\\/index.php\\\/2024\\\/08\\\/06\\\/carlos-lula-fortalece-aliancas-e-consolida-lideranca-politica-no-maranhao\\\/#respond\"]}]},{\"@type\":\"WebPage\",\"@id\":\"https:\\\/\\\/maranhaotv.com.br\\\/index.php\\\/2024\\\/08\\\/06\\\/carlos-lula-fortalece-aliancas-e-consolida-lideranca-politica-no-maranhao\\\/\",\"url\":\"https:\\\/\\\/maranhaotv.com.br\\\/index.php\\\/2024\\\/08\\\/06\\\/carlos-lula-fortalece-aliancas-e-consolida-lideranca-politica-no-maranhao\\\/\",\"name\":\"Carlos Lula fortalece alian\u00e7as e consolida lideran\u00e7a pol\u00edtica no Maranh\u00e3o - NOT\u00cdCIAS EM TEMPO REAL\",\"isPartOf\":{\"@id\":\"https:\\\/\\\/maranhaotv.com.br\\\/#website\"},\"primaryImageOfPage\":{\"@id\":\"https:\\\/\\\/maranhaotv.com.br\\\/index.php\\\/2024\\\/08\\\/06\\\/carlos-lula-fortalece-aliancas-e-consolida-lideranca-politica-no-maranhao\\\/#primaryimage\"},\"image\":{\"@id\":\"https:\\\/\\\/maranhaotv.com.br\\\/index.php\\\/2024\\\/08\\\/06\\\/carlos-lula-fortalece-aliancas-e-consolida-lideranca-politica-no-maranhao\\\/#primaryimage\"},\"thumbnailUrl\":\"https:\\\/\\\/maranhaotv.com.br\\\/wp-content\\\/uploads\\\/2024\\\/08\\\/IMG-20240806-WA0772.jpg\",\"datePublished\":\"2024-08-06T18:33:35+00:00\",\"dateModified\":\"2024-08-06T18:33:48+00:00\",\"breadcrumb\":{\"@id\":\"https:\\\/\\\/maranhaotv.com.br\\\/index.php\\\/2024\\\/08\\\/06\\\/carlos-lula-fortalece-aliancas-e-consolida-lideranca-politica-no-maranhao\\\/#breadcrumb\"},\"inLanguage\":\"pt-BR\",\"potentialAction\":[{\"@type\":\"ReadAction\",\"target\":[\"https:\\\/\\\/maranhaotv.com.br\\\/index.php\\\/2024\\\/08\\\/06\\\/carlos-lula-fortalece-aliancas-e-consolida-lideranca-politica-no-maranhao\\\/\"]}]},{\"@type\":\"ImageObject\",\"inLanguage\":\"pt-BR\",\"@id\":\"https:\\\/\\\/maranhaotv.com.br\\\/index.php\\\/2024\\\/08\\\/06\\\/carlos-lula-fortalece-aliancas-e-consolida-lideranca-politica-no-maranhao\\\/#primaryimage\",\"url\":\"https:\\\/\\\/maranhaotv.com.br\\\/wp-content\\\/uploads\\\/2024\\\/08\\\/IMG-20240806-WA0772.jpg\",\"contentUrl\":\"https:\\\/\\\/maranhaotv.com.br\\\/wp-content\\\/uploads\\\/2024\\\/08\\\/IMG-20240806-WA0772.jpg\",\"width\":1280,\"height\":852},{\"@type\":\"BreadcrumbList\",\"@id\":\"https:\\\/\\\/maranhaotv.com.br\\\/index.php\\\/2024\\\/08\\\/06\\\/carlos-lula-fortalece-aliancas-e-consolida-lideranca-politica-no-maranhao\\\/#breadcrumb\",\"itemListElement\":[{\"@type\":\"ListItem\",\"position\":1,\"name\":\"In\u00edcio\",\"item\":\"https:\\\/\\\/maranhaotv.com.br\\\/\"},{\"@type\":\"ListItem\",\"position\":2,\"name\":\"Carlos Lula fortalece alian\u00e7as e consolida lideran\u00e7a pol\u00edtica no Maranh\u00e3o\"}]},{\"@type\":\"WebSite\",\"@id\":\"https:\\\/\\\/maranhaotv.com.br\\\/#website\",\"url\":\"https:\\\/\\\/maranhaotv.com.br\\\/\",\"name\":\"Maranh\u00e3oTV\",\"description\":\"\",\"publisher\":{\"@id\":\"https:\\\/\\\/maranhaotv.com.br\\\/#organization\"},\"potentialAction\":[{\"@type\":\"SearchAction\",\"target\":{\"@type\":\"EntryPoint\",\"urlTemplate\":\"https:\\\/\\\/maranhaotv.com.br\\\/?s={search_term_string}\"},\"query-input\":{\"@type\":\"PropertyValueSpecification\",\"valueRequired\":true,\"valueName\":\"search_term_string\"}}],\"inLanguage\":\"pt-BR\"},{\"@type\":\"Organization\",\"@id\":\"https:\\\/\\\/maranhaotv.com.br\\\/#organization\",\"name\":\"Portal de Not\u00edcias\",\"url\":\"https:\\\/\\\/maranhaotv.com.br\\\/\",\"logo\":{\"@type\":\"ImageObject\",\"inLanguage\":\"pt-BR\",\"@id\":\"https:\\\/\\\/maranhaotv.com.br\\\/#\\\/schema\\\/logo\\\/image\\\/\",\"url\":\"https:\\\/\\\/maranhaotv.com.br\\\/wp-content\\\/uploads\\\/2024\\\/05\\\/cropped-cropped-avatar-1.png\",\"contentUrl\":\"https:\\\/\\\/maranhaotv.com.br\\\/wp-content\\\/uploads\\\/2024\\\/05\\\/cropped-cropped-avatar-1.png\",\"width\":792,\"height\":428,\"caption\":\"Portal de Not\u00edcias\"},\"image\":{\"@id\":\"https:\\\/\\\/maranhaotv.com.br\\\/#\\\/schema\\\/logo\\\/image\\\/\"},\"sameAs\":[\"https:\\\/\\\/www.facebook.com\\\/maiobaotv\",\"https:\\\/\\\/x.com\\\/sitemaranhaotv\",\"https:\\\/\\\/www.instagram.com\\\/maranhao.tv\",\"https:\\\/\\\/www.threads.net\\\/@maranhao.tv\"]},{\"@type\":\"Person\",\"@id\":\"https:\\\/\\\/maranhaotv.com.br\\\/#\\\/schema\\\/person\\\/3d54238e86b20bb5c89ab2fdb8f8829a\",\"name\":\"maranhaotv\",\"image\":{\"@type\":\"ImageObject\",\"inLanguage\":\"pt-BR\",\"@id\":\"https:\\\/\\\/secure.gravatar.com\\\/avatar\\\/8fadbca458d4cb68b1dd399ae9a40618d747bb1af65ac9fad21c89220a143eb4?s=96&d=mm&r=g\",\"url\":\"https:\\\/\\\/secure.gravatar.com\\\/avatar\\\/8fadbca458d4cb68b1dd399ae9a40618d747bb1af65ac9fad21c89220a143eb4?s=96&d=mm&r=g\",\"contentUrl\":\"https:\\\/\\\/secure.gravatar.com\\\/avatar\\\/8fadbca458d4cb68b1dd399ae9a40618d747bb1af65ac9fad21c89220a143eb4?s=96&d=mm&r=g\",\"caption\":\"maranhaotv\"},\"sameAs\":[\"https:\\\/\\\/maranhaotv.com.br\\\/\"],\"url\":\"https:\\\/\\\/maranhaotv.com.br\\\/index.php\\\/author\\\/maranhaotv\\\/\"}]}<\/script>\n<!-- \/ Yoast SEO plugin. -->","yoast_head_json":{"title":"Carlos Lula fortalece alian\u00e7as e consolida lideran\u00e7a pol\u00edtica no Maranh\u00e3o - NOT\u00cdCIAS EM TEMPO REAL","robots":{"index":"index","follow":"follow","max-snippet":"max-snippet:-1","max-image-preview":"max-image-preview:large","max-video-preview":"max-video-preview:-1"},"canonical":"https:\/\/maranhaotv.com.br\/index.php\/2024\/08\/06\/carlos-lula-fortalece-aliancas-e-consolida-lideranca-politica-no-maranhao\/","og_locale":"pt_BR","og_type":"article","og_title":"Carlos Lula fortalece alian\u00e7as e consolida lideran\u00e7a pol\u00edtica no Maranh\u00e3o - NOT\u00cdCIAS EM TEMPO REAL","og_description":"O deputado estadual Carlos Lula (PSB) reafirmou sua influ\u00eancia pol\u00edtica no Maranh\u00e3o ao participar das conven\u00e7\u00f5es partid\u00e1rias que marcaram o","og_url":"https:\/\/maranhaotv.com.br\/index.php\/2024\/08\/06\/carlos-lula-fortalece-aliancas-e-consolida-lideranca-politica-no-maranhao\/","og_site_name":"NOT\u00cdCIAS EM TEMPO REAL","article_publisher":"https:\/\/www.facebook.com\/maiobaotv","article_published_time":"2024-08-06T18:33:35+00:00","article_modified_time":"2024-08-06T18:33:48+00:00","og_image":[{"width":1280,"height":852,"url":"https:\/\/maranhaotv.com.br\/wp-content\/uploads\/2024\/08\/IMG-20240806-WA0772.jpg","type":"image\/jpeg"}],"author":"maranhaotv","twitter_card":"summary_large_image","twitter_creator":"@sitemaranhaotv","twitter_site":"@sitemaranhaotv","twitter_misc":{"Escrito por":"maranhaotv","Est. tempo de leitura":"2 minutos"},"schema":{"@context":"https:\/\/schema.org","@graph":[{"@type":"Article","@id":"https:\/\/maranhaotv.com.br\/index.php\/2024\/08\/06\/carlos-lula-fortalece-aliancas-e-consolida-lideranca-politica-no-maranhao\/#article","isPartOf":{"@id":"https:\/\/maranhaotv.com.br\/index.php\/2024\/08\/06\/carlos-lula-fortalece-aliancas-e-consolida-lideranca-politica-no-maranhao\/"},"author":{"name":"maranhaotv","@id":"https:\/\/maranhaotv.com.br\/#\/schema\/person\/3d54238e86b20bb5c89ab2fdb8f8829a"},"headline":"Carlos Lula fortalece alian\u00e7as e consolida lideran\u00e7a pol\u00edtica no Maranh\u00e3o","datePublished":"2024-08-06T18:33:35+00:00","dateModified":"2024-08-06T18:33:48+00:00","mainEntityOfPage":{"@id":"https:\/\/maranhaotv.com.br\/index.php\/2024\/08\/06\/carlos-lula-fortalece-aliancas-e-consolida-lideranca-politica-no-maranhao\/"},"wordCount":494,"commentCount":0,"publisher":{"@id":"https:\/\/maranhaotv.com.br\/#organization"},"image":{"@id":"https:\/\/maranhaotv.com.br\/index.php\/2024\/08\/06\/carlos-lula-fortalece-aliancas-e-consolida-lideranca-politica-no-maranhao\/#primaryimage"},"thumbnailUrl":"https:\/\/maranhaotv.com.br\/wp-content\/uploads\/2024\/08\/IMG-20240806-WA0772.jpg","articleSection":["pol\u00edtica"],"inLanguage":"pt-BR","potentialAction":[{"@type":"CommentAction","name":"Comment","target":["https:\/\/maranhaotv.com.br\/index.php\/2024\/08\/06\/carlos-lula-fortalece-aliancas-e-consolida-lideranca-politica-no-maranhao\/#respond"]}]},{"@type":"WebPage","@id":"https:\/\/maranhaotv.com.br\/index.php\/2024\/08\/06\/carlos-lula-fortalece-aliancas-e-consolida-lideranca-politica-no-maranhao\/","url":"https:\/\/maranhaotv.com.br\/index.php\/2024\/08\/06\/carlos-lula-fortalece-aliancas-e-consolida-lideranca-politica-no-maranhao\/","name":"Carlos Lula fortalece alian\u00e7as e consolida lideran\u00e7a pol\u00edtica no Maranh\u00e3o - NOT\u00cdCIAS EM TEMPO REAL","isPartOf":{"@id":"https:\/\/maranhaotv.com.br\/#website"},"primaryImageOfPage":{"@id":"https:\/\/maranhaotv.com.br\/index.php\/2024\/08\/06\/carlos-lula-fortalece-aliancas-e-consolida-lideranca-politica-no-maranhao\/#primaryimage"},"image":{"@id":"https:\/\/maranhaotv.com.br\/index.php\/2024\/08\/06\/carlos-lula-fortalece-aliancas-e-consolida-lideranca-politica-no-maranhao\/#primaryimage"},"thumbnailUrl":"https:\/\/maranhaotv.com.br\/wp-content\/uploads\/2024\/08\/IMG-20240806-WA0772.jpg","datePublished":"2024-08-06T18:33:35+00:00","dateModified":"2024-08-06T18:33:48+00:00","breadcrumb":{"@id":"https:\/\/maranhaotv.com.br\/index.php\/2024\/08\/06\/carlos-lula-fortalece-aliancas-e-consolida-lideranca-politica-no-maranhao\/#breadcrumb"},"inLanguage":"pt-BR","potentialAction":[{"@type":"ReadAction","target":["https:\/\/maranhaotv.com.br\/index.php\/2024\/08\/06\/carlos-lula-fortalece-aliancas-e-consolida-lideranca-politica-no-maranhao\/"]}]},{"@type":"ImageObject","inLanguage":"pt-BR","@id":"https:\/\/maranhaotv.com.br\/index.php\/2024\/08\/06\/carlos-lula-fortalece-aliancas-e-consolida-lideranca-politica-no-maranhao\/#primaryimage","url":"https:\/\/maranhaotv.com.br\/wp-content\/uploads\/2024\/08\/IMG-20240806-WA0772.jpg","contentUrl":"https:\/\/maranhaotv.com.br\/wp-content\/uploads\/2024\/08\/IMG-20240806-WA0772.jpg","width":1280,"height":852},{"@type":"BreadcrumbList","@id":"https:\/\/maranhaotv.com.br\/index.php\/2024\/08\/06\/carlos-lula-fortalece-aliancas-e-consolida-lideranca-politica-no-maranhao\/#breadcrumb","itemListElement":[{"@type":"ListItem","position":1,"name":"In\u00edcio","item":"https:\/\/maranhaotv.com.br\/"},{"@type":"ListItem","position":2,"name":"Carlos Lula fortalece alian\u00e7as e consolida lideran\u00e7a pol\u00edtica no Maranh\u00e3o"}]},{"@type":"WebSite","@id":"https:\/\/maranhaotv.com.br\/#website","url":"https:\/\/maranhaotv.com.br\/","name":"Maranh\u00e3oTV","description":"","publisher":{"@id":"https:\/\/maranhaotv.com.br\/#organization"},"potentialAction":[{"@type":"SearchAction","target":{"@type":"EntryPoint","urlTemplate":"https:\/\/maranhaotv.com.br\/?s={search_term_string}"},"query-input":{"@type":"PropertyValueSpecification","valueRequired":true,"valueName":"search_term_string"}}],"inLanguage":"pt-BR"},{"@type":"Organization","@id":"https:\/\/maranhaotv.com.br\/#organization","name":"Portal de Not\u00edcias","url":"https:\/\/maranhaotv.com.br\/","logo":{"@type":"ImageObject","inLanguage":"pt-BR","@id":"https:\/\/maranhaotv.com.br\/#\/schema\/logo\/image\/","url":"https:\/\/maranhaotv.com.br\/wp-content\/uploads\/2024\/05\/cropped-cropped-avatar-1.png","contentUrl":"https:\/\/maranhaotv.com.br\/wp-content\/uploads\/2024\/05\/cropped-cropped-avatar-1.png","width":792,"height":428,"caption":"Portal de Not\u00edcias"},"image":{"@id":"https:\/\/maranhaotv.com.br\/#\/schema\/logo\/image\/"},"sameAs":["https:\/\/www.facebook.com\/maiobaotv","https:\/\/x.com\/sitemaranhaotv","https:\/\/www.instagram.com\/maranhao.tv","https:\/\/www.threads.net\/@maranhao.tv"]},{"@type":"Person","@id":"https:\/\/maranhaotv.com.br\/#\/schema\/person\/3d54238e86b20bb5c89ab2fdb8f8829a","name":"maranhaotv","image":{"@type":"ImageObject","inLanguage":"pt-BR","@id":"https:\/\/secure.gravatar.com\/avatar\/8fadbca458d4cb68b1dd399ae9a40618d747bb1af65ac9fad21c89220a143eb4?s=96&d=mm&r=g","url":"https:\/\/secure.gravatar.com\/avatar\/8fadbca458d4cb68b1dd399ae9a40618d747bb1af65ac9fad21c89220a143eb4?s=96&d=mm&r=g","contentUrl":"https:\/\/secure.gravatar.com\/avatar\/8fadbca458d4cb68b1dd399ae9a40618d747bb1af65ac9fad21c89220a143eb4?s=96&d=mm&r=g","caption":"maranhaotv"},"sameAs":["https:\/\/maranhaotv.com.br\/"],"url":"https:\/\/maranhaotv.com.br\/index.php\/author\/maranhaotv\/"}]}},"jetpack_featured_media_url":"https:\/\/maranhaotv.com.br\/wp-content\/uploads\/2024\/08\/IMG-20240806-WA0772.jpg","jetpack_sharing_enabled":true,"_links":{"self":[{"href":"https:\/\/maranhaotv.com.br\/index.php\/wp-json\/wp\/v2\/posts\/37094","targetHints":{"allow":["GET"]}}],"collection":[{"href":"https:\/\/maranhaotv.com.br\/index.php\/wp-json\/wp\/v2\/posts"}],"about":[{"href":"https:\/\/maranhaotv.com.br\/index.php\/wp-json\/wp\/v2\/types\/post"}],"author":[{"embeddable":true,"href":"https:\/\/maranhaotv.com.br\/index.php\/wp-json\/wp\/v2\/users\/2"}],"replies":[{"embeddable":true,"href":"https:\/\/maranhaotv.com.br\/index.php\/wp-json\/wp\/v2\/comments?post=37094"}],"version-history":[{"count":1,"href":"https:\/\/maranhaotv.com.br\/index.php\/wp-json\/wp\/v2\/posts\/37094\/revisions"}],"predecessor-version":[{"id":37095,"href":"https:\/\/maranhaotv.com.br\/index.php\/wp-json\/wp\/v2\/posts\/37094\/revisions\/37095"}],"wp:featuredmedia":[{"embeddable":true,"href":"https:\/\/maranhaotv.com.br\/index.php\/wp-json\/wp\/v2\/media\/37093"}],"wp:attachment":[{"href":"https:\/\/maranhaotv.com.br\/index.php\/wp-json\/wp\/v2\/media?parent=37094"}],"wp:term":[{"taxonomy":"category","embeddable":true,"href":"https:\/\/maranhaotv.com.br\/index.php\/wp-json\/wp\/v2\/categories?post=37094"},{"taxonomy":"post_tag","embeddable":true,"href":"https:\/\/maranhaotv.com.br\/index.php\/wp-json\/wp\/v2\/tags?post=37094"}],"curies":[{"name":"wp","href":"https:\/\/api.w.org\/{rel}","templated":true}]}}