{"id":37097,"date":"2024-08-06T16:19:47","date_gmt":"2024-08-06T19:19:47","guid":{"rendered":"https:\/\/maranhaotv.com.br\/?p=37097"},"modified":"2024-08-06T16:19:48","modified_gmt":"2024-08-06T19:19:48","slug":"mpma-cobra-municipio-de-viana-por-descumprimento-de-tac-por-nao-realizacao-de-concurso-publico","status":"publish","type":"post","link":"https:\/\/maranhaotv.com.br\/index.php\/2024\/08\/06\/mpma-cobra-municipio-de-viana-por-descumprimento-de-tac-por-nao-realizacao-de-concurso-publico\/","title":{"rendered":"MPMA cobra Munic\u00edpio de Viana por descumprimento de TAC por n\u00e3o realiza\u00e7\u00e3o de concurso p\u00fablico"},"content":{"rendered":"\n<p><\/p>\n\n\n\n<p>O Minist\u00e9rio P\u00fablico do Maranh\u00e3o, por meio da 1\u00aa Promotoria de Justi\u00e7a de Viana, ingressou, no \u00faltimo dia 1\u00b0 com uma execu\u00e7\u00e3o de T\u00edtulo Executivo Extrajudicial contra o Munic\u00edpio. O motivo \u00e9 o descumprimento de um Termo de Ajustamento de Conduta (TAC), assinado em abril de 2023, que previa a elabora\u00e7\u00e3o e encaminhamento \u00e0 C\u00e2mara de Vereadores de um projeto de lei de reforma administrativa e a realiza\u00e7\u00e3o de concurso p\u00fablico.<br><br><br>No TAC, assinado pelo prefeito Carlos Augusto Furtado Cidreira, o Munic\u00edpio se comprometeu a realizar estudos e altera\u00e7\u00e3o das legisla\u00e7\u00f5es relativas aos cargos p\u00fablicos efetivos e comissionados. Em at\u00e9 nove meses, a Prefeitura deveria encaminhar projeto de lei ao Legislativo Municipal tratando da reforma administrativa.<br><br>O acordo previa a aplica\u00e7\u00e3o de multa di\u00e1ria de R$ 1 mil di\u00e1rios em caso de descumprimento.<br><br>De acordo com a promotora de justi\u00e7a Isabelle de Carvalho Fernandes Saraiva, v\u00e1rios of\u00edcios foram encaminhados ao prefeito de Viana, ao procurador-geral do Munic\u00edpio e ao secret\u00e1rio municipal de Administra\u00e7\u00e3o e Finan\u00e7as.<br><br>A \u00faltima atualiza\u00e7\u00e3o recebida veio da Procuradoria do Munic\u00edpio, em 25 de janeiro de 2024. Na \u00e9poca, foi dito que o projeto estaria em elabora\u00e7\u00e3o e deveria ser encaminhado, tanto ao Minist\u00e9rio P\u00fablico quanto \u00e0 C\u00e2mara de Vereadores, at\u00e9 o m\u00eas de mar\u00e7o. Ap\u00f3s esse posicionamento, n\u00e3o houve outra manifesta\u00e7\u00e3o formal sobre o tema. J\u00e1 o prefeito n\u00e3o respondeu a nenhum dos of\u00edcios encaminhados pela Promotoria.<br><br>A promotora de justi\u00e7a Isabelle Saraiva observou que j\u00e1 se passaram quase 16 meses desde a assinatura do TAC. \u201cO Termo de Ajustamento de Conduta \u00e9 um instituto que n\u00e3o pode servir ao gestor para que apenas ganhe tempo quanto ao cumprimento das obriga\u00e7\u00f5es que dele s\u00e3o exigidas; usar o instrumento para essa finalidade \u00e9 demonstrar efetivo desrespeito pelas fun\u00e7\u00f5es ministeriais e, ao fim e ao cabo, por toda a sociedade\u201d, avaliou.<br><br>No pedido de execu\u00e7\u00e3o, o Minist\u00e9rio P\u00fablico do Maranh\u00e3o requer o pagamento da multa por descumprimento do Termo de Ajustamento de Conduta, no valor de R$ 1 mil por dia, contada a partir de 13 de outubro de 2023. O Munic\u00edpio de Viana tamb\u00e9m dever\u00e1 cumprir o TAC, elaborando e encaminhando projeto de lei de reforma administrativa, al\u00e9m de realizar concurso p\u00fablico.<br><br><br><br><br><br><\/p>\n","protected":false},"excerpt":{"rendered":"<p>O Minist\u00e9rio P\u00fablico do Maranh\u00e3o, por meio da 1\u00aa Promotoria de Justi\u00e7a de Viana, ingressou, no \u00faltimo dia 1\u00b0 com<\/p>\n","protected":false},"author":2,"featured_media":37096,"comment_status":"open","ping_status":"open","sticky":false,"template":"","format":"standard","meta":{"colormag_page_container_layout":"default_layout","colormag_page_sidebar_layout":"default_layout","_jetpack_memberships_contains_paid_content":false,"footnotes":""},"categories":[23],"tags":[],"class_list":["post-37097","post","type-post","status-publish","format-standard","has-post-thumbnail","hentry","category-denuncia"],"magazineBlocksPostFeaturedMedia":{"thumbnail":"https:\/\/maranhaotv.com.br\/wp-content\/uploads\/2024\/08\/Cidreira-carrinho-150x150.webp","medium":"https:\/\/maranhaotv.com.br\/wp-content\/uploads\/2024\/08\/Cidreira-carrinho-300x211.webp","medium_large":"https:\/\/maranhaotv.com.br\/wp-content\/uploads\/2024\/08\/Cidreira-carrinho.webp","large":"https:\/\/maranhaotv.com.br\/wp-content\/uploads\/2024\/08\/Cidreira-carrinho.webp","1536x1536":"https:\/\/maranhaotv.com.br\/wp-content\/uploads\/2024\/08\/Cidreira-carrinho.webp","2048x2048":"https:\/\/maranhaotv.com.br\/wp-content\/uploads\/2024\/08\/Cidreira-carrinho.webp","colormag-highlighted-post":"https:\/\/maranhaotv.com.br\/wp-content\/uploads\/2024\/08\/Cidreira-carrinho-392x272.webp","colormag-featured-post-medium":"https:\/\/maranhaotv.com.br\/wp-content\/uploads\/2024\/08\/Cidreira-carrinho-390x205.webp","colormag-featured-post-small":"https:\/\/maranhaotv.com.br\/wp-content\/uploads\/2024\/08\/Cidreira-carrinho-130x90.webp","colormag-featured-image":"https:\/\/maranhaotv.com.br\/wp-content\/uploads\/2024\/08\/Cidreira-carrinho-660x445.webp","colormag-default-news":"https:\/\/maranhaotv.com.br\/wp-content\/uploads\/2024\/08\/Cidreira-carrinho-150x150.webp","colormag-featured-image-large":"https:\/\/maranhaotv.com.br\/wp-content\/uploads\/2024\/08\/Cidreira-carrinho.webp"},"magazineBlocksPostAuthor":{"name":"maranhaotv","avatar":"https:\/\/secure.gravatar.com\/avatar\/8fadbca458d4cb68b1dd399ae9a40618d747bb1af65ac9fad21c89220a143eb4?s=96&d=mm&r=g"},"magazineBlocksPostCommentsNumber":"0","magazineBlocksPostExcerpt":"O Minist\u00e9rio P\u00fablico do Maranh\u00e3o, por meio da 1\u00aa Promotoria de Justi\u00e7a de Viana, ingressou, no \u00faltimo dia 1\u00b0 com","magazineBlocksPostCategories":["den\u00fancia"],"magazineBlocksPostViewCount":246,"magazineBlocksPostReadTime":3,"magazine_blocks_featured_image_url":{"full":["https:\/\/maranhaotv.com.br\/wp-content\/uploads\/2024\/08\/Cidreira-carrinho.webp",660,464,false],"medium":["https:\/\/maranhaotv.com.br\/wp-content\/uploads\/2024\/08\/Cidreira-carrinho-300x211.webp",300,211,true],"thumbnail":["https:\/\/maranhaotv.com.br\/wp-content\/uploads\/2024\/08\/Cidreira-carrinho-150x150.webp",150,150,true]},"magazine_blocks_author":{"display_name":"maranhaotv","author_link":"https:\/\/maranhaotv.com.br\/index.php\/author\/maranhaotv\/"},"magazine_blocks_comment":0,"magazine_blocks_author_image":"https:\/\/secure.gravatar.com\/avatar\/8fadbca458d4cb68b1dd399ae9a40618d747bb1af65ac9fad21c89220a143eb4?s=96&d=mm&r=g","magazine_blocks_category":"<a href=\"#\" class=\"category-link category-link-23\">den\u00fancia<\/a>","yoast_head":"<!-- This site is optimized with the Yoast SEO plugin v27.4 - https:\/\/yoast.com\/product\/yoast-seo-wordpress\/ -->\n<title>MPMA cobra Munic\u00edpio de Viana por descumprimento de TAC por n\u00e3o realiza\u00e7\u00e3o de concurso p\u00fablico - NOT\u00cdCIAS EM TEMPO REAL<\/title>\n<meta name=\"robots\" content=\"index, follow, max-snippet:-1, max-image-preview:large, max-video-preview:-1\" \/>\n<link rel=\"canonical\" href=\"https:\/\/maranhaotv.com.br\/index.php\/2024\/08\/06\/mpma-cobra-municipio-de-viana-por-descumprimento-de-tac-por-nao-realizacao-de-concurso-publico\/\" \/>\n<meta property=\"og:locale\" content=\"pt_BR\" \/>\n<meta property=\"og:type\" content=\"article\" \/>\n<meta property=\"og:title\" content=\"MPMA cobra Munic\u00edpio de Viana por descumprimento de TAC por n\u00e3o realiza\u00e7\u00e3o de concurso p\u00fablico - NOT\u00cdCIAS EM TEMPO REAL\" \/>\n<meta property=\"og:description\" content=\"O Minist\u00e9rio P\u00fablico do Maranh\u00e3o, por meio da 1\u00aa Promotoria de Justi\u00e7a de Viana, ingressou, no \u00faltimo dia 1\u00b0 com\" \/>\n<meta property=\"og:url\" content=\"https:\/\/maranhaotv.com.br\/index.php\/2024\/08\/06\/mpma-cobra-municipio-de-viana-por-descumprimento-de-tac-por-nao-realizacao-de-concurso-publico\/\" \/>\n<meta property=\"og:site_name\" content=\"NOT\u00cdCIAS EM TEMPO REAL\" \/>\n<meta property=\"article:publisher\" content=\"https:\/\/www.facebook.com\/maiobaotv\" \/>\n<meta property=\"article:published_time\" content=\"2024-08-06T19:19:47+00:00\" \/>\n<meta property=\"article:modified_time\" content=\"2024-08-06T19:19:48+00:00\" \/>\n<meta property=\"og:image\" content=\"https:\/\/maranhaotv.com.br\/wp-content\/uploads\/2024\/08\/Cidreira-carrinho.webp\" \/>\n\t<meta property=\"og:image:width\" content=\"660\" \/>\n\t<meta property=\"og:image:height\" content=\"464\" \/>\n\t<meta property=\"og:image:type\" content=\"image\/webp\" \/>\n<meta name=\"author\" content=\"maranhaotv\" \/>\n<meta name=\"twitter:card\" content=\"summary_large_image\" \/>\n<meta name=\"twitter:creator\" content=\"@sitemaranhaotv\" \/>\n<meta name=\"twitter:site\" content=\"@sitemaranhaotv\" \/>\n<meta name=\"twitter:label1\" content=\"Escrito por\" \/>\n\t<meta name=\"twitter:data1\" content=\"maranhaotv\" \/>\n\t<meta name=\"twitter:label2\" content=\"Est. tempo de leitura\" \/>\n\t<meta name=\"twitter:data2\" content=\"2 minutos\" \/>\n<script type=\"application\/ld+json\" class=\"yoast-schema-graph\">{\"@context\":\"https:\\\/\\\/schema.org\",\"@graph\":[{\"@type\":\"Article\",\"@id\":\"https:\\\/\\\/maranhaotv.com.br\\\/index.php\\\/2024\\\/08\\\/06\\\/mpma-cobra-municipio-de-viana-por-descumprimento-de-tac-por-nao-realizacao-de-concurso-publico\\\/#article\",\"isPartOf\":{\"@id\":\"https:\\\/\\\/maranhaotv.com.br\\\/index.php\\\/2024\\\/08\\\/06\\\/mpma-cobra-municipio-de-viana-por-descumprimento-de-tac-por-nao-realizacao-de-concurso-publico\\\/\"},\"author\":{\"name\":\"maranhaotv\",\"@id\":\"https:\\\/\\\/maranhaotv.com.br\\\/#\\\/schema\\\/person\\\/3d54238e86b20bb5c89ab2fdb8f8829a\"},\"headline\":\"MPMA cobra Munic\u00edpio de Viana por descumprimento de TAC por n\u00e3o realiza\u00e7\u00e3o de concurso p\u00fablico\",\"datePublished\":\"2024-08-06T19:19:47+00:00\",\"dateModified\":\"2024-08-06T19:19:48+00:00\",\"mainEntityOfPage\":{\"@id\":\"https:\\\/\\\/maranhaotv.com.br\\\/index.php\\\/2024\\\/08\\\/06\\\/mpma-cobra-municipio-de-viana-por-descumprimento-de-tac-por-nao-realizacao-de-concurso-publico\\\/\"},\"wordCount\":420,\"commentCount\":0,\"publisher\":{\"@id\":\"https:\\\/\\\/maranhaotv.com.br\\\/#organization\"},\"image\":{\"@id\":\"https:\\\/\\\/maranhaotv.com.br\\\/index.php\\\/2024\\\/08\\\/06\\\/mpma-cobra-municipio-de-viana-por-descumprimento-de-tac-por-nao-realizacao-de-concurso-publico\\\/#primaryimage\"},\"thumbnailUrl\":\"https:\\\/\\\/maranhaotv.com.br\\\/wp-content\\\/uploads\\\/2024\\\/08\\\/Cidreira-carrinho.webp\",\"articleSection\":[\"den\u00fancia\"],\"inLanguage\":\"pt-BR\",\"potentialAction\":[{\"@type\":\"CommentAction\",\"name\":\"Comment\",\"target\":[\"https:\\\/\\\/maranhaotv.com.br\\\/index.php\\\/2024\\\/08\\\/06\\\/mpma-cobra-municipio-de-viana-por-descumprimento-de-tac-por-nao-realizacao-de-concurso-publico\\\/#respond\"]}]},{\"@type\":\"WebPage\",\"@id\":\"https:\\\/\\\/maranhaotv.com.br\\\/index.php\\\/2024\\\/08\\\/06\\\/mpma-cobra-municipio-de-viana-por-descumprimento-de-tac-por-nao-realizacao-de-concurso-publico\\\/\",\"url\":\"https:\\\/\\\/maranhaotv.com.br\\\/index.php\\\/2024\\\/08\\\/06\\\/mpma-cobra-municipio-de-viana-por-descumprimento-de-tac-por-nao-realizacao-de-concurso-publico\\\/\",\"name\":\"MPMA cobra Munic\u00edpio de Viana por descumprimento de TAC por n\u00e3o realiza\u00e7\u00e3o de concurso p\u00fablico - NOT\u00cdCIAS EM TEMPO REAL\",\"isPartOf\":{\"@id\":\"https:\\\/\\\/maranhaotv.com.br\\\/#website\"},\"primaryImageOfPage\":{\"@id\":\"https:\\\/\\\/maranhaotv.com.br\\\/index.php\\\/2024\\\/08\\\/06\\\/mpma-cobra-municipio-de-viana-por-descumprimento-de-tac-por-nao-realizacao-de-concurso-publico\\\/#primaryimage\"},\"image\":{\"@id\":\"https:\\\/\\\/maranhaotv.com.br\\\/index.php\\\/2024\\\/08\\\/06\\\/mpma-cobra-municipio-de-viana-por-descumprimento-de-tac-por-nao-realizacao-de-concurso-publico\\\/#primaryimage\"},\"thumbnailUrl\":\"https:\\\/\\\/maranhaotv.com.br\\\/wp-content\\\/uploads\\\/2024\\\/08\\\/Cidreira-carrinho.webp\",\"datePublished\":\"2024-08-06T19:19:47+00:00\",\"dateModified\":\"2024-08-06T19:19:48+00:00\",\"breadcrumb\":{\"@id\":\"https:\\\/\\\/maranhaotv.com.br\\\/index.php\\\/2024\\\/08\\\/06\\\/mpma-cobra-municipio-de-viana-por-descumprimento-de-tac-por-nao-realizacao-de-concurso-publico\\\/#breadcrumb\"},\"inLanguage\":\"pt-BR\",\"potentialAction\":[{\"@type\":\"ReadAction\",\"target\":[\"https:\\\/\\\/maranhaotv.com.br\\\/index.php\\\/2024\\\/08\\\/06\\\/mpma-cobra-municipio-de-viana-por-descumprimento-de-tac-por-nao-realizacao-de-concurso-publico\\\/\"]}]},{\"@type\":\"ImageObject\",\"inLanguage\":\"pt-BR\",\"@id\":\"https:\\\/\\\/maranhaotv.com.br\\\/index.php\\\/2024\\\/08\\\/06\\\/mpma-cobra-municipio-de-viana-por-descumprimento-de-tac-por-nao-realizacao-de-concurso-publico\\\/#primaryimage\",\"url\":\"https:\\\/\\\/maranhaotv.com.br\\\/wp-content\\\/uploads\\\/2024\\\/08\\\/Cidreira-carrinho.webp\",\"contentUrl\":\"https:\\\/\\\/maranhaotv.com.br\\\/wp-content\\\/uploads\\\/2024\\\/08\\\/Cidreira-carrinho.webp\",\"width\":660,\"height\":464},{\"@type\":\"BreadcrumbList\",\"@id\":\"https:\\\/\\\/maranhaotv.com.br\\\/index.php\\\/2024\\\/08\\\/06\\\/mpma-cobra-municipio-de-viana-por-descumprimento-de-tac-por-nao-realizacao-de-concurso-publico\\\/#breadcrumb\",\"itemListElement\":[{\"@type\":\"ListItem\",\"position\":1,\"name\":\"In\u00edcio\",\"item\":\"https:\\\/\\\/maranhaotv.com.br\\\/\"},{\"@type\":\"ListItem\",\"position\":2,\"name\":\"MPMA cobra Munic\u00edpio de Viana por descumprimento de TAC por n\u00e3o realiza\u00e7\u00e3o de concurso p\u00fablico\"}]},{\"@type\":\"WebSite\",\"@id\":\"https:\\\/\\\/maranhaotv.com.br\\\/#website\",\"url\":\"https:\\\/\\\/maranhaotv.com.br\\\/\",\"name\":\"Maranh\u00e3oTV\",\"description\":\"\",\"publisher\":{\"@id\":\"https:\\\/\\\/maranhaotv.com.br\\\/#organization\"},\"potentialAction\":[{\"@type\":\"SearchAction\",\"target\":{\"@type\":\"EntryPoint\",\"urlTemplate\":\"https:\\\/\\\/maranhaotv.com.br\\\/?s={search_term_string}\"},\"query-input\":{\"@type\":\"PropertyValueSpecification\",\"valueRequired\":true,\"valueName\":\"search_term_string\"}}],\"inLanguage\":\"pt-BR\"},{\"@type\":\"Organization\",\"@id\":\"https:\\\/\\\/maranhaotv.com.br\\\/#organization\",\"name\":\"Portal de Not\u00edcias\",\"url\":\"https:\\\/\\\/maranhaotv.com.br\\\/\",\"logo\":{\"@type\":\"ImageObject\",\"inLanguage\":\"pt-BR\",\"@id\":\"https:\\\/\\\/maranhaotv.com.br\\\/#\\\/schema\\\/logo\\\/image\\\/\",\"url\":\"https:\\\/\\\/maranhaotv.com.br\\\/wp-content\\\/uploads\\\/2024\\\/05\\\/cropped-cropped-avatar-1.png\",\"contentUrl\":\"https:\\\/\\\/maranhaotv.com.br\\\/wp-content\\\/uploads\\\/2024\\\/05\\\/cropped-cropped-avatar-1.png\",\"width\":792,\"height\":428,\"caption\":\"Portal de Not\u00edcias\"},\"image\":{\"@id\":\"https:\\\/\\\/maranhaotv.com.br\\\/#\\\/schema\\\/logo\\\/image\\\/\"},\"sameAs\":[\"https:\\\/\\\/www.facebook.com\\\/maiobaotv\",\"https:\\\/\\\/x.com\\\/sitemaranhaotv\",\"https:\\\/\\\/www.instagram.com\\\/maranhao.tv\",\"https:\\\/\\\/www.threads.net\\\/@maranhao.tv\"]},{\"@type\":\"Person\",\"@id\":\"https:\\\/\\\/maranhaotv.com.br\\\/#\\\/schema\\\/person\\\/3d54238e86b20bb5c89ab2fdb8f8829a\",\"name\":\"maranhaotv\",\"image\":{\"@type\":\"ImageObject\",\"inLanguage\":\"pt-BR\",\"@id\":\"https:\\\/\\\/secure.gravatar.com\\\/avatar\\\/8fadbca458d4cb68b1dd399ae9a40618d747bb1af65ac9fad21c89220a143eb4?s=96&d=mm&r=g\",\"url\":\"https:\\\/\\\/secure.gravatar.com\\\/avatar\\\/8fadbca458d4cb68b1dd399ae9a40618d747bb1af65ac9fad21c89220a143eb4?s=96&d=mm&r=g\",\"contentUrl\":\"https:\\\/\\\/secure.gravatar.com\\\/avatar\\\/8fadbca458d4cb68b1dd399ae9a40618d747bb1af65ac9fad21c89220a143eb4?s=96&d=mm&r=g\",\"caption\":\"maranhaotv\"},\"sameAs\":[\"https:\\\/\\\/maranhaotv.com.br\\\/\"],\"url\":\"https:\\\/\\\/maranhaotv.com.br\\\/index.php\\\/author\\\/maranhaotv\\\/\"}]}<\/script>\n<!-- \/ Yoast SEO plugin. -->","yoast_head_json":{"title":"MPMA cobra Munic\u00edpio de Viana por descumprimento de TAC por n\u00e3o realiza\u00e7\u00e3o de concurso p\u00fablico - NOT\u00cdCIAS EM TEMPO REAL","robots":{"index":"index","follow":"follow","max-snippet":"max-snippet:-1","max-image-preview":"max-image-preview:large","max-video-preview":"max-video-preview:-1"},"canonical":"https:\/\/maranhaotv.com.br\/index.php\/2024\/08\/06\/mpma-cobra-municipio-de-viana-por-descumprimento-de-tac-por-nao-realizacao-de-concurso-publico\/","og_locale":"pt_BR","og_type":"article","og_title":"MPMA cobra Munic\u00edpio de Viana por descumprimento de TAC por n\u00e3o realiza\u00e7\u00e3o de concurso p\u00fablico - NOT\u00cdCIAS EM TEMPO REAL","og_description":"O Minist\u00e9rio P\u00fablico do Maranh\u00e3o, por meio da 1\u00aa Promotoria de Justi\u00e7a de Viana, ingressou, no \u00faltimo dia 1\u00b0 com","og_url":"https:\/\/maranhaotv.com.br\/index.php\/2024\/08\/06\/mpma-cobra-municipio-de-viana-por-descumprimento-de-tac-por-nao-realizacao-de-concurso-publico\/","og_site_name":"NOT\u00cdCIAS EM TEMPO REAL","article_publisher":"https:\/\/www.facebook.com\/maiobaotv","article_published_time":"2024-08-06T19:19:47+00:00","article_modified_time":"2024-08-06T19:19:48+00:00","og_image":[{"width":660,"height":464,"url":"https:\/\/maranhaotv.com.br\/wp-content\/uploads\/2024\/08\/Cidreira-carrinho.webp","type":"image\/webp"}],"author":"maranhaotv","twitter_card":"summary_large_image","twitter_creator":"@sitemaranhaotv","twitter_site":"@sitemaranhaotv","twitter_misc":{"Escrito por":"maranhaotv","Est. tempo de leitura":"2 minutos"},"schema":{"@context":"https:\/\/schema.org","@graph":[{"@type":"Article","@id":"https:\/\/maranhaotv.com.br\/index.php\/2024\/08\/06\/mpma-cobra-municipio-de-viana-por-descumprimento-de-tac-por-nao-realizacao-de-concurso-publico\/#article","isPartOf":{"@id":"https:\/\/maranhaotv.com.br\/index.php\/2024\/08\/06\/mpma-cobra-municipio-de-viana-por-descumprimento-de-tac-por-nao-realizacao-de-concurso-publico\/"},"author":{"name":"maranhaotv","@id":"https:\/\/maranhaotv.com.br\/#\/schema\/person\/3d54238e86b20bb5c89ab2fdb8f8829a"},"headline":"MPMA cobra Munic\u00edpio de Viana por descumprimento de TAC por n\u00e3o realiza\u00e7\u00e3o de concurso p\u00fablico","datePublished":"2024-08-06T19:19:47+00:00","dateModified":"2024-08-06T19:19:48+00:00","mainEntityOfPage":{"@id":"https:\/\/maranhaotv.com.br\/index.php\/2024\/08\/06\/mpma-cobra-municipio-de-viana-por-descumprimento-de-tac-por-nao-realizacao-de-concurso-publico\/"},"wordCount":420,"commentCount":0,"publisher":{"@id":"https:\/\/maranhaotv.com.br\/#organization"},"image":{"@id":"https:\/\/maranhaotv.com.br\/index.php\/2024\/08\/06\/mpma-cobra-municipio-de-viana-por-descumprimento-de-tac-por-nao-realizacao-de-concurso-publico\/#primaryimage"},"thumbnailUrl":"https:\/\/maranhaotv.com.br\/wp-content\/uploads\/2024\/08\/Cidreira-carrinho.webp","articleSection":["den\u00fancia"],"inLanguage":"pt-BR","potentialAction":[{"@type":"CommentAction","name":"Comment","target":["https:\/\/maranhaotv.com.br\/index.php\/2024\/08\/06\/mpma-cobra-municipio-de-viana-por-descumprimento-de-tac-por-nao-realizacao-de-concurso-publico\/#respond"]}]},{"@type":"WebPage","@id":"https:\/\/maranhaotv.com.br\/index.php\/2024\/08\/06\/mpma-cobra-municipio-de-viana-por-descumprimento-de-tac-por-nao-realizacao-de-concurso-publico\/","url":"https:\/\/maranhaotv.com.br\/index.php\/2024\/08\/06\/mpma-cobra-municipio-de-viana-por-descumprimento-de-tac-por-nao-realizacao-de-concurso-publico\/","name":"MPMA cobra Munic\u00edpio de Viana por descumprimento de TAC por n\u00e3o realiza\u00e7\u00e3o de concurso p\u00fablico - NOT\u00cdCIAS EM TEMPO REAL","isPartOf":{"@id":"https:\/\/maranhaotv.com.br\/#website"},"primaryImageOfPage":{"@id":"https:\/\/maranhaotv.com.br\/index.php\/2024\/08\/06\/mpma-cobra-municipio-de-viana-por-descumprimento-de-tac-por-nao-realizacao-de-concurso-publico\/#primaryimage"},"image":{"@id":"https:\/\/maranhaotv.com.br\/index.php\/2024\/08\/06\/mpma-cobra-municipio-de-viana-por-descumprimento-de-tac-por-nao-realizacao-de-concurso-publico\/#primaryimage"},"thumbnailUrl":"https:\/\/maranhaotv.com.br\/wp-content\/uploads\/2024\/08\/Cidreira-carrinho.webp","datePublished":"2024-08-06T19:19:47+00:00","dateModified":"2024-08-06T19:19:48+00:00","breadcrumb":{"@id":"https:\/\/maranhaotv.com.br\/index.php\/2024\/08\/06\/mpma-cobra-municipio-de-viana-por-descumprimento-de-tac-por-nao-realizacao-de-concurso-publico\/#breadcrumb"},"inLanguage":"pt-BR","potentialAction":[{"@type":"ReadAction","target":["https:\/\/maranhaotv.com.br\/index.php\/2024\/08\/06\/mpma-cobra-municipio-de-viana-por-descumprimento-de-tac-por-nao-realizacao-de-concurso-publico\/"]}]},{"@type":"ImageObject","inLanguage":"pt-BR","@id":"https:\/\/maranhaotv.com.br\/index.php\/2024\/08\/06\/mpma-cobra-municipio-de-viana-por-descumprimento-de-tac-por-nao-realizacao-de-concurso-publico\/#primaryimage","url":"https:\/\/maranhaotv.com.br\/wp-content\/uploads\/2024\/08\/Cidreira-carrinho.webp","contentUrl":"https:\/\/maranhaotv.com.br\/wp-content\/uploads\/2024\/08\/Cidreira-carrinho.webp","width":660,"height":464},{"@type":"BreadcrumbList","@id":"https:\/\/maranhaotv.com.br\/index.php\/2024\/08\/06\/mpma-cobra-municipio-de-viana-por-descumprimento-de-tac-por-nao-realizacao-de-concurso-publico\/#breadcrumb","itemListElement":[{"@type":"ListItem","position":1,"name":"In\u00edcio","item":"https:\/\/maranhaotv.com.br\/"},{"@type":"ListItem","position":2,"name":"MPMA cobra Munic\u00edpio de Viana por descumprimento de TAC por n\u00e3o realiza\u00e7\u00e3o de concurso p\u00fablico"}]},{"@type":"WebSite","@id":"https:\/\/maranhaotv.com.br\/#website","url":"https:\/\/maranhaotv.com.br\/","name":"Maranh\u00e3oTV","description":"","publisher":{"@id":"https:\/\/maranhaotv.com.br\/#organization"},"potentialAction":[{"@type":"SearchAction","target":{"@type":"EntryPoint","urlTemplate":"https:\/\/maranhaotv.com.br\/?s={search_term_string}"},"query-input":{"@type":"PropertyValueSpecification","valueRequired":true,"valueName":"search_term_string"}}],"inLanguage":"pt-BR"},{"@type":"Organization","@id":"https:\/\/maranhaotv.com.br\/#organization","name":"Portal de Not\u00edcias","url":"https:\/\/maranhaotv.com.br\/","logo":{"@type":"ImageObject","inLanguage":"pt-BR","@id":"https:\/\/maranhaotv.com.br\/#\/schema\/logo\/image\/","url":"https:\/\/maranhaotv.com.br\/wp-content\/uploads\/2024\/05\/cropped-cropped-avatar-1.png","contentUrl":"https:\/\/maranhaotv.com.br\/wp-content\/uploads\/2024\/05\/cropped-cropped-avatar-1.png","width":792,"height":428,"caption":"Portal de Not\u00edcias"},"image":{"@id":"https:\/\/maranhaotv.com.br\/#\/schema\/logo\/image\/"},"sameAs":["https:\/\/www.facebook.com\/maiobaotv","https:\/\/x.com\/sitemaranhaotv","https:\/\/www.instagram.com\/maranhao.tv","https:\/\/www.threads.net\/@maranhao.tv"]},{"@type":"Person","@id":"https:\/\/maranhaotv.com.br\/#\/schema\/person\/3d54238e86b20bb5c89ab2fdb8f8829a","name":"maranhaotv","image":{"@type":"ImageObject","inLanguage":"pt-BR","@id":"https:\/\/secure.gravatar.com\/avatar\/8fadbca458d4cb68b1dd399ae9a40618d747bb1af65ac9fad21c89220a143eb4?s=96&d=mm&r=g","url":"https:\/\/secure.gravatar.com\/avatar\/8fadbca458d4cb68b1dd399ae9a40618d747bb1af65ac9fad21c89220a143eb4?s=96&d=mm&r=g","contentUrl":"https:\/\/secure.gravatar.com\/avatar\/8fadbca458d4cb68b1dd399ae9a40618d747bb1af65ac9fad21c89220a143eb4?s=96&d=mm&r=g","caption":"maranhaotv"},"sameAs":["https:\/\/maranhaotv.com.br\/"],"url":"https:\/\/maranhaotv.com.br\/index.php\/author\/maranhaotv\/"}]}},"jetpack_featured_media_url":"https:\/\/maranhaotv.com.br\/wp-content\/uploads\/2024\/08\/Cidreira-carrinho.webp","jetpack_sharing_enabled":true,"_links":{"self":[{"href":"https:\/\/maranhaotv.com.br\/index.php\/wp-json\/wp\/v2\/posts\/37097","targetHints":{"allow":["GET"]}}],"collection":[{"href":"https:\/\/maranhaotv.com.br\/index.php\/wp-json\/wp\/v2\/posts"}],"about":[{"href":"https:\/\/maranhaotv.com.br\/index.php\/wp-json\/wp\/v2\/types\/post"}],"author":[{"embeddable":true,"href":"https:\/\/maranhaotv.com.br\/index.php\/wp-json\/wp\/v2\/users\/2"}],"replies":[{"embeddable":true,"href":"https:\/\/maranhaotv.com.br\/index.php\/wp-json\/wp\/v2\/comments?post=37097"}],"version-history":[{"count":1,"href":"https:\/\/maranhaotv.com.br\/index.php\/wp-json\/wp\/v2\/posts\/37097\/revisions"}],"predecessor-version":[{"id":37098,"href":"https:\/\/maranhaotv.com.br\/index.php\/wp-json\/wp\/v2\/posts\/37097\/revisions\/37098"}],"wp:featuredmedia":[{"embeddable":true,"href":"https:\/\/maranhaotv.com.br\/index.php\/wp-json\/wp\/v2\/media\/37096"}],"wp:attachment":[{"href":"https:\/\/maranhaotv.com.br\/index.php\/wp-json\/wp\/v2\/media?parent=37097"}],"wp:term":[{"taxonomy":"category","embeddable":true,"href":"https:\/\/maranhaotv.com.br\/index.php\/wp-json\/wp\/v2\/categories?post=37097"},{"taxonomy":"post_tag","embeddable":true,"href":"https:\/\/maranhaotv.com.br\/index.php\/wp-json\/wp\/v2\/tags?post=37097"}],"curies":[{"name":"wp","href":"https:\/\/api.w.org\/{rel}","templated":true}]}}