{"id":37183,"date":"2024-08-12T21:22:48","date_gmt":"2024-08-13T00:22:48","guid":{"rendered":"https:\/\/maranhaotv.com.br\/?p=37183"},"modified":"2024-08-12T21:22:49","modified_gmt":"2024-08-13T00:22:49","slug":"deputado-do-ma-tem-descontado-do-salario-r-687-mil-por-faltas","status":"publish","type":"post","link":"https:\/\/maranhaotv.com.br\/index.php\/2024\/08\/12\/deputado-do-ma-tem-descontado-do-salario-r-687-mil-por-faltas\/","title":{"rendered":"Deputado do MA tem descontado do sal\u00e1rio R$ 68,7 mil por faltas"},"content":{"rendered":"\n<p>O regimento da C\u00e2mara prev\u00ea que deputados federais tenham as faltas n\u00e3o justificadas descontadas do sal\u00e1rio. A penalidade, entretanto, n\u00e3o impediu que parlamentares acumulassem faltas e deixassem de receber fatias significativas dos proventos mensais.<br><br>No ano passado, somadas, as faltas custaram mais de R$ 3,6 milh\u00f5es aos deputados.<br><br>Os dados relativos a 2023 foram disponibilizados pela C\u00e2mara dos Deputados, via Lei de Acesso \u00e0 Informa\u00e7\u00e3o (LAI). O sal\u00e1rio de um deputado federal leva em conta o comparecimento \u00e0s sess\u00f5es deliberativas do Plen\u00e1rio.<br><br>No acumulado do ano, cinco deputados superam o valor de um sal\u00e1rio bruto mensal (de R$ 41.650,92). No topo do ranking est\u00e1 o deputado Junior Louren\u00e7o (PL-MA), com R$ 68,7 mil em penalidade por faltas e, na sequ\u00eancia, Ant\u00f4nia L\u00facia (Republicanos-AC), com R$ 61,6 mil.<br><br>As aus\u00eancias n\u00e3o justificadas \u00e0s sess\u00f5es deliberativas do Plen\u00e1rio, al\u00e9m de acarretar desconto no sal\u00e1rio do parlamentar, pode resultar na perda do mandato. A Constitui\u00e7\u00e3o prev\u00ea a penalidade para aquele que deixar de comparecer, sem justificativa, a um ter\u00e7o das sess\u00f5es ordin\u00e1rias de cada sess\u00e3o legislativa.<br><br>Nas sess\u00f5es deliberativas, a presen\u00e7a dos parlamentares \u00e9 checada mediante registro eletr\u00f4nico no in\u00edcio de cada sess\u00e3o. Caso o sistema n\u00e3o esteja em uso, a verifica\u00e7\u00e3o \u00e9 feita por meio de listas de chamada nominal em Plen\u00e1rio.<br><br>As aus\u00eancias s\u00e3o justificadas e n\u00e3o s\u00e3o descontadas do sal\u00e1rio nos seguintes casos:<br><br>Se o parlamentar estiver em miss\u00e3o autorizada;<br>Em casos de doen\u00e7a comprovada por atestado, analisado por junta m\u00e9dica oficial;<br>Licen\u00e7a-maternidade;<br>Licen\u00e7a-paternidade;<br>Doen\u00e7a grave ou falecimento de pessoa da fam\u00edlia at\u00e9 o segundo grau civil.<\/p>\n","protected":false},"excerpt":{"rendered":"<p>O regimento da C\u00e2mara prev\u00ea que deputados federais tenham as faltas n\u00e3o justificadas descontadas do sal\u00e1rio. A penalidade, entretanto, n\u00e3o<\/p>\n","protected":false},"author":2,"featured_media":37182,"comment_status":"open","ping_status":"open","sticky":false,"template":"","format":"standard","meta":{"colormag_page_container_layout":"default_layout","colormag_page_sidebar_layout":"default_layout","_jetpack_memberships_contains_paid_content":false,"footnotes":""},"categories":[6],"tags":[],"class_list":["post-37183","post","type-post","status-publish","format-standard","has-post-thumbnail","hentry","category-politica"],"magazineBlocksPostFeaturedMedia":{"thumbnail":"https:\/\/maranhaotv.com.br\/wp-content\/uploads\/2024\/08\/deputado-federal-junior-lourenco.jpg.1200x0_q85_upscale-1024x787-1-150x150.webp","medium":"https:\/\/maranhaotv.com.br\/wp-content\/uploads\/2024\/08\/deputado-federal-junior-lourenco.jpg.1200x0_q85_upscale-1024x787-1-300x231.webp","medium_large":"https:\/\/maranhaotv.com.br\/wp-content\/uploads\/2024\/08\/deputado-federal-junior-lourenco.jpg.1200x0_q85_upscale-1024x787-1-768x590.webp","large":"https:\/\/maranhaotv.com.br\/wp-content\/uploads\/2024\/08\/deputado-federal-junior-lourenco.jpg.1200x0_q85_upscale-1024x787-1.webp","1536x1536":"https:\/\/maranhaotv.com.br\/wp-content\/uploads\/2024\/08\/deputado-federal-junior-lourenco.jpg.1200x0_q85_upscale-1024x787-1.webp","2048x2048":"https:\/\/maranhaotv.com.br\/wp-content\/uploads\/2024\/08\/deputado-federal-junior-lourenco.jpg.1200x0_q85_upscale-1024x787-1.webp","colormag-highlighted-post":"https:\/\/maranhaotv.com.br\/wp-content\/uploads\/2024\/08\/deputado-federal-junior-lourenco.jpg.1200x0_q85_upscale-1024x787-1-392x272.webp","colormag-featured-post-medium":"https:\/\/maranhaotv.com.br\/wp-content\/uploads\/2024\/08\/deputado-federal-junior-lourenco.jpg.1200x0_q85_upscale-1024x787-1-390x205.webp","colormag-featured-post-small":"https:\/\/maranhaotv.com.br\/wp-content\/uploads\/2024\/08\/deputado-federal-junior-lourenco.jpg.1200x0_q85_upscale-1024x787-1-130x90.webp","colormag-featured-image":"https:\/\/maranhaotv.com.br\/wp-content\/uploads\/2024\/08\/deputado-federal-junior-lourenco.jpg.1200x0_q85_upscale-1024x787-1-800x445.webp","colormag-default-news":"https:\/\/maranhaotv.com.br\/wp-content\/uploads\/2024\/08\/deputado-federal-junior-lourenco.jpg.1200x0_q85_upscale-1024x787-1-150x150.webp","colormag-featured-image-large":"https:\/\/maranhaotv.com.br\/wp-content\/uploads\/2024\/08\/deputado-federal-junior-lourenco.jpg.1200x0_q85_upscale-1024x787-1-1024x600.webp"},"magazineBlocksPostAuthor":{"name":"maranhaotv","avatar":"https:\/\/secure.gravatar.com\/avatar\/8fadbca458d4cb68b1dd399ae9a40618d747bb1af65ac9fad21c89220a143eb4?s=96&d=mm&r=g"},"magazineBlocksPostCommentsNumber":"0","magazineBlocksPostExcerpt":"O regimento da C\u00e2mara prev\u00ea que deputados federais tenham as faltas n\u00e3o justificadas descontadas do sal\u00e1rio. A penalidade, entretanto, n\u00e3o","magazineBlocksPostCategories":["pol\u00edtica"],"magazineBlocksPostViewCount":322,"magazineBlocksPostReadTime":2,"magazine_blocks_featured_image_url":{"full":["https:\/\/maranhaotv.com.br\/wp-content\/uploads\/2024\/08\/deputado-federal-junior-lourenco.jpg.1200x0_q85_upscale-1024x787-1.webp",1024,787,false],"medium":["https:\/\/maranhaotv.com.br\/wp-content\/uploads\/2024\/08\/deputado-federal-junior-lourenco.jpg.1200x0_q85_upscale-1024x787-1-300x231.webp",300,231,true],"thumbnail":["https:\/\/maranhaotv.com.br\/wp-content\/uploads\/2024\/08\/deputado-federal-junior-lourenco.jpg.1200x0_q85_upscale-1024x787-1-150x150.webp",150,150,true]},"magazine_blocks_author":{"display_name":"maranhaotv","author_link":"https:\/\/maranhaotv.com.br\/index.php\/author\/maranhaotv\/"},"magazine_blocks_comment":0,"magazine_blocks_author_image":"https:\/\/secure.gravatar.com\/avatar\/8fadbca458d4cb68b1dd399ae9a40618d747bb1af65ac9fad21c89220a143eb4?s=96&d=mm&r=g","magazine_blocks_category":"<a href=\"#\" class=\"category-link category-link-6\">pol\u00edtica<\/a>","yoast_head":"<!-- This site is optimized with the Yoast SEO plugin v27.4 - https:\/\/yoast.com\/product\/yoast-seo-wordpress\/ -->\n<title>Deputado do MA tem descontado do sal\u00e1rio R$ 68,7 mil por faltas - NOT\u00cdCIAS EM TEMPO REAL<\/title>\n<meta name=\"robots\" content=\"index, follow, max-snippet:-1, max-image-preview:large, max-video-preview:-1\" \/>\n<link rel=\"canonical\" href=\"https:\/\/maranhaotv.com.br\/index.php\/2024\/08\/12\/deputado-do-ma-tem-descontado-do-salario-r-687-mil-por-faltas\/\" \/>\n<meta property=\"og:locale\" content=\"pt_BR\" \/>\n<meta property=\"og:type\" content=\"article\" \/>\n<meta property=\"og:title\" content=\"Deputado do MA tem descontado do sal\u00e1rio R$ 68,7 mil por faltas - NOT\u00cdCIAS EM TEMPO REAL\" \/>\n<meta property=\"og:description\" content=\"O regimento da C\u00e2mara prev\u00ea que deputados federais tenham as faltas n\u00e3o justificadas descontadas do sal\u00e1rio. A penalidade, entretanto, n\u00e3o\" \/>\n<meta property=\"og:url\" content=\"https:\/\/maranhaotv.com.br\/index.php\/2024\/08\/12\/deputado-do-ma-tem-descontado-do-salario-r-687-mil-por-faltas\/\" \/>\n<meta property=\"og:site_name\" content=\"NOT\u00cdCIAS EM TEMPO REAL\" \/>\n<meta property=\"article:publisher\" content=\"https:\/\/www.facebook.com\/maiobaotv\" \/>\n<meta property=\"article:published_time\" content=\"2024-08-13T00:22:48+00:00\" \/>\n<meta property=\"article:modified_time\" content=\"2024-08-13T00:22:49+00:00\" \/>\n<meta property=\"og:image\" content=\"https:\/\/maranhaotv.com.br\/wp-content\/uploads\/2024\/08\/deputado-federal-junior-lourenco.jpg.1200x0_q85_upscale-1024x787-1.webp\" \/>\n\t<meta property=\"og:image:width\" content=\"1024\" \/>\n\t<meta property=\"og:image:height\" content=\"787\" \/>\n\t<meta property=\"og:image:type\" content=\"image\/webp\" \/>\n<meta name=\"author\" content=\"maranhaotv\" \/>\n<meta name=\"twitter:card\" content=\"summary_large_image\" \/>\n<meta name=\"twitter:creator\" content=\"@sitemaranhaotv\" \/>\n<meta name=\"twitter:site\" content=\"@sitemaranhaotv\" \/>\n<meta name=\"twitter:label1\" content=\"Escrito por\" \/>\n\t<meta name=\"twitter:data1\" content=\"maranhaotv\" \/>\n\t<meta name=\"twitter:label2\" content=\"Est. tempo de leitura\" \/>\n\t<meta name=\"twitter:data2\" content=\"1 minuto\" \/>\n<script type=\"application\/ld+json\" class=\"yoast-schema-graph\">{\"@context\":\"https:\\\/\\\/schema.org\",\"@graph\":[{\"@type\":\"Article\",\"@id\":\"https:\\\/\\\/maranhaotv.com.br\\\/index.php\\\/2024\\\/08\\\/12\\\/deputado-do-ma-tem-descontado-do-salario-r-687-mil-por-faltas\\\/#article\",\"isPartOf\":{\"@id\":\"https:\\\/\\\/maranhaotv.com.br\\\/index.php\\\/2024\\\/08\\\/12\\\/deputado-do-ma-tem-descontado-do-salario-r-687-mil-por-faltas\\\/\"},\"author\":{\"name\":\"maranhaotv\",\"@id\":\"https:\\\/\\\/maranhaotv.com.br\\\/#\\\/schema\\\/person\\\/3d54238e86b20bb5c89ab2fdb8f8829a\"},\"headline\":\"Deputado do MA tem descontado do sal\u00e1rio R$ 68,7 mil por faltas\",\"datePublished\":\"2024-08-13T00:22:48+00:00\",\"dateModified\":\"2024-08-13T00:22:49+00:00\",\"mainEntityOfPage\":{\"@id\":\"https:\\\/\\\/maranhaotv.com.br\\\/index.php\\\/2024\\\/08\\\/12\\\/deputado-do-ma-tem-descontado-do-salario-r-687-mil-por-faltas\\\/\"},\"wordCount\":307,\"commentCount\":0,\"publisher\":{\"@id\":\"https:\\\/\\\/maranhaotv.com.br\\\/#organization\"},\"image\":{\"@id\":\"https:\\\/\\\/maranhaotv.com.br\\\/index.php\\\/2024\\\/08\\\/12\\\/deputado-do-ma-tem-descontado-do-salario-r-687-mil-por-faltas\\\/#primaryimage\"},\"thumbnailUrl\":\"https:\\\/\\\/maranhaotv.com.br\\\/wp-content\\\/uploads\\\/2024\\\/08\\\/deputado-federal-junior-lourenco.jpg.1200x0_q85_upscale-1024x787-1.webp\",\"articleSection\":[\"pol\u00edtica\"],\"inLanguage\":\"pt-BR\",\"potentialAction\":[{\"@type\":\"CommentAction\",\"name\":\"Comment\",\"target\":[\"https:\\\/\\\/maranhaotv.com.br\\\/index.php\\\/2024\\\/08\\\/12\\\/deputado-do-ma-tem-descontado-do-salario-r-687-mil-por-faltas\\\/#respond\"]}]},{\"@type\":\"WebPage\",\"@id\":\"https:\\\/\\\/maranhaotv.com.br\\\/index.php\\\/2024\\\/08\\\/12\\\/deputado-do-ma-tem-descontado-do-salario-r-687-mil-por-faltas\\\/\",\"url\":\"https:\\\/\\\/maranhaotv.com.br\\\/index.php\\\/2024\\\/08\\\/12\\\/deputado-do-ma-tem-descontado-do-salario-r-687-mil-por-faltas\\\/\",\"name\":\"Deputado do MA tem descontado do sal\u00e1rio R$ 68,7 mil por faltas - NOT\u00cdCIAS EM TEMPO REAL\",\"isPartOf\":{\"@id\":\"https:\\\/\\\/maranhaotv.com.br\\\/#website\"},\"primaryImageOfPage\":{\"@id\":\"https:\\\/\\\/maranhaotv.com.br\\\/index.php\\\/2024\\\/08\\\/12\\\/deputado-do-ma-tem-descontado-do-salario-r-687-mil-por-faltas\\\/#primaryimage\"},\"image\":{\"@id\":\"https:\\\/\\\/maranhaotv.com.br\\\/index.php\\\/2024\\\/08\\\/12\\\/deputado-do-ma-tem-descontado-do-salario-r-687-mil-por-faltas\\\/#primaryimage\"},\"thumbnailUrl\":\"https:\\\/\\\/maranhaotv.com.br\\\/wp-content\\\/uploads\\\/2024\\\/08\\\/deputado-federal-junior-lourenco.jpg.1200x0_q85_upscale-1024x787-1.webp\",\"datePublished\":\"2024-08-13T00:22:48+00:00\",\"dateModified\":\"2024-08-13T00:22:49+00:00\",\"breadcrumb\":{\"@id\":\"https:\\\/\\\/maranhaotv.com.br\\\/index.php\\\/2024\\\/08\\\/12\\\/deputado-do-ma-tem-descontado-do-salario-r-687-mil-por-faltas\\\/#breadcrumb\"},\"inLanguage\":\"pt-BR\",\"potentialAction\":[{\"@type\":\"ReadAction\",\"target\":[\"https:\\\/\\\/maranhaotv.com.br\\\/index.php\\\/2024\\\/08\\\/12\\\/deputado-do-ma-tem-descontado-do-salario-r-687-mil-por-faltas\\\/\"]}]},{\"@type\":\"ImageObject\",\"inLanguage\":\"pt-BR\",\"@id\":\"https:\\\/\\\/maranhaotv.com.br\\\/index.php\\\/2024\\\/08\\\/12\\\/deputado-do-ma-tem-descontado-do-salario-r-687-mil-por-faltas\\\/#primaryimage\",\"url\":\"https:\\\/\\\/maranhaotv.com.br\\\/wp-content\\\/uploads\\\/2024\\\/08\\\/deputado-federal-junior-lourenco.jpg.1200x0_q85_upscale-1024x787-1.webp\",\"contentUrl\":\"https:\\\/\\\/maranhaotv.com.br\\\/wp-content\\\/uploads\\\/2024\\\/08\\\/deputado-federal-junior-lourenco.jpg.1200x0_q85_upscale-1024x787-1.webp\",\"width\":1024,\"height\":787},{\"@type\":\"BreadcrumbList\",\"@id\":\"https:\\\/\\\/maranhaotv.com.br\\\/index.php\\\/2024\\\/08\\\/12\\\/deputado-do-ma-tem-descontado-do-salario-r-687-mil-por-faltas\\\/#breadcrumb\",\"itemListElement\":[{\"@type\":\"ListItem\",\"position\":1,\"name\":\"In\u00edcio\",\"item\":\"https:\\\/\\\/maranhaotv.com.br\\\/\"},{\"@type\":\"ListItem\",\"position\":2,\"name\":\"Deputado do MA tem descontado do sal\u00e1rio R$ 68,7 mil por faltas\"}]},{\"@type\":\"WebSite\",\"@id\":\"https:\\\/\\\/maranhaotv.com.br\\\/#website\",\"url\":\"https:\\\/\\\/maranhaotv.com.br\\\/\",\"name\":\"Maranh\u00e3oTV\",\"description\":\"\",\"publisher\":{\"@id\":\"https:\\\/\\\/maranhaotv.com.br\\\/#organization\"},\"potentialAction\":[{\"@type\":\"SearchAction\",\"target\":{\"@type\":\"EntryPoint\",\"urlTemplate\":\"https:\\\/\\\/maranhaotv.com.br\\\/?s={search_term_string}\"},\"query-input\":{\"@type\":\"PropertyValueSpecification\",\"valueRequired\":true,\"valueName\":\"search_term_string\"}}],\"inLanguage\":\"pt-BR\"},{\"@type\":\"Organization\",\"@id\":\"https:\\\/\\\/maranhaotv.com.br\\\/#organization\",\"name\":\"Portal de Not\u00edcias\",\"url\":\"https:\\\/\\\/maranhaotv.com.br\\\/\",\"logo\":{\"@type\":\"ImageObject\",\"inLanguage\":\"pt-BR\",\"@id\":\"https:\\\/\\\/maranhaotv.com.br\\\/#\\\/schema\\\/logo\\\/image\\\/\",\"url\":\"https:\\\/\\\/maranhaotv.com.br\\\/wp-content\\\/uploads\\\/2024\\\/05\\\/cropped-cropped-avatar-1.png\",\"contentUrl\":\"https:\\\/\\\/maranhaotv.com.br\\\/wp-content\\\/uploads\\\/2024\\\/05\\\/cropped-cropped-avatar-1.png\",\"width\":792,\"height\":428,\"caption\":\"Portal de Not\u00edcias\"},\"image\":{\"@id\":\"https:\\\/\\\/maranhaotv.com.br\\\/#\\\/schema\\\/logo\\\/image\\\/\"},\"sameAs\":[\"https:\\\/\\\/www.facebook.com\\\/maiobaotv\",\"https:\\\/\\\/x.com\\\/sitemaranhaotv\",\"https:\\\/\\\/www.instagram.com\\\/maranhao.tv\",\"https:\\\/\\\/www.threads.net\\\/@maranhao.tv\"]},{\"@type\":\"Person\",\"@id\":\"https:\\\/\\\/maranhaotv.com.br\\\/#\\\/schema\\\/person\\\/3d54238e86b20bb5c89ab2fdb8f8829a\",\"name\":\"maranhaotv\",\"image\":{\"@type\":\"ImageObject\",\"inLanguage\":\"pt-BR\",\"@id\":\"https:\\\/\\\/secure.gravatar.com\\\/avatar\\\/8fadbca458d4cb68b1dd399ae9a40618d747bb1af65ac9fad21c89220a143eb4?s=96&d=mm&r=g\",\"url\":\"https:\\\/\\\/secure.gravatar.com\\\/avatar\\\/8fadbca458d4cb68b1dd399ae9a40618d747bb1af65ac9fad21c89220a143eb4?s=96&d=mm&r=g\",\"contentUrl\":\"https:\\\/\\\/secure.gravatar.com\\\/avatar\\\/8fadbca458d4cb68b1dd399ae9a40618d747bb1af65ac9fad21c89220a143eb4?s=96&d=mm&r=g\",\"caption\":\"maranhaotv\"},\"sameAs\":[\"https:\\\/\\\/maranhaotv.com.br\\\/\"],\"url\":\"https:\\\/\\\/maranhaotv.com.br\\\/index.php\\\/author\\\/maranhaotv\\\/\"}]}<\/script>\n<!-- \/ Yoast SEO plugin. -->","yoast_head_json":{"title":"Deputado do MA tem descontado do sal\u00e1rio R$ 68,7 mil por faltas - NOT\u00cdCIAS EM TEMPO REAL","robots":{"index":"index","follow":"follow","max-snippet":"max-snippet:-1","max-image-preview":"max-image-preview:large","max-video-preview":"max-video-preview:-1"},"canonical":"https:\/\/maranhaotv.com.br\/index.php\/2024\/08\/12\/deputado-do-ma-tem-descontado-do-salario-r-687-mil-por-faltas\/","og_locale":"pt_BR","og_type":"article","og_title":"Deputado do MA tem descontado do sal\u00e1rio R$ 68,7 mil por faltas - NOT\u00cdCIAS EM TEMPO REAL","og_description":"O regimento da C\u00e2mara prev\u00ea que deputados federais tenham as faltas n\u00e3o justificadas descontadas do sal\u00e1rio. A penalidade, entretanto, n\u00e3o","og_url":"https:\/\/maranhaotv.com.br\/index.php\/2024\/08\/12\/deputado-do-ma-tem-descontado-do-salario-r-687-mil-por-faltas\/","og_site_name":"NOT\u00cdCIAS EM TEMPO REAL","article_publisher":"https:\/\/www.facebook.com\/maiobaotv","article_published_time":"2024-08-13T00:22:48+00:00","article_modified_time":"2024-08-13T00:22:49+00:00","og_image":[{"width":1024,"height":787,"url":"https:\/\/maranhaotv.com.br\/wp-content\/uploads\/2024\/08\/deputado-federal-junior-lourenco.jpg.1200x0_q85_upscale-1024x787-1.webp","type":"image\/webp"}],"author":"maranhaotv","twitter_card":"summary_large_image","twitter_creator":"@sitemaranhaotv","twitter_site":"@sitemaranhaotv","twitter_misc":{"Escrito por":"maranhaotv","Est. tempo de leitura":"1 minuto"},"schema":{"@context":"https:\/\/schema.org","@graph":[{"@type":"Article","@id":"https:\/\/maranhaotv.com.br\/index.php\/2024\/08\/12\/deputado-do-ma-tem-descontado-do-salario-r-687-mil-por-faltas\/#article","isPartOf":{"@id":"https:\/\/maranhaotv.com.br\/index.php\/2024\/08\/12\/deputado-do-ma-tem-descontado-do-salario-r-687-mil-por-faltas\/"},"author":{"name":"maranhaotv","@id":"https:\/\/maranhaotv.com.br\/#\/schema\/person\/3d54238e86b20bb5c89ab2fdb8f8829a"},"headline":"Deputado do MA tem descontado do sal\u00e1rio R$ 68,7 mil por faltas","datePublished":"2024-08-13T00:22:48+00:00","dateModified":"2024-08-13T00:22:49+00:00","mainEntityOfPage":{"@id":"https:\/\/maranhaotv.com.br\/index.php\/2024\/08\/12\/deputado-do-ma-tem-descontado-do-salario-r-687-mil-por-faltas\/"},"wordCount":307,"commentCount":0,"publisher":{"@id":"https:\/\/maranhaotv.com.br\/#organization"},"image":{"@id":"https:\/\/maranhaotv.com.br\/index.php\/2024\/08\/12\/deputado-do-ma-tem-descontado-do-salario-r-687-mil-por-faltas\/#primaryimage"},"thumbnailUrl":"https:\/\/maranhaotv.com.br\/wp-content\/uploads\/2024\/08\/deputado-federal-junior-lourenco.jpg.1200x0_q85_upscale-1024x787-1.webp","articleSection":["pol\u00edtica"],"inLanguage":"pt-BR","potentialAction":[{"@type":"CommentAction","name":"Comment","target":["https:\/\/maranhaotv.com.br\/index.php\/2024\/08\/12\/deputado-do-ma-tem-descontado-do-salario-r-687-mil-por-faltas\/#respond"]}]},{"@type":"WebPage","@id":"https:\/\/maranhaotv.com.br\/index.php\/2024\/08\/12\/deputado-do-ma-tem-descontado-do-salario-r-687-mil-por-faltas\/","url":"https:\/\/maranhaotv.com.br\/index.php\/2024\/08\/12\/deputado-do-ma-tem-descontado-do-salario-r-687-mil-por-faltas\/","name":"Deputado do MA tem descontado do sal\u00e1rio R$ 68,7 mil por faltas - NOT\u00cdCIAS EM TEMPO REAL","isPartOf":{"@id":"https:\/\/maranhaotv.com.br\/#website"},"primaryImageOfPage":{"@id":"https:\/\/maranhaotv.com.br\/index.php\/2024\/08\/12\/deputado-do-ma-tem-descontado-do-salario-r-687-mil-por-faltas\/#primaryimage"},"image":{"@id":"https:\/\/maranhaotv.com.br\/index.php\/2024\/08\/12\/deputado-do-ma-tem-descontado-do-salario-r-687-mil-por-faltas\/#primaryimage"},"thumbnailUrl":"https:\/\/maranhaotv.com.br\/wp-content\/uploads\/2024\/08\/deputado-federal-junior-lourenco.jpg.1200x0_q85_upscale-1024x787-1.webp","datePublished":"2024-08-13T00:22:48+00:00","dateModified":"2024-08-13T00:22:49+00:00","breadcrumb":{"@id":"https:\/\/maranhaotv.com.br\/index.php\/2024\/08\/12\/deputado-do-ma-tem-descontado-do-salario-r-687-mil-por-faltas\/#breadcrumb"},"inLanguage":"pt-BR","potentialAction":[{"@type":"ReadAction","target":["https:\/\/maranhaotv.com.br\/index.php\/2024\/08\/12\/deputado-do-ma-tem-descontado-do-salario-r-687-mil-por-faltas\/"]}]},{"@type":"ImageObject","inLanguage":"pt-BR","@id":"https:\/\/maranhaotv.com.br\/index.php\/2024\/08\/12\/deputado-do-ma-tem-descontado-do-salario-r-687-mil-por-faltas\/#primaryimage","url":"https:\/\/maranhaotv.com.br\/wp-content\/uploads\/2024\/08\/deputado-federal-junior-lourenco.jpg.1200x0_q85_upscale-1024x787-1.webp","contentUrl":"https:\/\/maranhaotv.com.br\/wp-content\/uploads\/2024\/08\/deputado-federal-junior-lourenco.jpg.1200x0_q85_upscale-1024x787-1.webp","width":1024,"height":787},{"@type":"BreadcrumbList","@id":"https:\/\/maranhaotv.com.br\/index.php\/2024\/08\/12\/deputado-do-ma-tem-descontado-do-salario-r-687-mil-por-faltas\/#breadcrumb","itemListElement":[{"@type":"ListItem","position":1,"name":"In\u00edcio","item":"https:\/\/maranhaotv.com.br\/"},{"@type":"ListItem","position":2,"name":"Deputado do MA tem descontado do sal\u00e1rio R$ 68,7 mil por faltas"}]},{"@type":"WebSite","@id":"https:\/\/maranhaotv.com.br\/#website","url":"https:\/\/maranhaotv.com.br\/","name":"Maranh\u00e3oTV","description":"","publisher":{"@id":"https:\/\/maranhaotv.com.br\/#organization"},"potentialAction":[{"@type":"SearchAction","target":{"@type":"EntryPoint","urlTemplate":"https:\/\/maranhaotv.com.br\/?s={search_term_string}"},"query-input":{"@type":"PropertyValueSpecification","valueRequired":true,"valueName":"search_term_string"}}],"inLanguage":"pt-BR"},{"@type":"Organization","@id":"https:\/\/maranhaotv.com.br\/#organization","name":"Portal de Not\u00edcias","url":"https:\/\/maranhaotv.com.br\/","logo":{"@type":"ImageObject","inLanguage":"pt-BR","@id":"https:\/\/maranhaotv.com.br\/#\/schema\/logo\/image\/","url":"https:\/\/maranhaotv.com.br\/wp-content\/uploads\/2024\/05\/cropped-cropped-avatar-1.png","contentUrl":"https:\/\/maranhaotv.com.br\/wp-content\/uploads\/2024\/05\/cropped-cropped-avatar-1.png","width":792,"height":428,"caption":"Portal de Not\u00edcias"},"image":{"@id":"https:\/\/maranhaotv.com.br\/#\/schema\/logo\/image\/"},"sameAs":["https:\/\/www.facebook.com\/maiobaotv","https:\/\/x.com\/sitemaranhaotv","https:\/\/www.instagram.com\/maranhao.tv","https:\/\/www.threads.net\/@maranhao.tv"]},{"@type":"Person","@id":"https:\/\/maranhaotv.com.br\/#\/schema\/person\/3d54238e86b20bb5c89ab2fdb8f8829a","name":"maranhaotv","image":{"@type":"ImageObject","inLanguage":"pt-BR","@id":"https:\/\/secure.gravatar.com\/avatar\/8fadbca458d4cb68b1dd399ae9a40618d747bb1af65ac9fad21c89220a143eb4?s=96&d=mm&r=g","url":"https:\/\/secure.gravatar.com\/avatar\/8fadbca458d4cb68b1dd399ae9a40618d747bb1af65ac9fad21c89220a143eb4?s=96&d=mm&r=g","contentUrl":"https:\/\/secure.gravatar.com\/avatar\/8fadbca458d4cb68b1dd399ae9a40618d747bb1af65ac9fad21c89220a143eb4?s=96&d=mm&r=g","caption":"maranhaotv"},"sameAs":["https:\/\/maranhaotv.com.br\/"],"url":"https:\/\/maranhaotv.com.br\/index.php\/author\/maranhaotv\/"}]}},"jetpack_featured_media_url":"https:\/\/maranhaotv.com.br\/wp-content\/uploads\/2024\/08\/deputado-federal-junior-lourenco.jpg.1200x0_q85_upscale-1024x787-1.webp","jetpack_sharing_enabled":true,"_links":{"self":[{"href":"https:\/\/maranhaotv.com.br\/index.php\/wp-json\/wp\/v2\/posts\/37183","targetHints":{"allow":["GET"]}}],"collection":[{"href":"https:\/\/maranhaotv.com.br\/index.php\/wp-json\/wp\/v2\/posts"}],"about":[{"href":"https:\/\/maranhaotv.com.br\/index.php\/wp-json\/wp\/v2\/types\/post"}],"author":[{"embeddable":true,"href":"https:\/\/maranhaotv.com.br\/index.php\/wp-json\/wp\/v2\/users\/2"}],"replies":[{"embeddable":true,"href":"https:\/\/maranhaotv.com.br\/index.php\/wp-json\/wp\/v2\/comments?post=37183"}],"version-history":[{"count":1,"href":"https:\/\/maranhaotv.com.br\/index.php\/wp-json\/wp\/v2\/posts\/37183\/revisions"}],"predecessor-version":[{"id":37184,"href":"https:\/\/maranhaotv.com.br\/index.php\/wp-json\/wp\/v2\/posts\/37183\/revisions\/37184"}],"wp:featuredmedia":[{"embeddable":true,"href":"https:\/\/maranhaotv.com.br\/index.php\/wp-json\/wp\/v2\/media\/37182"}],"wp:attachment":[{"href":"https:\/\/maranhaotv.com.br\/index.php\/wp-json\/wp\/v2\/media?parent=37183"}],"wp:term":[{"taxonomy":"category","embeddable":true,"href":"https:\/\/maranhaotv.com.br\/index.php\/wp-json\/wp\/v2\/categories?post=37183"},{"taxonomy":"post_tag","embeddable":true,"href":"https:\/\/maranhaotv.com.br\/index.php\/wp-json\/wp\/v2\/tags?post=37183"}],"curies":[{"name":"wp","href":"https:\/\/api.w.org\/{rel}","templated":true}]}}