{"id":37189,"date":"2024-08-13T18:06:08","date_gmt":"2024-08-13T21:06:08","guid":{"rendered":"https:\/\/maranhaotv.com.br\/?p=37189"},"modified":"2024-08-13T18:06:19","modified_gmt":"2024-08-13T21:06:19","slug":"alo-mp-carrinho-cidreira-celebra-contrato-de-quase-r-27-milhoes-para-uma-suposta-aquisicao-de-biblioteca-movel-em-viana","status":"publish","type":"post","link":"https:\/\/maranhaotv.com.br\/index.php\/2024\/08\/13\/alo-mp-carrinho-cidreira-celebra-contrato-de-quase-r-27-milhoes-para-uma-suposta-aquisicao-de-biblioteca-movel-em-viana\/","title":{"rendered":"Al\u00f4 MP: Carrinho Cidreira celebra contrato de quase R$ 2,7 milh\u00f5es para uma suposta aquisi\u00e7\u00e3o de biblioteca m\u00f3vel, em Viana"},"content":{"rendered":"\n<p><br><br><br>A prefeitura Municipal da cidade de Viana na Baixada Maranhense atrav\u00e9s da Secret\u00e1ria Municipal de Educa\u00e7\u00e3o, Esporte, Cultura E Lazer, firmou contrato de mais de R$ 2,7 milh\u00f5es para uma suposta aquisi\u00e7\u00e3o de biblioteca m\u00f3vel \u2013 Giroteca para a atender a educa\u00e7\u00e3o do munic\u00edpio de Viana \u2013MA. O referido contrato foi assinado pela respons\u00e1vel pela pasta, Cleicy Machado Nunes, com o aval do prefeito da cidade Carrinho Cidreira.<br><br>A Empresa favorecida \u00e9 a GLOBALTEC TECNOLOGIAS EDUCACIONAIS LTDA , inscrita no CNPJ N\u00ba 30.570.278\/0001- 65, com sede na R DOIS n\u00ba 05 Lote 02 Loteamento Angelim, S\u00e3o Lu\u00eds \u2013MA. O valor do contrato \u00e9 de\u00a0VALOR: R$ 2.694.000,00 (dois milh\u00f5es, seiscentos e noventa e quatro mil reais).<br><br>O atual prefeito, Carrinho Cidreira, \u00e9 candidato a prefeito e concorre \u00e0 reelei\u00e7\u00e3o, o que levanta superstas a celebra\u00e7\u00e3o de contratos milion\u00e1rios as v\u00e9speras da Elei\u00e7\u00e3o.<br><br>Mais uma vez a reda\u00e7\u00e3o do Site chama aten\u00e7\u00e3o do Minist\u00e9rio P\u00fablico, e demais \u00f3rg\u00e3os fiscalizadores.<\/p>\n\n\n\n<p>Via Vandoval Rodrigues <\/p>\n","protected":false},"excerpt":{"rendered":"<p>A prefeitura Municipal da cidade de Viana na Baixada Maranhense atrav\u00e9s da Secret\u00e1ria Municipal de Educa\u00e7\u00e3o, Esporte, Cultura E Lazer,<\/p>\n","protected":false},"author":2,"featured_media":37188,"comment_status":"open","ping_status":"open","sticky":false,"template":"","format":"standard","meta":{"colormag_page_container_layout":"default_layout","colormag_page_sidebar_layout":"default_layout","_jetpack_memberships_contains_paid_content":false,"footnotes":""},"categories":[2],"tags":[],"class_list":["post-37189","post","type-post","status-publish","format-standard","has-post-thumbnail","hentry","category-noticias"],"magazineBlocksPostFeaturedMedia":{"thumbnail":"https:\/\/maranhaotv.com.br\/wp-content\/uploads\/2024\/08\/images-2-150x150.jpeg","medium":"https:\/\/maranhaotv.com.br\/wp-content\/uploads\/2024\/08\/images-2.jpeg","medium_large":"https:\/\/maranhaotv.com.br\/wp-content\/uploads\/2024\/08\/images-2.jpeg","large":"https:\/\/maranhaotv.com.br\/wp-content\/uploads\/2024\/08\/images-2.jpeg","1536x1536":"https:\/\/maranhaotv.com.br\/wp-content\/uploads\/2024\/08\/images-2.jpeg","2048x2048":"https:\/\/maranhaotv.com.br\/wp-content\/uploads\/2024\/08\/images-2.jpeg","colormag-highlighted-post":"https:\/\/maranhaotv.com.br\/wp-content\/uploads\/2024\/08\/images-2.jpeg","colormag-featured-post-medium":"https:\/\/maranhaotv.com.br\/wp-content\/uploads\/2024\/08\/images-2.jpeg","colormag-featured-post-small":"https:\/\/maranhaotv.com.br\/wp-content\/uploads\/2024\/08\/images-2-130x90.jpeg","colormag-featured-image":"https:\/\/maranhaotv.com.br\/wp-content\/uploads\/2024\/08\/images-2.jpeg","colormag-default-news":"https:\/\/maranhaotv.com.br\/wp-content\/uploads\/2024\/08\/images-2-150x150.jpeg","colormag-featured-image-large":"https:\/\/maranhaotv.com.br\/wp-content\/uploads\/2024\/08\/images-2.jpeg"},"magazineBlocksPostAuthor":{"name":"maranhaotv","avatar":"https:\/\/secure.gravatar.com\/avatar\/8fadbca458d4cb68b1dd399ae9a40618d747bb1af65ac9fad21c89220a143eb4?s=96&d=mm&r=g"},"magazineBlocksPostCommentsNumber":"0","magazineBlocksPostExcerpt":"A prefeitura Municipal da cidade de Viana na Baixada Maranhense atrav\u00e9s da Secret\u00e1ria Municipal de Educa\u00e7\u00e3o, Esporte, Cultura E Lazer,","magazineBlocksPostCategories":["not\u00edcias"],"magazineBlocksPostViewCount":197,"magazineBlocksPostReadTime":1,"magazine_blocks_featured_image_url":{"full":["https:\/\/maranhaotv.com.br\/wp-content\/uploads\/2024\/08\/images-2.jpeg",275,183,false],"medium":["https:\/\/maranhaotv.com.br\/wp-content\/uploads\/2024\/08\/images-2.jpeg",275,183,false],"thumbnail":["https:\/\/maranhaotv.com.br\/wp-content\/uploads\/2024\/08\/images-2-150x150.jpeg",150,150,true]},"magazine_blocks_author":{"display_name":"maranhaotv","author_link":"https:\/\/maranhaotv.com.br\/index.php\/author\/maranhaotv\/"},"magazine_blocks_comment":0,"magazine_blocks_author_image":"https:\/\/secure.gravatar.com\/avatar\/8fadbca458d4cb68b1dd399ae9a40618d747bb1af65ac9fad21c89220a143eb4?s=96&d=mm&r=g","magazine_blocks_category":"<a href=\"#\" class=\"category-link category-link-2\">not\u00edcias<\/a>","yoast_head":"<!-- This site is optimized with the Yoast SEO plugin v27.4 - https:\/\/yoast.com\/product\/yoast-seo-wordpress\/ -->\n<title>Al\u00f4 MP: Carrinho Cidreira celebra contrato de quase R$ 2,7 milh\u00f5es para uma suposta aquisi\u00e7\u00e3o de biblioteca m\u00f3vel, em Viana - NOT\u00cdCIAS EM TEMPO REAL<\/title>\n<meta name=\"robots\" content=\"index, follow, max-snippet:-1, max-image-preview:large, max-video-preview:-1\" \/>\n<link rel=\"canonical\" href=\"https:\/\/maranhaotv.com.br\/index.php\/2024\/08\/13\/alo-mp-carrinho-cidreira-celebra-contrato-de-quase-r-27-milhoes-para-uma-suposta-aquisicao-de-biblioteca-movel-em-viana\/\" \/>\n<meta property=\"og:locale\" content=\"pt_BR\" \/>\n<meta property=\"og:type\" content=\"article\" \/>\n<meta property=\"og:title\" content=\"Al\u00f4 MP: Carrinho Cidreira celebra contrato de quase R$ 2,7 milh\u00f5es para uma suposta aquisi\u00e7\u00e3o de biblioteca m\u00f3vel, em Viana - NOT\u00cdCIAS EM TEMPO REAL\" \/>\n<meta property=\"og:description\" content=\"A prefeitura Municipal da cidade de Viana na Baixada Maranhense atrav\u00e9s da Secret\u00e1ria Municipal de Educa\u00e7\u00e3o, Esporte, Cultura E Lazer,\" \/>\n<meta property=\"og:url\" content=\"https:\/\/maranhaotv.com.br\/index.php\/2024\/08\/13\/alo-mp-carrinho-cidreira-celebra-contrato-de-quase-r-27-milhoes-para-uma-suposta-aquisicao-de-biblioteca-movel-em-viana\/\" \/>\n<meta property=\"og:site_name\" content=\"NOT\u00cdCIAS EM TEMPO REAL\" \/>\n<meta property=\"article:publisher\" content=\"https:\/\/www.facebook.com\/maiobaotv\" \/>\n<meta property=\"article:published_time\" content=\"2024-08-13T21:06:08+00:00\" \/>\n<meta property=\"article:modified_time\" content=\"2024-08-13T21:06:19+00:00\" \/>\n<meta property=\"og:image\" content=\"https:\/\/maranhaotv.com.br\/wp-content\/uploads\/2024\/08\/images-2.jpeg\" \/>\n\t<meta property=\"og:image:width\" content=\"275\" \/>\n\t<meta property=\"og:image:height\" content=\"183\" \/>\n\t<meta property=\"og:image:type\" content=\"image\/jpeg\" \/>\n<meta name=\"author\" content=\"maranhaotv\" \/>\n<meta name=\"twitter:card\" content=\"summary_large_image\" \/>\n<meta name=\"twitter:creator\" content=\"@sitemaranhaotv\" \/>\n<meta name=\"twitter:site\" content=\"@sitemaranhaotv\" \/>\n<meta name=\"twitter:label1\" content=\"Escrito por\" \/>\n\t<meta name=\"twitter:data1\" content=\"maranhaotv\" \/>\n\t<meta name=\"twitter:label2\" content=\"Est. tempo de leitura\" \/>\n\t<meta name=\"twitter:data2\" content=\"1 minuto\" \/>\n<script type=\"application\/ld+json\" class=\"yoast-schema-graph\">{\"@context\":\"https:\\\/\\\/schema.org\",\"@graph\":[{\"@type\":\"Article\",\"@id\":\"https:\\\/\\\/maranhaotv.com.br\\\/index.php\\\/2024\\\/08\\\/13\\\/alo-mp-carrinho-cidreira-celebra-contrato-de-quase-r-27-milhoes-para-uma-suposta-aquisicao-de-biblioteca-movel-em-viana\\\/#article\",\"isPartOf\":{\"@id\":\"https:\\\/\\\/maranhaotv.com.br\\\/index.php\\\/2024\\\/08\\\/13\\\/alo-mp-carrinho-cidreira-celebra-contrato-de-quase-r-27-milhoes-para-uma-suposta-aquisicao-de-biblioteca-movel-em-viana\\\/\"},\"author\":{\"name\":\"maranhaotv\",\"@id\":\"https:\\\/\\\/maranhaotv.com.br\\\/#\\\/schema\\\/person\\\/3d54238e86b20bb5c89ab2fdb8f8829a\"},\"headline\":\"Al\u00f4 MP: Carrinho Cidreira celebra contrato de quase R$ 2,7 milh\u00f5es para uma suposta aquisi\u00e7\u00e3o de biblioteca m\u00f3vel, em Viana\",\"datePublished\":\"2024-08-13T21:06:08+00:00\",\"dateModified\":\"2024-08-13T21:06:19+00:00\",\"mainEntityOfPage\":{\"@id\":\"https:\\\/\\\/maranhaotv.com.br\\\/index.php\\\/2024\\\/08\\\/13\\\/alo-mp-carrinho-cidreira-celebra-contrato-de-quase-r-27-milhoes-para-uma-suposta-aquisicao-de-biblioteca-movel-em-viana\\\/\"},\"wordCount\":194,\"commentCount\":0,\"publisher\":{\"@id\":\"https:\\\/\\\/maranhaotv.com.br\\\/#organization\"},\"image\":{\"@id\":\"https:\\\/\\\/maranhaotv.com.br\\\/index.php\\\/2024\\\/08\\\/13\\\/alo-mp-carrinho-cidreira-celebra-contrato-de-quase-r-27-milhoes-para-uma-suposta-aquisicao-de-biblioteca-movel-em-viana\\\/#primaryimage\"},\"thumbnailUrl\":\"https:\\\/\\\/maranhaotv.com.br\\\/wp-content\\\/uploads\\\/2024\\\/08\\\/images-2.jpeg\",\"articleSection\":[\"not\u00edcias\"],\"inLanguage\":\"pt-BR\",\"potentialAction\":[{\"@type\":\"CommentAction\",\"name\":\"Comment\",\"target\":[\"https:\\\/\\\/maranhaotv.com.br\\\/index.php\\\/2024\\\/08\\\/13\\\/alo-mp-carrinho-cidreira-celebra-contrato-de-quase-r-27-milhoes-para-uma-suposta-aquisicao-de-biblioteca-movel-em-viana\\\/#respond\"]}]},{\"@type\":\"WebPage\",\"@id\":\"https:\\\/\\\/maranhaotv.com.br\\\/index.php\\\/2024\\\/08\\\/13\\\/alo-mp-carrinho-cidreira-celebra-contrato-de-quase-r-27-milhoes-para-uma-suposta-aquisicao-de-biblioteca-movel-em-viana\\\/\",\"url\":\"https:\\\/\\\/maranhaotv.com.br\\\/index.php\\\/2024\\\/08\\\/13\\\/alo-mp-carrinho-cidreira-celebra-contrato-de-quase-r-27-milhoes-para-uma-suposta-aquisicao-de-biblioteca-movel-em-viana\\\/\",\"name\":\"Al\u00f4 MP: Carrinho Cidreira celebra contrato de quase R$ 2,7 milh\u00f5es para uma suposta aquisi\u00e7\u00e3o de biblioteca m\u00f3vel, em Viana - NOT\u00cdCIAS EM TEMPO REAL\",\"isPartOf\":{\"@id\":\"https:\\\/\\\/maranhaotv.com.br\\\/#website\"},\"primaryImageOfPage\":{\"@id\":\"https:\\\/\\\/maranhaotv.com.br\\\/index.php\\\/2024\\\/08\\\/13\\\/alo-mp-carrinho-cidreira-celebra-contrato-de-quase-r-27-milhoes-para-uma-suposta-aquisicao-de-biblioteca-movel-em-viana\\\/#primaryimage\"},\"image\":{\"@id\":\"https:\\\/\\\/maranhaotv.com.br\\\/index.php\\\/2024\\\/08\\\/13\\\/alo-mp-carrinho-cidreira-celebra-contrato-de-quase-r-27-milhoes-para-uma-suposta-aquisicao-de-biblioteca-movel-em-viana\\\/#primaryimage\"},\"thumbnailUrl\":\"https:\\\/\\\/maranhaotv.com.br\\\/wp-content\\\/uploads\\\/2024\\\/08\\\/images-2.jpeg\",\"datePublished\":\"2024-08-13T21:06:08+00:00\",\"dateModified\":\"2024-08-13T21:06:19+00:00\",\"breadcrumb\":{\"@id\":\"https:\\\/\\\/maranhaotv.com.br\\\/index.php\\\/2024\\\/08\\\/13\\\/alo-mp-carrinho-cidreira-celebra-contrato-de-quase-r-27-milhoes-para-uma-suposta-aquisicao-de-biblioteca-movel-em-viana\\\/#breadcrumb\"},\"inLanguage\":\"pt-BR\",\"potentialAction\":[{\"@type\":\"ReadAction\",\"target\":[\"https:\\\/\\\/maranhaotv.com.br\\\/index.php\\\/2024\\\/08\\\/13\\\/alo-mp-carrinho-cidreira-celebra-contrato-de-quase-r-27-milhoes-para-uma-suposta-aquisicao-de-biblioteca-movel-em-viana\\\/\"]}]},{\"@type\":\"ImageObject\",\"inLanguage\":\"pt-BR\",\"@id\":\"https:\\\/\\\/maranhaotv.com.br\\\/index.php\\\/2024\\\/08\\\/13\\\/alo-mp-carrinho-cidreira-celebra-contrato-de-quase-r-27-milhoes-para-uma-suposta-aquisicao-de-biblioteca-movel-em-viana\\\/#primaryimage\",\"url\":\"https:\\\/\\\/maranhaotv.com.br\\\/wp-content\\\/uploads\\\/2024\\\/08\\\/images-2.jpeg\",\"contentUrl\":\"https:\\\/\\\/maranhaotv.com.br\\\/wp-content\\\/uploads\\\/2024\\\/08\\\/images-2.jpeg\",\"width\":275,\"height\":183},{\"@type\":\"BreadcrumbList\",\"@id\":\"https:\\\/\\\/maranhaotv.com.br\\\/index.php\\\/2024\\\/08\\\/13\\\/alo-mp-carrinho-cidreira-celebra-contrato-de-quase-r-27-milhoes-para-uma-suposta-aquisicao-de-biblioteca-movel-em-viana\\\/#breadcrumb\",\"itemListElement\":[{\"@type\":\"ListItem\",\"position\":1,\"name\":\"In\u00edcio\",\"item\":\"https:\\\/\\\/maranhaotv.com.br\\\/\"},{\"@type\":\"ListItem\",\"position\":2,\"name\":\"Al\u00f4 MP: Carrinho Cidreira celebra contrato de quase R$ 2,7 milh\u00f5es para uma suposta aquisi\u00e7\u00e3o de biblioteca m\u00f3vel, em Viana\"}]},{\"@type\":\"WebSite\",\"@id\":\"https:\\\/\\\/maranhaotv.com.br\\\/#website\",\"url\":\"https:\\\/\\\/maranhaotv.com.br\\\/\",\"name\":\"Maranh\u00e3oTV\",\"description\":\"\",\"publisher\":{\"@id\":\"https:\\\/\\\/maranhaotv.com.br\\\/#organization\"},\"potentialAction\":[{\"@type\":\"SearchAction\",\"target\":{\"@type\":\"EntryPoint\",\"urlTemplate\":\"https:\\\/\\\/maranhaotv.com.br\\\/?s={search_term_string}\"},\"query-input\":{\"@type\":\"PropertyValueSpecification\",\"valueRequired\":true,\"valueName\":\"search_term_string\"}}],\"inLanguage\":\"pt-BR\"},{\"@type\":\"Organization\",\"@id\":\"https:\\\/\\\/maranhaotv.com.br\\\/#organization\",\"name\":\"Portal de Not\u00edcias\",\"url\":\"https:\\\/\\\/maranhaotv.com.br\\\/\",\"logo\":{\"@type\":\"ImageObject\",\"inLanguage\":\"pt-BR\",\"@id\":\"https:\\\/\\\/maranhaotv.com.br\\\/#\\\/schema\\\/logo\\\/image\\\/\",\"url\":\"https:\\\/\\\/maranhaotv.com.br\\\/wp-content\\\/uploads\\\/2024\\\/05\\\/cropped-cropped-avatar-1.png\",\"contentUrl\":\"https:\\\/\\\/maranhaotv.com.br\\\/wp-content\\\/uploads\\\/2024\\\/05\\\/cropped-cropped-avatar-1.png\",\"width\":792,\"height\":428,\"caption\":\"Portal de Not\u00edcias\"},\"image\":{\"@id\":\"https:\\\/\\\/maranhaotv.com.br\\\/#\\\/schema\\\/logo\\\/image\\\/\"},\"sameAs\":[\"https:\\\/\\\/www.facebook.com\\\/maiobaotv\",\"https:\\\/\\\/x.com\\\/sitemaranhaotv\",\"https:\\\/\\\/www.instagram.com\\\/maranhao.tv\",\"https:\\\/\\\/www.threads.net\\\/@maranhao.tv\"]},{\"@type\":\"Person\",\"@id\":\"https:\\\/\\\/maranhaotv.com.br\\\/#\\\/schema\\\/person\\\/3d54238e86b20bb5c89ab2fdb8f8829a\",\"name\":\"maranhaotv\",\"image\":{\"@type\":\"ImageObject\",\"inLanguage\":\"pt-BR\",\"@id\":\"https:\\\/\\\/secure.gravatar.com\\\/avatar\\\/8fadbca458d4cb68b1dd399ae9a40618d747bb1af65ac9fad21c89220a143eb4?s=96&d=mm&r=g\",\"url\":\"https:\\\/\\\/secure.gravatar.com\\\/avatar\\\/8fadbca458d4cb68b1dd399ae9a40618d747bb1af65ac9fad21c89220a143eb4?s=96&d=mm&r=g\",\"contentUrl\":\"https:\\\/\\\/secure.gravatar.com\\\/avatar\\\/8fadbca458d4cb68b1dd399ae9a40618d747bb1af65ac9fad21c89220a143eb4?s=96&d=mm&r=g\",\"caption\":\"maranhaotv\"},\"sameAs\":[\"https:\\\/\\\/maranhaotv.com.br\\\/\"],\"url\":\"https:\\\/\\\/maranhaotv.com.br\\\/index.php\\\/author\\\/maranhaotv\\\/\"}]}<\/script>\n<!-- \/ Yoast SEO plugin. -->","yoast_head_json":{"title":"Al\u00f4 MP: Carrinho Cidreira celebra contrato de quase R$ 2,7 milh\u00f5es para uma suposta aquisi\u00e7\u00e3o de biblioteca m\u00f3vel, em Viana - NOT\u00cdCIAS EM TEMPO REAL","robots":{"index":"index","follow":"follow","max-snippet":"max-snippet:-1","max-image-preview":"max-image-preview:large","max-video-preview":"max-video-preview:-1"},"canonical":"https:\/\/maranhaotv.com.br\/index.php\/2024\/08\/13\/alo-mp-carrinho-cidreira-celebra-contrato-de-quase-r-27-milhoes-para-uma-suposta-aquisicao-de-biblioteca-movel-em-viana\/","og_locale":"pt_BR","og_type":"article","og_title":"Al\u00f4 MP: Carrinho Cidreira celebra contrato de quase R$ 2,7 milh\u00f5es para uma suposta aquisi\u00e7\u00e3o de biblioteca m\u00f3vel, em Viana - NOT\u00cdCIAS EM TEMPO REAL","og_description":"A prefeitura Municipal da cidade de Viana na Baixada Maranhense atrav\u00e9s da Secret\u00e1ria Municipal de Educa\u00e7\u00e3o, Esporte, Cultura E Lazer,","og_url":"https:\/\/maranhaotv.com.br\/index.php\/2024\/08\/13\/alo-mp-carrinho-cidreira-celebra-contrato-de-quase-r-27-milhoes-para-uma-suposta-aquisicao-de-biblioteca-movel-em-viana\/","og_site_name":"NOT\u00cdCIAS EM TEMPO REAL","article_publisher":"https:\/\/www.facebook.com\/maiobaotv","article_published_time":"2024-08-13T21:06:08+00:00","article_modified_time":"2024-08-13T21:06:19+00:00","og_image":[{"width":275,"height":183,"url":"https:\/\/maranhaotv.com.br\/wp-content\/uploads\/2024\/08\/images-2.jpeg","type":"image\/jpeg"}],"author":"maranhaotv","twitter_card":"summary_large_image","twitter_creator":"@sitemaranhaotv","twitter_site":"@sitemaranhaotv","twitter_misc":{"Escrito por":"maranhaotv","Est. tempo de leitura":"1 minuto"},"schema":{"@context":"https:\/\/schema.org","@graph":[{"@type":"Article","@id":"https:\/\/maranhaotv.com.br\/index.php\/2024\/08\/13\/alo-mp-carrinho-cidreira-celebra-contrato-de-quase-r-27-milhoes-para-uma-suposta-aquisicao-de-biblioteca-movel-em-viana\/#article","isPartOf":{"@id":"https:\/\/maranhaotv.com.br\/index.php\/2024\/08\/13\/alo-mp-carrinho-cidreira-celebra-contrato-de-quase-r-27-milhoes-para-uma-suposta-aquisicao-de-biblioteca-movel-em-viana\/"},"author":{"name":"maranhaotv","@id":"https:\/\/maranhaotv.com.br\/#\/schema\/person\/3d54238e86b20bb5c89ab2fdb8f8829a"},"headline":"Al\u00f4 MP: Carrinho Cidreira celebra contrato de quase R$ 2,7 milh\u00f5es para uma suposta aquisi\u00e7\u00e3o de biblioteca m\u00f3vel, em Viana","datePublished":"2024-08-13T21:06:08+00:00","dateModified":"2024-08-13T21:06:19+00:00","mainEntityOfPage":{"@id":"https:\/\/maranhaotv.com.br\/index.php\/2024\/08\/13\/alo-mp-carrinho-cidreira-celebra-contrato-de-quase-r-27-milhoes-para-uma-suposta-aquisicao-de-biblioteca-movel-em-viana\/"},"wordCount":194,"commentCount":0,"publisher":{"@id":"https:\/\/maranhaotv.com.br\/#organization"},"image":{"@id":"https:\/\/maranhaotv.com.br\/index.php\/2024\/08\/13\/alo-mp-carrinho-cidreira-celebra-contrato-de-quase-r-27-milhoes-para-uma-suposta-aquisicao-de-biblioteca-movel-em-viana\/#primaryimage"},"thumbnailUrl":"https:\/\/maranhaotv.com.br\/wp-content\/uploads\/2024\/08\/images-2.jpeg","articleSection":["not\u00edcias"],"inLanguage":"pt-BR","potentialAction":[{"@type":"CommentAction","name":"Comment","target":["https:\/\/maranhaotv.com.br\/index.php\/2024\/08\/13\/alo-mp-carrinho-cidreira-celebra-contrato-de-quase-r-27-milhoes-para-uma-suposta-aquisicao-de-biblioteca-movel-em-viana\/#respond"]}]},{"@type":"WebPage","@id":"https:\/\/maranhaotv.com.br\/index.php\/2024\/08\/13\/alo-mp-carrinho-cidreira-celebra-contrato-de-quase-r-27-milhoes-para-uma-suposta-aquisicao-de-biblioteca-movel-em-viana\/","url":"https:\/\/maranhaotv.com.br\/index.php\/2024\/08\/13\/alo-mp-carrinho-cidreira-celebra-contrato-de-quase-r-27-milhoes-para-uma-suposta-aquisicao-de-biblioteca-movel-em-viana\/","name":"Al\u00f4 MP: Carrinho Cidreira celebra contrato de quase R$ 2,7 milh\u00f5es para uma suposta aquisi\u00e7\u00e3o de biblioteca m\u00f3vel, em Viana - NOT\u00cdCIAS EM TEMPO REAL","isPartOf":{"@id":"https:\/\/maranhaotv.com.br\/#website"},"primaryImageOfPage":{"@id":"https:\/\/maranhaotv.com.br\/index.php\/2024\/08\/13\/alo-mp-carrinho-cidreira-celebra-contrato-de-quase-r-27-milhoes-para-uma-suposta-aquisicao-de-biblioteca-movel-em-viana\/#primaryimage"},"image":{"@id":"https:\/\/maranhaotv.com.br\/index.php\/2024\/08\/13\/alo-mp-carrinho-cidreira-celebra-contrato-de-quase-r-27-milhoes-para-uma-suposta-aquisicao-de-biblioteca-movel-em-viana\/#primaryimage"},"thumbnailUrl":"https:\/\/maranhaotv.com.br\/wp-content\/uploads\/2024\/08\/images-2.jpeg","datePublished":"2024-08-13T21:06:08+00:00","dateModified":"2024-08-13T21:06:19+00:00","breadcrumb":{"@id":"https:\/\/maranhaotv.com.br\/index.php\/2024\/08\/13\/alo-mp-carrinho-cidreira-celebra-contrato-de-quase-r-27-milhoes-para-uma-suposta-aquisicao-de-biblioteca-movel-em-viana\/#breadcrumb"},"inLanguage":"pt-BR","potentialAction":[{"@type":"ReadAction","target":["https:\/\/maranhaotv.com.br\/index.php\/2024\/08\/13\/alo-mp-carrinho-cidreira-celebra-contrato-de-quase-r-27-milhoes-para-uma-suposta-aquisicao-de-biblioteca-movel-em-viana\/"]}]},{"@type":"ImageObject","inLanguage":"pt-BR","@id":"https:\/\/maranhaotv.com.br\/index.php\/2024\/08\/13\/alo-mp-carrinho-cidreira-celebra-contrato-de-quase-r-27-milhoes-para-uma-suposta-aquisicao-de-biblioteca-movel-em-viana\/#primaryimage","url":"https:\/\/maranhaotv.com.br\/wp-content\/uploads\/2024\/08\/images-2.jpeg","contentUrl":"https:\/\/maranhaotv.com.br\/wp-content\/uploads\/2024\/08\/images-2.jpeg","width":275,"height":183},{"@type":"BreadcrumbList","@id":"https:\/\/maranhaotv.com.br\/index.php\/2024\/08\/13\/alo-mp-carrinho-cidreira-celebra-contrato-de-quase-r-27-milhoes-para-uma-suposta-aquisicao-de-biblioteca-movel-em-viana\/#breadcrumb","itemListElement":[{"@type":"ListItem","position":1,"name":"In\u00edcio","item":"https:\/\/maranhaotv.com.br\/"},{"@type":"ListItem","position":2,"name":"Al\u00f4 MP: Carrinho Cidreira celebra contrato de quase R$ 2,7 milh\u00f5es para uma suposta aquisi\u00e7\u00e3o de biblioteca m\u00f3vel, em Viana"}]},{"@type":"WebSite","@id":"https:\/\/maranhaotv.com.br\/#website","url":"https:\/\/maranhaotv.com.br\/","name":"Maranh\u00e3oTV","description":"","publisher":{"@id":"https:\/\/maranhaotv.com.br\/#organization"},"potentialAction":[{"@type":"SearchAction","target":{"@type":"EntryPoint","urlTemplate":"https:\/\/maranhaotv.com.br\/?s={search_term_string}"},"query-input":{"@type":"PropertyValueSpecification","valueRequired":true,"valueName":"search_term_string"}}],"inLanguage":"pt-BR"},{"@type":"Organization","@id":"https:\/\/maranhaotv.com.br\/#organization","name":"Portal de Not\u00edcias","url":"https:\/\/maranhaotv.com.br\/","logo":{"@type":"ImageObject","inLanguage":"pt-BR","@id":"https:\/\/maranhaotv.com.br\/#\/schema\/logo\/image\/","url":"https:\/\/maranhaotv.com.br\/wp-content\/uploads\/2024\/05\/cropped-cropped-avatar-1.png","contentUrl":"https:\/\/maranhaotv.com.br\/wp-content\/uploads\/2024\/05\/cropped-cropped-avatar-1.png","width":792,"height":428,"caption":"Portal de Not\u00edcias"},"image":{"@id":"https:\/\/maranhaotv.com.br\/#\/schema\/logo\/image\/"},"sameAs":["https:\/\/www.facebook.com\/maiobaotv","https:\/\/x.com\/sitemaranhaotv","https:\/\/www.instagram.com\/maranhao.tv","https:\/\/www.threads.net\/@maranhao.tv"]},{"@type":"Person","@id":"https:\/\/maranhaotv.com.br\/#\/schema\/person\/3d54238e86b20bb5c89ab2fdb8f8829a","name":"maranhaotv","image":{"@type":"ImageObject","inLanguage":"pt-BR","@id":"https:\/\/secure.gravatar.com\/avatar\/8fadbca458d4cb68b1dd399ae9a40618d747bb1af65ac9fad21c89220a143eb4?s=96&d=mm&r=g","url":"https:\/\/secure.gravatar.com\/avatar\/8fadbca458d4cb68b1dd399ae9a40618d747bb1af65ac9fad21c89220a143eb4?s=96&d=mm&r=g","contentUrl":"https:\/\/secure.gravatar.com\/avatar\/8fadbca458d4cb68b1dd399ae9a40618d747bb1af65ac9fad21c89220a143eb4?s=96&d=mm&r=g","caption":"maranhaotv"},"sameAs":["https:\/\/maranhaotv.com.br\/"],"url":"https:\/\/maranhaotv.com.br\/index.php\/author\/maranhaotv\/"}]}},"jetpack_featured_media_url":"https:\/\/maranhaotv.com.br\/wp-content\/uploads\/2024\/08\/images-2.jpeg","jetpack_sharing_enabled":true,"_links":{"self":[{"href":"https:\/\/maranhaotv.com.br\/index.php\/wp-json\/wp\/v2\/posts\/37189","targetHints":{"allow":["GET"]}}],"collection":[{"href":"https:\/\/maranhaotv.com.br\/index.php\/wp-json\/wp\/v2\/posts"}],"about":[{"href":"https:\/\/maranhaotv.com.br\/index.php\/wp-json\/wp\/v2\/types\/post"}],"author":[{"embeddable":true,"href":"https:\/\/maranhaotv.com.br\/index.php\/wp-json\/wp\/v2\/users\/2"}],"replies":[{"embeddable":true,"href":"https:\/\/maranhaotv.com.br\/index.php\/wp-json\/wp\/v2\/comments?post=37189"}],"version-history":[{"count":1,"href":"https:\/\/maranhaotv.com.br\/index.php\/wp-json\/wp\/v2\/posts\/37189\/revisions"}],"predecessor-version":[{"id":37190,"href":"https:\/\/maranhaotv.com.br\/index.php\/wp-json\/wp\/v2\/posts\/37189\/revisions\/37190"}],"wp:featuredmedia":[{"embeddable":true,"href":"https:\/\/maranhaotv.com.br\/index.php\/wp-json\/wp\/v2\/media\/37188"}],"wp:attachment":[{"href":"https:\/\/maranhaotv.com.br\/index.php\/wp-json\/wp\/v2\/media?parent=37189"}],"wp:term":[{"taxonomy":"category","embeddable":true,"href":"https:\/\/maranhaotv.com.br\/index.php\/wp-json\/wp\/v2\/categories?post=37189"},{"taxonomy":"post_tag","embeddable":true,"href":"https:\/\/maranhaotv.com.br\/index.php\/wp-json\/wp\/v2\/tags?post=37189"}],"curies":[{"name":"wp","href":"https:\/\/api.w.org\/{rel}","templated":true}]}}