{"id":37192,"date":"2024-08-13T19:05:38","date_gmt":"2024-08-13T22:05:38","guid":{"rendered":"https:\/\/maranhaotv.com.br\/?p=37192"},"modified":"2024-08-13T19:07:21","modified_gmt":"2024-08-13T22:07:21","slug":"raimundo-penha-cobra-melhorias-no-sistema-de-transporte-coletivo-de-sao-luis","status":"publish","type":"post","link":"https:\/\/maranhaotv.com.br\/index.php\/2024\/08\/13\/raimundo-penha-cobra-melhorias-no-sistema-de-transporte-coletivo-de-sao-luis\/","title":{"rendered":"Raimundo Penha cobra melhorias no sistema de transporte coletivo de S\u00e3o Lu\u00eds"},"content":{"rendered":"\n<p><br \/><br \/>O secret\u00e1rio da SMTT, Diego Rodrigues, compareceu \u00e0 convoca\u00e7\u00e3o do vereador Raimundo Penha (PDT) nesta ter\u00e7a-feira (13), na C\u00e2mara Municipal de S\u00e3o Lu\u00eds.\n<br \/>A defasagem da frota de \u00f4nibus dispon\u00edvel \u00e0 popula\u00e7\u00e3o e o descumprimento da lei aprovada e promulgada pela C\u00e2mara que garante e melhora a gratuidade para os respons\u00e1veis por pessoas com defici\u00eancia, foram alguns dos problemas que motivaram a convoca\u00e7\u00e3o do secret\u00e1rio.<br \/>\n<br \/>Diante das falhas apontadas no sistema de transporte urbano de S\u00e3o Lu\u00eds, o secret\u00e1rio Diego Rodrigues confirmou que, apesar da pouca transpar\u00eancia por parte do Sindicato das Empresas (SET), a Prefeitura de S\u00e3o Lu\u00eds repassa R$ 1,37 por passageiro, cerca de R$ 7 milh\u00f5es por m\u00eas, um montante de R$ 84 milh\u00f5es anual aos empres\u00e1rios do transporte coletivo.<br \/>\n<br \/>As quantias vultosas n\u00e3o garantem a circula\u00e7\u00e3o da frota total na cidade, j\u00e1 que o titular da SMTT afirmou aos vereadores que de 800 \u00f4nibus previstos \u201capenas\u201d 92 est\u00e3o fora circula\u00e7\u00e3o.<br \/><br \/>Raimundo Penha utilizou o exemplo do S\u00e3o Bernardo para afirmar que a realidade do transporte coletivo \u00e9 muito pior que a admitida pelo secret\u00e1rio.\n<br \/>\u201cNo S\u00e3o Bernardo tem o contrato para ter oito \u00f4nibus, mas h\u00e1 dois anos venho relatado \u00e0 SMTT que l\u00e1 s\u00f3 rodam tr\u00eas \u00f4nibus, menos da metade do previsto\u201d, afirmou o vereador. <br \/>\n<br \/>Raimundo Penha tamb\u00e9m tratou do descumprimento da Lei municipal n\u00ba 7.649\/2024 que garante gratuidade aos respons\u00e1veis de crian\u00e7as e pessoas com defici\u00eancia, sem a necessidade de sua companhia.\n<br \/>&#8220;Uma m\u00e3e que precisa marcar uma consulta pro filho, que vai para a CEMARC ou uma unidade de sa\u00fade, que vai levar um filho para escola fazer matr\u00edcula ou rematr\u00edcula, ou tem filho cadeirante, precisa ter o direito de gratuidade mesmo quando estiver sozinha\u201d, defendeu o vereador ao exemplificar casos que a Lei abrange.<br \/>\n<br \/>Diego Rodrigues alegou que a lei ainda est\u00e1 no per\u00edodo de adapta\u00e7\u00e3o, de 90 dias, prazo que a Prefeitura tem para assegurar o benef\u00edcio. Segundo o secret\u00e1rio, esse prazo termina em setembro.<\/p>\n\n\n\n\n\n<figure class=\"wp-block-video\"><video height=\"864\" style=\"aspect-ratio: 480 \/ 864;\" width=\"480\" controls src=\"https:\/\/maranhaotv.com.br\/wp-content\/uploads\/2024\/08\/VID-20240813-WA0821.mp4\"><\/video><\/figure>\n","protected":false},"excerpt":{"rendered":"<p>O secret\u00e1rio da SMTT, Diego Rodrigues, compareceu \u00e0 convoca\u00e7\u00e3o do vereador Raimundo Penha (PDT) nesta ter\u00e7a-feira (13), na C\u00e2mara Municipal<\/p>\n","protected":false},"author":2,"featured_media":37191,"comment_status":"open","ping_status":"open","sticky":false,"template":"","format":"standard","meta":{"colormag_page_container_layout":"default_layout","colormag_page_sidebar_layout":"default_layout","_jetpack_memberships_contains_paid_content":false,"footnotes":""},"categories":[6],"tags":[],"class_list":["post-37192","post","type-post","status-publish","format-standard","has-post-thumbnail","hentry","category-politica"],"magazineBlocksPostFeaturedMedia":{"thumbnail":"https:\/\/maranhaotv.com.br\/wp-content\/uploads\/2024\/08\/IMG-20240813-WA0818-150x150.jpg","medium":"https:\/\/maranhaotv.com.br\/wp-content\/uploads\/2024\/08\/IMG-20240813-WA0818-300x200.jpg","medium_large":"https:\/\/maranhaotv.com.br\/wp-content\/uploads\/2024\/08\/IMG-20240813-WA0818-768x513.jpg","large":"https:\/\/maranhaotv.com.br\/wp-content\/uploads\/2024\/08\/IMG-20240813-WA0818-1024x684.jpg","1536x1536":"https:\/\/maranhaotv.com.br\/wp-content\/uploads\/2024\/08\/IMG-20240813-WA0818-1536x1025.jpg","2048x2048":"https:\/\/maranhaotv.com.br\/wp-content\/uploads\/2024\/08\/IMG-20240813-WA0818.jpg","colormag-highlighted-post":"https:\/\/maranhaotv.com.br\/wp-content\/uploads\/2024\/08\/IMG-20240813-WA0818-392x272.jpg","colormag-featured-post-medium":"https:\/\/maranhaotv.com.br\/wp-content\/uploads\/2024\/08\/IMG-20240813-WA0818-390x205.jpg","colormag-featured-post-small":"https:\/\/maranhaotv.com.br\/wp-content\/uploads\/2024\/08\/IMG-20240813-WA0818-130x90.jpg","colormag-featured-image":"https:\/\/maranhaotv.com.br\/wp-content\/uploads\/2024\/08\/IMG-20240813-WA0818-800x445.jpg","colormag-default-news":"https:\/\/maranhaotv.com.br\/wp-content\/uploads\/2024\/08\/IMG-20240813-WA0818-150x150.jpg","colormag-featured-image-large":"https:\/\/maranhaotv.com.br\/wp-content\/uploads\/2024\/08\/IMG-20240813-WA0818-1400x600.jpg"},"magazineBlocksPostAuthor":{"name":"maranhaotv","avatar":"https:\/\/secure.gravatar.com\/avatar\/8fadbca458d4cb68b1dd399ae9a40618d747bb1af65ac9fad21c89220a143eb4?s=96&d=mm&r=g"},"magazineBlocksPostCommentsNumber":"0","magazineBlocksPostExcerpt":"O secret\u00e1rio da SMTT, Diego Rodrigues, compareceu \u00e0 convoca\u00e7\u00e3o do vereador Raimundo Penha (PDT) nesta ter\u00e7a-feira (13), na C\u00e2mara Municipal","magazineBlocksPostCategories":["pol\u00edtica"],"magazineBlocksPostViewCount":231,"magazineBlocksPostReadTime":2,"magazine_blocks_featured_image_url":{"full":["https:\/\/maranhaotv.com.br\/wp-content\/uploads\/2024\/08\/IMG-20240813-WA0818.jpg",1600,1068,false],"medium":["https:\/\/maranhaotv.com.br\/wp-content\/uploads\/2024\/08\/IMG-20240813-WA0818-300x200.jpg",300,200,true],"thumbnail":["https:\/\/maranhaotv.com.br\/wp-content\/uploads\/2024\/08\/IMG-20240813-WA0818-150x150.jpg",150,150,true]},"magazine_blocks_author":{"display_name":"maranhaotv","author_link":"https:\/\/maranhaotv.com.br\/index.php\/author\/maranhaotv\/"},"magazine_blocks_comment":0,"magazine_blocks_author_image":"https:\/\/secure.gravatar.com\/avatar\/8fadbca458d4cb68b1dd399ae9a40618d747bb1af65ac9fad21c89220a143eb4?s=96&d=mm&r=g","magazine_blocks_category":"<a href=\"#\" class=\"category-link category-link-6\">pol\u00edtica<\/a>","yoast_head":"<!-- This site is optimized with the Yoast SEO plugin v27.4 - https:\/\/yoast.com\/product\/yoast-seo-wordpress\/ -->\n<title>Raimundo Penha cobra melhorias no sistema de transporte coletivo de S\u00e3o Lu\u00eds - NOT\u00cdCIAS EM TEMPO REAL<\/title>\n<meta name=\"robots\" content=\"index, follow, max-snippet:-1, max-image-preview:large, max-video-preview:-1\" \/>\n<link rel=\"canonical\" href=\"https:\/\/maranhaotv.com.br\/index.php\/2024\/08\/13\/raimundo-penha-cobra-melhorias-no-sistema-de-transporte-coletivo-de-sao-luis\/\" \/>\n<meta property=\"og:locale\" content=\"pt_BR\" \/>\n<meta property=\"og:type\" content=\"article\" \/>\n<meta property=\"og:title\" content=\"Raimundo Penha cobra melhorias no sistema de transporte coletivo de S\u00e3o Lu\u00eds - NOT\u00cdCIAS EM TEMPO REAL\" \/>\n<meta property=\"og:description\" content=\"O secret\u00e1rio da SMTT, Diego Rodrigues, compareceu \u00e0 convoca\u00e7\u00e3o do vereador Raimundo Penha (PDT) nesta ter\u00e7a-feira (13), na C\u00e2mara Municipal\" \/>\n<meta property=\"og:url\" content=\"https:\/\/maranhaotv.com.br\/index.php\/2024\/08\/13\/raimundo-penha-cobra-melhorias-no-sistema-de-transporte-coletivo-de-sao-luis\/\" \/>\n<meta property=\"og:site_name\" content=\"NOT\u00cdCIAS EM TEMPO REAL\" \/>\n<meta property=\"article:publisher\" content=\"https:\/\/www.facebook.com\/maiobaotv\" \/>\n<meta property=\"article:published_time\" content=\"2024-08-13T22:05:38+00:00\" \/>\n<meta property=\"article:modified_time\" content=\"2024-08-13T22:07:21+00:00\" \/>\n<meta property=\"og:image\" content=\"https:\/\/maranhaotv.com.br\/wp-content\/uploads\/2024\/08\/IMG-20240813-WA0818.jpg\" \/>\n\t<meta property=\"og:image:width\" content=\"1600\" \/>\n\t<meta property=\"og:image:height\" content=\"1068\" \/>\n\t<meta property=\"og:image:type\" content=\"image\/jpeg\" \/>\n<meta name=\"author\" content=\"maranhaotv\" \/>\n<meta name=\"twitter:card\" content=\"summary_large_image\" \/>\n<meta name=\"twitter:creator\" content=\"@sitemaranhaotv\" \/>\n<meta name=\"twitter:site\" content=\"@sitemaranhaotv\" \/>\n<meta name=\"twitter:label1\" content=\"Escrito por\" \/>\n\t<meta name=\"twitter:data1\" content=\"maranhaotv\" \/>\n\t<meta name=\"twitter:label2\" content=\"Est. tempo de leitura\" \/>\n\t<meta name=\"twitter:data2\" content=\"2 minutos\" \/>\n<script type=\"application\/ld+json\" class=\"yoast-schema-graph\">{\"@context\":\"https:\\\/\\\/schema.org\",\"@graph\":[{\"@type\":\"Article\",\"@id\":\"https:\\\/\\\/maranhaotv.com.br\\\/index.php\\\/2024\\\/08\\\/13\\\/raimundo-penha-cobra-melhorias-no-sistema-de-transporte-coletivo-de-sao-luis\\\/#article\",\"isPartOf\":{\"@id\":\"https:\\\/\\\/maranhaotv.com.br\\\/index.php\\\/2024\\\/08\\\/13\\\/raimundo-penha-cobra-melhorias-no-sistema-de-transporte-coletivo-de-sao-luis\\\/\"},\"author\":{\"name\":\"maranhaotv\",\"@id\":\"https:\\\/\\\/maranhaotv.com.br\\\/#\\\/schema\\\/person\\\/3d54238e86b20bb5c89ab2fdb8f8829a\"},\"headline\":\"Raimundo Penha cobra melhorias no sistema de transporte coletivo de S\u00e3o Lu\u00eds\",\"datePublished\":\"2024-08-13T22:05:38+00:00\",\"dateModified\":\"2024-08-13T22:07:21+00:00\",\"mainEntityOfPage\":{\"@id\":\"https:\\\/\\\/maranhaotv.com.br\\\/index.php\\\/2024\\\/08\\\/13\\\/raimundo-penha-cobra-melhorias-no-sistema-de-transporte-coletivo-de-sao-luis\\\/\"},\"wordCount\":369,\"commentCount\":0,\"publisher\":{\"@id\":\"https:\\\/\\\/maranhaotv.com.br\\\/#organization\"},\"image\":{\"@id\":\"https:\\\/\\\/maranhaotv.com.br\\\/index.php\\\/2024\\\/08\\\/13\\\/raimundo-penha-cobra-melhorias-no-sistema-de-transporte-coletivo-de-sao-luis\\\/#primaryimage\"},\"thumbnailUrl\":\"https:\\\/\\\/maranhaotv.com.br\\\/wp-content\\\/uploads\\\/2024\\\/08\\\/IMG-20240813-WA0818.jpg\",\"articleSection\":[\"pol\u00edtica\"],\"inLanguage\":\"pt-BR\",\"potentialAction\":[{\"@type\":\"CommentAction\",\"name\":\"Comment\",\"target\":[\"https:\\\/\\\/maranhaotv.com.br\\\/index.php\\\/2024\\\/08\\\/13\\\/raimundo-penha-cobra-melhorias-no-sistema-de-transporte-coletivo-de-sao-luis\\\/#respond\"]}]},{\"@type\":\"WebPage\",\"@id\":\"https:\\\/\\\/maranhaotv.com.br\\\/index.php\\\/2024\\\/08\\\/13\\\/raimundo-penha-cobra-melhorias-no-sistema-de-transporte-coletivo-de-sao-luis\\\/\",\"url\":\"https:\\\/\\\/maranhaotv.com.br\\\/index.php\\\/2024\\\/08\\\/13\\\/raimundo-penha-cobra-melhorias-no-sistema-de-transporte-coletivo-de-sao-luis\\\/\",\"name\":\"Raimundo Penha cobra melhorias no sistema de transporte coletivo de S\u00e3o Lu\u00eds - NOT\u00cdCIAS EM TEMPO REAL\",\"isPartOf\":{\"@id\":\"https:\\\/\\\/maranhaotv.com.br\\\/#website\"},\"primaryImageOfPage\":{\"@id\":\"https:\\\/\\\/maranhaotv.com.br\\\/index.php\\\/2024\\\/08\\\/13\\\/raimundo-penha-cobra-melhorias-no-sistema-de-transporte-coletivo-de-sao-luis\\\/#primaryimage\"},\"image\":{\"@id\":\"https:\\\/\\\/maranhaotv.com.br\\\/index.php\\\/2024\\\/08\\\/13\\\/raimundo-penha-cobra-melhorias-no-sistema-de-transporte-coletivo-de-sao-luis\\\/#primaryimage\"},\"thumbnailUrl\":\"https:\\\/\\\/maranhaotv.com.br\\\/wp-content\\\/uploads\\\/2024\\\/08\\\/IMG-20240813-WA0818.jpg\",\"datePublished\":\"2024-08-13T22:05:38+00:00\",\"dateModified\":\"2024-08-13T22:07:21+00:00\",\"breadcrumb\":{\"@id\":\"https:\\\/\\\/maranhaotv.com.br\\\/index.php\\\/2024\\\/08\\\/13\\\/raimundo-penha-cobra-melhorias-no-sistema-de-transporte-coletivo-de-sao-luis\\\/#breadcrumb\"},\"inLanguage\":\"pt-BR\",\"potentialAction\":[{\"@type\":\"ReadAction\",\"target\":[\"https:\\\/\\\/maranhaotv.com.br\\\/index.php\\\/2024\\\/08\\\/13\\\/raimundo-penha-cobra-melhorias-no-sistema-de-transporte-coletivo-de-sao-luis\\\/\"]}]},{\"@type\":\"ImageObject\",\"inLanguage\":\"pt-BR\",\"@id\":\"https:\\\/\\\/maranhaotv.com.br\\\/index.php\\\/2024\\\/08\\\/13\\\/raimundo-penha-cobra-melhorias-no-sistema-de-transporte-coletivo-de-sao-luis\\\/#primaryimage\",\"url\":\"https:\\\/\\\/maranhaotv.com.br\\\/wp-content\\\/uploads\\\/2024\\\/08\\\/IMG-20240813-WA0818.jpg\",\"contentUrl\":\"https:\\\/\\\/maranhaotv.com.br\\\/wp-content\\\/uploads\\\/2024\\\/08\\\/IMG-20240813-WA0818.jpg\",\"width\":1600,\"height\":1068},{\"@type\":\"BreadcrumbList\",\"@id\":\"https:\\\/\\\/maranhaotv.com.br\\\/index.php\\\/2024\\\/08\\\/13\\\/raimundo-penha-cobra-melhorias-no-sistema-de-transporte-coletivo-de-sao-luis\\\/#breadcrumb\",\"itemListElement\":[{\"@type\":\"ListItem\",\"position\":1,\"name\":\"In\u00edcio\",\"item\":\"https:\\\/\\\/maranhaotv.com.br\\\/\"},{\"@type\":\"ListItem\",\"position\":2,\"name\":\"Raimundo Penha cobra melhorias no sistema de transporte coletivo de S\u00e3o Lu\u00eds\"}]},{\"@type\":\"WebSite\",\"@id\":\"https:\\\/\\\/maranhaotv.com.br\\\/#website\",\"url\":\"https:\\\/\\\/maranhaotv.com.br\\\/\",\"name\":\"Maranh\u00e3oTV\",\"description\":\"\",\"publisher\":{\"@id\":\"https:\\\/\\\/maranhaotv.com.br\\\/#organization\"},\"potentialAction\":[{\"@type\":\"SearchAction\",\"target\":{\"@type\":\"EntryPoint\",\"urlTemplate\":\"https:\\\/\\\/maranhaotv.com.br\\\/?s={search_term_string}\"},\"query-input\":{\"@type\":\"PropertyValueSpecification\",\"valueRequired\":true,\"valueName\":\"search_term_string\"}}],\"inLanguage\":\"pt-BR\"},{\"@type\":\"Organization\",\"@id\":\"https:\\\/\\\/maranhaotv.com.br\\\/#organization\",\"name\":\"Portal de Not\u00edcias\",\"url\":\"https:\\\/\\\/maranhaotv.com.br\\\/\",\"logo\":{\"@type\":\"ImageObject\",\"inLanguage\":\"pt-BR\",\"@id\":\"https:\\\/\\\/maranhaotv.com.br\\\/#\\\/schema\\\/logo\\\/image\\\/\",\"url\":\"https:\\\/\\\/maranhaotv.com.br\\\/wp-content\\\/uploads\\\/2024\\\/05\\\/cropped-cropped-avatar-1.png\",\"contentUrl\":\"https:\\\/\\\/maranhaotv.com.br\\\/wp-content\\\/uploads\\\/2024\\\/05\\\/cropped-cropped-avatar-1.png\",\"width\":792,\"height\":428,\"caption\":\"Portal de Not\u00edcias\"},\"image\":{\"@id\":\"https:\\\/\\\/maranhaotv.com.br\\\/#\\\/schema\\\/logo\\\/image\\\/\"},\"sameAs\":[\"https:\\\/\\\/www.facebook.com\\\/maiobaotv\",\"https:\\\/\\\/x.com\\\/sitemaranhaotv\",\"https:\\\/\\\/www.instagram.com\\\/maranhao.tv\",\"https:\\\/\\\/www.threads.net\\\/@maranhao.tv\"]},{\"@type\":\"Person\",\"@id\":\"https:\\\/\\\/maranhaotv.com.br\\\/#\\\/schema\\\/person\\\/3d54238e86b20bb5c89ab2fdb8f8829a\",\"name\":\"maranhaotv\",\"image\":{\"@type\":\"ImageObject\",\"inLanguage\":\"pt-BR\",\"@id\":\"https:\\\/\\\/secure.gravatar.com\\\/avatar\\\/8fadbca458d4cb68b1dd399ae9a40618d747bb1af65ac9fad21c89220a143eb4?s=96&d=mm&r=g\",\"url\":\"https:\\\/\\\/secure.gravatar.com\\\/avatar\\\/8fadbca458d4cb68b1dd399ae9a40618d747bb1af65ac9fad21c89220a143eb4?s=96&d=mm&r=g\",\"contentUrl\":\"https:\\\/\\\/secure.gravatar.com\\\/avatar\\\/8fadbca458d4cb68b1dd399ae9a40618d747bb1af65ac9fad21c89220a143eb4?s=96&d=mm&r=g\",\"caption\":\"maranhaotv\"},\"sameAs\":[\"https:\\\/\\\/maranhaotv.com.br\\\/\"],\"url\":\"https:\\\/\\\/maranhaotv.com.br\\\/index.php\\\/author\\\/maranhaotv\\\/\"}]}<\/script>\n<!-- \/ Yoast SEO plugin. -->","yoast_head_json":{"title":"Raimundo Penha cobra melhorias no sistema de transporte coletivo de S\u00e3o Lu\u00eds - NOT\u00cdCIAS EM TEMPO REAL","robots":{"index":"index","follow":"follow","max-snippet":"max-snippet:-1","max-image-preview":"max-image-preview:large","max-video-preview":"max-video-preview:-1"},"canonical":"https:\/\/maranhaotv.com.br\/index.php\/2024\/08\/13\/raimundo-penha-cobra-melhorias-no-sistema-de-transporte-coletivo-de-sao-luis\/","og_locale":"pt_BR","og_type":"article","og_title":"Raimundo Penha cobra melhorias no sistema de transporte coletivo de S\u00e3o Lu\u00eds - NOT\u00cdCIAS EM TEMPO REAL","og_description":"O secret\u00e1rio da SMTT, Diego Rodrigues, compareceu \u00e0 convoca\u00e7\u00e3o do vereador Raimundo Penha (PDT) nesta ter\u00e7a-feira (13), na C\u00e2mara Municipal","og_url":"https:\/\/maranhaotv.com.br\/index.php\/2024\/08\/13\/raimundo-penha-cobra-melhorias-no-sistema-de-transporte-coletivo-de-sao-luis\/","og_site_name":"NOT\u00cdCIAS EM TEMPO REAL","article_publisher":"https:\/\/www.facebook.com\/maiobaotv","article_published_time":"2024-08-13T22:05:38+00:00","article_modified_time":"2024-08-13T22:07:21+00:00","og_image":[{"width":1600,"height":1068,"url":"https:\/\/maranhaotv.com.br\/wp-content\/uploads\/2024\/08\/IMG-20240813-WA0818.jpg","type":"image\/jpeg"}],"author":"maranhaotv","twitter_card":"summary_large_image","twitter_creator":"@sitemaranhaotv","twitter_site":"@sitemaranhaotv","twitter_misc":{"Escrito por":"maranhaotv","Est. tempo de leitura":"2 minutos"},"schema":{"@context":"https:\/\/schema.org","@graph":[{"@type":"Article","@id":"https:\/\/maranhaotv.com.br\/index.php\/2024\/08\/13\/raimundo-penha-cobra-melhorias-no-sistema-de-transporte-coletivo-de-sao-luis\/#article","isPartOf":{"@id":"https:\/\/maranhaotv.com.br\/index.php\/2024\/08\/13\/raimundo-penha-cobra-melhorias-no-sistema-de-transporte-coletivo-de-sao-luis\/"},"author":{"name":"maranhaotv","@id":"https:\/\/maranhaotv.com.br\/#\/schema\/person\/3d54238e86b20bb5c89ab2fdb8f8829a"},"headline":"Raimundo Penha cobra melhorias no sistema de transporte coletivo de S\u00e3o Lu\u00eds","datePublished":"2024-08-13T22:05:38+00:00","dateModified":"2024-08-13T22:07:21+00:00","mainEntityOfPage":{"@id":"https:\/\/maranhaotv.com.br\/index.php\/2024\/08\/13\/raimundo-penha-cobra-melhorias-no-sistema-de-transporte-coletivo-de-sao-luis\/"},"wordCount":369,"commentCount":0,"publisher":{"@id":"https:\/\/maranhaotv.com.br\/#organization"},"image":{"@id":"https:\/\/maranhaotv.com.br\/index.php\/2024\/08\/13\/raimundo-penha-cobra-melhorias-no-sistema-de-transporte-coletivo-de-sao-luis\/#primaryimage"},"thumbnailUrl":"https:\/\/maranhaotv.com.br\/wp-content\/uploads\/2024\/08\/IMG-20240813-WA0818.jpg","articleSection":["pol\u00edtica"],"inLanguage":"pt-BR","potentialAction":[{"@type":"CommentAction","name":"Comment","target":["https:\/\/maranhaotv.com.br\/index.php\/2024\/08\/13\/raimundo-penha-cobra-melhorias-no-sistema-de-transporte-coletivo-de-sao-luis\/#respond"]}]},{"@type":"WebPage","@id":"https:\/\/maranhaotv.com.br\/index.php\/2024\/08\/13\/raimundo-penha-cobra-melhorias-no-sistema-de-transporte-coletivo-de-sao-luis\/","url":"https:\/\/maranhaotv.com.br\/index.php\/2024\/08\/13\/raimundo-penha-cobra-melhorias-no-sistema-de-transporte-coletivo-de-sao-luis\/","name":"Raimundo Penha cobra melhorias no sistema de transporte coletivo de S\u00e3o Lu\u00eds - NOT\u00cdCIAS EM TEMPO REAL","isPartOf":{"@id":"https:\/\/maranhaotv.com.br\/#website"},"primaryImageOfPage":{"@id":"https:\/\/maranhaotv.com.br\/index.php\/2024\/08\/13\/raimundo-penha-cobra-melhorias-no-sistema-de-transporte-coletivo-de-sao-luis\/#primaryimage"},"image":{"@id":"https:\/\/maranhaotv.com.br\/index.php\/2024\/08\/13\/raimundo-penha-cobra-melhorias-no-sistema-de-transporte-coletivo-de-sao-luis\/#primaryimage"},"thumbnailUrl":"https:\/\/maranhaotv.com.br\/wp-content\/uploads\/2024\/08\/IMG-20240813-WA0818.jpg","datePublished":"2024-08-13T22:05:38+00:00","dateModified":"2024-08-13T22:07:21+00:00","breadcrumb":{"@id":"https:\/\/maranhaotv.com.br\/index.php\/2024\/08\/13\/raimundo-penha-cobra-melhorias-no-sistema-de-transporte-coletivo-de-sao-luis\/#breadcrumb"},"inLanguage":"pt-BR","potentialAction":[{"@type":"ReadAction","target":["https:\/\/maranhaotv.com.br\/index.php\/2024\/08\/13\/raimundo-penha-cobra-melhorias-no-sistema-de-transporte-coletivo-de-sao-luis\/"]}]},{"@type":"ImageObject","inLanguage":"pt-BR","@id":"https:\/\/maranhaotv.com.br\/index.php\/2024\/08\/13\/raimundo-penha-cobra-melhorias-no-sistema-de-transporte-coletivo-de-sao-luis\/#primaryimage","url":"https:\/\/maranhaotv.com.br\/wp-content\/uploads\/2024\/08\/IMG-20240813-WA0818.jpg","contentUrl":"https:\/\/maranhaotv.com.br\/wp-content\/uploads\/2024\/08\/IMG-20240813-WA0818.jpg","width":1600,"height":1068},{"@type":"BreadcrumbList","@id":"https:\/\/maranhaotv.com.br\/index.php\/2024\/08\/13\/raimundo-penha-cobra-melhorias-no-sistema-de-transporte-coletivo-de-sao-luis\/#breadcrumb","itemListElement":[{"@type":"ListItem","position":1,"name":"In\u00edcio","item":"https:\/\/maranhaotv.com.br\/"},{"@type":"ListItem","position":2,"name":"Raimundo Penha cobra melhorias no sistema de transporte coletivo de S\u00e3o Lu\u00eds"}]},{"@type":"WebSite","@id":"https:\/\/maranhaotv.com.br\/#website","url":"https:\/\/maranhaotv.com.br\/","name":"Maranh\u00e3oTV","description":"","publisher":{"@id":"https:\/\/maranhaotv.com.br\/#organization"},"potentialAction":[{"@type":"SearchAction","target":{"@type":"EntryPoint","urlTemplate":"https:\/\/maranhaotv.com.br\/?s={search_term_string}"},"query-input":{"@type":"PropertyValueSpecification","valueRequired":true,"valueName":"search_term_string"}}],"inLanguage":"pt-BR"},{"@type":"Organization","@id":"https:\/\/maranhaotv.com.br\/#organization","name":"Portal de Not\u00edcias","url":"https:\/\/maranhaotv.com.br\/","logo":{"@type":"ImageObject","inLanguage":"pt-BR","@id":"https:\/\/maranhaotv.com.br\/#\/schema\/logo\/image\/","url":"https:\/\/maranhaotv.com.br\/wp-content\/uploads\/2024\/05\/cropped-cropped-avatar-1.png","contentUrl":"https:\/\/maranhaotv.com.br\/wp-content\/uploads\/2024\/05\/cropped-cropped-avatar-1.png","width":792,"height":428,"caption":"Portal de Not\u00edcias"},"image":{"@id":"https:\/\/maranhaotv.com.br\/#\/schema\/logo\/image\/"},"sameAs":["https:\/\/www.facebook.com\/maiobaotv","https:\/\/x.com\/sitemaranhaotv","https:\/\/www.instagram.com\/maranhao.tv","https:\/\/www.threads.net\/@maranhao.tv"]},{"@type":"Person","@id":"https:\/\/maranhaotv.com.br\/#\/schema\/person\/3d54238e86b20bb5c89ab2fdb8f8829a","name":"maranhaotv","image":{"@type":"ImageObject","inLanguage":"pt-BR","@id":"https:\/\/secure.gravatar.com\/avatar\/8fadbca458d4cb68b1dd399ae9a40618d747bb1af65ac9fad21c89220a143eb4?s=96&d=mm&r=g","url":"https:\/\/secure.gravatar.com\/avatar\/8fadbca458d4cb68b1dd399ae9a40618d747bb1af65ac9fad21c89220a143eb4?s=96&d=mm&r=g","contentUrl":"https:\/\/secure.gravatar.com\/avatar\/8fadbca458d4cb68b1dd399ae9a40618d747bb1af65ac9fad21c89220a143eb4?s=96&d=mm&r=g","caption":"maranhaotv"},"sameAs":["https:\/\/maranhaotv.com.br\/"],"url":"https:\/\/maranhaotv.com.br\/index.php\/author\/maranhaotv\/"}]}},"jetpack_featured_media_url":"https:\/\/maranhaotv.com.br\/wp-content\/uploads\/2024\/08\/IMG-20240813-WA0818.jpg","jetpack_sharing_enabled":true,"_links":{"self":[{"href":"https:\/\/maranhaotv.com.br\/index.php\/wp-json\/wp\/v2\/posts\/37192","targetHints":{"allow":["GET"]}}],"collection":[{"href":"https:\/\/maranhaotv.com.br\/index.php\/wp-json\/wp\/v2\/posts"}],"about":[{"href":"https:\/\/maranhaotv.com.br\/index.php\/wp-json\/wp\/v2\/types\/post"}],"author":[{"embeddable":true,"href":"https:\/\/maranhaotv.com.br\/index.php\/wp-json\/wp\/v2\/users\/2"}],"replies":[{"embeddable":true,"href":"https:\/\/maranhaotv.com.br\/index.php\/wp-json\/wp\/v2\/comments?post=37192"}],"version-history":[{"count":2,"href":"https:\/\/maranhaotv.com.br\/index.php\/wp-json\/wp\/v2\/posts\/37192\/revisions"}],"predecessor-version":[{"id":37195,"href":"https:\/\/maranhaotv.com.br\/index.php\/wp-json\/wp\/v2\/posts\/37192\/revisions\/37195"}],"wp:featuredmedia":[{"embeddable":true,"href":"https:\/\/maranhaotv.com.br\/index.php\/wp-json\/wp\/v2\/media\/37191"}],"wp:attachment":[{"href":"https:\/\/maranhaotv.com.br\/index.php\/wp-json\/wp\/v2\/media?parent=37192"}],"wp:term":[{"taxonomy":"category","embeddable":true,"href":"https:\/\/maranhaotv.com.br\/index.php\/wp-json\/wp\/v2\/categories?post=37192"},{"taxonomy":"post_tag","embeddable":true,"href":"https:\/\/maranhaotv.com.br\/index.php\/wp-json\/wp\/v2\/tags?post=37192"}],"curies":[{"name":"wp","href":"https:\/\/api.w.org\/{rel}","templated":true}]}}