{"id":37231,"date":"2024-08-16T13:16:59","date_gmt":"2024-08-16T16:16:59","guid":{"rendered":"https:\/\/maranhaotv.com.br\/?p=37231"},"modified":"2024-08-16T13:22:39","modified_gmt":"2024-08-16T16:22:39","slug":"educacao-campea-educacao-ribamarense-avanca-nos-anos-finais-e-ocupa-o-topo-das-melhores-escolas-publicas-da-grande-ilha","status":"publish","type":"post","link":"https:\/\/maranhaotv.com.br\/index.php\/2024\/08\/16\/educacao-campea-educacao-ribamarense-avanca-nos-anos-finais-e-ocupa-o-topo-das-melhores-escolas-publicas-da-grande-ilha\/","title":{"rendered":"Educa\u00e7\u00e3o campe\u00e3! Educa\u00e7\u00e3o ribamarense avan\u00e7a nos anos finais e ocupa o topo das melhores escolas p\u00fablicas da grande ilha"},"content":{"rendered":"\n<p><br>S\u00e3o Jos\u00e9 de Ribamar avan\u00e7a na educa\u00e7\u00e3o . Nos anos iniciais, alcan\u00e7ou a m\u00e9dia brasileira e superou a m\u00e9dia nordestina e maranhense. Nos anos finais, tem a melhor m\u00e9dia da grande ilha.<br><br>Na \u00faltima quarta-feira (14), o Minist\u00e9rio da Educa\u00e7\u00e3o (MEC) e o Instituto Nacional de Estudos e Pesquisas Educacionais An\u00edsio Teixeira (Inep), divulgaram resultados dos \u00edndices de Desenvolvimento da Educa\u00e7\u00e3o B\u00e1sica (Ideb 2023). <br><br>O indicador apresentou n\u00fameros extraordin\u00e1rios para o munic\u00edpio, S\u00e3o Jos\u00e9 de Ribamar lidera o ranking das 20 melhores escolas da grande Ilha.<br><br>Os resultados apresentados em 2023 refletem os avan\u00e7os significativos da gest\u00e3o do prefeito Dr. Julinho (PODEMOS), a exemplo de pol\u00edticas educacionais&nbsp; centradas noa estudantes e na valoriza\u00e7\u00e3o&nbsp; dos profissionais. Com in\u00fameros investimentos em \u00e1reas estrat\u00e9gicas, a Secretaria Municipal de Educa\u00e7\u00e3o (Semed) conseguiu, mais uma vez, bater metas importantes. <br><br>Nos anos finais, Ribamar conseguiu destaque ao figurar o maior IDEB entre os munic\u00edpios que comp\u00f5em a Grande Ilha, seguido de Pa\u00e7o do Lumiar, S\u00e3o Lu\u00eds e Raposa. Os \u00edndices do Ideb levaram em conta a participa\u00e7\u00e3o dos estudantes que, em 2023, ultrapassaram 90% de participa\u00e7\u00e3o.<br><br>O crescimento estrutural e pedag\u00f3gico s\u00f3 foi poss\u00edvel com um olhar especial do gestor municipal, que possibilitou entre outras coisas:<br><br>Reformas, amplia\u00e7\u00f5es e constru\u00e7\u00e3o de escolas;Funda\u00e7\u00e3o de canal de televis\u00e3o educativa aberta (Programa Ligados);<br>Instala\u00e7\u00e3o de Girotecas;Constru\u00e7\u00e3o de creches; Alimenta\u00e7\u00e3o escolar balanceada e de qualidade fornecida por meio de parceria com a Secretaria de Agricultura;Cart\u00e3o merenda para educadores;Transporte escolar seguro e com profissionais qualificados (motoristas e monitores);Projetos Pedag\u00f3gicos CURIAR \/ ATITUDE \/ CURIAR XP;Estrutura\u00e7\u00e3o de escolas para ensino de tempo integral;Capacita\u00e7\u00e3o de professores e gestores (oferta de p\u00f3s-gradua\u00e7\u00e3o e cursos de reciclagem\/capacita\u00e7\u00e3o). Sem se falar que os professores conquistaram suas amplia\u00e7\u00f5es e recebem um dos maiores sal\u00e1rios do Brasil. <br><br>Confira as medalhas de ouro da Educa\u00e7\u00e3o de S\u00e3o Jos\u00e9 de Ribamar<br><br>*ESCOLAS ANOS INICIAIS RESULTADO IDEB 2023*<br><br>EM LICEU RIBAMARENSE\t &#8211; 7,6&nbsp; &#8211; CAMPE\u00c3<br>EM LICEU RIBAMARENSE II- 7,3 &#8211; CAMPE\u00c3<br>EM DIOMEDES DA SILVA PEREIRA- 7,2&nbsp; &#8211; CAMPE\u00c3<br>EM PARQUE VITORIA\t&#8211; 6,6&nbsp; &#8211; CAMPE\u00c3<br>ESCOLA MUNICIPAL RAIMUNDO ROCHA LEAL JUNIOR &#8211; 6,6&nbsp; &#8211; CAMPE\u00c3<br>EM SANTA TEREZINHA- 6,5&nbsp; &#8211; CAMPE\u00c3<br>ESCOLA MUNICIPAL LICEU RIBAMARENSE III- 6,3&nbsp;&nbsp; -CAMPE\u00c3<br>EM NSA SRA DE NAZARE\t-6,2&nbsp; -CAMPE\u00c3<br>EM NICE LOBAO- 6,2 &#8211; CAMPE\u00c3<br>EM PROF\u00aa ROSA RAIMUNDA PAIXAO GARCES- 6,1&nbsp;&nbsp; CAMPE\u00c3<br>EM MARLY SARNEY- 6&nbsp; &#8211; CAMPE\u00c3<\/p>\n","protected":false},"excerpt":{"rendered":"<p>S\u00e3o Jos\u00e9 de Ribamar avan\u00e7a na educa\u00e7\u00e3o . Nos anos iniciais, alcan\u00e7ou a m\u00e9dia brasileira e superou a m\u00e9dia nordestina<\/p>\n","protected":false},"author":2,"featured_media":37230,"comment_status":"open","ping_status":"open","sticky":false,"template":"","format":"standard","meta":{"colormag_page_container_layout":"default_layout","colormag_page_sidebar_layout":"default_layout","_jetpack_memberships_contains_paid_content":false,"footnotes":""},"categories":[6],"tags":[],"class_list":["post-37231","post","type-post","status-publish","format-standard","has-post-thumbnail","hentry","category-politica"],"magazineBlocksPostFeaturedMedia":{"thumbnail":"https:\/\/maranhaotv.com.br\/wp-content\/uploads\/2024\/08\/IMG-20240816-WA0406-150x150.jpg","medium":"https:\/\/maranhaotv.com.br\/wp-content\/uploads\/2024\/08\/IMG-20240816-WA0406-300x202.jpg","medium_large":"https:\/\/maranhaotv.com.br\/wp-content\/uploads\/2024\/08\/IMG-20240816-WA0406-768x517.jpg","large":"https:\/\/maranhaotv.com.br\/wp-content\/uploads\/2024\/08\/IMG-20240816-WA0406.jpg","1536x1536":"https:\/\/maranhaotv.com.br\/wp-content\/uploads\/2024\/08\/IMG-20240816-WA0406.jpg","2048x2048":"https:\/\/maranhaotv.com.br\/wp-content\/uploads\/2024\/08\/IMG-20240816-WA0406.jpg","colormag-highlighted-post":"https:\/\/maranhaotv.com.br\/wp-content\/uploads\/2024\/08\/IMG-20240816-WA0406-392x272.jpg","colormag-featured-post-medium":"https:\/\/maranhaotv.com.br\/wp-content\/uploads\/2024\/08\/IMG-20240816-WA0406-390x205.jpg","colormag-featured-post-small":"https:\/\/maranhaotv.com.br\/wp-content\/uploads\/2024\/08\/IMG-20240816-WA0406-130x90.jpg","colormag-featured-image":"https:\/\/maranhaotv.com.br\/wp-content\/uploads\/2024\/08\/IMG-20240816-WA0406-800x445.jpg","colormag-default-news":"https:\/\/maranhaotv.com.br\/wp-content\/uploads\/2024\/08\/IMG-20240816-WA0406-150x150.jpg","colormag-featured-image-large":"https:\/\/maranhaotv.com.br\/wp-content\/uploads\/2024\/08\/IMG-20240816-WA0406.jpg"},"magazineBlocksPostAuthor":{"name":"maranhaotv","avatar":"https:\/\/secure.gravatar.com\/avatar\/8fadbca458d4cb68b1dd399ae9a40618d747bb1af65ac9fad21c89220a143eb4?s=96&d=mm&r=g"},"magazineBlocksPostCommentsNumber":"0","magazineBlocksPostExcerpt":"S\u00e3o Jos\u00e9 de Ribamar avan\u00e7a na educa\u00e7\u00e3o . Nos anos iniciais, alcan\u00e7ou a m\u00e9dia brasileira e superou a m\u00e9dia nordestina","magazineBlocksPostCategories":["pol\u00edtica"],"magazineBlocksPostViewCount":201,"magazineBlocksPostReadTime":3,"magazine_blocks_featured_image_url":{"full":["https:\/\/maranhaotv.com.br\/wp-content\/uploads\/2024\/08\/IMG-20240816-WA0406.jpg",828,557,false],"medium":["https:\/\/maranhaotv.com.br\/wp-content\/uploads\/2024\/08\/IMG-20240816-WA0406-300x202.jpg",300,202,true],"thumbnail":["https:\/\/maranhaotv.com.br\/wp-content\/uploads\/2024\/08\/IMG-20240816-WA0406-150x150.jpg",150,150,true]},"magazine_blocks_author":{"display_name":"maranhaotv","author_link":"https:\/\/maranhaotv.com.br\/index.php\/author\/maranhaotv\/"},"magazine_blocks_comment":0,"magazine_blocks_author_image":"https:\/\/secure.gravatar.com\/avatar\/8fadbca458d4cb68b1dd399ae9a40618d747bb1af65ac9fad21c89220a143eb4?s=96&d=mm&r=g","magazine_blocks_category":"<a href=\"#\" class=\"category-link category-link-6\">pol\u00edtica<\/a>","yoast_head":"<!-- This site is optimized with the Yoast SEO plugin v27.4 - https:\/\/yoast.com\/product\/yoast-seo-wordpress\/ -->\n<title>Educa\u00e7\u00e3o campe\u00e3! Educa\u00e7\u00e3o ribamarense avan\u00e7a nos anos finais e ocupa o topo das melhores escolas p\u00fablicas da grande ilha - NOT\u00cdCIAS EM TEMPO REAL<\/title>\n<meta name=\"robots\" content=\"index, follow, max-snippet:-1, max-image-preview:large, max-video-preview:-1\" \/>\n<link rel=\"canonical\" href=\"https:\/\/maranhaotv.com.br\/index.php\/2024\/08\/16\/educacao-campea-educacao-ribamarense-avanca-nos-anos-finais-e-ocupa-o-topo-das-melhores-escolas-publicas-da-grande-ilha\/\" \/>\n<meta property=\"og:locale\" content=\"pt_BR\" \/>\n<meta property=\"og:type\" content=\"article\" \/>\n<meta property=\"og:title\" content=\"Educa\u00e7\u00e3o campe\u00e3! Educa\u00e7\u00e3o ribamarense avan\u00e7a nos anos finais e ocupa o topo das melhores escolas p\u00fablicas da grande ilha - NOT\u00cdCIAS EM TEMPO REAL\" \/>\n<meta property=\"og:description\" content=\"S\u00e3o Jos\u00e9 de Ribamar avan\u00e7a na educa\u00e7\u00e3o . Nos anos iniciais, alcan\u00e7ou a m\u00e9dia brasileira e superou a m\u00e9dia nordestina\" \/>\n<meta property=\"og:url\" content=\"https:\/\/maranhaotv.com.br\/index.php\/2024\/08\/16\/educacao-campea-educacao-ribamarense-avanca-nos-anos-finais-e-ocupa-o-topo-das-melhores-escolas-publicas-da-grande-ilha\/\" \/>\n<meta property=\"og:site_name\" content=\"NOT\u00cdCIAS EM TEMPO REAL\" \/>\n<meta property=\"article:publisher\" content=\"https:\/\/www.facebook.com\/maiobaotv\" \/>\n<meta property=\"article:published_time\" content=\"2024-08-16T16:16:59+00:00\" \/>\n<meta property=\"article:modified_time\" content=\"2024-08-16T16:22:39+00:00\" \/>\n<meta property=\"og:image\" content=\"https:\/\/maranhaotv.com.br\/wp-content\/uploads\/2024\/08\/IMG-20240816-WA0406.jpg\" \/>\n\t<meta property=\"og:image:width\" content=\"828\" \/>\n\t<meta property=\"og:image:height\" content=\"557\" \/>\n\t<meta property=\"og:image:type\" content=\"image\/jpeg\" \/>\n<meta name=\"author\" content=\"maranhaotv\" \/>\n<meta name=\"twitter:card\" content=\"summary_large_image\" \/>\n<meta name=\"twitter:creator\" content=\"@sitemaranhaotv\" \/>\n<meta name=\"twitter:site\" content=\"@sitemaranhaotv\" \/>\n<meta name=\"twitter:label1\" content=\"Escrito por\" \/>\n\t<meta name=\"twitter:data1\" content=\"maranhaotv\" \/>\n\t<meta name=\"twitter:label2\" content=\"Est. tempo de leitura\" \/>\n\t<meta name=\"twitter:data2\" content=\"2 minutos\" \/>\n<script type=\"application\/ld+json\" class=\"yoast-schema-graph\">{\"@context\":\"https:\\\/\\\/schema.org\",\"@graph\":[{\"@type\":\"Article\",\"@id\":\"https:\\\/\\\/maranhaotv.com.br\\\/index.php\\\/2024\\\/08\\\/16\\\/educacao-campea-educacao-ribamarense-avanca-nos-anos-finais-e-ocupa-o-topo-das-melhores-escolas-publicas-da-grande-ilha\\\/#article\",\"isPartOf\":{\"@id\":\"https:\\\/\\\/maranhaotv.com.br\\\/index.php\\\/2024\\\/08\\\/16\\\/educacao-campea-educacao-ribamarense-avanca-nos-anos-finais-e-ocupa-o-topo-das-melhores-escolas-publicas-da-grande-ilha\\\/\"},\"author\":{\"name\":\"maranhaotv\",\"@id\":\"https:\\\/\\\/maranhaotv.com.br\\\/#\\\/schema\\\/person\\\/3d54238e86b20bb5c89ab2fdb8f8829a\"},\"headline\":\"Educa\u00e7\u00e3o campe\u00e3! Educa\u00e7\u00e3o ribamarense avan\u00e7a nos anos finais e ocupa o topo das melhores escolas p\u00fablicas da grande ilha\",\"datePublished\":\"2024-08-16T16:16:59+00:00\",\"dateModified\":\"2024-08-16T16:22:39+00:00\",\"mainEntityOfPage\":{\"@id\":\"https:\\\/\\\/maranhaotv.com.br\\\/index.php\\\/2024\\\/08\\\/16\\\/educacao-campea-educacao-ribamarense-avanca-nos-anos-finais-e-ocupa-o-topo-das-melhores-escolas-publicas-da-grande-ilha\\\/\"},\"wordCount\":460,\"commentCount\":0,\"publisher\":{\"@id\":\"https:\\\/\\\/maranhaotv.com.br\\\/#organization\"},\"image\":{\"@id\":\"https:\\\/\\\/maranhaotv.com.br\\\/index.php\\\/2024\\\/08\\\/16\\\/educacao-campea-educacao-ribamarense-avanca-nos-anos-finais-e-ocupa-o-topo-das-melhores-escolas-publicas-da-grande-ilha\\\/#primaryimage\"},\"thumbnailUrl\":\"https:\\\/\\\/maranhaotv.com.br\\\/wp-content\\\/uploads\\\/2024\\\/08\\\/IMG-20240816-WA0406.jpg\",\"articleSection\":[\"pol\u00edtica\"],\"inLanguage\":\"pt-BR\",\"potentialAction\":[{\"@type\":\"CommentAction\",\"name\":\"Comment\",\"target\":[\"https:\\\/\\\/maranhaotv.com.br\\\/index.php\\\/2024\\\/08\\\/16\\\/educacao-campea-educacao-ribamarense-avanca-nos-anos-finais-e-ocupa-o-topo-das-melhores-escolas-publicas-da-grande-ilha\\\/#respond\"]}]},{\"@type\":\"WebPage\",\"@id\":\"https:\\\/\\\/maranhaotv.com.br\\\/index.php\\\/2024\\\/08\\\/16\\\/educacao-campea-educacao-ribamarense-avanca-nos-anos-finais-e-ocupa-o-topo-das-melhores-escolas-publicas-da-grande-ilha\\\/\",\"url\":\"https:\\\/\\\/maranhaotv.com.br\\\/index.php\\\/2024\\\/08\\\/16\\\/educacao-campea-educacao-ribamarense-avanca-nos-anos-finais-e-ocupa-o-topo-das-melhores-escolas-publicas-da-grande-ilha\\\/\",\"name\":\"Educa\u00e7\u00e3o campe\u00e3! Educa\u00e7\u00e3o ribamarense avan\u00e7a nos anos finais e ocupa o topo das melhores escolas p\u00fablicas da grande ilha - NOT\u00cdCIAS EM TEMPO REAL\",\"isPartOf\":{\"@id\":\"https:\\\/\\\/maranhaotv.com.br\\\/#website\"},\"primaryImageOfPage\":{\"@id\":\"https:\\\/\\\/maranhaotv.com.br\\\/index.php\\\/2024\\\/08\\\/16\\\/educacao-campea-educacao-ribamarense-avanca-nos-anos-finais-e-ocupa-o-topo-das-melhores-escolas-publicas-da-grande-ilha\\\/#primaryimage\"},\"image\":{\"@id\":\"https:\\\/\\\/maranhaotv.com.br\\\/index.php\\\/2024\\\/08\\\/16\\\/educacao-campea-educacao-ribamarense-avanca-nos-anos-finais-e-ocupa-o-topo-das-melhores-escolas-publicas-da-grande-ilha\\\/#primaryimage\"},\"thumbnailUrl\":\"https:\\\/\\\/maranhaotv.com.br\\\/wp-content\\\/uploads\\\/2024\\\/08\\\/IMG-20240816-WA0406.jpg\",\"datePublished\":\"2024-08-16T16:16:59+00:00\",\"dateModified\":\"2024-08-16T16:22:39+00:00\",\"breadcrumb\":{\"@id\":\"https:\\\/\\\/maranhaotv.com.br\\\/index.php\\\/2024\\\/08\\\/16\\\/educacao-campea-educacao-ribamarense-avanca-nos-anos-finais-e-ocupa-o-topo-das-melhores-escolas-publicas-da-grande-ilha\\\/#breadcrumb\"},\"inLanguage\":\"pt-BR\",\"potentialAction\":[{\"@type\":\"ReadAction\",\"target\":[\"https:\\\/\\\/maranhaotv.com.br\\\/index.php\\\/2024\\\/08\\\/16\\\/educacao-campea-educacao-ribamarense-avanca-nos-anos-finais-e-ocupa-o-topo-das-melhores-escolas-publicas-da-grande-ilha\\\/\"]}]},{\"@type\":\"ImageObject\",\"inLanguage\":\"pt-BR\",\"@id\":\"https:\\\/\\\/maranhaotv.com.br\\\/index.php\\\/2024\\\/08\\\/16\\\/educacao-campea-educacao-ribamarense-avanca-nos-anos-finais-e-ocupa-o-topo-das-melhores-escolas-publicas-da-grande-ilha\\\/#primaryimage\",\"url\":\"https:\\\/\\\/maranhaotv.com.br\\\/wp-content\\\/uploads\\\/2024\\\/08\\\/IMG-20240816-WA0406.jpg\",\"contentUrl\":\"https:\\\/\\\/maranhaotv.com.br\\\/wp-content\\\/uploads\\\/2024\\\/08\\\/IMG-20240816-WA0406.jpg\",\"width\":828,\"height\":557},{\"@type\":\"BreadcrumbList\",\"@id\":\"https:\\\/\\\/maranhaotv.com.br\\\/index.php\\\/2024\\\/08\\\/16\\\/educacao-campea-educacao-ribamarense-avanca-nos-anos-finais-e-ocupa-o-topo-das-melhores-escolas-publicas-da-grande-ilha\\\/#breadcrumb\",\"itemListElement\":[{\"@type\":\"ListItem\",\"position\":1,\"name\":\"In\u00edcio\",\"item\":\"https:\\\/\\\/maranhaotv.com.br\\\/\"},{\"@type\":\"ListItem\",\"position\":2,\"name\":\"Educa\u00e7\u00e3o campe\u00e3! Educa\u00e7\u00e3o ribamarense avan\u00e7a nos anos finais e ocupa o topo das melhores escolas p\u00fablicas da grande ilha\"}]},{\"@type\":\"WebSite\",\"@id\":\"https:\\\/\\\/maranhaotv.com.br\\\/#website\",\"url\":\"https:\\\/\\\/maranhaotv.com.br\\\/\",\"name\":\"Maranh\u00e3oTV\",\"description\":\"\",\"publisher\":{\"@id\":\"https:\\\/\\\/maranhaotv.com.br\\\/#organization\"},\"potentialAction\":[{\"@type\":\"SearchAction\",\"target\":{\"@type\":\"EntryPoint\",\"urlTemplate\":\"https:\\\/\\\/maranhaotv.com.br\\\/?s={search_term_string}\"},\"query-input\":{\"@type\":\"PropertyValueSpecification\",\"valueRequired\":true,\"valueName\":\"search_term_string\"}}],\"inLanguage\":\"pt-BR\"},{\"@type\":\"Organization\",\"@id\":\"https:\\\/\\\/maranhaotv.com.br\\\/#organization\",\"name\":\"Portal de Not\u00edcias\",\"url\":\"https:\\\/\\\/maranhaotv.com.br\\\/\",\"logo\":{\"@type\":\"ImageObject\",\"inLanguage\":\"pt-BR\",\"@id\":\"https:\\\/\\\/maranhaotv.com.br\\\/#\\\/schema\\\/logo\\\/image\\\/\",\"url\":\"https:\\\/\\\/maranhaotv.com.br\\\/wp-content\\\/uploads\\\/2024\\\/05\\\/cropped-cropped-avatar-1.png\",\"contentUrl\":\"https:\\\/\\\/maranhaotv.com.br\\\/wp-content\\\/uploads\\\/2024\\\/05\\\/cropped-cropped-avatar-1.png\",\"width\":792,\"height\":428,\"caption\":\"Portal de Not\u00edcias\"},\"image\":{\"@id\":\"https:\\\/\\\/maranhaotv.com.br\\\/#\\\/schema\\\/logo\\\/image\\\/\"},\"sameAs\":[\"https:\\\/\\\/www.facebook.com\\\/maiobaotv\",\"https:\\\/\\\/x.com\\\/sitemaranhaotv\",\"https:\\\/\\\/www.instagram.com\\\/maranhao.tv\",\"https:\\\/\\\/www.threads.net\\\/@maranhao.tv\"]},{\"@type\":\"Person\",\"@id\":\"https:\\\/\\\/maranhaotv.com.br\\\/#\\\/schema\\\/person\\\/3d54238e86b20bb5c89ab2fdb8f8829a\",\"name\":\"maranhaotv\",\"image\":{\"@type\":\"ImageObject\",\"inLanguage\":\"pt-BR\",\"@id\":\"https:\\\/\\\/secure.gravatar.com\\\/avatar\\\/8fadbca458d4cb68b1dd399ae9a40618d747bb1af65ac9fad21c89220a143eb4?s=96&d=mm&r=g\",\"url\":\"https:\\\/\\\/secure.gravatar.com\\\/avatar\\\/8fadbca458d4cb68b1dd399ae9a40618d747bb1af65ac9fad21c89220a143eb4?s=96&d=mm&r=g\",\"contentUrl\":\"https:\\\/\\\/secure.gravatar.com\\\/avatar\\\/8fadbca458d4cb68b1dd399ae9a40618d747bb1af65ac9fad21c89220a143eb4?s=96&d=mm&r=g\",\"caption\":\"maranhaotv\"},\"sameAs\":[\"https:\\\/\\\/maranhaotv.com.br\\\/\"],\"url\":\"https:\\\/\\\/maranhaotv.com.br\\\/index.php\\\/author\\\/maranhaotv\\\/\"}]}<\/script>\n<!-- \/ Yoast SEO plugin. -->","yoast_head_json":{"title":"Educa\u00e7\u00e3o campe\u00e3! Educa\u00e7\u00e3o ribamarense avan\u00e7a nos anos finais e ocupa o topo das melhores escolas p\u00fablicas da grande ilha - NOT\u00cdCIAS EM TEMPO REAL","robots":{"index":"index","follow":"follow","max-snippet":"max-snippet:-1","max-image-preview":"max-image-preview:large","max-video-preview":"max-video-preview:-1"},"canonical":"https:\/\/maranhaotv.com.br\/index.php\/2024\/08\/16\/educacao-campea-educacao-ribamarense-avanca-nos-anos-finais-e-ocupa-o-topo-das-melhores-escolas-publicas-da-grande-ilha\/","og_locale":"pt_BR","og_type":"article","og_title":"Educa\u00e7\u00e3o campe\u00e3! Educa\u00e7\u00e3o ribamarense avan\u00e7a nos anos finais e ocupa o topo das melhores escolas p\u00fablicas da grande ilha - NOT\u00cdCIAS EM TEMPO REAL","og_description":"S\u00e3o Jos\u00e9 de Ribamar avan\u00e7a na educa\u00e7\u00e3o . Nos anos iniciais, alcan\u00e7ou a m\u00e9dia brasileira e superou a m\u00e9dia nordestina","og_url":"https:\/\/maranhaotv.com.br\/index.php\/2024\/08\/16\/educacao-campea-educacao-ribamarense-avanca-nos-anos-finais-e-ocupa-o-topo-das-melhores-escolas-publicas-da-grande-ilha\/","og_site_name":"NOT\u00cdCIAS EM TEMPO REAL","article_publisher":"https:\/\/www.facebook.com\/maiobaotv","article_published_time":"2024-08-16T16:16:59+00:00","article_modified_time":"2024-08-16T16:22:39+00:00","og_image":[{"width":828,"height":557,"url":"https:\/\/maranhaotv.com.br\/wp-content\/uploads\/2024\/08\/IMG-20240816-WA0406.jpg","type":"image\/jpeg"}],"author":"maranhaotv","twitter_card":"summary_large_image","twitter_creator":"@sitemaranhaotv","twitter_site":"@sitemaranhaotv","twitter_misc":{"Escrito por":"maranhaotv","Est. tempo de leitura":"2 minutos"},"schema":{"@context":"https:\/\/schema.org","@graph":[{"@type":"Article","@id":"https:\/\/maranhaotv.com.br\/index.php\/2024\/08\/16\/educacao-campea-educacao-ribamarense-avanca-nos-anos-finais-e-ocupa-o-topo-das-melhores-escolas-publicas-da-grande-ilha\/#article","isPartOf":{"@id":"https:\/\/maranhaotv.com.br\/index.php\/2024\/08\/16\/educacao-campea-educacao-ribamarense-avanca-nos-anos-finais-e-ocupa-o-topo-das-melhores-escolas-publicas-da-grande-ilha\/"},"author":{"name":"maranhaotv","@id":"https:\/\/maranhaotv.com.br\/#\/schema\/person\/3d54238e86b20bb5c89ab2fdb8f8829a"},"headline":"Educa\u00e7\u00e3o campe\u00e3! Educa\u00e7\u00e3o ribamarense avan\u00e7a nos anos finais e ocupa o topo das melhores escolas p\u00fablicas da grande ilha","datePublished":"2024-08-16T16:16:59+00:00","dateModified":"2024-08-16T16:22:39+00:00","mainEntityOfPage":{"@id":"https:\/\/maranhaotv.com.br\/index.php\/2024\/08\/16\/educacao-campea-educacao-ribamarense-avanca-nos-anos-finais-e-ocupa-o-topo-das-melhores-escolas-publicas-da-grande-ilha\/"},"wordCount":460,"commentCount":0,"publisher":{"@id":"https:\/\/maranhaotv.com.br\/#organization"},"image":{"@id":"https:\/\/maranhaotv.com.br\/index.php\/2024\/08\/16\/educacao-campea-educacao-ribamarense-avanca-nos-anos-finais-e-ocupa-o-topo-das-melhores-escolas-publicas-da-grande-ilha\/#primaryimage"},"thumbnailUrl":"https:\/\/maranhaotv.com.br\/wp-content\/uploads\/2024\/08\/IMG-20240816-WA0406.jpg","articleSection":["pol\u00edtica"],"inLanguage":"pt-BR","potentialAction":[{"@type":"CommentAction","name":"Comment","target":["https:\/\/maranhaotv.com.br\/index.php\/2024\/08\/16\/educacao-campea-educacao-ribamarense-avanca-nos-anos-finais-e-ocupa-o-topo-das-melhores-escolas-publicas-da-grande-ilha\/#respond"]}]},{"@type":"WebPage","@id":"https:\/\/maranhaotv.com.br\/index.php\/2024\/08\/16\/educacao-campea-educacao-ribamarense-avanca-nos-anos-finais-e-ocupa-o-topo-das-melhores-escolas-publicas-da-grande-ilha\/","url":"https:\/\/maranhaotv.com.br\/index.php\/2024\/08\/16\/educacao-campea-educacao-ribamarense-avanca-nos-anos-finais-e-ocupa-o-topo-das-melhores-escolas-publicas-da-grande-ilha\/","name":"Educa\u00e7\u00e3o campe\u00e3! Educa\u00e7\u00e3o ribamarense avan\u00e7a nos anos finais e ocupa o topo das melhores escolas p\u00fablicas da grande ilha - NOT\u00cdCIAS EM TEMPO REAL","isPartOf":{"@id":"https:\/\/maranhaotv.com.br\/#website"},"primaryImageOfPage":{"@id":"https:\/\/maranhaotv.com.br\/index.php\/2024\/08\/16\/educacao-campea-educacao-ribamarense-avanca-nos-anos-finais-e-ocupa-o-topo-das-melhores-escolas-publicas-da-grande-ilha\/#primaryimage"},"image":{"@id":"https:\/\/maranhaotv.com.br\/index.php\/2024\/08\/16\/educacao-campea-educacao-ribamarense-avanca-nos-anos-finais-e-ocupa-o-topo-das-melhores-escolas-publicas-da-grande-ilha\/#primaryimage"},"thumbnailUrl":"https:\/\/maranhaotv.com.br\/wp-content\/uploads\/2024\/08\/IMG-20240816-WA0406.jpg","datePublished":"2024-08-16T16:16:59+00:00","dateModified":"2024-08-16T16:22:39+00:00","breadcrumb":{"@id":"https:\/\/maranhaotv.com.br\/index.php\/2024\/08\/16\/educacao-campea-educacao-ribamarense-avanca-nos-anos-finais-e-ocupa-o-topo-das-melhores-escolas-publicas-da-grande-ilha\/#breadcrumb"},"inLanguage":"pt-BR","potentialAction":[{"@type":"ReadAction","target":["https:\/\/maranhaotv.com.br\/index.php\/2024\/08\/16\/educacao-campea-educacao-ribamarense-avanca-nos-anos-finais-e-ocupa-o-topo-das-melhores-escolas-publicas-da-grande-ilha\/"]}]},{"@type":"ImageObject","inLanguage":"pt-BR","@id":"https:\/\/maranhaotv.com.br\/index.php\/2024\/08\/16\/educacao-campea-educacao-ribamarense-avanca-nos-anos-finais-e-ocupa-o-topo-das-melhores-escolas-publicas-da-grande-ilha\/#primaryimage","url":"https:\/\/maranhaotv.com.br\/wp-content\/uploads\/2024\/08\/IMG-20240816-WA0406.jpg","contentUrl":"https:\/\/maranhaotv.com.br\/wp-content\/uploads\/2024\/08\/IMG-20240816-WA0406.jpg","width":828,"height":557},{"@type":"BreadcrumbList","@id":"https:\/\/maranhaotv.com.br\/index.php\/2024\/08\/16\/educacao-campea-educacao-ribamarense-avanca-nos-anos-finais-e-ocupa-o-topo-das-melhores-escolas-publicas-da-grande-ilha\/#breadcrumb","itemListElement":[{"@type":"ListItem","position":1,"name":"In\u00edcio","item":"https:\/\/maranhaotv.com.br\/"},{"@type":"ListItem","position":2,"name":"Educa\u00e7\u00e3o campe\u00e3! Educa\u00e7\u00e3o ribamarense avan\u00e7a nos anos finais e ocupa o topo das melhores escolas p\u00fablicas da grande ilha"}]},{"@type":"WebSite","@id":"https:\/\/maranhaotv.com.br\/#website","url":"https:\/\/maranhaotv.com.br\/","name":"Maranh\u00e3oTV","description":"","publisher":{"@id":"https:\/\/maranhaotv.com.br\/#organization"},"potentialAction":[{"@type":"SearchAction","target":{"@type":"EntryPoint","urlTemplate":"https:\/\/maranhaotv.com.br\/?s={search_term_string}"},"query-input":{"@type":"PropertyValueSpecification","valueRequired":true,"valueName":"search_term_string"}}],"inLanguage":"pt-BR"},{"@type":"Organization","@id":"https:\/\/maranhaotv.com.br\/#organization","name":"Portal de Not\u00edcias","url":"https:\/\/maranhaotv.com.br\/","logo":{"@type":"ImageObject","inLanguage":"pt-BR","@id":"https:\/\/maranhaotv.com.br\/#\/schema\/logo\/image\/","url":"https:\/\/maranhaotv.com.br\/wp-content\/uploads\/2024\/05\/cropped-cropped-avatar-1.png","contentUrl":"https:\/\/maranhaotv.com.br\/wp-content\/uploads\/2024\/05\/cropped-cropped-avatar-1.png","width":792,"height":428,"caption":"Portal de Not\u00edcias"},"image":{"@id":"https:\/\/maranhaotv.com.br\/#\/schema\/logo\/image\/"},"sameAs":["https:\/\/www.facebook.com\/maiobaotv","https:\/\/x.com\/sitemaranhaotv","https:\/\/www.instagram.com\/maranhao.tv","https:\/\/www.threads.net\/@maranhao.tv"]},{"@type":"Person","@id":"https:\/\/maranhaotv.com.br\/#\/schema\/person\/3d54238e86b20bb5c89ab2fdb8f8829a","name":"maranhaotv","image":{"@type":"ImageObject","inLanguage":"pt-BR","@id":"https:\/\/secure.gravatar.com\/avatar\/8fadbca458d4cb68b1dd399ae9a40618d747bb1af65ac9fad21c89220a143eb4?s=96&d=mm&r=g","url":"https:\/\/secure.gravatar.com\/avatar\/8fadbca458d4cb68b1dd399ae9a40618d747bb1af65ac9fad21c89220a143eb4?s=96&d=mm&r=g","contentUrl":"https:\/\/secure.gravatar.com\/avatar\/8fadbca458d4cb68b1dd399ae9a40618d747bb1af65ac9fad21c89220a143eb4?s=96&d=mm&r=g","caption":"maranhaotv"},"sameAs":["https:\/\/maranhaotv.com.br\/"],"url":"https:\/\/maranhaotv.com.br\/index.php\/author\/maranhaotv\/"}]}},"jetpack_featured_media_url":"https:\/\/maranhaotv.com.br\/wp-content\/uploads\/2024\/08\/IMG-20240816-WA0406.jpg","jetpack_sharing_enabled":true,"_links":{"self":[{"href":"https:\/\/maranhaotv.com.br\/index.php\/wp-json\/wp\/v2\/posts\/37231","targetHints":{"allow":["GET"]}}],"collection":[{"href":"https:\/\/maranhaotv.com.br\/index.php\/wp-json\/wp\/v2\/posts"}],"about":[{"href":"https:\/\/maranhaotv.com.br\/index.php\/wp-json\/wp\/v2\/types\/post"}],"author":[{"embeddable":true,"href":"https:\/\/maranhaotv.com.br\/index.php\/wp-json\/wp\/v2\/users\/2"}],"replies":[{"embeddable":true,"href":"https:\/\/maranhaotv.com.br\/index.php\/wp-json\/wp\/v2\/comments?post=37231"}],"version-history":[{"count":2,"href":"https:\/\/maranhaotv.com.br\/index.php\/wp-json\/wp\/v2\/posts\/37231\/revisions"}],"predecessor-version":[{"id":37236,"href":"https:\/\/maranhaotv.com.br\/index.php\/wp-json\/wp\/v2\/posts\/37231\/revisions\/37236"}],"wp:featuredmedia":[{"embeddable":true,"href":"https:\/\/maranhaotv.com.br\/index.php\/wp-json\/wp\/v2\/media\/37230"}],"wp:attachment":[{"href":"https:\/\/maranhaotv.com.br\/index.php\/wp-json\/wp\/v2\/media?parent=37231"}],"wp:term":[{"taxonomy":"category","embeddable":true,"href":"https:\/\/maranhaotv.com.br\/index.php\/wp-json\/wp\/v2\/categories?post=37231"},{"taxonomy":"post_tag","embeddable":true,"href":"https:\/\/maranhaotv.com.br\/index.php\/wp-json\/wp\/v2\/tags?post=37231"}],"curies":[{"name":"wp","href":"https:\/\/api.w.org\/{rel}","templated":true}]}}