{"id":37240,"date":"2024-08-16T14:20:16","date_gmt":"2024-08-16T17:20:16","guid":{"rendered":"https:\/\/maranhaotv.com.br\/?p=37240"},"modified":"2024-08-16T14:20:59","modified_gmt":"2024-08-16T17:20:59","slug":"colegios-militares-da-pmma-se-destacam-no-ideb-2023-com-as-melhores-notas-entre-escolas-publicas-do-maranhao","status":"publish","type":"post","link":"https:\/\/maranhaotv.com.br\/index.php\/2024\/08\/16\/colegios-militares-da-pmma-se-destacam-no-ideb-2023-com-as-melhores-notas-entre-escolas-publicas-do-maranhao\/","title":{"rendered":"Col\u00e9gios Militares da PMMA se destacam no Ideb 2023 com as melhores notas entre escolas p\u00fablicas do Maranh\u00e3o<br>"},"content":{"rendered":"\n<p><br><br>Os Col\u00e9gios Militares da Pol\u00edcia Militar do Maranh\u00e3o (PMMA) brilharam no \u00cdndice de Desenvolvimento da Educa\u00e7\u00e3o B\u00e1sica (Ideb) de 2023, alcan\u00e7ando as melhores notas entre as escolas p\u00fablicas do estado. Esse resultado reflete o compromisso da institui\u00e7\u00e3o com a qualidade da educa\u00e7\u00e3o oferecida e o empenho coletivo de toda a comunidade escolar.<br><br>O Cel QOPM Marcos Brito, Diretor de Ensino Regular da PMMA, celebrou a conquista, ressaltando a import\u00e2ncia do esfor\u00e7o conjunto para alcan\u00e7ar esse patamar de excel\u00eancia. &#8220;Esse resultado \u00e9 fruto do trabalho incans\u00e1vel dos nossos professores, diretores e, claro, dos nossos dedicados estudantes. Tamb\u00e9m \u00e9 importante destacar o apoio incondicional do comandante geral da PMMA, Cel Paulo Fernando, e do governador Carlos Brand\u00e3o, que t\u00eam sido fundamentais na expans\u00e3o das escolas militares em nosso estado&#8221;, afirmou Marcos Brito.<br><br>O governador Carlos Brand\u00e3o, que tem impulsionado a expans\u00e3o das escolas militares no Maranh\u00e3o, tamb\u00e9m foi mencionado pelo diretor como pe\u00e7a-chave para o sucesso educacional da PMMA. Essa expans\u00e3o tem permitido que mais estudantes tenham acesso a um ensino de qualidade, refletido nos n\u00fameros expressivos do Ideb.<br><br>A conquista refor\u00e7a a import\u00e2ncia das pol\u00edticas p\u00fablicas voltadas para a educa\u00e7\u00e3o e o papel das escolas militares na forma\u00e7\u00e3o de cidad\u00e3os preparados para os desafios do futuro.<br><br>Veja os resultados: <br><br>Maiores notas do IDEB do Maranh\u00e3o, ano 2023, no Ensino M\u00e9dio<br><br>1\u00ba CMT- I &#8211; 6,3<br>2\u00ba CMT- II &#8211; 6,2<br>3\u00ba CMT- III &#8211; 6,0<br>4\u00ba CMT-V- 5,8<br>5\u00ba Educa+ Ana Isabel Tavares 5.7<br>6\u00ba CMT-IV &#8211;\u00a0 5,6<br>7\u00ba 02 julho &#8211; 5,5<br><br>IDEB 9\u00ba ano Fundamental, 2023<br><br>1\u00ba CMT V Timon &#8211; 7,6<br>2\u00ba CMT III &#8211; Bacabal &#8211; 7,3<br>4\u00ba CMT II- Imperatriz &#8211;\u00a0 7,1 <br>5\u00ba CMT I &#8211; S\u00e3o Lu\u00eds- 6,9<\/p>\n\n\n\n<figure class=\"wp-block-image size-large\"><img loading=\"lazy\" decoding=\"async\" width=\"1024\" height=\"1024\" src=\"https:\/\/maranhaotv.com.br\/wp-content\/uploads\/2024\/08\/img-20240816-wa04791293815604517500661-1024x1024.jpg\" alt=\"\" class=\"wp-image-37237\" srcset=\"https:\/\/maranhaotv.com.br\/wp-content\/uploads\/2024\/08\/img-20240816-wa04791293815604517500661-1024x1024.jpg 1024w, https:\/\/maranhaotv.com.br\/wp-content\/uploads\/2024\/08\/img-20240816-wa04791293815604517500661-300x300.jpg 300w, https:\/\/maranhaotv.com.br\/wp-content\/uploads\/2024\/08\/img-20240816-wa04791293815604517500661-150x150.jpg 150w, https:\/\/maranhaotv.com.br\/wp-content\/uploads\/2024\/08\/img-20240816-wa04791293815604517500661-768x768.jpg 768w, https:\/\/maranhaotv.com.br\/wp-content\/uploads\/2024\/08\/img-20240816-wa04791293815604517500661.jpg 1080w\" sizes=\"auto, (max-width: 1024px) 100vw, 1024px\" \/><\/figure>\n\n\n\n<figure class=\"wp-block-image\"><img loading=\"lazy\" decoding=\"async\" width=\"1024\" height=\"1024\" src=\"https:\/\/maranhaotv.com.br\/wp-content\/uploads\/2024\/08\/img-20240816-wa04788610644758712340888-1024x1024.jpg\" alt=\"\" class=\"wp-image-37238\" srcset=\"https:\/\/maranhaotv.com.br\/wp-content\/uploads\/2024\/08\/img-20240816-wa04788610644758712340888-1024x1024.jpg 1024w, https:\/\/maranhaotv.com.br\/wp-content\/uploads\/2024\/08\/img-20240816-wa04788610644758712340888-300x300.jpg 300w, https:\/\/maranhaotv.com.br\/wp-content\/uploads\/2024\/08\/img-20240816-wa04788610644758712340888-150x150.jpg 150w, https:\/\/maranhaotv.com.br\/wp-content\/uploads\/2024\/08\/img-20240816-wa04788610644758712340888-768x768.jpg 768w, https:\/\/maranhaotv.com.br\/wp-content\/uploads\/2024\/08\/img-20240816-wa04788610644758712340888.jpg 1080w\" sizes=\"auto, (max-width: 1024px) 100vw, 1024px\" \/><\/figure>\n","protected":false},"excerpt":{"rendered":"<p>Os Col\u00e9gios Militares da Pol\u00edcia Militar do Maranh\u00e3o (PMMA) brilharam no \u00cdndice de Desenvolvimento da Educa\u00e7\u00e3o B\u00e1sica (Ideb) de 2023,<\/p>\n","protected":false},"author":2,"featured_media":37239,"comment_status":"open","ping_status":"open","sticky":false,"template":"","format":"standard","meta":{"colormag_page_container_layout":"default_layout","colormag_page_sidebar_layout":"default_layout","_jetpack_memberships_contains_paid_content":false,"footnotes":""},"categories":[2],"tags":[],"class_list":["post-37240","post","type-post","status-publish","format-standard","has-post-thumbnail","hentry","category-noticias"],"magazineBlocksPostFeaturedMedia":{"thumbnail":"https:\/\/maranhaotv.com.br\/wp-content\/uploads\/2024\/08\/IMG-20240816-WA0480-150x150.jpg","medium":"https:\/\/maranhaotv.com.br\/wp-content\/uploads\/2024\/08\/IMG-20240816-WA0480-300x202.jpg","medium_large":"https:\/\/maranhaotv.com.br\/wp-content\/uploads\/2024\/08\/IMG-20240816-WA0480-768x518.jpg","large":"https:\/\/maranhaotv.com.br\/wp-content\/uploads\/2024\/08\/IMG-20240816-WA0480-1024x691.jpg","1536x1536":"https:\/\/maranhaotv.com.br\/wp-content\/uploads\/2024\/08\/IMG-20240816-WA0480.jpg","2048x2048":"https:\/\/maranhaotv.com.br\/wp-content\/uploads\/2024\/08\/IMG-20240816-WA0480.jpg","colormag-highlighted-post":"https:\/\/maranhaotv.com.br\/wp-content\/uploads\/2024\/08\/IMG-20240816-WA0480-392x272.jpg","colormag-featured-post-medium":"https:\/\/maranhaotv.com.br\/wp-content\/uploads\/2024\/08\/IMG-20240816-WA0480-390x205.jpg","colormag-featured-post-small":"https:\/\/maranhaotv.com.br\/wp-content\/uploads\/2024\/08\/IMG-20240816-WA0480-130x90.jpg","colormag-featured-image":"https:\/\/maranhaotv.com.br\/wp-content\/uploads\/2024\/08\/IMG-20240816-WA0480-800x445.jpg","colormag-default-news":"https:\/\/maranhaotv.com.br\/wp-content\/uploads\/2024\/08\/IMG-20240816-WA0480-150x150.jpg","colormag-featured-image-large":"https:\/\/maranhaotv.com.br\/wp-content\/uploads\/2024\/08\/IMG-20240816-WA0480-1290x600.jpg"},"magazineBlocksPostAuthor":{"name":"maranhaotv","avatar":"https:\/\/secure.gravatar.com\/avatar\/8fadbca458d4cb68b1dd399ae9a40618d747bb1af65ac9fad21c89220a143eb4?s=96&d=mm&r=g"},"magazineBlocksPostCommentsNumber":"0","magazineBlocksPostExcerpt":"Os Col\u00e9gios Militares da Pol\u00edcia Militar do Maranh\u00e3o (PMMA) brilharam no \u00cdndice de Desenvolvimento da Educa\u00e7\u00e3o B\u00e1sica (Ideb) de 2023,","magazineBlocksPostCategories":["not\u00edcias"],"magazineBlocksPostViewCount":487,"magazineBlocksPostReadTime":2,"magazine_blocks_featured_image_url":{"full":["https:\/\/maranhaotv.com.br\/wp-content\/uploads\/2024\/08\/IMG-20240816-WA0480.jpg",1290,870,false],"medium":["https:\/\/maranhaotv.com.br\/wp-content\/uploads\/2024\/08\/IMG-20240816-WA0480-300x202.jpg",300,202,true],"thumbnail":["https:\/\/maranhaotv.com.br\/wp-content\/uploads\/2024\/08\/IMG-20240816-WA0480-150x150.jpg",150,150,true]},"magazine_blocks_author":{"display_name":"maranhaotv","author_link":"https:\/\/maranhaotv.com.br\/index.php\/author\/maranhaotv\/"},"magazine_blocks_comment":0,"magazine_blocks_author_image":"https:\/\/secure.gravatar.com\/avatar\/8fadbca458d4cb68b1dd399ae9a40618d747bb1af65ac9fad21c89220a143eb4?s=96&d=mm&r=g","magazine_blocks_category":"<a href=\"#\" class=\"category-link category-link-2\">not\u00edcias<\/a>","yoast_head":"<!-- This site is optimized with the Yoast SEO plugin v27.4 - https:\/\/yoast.com\/product\/yoast-seo-wordpress\/ -->\n<title>Col\u00e9gios Militares da PMMA se destacam no Ideb 2023 com as melhores notas entre escolas p\u00fablicas do Maranh\u00e3o - NOT\u00cdCIAS EM TEMPO REAL<\/title>\n<meta name=\"robots\" content=\"index, follow, max-snippet:-1, max-image-preview:large, max-video-preview:-1\" \/>\n<link rel=\"canonical\" href=\"https:\/\/maranhaotv.com.br\/index.php\/2024\/08\/16\/colegios-militares-da-pmma-se-destacam-no-ideb-2023-com-as-melhores-notas-entre-escolas-publicas-do-maranhao\/\" \/>\n<meta property=\"og:locale\" content=\"pt_BR\" \/>\n<meta property=\"og:type\" content=\"article\" \/>\n<meta property=\"og:title\" content=\"Col\u00e9gios Militares da PMMA se destacam no Ideb 2023 com as melhores notas entre escolas p\u00fablicas do Maranh\u00e3o - NOT\u00cdCIAS EM TEMPO REAL\" \/>\n<meta property=\"og:description\" content=\"Os Col\u00e9gios Militares da Pol\u00edcia Militar do Maranh\u00e3o (PMMA) brilharam no \u00cdndice de Desenvolvimento da Educa\u00e7\u00e3o B\u00e1sica (Ideb) de 2023,\" \/>\n<meta property=\"og:url\" content=\"https:\/\/maranhaotv.com.br\/index.php\/2024\/08\/16\/colegios-militares-da-pmma-se-destacam-no-ideb-2023-com-as-melhores-notas-entre-escolas-publicas-do-maranhao\/\" \/>\n<meta property=\"og:site_name\" content=\"NOT\u00cdCIAS EM TEMPO REAL\" \/>\n<meta property=\"article:publisher\" content=\"https:\/\/www.facebook.com\/maiobaotv\" \/>\n<meta property=\"article:published_time\" content=\"2024-08-16T17:20:16+00:00\" \/>\n<meta property=\"article:modified_time\" content=\"2024-08-16T17:20:59+00:00\" \/>\n<meta property=\"og:image\" content=\"https:\/\/maranhaotv.com.br\/wp-content\/uploads\/2024\/08\/IMG-20240816-WA0480.jpg\" \/>\n\t<meta property=\"og:image:width\" content=\"1290\" \/>\n\t<meta property=\"og:image:height\" content=\"870\" \/>\n\t<meta property=\"og:image:type\" content=\"image\/jpeg\" \/>\n<meta name=\"author\" content=\"maranhaotv\" \/>\n<meta name=\"twitter:card\" content=\"summary_large_image\" \/>\n<meta name=\"twitter:creator\" content=\"@sitemaranhaotv\" \/>\n<meta name=\"twitter:site\" content=\"@sitemaranhaotv\" \/>\n<meta name=\"twitter:label1\" content=\"Escrito por\" \/>\n\t<meta name=\"twitter:data1\" content=\"maranhaotv\" \/>\n\t<meta name=\"twitter:label2\" content=\"Est. tempo de leitura\" \/>\n\t<meta name=\"twitter:data2\" content=\"1 minuto\" \/>\n<script type=\"application\/ld+json\" class=\"yoast-schema-graph\">{\"@context\":\"https:\\\/\\\/schema.org\",\"@graph\":[{\"@type\":\"Article\",\"@id\":\"https:\\\/\\\/maranhaotv.com.br\\\/index.php\\\/2024\\\/08\\\/16\\\/colegios-militares-da-pmma-se-destacam-no-ideb-2023-com-as-melhores-notas-entre-escolas-publicas-do-maranhao\\\/#article\",\"isPartOf\":{\"@id\":\"https:\\\/\\\/maranhaotv.com.br\\\/index.php\\\/2024\\\/08\\\/16\\\/colegios-militares-da-pmma-se-destacam-no-ideb-2023-com-as-melhores-notas-entre-escolas-publicas-do-maranhao\\\/\"},\"author\":{\"name\":\"maranhaotv\",\"@id\":\"https:\\\/\\\/maranhaotv.com.br\\\/#\\\/schema\\\/person\\\/3d54238e86b20bb5c89ab2fdb8f8829a\"},\"headline\":\"Col\u00e9gios Militares da PMMA se destacam no Ideb 2023 com as melhores notas entre escolas p\u00fablicas do Maranh\u00e3o\",\"datePublished\":\"2024-08-16T17:20:16+00:00\",\"dateModified\":\"2024-08-16T17:20:59+00:00\",\"mainEntityOfPage\":{\"@id\":\"https:\\\/\\\/maranhaotv.com.br\\\/index.php\\\/2024\\\/08\\\/16\\\/colegios-militares-da-pmma-se-destacam-no-ideb-2023-com-as-melhores-notas-entre-escolas-publicas-do-maranhao\\\/\"},\"wordCount\":310,\"commentCount\":0,\"publisher\":{\"@id\":\"https:\\\/\\\/maranhaotv.com.br\\\/#organization\"},\"image\":{\"@id\":\"https:\\\/\\\/maranhaotv.com.br\\\/index.php\\\/2024\\\/08\\\/16\\\/colegios-militares-da-pmma-se-destacam-no-ideb-2023-com-as-melhores-notas-entre-escolas-publicas-do-maranhao\\\/#primaryimage\"},\"thumbnailUrl\":\"https:\\\/\\\/maranhaotv.com.br\\\/wp-content\\\/uploads\\\/2024\\\/08\\\/IMG-20240816-WA0480.jpg\",\"articleSection\":[\"not\u00edcias\"],\"inLanguage\":\"pt-BR\",\"potentialAction\":[{\"@type\":\"CommentAction\",\"name\":\"Comment\",\"target\":[\"https:\\\/\\\/maranhaotv.com.br\\\/index.php\\\/2024\\\/08\\\/16\\\/colegios-militares-da-pmma-se-destacam-no-ideb-2023-com-as-melhores-notas-entre-escolas-publicas-do-maranhao\\\/#respond\"]}]},{\"@type\":\"WebPage\",\"@id\":\"https:\\\/\\\/maranhaotv.com.br\\\/index.php\\\/2024\\\/08\\\/16\\\/colegios-militares-da-pmma-se-destacam-no-ideb-2023-com-as-melhores-notas-entre-escolas-publicas-do-maranhao\\\/\",\"url\":\"https:\\\/\\\/maranhaotv.com.br\\\/index.php\\\/2024\\\/08\\\/16\\\/colegios-militares-da-pmma-se-destacam-no-ideb-2023-com-as-melhores-notas-entre-escolas-publicas-do-maranhao\\\/\",\"name\":\"Col\u00e9gios Militares da PMMA se destacam no Ideb 2023 com as melhores notas entre escolas p\u00fablicas do Maranh\u00e3o - NOT\u00cdCIAS EM TEMPO REAL\",\"isPartOf\":{\"@id\":\"https:\\\/\\\/maranhaotv.com.br\\\/#website\"},\"primaryImageOfPage\":{\"@id\":\"https:\\\/\\\/maranhaotv.com.br\\\/index.php\\\/2024\\\/08\\\/16\\\/colegios-militares-da-pmma-se-destacam-no-ideb-2023-com-as-melhores-notas-entre-escolas-publicas-do-maranhao\\\/#primaryimage\"},\"image\":{\"@id\":\"https:\\\/\\\/maranhaotv.com.br\\\/index.php\\\/2024\\\/08\\\/16\\\/colegios-militares-da-pmma-se-destacam-no-ideb-2023-com-as-melhores-notas-entre-escolas-publicas-do-maranhao\\\/#primaryimage\"},\"thumbnailUrl\":\"https:\\\/\\\/maranhaotv.com.br\\\/wp-content\\\/uploads\\\/2024\\\/08\\\/IMG-20240816-WA0480.jpg\",\"datePublished\":\"2024-08-16T17:20:16+00:00\",\"dateModified\":\"2024-08-16T17:20:59+00:00\",\"breadcrumb\":{\"@id\":\"https:\\\/\\\/maranhaotv.com.br\\\/index.php\\\/2024\\\/08\\\/16\\\/colegios-militares-da-pmma-se-destacam-no-ideb-2023-com-as-melhores-notas-entre-escolas-publicas-do-maranhao\\\/#breadcrumb\"},\"inLanguage\":\"pt-BR\",\"potentialAction\":[{\"@type\":\"ReadAction\",\"target\":[\"https:\\\/\\\/maranhaotv.com.br\\\/index.php\\\/2024\\\/08\\\/16\\\/colegios-militares-da-pmma-se-destacam-no-ideb-2023-com-as-melhores-notas-entre-escolas-publicas-do-maranhao\\\/\"]}]},{\"@type\":\"ImageObject\",\"inLanguage\":\"pt-BR\",\"@id\":\"https:\\\/\\\/maranhaotv.com.br\\\/index.php\\\/2024\\\/08\\\/16\\\/colegios-militares-da-pmma-se-destacam-no-ideb-2023-com-as-melhores-notas-entre-escolas-publicas-do-maranhao\\\/#primaryimage\",\"url\":\"https:\\\/\\\/maranhaotv.com.br\\\/wp-content\\\/uploads\\\/2024\\\/08\\\/IMG-20240816-WA0480.jpg\",\"contentUrl\":\"https:\\\/\\\/maranhaotv.com.br\\\/wp-content\\\/uploads\\\/2024\\\/08\\\/IMG-20240816-WA0480.jpg\",\"width\":1290,\"height\":870},{\"@type\":\"BreadcrumbList\",\"@id\":\"https:\\\/\\\/maranhaotv.com.br\\\/index.php\\\/2024\\\/08\\\/16\\\/colegios-militares-da-pmma-se-destacam-no-ideb-2023-com-as-melhores-notas-entre-escolas-publicas-do-maranhao\\\/#breadcrumb\",\"itemListElement\":[{\"@type\":\"ListItem\",\"position\":1,\"name\":\"In\u00edcio\",\"item\":\"https:\\\/\\\/maranhaotv.com.br\\\/\"},{\"@type\":\"ListItem\",\"position\":2,\"name\":\"Col\u00e9gios Militares da PMMA se destacam no Ideb 2023 com as melhores notas entre escolas p\u00fablicas do Maranh\u00e3o\"}]},{\"@type\":\"WebSite\",\"@id\":\"https:\\\/\\\/maranhaotv.com.br\\\/#website\",\"url\":\"https:\\\/\\\/maranhaotv.com.br\\\/\",\"name\":\"Maranh\u00e3oTV\",\"description\":\"\",\"publisher\":{\"@id\":\"https:\\\/\\\/maranhaotv.com.br\\\/#organization\"},\"potentialAction\":[{\"@type\":\"SearchAction\",\"target\":{\"@type\":\"EntryPoint\",\"urlTemplate\":\"https:\\\/\\\/maranhaotv.com.br\\\/?s={search_term_string}\"},\"query-input\":{\"@type\":\"PropertyValueSpecification\",\"valueRequired\":true,\"valueName\":\"search_term_string\"}}],\"inLanguage\":\"pt-BR\"},{\"@type\":\"Organization\",\"@id\":\"https:\\\/\\\/maranhaotv.com.br\\\/#organization\",\"name\":\"Portal de Not\u00edcias\",\"url\":\"https:\\\/\\\/maranhaotv.com.br\\\/\",\"logo\":{\"@type\":\"ImageObject\",\"inLanguage\":\"pt-BR\",\"@id\":\"https:\\\/\\\/maranhaotv.com.br\\\/#\\\/schema\\\/logo\\\/image\\\/\",\"url\":\"https:\\\/\\\/maranhaotv.com.br\\\/wp-content\\\/uploads\\\/2024\\\/05\\\/cropped-cropped-avatar-1.png\",\"contentUrl\":\"https:\\\/\\\/maranhaotv.com.br\\\/wp-content\\\/uploads\\\/2024\\\/05\\\/cropped-cropped-avatar-1.png\",\"width\":792,\"height\":428,\"caption\":\"Portal de Not\u00edcias\"},\"image\":{\"@id\":\"https:\\\/\\\/maranhaotv.com.br\\\/#\\\/schema\\\/logo\\\/image\\\/\"},\"sameAs\":[\"https:\\\/\\\/www.facebook.com\\\/maiobaotv\",\"https:\\\/\\\/x.com\\\/sitemaranhaotv\",\"https:\\\/\\\/www.instagram.com\\\/maranhao.tv\",\"https:\\\/\\\/www.threads.net\\\/@maranhao.tv\"]},{\"@type\":\"Person\",\"@id\":\"https:\\\/\\\/maranhaotv.com.br\\\/#\\\/schema\\\/person\\\/3d54238e86b20bb5c89ab2fdb8f8829a\",\"name\":\"maranhaotv\",\"image\":{\"@type\":\"ImageObject\",\"inLanguage\":\"pt-BR\",\"@id\":\"https:\\\/\\\/secure.gravatar.com\\\/avatar\\\/8fadbca458d4cb68b1dd399ae9a40618d747bb1af65ac9fad21c89220a143eb4?s=96&d=mm&r=g\",\"url\":\"https:\\\/\\\/secure.gravatar.com\\\/avatar\\\/8fadbca458d4cb68b1dd399ae9a40618d747bb1af65ac9fad21c89220a143eb4?s=96&d=mm&r=g\",\"contentUrl\":\"https:\\\/\\\/secure.gravatar.com\\\/avatar\\\/8fadbca458d4cb68b1dd399ae9a40618d747bb1af65ac9fad21c89220a143eb4?s=96&d=mm&r=g\",\"caption\":\"maranhaotv\"},\"sameAs\":[\"https:\\\/\\\/maranhaotv.com.br\\\/\"],\"url\":\"https:\\\/\\\/maranhaotv.com.br\\\/index.php\\\/author\\\/maranhaotv\\\/\"}]}<\/script>\n<!-- \/ Yoast SEO plugin. -->","yoast_head_json":{"title":"Col\u00e9gios Militares da PMMA se destacam no Ideb 2023 com as melhores notas entre escolas p\u00fablicas do Maranh\u00e3o - NOT\u00cdCIAS EM TEMPO REAL","robots":{"index":"index","follow":"follow","max-snippet":"max-snippet:-1","max-image-preview":"max-image-preview:large","max-video-preview":"max-video-preview:-1"},"canonical":"https:\/\/maranhaotv.com.br\/index.php\/2024\/08\/16\/colegios-militares-da-pmma-se-destacam-no-ideb-2023-com-as-melhores-notas-entre-escolas-publicas-do-maranhao\/","og_locale":"pt_BR","og_type":"article","og_title":"Col\u00e9gios Militares da PMMA se destacam no Ideb 2023 com as melhores notas entre escolas p\u00fablicas do Maranh\u00e3o - NOT\u00cdCIAS EM TEMPO REAL","og_description":"Os Col\u00e9gios Militares da Pol\u00edcia Militar do Maranh\u00e3o (PMMA) brilharam no \u00cdndice de Desenvolvimento da Educa\u00e7\u00e3o B\u00e1sica (Ideb) de 2023,","og_url":"https:\/\/maranhaotv.com.br\/index.php\/2024\/08\/16\/colegios-militares-da-pmma-se-destacam-no-ideb-2023-com-as-melhores-notas-entre-escolas-publicas-do-maranhao\/","og_site_name":"NOT\u00cdCIAS EM TEMPO REAL","article_publisher":"https:\/\/www.facebook.com\/maiobaotv","article_published_time":"2024-08-16T17:20:16+00:00","article_modified_time":"2024-08-16T17:20:59+00:00","og_image":[{"width":1290,"height":870,"url":"https:\/\/maranhaotv.com.br\/wp-content\/uploads\/2024\/08\/IMG-20240816-WA0480.jpg","type":"image\/jpeg"}],"author":"maranhaotv","twitter_card":"summary_large_image","twitter_creator":"@sitemaranhaotv","twitter_site":"@sitemaranhaotv","twitter_misc":{"Escrito por":"maranhaotv","Est. tempo de leitura":"1 minuto"},"schema":{"@context":"https:\/\/schema.org","@graph":[{"@type":"Article","@id":"https:\/\/maranhaotv.com.br\/index.php\/2024\/08\/16\/colegios-militares-da-pmma-se-destacam-no-ideb-2023-com-as-melhores-notas-entre-escolas-publicas-do-maranhao\/#article","isPartOf":{"@id":"https:\/\/maranhaotv.com.br\/index.php\/2024\/08\/16\/colegios-militares-da-pmma-se-destacam-no-ideb-2023-com-as-melhores-notas-entre-escolas-publicas-do-maranhao\/"},"author":{"name":"maranhaotv","@id":"https:\/\/maranhaotv.com.br\/#\/schema\/person\/3d54238e86b20bb5c89ab2fdb8f8829a"},"headline":"Col\u00e9gios Militares da PMMA se destacam no Ideb 2023 com as melhores notas entre escolas p\u00fablicas do Maranh\u00e3o","datePublished":"2024-08-16T17:20:16+00:00","dateModified":"2024-08-16T17:20:59+00:00","mainEntityOfPage":{"@id":"https:\/\/maranhaotv.com.br\/index.php\/2024\/08\/16\/colegios-militares-da-pmma-se-destacam-no-ideb-2023-com-as-melhores-notas-entre-escolas-publicas-do-maranhao\/"},"wordCount":310,"commentCount":0,"publisher":{"@id":"https:\/\/maranhaotv.com.br\/#organization"},"image":{"@id":"https:\/\/maranhaotv.com.br\/index.php\/2024\/08\/16\/colegios-militares-da-pmma-se-destacam-no-ideb-2023-com-as-melhores-notas-entre-escolas-publicas-do-maranhao\/#primaryimage"},"thumbnailUrl":"https:\/\/maranhaotv.com.br\/wp-content\/uploads\/2024\/08\/IMG-20240816-WA0480.jpg","articleSection":["not\u00edcias"],"inLanguage":"pt-BR","potentialAction":[{"@type":"CommentAction","name":"Comment","target":["https:\/\/maranhaotv.com.br\/index.php\/2024\/08\/16\/colegios-militares-da-pmma-se-destacam-no-ideb-2023-com-as-melhores-notas-entre-escolas-publicas-do-maranhao\/#respond"]}]},{"@type":"WebPage","@id":"https:\/\/maranhaotv.com.br\/index.php\/2024\/08\/16\/colegios-militares-da-pmma-se-destacam-no-ideb-2023-com-as-melhores-notas-entre-escolas-publicas-do-maranhao\/","url":"https:\/\/maranhaotv.com.br\/index.php\/2024\/08\/16\/colegios-militares-da-pmma-se-destacam-no-ideb-2023-com-as-melhores-notas-entre-escolas-publicas-do-maranhao\/","name":"Col\u00e9gios Militares da PMMA se destacam no Ideb 2023 com as melhores notas entre escolas p\u00fablicas do Maranh\u00e3o - NOT\u00cdCIAS EM TEMPO REAL","isPartOf":{"@id":"https:\/\/maranhaotv.com.br\/#website"},"primaryImageOfPage":{"@id":"https:\/\/maranhaotv.com.br\/index.php\/2024\/08\/16\/colegios-militares-da-pmma-se-destacam-no-ideb-2023-com-as-melhores-notas-entre-escolas-publicas-do-maranhao\/#primaryimage"},"image":{"@id":"https:\/\/maranhaotv.com.br\/index.php\/2024\/08\/16\/colegios-militares-da-pmma-se-destacam-no-ideb-2023-com-as-melhores-notas-entre-escolas-publicas-do-maranhao\/#primaryimage"},"thumbnailUrl":"https:\/\/maranhaotv.com.br\/wp-content\/uploads\/2024\/08\/IMG-20240816-WA0480.jpg","datePublished":"2024-08-16T17:20:16+00:00","dateModified":"2024-08-16T17:20:59+00:00","breadcrumb":{"@id":"https:\/\/maranhaotv.com.br\/index.php\/2024\/08\/16\/colegios-militares-da-pmma-se-destacam-no-ideb-2023-com-as-melhores-notas-entre-escolas-publicas-do-maranhao\/#breadcrumb"},"inLanguage":"pt-BR","potentialAction":[{"@type":"ReadAction","target":["https:\/\/maranhaotv.com.br\/index.php\/2024\/08\/16\/colegios-militares-da-pmma-se-destacam-no-ideb-2023-com-as-melhores-notas-entre-escolas-publicas-do-maranhao\/"]}]},{"@type":"ImageObject","inLanguage":"pt-BR","@id":"https:\/\/maranhaotv.com.br\/index.php\/2024\/08\/16\/colegios-militares-da-pmma-se-destacam-no-ideb-2023-com-as-melhores-notas-entre-escolas-publicas-do-maranhao\/#primaryimage","url":"https:\/\/maranhaotv.com.br\/wp-content\/uploads\/2024\/08\/IMG-20240816-WA0480.jpg","contentUrl":"https:\/\/maranhaotv.com.br\/wp-content\/uploads\/2024\/08\/IMG-20240816-WA0480.jpg","width":1290,"height":870},{"@type":"BreadcrumbList","@id":"https:\/\/maranhaotv.com.br\/index.php\/2024\/08\/16\/colegios-militares-da-pmma-se-destacam-no-ideb-2023-com-as-melhores-notas-entre-escolas-publicas-do-maranhao\/#breadcrumb","itemListElement":[{"@type":"ListItem","position":1,"name":"In\u00edcio","item":"https:\/\/maranhaotv.com.br\/"},{"@type":"ListItem","position":2,"name":"Col\u00e9gios Militares da PMMA se destacam no Ideb 2023 com as melhores notas entre escolas p\u00fablicas do Maranh\u00e3o"}]},{"@type":"WebSite","@id":"https:\/\/maranhaotv.com.br\/#website","url":"https:\/\/maranhaotv.com.br\/","name":"Maranh\u00e3oTV","description":"","publisher":{"@id":"https:\/\/maranhaotv.com.br\/#organization"},"potentialAction":[{"@type":"SearchAction","target":{"@type":"EntryPoint","urlTemplate":"https:\/\/maranhaotv.com.br\/?s={search_term_string}"},"query-input":{"@type":"PropertyValueSpecification","valueRequired":true,"valueName":"search_term_string"}}],"inLanguage":"pt-BR"},{"@type":"Organization","@id":"https:\/\/maranhaotv.com.br\/#organization","name":"Portal de Not\u00edcias","url":"https:\/\/maranhaotv.com.br\/","logo":{"@type":"ImageObject","inLanguage":"pt-BR","@id":"https:\/\/maranhaotv.com.br\/#\/schema\/logo\/image\/","url":"https:\/\/maranhaotv.com.br\/wp-content\/uploads\/2024\/05\/cropped-cropped-avatar-1.png","contentUrl":"https:\/\/maranhaotv.com.br\/wp-content\/uploads\/2024\/05\/cropped-cropped-avatar-1.png","width":792,"height":428,"caption":"Portal de Not\u00edcias"},"image":{"@id":"https:\/\/maranhaotv.com.br\/#\/schema\/logo\/image\/"},"sameAs":["https:\/\/www.facebook.com\/maiobaotv","https:\/\/x.com\/sitemaranhaotv","https:\/\/www.instagram.com\/maranhao.tv","https:\/\/www.threads.net\/@maranhao.tv"]},{"@type":"Person","@id":"https:\/\/maranhaotv.com.br\/#\/schema\/person\/3d54238e86b20bb5c89ab2fdb8f8829a","name":"maranhaotv","image":{"@type":"ImageObject","inLanguage":"pt-BR","@id":"https:\/\/secure.gravatar.com\/avatar\/8fadbca458d4cb68b1dd399ae9a40618d747bb1af65ac9fad21c89220a143eb4?s=96&d=mm&r=g","url":"https:\/\/secure.gravatar.com\/avatar\/8fadbca458d4cb68b1dd399ae9a40618d747bb1af65ac9fad21c89220a143eb4?s=96&d=mm&r=g","contentUrl":"https:\/\/secure.gravatar.com\/avatar\/8fadbca458d4cb68b1dd399ae9a40618d747bb1af65ac9fad21c89220a143eb4?s=96&d=mm&r=g","caption":"maranhaotv"},"sameAs":["https:\/\/maranhaotv.com.br\/"],"url":"https:\/\/maranhaotv.com.br\/index.php\/author\/maranhaotv\/"}]}},"jetpack_featured_media_url":"https:\/\/maranhaotv.com.br\/wp-content\/uploads\/2024\/08\/IMG-20240816-WA0480.jpg","jetpack_sharing_enabled":true,"_links":{"self":[{"href":"https:\/\/maranhaotv.com.br\/index.php\/wp-json\/wp\/v2\/posts\/37240","targetHints":{"allow":["GET"]}}],"collection":[{"href":"https:\/\/maranhaotv.com.br\/index.php\/wp-json\/wp\/v2\/posts"}],"about":[{"href":"https:\/\/maranhaotv.com.br\/index.php\/wp-json\/wp\/v2\/types\/post"}],"author":[{"embeddable":true,"href":"https:\/\/maranhaotv.com.br\/index.php\/wp-json\/wp\/v2\/users\/2"}],"replies":[{"embeddable":true,"href":"https:\/\/maranhaotv.com.br\/index.php\/wp-json\/wp\/v2\/comments?post=37240"}],"version-history":[{"count":1,"href":"https:\/\/maranhaotv.com.br\/index.php\/wp-json\/wp\/v2\/posts\/37240\/revisions"}],"predecessor-version":[{"id":37241,"href":"https:\/\/maranhaotv.com.br\/index.php\/wp-json\/wp\/v2\/posts\/37240\/revisions\/37241"}],"wp:featuredmedia":[{"embeddable":true,"href":"https:\/\/maranhaotv.com.br\/index.php\/wp-json\/wp\/v2\/media\/37239"}],"wp:attachment":[{"href":"https:\/\/maranhaotv.com.br\/index.php\/wp-json\/wp\/v2\/media?parent=37240"}],"wp:term":[{"taxonomy":"category","embeddable":true,"href":"https:\/\/maranhaotv.com.br\/index.php\/wp-json\/wp\/v2\/categories?post=37240"},{"taxonomy":"post_tag","embeddable":true,"href":"https:\/\/maranhaotv.com.br\/index.php\/wp-json\/wp\/v2\/tags?post=37240"}],"curies":[{"name":"wp","href":"https:\/\/api.w.org\/{rel}","templated":true}]}}