{"id":37249,"date":"2024-08-16T16:17:11","date_gmt":"2024-08-16T19:17:11","guid":{"rendered":"https:\/\/maranhaotv.com.br\/?p=37249"},"modified":"2024-08-16T16:17:14","modified_gmt":"2024-08-16T19:17:14","slug":"certidoes-apresentadas-por-braide-para-disputa-em-sao-luis-revelam-problemas-com-a-justica","status":"publish","type":"post","link":"https:\/\/maranhaotv.com.br\/index.php\/2024\/08\/16\/certidoes-apresentadas-por-braide-para-disputa-em-sao-luis-revelam-problemas-com-a-justica\/","title":{"rendered":"Certid\u00f5es apresentadas por Braide para disputa em S\u00e3o Lu\u00eds revelam problemas com a Justi\u00e7a"},"content":{"rendered":"\n<p>Os documentos apresentados pelo prefeito Eduardo Braide (PSD) no Requerimento de Registro de Candidatura (RRC) feito \u00e0 Justi\u00e7a Eleitoral, para que possa concorrer \u00e0 reelei\u00e7\u00e3o ao cargo, apresentam algumas pend\u00eancias judiciais que podem complicar o gestor.<br><br>Braide responde, junto com sua vice Esm\u00eania Miranda (PSD), que tamb\u00e9m tenta a reelei\u00e7\u00e3o, a uma a\u00e7\u00e3o civil por improbidade administrativa, em processo de autoria do Minist\u00e9rio P\u00fablico do Maranh\u00e3o (MPMA). O procedimento, atualmente, encontra-se em grau recursal.<br><br>H\u00e1 uma segunda a\u00e7\u00e3o de mesmo teor contra o prefeito, igualmente representado pelo MPMA, mas, nesta outra, o nome da vice n\u00e3o \u00e9 citado.<br><br>Existe ainda um terceiro processo, distribu\u00eddo em outubro de 2023, que pede \u201ca condena\u00e7\u00e3o dos requeridos (Eduardo Salim Braide e Anna Caroline Marques Pinheiro Salgado), em raz\u00e3o de ato atentat\u00f3rio aos princ\u00edpios administrativos da transpar\u00eancia e direito de acesso \u00e0 informa\u00e7\u00e3o\u201d. A certid\u00e3o em que consta a informa\u00e7\u00e3o \u00e9 assinada pela secret\u00e1ria judicial Gisele Soares Pereira Ferreira.<br><br>A exist\u00eancia dos procedimentos judiciais, por si s\u00f3, n\u00e3o impede o registro da candidatura \u2013 que \u00e9 o objeto do requerimento -, mas o seu decorrer pode implicar em condena\u00e7\u00f5es ao prefeito por atos praticados em seu primeiro mandato, cuja puni\u00e7\u00e3o pode complicar sua perman\u00eancia no La Ravardi\u00e8re, em caso de \u00eaxito eleitoral.<\/p>\n\n\n\n<p><a href=\"https:\/\/drive.google.com\/file\/d\/1brtaHFOT9Gp8t2-luzIKUnuxlONkWoH4\/view\">Acesse documentos aqui<\/a><\/p>\n","protected":false},"excerpt":{"rendered":"<p>Os documentos apresentados pelo prefeito Eduardo Braide (PSD) no Requerimento de Registro de Candidatura (RRC) feito \u00e0 Justi\u00e7a Eleitoral, para<\/p>\n","protected":false},"author":2,"featured_media":37248,"comment_status":"open","ping_status":"open","sticky":false,"template":"","format":"standard","meta":{"colormag_page_container_layout":"default_layout","colormag_page_sidebar_layout":"default_layout","_jetpack_memberships_contains_paid_content":false,"footnotes":""},"categories":[2],"tags":[],"class_list":["post-37249","post","type-post","status-publish","format-standard","has-post-thumbnail","hentry","category-noticias"],"magazineBlocksPostFeaturedMedia":{"thumbnail":"https:\/\/maranhaotv.com.br\/wp-content\/uploads\/2024\/08\/image-121-150x150.png","medium":"https:\/\/maranhaotv.com.br\/wp-content\/uploads\/2024\/08\/image-121-300x150.png","medium_large":"https:\/\/maranhaotv.com.br\/wp-content\/uploads\/2024\/08\/image-121-768x384.png","large":"https:\/\/maranhaotv.com.br\/wp-content\/uploads\/2024\/08\/image-121.png","1536x1536":"https:\/\/maranhaotv.com.br\/wp-content\/uploads\/2024\/08\/image-121.png","2048x2048":"https:\/\/maranhaotv.com.br\/wp-content\/uploads\/2024\/08\/image-121.png","colormag-highlighted-post":"https:\/\/maranhaotv.com.br\/wp-content\/uploads\/2024\/08\/image-121-392x272.png","colormag-featured-post-medium":"https:\/\/maranhaotv.com.br\/wp-content\/uploads\/2024\/08\/image-121-390x205.png","colormag-featured-post-small":"https:\/\/maranhaotv.com.br\/wp-content\/uploads\/2024\/08\/image-121-130x90.png","colormag-featured-image":"https:\/\/maranhaotv.com.br\/wp-content\/uploads\/2024\/08\/image-121-800x445.png","colormag-default-news":"https:\/\/maranhaotv.com.br\/wp-content\/uploads\/2024\/08\/image-121-150x150.png","colormag-featured-image-large":"https:\/\/maranhaotv.com.br\/wp-content\/uploads\/2024\/08\/image-121.png"},"magazineBlocksPostAuthor":{"name":"maranhaotv","avatar":"https:\/\/secure.gravatar.com\/avatar\/8fadbca458d4cb68b1dd399ae9a40618d747bb1af65ac9fad21c89220a143eb4?s=96&d=mm&r=g"},"magazineBlocksPostCommentsNumber":"0","magazineBlocksPostExcerpt":"Os documentos apresentados pelo prefeito Eduardo Braide (PSD) no Requerimento de Registro de Candidatura (RRC) feito \u00e0 Justi\u00e7a Eleitoral, para","magazineBlocksPostCategories":["not\u00edcias"],"magazineBlocksPostViewCount":232,"magazineBlocksPostReadTime":2,"magazine_blocks_featured_image_url":{"full":["https:\/\/maranhaotv.com.br\/wp-content\/uploads\/2024\/08\/image-121.png",896,448,false],"medium":["https:\/\/maranhaotv.com.br\/wp-content\/uploads\/2024\/08\/image-121-300x150.png",300,150,true],"thumbnail":["https:\/\/maranhaotv.com.br\/wp-content\/uploads\/2024\/08\/image-121-150x150.png",150,150,true]},"magazine_blocks_author":{"display_name":"maranhaotv","author_link":"https:\/\/maranhaotv.com.br\/index.php\/author\/maranhaotv\/"},"magazine_blocks_comment":0,"magazine_blocks_author_image":"https:\/\/secure.gravatar.com\/avatar\/8fadbca458d4cb68b1dd399ae9a40618d747bb1af65ac9fad21c89220a143eb4?s=96&d=mm&r=g","magazine_blocks_category":"<a href=\"#\" class=\"category-link category-link-2\">not\u00edcias<\/a>","yoast_head":"<!-- This site is optimized with the Yoast SEO plugin v27.4 - https:\/\/yoast.com\/product\/yoast-seo-wordpress\/ -->\n<title>Certid\u00f5es apresentadas por Braide para disputa em S\u00e3o Lu\u00eds revelam problemas com a Justi\u00e7a - NOT\u00cdCIAS EM TEMPO REAL<\/title>\n<meta name=\"robots\" content=\"index, follow, max-snippet:-1, max-image-preview:large, max-video-preview:-1\" \/>\n<link rel=\"canonical\" href=\"https:\/\/maranhaotv.com.br\/index.php\/2024\/08\/16\/certidoes-apresentadas-por-braide-para-disputa-em-sao-luis-revelam-problemas-com-a-justica\/\" \/>\n<meta property=\"og:locale\" content=\"pt_BR\" \/>\n<meta property=\"og:type\" content=\"article\" \/>\n<meta property=\"og:title\" content=\"Certid\u00f5es apresentadas por Braide para disputa em S\u00e3o Lu\u00eds revelam problemas com a Justi\u00e7a - NOT\u00cdCIAS EM TEMPO REAL\" \/>\n<meta property=\"og:description\" content=\"Os documentos apresentados pelo prefeito Eduardo Braide (PSD) no Requerimento de Registro de Candidatura (RRC) feito \u00e0 Justi\u00e7a Eleitoral, para\" \/>\n<meta property=\"og:url\" content=\"https:\/\/maranhaotv.com.br\/index.php\/2024\/08\/16\/certidoes-apresentadas-por-braide-para-disputa-em-sao-luis-revelam-problemas-com-a-justica\/\" \/>\n<meta property=\"og:site_name\" content=\"NOT\u00cdCIAS EM TEMPO REAL\" \/>\n<meta property=\"article:publisher\" content=\"https:\/\/www.facebook.com\/maiobaotv\" \/>\n<meta property=\"article:published_time\" content=\"2024-08-16T19:17:11+00:00\" \/>\n<meta property=\"article:modified_time\" content=\"2024-08-16T19:17:14+00:00\" \/>\n<meta property=\"og:image\" content=\"https:\/\/maranhaotv.com.br\/wp-content\/uploads\/2024\/08\/image-121.png\" \/>\n\t<meta property=\"og:image:width\" content=\"896\" \/>\n\t<meta property=\"og:image:height\" content=\"448\" \/>\n\t<meta property=\"og:image:type\" content=\"image\/png\" \/>\n<meta name=\"author\" content=\"maranhaotv\" \/>\n<meta name=\"twitter:card\" content=\"summary_large_image\" \/>\n<meta name=\"twitter:creator\" content=\"@sitemaranhaotv\" \/>\n<meta name=\"twitter:site\" content=\"@sitemaranhaotv\" \/>\n<meta name=\"twitter:label1\" content=\"Escrito por\" \/>\n\t<meta name=\"twitter:data1\" content=\"maranhaotv\" \/>\n\t<meta name=\"twitter:label2\" content=\"Est. tempo de leitura\" \/>\n\t<meta name=\"twitter:data2\" content=\"1 minuto\" \/>\n<script type=\"application\/ld+json\" class=\"yoast-schema-graph\">{\"@context\":\"https:\\\/\\\/schema.org\",\"@graph\":[{\"@type\":\"Article\",\"@id\":\"https:\\\/\\\/maranhaotv.com.br\\\/index.php\\\/2024\\\/08\\\/16\\\/certidoes-apresentadas-por-braide-para-disputa-em-sao-luis-revelam-problemas-com-a-justica\\\/#article\",\"isPartOf\":{\"@id\":\"https:\\\/\\\/maranhaotv.com.br\\\/index.php\\\/2024\\\/08\\\/16\\\/certidoes-apresentadas-por-braide-para-disputa-em-sao-luis-revelam-problemas-com-a-justica\\\/\"},\"author\":{\"name\":\"maranhaotv\",\"@id\":\"https:\\\/\\\/maranhaotv.com.br\\\/#\\\/schema\\\/person\\\/3d54238e86b20bb5c89ab2fdb8f8829a\"},\"headline\":\"Certid\u00f5es apresentadas por Braide para disputa em S\u00e3o Lu\u00eds revelam problemas com a Justi\u00e7a\",\"datePublished\":\"2024-08-16T19:17:11+00:00\",\"dateModified\":\"2024-08-16T19:17:14+00:00\",\"mainEntityOfPage\":{\"@id\":\"https:\\\/\\\/maranhaotv.com.br\\\/index.php\\\/2024\\\/08\\\/16\\\/certidoes-apresentadas-por-braide-para-disputa-em-sao-luis-revelam-problemas-com-a-justica\\\/\"},\"wordCount\":249,\"commentCount\":0,\"publisher\":{\"@id\":\"https:\\\/\\\/maranhaotv.com.br\\\/#organization\"},\"image\":{\"@id\":\"https:\\\/\\\/maranhaotv.com.br\\\/index.php\\\/2024\\\/08\\\/16\\\/certidoes-apresentadas-por-braide-para-disputa-em-sao-luis-revelam-problemas-com-a-justica\\\/#primaryimage\"},\"thumbnailUrl\":\"https:\\\/\\\/maranhaotv.com.br\\\/wp-content\\\/uploads\\\/2024\\\/08\\\/image-121.png\",\"articleSection\":[\"not\u00edcias\"],\"inLanguage\":\"pt-BR\",\"potentialAction\":[{\"@type\":\"CommentAction\",\"name\":\"Comment\",\"target\":[\"https:\\\/\\\/maranhaotv.com.br\\\/index.php\\\/2024\\\/08\\\/16\\\/certidoes-apresentadas-por-braide-para-disputa-em-sao-luis-revelam-problemas-com-a-justica\\\/#respond\"]}]},{\"@type\":\"WebPage\",\"@id\":\"https:\\\/\\\/maranhaotv.com.br\\\/index.php\\\/2024\\\/08\\\/16\\\/certidoes-apresentadas-por-braide-para-disputa-em-sao-luis-revelam-problemas-com-a-justica\\\/\",\"url\":\"https:\\\/\\\/maranhaotv.com.br\\\/index.php\\\/2024\\\/08\\\/16\\\/certidoes-apresentadas-por-braide-para-disputa-em-sao-luis-revelam-problemas-com-a-justica\\\/\",\"name\":\"Certid\u00f5es apresentadas por Braide para disputa em S\u00e3o Lu\u00eds revelam problemas com a Justi\u00e7a - NOT\u00cdCIAS EM TEMPO REAL\",\"isPartOf\":{\"@id\":\"https:\\\/\\\/maranhaotv.com.br\\\/#website\"},\"primaryImageOfPage\":{\"@id\":\"https:\\\/\\\/maranhaotv.com.br\\\/index.php\\\/2024\\\/08\\\/16\\\/certidoes-apresentadas-por-braide-para-disputa-em-sao-luis-revelam-problemas-com-a-justica\\\/#primaryimage\"},\"image\":{\"@id\":\"https:\\\/\\\/maranhaotv.com.br\\\/index.php\\\/2024\\\/08\\\/16\\\/certidoes-apresentadas-por-braide-para-disputa-em-sao-luis-revelam-problemas-com-a-justica\\\/#primaryimage\"},\"thumbnailUrl\":\"https:\\\/\\\/maranhaotv.com.br\\\/wp-content\\\/uploads\\\/2024\\\/08\\\/image-121.png\",\"datePublished\":\"2024-08-16T19:17:11+00:00\",\"dateModified\":\"2024-08-16T19:17:14+00:00\",\"breadcrumb\":{\"@id\":\"https:\\\/\\\/maranhaotv.com.br\\\/index.php\\\/2024\\\/08\\\/16\\\/certidoes-apresentadas-por-braide-para-disputa-em-sao-luis-revelam-problemas-com-a-justica\\\/#breadcrumb\"},\"inLanguage\":\"pt-BR\",\"potentialAction\":[{\"@type\":\"ReadAction\",\"target\":[\"https:\\\/\\\/maranhaotv.com.br\\\/index.php\\\/2024\\\/08\\\/16\\\/certidoes-apresentadas-por-braide-para-disputa-em-sao-luis-revelam-problemas-com-a-justica\\\/\"]}]},{\"@type\":\"ImageObject\",\"inLanguage\":\"pt-BR\",\"@id\":\"https:\\\/\\\/maranhaotv.com.br\\\/index.php\\\/2024\\\/08\\\/16\\\/certidoes-apresentadas-por-braide-para-disputa-em-sao-luis-revelam-problemas-com-a-justica\\\/#primaryimage\",\"url\":\"https:\\\/\\\/maranhaotv.com.br\\\/wp-content\\\/uploads\\\/2024\\\/08\\\/image-121.png\",\"contentUrl\":\"https:\\\/\\\/maranhaotv.com.br\\\/wp-content\\\/uploads\\\/2024\\\/08\\\/image-121.png\",\"width\":896,\"height\":448},{\"@type\":\"BreadcrumbList\",\"@id\":\"https:\\\/\\\/maranhaotv.com.br\\\/index.php\\\/2024\\\/08\\\/16\\\/certidoes-apresentadas-por-braide-para-disputa-em-sao-luis-revelam-problemas-com-a-justica\\\/#breadcrumb\",\"itemListElement\":[{\"@type\":\"ListItem\",\"position\":1,\"name\":\"In\u00edcio\",\"item\":\"https:\\\/\\\/maranhaotv.com.br\\\/\"},{\"@type\":\"ListItem\",\"position\":2,\"name\":\"Certid\u00f5es apresentadas por Braide para disputa em S\u00e3o Lu\u00eds revelam problemas com a Justi\u00e7a\"}]},{\"@type\":\"WebSite\",\"@id\":\"https:\\\/\\\/maranhaotv.com.br\\\/#website\",\"url\":\"https:\\\/\\\/maranhaotv.com.br\\\/\",\"name\":\"Maranh\u00e3oTV\",\"description\":\"\",\"publisher\":{\"@id\":\"https:\\\/\\\/maranhaotv.com.br\\\/#organization\"},\"potentialAction\":[{\"@type\":\"SearchAction\",\"target\":{\"@type\":\"EntryPoint\",\"urlTemplate\":\"https:\\\/\\\/maranhaotv.com.br\\\/?s={search_term_string}\"},\"query-input\":{\"@type\":\"PropertyValueSpecification\",\"valueRequired\":true,\"valueName\":\"search_term_string\"}}],\"inLanguage\":\"pt-BR\"},{\"@type\":\"Organization\",\"@id\":\"https:\\\/\\\/maranhaotv.com.br\\\/#organization\",\"name\":\"Portal de Not\u00edcias\",\"url\":\"https:\\\/\\\/maranhaotv.com.br\\\/\",\"logo\":{\"@type\":\"ImageObject\",\"inLanguage\":\"pt-BR\",\"@id\":\"https:\\\/\\\/maranhaotv.com.br\\\/#\\\/schema\\\/logo\\\/image\\\/\",\"url\":\"https:\\\/\\\/maranhaotv.com.br\\\/wp-content\\\/uploads\\\/2024\\\/05\\\/cropped-cropped-avatar-1.png\",\"contentUrl\":\"https:\\\/\\\/maranhaotv.com.br\\\/wp-content\\\/uploads\\\/2024\\\/05\\\/cropped-cropped-avatar-1.png\",\"width\":792,\"height\":428,\"caption\":\"Portal de Not\u00edcias\"},\"image\":{\"@id\":\"https:\\\/\\\/maranhaotv.com.br\\\/#\\\/schema\\\/logo\\\/image\\\/\"},\"sameAs\":[\"https:\\\/\\\/www.facebook.com\\\/maiobaotv\",\"https:\\\/\\\/x.com\\\/sitemaranhaotv\",\"https:\\\/\\\/www.instagram.com\\\/maranhao.tv\",\"https:\\\/\\\/www.threads.net\\\/@maranhao.tv\"]},{\"@type\":\"Person\",\"@id\":\"https:\\\/\\\/maranhaotv.com.br\\\/#\\\/schema\\\/person\\\/3d54238e86b20bb5c89ab2fdb8f8829a\",\"name\":\"maranhaotv\",\"image\":{\"@type\":\"ImageObject\",\"inLanguage\":\"pt-BR\",\"@id\":\"https:\\\/\\\/secure.gravatar.com\\\/avatar\\\/8fadbca458d4cb68b1dd399ae9a40618d747bb1af65ac9fad21c89220a143eb4?s=96&d=mm&r=g\",\"url\":\"https:\\\/\\\/secure.gravatar.com\\\/avatar\\\/8fadbca458d4cb68b1dd399ae9a40618d747bb1af65ac9fad21c89220a143eb4?s=96&d=mm&r=g\",\"contentUrl\":\"https:\\\/\\\/secure.gravatar.com\\\/avatar\\\/8fadbca458d4cb68b1dd399ae9a40618d747bb1af65ac9fad21c89220a143eb4?s=96&d=mm&r=g\",\"caption\":\"maranhaotv\"},\"sameAs\":[\"https:\\\/\\\/maranhaotv.com.br\\\/\"],\"url\":\"https:\\\/\\\/maranhaotv.com.br\\\/index.php\\\/author\\\/maranhaotv\\\/\"}]}<\/script>\n<!-- \/ Yoast SEO plugin. -->","yoast_head_json":{"title":"Certid\u00f5es apresentadas por Braide para disputa em S\u00e3o Lu\u00eds revelam problemas com a Justi\u00e7a - NOT\u00cdCIAS EM TEMPO REAL","robots":{"index":"index","follow":"follow","max-snippet":"max-snippet:-1","max-image-preview":"max-image-preview:large","max-video-preview":"max-video-preview:-1"},"canonical":"https:\/\/maranhaotv.com.br\/index.php\/2024\/08\/16\/certidoes-apresentadas-por-braide-para-disputa-em-sao-luis-revelam-problemas-com-a-justica\/","og_locale":"pt_BR","og_type":"article","og_title":"Certid\u00f5es apresentadas por Braide para disputa em S\u00e3o Lu\u00eds revelam problemas com a Justi\u00e7a - NOT\u00cdCIAS EM TEMPO REAL","og_description":"Os documentos apresentados pelo prefeito Eduardo Braide (PSD) no Requerimento de Registro de Candidatura (RRC) feito \u00e0 Justi\u00e7a Eleitoral, para","og_url":"https:\/\/maranhaotv.com.br\/index.php\/2024\/08\/16\/certidoes-apresentadas-por-braide-para-disputa-em-sao-luis-revelam-problemas-com-a-justica\/","og_site_name":"NOT\u00cdCIAS EM TEMPO REAL","article_publisher":"https:\/\/www.facebook.com\/maiobaotv","article_published_time":"2024-08-16T19:17:11+00:00","article_modified_time":"2024-08-16T19:17:14+00:00","og_image":[{"width":896,"height":448,"url":"https:\/\/maranhaotv.com.br\/wp-content\/uploads\/2024\/08\/image-121.png","type":"image\/png"}],"author":"maranhaotv","twitter_card":"summary_large_image","twitter_creator":"@sitemaranhaotv","twitter_site":"@sitemaranhaotv","twitter_misc":{"Escrito por":"maranhaotv","Est. tempo de leitura":"1 minuto"},"schema":{"@context":"https:\/\/schema.org","@graph":[{"@type":"Article","@id":"https:\/\/maranhaotv.com.br\/index.php\/2024\/08\/16\/certidoes-apresentadas-por-braide-para-disputa-em-sao-luis-revelam-problemas-com-a-justica\/#article","isPartOf":{"@id":"https:\/\/maranhaotv.com.br\/index.php\/2024\/08\/16\/certidoes-apresentadas-por-braide-para-disputa-em-sao-luis-revelam-problemas-com-a-justica\/"},"author":{"name":"maranhaotv","@id":"https:\/\/maranhaotv.com.br\/#\/schema\/person\/3d54238e86b20bb5c89ab2fdb8f8829a"},"headline":"Certid\u00f5es apresentadas por Braide para disputa em S\u00e3o Lu\u00eds revelam problemas com a Justi\u00e7a","datePublished":"2024-08-16T19:17:11+00:00","dateModified":"2024-08-16T19:17:14+00:00","mainEntityOfPage":{"@id":"https:\/\/maranhaotv.com.br\/index.php\/2024\/08\/16\/certidoes-apresentadas-por-braide-para-disputa-em-sao-luis-revelam-problemas-com-a-justica\/"},"wordCount":249,"commentCount":0,"publisher":{"@id":"https:\/\/maranhaotv.com.br\/#organization"},"image":{"@id":"https:\/\/maranhaotv.com.br\/index.php\/2024\/08\/16\/certidoes-apresentadas-por-braide-para-disputa-em-sao-luis-revelam-problemas-com-a-justica\/#primaryimage"},"thumbnailUrl":"https:\/\/maranhaotv.com.br\/wp-content\/uploads\/2024\/08\/image-121.png","articleSection":["not\u00edcias"],"inLanguage":"pt-BR","potentialAction":[{"@type":"CommentAction","name":"Comment","target":["https:\/\/maranhaotv.com.br\/index.php\/2024\/08\/16\/certidoes-apresentadas-por-braide-para-disputa-em-sao-luis-revelam-problemas-com-a-justica\/#respond"]}]},{"@type":"WebPage","@id":"https:\/\/maranhaotv.com.br\/index.php\/2024\/08\/16\/certidoes-apresentadas-por-braide-para-disputa-em-sao-luis-revelam-problemas-com-a-justica\/","url":"https:\/\/maranhaotv.com.br\/index.php\/2024\/08\/16\/certidoes-apresentadas-por-braide-para-disputa-em-sao-luis-revelam-problemas-com-a-justica\/","name":"Certid\u00f5es apresentadas por Braide para disputa em S\u00e3o Lu\u00eds revelam problemas com a Justi\u00e7a - NOT\u00cdCIAS EM TEMPO REAL","isPartOf":{"@id":"https:\/\/maranhaotv.com.br\/#website"},"primaryImageOfPage":{"@id":"https:\/\/maranhaotv.com.br\/index.php\/2024\/08\/16\/certidoes-apresentadas-por-braide-para-disputa-em-sao-luis-revelam-problemas-com-a-justica\/#primaryimage"},"image":{"@id":"https:\/\/maranhaotv.com.br\/index.php\/2024\/08\/16\/certidoes-apresentadas-por-braide-para-disputa-em-sao-luis-revelam-problemas-com-a-justica\/#primaryimage"},"thumbnailUrl":"https:\/\/maranhaotv.com.br\/wp-content\/uploads\/2024\/08\/image-121.png","datePublished":"2024-08-16T19:17:11+00:00","dateModified":"2024-08-16T19:17:14+00:00","breadcrumb":{"@id":"https:\/\/maranhaotv.com.br\/index.php\/2024\/08\/16\/certidoes-apresentadas-por-braide-para-disputa-em-sao-luis-revelam-problemas-com-a-justica\/#breadcrumb"},"inLanguage":"pt-BR","potentialAction":[{"@type":"ReadAction","target":["https:\/\/maranhaotv.com.br\/index.php\/2024\/08\/16\/certidoes-apresentadas-por-braide-para-disputa-em-sao-luis-revelam-problemas-com-a-justica\/"]}]},{"@type":"ImageObject","inLanguage":"pt-BR","@id":"https:\/\/maranhaotv.com.br\/index.php\/2024\/08\/16\/certidoes-apresentadas-por-braide-para-disputa-em-sao-luis-revelam-problemas-com-a-justica\/#primaryimage","url":"https:\/\/maranhaotv.com.br\/wp-content\/uploads\/2024\/08\/image-121.png","contentUrl":"https:\/\/maranhaotv.com.br\/wp-content\/uploads\/2024\/08\/image-121.png","width":896,"height":448},{"@type":"BreadcrumbList","@id":"https:\/\/maranhaotv.com.br\/index.php\/2024\/08\/16\/certidoes-apresentadas-por-braide-para-disputa-em-sao-luis-revelam-problemas-com-a-justica\/#breadcrumb","itemListElement":[{"@type":"ListItem","position":1,"name":"In\u00edcio","item":"https:\/\/maranhaotv.com.br\/"},{"@type":"ListItem","position":2,"name":"Certid\u00f5es apresentadas por Braide para disputa em S\u00e3o Lu\u00eds revelam problemas com a Justi\u00e7a"}]},{"@type":"WebSite","@id":"https:\/\/maranhaotv.com.br\/#website","url":"https:\/\/maranhaotv.com.br\/","name":"Maranh\u00e3oTV","description":"","publisher":{"@id":"https:\/\/maranhaotv.com.br\/#organization"},"potentialAction":[{"@type":"SearchAction","target":{"@type":"EntryPoint","urlTemplate":"https:\/\/maranhaotv.com.br\/?s={search_term_string}"},"query-input":{"@type":"PropertyValueSpecification","valueRequired":true,"valueName":"search_term_string"}}],"inLanguage":"pt-BR"},{"@type":"Organization","@id":"https:\/\/maranhaotv.com.br\/#organization","name":"Portal de Not\u00edcias","url":"https:\/\/maranhaotv.com.br\/","logo":{"@type":"ImageObject","inLanguage":"pt-BR","@id":"https:\/\/maranhaotv.com.br\/#\/schema\/logo\/image\/","url":"https:\/\/maranhaotv.com.br\/wp-content\/uploads\/2024\/05\/cropped-cropped-avatar-1.png","contentUrl":"https:\/\/maranhaotv.com.br\/wp-content\/uploads\/2024\/05\/cropped-cropped-avatar-1.png","width":792,"height":428,"caption":"Portal de Not\u00edcias"},"image":{"@id":"https:\/\/maranhaotv.com.br\/#\/schema\/logo\/image\/"},"sameAs":["https:\/\/www.facebook.com\/maiobaotv","https:\/\/x.com\/sitemaranhaotv","https:\/\/www.instagram.com\/maranhao.tv","https:\/\/www.threads.net\/@maranhao.tv"]},{"@type":"Person","@id":"https:\/\/maranhaotv.com.br\/#\/schema\/person\/3d54238e86b20bb5c89ab2fdb8f8829a","name":"maranhaotv","image":{"@type":"ImageObject","inLanguage":"pt-BR","@id":"https:\/\/secure.gravatar.com\/avatar\/8fadbca458d4cb68b1dd399ae9a40618d747bb1af65ac9fad21c89220a143eb4?s=96&d=mm&r=g","url":"https:\/\/secure.gravatar.com\/avatar\/8fadbca458d4cb68b1dd399ae9a40618d747bb1af65ac9fad21c89220a143eb4?s=96&d=mm&r=g","contentUrl":"https:\/\/secure.gravatar.com\/avatar\/8fadbca458d4cb68b1dd399ae9a40618d747bb1af65ac9fad21c89220a143eb4?s=96&d=mm&r=g","caption":"maranhaotv"},"sameAs":["https:\/\/maranhaotv.com.br\/"],"url":"https:\/\/maranhaotv.com.br\/index.php\/author\/maranhaotv\/"}]}},"jetpack_featured_media_url":"https:\/\/maranhaotv.com.br\/wp-content\/uploads\/2024\/08\/image-121.png","jetpack_sharing_enabled":true,"_links":{"self":[{"href":"https:\/\/maranhaotv.com.br\/index.php\/wp-json\/wp\/v2\/posts\/37249","targetHints":{"allow":["GET"]}}],"collection":[{"href":"https:\/\/maranhaotv.com.br\/index.php\/wp-json\/wp\/v2\/posts"}],"about":[{"href":"https:\/\/maranhaotv.com.br\/index.php\/wp-json\/wp\/v2\/types\/post"}],"author":[{"embeddable":true,"href":"https:\/\/maranhaotv.com.br\/index.php\/wp-json\/wp\/v2\/users\/2"}],"replies":[{"embeddable":true,"href":"https:\/\/maranhaotv.com.br\/index.php\/wp-json\/wp\/v2\/comments?post=37249"}],"version-history":[{"count":1,"href":"https:\/\/maranhaotv.com.br\/index.php\/wp-json\/wp\/v2\/posts\/37249\/revisions"}],"predecessor-version":[{"id":37250,"href":"https:\/\/maranhaotv.com.br\/index.php\/wp-json\/wp\/v2\/posts\/37249\/revisions\/37250"}],"wp:featuredmedia":[{"embeddable":true,"href":"https:\/\/maranhaotv.com.br\/index.php\/wp-json\/wp\/v2\/media\/37248"}],"wp:attachment":[{"href":"https:\/\/maranhaotv.com.br\/index.php\/wp-json\/wp\/v2\/media?parent=37249"}],"wp:term":[{"taxonomy":"category","embeddable":true,"href":"https:\/\/maranhaotv.com.br\/index.php\/wp-json\/wp\/v2\/categories?post=37249"},{"taxonomy":"post_tag","embeddable":true,"href":"https:\/\/maranhaotv.com.br\/index.php\/wp-json\/wp\/v2\/tags?post=37249"}],"curies":[{"name":"wp","href":"https:\/\/api.w.org\/{rel}","templated":true}]}}