{"id":37274,"date":"2024-08-18T16:08:44","date_gmt":"2024-08-18T19:08:44","guid":{"rendered":"https:\/\/maranhaotv.com.br\/?p=37274"},"modified":"2024-08-18T16:08:49","modified_gmt":"2024-08-18T19:08:49","slug":"dr-julinho-e-natercio-santos-arrastam-multidao-em-grande-caminhada-na-sede-de-sao-jose-de-ribamar","status":"publish","type":"post","link":"https:\/\/maranhaotv.com.br\/index.php\/2024\/08\/18\/dr-julinho-e-natercio-santos-arrastam-multidao-em-grande-caminhada-na-sede-de-sao-jose-de-ribamar\/","title":{"rendered":"Dr.Julinho e Natercio Santos arrastam multid\u00e3o em grande caminhada na sede de S\u00e3o Jos\u00e9 de Ribamar"},"content":{"rendered":"\n<p> <br><br><br>Na noite de ontem, 17 de Agosto, S\u00e3o Jos\u00e9 de Ribamar parou com a primeira caminhada do prefeito da cidade e candidato a reelei\u00e7\u00e3o Dr.Julinho. Acompanhado de seu candidato a vice, Natercio Santos(Uni\u00e3o Brasil), que com muito carisma j\u00e1 caiu nas gra\u00e7as do povo, o atual prefeito e candidato a reelei\u00e7\u00e3o Dr.Julinho, conseguiu arrastar multid\u00e3o de apoiadores, que caminharam ao seu lado da pra\u00e7a do Outeiro at\u00e9 a pra\u00e7a do Cruzeiro, demonstrar for\u00e7a e uni\u00e3o em prol de sua candidatura. <br><br>A presen\u00e7a expressiva da popula\u00e7\u00e3o n\u00e3o apenas evidenciou a satisfa\u00e7\u00e3o dos moradores com a administra\u00e7\u00e3o, mas tamb\u00e9m refor\u00e7ou o compromisso do prefeito com o desenvolvimento de S\u00e3o Jos\u00e9 de Ribamar. O discurso do gestor foi inspirado em todo trabalho j\u00e1 realizado e no compromisso de manter o progresso. <br><br>\u201cMeus amigos, muito obrigado pelo carinho e apoio de voc\u00eas, pela dedica\u00e7\u00e3o em nossa caminhada e pela garra de continuar lutando por uma S\u00e3o Jos\u00e9 de Ribamar melhor. J\u00e1 trabalhamos muito por essa cidade, temos trabalho na educa\u00e7\u00e3o, sa\u00fade, infraestrutura, regulariza\u00e7\u00e3o fundi\u00e1ria, arrecada\u00e7\u00e3o, cultura, esporte, seguran\u00e7a publica e meio ambiente. Estamos s\u00f3 come\u00e7ando, n\u00e3o iremos parar, a mudan\u00e7a em S\u00e3o Jos\u00e9 de Ribamar n\u00e3o pode parar !\u201d, declarou Julinho. <br><br>Com essa demonstra\u00e7\u00e3o de apoio, o prefeito se fortalece na corrida eleitoral, ciente de que sua responsabilidade \u00e9 ainda maior. O anseio por mais desenvolvimento e qualidade de vida para todos refor\u00e7a a import\u00e2ncia da sua reelei\u00e7\u00e3o, e a caminhada se consolidou como um marco na campanha, trazendo ainda mais motiva\u00e7\u00e3o para enfrentar os desafios que est\u00e3o por vir.<\/p>\n\n\n\n<figure class=\"wp-block-image size-large\"><img loading=\"lazy\" decoding=\"async\" width=\"768\" height=\"1024\" src=\"https:\/\/maranhaotv.com.br\/wp-content\/uploads\/2024\/08\/img-20240818-wa03319049297194731158725-768x1024.jpg\" alt=\"\" class=\"wp-image-37272\" srcset=\"https:\/\/maranhaotv.com.br\/wp-content\/uploads\/2024\/08\/img-20240818-wa03319049297194731158725-768x1024.jpg 768w, https:\/\/maranhaotv.com.br\/wp-content\/uploads\/2024\/08\/img-20240818-wa03319049297194731158725-225x300.jpg 225w, https:\/\/maranhaotv.com.br\/wp-content\/uploads\/2024\/08\/img-20240818-wa03319049297194731158725-1152x1536.jpg 1152w, https:\/\/maranhaotv.com.br\/wp-content\/uploads\/2024\/08\/img-20240818-wa03319049297194731158725.jpg 1200w\" sizes=\"auto, (max-width: 768px) 100vw, 768px\" \/><\/figure>\n","protected":false},"excerpt":{"rendered":"<p>Na noite de ontem, 17 de Agosto, S\u00e3o Jos\u00e9 de Ribamar parou com a primeira caminhada do prefeito da cidade<\/p>\n","protected":false},"author":2,"featured_media":37273,"comment_status":"open","ping_status":"open","sticky":false,"template":"","format":"standard","meta":{"colormag_page_container_layout":"default_layout","colormag_page_sidebar_layout":"default_layout","_jetpack_memberships_contains_paid_content":false,"footnotes":""},"categories":[6],"tags":[],"class_list":["post-37274","post","type-post","status-publish","format-standard","has-post-thumbnail","hentry","category-politica"],"magazineBlocksPostFeaturedMedia":{"thumbnail":"https:\/\/maranhaotv.com.br\/wp-content\/uploads\/2024\/08\/image_editor_output_image-1646986868-1724008110870-150x150.jpg","medium":"https:\/\/maranhaotv.com.br\/wp-content\/uploads\/2024\/08\/image_editor_output_image-1646986868-1724008110870-300x224.jpg","medium_large":"https:\/\/maranhaotv.com.br\/wp-content\/uploads\/2024\/08\/image_editor_output_image-1646986868-1724008110870.jpg","large":"https:\/\/maranhaotv.com.br\/wp-content\/uploads\/2024\/08\/image_editor_output_image-1646986868-1724008110870.jpg","1536x1536":"https:\/\/maranhaotv.com.br\/wp-content\/uploads\/2024\/08\/image_editor_output_image-1646986868-1724008110870.jpg","2048x2048":"https:\/\/maranhaotv.com.br\/wp-content\/uploads\/2024\/08\/image_editor_output_image-1646986868-1724008110870.jpg","colormag-highlighted-post":"https:\/\/maranhaotv.com.br\/wp-content\/uploads\/2024\/08\/image_editor_output_image-1646986868-1724008110870-392x272.jpg","colormag-featured-post-medium":"https:\/\/maranhaotv.com.br\/wp-content\/uploads\/2024\/08\/image_editor_output_image-1646986868-1724008110870-390x205.jpg","colormag-featured-post-small":"https:\/\/maranhaotv.com.br\/wp-content\/uploads\/2024\/08\/image_editor_output_image-1646986868-1724008110870-130x90.jpg","colormag-featured-image":"https:\/\/maranhaotv.com.br\/wp-content\/uploads\/2024\/08\/image_editor_output_image-1646986868-1724008110870-766x445.jpg","colormag-default-news":"https:\/\/maranhaotv.com.br\/wp-content\/uploads\/2024\/08\/image_editor_output_image-1646986868-1724008110870-150x150.jpg","colormag-featured-image-large":"https:\/\/maranhaotv.com.br\/wp-content\/uploads\/2024\/08\/image_editor_output_image-1646986868-1724008110870.jpg"},"magazineBlocksPostAuthor":{"name":"maranhaotv","avatar":"https:\/\/secure.gravatar.com\/avatar\/8fadbca458d4cb68b1dd399ae9a40618d747bb1af65ac9fad21c89220a143eb4?s=96&d=mm&r=g"},"magazineBlocksPostCommentsNumber":"0","magazineBlocksPostExcerpt":"Na noite de ontem, 17 de Agosto, S\u00e3o Jos\u00e9 de Ribamar parou com a primeira caminhada do prefeito da cidade","magazineBlocksPostCategories":["pol\u00edtica"],"magazineBlocksPostViewCount":334,"magazineBlocksPostReadTime":2,"magazine_blocks_featured_image_url":{"full":["https:\/\/maranhaotv.com.br\/wp-content\/uploads\/2024\/08\/image_editor_output_image-1646986868-1724008110870.jpg",766,572,false],"medium":["https:\/\/maranhaotv.com.br\/wp-content\/uploads\/2024\/08\/image_editor_output_image-1646986868-1724008110870-300x224.jpg",300,224,true],"thumbnail":["https:\/\/maranhaotv.com.br\/wp-content\/uploads\/2024\/08\/image_editor_output_image-1646986868-1724008110870-150x150.jpg",150,150,true]},"magazine_blocks_author":{"display_name":"maranhaotv","author_link":"https:\/\/maranhaotv.com.br\/index.php\/author\/maranhaotv\/"},"magazine_blocks_comment":0,"magazine_blocks_author_image":"https:\/\/secure.gravatar.com\/avatar\/8fadbca458d4cb68b1dd399ae9a40618d747bb1af65ac9fad21c89220a143eb4?s=96&d=mm&r=g","magazine_blocks_category":"<a href=\"#\" class=\"category-link category-link-6\">pol\u00edtica<\/a>","yoast_head":"<!-- This site is optimized with the Yoast SEO plugin v27.4 - https:\/\/yoast.com\/product\/yoast-seo-wordpress\/ -->\n<title>Dr.Julinho e Natercio Santos arrastam multid\u00e3o em grande caminhada na sede de S\u00e3o Jos\u00e9 de Ribamar - NOT\u00cdCIAS EM TEMPO REAL<\/title>\n<meta name=\"robots\" content=\"index, follow, max-snippet:-1, max-image-preview:large, max-video-preview:-1\" \/>\n<link rel=\"canonical\" href=\"https:\/\/maranhaotv.com.br\/index.php\/2024\/08\/18\/dr-julinho-e-natercio-santos-arrastam-multidao-em-grande-caminhada-na-sede-de-sao-jose-de-ribamar\/\" \/>\n<meta property=\"og:locale\" content=\"pt_BR\" \/>\n<meta property=\"og:type\" content=\"article\" \/>\n<meta property=\"og:title\" content=\"Dr.Julinho e Natercio Santos arrastam multid\u00e3o em grande caminhada na sede de S\u00e3o Jos\u00e9 de Ribamar - NOT\u00cdCIAS EM TEMPO REAL\" \/>\n<meta property=\"og:description\" content=\"Na noite de ontem, 17 de Agosto, S\u00e3o Jos\u00e9 de Ribamar parou com a primeira caminhada do prefeito da cidade\" \/>\n<meta property=\"og:url\" content=\"https:\/\/maranhaotv.com.br\/index.php\/2024\/08\/18\/dr-julinho-e-natercio-santos-arrastam-multidao-em-grande-caminhada-na-sede-de-sao-jose-de-ribamar\/\" \/>\n<meta property=\"og:site_name\" content=\"NOT\u00cdCIAS EM TEMPO REAL\" \/>\n<meta property=\"article:publisher\" content=\"https:\/\/www.facebook.com\/maiobaotv\" \/>\n<meta property=\"article:published_time\" content=\"2024-08-18T19:08:44+00:00\" \/>\n<meta property=\"article:modified_time\" content=\"2024-08-18T19:08:49+00:00\" \/>\n<meta property=\"og:image\" content=\"https:\/\/maranhaotv.com.br\/wp-content\/uploads\/2024\/08\/image_editor_output_image-1646986868-1724008110870.jpg\" \/>\n\t<meta property=\"og:image:width\" content=\"766\" \/>\n\t<meta property=\"og:image:height\" content=\"572\" \/>\n\t<meta property=\"og:image:type\" content=\"image\/jpeg\" \/>\n<meta name=\"author\" content=\"maranhaotv\" \/>\n<meta name=\"twitter:card\" content=\"summary_large_image\" \/>\n<meta name=\"twitter:creator\" content=\"@sitemaranhaotv\" \/>\n<meta name=\"twitter:site\" content=\"@sitemaranhaotv\" \/>\n<meta name=\"twitter:label1\" content=\"Escrito por\" \/>\n\t<meta name=\"twitter:data1\" content=\"maranhaotv\" \/>\n\t<meta name=\"twitter:label2\" content=\"Est. tempo de leitura\" \/>\n\t<meta name=\"twitter:data2\" content=\"1 minuto\" \/>\n<script type=\"application\/ld+json\" class=\"yoast-schema-graph\">{\"@context\":\"https:\\\/\\\/schema.org\",\"@graph\":[{\"@type\":\"Article\",\"@id\":\"https:\\\/\\\/maranhaotv.com.br\\\/index.php\\\/2024\\\/08\\\/18\\\/dr-julinho-e-natercio-santos-arrastam-multidao-em-grande-caminhada-na-sede-de-sao-jose-de-ribamar\\\/#article\",\"isPartOf\":{\"@id\":\"https:\\\/\\\/maranhaotv.com.br\\\/index.php\\\/2024\\\/08\\\/18\\\/dr-julinho-e-natercio-santos-arrastam-multidao-em-grande-caminhada-na-sede-de-sao-jose-de-ribamar\\\/\"},\"author\":{\"name\":\"maranhaotv\",\"@id\":\"https:\\\/\\\/maranhaotv.com.br\\\/#\\\/schema\\\/person\\\/3d54238e86b20bb5c89ab2fdb8f8829a\"},\"headline\":\"Dr.Julinho e Natercio Santos arrastam multid\u00e3o em grande caminhada na sede de S\u00e3o Jos\u00e9 de Ribamar\",\"datePublished\":\"2024-08-18T19:08:44+00:00\",\"dateModified\":\"2024-08-18T19:08:49+00:00\",\"mainEntityOfPage\":{\"@id\":\"https:\\\/\\\/maranhaotv.com.br\\\/index.php\\\/2024\\\/08\\\/18\\\/dr-julinho-e-natercio-santos-arrastam-multidao-em-grande-caminhada-na-sede-de-sao-jose-de-ribamar\\\/\"},\"wordCount\":313,\"commentCount\":0,\"publisher\":{\"@id\":\"https:\\\/\\\/maranhaotv.com.br\\\/#organization\"},\"image\":{\"@id\":\"https:\\\/\\\/maranhaotv.com.br\\\/index.php\\\/2024\\\/08\\\/18\\\/dr-julinho-e-natercio-santos-arrastam-multidao-em-grande-caminhada-na-sede-de-sao-jose-de-ribamar\\\/#primaryimage\"},\"thumbnailUrl\":\"https:\\\/\\\/maranhaotv.com.br\\\/wp-content\\\/uploads\\\/2024\\\/08\\\/image_editor_output_image-1646986868-1724008110870.jpg\",\"articleSection\":[\"pol\u00edtica\"],\"inLanguage\":\"pt-BR\",\"potentialAction\":[{\"@type\":\"CommentAction\",\"name\":\"Comment\",\"target\":[\"https:\\\/\\\/maranhaotv.com.br\\\/index.php\\\/2024\\\/08\\\/18\\\/dr-julinho-e-natercio-santos-arrastam-multidao-em-grande-caminhada-na-sede-de-sao-jose-de-ribamar\\\/#respond\"]}]},{\"@type\":\"WebPage\",\"@id\":\"https:\\\/\\\/maranhaotv.com.br\\\/index.php\\\/2024\\\/08\\\/18\\\/dr-julinho-e-natercio-santos-arrastam-multidao-em-grande-caminhada-na-sede-de-sao-jose-de-ribamar\\\/\",\"url\":\"https:\\\/\\\/maranhaotv.com.br\\\/index.php\\\/2024\\\/08\\\/18\\\/dr-julinho-e-natercio-santos-arrastam-multidao-em-grande-caminhada-na-sede-de-sao-jose-de-ribamar\\\/\",\"name\":\"Dr.Julinho e Natercio Santos arrastam multid\u00e3o em grande caminhada na sede de S\u00e3o Jos\u00e9 de Ribamar - NOT\u00cdCIAS EM TEMPO REAL\",\"isPartOf\":{\"@id\":\"https:\\\/\\\/maranhaotv.com.br\\\/#website\"},\"primaryImageOfPage\":{\"@id\":\"https:\\\/\\\/maranhaotv.com.br\\\/index.php\\\/2024\\\/08\\\/18\\\/dr-julinho-e-natercio-santos-arrastam-multidao-em-grande-caminhada-na-sede-de-sao-jose-de-ribamar\\\/#primaryimage\"},\"image\":{\"@id\":\"https:\\\/\\\/maranhaotv.com.br\\\/index.php\\\/2024\\\/08\\\/18\\\/dr-julinho-e-natercio-santos-arrastam-multidao-em-grande-caminhada-na-sede-de-sao-jose-de-ribamar\\\/#primaryimage\"},\"thumbnailUrl\":\"https:\\\/\\\/maranhaotv.com.br\\\/wp-content\\\/uploads\\\/2024\\\/08\\\/image_editor_output_image-1646986868-1724008110870.jpg\",\"datePublished\":\"2024-08-18T19:08:44+00:00\",\"dateModified\":\"2024-08-18T19:08:49+00:00\",\"breadcrumb\":{\"@id\":\"https:\\\/\\\/maranhaotv.com.br\\\/index.php\\\/2024\\\/08\\\/18\\\/dr-julinho-e-natercio-santos-arrastam-multidao-em-grande-caminhada-na-sede-de-sao-jose-de-ribamar\\\/#breadcrumb\"},\"inLanguage\":\"pt-BR\",\"potentialAction\":[{\"@type\":\"ReadAction\",\"target\":[\"https:\\\/\\\/maranhaotv.com.br\\\/index.php\\\/2024\\\/08\\\/18\\\/dr-julinho-e-natercio-santos-arrastam-multidao-em-grande-caminhada-na-sede-de-sao-jose-de-ribamar\\\/\"]}]},{\"@type\":\"ImageObject\",\"inLanguage\":\"pt-BR\",\"@id\":\"https:\\\/\\\/maranhaotv.com.br\\\/index.php\\\/2024\\\/08\\\/18\\\/dr-julinho-e-natercio-santos-arrastam-multidao-em-grande-caminhada-na-sede-de-sao-jose-de-ribamar\\\/#primaryimage\",\"url\":\"https:\\\/\\\/maranhaotv.com.br\\\/wp-content\\\/uploads\\\/2024\\\/08\\\/image_editor_output_image-1646986868-1724008110870.jpg\",\"contentUrl\":\"https:\\\/\\\/maranhaotv.com.br\\\/wp-content\\\/uploads\\\/2024\\\/08\\\/image_editor_output_image-1646986868-1724008110870.jpg\",\"width\":766,\"height\":572},{\"@type\":\"BreadcrumbList\",\"@id\":\"https:\\\/\\\/maranhaotv.com.br\\\/index.php\\\/2024\\\/08\\\/18\\\/dr-julinho-e-natercio-santos-arrastam-multidao-em-grande-caminhada-na-sede-de-sao-jose-de-ribamar\\\/#breadcrumb\",\"itemListElement\":[{\"@type\":\"ListItem\",\"position\":1,\"name\":\"In\u00edcio\",\"item\":\"https:\\\/\\\/maranhaotv.com.br\\\/\"},{\"@type\":\"ListItem\",\"position\":2,\"name\":\"Dr.Julinho e Natercio Santos arrastam multid\u00e3o em grande caminhada na sede de S\u00e3o Jos\u00e9 de Ribamar\"}]},{\"@type\":\"WebSite\",\"@id\":\"https:\\\/\\\/maranhaotv.com.br\\\/#website\",\"url\":\"https:\\\/\\\/maranhaotv.com.br\\\/\",\"name\":\"Maranh\u00e3oTV\",\"description\":\"\",\"publisher\":{\"@id\":\"https:\\\/\\\/maranhaotv.com.br\\\/#organization\"},\"potentialAction\":[{\"@type\":\"SearchAction\",\"target\":{\"@type\":\"EntryPoint\",\"urlTemplate\":\"https:\\\/\\\/maranhaotv.com.br\\\/?s={search_term_string}\"},\"query-input\":{\"@type\":\"PropertyValueSpecification\",\"valueRequired\":true,\"valueName\":\"search_term_string\"}}],\"inLanguage\":\"pt-BR\"},{\"@type\":\"Organization\",\"@id\":\"https:\\\/\\\/maranhaotv.com.br\\\/#organization\",\"name\":\"Portal de Not\u00edcias\",\"url\":\"https:\\\/\\\/maranhaotv.com.br\\\/\",\"logo\":{\"@type\":\"ImageObject\",\"inLanguage\":\"pt-BR\",\"@id\":\"https:\\\/\\\/maranhaotv.com.br\\\/#\\\/schema\\\/logo\\\/image\\\/\",\"url\":\"https:\\\/\\\/maranhaotv.com.br\\\/wp-content\\\/uploads\\\/2024\\\/05\\\/cropped-cropped-avatar-1.png\",\"contentUrl\":\"https:\\\/\\\/maranhaotv.com.br\\\/wp-content\\\/uploads\\\/2024\\\/05\\\/cropped-cropped-avatar-1.png\",\"width\":792,\"height\":428,\"caption\":\"Portal de Not\u00edcias\"},\"image\":{\"@id\":\"https:\\\/\\\/maranhaotv.com.br\\\/#\\\/schema\\\/logo\\\/image\\\/\"},\"sameAs\":[\"https:\\\/\\\/www.facebook.com\\\/maiobaotv\",\"https:\\\/\\\/x.com\\\/sitemaranhaotv\",\"https:\\\/\\\/www.instagram.com\\\/maranhao.tv\",\"https:\\\/\\\/www.threads.net\\\/@maranhao.tv\"]},{\"@type\":\"Person\",\"@id\":\"https:\\\/\\\/maranhaotv.com.br\\\/#\\\/schema\\\/person\\\/3d54238e86b20bb5c89ab2fdb8f8829a\",\"name\":\"maranhaotv\",\"image\":{\"@type\":\"ImageObject\",\"inLanguage\":\"pt-BR\",\"@id\":\"https:\\\/\\\/secure.gravatar.com\\\/avatar\\\/8fadbca458d4cb68b1dd399ae9a40618d747bb1af65ac9fad21c89220a143eb4?s=96&d=mm&r=g\",\"url\":\"https:\\\/\\\/secure.gravatar.com\\\/avatar\\\/8fadbca458d4cb68b1dd399ae9a40618d747bb1af65ac9fad21c89220a143eb4?s=96&d=mm&r=g\",\"contentUrl\":\"https:\\\/\\\/secure.gravatar.com\\\/avatar\\\/8fadbca458d4cb68b1dd399ae9a40618d747bb1af65ac9fad21c89220a143eb4?s=96&d=mm&r=g\",\"caption\":\"maranhaotv\"},\"sameAs\":[\"https:\\\/\\\/maranhaotv.com.br\\\/\"],\"url\":\"https:\\\/\\\/maranhaotv.com.br\\\/index.php\\\/author\\\/maranhaotv\\\/\"}]}<\/script>\n<!-- \/ Yoast SEO plugin. -->","yoast_head_json":{"title":"Dr.Julinho e Natercio Santos arrastam multid\u00e3o em grande caminhada na sede de S\u00e3o Jos\u00e9 de Ribamar - NOT\u00cdCIAS EM TEMPO REAL","robots":{"index":"index","follow":"follow","max-snippet":"max-snippet:-1","max-image-preview":"max-image-preview:large","max-video-preview":"max-video-preview:-1"},"canonical":"https:\/\/maranhaotv.com.br\/index.php\/2024\/08\/18\/dr-julinho-e-natercio-santos-arrastam-multidao-em-grande-caminhada-na-sede-de-sao-jose-de-ribamar\/","og_locale":"pt_BR","og_type":"article","og_title":"Dr.Julinho e Natercio Santos arrastam multid\u00e3o em grande caminhada na sede de S\u00e3o Jos\u00e9 de Ribamar - NOT\u00cdCIAS EM TEMPO REAL","og_description":"Na noite de ontem, 17 de Agosto, S\u00e3o Jos\u00e9 de Ribamar parou com a primeira caminhada do prefeito da cidade","og_url":"https:\/\/maranhaotv.com.br\/index.php\/2024\/08\/18\/dr-julinho-e-natercio-santos-arrastam-multidao-em-grande-caminhada-na-sede-de-sao-jose-de-ribamar\/","og_site_name":"NOT\u00cdCIAS EM TEMPO REAL","article_publisher":"https:\/\/www.facebook.com\/maiobaotv","article_published_time":"2024-08-18T19:08:44+00:00","article_modified_time":"2024-08-18T19:08:49+00:00","og_image":[{"width":766,"height":572,"url":"https:\/\/maranhaotv.com.br\/wp-content\/uploads\/2024\/08\/image_editor_output_image-1646986868-1724008110870.jpg","type":"image\/jpeg"}],"author":"maranhaotv","twitter_card":"summary_large_image","twitter_creator":"@sitemaranhaotv","twitter_site":"@sitemaranhaotv","twitter_misc":{"Escrito por":"maranhaotv","Est. tempo de leitura":"1 minuto"},"schema":{"@context":"https:\/\/schema.org","@graph":[{"@type":"Article","@id":"https:\/\/maranhaotv.com.br\/index.php\/2024\/08\/18\/dr-julinho-e-natercio-santos-arrastam-multidao-em-grande-caminhada-na-sede-de-sao-jose-de-ribamar\/#article","isPartOf":{"@id":"https:\/\/maranhaotv.com.br\/index.php\/2024\/08\/18\/dr-julinho-e-natercio-santos-arrastam-multidao-em-grande-caminhada-na-sede-de-sao-jose-de-ribamar\/"},"author":{"name":"maranhaotv","@id":"https:\/\/maranhaotv.com.br\/#\/schema\/person\/3d54238e86b20bb5c89ab2fdb8f8829a"},"headline":"Dr.Julinho e Natercio Santos arrastam multid\u00e3o em grande caminhada na sede de S\u00e3o Jos\u00e9 de Ribamar","datePublished":"2024-08-18T19:08:44+00:00","dateModified":"2024-08-18T19:08:49+00:00","mainEntityOfPage":{"@id":"https:\/\/maranhaotv.com.br\/index.php\/2024\/08\/18\/dr-julinho-e-natercio-santos-arrastam-multidao-em-grande-caminhada-na-sede-de-sao-jose-de-ribamar\/"},"wordCount":313,"commentCount":0,"publisher":{"@id":"https:\/\/maranhaotv.com.br\/#organization"},"image":{"@id":"https:\/\/maranhaotv.com.br\/index.php\/2024\/08\/18\/dr-julinho-e-natercio-santos-arrastam-multidao-em-grande-caminhada-na-sede-de-sao-jose-de-ribamar\/#primaryimage"},"thumbnailUrl":"https:\/\/maranhaotv.com.br\/wp-content\/uploads\/2024\/08\/image_editor_output_image-1646986868-1724008110870.jpg","articleSection":["pol\u00edtica"],"inLanguage":"pt-BR","potentialAction":[{"@type":"CommentAction","name":"Comment","target":["https:\/\/maranhaotv.com.br\/index.php\/2024\/08\/18\/dr-julinho-e-natercio-santos-arrastam-multidao-em-grande-caminhada-na-sede-de-sao-jose-de-ribamar\/#respond"]}]},{"@type":"WebPage","@id":"https:\/\/maranhaotv.com.br\/index.php\/2024\/08\/18\/dr-julinho-e-natercio-santos-arrastam-multidao-em-grande-caminhada-na-sede-de-sao-jose-de-ribamar\/","url":"https:\/\/maranhaotv.com.br\/index.php\/2024\/08\/18\/dr-julinho-e-natercio-santos-arrastam-multidao-em-grande-caminhada-na-sede-de-sao-jose-de-ribamar\/","name":"Dr.Julinho e Natercio Santos arrastam multid\u00e3o em grande caminhada na sede de S\u00e3o Jos\u00e9 de Ribamar - NOT\u00cdCIAS EM TEMPO REAL","isPartOf":{"@id":"https:\/\/maranhaotv.com.br\/#website"},"primaryImageOfPage":{"@id":"https:\/\/maranhaotv.com.br\/index.php\/2024\/08\/18\/dr-julinho-e-natercio-santos-arrastam-multidao-em-grande-caminhada-na-sede-de-sao-jose-de-ribamar\/#primaryimage"},"image":{"@id":"https:\/\/maranhaotv.com.br\/index.php\/2024\/08\/18\/dr-julinho-e-natercio-santos-arrastam-multidao-em-grande-caminhada-na-sede-de-sao-jose-de-ribamar\/#primaryimage"},"thumbnailUrl":"https:\/\/maranhaotv.com.br\/wp-content\/uploads\/2024\/08\/image_editor_output_image-1646986868-1724008110870.jpg","datePublished":"2024-08-18T19:08:44+00:00","dateModified":"2024-08-18T19:08:49+00:00","breadcrumb":{"@id":"https:\/\/maranhaotv.com.br\/index.php\/2024\/08\/18\/dr-julinho-e-natercio-santos-arrastam-multidao-em-grande-caminhada-na-sede-de-sao-jose-de-ribamar\/#breadcrumb"},"inLanguage":"pt-BR","potentialAction":[{"@type":"ReadAction","target":["https:\/\/maranhaotv.com.br\/index.php\/2024\/08\/18\/dr-julinho-e-natercio-santos-arrastam-multidao-em-grande-caminhada-na-sede-de-sao-jose-de-ribamar\/"]}]},{"@type":"ImageObject","inLanguage":"pt-BR","@id":"https:\/\/maranhaotv.com.br\/index.php\/2024\/08\/18\/dr-julinho-e-natercio-santos-arrastam-multidao-em-grande-caminhada-na-sede-de-sao-jose-de-ribamar\/#primaryimage","url":"https:\/\/maranhaotv.com.br\/wp-content\/uploads\/2024\/08\/image_editor_output_image-1646986868-1724008110870.jpg","contentUrl":"https:\/\/maranhaotv.com.br\/wp-content\/uploads\/2024\/08\/image_editor_output_image-1646986868-1724008110870.jpg","width":766,"height":572},{"@type":"BreadcrumbList","@id":"https:\/\/maranhaotv.com.br\/index.php\/2024\/08\/18\/dr-julinho-e-natercio-santos-arrastam-multidao-em-grande-caminhada-na-sede-de-sao-jose-de-ribamar\/#breadcrumb","itemListElement":[{"@type":"ListItem","position":1,"name":"In\u00edcio","item":"https:\/\/maranhaotv.com.br\/"},{"@type":"ListItem","position":2,"name":"Dr.Julinho e Natercio Santos arrastam multid\u00e3o em grande caminhada na sede de S\u00e3o Jos\u00e9 de Ribamar"}]},{"@type":"WebSite","@id":"https:\/\/maranhaotv.com.br\/#website","url":"https:\/\/maranhaotv.com.br\/","name":"Maranh\u00e3oTV","description":"","publisher":{"@id":"https:\/\/maranhaotv.com.br\/#organization"},"potentialAction":[{"@type":"SearchAction","target":{"@type":"EntryPoint","urlTemplate":"https:\/\/maranhaotv.com.br\/?s={search_term_string}"},"query-input":{"@type":"PropertyValueSpecification","valueRequired":true,"valueName":"search_term_string"}}],"inLanguage":"pt-BR"},{"@type":"Organization","@id":"https:\/\/maranhaotv.com.br\/#organization","name":"Portal de Not\u00edcias","url":"https:\/\/maranhaotv.com.br\/","logo":{"@type":"ImageObject","inLanguage":"pt-BR","@id":"https:\/\/maranhaotv.com.br\/#\/schema\/logo\/image\/","url":"https:\/\/maranhaotv.com.br\/wp-content\/uploads\/2024\/05\/cropped-cropped-avatar-1.png","contentUrl":"https:\/\/maranhaotv.com.br\/wp-content\/uploads\/2024\/05\/cropped-cropped-avatar-1.png","width":792,"height":428,"caption":"Portal de Not\u00edcias"},"image":{"@id":"https:\/\/maranhaotv.com.br\/#\/schema\/logo\/image\/"},"sameAs":["https:\/\/www.facebook.com\/maiobaotv","https:\/\/x.com\/sitemaranhaotv","https:\/\/www.instagram.com\/maranhao.tv","https:\/\/www.threads.net\/@maranhao.tv"]},{"@type":"Person","@id":"https:\/\/maranhaotv.com.br\/#\/schema\/person\/3d54238e86b20bb5c89ab2fdb8f8829a","name":"maranhaotv","image":{"@type":"ImageObject","inLanguage":"pt-BR","@id":"https:\/\/secure.gravatar.com\/avatar\/8fadbca458d4cb68b1dd399ae9a40618d747bb1af65ac9fad21c89220a143eb4?s=96&d=mm&r=g","url":"https:\/\/secure.gravatar.com\/avatar\/8fadbca458d4cb68b1dd399ae9a40618d747bb1af65ac9fad21c89220a143eb4?s=96&d=mm&r=g","contentUrl":"https:\/\/secure.gravatar.com\/avatar\/8fadbca458d4cb68b1dd399ae9a40618d747bb1af65ac9fad21c89220a143eb4?s=96&d=mm&r=g","caption":"maranhaotv"},"sameAs":["https:\/\/maranhaotv.com.br\/"],"url":"https:\/\/maranhaotv.com.br\/index.php\/author\/maranhaotv\/"}]}},"jetpack_featured_media_url":"https:\/\/maranhaotv.com.br\/wp-content\/uploads\/2024\/08\/image_editor_output_image-1646986868-1724008110870.jpg","jetpack_sharing_enabled":true,"_links":{"self":[{"href":"https:\/\/maranhaotv.com.br\/index.php\/wp-json\/wp\/v2\/posts\/37274","targetHints":{"allow":["GET"]}}],"collection":[{"href":"https:\/\/maranhaotv.com.br\/index.php\/wp-json\/wp\/v2\/posts"}],"about":[{"href":"https:\/\/maranhaotv.com.br\/index.php\/wp-json\/wp\/v2\/types\/post"}],"author":[{"embeddable":true,"href":"https:\/\/maranhaotv.com.br\/index.php\/wp-json\/wp\/v2\/users\/2"}],"replies":[{"embeddable":true,"href":"https:\/\/maranhaotv.com.br\/index.php\/wp-json\/wp\/v2\/comments?post=37274"}],"version-history":[{"count":1,"href":"https:\/\/maranhaotv.com.br\/index.php\/wp-json\/wp\/v2\/posts\/37274\/revisions"}],"predecessor-version":[{"id":37275,"href":"https:\/\/maranhaotv.com.br\/index.php\/wp-json\/wp\/v2\/posts\/37274\/revisions\/37275"}],"wp:featuredmedia":[{"embeddable":true,"href":"https:\/\/maranhaotv.com.br\/index.php\/wp-json\/wp\/v2\/media\/37273"}],"wp:attachment":[{"href":"https:\/\/maranhaotv.com.br\/index.php\/wp-json\/wp\/v2\/media?parent=37274"}],"wp:term":[{"taxonomy":"category","embeddable":true,"href":"https:\/\/maranhaotv.com.br\/index.php\/wp-json\/wp\/v2\/categories?post=37274"},{"taxonomy":"post_tag","embeddable":true,"href":"https:\/\/maranhaotv.com.br\/index.php\/wp-json\/wp\/v2\/tags?post=37274"}],"curies":[{"name":"wp","href":"https:\/\/api.w.org\/{rel}","templated":true}]}}