{"id":37277,"date":"2024-08-18T17:53:09","date_gmt":"2024-08-18T20:53:09","guid":{"rendered":"https:\/\/maranhaotv.com.br\/?p=37277"},"modified":"2024-08-18T17:53:11","modified_gmt":"2024-08-18T20:53:11","slug":"escandalo-do-carro-do-milhao-atrapalha-inicio-da-campanha-de-braide","status":"publish","type":"post","link":"https:\/\/maranhaotv.com.br\/index.php\/2024\/08\/18\/escandalo-do-carro-do-milhao-atrapalha-inicio-da-campanha-de-braide\/","title":{"rendered":"Esc\u00e2ndalo do \u201ccarro do milh\u00e3o\u201d atrapalha in\u00edcio da campanha de Braide"},"content":{"rendered":"\n<p>Mesmo com o in\u00edcio do per\u00edodo de campanha eleitoral, o prefeito Eduardo Braide (PSD) n\u00e3o est\u00e1 muito disposto a encarar a popula\u00e7\u00e3o. Ele divulgou um v\u00eddeo onde tenta justificar a aus\u00eancia de caminhadas e carreatas por enquanto.<br><br>\u201cA quest\u00e3o \u00e9 que a gente est\u00e1 tendo muito trabalho na cidade e eu gosto de acompanhar para fiscalizar pessoalmente\u201d, declarou.<br><br>Na realidade, o suposto envolvimento de ex-servidores e familiares com o \u201ccarro do milh\u00e3o\u201d, como ficou conhecido nacionalmente o esc\u00e2ndalo do carro encontrado com mais de R$ 1 milh\u00e3o em esp\u00e9cie no porta-malas, atrapalhou todo o planejamento do prefeito.<br><br>Guilherme \u201cBucho\u201d, motorista do ve\u00edculo encontrado com R$ 1 milh\u00e3o no porta-malas, foi servidor da prefeitura e trabalhava no gabinete do irm\u00e3o do prefeito, o deputado estadual Fernando Braide (PSD).<br><br>Al\u00e9m disso, o ve\u00edculo foi estacionado em frente \u00e0 empresa da esposa de Ant\u00f4nio Carlos Braide, irm\u00e3o do prefeito e principal articulador pol\u00edtico da fam\u00edlia. Tonho, como \u00e9 conhecido, \u00e9 quem costumava organizar as atividades de campanha do irm\u00e3o.<br><br>Sendo obrigado a fazer o corpo a corpo com seus eleitores no per\u00edodo eleitoral, o candidato pode enfrentar questionamentos pessoalmente, inc\u00f4modo que j\u00e1 v\u00eam rondando os coment\u00e1rios das numerosas not\u00edcias de suspeitas envolvendo seu nome.<br><br>Sem saber como ser\u00e1 recebido nas ruas, o prefeito se blinda por tr\u00e1s da m\u00e1quina p\u00fablica, enquanto tenta conter os danos \u00e0 sua j\u00e1 combalida popularidade antes de colocar o \u201cbloco na rua\u201d.<\/p>\n\n\n\n<p>Domingos Costa <\/p>\n","protected":false},"excerpt":{"rendered":"<p>Mesmo com o in\u00edcio do per\u00edodo de campanha eleitoral, o prefeito Eduardo Braide (PSD) n\u00e3o est\u00e1 muito disposto a encarar<\/p>\n","protected":false},"author":2,"featured_media":37276,"comment_status":"open","ping_status":"open","sticky":false,"template":"","format":"standard","meta":{"colormag_page_container_layout":"default_layout","colormag_page_sidebar_layout":"default_layout","_jetpack_memberships_contains_paid_content":false,"footnotes":""},"categories":[6],"tags":[],"class_list":["post-37277","post","type-post","status-publish","format-standard","has-post-thumbnail","hentry","category-politica"],"magazineBlocksPostFeaturedMedia":{"thumbnail":"https:\/\/maranhaotv.com.br\/wp-content\/uploads\/2024\/08\/451992174_7917599074983793_8964952562412010489_n-150x150.png","medium":"https:\/\/maranhaotv.com.br\/wp-content\/uploads\/2024\/08\/451992174_7917599074983793_8964952562412010489_n-300x162.png","medium_large":"https:\/\/maranhaotv.com.br\/wp-content\/uploads\/2024\/08\/451992174_7917599074983793_8964952562412010489_n-768x415.png","large":"https:\/\/maranhaotv.com.br\/wp-content\/uploads\/2024\/08\/451992174_7917599074983793_8964952562412010489_n-1024x553.png","1536x1536":"https:\/\/maranhaotv.com.br\/wp-content\/uploads\/2024\/08\/451992174_7917599074983793_8964952562412010489_n.png","2048x2048":"https:\/\/maranhaotv.com.br\/wp-content\/uploads\/2024\/08\/451992174_7917599074983793_8964952562412010489_n.png","colormag-highlighted-post":"https:\/\/maranhaotv.com.br\/wp-content\/uploads\/2024\/08\/451992174_7917599074983793_8964952562412010489_n-392x272.png","colormag-featured-post-medium":"https:\/\/maranhaotv.com.br\/wp-content\/uploads\/2024\/08\/451992174_7917599074983793_8964952562412010489_n-390x205.png","colormag-featured-post-small":"https:\/\/maranhaotv.com.br\/wp-content\/uploads\/2024\/08\/451992174_7917599074983793_8964952562412010489_n-130x90.png","colormag-featured-image":"https:\/\/maranhaotv.com.br\/wp-content\/uploads\/2024\/08\/451992174_7917599074983793_8964952562412010489_n-800x445.png","colormag-default-news":"https:\/\/maranhaotv.com.br\/wp-content\/uploads\/2024\/08\/451992174_7917599074983793_8964952562412010489_n-150x150.png","colormag-featured-image-large":"https:\/\/maranhaotv.com.br\/wp-content\/uploads\/2024\/08\/451992174_7917599074983793_8964952562412010489_n-1251x600.png"},"magazineBlocksPostAuthor":{"name":"maranhaotv","avatar":"https:\/\/secure.gravatar.com\/avatar\/8fadbca458d4cb68b1dd399ae9a40618d747bb1af65ac9fad21c89220a143eb4?s=96&d=mm&r=g"},"magazineBlocksPostCommentsNumber":"0","magazineBlocksPostExcerpt":"Mesmo com o in\u00edcio do per\u00edodo de campanha eleitoral, o prefeito Eduardo Braide (PSD) n\u00e3o est\u00e1 muito disposto a encarar","magazineBlocksPostCategories":["pol\u00edtica"],"magazineBlocksPostViewCount":273,"magazineBlocksPostReadTime":2,"magazine_blocks_featured_image_url":{"full":["https:\/\/maranhaotv.com.br\/wp-content\/uploads\/2024\/08\/451992174_7917599074983793_8964952562412010489_n.png",1251,676,false],"medium":["https:\/\/maranhaotv.com.br\/wp-content\/uploads\/2024\/08\/451992174_7917599074983793_8964952562412010489_n-300x162.png",300,162,true],"thumbnail":["https:\/\/maranhaotv.com.br\/wp-content\/uploads\/2024\/08\/451992174_7917599074983793_8964952562412010489_n-150x150.png",150,150,true]},"magazine_blocks_author":{"display_name":"maranhaotv","author_link":"https:\/\/maranhaotv.com.br\/index.php\/author\/maranhaotv\/"},"magazine_blocks_comment":0,"magazine_blocks_author_image":"https:\/\/secure.gravatar.com\/avatar\/8fadbca458d4cb68b1dd399ae9a40618d747bb1af65ac9fad21c89220a143eb4?s=96&d=mm&r=g","magazine_blocks_category":"<a href=\"#\" class=\"category-link category-link-6\">pol\u00edtica<\/a>","yoast_head":"<!-- This site is optimized with the Yoast SEO plugin v27.4 - https:\/\/yoast.com\/product\/yoast-seo-wordpress\/ -->\n<title>Esc\u00e2ndalo do \u201ccarro do milh\u00e3o\u201d atrapalha in\u00edcio da campanha de Braide - NOT\u00cdCIAS EM TEMPO REAL<\/title>\n<meta name=\"robots\" content=\"index, follow, max-snippet:-1, max-image-preview:large, max-video-preview:-1\" \/>\n<link rel=\"canonical\" href=\"https:\/\/maranhaotv.com.br\/index.php\/2024\/08\/18\/escandalo-do-carro-do-milhao-atrapalha-inicio-da-campanha-de-braide\/\" \/>\n<meta property=\"og:locale\" content=\"pt_BR\" \/>\n<meta property=\"og:type\" content=\"article\" \/>\n<meta property=\"og:title\" content=\"Esc\u00e2ndalo do \u201ccarro do milh\u00e3o\u201d atrapalha in\u00edcio da campanha de Braide - NOT\u00cdCIAS EM TEMPO REAL\" \/>\n<meta property=\"og:description\" content=\"Mesmo com o in\u00edcio do per\u00edodo de campanha eleitoral, o prefeito Eduardo Braide (PSD) n\u00e3o est\u00e1 muito disposto a encarar\" \/>\n<meta property=\"og:url\" content=\"https:\/\/maranhaotv.com.br\/index.php\/2024\/08\/18\/escandalo-do-carro-do-milhao-atrapalha-inicio-da-campanha-de-braide\/\" \/>\n<meta property=\"og:site_name\" content=\"NOT\u00cdCIAS EM TEMPO REAL\" \/>\n<meta property=\"article:publisher\" content=\"https:\/\/www.facebook.com\/maiobaotv\" \/>\n<meta property=\"article:published_time\" content=\"2024-08-18T20:53:09+00:00\" \/>\n<meta property=\"article:modified_time\" content=\"2024-08-18T20:53:11+00:00\" \/>\n<meta property=\"og:image\" content=\"https:\/\/maranhaotv.com.br\/wp-content\/uploads\/2024\/08\/451992174_7917599074983793_8964952562412010489_n.png\" \/>\n\t<meta property=\"og:image:width\" content=\"1251\" \/>\n\t<meta property=\"og:image:height\" content=\"676\" \/>\n\t<meta property=\"og:image:type\" content=\"image\/png\" \/>\n<meta name=\"author\" content=\"maranhaotv\" \/>\n<meta name=\"twitter:card\" content=\"summary_large_image\" \/>\n<meta name=\"twitter:creator\" content=\"@sitemaranhaotv\" \/>\n<meta name=\"twitter:site\" content=\"@sitemaranhaotv\" \/>\n<meta name=\"twitter:label1\" content=\"Escrito por\" \/>\n\t<meta name=\"twitter:data1\" content=\"maranhaotv\" \/>\n\t<meta name=\"twitter:label2\" content=\"Est. tempo de leitura\" \/>\n\t<meta name=\"twitter:data2\" content=\"1 minuto\" \/>\n<script type=\"application\/ld+json\" class=\"yoast-schema-graph\">{\"@context\":\"https:\\\/\\\/schema.org\",\"@graph\":[{\"@type\":\"Article\",\"@id\":\"https:\\\/\\\/maranhaotv.com.br\\\/index.php\\\/2024\\\/08\\\/18\\\/escandalo-do-carro-do-milhao-atrapalha-inicio-da-campanha-de-braide\\\/#article\",\"isPartOf\":{\"@id\":\"https:\\\/\\\/maranhaotv.com.br\\\/index.php\\\/2024\\\/08\\\/18\\\/escandalo-do-carro-do-milhao-atrapalha-inicio-da-campanha-de-braide\\\/\"},\"author\":{\"name\":\"maranhaotv\",\"@id\":\"https:\\\/\\\/maranhaotv.com.br\\\/#\\\/schema\\\/person\\\/3d54238e86b20bb5c89ab2fdb8f8829a\"},\"headline\":\"Esc\u00e2ndalo do \u201ccarro do milh\u00e3o\u201d atrapalha in\u00edcio da campanha de Braide\",\"datePublished\":\"2024-08-18T20:53:09+00:00\",\"dateModified\":\"2024-08-18T20:53:11+00:00\",\"mainEntityOfPage\":{\"@id\":\"https:\\\/\\\/maranhaotv.com.br\\\/index.php\\\/2024\\\/08\\\/18\\\/escandalo-do-carro-do-milhao-atrapalha-inicio-da-campanha-de-braide\\\/\"},\"wordCount\":272,\"commentCount\":0,\"publisher\":{\"@id\":\"https:\\\/\\\/maranhaotv.com.br\\\/#organization\"},\"image\":{\"@id\":\"https:\\\/\\\/maranhaotv.com.br\\\/index.php\\\/2024\\\/08\\\/18\\\/escandalo-do-carro-do-milhao-atrapalha-inicio-da-campanha-de-braide\\\/#primaryimage\"},\"thumbnailUrl\":\"https:\\\/\\\/maranhaotv.com.br\\\/wp-content\\\/uploads\\\/2024\\\/08\\\/451992174_7917599074983793_8964952562412010489_n.png\",\"articleSection\":[\"pol\u00edtica\"],\"inLanguage\":\"pt-BR\",\"potentialAction\":[{\"@type\":\"CommentAction\",\"name\":\"Comment\",\"target\":[\"https:\\\/\\\/maranhaotv.com.br\\\/index.php\\\/2024\\\/08\\\/18\\\/escandalo-do-carro-do-milhao-atrapalha-inicio-da-campanha-de-braide\\\/#respond\"]}]},{\"@type\":\"WebPage\",\"@id\":\"https:\\\/\\\/maranhaotv.com.br\\\/index.php\\\/2024\\\/08\\\/18\\\/escandalo-do-carro-do-milhao-atrapalha-inicio-da-campanha-de-braide\\\/\",\"url\":\"https:\\\/\\\/maranhaotv.com.br\\\/index.php\\\/2024\\\/08\\\/18\\\/escandalo-do-carro-do-milhao-atrapalha-inicio-da-campanha-de-braide\\\/\",\"name\":\"Esc\u00e2ndalo do \u201ccarro do milh\u00e3o\u201d atrapalha in\u00edcio da campanha de Braide - NOT\u00cdCIAS EM TEMPO REAL\",\"isPartOf\":{\"@id\":\"https:\\\/\\\/maranhaotv.com.br\\\/#website\"},\"primaryImageOfPage\":{\"@id\":\"https:\\\/\\\/maranhaotv.com.br\\\/index.php\\\/2024\\\/08\\\/18\\\/escandalo-do-carro-do-milhao-atrapalha-inicio-da-campanha-de-braide\\\/#primaryimage\"},\"image\":{\"@id\":\"https:\\\/\\\/maranhaotv.com.br\\\/index.php\\\/2024\\\/08\\\/18\\\/escandalo-do-carro-do-milhao-atrapalha-inicio-da-campanha-de-braide\\\/#primaryimage\"},\"thumbnailUrl\":\"https:\\\/\\\/maranhaotv.com.br\\\/wp-content\\\/uploads\\\/2024\\\/08\\\/451992174_7917599074983793_8964952562412010489_n.png\",\"datePublished\":\"2024-08-18T20:53:09+00:00\",\"dateModified\":\"2024-08-18T20:53:11+00:00\",\"breadcrumb\":{\"@id\":\"https:\\\/\\\/maranhaotv.com.br\\\/index.php\\\/2024\\\/08\\\/18\\\/escandalo-do-carro-do-milhao-atrapalha-inicio-da-campanha-de-braide\\\/#breadcrumb\"},\"inLanguage\":\"pt-BR\",\"potentialAction\":[{\"@type\":\"ReadAction\",\"target\":[\"https:\\\/\\\/maranhaotv.com.br\\\/index.php\\\/2024\\\/08\\\/18\\\/escandalo-do-carro-do-milhao-atrapalha-inicio-da-campanha-de-braide\\\/\"]}]},{\"@type\":\"ImageObject\",\"inLanguage\":\"pt-BR\",\"@id\":\"https:\\\/\\\/maranhaotv.com.br\\\/index.php\\\/2024\\\/08\\\/18\\\/escandalo-do-carro-do-milhao-atrapalha-inicio-da-campanha-de-braide\\\/#primaryimage\",\"url\":\"https:\\\/\\\/maranhaotv.com.br\\\/wp-content\\\/uploads\\\/2024\\\/08\\\/451992174_7917599074983793_8964952562412010489_n.png\",\"contentUrl\":\"https:\\\/\\\/maranhaotv.com.br\\\/wp-content\\\/uploads\\\/2024\\\/08\\\/451992174_7917599074983793_8964952562412010489_n.png\",\"width\":1251,\"height\":676},{\"@type\":\"BreadcrumbList\",\"@id\":\"https:\\\/\\\/maranhaotv.com.br\\\/index.php\\\/2024\\\/08\\\/18\\\/escandalo-do-carro-do-milhao-atrapalha-inicio-da-campanha-de-braide\\\/#breadcrumb\",\"itemListElement\":[{\"@type\":\"ListItem\",\"position\":1,\"name\":\"In\u00edcio\",\"item\":\"https:\\\/\\\/maranhaotv.com.br\\\/\"},{\"@type\":\"ListItem\",\"position\":2,\"name\":\"Esc\u00e2ndalo do \u201ccarro do milh\u00e3o\u201d atrapalha in\u00edcio da campanha de Braide\"}]},{\"@type\":\"WebSite\",\"@id\":\"https:\\\/\\\/maranhaotv.com.br\\\/#website\",\"url\":\"https:\\\/\\\/maranhaotv.com.br\\\/\",\"name\":\"Maranh\u00e3oTV\",\"description\":\"\",\"publisher\":{\"@id\":\"https:\\\/\\\/maranhaotv.com.br\\\/#organization\"},\"potentialAction\":[{\"@type\":\"SearchAction\",\"target\":{\"@type\":\"EntryPoint\",\"urlTemplate\":\"https:\\\/\\\/maranhaotv.com.br\\\/?s={search_term_string}\"},\"query-input\":{\"@type\":\"PropertyValueSpecification\",\"valueRequired\":true,\"valueName\":\"search_term_string\"}}],\"inLanguage\":\"pt-BR\"},{\"@type\":\"Organization\",\"@id\":\"https:\\\/\\\/maranhaotv.com.br\\\/#organization\",\"name\":\"Portal de Not\u00edcias\",\"url\":\"https:\\\/\\\/maranhaotv.com.br\\\/\",\"logo\":{\"@type\":\"ImageObject\",\"inLanguage\":\"pt-BR\",\"@id\":\"https:\\\/\\\/maranhaotv.com.br\\\/#\\\/schema\\\/logo\\\/image\\\/\",\"url\":\"https:\\\/\\\/maranhaotv.com.br\\\/wp-content\\\/uploads\\\/2024\\\/05\\\/cropped-cropped-avatar-1.png\",\"contentUrl\":\"https:\\\/\\\/maranhaotv.com.br\\\/wp-content\\\/uploads\\\/2024\\\/05\\\/cropped-cropped-avatar-1.png\",\"width\":792,\"height\":428,\"caption\":\"Portal de Not\u00edcias\"},\"image\":{\"@id\":\"https:\\\/\\\/maranhaotv.com.br\\\/#\\\/schema\\\/logo\\\/image\\\/\"},\"sameAs\":[\"https:\\\/\\\/www.facebook.com\\\/maiobaotv\",\"https:\\\/\\\/x.com\\\/sitemaranhaotv\",\"https:\\\/\\\/www.instagram.com\\\/maranhao.tv\",\"https:\\\/\\\/www.threads.net\\\/@maranhao.tv\"]},{\"@type\":\"Person\",\"@id\":\"https:\\\/\\\/maranhaotv.com.br\\\/#\\\/schema\\\/person\\\/3d54238e86b20bb5c89ab2fdb8f8829a\",\"name\":\"maranhaotv\",\"image\":{\"@type\":\"ImageObject\",\"inLanguage\":\"pt-BR\",\"@id\":\"https:\\\/\\\/secure.gravatar.com\\\/avatar\\\/8fadbca458d4cb68b1dd399ae9a40618d747bb1af65ac9fad21c89220a143eb4?s=96&d=mm&r=g\",\"url\":\"https:\\\/\\\/secure.gravatar.com\\\/avatar\\\/8fadbca458d4cb68b1dd399ae9a40618d747bb1af65ac9fad21c89220a143eb4?s=96&d=mm&r=g\",\"contentUrl\":\"https:\\\/\\\/secure.gravatar.com\\\/avatar\\\/8fadbca458d4cb68b1dd399ae9a40618d747bb1af65ac9fad21c89220a143eb4?s=96&d=mm&r=g\",\"caption\":\"maranhaotv\"},\"sameAs\":[\"https:\\\/\\\/maranhaotv.com.br\\\/\"],\"url\":\"https:\\\/\\\/maranhaotv.com.br\\\/index.php\\\/author\\\/maranhaotv\\\/\"}]}<\/script>\n<!-- \/ Yoast SEO plugin. -->","yoast_head_json":{"title":"Esc\u00e2ndalo do \u201ccarro do milh\u00e3o\u201d atrapalha in\u00edcio da campanha de Braide - NOT\u00cdCIAS EM TEMPO REAL","robots":{"index":"index","follow":"follow","max-snippet":"max-snippet:-1","max-image-preview":"max-image-preview:large","max-video-preview":"max-video-preview:-1"},"canonical":"https:\/\/maranhaotv.com.br\/index.php\/2024\/08\/18\/escandalo-do-carro-do-milhao-atrapalha-inicio-da-campanha-de-braide\/","og_locale":"pt_BR","og_type":"article","og_title":"Esc\u00e2ndalo do \u201ccarro do milh\u00e3o\u201d atrapalha in\u00edcio da campanha de Braide - NOT\u00cdCIAS EM TEMPO REAL","og_description":"Mesmo com o in\u00edcio do per\u00edodo de campanha eleitoral, o prefeito Eduardo Braide (PSD) n\u00e3o est\u00e1 muito disposto a encarar","og_url":"https:\/\/maranhaotv.com.br\/index.php\/2024\/08\/18\/escandalo-do-carro-do-milhao-atrapalha-inicio-da-campanha-de-braide\/","og_site_name":"NOT\u00cdCIAS EM TEMPO REAL","article_publisher":"https:\/\/www.facebook.com\/maiobaotv","article_published_time":"2024-08-18T20:53:09+00:00","article_modified_time":"2024-08-18T20:53:11+00:00","og_image":[{"width":1251,"height":676,"url":"https:\/\/maranhaotv.com.br\/wp-content\/uploads\/2024\/08\/451992174_7917599074983793_8964952562412010489_n.png","type":"image\/png"}],"author":"maranhaotv","twitter_card":"summary_large_image","twitter_creator":"@sitemaranhaotv","twitter_site":"@sitemaranhaotv","twitter_misc":{"Escrito por":"maranhaotv","Est. tempo de leitura":"1 minuto"},"schema":{"@context":"https:\/\/schema.org","@graph":[{"@type":"Article","@id":"https:\/\/maranhaotv.com.br\/index.php\/2024\/08\/18\/escandalo-do-carro-do-milhao-atrapalha-inicio-da-campanha-de-braide\/#article","isPartOf":{"@id":"https:\/\/maranhaotv.com.br\/index.php\/2024\/08\/18\/escandalo-do-carro-do-milhao-atrapalha-inicio-da-campanha-de-braide\/"},"author":{"name":"maranhaotv","@id":"https:\/\/maranhaotv.com.br\/#\/schema\/person\/3d54238e86b20bb5c89ab2fdb8f8829a"},"headline":"Esc\u00e2ndalo do \u201ccarro do milh\u00e3o\u201d atrapalha in\u00edcio da campanha de Braide","datePublished":"2024-08-18T20:53:09+00:00","dateModified":"2024-08-18T20:53:11+00:00","mainEntityOfPage":{"@id":"https:\/\/maranhaotv.com.br\/index.php\/2024\/08\/18\/escandalo-do-carro-do-milhao-atrapalha-inicio-da-campanha-de-braide\/"},"wordCount":272,"commentCount":0,"publisher":{"@id":"https:\/\/maranhaotv.com.br\/#organization"},"image":{"@id":"https:\/\/maranhaotv.com.br\/index.php\/2024\/08\/18\/escandalo-do-carro-do-milhao-atrapalha-inicio-da-campanha-de-braide\/#primaryimage"},"thumbnailUrl":"https:\/\/maranhaotv.com.br\/wp-content\/uploads\/2024\/08\/451992174_7917599074983793_8964952562412010489_n.png","articleSection":["pol\u00edtica"],"inLanguage":"pt-BR","potentialAction":[{"@type":"CommentAction","name":"Comment","target":["https:\/\/maranhaotv.com.br\/index.php\/2024\/08\/18\/escandalo-do-carro-do-milhao-atrapalha-inicio-da-campanha-de-braide\/#respond"]}]},{"@type":"WebPage","@id":"https:\/\/maranhaotv.com.br\/index.php\/2024\/08\/18\/escandalo-do-carro-do-milhao-atrapalha-inicio-da-campanha-de-braide\/","url":"https:\/\/maranhaotv.com.br\/index.php\/2024\/08\/18\/escandalo-do-carro-do-milhao-atrapalha-inicio-da-campanha-de-braide\/","name":"Esc\u00e2ndalo do \u201ccarro do milh\u00e3o\u201d atrapalha in\u00edcio da campanha de Braide - NOT\u00cdCIAS EM TEMPO REAL","isPartOf":{"@id":"https:\/\/maranhaotv.com.br\/#website"},"primaryImageOfPage":{"@id":"https:\/\/maranhaotv.com.br\/index.php\/2024\/08\/18\/escandalo-do-carro-do-milhao-atrapalha-inicio-da-campanha-de-braide\/#primaryimage"},"image":{"@id":"https:\/\/maranhaotv.com.br\/index.php\/2024\/08\/18\/escandalo-do-carro-do-milhao-atrapalha-inicio-da-campanha-de-braide\/#primaryimage"},"thumbnailUrl":"https:\/\/maranhaotv.com.br\/wp-content\/uploads\/2024\/08\/451992174_7917599074983793_8964952562412010489_n.png","datePublished":"2024-08-18T20:53:09+00:00","dateModified":"2024-08-18T20:53:11+00:00","breadcrumb":{"@id":"https:\/\/maranhaotv.com.br\/index.php\/2024\/08\/18\/escandalo-do-carro-do-milhao-atrapalha-inicio-da-campanha-de-braide\/#breadcrumb"},"inLanguage":"pt-BR","potentialAction":[{"@type":"ReadAction","target":["https:\/\/maranhaotv.com.br\/index.php\/2024\/08\/18\/escandalo-do-carro-do-milhao-atrapalha-inicio-da-campanha-de-braide\/"]}]},{"@type":"ImageObject","inLanguage":"pt-BR","@id":"https:\/\/maranhaotv.com.br\/index.php\/2024\/08\/18\/escandalo-do-carro-do-milhao-atrapalha-inicio-da-campanha-de-braide\/#primaryimage","url":"https:\/\/maranhaotv.com.br\/wp-content\/uploads\/2024\/08\/451992174_7917599074983793_8964952562412010489_n.png","contentUrl":"https:\/\/maranhaotv.com.br\/wp-content\/uploads\/2024\/08\/451992174_7917599074983793_8964952562412010489_n.png","width":1251,"height":676},{"@type":"BreadcrumbList","@id":"https:\/\/maranhaotv.com.br\/index.php\/2024\/08\/18\/escandalo-do-carro-do-milhao-atrapalha-inicio-da-campanha-de-braide\/#breadcrumb","itemListElement":[{"@type":"ListItem","position":1,"name":"In\u00edcio","item":"https:\/\/maranhaotv.com.br\/"},{"@type":"ListItem","position":2,"name":"Esc\u00e2ndalo do \u201ccarro do milh\u00e3o\u201d atrapalha in\u00edcio da campanha de Braide"}]},{"@type":"WebSite","@id":"https:\/\/maranhaotv.com.br\/#website","url":"https:\/\/maranhaotv.com.br\/","name":"Maranh\u00e3oTV","description":"","publisher":{"@id":"https:\/\/maranhaotv.com.br\/#organization"},"potentialAction":[{"@type":"SearchAction","target":{"@type":"EntryPoint","urlTemplate":"https:\/\/maranhaotv.com.br\/?s={search_term_string}"},"query-input":{"@type":"PropertyValueSpecification","valueRequired":true,"valueName":"search_term_string"}}],"inLanguage":"pt-BR"},{"@type":"Organization","@id":"https:\/\/maranhaotv.com.br\/#organization","name":"Portal de Not\u00edcias","url":"https:\/\/maranhaotv.com.br\/","logo":{"@type":"ImageObject","inLanguage":"pt-BR","@id":"https:\/\/maranhaotv.com.br\/#\/schema\/logo\/image\/","url":"https:\/\/maranhaotv.com.br\/wp-content\/uploads\/2024\/05\/cropped-cropped-avatar-1.png","contentUrl":"https:\/\/maranhaotv.com.br\/wp-content\/uploads\/2024\/05\/cropped-cropped-avatar-1.png","width":792,"height":428,"caption":"Portal de Not\u00edcias"},"image":{"@id":"https:\/\/maranhaotv.com.br\/#\/schema\/logo\/image\/"},"sameAs":["https:\/\/www.facebook.com\/maiobaotv","https:\/\/x.com\/sitemaranhaotv","https:\/\/www.instagram.com\/maranhao.tv","https:\/\/www.threads.net\/@maranhao.tv"]},{"@type":"Person","@id":"https:\/\/maranhaotv.com.br\/#\/schema\/person\/3d54238e86b20bb5c89ab2fdb8f8829a","name":"maranhaotv","image":{"@type":"ImageObject","inLanguage":"pt-BR","@id":"https:\/\/secure.gravatar.com\/avatar\/8fadbca458d4cb68b1dd399ae9a40618d747bb1af65ac9fad21c89220a143eb4?s=96&d=mm&r=g","url":"https:\/\/secure.gravatar.com\/avatar\/8fadbca458d4cb68b1dd399ae9a40618d747bb1af65ac9fad21c89220a143eb4?s=96&d=mm&r=g","contentUrl":"https:\/\/secure.gravatar.com\/avatar\/8fadbca458d4cb68b1dd399ae9a40618d747bb1af65ac9fad21c89220a143eb4?s=96&d=mm&r=g","caption":"maranhaotv"},"sameAs":["https:\/\/maranhaotv.com.br\/"],"url":"https:\/\/maranhaotv.com.br\/index.php\/author\/maranhaotv\/"}]}},"jetpack_featured_media_url":"https:\/\/maranhaotv.com.br\/wp-content\/uploads\/2024\/08\/451992174_7917599074983793_8964952562412010489_n.png","jetpack_sharing_enabled":true,"_links":{"self":[{"href":"https:\/\/maranhaotv.com.br\/index.php\/wp-json\/wp\/v2\/posts\/37277","targetHints":{"allow":["GET"]}}],"collection":[{"href":"https:\/\/maranhaotv.com.br\/index.php\/wp-json\/wp\/v2\/posts"}],"about":[{"href":"https:\/\/maranhaotv.com.br\/index.php\/wp-json\/wp\/v2\/types\/post"}],"author":[{"embeddable":true,"href":"https:\/\/maranhaotv.com.br\/index.php\/wp-json\/wp\/v2\/users\/2"}],"replies":[{"embeddable":true,"href":"https:\/\/maranhaotv.com.br\/index.php\/wp-json\/wp\/v2\/comments?post=37277"}],"version-history":[{"count":1,"href":"https:\/\/maranhaotv.com.br\/index.php\/wp-json\/wp\/v2\/posts\/37277\/revisions"}],"predecessor-version":[{"id":37278,"href":"https:\/\/maranhaotv.com.br\/index.php\/wp-json\/wp\/v2\/posts\/37277\/revisions\/37278"}],"wp:featuredmedia":[{"embeddable":true,"href":"https:\/\/maranhaotv.com.br\/index.php\/wp-json\/wp\/v2\/media\/37276"}],"wp:attachment":[{"href":"https:\/\/maranhaotv.com.br\/index.php\/wp-json\/wp\/v2\/media?parent=37277"}],"wp:term":[{"taxonomy":"category","embeddable":true,"href":"https:\/\/maranhaotv.com.br\/index.php\/wp-json\/wp\/v2\/categories?post=37277"},{"taxonomy":"post_tag","embeddable":true,"href":"https:\/\/maranhaotv.com.br\/index.php\/wp-json\/wp\/v2\/tags?post=37277"}],"curies":[{"name":"wp","href":"https:\/\/api.w.org\/{rel}","templated":true}]}}