{"id":37310,"date":"2024-08-20T14:03:24","date_gmt":"2024-08-20T17:03:24","guid":{"rendered":"https:\/\/maranhaotv.com.br\/?p=37310"},"modified":"2024-08-20T14:03:34","modified_gmt":"2024-08-20T17:03:34","slug":"dudu-diniz-cancela-ordem-do-dia-para-evitar-que-seu-pedido-de-afastamento-fosse-protocolado","status":"publish","type":"post","link":"https:\/\/maranhaotv.com.br\/index.php\/2024\/08\/20\/dudu-diniz-cancela-ordem-do-dia-para-evitar-que-seu-pedido-de-afastamento-fosse-protocolado\/","title":{"rendered":"Dudu Diniz cancela ordem do dia para evitar que seu pedido de afastamento fosse protocolado"},"content":{"rendered":"\n<p><br><br>Ap\u00f3s reduzir o n\u00famero de sess\u00f5es na C\u00e2mara Municipal de S\u00e3o Jos\u00e9 de Ribamar, que passou de duas para apenas uma por semana, o atual presidente Dudu Diniz, cancelou a sess\u00e3o desta ter\u00e7a-feira,20 Agosto, s\u00f3 para evitar que fosse protocolada a solicita\u00e7\u00e3o de seu afastamento da presidente da casa legislativa, por conta do envolvimento com pessoas invis\u00edveis. No lugar da importante sess\u00e3o, foi agendada apenas uma entrega de t\u00edtulo de cidad\u00e3o ribamarense. <br><br>Sob forte den\u00fancia de improbidade administrativa, surgida ap\u00f3s apresenta\u00e7\u00e3o de provas que datam da exist\u00eancia de um funcion\u00e1rio fantasma na C\u00e2mara Municipal, o atual presidente e pr\u00e9-candidato \u00e0 prefeitura de Ribamar, tenta ganhar tempo na tentativa de uma explica\u00e7\u00e3o menos \u201cruim\u201d que o epis\u00f3dio da diarr\u00e9ia.<br><br>\u00c9 imposs\u00edvel manter a transpar\u00eancia do legislativo, se o presidente tenta evitar, se apropriando do cargo, dar explica\u00e7\u00f5es claras sobre a contrata\u00e7\u00e3o indevida de um funcion\u00e1rio fantasma. Tais manobras desonestas, comprometem toda a C\u00e2mara Municipal de S\u00e3o Jos\u00e9 de Ribamar. <br><br>Se os vereadores n\u00e3o conseguem exercer suas fun\u00e7\u00f5es e cumprir com o que a sociedade espera, fica imposs\u00edvel manter a normalidade e o compromisso pol\u00edtico que cada um assumiu com os ribamarenses.<br>Em meio a um ano eleitoral \u00e9 de suma import\u00e2ncia para os mais de 244.579 (Censo 2022) habitantes do munic\u00edpio de S\u00e3o Jos\u00e9 de Ribamar que o compromisso com o cidad\u00e3o seja a ordem do dia em qualquer \u00f3rg\u00e3o municipal<\/p>\n","protected":false},"excerpt":{"rendered":"<p>Ap\u00f3s reduzir o n\u00famero de sess\u00f5es na C\u00e2mara Municipal de S\u00e3o Jos\u00e9 de Ribamar, que passou de duas para apenas<\/p>\n","protected":false},"author":2,"featured_media":37309,"comment_status":"open","ping_status":"open","sticky":false,"template":"","format":"standard","meta":{"colormag_page_container_layout":"default_layout","colormag_page_sidebar_layout":"default_layout","_jetpack_memberships_contains_paid_content":false,"footnotes":""},"categories":[2],"tags":[],"class_list":["post-37310","post","type-post","status-publish","format-standard","has-post-thumbnail","hentry","category-noticias"],"magazineBlocksPostFeaturedMedia":{"thumbnail":"https:\/\/maranhaotv.com.br\/wp-content\/uploads\/2024\/08\/IMG-20240820-WA0415-150x150.jpg","medium":"https:\/\/maranhaotv.com.br\/wp-content\/uploads\/2024\/08\/IMG-20240820-WA0415-300x197.jpg","medium_large":"https:\/\/maranhaotv.com.br\/wp-content\/uploads\/2024\/08\/IMG-20240820-WA0415.jpg","large":"https:\/\/maranhaotv.com.br\/wp-content\/uploads\/2024\/08\/IMG-20240820-WA0415.jpg","1536x1536":"https:\/\/maranhaotv.com.br\/wp-content\/uploads\/2024\/08\/IMG-20240820-WA0415.jpg","2048x2048":"https:\/\/maranhaotv.com.br\/wp-content\/uploads\/2024\/08\/IMG-20240820-WA0415.jpg","colormag-highlighted-post":"https:\/\/maranhaotv.com.br\/wp-content\/uploads\/2024\/08\/IMG-20240820-WA0415-392x272.jpg","colormag-featured-post-medium":"https:\/\/maranhaotv.com.br\/wp-content\/uploads\/2024\/08\/IMG-20240820-WA0415-390x205.jpg","colormag-featured-post-small":"https:\/\/maranhaotv.com.br\/wp-content\/uploads\/2024\/08\/IMG-20240820-WA0415-130x90.jpg","colormag-featured-image":"https:\/\/maranhaotv.com.br\/wp-content\/uploads\/2024\/08\/IMG-20240820-WA0415-755x445.jpg","colormag-default-news":"https:\/\/maranhaotv.com.br\/wp-content\/uploads\/2024\/08\/IMG-20240820-WA0415-150x150.jpg","colormag-featured-image-large":"https:\/\/maranhaotv.com.br\/wp-content\/uploads\/2024\/08\/IMG-20240820-WA0415.jpg"},"magazineBlocksPostAuthor":{"name":"maranhaotv","avatar":"https:\/\/secure.gravatar.com\/avatar\/8fadbca458d4cb68b1dd399ae9a40618d747bb1af65ac9fad21c89220a143eb4?s=96&d=mm&r=g"},"magazineBlocksPostCommentsNumber":"0","magazineBlocksPostExcerpt":"Ap\u00f3s reduzir o n\u00famero de sess\u00f5es na C\u00e2mara Municipal de S\u00e3o Jos\u00e9 de Ribamar, que passou de duas para apenas","magazineBlocksPostCategories":["not\u00edcias"],"magazineBlocksPostViewCount":242,"magazineBlocksPostReadTime":2,"magazine_blocks_featured_image_url":{"full":["https:\/\/maranhaotv.com.br\/wp-content\/uploads\/2024\/08\/IMG-20240820-WA0415.jpg",755,497,false],"medium":["https:\/\/maranhaotv.com.br\/wp-content\/uploads\/2024\/08\/IMG-20240820-WA0415-300x197.jpg",300,197,true],"thumbnail":["https:\/\/maranhaotv.com.br\/wp-content\/uploads\/2024\/08\/IMG-20240820-WA0415-150x150.jpg",150,150,true]},"magazine_blocks_author":{"display_name":"maranhaotv","author_link":"https:\/\/maranhaotv.com.br\/index.php\/author\/maranhaotv\/"},"magazine_blocks_comment":0,"magazine_blocks_author_image":"https:\/\/secure.gravatar.com\/avatar\/8fadbca458d4cb68b1dd399ae9a40618d747bb1af65ac9fad21c89220a143eb4?s=96&d=mm&r=g","magazine_blocks_category":"<a href=\"#\" class=\"category-link category-link-2\">not\u00edcias<\/a>","yoast_head":"<!-- This site is optimized with the Yoast SEO plugin v27.4 - https:\/\/yoast.com\/product\/yoast-seo-wordpress\/ -->\n<title>Dudu Diniz cancela ordem do dia para evitar que seu pedido de afastamento fosse protocolado - NOT\u00cdCIAS EM TEMPO REAL<\/title>\n<meta name=\"robots\" content=\"index, follow, max-snippet:-1, max-image-preview:large, max-video-preview:-1\" \/>\n<link rel=\"canonical\" href=\"https:\/\/maranhaotv.com.br\/index.php\/2024\/08\/20\/dudu-diniz-cancela-ordem-do-dia-para-evitar-que-seu-pedido-de-afastamento-fosse-protocolado\/\" \/>\n<meta property=\"og:locale\" content=\"pt_BR\" \/>\n<meta property=\"og:type\" content=\"article\" \/>\n<meta property=\"og:title\" content=\"Dudu Diniz cancela ordem do dia para evitar que seu pedido de afastamento fosse protocolado - NOT\u00cdCIAS EM TEMPO REAL\" \/>\n<meta property=\"og:description\" content=\"Ap\u00f3s reduzir o n\u00famero de sess\u00f5es na C\u00e2mara Municipal de S\u00e3o Jos\u00e9 de Ribamar, que passou de duas para apenas\" \/>\n<meta property=\"og:url\" content=\"https:\/\/maranhaotv.com.br\/index.php\/2024\/08\/20\/dudu-diniz-cancela-ordem-do-dia-para-evitar-que-seu-pedido-de-afastamento-fosse-protocolado\/\" \/>\n<meta property=\"og:site_name\" content=\"NOT\u00cdCIAS EM TEMPO REAL\" \/>\n<meta property=\"article:publisher\" content=\"https:\/\/www.facebook.com\/maiobaotv\" \/>\n<meta property=\"article:published_time\" content=\"2024-08-20T17:03:24+00:00\" \/>\n<meta property=\"article:modified_time\" content=\"2024-08-20T17:03:34+00:00\" \/>\n<meta property=\"og:image\" content=\"https:\/\/maranhaotv.com.br\/wp-content\/uploads\/2024\/08\/IMG-20240820-WA0415.jpg\" \/>\n\t<meta property=\"og:image:width\" content=\"755\" \/>\n\t<meta property=\"og:image:height\" content=\"497\" \/>\n\t<meta property=\"og:image:type\" content=\"image\/jpeg\" \/>\n<meta name=\"author\" content=\"maranhaotv\" \/>\n<meta name=\"twitter:card\" content=\"summary_large_image\" \/>\n<meta name=\"twitter:creator\" content=\"@sitemaranhaotv\" \/>\n<meta name=\"twitter:site\" content=\"@sitemaranhaotv\" \/>\n<meta name=\"twitter:label1\" content=\"Escrito por\" \/>\n\t<meta name=\"twitter:data1\" content=\"maranhaotv\" \/>\n\t<meta name=\"twitter:label2\" content=\"Est. tempo de leitura\" \/>\n\t<meta name=\"twitter:data2\" content=\"1 minuto\" \/>\n<script type=\"application\/ld+json\" class=\"yoast-schema-graph\">{\"@context\":\"https:\\\/\\\/schema.org\",\"@graph\":[{\"@type\":\"Article\",\"@id\":\"https:\\\/\\\/maranhaotv.com.br\\\/index.php\\\/2024\\\/08\\\/20\\\/dudu-diniz-cancela-ordem-do-dia-para-evitar-que-seu-pedido-de-afastamento-fosse-protocolado\\\/#article\",\"isPartOf\":{\"@id\":\"https:\\\/\\\/maranhaotv.com.br\\\/index.php\\\/2024\\\/08\\\/20\\\/dudu-diniz-cancela-ordem-do-dia-para-evitar-que-seu-pedido-de-afastamento-fosse-protocolado\\\/\"},\"author\":{\"name\":\"maranhaotv\",\"@id\":\"https:\\\/\\\/maranhaotv.com.br\\\/#\\\/schema\\\/person\\\/3d54238e86b20bb5c89ab2fdb8f8829a\"},\"headline\":\"Dudu Diniz cancela ordem do dia para evitar que seu pedido de afastamento fosse protocolado\",\"datePublished\":\"2024-08-20T17:03:24+00:00\",\"dateModified\":\"2024-08-20T17:03:34+00:00\",\"mainEntityOfPage\":{\"@id\":\"https:\\\/\\\/maranhaotv.com.br\\\/index.php\\\/2024\\\/08\\\/20\\\/dudu-diniz-cancela-ordem-do-dia-para-evitar-que-seu-pedido-de-afastamento-fosse-protocolado\\\/\"},\"wordCount\":278,\"commentCount\":0,\"publisher\":{\"@id\":\"https:\\\/\\\/maranhaotv.com.br\\\/#organization\"},\"image\":{\"@id\":\"https:\\\/\\\/maranhaotv.com.br\\\/index.php\\\/2024\\\/08\\\/20\\\/dudu-diniz-cancela-ordem-do-dia-para-evitar-que-seu-pedido-de-afastamento-fosse-protocolado\\\/#primaryimage\"},\"thumbnailUrl\":\"https:\\\/\\\/maranhaotv.com.br\\\/wp-content\\\/uploads\\\/2024\\\/08\\\/IMG-20240820-WA0415.jpg\",\"articleSection\":[\"not\u00edcias\"],\"inLanguage\":\"pt-BR\",\"potentialAction\":[{\"@type\":\"CommentAction\",\"name\":\"Comment\",\"target\":[\"https:\\\/\\\/maranhaotv.com.br\\\/index.php\\\/2024\\\/08\\\/20\\\/dudu-diniz-cancela-ordem-do-dia-para-evitar-que-seu-pedido-de-afastamento-fosse-protocolado\\\/#respond\"]}]},{\"@type\":\"WebPage\",\"@id\":\"https:\\\/\\\/maranhaotv.com.br\\\/index.php\\\/2024\\\/08\\\/20\\\/dudu-diniz-cancela-ordem-do-dia-para-evitar-que-seu-pedido-de-afastamento-fosse-protocolado\\\/\",\"url\":\"https:\\\/\\\/maranhaotv.com.br\\\/index.php\\\/2024\\\/08\\\/20\\\/dudu-diniz-cancela-ordem-do-dia-para-evitar-que-seu-pedido-de-afastamento-fosse-protocolado\\\/\",\"name\":\"Dudu Diniz cancela ordem do dia para evitar que seu pedido de afastamento fosse protocolado - NOT\u00cdCIAS EM TEMPO REAL\",\"isPartOf\":{\"@id\":\"https:\\\/\\\/maranhaotv.com.br\\\/#website\"},\"primaryImageOfPage\":{\"@id\":\"https:\\\/\\\/maranhaotv.com.br\\\/index.php\\\/2024\\\/08\\\/20\\\/dudu-diniz-cancela-ordem-do-dia-para-evitar-que-seu-pedido-de-afastamento-fosse-protocolado\\\/#primaryimage\"},\"image\":{\"@id\":\"https:\\\/\\\/maranhaotv.com.br\\\/index.php\\\/2024\\\/08\\\/20\\\/dudu-diniz-cancela-ordem-do-dia-para-evitar-que-seu-pedido-de-afastamento-fosse-protocolado\\\/#primaryimage\"},\"thumbnailUrl\":\"https:\\\/\\\/maranhaotv.com.br\\\/wp-content\\\/uploads\\\/2024\\\/08\\\/IMG-20240820-WA0415.jpg\",\"datePublished\":\"2024-08-20T17:03:24+00:00\",\"dateModified\":\"2024-08-20T17:03:34+00:00\",\"breadcrumb\":{\"@id\":\"https:\\\/\\\/maranhaotv.com.br\\\/index.php\\\/2024\\\/08\\\/20\\\/dudu-diniz-cancela-ordem-do-dia-para-evitar-que-seu-pedido-de-afastamento-fosse-protocolado\\\/#breadcrumb\"},\"inLanguage\":\"pt-BR\",\"potentialAction\":[{\"@type\":\"ReadAction\",\"target\":[\"https:\\\/\\\/maranhaotv.com.br\\\/index.php\\\/2024\\\/08\\\/20\\\/dudu-diniz-cancela-ordem-do-dia-para-evitar-que-seu-pedido-de-afastamento-fosse-protocolado\\\/\"]}]},{\"@type\":\"ImageObject\",\"inLanguage\":\"pt-BR\",\"@id\":\"https:\\\/\\\/maranhaotv.com.br\\\/index.php\\\/2024\\\/08\\\/20\\\/dudu-diniz-cancela-ordem-do-dia-para-evitar-que-seu-pedido-de-afastamento-fosse-protocolado\\\/#primaryimage\",\"url\":\"https:\\\/\\\/maranhaotv.com.br\\\/wp-content\\\/uploads\\\/2024\\\/08\\\/IMG-20240820-WA0415.jpg\",\"contentUrl\":\"https:\\\/\\\/maranhaotv.com.br\\\/wp-content\\\/uploads\\\/2024\\\/08\\\/IMG-20240820-WA0415.jpg\",\"width\":755,\"height\":497},{\"@type\":\"BreadcrumbList\",\"@id\":\"https:\\\/\\\/maranhaotv.com.br\\\/index.php\\\/2024\\\/08\\\/20\\\/dudu-diniz-cancela-ordem-do-dia-para-evitar-que-seu-pedido-de-afastamento-fosse-protocolado\\\/#breadcrumb\",\"itemListElement\":[{\"@type\":\"ListItem\",\"position\":1,\"name\":\"In\u00edcio\",\"item\":\"https:\\\/\\\/maranhaotv.com.br\\\/\"},{\"@type\":\"ListItem\",\"position\":2,\"name\":\"Dudu Diniz cancela ordem do dia para evitar que seu pedido de afastamento fosse protocolado\"}]},{\"@type\":\"WebSite\",\"@id\":\"https:\\\/\\\/maranhaotv.com.br\\\/#website\",\"url\":\"https:\\\/\\\/maranhaotv.com.br\\\/\",\"name\":\"Maranh\u00e3oTV\",\"description\":\"\",\"publisher\":{\"@id\":\"https:\\\/\\\/maranhaotv.com.br\\\/#organization\"},\"potentialAction\":[{\"@type\":\"SearchAction\",\"target\":{\"@type\":\"EntryPoint\",\"urlTemplate\":\"https:\\\/\\\/maranhaotv.com.br\\\/?s={search_term_string}\"},\"query-input\":{\"@type\":\"PropertyValueSpecification\",\"valueRequired\":true,\"valueName\":\"search_term_string\"}}],\"inLanguage\":\"pt-BR\"},{\"@type\":\"Organization\",\"@id\":\"https:\\\/\\\/maranhaotv.com.br\\\/#organization\",\"name\":\"Portal de Not\u00edcias\",\"url\":\"https:\\\/\\\/maranhaotv.com.br\\\/\",\"logo\":{\"@type\":\"ImageObject\",\"inLanguage\":\"pt-BR\",\"@id\":\"https:\\\/\\\/maranhaotv.com.br\\\/#\\\/schema\\\/logo\\\/image\\\/\",\"url\":\"https:\\\/\\\/maranhaotv.com.br\\\/wp-content\\\/uploads\\\/2024\\\/05\\\/cropped-cropped-avatar-1.png\",\"contentUrl\":\"https:\\\/\\\/maranhaotv.com.br\\\/wp-content\\\/uploads\\\/2024\\\/05\\\/cropped-cropped-avatar-1.png\",\"width\":792,\"height\":428,\"caption\":\"Portal de Not\u00edcias\"},\"image\":{\"@id\":\"https:\\\/\\\/maranhaotv.com.br\\\/#\\\/schema\\\/logo\\\/image\\\/\"},\"sameAs\":[\"https:\\\/\\\/www.facebook.com\\\/maiobaotv\",\"https:\\\/\\\/x.com\\\/sitemaranhaotv\",\"https:\\\/\\\/www.instagram.com\\\/maranhao.tv\",\"https:\\\/\\\/www.threads.net\\\/@maranhao.tv\"]},{\"@type\":\"Person\",\"@id\":\"https:\\\/\\\/maranhaotv.com.br\\\/#\\\/schema\\\/person\\\/3d54238e86b20bb5c89ab2fdb8f8829a\",\"name\":\"maranhaotv\",\"image\":{\"@type\":\"ImageObject\",\"inLanguage\":\"pt-BR\",\"@id\":\"https:\\\/\\\/secure.gravatar.com\\\/avatar\\\/8fadbca458d4cb68b1dd399ae9a40618d747bb1af65ac9fad21c89220a143eb4?s=96&d=mm&r=g\",\"url\":\"https:\\\/\\\/secure.gravatar.com\\\/avatar\\\/8fadbca458d4cb68b1dd399ae9a40618d747bb1af65ac9fad21c89220a143eb4?s=96&d=mm&r=g\",\"contentUrl\":\"https:\\\/\\\/secure.gravatar.com\\\/avatar\\\/8fadbca458d4cb68b1dd399ae9a40618d747bb1af65ac9fad21c89220a143eb4?s=96&d=mm&r=g\",\"caption\":\"maranhaotv\"},\"sameAs\":[\"https:\\\/\\\/maranhaotv.com.br\\\/\"],\"url\":\"https:\\\/\\\/maranhaotv.com.br\\\/index.php\\\/author\\\/maranhaotv\\\/\"}]}<\/script>\n<!-- \/ Yoast SEO plugin. -->","yoast_head_json":{"title":"Dudu Diniz cancela ordem do dia para evitar que seu pedido de afastamento fosse protocolado - NOT\u00cdCIAS EM TEMPO REAL","robots":{"index":"index","follow":"follow","max-snippet":"max-snippet:-1","max-image-preview":"max-image-preview:large","max-video-preview":"max-video-preview:-1"},"canonical":"https:\/\/maranhaotv.com.br\/index.php\/2024\/08\/20\/dudu-diniz-cancela-ordem-do-dia-para-evitar-que-seu-pedido-de-afastamento-fosse-protocolado\/","og_locale":"pt_BR","og_type":"article","og_title":"Dudu Diniz cancela ordem do dia para evitar que seu pedido de afastamento fosse protocolado - NOT\u00cdCIAS EM TEMPO REAL","og_description":"Ap\u00f3s reduzir o n\u00famero de sess\u00f5es na C\u00e2mara Municipal de S\u00e3o Jos\u00e9 de Ribamar, que passou de duas para apenas","og_url":"https:\/\/maranhaotv.com.br\/index.php\/2024\/08\/20\/dudu-diniz-cancela-ordem-do-dia-para-evitar-que-seu-pedido-de-afastamento-fosse-protocolado\/","og_site_name":"NOT\u00cdCIAS EM TEMPO REAL","article_publisher":"https:\/\/www.facebook.com\/maiobaotv","article_published_time":"2024-08-20T17:03:24+00:00","article_modified_time":"2024-08-20T17:03:34+00:00","og_image":[{"width":755,"height":497,"url":"https:\/\/maranhaotv.com.br\/wp-content\/uploads\/2024\/08\/IMG-20240820-WA0415.jpg","type":"image\/jpeg"}],"author":"maranhaotv","twitter_card":"summary_large_image","twitter_creator":"@sitemaranhaotv","twitter_site":"@sitemaranhaotv","twitter_misc":{"Escrito por":"maranhaotv","Est. tempo de leitura":"1 minuto"},"schema":{"@context":"https:\/\/schema.org","@graph":[{"@type":"Article","@id":"https:\/\/maranhaotv.com.br\/index.php\/2024\/08\/20\/dudu-diniz-cancela-ordem-do-dia-para-evitar-que-seu-pedido-de-afastamento-fosse-protocolado\/#article","isPartOf":{"@id":"https:\/\/maranhaotv.com.br\/index.php\/2024\/08\/20\/dudu-diniz-cancela-ordem-do-dia-para-evitar-que-seu-pedido-de-afastamento-fosse-protocolado\/"},"author":{"name":"maranhaotv","@id":"https:\/\/maranhaotv.com.br\/#\/schema\/person\/3d54238e86b20bb5c89ab2fdb8f8829a"},"headline":"Dudu Diniz cancela ordem do dia para evitar que seu pedido de afastamento fosse protocolado","datePublished":"2024-08-20T17:03:24+00:00","dateModified":"2024-08-20T17:03:34+00:00","mainEntityOfPage":{"@id":"https:\/\/maranhaotv.com.br\/index.php\/2024\/08\/20\/dudu-diniz-cancela-ordem-do-dia-para-evitar-que-seu-pedido-de-afastamento-fosse-protocolado\/"},"wordCount":278,"commentCount":0,"publisher":{"@id":"https:\/\/maranhaotv.com.br\/#organization"},"image":{"@id":"https:\/\/maranhaotv.com.br\/index.php\/2024\/08\/20\/dudu-diniz-cancela-ordem-do-dia-para-evitar-que-seu-pedido-de-afastamento-fosse-protocolado\/#primaryimage"},"thumbnailUrl":"https:\/\/maranhaotv.com.br\/wp-content\/uploads\/2024\/08\/IMG-20240820-WA0415.jpg","articleSection":["not\u00edcias"],"inLanguage":"pt-BR","potentialAction":[{"@type":"CommentAction","name":"Comment","target":["https:\/\/maranhaotv.com.br\/index.php\/2024\/08\/20\/dudu-diniz-cancela-ordem-do-dia-para-evitar-que-seu-pedido-de-afastamento-fosse-protocolado\/#respond"]}]},{"@type":"WebPage","@id":"https:\/\/maranhaotv.com.br\/index.php\/2024\/08\/20\/dudu-diniz-cancela-ordem-do-dia-para-evitar-que-seu-pedido-de-afastamento-fosse-protocolado\/","url":"https:\/\/maranhaotv.com.br\/index.php\/2024\/08\/20\/dudu-diniz-cancela-ordem-do-dia-para-evitar-que-seu-pedido-de-afastamento-fosse-protocolado\/","name":"Dudu Diniz cancela ordem do dia para evitar que seu pedido de afastamento fosse protocolado - NOT\u00cdCIAS EM TEMPO REAL","isPartOf":{"@id":"https:\/\/maranhaotv.com.br\/#website"},"primaryImageOfPage":{"@id":"https:\/\/maranhaotv.com.br\/index.php\/2024\/08\/20\/dudu-diniz-cancela-ordem-do-dia-para-evitar-que-seu-pedido-de-afastamento-fosse-protocolado\/#primaryimage"},"image":{"@id":"https:\/\/maranhaotv.com.br\/index.php\/2024\/08\/20\/dudu-diniz-cancela-ordem-do-dia-para-evitar-que-seu-pedido-de-afastamento-fosse-protocolado\/#primaryimage"},"thumbnailUrl":"https:\/\/maranhaotv.com.br\/wp-content\/uploads\/2024\/08\/IMG-20240820-WA0415.jpg","datePublished":"2024-08-20T17:03:24+00:00","dateModified":"2024-08-20T17:03:34+00:00","breadcrumb":{"@id":"https:\/\/maranhaotv.com.br\/index.php\/2024\/08\/20\/dudu-diniz-cancela-ordem-do-dia-para-evitar-que-seu-pedido-de-afastamento-fosse-protocolado\/#breadcrumb"},"inLanguage":"pt-BR","potentialAction":[{"@type":"ReadAction","target":["https:\/\/maranhaotv.com.br\/index.php\/2024\/08\/20\/dudu-diniz-cancela-ordem-do-dia-para-evitar-que-seu-pedido-de-afastamento-fosse-protocolado\/"]}]},{"@type":"ImageObject","inLanguage":"pt-BR","@id":"https:\/\/maranhaotv.com.br\/index.php\/2024\/08\/20\/dudu-diniz-cancela-ordem-do-dia-para-evitar-que-seu-pedido-de-afastamento-fosse-protocolado\/#primaryimage","url":"https:\/\/maranhaotv.com.br\/wp-content\/uploads\/2024\/08\/IMG-20240820-WA0415.jpg","contentUrl":"https:\/\/maranhaotv.com.br\/wp-content\/uploads\/2024\/08\/IMG-20240820-WA0415.jpg","width":755,"height":497},{"@type":"BreadcrumbList","@id":"https:\/\/maranhaotv.com.br\/index.php\/2024\/08\/20\/dudu-diniz-cancela-ordem-do-dia-para-evitar-que-seu-pedido-de-afastamento-fosse-protocolado\/#breadcrumb","itemListElement":[{"@type":"ListItem","position":1,"name":"In\u00edcio","item":"https:\/\/maranhaotv.com.br\/"},{"@type":"ListItem","position":2,"name":"Dudu Diniz cancela ordem do dia para evitar que seu pedido de afastamento fosse protocolado"}]},{"@type":"WebSite","@id":"https:\/\/maranhaotv.com.br\/#website","url":"https:\/\/maranhaotv.com.br\/","name":"Maranh\u00e3oTV","description":"","publisher":{"@id":"https:\/\/maranhaotv.com.br\/#organization"},"potentialAction":[{"@type":"SearchAction","target":{"@type":"EntryPoint","urlTemplate":"https:\/\/maranhaotv.com.br\/?s={search_term_string}"},"query-input":{"@type":"PropertyValueSpecification","valueRequired":true,"valueName":"search_term_string"}}],"inLanguage":"pt-BR"},{"@type":"Organization","@id":"https:\/\/maranhaotv.com.br\/#organization","name":"Portal de Not\u00edcias","url":"https:\/\/maranhaotv.com.br\/","logo":{"@type":"ImageObject","inLanguage":"pt-BR","@id":"https:\/\/maranhaotv.com.br\/#\/schema\/logo\/image\/","url":"https:\/\/maranhaotv.com.br\/wp-content\/uploads\/2024\/05\/cropped-cropped-avatar-1.png","contentUrl":"https:\/\/maranhaotv.com.br\/wp-content\/uploads\/2024\/05\/cropped-cropped-avatar-1.png","width":792,"height":428,"caption":"Portal de Not\u00edcias"},"image":{"@id":"https:\/\/maranhaotv.com.br\/#\/schema\/logo\/image\/"},"sameAs":["https:\/\/www.facebook.com\/maiobaotv","https:\/\/x.com\/sitemaranhaotv","https:\/\/www.instagram.com\/maranhao.tv","https:\/\/www.threads.net\/@maranhao.tv"]},{"@type":"Person","@id":"https:\/\/maranhaotv.com.br\/#\/schema\/person\/3d54238e86b20bb5c89ab2fdb8f8829a","name":"maranhaotv","image":{"@type":"ImageObject","inLanguage":"pt-BR","@id":"https:\/\/secure.gravatar.com\/avatar\/8fadbca458d4cb68b1dd399ae9a40618d747bb1af65ac9fad21c89220a143eb4?s=96&d=mm&r=g","url":"https:\/\/secure.gravatar.com\/avatar\/8fadbca458d4cb68b1dd399ae9a40618d747bb1af65ac9fad21c89220a143eb4?s=96&d=mm&r=g","contentUrl":"https:\/\/secure.gravatar.com\/avatar\/8fadbca458d4cb68b1dd399ae9a40618d747bb1af65ac9fad21c89220a143eb4?s=96&d=mm&r=g","caption":"maranhaotv"},"sameAs":["https:\/\/maranhaotv.com.br\/"],"url":"https:\/\/maranhaotv.com.br\/index.php\/author\/maranhaotv\/"}]}},"jetpack_featured_media_url":"https:\/\/maranhaotv.com.br\/wp-content\/uploads\/2024\/08\/IMG-20240820-WA0415.jpg","jetpack_sharing_enabled":true,"_links":{"self":[{"href":"https:\/\/maranhaotv.com.br\/index.php\/wp-json\/wp\/v2\/posts\/37310","targetHints":{"allow":["GET"]}}],"collection":[{"href":"https:\/\/maranhaotv.com.br\/index.php\/wp-json\/wp\/v2\/posts"}],"about":[{"href":"https:\/\/maranhaotv.com.br\/index.php\/wp-json\/wp\/v2\/types\/post"}],"author":[{"embeddable":true,"href":"https:\/\/maranhaotv.com.br\/index.php\/wp-json\/wp\/v2\/users\/2"}],"replies":[{"embeddable":true,"href":"https:\/\/maranhaotv.com.br\/index.php\/wp-json\/wp\/v2\/comments?post=37310"}],"version-history":[{"count":1,"href":"https:\/\/maranhaotv.com.br\/index.php\/wp-json\/wp\/v2\/posts\/37310\/revisions"}],"predecessor-version":[{"id":37311,"href":"https:\/\/maranhaotv.com.br\/index.php\/wp-json\/wp\/v2\/posts\/37310\/revisions\/37311"}],"wp:featuredmedia":[{"embeddable":true,"href":"https:\/\/maranhaotv.com.br\/index.php\/wp-json\/wp\/v2\/media\/37309"}],"wp:attachment":[{"href":"https:\/\/maranhaotv.com.br\/index.php\/wp-json\/wp\/v2\/media?parent=37310"}],"wp:term":[{"taxonomy":"category","embeddable":true,"href":"https:\/\/maranhaotv.com.br\/index.php\/wp-json\/wp\/v2\/categories?post=37310"},{"taxonomy":"post_tag","embeddable":true,"href":"https:\/\/maranhaotv.com.br\/index.php\/wp-json\/wp\/v2\/tags?post=37310"}],"curies":[{"name":"wp","href":"https:\/\/api.w.org\/{rel}","templated":true}]}}