{"id":37320,"date":"2024-08-20T18:33:15","date_gmt":"2024-08-20T21:33:15","guid":{"rendered":"https:\/\/maranhaotv.com.br\/?p=37320"},"modified":"2024-08-20T18:33:32","modified_gmt":"2024-08-20T21:33:32","slug":"tonho-braide-irmao-do-prefeito-de-sao-luis-eduardo-braide-e-preso-pela-policia-civil-do-maranhao-durante-operacao-de-busca-e-apreensao","status":"publish","type":"post","link":"https:\/\/maranhaotv.com.br\/index.php\/2024\/08\/20\/tonho-braide-irmao-do-prefeito-de-sao-luis-eduardo-braide-e-preso-pela-policia-civil-do-maranhao-durante-operacao-de-busca-e-apreensao\/","title":{"rendered":"Tonho Braide, irm\u00e3o do prefeito de S\u00e3o Lu\u00eds, Eduardo Braide \u00e9 preso pela Pol\u00edcia Civil do Maranh\u00e3o durante opera\u00e7\u00e3o de busca e apreens\u00e3o"},"content":{"rendered":"\n<p>Na tarde desta ter\u00e7a-feira (20), a Pol\u00edcia Civil do Maranh\u00e3o, durante cumprimento de mandado de busca e apreens\u00e3o, encontrou muni\u00e7\u00f5es e um carregador de pistola no apartamento do m\u00e9dico Ant\u00f4nio Carlos Salim Braide, conhecido como \u201cTonho\u201d, irm\u00e3o do prefeito de S\u00e3o Lu\u00eds, Eduardo Braide (PSD). <br><br>Tonho Braide foi preso e levado para a Superintend\u00eancia Estadual de Investiga\u00e7\u00f5es Criminais (SEIC). A pris\u00e3o est\u00e1 relacionada \u00e0 investiga\u00e7\u00e3o do caso do Renault Clio vermelho, encontrado em 30 de julho, com R$ 1.109.350,00 em seu porta-malas.<br><br>Tonho \u00e9 investigado no inqu\u00e9rito e foi intimado a depor no in\u00edcio do m\u00eas, mas n\u00e3o compareceu. O ex-deputado Carlos Braide, seu pai, se apresentou em seu lugar. <br><br>A defesa de Tonho afirma que o Honda Fit, usado por Guilherme Ferreira Teixeira, \u00e9 de uso compartilhado pela fam\u00edlia Braide. O prefeito Eduardo Braide, em v\u00eddeo, disse que o carro, registrado no nome de sua falecida m\u00e3e, \u00e9 de uso exclusivo de Tonho, com quem n\u00e3o fala h\u00e1 quase tr\u00eas anos.<br><br>Carlos Augusto Diniz da Costa, que se apresentou como dono do Clio, e &#8220;Bucho&#8221;, outro envolvido, permanecem sob investiga\u00e7\u00e3o e j\u00e1 foram alvos de buscas.<\/p>\n","protected":false},"excerpt":{"rendered":"<p>Na tarde desta ter\u00e7a-feira (20), a Pol\u00edcia Civil do Maranh\u00e3o, durante cumprimento de mandado de busca e apreens\u00e3o, encontrou muni\u00e7\u00f5es<\/p>\n","protected":false},"author":2,"featured_media":37319,"comment_status":"open","ping_status":"open","sticky":false,"template":"","format":"standard","meta":{"colormag_page_container_layout":"default_layout","colormag_page_sidebar_layout":"default_layout","_jetpack_memberships_contains_paid_content":false,"footnotes":""},"categories":[3],"tags":[],"class_list":["post-37320","post","type-post","status-publish","format-standard","has-post-thumbnail","hentry","category-policial"],"magazineBlocksPostFeaturedMedia":{"thumbnail":"https:\/\/maranhaotv.com.br\/wp-content\/uploads\/2024\/08\/IMG-20240820-WA1278-150x150.jpg","medium":"https:\/\/maranhaotv.com.br\/wp-content\/uploads\/2024\/08\/IMG-20240820-WA1278-300x169.jpg","medium_large":"https:\/\/maranhaotv.com.br\/wp-content\/uploads\/2024\/08\/IMG-20240820-WA1278-768x432.jpg","large":"https:\/\/maranhaotv.com.br\/wp-content\/uploads\/2024\/08\/IMG-20240820-WA1278-1024x576.jpg","1536x1536":"https:\/\/maranhaotv.com.br\/wp-content\/uploads\/2024\/08\/IMG-20240820-WA1278-1536x864.jpg","2048x2048":"https:\/\/maranhaotv.com.br\/wp-content\/uploads\/2024\/08\/IMG-20240820-WA1278.jpg","colormag-highlighted-post":"https:\/\/maranhaotv.com.br\/wp-content\/uploads\/2024\/08\/IMG-20240820-WA1278-392x272.jpg","colormag-featured-post-medium":"https:\/\/maranhaotv.com.br\/wp-content\/uploads\/2024\/08\/IMG-20240820-WA1278-390x205.jpg","colormag-featured-post-small":"https:\/\/maranhaotv.com.br\/wp-content\/uploads\/2024\/08\/IMG-20240820-WA1278-130x90.jpg","colormag-featured-image":"https:\/\/maranhaotv.com.br\/wp-content\/uploads\/2024\/08\/IMG-20240820-WA1278-800x445.jpg","colormag-default-news":"https:\/\/maranhaotv.com.br\/wp-content\/uploads\/2024\/08\/IMG-20240820-WA1278-150x150.jpg","colormag-featured-image-large":"https:\/\/maranhaotv.com.br\/wp-content\/uploads\/2024\/08\/IMG-20240820-WA1278-1400x600.jpg"},"magazineBlocksPostAuthor":{"name":"maranhaotv","avatar":"https:\/\/secure.gravatar.com\/avatar\/8fadbca458d4cb68b1dd399ae9a40618d747bb1af65ac9fad21c89220a143eb4?s=96&d=mm&r=g"},"magazineBlocksPostCommentsNumber":"0","magazineBlocksPostExcerpt":"Na tarde desta ter\u00e7a-feira (20), a Pol\u00edcia Civil do Maranh\u00e3o, durante cumprimento de mandado de busca e apreens\u00e3o, encontrou muni\u00e7\u00f5es","magazineBlocksPostCategories":["policial"],"magazineBlocksPostViewCount":278,"magazineBlocksPostReadTime":2,"magazine_blocks_featured_image_url":{"full":["https:\/\/maranhaotv.com.br\/wp-content\/uploads\/2024\/08\/IMG-20240820-WA1278.jpg",1600,900,false],"medium":["https:\/\/maranhaotv.com.br\/wp-content\/uploads\/2024\/08\/IMG-20240820-WA1278-300x169.jpg",300,169,true],"thumbnail":["https:\/\/maranhaotv.com.br\/wp-content\/uploads\/2024\/08\/IMG-20240820-WA1278-150x150.jpg",150,150,true]},"magazine_blocks_author":{"display_name":"maranhaotv","author_link":"https:\/\/maranhaotv.com.br\/index.php\/author\/maranhaotv\/"},"magazine_blocks_comment":0,"magazine_blocks_author_image":"https:\/\/secure.gravatar.com\/avatar\/8fadbca458d4cb68b1dd399ae9a40618d747bb1af65ac9fad21c89220a143eb4?s=96&d=mm&r=g","magazine_blocks_category":"<a href=\"#\" class=\"category-link category-link-3\">policial<\/a>","yoast_head":"<!-- This site is optimized with the Yoast SEO plugin v27.4 - https:\/\/yoast.com\/product\/yoast-seo-wordpress\/ -->\n<title>Tonho Braide, irm\u00e3o do prefeito de S\u00e3o Lu\u00eds, Eduardo Braide \u00e9 preso pela Pol\u00edcia Civil do Maranh\u00e3o durante opera\u00e7\u00e3o de busca e apreens\u00e3o - NOT\u00cdCIAS EM TEMPO REAL<\/title>\n<meta name=\"robots\" content=\"index, follow, max-snippet:-1, max-image-preview:large, max-video-preview:-1\" \/>\n<link rel=\"canonical\" href=\"https:\/\/maranhaotv.com.br\/index.php\/2024\/08\/20\/tonho-braide-irmao-do-prefeito-de-sao-luis-eduardo-braide-e-preso-pela-policia-civil-do-maranhao-durante-operacao-de-busca-e-apreensao\/\" \/>\n<meta property=\"og:locale\" content=\"pt_BR\" \/>\n<meta property=\"og:type\" content=\"article\" \/>\n<meta property=\"og:title\" content=\"Tonho Braide, irm\u00e3o do prefeito de S\u00e3o Lu\u00eds, Eduardo Braide \u00e9 preso pela Pol\u00edcia Civil do Maranh\u00e3o durante opera\u00e7\u00e3o de busca e apreens\u00e3o - NOT\u00cdCIAS EM TEMPO REAL\" \/>\n<meta property=\"og:description\" content=\"Na tarde desta ter\u00e7a-feira (20), a Pol\u00edcia Civil do Maranh\u00e3o, durante cumprimento de mandado de busca e apreens\u00e3o, encontrou muni\u00e7\u00f5es\" \/>\n<meta property=\"og:url\" content=\"https:\/\/maranhaotv.com.br\/index.php\/2024\/08\/20\/tonho-braide-irmao-do-prefeito-de-sao-luis-eduardo-braide-e-preso-pela-policia-civil-do-maranhao-durante-operacao-de-busca-e-apreensao\/\" \/>\n<meta property=\"og:site_name\" content=\"NOT\u00cdCIAS EM TEMPO REAL\" \/>\n<meta property=\"article:publisher\" content=\"https:\/\/www.facebook.com\/maiobaotv\" \/>\n<meta property=\"article:published_time\" content=\"2024-08-20T21:33:15+00:00\" \/>\n<meta property=\"article:modified_time\" content=\"2024-08-20T21:33:32+00:00\" \/>\n<meta property=\"og:image\" content=\"https:\/\/maranhaotv.com.br\/wp-content\/uploads\/2024\/08\/IMG-20240820-WA1278.jpg\" \/>\n\t<meta property=\"og:image:width\" content=\"1600\" \/>\n\t<meta property=\"og:image:height\" content=\"900\" \/>\n\t<meta property=\"og:image:type\" content=\"image\/jpeg\" \/>\n<meta name=\"author\" content=\"maranhaotv\" \/>\n<meta name=\"twitter:card\" content=\"summary_large_image\" \/>\n<meta name=\"twitter:creator\" content=\"@sitemaranhaotv\" \/>\n<meta name=\"twitter:site\" content=\"@sitemaranhaotv\" \/>\n<meta name=\"twitter:label1\" content=\"Escrito por\" \/>\n\t<meta name=\"twitter:data1\" content=\"maranhaotv\" \/>\n\t<meta name=\"twitter:label2\" content=\"Est. tempo de leitura\" \/>\n\t<meta name=\"twitter:data2\" content=\"1 minuto\" \/>\n<script type=\"application\/ld+json\" class=\"yoast-schema-graph\">{\"@context\":\"https:\\\/\\\/schema.org\",\"@graph\":[{\"@type\":\"Article\",\"@id\":\"https:\\\/\\\/maranhaotv.com.br\\\/index.php\\\/2024\\\/08\\\/20\\\/tonho-braide-irmao-do-prefeito-de-sao-luis-eduardo-braide-e-preso-pela-policia-civil-do-maranhao-durante-operacao-de-busca-e-apreensao\\\/#article\",\"isPartOf\":{\"@id\":\"https:\\\/\\\/maranhaotv.com.br\\\/index.php\\\/2024\\\/08\\\/20\\\/tonho-braide-irmao-do-prefeito-de-sao-luis-eduardo-braide-e-preso-pela-policia-civil-do-maranhao-durante-operacao-de-busca-e-apreensao\\\/\"},\"author\":{\"name\":\"maranhaotv\",\"@id\":\"https:\\\/\\\/maranhaotv.com.br\\\/#\\\/schema\\\/person\\\/3d54238e86b20bb5c89ab2fdb8f8829a\"},\"headline\":\"Tonho Braide, irm\u00e3o do prefeito de S\u00e3o Lu\u00eds, Eduardo Braide \u00e9 preso pela Pol\u00edcia Civil do Maranh\u00e3o durante opera\u00e7\u00e3o de busca e apreens\u00e3o\",\"datePublished\":\"2024-08-20T21:33:15+00:00\",\"dateModified\":\"2024-08-20T21:33:32+00:00\",\"mainEntityOfPage\":{\"@id\":\"https:\\\/\\\/maranhaotv.com.br\\\/index.php\\\/2024\\\/08\\\/20\\\/tonho-braide-irmao-do-prefeito-de-sao-luis-eduardo-braide-e-preso-pela-policia-civil-do-maranhao-durante-operacao-de-busca-e-apreensao\\\/\"},\"wordCount\":233,\"commentCount\":0,\"publisher\":{\"@id\":\"https:\\\/\\\/maranhaotv.com.br\\\/#organization\"},\"image\":{\"@id\":\"https:\\\/\\\/maranhaotv.com.br\\\/index.php\\\/2024\\\/08\\\/20\\\/tonho-braide-irmao-do-prefeito-de-sao-luis-eduardo-braide-e-preso-pela-policia-civil-do-maranhao-durante-operacao-de-busca-e-apreensao\\\/#primaryimage\"},\"thumbnailUrl\":\"https:\\\/\\\/maranhaotv.com.br\\\/wp-content\\\/uploads\\\/2024\\\/08\\\/IMG-20240820-WA1278.jpg\",\"articleSection\":[\"policial\"],\"inLanguage\":\"pt-BR\",\"potentialAction\":[{\"@type\":\"CommentAction\",\"name\":\"Comment\",\"target\":[\"https:\\\/\\\/maranhaotv.com.br\\\/index.php\\\/2024\\\/08\\\/20\\\/tonho-braide-irmao-do-prefeito-de-sao-luis-eduardo-braide-e-preso-pela-policia-civil-do-maranhao-durante-operacao-de-busca-e-apreensao\\\/#respond\"]}]},{\"@type\":\"WebPage\",\"@id\":\"https:\\\/\\\/maranhaotv.com.br\\\/index.php\\\/2024\\\/08\\\/20\\\/tonho-braide-irmao-do-prefeito-de-sao-luis-eduardo-braide-e-preso-pela-policia-civil-do-maranhao-durante-operacao-de-busca-e-apreensao\\\/\",\"url\":\"https:\\\/\\\/maranhaotv.com.br\\\/index.php\\\/2024\\\/08\\\/20\\\/tonho-braide-irmao-do-prefeito-de-sao-luis-eduardo-braide-e-preso-pela-policia-civil-do-maranhao-durante-operacao-de-busca-e-apreensao\\\/\",\"name\":\"Tonho Braide, irm\u00e3o do prefeito de S\u00e3o Lu\u00eds, Eduardo Braide \u00e9 preso pela Pol\u00edcia Civil do Maranh\u00e3o durante opera\u00e7\u00e3o de busca e apreens\u00e3o - NOT\u00cdCIAS EM TEMPO REAL\",\"isPartOf\":{\"@id\":\"https:\\\/\\\/maranhaotv.com.br\\\/#website\"},\"primaryImageOfPage\":{\"@id\":\"https:\\\/\\\/maranhaotv.com.br\\\/index.php\\\/2024\\\/08\\\/20\\\/tonho-braide-irmao-do-prefeito-de-sao-luis-eduardo-braide-e-preso-pela-policia-civil-do-maranhao-durante-operacao-de-busca-e-apreensao\\\/#primaryimage\"},\"image\":{\"@id\":\"https:\\\/\\\/maranhaotv.com.br\\\/index.php\\\/2024\\\/08\\\/20\\\/tonho-braide-irmao-do-prefeito-de-sao-luis-eduardo-braide-e-preso-pela-policia-civil-do-maranhao-durante-operacao-de-busca-e-apreensao\\\/#primaryimage\"},\"thumbnailUrl\":\"https:\\\/\\\/maranhaotv.com.br\\\/wp-content\\\/uploads\\\/2024\\\/08\\\/IMG-20240820-WA1278.jpg\",\"datePublished\":\"2024-08-20T21:33:15+00:00\",\"dateModified\":\"2024-08-20T21:33:32+00:00\",\"breadcrumb\":{\"@id\":\"https:\\\/\\\/maranhaotv.com.br\\\/index.php\\\/2024\\\/08\\\/20\\\/tonho-braide-irmao-do-prefeito-de-sao-luis-eduardo-braide-e-preso-pela-policia-civil-do-maranhao-durante-operacao-de-busca-e-apreensao\\\/#breadcrumb\"},\"inLanguage\":\"pt-BR\",\"potentialAction\":[{\"@type\":\"ReadAction\",\"target\":[\"https:\\\/\\\/maranhaotv.com.br\\\/index.php\\\/2024\\\/08\\\/20\\\/tonho-braide-irmao-do-prefeito-de-sao-luis-eduardo-braide-e-preso-pela-policia-civil-do-maranhao-durante-operacao-de-busca-e-apreensao\\\/\"]}]},{\"@type\":\"ImageObject\",\"inLanguage\":\"pt-BR\",\"@id\":\"https:\\\/\\\/maranhaotv.com.br\\\/index.php\\\/2024\\\/08\\\/20\\\/tonho-braide-irmao-do-prefeito-de-sao-luis-eduardo-braide-e-preso-pela-policia-civil-do-maranhao-durante-operacao-de-busca-e-apreensao\\\/#primaryimage\",\"url\":\"https:\\\/\\\/maranhaotv.com.br\\\/wp-content\\\/uploads\\\/2024\\\/08\\\/IMG-20240820-WA1278.jpg\",\"contentUrl\":\"https:\\\/\\\/maranhaotv.com.br\\\/wp-content\\\/uploads\\\/2024\\\/08\\\/IMG-20240820-WA1278.jpg\",\"width\":1600,\"height\":900},{\"@type\":\"BreadcrumbList\",\"@id\":\"https:\\\/\\\/maranhaotv.com.br\\\/index.php\\\/2024\\\/08\\\/20\\\/tonho-braide-irmao-do-prefeito-de-sao-luis-eduardo-braide-e-preso-pela-policia-civil-do-maranhao-durante-operacao-de-busca-e-apreensao\\\/#breadcrumb\",\"itemListElement\":[{\"@type\":\"ListItem\",\"position\":1,\"name\":\"In\u00edcio\",\"item\":\"https:\\\/\\\/maranhaotv.com.br\\\/\"},{\"@type\":\"ListItem\",\"position\":2,\"name\":\"Tonho Braide, irm\u00e3o do prefeito de S\u00e3o Lu\u00eds, Eduardo Braide \u00e9 preso pela Pol\u00edcia Civil do Maranh\u00e3o durante opera\u00e7\u00e3o de busca e apreens\u00e3o\"}]},{\"@type\":\"WebSite\",\"@id\":\"https:\\\/\\\/maranhaotv.com.br\\\/#website\",\"url\":\"https:\\\/\\\/maranhaotv.com.br\\\/\",\"name\":\"Maranh\u00e3oTV\",\"description\":\"\",\"publisher\":{\"@id\":\"https:\\\/\\\/maranhaotv.com.br\\\/#organization\"},\"potentialAction\":[{\"@type\":\"SearchAction\",\"target\":{\"@type\":\"EntryPoint\",\"urlTemplate\":\"https:\\\/\\\/maranhaotv.com.br\\\/?s={search_term_string}\"},\"query-input\":{\"@type\":\"PropertyValueSpecification\",\"valueRequired\":true,\"valueName\":\"search_term_string\"}}],\"inLanguage\":\"pt-BR\"},{\"@type\":\"Organization\",\"@id\":\"https:\\\/\\\/maranhaotv.com.br\\\/#organization\",\"name\":\"Portal de Not\u00edcias\",\"url\":\"https:\\\/\\\/maranhaotv.com.br\\\/\",\"logo\":{\"@type\":\"ImageObject\",\"inLanguage\":\"pt-BR\",\"@id\":\"https:\\\/\\\/maranhaotv.com.br\\\/#\\\/schema\\\/logo\\\/image\\\/\",\"url\":\"https:\\\/\\\/maranhaotv.com.br\\\/wp-content\\\/uploads\\\/2024\\\/05\\\/cropped-cropped-avatar-1.png\",\"contentUrl\":\"https:\\\/\\\/maranhaotv.com.br\\\/wp-content\\\/uploads\\\/2024\\\/05\\\/cropped-cropped-avatar-1.png\",\"width\":792,\"height\":428,\"caption\":\"Portal de Not\u00edcias\"},\"image\":{\"@id\":\"https:\\\/\\\/maranhaotv.com.br\\\/#\\\/schema\\\/logo\\\/image\\\/\"},\"sameAs\":[\"https:\\\/\\\/www.facebook.com\\\/maiobaotv\",\"https:\\\/\\\/x.com\\\/sitemaranhaotv\",\"https:\\\/\\\/www.instagram.com\\\/maranhao.tv\",\"https:\\\/\\\/www.threads.net\\\/@maranhao.tv\"]},{\"@type\":\"Person\",\"@id\":\"https:\\\/\\\/maranhaotv.com.br\\\/#\\\/schema\\\/person\\\/3d54238e86b20bb5c89ab2fdb8f8829a\",\"name\":\"maranhaotv\",\"image\":{\"@type\":\"ImageObject\",\"inLanguage\":\"pt-BR\",\"@id\":\"https:\\\/\\\/secure.gravatar.com\\\/avatar\\\/8fadbca458d4cb68b1dd399ae9a40618d747bb1af65ac9fad21c89220a143eb4?s=96&d=mm&r=g\",\"url\":\"https:\\\/\\\/secure.gravatar.com\\\/avatar\\\/8fadbca458d4cb68b1dd399ae9a40618d747bb1af65ac9fad21c89220a143eb4?s=96&d=mm&r=g\",\"contentUrl\":\"https:\\\/\\\/secure.gravatar.com\\\/avatar\\\/8fadbca458d4cb68b1dd399ae9a40618d747bb1af65ac9fad21c89220a143eb4?s=96&d=mm&r=g\",\"caption\":\"maranhaotv\"},\"sameAs\":[\"https:\\\/\\\/maranhaotv.com.br\\\/\"],\"url\":\"https:\\\/\\\/maranhaotv.com.br\\\/index.php\\\/author\\\/maranhaotv\\\/\"}]}<\/script>\n<!-- \/ Yoast SEO plugin. -->","yoast_head_json":{"title":"Tonho Braide, irm\u00e3o do prefeito de S\u00e3o Lu\u00eds, Eduardo Braide \u00e9 preso pela Pol\u00edcia Civil do Maranh\u00e3o durante opera\u00e7\u00e3o de busca e apreens\u00e3o - NOT\u00cdCIAS EM TEMPO REAL","robots":{"index":"index","follow":"follow","max-snippet":"max-snippet:-1","max-image-preview":"max-image-preview:large","max-video-preview":"max-video-preview:-1"},"canonical":"https:\/\/maranhaotv.com.br\/index.php\/2024\/08\/20\/tonho-braide-irmao-do-prefeito-de-sao-luis-eduardo-braide-e-preso-pela-policia-civil-do-maranhao-durante-operacao-de-busca-e-apreensao\/","og_locale":"pt_BR","og_type":"article","og_title":"Tonho Braide, irm\u00e3o do prefeito de S\u00e3o Lu\u00eds, Eduardo Braide \u00e9 preso pela Pol\u00edcia Civil do Maranh\u00e3o durante opera\u00e7\u00e3o de busca e apreens\u00e3o - NOT\u00cdCIAS EM TEMPO REAL","og_description":"Na tarde desta ter\u00e7a-feira (20), a Pol\u00edcia Civil do Maranh\u00e3o, durante cumprimento de mandado de busca e apreens\u00e3o, encontrou muni\u00e7\u00f5es","og_url":"https:\/\/maranhaotv.com.br\/index.php\/2024\/08\/20\/tonho-braide-irmao-do-prefeito-de-sao-luis-eduardo-braide-e-preso-pela-policia-civil-do-maranhao-durante-operacao-de-busca-e-apreensao\/","og_site_name":"NOT\u00cdCIAS EM TEMPO REAL","article_publisher":"https:\/\/www.facebook.com\/maiobaotv","article_published_time":"2024-08-20T21:33:15+00:00","article_modified_time":"2024-08-20T21:33:32+00:00","og_image":[{"width":1600,"height":900,"url":"https:\/\/maranhaotv.com.br\/wp-content\/uploads\/2024\/08\/IMG-20240820-WA1278.jpg","type":"image\/jpeg"}],"author":"maranhaotv","twitter_card":"summary_large_image","twitter_creator":"@sitemaranhaotv","twitter_site":"@sitemaranhaotv","twitter_misc":{"Escrito por":"maranhaotv","Est. tempo de leitura":"1 minuto"},"schema":{"@context":"https:\/\/schema.org","@graph":[{"@type":"Article","@id":"https:\/\/maranhaotv.com.br\/index.php\/2024\/08\/20\/tonho-braide-irmao-do-prefeito-de-sao-luis-eduardo-braide-e-preso-pela-policia-civil-do-maranhao-durante-operacao-de-busca-e-apreensao\/#article","isPartOf":{"@id":"https:\/\/maranhaotv.com.br\/index.php\/2024\/08\/20\/tonho-braide-irmao-do-prefeito-de-sao-luis-eduardo-braide-e-preso-pela-policia-civil-do-maranhao-durante-operacao-de-busca-e-apreensao\/"},"author":{"name":"maranhaotv","@id":"https:\/\/maranhaotv.com.br\/#\/schema\/person\/3d54238e86b20bb5c89ab2fdb8f8829a"},"headline":"Tonho Braide, irm\u00e3o do prefeito de S\u00e3o Lu\u00eds, Eduardo Braide \u00e9 preso pela Pol\u00edcia Civil do Maranh\u00e3o durante opera\u00e7\u00e3o de busca e apreens\u00e3o","datePublished":"2024-08-20T21:33:15+00:00","dateModified":"2024-08-20T21:33:32+00:00","mainEntityOfPage":{"@id":"https:\/\/maranhaotv.com.br\/index.php\/2024\/08\/20\/tonho-braide-irmao-do-prefeito-de-sao-luis-eduardo-braide-e-preso-pela-policia-civil-do-maranhao-durante-operacao-de-busca-e-apreensao\/"},"wordCount":233,"commentCount":0,"publisher":{"@id":"https:\/\/maranhaotv.com.br\/#organization"},"image":{"@id":"https:\/\/maranhaotv.com.br\/index.php\/2024\/08\/20\/tonho-braide-irmao-do-prefeito-de-sao-luis-eduardo-braide-e-preso-pela-policia-civil-do-maranhao-durante-operacao-de-busca-e-apreensao\/#primaryimage"},"thumbnailUrl":"https:\/\/maranhaotv.com.br\/wp-content\/uploads\/2024\/08\/IMG-20240820-WA1278.jpg","articleSection":["policial"],"inLanguage":"pt-BR","potentialAction":[{"@type":"CommentAction","name":"Comment","target":["https:\/\/maranhaotv.com.br\/index.php\/2024\/08\/20\/tonho-braide-irmao-do-prefeito-de-sao-luis-eduardo-braide-e-preso-pela-policia-civil-do-maranhao-durante-operacao-de-busca-e-apreensao\/#respond"]}]},{"@type":"WebPage","@id":"https:\/\/maranhaotv.com.br\/index.php\/2024\/08\/20\/tonho-braide-irmao-do-prefeito-de-sao-luis-eduardo-braide-e-preso-pela-policia-civil-do-maranhao-durante-operacao-de-busca-e-apreensao\/","url":"https:\/\/maranhaotv.com.br\/index.php\/2024\/08\/20\/tonho-braide-irmao-do-prefeito-de-sao-luis-eduardo-braide-e-preso-pela-policia-civil-do-maranhao-durante-operacao-de-busca-e-apreensao\/","name":"Tonho Braide, irm\u00e3o do prefeito de S\u00e3o Lu\u00eds, Eduardo Braide \u00e9 preso pela Pol\u00edcia Civil do Maranh\u00e3o durante opera\u00e7\u00e3o de busca e apreens\u00e3o - NOT\u00cdCIAS EM TEMPO REAL","isPartOf":{"@id":"https:\/\/maranhaotv.com.br\/#website"},"primaryImageOfPage":{"@id":"https:\/\/maranhaotv.com.br\/index.php\/2024\/08\/20\/tonho-braide-irmao-do-prefeito-de-sao-luis-eduardo-braide-e-preso-pela-policia-civil-do-maranhao-durante-operacao-de-busca-e-apreensao\/#primaryimage"},"image":{"@id":"https:\/\/maranhaotv.com.br\/index.php\/2024\/08\/20\/tonho-braide-irmao-do-prefeito-de-sao-luis-eduardo-braide-e-preso-pela-policia-civil-do-maranhao-durante-operacao-de-busca-e-apreensao\/#primaryimage"},"thumbnailUrl":"https:\/\/maranhaotv.com.br\/wp-content\/uploads\/2024\/08\/IMG-20240820-WA1278.jpg","datePublished":"2024-08-20T21:33:15+00:00","dateModified":"2024-08-20T21:33:32+00:00","breadcrumb":{"@id":"https:\/\/maranhaotv.com.br\/index.php\/2024\/08\/20\/tonho-braide-irmao-do-prefeito-de-sao-luis-eduardo-braide-e-preso-pela-policia-civil-do-maranhao-durante-operacao-de-busca-e-apreensao\/#breadcrumb"},"inLanguage":"pt-BR","potentialAction":[{"@type":"ReadAction","target":["https:\/\/maranhaotv.com.br\/index.php\/2024\/08\/20\/tonho-braide-irmao-do-prefeito-de-sao-luis-eduardo-braide-e-preso-pela-policia-civil-do-maranhao-durante-operacao-de-busca-e-apreensao\/"]}]},{"@type":"ImageObject","inLanguage":"pt-BR","@id":"https:\/\/maranhaotv.com.br\/index.php\/2024\/08\/20\/tonho-braide-irmao-do-prefeito-de-sao-luis-eduardo-braide-e-preso-pela-policia-civil-do-maranhao-durante-operacao-de-busca-e-apreensao\/#primaryimage","url":"https:\/\/maranhaotv.com.br\/wp-content\/uploads\/2024\/08\/IMG-20240820-WA1278.jpg","contentUrl":"https:\/\/maranhaotv.com.br\/wp-content\/uploads\/2024\/08\/IMG-20240820-WA1278.jpg","width":1600,"height":900},{"@type":"BreadcrumbList","@id":"https:\/\/maranhaotv.com.br\/index.php\/2024\/08\/20\/tonho-braide-irmao-do-prefeito-de-sao-luis-eduardo-braide-e-preso-pela-policia-civil-do-maranhao-durante-operacao-de-busca-e-apreensao\/#breadcrumb","itemListElement":[{"@type":"ListItem","position":1,"name":"In\u00edcio","item":"https:\/\/maranhaotv.com.br\/"},{"@type":"ListItem","position":2,"name":"Tonho Braide, irm\u00e3o do prefeito de S\u00e3o Lu\u00eds, Eduardo Braide \u00e9 preso pela Pol\u00edcia Civil do Maranh\u00e3o durante opera\u00e7\u00e3o de busca e apreens\u00e3o"}]},{"@type":"WebSite","@id":"https:\/\/maranhaotv.com.br\/#website","url":"https:\/\/maranhaotv.com.br\/","name":"Maranh\u00e3oTV","description":"","publisher":{"@id":"https:\/\/maranhaotv.com.br\/#organization"},"potentialAction":[{"@type":"SearchAction","target":{"@type":"EntryPoint","urlTemplate":"https:\/\/maranhaotv.com.br\/?s={search_term_string}"},"query-input":{"@type":"PropertyValueSpecification","valueRequired":true,"valueName":"search_term_string"}}],"inLanguage":"pt-BR"},{"@type":"Organization","@id":"https:\/\/maranhaotv.com.br\/#organization","name":"Portal de Not\u00edcias","url":"https:\/\/maranhaotv.com.br\/","logo":{"@type":"ImageObject","inLanguage":"pt-BR","@id":"https:\/\/maranhaotv.com.br\/#\/schema\/logo\/image\/","url":"https:\/\/maranhaotv.com.br\/wp-content\/uploads\/2024\/05\/cropped-cropped-avatar-1.png","contentUrl":"https:\/\/maranhaotv.com.br\/wp-content\/uploads\/2024\/05\/cropped-cropped-avatar-1.png","width":792,"height":428,"caption":"Portal de Not\u00edcias"},"image":{"@id":"https:\/\/maranhaotv.com.br\/#\/schema\/logo\/image\/"},"sameAs":["https:\/\/www.facebook.com\/maiobaotv","https:\/\/x.com\/sitemaranhaotv","https:\/\/www.instagram.com\/maranhao.tv","https:\/\/www.threads.net\/@maranhao.tv"]},{"@type":"Person","@id":"https:\/\/maranhaotv.com.br\/#\/schema\/person\/3d54238e86b20bb5c89ab2fdb8f8829a","name":"maranhaotv","image":{"@type":"ImageObject","inLanguage":"pt-BR","@id":"https:\/\/secure.gravatar.com\/avatar\/8fadbca458d4cb68b1dd399ae9a40618d747bb1af65ac9fad21c89220a143eb4?s=96&d=mm&r=g","url":"https:\/\/secure.gravatar.com\/avatar\/8fadbca458d4cb68b1dd399ae9a40618d747bb1af65ac9fad21c89220a143eb4?s=96&d=mm&r=g","contentUrl":"https:\/\/secure.gravatar.com\/avatar\/8fadbca458d4cb68b1dd399ae9a40618d747bb1af65ac9fad21c89220a143eb4?s=96&d=mm&r=g","caption":"maranhaotv"},"sameAs":["https:\/\/maranhaotv.com.br\/"],"url":"https:\/\/maranhaotv.com.br\/index.php\/author\/maranhaotv\/"}]}},"jetpack_featured_media_url":"https:\/\/maranhaotv.com.br\/wp-content\/uploads\/2024\/08\/IMG-20240820-WA1278.jpg","jetpack_sharing_enabled":true,"_links":{"self":[{"href":"https:\/\/maranhaotv.com.br\/index.php\/wp-json\/wp\/v2\/posts\/37320","targetHints":{"allow":["GET"]}}],"collection":[{"href":"https:\/\/maranhaotv.com.br\/index.php\/wp-json\/wp\/v2\/posts"}],"about":[{"href":"https:\/\/maranhaotv.com.br\/index.php\/wp-json\/wp\/v2\/types\/post"}],"author":[{"embeddable":true,"href":"https:\/\/maranhaotv.com.br\/index.php\/wp-json\/wp\/v2\/users\/2"}],"replies":[{"embeddable":true,"href":"https:\/\/maranhaotv.com.br\/index.php\/wp-json\/wp\/v2\/comments?post=37320"}],"version-history":[{"count":1,"href":"https:\/\/maranhaotv.com.br\/index.php\/wp-json\/wp\/v2\/posts\/37320\/revisions"}],"predecessor-version":[{"id":37321,"href":"https:\/\/maranhaotv.com.br\/index.php\/wp-json\/wp\/v2\/posts\/37320\/revisions\/37321"}],"wp:featuredmedia":[{"embeddable":true,"href":"https:\/\/maranhaotv.com.br\/index.php\/wp-json\/wp\/v2\/media\/37319"}],"wp:attachment":[{"href":"https:\/\/maranhaotv.com.br\/index.php\/wp-json\/wp\/v2\/media?parent=37320"}],"wp:term":[{"taxonomy":"category","embeddable":true,"href":"https:\/\/maranhaotv.com.br\/index.php\/wp-json\/wp\/v2\/categories?post=37320"},{"taxonomy":"post_tag","embeddable":true,"href":"https:\/\/maranhaotv.com.br\/index.php\/wp-json\/wp\/v2\/tags?post=37320"}],"curies":[{"name":"wp","href":"https:\/\/api.w.org\/{rel}","templated":true}]}}