{"id":37326,"date":"2024-08-21T10:13:42","date_gmt":"2024-08-21T13:13:42","guid":{"rendered":"https:\/\/maranhaotv.com.br\/?p=37326"},"modified":"2024-08-21T10:13:45","modified_gmt":"2024-08-21T13:13:45","slug":"viana-em-pleno-periodo-eleitoral-carrinho-cidreira-firma-contrato-de-quase-r-14-milhoes","status":"publish","type":"post","link":"https:\/\/maranhaotv.com.br\/index.php\/2024\/08\/21\/viana-em-pleno-periodo-eleitoral-carrinho-cidreira-firma-contrato-de-quase-r-14-milhoes\/","title":{"rendered":"Viana: Em pleno per\u00edodo eleitoral, Carrinho Cidreira firma contrato de quase R$ 14 milh\u00f5es"},"content":{"rendered":"\n<p>Em pleno per\u00edodo eleitoral a prefeitura da cidade de Viana na Baixada Maranhense, tem a discrep\u00e2ncia de contratar a Empresa RE EMPREENDIMENTOS E SERVI\u00c7OS EIRELI, C.N.P.J: 39.926.481\/0001-04, com sede na cidade de Turia\u00e7u, por quase R$ 14 milh\u00f5es.<br><br>Neste contexto, a contrata\u00e7\u00e3o de uma empresa com valores t\u00e3o elevados em pleno per\u00edodo eleitoral levanta suspeitas sobre poss\u00edveis irregularidades e desvio de recursos para beneficiar a campanha eleitoral do atual prefeito. Por isso, \u00e9 fundamental que o Minist\u00e9rio P\u00fablico investigue o caso e tome as medidas necess\u00e1rias para garantir a lisura do processo e a transpar\u00eancia no uso dos recursos p\u00fablicos.<br><br>De acordo com o Di\u00e1rio Oficial, a referida empresa realizar\u00e1 uma suposta presta\u00e7\u00e3o de servi\u00e7os de pavimenta\u00e7\u00e3o em bloquete no munic\u00edpio de Viana \u2013 MA. O valor \u00e9 de R$ 13.766.993,70 (treze milh\u00f5es, setecentos e sessenta e seis mil, novecentos e noventa e tr\u00eas reais e setenta centavos.<br><br>A cidade de Viana \u00e9 comandada pelo prefeito Carrinho Cidreira que busca a reelei\u00e7\u00e3o. Raylson Ramon Santos Nunes \u2013 Secret\u00e1rio de Administra\u00e7\u00e3o e Planejamento, \u00e9 o respons\u00e1vel pela assinatura do contrato.<br><br>\u00c9 fundamental que as autoridades competentes investiguem esse caso para garantir a lisura do processo eleitoral e a transpar\u00eancia no uso dos recursos p\u00fablicos. O Minist\u00e9rio P\u00fablico tem a responsabilidade de investigar e tomar as medidas cab\u00edveis caso haja ind\u00edcios de uso indevido da m\u00e1quina p\u00fablica e desvio de verba para fins eleitorais.<br><br>O uso de recursos p\u00fablicos para beneficiar uma campanha eleitoral \u00e9 um grave crime e deve ser combatido de forma rigorosa. A popula\u00e7\u00e3o de Viana merece ter a certeza de que os recursos est\u00e3o sendo utilizados de forma adequada e em benef\u00edcio da cidade, e n\u00e3o para favorecer interesses pol\u00edticos.<\/p>\n\n\n\n<p>Via Vandoval Rodrigues <\/p>\n","protected":false},"excerpt":{"rendered":"<p>Em pleno per\u00edodo eleitoral a prefeitura da cidade de Viana na Baixada Maranhense, tem a discrep\u00e2ncia de contratar a Empresa<\/p>\n","protected":false},"author":2,"featured_media":37325,"comment_status":"open","ping_status":"open","sticky":false,"template":"","format":"standard","meta":{"colormag_page_container_layout":"default_layout","colormag_page_sidebar_layout":"default_layout","_jetpack_memberships_contains_paid_content":false,"footnotes":""},"categories":[6],"tags":[],"class_list":["post-37326","post","type-post","status-publish","format-standard","has-post-thumbnail","hentry","category-politica"],"magazineBlocksPostFeaturedMedia":{"thumbnail":"https:\/\/maranhaotv.com.br\/wp-content\/uploads\/2024\/08\/viana-150x150.png","medium":"https:\/\/maranhaotv.com.br\/wp-content\/uploads\/2024\/08\/viana-300x200.png","medium_large":"https:\/\/maranhaotv.com.br\/wp-content\/uploads\/2024\/08\/viana.png","large":"https:\/\/maranhaotv.com.br\/wp-content\/uploads\/2024\/08\/viana.png","1536x1536":"https:\/\/maranhaotv.com.br\/wp-content\/uploads\/2024\/08\/viana.png","2048x2048":"https:\/\/maranhaotv.com.br\/wp-content\/uploads\/2024\/08\/viana.png","colormag-highlighted-post":"https:\/\/maranhaotv.com.br\/wp-content\/uploads\/2024\/08\/viana-392x272.png","colormag-featured-post-medium":"https:\/\/maranhaotv.com.br\/wp-content\/uploads\/2024\/08\/viana-390x205.png","colormag-featured-post-small":"https:\/\/maranhaotv.com.br\/wp-content\/uploads\/2024\/08\/viana-130x90.png","colormag-featured-image":"https:\/\/maranhaotv.com.br\/wp-content\/uploads\/2024\/08\/viana-751x445.png","colormag-default-news":"https:\/\/maranhaotv.com.br\/wp-content\/uploads\/2024\/08\/viana-150x150.png","colormag-featured-image-large":"https:\/\/maranhaotv.com.br\/wp-content\/uploads\/2024\/08\/viana.png"},"magazineBlocksPostAuthor":{"name":"maranhaotv","avatar":"https:\/\/secure.gravatar.com\/avatar\/8fadbca458d4cb68b1dd399ae9a40618d747bb1af65ac9fad21c89220a143eb4?s=96&d=mm&r=g"},"magazineBlocksPostCommentsNumber":"0","magazineBlocksPostExcerpt":"Em pleno per\u00edodo eleitoral a prefeitura da cidade de Viana na Baixada Maranhense, tem a discrep\u00e2ncia de contratar a Empresa","magazineBlocksPostCategories":["pol\u00edtica"],"magazineBlocksPostViewCount":363,"magazineBlocksPostReadTime":2,"magazine_blocks_featured_image_url":{"full":["https:\/\/maranhaotv.com.br\/wp-content\/uploads\/2024\/08\/viana.png",751,500,false],"medium":["https:\/\/maranhaotv.com.br\/wp-content\/uploads\/2024\/08\/viana-300x200.png",300,200,true],"thumbnail":["https:\/\/maranhaotv.com.br\/wp-content\/uploads\/2024\/08\/viana-150x150.png",150,150,true]},"magazine_blocks_author":{"display_name":"maranhaotv","author_link":"https:\/\/maranhaotv.com.br\/index.php\/author\/maranhaotv\/"},"magazine_blocks_comment":0,"magazine_blocks_author_image":"https:\/\/secure.gravatar.com\/avatar\/8fadbca458d4cb68b1dd399ae9a40618d747bb1af65ac9fad21c89220a143eb4?s=96&d=mm&r=g","magazine_blocks_category":"<a href=\"#\" class=\"category-link category-link-6\">pol\u00edtica<\/a>","yoast_head":"<!-- This site is optimized with the Yoast SEO plugin v27.4 - https:\/\/yoast.com\/product\/yoast-seo-wordpress\/ -->\n<title>Viana: Em pleno per\u00edodo eleitoral, Carrinho Cidreira firma contrato de quase R$ 14 milh\u00f5es - NOT\u00cdCIAS EM TEMPO REAL<\/title>\n<meta name=\"robots\" content=\"index, follow, max-snippet:-1, max-image-preview:large, max-video-preview:-1\" \/>\n<link rel=\"canonical\" href=\"https:\/\/maranhaotv.com.br\/index.php\/2024\/08\/21\/viana-em-pleno-periodo-eleitoral-carrinho-cidreira-firma-contrato-de-quase-r-14-milhoes\/\" \/>\n<meta property=\"og:locale\" content=\"pt_BR\" \/>\n<meta property=\"og:type\" content=\"article\" \/>\n<meta property=\"og:title\" content=\"Viana: Em pleno per\u00edodo eleitoral, Carrinho Cidreira firma contrato de quase R$ 14 milh\u00f5es - NOT\u00cdCIAS EM TEMPO REAL\" \/>\n<meta property=\"og:description\" content=\"Em pleno per\u00edodo eleitoral a prefeitura da cidade de Viana na Baixada Maranhense, tem a discrep\u00e2ncia de contratar a Empresa\" \/>\n<meta property=\"og:url\" content=\"https:\/\/maranhaotv.com.br\/index.php\/2024\/08\/21\/viana-em-pleno-periodo-eleitoral-carrinho-cidreira-firma-contrato-de-quase-r-14-milhoes\/\" \/>\n<meta property=\"og:site_name\" content=\"NOT\u00cdCIAS EM TEMPO REAL\" \/>\n<meta property=\"article:publisher\" content=\"https:\/\/www.facebook.com\/maiobaotv\" \/>\n<meta property=\"article:published_time\" content=\"2024-08-21T13:13:42+00:00\" \/>\n<meta property=\"article:modified_time\" content=\"2024-08-21T13:13:45+00:00\" \/>\n<meta property=\"og:image\" content=\"https:\/\/maranhaotv.com.br\/wp-content\/uploads\/2024\/08\/viana.png\" \/>\n\t<meta property=\"og:image:width\" content=\"751\" \/>\n\t<meta property=\"og:image:height\" content=\"500\" \/>\n\t<meta property=\"og:image:type\" content=\"image\/png\" \/>\n<meta name=\"author\" content=\"maranhaotv\" \/>\n<meta name=\"twitter:card\" content=\"summary_large_image\" \/>\n<meta name=\"twitter:creator\" content=\"@sitemaranhaotv\" \/>\n<meta name=\"twitter:site\" content=\"@sitemaranhaotv\" \/>\n<meta name=\"twitter:label1\" content=\"Escrito por\" \/>\n\t<meta name=\"twitter:data1\" content=\"maranhaotv\" \/>\n\t<meta name=\"twitter:label2\" content=\"Est. tempo de leitura\" \/>\n\t<meta name=\"twitter:data2\" content=\"2 minutos\" \/>\n<script type=\"application\/ld+json\" class=\"yoast-schema-graph\">{\"@context\":\"https:\\\/\\\/schema.org\",\"@graph\":[{\"@type\":\"Article\",\"@id\":\"https:\\\/\\\/maranhaotv.com.br\\\/index.php\\\/2024\\\/08\\\/21\\\/viana-em-pleno-periodo-eleitoral-carrinho-cidreira-firma-contrato-de-quase-r-14-milhoes\\\/#article\",\"isPartOf\":{\"@id\":\"https:\\\/\\\/maranhaotv.com.br\\\/index.php\\\/2024\\\/08\\\/21\\\/viana-em-pleno-periodo-eleitoral-carrinho-cidreira-firma-contrato-de-quase-r-14-milhoes\\\/\"},\"author\":{\"name\":\"maranhaotv\",\"@id\":\"https:\\\/\\\/maranhaotv.com.br\\\/#\\\/schema\\\/person\\\/3d54238e86b20bb5c89ab2fdb8f8829a\"},\"headline\":\"Viana: Em pleno per\u00edodo eleitoral, Carrinho Cidreira firma contrato de quase R$ 14 milh\u00f5es\",\"datePublished\":\"2024-08-21T13:13:42+00:00\",\"dateModified\":\"2024-08-21T13:13:45+00:00\",\"mainEntityOfPage\":{\"@id\":\"https:\\\/\\\/maranhaotv.com.br\\\/index.php\\\/2024\\\/08\\\/21\\\/viana-em-pleno-periodo-eleitoral-carrinho-cidreira-firma-contrato-de-quase-r-14-milhoes\\\/\"},\"wordCount\":332,\"commentCount\":0,\"publisher\":{\"@id\":\"https:\\\/\\\/maranhaotv.com.br\\\/#organization\"},\"image\":{\"@id\":\"https:\\\/\\\/maranhaotv.com.br\\\/index.php\\\/2024\\\/08\\\/21\\\/viana-em-pleno-periodo-eleitoral-carrinho-cidreira-firma-contrato-de-quase-r-14-milhoes\\\/#primaryimage\"},\"thumbnailUrl\":\"https:\\\/\\\/maranhaotv.com.br\\\/wp-content\\\/uploads\\\/2024\\\/08\\\/viana.png\",\"articleSection\":[\"pol\u00edtica\"],\"inLanguage\":\"pt-BR\",\"potentialAction\":[{\"@type\":\"CommentAction\",\"name\":\"Comment\",\"target\":[\"https:\\\/\\\/maranhaotv.com.br\\\/index.php\\\/2024\\\/08\\\/21\\\/viana-em-pleno-periodo-eleitoral-carrinho-cidreira-firma-contrato-de-quase-r-14-milhoes\\\/#respond\"]}]},{\"@type\":\"WebPage\",\"@id\":\"https:\\\/\\\/maranhaotv.com.br\\\/index.php\\\/2024\\\/08\\\/21\\\/viana-em-pleno-periodo-eleitoral-carrinho-cidreira-firma-contrato-de-quase-r-14-milhoes\\\/\",\"url\":\"https:\\\/\\\/maranhaotv.com.br\\\/index.php\\\/2024\\\/08\\\/21\\\/viana-em-pleno-periodo-eleitoral-carrinho-cidreira-firma-contrato-de-quase-r-14-milhoes\\\/\",\"name\":\"Viana: Em pleno per\u00edodo eleitoral, Carrinho Cidreira firma contrato de quase R$ 14 milh\u00f5es - NOT\u00cdCIAS EM TEMPO REAL\",\"isPartOf\":{\"@id\":\"https:\\\/\\\/maranhaotv.com.br\\\/#website\"},\"primaryImageOfPage\":{\"@id\":\"https:\\\/\\\/maranhaotv.com.br\\\/index.php\\\/2024\\\/08\\\/21\\\/viana-em-pleno-periodo-eleitoral-carrinho-cidreira-firma-contrato-de-quase-r-14-milhoes\\\/#primaryimage\"},\"image\":{\"@id\":\"https:\\\/\\\/maranhaotv.com.br\\\/index.php\\\/2024\\\/08\\\/21\\\/viana-em-pleno-periodo-eleitoral-carrinho-cidreira-firma-contrato-de-quase-r-14-milhoes\\\/#primaryimage\"},\"thumbnailUrl\":\"https:\\\/\\\/maranhaotv.com.br\\\/wp-content\\\/uploads\\\/2024\\\/08\\\/viana.png\",\"datePublished\":\"2024-08-21T13:13:42+00:00\",\"dateModified\":\"2024-08-21T13:13:45+00:00\",\"breadcrumb\":{\"@id\":\"https:\\\/\\\/maranhaotv.com.br\\\/index.php\\\/2024\\\/08\\\/21\\\/viana-em-pleno-periodo-eleitoral-carrinho-cidreira-firma-contrato-de-quase-r-14-milhoes\\\/#breadcrumb\"},\"inLanguage\":\"pt-BR\",\"potentialAction\":[{\"@type\":\"ReadAction\",\"target\":[\"https:\\\/\\\/maranhaotv.com.br\\\/index.php\\\/2024\\\/08\\\/21\\\/viana-em-pleno-periodo-eleitoral-carrinho-cidreira-firma-contrato-de-quase-r-14-milhoes\\\/\"]}]},{\"@type\":\"ImageObject\",\"inLanguage\":\"pt-BR\",\"@id\":\"https:\\\/\\\/maranhaotv.com.br\\\/index.php\\\/2024\\\/08\\\/21\\\/viana-em-pleno-periodo-eleitoral-carrinho-cidreira-firma-contrato-de-quase-r-14-milhoes\\\/#primaryimage\",\"url\":\"https:\\\/\\\/maranhaotv.com.br\\\/wp-content\\\/uploads\\\/2024\\\/08\\\/viana.png\",\"contentUrl\":\"https:\\\/\\\/maranhaotv.com.br\\\/wp-content\\\/uploads\\\/2024\\\/08\\\/viana.png\",\"width\":751,\"height\":500},{\"@type\":\"BreadcrumbList\",\"@id\":\"https:\\\/\\\/maranhaotv.com.br\\\/index.php\\\/2024\\\/08\\\/21\\\/viana-em-pleno-periodo-eleitoral-carrinho-cidreira-firma-contrato-de-quase-r-14-milhoes\\\/#breadcrumb\",\"itemListElement\":[{\"@type\":\"ListItem\",\"position\":1,\"name\":\"In\u00edcio\",\"item\":\"https:\\\/\\\/maranhaotv.com.br\\\/\"},{\"@type\":\"ListItem\",\"position\":2,\"name\":\"Viana: Em pleno per\u00edodo eleitoral, Carrinho Cidreira firma contrato de quase R$ 14 milh\u00f5es\"}]},{\"@type\":\"WebSite\",\"@id\":\"https:\\\/\\\/maranhaotv.com.br\\\/#website\",\"url\":\"https:\\\/\\\/maranhaotv.com.br\\\/\",\"name\":\"Maranh\u00e3oTV\",\"description\":\"\",\"publisher\":{\"@id\":\"https:\\\/\\\/maranhaotv.com.br\\\/#organization\"},\"potentialAction\":[{\"@type\":\"SearchAction\",\"target\":{\"@type\":\"EntryPoint\",\"urlTemplate\":\"https:\\\/\\\/maranhaotv.com.br\\\/?s={search_term_string}\"},\"query-input\":{\"@type\":\"PropertyValueSpecification\",\"valueRequired\":true,\"valueName\":\"search_term_string\"}}],\"inLanguage\":\"pt-BR\"},{\"@type\":\"Organization\",\"@id\":\"https:\\\/\\\/maranhaotv.com.br\\\/#organization\",\"name\":\"Portal de Not\u00edcias\",\"url\":\"https:\\\/\\\/maranhaotv.com.br\\\/\",\"logo\":{\"@type\":\"ImageObject\",\"inLanguage\":\"pt-BR\",\"@id\":\"https:\\\/\\\/maranhaotv.com.br\\\/#\\\/schema\\\/logo\\\/image\\\/\",\"url\":\"https:\\\/\\\/maranhaotv.com.br\\\/wp-content\\\/uploads\\\/2024\\\/05\\\/cropped-cropped-avatar-1.png\",\"contentUrl\":\"https:\\\/\\\/maranhaotv.com.br\\\/wp-content\\\/uploads\\\/2024\\\/05\\\/cropped-cropped-avatar-1.png\",\"width\":792,\"height\":428,\"caption\":\"Portal de Not\u00edcias\"},\"image\":{\"@id\":\"https:\\\/\\\/maranhaotv.com.br\\\/#\\\/schema\\\/logo\\\/image\\\/\"},\"sameAs\":[\"https:\\\/\\\/www.facebook.com\\\/maiobaotv\",\"https:\\\/\\\/x.com\\\/sitemaranhaotv\",\"https:\\\/\\\/www.instagram.com\\\/maranhao.tv\",\"https:\\\/\\\/www.threads.net\\\/@maranhao.tv\"]},{\"@type\":\"Person\",\"@id\":\"https:\\\/\\\/maranhaotv.com.br\\\/#\\\/schema\\\/person\\\/3d54238e86b20bb5c89ab2fdb8f8829a\",\"name\":\"maranhaotv\",\"image\":{\"@type\":\"ImageObject\",\"inLanguage\":\"pt-BR\",\"@id\":\"https:\\\/\\\/secure.gravatar.com\\\/avatar\\\/8fadbca458d4cb68b1dd399ae9a40618d747bb1af65ac9fad21c89220a143eb4?s=96&d=mm&r=g\",\"url\":\"https:\\\/\\\/secure.gravatar.com\\\/avatar\\\/8fadbca458d4cb68b1dd399ae9a40618d747bb1af65ac9fad21c89220a143eb4?s=96&d=mm&r=g\",\"contentUrl\":\"https:\\\/\\\/secure.gravatar.com\\\/avatar\\\/8fadbca458d4cb68b1dd399ae9a40618d747bb1af65ac9fad21c89220a143eb4?s=96&d=mm&r=g\",\"caption\":\"maranhaotv\"},\"sameAs\":[\"https:\\\/\\\/maranhaotv.com.br\\\/\"],\"url\":\"https:\\\/\\\/maranhaotv.com.br\\\/index.php\\\/author\\\/maranhaotv\\\/\"}]}<\/script>\n<!-- \/ Yoast SEO plugin. -->","yoast_head_json":{"title":"Viana: Em pleno per\u00edodo eleitoral, Carrinho Cidreira firma contrato de quase R$ 14 milh\u00f5es - NOT\u00cdCIAS EM TEMPO REAL","robots":{"index":"index","follow":"follow","max-snippet":"max-snippet:-1","max-image-preview":"max-image-preview:large","max-video-preview":"max-video-preview:-1"},"canonical":"https:\/\/maranhaotv.com.br\/index.php\/2024\/08\/21\/viana-em-pleno-periodo-eleitoral-carrinho-cidreira-firma-contrato-de-quase-r-14-milhoes\/","og_locale":"pt_BR","og_type":"article","og_title":"Viana: Em pleno per\u00edodo eleitoral, Carrinho Cidreira firma contrato de quase R$ 14 milh\u00f5es - NOT\u00cdCIAS EM TEMPO REAL","og_description":"Em pleno per\u00edodo eleitoral a prefeitura da cidade de Viana na Baixada Maranhense, tem a discrep\u00e2ncia de contratar a Empresa","og_url":"https:\/\/maranhaotv.com.br\/index.php\/2024\/08\/21\/viana-em-pleno-periodo-eleitoral-carrinho-cidreira-firma-contrato-de-quase-r-14-milhoes\/","og_site_name":"NOT\u00cdCIAS EM TEMPO REAL","article_publisher":"https:\/\/www.facebook.com\/maiobaotv","article_published_time":"2024-08-21T13:13:42+00:00","article_modified_time":"2024-08-21T13:13:45+00:00","og_image":[{"width":751,"height":500,"url":"https:\/\/maranhaotv.com.br\/wp-content\/uploads\/2024\/08\/viana.png","type":"image\/png"}],"author":"maranhaotv","twitter_card":"summary_large_image","twitter_creator":"@sitemaranhaotv","twitter_site":"@sitemaranhaotv","twitter_misc":{"Escrito por":"maranhaotv","Est. tempo de leitura":"2 minutos"},"schema":{"@context":"https:\/\/schema.org","@graph":[{"@type":"Article","@id":"https:\/\/maranhaotv.com.br\/index.php\/2024\/08\/21\/viana-em-pleno-periodo-eleitoral-carrinho-cidreira-firma-contrato-de-quase-r-14-milhoes\/#article","isPartOf":{"@id":"https:\/\/maranhaotv.com.br\/index.php\/2024\/08\/21\/viana-em-pleno-periodo-eleitoral-carrinho-cidreira-firma-contrato-de-quase-r-14-milhoes\/"},"author":{"name":"maranhaotv","@id":"https:\/\/maranhaotv.com.br\/#\/schema\/person\/3d54238e86b20bb5c89ab2fdb8f8829a"},"headline":"Viana: Em pleno per\u00edodo eleitoral, Carrinho Cidreira firma contrato de quase R$ 14 milh\u00f5es","datePublished":"2024-08-21T13:13:42+00:00","dateModified":"2024-08-21T13:13:45+00:00","mainEntityOfPage":{"@id":"https:\/\/maranhaotv.com.br\/index.php\/2024\/08\/21\/viana-em-pleno-periodo-eleitoral-carrinho-cidreira-firma-contrato-de-quase-r-14-milhoes\/"},"wordCount":332,"commentCount":0,"publisher":{"@id":"https:\/\/maranhaotv.com.br\/#organization"},"image":{"@id":"https:\/\/maranhaotv.com.br\/index.php\/2024\/08\/21\/viana-em-pleno-periodo-eleitoral-carrinho-cidreira-firma-contrato-de-quase-r-14-milhoes\/#primaryimage"},"thumbnailUrl":"https:\/\/maranhaotv.com.br\/wp-content\/uploads\/2024\/08\/viana.png","articleSection":["pol\u00edtica"],"inLanguage":"pt-BR","potentialAction":[{"@type":"CommentAction","name":"Comment","target":["https:\/\/maranhaotv.com.br\/index.php\/2024\/08\/21\/viana-em-pleno-periodo-eleitoral-carrinho-cidreira-firma-contrato-de-quase-r-14-milhoes\/#respond"]}]},{"@type":"WebPage","@id":"https:\/\/maranhaotv.com.br\/index.php\/2024\/08\/21\/viana-em-pleno-periodo-eleitoral-carrinho-cidreira-firma-contrato-de-quase-r-14-milhoes\/","url":"https:\/\/maranhaotv.com.br\/index.php\/2024\/08\/21\/viana-em-pleno-periodo-eleitoral-carrinho-cidreira-firma-contrato-de-quase-r-14-milhoes\/","name":"Viana: Em pleno per\u00edodo eleitoral, Carrinho Cidreira firma contrato de quase R$ 14 milh\u00f5es - NOT\u00cdCIAS EM TEMPO REAL","isPartOf":{"@id":"https:\/\/maranhaotv.com.br\/#website"},"primaryImageOfPage":{"@id":"https:\/\/maranhaotv.com.br\/index.php\/2024\/08\/21\/viana-em-pleno-periodo-eleitoral-carrinho-cidreira-firma-contrato-de-quase-r-14-milhoes\/#primaryimage"},"image":{"@id":"https:\/\/maranhaotv.com.br\/index.php\/2024\/08\/21\/viana-em-pleno-periodo-eleitoral-carrinho-cidreira-firma-contrato-de-quase-r-14-milhoes\/#primaryimage"},"thumbnailUrl":"https:\/\/maranhaotv.com.br\/wp-content\/uploads\/2024\/08\/viana.png","datePublished":"2024-08-21T13:13:42+00:00","dateModified":"2024-08-21T13:13:45+00:00","breadcrumb":{"@id":"https:\/\/maranhaotv.com.br\/index.php\/2024\/08\/21\/viana-em-pleno-periodo-eleitoral-carrinho-cidreira-firma-contrato-de-quase-r-14-milhoes\/#breadcrumb"},"inLanguage":"pt-BR","potentialAction":[{"@type":"ReadAction","target":["https:\/\/maranhaotv.com.br\/index.php\/2024\/08\/21\/viana-em-pleno-periodo-eleitoral-carrinho-cidreira-firma-contrato-de-quase-r-14-milhoes\/"]}]},{"@type":"ImageObject","inLanguage":"pt-BR","@id":"https:\/\/maranhaotv.com.br\/index.php\/2024\/08\/21\/viana-em-pleno-periodo-eleitoral-carrinho-cidreira-firma-contrato-de-quase-r-14-milhoes\/#primaryimage","url":"https:\/\/maranhaotv.com.br\/wp-content\/uploads\/2024\/08\/viana.png","contentUrl":"https:\/\/maranhaotv.com.br\/wp-content\/uploads\/2024\/08\/viana.png","width":751,"height":500},{"@type":"BreadcrumbList","@id":"https:\/\/maranhaotv.com.br\/index.php\/2024\/08\/21\/viana-em-pleno-periodo-eleitoral-carrinho-cidreira-firma-contrato-de-quase-r-14-milhoes\/#breadcrumb","itemListElement":[{"@type":"ListItem","position":1,"name":"In\u00edcio","item":"https:\/\/maranhaotv.com.br\/"},{"@type":"ListItem","position":2,"name":"Viana: Em pleno per\u00edodo eleitoral, Carrinho Cidreira firma contrato de quase R$ 14 milh\u00f5es"}]},{"@type":"WebSite","@id":"https:\/\/maranhaotv.com.br\/#website","url":"https:\/\/maranhaotv.com.br\/","name":"Maranh\u00e3oTV","description":"","publisher":{"@id":"https:\/\/maranhaotv.com.br\/#organization"},"potentialAction":[{"@type":"SearchAction","target":{"@type":"EntryPoint","urlTemplate":"https:\/\/maranhaotv.com.br\/?s={search_term_string}"},"query-input":{"@type":"PropertyValueSpecification","valueRequired":true,"valueName":"search_term_string"}}],"inLanguage":"pt-BR"},{"@type":"Organization","@id":"https:\/\/maranhaotv.com.br\/#organization","name":"Portal de Not\u00edcias","url":"https:\/\/maranhaotv.com.br\/","logo":{"@type":"ImageObject","inLanguage":"pt-BR","@id":"https:\/\/maranhaotv.com.br\/#\/schema\/logo\/image\/","url":"https:\/\/maranhaotv.com.br\/wp-content\/uploads\/2024\/05\/cropped-cropped-avatar-1.png","contentUrl":"https:\/\/maranhaotv.com.br\/wp-content\/uploads\/2024\/05\/cropped-cropped-avatar-1.png","width":792,"height":428,"caption":"Portal de Not\u00edcias"},"image":{"@id":"https:\/\/maranhaotv.com.br\/#\/schema\/logo\/image\/"},"sameAs":["https:\/\/www.facebook.com\/maiobaotv","https:\/\/x.com\/sitemaranhaotv","https:\/\/www.instagram.com\/maranhao.tv","https:\/\/www.threads.net\/@maranhao.tv"]},{"@type":"Person","@id":"https:\/\/maranhaotv.com.br\/#\/schema\/person\/3d54238e86b20bb5c89ab2fdb8f8829a","name":"maranhaotv","image":{"@type":"ImageObject","inLanguage":"pt-BR","@id":"https:\/\/secure.gravatar.com\/avatar\/8fadbca458d4cb68b1dd399ae9a40618d747bb1af65ac9fad21c89220a143eb4?s=96&d=mm&r=g","url":"https:\/\/secure.gravatar.com\/avatar\/8fadbca458d4cb68b1dd399ae9a40618d747bb1af65ac9fad21c89220a143eb4?s=96&d=mm&r=g","contentUrl":"https:\/\/secure.gravatar.com\/avatar\/8fadbca458d4cb68b1dd399ae9a40618d747bb1af65ac9fad21c89220a143eb4?s=96&d=mm&r=g","caption":"maranhaotv"},"sameAs":["https:\/\/maranhaotv.com.br\/"],"url":"https:\/\/maranhaotv.com.br\/index.php\/author\/maranhaotv\/"}]}},"jetpack_featured_media_url":"https:\/\/maranhaotv.com.br\/wp-content\/uploads\/2024\/08\/viana.png","jetpack_sharing_enabled":true,"_links":{"self":[{"href":"https:\/\/maranhaotv.com.br\/index.php\/wp-json\/wp\/v2\/posts\/37326","targetHints":{"allow":["GET"]}}],"collection":[{"href":"https:\/\/maranhaotv.com.br\/index.php\/wp-json\/wp\/v2\/posts"}],"about":[{"href":"https:\/\/maranhaotv.com.br\/index.php\/wp-json\/wp\/v2\/types\/post"}],"author":[{"embeddable":true,"href":"https:\/\/maranhaotv.com.br\/index.php\/wp-json\/wp\/v2\/users\/2"}],"replies":[{"embeddable":true,"href":"https:\/\/maranhaotv.com.br\/index.php\/wp-json\/wp\/v2\/comments?post=37326"}],"version-history":[{"count":1,"href":"https:\/\/maranhaotv.com.br\/index.php\/wp-json\/wp\/v2\/posts\/37326\/revisions"}],"predecessor-version":[{"id":37327,"href":"https:\/\/maranhaotv.com.br\/index.php\/wp-json\/wp\/v2\/posts\/37326\/revisions\/37327"}],"wp:featuredmedia":[{"embeddable":true,"href":"https:\/\/maranhaotv.com.br\/index.php\/wp-json\/wp\/v2\/media\/37325"}],"wp:attachment":[{"href":"https:\/\/maranhaotv.com.br\/index.php\/wp-json\/wp\/v2\/media?parent=37326"}],"wp:term":[{"taxonomy":"category","embeddable":true,"href":"https:\/\/maranhaotv.com.br\/index.php\/wp-json\/wp\/v2\/categories?post=37326"},{"taxonomy":"post_tag","embeddable":true,"href":"https:\/\/maranhaotv.com.br\/index.php\/wp-json\/wp\/v2\/tags?post=37326"}],"curies":[{"name":"wp","href":"https:\/\/api.w.org\/{rel}","templated":true}]}}