{"id":37346,"date":"2024-08-22T13:01:19","date_gmt":"2024-08-22T16:01:19","guid":{"rendered":"https:\/\/maranhaotv.com.br\/?p=37346"},"modified":"2024-08-22T13:03:48","modified_gmt":"2024-08-22T16:03:48","slug":"vou-acabar-com-as-palafitas-nos-mangues-de-sao-luis-diz-o-candidato-a-prefeito-wellington","status":"publish","type":"post","link":"https:\/\/maranhaotv.com.br\/index.php\/2024\/08\/22\/vou-acabar-com-as-palafitas-nos-mangues-de-sao-luis-diz-o-candidato-a-prefeito-wellington\/","title":{"rendered":"\u201cVou acabar com as palafitas nos mangues de S\u00e3o Lu\u00eds\u201d, diz o candidato a prefeito Wellington"},"content":{"rendered":"\n<p><br>Com o projeto \u201cFala, S\u00e3o Lu\u00eds!\u201d, o candidato a prefeito Wellington do Curso esteve, na \u00faltima quarta-feira (21), no bairro Santa Cruz e constatou a situa\u00e7\u00e3o de dezenas de fam\u00edlias que vivem em palafitas nos mangues.&nbsp; A data tamb\u00e9m remetia ao dia da habita\u00e7\u00e3o, o que fez o candidato lamentar a insufici\u00eancia de pol\u00edticas p\u00fablicas habitacionais.<br><br>De acordo com Wellington, o problema encontra solu\u00e7\u00e3o em seu Plano de Governo, motivo pelo qual se comprometeu em garantir que as palafitas deixar\u00e3o de existir na capital.<br><br>\u201cA nossa preocupa\u00e7\u00e3o com as condi\u00e7\u00f5es de moradia em S\u00e3o Lu\u00eds \u00e9 constante. Temos um grande n\u00famero de fam\u00edlias vivendo nas palafitas nos mangues. Esse problema encontra solu\u00e7\u00e3o em nosso plano de governo e n\u00f3s iremos garantir que essas pessoas mudem de vida. Eu vou acabar com as palafitas nos mangues de S\u00e3o Lu\u00eds. Eu conhe\u00e7o essa realidade e sei como mudar!\u201d, disse Wellington.<\/p>\n","protected":false},"excerpt":{"rendered":"<p>Com o projeto \u201cFala, S\u00e3o Lu\u00eds!\u201d, o candidato a prefeito Wellington do Curso esteve, na \u00faltima quarta-feira (21), no bairro<\/p>\n","protected":false},"author":2,"featured_media":37345,"comment_status":"open","ping_status":"open","sticky":false,"template":"","format":"standard","meta":{"colormag_page_container_layout":"default_layout","colormag_page_sidebar_layout":"default_layout","_jetpack_memberships_contains_paid_content":false,"footnotes":""},"categories":[6],"tags":[],"class_list":["post-37346","post","type-post","status-publish","format-standard","has-post-thumbnail","hentry","category-politica"],"magazineBlocksPostFeaturedMedia":{"thumbnail":"https:\/\/maranhaotv.com.br\/wp-content\/uploads\/2024\/08\/IMG-20240822-WA0280-150x150.jpg","medium":"https:\/\/maranhaotv.com.br\/wp-content\/uploads\/2024\/08\/IMG-20240822-WA0280-300x195.jpg","medium_large":"https:\/\/maranhaotv.com.br\/wp-content\/uploads\/2024\/08\/IMG-20240822-WA0280.jpg","large":"https:\/\/maranhaotv.com.br\/wp-content\/uploads\/2024\/08\/IMG-20240822-WA0280.jpg","1536x1536":"https:\/\/maranhaotv.com.br\/wp-content\/uploads\/2024\/08\/IMG-20240822-WA0280.jpg","2048x2048":"https:\/\/maranhaotv.com.br\/wp-content\/uploads\/2024\/08\/IMG-20240822-WA0280.jpg","colormag-highlighted-post":"https:\/\/maranhaotv.com.br\/wp-content\/uploads\/2024\/08\/IMG-20240822-WA0280-392x272.jpg","colormag-featured-post-medium":"https:\/\/maranhaotv.com.br\/wp-content\/uploads\/2024\/08\/IMG-20240822-WA0280-390x205.jpg","colormag-featured-post-small":"https:\/\/maranhaotv.com.br\/wp-content\/uploads\/2024\/08\/IMG-20240822-WA0280-130x90.jpg","colormag-featured-image":"https:\/\/maranhaotv.com.br\/wp-content\/uploads\/2024\/08\/IMG-20240822-WA0280-747x445.jpg","colormag-default-news":"https:\/\/maranhaotv.com.br\/wp-content\/uploads\/2024\/08\/IMG-20240822-WA0280-150x150.jpg","colormag-featured-image-large":"https:\/\/maranhaotv.com.br\/wp-content\/uploads\/2024\/08\/IMG-20240822-WA0280.jpg"},"magazineBlocksPostAuthor":{"name":"maranhaotv","avatar":"https:\/\/secure.gravatar.com\/avatar\/8fadbca458d4cb68b1dd399ae9a40618d747bb1af65ac9fad21c89220a143eb4?s=96&d=mm&r=g"},"magazineBlocksPostCommentsNumber":"0","magazineBlocksPostExcerpt":"Com o projeto \u201cFala, S\u00e3o Lu\u00eds!\u201d, o candidato a prefeito Wellington do Curso esteve, na \u00faltima quarta-feira (21), no bairro","magazineBlocksPostCategories":["pol\u00edtica"],"magazineBlocksPostViewCount":195,"magazineBlocksPostReadTime":1,"magazine_blocks_featured_image_url":{"full":["https:\/\/maranhaotv.com.br\/wp-content\/uploads\/2024\/08\/IMG-20240822-WA0280.jpg",747,486,false],"medium":["https:\/\/maranhaotv.com.br\/wp-content\/uploads\/2024\/08\/IMG-20240822-WA0280-300x195.jpg",300,195,true],"thumbnail":["https:\/\/maranhaotv.com.br\/wp-content\/uploads\/2024\/08\/IMG-20240822-WA0280-150x150.jpg",150,150,true]},"magazine_blocks_author":{"display_name":"maranhaotv","author_link":"https:\/\/maranhaotv.com.br\/index.php\/author\/maranhaotv\/"},"magazine_blocks_comment":0,"magazine_blocks_author_image":"https:\/\/secure.gravatar.com\/avatar\/8fadbca458d4cb68b1dd399ae9a40618d747bb1af65ac9fad21c89220a143eb4?s=96&d=mm&r=g","magazine_blocks_category":"<a href=\"#\" class=\"category-link category-link-6\">pol\u00edtica<\/a>","yoast_head":"<!-- This site is optimized with the Yoast SEO plugin v27.4 - https:\/\/yoast.com\/product\/yoast-seo-wordpress\/ -->\n<title>\u201cVou acabar com as palafitas nos mangues de S\u00e3o Lu\u00eds\u201d, diz o candidato a prefeito Wellington - NOT\u00cdCIAS EM TEMPO REAL<\/title>\n<meta name=\"robots\" content=\"index, follow, max-snippet:-1, max-image-preview:large, max-video-preview:-1\" \/>\n<link rel=\"canonical\" href=\"https:\/\/maranhaotv.com.br\/index.php\/2024\/08\/22\/vou-acabar-com-as-palafitas-nos-mangues-de-sao-luis-diz-o-candidato-a-prefeito-wellington\/\" \/>\n<meta property=\"og:locale\" content=\"pt_BR\" \/>\n<meta property=\"og:type\" content=\"article\" \/>\n<meta property=\"og:title\" content=\"\u201cVou acabar com as palafitas nos mangues de S\u00e3o Lu\u00eds\u201d, diz o candidato a prefeito Wellington - NOT\u00cdCIAS EM TEMPO REAL\" \/>\n<meta property=\"og:description\" content=\"Com o projeto \u201cFala, S\u00e3o Lu\u00eds!\u201d, o candidato a prefeito Wellington do Curso esteve, na \u00faltima quarta-feira (21), no bairro\" \/>\n<meta property=\"og:url\" content=\"https:\/\/maranhaotv.com.br\/index.php\/2024\/08\/22\/vou-acabar-com-as-palafitas-nos-mangues-de-sao-luis-diz-o-candidato-a-prefeito-wellington\/\" \/>\n<meta property=\"og:site_name\" content=\"NOT\u00cdCIAS EM TEMPO REAL\" \/>\n<meta property=\"article:publisher\" content=\"https:\/\/www.facebook.com\/maiobaotv\" \/>\n<meta property=\"article:published_time\" content=\"2024-08-22T16:01:19+00:00\" \/>\n<meta property=\"article:modified_time\" content=\"2024-08-22T16:03:48+00:00\" \/>\n<meta property=\"og:image\" content=\"https:\/\/maranhaotv.com.br\/wp-content\/uploads\/2024\/08\/IMG-20240822-WA0280.jpg\" \/>\n\t<meta property=\"og:image:width\" content=\"747\" \/>\n\t<meta property=\"og:image:height\" content=\"486\" \/>\n\t<meta property=\"og:image:type\" content=\"image\/jpeg\" \/>\n<meta name=\"author\" content=\"maranhaotv\" \/>\n<meta name=\"twitter:card\" content=\"summary_large_image\" \/>\n<meta name=\"twitter:creator\" content=\"@sitemaranhaotv\" \/>\n<meta name=\"twitter:site\" content=\"@sitemaranhaotv\" \/>\n<meta name=\"twitter:label1\" content=\"Escrito por\" \/>\n\t<meta name=\"twitter:data1\" content=\"maranhaotv\" \/>\n\t<meta name=\"twitter:label2\" content=\"Est. tempo de leitura\" \/>\n\t<meta name=\"twitter:data2\" content=\"1 minuto\" \/>\n<script type=\"application\/ld+json\" class=\"yoast-schema-graph\">{\"@context\":\"https:\\\/\\\/schema.org\",\"@graph\":[{\"@type\":\"Article\",\"@id\":\"https:\\\/\\\/maranhaotv.com.br\\\/index.php\\\/2024\\\/08\\\/22\\\/vou-acabar-com-as-palafitas-nos-mangues-de-sao-luis-diz-o-candidato-a-prefeito-wellington\\\/#article\",\"isPartOf\":{\"@id\":\"https:\\\/\\\/maranhaotv.com.br\\\/index.php\\\/2024\\\/08\\\/22\\\/vou-acabar-com-as-palafitas-nos-mangues-de-sao-luis-diz-o-candidato-a-prefeito-wellington\\\/\"},\"author\":{\"name\":\"maranhaotv\",\"@id\":\"https:\\\/\\\/maranhaotv.com.br\\\/#\\\/schema\\\/person\\\/3d54238e86b20bb5c89ab2fdb8f8829a\"},\"headline\":\"\u201cVou acabar com as palafitas nos mangues de S\u00e3o Lu\u00eds\u201d, diz o candidato a prefeito Wellington\",\"datePublished\":\"2024-08-22T16:01:19+00:00\",\"dateModified\":\"2024-08-22T16:03:48+00:00\",\"mainEntityOfPage\":{\"@id\":\"https:\\\/\\\/maranhaotv.com.br\\\/index.php\\\/2024\\\/08\\\/22\\\/vou-acabar-com-as-palafitas-nos-mangues-de-sao-luis-diz-o-candidato-a-prefeito-wellington\\\/\"},\"wordCount\":187,\"commentCount\":0,\"publisher\":{\"@id\":\"https:\\\/\\\/maranhaotv.com.br\\\/#organization\"},\"image\":{\"@id\":\"https:\\\/\\\/maranhaotv.com.br\\\/index.php\\\/2024\\\/08\\\/22\\\/vou-acabar-com-as-palafitas-nos-mangues-de-sao-luis-diz-o-candidato-a-prefeito-wellington\\\/#primaryimage\"},\"thumbnailUrl\":\"https:\\\/\\\/maranhaotv.com.br\\\/wp-content\\\/uploads\\\/2024\\\/08\\\/IMG-20240822-WA0280.jpg\",\"articleSection\":[\"pol\u00edtica\"],\"inLanguage\":\"pt-BR\",\"potentialAction\":[{\"@type\":\"CommentAction\",\"name\":\"Comment\",\"target\":[\"https:\\\/\\\/maranhaotv.com.br\\\/index.php\\\/2024\\\/08\\\/22\\\/vou-acabar-com-as-palafitas-nos-mangues-de-sao-luis-diz-o-candidato-a-prefeito-wellington\\\/#respond\"]}]},{\"@type\":\"WebPage\",\"@id\":\"https:\\\/\\\/maranhaotv.com.br\\\/index.php\\\/2024\\\/08\\\/22\\\/vou-acabar-com-as-palafitas-nos-mangues-de-sao-luis-diz-o-candidato-a-prefeito-wellington\\\/\",\"url\":\"https:\\\/\\\/maranhaotv.com.br\\\/index.php\\\/2024\\\/08\\\/22\\\/vou-acabar-com-as-palafitas-nos-mangues-de-sao-luis-diz-o-candidato-a-prefeito-wellington\\\/\",\"name\":\"\u201cVou acabar com as palafitas nos mangues de S\u00e3o Lu\u00eds\u201d, diz o candidato a prefeito Wellington - NOT\u00cdCIAS EM TEMPO REAL\",\"isPartOf\":{\"@id\":\"https:\\\/\\\/maranhaotv.com.br\\\/#website\"},\"primaryImageOfPage\":{\"@id\":\"https:\\\/\\\/maranhaotv.com.br\\\/index.php\\\/2024\\\/08\\\/22\\\/vou-acabar-com-as-palafitas-nos-mangues-de-sao-luis-diz-o-candidato-a-prefeito-wellington\\\/#primaryimage\"},\"image\":{\"@id\":\"https:\\\/\\\/maranhaotv.com.br\\\/index.php\\\/2024\\\/08\\\/22\\\/vou-acabar-com-as-palafitas-nos-mangues-de-sao-luis-diz-o-candidato-a-prefeito-wellington\\\/#primaryimage\"},\"thumbnailUrl\":\"https:\\\/\\\/maranhaotv.com.br\\\/wp-content\\\/uploads\\\/2024\\\/08\\\/IMG-20240822-WA0280.jpg\",\"datePublished\":\"2024-08-22T16:01:19+00:00\",\"dateModified\":\"2024-08-22T16:03:48+00:00\",\"breadcrumb\":{\"@id\":\"https:\\\/\\\/maranhaotv.com.br\\\/index.php\\\/2024\\\/08\\\/22\\\/vou-acabar-com-as-palafitas-nos-mangues-de-sao-luis-diz-o-candidato-a-prefeito-wellington\\\/#breadcrumb\"},\"inLanguage\":\"pt-BR\",\"potentialAction\":[{\"@type\":\"ReadAction\",\"target\":[\"https:\\\/\\\/maranhaotv.com.br\\\/index.php\\\/2024\\\/08\\\/22\\\/vou-acabar-com-as-palafitas-nos-mangues-de-sao-luis-diz-o-candidato-a-prefeito-wellington\\\/\"]}]},{\"@type\":\"ImageObject\",\"inLanguage\":\"pt-BR\",\"@id\":\"https:\\\/\\\/maranhaotv.com.br\\\/index.php\\\/2024\\\/08\\\/22\\\/vou-acabar-com-as-palafitas-nos-mangues-de-sao-luis-diz-o-candidato-a-prefeito-wellington\\\/#primaryimage\",\"url\":\"https:\\\/\\\/maranhaotv.com.br\\\/wp-content\\\/uploads\\\/2024\\\/08\\\/IMG-20240822-WA0280.jpg\",\"contentUrl\":\"https:\\\/\\\/maranhaotv.com.br\\\/wp-content\\\/uploads\\\/2024\\\/08\\\/IMG-20240822-WA0280.jpg\",\"width\":747,\"height\":486},{\"@type\":\"BreadcrumbList\",\"@id\":\"https:\\\/\\\/maranhaotv.com.br\\\/index.php\\\/2024\\\/08\\\/22\\\/vou-acabar-com-as-palafitas-nos-mangues-de-sao-luis-diz-o-candidato-a-prefeito-wellington\\\/#breadcrumb\",\"itemListElement\":[{\"@type\":\"ListItem\",\"position\":1,\"name\":\"In\u00edcio\",\"item\":\"https:\\\/\\\/maranhaotv.com.br\\\/\"},{\"@type\":\"ListItem\",\"position\":2,\"name\":\"\u201cVou acabar com as palafitas nos mangues de S\u00e3o Lu\u00eds\u201d, diz o candidato a prefeito Wellington\"}]},{\"@type\":\"WebSite\",\"@id\":\"https:\\\/\\\/maranhaotv.com.br\\\/#website\",\"url\":\"https:\\\/\\\/maranhaotv.com.br\\\/\",\"name\":\"Maranh\u00e3oTV\",\"description\":\"\",\"publisher\":{\"@id\":\"https:\\\/\\\/maranhaotv.com.br\\\/#organization\"},\"potentialAction\":[{\"@type\":\"SearchAction\",\"target\":{\"@type\":\"EntryPoint\",\"urlTemplate\":\"https:\\\/\\\/maranhaotv.com.br\\\/?s={search_term_string}\"},\"query-input\":{\"@type\":\"PropertyValueSpecification\",\"valueRequired\":true,\"valueName\":\"search_term_string\"}}],\"inLanguage\":\"pt-BR\"},{\"@type\":\"Organization\",\"@id\":\"https:\\\/\\\/maranhaotv.com.br\\\/#organization\",\"name\":\"Portal de Not\u00edcias\",\"url\":\"https:\\\/\\\/maranhaotv.com.br\\\/\",\"logo\":{\"@type\":\"ImageObject\",\"inLanguage\":\"pt-BR\",\"@id\":\"https:\\\/\\\/maranhaotv.com.br\\\/#\\\/schema\\\/logo\\\/image\\\/\",\"url\":\"https:\\\/\\\/maranhaotv.com.br\\\/wp-content\\\/uploads\\\/2024\\\/05\\\/cropped-cropped-avatar-1.png\",\"contentUrl\":\"https:\\\/\\\/maranhaotv.com.br\\\/wp-content\\\/uploads\\\/2024\\\/05\\\/cropped-cropped-avatar-1.png\",\"width\":792,\"height\":428,\"caption\":\"Portal de Not\u00edcias\"},\"image\":{\"@id\":\"https:\\\/\\\/maranhaotv.com.br\\\/#\\\/schema\\\/logo\\\/image\\\/\"},\"sameAs\":[\"https:\\\/\\\/www.facebook.com\\\/maiobaotv\",\"https:\\\/\\\/x.com\\\/sitemaranhaotv\",\"https:\\\/\\\/www.instagram.com\\\/maranhao.tv\",\"https:\\\/\\\/www.threads.net\\\/@maranhao.tv\"]},{\"@type\":\"Person\",\"@id\":\"https:\\\/\\\/maranhaotv.com.br\\\/#\\\/schema\\\/person\\\/3d54238e86b20bb5c89ab2fdb8f8829a\",\"name\":\"maranhaotv\",\"image\":{\"@type\":\"ImageObject\",\"inLanguage\":\"pt-BR\",\"@id\":\"https:\\\/\\\/secure.gravatar.com\\\/avatar\\\/8fadbca458d4cb68b1dd399ae9a40618d747bb1af65ac9fad21c89220a143eb4?s=96&d=mm&r=g\",\"url\":\"https:\\\/\\\/secure.gravatar.com\\\/avatar\\\/8fadbca458d4cb68b1dd399ae9a40618d747bb1af65ac9fad21c89220a143eb4?s=96&d=mm&r=g\",\"contentUrl\":\"https:\\\/\\\/secure.gravatar.com\\\/avatar\\\/8fadbca458d4cb68b1dd399ae9a40618d747bb1af65ac9fad21c89220a143eb4?s=96&d=mm&r=g\",\"caption\":\"maranhaotv\"},\"sameAs\":[\"https:\\\/\\\/maranhaotv.com.br\\\/\"],\"url\":\"https:\\\/\\\/maranhaotv.com.br\\\/index.php\\\/author\\\/maranhaotv\\\/\"}]}<\/script>\n<!-- \/ Yoast SEO plugin. -->","yoast_head_json":{"title":"\u201cVou acabar com as palafitas nos mangues de S\u00e3o Lu\u00eds\u201d, diz o candidato a prefeito Wellington - NOT\u00cdCIAS EM TEMPO REAL","robots":{"index":"index","follow":"follow","max-snippet":"max-snippet:-1","max-image-preview":"max-image-preview:large","max-video-preview":"max-video-preview:-1"},"canonical":"https:\/\/maranhaotv.com.br\/index.php\/2024\/08\/22\/vou-acabar-com-as-palafitas-nos-mangues-de-sao-luis-diz-o-candidato-a-prefeito-wellington\/","og_locale":"pt_BR","og_type":"article","og_title":"\u201cVou acabar com as palafitas nos mangues de S\u00e3o Lu\u00eds\u201d, diz o candidato a prefeito Wellington - NOT\u00cdCIAS EM TEMPO REAL","og_description":"Com o projeto \u201cFala, S\u00e3o Lu\u00eds!\u201d, o candidato a prefeito Wellington do Curso esteve, na \u00faltima quarta-feira (21), no bairro","og_url":"https:\/\/maranhaotv.com.br\/index.php\/2024\/08\/22\/vou-acabar-com-as-palafitas-nos-mangues-de-sao-luis-diz-o-candidato-a-prefeito-wellington\/","og_site_name":"NOT\u00cdCIAS EM TEMPO REAL","article_publisher":"https:\/\/www.facebook.com\/maiobaotv","article_published_time":"2024-08-22T16:01:19+00:00","article_modified_time":"2024-08-22T16:03:48+00:00","og_image":[{"width":747,"height":486,"url":"https:\/\/maranhaotv.com.br\/wp-content\/uploads\/2024\/08\/IMG-20240822-WA0280.jpg","type":"image\/jpeg"}],"author":"maranhaotv","twitter_card":"summary_large_image","twitter_creator":"@sitemaranhaotv","twitter_site":"@sitemaranhaotv","twitter_misc":{"Escrito por":"maranhaotv","Est. tempo de leitura":"1 minuto"},"schema":{"@context":"https:\/\/schema.org","@graph":[{"@type":"Article","@id":"https:\/\/maranhaotv.com.br\/index.php\/2024\/08\/22\/vou-acabar-com-as-palafitas-nos-mangues-de-sao-luis-diz-o-candidato-a-prefeito-wellington\/#article","isPartOf":{"@id":"https:\/\/maranhaotv.com.br\/index.php\/2024\/08\/22\/vou-acabar-com-as-palafitas-nos-mangues-de-sao-luis-diz-o-candidato-a-prefeito-wellington\/"},"author":{"name":"maranhaotv","@id":"https:\/\/maranhaotv.com.br\/#\/schema\/person\/3d54238e86b20bb5c89ab2fdb8f8829a"},"headline":"\u201cVou acabar com as palafitas nos mangues de S\u00e3o Lu\u00eds\u201d, diz o candidato a prefeito Wellington","datePublished":"2024-08-22T16:01:19+00:00","dateModified":"2024-08-22T16:03:48+00:00","mainEntityOfPage":{"@id":"https:\/\/maranhaotv.com.br\/index.php\/2024\/08\/22\/vou-acabar-com-as-palafitas-nos-mangues-de-sao-luis-diz-o-candidato-a-prefeito-wellington\/"},"wordCount":187,"commentCount":0,"publisher":{"@id":"https:\/\/maranhaotv.com.br\/#organization"},"image":{"@id":"https:\/\/maranhaotv.com.br\/index.php\/2024\/08\/22\/vou-acabar-com-as-palafitas-nos-mangues-de-sao-luis-diz-o-candidato-a-prefeito-wellington\/#primaryimage"},"thumbnailUrl":"https:\/\/maranhaotv.com.br\/wp-content\/uploads\/2024\/08\/IMG-20240822-WA0280.jpg","articleSection":["pol\u00edtica"],"inLanguage":"pt-BR","potentialAction":[{"@type":"CommentAction","name":"Comment","target":["https:\/\/maranhaotv.com.br\/index.php\/2024\/08\/22\/vou-acabar-com-as-palafitas-nos-mangues-de-sao-luis-diz-o-candidato-a-prefeito-wellington\/#respond"]}]},{"@type":"WebPage","@id":"https:\/\/maranhaotv.com.br\/index.php\/2024\/08\/22\/vou-acabar-com-as-palafitas-nos-mangues-de-sao-luis-diz-o-candidato-a-prefeito-wellington\/","url":"https:\/\/maranhaotv.com.br\/index.php\/2024\/08\/22\/vou-acabar-com-as-palafitas-nos-mangues-de-sao-luis-diz-o-candidato-a-prefeito-wellington\/","name":"\u201cVou acabar com as palafitas nos mangues de S\u00e3o Lu\u00eds\u201d, diz o candidato a prefeito Wellington - NOT\u00cdCIAS EM TEMPO REAL","isPartOf":{"@id":"https:\/\/maranhaotv.com.br\/#website"},"primaryImageOfPage":{"@id":"https:\/\/maranhaotv.com.br\/index.php\/2024\/08\/22\/vou-acabar-com-as-palafitas-nos-mangues-de-sao-luis-diz-o-candidato-a-prefeito-wellington\/#primaryimage"},"image":{"@id":"https:\/\/maranhaotv.com.br\/index.php\/2024\/08\/22\/vou-acabar-com-as-palafitas-nos-mangues-de-sao-luis-diz-o-candidato-a-prefeito-wellington\/#primaryimage"},"thumbnailUrl":"https:\/\/maranhaotv.com.br\/wp-content\/uploads\/2024\/08\/IMG-20240822-WA0280.jpg","datePublished":"2024-08-22T16:01:19+00:00","dateModified":"2024-08-22T16:03:48+00:00","breadcrumb":{"@id":"https:\/\/maranhaotv.com.br\/index.php\/2024\/08\/22\/vou-acabar-com-as-palafitas-nos-mangues-de-sao-luis-diz-o-candidato-a-prefeito-wellington\/#breadcrumb"},"inLanguage":"pt-BR","potentialAction":[{"@type":"ReadAction","target":["https:\/\/maranhaotv.com.br\/index.php\/2024\/08\/22\/vou-acabar-com-as-palafitas-nos-mangues-de-sao-luis-diz-o-candidato-a-prefeito-wellington\/"]}]},{"@type":"ImageObject","inLanguage":"pt-BR","@id":"https:\/\/maranhaotv.com.br\/index.php\/2024\/08\/22\/vou-acabar-com-as-palafitas-nos-mangues-de-sao-luis-diz-o-candidato-a-prefeito-wellington\/#primaryimage","url":"https:\/\/maranhaotv.com.br\/wp-content\/uploads\/2024\/08\/IMG-20240822-WA0280.jpg","contentUrl":"https:\/\/maranhaotv.com.br\/wp-content\/uploads\/2024\/08\/IMG-20240822-WA0280.jpg","width":747,"height":486},{"@type":"BreadcrumbList","@id":"https:\/\/maranhaotv.com.br\/index.php\/2024\/08\/22\/vou-acabar-com-as-palafitas-nos-mangues-de-sao-luis-diz-o-candidato-a-prefeito-wellington\/#breadcrumb","itemListElement":[{"@type":"ListItem","position":1,"name":"In\u00edcio","item":"https:\/\/maranhaotv.com.br\/"},{"@type":"ListItem","position":2,"name":"\u201cVou acabar com as palafitas nos mangues de S\u00e3o Lu\u00eds\u201d, diz o candidato a prefeito Wellington"}]},{"@type":"WebSite","@id":"https:\/\/maranhaotv.com.br\/#website","url":"https:\/\/maranhaotv.com.br\/","name":"Maranh\u00e3oTV","description":"","publisher":{"@id":"https:\/\/maranhaotv.com.br\/#organization"},"potentialAction":[{"@type":"SearchAction","target":{"@type":"EntryPoint","urlTemplate":"https:\/\/maranhaotv.com.br\/?s={search_term_string}"},"query-input":{"@type":"PropertyValueSpecification","valueRequired":true,"valueName":"search_term_string"}}],"inLanguage":"pt-BR"},{"@type":"Organization","@id":"https:\/\/maranhaotv.com.br\/#organization","name":"Portal de Not\u00edcias","url":"https:\/\/maranhaotv.com.br\/","logo":{"@type":"ImageObject","inLanguage":"pt-BR","@id":"https:\/\/maranhaotv.com.br\/#\/schema\/logo\/image\/","url":"https:\/\/maranhaotv.com.br\/wp-content\/uploads\/2024\/05\/cropped-cropped-avatar-1.png","contentUrl":"https:\/\/maranhaotv.com.br\/wp-content\/uploads\/2024\/05\/cropped-cropped-avatar-1.png","width":792,"height":428,"caption":"Portal de Not\u00edcias"},"image":{"@id":"https:\/\/maranhaotv.com.br\/#\/schema\/logo\/image\/"},"sameAs":["https:\/\/www.facebook.com\/maiobaotv","https:\/\/x.com\/sitemaranhaotv","https:\/\/www.instagram.com\/maranhao.tv","https:\/\/www.threads.net\/@maranhao.tv"]},{"@type":"Person","@id":"https:\/\/maranhaotv.com.br\/#\/schema\/person\/3d54238e86b20bb5c89ab2fdb8f8829a","name":"maranhaotv","image":{"@type":"ImageObject","inLanguage":"pt-BR","@id":"https:\/\/secure.gravatar.com\/avatar\/8fadbca458d4cb68b1dd399ae9a40618d747bb1af65ac9fad21c89220a143eb4?s=96&d=mm&r=g","url":"https:\/\/secure.gravatar.com\/avatar\/8fadbca458d4cb68b1dd399ae9a40618d747bb1af65ac9fad21c89220a143eb4?s=96&d=mm&r=g","contentUrl":"https:\/\/secure.gravatar.com\/avatar\/8fadbca458d4cb68b1dd399ae9a40618d747bb1af65ac9fad21c89220a143eb4?s=96&d=mm&r=g","caption":"maranhaotv"},"sameAs":["https:\/\/maranhaotv.com.br\/"],"url":"https:\/\/maranhaotv.com.br\/index.php\/author\/maranhaotv\/"}]}},"jetpack_featured_media_url":"https:\/\/maranhaotv.com.br\/wp-content\/uploads\/2024\/08\/IMG-20240822-WA0280.jpg","jetpack_sharing_enabled":true,"_links":{"self":[{"href":"https:\/\/maranhaotv.com.br\/index.php\/wp-json\/wp\/v2\/posts\/37346","targetHints":{"allow":["GET"]}}],"collection":[{"href":"https:\/\/maranhaotv.com.br\/index.php\/wp-json\/wp\/v2\/posts"}],"about":[{"href":"https:\/\/maranhaotv.com.br\/index.php\/wp-json\/wp\/v2\/types\/post"}],"author":[{"embeddable":true,"href":"https:\/\/maranhaotv.com.br\/index.php\/wp-json\/wp\/v2\/users\/2"}],"replies":[{"embeddable":true,"href":"https:\/\/maranhaotv.com.br\/index.php\/wp-json\/wp\/v2\/comments?post=37346"}],"version-history":[{"count":2,"href":"https:\/\/maranhaotv.com.br\/index.php\/wp-json\/wp\/v2\/posts\/37346\/revisions"}],"predecessor-version":[{"id":37348,"href":"https:\/\/maranhaotv.com.br\/index.php\/wp-json\/wp\/v2\/posts\/37346\/revisions\/37348"}],"wp:featuredmedia":[{"embeddable":true,"href":"https:\/\/maranhaotv.com.br\/index.php\/wp-json\/wp\/v2\/media\/37345"}],"wp:attachment":[{"href":"https:\/\/maranhaotv.com.br\/index.php\/wp-json\/wp\/v2\/media?parent=37346"}],"wp:term":[{"taxonomy":"category","embeddable":true,"href":"https:\/\/maranhaotv.com.br\/index.php\/wp-json\/wp\/v2\/categories?post=37346"},{"taxonomy":"post_tag","embeddable":true,"href":"https:\/\/maranhaotv.com.br\/index.php\/wp-json\/wp\/v2\/tags?post=37346"}],"curies":[{"name":"wp","href":"https:\/\/api.w.org\/{rel}","templated":true}]}}