{"id":37362,"date":"2024-08-23T14:04:36","date_gmt":"2024-08-23T17:04:36","guid":{"rendered":"https:\/\/maranhaotv.com.br\/?p=37362"},"modified":"2024-08-23T14:05:02","modified_gmt":"2024-08-23T17:05:02","slug":"carlos-lula-destaca-necessidade-de-acoes-urgentes-para-apoiar-criancas-orfas-no-maranhao","status":"publish","type":"post","link":"https:\/\/maranhaotv.com.br\/index.php\/2024\/08\/23\/carlos-lula-destaca-necessidade-de-acoes-urgentes-para-apoiar-criancas-orfas-no-maranhao\/","title":{"rendered":"Carlos Lula destaca necessidade de a\u00e7\u00f5es urgentes para apoiar crian\u00e7as \u00f3rf\u00e3s no Maranh\u00e3o"},"content":{"rendered":"\n<p><br><br>O deputado estadual Carlos Lula (PSB) presidiu, nesta quarta-feira (21), o Semin\u00e1rio Estadual Orfandade e Direitos do Maranh\u00e3o, promovido pela Coaliz\u00e3o Nacional pelos Direitos de Crian\u00e7as e Adolescentes sob Orfandade. O evento abordou o aumento significativo dos casos de orfandade no Brasil, exacerbado pela pandemia de Covid-19.<br><br>De acordo com o Conselho Nacional de Sa\u00fade (CNS), entre mar\u00e7o de 2020 e abril de 2021, mais de 113 mil crian\u00e7as e adolescentes foram afetados pela perda de um ou ambos os pais devido \u00e0 Covid-19. O promotor de Justi\u00e7a M\u00e1rcio Thadeu Silva Marques, titular da Promotoria da Inf\u00e2ncia e Juventude de S\u00e3o Lu\u00eds, ressaltou que o Brasil registrou 710.427 mortes em decorr\u00eancia do v\u00edrus respirat\u00f3rio.<br><br>\u201cA orfandade sempre existiu, mas a pandemia acentuou a desigualdade social e criou um fen\u00f4meno sem precedentes: uma gera\u00e7\u00e3o inteira de crian\u00e7as e adolescentes se tornou \u00f3rf\u00e3 simultaneamente. Isso compromete seu direito ao desenvolvimento integral e \u00e0 conviv\u00eancia familiar, que \u00e9 fundamental para seu crescimento e prote\u00e7\u00e3o\u201d, destacou o promotor.<br><br>No semin\u00e1rio, Carlos Lula presidiu a mesa sobre \u201cA\u00e7\u00f5es e Prote\u00e7\u00f5es \u00e0s Crian\u00e7as e Adolescentes em Orfandade e suas Fam\u00edlias &#8211; As A\u00e7\u00f5es do Poder Executivo Estadual e os Dados sob Responsabilidade de Cada Setor Governamental\u201d, que contou com a participa\u00e7\u00e3o de representantes das secretarias de Estado de Desenvolvimento Social e Educa\u00e7\u00e3o, do Colegiado Estadual dos Gestores Municipais de Assist\u00eancia Social e do Minist\u00e9rio do Desenvolvimento Social.<br><br>Lula lembrou que a quest\u00e3o da orfandade devido \u00e0 Covid-19 j\u00e1 era uma preocupa\u00e7\u00e3o durante sua gest\u00e3o na Secretaria de Estado da Sa\u00fade. Na \u00e9poca, o \u00f3rg\u00e3o emitiu uma Nota T\u00e9cnica para orientar o atendimento a crian\u00e7as e adolescentes \u00f3rf\u00e3os em hospitais p\u00fablicos e privados do Maranh\u00e3o.<br><br>Na Assembleia, o deputado prop\u00f4s a cria\u00e7\u00e3o de uma Frente Parlamentar em Defesa da Primeira Inf\u00e2ncia e a atualiza\u00e7\u00e3o da Lei Estadual n\u00ba 11.482\/2021, que prioriza o atendimento a \u00f3rf\u00e3os e egressos de institui\u00e7\u00f5es coletivas p\u00fablicas ou privadas.<br><br>\u201cEste debate revelou a necessidade de avan\u00e7ar para a prote\u00e7\u00e3o integral das crian\u00e7as e adolescentes \u00f3rf\u00e3os, n\u00e3o apenas durante a pandemia, mas tamb\u00e9m na formula\u00e7\u00e3o e execu\u00e7\u00e3o de pol\u00edticas p\u00fablicas permanentes para esse grupo vulner\u00e1vel\u201d, avaliou Carlos Lula.<br><br>A Coaliz\u00e3o Nacional pelos Direitos de Crian\u00e7as e Adolescentes sob Orfandade, formada por uma articula\u00e7\u00e3o de organiza\u00e7\u00f5es da sociedade civil, autarquias, profissionais federais, movimentos sociais, pesquisadores e ativistas, busca desde 2021 garantir visibilidade e direitos para essas crian\u00e7as e suas fam\u00edlias.<br><br>Milton Santos, pedagogo e coordenador Executivo da Coaliz\u00e3o, informou que, de setembro de 2021 a junho de 2024, foram registradas 16.940 crian\u00e7as em orfandade no pa\u00eds devido \u00e0 Covid-19, considerando apenas aquelas com certid\u00e3o de nascimento e CPF dos pais. No Maranh\u00e3o, os casos saltaram de 142 em 2021 para uma estimativa de 220 at\u00e9 2024.<br><br>\u201cA coaliz\u00e3o visa trazer \u00e0 luz a realidade das crian\u00e7as e adolescentes \u00f3rf\u00e3os e suas fam\u00edlias, um problema muitas vezes visto como privado, mas que deve ser abordado publicamente\u201d, concluiu Milton Santos.<\/p>\n\n\n\n<figure class=\"wp-block-image size-large\"><img loading=\"lazy\" decoding=\"async\" width=\"1024\" height=\"768\" src=\"https:\/\/maranhaotv.com.br\/wp-content\/uploads\/2024\/08\/img-20240823-wa06713587438918437813159-1024x768.jpg\" alt=\"\" class=\"wp-image-37359\" srcset=\"https:\/\/maranhaotv.com.br\/wp-content\/uploads\/2024\/08\/img-20240823-wa06713587438918437813159-1024x768.jpg 1024w, https:\/\/maranhaotv.com.br\/wp-content\/uploads\/2024\/08\/img-20240823-wa06713587438918437813159-300x225.jpg 300w, https:\/\/maranhaotv.com.br\/wp-content\/uploads\/2024\/08\/img-20240823-wa06713587438918437813159-768x576.jpg 768w, https:\/\/maranhaotv.com.br\/wp-content\/uploads\/2024\/08\/img-20240823-wa06713587438918437813159-1536x1152.jpg 1536w, https:\/\/maranhaotv.com.br\/wp-content\/uploads\/2024\/08\/img-20240823-wa06713587438918437813159.jpg 1600w\" sizes=\"auto, (max-width: 1024px) 100vw, 1024px\" \/><\/figure>\n\n\n\n<figure class=\"wp-block-image\"><img loading=\"lazy\" decoding=\"async\" width=\"1024\" height=\"756\" src=\"https:\/\/maranhaotv.com.br\/wp-content\/uploads\/2024\/08\/img-20240823-wa06697931848680612979970-1024x756.jpg\" alt=\"\" class=\"wp-image-37358\" srcset=\"https:\/\/maranhaotv.com.br\/wp-content\/uploads\/2024\/08\/img-20240823-wa06697931848680612979970-1024x756.jpg 1024w, https:\/\/maranhaotv.com.br\/wp-content\/uploads\/2024\/08\/img-20240823-wa06697931848680612979970-300x221.jpg 300w, https:\/\/maranhaotv.com.br\/wp-content\/uploads\/2024\/08\/img-20240823-wa06697931848680612979970-768x567.jpg 768w, https:\/\/maranhaotv.com.br\/wp-content\/uploads\/2024\/08\/img-20240823-wa06697931848680612979970-1536x1134.jpg 1536w, https:\/\/maranhaotv.com.br\/wp-content\/uploads\/2024\/08\/img-20240823-wa06697931848680612979970.jpg 1600w\" sizes=\"auto, (max-width: 1024px) 100vw, 1024px\" \/><\/figure>\n\n\n\n<figure class=\"wp-block-image\"><img loading=\"lazy\" decoding=\"async\" width=\"1024\" height=\"767\" src=\"https:\/\/maranhaotv.com.br\/wp-content\/uploads\/2024\/08\/img-20240823-wa06674229665697125231250-1024x767.jpg\" alt=\"\" class=\"wp-image-37360\" srcset=\"https:\/\/maranhaotv.com.br\/wp-content\/uploads\/2024\/08\/img-20240823-wa06674229665697125231250-1024x767.jpg 1024w, https:\/\/maranhaotv.com.br\/wp-content\/uploads\/2024\/08\/img-20240823-wa06674229665697125231250-300x225.jpg 300w, https:\/\/maranhaotv.com.br\/wp-content\/uploads\/2024\/08\/img-20240823-wa06674229665697125231250-768x576.jpg 768w, https:\/\/maranhaotv.com.br\/wp-content\/uploads\/2024\/08\/img-20240823-wa06674229665697125231250-1536x1151.jpg 1536w, https:\/\/maranhaotv.com.br\/wp-content\/uploads\/2024\/08\/img-20240823-wa06674229665697125231250.jpg 1600w\" sizes=\"auto, (max-width: 1024px) 100vw, 1024px\" \/><\/figure>\n","protected":false},"excerpt":{"rendered":"<p>O deputado estadual Carlos Lula (PSB) presidiu, nesta quarta-feira (21), o Semin\u00e1rio Estadual Orfandade e Direitos do Maranh\u00e3o, promovido pela<\/p>\n","protected":false},"author":2,"featured_media":37361,"comment_status":"open","ping_status":"open","sticky":false,"template":"","format":"standard","meta":{"colormag_page_container_layout":"default_layout","colormag_page_sidebar_layout":"default_layout","_jetpack_memberships_contains_paid_content":false,"footnotes":""},"categories":[2],"tags":[],"class_list":["post-37362","post","type-post","status-publish","format-standard","has-post-thumbnail","hentry","category-noticias"],"magazineBlocksPostFeaturedMedia":{"thumbnail":"https:\/\/maranhaotv.com.br\/wp-content\/uploads\/2024\/08\/IMG-20240823-WA0668-150x150.jpg","medium":"https:\/\/maranhaotv.com.br\/wp-content\/uploads\/2024\/08\/IMG-20240823-WA0668-300x220.jpg","medium_large":"https:\/\/maranhaotv.com.br\/wp-content\/uploads\/2024\/08\/IMG-20240823-WA0668-768x564.jpg","large":"https:\/\/maranhaotv.com.br\/wp-content\/uploads\/2024\/08\/IMG-20240823-WA0668-1024x752.jpg","1536x1536":"https:\/\/maranhaotv.com.br\/wp-content\/uploads\/2024\/08\/IMG-20240823-WA0668-1536x1128.jpg","2048x2048":"https:\/\/maranhaotv.com.br\/wp-content\/uploads\/2024\/08\/IMG-20240823-WA0668.jpg","colormag-highlighted-post":"https:\/\/maranhaotv.com.br\/wp-content\/uploads\/2024\/08\/IMG-20240823-WA0668-392x272.jpg","colormag-featured-post-medium":"https:\/\/maranhaotv.com.br\/wp-content\/uploads\/2024\/08\/IMG-20240823-WA0668-390x205.jpg","colormag-featured-post-small":"https:\/\/maranhaotv.com.br\/wp-content\/uploads\/2024\/08\/IMG-20240823-WA0668-130x90.jpg","colormag-featured-image":"https:\/\/maranhaotv.com.br\/wp-content\/uploads\/2024\/08\/IMG-20240823-WA0668-800x445.jpg","colormag-default-news":"https:\/\/maranhaotv.com.br\/wp-content\/uploads\/2024\/08\/IMG-20240823-WA0668-150x150.jpg","colormag-featured-image-large":"https:\/\/maranhaotv.com.br\/wp-content\/uploads\/2024\/08\/IMG-20240823-WA0668-1400x600.jpg"},"magazineBlocksPostAuthor":{"name":"maranhaotv","avatar":"https:\/\/secure.gravatar.com\/avatar\/8fadbca458d4cb68b1dd399ae9a40618d747bb1af65ac9fad21c89220a143eb4?s=96&d=mm&r=g"},"magazineBlocksPostCommentsNumber":"0","magazineBlocksPostExcerpt":"O deputado estadual Carlos Lula (PSB) presidiu, nesta quarta-feira (21), o Semin\u00e1rio Estadual Orfandade e Direitos do Maranh\u00e3o, promovido pela","magazineBlocksPostCategories":["not\u00edcias"],"magazineBlocksPostViewCount":212,"magazineBlocksPostReadTime":3,"magazine_blocks_featured_image_url":{"full":["https:\/\/maranhaotv.com.br\/wp-content\/uploads\/2024\/08\/IMG-20240823-WA0668.jpg",1600,1175,false],"medium":["https:\/\/maranhaotv.com.br\/wp-content\/uploads\/2024\/08\/IMG-20240823-WA0668-300x220.jpg",300,220,true],"thumbnail":["https:\/\/maranhaotv.com.br\/wp-content\/uploads\/2024\/08\/IMG-20240823-WA0668-150x150.jpg",150,150,true]},"magazine_blocks_author":{"display_name":"maranhaotv","author_link":"https:\/\/maranhaotv.com.br\/index.php\/author\/maranhaotv\/"},"magazine_blocks_comment":0,"magazine_blocks_author_image":"https:\/\/secure.gravatar.com\/avatar\/8fadbca458d4cb68b1dd399ae9a40618d747bb1af65ac9fad21c89220a143eb4?s=96&d=mm&r=g","magazine_blocks_category":"<a href=\"#\" class=\"category-link category-link-2\">not\u00edcias<\/a>","yoast_head":"<!-- This site is optimized with the Yoast SEO plugin v27.4 - https:\/\/yoast.com\/product\/yoast-seo-wordpress\/ -->\n<title>Carlos Lula destaca necessidade de a\u00e7\u00f5es urgentes para apoiar crian\u00e7as \u00f3rf\u00e3s no Maranh\u00e3o - NOT\u00cdCIAS EM TEMPO REAL<\/title>\n<meta name=\"robots\" content=\"index, follow, max-snippet:-1, max-image-preview:large, max-video-preview:-1\" \/>\n<link rel=\"canonical\" href=\"https:\/\/maranhaotv.com.br\/index.php\/2024\/08\/23\/carlos-lula-destaca-necessidade-de-acoes-urgentes-para-apoiar-criancas-orfas-no-maranhao\/\" \/>\n<meta property=\"og:locale\" content=\"pt_BR\" \/>\n<meta property=\"og:type\" content=\"article\" \/>\n<meta property=\"og:title\" content=\"Carlos Lula destaca necessidade de a\u00e7\u00f5es urgentes para apoiar crian\u00e7as \u00f3rf\u00e3s no Maranh\u00e3o - NOT\u00cdCIAS EM TEMPO REAL\" \/>\n<meta property=\"og:description\" content=\"O deputado estadual Carlos Lula (PSB) presidiu, nesta quarta-feira (21), o Semin\u00e1rio Estadual Orfandade e Direitos do Maranh\u00e3o, promovido pela\" \/>\n<meta property=\"og:url\" content=\"https:\/\/maranhaotv.com.br\/index.php\/2024\/08\/23\/carlos-lula-destaca-necessidade-de-acoes-urgentes-para-apoiar-criancas-orfas-no-maranhao\/\" \/>\n<meta property=\"og:site_name\" content=\"NOT\u00cdCIAS EM TEMPO REAL\" \/>\n<meta property=\"article:publisher\" content=\"https:\/\/www.facebook.com\/maiobaotv\" \/>\n<meta property=\"article:published_time\" content=\"2024-08-23T17:04:36+00:00\" \/>\n<meta property=\"article:modified_time\" content=\"2024-08-23T17:05:02+00:00\" \/>\n<meta property=\"og:image\" content=\"https:\/\/maranhaotv.com.br\/wp-content\/uploads\/2024\/08\/IMG-20240823-WA0668.jpg\" \/>\n\t<meta property=\"og:image:width\" content=\"1600\" \/>\n\t<meta property=\"og:image:height\" content=\"1175\" \/>\n\t<meta property=\"og:image:type\" content=\"image\/jpeg\" \/>\n<meta name=\"author\" content=\"maranhaotv\" \/>\n<meta name=\"twitter:card\" content=\"summary_large_image\" \/>\n<meta name=\"twitter:creator\" content=\"@sitemaranhaotv\" \/>\n<meta name=\"twitter:site\" content=\"@sitemaranhaotv\" \/>\n<meta name=\"twitter:label1\" content=\"Escrito por\" \/>\n\t<meta name=\"twitter:data1\" content=\"maranhaotv\" \/>\n\t<meta name=\"twitter:label2\" content=\"Est. tempo de leitura\" \/>\n\t<meta name=\"twitter:data2\" content=\"3 minutos\" \/>\n<script type=\"application\/ld+json\" class=\"yoast-schema-graph\">{\"@context\":\"https:\\\/\\\/schema.org\",\"@graph\":[{\"@type\":\"Article\",\"@id\":\"https:\\\/\\\/maranhaotv.com.br\\\/index.php\\\/2024\\\/08\\\/23\\\/carlos-lula-destaca-necessidade-de-acoes-urgentes-para-apoiar-criancas-orfas-no-maranhao\\\/#article\",\"isPartOf\":{\"@id\":\"https:\\\/\\\/maranhaotv.com.br\\\/index.php\\\/2024\\\/08\\\/23\\\/carlos-lula-destaca-necessidade-de-acoes-urgentes-para-apoiar-criancas-orfas-no-maranhao\\\/\"},\"author\":{\"name\":\"maranhaotv\",\"@id\":\"https:\\\/\\\/maranhaotv.com.br\\\/#\\\/schema\\\/person\\\/3d54238e86b20bb5c89ab2fdb8f8829a\"},\"headline\":\"Carlos Lula destaca necessidade de a\u00e7\u00f5es urgentes para apoiar crian\u00e7as \u00f3rf\u00e3s no Maranh\u00e3o\",\"datePublished\":\"2024-08-23T17:04:36+00:00\",\"dateModified\":\"2024-08-23T17:05:02+00:00\",\"mainEntityOfPage\":{\"@id\":\"https:\\\/\\\/maranhaotv.com.br\\\/index.php\\\/2024\\\/08\\\/23\\\/carlos-lula-destaca-necessidade-de-acoes-urgentes-para-apoiar-criancas-orfas-no-maranhao\\\/\"},\"wordCount\":553,\"commentCount\":0,\"publisher\":{\"@id\":\"https:\\\/\\\/maranhaotv.com.br\\\/#organization\"},\"image\":{\"@id\":\"https:\\\/\\\/maranhaotv.com.br\\\/index.php\\\/2024\\\/08\\\/23\\\/carlos-lula-destaca-necessidade-de-acoes-urgentes-para-apoiar-criancas-orfas-no-maranhao\\\/#primaryimage\"},\"thumbnailUrl\":\"https:\\\/\\\/maranhaotv.com.br\\\/wp-content\\\/uploads\\\/2024\\\/08\\\/IMG-20240823-WA0668.jpg\",\"articleSection\":[\"not\u00edcias\"],\"inLanguage\":\"pt-BR\",\"potentialAction\":[{\"@type\":\"CommentAction\",\"name\":\"Comment\",\"target\":[\"https:\\\/\\\/maranhaotv.com.br\\\/index.php\\\/2024\\\/08\\\/23\\\/carlos-lula-destaca-necessidade-de-acoes-urgentes-para-apoiar-criancas-orfas-no-maranhao\\\/#respond\"]}]},{\"@type\":\"WebPage\",\"@id\":\"https:\\\/\\\/maranhaotv.com.br\\\/index.php\\\/2024\\\/08\\\/23\\\/carlos-lula-destaca-necessidade-de-acoes-urgentes-para-apoiar-criancas-orfas-no-maranhao\\\/\",\"url\":\"https:\\\/\\\/maranhaotv.com.br\\\/index.php\\\/2024\\\/08\\\/23\\\/carlos-lula-destaca-necessidade-de-acoes-urgentes-para-apoiar-criancas-orfas-no-maranhao\\\/\",\"name\":\"Carlos Lula destaca necessidade de a\u00e7\u00f5es urgentes para apoiar crian\u00e7as \u00f3rf\u00e3s no Maranh\u00e3o - NOT\u00cdCIAS EM TEMPO REAL\",\"isPartOf\":{\"@id\":\"https:\\\/\\\/maranhaotv.com.br\\\/#website\"},\"primaryImageOfPage\":{\"@id\":\"https:\\\/\\\/maranhaotv.com.br\\\/index.php\\\/2024\\\/08\\\/23\\\/carlos-lula-destaca-necessidade-de-acoes-urgentes-para-apoiar-criancas-orfas-no-maranhao\\\/#primaryimage\"},\"image\":{\"@id\":\"https:\\\/\\\/maranhaotv.com.br\\\/index.php\\\/2024\\\/08\\\/23\\\/carlos-lula-destaca-necessidade-de-acoes-urgentes-para-apoiar-criancas-orfas-no-maranhao\\\/#primaryimage\"},\"thumbnailUrl\":\"https:\\\/\\\/maranhaotv.com.br\\\/wp-content\\\/uploads\\\/2024\\\/08\\\/IMG-20240823-WA0668.jpg\",\"datePublished\":\"2024-08-23T17:04:36+00:00\",\"dateModified\":\"2024-08-23T17:05:02+00:00\",\"breadcrumb\":{\"@id\":\"https:\\\/\\\/maranhaotv.com.br\\\/index.php\\\/2024\\\/08\\\/23\\\/carlos-lula-destaca-necessidade-de-acoes-urgentes-para-apoiar-criancas-orfas-no-maranhao\\\/#breadcrumb\"},\"inLanguage\":\"pt-BR\",\"potentialAction\":[{\"@type\":\"ReadAction\",\"target\":[\"https:\\\/\\\/maranhaotv.com.br\\\/index.php\\\/2024\\\/08\\\/23\\\/carlos-lula-destaca-necessidade-de-acoes-urgentes-para-apoiar-criancas-orfas-no-maranhao\\\/\"]}]},{\"@type\":\"ImageObject\",\"inLanguage\":\"pt-BR\",\"@id\":\"https:\\\/\\\/maranhaotv.com.br\\\/index.php\\\/2024\\\/08\\\/23\\\/carlos-lula-destaca-necessidade-de-acoes-urgentes-para-apoiar-criancas-orfas-no-maranhao\\\/#primaryimage\",\"url\":\"https:\\\/\\\/maranhaotv.com.br\\\/wp-content\\\/uploads\\\/2024\\\/08\\\/IMG-20240823-WA0668.jpg\",\"contentUrl\":\"https:\\\/\\\/maranhaotv.com.br\\\/wp-content\\\/uploads\\\/2024\\\/08\\\/IMG-20240823-WA0668.jpg\",\"width\":1600,\"height\":1175},{\"@type\":\"BreadcrumbList\",\"@id\":\"https:\\\/\\\/maranhaotv.com.br\\\/index.php\\\/2024\\\/08\\\/23\\\/carlos-lula-destaca-necessidade-de-acoes-urgentes-para-apoiar-criancas-orfas-no-maranhao\\\/#breadcrumb\",\"itemListElement\":[{\"@type\":\"ListItem\",\"position\":1,\"name\":\"In\u00edcio\",\"item\":\"https:\\\/\\\/maranhaotv.com.br\\\/\"},{\"@type\":\"ListItem\",\"position\":2,\"name\":\"Carlos Lula destaca necessidade de a\u00e7\u00f5es urgentes para apoiar crian\u00e7as \u00f3rf\u00e3s no Maranh\u00e3o\"}]},{\"@type\":\"WebSite\",\"@id\":\"https:\\\/\\\/maranhaotv.com.br\\\/#website\",\"url\":\"https:\\\/\\\/maranhaotv.com.br\\\/\",\"name\":\"Maranh\u00e3oTV\",\"description\":\"\",\"publisher\":{\"@id\":\"https:\\\/\\\/maranhaotv.com.br\\\/#organization\"},\"potentialAction\":[{\"@type\":\"SearchAction\",\"target\":{\"@type\":\"EntryPoint\",\"urlTemplate\":\"https:\\\/\\\/maranhaotv.com.br\\\/?s={search_term_string}\"},\"query-input\":{\"@type\":\"PropertyValueSpecification\",\"valueRequired\":true,\"valueName\":\"search_term_string\"}}],\"inLanguage\":\"pt-BR\"},{\"@type\":\"Organization\",\"@id\":\"https:\\\/\\\/maranhaotv.com.br\\\/#organization\",\"name\":\"Portal de Not\u00edcias\",\"url\":\"https:\\\/\\\/maranhaotv.com.br\\\/\",\"logo\":{\"@type\":\"ImageObject\",\"inLanguage\":\"pt-BR\",\"@id\":\"https:\\\/\\\/maranhaotv.com.br\\\/#\\\/schema\\\/logo\\\/image\\\/\",\"url\":\"https:\\\/\\\/maranhaotv.com.br\\\/wp-content\\\/uploads\\\/2024\\\/05\\\/cropped-cropped-avatar-1.png\",\"contentUrl\":\"https:\\\/\\\/maranhaotv.com.br\\\/wp-content\\\/uploads\\\/2024\\\/05\\\/cropped-cropped-avatar-1.png\",\"width\":792,\"height\":428,\"caption\":\"Portal de Not\u00edcias\"},\"image\":{\"@id\":\"https:\\\/\\\/maranhaotv.com.br\\\/#\\\/schema\\\/logo\\\/image\\\/\"},\"sameAs\":[\"https:\\\/\\\/www.facebook.com\\\/maiobaotv\",\"https:\\\/\\\/x.com\\\/sitemaranhaotv\",\"https:\\\/\\\/www.instagram.com\\\/maranhao.tv\",\"https:\\\/\\\/www.threads.net\\\/@maranhao.tv\"]},{\"@type\":\"Person\",\"@id\":\"https:\\\/\\\/maranhaotv.com.br\\\/#\\\/schema\\\/person\\\/3d54238e86b20bb5c89ab2fdb8f8829a\",\"name\":\"maranhaotv\",\"image\":{\"@type\":\"ImageObject\",\"inLanguage\":\"pt-BR\",\"@id\":\"https:\\\/\\\/secure.gravatar.com\\\/avatar\\\/8fadbca458d4cb68b1dd399ae9a40618d747bb1af65ac9fad21c89220a143eb4?s=96&d=mm&r=g\",\"url\":\"https:\\\/\\\/secure.gravatar.com\\\/avatar\\\/8fadbca458d4cb68b1dd399ae9a40618d747bb1af65ac9fad21c89220a143eb4?s=96&d=mm&r=g\",\"contentUrl\":\"https:\\\/\\\/secure.gravatar.com\\\/avatar\\\/8fadbca458d4cb68b1dd399ae9a40618d747bb1af65ac9fad21c89220a143eb4?s=96&d=mm&r=g\",\"caption\":\"maranhaotv\"},\"sameAs\":[\"https:\\\/\\\/maranhaotv.com.br\\\/\"],\"url\":\"https:\\\/\\\/maranhaotv.com.br\\\/index.php\\\/author\\\/maranhaotv\\\/\"}]}<\/script>\n<!-- \/ Yoast SEO plugin. -->","yoast_head_json":{"title":"Carlos Lula destaca necessidade de a\u00e7\u00f5es urgentes para apoiar crian\u00e7as \u00f3rf\u00e3s no Maranh\u00e3o - NOT\u00cdCIAS EM TEMPO REAL","robots":{"index":"index","follow":"follow","max-snippet":"max-snippet:-1","max-image-preview":"max-image-preview:large","max-video-preview":"max-video-preview:-1"},"canonical":"https:\/\/maranhaotv.com.br\/index.php\/2024\/08\/23\/carlos-lula-destaca-necessidade-de-acoes-urgentes-para-apoiar-criancas-orfas-no-maranhao\/","og_locale":"pt_BR","og_type":"article","og_title":"Carlos Lula destaca necessidade de a\u00e7\u00f5es urgentes para apoiar crian\u00e7as \u00f3rf\u00e3s no Maranh\u00e3o - NOT\u00cdCIAS EM TEMPO REAL","og_description":"O deputado estadual Carlos Lula (PSB) presidiu, nesta quarta-feira (21), o Semin\u00e1rio Estadual Orfandade e Direitos do Maranh\u00e3o, promovido pela","og_url":"https:\/\/maranhaotv.com.br\/index.php\/2024\/08\/23\/carlos-lula-destaca-necessidade-de-acoes-urgentes-para-apoiar-criancas-orfas-no-maranhao\/","og_site_name":"NOT\u00cdCIAS EM TEMPO REAL","article_publisher":"https:\/\/www.facebook.com\/maiobaotv","article_published_time":"2024-08-23T17:04:36+00:00","article_modified_time":"2024-08-23T17:05:02+00:00","og_image":[{"width":1600,"height":1175,"url":"https:\/\/maranhaotv.com.br\/wp-content\/uploads\/2024\/08\/IMG-20240823-WA0668.jpg","type":"image\/jpeg"}],"author":"maranhaotv","twitter_card":"summary_large_image","twitter_creator":"@sitemaranhaotv","twitter_site":"@sitemaranhaotv","twitter_misc":{"Escrito por":"maranhaotv","Est. tempo de leitura":"3 minutos"},"schema":{"@context":"https:\/\/schema.org","@graph":[{"@type":"Article","@id":"https:\/\/maranhaotv.com.br\/index.php\/2024\/08\/23\/carlos-lula-destaca-necessidade-de-acoes-urgentes-para-apoiar-criancas-orfas-no-maranhao\/#article","isPartOf":{"@id":"https:\/\/maranhaotv.com.br\/index.php\/2024\/08\/23\/carlos-lula-destaca-necessidade-de-acoes-urgentes-para-apoiar-criancas-orfas-no-maranhao\/"},"author":{"name":"maranhaotv","@id":"https:\/\/maranhaotv.com.br\/#\/schema\/person\/3d54238e86b20bb5c89ab2fdb8f8829a"},"headline":"Carlos Lula destaca necessidade de a\u00e7\u00f5es urgentes para apoiar crian\u00e7as \u00f3rf\u00e3s no Maranh\u00e3o","datePublished":"2024-08-23T17:04:36+00:00","dateModified":"2024-08-23T17:05:02+00:00","mainEntityOfPage":{"@id":"https:\/\/maranhaotv.com.br\/index.php\/2024\/08\/23\/carlos-lula-destaca-necessidade-de-acoes-urgentes-para-apoiar-criancas-orfas-no-maranhao\/"},"wordCount":553,"commentCount":0,"publisher":{"@id":"https:\/\/maranhaotv.com.br\/#organization"},"image":{"@id":"https:\/\/maranhaotv.com.br\/index.php\/2024\/08\/23\/carlos-lula-destaca-necessidade-de-acoes-urgentes-para-apoiar-criancas-orfas-no-maranhao\/#primaryimage"},"thumbnailUrl":"https:\/\/maranhaotv.com.br\/wp-content\/uploads\/2024\/08\/IMG-20240823-WA0668.jpg","articleSection":["not\u00edcias"],"inLanguage":"pt-BR","potentialAction":[{"@type":"CommentAction","name":"Comment","target":["https:\/\/maranhaotv.com.br\/index.php\/2024\/08\/23\/carlos-lula-destaca-necessidade-de-acoes-urgentes-para-apoiar-criancas-orfas-no-maranhao\/#respond"]}]},{"@type":"WebPage","@id":"https:\/\/maranhaotv.com.br\/index.php\/2024\/08\/23\/carlos-lula-destaca-necessidade-de-acoes-urgentes-para-apoiar-criancas-orfas-no-maranhao\/","url":"https:\/\/maranhaotv.com.br\/index.php\/2024\/08\/23\/carlos-lula-destaca-necessidade-de-acoes-urgentes-para-apoiar-criancas-orfas-no-maranhao\/","name":"Carlos Lula destaca necessidade de a\u00e7\u00f5es urgentes para apoiar crian\u00e7as \u00f3rf\u00e3s no Maranh\u00e3o - NOT\u00cdCIAS EM TEMPO REAL","isPartOf":{"@id":"https:\/\/maranhaotv.com.br\/#website"},"primaryImageOfPage":{"@id":"https:\/\/maranhaotv.com.br\/index.php\/2024\/08\/23\/carlos-lula-destaca-necessidade-de-acoes-urgentes-para-apoiar-criancas-orfas-no-maranhao\/#primaryimage"},"image":{"@id":"https:\/\/maranhaotv.com.br\/index.php\/2024\/08\/23\/carlos-lula-destaca-necessidade-de-acoes-urgentes-para-apoiar-criancas-orfas-no-maranhao\/#primaryimage"},"thumbnailUrl":"https:\/\/maranhaotv.com.br\/wp-content\/uploads\/2024\/08\/IMG-20240823-WA0668.jpg","datePublished":"2024-08-23T17:04:36+00:00","dateModified":"2024-08-23T17:05:02+00:00","breadcrumb":{"@id":"https:\/\/maranhaotv.com.br\/index.php\/2024\/08\/23\/carlos-lula-destaca-necessidade-de-acoes-urgentes-para-apoiar-criancas-orfas-no-maranhao\/#breadcrumb"},"inLanguage":"pt-BR","potentialAction":[{"@type":"ReadAction","target":["https:\/\/maranhaotv.com.br\/index.php\/2024\/08\/23\/carlos-lula-destaca-necessidade-de-acoes-urgentes-para-apoiar-criancas-orfas-no-maranhao\/"]}]},{"@type":"ImageObject","inLanguage":"pt-BR","@id":"https:\/\/maranhaotv.com.br\/index.php\/2024\/08\/23\/carlos-lula-destaca-necessidade-de-acoes-urgentes-para-apoiar-criancas-orfas-no-maranhao\/#primaryimage","url":"https:\/\/maranhaotv.com.br\/wp-content\/uploads\/2024\/08\/IMG-20240823-WA0668.jpg","contentUrl":"https:\/\/maranhaotv.com.br\/wp-content\/uploads\/2024\/08\/IMG-20240823-WA0668.jpg","width":1600,"height":1175},{"@type":"BreadcrumbList","@id":"https:\/\/maranhaotv.com.br\/index.php\/2024\/08\/23\/carlos-lula-destaca-necessidade-de-acoes-urgentes-para-apoiar-criancas-orfas-no-maranhao\/#breadcrumb","itemListElement":[{"@type":"ListItem","position":1,"name":"In\u00edcio","item":"https:\/\/maranhaotv.com.br\/"},{"@type":"ListItem","position":2,"name":"Carlos Lula destaca necessidade de a\u00e7\u00f5es urgentes para apoiar crian\u00e7as \u00f3rf\u00e3s no Maranh\u00e3o"}]},{"@type":"WebSite","@id":"https:\/\/maranhaotv.com.br\/#website","url":"https:\/\/maranhaotv.com.br\/","name":"Maranh\u00e3oTV","description":"","publisher":{"@id":"https:\/\/maranhaotv.com.br\/#organization"},"potentialAction":[{"@type":"SearchAction","target":{"@type":"EntryPoint","urlTemplate":"https:\/\/maranhaotv.com.br\/?s={search_term_string}"},"query-input":{"@type":"PropertyValueSpecification","valueRequired":true,"valueName":"search_term_string"}}],"inLanguage":"pt-BR"},{"@type":"Organization","@id":"https:\/\/maranhaotv.com.br\/#organization","name":"Portal de Not\u00edcias","url":"https:\/\/maranhaotv.com.br\/","logo":{"@type":"ImageObject","inLanguage":"pt-BR","@id":"https:\/\/maranhaotv.com.br\/#\/schema\/logo\/image\/","url":"https:\/\/maranhaotv.com.br\/wp-content\/uploads\/2024\/05\/cropped-cropped-avatar-1.png","contentUrl":"https:\/\/maranhaotv.com.br\/wp-content\/uploads\/2024\/05\/cropped-cropped-avatar-1.png","width":792,"height":428,"caption":"Portal de Not\u00edcias"},"image":{"@id":"https:\/\/maranhaotv.com.br\/#\/schema\/logo\/image\/"},"sameAs":["https:\/\/www.facebook.com\/maiobaotv","https:\/\/x.com\/sitemaranhaotv","https:\/\/www.instagram.com\/maranhao.tv","https:\/\/www.threads.net\/@maranhao.tv"]},{"@type":"Person","@id":"https:\/\/maranhaotv.com.br\/#\/schema\/person\/3d54238e86b20bb5c89ab2fdb8f8829a","name":"maranhaotv","image":{"@type":"ImageObject","inLanguage":"pt-BR","@id":"https:\/\/secure.gravatar.com\/avatar\/8fadbca458d4cb68b1dd399ae9a40618d747bb1af65ac9fad21c89220a143eb4?s=96&d=mm&r=g","url":"https:\/\/secure.gravatar.com\/avatar\/8fadbca458d4cb68b1dd399ae9a40618d747bb1af65ac9fad21c89220a143eb4?s=96&d=mm&r=g","contentUrl":"https:\/\/secure.gravatar.com\/avatar\/8fadbca458d4cb68b1dd399ae9a40618d747bb1af65ac9fad21c89220a143eb4?s=96&d=mm&r=g","caption":"maranhaotv"},"sameAs":["https:\/\/maranhaotv.com.br\/"],"url":"https:\/\/maranhaotv.com.br\/index.php\/author\/maranhaotv\/"}]}},"jetpack_featured_media_url":"https:\/\/maranhaotv.com.br\/wp-content\/uploads\/2024\/08\/IMG-20240823-WA0668.jpg","jetpack_sharing_enabled":true,"_links":{"self":[{"href":"https:\/\/maranhaotv.com.br\/index.php\/wp-json\/wp\/v2\/posts\/37362","targetHints":{"allow":["GET"]}}],"collection":[{"href":"https:\/\/maranhaotv.com.br\/index.php\/wp-json\/wp\/v2\/posts"}],"about":[{"href":"https:\/\/maranhaotv.com.br\/index.php\/wp-json\/wp\/v2\/types\/post"}],"author":[{"embeddable":true,"href":"https:\/\/maranhaotv.com.br\/index.php\/wp-json\/wp\/v2\/users\/2"}],"replies":[{"embeddable":true,"href":"https:\/\/maranhaotv.com.br\/index.php\/wp-json\/wp\/v2\/comments?post=37362"}],"version-history":[{"count":1,"href":"https:\/\/maranhaotv.com.br\/index.php\/wp-json\/wp\/v2\/posts\/37362\/revisions"}],"predecessor-version":[{"id":37363,"href":"https:\/\/maranhaotv.com.br\/index.php\/wp-json\/wp\/v2\/posts\/37362\/revisions\/37363"}],"wp:featuredmedia":[{"embeddable":true,"href":"https:\/\/maranhaotv.com.br\/index.php\/wp-json\/wp\/v2\/media\/37361"}],"wp:attachment":[{"href":"https:\/\/maranhaotv.com.br\/index.php\/wp-json\/wp\/v2\/media?parent=37362"}],"wp:term":[{"taxonomy":"category","embeddable":true,"href":"https:\/\/maranhaotv.com.br\/index.php\/wp-json\/wp\/v2\/categories?post=37362"},{"taxonomy":"post_tag","embeddable":true,"href":"https:\/\/maranhaotv.com.br\/index.php\/wp-json\/wp\/v2\/tags?post=37362"}],"curies":[{"name":"wp","href":"https:\/\/api.w.org\/{rel}","templated":true}]}}