{"id":37373,"date":"2024-08-24T18:17:37","date_gmt":"2024-08-24T21:17:37","guid":{"rendered":"https:\/\/maranhaotv.com.br\/?p=37373"},"modified":"2024-08-24T18:17:56","modified_gmt":"2024-08-24T21:17:56","slug":"penha-inaugura-comite-defendendo-continuidade-do-trabalho-na-camara","status":"publish","type":"post","link":"https:\/\/maranhaotv.com.br\/index.php\/2024\/08\/24\/penha-inaugura-comite-defendendo-continuidade-do-trabalho-na-camara\/","title":{"rendered":"Penha inaugura Comit\u00ea defendendo continuidade do trabalho na C\u00e2mara"},"content":{"rendered":"\n<p><br>Uma verdadeira celebra\u00e7\u00e3o da democracia e do compromisso com a comunidade marcou a inaugura\u00e7\u00e3o do Comit\u00ea Central de Campanha do vereador Raimundo Penha (PDT), realizada na \u00faltima sexta-feira (23), no bairro Bequim\u00e3o, em S\u00e3o Lu\u00eds. O evento reuniu centenas de amigos, lideran\u00e7as pol\u00edticas e membros da imprensa, todos unidos pelo desejo de ver a continuidade do trabalho que Penha vem realizando ao longo de seus mandatos na C\u00e2mara Municipal.<br><br>O clima era de entusiasmo e esperan\u00e7a, refletindo o reconhecimento popular pelas iniciativas do vereador, que tem se destacado especialmente nas \u00e1reas de cuidado com os idosos, educa\u00e7\u00e3o, cultura e esporte. Seu projeto SuperA\u00e7\u00e3o, que inclui programas para diferentes faixas et\u00e1rias como o SuperA\u00e7\u00e3o Kids e o SuperA\u00e7\u00e3o 60+, \u00e9 uma demonstra\u00e7\u00e3o clara de seu compromisso com a sa\u00fade e a intera\u00e7\u00e3o social. Com essas iniciativas, Raimundo Penha tem promovido o envelhecimento saud\u00e1vel e incentivado a pr\u00e1tica esportiva entre as crian\u00e7as, trazendo resultados expressivos, como as medalhas recentes conquistadas por atletas do SuperA\u00e7\u00e3o Kids nos Jogos Escolares Maranhenses (JEMs).<br><br>\u201cVai ser uma longa jornada, s\u00e3o mais de quarenta dias pela frente, mas n\u00e3o estou sozinho. N\u00e3o faremos uma campanha de briga com ningu\u00e9m. A gente tem muito para falar de n\u00f3s\u201d, disse Penha sob aplausos.<br><br>Al\u00e9m de seu trabalho com a sa\u00fade e o esporte, o vereador tamb\u00e9m tem se mostrado um defensor incans\u00e1vel da educa\u00e7\u00e3o. Durante seus mandatos, Raimundo Penha manteve uma postura vigilante quanto \u00e0s condi\u00e7\u00f5es das escolas municipais, sempre propondo solu\u00e7\u00f5es e colaborando com a Secretaria Municipal de Educa\u00e7\u00e3o para garantir que as institui\u00e7\u00f5es estejam aptas a oferecer um ensino de qualidade. No setor de transporte p\u00fablico, sua atua\u00e7\u00e3o tamb\u00e9m tem sido intensa, com cobran\u00e7as constantes por melhorias no servi\u00e7o, especialmente nos bairros mais distantes, como S\u00e3o Bernardo. Recentemente, o vereador cobrou do secret\u00e1rio de Tr\u00e2nsito e Transportes a efetiva\u00e7\u00e3o da lei, de sua autoria, que amplia a gratuidade no transporte p\u00fablico para m\u00e3es de pessoas com defici\u00eancia, uma medida importante para a mobilidade urbana e o apoio \u00e0s fam\u00edlias.<br><br>F\u00e1bio C\u00e2mara destacou o trabalho de Penha pelos idosos. <br><br>\u201cNingu\u00e9m pode imaginar a C\u00e2mara de Vereadores sem o Penha. Em me perguntava sempre de onde vem tanta sabedoria [do Penha]. E ao longo do tempo eu comecei a andar com voc\u00ea ombro a ombro, lado a lado e eu vi como voc\u00ea cuida das pessoas sem distin\u00e7\u00e3o.\u00a0 Mas eu pude perceber o carinho todo especial pelas pessoas da terceira idade\u201d, destacou o candidato a prefeito pelo PDT, F\u00e1bio C\u00e2mara. <br><br>A campanha de Raimundo Penha j\u00e1 est\u00e1 nas ruas, com carros adesivados por toda S\u00e3o Lu\u00eds, simbolizando a ades\u00e3o espont\u00e2nea \u00e0 sua proposta de continuar trabalhando em prol da cidade. A inaugura\u00e7\u00e3o do comit\u00ea foi mais um momento de demonstra\u00e7\u00e3o desse apoio, refor\u00e7ando a confian\u00e7a dos eleitores na capacidade do vereador de seguir promovendo melhorias significativas para a comunidade.<\/p>\n\n\n\n<figure class=\"wp-block-image size-large\"><img loading=\"lazy\" decoding=\"async\" width=\"1024\" height=\"683\" src=\"https:\/\/maranhaotv.com.br\/wp-content\/uploads\/2024\/08\/img-20240824-wa0954205193110654579293-1024x683.jpg\" alt=\"\" class=\"wp-image-37371\" srcset=\"https:\/\/maranhaotv.com.br\/wp-content\/uploads\/2024\/08\/img-20240824-wa0954205193110654579293-1024x683.jpg 1024w, https:\/\/maranhaotv.com.br\/wp-content\/uploads\/2024\/08\/img-20240824-wa0954205193110654579293-300x200.jpg 300w, https:\/\/maranhaotv.com.br\/wp-content\/uploads\/2024\/08\/img-20240824-wa0954205193110654579293-768x512.jpg 768w, https:\/\/maranhaotv.com.br\/wp-content\/uploads\/2024\/08\/img-20240824-wa0954205193110654579293.jpg 1040w\" sizes=\"auto, (max-width: 1024px) 100vw, 1024px\" \/><\/figure>\n\n\n\n<figure class=\"wp-block-image\"><img loading=\"lazy\" decoding=\"async\" width=\"1024\" height=\"683\" src=\"https:\/\/maranhaotv.com.br\/wp-content\/uploads\/2024\/08\/img-20240824-wa09537004792847089003609-1024x683.jpg\" alt=\"\" class=\"wp-image-37370\" srcset=\"https:\/\/maranhaotv.com.br\/wp-content\/uploads\/2024\/08\/img-20240824-wa09537004792847089003609-1024x683.jpg 1024w, https:\/\/maranhaotv.com.br\/wp-content\/uploads\/2024\/08\/img-20240824-wa09537004792847089003609-300x200.jpg 300w, https:\/\/maranhaotv.com.br\/wp-content\/uploads\/2024\/08\/img-20240824-wa09537004792847089003609-768x512.jpg 768w, https:\/\/maranhaotv.com.br\/wp-content\/uploads\/2024\/08\/img-20240824-wa09537004792847089003609.jpg 1040w\" sizes=\"auto, (max-width: 1024px) 100vw, 1024px\" \/><\/figure>\n","protected":false},"excerpt":{"rendered":"<p>Uma verdadeira celebra\u00e7\u00e3o da democracia e do compromisso com a comunidade marcou a inaugura\u00e7\u00e3o do Comit\u00ea Central de Campanha do<\/p>\n","protected":false},"author":2,"featured_media":37372,"comment_status":"open","ping_status":"open","sticky":false,"template":"","format":"standard","meta":{"colormag_page_container_layout":"default_layout","colormag_page_sidebar_layout":"default_layout","_jetpack_memberships_contains_paid_content":false,"footnotes":""},"categories":[2],"tags":[],"class_list":["post-37373","post","type-post","status-publish","format-standard","has-post-thumbnail","hentry","category-noticias"],"magazineBlocksPostFeaturedMedia":{"thumbnail":"https:\/\/maranhaotv.com.br\/wp-content\/uploads\/2024\/08\/IMG-20240824-WA0952-150x150.jpg","medium":"https:\/\/maranhaotv.com.br\/wp-content\/uploads\/2024\/08\/IMG-20240824-WA0952-300x200.jpg","medium_large":"https:\/\/maranhaotv.com.br\/wp-content\/uploads\/2024\/08\/IMG-20240824-WA0952-768x512.jpg","large":"https:\/\/maranhaotv.com.br\/wp-content\/uploads\/2024\/08\/IMG-20240824-WA0952-1024x683.jpg","1536x1536":"https:\/\/maranhaotv.com.br\/wp-content\/uploads\/2024\/08\/IMG-20240824-WA0952.jpg","2048x2048":"https:\/\/maranhaotv.com.br\/wp-content\/uploads\/2024\/08\/IMG-20240824-WA0952.jpg","colormag-highlighted-post":"https:\/\/maranhaotv.com.br\/wp-content\/uploads\/2024\/08\/IMG-20240824-WA0952-392x272.jpg","colormag-featured-post-medium":"https:\/\/maranhaotv.com.br\/wp-content\/uploads\/2024\/08\/IMG-20240824-WA0952-390x205.jpg","colormag-featured-post-small":"https:\/\/maranhaotv.com.br\/wp-content\/uploads\/2024\/08\/IMG-20240824-WA0952-130x90.jpg","colormag-featured-image":"https:\/\/maranhaotv.com.br\/wp-content\/uploads\/2024\/08\/IMG-20240824-WA0952-800x445.jpg","colormag-default-news":"https:\/\/maranhaotv.com.br\/wp-content\/uploads\/2024\/08\/IMG-20240824-WA0952-150x150.jpg","colormag-featured-image-large":"https:\/\/maranhaotv.com.br\/wp-content\/uploads\/2024\/08\/IMG-20240824-WA0952-1040x600.jpg"},"magazineBlocksPostAuthor":{"name":"maranhaotv","avatar":"https:\/\/secure.gravatar.com\/avatar\/8fadbca458d4cb68b1dd399ae9a40618d747bb1af65ac9fad21c89220a143eb4?s=96&d=mm&r=g"},"magazineBlocksPostCommentsNumber":"0","magazineBlocksPostExcerpt":"Uma verdadeira celebra\u00e7\u00e3o da democracia e do compromisso com a comunidade marcou a inaugura\u00e7\u00e3o do Comit\u00ea Central de Campanha do","magazineBlocksPostCategories":["not\u00edcias"],"magazineBlocksPostViewCount":347,"magazineBlocksPostReadTime":3,"magazine_blocks_featured_image_url":{"full":["https:\/\/maranhaotv.com.br\/wp-content\/uploads\/2024\/08\/IMG-20240824-WA0952.jpg",1040,694,false],"medium":["https:\/\/maranhaotv.com.br\/wp-content\/uploads\/2024\/08\/IMG-20240824-WA0952-300x200.jpg",300,200,true],"thumbnail":["https:\/\/maranhaotv.com.br\/wp-content\/uploads\/2024\/08\/IMG-20240824-WA0952-150x150.jpg",150,150,true]},"magazine_blocks_author":{"display_name":"maranhaotv","author_link":"https:\/\/maranhaotv.com.br\/index.php\/author\/maranhaotv\/"},"magazine_blocks_comment":0,"magazine_blocks_author_image":"https:\/\/secure.gravatar.com\/avatar\/8fadbca458d4cb68b1dd399ae9a40618d747bb1af65ac9fad21c89220a143eb4?s=96&d=mm&r=g","magazine_blocks_category":"<a href=\"#\" class=\"category-link category-link-2\">not\u00edcias<\/a>","yoast_head":"<!-- This site is optimized with the Yoast SEO plugin v27.4 - https:\/\/yoast.com\/product\/yoast-seo-wordpress\/ -->\n<title>Penha inaugura Comit\u00ea defendendo continuidade do trabalho na C\u00e2mara - NOT\u00cdCIAS EM TEMPO REAL<\/title>\n<meta name=\"robots\" content=\"index, follow, max-snippet:-1, max-image-preview:large, max-video-preview:-1\" \/>\n<link rel=\"canonical\" href=\"https:\/\/maranhaotv.com.br\/index.php\/2024\/08\/24\/penha-inaugura-comite-defendendo-continuidade-do-trabalho-na-camara\/\" \/>\n<meta property=\"og:locale\" content=\"pt_BR\" \/>\n<meta property=\"og:type\" content=\"article\" \/>\n<meta property=\"og:title\" content=\"Penha inaugura Comit\u00ea defendendo continuidade do trabalho na C\u00e2mara - NOT\u00cdCIAS EM TEMPO REAL\" \/>\n<meta property=\"og:description\" content=\"Uma verdadeira celebra\u00e7\u00e3o da democracia e do compromisso com a comunidade marcou a inaugura\u00e7\u00e3o do Comit\u00ea Central de Campanha do\" \/>\n<meta property=\"og:url\" content=\"https:\/\/maranhaotv.com.br\/index.php\/2024\/08\/24\/penha-inaugura-comite-defendendo-continuidade-do-trabalho-na-camara\/\" \/>\n<meta property=\"og:site_name\" content=\"NOT\u00cdCIAS EM TEMPO REAL\" \/>\n<meta property=\"article:publisher\" content=\"https:\/\/www.facebook.com\/maiobaotv\" \/>\n<meta property=\"article:published_time\" content=\"2024-08-24T21:17:37+00:00\" \/>\n<meta property=\"article:modified_time\" content=\"2024-08-24T21:17:56+00:00\" \/>\n<meta property=\"og:image\" content=\"https:\/\/maranhaotv.com.br\/wp-content\/uploads\/2024\/08\/IMG-20240824-WA0952.jpg\" \/>\n\t<meta property=\"og:image:width\" content=\"1040\" \/>\n\t<meta property=\"og:image:height\" content=\"694\" \/>\n\t<meta property=\"og:image:type\" content=\"image\/jpeg\" \/>\n<meta name=\"author\" content=\"maranhaotv\" \/>\n<meta name=\"twitter:card\" content=\"summary_large_image\" \/>\n<meta name=\"twitter:creator\" content=\"@sitemaranhaotv\" \/>\n<meta name=\"twitter:site\" content=\"@sitemaranhaotv\" \/>\n<meta name=\"twitter:label1\" content=\"Escrito por\" \/>\n\t<meta name=\"twitter:data1\" content=\"maranhaotv\" \/>\n\t<meta name=\"twitter:label2\" content=\"Est. tempo de leitura\" \/>\n\t<meta name=\"twitter:data2\" content=\"3 minutos\" \/>\n<script type=\"application\/ld+json\" class=\"yoast-schema-graph\">{\"@context\":\"https:\\\/\\\/schema.org\",\"@graph\":[{\"@type\":\"Article\",\"@id\":\"https:\\\/\\\/maranhaotv.com.br\\\/index.php\\\/2024\\\/08\\\/24\\\/penha-inaugura-comite-defendendo-continuidade-do-trabalho-na-camara\\\/#article\",\"isPartOf\":{\"@id\":\"https:\\\/\\\/maranhaotv.com.br\\\/index.php\\\/2024\\\/08\\\/24\\\/penha-inaugura-comite-defendendo-continuidade-do-trabalho-na-camara\\\/\"},\"author\":{\"name\":\"maranhaotv\",\"@id\":\"https:\\\/\\\/maranhaotv.com.br\\\/#\\\/schema\\\/person\\\/3d54238e86b20bb5c89ab2fdb8f8829a\"},\"headline\":\"Penha inaugura Comit\u00ea defendendo continuidade do trabalho na C\u00e2mara\",\"datePublished\":\"2024-08-24T21:17:37+00:00\",\"dateModified\":\"2024-08-24T21:17:56+00:00\",\"mainEntityOfPage\":{\"@id\":\"https:\\\/\\\/maranhaotv.com.br\\\/index.php\\\/2024\\\/08\\\/24\\\/penha-inaugura-comite-defendendo-continuidade-do-trabalho-na-camara\\\/\"},\"wordCount\":539,\"commentCount\":0,\"publisher\":{\"@id\":\"https:\\\/\\\/maranhaotv.com.br\\\/#organization\"},\"image\":{\"@id\":\"https:\\\/\\\/maranhaotv.com.br\\\/index.php\\\/2024\\\/08\\\/24\\\/penha-inaugura-comite-defendendo-continuidade-do-trabalho-na-camara\\\/#primaryimage\"},\"thumbnailUrl\":\"https:\\\/\\\/maranhaotv.com.br\\\/wp-content\\\/uploads\\\/2024\\\/08\\\/IMG-20240824-WA0952.jpg\",\"articleSection\":[\"not\u00edcias\"],\"inLanguage\":\"pt-BR\",\"potentialAction\":[{\"@type\":\"CommentAction\",\"name\":\"Comment\",\"target\":[\"https:\\\/\\\/maranhaotv.com.br\\\/index.php\\\/2024\\\/08\\\/24\\\/penha-inaugura-comite-defendendo-continuidade-do-trabalho-na-camara\\\/#respond\"]}]},{\"@type\":\"WebPage\",\"@id\":\"https:\\\/\\\/maranhaotv.com.br\\\/index.php\\\/2024\\\/08\\\/24\\\/penha-inaugura-comite-defendendo-continuidade-do-trabalho-na-camara\\\/\",\"url\":\"https:\\\/\\\/maranhaotv.com.br\\\/index.php\\\/2024\\\/08\\\/24\\\/penha-inaugura-comite-defendendo-continuidade-do-trabalho-na-camara\\\/\",\"name\":\"Penha inaugura Comit\u00ea defendendo continuidade do trabalho na C\u00e2mara - NOT\u00cdCIAS EM TEMPO REAL\",\"isPartOf\":{\"@id\":\"https:\\\/\\\/maranhaotv.com.br\\\/#website\"},\"primaryImageOfPage\":{\"@id\":\"https:\\\/\\\/maranhaotv.com.br\\\/index.php\\\/2024\\\/08\\\/24\\\/penha-inaugura-comite-defendendo-continuidade-do-trabalho-na-camara\\\/#primaryimage\"},\"image\":{\"@id\":\"https:\\\/\\\/maranhaotv.com.br\\\/index.php\\\/2024\\\/08\\\/24\\\/penha-inaugura-comite-defendendo-continuidade-do-trabalho-na-camara\\\/#primaryimage\"},\"thumbnailUrl\":\"https:\\\/\\\/maranhaotv.com.br\\\/wp-content\\\/uploads\\\/2024\\\/08\\\/IMG-20240824-WA0952.jpg\",\"datePublished\":\"2024-08-24T21:17:37+00:00\",\"dateModified\":\"2024-08-24T21:17:56+00:00\",\"breadcrumb\":{\"@id\":\"https:\\\/\\\/maranhaotv.com.br\\\/index.php\\\/2024\\\/08\\\/24\\\/penha-inaugura-comite-defendendo-continuidade-do-trabalho-na-camara\\\/#breadcrumb\"},\"inLanguage\":\"pt-BR\",\"potentialAction\":[{\"@type\":\"ReadAction\",\"target\":[\"https:\\\/\\\/maranhaotv.com.br\\\/index.php\\\/2024\\\/08\\\/24\\\/penha-inaugura-comite-defendendo-continuidade-do-trabalho-na-camara\\\/\"]}]},{\"@type\":\"ImageObject\",\"inLanguage\":\"pt-BR\",\"@id\":\"https:\\\/\\\/maranhaotv.com.br\\\/index.php\\\/2024\\\/08\\\/24\\\/penha-inaugura-comite-defendendo-continuidade-do-trabalho-na-camara\\\/#primaryimage\",\"url\":\"https:\\\/\\\/maranhaotv.com.br\\\/wp-content\\\/uploads\\\/2024\\\/08\\\/IMG-20240824-WA0952.jpg\",\"contentUrl\":\"https:\\\/\\\/maranhaotv.com.br\\\/wp-content\\\/uploads\\\/2024\\\/08\\\/IMG-20240824-WA0952.jpg\",\"width\":1040,\"height\":694},{\"@type\":\"BreadcrumbList\",\"@id\":\"https:\\\/\\\/maranhaotv.com.br\\\/index.php\\\/2024\\\/08\\\/24\\\/penha-inaugura-comite-defendendo-continuidade-do-trabalho-na-camara\\\/#breadcrumb\",\"itemListElement\":[{\"@type\":\"ListItem\",\"position\":1,\"name\":\"In\u00edcio\",\"item\":\"https:\\\/\\\/maranhaotv.com.br\\\/\"},{\"@type\":\"ListItem\",\"position\":2,\"name\":\"Penha inaugura Comit\u00ea defendendo continuidade do trabalho na C\u00e2mara\"}]},{\"@type\":\"WebSite\",\"@id\":\"https:\\\/\\\/maranhaotv.com.br\\\/#website\",\"url\":\"https:\\\/\\\/maranhaotv.com.br\\\/\",\"name\":\"Maranh\u00e3oTV\",\"description\":\"\",\"publisher\":{\"@id\":\"https:\\\/\\\/maranhaotv.com.br\\\/#organization\"},\"potentialAction\":[{\"@type\":\"SearchAction\",\"target\":{\"@type\":\"EntryPoint\",\"urlTemplate\":\"https:\\\/\\\/maranhaotv.com.br\\\/?s={search_term_string}\"},\"query-input\":{\"@type\":\"PropertyValueSpecification\",\"valueRequired\":true,\"valueName\":\"search_term_string\"}}],\"inLanguage\":\"pt-BR\"},{\"@type\":\"Organization\",\"@id\":\"https:\\\/\\\/maranhaotv.com.br\\\/#organization\",\"name\":\"Portal de Not\u00edcias\",\"url\":\"https:\\\/\\\/maranhaotv.com.br\\\/\",\"logo\":{\"@type\":\"ImageObject\",\"inLanguage\":\"pt-BR\",\"@id\":\"https:\\\/\\\/maranhaotv.com.br\\\/#\\\/schema\\\/logo\\\/image\\\/\",\"url\":\"https:\\\/\\\/maranhaotv.com.br\\\/wp-content\\\/uploads\\\/2024\\\/05\\\/cropped-cropped-avatar-1.png\",\"contentUrl\":\"https:\\\/\\\/maranhaotv.com.br\\\/wp-content\\\/uploads\\\/2024\\\/05\\\/cropped-cropped-avatar-1.png\",\"width\":792,\"height\":428,\"caption\":\"Portal de Not\u00edcias\"},\"image\":{\"@id\":\"https:\\\/\\\/maranhaotv.com.br\\\/#\\\/schema\\\/logo\\\/image\\\/\"},\"sameAs\":[\"https:\\\/\\\/www.facebook.com\\\/maiobaotv\",\"https:\\\/\\\/x.com\\\/sitemaranhaotv\",\"https:\\\/\\\/www.instagram.com\\\/maranhao.tv\",\"https:\\\/\\\/www.threads.net\\\/@maranhao.tv\"]},{\"@type\":\"Person\",\"@id\":\"https:\\\/\\\/maranhaotv.com.br\\\/#\\\/schema\\\/person\\\/3d54238e86b20bb5c89ab2fdb8f8829a\",\"name\":\"maranhaotv\",\"image\":{\"@type\":\"ImageObject\",\"inLanguage\":\"pt-BR\",\"@id\":\"https:\\\/\\\/secure.gravatar.com\\\/avatar\\\/8fadbca458d4cb68b1dd399ae9a40618d747bb1af65ac9fad21c89220a143eb4?s=96&d=mm&r=g\",\"url\":\"https:\\\/\\\/secure.gravatar.com\\\/avatar\\\/8fadbca458d4cb68b1dd399ae9a40618d747bb1af65ac9fad21c89220a143eb4?s=96&d=mm&r=g\",\"contentUrl\":\"https:\\\/\\\/secure.gravatar.com\\\/avatar\\\/8fadbca458d4cb68b1dd399ae9a40618d747bb1af65ac9fad21c89220a143eb4?s=96&d=mm&r=g\",\"caption\":\"maranhaotv\"},\"sameAs\":[\"https:\\\/\\\/maranhaotv.com.br\\\/\"],\"url\":\"https:\\\/\\\/maranhaotv.com.br\\\/index.php\\\/author\\\/maranhaotv\\\/\"}]}<\/script>\n<!-- \/ Yoast SEO plugin. -->","yoast_head_json":{"title":"Penha inaugura Comit\u00ea defendendo continuidade do trabalho na C\u00e2mara - NOT\u00cdCIAS EM TEMPO REAL","robots":{"index":"index","follow":"follow","max-snippet":"max-snippet:-1","max-image-preview":"max-image-preview:large","max-video-preview":"max-video-preview:-1"},"canonical":"https:\/\/maranhaotv.com.br\/index.php\/2024\/08\/24\/penha-inaugura-comite-defendendo-continuidade-do-trabalho-na-camara\/","og_locale":"pt_BR","og_type":"article","og_title":"Penha inaugura Comit\u00ea defendendo continuidade do trabalho na C\u00e2mara - NOT\u00cdCIAS EM TEMPO REAL","og_description":"Uma verdadeira celebra\u00e7\u00e3o da democracia e do compromisso com a comunidade marcou a inaugura\u00e7\u00e3o do Comit\u00ea Central de Campanha do","og_url":"https:\/\/maranhaotv.com.br\/index.php\/2024\/08\/24\/penha-inaugura-comite-defendendo-continuidade-do-trabalho-na-camara\/","og_site_name":"NOT\u00cdCIAS EM TEMPO REAL","article_publisher":"https:\/\/www.facebook.com\/maiobaotv","article_published_time":"2024-08-24T21:17:37+00:00","article_modified_time":"2024-08-24T21:17:56+00:00","og_image":[{"width":1040,"height":694,"url":"https:\/\/maranhaotv.com.br\/wp-content\/uploads\/2024\/08\/IMG-20240824-WA0952.jpg","type":"image\/jpeg"}],"author":"maranhaotv","twitter_card":"summary_large_image","twitter_creator":"@sitemaranhaotv","twitter_site":"@sitemaranhaotv","twitter_misc":{"Escrito por":"maranhaotv","Est. tempo de leitura":"3 minutos"},"schema":{"@context":"https:\/\/schema.org","@graph":[{"@type":"Article","@id":"https:\/\/maranhaotv.com.br\/index.php\/2024\/08\/24\/penha-inaugura-comite-defendendo-continuidade-do-trabalho-na-camara\/#article","isPartOf":{"@id":"https:\/\/maranhaotv.com.br\/index.php\/2024\/08\/24\/penha-inaugura-comite-defendendo-continuidade-do-trabalho-na-camara\/"},"author":{"name":"maranhaotv","@id":"https:\/\/maranhaotv.com.br\/#\/schema\/person\/3d54238e86b20bb5c89ab2fdb8f8829a"},"headline":"Penha inaugura Comit\u00ea defendendo continuidade do trabalho na C\u00e2mara","datePublished":"2024-08-24T21:17:37+00:00","dateModified":"2024-08-24T21:17:56+00:00","mainEntityOfPage":{"@id":"https:\/\/maranhaotv.com.br\/index.php\/2024\/08\/24\/penha-inaugura-comite-defendendo-continuidade-do-trabalho-na-camara\/"},"wordCount":539,"commentCount":0,"publisher":{"@id":"https:\/\/maranhaotv.com.br\/#organization"},"image":{"@id":"https:\/\/maranhaotv.com.br\/index.php\/2024\/08\/24\/penha-inaugura-comite-defendendo-continuidade-do-trabalho-na-camara\/#primaryimage"},"thumbnailUrl":"https:\/\/maranhaotv.com.br\/wp-content\/uploads\/2024\/08\/IMG-20240824-WA0952.jpg","articleSection":["not\u00edcias"],"inLanguage":"pt-BR","potentialAction":[{"@type":"CommentAction","name":"Comment","target":["https:\/\/maranhaotv.com.br\/index.php\/2024\/08\/24\/penha-inaugura-comite-defendendo-continuidade-do-trabalho-na-camara\/#respond"]}]},{"@type":"WebPage","@id":"https:\/\/maranhaotv.com.br\/index.php\/2024\/08\/24\/penha-inaugura-comite-defendendo-continuidade-do-trabalho-na-camara\/","url":"https:\/\/maranhaotv.com.br\/index.php\/2024\/08\/24\/penha-inaugura-comite-defendendo-continuidade-do-trabalho-na-camara\/","name":"Penha inaugura Comit\u00ea defendendo continuidade do trabalho na C\u00e2mara - NOT\u00cdCIAS EM TEMPO REAL","isPartOf":{"@id":"https:\/\/maranhaotv.com.br\/#website"},"primaryImageOfPage":{"@id":"https:\/\/maranhaotv.com.br\/index.php\/2024\/08\/24\/penha-inaugura-comite-defendendo-continuidade-do-trabalho-na-camara\/#primaryimage"},"image":{"@id":"https:\/\/maranhaotv.com.br\/index.php\/2024\/08\/24\/penha-inaugura-comite-defendendo-continuidade-do-trabalho-na-camara\/#primaryimage"},"thumbnailUrl":"https:\/\/maranhaotv.com.br\/wp-content\/uploads\/2024\/08\/IMG-20240824-WA0952.jpg","datePublished":"2024-08-24T21:17:37+00:00","dateModified":"2024-08-24T21:17:56+00:00","breadcrumb":{"@id":"https:\/\/maranhaotv.com.br\/index.php\/2024\/08\/24\/penha-inaugura-comite-defendendo-continuidade-do-trabalho-na-camara\/#breadcrumb"},"inLanguage":"pt-BR","potentialAction":[{"@type":"ReadAction","target":["https:\/\/maranhaotv.com.br\/index.php\/2024\/08\/24\/penha-inaugura-comite-defendendo-continuidade-do-trabalho-na-camara\/"]}]},{"@type":"ImageObject","inLanguage":"pt-BR","@id":"https:\/\/maranhaotv.com.br\/index.php\/2024\/08\/24\/penha-inaugura-comite-defendendo-continuidade-do-trabalho-na-camara\/#primaryimage","url":"https:\/\/maranhaotv.com.br\/wp-content\/uploads\/2024\/08\/IMG-20240824-WA0952.jpg","contentUrl":"https:\/\/maranhaotv.com.br\/wp-content\/uploads\/2024\/08\/IMG-20240824-WA0952.jpg","width":1040,"height":694},{"@type":"BreadcrumbList","@id":"https:\/\/maranhaotv.com.br\/index.php\/2024\/08\/24\/penha-inaugura-comite-defendendo-continuidade-do-trabalho-na-camara\/#breadcrumb","itemListElement":[{"@type":"ListItem","position":1,"name":"In\u00edcio","item":"https:\/\/maranhaotv.com.br\/"},{"@type":"ListItem","position":2,"name":"Penha inaugura Comit\u00ea defendendo continuidade do trabalho na C\u00e2mara"}]},{"@type":"WebSite","@id":"https:\/\/maranhaotv.com.br\/#website","url":"https:\/\/maranhaotv.com.br\/","name":"Maranh\u00e3oTV","description":"","publisher":{"@id":"https:\/\/maranhaotv.com.br\/#organization"},"potentialAction":[{"@type":"SearchAction","target":{"@type":"EntryPoint","urlTemplate":"https:\/\/maranhaotv.com.br\/?s={search_term_string}"},"query-input":{"@type":"PropertyValueSpecification","valueRequired":true,"valueName":"search_term_string"}}],"inLanguage":"pt-BR"},{"@type":"Organization","@id":"https:\/\/maranhaotv.com.br\/#organization","name":"Portal de Not\u00edcias","url":"https:\/\/maranhaotv.com.br\/","logo":{"@type":"ImageObject","inLanguage":"pt-BR","@id":"https:\/\/maranhaotv.com.br\/#\/schema\/logo\/image\/","url":"https:\/\/maranhaotv.com.br\/wp-content\/uploads\/2024\/05\/cropped-cropped-avatar-1.png","contentUrl":"https:\/\/maranhaotv.com.br\/wp-content\/uploads\/2024\/05\/cropped-cropped-avatar-1.png","width":792,"height":428,"caption":"Portal de Not\u00edcias"},"image":{"@id":"https:\/\/maranhaotv.com.br\/#\/schema\/logo\/image\/"},"sameAs":["https:\/\/www.facebook.com\/maiobaotv","https:\/\/x.com\/sitemaranhaotv","https:\/\/www.instagram.com\/maranhao.tv","https:\/\/www.threads.net\/@maranhao.tv"]},{"@type":"Person","@id":"https:\/\/maranhaotv.com.br\/#\/schema\/person\/3d54238e86b20bb5c89ab2fdb8f8829a","name":"maranhaotv","image":{"@type":"ImageObject","inLanguage":"pt-BR","@id":"https:\/\/secure.gravatar.com\/avatar\/8fadbca458d4cb68b1dd399ae9a40618d747bb1af65ac9fad21c89220a143eb4?s=96&d=mm&r=g","url":"https:\/\/secure.gravatar.com\/avatar\/8fadbca458d4cb68b1dd399ae9a40618d747bb1af65ac9fad21c89220a143eb4?s=96&d=mm&r=g","contentUrl":"https:\/\/secure.gravatar.com\/avatar\/8fadbca458d4cb68b1dd399ae9a40618d747bb1af65ac9fad21c89220a143eb4?s=96&d=mm&r=g","caption":"maranhaotv"},"sameAs":["https:\/\/maranhaotv.com.br\/"],"url":"https:\/\/maranhaotv.com.br\/index.php\/author\/maranhaotv\/"}]}},"jetpack_featured_media_url":"https:\/\/maranhaotv.com.br\/wp-content\/uploads\/2024\/08\/IMG-20240824-WA0952.jpg","jetpack_sharing_enabled":true,"_links":{"self":[{"href":"https:\/\/maranhaotv.com.br\/index.php\/wp-json\/wp\/v2\/posts\/37373","targetHints":{"allow":["GET"]}}],"collection":[{"href":"https:\/\/maranhaotv.com.br\/index.php\/wp-json\/wp\/v2\/posts"}],"about":[{"href":"https:\/\/maranhaotv.com.br\/index.php\/wp-json\/wp\/v2\/types\/post"}],"author":[{"embeddable":true,"href":"https:\/\/maranhaotv.com.br\/index.php\/wp-json\/wp\/v2\/users\/2"}],"replies":[{"embeddable":true,"href":"https:\/\/maranhaotv.com.br\/index.php\/wp-json\/wp\/v2\/comments?post=37373"}],"version-history":[{"count":1,"href":"https:\/\/maranhaotv.com.br\/index.php\/wp-json\/wp\/v2\/posts\/37373\/revisions"}],"predecessor-version":[{"id":37374,"href":"https:\/\/maranhaotv.com.br\/index.php\/wp-json\/wp\/v2\/posts\/37373\/revisions\/37374"}],"wp:featuredmedia":[{"embeddable":true,"href":"https:\/\/maranhaotv.com.br\/index.php\/wp-json\/wp\/v2\/media\/37372"}],"wp:attachment":[{"href":"https:\/\/maranhaotv.com.br\/index.php\/wp-json\/wp\/v2\/media?parent=37373"}],"wp:term":[{"taxonomy":"category","embeddable":true,"href":"https:\/\/maranhaotv.com.br\/index.php\/wp-json\/wp\/v2\/categories?post=37373"},{"taxonomy":"post_tag","embeddable":true,"href":"https:\/\/maranhaotv.com.br\/index.php\/wp-json\/wp\/v2\/tags?post=37373"}],"curies":[{"name":"wp","href":"https:\/\/api.w.org\/{rel}","templated":true}]}}