{"id":37379,"date":"2024-08-25T16:18:28","date_gmt":"2024-08-25T19:18:28","guid":{"rendered":"https:\/\/maranhaotv.com.br\/?p=37379"},"modified":"2024-08-25T16:18:42","modified_gmt":"2024-08-25T19:18:42","slug":"meu-compromisso-e-reformar-todas-as-feiras-diz-candidato-a-prefeito-de-sao-luis-wellington-do-curso","status":"publish","type":"post","link":"https:\/\/maranhaotv.com.br\/index.php\/2024\/08\/25\/meu-compromisso-e-reformar-todas-as-feiras-diz-candidato-a-prefeito-de-sao-luis-wellington-do-curso\/","title":{"rendered":"\u201cMeu compromisso \u00e9 reformar todas as feiras&#8221;, diz candidato a prefeito de S\u00e3o Lu\u00eds Wellington do Curso"},"content":{"rendered":"\n<p><br><br>Neste domingo (25), o candidato a prefeito de S\u00e3o Lu\u00eds, Wellington do Curso, esteve na feira do Jo\u00e3o Paulo e fez refer\u00eancia ao Dia do Feirante ao dialogar com os trabalhadores que ali estavam. O objetivo da visita foi dialogar e apresentar propostas para fazer com que S\u00e3o Lu\u00eds avance e seja uma cidade melhor para todos. <br><br>Durante a visita, Wellington destacou um dos seus compromissos de campanha: a reforma das feiras da cidade.<br><br>&#8220;Hoje recebi v\u00e1rios pedidos de ajuda, al\u00e9m relatos e den\u00fancias da situa\u00e7\u00e3o de abandono que se encontram as feiras e mercados de S\u00e3o Lu\u00eds. Eu fui feirante e sei bem a realidade das pessoas que trabalham nas feiras. Conhe\u00e7o as dificuldades di\u00e1rias que enfrentam e, por isso, meu compromisso \u00e9 com a reforma dessas feiras. Se eleito, vou garantir que essas importantes \u00e1reas de com\u00e9rcio recebam a aten\u00e7\u00e3o e o investimento que merecem, melhorando as condi\u00e7\u00f5es de trabalho e a experi\u00eancia dos consumidores. Meu compromisso \u00e9 reformar todas as feiras na nossa S\u00e3o Lu\u00eds&#8221;, afirmou o candidato a prefeito Wellington do Curso.<\/p>\n\n\n\n<figure class=\"wp-block-image size-large\"><img loading=\"lazy\" decoding=\"async\" width=\"1024\" height=\"575\" src=\"https:\/\/maranhaotv.com.br\/wp-content\/uploads\/2024\/08\/img-20240825-wa03146362576084314990502-1024x575.jpg\" alt=\"\" class=\"wp-image-37376\" srcset=\"https:\/\/maranhaotv.com.br\/wp-content\/uploads\/2024\/08\/img-20240825-wa03146362576084314990502-1024x575.jpg 1024w, https:\/\/maranhaotv.com.br\/wp-content\/uploads\/2024\/08\/img-20240825-wa03146362576084314990502-300x169.jpg 300w, https:\/\/maranhaotv.com.br\/wp-content\/uploads\/2024\/08\/img-20240825-wa03146362576084314990502-768x432.jpg 768w, https:\/\/maranhaotv.com.br\/wp-content\/uploads\/2024\/08\/img-20240825-wa03146362576084314990502-1536x863.jpg 1536w, https:\/\/maranhaotv.com.br\/wp-content\/uploads\/2024\/08\/img-20240825-wa03146362576084314990502.jpg 1600w\" sizes=\"auto, (max-width: 1024px) 100vw, 1024px\" \/><\/figure>\n\n\n\n<figure class=\"wp-block-image\"><img loading=\"lazy\" decoding=\"async\" width=\"1024\" height=\"679\" src=\"https:\/\/maranhaotv.com.br\/wp-content\/uploads\/2024\/08\/img-20240825-wa03126613510377707786128-1024x679.jpg\" alt=\"\" class=\"wp-image-37375\" srcset=\"https:\/\/maranhaotv.com.br\/wp-content\/uploads\/2024\/08\/img-20240825-wa03126613510377707786128-1024x679.jpg 1024w, https:\/\/maranhaotv.com.br\/wp-content\/uploads\/2024\/08\/img-20240825-wa03126613510377707786128-300x199.jpg 300w, https:\/\/maranhaotv.com.br\/wp-content\/uploads\/2024\/08\/img-20240825-wa03126613510377707786128-768x509.jpg 768w, https:\/\/maranhaotv.com.br\/wp-content\/uploads\/2024\/08\/img-20240825-wa03126613510377707786128.jpg 1267w\" sizes=\"auto, (max-width: 1024px) 100vw, 1024px\" \/><\/figure>\n\n\n\n<figure class=\"wp-block-image\"><img loading=\"lazy\" decoding=\"async\" width=\"1024\" height=\"652\" src=\"https:\/\/maranhaotv.com.br\/wp-content\/uploads\/2024\/08\/img-20240825-wa03117365190389791963466-1024x652.jpg\" alt=\"\" class=\"wp-image-37377\" srcset=\"https:\/\/maranhaotv.com.br\/wp-content\/uploads\/2024\/08\/img-20240825-wa03117365190389791963466-1024x652.jpg 1024w, https:\/\/maranhaotv.com.br\/wp-content\/uploads\/2024\/08\/img-20240825-wa03117365190389791963466-300x191.jpg 300w, https:\/\/maranhaotv.com.br\/wp-content\/uploads\/2024\/08\/img-20240825-wa03117365190389791963466-768x489.jpg 768w, https:\/\/maranhaotv.com.br\/wp-content\/uploads\/2024\/08\/img-20240825-wa03117365190389791963466-1536x978.jpg 1536w, https:\/\/maranhaotv.com.br\/wp-content\/uploads\/2024\/08\/img-20240825-wa03117365190389791963466.jpg 1600w\" sizes=\"auto, (max-width: 1024px) 100vw, 1024px\" \/><\/figure>\n","protected":false},"excerpt":{"rendered":"<p>Neste domingo (25), o candidato a prefeito de S\u00e3o Lu\u00eds, Wellington do Curso, esteve na feira do Jo\u00e3o Paulo e<\/p>\n","protected":false},"author":2,"featured_media":37378,"comment_status":"open","ping_status":"open","sticky":false,"template":"","format":"standard","meta":{"colormag_page_container_layout":"default_layout","colormag_page_sidebar_layout":"default_layout","_jetpack_memberships_contains_paid_content":false,"footnotes":""},"categories":[2],"tags":[],"class_list":["post-37379","post","type-post","status-publish","format-standard","has-post-thumbnail","hentry","category-noticias"],"magazineBlocksPostFeaturedMedia":{"thumbnail":"https:\/\/maranhaotv.com.br\/wp-content\/uploads\/2024\/08\/IMG-20240825-WA0313-150x150.jpg","medium":"https:\/\/maranhaotv.com.br\/wp-content\/uploads\/2024\/08\/IMG-20240825-WA0313-300x169.jpg","medium_large":"https:\/\/maranhaotv.com.br\/wp-content\/uploads\/2024\/08\/IMG-20240825-WA0313-768x432.jpg","large":"https:\/\/maranhaotv.com.br\/wp-content\/uploads\/2024\/08\/IMG-20240825-WA0313-1024x575.jpg","1536x1536":"https:\/\/maranhaotv.com.br\/wp-content\/uploads\/2024\/08\/IMG-20240825-WA0313.jpg","2048x2048":"https:\/\/maranhaotv.com.br\/wp-content\/uploads\/2024\/08\/IMG-20240825-WA0313.jpg","colormag-highlighted-post":"https:\/\/maranhaotv.com.br\/wp-content\/uploads\/2024\/08\/IMG-20240825-WA0313-392x272.jpg","colormag-featured-post-medium":"https:\/\/maranhaotv.com.br\/wp-content\/uploads\/2024\/08\/IMG-20240825-WA0313-390x205.jpg","colormag-featured-post-small":"https:\/\/maranhaotv.com.br\/wp-content\/uploads\/2024\/08\/IMG-20240825-WA0313-130x90.jpg","colormag-featured-image":"https:\/\/maranhaotv.com.br\/wp-content\/uploads\/2024\/08\/IMG-20240825-WA0313-800x445.jpg","colormag-default-news":"https:\/\/maranhaotv.com.br\/wp-content\/uploads\/2024\/08\/IMG-20240825-WA0313-150x150.jpg","colormag-featured-image-large":"https:\/\/maranhaotv.com.br\/wp-content\/uploads\/2024\/08\/IMG-20240825-WA0313-1331x600.jpg"},"magazineBlocksPostAuthor":{"name":"maranhaotv","avatar":"https:\/\/secure.gravatar.com\/avatar\/8fadbca458d4cb68b1dd399ae9a40618d747bb1af65ac9fad21c89220a143eb4?s=96&d=mm&r=g"},"magazineBlocksPostCommentsNumber":"0","magazineBlocksPostExcerpt":"Neste domingo (25), o candidato a prefeito de S\u00e3o Lu\u00eds, Wellington do Curso, esteve na feira do Jo\u00e3o Paulo e","magazineBlocksPostCategories":["not\u00edcias"],"magazineBlocksPostViewCount":197,"magazineBlocksPostReadTime":1,"magazine_blocks_featured_image_url":{"full":["https:\/\/maranhaotv.com.br\/wp-content\/uploads\/2024\/08\/IMG-20240825-WA0313.jpg",1331,748,false],"medium":["https:\/\/maranhaotv.com.br\/wp-content\/uploads\/2024\/08\/IMG-20240825-WA0313-300x169.jpg",300,169,true],"thumbnail":["https:\/\/maranhaotv.com.br\/wp-content\/uploads\/2024\/08\/IMG-20240825-WA0313-150x150.jpg",150,150,true]},"magazine_blocks_author":{"display_name":"maranhaotv","author_link":"https:\/\/maranhaotv.com.br\/index.php\/author\/maranhaotv\/"},"magazine_blocks_comment":0,"magazine_blocks_author_image":"https:\/\/secure.gravatar.com\/avatar\/8fadbca458d4cb68b1dd399ae9a40618d747bb1af65ac9fad21c89220a143eb4?s=96&d=mm&r=g","magazine_blocks_category":"<a href=\"#\" class=\"category-link category-link-2\">not\u00edcias<\/a>","yoast_head":"<!-- This site is optimized with the Yoast SEO plugin v27.4 - https:\/\/yoast.com\/product\/yoast-seo-wordpress\/ -->\n<title>\u201cMeu compromisso \u00e9 reformar todas as feiras&quot;, diz candidato a prefeito de S\u00e3o Lu\u00eds Wellington do Curso - NOT\u00cdCIAS EM TEMPO REAL<\/title>\n<meta name=\"robots\" content=\"index, follow, max-snippet:-1, max-image-preview:large, max-video-preview:-1\" \/>\n<link rel=\"canonical\" href=\"https:\/\/maranhaotv.com.br\/index.php\/2024\/08\/25\/meu-compromisso-e-reformar-todas-as-feiras-diz-candidato-a-prefeito-de-sao-luis-wellington-do-curso\/\" \/>\n<meta property=\"og:locale\" content=\"pt_BR\" \/>\n<meta property=\"og:type\" content=\"article\" \/>\n<meta property=\"og:title\" content=\"\u201cMeu compromisso \u00e9 reformar todas as feiras&quot;, diz candidato a prefeito de S\u00e3o Lu\u00eds Wellington do Curso - NOT\u00cdCIAS EM TEMPO REAL\" \/>\n<meta property=\"og:description\" content=\"Neste domingo (25), o candidato a prefeito de S\u00e3o Lu\u00eds, Wellington do Curso, esteve na feira do Jo\u00e3o Paulo e\" \/>\n<meta property=\"og:url\" content=\"https:\/\/maranhaotv.com.br\/index.php\/2024\/08\/25\/meu-compromisso-e-reformar-todas-as-feiras-diz-candidato-a-prefeito-de-sao-luis-wellington-do-curso\/\" \/>\n<meta property=\"og:site_name\" content=\"NOT\u00cdCIAS EM TEMPO REAL\" \/>\n<meta property=\"article:publisher\" content=\"https:\/\/www.facebook.com\/maiobaotv\" \/>\n<meta property=\"article:published_time\" content=\"2024-08-25T19:18:28+00:00\" \/>\n<meta property=\"article:modified_time\" content=\"2024-08-25T19:18:42+00:00\" \/>\n<meta property=\"og:image\" content=\"https:\/\/maranhaotv.com.br\/wp-content\/uploads\/2024\/08\/IMG-20240825-WA0313.jpg\" \/>\n\t<meta property=\"og:image:width\" content=\"1331\" \/>\n\t<meta property=\"og:image:height\" content=\"748\" \/>\n\t<meta property=\"og:image:type\" content=\"image\/jpeg\" \/>\n<meta name=\"author\" content=\"maranhaotv\" \/>\n<meta name=\"twitter:card\" content=\"summary_large_image\" \/>\n<meta name=\"twitter:creator\" content=\"@sitemaranhaotv\" \/>\n<meta name=\"twitter:site\" content=\"@sitemaranhaotv\" \/>\n<meta name=\"twitter:label1\" content=\"Escrito por\" \/>\n\t<meta name=\"twitter:data1\" content=\"maranhaotv\" \/>\n\t<meta name=\"twitter:label2\" content=\"Est. tempo de leitura\" \/>\n\t<meta name=\"twitter:data2\" content=\"1 minuto\" \/>\n<script type=\"application\/ld+json\" class=\"yoast-schema-graph\">{\"@context\":\"https:\\\/\\\/schema.org\",\"@graph\":[{\"@type\":\"Article\",\"@id\":\"https:\\\/\\\/maranhaotv.com.br\\\/index.php\\\/2024\\\/08\\\/25\\\/meu-compromisso-e-reformar-todas-as-feiras-diz-candidato-a-prefeito-de-sao-luis-wellington-do-curso\\\/#article\",\"isPartOf\":{\"@id\":\"https:\\\/\\\/maranhaotv.com.br\\\/index.php\\\/2024\\\/08\\\/25\\\/meu-compromisso-e-reformar-todas-as-feiras-diz-candidato-a-prefeito-de-sao-luis-wellington-do-curso\\\/\"},\"author\":{\"name\":\"maranhaotv\",\"@id\":\"https:\\\/\\\/maranhaotv.com.br\\\/#\\\/schema\\\/person\\\/3d54238e86b20bb5c89ab2fdb8f8829a\"},\"headline\":\"\u201cMeu compromisso \u00e9 reformar todas as feiras&#8221;, diz candidato a prefeito de S\u00e3o Lu\u00eds Wellington do Curso\",\"datePublished\":\"2024-08-25T19:18:28+00:00\",\"dateModified\":\"2024-08-25T19:18:42+00:00\",\"mainEntityOfPage\":{\"@id\":\"https:\\\/\\\/maranhaotv.com.br\\\/index.php\\\/2024\\\/08\\\/25\\\/meu-compromisso-e-reformar-todas-as-feiras-diz-candidato-a-prefeito-de-sao-luis-wellington-do-curso\\\/\"},\"wordCount\":211,\"commentCount\":0,\"publisher\":{\"@id\":\"https:\\\/\\\/maranhaotv.com.br\\\/#organization\"},\"image\":{\"@id\":\"https:\\\/\\\/maranhaotv.com.br\\\/index.php\\\/2024\\\/08\\\/25\\\/meu-compromisso-e-reformar-todas-as-feiras-diz-candidato-a-prefeito-de-sao-luis-wellington-do-curso\\\/#primaryimage\"},\"thumbnailUrl\":\"https:\\\/\\\/maranhaotv.com.br\\\/wp-content\\\/uploads\\\/2024\\\/08\\\/IMG-20240825-WA0313.jpg\",\"articleSection\":[\"not\u00edcias\"],\"inLanguage\":\"pt-BR\",\"potentialAction\":[{\"@type\":\"CommentAction\",\"name\":\"Comment\",\"target\":[\"https:\\\/\\\/maranhaotv.com.br\\\/index.php\\\/2024\\\/08\\\/25\\\/meu-compromisso-e-reformar-todas-as-feiras-diz-candidato-a-prefeito-de-sao-luis-wellington-do-curso\\\/#respond\"]}]},{\"@type\":\"WebPage\",\"@id\":\"https:\\\/\\\/maranhaotv.com.br\\\/index.php\\\/2024\\\/08\\\/25\\\/meu-compromisso-e-reformar-todas-as-feiras-diz-candidato-a-prefeito-de-sao-luis-wellington-do-curso\\\/\",\"url\":\"https:\\\/\\\/maranhaotv.com.br\\\/index.php\\\/2024\\\/08\\\/25\\\/meu-compromisso-e-reformar-todas-as-feiras-diz-candidato-a-prefeito-de-sao-luis-wellington-do-curso\\\/\",\"name\":\"\u201cMeu compromisso \u00e9 reformar todas as feiras\\\", diz candidato a prefeito de S\u00e3o Lu\u00eds Wellington do Curso - NOT\u00cdCIAS EM TEMPO REAL\",\"isPartOf\":{\"@id\":\"https:\\\/\\\/maranhaotv.com.br\\\/#website\"},\"primaryImageOfPage\":{\"@id\":\"https:\\\/\\\/maranhaotv.com.br\\\/index.php\\\/2024\\\/08\\\/25\\\/meu-compromisso-e-reformar-todas-as-feiras-diz-candidato-a-prefeito-de-sao-luis-wellington-do-curso\\\/#primaryimage\"},\"image\":{\"@id\":\"https:\\\/\\\/maranhaotv.com.br\\\/index.php\\\/2024\\\/08\\\/25\\\/meu-compromisso-e-reformar-todas-as-feiras-diz-candidato-a-prefeito-de-sao-luis-wellington-do-curso\\\/#primaryimage\"},\"thumbnailUrl\":\"https:\\\/\\\/maranhaotv.com.br\\\/wp-content\\\/uploads\\\/2024\\\/08\\\/IMG-20240825-WA0313.jpg\",\"datePublished\":\"2024-08-25T19:18:28+00:00\",\"dateModified\":\"2024-08-25T19:18:42+00:00\",\"breadcrumb\":{\"@id\":\"https:\\\/\\\/maranhaotv.com.br\\\/index.php\\\/2024\\\/08\\\/25\\\/meu-compromisso-e-reformar-todas-as-feiras-diz-candidato-a-prefeito-de-sao-luis-wellington-do-curso\\\/#breadcrumb\"},\"inLanguage\":\"pt-BR\",\"potentialAction\":[{\"@type\":\"ReadAction\",\"target\":[\"https:\\\/\\\/maranhaotv.com.br\\\/index.php\\\/2024\\\/08\\\/25\\\/meu-compromisso-e-reformar-todas-as-feiras-diz-candidato-a-prefeito-de-sao-luis-wellington-do-curso\\\/\"]}]},{\"@type\":\"ImageObject\",\"inLanguage\":\"pt-BR\",\"@id\":\"https:\\\/\\\/maranhaotv.com.br\\\/index.php\\\/2024\\\/08\\\/25\\\/meu-compromisso-e-reformar-todas-as-feiras-diz-candidato-a-prefeito-de-sao-luis-wellington-do-curso\\\/#primaryimage\",\"url\":\"https:\\\/\\\/maranhaotv.com.br\\\/wp-content\\\/uploads\\\/2024\\\/08\\\/IMG-20240825-WA0313.jpg\",\"contentUrl\":\"https:\\\/\\\/maranhaotv.com.br\\\/wp-content\\\/uploads\\\/2024\\\/08\\\/IMG-20240825-WA0313.jpg\",\"width\":1331,\"height\":748},{\"@type\":\"BreadcrumbList\",\"@id\":\"https:\\\/\\\/maranhaotv.com.br\\\/index.php\\\/2024\\\/08\\\/25\\\/meu-compromisso-e-reformar-todas-as-feiras-diz-candidato-a-prefeito-de-sao-luis-wellington-do-curso\\\/#breadcrumb\",\"itemListElement\":[{\"@type\":\"ListItem\",\"position\":1,\"name\":\"In\u00edcio\",\"item\":\"https:\\\/\\\/maranhaotv.com.br\\\/\"},{\"@type\":\"ListItem\",\"position\":2,\"name\":\"\u201cMeu compromisso \u00e9 reformar todas as feiras&#8221;, diz candidato a prefeito de S\u00e3o Lu\u00eds Wellington do Curso\"}]},{\"@type\":\"WebSite\",\"@id\":\"https:\\\/\\\/maranhaotv.com.br\\\/#website\",\"url\":\"https:\\\/\\\/maranhaotv.com.br\\\/\",\"name\":\"Maranh\u00e3oTV\",\"description\":\"\",\"publisher\":{\"@id\":\"https:\\\/\\\/maranhaotv.com.br\\\/#organization\"},\"potentialAction\":[{\"@type\":\"SearchAction\",\"target\":{\"@type\":\"EntryPoint\",\"urlTemplate\":\"https:\\\/\\\/maranhaotv.com.br\\\/?s={search_term_string}\"},\"query-input\":{\"@type\":\"PropertyValueSpecification\",\"valueRequired\":true,\"valueName\":\"search_term_string\"}}],\"inLanguage\":\"pt-BR\"},{\"@type\":\"Organization\",\"@id\":\"https:\\\/\\\/maranhaotv.com.br\\\/#organization\",\"name\":\"Portal de Not\u00edcias\",\"url\":\"https:\\\/\\\/maranhaotv.com.br\\\/\",\"logo\":{\"@type\":\"ImageObject\",\"inLanguage\":\"pt-BR\",\"@id\":\"https:\\\/\\\/maranhaotv.com.br\\\/#\\\/schema\\\/logo\\\/image\\\/\",\"url\":\"https:\\\/\\\/maranhaotv.com.br\\\/wp-content\\\/uploads\\\/2024\\\/05\\\/cropped-cropped-avatar-1.png\",\"contentUrl\":\"https:\\\/\\\/maranhaotv.com.br\\\/wp-content\\\/uploads\\\/2024\\\/05\\\/cropped-cropped-avatar-1.png\",\"width\":792,\"height\":428,\"caption\":\"Portal de Not\u00edcias\"},\"image\":{\"@id\":\"https:\\\/\\\/maranhaotv.com.br\\\/#\\\/schema\\\/logo\\\/image\\\/\"},\"sameAs\":[\"https:\\\/\\\/www.facebook.com\\\/maiobaotv\",\"https:\\\/\\\/x.com\\\/sitemaranhaotv\",\"https:\\\/\\\/www.instagram.com\\\/maranhao.tv\",\"https:\\\/\\\/www.threads.net\\\/@maranhao.tv\"]},{\"@type\":\"Person\",\"@id\":\"https:\\\/\\\/maranhaotv.com.br\\\/#\\\/schema\\\/person\\\/3d54238e86b20bb5c89ab2fdb8f8829a\",\"name\":\"maranhaotv\",\"image\":{\"@type\":\"ImageObject\",\"inLanguage\":\"pt-BR\",\"@id\":\"https:\\\/\\\/secure.gravatar.com\\\/avatar\\\/8fadbca458d4cb68b1dd399ae9a40618d747bb1af65ac9fad21c89220a143eb4?s=96&d=mm&r=g\",\"url\":\"https:\\\/\\\/secure.gravatar.com\\\/avatar\\\/8fadbca458d4cb68b1dd399ae9a40618d747bb1af65ac9fad21c89220a143eb4?s=96&d=mm&r=g\",\"contentUrl\":\"https:\\\/\\\/secure.gravatar.com\\\/avatar\\\/8fadbca458d4cb68b1dd399ae9a40618d747bb1af65ac9fad21c89220a143eb4?s=96&d=mm&r=g\",\"caption\":\"maranhaotv\"},\"sameAs\":[\"https:\\\/\\\/maranhaotv.com.br\\\/\"],\"url\":\"https:\\\/\\\/maranhaotv.com.br\\\/index.php\\\/author\\\/maranhaotv\\\/\"}]}<\/script>\n<!-- \/ Yoast SEO plugin. -->","yoast_head_json":{"title":"\u201cMeu compromisso \u00e9 reformar todas as feiras\", diz candidato a prefeito de S\u00e3o Lu\u00eds Wellington do Curso - NOT\u00cdCIAS EM TEMPO REAL","robots":{"index":"index","follow":"follow","max-snippet":"max-snippet:-1","max-image-preview":"max-image-preview:large","max-video-preview":"max-video-preview:-1"},"canonical":"https:\/\/maranhaotv.com.br\/index.php\/2024\/08\/25\/meu-compromisso-e-reformar-todas-as-feiras-diz-candidato-a-prefeito-de-sao-luis-wellington-do-curso\/","og_locale":"pt_BR","og_type":"article","og_title":"\u201cMeu compromisso \u00e9 reformar todas as feiras\", diz candidato a prefeito de S\u00e3o Lu\u00eds Wellington do Curso - NOT\u00cdCIAS EM TEMPO REAL","og_description":"Neste domingo (25), o candidato a prefeito de S\u00e3o Lu\u00eds, Wellington do Curso, esteve na feira do Jo\u00e3o Paulo e","og_url":"https:\/\/maranhaotv.com.br\/index.php\/2024\/08\/25\/meu-compromisso-e-reformar-todas-as-feiras-diz-candidato-a-prefeito-de-sao-luis-wellington-do-curso\/","og_site_name":"NOT\u00cdCIAS EM TEMPO REAL","article_publisher":"https:\/\/www.facebook.com\/maiobaotv","article_published_time":"2024-08-25T19:18:28+00:00","article_modified_time":"2024-08-25T19:18:42+00:00","og_image":[{"width":1331,"height":748,"url":"https:\/\/maranhaotv.com.br\/wp-content\/uploads\/2024\/08\/IMG-20240825-WA0313.jpg","type":"image\/jpeg"}],"author":"maranhaotv","twitter_card":"summary_large_image","twitter_creator":"@sitemaranhaotv","twitter_site":"@sitemaranhaotv","twitter_misc":{"Escrito por":"maranhaotv","Est. tempo de leitura":"1 minuto"},"schema":{"@context":"https:\/\/schema.org","@graph":[{"@type":"Article","@id":"https:\/\/maranhaotv.com.br\/index.php\/2024\/08\/25\/meu-compromisso-e-reformar-todas-as-feiras-diz-candidato-a-prefeito-de-sao-luis-wellington-do-curso\/#article","isPartOf":{"@id":"https:\/\/maranhaotv.com.br\/index.php\/2024\/08\/25\/meu-compromisso-e-reformar-todas-as-feiras-diz-candidato-a-prefeito-de-sao-luis-wellington-do-curso\/"},"author":{"name":"maranhaotv","@id":"https:\/\/maranhaotv.com.br\/#\/schema\/person\/3d54238e86b20bb5c89ab2fdb8f8829a"},"headline":"\u201cMeu compromisso \u00e9 reformar todas as feiras&#8221;, diz candidato a prefeito de S\u00e3o Lu\u00eds Wellington do Curso","datePublished":"2024-08-25T19:18:28+00:00","dateModified":"2024-08-25T19:18:42+00:00","mainEntityOfPage":{"@id":"https:\/\/maranhaotv.com.br\/index.php\/2024\/08\/25\/meu-compromisso-e-reformar-todas-as-feiras-diz-candidato-a-prefeito-de-sao-luis-wellington-do-curso\/"},"wordCount":211,"commentCount":0,"publisher":{"@id":"https:\/\/maranhaotv.com.br\/#organization"},"image":{"@id":"https:\/\/maranhaotv.com.br\/index.php\/2024\/08\/25\/meu-compromisso-e-reformar-todas-as-feiras-diz-candidato-a-prefeito-de-sao-luis-wellington-do-curso\/#primaryimage"},"thumbnailUrl":"https:\/\/maranhaotv.com.br\/wp-content\/uploads\/2024\/08\/IMG-20240825-WA0313.jpg","articleSection":["not\u00edcias"],"inLanguage":"pt-BR","potentialAction":[{"@type":"CommentAction","name":"Comment","target":["https:\/\/maranhaotv.com.br\/index.php\/2024\/08\/25\/meu-compromisso-e-reformar-todas-as-feiras-diz-candidato-a-prefeito-de-sao-luis-wellington-do-curso\/#respond"]}]},{"@type":"WebPage","@id":"https:\/\/maranhaotv.com.br\/index.php\/2024\/08\/25\/meu-compromisso-e-reformar-todas-as-feiras-diz-candidato-a-prefeito-de-sao-luis-wellington-do-curso\/","url":"https:\/\/maranhaotv.com.br\/index.php\/2024\/08\/25\/meu-compromisso-e-reformar-todas-as-feiras-diz-candidato-a-prefeito-de-sao-luis-wellington-do-curso\/","name":"\u201cMeu compromisso \u00e9 reformar todas as feiras\", diz candidato a prefeito de S\u00e3o Lu\u00eds Wellington do Curso - NOT\u00cdCIAS EM TEMPO REAL","isPartOf":{"@id":"https:\/\/maranhaotv.com.br\/#website"},"primaryImageOfPage":{"@id":"https:\/\/maranhaotv.com.br\/index.php\/2024\/08\/25\/meu-compromisso-e-reformar-todas-as-feiras-diz-candidato-a-prefeito-de-sao-luis-wellington-do-curso\/#primaryimage"},"image":{"@id":"https:\/\/maranhaotv.com.br\/index.php\/2024\/08\/25\/meu-compromisso-e-reformar-todas-as-feiras-diz-candidato-a-prefeito-de-sao-luis-wellington-do-curso\/#primaryimage"},"thumbnailUrl":"https:\/\/maranhaotv.com.br\/wp-content\/uploads\/2024\/08\/IMG-20240825-WA0313.jpg","datePublished":"2024-08-25T19:18:28+00:00","dateModified":"2024-08-25T19:18:42+00:00","breadcrumb":{"@id":"https:\/\/maranhaotv.com.br\/index.php\/2024\/08\/25\/meu-compromisso-e-reformar-todas-as-feiras-diz-candidato-a-prefeito-de-sao-luis-wellington-do-curso\/#breadcrumb"},"inLanguage":"pt-BR","potentialAction":[{"@type":"ReadAction","target":["https:\/\/maranhaotv.com.br\/index.php\/2024\/08\/25\/meu-compromisso-e-reformar-todas-as-feiras-diz-candidato-a-prefeito-de-sao-luis-wellington-do-curso\/"]}]},{"@type":"ImageObject","inLanguage":"pt-BR","@id":"https:\/\/maranhaotv.com.br\/index.php\/2024\/08\/25\/meu-compromisso-e-reformar-todas-as-feiras-diz-candidato-a-prefeito-de-sao-luis-wellington-do-curso\/#primaryimage","url":"https:\/\/maranhaotv.com.br\/wp-content\/uploads\/2024\/08\/IMG-20240825-WA0313.jpg","contentUrl":"https:\/\/maranhaotv.com.br\/wp-content\/uploads\/2024\/08\/IMG-20240825-WA0313.jpg","width":1331,"height":748},{"@type":"BreadcrumbList","@id":"https:\/\/maranhaotv.com.br\/index.php\/2024\/08\/25\/meu-compromisso-e-reformar-todas-as-feiras-diz-candidato-a-prefeito-de-sao-luis-wellington-do-curso\/#breadcrumb","itemListElement":[{"@type":"ListItem","position":1,"name":"In\u00edcio","item":"https:\/\/maranhaotv.com.br\/"},{"@type":"ListItem","position":2,"name":"\u201cMeu compromisso \u00e9 reformar todas as feiras&#8221;, diz candidato a prefeito de S\u00e3o Lu\u00eds Wellington do Curso"}]},{"@type":"WebSite","@id":"https:\/\/maranhaotv.com.br\/#website","url":"https:\/\/maranhaotv.com.br\/","name":"Maranh\u00e3oTV","description":"","publisher":{"@id":"https:\/\/maranhaotv.com.br\/#organization"},"potentialAction":[{"@type":"SearchAction","target":{"@type":"EntryPoint","urlTemplate":"https:\/\/maranhaotv.com.br\/?s={search_term_string}"},"query-input":{"@type":"PropertyValueSpecification","valueRequired":true,"valueName":"search_term_string"}}],"inLanguage":"pt-BR"},{"@type":"Organization","@id":"https:\/\/maranhaotv.com.br\/#organization","name":"Portal de Not\u00edcias","url":"https:\/\/maranhaotv.com.br\/","logo":{"@type":"ImageObject","inLanguage":"pt-BR","@id":"https:\/\/maranhaotv.com.br\/#\/schema\/logo\/image\/","url":"https:\/\/maranhaotv.com.br\/wp-content\/uploads\/2024\/05\/cropped-cropped-avatar-1.png","contentUrl":"https:\/\/maranhaotv.com.br\/wp-content\/uploads\/2024\/05\/cropped-cropped-avatar-1.png","width":792,"height":428,"caption":"Portal de Not\u00edcias"},"image":{"@id":"https:\/\/maranhaotv.com.br\/#\/schema\/logo\/image\/"},"sameAs":["https:\/\/www.facebook.com\/maiobaotv","https:\/\/x.com\/sitemaranhaotv","https:\/\/www.instagram.com\/maranhao.tv","https:\/\/www.threads.net\/@maranhao.tv"]},{"@type":"Person","@id":"https:\/\/maranhaotv.com.br\/#\/schema\/person\/3d54238e86b20bb5c89ab2fdb8f8829a","name":"maranhaotv","image":{"@type":"ImageObject","inLanguage":"pt-BR","@id":"https:\/\/secure.gravatar.com\/avatar\/8fadbca458d4cb68b1dd399ae9a40618d747bb1af65ac9fad21c89220a143eb4?s=96&d=mm&r=g","url":"https:\/\/secure.gravatar.com\/avatar\/8fadbca458d4cb68b1dd399ae9a40618d747bb1af65ac9fad21c89220a143eb4?s=96&d=mm&r=g","contentUrl":"https:\/\/secure.gravatar.com\/avatar\/8fadbca458d4cb68b1dd399ae9a40618d747bb1af65ac9fad21c89220a143eb4?s=96&d=mm&r=g","caption":"maranhaotv"},"sameAs":["https:\/\/maranhaotv.com.br\/"],"url":"https:\/\/maranhaotv.com.br\/index.php\/author\/maranhaotv\/"}]}},"jetpack_featured_media_url":"https:\/\/maranhaotv.com.br\/wp-content\/uploads\/2024\/08\/IMG-20240825-WA0313.jpg","jetpack_sharing_enabled":true,"_links":{"self":[{"href":"https:\/\/maranhaotv.com.br\/index.php\/wp-json\/wp\/v2\/posts\/37379","targetHints":{"allow":["GET"]}}],"collection":[{"href":"https:\/\/maranhaotv.com.br\/index.php\/wp-json\/wp\/v2\/posts"}],"about":[{"href":"https:\/\/maranhaotv.com.br\/index.php\/wp-json\/wp\/v2\/types\/post"}],"author":[{"embeddable":true,"href":"https:\/\/maranhaotv.com.br\/index.php\/wp-json\/wp\/v2\/users\/2"}],"replies":[{"embeddable":true,"href":"https:\/\/maranhaotv.com.br\/index.php\/wp-json\/wp\/v2\/comments?post=37379"}],"version-history":[{"count":1,"href":"https:\/\/maranhaotv.com.br\/index.php\/wp-json\/wp\/v2\/posts\/37379\/revisions"}],"predecessor-version":[{"id":37380,"href":"https:\/\/maranhaotv.com.br\/index.php\/wp-json\/wp\/v2\/posts\/37379\/revisions\/37380"}],"wp:featuredmedia":[{"embeddable":true,"href":"https:\/\/maranhaotv.com.br\/index.php\/wp-json\/wp\/v2\/media\/37378"}],"wp:attachment":[{"href":"https:\/\/maranhaotv.com.br\/index.php\/wp-json\/wp\/v2\/media?parent=37379"}],"wp:term":[{"taxonomy":"category","embeddable":true,"href":"https:\/\/maranhaotv.com.br\/index.php\/wp-json\/wp\/v2\/categories?post=37379"},{"taxonomy":"post_tag","embeddable":true,"href":"https:\/\/maranhaotv.com.br\/index.php\/wp-json\/wp\/v2\/tags?post=37379"}],"curies":[{"name":"wp","href":"https:\/\/api.w.org\/{rel}","templated":true}]}}