{"id":37383,"date":"2024-08-26T18:30:54","date_gmt":"2024-08-26T21:30:54","guid":{"rendered":"https:\/\/maranhaotv.com.br\/?p=37383"},"modified":"2024-08-26T18:30:56","modified_gmt":"2024-08-26T21:30:56","slug":"brasil-em-chamas-infoamazonia-registra-destruicao-em-semana-de-fogo-intenso-em-rondonia-amazonas-e-mato-grosso","status":"publish","type":"post","link":"https:\/\/maranhaotv.com.br\/index.php\/2024\/08\/26\/brasil-em-chamas-infoamazonia-registra-destruicao-em-semana-de-fogo-intenso-em-rondonia-amazonas-e-mato-grosso\/","title":{"rendered":"BRASIL EM CHAMAS \u2013 InfoAmazonia registra destrui\u00e7\u00e3o em semana de fogo intenso em Rond\u00f4nia, Amazonas e Mato Grosso"},"content":{"rendered":"\n<p>Em fotografias exclusivas, \u00e9 poss\u00edvel ver a fuma\u00e7a que come\u00e7a na Amaz\u00f4nia e se espalha pelo Brasil. O fogo atinge terras ind\u00edgenas, unidades de conserva\u00e7\u00e3o e fazendas que receberam cr\u00e9dito rural de bancos p\u00fablicos e privados.<br>A fuma\u00e7a na Amaz\u00f4nia, que j\u00e1 se espalhou por 10 estados brasileiros, tem origem em queimadas criminosas em \u00e1reas protegidas, florestas p\u00fablicas e at\u00e9 mesmo em fazendas que receberam cr\u00e9dito rural de bancos p\u00fablicos e privados. A reportagem da InfoAmazonia sobrevoou nesta semana, entre segunda-feira (19) e a quarta-feira (21), \u00e1reas com fogo ativo em Rond\u00f4nia, no sul do Amazonas e no norte do Mato Grosso, junto com a equipe do Greenpeace Brasil, para identificar onde a floresta est\u00e1 queimando.<br><br>As cenas mostram como a destrui\u00e7\u00e3o avan\u00e7a rapidamente durante a atual temporada de queimadas, que caminha para ser uma das piores j\u00e1 registradas nos \u00faltimos anos. Dados do Programa Queimadas do Instituto Nacional de Pesquisas Espaciais (Inpe) indicam que, em julho, a Amaz\u00f4nia teve o maior registro de focos de calor em 19 anos. Em agosto, que ainda n\u00e3o terminou, os registros j\u00e1 superaram os de 2023.<br>No norte de Rond\u00f4nia, a\u00a0 InfoAmazonia registrou o fogo em fazendas que receberam cr\u00e9dito rural do Plano Safra, programa do governo federal que oferece linhas de cr\u00e9dito, incentivos e pol\u00edticas agr\u00edcolas para m\u00e9dios e grandes produtores por meio de bancos p\u00fablicos, privados e cooperativas de cr\u00e9dito habilitadas para financiar o agroneg\u00f3cio.<br><br>\u201cN\u00f3s sobrevoamos diversas propriedades que est\u00e3o nestas \u00e1reas e que acessaram financiamento de cr\u00e9dito rural. Algumas destas \u00e1reas est\u00e3o embargadas por desmatamento, mas todas fizeram uso do fogo de forma ilegal\u201d, afirmou Tha\u00eds Bannwart, porta-voz de Florestas do Greenpeace Brasil. \u201cAs institui\u00e7\u00f5es financeiras precisam encontrar uma solu\u00e7\u00e3o para quem faz o uso ilegal e criminoso do fogo, para que elas n\u00e3o acessem financiamento\u201d.<br>O fogo atinge florestas p\u00fablicas n\u00e3o destinadas, terras ind\u00edgenas e unidades de conserva\u00e7\u00e3o em Rond\u00f4nia. Um dos casos registrados foi na Esta\u00e7\u00e3o Ecol\u00f3gica (Esec) Soldado da Borracha, criada em 2008, mas que teve sua prote\u00e7\u00e3o anulada por meio de um decreto do governador de Rond\u00f4nia, Marcos Rocha, em 2022. Esta \u00e9 uma das regi\u00f5es que mais concentrou fogo na Amaz\u00f4nia nos \u00faltimos dias.<br>O fogo tamb\u00e9m \u00e9 registrado no Parque Nacional do Mapinguari, na divisa entre Rond\u00f4nia e Amazonas, e em fazendas pr\u00f3ximas. Outro ponto cr\u00edtico \u00e9 a regi\u00e3o ao redor da BR-319, na divisa dos dois estados, onde a fuma\u00e7a praticamente fez o tra\u00e7ado da rodovia desaparecer no horizonte.<br>J\u00e1 no norte do Mato Grosso, as queimadas ocorrem no interior da Terra Ind\u00edgena Sarar\u00e9, onde a equipe do Greenpeace identificou uma grande \u00e1rea de garimpo ilegal. Nessa regi\u00e3o, fogo, garimpo e \u00e1reas de pastagem mostram como o ciclo de destrui\u00e7\u00e3o avan\u00e7a sobre o territ\u00f3rio do povo Nambikwara.<br>Os dados do Inpe mostram focos de calor ativos em muitas das \u00e1reas protegidas nesta regi\u00e3o da Amaz\u00f4nia, principalmente entre Rond\u00f4nia e o sul do Amazonas, como no Parque Estadual do Guajar\u00e1-Mirim, onde h\u00e1 focos ativos h\u00e1 mais de 30 dias, na Resex Jaci-Paran\u00e1 e nas terras ind\u00edgenas Karipuna, Uru-Eu-Wau-Wau e Igarap\u00e9 Lage, todas em Rond\u00f4nia.<\/p>\n\n\n\n<p><br>Cr\u00e9dito: F\u00e1bio Bispo \u2013 InfoAmazonia*<\/p>\n","protected":false},"excerpt":{"rendered":"<p>Em fotografias exclusivas, \u00e9 poss\u00edvel ver a fuma\u00e7a que come\u00e7a na Amaz\u00f4nia e se espalha pelo Brasil. O fogo atinge<\/p>\n","protected":false},"author":2,"featured_media":37382,"comment_status":"open","ping_status":"open","sticky":false,"template":"","format":"standard","meta":{"colormag_page_container_layout":"default_layout","colormag_page_sidebar_layout":"default_layout","_jetpack_memberships_contains_paid_content":false,"footnotes":""},"categories":[23],"tags":[],"class_list":["post-37383","post","type-post","status-publish","format-standard","has-post-thumbnail","hentry","category-denuncia"],"magazineBlocksPostFeaturedMedia":{"thumbnail":"https:\/\/maranhaotv.com.br\/wp-content\/uploads\/2024\/08\/images-1-5-150x150.jpeg","medium":"https:\/\/maranhaotv.com.br\/wp-content\/uploads\/2024\/08\/images-1-5-300x168.jpeg","medium_large":"https:\/\/maranhaotv.com.br\/wp-content\/uploads\/2024\/08\/images-1-5.jpeg","large":"https:\/\/maranhaotv.com.br\/wp-content\/uploads\/2024\/08\/images-1-5.jpeg","1536x1536":"https:\/\/maranhaotv.com.br\/wp-content\/uploads\/2024\/08\/images-1-5.jpeg","2048x2048":"https:\/\/maranhaotv.com.br\/wp-content\/uploads\/2024\/08\/images-1-5.jpeg","colormag-highlighted-post":"https:\/\/maranhaotv.com.br\/wp-content\/uploads\/2024\/08\/images-1-5-392x272.jpeg","colormag-featured-post-medium":"https:\/\/maranhaotv.com.br\/wp-content\/uploads\/2024\/08\/images-1-5-390x205.jpeg","colormag-featured-post-small":"https:\/\/maranhaotv.com.br\/wp-content\/uploads\/2024\/08\/images-1-5-130x90.jpeg","colormag-featured-image":"https:\/\/maranhaotv.com.br\/wp-content\/uploads\/2024\/08\/images-1-5.jpeg","colormag-default-news":"https:\/\/maranhaotv.com.br\/wp-content\/uploads\/2024\/08\/images-1-5-150x150.jpeg","colormag-featured-image-large":"https:\/\/maranhaotv.com.br\/wp-content\/uploads\/2024\/08\/images-1-5.jpeg"},"magazineBlocksPostAuthor":{"name":"maranhaotv","avatar":"https:\/\/secure.gravatar.com\/avatar\/8fadbca458d4cb68b1dd399ae9a40618d747bb1af65ac9fad21c89220a143eb4?s=96&d=mm&r=g"},"magazineBlocksPostCommentsNumber":"0","magazineBlocksPostExcerpt":"Em fotografias exclusivas, \u00e9 poss\u00edvel ver a fuma\u00e7a que come\u00e7a na Amaz\u00f4nia e se espalha pelo Brasil. O fogo atinge","magazineBlocksPostCategories":["den\u00fancia"],"magazineBlocksPostViewCount":196,"magazineBlocksPostReadTime":3,"magazine_blocks_featured_image_url":{"full":["https:\/\/maranhaotv.com.br\/wp-content\/uploads\/2024\/08\/images-1-5.jpeg",739,415,false],"medium":["https:\/\/maranhaotv.com.br\/wp-content\/uploads\/2024\/08\/images-1-5-300x168.jpeg",300,168,true],"thumbnail":["https:\/\/maranhaotv.com.br\/wp-content\/uploads\/2024\/08\/images-1-5-150x150.jpeg",150,150,true]},"magazine_blocks_author":{"display_name":"maranhaotv","author_link":"https:\/\/maranhaotv.com.br\/index.php\/author\/maranhaotv\/"},"magazine_blocks_comment":0,"magazine_blocks_author_image":"https:\/\/secure.gravatar.com\/avatar\/8fadbca458d4cb68b1dd399ae9a40618d747bb1af65ac9fad21c89220a143eb4?s=96&d=mm&r=g","magazine_blocks_category":"<a href=\"#\" class=\"category-link category-link-23\">den\u00fancia<\/a>","yoast_head":"<!-- This site is optimized with the Yoast SEO plugin v27.4 - https:\/\/yoast.com\/product\/yoast-seo-wordpress\/ -->\n<title>BRASIL EM CHAMAS \u2013 InfoAmazonia registra destrui\u00e7\u00e3o em semana de fogo intenso em Rond\u00f4nia, Amazonas e Mato Grosso - NOT\u00cdCIAS EM TEMPO REAL<\/title>\n<meta name=\"robots\" content=\"index, follow, max-snippet:-1, max-image-preview:large, max-video-preview:-1\" \/>\n<link rel=\"canonical\" href=\"https:\/\/maranhaotv.com.br\/index.php\/2024\/08\/26\/brasil-em-chamas-infoamazonia-registra-destruicao-em-semana-de-fogo-intenso-em-rondonia-amazonas-e-mato-grosso\/\" \/>\n<meta property=\"og:locale\" content=\"pt_BR\" \/>\n<meta property=\"og:type\" content=\"article\" \/>\n<meta property=\"og:title\" content=\"BRASIL EM CHAMAS \u2013 InfoAmazonia registra destrui\u00e7\u00e3o em semana de fogo intenso em Rond\u00f4nia, Amazonas e Mato Grosso - NOT\u00cdCIAS EM TEMPO REAL\" \/>\n<meta property=\"og:description\" content=\"Em fotografias exclusivas, \u00e9 poss\u00edvel ver a fuma\u00e7a que come\u00e7a na Amaz\u00f4nia e se espalha pelo Brasil. O fogo atinge\" \/>\n<meta property=\"og:url\" content=\"https:\/\/maranhaotv.com.br\/index.php\/2024\/08\/26\/brasil-em-chamas-infoamazonia-registra-destruicao-em-semana-de-fogo-intenso-em-rondonia-amazonas-e-mato-grosso\/\" \/>\n<meta property=\"og:site_name\" content=\"NOT\u00cdCIAS EM TEMPO REAL\" \/>\n<meta property=\"article:publisher\" content=\"https:\/\/www.facebook.com\/maiobaotv\" \/>\n<meta property=\"article:published_time\" content=\"2024-08-26T21:30:54+00:00\" \/>\n<meta property=\"article:modified_time\" content=\"2024-08-26T21:30:56+00:00\" \/>\n<meta property=\"og:image\" content=\"https:\/\/maranhaotv.com.br\/wp-content\/uploads\/2024\/08\/images-1-5.jpeg\" \/>\n\t<meta property=\"og:image:width\" content=\"739\" \/>\n\t<meta property=\"og:image:height\" content=\"415\" \/>\n\t<meta property=\"og:image:type\" content=\"image\/jpeg\" \/>\n<meta name=\"author\" content=\"maranhaotv\" \/>\n<meta name=\"twitter:card\" content=\"summary_large_image\" \/>\n<meta name=\"twitter:creator\" content=\"@sitemaranhaotv\" \/>\n<meta name=\"twitter:site\" content=\"@sitemaranhaotv\" \/>\n<meta name=\"twitter:label1\" content=\"Escrito por\" \/>\n\t<meta name=\"twitter:data1\" content=\"maranhaotv\" \/>\n\t<meta name=\"twitter:label2\" content=\"Est. tempo de leitura\" \/>\n\t<meta name=\"twitter:data2\" content=\"3 minutos\" \/>\n<script type=\"application\/ld+json\" class=\"yoast-schema-graph\">{\"@context\":\"https:\\\/\\\/schema.org\",\"@graph\":[{\"@type\":\"Article\",\"@id\":\"https:\\\/\\\/maranhaotv.com.br\\\/index.php\\\/2024\\\/08\\\/26\\\/brasil-em-chamas-infoamazonia-registra-destruicao-em-semana-de-fogo-intenso-em-rondonia-amazonas-e-mato-grosso\\\/#article\",\"isPartOf\":{\"@id\":\"https:\\\/\\\/maranhaotv.com.br\\\/index.php\\\/2024\\\/08\\\/26\\\/brasil-em-chamas-infoamazonia-registra-destruicao-em-semana-de-fogo-intenso-em-rondonia-amazonas-e-mato-grosso\\\/\"},\"author\":{\"name\":\"maranhaotv\",\"@id\":\"https:\\\/\\\/maranhaotv.com.br\\\/#\\\/schema\\\/person\\\/3d54238e86b20bb5c89ab2fdb8f8829a\"},\"headline\":\"BRASIL EM CHAMAS \u2013 InfoAmazonia registra destrui\u00e7\u00e3o em semana de fogo intenso em Rond\u00f4nia, Amazonas e Mato Grosso\",\"datePublished\":\"2024-08-26T21:30:54+00:00\",\"dateModified\":\"2024-08-26T21:30:56+00:00\",\"mainEntityOfPage\":{\"@id\":\"https:\\\/\\\/maranhaotv.com.br\\\/index.php\\\/2024\\\/08\\\/26\\\/brasil-em-chamas-infoamazonia-registra-destruicao-em-semana-de-fogo-intenso-em-rondonia-amazonas-e-mato-grosso\\\/\"},\"wordCount\":588,\"commentCount\":0,\"publisher\":{\"@id\":\"https:\\\/\\\/maranhaotv.com.br\\\/#organization\"},\"image\":{\"@id\":\"https:\\\/\\\/maranhaotv.com.br\\\/index.php\\\/2024\\\/08\\\/26\\\/brasil-em-chamas-infoamazonia-registra-destruicao-em-semana-de-fogo-intenso-em-rondonia-amazonas-e-mato-grosso\\\/#primaryimage\"},\"thumbnailUrl\":\"https:\\\/\\\/maranhaotv.com.br\\\/wp-content\\\/uploads\\\/2024\\\/08\\\/images-1-5.jpeg\",\"articleSection\":[\"den\u00fancia\"],\"inLanguage\":\"pt-BR\",\"potentialAction\":[{\"@type\":\"CommentAction\",\"name\":\"Comment\",\"target\":[\"https:\\\/\\\/maranhaotv.com.br\\\/index.php\\\/2024\\\/08\\\/26\\\/brasil-em-chamas-infoamazonia-registra-destruicao-em-semana-de-fogo-intenso-em-rondonia-amazonas-e-mato-grosso\\\/#respond\"]}]},{\"@type\":\"WebPage\",\"@id\":\"https:\\\/\\\/maranhaotv.com.br\\\/index.php\\\/2024\\\/08\\\/26\\\/brasil-em-chamas-infoamazonia-registra-destruicao-em-semana-de-fogo-intenso-em-rondonia-amazonas-e-mato-grosso\\\/\",\"url\":\"https:\\\/\\\/maranhaotv.com.br\\\/index.php\\\/2024\\\/08\\\/26\\\/brasil-em-chamas-infoamazonia-registra-destruicao-em-semana-de-fogo-intenso-em-rondonia-amazonas-e-mato-grosso\\\/\",\"name\":\"BRASIL EM CHAMAS \u2013 InfoAmazonia registra destrui\u00e7\u00e3o em semana de fogo intenso em Rond\u00f4nia, Amazonas e Mato Grosso - NOT\u00cdCIAS EM TEMPO REAL\",\"isPartOf\":{\"@id\":\"https:\\\/\\\/maranhaotv.com.br\\\/#website\"},\"primaryImageOfPage\":{\"@id\":\"https:\\\/\\\/maranhaotv.com.br\\\/index.php\\\/2024\\\/08\\\/26\\\/brasil-em-chamas-infoamazonia-registra-destruicao-em-semana-de-fogo-intenso-em-rondonia-amazonas-e-mato-grosso\\\/#primaryimage\"},\"image\":{\"@id\":\"https:\\\/\\\/maranhaotv.com.br\\\/index.php\\\/2024\\\/08\\\/26\\\/brasil-em-chamas-infoamazonia-registra-destruicao-em-semana-de-fogo-intenso-em-rondonia-amazonas-e-mato-grosso\\\/#primaryimage\"},\"thumbnailUrl\":\"https:\\\/\\\/maranhaotv.com.br\\\/wp-content\\\/uploads\\\/2024\\\/08\\\/images-1-5.jpeg\",\"datePublished\":\"2024-08-26T21:30:54+00:00\",\"dateModified\":\"2024-08-26T21:30:56+00:00\",\"breadcrumb\":{\"@id\":\"https:\\\/\\\/maranhaotv.com.br\\\/index.php\\\/2024\\\/08\\\/26\\\/brasil-em-chamas-infoamazonia-registra-destruicao-em-semana-de-fogo-intenso-em-rondonia-amazonas-e-mato-grosso\\\/#breadcrumb\"},\"inLanguage\":\"pt-BR\",\"potentialAction\":[{\"@type\":\"ReadAction\",\"target\":[\"https:\\\/\\\/maranhaotv.com.br\\\/index.php\\\/2024\\\/08\\\/26\\\/brasil-em-chamas-infoamazonia-registra-destruicao-em-semana-de-fogo-intenso-em-rondonia-amazonas-e-mato-grosso\\\/\"]}]},{\"@type\":\"ImageObject\",\"inLanguage\":\"pt-BR\",\"@id\":\"https:\\\/\\\/maranhaotv.com.br\\\/index.php\\\/2024\\\/08\\\/26\\\/brasil-em-chamas-infoamazonia-registra-destruicao-em-semana-de-fogo-intenso-em-rondonia-amazonas-e-mato-grosso\\\/#primaryimage\",\"url\":\"https:\\\/\\\/maranhaotv.com.br\\\/wp-content\\\/uploads\\\/2024\\\/08\\\/images-1-5.jpeg\",\"contentUrl\":\"https:\\\/\\\/maranhaotv.com.br\\\/wp-content\\\/uploads\\\/2024\\\/08\\\/images-1-5.jpeg\",\"width\":739,\"height\":415},{\"@type\":\"BreadcrumbList\",\"@id\":\"https:\\\/\\\/maranhaotv.com.br\\\/index.php\\\/2024\\\/08\\\/26\\\/brasil-em-chamas-infoamazonia-registra-destruicao-em-semana-de-fogo-intenso-em-rondonia-amazonas-e-mato-grosso\\\/#breadcrumb\",\"itemListElement\":[{\"@type\":\"ListItem\",\"position\":1,\"name\":\"In\u00edcio\",\"item\":\"https:\\\/\\\/maranhaotv.com.br\\\/\"},{\"@type\":\"ListItem\",\"position\":2,\"name\":\"BRASIL EM CHAMAS \u2013 InfoAmazonia registra destrui\u00e7\u00e3o em semana de fogo intenso em Rond\u00f4nia, Amazonas e Mato Grosso\"}]},{\"@type\":\"WebSite\",\"@id\":\"https:\\\/\\\/maranhaotv.com.br\\\/#website\",\"url\":\"https:\\\/\\\/maranhaotv.com.br\\\/\",\"name\":\"Maranh\u00e3oTV\",\"description\":\"\",\"publisher\":{\"@id\":\"https:\\\/\\\/maranhaotv.com.br\\\/#organization\"},\"potentialAction\":[{\"@type\":\"SearchAction\",\"target\":{\"@type\":\"EntryPoint\",\"urlTemplate\":\"https:\\\/\\\/maranhaotv.com.br\\\/?s={search_term_string}\"},\"query-input\":{\"@type\":\"PropertyValueSpecification\",\"valueRequired\":true,\"valueName\":\"search_term_string\"}}],\"inLanguage\":\"pt-BR\"},{\"@type\":\"Organization\",\"@id\":\"https:\\\/\\\/maranhaotv.com.br\\\/#organization\",\"name\":\"Portal de Not\u00edcias\",\"url\":\"https:\\\/\\\/maranhaotv.com.br\\\/\",\"logo\":{\"@type\":\"ImageObject\",\"inLanguage\":\"pt-BR\",\"@id\":\"https:\\\/\\\/maranhaotv.com.br\\\/#\\\/schema\\\/logo\\\/image\\\/\",\"url\":\"https:\\\/\\\/maranhaotv.com.br\\\/wp-content\\\/uploads\\\/2024\\\/05\\\/cropped-cropped-avatar-1.png\",\"contentUrl\":\"https:\\\/\\\/maranhaotv.com.br\\\/wp-content\\\/uploads\\\/2024\\\/05\\\/cropped-cropped-avatar-1.png\",\"width\":792,\"height\":428,\"caption\":\"Portal de Not\u00edcias\"},\"image\":{\"@id\":\"https:\\\/\\\/maranhaotv.com.br\\\/#\\\/schema\\\/logo\\\/image\\\/\"},\"sameAs\":[\"https:\\\/\\\/www.facebook.com\\\/maiobaotv\",\"https:\\\/\\\/x.com\\\/sitemaranhaotv\",\"https:\\\/\\\/www.instagram.com\\\/maranhao.tv\",\"https:\\\/\\\/www.threads.net\\\/@maranhao.tv\"]},{\"@type\":\"Person\",\"@id\":\"https:\\\/\\\/maranhaotv.com.br\\\/#\\\/schema\\\/person\\\/3d54238e86b20bb5c89ab2fdb8f8829a\",\"name\":\"maranhaotv\",\"image\":{\"@type\":\"ImageObject\",\"inLanguage\":\"pt-BR\",\"@id\":\"https:\\\/\\\/secure.gravatar.com\\\/avatar\\\/8fadbca458d4cb68b1dd399ae9a40618d747bb1af65ac9fad21c89220a143eb4?s=96&d=mm&r=g\",\"url\":\"https:\\\/\\\/secure.gravatar.com\\\/avatar\\\/8fadbca458d4cb68b1dd399ae9a40618d747bb1af65ac9fad21c89220a143eb4?s=96&d=mm&r=g\",\"contentUrl\":\"https:\\\/\\\/secure.gravatar.com\\\/avatar\\\/8fadbca458d4cb68b1dd399ae9a40618d747bb1af65ac9fad21c89220a143eb4?s=96&d=mm&r=g\",\"caption\":\"maranhaotv\"},\"sameAs\":[\"https:\\\/\\\/maranhaotv.com.br\\\/\"],\"url\":\"https:\\\/\\\/maranhaotv.com.br\\\/index.php\\\/author\\\/maranhaotv\\\/\"}]}<\/script>\n<!-- \/ Yoast SEO plugin. -->","yoast_head_json":{"title":"BRASIL EM CHAMAS \u2013 InfoAmazonia registra destrui\u00e7\u00e3o em semana de fogo intenso em Rond\u00f4nia, Amazonas e Mato Grosso - NOT\u00cdCIAS EM TEMPO REAL","robots":{"index":"index","follow":"follow","max-snippet":"max-snippet:-1","max-image-preview":"max-image-preview:large","max-video-preview":"max-video-preview:-1"},"canonical":"https:\/\/maranhaotv.com.br\/index.php\/2024\/08\/26\/brasil-em-chamas-infoamazonia-registra-destruicao-em-semana-de-fogo-intenso-em-rondonia-amazonas-e-mato-grosso\/","og_locale":"pt_BR","og_type":"article","og_title":"BRASIL EM CHAMAS \u2013 InfoAmazonia registra destrui\u00e7\u00e3o em semana de fogo intenso em Rond\u00f4nia, Amazonas e Mato Grosso - NOT\u00cdCIAS EM TEMPO REAL","og_description":"Em fotografias exclusivas, \u00e9 poss\u00edvel ver a fuma\u00e7a que come\u00e7a na Amaz\u00f4nia e se espalha pelo Brasil. O fogo atinge","og_url":"https:\/\/maranhaotv.com.br\/index.php\/2024\/08\/26\/brasil-em-chamas-infoamazonia-registra-destruicao-em-semana-de-fogo-intenso-em-rondonia-amazonas-e-mato-grosso\/","og_site_name":"NOT\u00cdCIAS EM TEMPO REAL","article_publisher":"https:\/\/www.facebook.com\/maiobaotv","article_published_time":"2024-08-26T21:30:54+00:00","article_modified_time":"2024-08-26T21:30:56+00:00","og_image":[{"width":739,"height":415,"url":"https:\/\/maranhaotv.com.br\/wp-content\/uploads\/2024\/08\/images-1-5.jpeg","type":"image\/jpeg"}],"author":"maranhaotv","twitter_card":"summary_large_image","twitter_creator":"@sitemaranhaotv","twitter_site":"@sitemaranhaotv","twitter_misc":{"Escrito por":"maranhaotv","Est. tempo de leitura":"3 minutos"},"schema":{"@context":"https:\/\/schema.org","@graph":[{"@type":"Article","@id":"https:\/\/maranhaotv.com.br\/index.php\/2024\/08\/26\/brasil-em-chamas-infoamazonia-registra-destruicao-em-semana-de-fogo-intenso-em-rondonia-amazonas-e-mato-grosso\/#article","isPartOf":{"@id":"https:\/\/maranhaotv.com.br\/index.php\/2024\/08\/26\/brasil-em-chamas-infoamazonia-registra-destruicao-em-semana-de-fogo-intenso-em-rondonia-amazonas-e-mato-grosso\/"},"author":{"name":"maranhaotv","@id":"https:\/\/maranhaotv.com.br\/#\/schema\/person\/3d54238e86b20bb5c89ab2fdb8f8829a"},"headline":"BRASIL EM CHAMAS \u2013 InfoAmazonia registra destrui\u00e7\u00e3o em semana de fogo intenso em Rond\u00f4nia, Amazonas e Mato Grosso","datePublished":"2024-08-26T21:30:54+00:00","dateModified":"2024-08-26T21:30:56+00:00","mainEntityOfPage":{"@id":"https:\/\/maranhaotv.com.br\/index.php\/2024\/08\/26\/brasil-em-chamas-infoamazonia-registra-destruicao-em-semana-de-fogo-intenso-em-rondonia-amazonas-e-mato-grosso\/"},"wordCount":588,"commentCount":0,"publisher":{"@id":"https:\/\/maranhaotv.com.br\/#organization"},"image":{"@id":"https:\/\/maranhaotv.com.br\/index.php\/2024\/08\/26\/brasil-em-chamas-infoamazonia-registra-destruicao-em-semana-de-fogo-intenso-em-rondonia-amazonas-e-mato-grosso\/#primaryimage"},"thumbnailUrl":"https:\/\/maranhaotv.com.br\/wp-content\/uploads\/2024\/08\/images-1-5.jpeg","articleSection":["den\u00fancia"],"inLanguage":"pt-BR","potentialAction":[{"@type":"CommentAction","name":"Comment","target":["https:\/\/maranhaotv.com.br\/index.php\/2024\/08\/26\/brasil-em-chamas-infoamazonia-registra-destruicao-em-semana-de-fogo-intenso-em-rondonia-amazonas-e-mato-grosso\/#respond"]}]},{"@type":"WebPage","@id":"https:\/\/maranhaotv.com.br\/index.php\/2024\/08\/26\/brasil-em-chamas-infoamazonia-registra-destruicao-em-semana-de-fogo-intenso-em-rondonia-amazonas-e-mato-grosso\/","url":"https:\/\/maranhaotv.com.br\/index.php\/2024\/08\/26\/brasil-em-chamas-infoamazonia-registra-destruicao-em-semana-de-fogo-intenso-em-rondonia-amazonas-e-mato-grosso\/","name":"BRASIL EM CHAMAS \u2013 InfoAmazonia registra destrui\u00e7\u00e3o em semana de fogo intenso em Rond\u00f4nia, Amazonas e Mato Grosso - NOT\u00cdCIAS EM TEMPO REAL","isPartOf":{"@id":"https:\/\/maranhaotv.com.br\/#website"},"primaryImageOfPage":{"@id":"https:\/\/maranhaotv.com.br\/index.php\/2024\/08\/26\/brasil-em-chamas-infoamazonia-registra-destruicao-em-semana-de-fogo-intenso-em-rondonia-amazonas-e-mato-grosso\/#primaryimage"},"image":{"@id":"https:\/\/maranhaotv.com.br\/index.php\/2024\/08\/26\/brasil-em-chamas-infoamazonia-registra-destruicao-em-semana-de-fogo-intenso-em-rondonia-amazonas-e-mato-grosso\/#primaryimage"},"thumbnailUrl":"https:\/\/maranhaotv.com.br\/wp-content\/uploads\/2024\/08\/images-1-5.jpeg","datePublished":"2024-08-26T21:30:54+00:00","dateModified":"2024-08-26T21:30:56+00:00","breadcrumb":{"@id":"https:\/\/maranhaotv.com.br\/index.php\/2024\/08\/26\/brasil-em-chamas-infoamazonia-registra-destruicao-em-semana-de-fogo-intenso-em-rondonia-amazonas-e-mato-grosso\/#breadcrumb"},"inLanguage":"pt-BR","potentialAction":[{"@type":"ReadAction","target":["https:\/\/maranhaotv.com.br\/index.php\/2024\/08\/26\/brasil-em-chamas-infoamazonia-registra-destruicao-em-semana-de-fogo-intenso-em-rondonia-amazonas-e-mato-grosso\/"]}]},{"@type":"ImageObject","inLanguage":"pt-BR","@id":"https:\/\/maranhaotv.com.br\/index.php\/2024\/08\/26\/brasil-em-chamas-infoamazonia-registra-destruicao-em-semana-de-fogo-intenso-em-rondonia-amazonas-e-mato-grosso\/#primaryimage","url":"https:\/\/maranhaotv.com.br\/wp-content\/uploads\/2024\/08\/images-1-5.jpeg","contentUrl":"https:\/\/maranhaotv.com.br\/wp-content\/uploads\/2024\/08\/images-1-5.jpeg","width":739,"height":415},{"@type":"BreadcrumbList","@id":"https:\/\/maranhaotv.com.br\/index.php\/2024\/08\/26\/brasil-em-chamas-infoamazonia-registra-destruicao-em-semana-de-fogo-intenso-em-rondonia-amazonas-e-mato-grosso\/#breadcrumb","itemListElement":[{"@type":"ListItem","position":1,"name":"In\u00edcio","item":"https:\/\/maranhaotv.com.br\/"},{"@type":"ListItem","position":2,"name":"BRASIL EM CHAMAS \u2013 InfoAmazonia registra destrui\u00e7\u00e3o em semana de fogo intenso em Rond\u00f4nia, Amazonas e Mato Grosso"}]},{"@type":"WebSite","@id":"https:\/\/maranhaotv.com.br\/#website","url":"https:\/\/maranhaotv.com.br\/","name":"Maranh\u00e3oTV","description":"","publisher":{"@id":"https:\/\/maranhaotv.com.br\/#organization"},"potentialAction":[{"@type":"SearchAction","target":{"@type":"EntryPoint","urlTemplate":"https:\/\/maranhaotv.com.br\/?s={search_term_string}"},"query-input":{"@type":"PropertyValueSpecification","valueRequired":true,"valueName":"search_term_string"}}],"inLanguage":"pt-BR"},{"@type":"Organization","@id":"https:\/\/maranhaotv.com.br\/#organization","name":"Portal de Not\u00edcias","url":"https:\/\/maranhaotv.com.br\/","logo":{"@type":"ImageObject","inLanguage":"pt-BR","@id":"https:\/\/maranhaotv.com.br\/#\/schema\/logo\/image\/","url":"https:\/\/maranhaotv.com.br\/wp-content\/uploads\/2024\/05\/cropped-cropped-avatar-1.png","contentUrl":"https:\/\/maranhaotv.com.br\/wp-content\/uploads\/2024\/05\/cropped-cropped-avatar-1.png","width":792,"height":428,"caption":"Portal de Not\u00edcias"},"image":{"@id":"https:\/\/maranhaotv.com.br\/#\/schema\/logo\/image\/"},"sameAs":["https:\/\/www.facebook.com\/maiobaotv","https:\/\/x.com\/sitemaranhaotv","https:\/\/www.instagram.com\/maranhao.tv","https:\/\/www.threads.net\/@maranhao.tv"]},{"@type":"Person","@id":"https:\/\/maranhaotv.com.br\/#\/schema\/person\/3d54238e86b20bb5c89ab2fdb8f8829a","name":"maranhaotv","image":{"@type":"ImageObject","inLanguage":"pt-BR","@id":"https:\/\/secure.gravatar.com\/avatar\/8fadbca458d4cb68b1dd399ae9a40618d747bb1af65ac9fad21c89220a143eb4?s=96&d=mm&r=g","url":"https:\/\/secure.gravatar.com\/avatar\/8fadbca458d4cb68b1dd399ae9a40618d747bb1af65ac9fad21c89220a143eb4?s=96&d=mm&r=g","contentUrl":"https:\/\/secure.gravatar.com\/avatar\/8fadbca458d4cb68b1dd399ae9a40618d747bb1af65ac9fad21c89220a143eb4?s=96&d=mm&r=g","caption":"maranhaotv"},"sameAs":["https:\/\/maranhaotv.com.br\/"],"url":"https:\/\/maranhaotv.com.br\/index.php\/author\/maranhaotv\/"}]}},"jetpack_featured_media_url":"https:\/\/maranhaotv.com.br\/wp-content\/uploads\/2024\/08\/images-1-5.jpeg","jetpack_sharing_enabled":true,"_links":{"self":[{"href":"https:\/\/maranhaotv.com.br\/index.php\/wp-json\/wp\/v2\/posts\/37383","targetHints":{"allow":["GET"]}}],"collection":[{"href":"https:\/\/maranhaotv.com.br\/index.php\/wp-json\/wp\/v2\/posts"}],"about":[{"href":"https:\/\/maranhaotv.com.br\/index.php\/wp-json\/wp\/v2\/types\/post"}],"author":[{"embeddable":true,"href":"https:\/\/maranhaotv.com.br\/index.php\/wp-json\/wp\/v2\/users\/2"}],"replies":[{"embeddable":true,"href":"https:\/\/maranhaotv.com.br\/index.php\/wp-json\/wp\/v2\/comments?post=37383"}],"version-history":[{"count":1,"href":"https:\/\/maranhaotv.com.br\/index.php\/wp-json\/wp\/v2\/posts\/37383\/revisions"}],"predecessor-version":[{"id":37384,"href":"https:\/\/maranhaotv.com.br\/index.php\/wp-json\/wp\/v2\/posts\/37383\/revisions\/37384"}],"wp:featuredmedia":[{"embeddable":true,"href":"https:\/\/maranhaotv.com.br\/index.php\/wp-json\/wp\/v2\/media\/37382"}],"wp:attachment":[{"href":"https:\/\/maranhaotv.com.br\/index.php\/wp-json\/wp\/v2\/media?parent=37383"}],"wp:term":[{"taxonomy":"category","embeddable":true,"href":"https:\/\/maranhaotv.com.br\/index.php\/wp-json\/wp\/v2\/categories?post=37383"},{"taxonomy":"post_tag","embeddable":true,"href":"https:\/\/maranhaotv.com.br\/index.php\/wp-json\/wp\/v2\/tags?post=37383"}],"curies":[{"name":"wp","href":"https:\/\/api.w.org\/{rel}","templated":true}]}}