{"id":37387,"date":"2024-08-27T11:51:09","date_gmt":"2024-08-27T14:51:09","guid":{"rendered":"https:\/\/maranhaotv.com.br\/?p=37387"},"modified":"2024-08-27T11:51:36","modified_gmt":"2024-08-27T14:51:36","slug":"com-apoio-de-penha-caminhada-da-saude-reune-centenas-de-pessoas-no-rio-anil","status":"publish","type":"post","link":"https:\/\/maranhaotv.com.br\/index.php\/2024\/08\/27\/com-apoio-de-penha-caminhada-da-saude-reune-centenas-de-pessoas-no-rio-anil\/","title":{"rendered":"Com apoio de Penha, Caminhada da Sa\u00fade re\u00fane centenas de pessoas no Rio Anil"},"content":{"rendered":"\n<p><br><br>A VIII Caminhada da Sa\u00fade movimentou centenas de pessoas pelas ruas do bairro Rio Anil, no s\u00e1bado (24), e mostrou para a comunidade a import\u00e2ncia da pr\u00e1tica de atividades f\u00edsicas para a sa\u00fade mental e f\u00edsica. A iniciativa contou, mais uma vez, com o apoio do vereador Raimundo Penha (PDT) e teve a participa\u00e7\u00e3o de integrantes do projeto SuperA\u00e7\u00e3o.<br><br>\u201c\u00c9 um evento essencial que mostra a necessidade do cuidado di\u00e1rio com a sa\u00fade. E fico muito feliz em apoiar esse trabalho desenvolvido pelo professor Roberto Reis em v\u00e1rios pontos de S\u00e3o Lu\u00eds, para alertar tamb\u00e9m aquelas pessoas que ainda n\u00e3o praticam atividades f\u00edsicas\u201d, declarou Raimundo Penha, que tem sido apoiador da Caminhada da Sa\u00fade desde sua primeira edi\u00e7\u00e3o em 2015. \u201cAl\u00e9m de promover a sa\u00fade f\u00edsica, essas iniciativas tamb\u00e9m fortalecem os la\u00e7os comunit\u00e1rios e proporcionam momentos valiosos de socializa\u00e7\u00e3o e bem-estar para os participantes\u201d, concluiu Penha.<br><br>Organizada pelo Instituto Funcional Rio Anil, a Caminhada da Sa\u00fade j\u00e1 se tornou uma tradi\u00e7\u00e3o em S\u00e3o Lu\u00eds. Em um grande aul\u00e3o, animado por um trio el\u00e9trico, os participantes percorreram as ruas do bairro para conscientizar a popula\u00e7\u00e3o sobre a import\u00e2ncia da pr\u00e1tica regular de atividades f\u00edsicas para a sa\u00fade. <br><br>\u201cTenho enorme gratid\u00e3o por mais um ano de sucesso que foi a Caminhada da Sa\u00fade. Agrade\u00e7o ao vereador Raimundo Penha, que faz toda diferen\u00e7a e contribui sempre para tornar esse evento verdadeiramente especial\u201d, destacou o professor Roberto Reis, organizador da caminhada.<br><br>Foi tamb\u00e9m um momento de integra\u00e7\u00e3o entre os participantes do Projeto Supera\u00e7\u00e3o dos polos Liberdade, S\u00e3o Bernardo, Rio Anil, Bequim\u00e3o, Forquilha, Cruzeiro do Anil Parque dos Sabi\u00e1s e Alemanha. Com atividades esportivas e de lazer gratuitas, como treinamento funcional, aulas de zumba e dan\u00e7a, o projeto tem desempenhado um papel crucial na melhoria da qualidade de vida dos ludovicenses, em diferentes polos de S\u00e3o Lu\u00eds.<\/p>\n\n\n\n<figure class=\"wp-block-image size-large\"><img loading=\"lazy\" decoding=\"async\" width=\"1024\" height=\"684\" src=\"https:\/\/maranhaotv.com.br\/wp-content\/uploads\/2024\/08\/img-20240827-wa06557294078495668208767-1024x684.jpg\" alt=\"\" class=\"wp-image-37385\" srcset=\"https:\/\/maranhaotv.com.br\/wp-content\/uploads\/2024\/08\/img-20240827-wa06557294078495668208767-1024x684.jpg 1024w, https:\/\/maranhaotv.com.br\/wp-content\/uploads\/2024\/08\/img-20240827-wa06557294078495668208767-300x200.jpg 300w, https:\/\/maranhaotv.com.br\/wp-content\/uploads\/2024\/08\/img-20240827-wa06557294078495668208767-768x513.jpg 768w, https:\/\/maranhaotv.com.br\/wp-content\/uploads\/2024\/08\/img-20240827-wa06557294078495668208767-1536x1025.jpg 1536w, https:\/\/maranhaotv.com.br\/wp-content\/uploads\/2024\/08\/img-20240827-wa06557294078495668208767.jpg 1600w\" sizes=\"auto, (max-width: 1024px) 100vw, 1024px\" \/><\/figure>\n","protected":false},"excerpt":{"rendered":"<p>A VIII Caminhada da Sa\u00fade movimentou centenas de pessoas pelas ruas do bairro Rio Anil, no s\u00e1bado (24), e mostrou<\/p>\n","protected":false},"author":2,"featured_media":37386,"comment_status":"open","ping_status":"open","sticky":false,"template":"","format":"standard","meta":{"colormag_page_container_layout":"default_layout","colormag_page_sidebar_layout":"default_layout","_jetpack_memberships_contains_paid_content":false,"footnotes":""},"categories":[2],"tags":[],"class_list":["post-37387","post","type-post","status-publish","format-standard","has-post-thumbnail","hentry","category-noticias"],"magazineBlocksPostFeaturedMedia":{"thumbnail":"https:\/\/maranhaotv.com.br\/wp-content\/uploads\/2024\/08\/IMG-20240827-WA0656-150x150.jpg","medium":"https:\/\/maranhaotv.com.br\/wp-content\/uploads\/2024\/08\/IMG-20240827-WA0656-300x200.jpg","medium_large":"https:\/\/maranhaotv.com.br\/wp-content\/uploads\/2024\/08\/IMG-20240827-WA0656-768x513.jpg","large":"https:\/\/maranhaotv.com.br\/wp-content\/uploads\/2024\/08\/IMG-20240827-WA0656-1024x684.jpg","1536x1536":"https:\/\/maranhaotv.com.br\/wp-content\/uploads\/2024\/08\/IMG-20240827-WA0656-1536x1025.jpg","2048x2048":"https:\/\/maranhaotv.com.br\/wp-content\/uploads\/2024\/08\/IMG-20240827-WA0656.jpg","colormag-highlighted-post":"https:\/\/maranhaotv.com.br\/wp-content\/uploads\/2024\/08\/IMG-20240827-WA0656-392x272.jpg","colormag-featured-post-medium":"https:\/\/maranhaotv.com.br\/wp-content\/uploads\/2024\/08\/IMG-20240827-WA0656-390x205.jpg","colormag-featured-post-small":"https:\/\/maranhaotv.com.br\/wp-content\/uploads\/2024\/08\/IMG-20240827-WA0656-130x90.jpg","colormag-featured-image":"https:\/\/maranhaotv.com.br\/wp-content\/uploads\/2024\/08\/IMG-20240827-WA0656-800x445.jpg","colormag-default-news":"https:\/\/maranhaotv.com.br\/wp-content\/uploads\/2024\/08\/IMG-20240827-WA0656-150x150.jpg","colormag-featured-image-large":"https:\/\/maranhaotv.com.br\/wp-content\/uploads\/2024\/08\/IMG-20240827-WA0656-1400x600.jpg"},"magazineBlocksPostAuthor":{"name":"maranhaotv","avatar":"https:\/\/secure.gravatar.com\/avatar\/8fadbca458d4cb68b1dd399ae9a40618d747bb1af65ac9fad21c89220a143eb4?s=96&d=mm&r=g"},"magazineBlocksPostCommentsNumber":"0","magazineBlocksPostExcerpt":"A VIII Caminhada da Sa\u00fade movimentou centenas de pessoas pelas ruas do bairro Rio Anil, no s\u00e1bado (24), e mostrou","magazineBlocksPostCategories":["not\u00edcias"],"magazineBlocksPostViewCount":214,"magazineBlocksPostReadTime":2,"magazine_blocks_featured_image_url":{"full":["https:\/\/maranhaotv.com.br\/wp-content\/uploads\/2024\/08\/IMG-20240827-WA0656.jpg",1600,1068,false],"medium":["https:\/\/maranhaotv.com.br\/wp-content\/uploads\/2024\/08\/IMG-20240827-WA0656-300x200.jpg",300,200,true],"thumbnail":["https:\/\/maranhaotv.com.br\/wp-content\/uploads\/2024\/08\/IMG-20240827-WA0656-150x150.jpg",150,150,true]},"magazine_blocks_author":{"display_name":"maranhaotv","author_link":"https:\/\/maranhaotv.com.br\/index.php\/author\/maranhaotv\/"},"magazine_blocks_comment":0,"magazine_blocks_author_image":"https:\/\/secure.gravatar.com\/avatar\/8fadbca458d4cb68b1dd399ae9a40618d747bb1af65ac9fad21c89220a143eb4?s=96&d=mm&r=g","magazine_blocks_category":"<a href=\"#\" class=\"category-link category-link-2\">not\u00edcias<\/a>","yoast_head":"<!-- This site is optimized with the Yoast SEO plugin v27.4 - https:\/\/yoast.com\/product\/yoast-seo-wordpress\/ -->\n<title>Com apoio de Penha, Caminhada da Sa\u00fade re\u00fane centenas de pessoas no Rio Anil - NOT\u00cdCIAS EM TEMPO REAL<\/title>\n<meta name=\"robots\" content=\"index, follow, max-snippet:-1, max-image-preview:large, max-video-preview:-1\" \/>\n<link rel=\"canonical\" href=\"https:\/\/maranhaotv.com.br\/index.php\/2024\/08\/27\/com-apoio-de-penha-caminhada-da-saude-reune-centenas-de-pessoas-no-rio-anil\/\" \/>\n<meta property=\"og:locale\" content=\"pt_BR\" \/>\n<meta property=\"og:type\" content=\"article\" \/>\n<meta property=\"og:title\" content=\"Com apoio de Penha, Caminhada da Sa\u00fade re\u00fane centenas de pessoas no Rio Anil - NOT\u00cdCIAS EM TEMPO REAL\" \/>\n<meta property=\"og:description\" content=\"A VIII Caminhada da Sa\u00fade movimentou centenas de pessoas pelas ruas do bairro Rio Anil, no s\u00e1bado (24), e mostrou\" \/>\n<meta property=\"og:url\" content=\"https:\/\/maranhaotv.com.br\/index.php\/2024\/08\/27\/com-apoio-de-penha-caminhada-da-saude-reune-centenas-de-pessoas-no-rio-anil\/\" \/>\n<meta property=\"og:site_name\" content=\"NOT\u00cdCIAS EM TEMPO REAL\" \/>\n<meta property=\"article:publisher\" content=\"https:\/\/www.facebook.com\/maiobaotv\" \/>\n<meta property=\"article:published_time\" content=\"2024-08-27T14:51:09+00:00\" \/>\n<meta property=\"article:modified_time\" content=\"2024-08-27T14:51:36+00:00\" \/>\n<meta property=\"og:image\" content=\"https:\/\/maranhaotv.com.br\/wp-content\/uploads\/2024\/08\/IMG-20240827-WA0656.jpg\" \/>\n\t<meta property=\"og:image:width\" content=\"1600\" \/>\n\t<meta property=\"og:image:height\" content=\"1068\" \/>\n\t<meta property=\"og:image:type\" content=\"image\/jpeg\" \/>\n<meta name=\"author\" content=\"maranhaotv\" \/>\n<meta name=\"twitter:card\" content=\"summary_large_image\" \/>\n<meta name=\"twitter:creator\" content=\"@sitemaranhaotv\" \/>\n<meta name=\"twitter:site\" content=\"@sitemaranhaotv\" \/>\n<meta name=\"twitter:label1\" content=\"Escrito por\" \/>\n\t<meta name=\"twitter:data1\" content=\"maranhaotv\" \/>\n\t<meta name=\"twitter:label2\" content=\"Est. tempo de leitura\" \/>\n\t<meta name=\"twitter:data2\" content=\"2 minutos\" \/>\n<script type=\"application\/ld+json\" class=\"yoast-schema-graph\">{\"@context\":\"https:\\\/\\\/schema.org\",\"@graph\":[{\"@type\":\"Article\",\"@id\":\"https:\\\/\\\/maranhaotv.com.br\\\/index.php\\\/2024\\\/08\\\/27\\\/com-apoio-de-penha-caminhada-da-saude-reune-centenas-de-pessoas-no-rio-anil\\\/#article\",\"isPartOf\":{\"@id\":\"https:\\\/\\\/maranhaotv.com.br\\\/index.php\\\/2024\\\/08\\\/27\\\/com-apoio-de-penha-caminhada-da-saude-reune-centenas-de-pessoas-no-rio-anil\\\/\"},\"author\":{\"name\":\"maranhaotv\",\"@id\":\"https:\\\/\\\/maranhaotv.com.br\\\/#\\\/schema\\\/person\\\/3d54238e86b20bb5c89ab2fdb8f8829a\"},\"headline\":\"Com apoio de Penha, Caminhada da Sa\u00fade re\u00fane centenas de pessoas no Rio Anil\",\"datePublished\":\"2024-08-27T14:51:09+00:00\",\"dateModified\":\"2024-08-27T14:51:36+00:00\",\"mainEntityOfPage\":{\"@id\":\"https:\\\/\\\/maranhaotv.com.br\\\/index.php\\\/2024\\\/08\\\/27\\\/com-apoio-de-penha-caminhada-da-saude-reune-centenas-de-pessoas-no-rio-anil\\\/\"},\"wordCount\":365,\"commentCount\":0,\"publisher\":{\"@id\":\"https:\\\/\\\/maranhaotv.com.br\\\/#organization\"},\"image\":{\"@id\":\"https:\\\/\\\/maranhaotv.com.br\\\/index.php\\\/2024\\\/08\\\/27\\\/com-apoio-de-penha-caminhada-da-saude-reune-centenas-de-pessoas-no-rio-anil\\\/#primaryimage\"},\"thumbnailUrl\":\"https:\\\/\\\/maranhaotv.com.br\\\/wp-content\\\/uploads\\\/2024\\\/08\\\/IMG-20240827-WA0656.jpg\",\"articleSection\":[\"not\u00edcias\"],\"inLanguage\":\"pt-BR\",\"potentialAction\":[{\"@type\":\"CommentAction\",\"name\":\"Comment\",\"target\":[\"https:\\\/\\\/maranhaotv.com.br\\\/index.php\\\/2024\\\/08\\\/27\\\/com-apoio-de-penha-caminhada-da-saude-reune-centenas-de-pessoas-no-rio-anil\\\/#respond\"]}]},{\"@type\":\"WebPage\",\"@id\":\"https:\\\/\\\/maranhaotv.com.br\\\/index.php\\\/2024\\\/08\\\/27\\\/com-apoio-de-penha-caminhada-da-saude-reune-centenas-de-pessoas-no-rio-anil\\\/\",\"url\":\"https:\\\/\\\/maranhaotv.com.br\\\/index.php\\\/2024\\\/08\\\/27\\\/com-apoio-de-penha-caminhada-da-saude-reune-centenas-de-pessoas-no-rio-anil\\\/\",\"name\":\"Com apoio de Penha, Caminhada da Sa\u00fade re\u00fane centenas de pessoas no Rio Anil - NOT\u00cdCIAS EM TEMPO REAL\",\"isPartOf\":{\"@id\":\"https:\\\/\\\/maranhaotv.com.br\\\/#website\"},\"primaryImageOfPage\":{\"@id\":\"https:\\\/\\\/maranhaotv.com.br\\\/index.php\\\/2024\\\/08\\\/27\\\/com-apoio-de-penha-caminhada-da-saude-reune-centenas-de-pessoas-no-rio-anil\\\/#primaryimage\"},\"image\":{\"@id\":\"https:\\\/\\\/maranhaotv.com.br\\\/index.php\\\/2024\\\/08\\\/27\\\/com-apoio-de-penha-caminhada-da-saude-reune-centenas-de-pessoas-no-rio-anil\\\/#primaryimage\"},\"thumbnailUrl\":\"https:\\\/\\\/maranhaotv.com.br\\\/wp-content\\\/uploads\\\/2024\\\/08\\\/IMG-20240827-WA0656.jpg\",\"datePublished\":\"2024-08-27T14:51:09+00:00\",\"dateModified\":\"2024-08-27T14:51:36+00:00\",\"breadcrumb\":{\"@id\":\"https:\\\/\\\/maranhaotv.com.br\\\/index.php\\\/2024\\\/08\\\/27\\\/com-apoio-de-penha-caminhada-da-saude-reune-centenas-de-pessoas-no-rio-anil\\\/#breadcrumb\"},\"inLanguage\":\"pt-BR\",\"potentialAction\":[{\"@type\":\"ReadAction\",\"target\":[\"https:\\\/\\\/maranhaotv.com.br\\\/index.php\\\/2024\\\/08\\\/27\\\/com-apoio-de-penha-caminhada-da-saude-reune-centenas-de-pessoas-no-rio-anil\\\/\"]}]},{\"@type\":\"ImageObject\",\"inLanguage\":\"pt-BR\",\"@id\":\"https:\\\/\\\/maranhaotv.com.br\\\/index.php\\\/2024\\\/08\\\/27\\\/com-apoio-de-penha-caminhada-da-saude-reune-centenas-de-pessoas-no-rio-anil\\\/#primaryimage\",\"url\":\"https:\\\/\\\/maranhaotv.com.br\\\/wp-content\\\/uploads\\\/2024\\\/08\\\/IMG-20240827-WA0656.jpg\",\"contentUrl\":\"https:\\\/\\\/maranhaotv.com.br\\\/wp-content\\\/uploads\\\/2024\\\/08\\\/IMG-20240827-WA0656.jpg\",\"width\":1600,\"height\":1068},{\"@type\":\"BreadcrumbList\",\"@id\":\"https:\\\/\\\/maranhaotv.com.br\\\/index.php\\\/2024\\\/08\\\/27\\\/com-apoio-de-penha-caminhada-da-saude-reune-centenas-de-pessoas-no-rio-anil\\\/#breadcrumb\",\"itemListElement\":[{\"@type\":\"ListItem\",\"position\":1,\"name\":\"In\u00edcio\",\"item\":\"https:\\\/\\\/maranhaotv.com.br\\\/\"},{\"@type\":\"ListItem\",\"position\":2,\"name\":\"Com apoio de Penha, Caminhada da Sa\u00fade re\u00fane centenas de pessoas no Rio Anil\"}]},{\"@type\":\"WebSite\",\"@id\":\"https:\\\/\\\/maranhaotv.com.br\\\/#website\",\"url\":\"https:\\\/\\\/maranhaotv.com.br\\\/\",\"name\":\"Maranh\u00e3oTV\",\"description\":\"\",\"publisher\":{\"@id\":\"https:\\\/\\\/maranhaotv.com.br\\\/#organization\"},\"potentialAction\":[{\"@type\":\"SearchAction\",\"target\":{\"@type\":\"EntryPoint\",\"urlTemplate\":\"https:\\\/\\\/maranhaotv.com.br\\\/?s={search_term_string}\"},\"query-input\":{\"@type\":\"PropertyValueSpecification\",\"valueRequired\":true,\"valueName\":\"search_term_string\"}}],\"inLanguage\":\"pt-BR\"},{\"@type\":\"Organization\",\"@id\":\"https:\\\/\\\/maranhaotv.com.br\\\/#organization\",\"name\":\"Portal de Not\u00edcias\",\"url\":\"https:\\\/\\\/maranhaotv.com.br\\\/\",\"logo\":{\"@type\":\"ImageObject\",\"inLanguage\":\"pt-BR\",\"@id\":\"https:\\\/\\\/maranhaotv.com.br\\\/#\\\/schema\\\/logo\\\/image\\\/\",\"url\":\"https:\\\/\\\/maranhaotv.com.br\\\/wp-content\\\/uploads\\\/2024\\\/05\\\/cropped-cropped-avatar-1.png\",\"contentUrl\":\"https:\\\/\\\/maranhaotv.com.br\\\/wp-content\\\/uploads\\\/2024\\\/05\\\/cropped-cropped-avatar-1.png\",\"width\":792,\"height\":428,\"caption\":\"Portal de Not\u00edcias\"},\"image\":{\"@id\":\"https:\\\/\\\/maranhaotv.com.br\\\/#\\\/schema\\\/logo\\\/image\\\/\"},\"sameAs\":[\"https:\\\/\\\/www.facebook.com\\\/maiobaotv\",\"https:\\\/\\\/x.com\\\/sitemaranhaotv\",\"https:\\\/\\\/www.instagram.com\\\/maranhao.tv\",\"https:\\\/\\\/www.threads.net\\\/@maranhao.tv\"]},{\"@type\":\"Person\",\"@id\":\"https:\\\/\\\/maranhaotv.com.br\\\/#\\\/schema\\\/person\\\/3d54238e86b20bb5c89ab2fdb8f8829a\",\"name\":\"maranhaotv\",\"image\":{\"@type\":\"ImageObject\",\"inLanguage\":\"pt-BR\",\"@id\":\"https:\\\/\\\/secure.gravatar.com\\\/avatar\\\/8fadbca458d4cb68b1dd399ae9a40618d747bb1af65ac9fad21c89220a143eb4?s=96&d=mm&r=g\",\"url\":\"https:\\\/\\\/secure.gravatar.com\\\/avatar\\\/8fadbca458d4cb68b1dd399ae9a40618d747bb1af65ac9fad21c89220a143eb4?s=96&d=mm&r=g\",\"contentUrl\":\"https:\\\/\\\/secure.gravatar.com\\\/avatar\\\/8fadbca458d4cb68b1dd399ae9a40618d747bb1af65ac9fad21c89220a143eb4?s=96&d=mm&r=g\",\"caption\":\"maranhaotv\"},\"sameAs\":[\"https:\\\/\\\/maranhaotv.com.br\\\/\"],\"url\":\"https:\\\/\\\/maranhaotv.com.br\\\/index.php\\\/author\\\/maranhaotv\\\/\"}]}<\/script>\n<!-- \/ Yoast SEO plugin. -->","yoast_head_json":{"title":"Com apoio de Penha, Caminhada da Sa\u00fade re\u00fane centenas de pessoas no Rio Anil - NOT\u00cdCIAS EM TEMPO REAL","robots":{"index":"index","follow":"follow","max-snippet":"max-snippet:-1","max-image-preview":"max-image-preview:large","max-video-preview":"max-video-preview:-1"},"canonical":"https:\/\/maranhaotv.com.br\/index.php\/2024\/08\/27\/com-apoio-de-penha-caminhada-da-saude-reune-centenas-de-pessoas-no-rio-anil\/","og_locale":"pt_BR","og_type":"article","og_title":"Com apoio de Penha, Caminhada da Sa\u00fade re\u00fane centenas de pessoas no Rio Anil - NOT\u00cdCIAS EM TEMPO REAL","og_description":"A VIII Caminhada da Sa\u00fade movimentou centenas de pessoas pelas ruas do bairro Rio Anil, no s\u00e1bado (24), e mostrou","og_url":"https:\/\/maranhaotv.com.br\/index.php\/2024\/08\/27\/com-apoio-de-penha-caminhada-da-saude-reune-centenas-de-pessoas-no-rio-anil\/","og_site_name":"NOT\u00cdCIAS EM TEMPO REAL","article_publisher":"https:\/\/www.facebook.com\/maiobaotv","article_published_time":"2024-08-27T14:51:09+00:00","article_modified_time":"2024-08-27T14:51:36+00:00","og_image":[{"width":1600,"height":1068,"url":"https:\/\/maranhaotv.com.br\/wp-content\/uploads\/2024\/08\/IMG-20240827-WA0656.jpg","type":"image\/jpeg"}],"author":"maranhaotv","twitter_card":"summary_large_image","twitter_creator":"@sitemaranhaotv","twitter_site":"@sitemaranhaotv","twitter_misc":{"Escrito por":"maranhaotv","Est. tempo de leitura":"2 minutos"},"schema":{"@context":"https:\/\/schema.org","@graph":[{"@type":"Article","@id":"https:\/\/maranhaotv.com.br\/index.php\/2024\/08\/27\/com-apoio-de-penha-caminhada-da-saude-reune-centenas-de-pessoas-no-rio-anil\/#article","isPartOf":{"@id":"https:\/\/maranhaotv.com.br\/index.php\/2024\/08\/27\/com-apoio-de-penha-caminhada-da-saude-reune-centenas-de-pessoas-no-rio-anil\/"},"author":{"name":"maranhaotv","@id":"https:\/\/maranhaotv.com.br\/#\/schema\/person\/3d54238e86b20bb5c89ab2fdb8f8829a"},"headline":"Com apoio de Penha, Caminhada da Sa\u00fade re\u00fane centenas de pessoas no Rio Anil","datePublished":"2024-08-27T14:51:09+00:00","dateModified":"2024-08-27T14:51:36+00:00","mainEntityOfPage":{"@id":"https:\/\/maranhaotv.com.br\/index.php\/2024\/08\/27\/com-apoio-de-penha-caminhada-da-saude-reune-centenas-de-pessoas-no-rio-anil\/"},"wordCount":365,"commentCount":0,"publisher":{"@id":"https:\/\/maranhaotv.com.br\/#organization"},"image":{"@id":"https:\/\/maranhaotv.com.br\/index.php\/2024\/08\/27\/com-apoio-de-penha-caminhada-da-saude-reune-centenas-de-pessoas-no-rio-anil\/#primaryimage"},"thumbnailUrl":"https:\/\/maranhaotv.com.br\/wp-content\/uploads\/2024\/08\/IMG-20240827-WA0656.jpg","articleSection":["not\u00edcias"],"inLanguage":"pt-BR","potentialAction":[{"@type":"CommentAction","name":"Comment","target":["https:\/\/maranhaotv.com.br\/index.php\/2024\/08\/27\/com-apoio-de-penha-caminhada-da-saude-reune-centenas-de-pessoas-no-rio-anil\/#respond"]}]},{"@type":"WebPage","@id":"https:\/\/maranhaotv.com.br\/index.php\/2024\/08\/27\/com-apoio-de-penha-caminhada-da-saude-reune-centenas-de-pessoas-no-rio-anil\/","url":"https:\/\/maranhaotv.com.br\/index.php\/2024\/08\/27\/com-apoio-de-penha-caminhada-da-saude-reune-centenas-de-pessoas-no-rio-anil\/","name":"Com apoio de Penha, Caminhada da Sa\u00fade re\u00fane centenas de pessoas no Rio Anil - NOT\u00cdCIAS EM TEMPO REAL","isPartOf":{"@id":"https:\/\/maranhaotv.com.br\/#website"},"primaryImageOfPage":{"@id":"https:\/\/maranhaotv.com.br\/index.php\/2024\/08\/27\/com-apoio-de-penha-caminhada-da-saude-reune-centenas-de-pessoas-no-rio-anil\/#primaryimage"},"image":{"@id":"https:\/\/maranhaotv.com.br\/index.php\/2024\/08\/27\/com-apoio-de-penha-caminhada-da-saude-reune-centenas-de-pessoas-no-rio-anil\/#primaryimage"},"thumbnailUrl":"https:\/\/maranhaotv.com.br\/wp-content\/uploads\/2024\/08\/IMG-20240827-WA0656.jpg","datePublished":"2024-08-27T14:51:09+00:00","dateModified":"2024-08-27T14:51:36+00:00","breadcrumb":{"@id":"https:\/\/maranhaotv.com.br\/index.php\/2024\/08\/27\/com-apoio-de-penha-caminhada-da-saude-reune-centenas-de-pessoas-no-rio-anil\/#breadcrumb"},"inLanguage":"pt-BR","potentialAction":[{"@type":"ReadAction","target":["https:\/\/maranhaotv.com.br\/index.php\/2024\/08\/27\/com-apoio-de-penha-caminhada-da-saude-reune-centenas-de-pessoas-no-rio-anil\/"]}]},{"@type":"ImageObject","inLanguage":"pt-BR","@id":"https:\/\/maranhaotv.com.br\/index.php\/2024\/08\/27\/com-apoio-de-penha-caminhada-da-saude-reune-centenas-de-pessoas-no-rio-anil\/#primaryimage","url":"https:\/\/maranhaotv.com.br\/wp-content\/uploads\/2024\/08\/IMG-20240827-WA0656.jpg","contentUrl":"https:\/\/maranhaotv.com.br\/wp-content\/uploads\/2024\/08\/IMG-20240827-WA0656.jpg","width":1600,"height":1068},{"@type":"BreadcrumbList","@id":"https:\/\/maranhaotv.com.br\/index.php\/2024\/08\/27\/com-apoio-de-penha-caminhada-da-saude-reune-centenas-de-pessoas-no-rio-anil\/#breadcrumb","itemListElement":[{"@type":"ListItem","position":1,"name":"In\u00edcio","item":"https:\/\/maranhaotv.com.br\/"},{"@type":"ListItem","position":2,"name":"Com apoio de Penha, Caminhada da Sa\u00fade re\u00fane centenas de pessoas no Rio Anil"}]},{"@type":"WebSite","@id":"https:\/\/maranhaotv.com.br\/#website","url":"https:\/\/maranhaotv.com.br\/","name":"Maranh\u00e3oTV","description":"","publisher":{"@id":"https:\/\/maranhaotv.com.br\/#organization"},"potentialAction":[{"@type":"SearchAction","target":{"@type":"EntryPoint","urlTemplate":"https:\/\/maranhaotv.com.br\/?s={search_term_string}"},"query-input":{"@type":"PropertyValueSpecification","valueRequired":true,"valueName":"search_term_string"}}],"inLanguage":"pt-BR"},{"@type":"Organization","@id":"https:\/\/maranhaotv.com.br\/#organization","name":"Portal de Not\u00edcias","url":"https:\/\/maranhaotv.com.br\/","logo":{"@type":"ImageObject","inLanguage":"pt-BR","@id":"https:\/\/maranhaotv.com.br\/#\/schema\/logo\/image\/","url":"https:\/\/maranhaotv.com.br\/wp-content\/uploads\/2024\/05\/cropped-cropped-avatar-1.png","contentUrl":"https:\/\/maranhaotv.com.br\/wp-content\/uploads\/2024\/05\/cropped-cropped-avatar-1.png","width":792,"height":428,"caption":"Portal de Not\u00edcias"},"image":{"@id":"https:\/\/maranhaotv.com.br\/#\/schema\/logo\/image\/"},"sameAs":["https:\/\/www.facebook.com\/maiobaotv","https:\/\/x.com\/sitemaranhaotv","https:\/\/www.instagram.com\/maranhao.tv","https:\/\/www.threads.net\/@maranhao.tv"]},{"@type":"Person","@id":"https:\/\/maranhaotv.com.br\/#\/schema\/person\/3d54238e86b20bb5c89ab2fdb8f8829a","name":"maranhaotv","image":{"@type":"ImageObject","inLanguage":"pt-BR","@id":"https:\/\/secure.gravatar.com\/avatar\/8fadbca458d4cb68b1dd399ae9a40618d747bb1af65ac9fad21c89220a143eb4?s=96&d=mm&r=g","url":"https:\/\/secure.gravatar.com\/avatar\/8fadbca458d4cb68b1dd399ae9a40618d747bb1af65ac9fad21c89220a143eb4?s=96&d=mm&r=g","contentUrl":"https:\/\/secure.gravatar.com\/avatar\/8fadbca458d4cb68b1dd399ae9a40618d747bb1af65ac9fad21c89220a143eb4?s=96&d=mm&r=g","caption":"maranhaotv"},"sameAs":["https:\/\/maranhaotv.com.br\/"],"url":"https:\/\/maranhaotv.com.br\/index.php\/author\/maranhaotv\/"}]}},"jetpack_featured_media_url":"https:\/\/maranhaotv.com.br\/wp-content\/uploads\/2024\/08\/IMG-20240827-WA0656.jpg","jetpack_sharing_enabled":true,"_links":{"self":[{"href":"https:\/\/maranhaotv.com.br\/index.php\/wp-json\/wp\/v2\/posts\/37387","targetHints":{"allow":["GET"]}}],"collection":[{"href":"https:\/\/maranhaotv.com.br\/index.php\/wp-json\/wp\/v2\/posts"}],"about":[{"href":"https:\/\/maranhaotv.com.br\/index.php\/wp-json\/wp\/v2\/types\/post"}],"author":[{"embeddable":true,"href":"https:\/\/maranhaotv.com.br\/index.php\/wp-json\/wp\/v2\/users\/2"}],"replies":[{"embeddable":true,"href":"https:\/\/maranhaotv.com.br\/index.php\/wp-json\/wp\/v2\/comments?post=37387"}],"version-history":[{"count":1,"href":"https:\/\/maranhaotv.com.br\/index.php\/wp-json\/wp\/v2\/posts\/37387\/revisions"}],"predecessor-version":[{"id":37388,"href":"https:\/\/maranhaotv.com.br\/index.php\/wp-json\/wp\/v2\/posts\/37387\/revisions\/37388"}],"wp:featuredmedia":[{"embeddable":true,"href":"https:\/\/maranhaotv.com.br\/index.php\/wp-json\/wp\/v2\/media\/37386"}],"wp:attachment":[{"href":"https:\/\/maranhaotv.com.br\/index.php\/wp-json\/wp\/v2\/media?parent=37387"}],"wp:term":[{"taxonomy":"category","embeddable":true,"href":"https:\/\/maranhaotv.com.br\/index.php\/wp-json\/wp\/v2\/categories?post=37387"},{"taxonomy":"post_tag","embeddable":true,"href":"https:\/\/maranhaotv.com.br\/index.php\/wp-json\/wp\/v2\/tags?post=37387"}],"curies":[{"name":"wp","href":"https:\/\/api.w.org\/{rel}","templated":true}]}}