{"id":37390,"date":"2024-08-27T17:35:11","date_gmt":"2024-08-27T20:35:11","guid":{"rendered":"https:\/\/maranhaotv.com.br\/?p=37390"},"modified":"2024-08-27T17:35:44","modified_gmt":"2024-08-27T20:35:44","slug":"deputado-carlos-lula-destaca-legado-educacional-de-felipe-camarao-para-o-estado","status":"publish","type":"post","link":"https:\/\/maranhaotv.com.br\/index.php\/2024\/08\/27\/deputado-carlos-lula-destaca-legado-educacional-de-felipe-camarao-para-o-estado\/","title":{"rendered":"Deputado Carlos Lula destaca legado educacional de Felipe Camar\u00e3o para o estado"},"content":{"rendered":"\n<p><br>Durante sess\u00e3o na Assembleia Legislativa, desta ter\u00e7a-feira (27), o deputado estadual Carlos Lula (PSB) destacou o legado deixado pelo vice-governador Felipe Camar\u00e3o (PT), que deixou recentemente o comando da Secretaria de Estado da Educa\u00e7\u00e3o (Seduc) depois de mais de oito anos. <br><br>Em seu discurso, Lula relembrou os desafios enfrentados pela educa\u00e7\u00e3o no estado, comparando o cen\u00e1rio atual com o in\u00edcio dos anos 2000, quando o Maranh\u00e3o possu\u00eda um n\u00famero reduzido de escolas de ensino m\u00e9dio.<br><br>&#8220;Transformar a educa\u00e7\u00e3o em uma pol\u00edtica de Estado, e n\u00e3o apenas de governo, foi um movimento revolucion\u00e1rio no Maranh\u00e3o. Essa mudan\u00e7a come\u00e7ou nos anos 2000, durante a gest\u00e3o do ent\u00e3o governador Z\u00e9 Reinaldo Tavares, que deu in\u00edcio \u00e0 implanta\u00e7\u00e3o do ensino m\u00e9dio em todos os munic\u00edpios. Naquela \u00e9poca, cerca de 70 cidades ofereciam esse n\u00edvel de ensino, for\u00e7ando muitos jovens a se afastarem de suas fam\u00edlias para continuar seus estudos&#8221;, destacou o deputado.<br><br>Lula tamb\u00e9m ressaltou o papel de Felipe Camar\u00e3o na condu\u00e7\u00e3o de importantes iniciativas educacionais, mencionando seu compromisso com a melhoria cont\u00ednua da educa\u00e7\u00e3o e sua atua\u00e7\u00e3o direta no planejamento e execu\u00e7\u00e3o das a\u00e7\u00f5es da Secretaria.<br><br>&#8220;Um exemplo not\u00e1vel \u00e9 o Programa Escola Digna, lan\u00e7ado em 2015 pelo ex-governador Fl\u00e1vio Dino, com o objetivo de substituir as prec\u00e1rias escolas de taipa por edifica\u00e7\u00f5es de alvenaria. A partir de 2016, o programa foi ampliado, tornando-se a principal pol\u00edtica educacional do estado, abrangendo desde a infraestrutura escolar at\u00e9 a gest\u00e3o educacional, o regime de colabora\u00e7\u00e3o entre munic\u00edpios e a implanta\u00e7\u00e3o do ensino em tempo integral&#8221;, enfatizou o parlamentar.<br><br>De acordo com Carlos Lula, durante a gest\u00e3o de Camar\u00e3o na Secretaria de Educa\u00e7\u00e3o, foram conclu\u00eddas cerca de 1.500 obras educacionais, incluindo a constru\u00e7\u00e3o de 350 novos pr\u00e9dios escolares, substituindo estruturas inadequadas. O programa tamb\u00e9m promoveu a reforma de Far\u00f3is do Saber, a constru\u00e7\u00e3o de quadras poliesportivas, bibliotecas e outras melhorias. &#8220;Entre 2023 e 2024, j\u00e1 foram realizadas mais de 140 interven\u00e7\u00f5es, incluindo revitaliza\u00e7\u00f5es, reformas e novas constru\u00e7\u00f5es&#8221;, detalhou Lula.<br><br>Um dos maiores marcos da gest\u00e3o de Felipe Camar\u00e3o, segundo Lula, foi a melhoria significativa no \u00cdndice de Desenvolvimento da Educa\u00e7\u00e3o B\u00e1sica (IDEB), que passou de 2,8 em 2013 para 3,7 em 2023. Al\u00e9m disso, a expans\u00e3o do ensino em tempo integral nas escolas p\u00fablicas estaduais foi outro ponto de destaque.<br><br>&#8220;Considero a implementa\u00e7\u00e3o do ensino em tempo integral uma das conquistas mais relevantes dessa gest\u00e3o. Antes, a rede p\u00fablica estadual n\u00e3o contava com nenhuma escola nesse formato. Hoje, s\u00e3o 185 escolas oferecendo ensino integral, incluindo 137 Centros Educa Mais, 44 IEMAs, dois IEMAs Bil\u00edngues e duas creches com funcionamento em tempo integral, beneficiando mais de 46 mil estudantes&#8221;, afirmou o deputado.<br><br>Lula ainda destacou outros programas significativos implantados sob a gest\u00e3o de Camar\u00e3o, como o Sistema Estadual de Avalia\u00e7\u00e3o do Maranh\u00e3o (SEAMA), o Pacto de Aprendizagem, o Programa Maranh\u00e3o Alfabetizado, a Forma\u00e7\u00e3o Continuada para Professores, o &#8220;Terceir\u00e3o N\u00e3o Tira F\u00e9rias&#8221;, a Plataforma Gon\u00e7alves Dias e a reativa\u00e7\u00e3o do Conselho de Educa\u00e7\u00e3o Escolar Ind\u00edgena no Maranh\u00e3o.<\/p>\n","protected":false},"excerpt":{"rendered":"<p>Durante sess\u00e3o na Assembleia Legislativa, desta ter\u00e7a-feira (27), o deputado estadual Carlos Lula (PSB) destacou o legado deixado pelo vice-governador<\/p>\n","protected":false},"author":2,"featured_media":37389,"comment_status":"open","ping_status":"open","sticky":false,"template":"","format":"standard","meta":{"colormag_page_container_layout":"default_layout","colormag_page_sidebar_layout":"default_layout","_jetpack_memberships_contains_paid_content":false,"footnotes":""},"categories":[2],"tags":[],"class_list":["post-37390","post","type-post","status-publish","format-standard","has-post-thumbnail","hentry","category-noticias"],"magazineBlocksPostFeaturedMedia":{"thumbnail":"https:\/\/maranhaotv.com.br\/wp-content\/uploads\/2024\/08\/IMG-20240827-WA1131-150x150.jpg","medium":"https:\/\/maranhaotv.com.br\/wp-content\/uploads\/2024\/08\/IMG-20240827-WA1131-300x200.jpg","medium_large":"https:\/\/maranhaotv.com.br\/wp-content\/uploads\/2024\/08\/IMG-20240827-WA1131-768x512.jpg","large":"https:\/\/maranhaotv.com.br\/wp-content\/uploads\/2024\/08\/IMG-20240827-WA1131-1024x683.jpg","1536x1536":"https:\/\/maranhaotv.com.br\/wp-content\/uploads\/2024\/08\/IMG-20240827-WA1131-1536x1024.jpg","2048x2048":"https:\/\/maranhaotv.com.br\/wp-content\/uploads\/2024\/08\/IMG-20240827-WA1131-2048x1366.jpg","colormag-highlighted-post":"https:\/\/maranhaotv.com.br\/wp-content\/uploads\/2024\/08\/IMG-20240827-WA1131-392x272.jpg","colormag-featured-post-medium":"https:\/\/maranhaotv.com.br\/wp-content\/uploads\/2024\/08\/IMG-20240827-WA1131-390x205.jpg","colormag-featured-post-small":"https:\/\/maranhaotv.com.br\/wp-content\/uploads\/2024\/08\/IMG-20240827-WA1131-130x90.jpg","colormag-featured-image":"https:\/\/maranhaotv.com.br\/wp-content\/uploads\/2024\/08\/IMG-20240827-WA1131-800x445.jpg","colormag-default-news":"https:\/\/maranhaotv.com.br\/wp-content\/uploads\/2024\/08\/IMG-20240827-WA1131-150x150.jpg","colormag-featured-image-large":"https:\/\/maranhaotv.com.br\/wp-content\/uploads\/2024\/08\/IMG-20240827-WA1131-1400x600.jpg"},"magazineBlocksPostAuthor":{"name":"maranhaotv","avatar":"https:\/\/secure.gravatar.com\/avatar\/8fadbca458d4cb68b1dd399ae9a40618d747bb1af65ac9fad21c89220a143eb4?s=96&d=mm&r=g"},"magazineBlocksPostCommentsNumber":"0","magazineBlocksPostExcerpt":"Durante sess\u00e3o na Assembleia Legislativa, desta ter\u00e7a-feira (27), o deputado estadual Carlos Lula (PSB) destacou o legado deixado pelo vice-governador","magazineBlocksPostCategories":["not\u00edcias"],"magazineBlocksPostViewCount":238,"magazineBlocksPostReadTime":3,"magazine_blocks_featured_image_url":{"full":["https:\/\/maranhaotv.com.br\/wp-content\/uploads\/2024\/08\/IMG-20240827-WA1131-scaled.jpg",2560,1707,false],"medium":["https:\/\/maranhaotv.com.br\/wp-content\/uploads\/2024\/08\/IMG-20240827-WA1131-300x200.jpg",300,200,true],"thumbnail":["https:\/\/maranhaotv.com.br\/wp-content\/uploads\/2024\/08\/IMG-20240827-WA1131-150x150.jpg",150,150,true]},"magazine_blocks_author":{"display_name":"maranhaotv","author_link":"https:\/\/maranhaotv.com.br\/index.php\/author\/maranhaotv\/"},"magazine_blocks_comment":0,"magazine_blocks_author_image":"https:\/\/secure.gravatar.com\/avatar\/8fadbca458d4cb68b1dd399ae9a40618d747bb1af65ac9fad21c89220a143eb4?s=96&d=mm&r=g","magazine_blocks_category":"<a href=\"#\" class=\"category-link category-link-2\">not\u00edcias<\/a>","yoast_head":"<!-- This site is optimized with the Yoast SEO plugin v27.4 - https:\/\/yoast.com\/product\/yoast-seo-wordpress\/ -->\n<title>Deputado Carlos Lula destaca legado educacional de Felipe Camar\u00e3o para o estado - NOT\u00cdCIAS EM TEMPO REAL<\/title>\n<meta name=\"robots\" content=\"index, follow, max-snippet:-1, max-image-preview:large, max-video-preview:-1\" \/>\n<link rel=\"canonical\" href=\"https:\/\/maranhaotv.com.br\/index.php\/2024\/08\/27\/deputado-carlos-lula-destaca-legado-educacional-de-felipe-camarao-para-o-estado\/\" \/>\n<meta property=\"og:locale\" content=\"pt_BR\" \/>\n<meta property=\"og:type\" content=\"article\" \/>\n<meta property=\"og:title\" content=\"Deputado Carlos Lula destaca legado educacional de Felipe Camar\u00e3o para o estado - NOT\u00cdCIAS EM TEMPO REAL\" \/>\n<meta property=\"og:description\" content=\"Durante sess\u00e3o na Assembleia Legislativa, desta ter\u00e7a-feira (27), o deputado estadual Carlos Lula (PSB) destacou o legado deixado pelo vice-governador\" \/>\n<meta property=\"og:url\" content=\"https:\/\/maranhaotv.com.br\/index.php\/2024\/08\/27\/deputado-carlos-lula-destaca-legado-educacional-de-felipe-camarao-para-o-estado\/\" \/>\n<meta property=\"og:site_name\" content=\"NOT\u00cdCIAS EM TEMPO REAL\" \/>\n<meta property=\"article:publisher\" content=\"https:\/\/www.facebook.com\/maiobaotv\" \/>\n<meta property=\"article:published_time\" content=\"2024-08-27T20:35:11+00:00\" \/>\n<meta property=\"article:modified_time\" content=\"2024-08-27T20:35:44+00:00\" \/>\n<meta property=\"og:image\" content=\"https:\/\/maranhaotv.com.br\/wp-content\/uploads\/2024\/08\/IMG-20240827-WA1131-scaled.jpg\" \/>\n\t<meta property=\"og:image:width\" content=\"2560\" \/>\n\t<meta property=\"og:image:height\" content=\"1707\" \/>\n\t<meta property=\"og:image:type\" content=\"image\/jpeg\" \/>\n<meta name=\"author\" content=\"maranhaotv\" \/>\n<meta name=\"twitter:card\" content=\"summary_large_image\" \/>\n<meta name=\"twitter:creator\" content=\"@sitemaranhaotv\" \/>\n<meta name=\"twitter:site\" content=\"@sitemaranhaotv\" \/>\n<meta name=\"twitter:label1\" content=\"Escrito por\" \/>\n\t<meta name=\"twitter:data1\" content=\"maranhaotv\" \/>\n\t<meta name=\"twitter:label2\" content=\"Est. tempo de leitura\" \/>\n\t<meta name=\"twitter:data2\" content=\"3 minutos\" \/>\n<script type=\"application\/ld+json\" class=\"yoast-schema-graph\">{\"@context\":\"https:\\\/\\\/schema.org\",\"@graph\":[{\"@type\":\"Article\",\"@id\":\"https:\\\/\\\/maranhaotv.com.br\\\/index.php\\\/2024\\\/08\\\/27\\\/deputado-carlos-lula-destaca-legado-educacional-de-felipe-camarao-para-o-estado\\\/#article\",\"isPartOf\":{\"@id\":\"https:\\\/\\\/maranhaotv.com.br\\\/index.php\\\/2024\\\/08\\\/27\\\/deputado-carlos-lula-destaca-legado-educacional-de-felipe-camarao-para-o-estado\\\/\"},\"author\":{\"name\":\"maranhaotv\",\"@id\":\"https:\\\/\\\/maranhaotv.com.br\\\/#\\\/schema\\\/person\\\/3d54238e86b20bb5c89ab2fdb8f8829a\"},\"headline\":\"Deputado Carlos Lula destaca legado educacional de Felipe Camar\u00e3o para o estado\",\"datePublished\":\"2024-08-27T20:35:11+00:00\",\"dateModified\":\"2024-08-27T20:35:44+00:00\",\"mainEntityOfPage\":{\"@id\":\"https:\\\/\\\/maranhaotv.com.br\\\/index.php\\\/2024\\\/08\\\/27\\\/deputado-carlos-lula-destaca-legado-educacional-de-felipe-camarao-para-o-estado\\\/\"},\"wordCount\":565,\"commentCount\":0,\"publisher\":{\"@id\":\"https:\\\/\\\/maranhaotv.com.br\\\/#organization\"},\"image\":{\"@id\":\"https:\\\/\\\/maranhaotv.com.br\\\/index.php\\\/2024\\\/08\\\/27\\\/deputado-carlos-lula-destaca-legado-educacional-de-felipe-camarao-para-o-estado\\\/#primaryimage\"},\"thumbnailUrl\":\"https:\\\/\\\/maranhaotv.com.br\\\/wp-content\\\/uploads\\\/2024\\\/08\\\/IMG-20240827-WA1131-scaled.jpg\",\"articleSection\":[\"not\u00edcias\"],\"inLanguage\":\"pt-BR\",\"potentialAction\":[{\"@type\":\"CommentAction\",\"name\":\"Comment\",\"target\":[\"https:\\\/\\\/maranhaotv.com.br\\\/index.php\\\/2024\\\/08\\\/27\\\/deputado-carlos-lula-destaca-legado-educacional-de-felipe-camarao-para-o-estado\\\/#respond\"]}]},{\"@type\":\"WebPage\",\"@id\":\"https:\\\/\\\/maranhaotv.com.br\\\/index.php\\\/2024\\\/08\\\/27\\\/deputado-carlos-lula-destaca-legado-educacional-de-felipe-camarao-para-o-estado\\\/\",\"url\":\"https:\\\/\\\/maranhaotv.com.br\\\/index.php\\\/2024\\\/08\\\/27\\\/deputado-carlos-lula-destaca-legado-educacional-de-felipe-camarao-para-o-estado\\\/\",\"name\":\"Deputado Carlos Lula destaca legado educacional de Felipe Camar\u00e3o para o estado - NOT\u00cdCIAS EM TEMPO REAL\",\"isPartOf\":{\"@id\":\"https:\\\/\\\/maranhaotv.com.br\\\/#website\"},\"primaryImageOfPage\":{\"@id\":\"https:\\\/\\\/maranhaotv.com.br\\\/index.php\\\/2024\\\/08\\\/27\\\/deputado-carlos-lula-destaca-legado-educacional-de-felipe-camarao-para-o-estado\\\/#primaryimage\"},\"image\":{\"@id\":\"https:\\\/\\\/maranhaotv.com.br\\\/index.php\\\/2024\\\/08\\\/27\\\/deputado-carlos-lula-destaca-legado-educacional-de-felipe-camarao-para-o-estado\\\/#primaryimage\"},\"thumbnailUrl\":\"https:\\\/\\\/maranhaotv.com.br\\\/wp-content\\\/uploads\\\/2024\\\/08\\\/IMG-20240827-WA1131-scaled.jpg\",\"datePublished\":\"2024-08-27T20:35:11+00:00\",\"dateModified\":\"2024-08-27T20:35:44+00:00\",\"breadcrumb\":{\"@id\":\"https:\\\/\\\/maranhaotv.com.br\\\/index.php\\\/2024\\\/08\\\/27\\\/deputado-carlos-lula-destaca-legado-educacional-de-felipe-camarao-para-o-estado\\\/#breadcrumb\"},\"inLanguage\":\"pt-BR\",\"potentialAction\":[{\"@type\":\"ReadAction\",\"target\":[\"https:\\\/\\\/maranhaotv.com.br\\\/index.php\\\/2024\\\/08\\\/27\\\/deputado-carlos-lula-destaca-legado-educacional-de-felipe-camarao-para-o-estado\\\/\"]}]},{\"@type\":\"ImageObject\",\"inLanguage\":\"pt-BR\",\"@id\":\"https:\\\/\\\/maranhaotv.com.br\\\/index.php\\\/2024\\\/08\\\/27\\\/deputado-carlos-lula-destaca-legado-educacional-de-felipe-camarao-para-o-estado\\\/#primaryimage\",\"url\":\"https:\\\/\\\/maranhaotv.com.br\\\/wp-content\\\/uploads\\\/2024\\\/08\\\/IMG-20240827-WA1131-scaled.jpg\",\"contentUrl\":\"https:\\\/\\\/maranhaotv.com.br\\\/wp-content\\\/uploads\\\/2024\\\/08\\\/IMG-20240827-WA1131-scaled.jpg\",\"width\":2560,\"height\":1707},{\"@type\":\"BreadcrumbList\",\"@id\":\"https:\\\/\\\/maranhaotv.com.br\\\/index.php\\\/2024\\\/08\\\/27\\\/deputado-carlos-lula-destaca-legado-educacional-de-felipe-camarao-para-o-estado\\\/#breadcrumb\",\"itemListElement\":[{\"@type\":\"ListItem\",\"position\":1,\"name\":\"In\u00edcio\",\"item\":\"https:\\\/\\\/maranhaotv.com.br\\\/\"},{\"@type\":\"ListItem\",\"position\":2,\"name\":\"Deputado Carlos Lula destaca legado educacional de Felipe Camar\u00e3o para o estado\"}]},{\"@type\":\"WebSite\",\"@id\":\"https:\\\/\\\/maranhaotv.com.br\\\/#website\",\"url\":\"https:\\\/\\\/maranhaotv.com.br\\\/\",\"name\":\"Maranh\u00e3oTV\",\"description\":\"\",\"publisher\":{\"@id\":\"https:\\\/\\\/maranhaotv.com.br\\\/#organization\"},\"potentialAction\":[{\"@type\":\"SearchAction\",\"target\":{\"@type\":\"EntryPoint\",\"urlTemplate\":\"https:\\\/\\\/maranhaotv.com.br\\\/?s={search_term_string}\"},\"query-input\":{\"@type\":\"PropertyValueSpecification\",\"valueRequired\":true,\"valueName\":\"search_term_string\"}}],\"inLanguage\":\"pt-BR\"},{\"@type\":\"Organization\",\"@id\":\"https:\\\/\\\/maranhaotv.com.br\\\/#organization\",\"name\":\"Portal de Not\u00edcias\",\"url\":\"https:\\\/\\\/maranhaotv.com.br\\\/\",\"logo\":{\"@type\":\"ImageObject\",\"inLanguage\":\"pt-BR\",\"@id\":\"https:\\\/\\\/maranhaotv.com.br\\\/#\\\/schema\\\/logo\\\/image\\\/\",\"url\":\"https:\\\/\\\/maranhaotv.com.br\\\/wp-content\\\/uploads\\\/2024\\\/05\\\/cropped-cropped-avatar-1.png\",\"contentUrl\":\"https:\\\/\\\/maranhaotv.com.br\\\/wp-content\\\/uploads\\\/2024\\\/05\\\/cropped-cropped-avatar-1.png\",\"width\":792,\"height\":428,\"caption\":\"Portal de Not\u00edcias\"},\"image\":{\"@id\":\"https:\\\/\\\/maranhaotv.com.br\\\/#\\\/schema\\\/logo\\\/image\\\/\"},\"sameAs\":[\"https:\\\/\\\/www.facebook.com\\\/maiobaotv\",\"https:\\\/\\\/x.com\\\/sitemaranhaotv\",\"https:\\\/\\\/www.instagram.com\\\/maranhao.tv\",\"https:\\\/\\\/www.threads.net\\\/@maranhao.tv\"]},{\"@type\":\"Person\",\"@id\":\"https:\\\/\\\/maranhaotv.com.br\\\/#\\\/schema\\\/person\\\/3d54238e86b20bb5c89ab2fdb8f8829a\",\"name\":\"maranhaotv\",\"image\":{\"@type\":\"ImageObject\",\"inLanguage\":\"pt-BR\",\"@id\":\"https:\\\/\\\/secure.gravatar.com\\\/avatar\\\/8fadbca458d4cb68b1dd399ae9a40618d747bb1af65ac9fad21c89220a143eb4?s=96&d=mm&r=g\",\"url\":\"https:\\\/\\\/secure.gravatar.com\\\/avatar\\\/8fadbca458d4cb68b1dd399ae9a40618d747bb1af65ac9fad21c89220a143eb4?s=96&d=mm&r=g\",\"contentUrl\":\"https:\\\/\\\/secure.gravatar.com\\\/avatar\\\/8fadbca458d4cb68b1dd399ae9a40618d747bb1af65ac9fad21c89220a143eb4?s=96&d=mm&r=g\",\"caption\":\"maranhaotv\"},\"sameAs\":[\"https:\\\/\\\/maranhaotv.com.br\\\/\"],\"url\":\"https:\\\/\\\/maranhaotv.com.br\\\/index.php\\\/author\\\/maranhaotv\\\/\"}]}<\/script>\n<!-- \/ Yoast SEO plugin. -->","yoast_head_json":{"title":"Deputado Carlos Lula destaca legado educacional de Felipe Camar\u00e3o para o estado - NOT\u00cdCIAS EM TEMPO REAL","robots":{"index":"index","follow":"follow","max-snippet":"max-snippet:-1","max-image-preview":"max-image-preview:large","max-video-preview":"max-video-preview:-1"},"canonical":"https:\/\/maranhaotv.com.br\/index.php\/2024\/08\/27\/deputado-carlos-lula-destaca-legado-educacional-de-felipe-camarao-para-o-estado\/","og_locale":"pt_BR","og_type":"article","og_title":"Deputado Carlos Lula destaca legado educacional de Felipe Camar\u00e3o para o estado - NOT\u00cdCIAS EM TEMPO REAL","og_description":"Durante sess\u00e3o na Assembleia Legislativa, desta ter\u00e7a-feira (27), o deputado estadual Carlos Lula (PSB) destacou o legado deixado pelo vice-governador","og_url":"https:\/\/maranhaotv.com.br\/index.php\/2024\/08\/27\/deputado-carlos-lula-destaca-legado-educacional-de-felipe-camarao-para-o-estado\/","og_site_name":"NOT\u00cdCIAS EM TEMPO REAL","article_publisher":"https:\/\/www.facebook.com\/maiobaotv","article_published_time":"2024-08-27T20:35:11+00:00","article_modified_time":"2024-08-27T20:35:44+00:00","og_image":[{"width":2560,"height":1707,"url":"https:\/\/maranhaotv.com.br\/wp-content\/uploads\/2024\/08\/IMG-20240827-WA1131-scaled.jpg","type":"image\/jpeg"}],"author":"maranhaotv","twitter_card":"summary_large_image","twitter_creator":"@sitemaranhaotv","twitter_site":"@sitemaranhaotv","twitter_misc":{"Escrito por":"maranhaotv","Est. tempo de leitura":"3 minutos"},"schema":{"@context":"https:\/\/schema.org","@graph":[{"@type":"Article","@id":"https:\/\/maranhaotv.com.br\/index.php\/2024\/08\/27\/deputado-carlos-lula-destaca-legado-educacional-de-felipe-camarao-para-o-estado\/#article","isPartOf":{"@id":"https:\/\/maranhaotv.com.br\/index.php\/2024\/08\/27\/deputado-carlos-lula-destaca-legado-educacional-de-felipe-camarao-para-o-estado\/"},"author":{"name":"maranhaotv","@id":"https:\/\/maranhaotv.com.br\/#\/schema\/person\/3d54238e86b20bb5c89ab2fdb8f8829a"},"headline":"Deputado Carlos Lula destaca legado educacional de Felipe Camar\u00e3o para o estado","datePublished":"2024-08-27T20:35:11+00:00","dateModified":"2024-08-27T20:35:44+00:00","mainEntityOfPage":{"@id":"https:\/\/maranhaotv.com.br\/index.php\/2024\/08\/27\/deputado-carlos-lula-destaca-legado-educacional-de-felipe-camarao-para-o-estado\/"},"wordCount":565,"commentCount":0,"publisher":{"@id":"https:\/\/maranhaotv.com.br\/#organization"},"image":{"@id":"https:\/\/maranhaotv.com.br\/index.php\/2024\/08\/27\/deputado-carlos-lula-destaca-legado-educacional-de-felipe-camarao-para-o-estado\/#primaryimage"},"thumbnailUrl":"https:\/\/maranhaotv.com.br\/wp-content\/uploads\/2024\/08\/IMG-20240827-WA1131-scaled.jpg","articleSection":["not\u00edcias"],"inLanguage":"pt-BR","potentialAction":[{"@type":"CommentAction","name":"Comment","target":["https:\/\/maranhaotv.com.br\/index.php\/2024\/08\/27\/deputado-carlos-lula-destaca-legado-educacional-de-felipe-camarao-para-o-estado\/#respond"]}]},{"@type":"WebPage","@id":"https:\/\/maranhaotv.com.br\/index.php\/2024\/08\/27\/deputado-carlos-lula-destaca-legado-educacional-de-felipe-camarao-para-o-estado\/","url":"https:\/\/maranhaotv.com.br\/index.php\/2024\/08\/27\/deputado-carlos-lula-destaca-legado-educacional-de-felipe-camarao-para-o-estado\/","name":"Deputado Carlos Lula destaca legado educacional de Felipe Camar\u00e3o para o estado - NOT\u00cdCIAS EM TEMPO REAL","isPartOf":{"@id":"https:\/\/maranhaotv.com.br\/#website"},"primaryImageOfPage":{"@id":"https:\/\/maranhaotv.com.br\/index.php\/2024\/08\/27\/deputado-carlos-lula-destaca-legado-educacional-de-felipe-camarao-para-o-estado\/#primaryimage"},"image":{"@id":"https:\/\/maranhaotv.com.br\/index.php\/2024\/08\/27\/deputado-carlos-lula-destaca-legado-educacional-de-felipe-camarao-para-o-estado\/#primaryimage"},"thumbnailUrl":"https:\/\/maranhaotv.com.br\/wp-content\/uploads\/2024\/08\/IMG-20240827-WA1131-scaled.jpg","datePublished":"2024-08-27T20:35:11+00:00","dateModified":"2024-08-27T20:35:44+00:00","breadcrumb":{"@id":"https:\/\/maranhaotv.com.br\/index.php\/2024\/08\/27\/deputado-carlos-lula-destaca-legado-educacional-de-felipe-camarao-para-o-estado\/#breadcrumb"},"inLanguage":"pt-BR","potentialAction":[{"@type":"ReadAction","target":["https:\/\/maranhaotv.com.br\/index.php\/2024\/08\/27\/deputado-carlos-lula-destaca-legado-educacional-de-felipe-camarao-para-o-estado\/"]}]},{"@type":"ImageObject","inLanguage":"pt-BR","@id":"https:\/\/maranhaotv.com.br\/index.php\/2024\/08\/27\/deputado-carlos-lula-destaca-legado-educacional-de-felipe-camarao-para-o-estado\/#primaryimage","url":"https:\/\/maranhaotv.com.br\/wp-content\/uploads\/2024\/08\/IMG-20240827-WA1131-scaled.jpg","contentUrl":"https:\/\/maranhaotv.com.br\/wp-content\/uploads\/2024\/08\/IMG-20240827-WA1131-scaled.jpg","width":2560,"height":1707},{"@type":"BreadcrumbList","@id":"https:\/\/maranhaotv.com.br\/index.php\/2024\/08\/27\/deputado-carlos-lula-destaca-legado-educacional-de-felipe-camarao-para-o-estado\/#breadcrumb","itemListElement":[{"@type":"ListItem","position":1,"name":"In\u00edcio","item":"https:\/\/maranhaotv.com.br\/"},{"@type":"ListItem","position":2,"name":"Deputado Carlos Lula destaca legado educacional de Felipe Camar\u00e3o para o estado"}]},{"@type":"WebSite","@id":"https:\/\/maranhaotv.com.br\/#website","url":"https:\/\/maranhaotv.com.br\/","name":"Maranh\u00e3oTV","description":"","publisher":{"@id":"https:\/\/maranhaotv.com.br\/#organization"},"potentialAction":[{"@type":"SearchAction","target":{"@type":"EntryPoint","urlTemplate":"https:\/\/maranhaotv.com.br\/?s={search_term_string}"},"query-input":{"@type":"PropertyValueSpecification","valueRequired":true,"valueName":"search_term_string"}}],"inLanguage":"pt-BR"},{"@type":"Organization","@id":"https:\/\/maranhaotv.com.br\/#organization","name":"Portal de Not\u00edcias","url":"https:\/\/maranhaotv.com.br\/","logo":{"@type":"ImageObject","inLanguage":"pt-BR","@id":"https:\/\/maranhaotv.com.br\/#\/schema\/logo\/image\/","url":"https:\/\/maranhaotv.com.br\/wp-content\/uploads\/2024\/05\/cropped-cropped-avatar-1.png","contentUrl":"https:\/\/maranhaotv.com.br\/wp-content\/uploads\/2024\/05\/cropped-cropped-avatar-1.png","width":792,"height":428,"caption":"Portal de Not\u00edcias"},"image":{"@id":"https:\/\/maranhaotv.com.br\/#\/schema\/logo\/image\/"},"sameAs":["https:\/\/www.facebook.com\/maiobaotv","https:\/\/x.com\/sitemaranhaotv","https:\/\/www.instagram.com\/maranhao.tv","https:\/\/www.threads.net\/@maranhao.tv"]},{"@type":"Person","@id":"https:\/\/maranhaotv.com.br\/#\/schema\/person\/3d54238e86b20bb5c89ab2fdb8f8829a","name":"maranhaotv","image":{"@type":"ImageObject","inLanguage":"pt-BR","@id":"https:\/\/secure.gravatar.com\/avatar\/8fadbca458d4cb68b1dd399ae9a40618d747bb1af65ac9fad21c89220a143eb4?s=96&d=mm&r=g","url":"https:\/\/secure.gravatar.com\/avatar\/8fadbca458d4cb68b1dd399ae9a40618d747bb1af65ac9fad21c89220a143eb4?s=96&d=mm&r=g","contentUrl":"https:\/\/secure.gravatar.com\/avatar\/8fadbca458d4cb68b1dd399ae9a40618d747bb1af65ac9fad21c89220a143eb4?s=96&d=mm&r=g","caption":"maranhaotv"},"sameAs":["https:\/\/maranhaotv.com.br\/"],"url":"https:\/\/maranhaotv.com.br\/index.php\/author\/maranhaotv\/"}]}},"jetpack_featured_media_url":"https:\/\/maranhaotv.com.br\/wp-content\/uploads\/2024\/08\/IMG-20240827-WA1131-scaled.jpg","jetpack_sharing_enabled":true,"_links":{"self":[{"href":"https:\/\/maranhaotv.com.br\/index.php\/wp-json\/wp\/v2\/posts\/37390","targetHints":{"allow":["GET"]}}],"collection":[{"href":"https:\/\/maranhaotv.com.br\/index.php\/wp-json\/wp\/v2\/posts"}],"about":[{"href":"https:\/\/maranhaotv.com.br\/index.php\/wp-json\/wp\/v2\/types\/post"}],"author":[{"embeddable":true,"href":"https:\/\/maranhaotv.com.br\/index.php\/wp-json\/wp\/v2\/users\/2"}],"replies":[{"embeddable":true,"href":"https:\/\/maranhaotv.com.br\/index.php\/wp-json\/wp\/v2\/comments?post=37390"}],"version-history":[{"count":1,"href":"https:\/\/maranhaotv.com.br\/index.php\/wp-json\/wp\/v2\/posts\/37390\/revisions"}],"predecessor-version":[{"id":37391,"href":"https:\/\/maranhaotv.com.br\/index.php\/wp-json\/wp\/v2\/posts\/37390\/revisions\/37391"}],"wp:featuredmedia":[{"embeddable":true,"href":"https:\/\/maranhaotv.com.br\/index.php\/wp-json\/wp\/v2\/media\/37389"}],"wp:attachment":[{"href":"https:\/\/maranhaotv.com.br\/index.php\/wp-json\/wp\/v2\/media?parent=37390"}],"wp:term":[{"taxonomy":"category","embeddable":true,"href":"https:\/\/maranhaotv.com.br\/index.php\/wp-json\/wp\/v2\/categories?post=37390"},{"taxonomy":"post_tag","embeddable":true,"href":"https:\/\/maranhaotv.com.br\/index.php\/wp-json\/wp\/v2\/tags?post=37390"}],"curies":[{"name":"wp","href":"https:\/\/api.w.org\/{rel}","templated":true}]}}