{"id":37570,"date":"2024-09-06T11:16:29","date_gmt":"2024-09-06T14:16:29","guid":{"rendered":"https:\/\/maranhaotv.com.br\/?p=37570"},"modified":"2024-09-06T11:38:47","modified_gmt":"2024-09-06T14:38:47","slug":"fred-campos-e-comitiva-realizam-caminhada-nos-bairros-bob-kennedy-e-menino-gabriel","status":"publish","type":"post","link":"https:\/\/maranhaotv.com.br\/index.php\/2024\/09\/06\/fred-campos-e-comitiva-realizam-caminhada-nos-bairros-bob-kennedy-e-menino-gabriel\/","title":{"rendered":"Fred Campos e comitiva realizam caminhada nos bairros Bob Kennedy e Menino Gabriel"},"content":{"rendered":"\n<p><br><br>Em mais um dia de intensa campanha, o candidato a prefeito de Pa\u00e7o do Lumiar pelo PSB, Fred Campos, e sua comitiva realizaram uma caminhada pelos bairros Bob Kennedy e Menino Gabriel. Acompanhado por sua vice, Mariana Brand\u00e3o (MDB), sua esposa, Maedja Campos, e o prefeito Inaldo Prefeito, Fred Campos foi recebido com entusiasmo pelos moradores das comunidades, que demonstraram apoio \u00e0 sua candidatura.<br><br>Durante a caminhada, Fred Campos destacou a import\u00e2ncia do contato direto com a popula\u00e7\u00e3o e reafirmou seu compromisso em ouvir as demandas dos moradores. &#8220;\u00c9 fundamental estar presente, ouvir as pessoas e entender de perto suas necessidades. Nossa gest\u00e3o ser\u00e1 baseada em di\u00e1logo e proximidade com o povo&#8221;, afirmou o candidato, visivelmente animado com a recep\u00e7\u00e3o calorosa.<br><br>Fred Campos apresentou suas propostas de governo, que incluem melhorias na sa\u00fade, educa\u00e7\u00e3o, infraestrutura e seguran\u00e7a, al\u00e9m de projetos para impulsionar o desenvolvimento econ\u00f4mico de Pa\u00e7o do Lumiar. Os moradores, por sua vez, demonstraram interesse nas ideias do candidato e aproveitaram a oportunidade para expressar suas expectativas e preocupa\u00e7\u00f5es.<br><br>Mariana Brand\u00e3o, vice na chapa, tamb\u00e9m interagiu com a comunidade, refor\u00e7ando a mensagem de renova\u00e7\u00e3o e compromisso com uma gest\u00e3o participativa. &#8220;Estamos aqui para construir um Pa\u00e7o do Lumiar melhor para todos, e isso s\u00f3 ser\u00e1 poss\u00edvel ouvindo e trabalhando junto com a popula\u00e7\u00e3o&#8221;, ressaltou.<br><br>A presen\u00e7a do prefeito Inaldo Prefeito agregou ainda mais for\u00e7a \u00e0 caminhada, refor\u00e7ando o apoio \u00e0 candidatura de Fred Campos. A aceita\u00e7\u00e3o da campanha nos bairros visitados demonstra o crescimento do apoio popular ao projeto de mudan\u00e7a proposto pelo candidato.<br><br>Fred Campos segue confiante e determinado a continuar sua maratona de visitas pelos bairros de Pa\u00e7o do Lumiar, acreditando que a proximidade com a popula\u00e7\u00e3o ser\u00e1 decisiva na conquista do voto. A acolhida calorosa nos bairros Bob Kennedy e Menino Gabriel refor\u00e7a o otimismo da equipe e a convic\u00e7\u00e3o de que est\u00e3o no caminho certo para alcan\u00e7ar a vit\u00f3ria nas urnas.<br><br>Nesta sexta-feira (06), Fred Campos e Mariana estar\u00e3o realizando caminhada no residencial Carlos Augusto a partir das 16:40, a concentra\u00e7\u00e3o ser\u00e1 no Clube da Assembleia no Maiob\u00e3o.<\/p>\n\n\n\n<figure class=\"wp-block-image size-large\"><img loading=\"lazy\" decoding=\"async\" width=\"1024\" height=\"967\" src=\"https:\/\/maranhaotv.com.br\/wp-content\/uploads\/2024\/09\/img-20240906-wa02948835613668758046409-1024x967.jpg\" alt=\"\" class=\"wp-image-37567\" srcset=\"https:\/\/maranhaotv.com.br\/wp-content\/uploads\/2024\/09\/img-20240906-wa02948835613668758046409-1024x967.jpg 1024w, https:\/\/maranhaotv.com.br\/wp-content\/uploads\/2024\/09\/img-20240906-wa02948835613668758046409-300x283.jpg 300w, https:\/\/maranhaotv.com.br\/wp-content\/uploads\/2024\/09\/img-20240906-wa02948835613668758046409-768x725.jpg 768w, https:\/\/maranhaotv.com.br\/wp-content\/uploads\/2024\/09\/img-20240906-wa02948835613668758046409.jpg 1080w\" sizes=\"auto, (max-width: 1024px) 100vw, 1024px\" \/><\/figure>\n\n\n\n<figure class=\"wp-block-image\"><img loading=\"lazy\" decoding=\"async\" width=\"1024\" height=\"967\" src=\"https:\/\/maranhaotv.com.br\/wp-content\/uploads\/2024\/09\/img-20240906-wa02915661139257230672319-1024x967.jpg\" alt=\"\" class=\"wp-image-37566\" srcset=\"https:\/\/maranhaotv.com.br\/wp-content\/uploads\/2024\/09\/img-20240906-wa02915661139257230672319-1024x967.jpg 1024w, https:\/\/maranhaotv.com.br\/wp-content\/uploads\/2024\/09\/img-20240906-wa02915661139257230672319-300x283.jpg 300w, https:\/\/maranhaotv.com.br\/wp-content\/uploads\/2024\/09\/img-20240906-wa02915661139257230672319-768x725.jpg 768w, https:\/\/maranhaotv.com.br\/wp-content\/uploads\/2024\/09\/img-20240906-wa02915661139257230672319.jpg 1080w\" sizes=\"auto, (max-width: 1024px) 100vw, 1024px\" \/><\/figure>\n\n\n\n<figure class=\"wp-block-image\"><img loading=\"lazy\" decoding=\"async\" width=\"1024\" height=\"967\" src=\"https:\/\/maranhaotv.com.br\/wp-content\/uploads\/2024\/09\/img-20240906-wa02904293427365640298408-1024x967.jpg\" alt=\"\" class=\"wp-image-37568\" srcset=\"https:\/\/maranhaotv.com.br\/wp-content\/uploads\/2024\/09\/img-20240906-wa02904293427365640298408-1024x967.jpg 1024w, https:\/\/maranhaotv.com.br\/wp-content\/uploads\/2024\/09\/img-20240906-wa02904293427365640298408-300x283.jpg 300w, https:\/\/maranhaotv.com.br\/wp-content\/uploads\/2024\/09\/img-20240906-wa02904293427365640298408-768x725.jpg 768w, https:\/\/maranhaotv.com.br\/wp-content\/uploads\/2024\/09\/img-20240906-wa02904293427365640298408.jpg 1080w\" sizes=\"auto, (max-width: 1024px) 100vw, 1024px\" \/><\/figure>\n\n\n\n<figure class=\"wp-block-image\"><img loading=\"lazy\" decoding=\"async\" width=\"1024\" height=\"967\" src=\"https:\/\/maranhaotv.com.br\/wp-content\/uploads\/2024\/09\/img-20240906-wa02925793542682832387562-1024x967.jpg\" alt=\"\" class=\"wp-image-37565\" srcset=\"https:\/\/maranhaotv.com.br\/wp-content\/uploads\/2024\/09\/img-20240906-wa02925793542682832387562-1024x967.jpg 1024w, https:\/\/maranhaotv.com.br\/wp-content\/uploads\/2024\/09\/img-20240906-wa02925793542682832387562-300x283.jpg 300w, https:\/\/maranhaotv.com.br\/wp-content\/uploads\/2024\/09\/img-20240906-wa02925793542682832387562-768x725.jpg 768w, https:\/\/maranhaotv.com.br\/wp-content\/uploads\/2024\/09\/img-20240906-wa02925793542682832387562.jpg 1080w\" sizes=\"auto, (max-width: 1024px) 100vw, 1024px\" \/><\/figure>\n","protected":false},"excerpt":{"rendered":"<p>Em mais um dia de intensa campanha, o candidato a prefeito de Pa\u00e7o do Lumiar pelo PSB, Fred Campos, e<\/p>\n","protected":false},"author":2,"featured_media":37569,"comment_status":"open","ping_status":"open","sticky":false,"template":"","format":"standard","meta":{"colormag_page_container_layout":"default_layout","colormag_page_sidebar_layout":"default_layout","_jetpack_memberships_contains_paid_content":false,"footnotes":""},"categories":[2],"tags":[],"class_list":["post-37570","post","type-post","status-publish","format-standard","has-post-thumbnail","hentry","category-noticias"],"magazineBlocksPostFeaturedMedia":{"thumbnail":"https:\/\/maranhaotv.com.br\/wp-content\/uploads\/2024\/09\/IMG-20240906-WA0293-150x150.jpg","medium":"https:\/\/maranhaotv.com.br\/wp-content\/uploads\/2024\/09\/IMG-20240906-WA0293-300x283.jpg","medium_large":"https:\/\/maranhaotv.com.br\/wp-content\/uploads\/2024\/09\/IMG-20240906-WA0293-768x725.jpg","large":"https:\/\/maranhaotv.com.br\/wp-content\/uploads\/2024\/09\/IMG-20240906-WA0293-1024x967.jpg","1536x1536":"https:\/\/maranhaotv.com.br\/wp-content\/uploads\/2024\/09\/IMG-20240906-WA0293.jpg","2048x2048":"https:\/\/maranhaotv.com.br\/wp-content\/uploads\/2024\/09\/IMG-20240906-WA0293.jpg","colormag-highlighted-post":"https:\/\/maranhaotv.com.br\/wp-content\/uploads\/2024\/09\/IMG-20240906-WA0293-392x272.jpg","colormag-featured-post-medium":"https:\/\/maranhaotv.com.br\/wp-content\/uploads\/2024\/09\/IMG-20240906-WA0293-390x205.jpg","colormag-featured-post-small":"https:\/\/maranhaotv.com.br\/wp-content\/uploads\/2024\/09\/IMG-20240906-WA0293-130x90.jpg","colormag-featured-image":"https:\/\/maranhaotv.com.br\/wp-content\/uploads\/2024\/09\/IMG-20240906-WA0293-800x445.jpg","colormag-default-news":"https:\/\/maranhaotv.com.br\/wp-content\/uploads\/2024\/09\/IMG-20240906-WA0293-150x150.jpg","colormag-featured-image-large":"https:\/\/maranhaotv.com.br\/wp-content\/uploads\/2024\/09\/IMG-20240906-WA0293-1080x600.jpg"},"magazineBlocksPostAuthor":{"name":"maranhaotv","avatar":"https:\/\/secure.gravatar.com\/avatar\/8fadbca458d4cb68b1dd399ae9a40618d747bb1af65ac9fad21c89220a143eb4?s=96&d=mm&r=g"},"magazineBlocksPostCommentsNumber":"0","magazineBlocksPostExcerpt":"Em mais um dia de intensa campanha, o candidato a prefeito de Pa\u00e7o do Lumiar pelo PSB, Fred Campos, e","magazineBlocksPostCategories":["not\u00edcias"],"magazineBlocksPostViewCount":203,"magazineBlocksPostReadTime":2,"magazine_blocks_featured_image_url":{"full":["https:\/\/maranhaotv.com.br\/wp-content\/uploads\/2024\/09\/IMG-20240906-WA0293.jpg",1080,1020,false],"medium":["https:\/\/maranhaotv.com.br\/wp-content\/uploads\/2024\/09\/IMG-20240906-WA0293-300x283.jpg",300,283,true],"thumbnail":["https:\/\/maranhaotv.com.br\/wp-content\/uploads\/2024\/09\/IMG-20240906-WA0293-150x150.jpg",150,150,true]},"magazine_blocks_author":{"display_name":"maranhaotv","author_link":"https:\/\/maranhaotv.com.br\/index.php\/author\/maranhaotv\/"},"magazine_blocks_comment":0,"magazine_blocks_author_image":"https:\/\/secure.gravatar.com\/avatar\/8fadbca458d4cb68b1dd399ae9a40618d747bb1af65ac9fad21c89220a143eb4?s=96&d=mm&r=g","magazine_blocks_category":"<a href=\"#\" class=\"category-link category-link-2\">not\u00edcias<\/a>","yoast_head":"<!-- This site is optimized with the Yoast SEO plugin v27.4 - https:\/\/yoast.com\/product\/yoast-seo-wordpress\/ -->\n<title>Fred Campos e comitiva realizam caminhada nos bairros Bob Kennedy e Menino Gabriel - NOT\u00cdCIAS EM TEMPO REAL<\/title>\n<meta name=\"robots\" content=\"index, follow, max-snippet:-1, max-image-preview:large, max-video-preview:-1\" \/>\n<link rel=\"canonical\" href=\"https:\/\/maranhaotv.com.br\/index.php\/2024\/09\/06\/fred-campos-e-comitiva-realizam-caminhada-nos-bairros-bob-kennedy-e-menino-gabriel\/\" \/>\n<meta property=\"og:locale\" content=\"pt_BR\" \/>\n<meta property=\"og:type\" content=\"article\" \/>\n<meta property=\"og:title\" content=\"Fred Campos e comitiva realizam caminhada nos bairros Bob Kennedy e Menino Gabriel - NOT\u00cdCIAS EM TEMPO REAL\" \/>\n<meta property=\"og:description\" content=\"Em mais um dia de intensa campanha, o candidato a prefeito de Pa\u00e7o do Lumiar pelo PSB, Fred Campos, e\" \/>\n<meta property=\"og:url\" content=\"https:\/\/maranhaotv.com.br\/index.php\/2024\/09\/06\/fred-campos-e-comitiva-realizam-caminhada-nos-bairros-bob-kennedy-e-menino-gabriel\/\" \/>\n<meta property=\"og:site_name\" content=\"NOT\u00cdCIAS EM TEMPO REAL\" \/>\n<meta property=\"article:publisher\" content=\"https:\/\/www.facebook.com\/maiobaotv\" \/>\n<meta property=\"article:published_time\" content=\"2024-09-06T14:16:29+00:00\" \/>\n<meta property=\"article:modified_time\" content=\"2024-09-06T14:38:47+00:00\" \/>\n<meta property=\"og:image\" content=\"https:\/\/maranhaotv.com.br\/wp-content\/uploads\/2024\/09\/IMG-20240906-WA0293.jpg\" \/>\n\t<meta property=\"og:image:width\" content=\"1080\" \/>\n\t<meta property=\"og:image:height\" content=\"1020\" \/>\n\t<meta property=\"og:image:type\" content=\"image\/jpeg\" \/>\n<meta name=\"author\" content=\"maranhaotv\" \/>\n<meta name=\"twitter:card\" content=\"summary_large_image\" \/>\n<meta name=\"twitter:creator\" content=\"@sitemaranhaotv\" \/>\n<meta name=\"twitter:site\" content=\"@sitemaranhaotv\" \/>\n<meta name=\"twitter:label1\" content=\"Escrito por\" \/>\n\t<meta name=\"twitter:data1\" content=\"maranhaotv\" \/>\n\t<meta name=\"twitter:label2\" content=\"Est. tempo de leitura\" \/>\n\t<meta name=\"twitter:data2\" content=\"2 minutos\" \/>\n<script type=\"application\/ld+json\" class=\"yoast-schema-graph\">{\"@context\":\"https:\\\/\\\/schema.org\",\"@graph\":[{\"@type\":\"Article\",\"@id\":\"https:\\\/\\\/maranhaotv.com.br\\\/index.php\\\/2024\\\/09\\\/06\\\/fred-campos-e-comitiva-realizam-caminhada-nos-bairros-bob-kennedy-e-menino-gabriel\\\/#article\",\"isPartOf\":{\"@id\":\"https:\\\/\\\/maranhaotv.com.br\\\/index.php\\\/2024\\\/09\\\/06\\\/fred-campos-e-comitiva-realizam-caminhada-nos-bairros-bob-kennedy-e-menino-gabriel\\\/\"},\"author\":{\"name\":\"maranhaotv\",\"@id\":\"https:\\\/\\\/maranhaotv.com.br\\\/#\\\/schema\\\/person\\\/3d54238e86b20bb5c89ab2fdb8f8829a\"},\"headline\":\"Fred Campos e comitiva realizam caminhada nos bairros Bob Kennedy e Menino Gabriel\",\"datePublished\":\"2024-09-06T14:16:29+00:00\",\"dateModified\":\"2024-09-06T14:38:47+00:00\",\"mainEntityOfPage\":{\"@id\":\"https:\\\/\\\/maranhaotv.com.br\\\/index.php\\\/2024\\\/09\\\/06\\\/fred-campos-e-comitiva-realizam-caminhada-nos-bairros-bob-kennedy-e-menino-gabriel\\\/\"},\"wordCount\":387,\"commentCount\":0,\"publisher\":{\"@id\":\"https:\\\/\\\/maranhaotv.com.br\\\/#organization\"},\"image\":{\"@id\":\"https:\\\/\\\/maranhaotv.com.br\\\/index.php\\\/2024\\\/09\\\/06\\\/fred-campos-e-comitiva-realizam-caminhada-nos-bairros-bob-kennedy-e-menino-gabriel\\\/#primaryimage\"},\"thumbnailUrl\":\"https:\\\/\\\/maranhaotv.com.br\\\/wp-content\\\/uploads\\\/2024\\\/09\\\/IMG-20240906-WA0293.jpg\",\"articleSection\":[\"not\u00edcias\"],\"inLanguage\":\"pt-BR\",\"potentialAction\":[{\"@type\":\"CommentAction\",\"name\":\"Comment\",\"target\":[\"https:\\\/\\\/maranhaotv.com.br\\\/index.php\\\/2024\\\/09\\\/06\\\/fred-campos-e-comitiva-realizam-caminhada-nos-bairros-bob-kennedy-e-menino-gabriel\\\/#respond\"]}]},{\"@type\":\"WebPage\",\"@id\":\"https:\\\/\\\/maranhaotv.com.br\\\/index.php\\\/2024\\\/09\\\/06\\\/fred-campos-e-comitiva-realizam-caminhada-nos-bairros-bob-kennedy-e-menino-gabriel\\\/\",\"url\":\"https:\\\/\\\/maranhaotv.com.br\\\/index.php\\\/2024\\\/09\\\/06\\\/fred-campos-e-comitiva-realizam-caminhada-nos-bairros-bob-kennedy-e-menino-gabriel\\\/\",\"name\":\"Fred Campos e comitiva realizam caminhada nos bairros Bob Kennedy e Menino Gabriel - NOT\u00cdCIAS EM TEMPO REAL\",\"isPartOf\":{\"@id\":\"https:\\\/\\\/maranhaotv.com.br\\\/#website\"},\"primaryImageOfPage\":{\"@id\":\"https:\\\/\\\/maranhaotv.com.br\\\/index.php\\\/2024\\\/09\\\/06\\\/fred-campos-e-comitiva-realizam-caminhada-nos-bairros-bob-kennedy-e-menino-gabriel\\\/#primaryimage\"},\"image\":{\"@id\":\"https:\\\/\\\/maranhaotv.com.br\\\/index.php\\\/2024\\\/09\\\/06\\\/fred-campos-e-comitiva-realizam-caminhada-nos-bairros-bob-kennedy-e-menino-gabriel\\\/#primaryimage\"},\"thumbnailUrl\":\"https:\\\/\\\/maranhaotv.com.br\\\/wp-content\\\/uploads\\\/2024\\\/09\\\/IMG-20240906-WA0293.jpg\",\"datePublished\":\"2024-09-06T14:16:29+00:00\",\"dateModified\":\"2024-09-06T14:38:47+00:00\",\"breadcrumb\":{\"@id\":\"https:\\\/\\\/maranhaotv.com.br\\\/index.php\\\/2024\\\/09\\\/06\\\/fred-campos-e-comitiva-realizam-caminhada-nos-bairros-bob-kennedy-e-menino-gabriel\\\/#breadcrumb\"},\"inLanguage\":\"pt-BR\",\"potentialAction\":[{\"@type\":\"ReadAction\",\"target\":[\"https:\\\/\\\/maranhaotv.com.br\\\/index.php\\\/2024\\\/09\\\/06\\\/fred-campos-e-comitiva-realizam-caminhada-nos-bairros-bob-kennedy-e-menino-gabriel\\\/\"]}]},{\"@type\":\"ImageObject\",\"inLanguage\":\"pt-BR\",\"@id\":\"https:\\\/\\\/maranhaotv.com.br\\\/index.php\\\/2024\\\/09\\\/06\\\/fred-campos-e-comitiva-realizam-caminhada-nos-bairros-bob-kennedy-e-menino-gabriel\\\/#primaryimage\",\"url\":\"https:\\\/\\\/maranhaotv.com.br\\\/wp-content\\\/uploads\\\/2024\\\/09\\\/IMG-20240906-WA0293.jpg\",\"contentUrl\":\"https:\\\/\\\/maranhaotv.com.br\\\/wp-content\\\/uploads\\\/2024\\\/09\\\/IMG-20240906-WA0293.jpg\",\"width\":1080,\"height\":1020},{\"@type\":\"BreadcrumbList\",\"@id\":\"https:\\\/\\\/maranhaotv.com.br\\\/index.php\\\/2024\\\/09\\\/06\\\/fred-campos-e-comitiva-realizam-caminhada-nos-bairros-bob-kennedy-e-menino-gabriel\\\/#breadcrumb\",\"itemListElement\":[{\"@type\":\"ListItem\",\"position\":1,\"name\":\"In\u00edcio\",\"item\":\"https:\\\/\\\/maranhaotv.com.br\\\/\"},{\"@type\":\"ListItem\",\"position\":2,\"name\":\"Fred Campos e comitiva realizam caminhada nos bairros Bob Kennedy e Menino Gabriel\"}]},{\"@type\":\"WebSite\",\"@id\":\"https:\\\/\\\/maranhaotv.com.br\\\/#website\",\"url\":\"https:\\\/\\\/maranhaotv.com.br\\\/\",\"name\":\"Maranh\u00e3oTV\",\"description\":\"\",\"publisher\":{\"@id\":\"https:\\\/\\\/maranhaotv.com.br\\\/#organization\"},\"potentialAction\":[{\"@type\":\"SearchAction\",\"target\":{\"@type\":\"EntryPoint\",\"urlTemplate\":\"https:\\\/\\\/maranhaotv.com.br\\\/?s={search_term_string}\"},\"query-input\":{\"@type\":\"PropertyValueSpecification\",\"valueRequired\":true,\"valueName\":\"search_term_string\"}}],\"inLanguage\":\"pt-BR\"},{\"@type\":\"Organization\",\"@id\":\"https:\\\/\\\/maranhaotv.com.br\\\/#organization\",\"name\":\"Portal de Not\u00edcias\",\"url\":\"https:\\\/\\\/maranhaotv.com.br\\\/\",\"logo\":{\"@type\":\"ImageObject\",\"inLanguage\":\"pt-BR\",\"@id\":\"https:\\\/\\\/maranhaotv.com.br\\\/#\\\/schema\\\/logo\\\/image\\\/\",\"url\":\"https:\\\/\\\/maranhaotv.com.br\\\/wp-content\\\/uploads\\\/2024\\\/05\\\/cropped-cropped-avatar-1.png\",\"contentUrl\":\"https:\\\/\\\/maranhaotv.com.br\\\/wp-content\\\/uploads\\\/2024\\\/05\\\/cropped-cropped-avatar-1.png\",\"width\":792,\"height\":428,\"caption\":\"Portal de Not\u00edcias\"},\"image\":{\"@id\":\"https:\\\/\\\/maranhaotv.com.br\\\/#\\\/schema\\\/logo\\\/image\\\/\"},\"sameAs\":[\"https:\\\/\\\/www.facebook.com\\\/maiobaotv\",\"https:\\\/\\\/x.com\\\/sitemaranhaotv\",\"https:\\\/\\\/www.instagram.com\\\/maranhao.tv\",\"https:\\\/\\\/www.threads.net\\\/@maranhao.tv\"]},{\"@type\":\"Person\",\"@id\":\"https:\\\/\\\/maranhaotv.com.br\\\/#\\\/schema\\\/person\\\/3d54238e86b20bb5c89ab2fdb8f8829a\",\"name\":\"maranhaotv\",\"image\":{\"@type\":\"ImageObject\",\"inLanguage\":\"pt-BR\",\"@id\":\"https:\\\/\\\/secure.gravatar.com\\\/avatar\\\/8fadbca458d4cb68b1dd399ae9a40618d747bb1af65ac9fad21c89220a143eb4?s=96&d=mm&r=g\",\"url\":\"https:\\\/\\\/secure.gravatar.com\\\/avatar\\\/8fadbca458d4cb68b1dd399ae9a40618d747bb1af65ac9fad21c89220a143eb4?s=96&d=mm&r=g\",\"contentUrl\":\"https:\\\/\\\/secure.gravatar.com\\\/avatar\\\/8fadbca458d4cb68b1dd399ae9a40618d747bb1af65ac9fad21c89220a143eb4?s=96&d=mm&r=g\",\"caption\":\"maranhaotv\"},\"sameAs\":[\"https:\\\/\\\/maranhaotv.com.br\\\/\"],\"url\":\"https:\\\/\\\/maranhaotv.com.br\\\/index.php\\\/author\\\/maranhaotv\\\/\"}]}<\/script>\n<!-- \/ Yoast SEO plugin. -->","yoast_head_json":{"title":"Fred Campos e comitiva realizam caminhada nos bairros Bob Kennedy e Menino Gabriel - NOT\u00cdCIAS EM TEMPO REAL","robots":{"index":"index","follow":"follow","max-snippet":"max-snippet:-1","max-image-preview":"max-image-preview:large","max-video-preview":"max-video-preview:-1"},"canonical":"https:\/\/maranhaotv.com.br\/index.php\/2024\/09\/06\/fred-campos-e-comitiva-realizam-caminhada-nos-bairros-bob-kennedy-e-menino-gabriel\/","og_locale":"pt_BR","og_type":"article","og_title":"Fred Campos e comitiva realizam caminhada nos bairros Bob Kennedy e Menino Gabriel - NOT\u00cdCIAS EM TEMPO REAL","og_description":"Em mais um dia de intensa campanha, o candidato a prefeito de Pa\u00e7o do Lumiar pelo PSB, Fred Campos, e","og_url":"https:\/\/maranhaotv.com.br\/index.php\/2024\/09\/06\/fred-campos-e-comitiva-realizam-caminhada-nos-bairros-bob-kennedy-e-menino-gabriel\/","og_site_name":"NOT\u00cdCIAS EM TEMPO REAL","article_publisher":"https:\/\/www.facebook.com\/maiobaotv","article_published_time":"2024-09-06T14:16:29+00:00","article_modified_time":"2024-09-06T14:38:47+00:00","og_image":[{"width":1080,"height":1020,"url":"https:\/\/maranhaotv.com.br\/wp-content\/uploads\/2024\/09\/IMG-20240906-WA0293.jpg","type":"image\/jpeg"}],"author":"maranhaotv","twitter_card":"summary_large_image","twitter_creator":"@sitemaranhaotv","twitter_site":"@sitemaranhaotv","twitter_misc":{"Escrito por":"maranhaotv","Est. tempo de leitura":"2 minutos"},"schema":{"@context":"https:\/\/schema.org","@graph":[{"@type":"Article","@id":"https:\/\/maranhaotv.com.br\/index.php\/2024\/09\/06\/fred-campos-e-comitiva-realizam-caminhada-nos-bairros-bob-kennedy-e-menino-gabriel\/#article","isPartOf":{"@id":"https:\/\/maranhaotv.com.br\/index.php\/2024\/09\/06\/fred-campos-e-comitiva-realizam-caminhada-nos-bairros-bob-kennedy-e-menino-gabriel\/"},"author":{"name":"maranhaotv","@id":"https:\/\/maranhaotv.com.br\/#\/schema\/person\/3d54238e86b20bb5c89ab2fdb8f8829a"},"headline":"Fred Campos e comitiva realizam caminhada nos bairros Bob Kennedy e Menino Gabriel","datePublished":"2024-09-06T14:16:29+00:00","dateModified":"2024-09-06T14:38:47+00:00","mainEntityOfPage":{"@id":"https:\/\/maranhaotv.com.br\/index.php\/2024\/09\/06\/fred-campos-e-comitiva-realizam-caminhada-nos-bairros-bob-kennedy-e-menino-gabriel\/"},"wordCount":387,"commentCount":0,"publisher":{"@id":"https:\/\/maranhaotv.com.br\/#organization"},"image":{"@id":"https:\/\/maranhaotv.com.br\/index.php\/2024\/09\/06\/fred-campos-e-comitiva-realizam-caminhada-nos-bairros-bob-kennedy-e-menino-gabriel\/#primaryimage"},"thumbnailUrl":"https:\/\/maranhaotv.com.br\/wp-content\/uploads\/2024\/09\/IMG-20240906-WA0293.jpg","articleSection":["not\u00edcias"],"inLanguage":"pt-BR","potentialAction":[{"@type":"CommentAction","name":"Comment","target":["https:\/\/maranhaotv.com.br\/index.php\/2024\/09\/06\/fred-campos-e-comitiva-realizam-caminhada-nos-bairros-bob-kennedy-e-menino-gabriel\/#respond"]}]},{"@type":"WebPage","@id":"https:\/\/maranhaotv.com.br\/index.php\/2024\/09\/06\/fred-campos-e-comitiva-realizam-caminhada-nos-bairros-bob-kennedy-e-menino-gabriel\/","url":"https:\/\/maranhaotv.com.br\/index.php\/2024\/09\/06\/fred-campos-e-comitiva-realizam-caminhada-nos-bairros-bob-kennedy-e-menino-gabriel\/","name":"Fred Campos e comitiva realizam caminhada nos bairros Bob Kennedy e Menino Gabriel - NOT\u00cdCIAS EM TEMPO REAL","isPartOf":{"@id":"https:\/\/maranhaotv.com.br\/#website"},"primaryImageOfPage":{"@id":"https:\/\/maranhaotv.com.br\/index.php\/2024\/09\/06\/fred-campos-e-comitiva-realizam-caminhada-nos-bairros-bob-kennedy-e-menino-gabriel\/#primaryimage"},"image":{"@id":"https:\/\/maranhaotv.com.br\/index.php\/2024\/09\/06\/fred-campos-e-comitiva-realizam-caminhada-nos-bairros-bob-kennedy-e-menino-gabriel\/#primaryimage"},"thumbnailUrl":"https:\/\/maranhaotv.com.br\/wp-content\/uploads\/2024\/09\/IMG-20240906-WA0293.jpg","datePublished":"2024-09-06T14:16:29+00:00","dateModified":"2024-09-06T14:38:47+00:00","breadcrumb":{"@id":"https:\/\/maranhaotv.com.br\/index.php\/2024\/09\/06\/fred-campos-e-comitiva-realizam-caminhada-nos-bairros-bob-kennedy-e-menino-gabriel\/#breadcrumb"},"inLanguage":"pt-BR","potentialAction":[{"@type":"ReadAction","target":["https:\/\/maranhaotv.com.br\/index.php\/2024\/09\/06\/fred-campos-e-comitiva-realizam-caminhada-nos-bairros-bob-kennedy-e-menino-gabriel\/"]}]},{"@type":"ImageObject","inLanguage":"pt-BR","@id":"https:\/\/maranhaotv.com.br\/index.php\/2024\/09\/06\/fred-campos-e-comitiva-realizam-caminhada-nos-bairros-bob-kennedy-e-menino-gabriel\/#primaryimage","url":"https:\/\/maranhaotv.com.br\/wp-content\/uploads\/2024\/09\/IMG-20240906-WA0293.jpg","contentUrl":"https:\/\/maranhaotv.com.br\/wp-content\/uploads\/2024\/09\/IMG-20240906-WA0293.jpg","width":1080,"height":1020},{"@type":"BreadcrumbList","@id":"https:\/\/maranhaotv.com.br\/index.php\/2024\/09\/06\/fred-campos-e-comitiva-realizam-caminhada-nos-bairros-bob-kennedy-e-menino-gabriel\/#breadcrumb","itemListElement":[{"@type":"ListItem","position":1,"name":"In\u00edcio","item":"https:\/\/maranhaotv.com.br\/"},{"@type":"ListItem","position":2,"name":"Fred Campos e comitiva realizam caminhada nos bairros Bob Kennedy e Menino Gabriel"}]},{"@type":"WebSite","@id":"https:\/\/maranhaotv.com.br\/#website","url":"https:\/\/maranhaotv.com.br\/","name":"Maranh\u00e3oTV","description":"","publisher":{"@id":"https:\/\/maranhaotv.com.br\/#organization"},"potentialAction":[{"@type":"SearchAction","target":{"@type":"EntryPoint","urlTemplate":"https:\/\/maranhaotv.com.br\/?s={search_term_string}"},"query-input":{"@type":"PropertyValueSpecification","valueRequired":true,"valueName":"search_term_string"}}],"inLanguage":"pt-BR"},{"@type":"Organization","@id":"https:\/\/maranhaotv.com.br\/#organization","name":"Portal de Not\u00edcias","url":"https:\/\/maranhaotv.com.br\/","logo":{"@type":"ImageObject","inLanguage":"pt-BR","@id":"https:\/\/maranhaotv.com.br\/#\/schema\/logo\/image\/","url":"https:\/\/maranhaotv.com.br\/wp-content\/uploads\/2024\/05\/cropped-cropped-avatar-1.png","contentUrl":"https:\/\/maranhaotv.com.br\/wp-content\/uploads\/2024\/05\/cropped-cropped-avatar-1.png","width":792,"height":428,"caption":"Portal de Not\u00edcias"},"image":{"@id":"https:\/\/maranhaotv.com.br\/#\/schema\/logo\/image\/"},"sameAs":["https:\/\/www.facebook.com\/maiobaotv","https:\/\/x.com\/sitemaranhaotv","https:\/\/www.instagram.com\/maranhao.tv","https:\/\/www.threads.net\/@maranhao.tv"]},{"@type":"Person","@id":"https:\/\/maranhaotv.com.br\/#\/schema\/person\/3d54238e86b20bb5c89ab2fdb8f8829a","name":"maranhaotv","image":{"@type":"ImageObject","inLanguage":"pt-BR","@id":"https:\/\/secure.gravatar.com\/avatar\/8fadbca458d4cb68b1dd399ae9a40618d747bb1af65ac9fad21c89220a143eb4?s=96&d=mm&r=g","url":"https:\/\/secure.gravatar.com\/avatar\/8fadbca458d4cb68b1dd399ae9a40618d747bb1af65ac9fad21c89220a143eb4?s=96&d=mm&r=g","contentUrl":"https:\/\/secure.gravatar.com\/avatar\/8fadbca458d4cb68b1dd399ae9a40618d747bb1af65ac9fad21c89220a143eb4?s=96&d=mm&r=g","caption":"maranhaotv"},"sameAs":["https:\/\/maranhaotv.com.br\/"],"url":"https:\/\/maranhaotv.com.br\/index.php\/author\/maranhaotv\/"}]}},"jetpack_featured_media_url":"https:\/\/maranhaotv.com.br\/wp-content\/uploads\/2024\/09\/IMG-20240906-WA0293.jpg","jetpack_sharing_enabled":true,"_links":{"self":[{"href":"https:\/\/maranhaotv.com.br\/index.php\/wp-json\/wp\/v2\/posts\/37570","targetHints":{"allow":["GET"]}}],"collection":[{"href":"https:\/\/maranhaotv.com.br\/index.php\/wp-json\/wp\/v2\/posts"}],"about":[{"href":"https:\/\/maranhaotv.com.br\/index.php\/wp-json\/wp\/v2\/types\/post"}],"author":[{"embeddable":true,"href":"https:\/\/maranhaotv.com.br\/index.php\/wp-json\/wp\/v2\/users\/2"}],"replies":[{"embeddable":true,"href":"https:\/\/maranhaotv.com.br\/index.php\/wp-json\/wp\/v2\/comments?post=37570"}],"version-history":[{"count":2,"href":"https:\/\/maranhaotv.com.br\/index.php\/wp-json\/wp\/v2\/posts\/37570\/revisions"}],"predecessor-version":[{"id":37575,"href":"https:\/\/maranhaotv.com.br\/index.php\/wp-json\/wp\/v2\/posts\/37570\/revisions\/37575"}],"wp:featuredmedia":[{"embeddable":true,"href":"https:\/\/maranhaotv.com.br\/index.php\/wp-json\/wp\/v2\/media\/37569"}],"wp:attachment":[{"href":"https:\/\/maranhaotv.com.br\/index.php\/wp-json\/wp\/v2\/media?parent=37570"}],"wp:term":[{"taxonomy":"category","embeddable":true,"href":"https:\/\/maranhaotv.com.br\/index.php\/wp-json\/wp\/v2\/categories?post=37570"},{"taxonomy":"post_tag","embeddable":true,"href":"https:\/\/maranhaotv.com.br\/index.php\/wp-json\/wp\/v2\/tags?post=37570"}],"curies":[{"name":"wp","href":"https:\/\/api.w.org\/{rel}","templated":true}]}}