{"id":37588,"date":"2024-09-07T14:27:41","date_gmt":"2024-09-07T17:27:41","guid":{"rendered":"https:\/\/maranhaotv.com.br\/?p=37588"},"modified":"2024-09-07T19:12:50","modified_gmt":"2024-09-07T22:12:50","slug":"braide-mostra-sao-luis-que-nao-existe-em-horario-eleitoral","status":"publish","type":"post","link":"https:\/\/maranhaotv.com.br\/index.php\/2024\/09\/07\/braide-mostra-sao-luis-que-nao-existe-em-horario-eleitoral\/","title":{"rendered":"Braide mostra S\u00e3o Lu\u00eds que n\u00e3o existe em hor\u00e1rio eleitoral"},"content":{"rendered":"\n<p><br><br><br>O uso que Eduardo Braide (PSD) decidiu dar aos pouco mais de dois minutos aos quais t\u00eam direito no hor\u00e1rio eleitoral chama a aten\u00e7\u00e3o por mostrar uma S\u00e3o Lu\u00eds nada conhecida da popula\u00e7\u00e3o.<br><br>Na \u201cIlha da Fantasia\u201d montada por Braide, os \u00f4nibus s\u00e3o novos, pontuais e s\u00f3 circulam com ar-condicionado ligado, a Sa\u00fade n\u00e3o tem filas nos corredores e os medicamentos n\u00e3o faltam na farm\u00e1cia b\u00e1sica\u2026<br><br>A Educa\u00e7\u00e3o, ent\u00e3o, funciona a mil maravilhas. Crian\u00e7a fora da escola? Isso n\u00e3o existe! Como n\u00e3o existem enchentes no per\u00edodo chuvoso em bairros perif\u00e9ricos, os engarrafamentos causados pelo suposto \u201cTr\u00e2nsito Livre\u201d dentro de bairros inteiros ou a falta de limpeza urbana no Centro Hist\u00f3rico que salta aos olhos de ludovicenses e turistas \u2013 quando conseguem enxergar, j\u00e1 que a ilumina\u00e7\u00e3o p\u00fablica tamb\u00e9m inexiste.<br><br>A \u201cIlha da Fantasia\u201d de Braide, teatralizada por meia d\u00fazia de atores que ficaram sem mercado desde o fim da \u201cMalha\u00e7\u00e3o\u201d, seria um lugar muito bom de se viver. A S\u00e3o Lu\u00eds real est\u00e1 muito aqu\u00e9m disso.<br><br><\/p>\n","protected":false},"excerpt":{"rendered":"<p>O uso que Eduardo Braide (PSD) decidiu dar aos pouco mais de dois minutos aos quais t\u00eam direito no hor\u00e1rio<\/p>\n","protected":false},"author":2,"featured_media":37587,"comment_status":"open","ping_status":"open","sticky":false,"template":"","format":"standard","meta":{"colormag_page_container_layout":"default_layout","colormag_page_sidebar_layout":"default_layout","_jetpack_memberships_contains_paid_content":false,"footnotes":""},"categories":[2],"tags":[],"class_list":["post-37588","post","type-post","status-publish","format-standard","has-post-thumbnail","hentry","category-noticias"],"magazineBlocksPostFeaturedMedia":{"thumbnail":"https:\/\/maranhaotv.com.br\/wp-content\/uploads\/2024\/09\/IMG_4836-150x150.jpeg","medium":"https:\/\/maranhaotv.com.br\/wp-content\/uploads\/2024\/09\/IMG_4836-300x175.jpeg","medium_large":"https:\/\/maranhaotv.com.br\/wp-content\/uploads\/2024\/09\/IMG_4836.jpeg","large":"https:\/\/maranhaotv.com.br\/wp-content\/uploads\/2024\/09\/IMG_4836.jpeg","1536x1536":"https:\/\/maranhaotv.com.br\/wp-content\/uploads\/2024\/09\/IMG_4836.jpeg","2048x2048":"https:\/\/maranhaotv.com.br\/wp-content\/uploads\/2024\/09\/IMG_4836.jpeg","colormag-highlighted-post":"https:\/\/maranhaotv.com.br\/wp-content\/uploads\/2024\/09\/IMG_4836-392x272.jpeg","colormag-featured-post-medium":"https:\/\/maranhaotv.com.br\/wp-content\/uploads\/2024\/09\/IMG_4836-390x205.jpeg","colormag-featured-post-small":"https:\/\/maranhaotv.com.br\/wp-content\/uploads\/2024\/09\/IMG_4836-130x90.jpeg","colormag-featured-image":"https:\/\/maranhaotv.com.br\/wp-content\/uploads\/2024\/09\/IMG_4836.jpeg","colormag-default-news":"https:\/\/maranhaotv.com.br\/wp-content\/uploads\/2024\/09\/IMG_4836-150x150.jpeg","colormag-featured-image-large":"https:\/\/maranhaotv.com.br\/wp-content\/uploads\/2024\/09\/IMG_4836.jpeg"},"magazineBlocksPostAuthor":{"name":"maranhaotv","avatar":"https:\/\/secure.gravatar.com\/avatar\/8fadbca458d4cb68b1dd399ae9a40618d747bb1af65ac9fad21c89220a143eb4?s=96&d=mm&r=g"},"magazineBlocksPostCommentsNumber":"0","magazineBlocksPostExcerpt":"O uso que Eduardo Braide (PSD) decidiu dar aos pouco mais de dois minutos aos quais t\u00eam direito no hor\u00e1rio","magazineBlocksPostCategories":["not\u00edcias"],"magazineBlocksPostViewCount":286,"magazineBlocksPostReadTime":1,"magazine_blocks_featured_image_url":{"full":["https:\/\/maranhaotv.com.br\/wp-content\/uploads\/2024\/09\/IMG_4836.jpeg",726,423,false],"medium":["https:\/\/maranhaotv.com.br\/wp-content\/uploads\/2024\/09\/IMG_4836-300x175.jpeg",300,175,true],"thumbnail":["https:\/\/maranhaotv.com.br\/wp-content\/uploads\/2024\/09\/IMG_4836-150x150.jpeg",150,150,true]},"magazine_blocks_author":{"display_name":"maranhaotv","author_link":"https:\/\/maranhaotv.com.br\/index.php\/author\/maranhaotv\/"},"magazine_blocks_comment":0,"magazine_blocks_author_image":"https:\/\/secure.gravatar.com\/avatar\/8fadbca458d4cb68b1dd399ae9a40618d747bb1af65ac9fad21c89220a143eb4?s=96&d=mm&r=g","magazine_blocks_category":"<a href=\"#\" class=\"category-link category-link-2\">not\u00edcias<\/a>","yoast_head":"<!-- This site is optimized with the Yoast SEO plugin v27.4 - https:\/\/yoast.com\/product\/yoast-seo-wordpress\/ -->\n<title>Braide mostra S\u00e3o Lu\u00eds que n\u00e3o existe em hor\u00e1rio eleitoral - NOT\u00cdCIAS EM TEMPO REAL<\/title>\n<meta name=\"robots\" content=\"index, follow, max-snippet:-1, max-image-preview:large, max-video-preview:-1\" \/>\n<link rel=\"canonical\" href=\"https:\/\/maranhaotv.com.br\/index.php\/2024\/09\/07\/braide-mostra-sao-luis-que-nao-existe-em-horario-eleitoral\/\" \/>\n<meta property=\"og:locale\" content=\"pt_BR\" \/>\n<meta property=\"og:type\" content=\"article\" \/>\n<meta property=\"og:title\" content=\"Braide mostra S\u00e3o Lu\u00eds que n\u00e3o existe em hor\u00e1rio eleitoral - NOT\u00cdCIAS EM TEMPO REAL\" \/>\n<meta property=\"og:description\" content=\"O uso que Eduardo Braide (PSD) decidiu dar aos pouco mais de dois minutos aos quais t\u00eam direito no hor\u00e1rio\" \/>\n<meta property=\"og:url\" content=\"https:\/\/maranhaotv.com.br\/index.php\/2024\/09\/07\/braide-mostra-sao-luis-que-nao-existe-em-horario-eleitoral\/\" \/>\n<meta property=\"og:site_name\" content=\"NOT\u00cdCIAS EM TEMPO REAL\" \/>\n<meta property=\"article:publisher\" content=\"https:\/\/www.facebook.com\/maiobaotv\" \/>\n<meta property=\"article:published_time\" content=\"2024-09-07T17:27:41+00:00\" \/>\n<meta property=\"article:modified_time\" content=\"2024-09-07T22:12:50+00:00\" \/>\n<meta property=\"og:image\" content=\"https:\/\/maranhaotv.com.br\/wp-content\/uploads\/2024\/09\/IMG_4836.jpeg\" \/>\n\t<meta property=\"og:image:width\" content=\"726\" \/>\n\t<meta property=\"og:image:height\" content=\"423\" \/>\n\t<meta property=\"og:image:type\" content=\"image\/jpeg\" \/>\n<meta name=\"author\" content=\"maranhaotv\" \/>\n<meta name=\"twitter:card\" content=\"summary_large_image\" \/>\n<meta name=\"twitter:creator\" content=\"@sitemaranhaotv\" \/>\n<meta name=\"twitter:site\" content=\"@sitemaranhaotv\" \/>\n<meta name=\"twitter:label1\" content=\"Escrito por\" \/>\n\t<meta name=\"twitter:data1\" content=\"maranhaotv\" \/>\n\t<meta name=\"twitter:label2\" content=\"Est. tempo de leitura\" \/>\n\t<meta name=\"twitter:data2\" content=\"1 minuto\" \/>\n<script type=\"application\/ld+json\" class=\"yoast-schema-graph\">{\"@context\":\"https:\\\/\\\/schema.org\",\"@graph\":[{\"@type\":\"Article\",\"@id\":\"https:\\\/\\\/maranhaotv.com.br\\\/index.php\\\/2024\\\/09\\\/07\\\/braide-mostra-sao-luis-que-nao-existe-em-horario-eleitoral\\\/#article\",\"isPartOf\":{\"@id\":\"https:\\\/\\\/maranhaotv.com.br\\\/index.php\\\/2024\\\/09\\\/07\\\/braide-mostra-sao-luis-que-nao-existe-em-horario-eleitoral\\\/\"},\"author\":{\"name\":\"maranhaotv\",\"@id\":\"https:\\\/\\\/maranhaotv.com.br\\\/#\\\/schema\\\/person\\\/3d54238e86b20bb5c89ab2fdb8f8829a\"},\"headline\":\"Braide mostra S\u00e3o Lu\u00eds que n\u00e3o existe em hor\u00e1rio eleitoral\",\"datePublished\":\"2024-09-07T17:27:41+00:00\",\"dateModified\":\"2024-09-07T22:12:50+00:00\",\"mainEntityOfPage\":{\"@id\":\"https:\\\/\\\/maranhaotv.com.br\\\/index.php\\\/2024\\\/09\\\/07\\\/braide-mostra-sao-luis-que-nao-existe-em-horario-eleitoral\\\/\"},\"wordCount\":208,\"commentCount\":0,\"publisher\":{\"@id\":\"https:\\\/\\\/maranhaotv.com.br\\\/#organization\"},\"image\":{\"@id\":\"https:\\\/\\\/maranhaotv.com.br\\\/index.php\\\/2024\\\/09\\\/07\\\/braide-mostra-sao-luis-que-nao-existe-em-horario-eleitoral\\\/#primaryimage\"},\"thumbnailUrl\":\"https:\\\/\\\/maranhaotv.com.br\\\/wp-content\\\/uploads\\\/2024\\\/09\\\/IMG_4836.jpeg\",\"articleSection\":[\"not\u00edcias\"],\"inLanguage\":\"pt-BR\",\"potentialAction\":[{\"@type\":\"CommentAction\",\"name\":\"Comment\",\"target\":[\"https:\\\/\\\/maranhaotv.com.br\\\/index.php\\\/2024\\\/09\\\/07\\\/braide-mostra-sao-luis-que-nao-existe-em-horario-eleitoral\\\/#respond\"]}]},{\"@type\":\"WebPage\",\"@id\":\"https:\\\/\\\/maranhaotv.com.br\\\/index.php\\\/2024\\\/09\\\/07\\\/braide-mostra-sao-luis-que-nao-existe-em-horario-eleitoral\\\/\",\"url\":\"https:\\\/\\\/maranhaotv.com.br\\\/index.php\\\/2024\\\/09\\\/07\\\/braide-mostra-sao-luis-que-nao-existe-em-horario-eleitoral\\\/\",\"name\":\"Braide mostra S\u00e3o Lu\u00eds que n\u00e3o existe em hor\u00e1rio eleitoral - NOT\u00cdCIAS EM TEMPO REAL\",\"isPartOf\":{\"@id\":\"https:\\\/\\\/maranhaotv.com.br\\\/#website\"},\"primaryImageOfPage\":{\"@id\":\"https:\\\/\\\/maranhaotv.com.br\\\/index.php\\\/2024\\\/09\\\/07\\\/braide-mostra-sao-luis-que-nao-existe-em-horario-eleitoral\\\/#primaryimage\"},\"image\":{\"@id\":\"https:\\\/\\\/maranhaotv.com.br\\\/index.php\\\/2024\\\/09\\\/07\\\/braide-mostra-sao-luis-que-nao-existe-em-horario-eleitoral\\\/#primaryimage\"},\"thumbnailUrl\":\"https:\\\/\\\/maranhaotv.com.br\\\/wp-content\\\/uploads\\\/2024\\\/09\\\/IMG_4836.jpeg\",\"datePublished\":\"2024-09-07T17:27:41+00:00\",\"dateModified\":\"2024-09-07T22:12:50+00:00\",\"breadcrumb\":{\"@id\":\"https:\\\/\\\/maranhaotv.com.br\\\/index.php\\\/2024\\\/09\\\/07\\\/braide-mostra-sao-luis-que-nao-existe-em-horario-eleitoral\\\/#breadcrumb\"},\"inLanguage\":\"pt-BR\",\"potentialAction\":[{\"@type\":\"ReadAction\",\"target\":[\"https:\\\/\\\/maranhaotv.com.br\\\/index.php\\\/2024\\\/09\\\/07\\\/braide-mostra-sao-luis-que-nao-existe-em-horario-eleitoral\\\/\"]}]},{\"@type\":\"ImageObject\",\"inLanguage\":\"pt-BR\",\"@id\":\"https:\\\/\\\/maranhaotv.com.br\\\/index.php\\\/2024\\\/09\\\/07\\\/braide-mostra-sao-luis-que-nao-existe-em-horario-eleitoral\\\/#primaryimage\",\"url\":\"https:\\\/\\\/maranhaotv.com.br\\\/wp-content\\\/uploads\\\/2024\\\/09\\\/IMG_4836.jpeg\",\"contentUrl\":\"https:\\\/\\\/maranhaotv.com.br\\\/wp-content\\\/uploads\\\/2024\\\/09\\\/IMG_4836.jpeg\",\"width\":726,\"height\":423},{\"@type\":\"BreadcrumbList\",\"@id\":\"https:\\\/\\\/maranhaotv.com.br\\\/index.php\\\/2024\\\/09\\\/07\\\/braide-mostra-sao-luis-que-nao-existe-em-horario-eleitoral\\\/#breadcrumb\",\"itemListElement\":[{\"@type\":\"ListItem\",\"position\":1,\"name\":\"In\u00edcio\",\"item\":\"https:\\\/\\\/maranhaotv.com.br\\\/\"},{\"@type\":\"ListItem\",\"position\":2,\"name\":\"Braide mostra S\u00e3o Lu\u00eds que n\u00e3o existe em hor\u00e1rio eleitoral\"}]},{\"@type\":\"WebSite\",\"@id\":\"https:\\\/\\\/maranhaotv.com.br\\\/#website\",\"url\":\"https:\\\/\\\/maranhaotv.com.br\\\/\",\"name\":\"Maranh\u00e3oTV\",\"description\":\"\",\"publisher\":{\"@id\":\"https:\\\/\\\/maranhaotv.com.br\\\/#organization\"},\"potentialAction\":[{\"@type\":\"SearchAction\",\"target\":{\"@type\":\"EntryPoint\",\"urlTemplate\":\"https:\\\/\\\/maranhaotv.com.br\\\/?s={search_term_string}\"},\"query-input\":{\"@type\":\"PropertyValueSpecification\",\"valueRequired\":true,\"valueName\":\"search_term_string\"}}],\"inLanguage\":\"pt-BR\"},{\"@type\":\"Organization\",\"@id\":\"https:\\\/\\\/maranhaotv.com.br\\\/#organization\",\"name\":\"Portal de Not\u00edcias\",\"url\":\"https:\\\/\\\/maranhaotv.com.br\\\/\",\"logo\":{\"@type\":\"ImageObject\",\"inLanguage\":\"pt-BR\",\"@id\":\"https:\\\/\\\/maranhaotv.com.br\\\/#\\\/schema\\\/logo\\\/image\\\/\",\"url\":\"https:\\\/\\\/maranhaotv.com.br\\\/wp-content\\\/uploads\\\/2024\\\/05\\\/cropped-cropped-avatar-1.png\",\"contentUrl\":\"https:\\\/\\\/maranhaotv.com.br\\\/wp-content\\\/uploads\\\/2024\\\/05\\\/cropped-cropped-avatar-1.png\",\"width\":792,\"height\":428,\"caption\":\"Portal de Not\u00edcias\"},\"image\":{\"@id\":\"https:\\\/\\\/maranhaotv.com.br\\\/#\\\/schema\\\/logo\\\/image\\\/\"},\"sameAs\":[\"https:\\\/\\\/www.facebook.com\\\/maiobaotv\",\"https:\\\/\\\/x.com\\\/sitemaranhaotv\",\"https:\\\/\\\/www.instagram.com\\\/maranhao.tv\",\"https:\\\/\\\/www.threads.net\\\/@maranhao.tv\"]},{\"@type\":\"Person\",\"@id\":\"https:\\\/\\\/maranhaotv.com.br\\\/#\\\/schema\\\/person\\\/3d54238e86b20bb5c89ab2fdb8f8829a\",\"name\":\"maranhaotv\",\"image\":{\"@type\":\"ImageObject\",\"inLanguage\":\"pt-BR\",\"@id\":\"https:\\\/\\\/secure.gravatar.com\\\/avatar\\\/8fadbca458d4cb68b1dd399ae9a40618d747bb1af65ac9fad21c89220a143eb4?s=96&d=mm&r=g\",\"url\":\"https:\\\/\\\/secure.gravatar.com\\\/avatar\\\/8fadbca458d4cb68b1dd399ae9a40618d747bb1af65ac9fad21c89220a143eb4?s=96&d=mm&r=g\",\"contentUrl\":\"https:\\\/\\\/secure.gravatar.com\\\/avatar\\\/8fadbca458d4cb68b1dd399ae9a40618d747bb1af65ac9fad21c89220a143eb4?s=96&d=mm&r=g\",\"caption\":\"maranhaotv\"},\"sameAs\":[\"https:\\\/\\\/maranhaotv.com.br\\\/\"],\"url\":\"https:\\\/\\\/maranhaotv.com.br\\\/index.php\\\/author\\\/maranhaotv\\\/\"}]}<\/script>\n<!-- \/ Yoast SEO plugin. -->","yoast_head_json":{"title":"Braide mostra S\u00e3o Lu\u00eds que n\u00e3o existe em hor\u00e1rio eleitoral - NOT\u00cdCIAS EM TEMPO REAL","robots":{"index":"index","follow":"follow","max-snippet":"max-snippet:-1","max-image-preview":"max-image-preview:large","max-video-preview":"max-video-preview:-1"},"canonical":"https:\/\/maranhaotv.com.br\/index.php\/2024\/09\/07\/braide-mostra-sao-luis-que-nao-existe-em-horario-eleitoral\/","og_locale":"pt_BR","og_type":"article","og_title":"Braide mostra S\u00e3o Lu\u00eds que n\u00e3o existe em hor\u00e1rio eleitoral - NOT\u00cdCIAS EM TEMPO REAL","og_description":"O uso que Eduardo Braide (PSD) decidiu dar aos pouco mais de dois minutos aos quais t\u00eam direito no hor\u00e1rio","og_url":"https:\/\/maranhaotv.com.br\/index.php\/2024\/09\/07\/braide-mostra-sao-luis-que-nao-existe-em-horario-eleitoral\/","og_site_name":"NOT\u00cdCIAS EM TEMPO REAL","article_publisher":"https:\/\/www.facebook.com\/maiobaotv","article_published_time":"2024-09-07T17:27:41+00:00","article_modified_time":"2024-09-07T22:12:50+00:00","og_image":[{"width":726,"height":423,"url":"https:\/\/maranhaotv.com.br\/wp-content\/uploads\/2024\/09\/IMG_4836.jpeg","type":"image\/jpeg"}],"author":"maranhaotv","twitter_card":"summary_large_image","twitter_creator":"@sitemaranhaotv","twitter_site":"@sitemaranhaotv","twitter_misc":{"Escrito por":"maranhaotv","Est. tempo de leitura":"1 minuto"},"schema":{"@context":"https:\/\/schema.org","@graph":[{"@type":"Article","@id":"https:\/\/maranhaotv.com.br\/index.php\/2024\/09\/07\/braide-mostra-sao-luis-que-nao-existe-em-horario-eleitoral\/#article","isPartOf":{"@id":"https:\/\/maranhaotv.com.br\/index.php\/2024\/09\/07\/braide-mostra-sao-luis-que-nao-existe-em-horario-eleitoral\/"},"author":{"name":"maranhaotv","@id":"https:\/\/maranhaotv.com.br\/#\/schema\/person\/3d54238e86b20bb5c89ab2fdb8f8829a"},"headline":"Braide mostra S\u00e3o Lu\u00eds que n\u00e3o existe em hor\u00e1rio eleitoral","datePublished":"2024-09-07T17:27:41+00:00","dateModified":"2024-09-07T22:12:50+00:00","mainEntityOfPage":{"@id":"https:\/\/maranhaotv.com.br\/index.php\/2024\/09\/07\/braide-mostra-sao-luis-que-nao-existe-em-horario-eleitoral\/"},"wordCount":208,"commentCount":0,"publisher":{"@id":"https:\/\/maranhaotv.com.br\/#organization"},"image":{"@id":"https:\/\/maranhaotv.com.br\/index.php\/2024\/09\/07\/braide-mostra-sao-luis-que-nao-existe-em-horario-eleitoral\/#primaryimage"},"thumbnailUrl":"https:\/\/maranhaotv.com.br\/wp-content\/uploads\/2024\/09\/IMG_4836.jpeg","articleSection":["not\u00edcias"],"inLanguage":"pt-BR","potentialAction":[{"@type":"CommentAction","name":"Comment","target":["https:\/\/maranhaotv.com.br\/index.php\/2024\/09\/07\/braide-mostra-sao-luis-que-nao-existe-em-horario-eleitoral\/#respond"]}]},{"@type":"WebPage","@id":"https:\/\/maranhaotv.com.br\/index.php\/2024\/09\/07\/braide-mostra-sao-luis-que-nao-existe-em-horario-eleitoral\/","url":"https:\/\/maranhaotv.com.br\/index.php\/2024\/09\/07\/braide-mostra-sao-luis-que-nao-existe-em-horario-eleitoral\/","name":"Braide mostra S\u00e3o Lu\u00eds que n\u00e3o existe em hor\u00e1rio eleitoral - NOT\u00cdCIAS EM TEMPO REAL","isPartOf":{"@id":"https:\/\/maranhaotv.com.br\/#website"},"primaryImageOfPage":{"@id":"https:\/\/maranhaotv.com.br\/index.php\/2024\/09\/07\/braide-mostra-sao-luis-que-nao-existe-em-horario-eleitoral\/#primaryimage"},"image":{"@id":"https:\/\/maranhaotv.com.br\/index.php\/2024\/09\/07\/braide-mostra-sao-luis-que-nao-existe-em-horario-eleitoral\/#primaryimage"},"thumbnailUrl":"https:\/\/maranhaotv.com.br\/wp-content\/uploads\/2024\/09\/IMG_4836.jpeg","datePublished":"2024-09-07T17:27:41+00:00","dateModified":"2024-09-07T22:12:50+00:00","breadcrumb":{"@id":"https:\/\/maranhaotv.com.br\/index.php\/2024\/09\/07\/braide-mostra-sao-luis-que-nao-existe-em-horario-eleitoral\/#breadcrumb"},"inLanguage":"pt-BR","potentialAction":[{"@type":"ReadAction","target":["https:\/\/maranhaotv.com.br\/index.php\/2024\/09\/07\/braide-mostra-sao-luis-que-nao-existe-em-horario-eleitoral\/"]}]},{"@type":"ImageObject","inLanguage":"pt-BR","@id":"https:\/\/maranhaotv.com.br\/index.php\/2024\/09\/07\/braide-mostra-sao-luis-que-nao-existe-em-horario-eleitoral\/#primaryimage","url":"https:\/\/maranhaotv.com.br\/wp-content\/uploads\/2024\/09\/IMG_4836.jpeg","contentUrl":"https:\/\/maranhaotv.com.br\/wp-content\/uploads\/2024\/09\/IMG_4836.jpeg","width":726,"height":423},{"@type":"BreadcrumbList","@id":"https:\/\/maranhaotv.com.br\/index.php\/2024\/09\/07\/braide-mostra-sao-luis-que-nao-existe-em-horario-eleitoral\/#breadcrumb","itemListElement":[{"@type":"ListItem","position":1,"name":"In\u00edcio","item":"https:\/\/maranhaotv.com.br\/"},{"@type":"ListItem","position":2,"name":"Braide mostra S\u00e3o Lu\u00eds que n\u00e3o existe em hor\u00e1rio eleitoral"}]},{"@type":"WebSite","@id":"https:\/\/maranhaotv.com.br\/#website","url":"https:\/\/maranhaotv.com.br\/","name":"Maranh\u00e3oTV","description":"","publisher":{"@id":"https:\/\/maranhaotv.com.br\/#organization"},"potentialAction":[{"@type":"SearchAction","target":{"@type":"EntryPoint","urlTemplate":"https:\/\/maranhaotv.com.br\/?s={search_term_string}"},"query-input":{"@type":"PropertyValueSpecification","valueRequired":true,"valueName":"search_term_string"}}],"inLanguage":"pt-BR"},{"@type":"Organization","@id":"https:\/\/maranhaotv.com.br\/#organization","name":"Portal de Not\u00edcias","url":"https:\/\/maranhaotv.com.br\/","logo":{"@type":"ImageObject","inLanguage":"pt-BR","@id":"https:\/\/maranhaotv.com.br\/#\/schema\/logo\/image\/","url":"https:\/\/maranhaotv.com.br\/wp-content\/uploads\/2024\/05\/cropped-cropped-avatar-1.png","contentUrl":"https:\/\/maranhaotv.com.br\/wp-content\/uploads\/2024\/05\/cropped-cropped-avatar-1.png","width":792,"height":428,"caption":"Portal de Not\u00edcias"},"image":{"@id":"https:\/\/maranhaotv.com.br\/#\/schema\/logo\/image\/"},"sameAs":["https:\/\/www.facebook.com\/maiobaotv","https:\/\/x.com\/sitemaranhaotv","https:\/\/www.instagram.com\/maranhao.tv","https:\/\/www.threads.net\/@maranhao.tv"]},{"@type":"Person","@id":"https:\/\/maranhaotv.com.br\/#\/schema\/person\/3d54238e86b20bb5c89ab2fdb8f8829a","name":"maranhaotv","image":{"@type":"ImageObject","inLanguage":"pt-BR","@id":"https:\/\/secure.gravatar.com\/avatar\/8fadbca458d4cb68b1dd399ae9a40618d747bb1af65ac9fad21c89220a143eb4?s=96&d=mm&r=g","url":"https:\/\/secure.gravatar.com\/avatar\/8fadbca458d4cb68b1dd399ae9a40618d747bb1af65ac9fad21c89220a143eb4?s=96&d=mm&r=g","contentUrl":"https:\/\/secure.gravatar.com\/avatar\/8fadbca458d4cb68b1dd399ae9a40618d747bb1af65ac9fad21c89220a143eb4?s=96&d=mm&r=g","caption":"maranhaotv"},"sameAs":["https:\/\/maranhaotv.com.br\/"],"url":"https:\/\/maranhaotv.com.br\/index.php\/author\/maranhaotv\/"}]}},"jetpack_featured_media_url":"https:\/\/maranhaotv.com.br\/wp-content\/uploads\/2024\/09\/IMG_4836.jpeg","jetpack_sharing_enabled":true,"_links":{"self":[{"href":"https:\/\/maranhaotv.com.br\/index.php\/wp-json\/wp\/v2\/posts\/37588","targetHints":{"allow":["GET"]}}],"collection":[{"href":"https:\/\/maranhaotv.com.br\/index.php\/wp-json\/wp\/v2\/posts"}],"about":[{"href":"https:\/\/maranhaotv.com.br\/index.php\/wp-json\/wp\/v2\/types\/post"}],"author":[{"embeddable":true,"href":"https:\/\/maranhaotv.com.br\/index.php\/wp-json\/wp\/v2\/users\/2"}],"replies":[{"embeddable":true,"href":"https:\/\/maranhaotv.com.br\/index.php\/wp-json\/wp\/v2\/comments?post=37588"}],"version-history":[{"count":2,"href":"https:\/\/maranhaotv.com.br\/index.php\/wp-json\/wp\/v2\/posts\/37588\/revisions"}],"predecessor-version":[{"id":37601,"href":"https:\/\/maranhaotv.com.br\/index.php\/wp-json\/wp\/v2\/posts\/37588\/revisions\/37601"}],"wp:featuredmedia":[{"embeddable":true,"href":"https:\/\/maranhaotv.com.br\/index.php\/wp-json\/wp\/v2\/media\/37587"}],"wp:attachment":[{"href":"https:\/\/maranhaotv.com.br\/index.php\/wp-json\/wp\/v2\/media?parent=37588"}],"wp:term":[{"taxonomy":"category","embeddable":true,"href":"https:\/\/maranhaotv.com.br\/index.php\/wp-json\/wp\/v2\/categories?post=37588"},{"taxonomy":"post_tag","embeddable":true,"href":"https:\/\/maranhaotv.com.br\/index.php\/wp-json\/wp\/v2\/tags?post=37588"}],"curies":[{"name":"wp","href":"https:\/\/api.w.org\/{rel}","templated":true}]}}