{"id":37598,"date":"2024-09-07T19:10:59","date_gmt":"2024-09-07T22:10:59","guid":{"rendered":"https:\/\/maranhaotv.com.br\/?p=37598"},"modified":"2024-09-07T19:41:27","modified_gmt":"2024-09-07T22:41:27","slug":"governador-carlos-brandao-pavimenta-diversos-bairros-com-bloquetes-em-paco-do-lumiar","status":"publish","type":"post","link":"https:\/\/maranhaotv.com.br\/index.php\/2024\/09\/07\/governador-carlos-brandao-pavimenta-diversos-bairros-com-bloquetes-em-paco-do-lumiar\/","title":{"rendered":"Governador Carlos Brand\u00e3o pavimenta diversos bairros com bloquetes em Pa\u00e7o do Lumiar"},"content":{"rendered":"\n<p><br \/>O Governador do Maranh\u00e3o, Carlos Brand\u00e3o, est\u00e1 transformando a infraestrutura de Pa\u00e7o do Lumiar com um ambicioso projeto de pavimenta\u00e7\u00e3o com bloquetes, abrangendo diversas vias que estavam em estado de abandono h\u00e1 d\u00e9cadas. A iniciativa visa melhorar a qualidade de vida dos moradores, proporcionando condi\u00e7\u00f5es adequadas de mobilidade e reduzindo os problemas causados por lama e poeira nas ruas.<br \/><br \/>Os moradores do munic\u00edpio, que enfrentavam dificuldades tanto no per\u00edodo de chuvas quanto na seca, comemoram as melhorias. <\/p>\n\n\n\n<p>&#8220;<strong><em>A gente sofria muito no tempo de chuva porque formava muita lama, ent\u00e3o aqui tinha muita dificuldade de locomo\u00e7\u00e3o. Quando chovia, era dif\u00edcil ir pro trabalho porque as ruas inundavam. No tempo de seca, muita poeira. Limpava a casa e ela n\u00e3o ficava limpa, sem contar a alergia. Gra\u00e7as a Deus veio essa obra maravilhosa&#8221;, relatou uma moradora local.<\/em><\/strong><br><br>As obras de pavimenta\u00e7\u00e3o j\u00e1 est\u00e3o em andamento em v\u00e1rias localidades, incluindo bairros como: Vila Cafeteira,&nbsp; Vila Vit\u00f3ria,&nbsp; Alto Paran\u00e3,&nbsp; Vila S\u00e3o Jos\u00e9, Residencial Maria Firmino, Residencial Orqu\u00eddea, Labelle Parque, dentre outros.<br><br>A pavimenta\u00e7\u00e3o com bloquetes \u00e9 uma alternativa sustent\u00e1vel e de r\u00e1pida execu\u00e7\u00e3o, que proporciona durabilidade e resist\u00eancia para as vias. Al\u00e9m disso, o material favorece a drenagem da \u00e1gua, reduzindo alagamentos e contribuindo para a manuten\u00e7\u00e3o das ruas. Com essas melhorias, a gest\u00e3o de Carlos Brand\u00e3o busca fortalecer a infraestrutura urbana de Pa\u00e7o do Lumiar, promovendo o desenvolvimento e garantindo melhores condi\u00e7\u00f5es de vida para a popula\u00e7\u00e3o local.<br><br>A continuidade dessas obras refor\u00e7a o compromisso do governador com o desenvolvimento das cidades maranhenses, levando infraestrutura de qualidade para \u00e1reas que historicamente foram negligenciadas. A expectativa \u00e9 que, com a conclus\u00e3o das obras, os moradores possam desfrutar de ruas mais seguras e acess\u00edveis, refletindo diretamente no bem-estar da comunidade.<\/p>\n\n\n\n<p><\/p>\n\n\n\n<figure class=\"wp-block-image size-large\"><img loading=\"lazy\" decoding=\"async\" width=\"1024\" height=\"768\" src=\"https:\/\/maranhaotv.com.br\/wp-content\/uploads\/2024\/09\/img-20240907-wa05398360207300345463297-1024x768.jpg\" alt=\"\" class=\"wp-image-37591\" srcset=\"https:\/\/maranhaotv.com.br\/wp-content\/uploads\/2024\/09\/img-20240907-wa05398360207300345463297-1024x768.jpg 1024w, https:\/\/maranhaotv.com.br\/wp-content\/uploads\/2024\/09\/img-20240907-wa05398360207300345463297-300x225.jpg 300w, https:\/\/maranhaotv.com.br\/wp-content\/uploads\/2024\/09\/img-20240907-wa05398360207300345463297-768x576.jpg 768w, https:\/\/maranhaotv.com.br\/wp-content\/uploads\/2024\/09\/img-20240907-wa05398360207300345463297-1536x1153.jpg 1536w, https:\/\/maranhaotv.com.br\/wp-content\/uploads\/2024\/09\/img-20240907-wa05398360207300345463297.jpg 1599w\" sizes=\"auto, (max-width: 1024px) 100vw, 1024px\" \/><\/figure>\n\n\n\n<figure class=\"wp-block-image\"><img loading=\"lazy\" decoding=\"async\" width=\"1024\" height=\"768\" src=\"https:\/\/maranhaotv.com.br\/wp-content\/uploads\/2024\/09\/img-20240907-wa05403774584578000432190-1024x768.jpg\" alt=\"\" class=\"wp-image-37590\" srcset=\"https:\/\/maranhaotv.com.br\/wp-content\/uploads\/2024\/09\/img-20240907-wa05403774584578000432190-1024x768.jpg 1024w, https:\/\/maranhaotv.com.br\/wp-content\/uploads\/2024\/09\/img-20240907-wa05403774584578000432190-300x225.jpg 300w, https:\/\/maranhaotv.com.br\/wp-content\/uploads\/2024\/09\/img-20240907-wa05403774584578000432190-768x576.jpg 768w, https:\/\/maranhaotv.com.br\/wp-content\/uploads\/2024\/09\/img-20240907-wa05403774584578000432190-1536x1153.jpg 1536w, https:\/\/maranhaotv.com.br\/wp-content\/uploads\/2024\/09\/img-20240907-wa05403774584578000432190.jpg 1599w\" sizes=\"auto, (max-width: 1024px) 100vw, 1024px\" \/><\/figure>\n\n\n\n<figure class=\"wp-block-image\"><img loading=\"lazy\" decoding=\"async\" width=\"576\" height=\"1024\" src=\"https:\/\/maranhaotv.com.br\/wp-content\/uploads\/2024\/09\/img-20240907-wa05417803973153501572977-576x1024.jpg\" alt=\"\" class=\"wp-image-37594\" srcset=\"https:\/\/maranhaotv.com.br\/wp-content\/uploads\/2024\/09\/img-20240907-wa05417803973153501572977-576x1024.jpg 576w, https:\/\/maranhaotv.com.br\/wp-content\/uploads\/2024\/09\/img-20240907-wa05417803973153501572977-169x300.jpg 169w, https:\/\/maranhaotv.com.br\/wp-content\/uploads\/2024\/09\/img-20240907-wa05417803973153501572977.jpg 720w\" sizes=\"auto, (max-width: 576px) 100vw, 576px\" \/><\/figure>\n\n\n\n<figure class=\"wp-block-image\"><img loading=\"lazy\" decoding=\"async\" width=\"576\" height=\"1024\" src=\"https:\/\/maranhaotv.com.br\/wp-content\/uploads\/2024\/09\/img-20240907-wa05423053115109232767472-576x1024.jpg\" alt=\"\" class=\"wp-image-37593\" srcset=\"https:\/\/maranhaotv.com.br\/wp-content\/uploads\/2024\/09\/img-20240907-wa05423053115109232767472-576x1024.jpg 576w, https:\/\/maranhaotv.com.br\/wp-content\/uploads\/2024\/09\/img-20240907-wa05423053115109232767472-169x300.jpg 169w, https:\/\/maranhaotv.com.br\/wp-content\/uploads\/2024\/09\/img-20240907-wa05423053115109232767472.jpg 720w\" sizes=\"auto, (max-width: 576px) 100vw, 576px\" \/><figcaption class=\"wp-element-caption\">Vila Cafeteira<\/figcaption><\/figure>\n\n\n\n<figure class=\"wp-block-image\"><img loading=\"lazy\" decoding=\"async\" width=\"1024\" height=\"768\" src=\"https:\/\/maranhaotv.com.br\/wp-content\/uploads\/2024\/09\/img-20240907-wa05368967661320299233520-1024x768.jpg\" alt=\"\" class=\"wp-image-37592\" srcset=\"https:\/\/maranhaotv.com.br\/wp-content\/uploads\/2024\/09\/img-20240907-wa05368967661320299233520-1024x768.jpg 1024w, https:\/\/maranhaotv.com.br\/wp-content\/uploads\/2024\/09\/img-20240907-wa05368967661320299233520-300x225.jpg 300w, https:\/\/maranhaotv.com.br\/wp-content\/uploads\/2024\/09\/img-20240907-wa05368967661320299233520-768x576.jpg 768w, https:\/\/maranhaotv.com.br\/wp-content\/uploads\/2024\/09\/img-20240907-wa05368967661320299233520-1536x1152.jpg 1536w, https:\/\/maranhaotv.com.br\/wp-content\/uploads\/2024\/09\/img-20240907-wa05368967661320299233520.jpg 1600w\" sizes=\"auto, (max-width: 1024px) 100vw, 1024px\" \/><\/figure>\n\n\n\n<figure class=\"wp-block-image\"><img loading=\"lazy\" decoding=\"async\" width=\"1024\" height=\"768\" src=\"https:\/\/maranhaotv.com.br\/wp-content\/uploads\/2024\/09\/img-20240907-wa05371166092664950956945-1024x768.jpg\" alt=\"\" class=\"wp-image-37596\" srcset=\"https:\/\/maranhaotv.com.br\/wp-content\/uploads\/2024\/09\/img-20240907-wa05371166092664950956945-1024x768.jpg 1024w, https:\/\/maranhaotv.com.br\/wp-content\/uploads\/2024\/09\/img-20240907-wa05371166092664950956945-300x225.jpg 300w, https:\/\/maranhaotv.com.br\/wp-content\/uploads\/2024\/09\/img-20240907-wa05371166092664950956945-768x576.jpg 768w, https:\/\/maranhaotv.com.br\/wp-content\/uploads\/2024\/09\/img-20240907-wa05371166092664950956945-1536x1152.jpg 1536w, https:\/\/maranhaotv.com.br\/wp-content\/uploads\/2024\/09\/img-20240907-wa05371166092664950956945.jpg 1600w\" sizes=\"auto, (max-width: 1024px) 100vw, 1024px\" \/><\/figure>\n\n\n\n<figure class=\"wp-block-image\"><img loading=\"lazy\" decoding=\"async\" width=\"1024\" height=\"685\" src=\"https:\/\/maranhaotv.com.br\/wp-content\/uploads\/2024\/09\/img-20240907-wa05384892661914843332398-1024x685.jpg\" alt=\"\" class=\"wp-image-37595\" srcset=\"https:\/\/maranhaotv.com.br\/wp-content\/uploads\/2024\/09\/img-20240907-wa05384892661914843332398-1024x685.jpg 1024w, https:\/\/maranhaotv.com.br\/wp-content\/uploads\/2024\/09\/img-20240907-wa05384892661914843332398-300x201.jpg 300w, https:\/\/maranhaotv.com.br\/wp-content\/uploads\/2024\/09\/img-20240907-wa05384892661914843332398-768x514.jpg 768w, https:\/\/maranhaotv.com.br\/wp-content\/uploads\/2024\/09\/img-20240907-wa05384892661914843332398-1536x1027.jpg 1536w, https:\/\/maranhaotv.com.br\/wp-content\/uploads\/2024\/09\/img-20240907-wa05384892661914843332398.jpg 1600w\" sizes=\"auto, (max-width: 1024px) 100vw, 1024px\" \/><figcaption class=\"wp-element-caption\">Vila Vit\u00f3ria <\/figcaption><\/figure>\n\n\n\n<p><\/p>\n","protected":false},"excerpt":{"rendered":"<p>O Governador do Maranh\u00e3o, Carlos Brand\u00e3o, est\u00e1 transformando a infraestrutura de Pa\u00e7o do Lumiar com um ambicioso projeto de pavimenta\u00e7\u00e3o<\/p>\n","protected":false},"author":2,"featured_media":37603,"comment_status":"open","ping_status":"open","sticky":false,"template":"","format":"standard","meta":{"colormag_page_container_layout":"default_layout","colormag_page_sidebar_layout":"default_layout","_jetpack_memberships_contains_paid_content":false,"footnotes":""},"categories":[2],"tags":[281],"class_list":["post-37598","post","type-post","status-publish","format-standard","has-post-thumbnail","hentry","category-noticias","tag-carlos-brandao"],"magazineBlocksPostFeaturedMedia":{"thumbnail":"https:\/\/maranhaotv.com.br\/wp-content\/uploads\/2024\/09\/image_editor_output_image-1961312166-1725747299942-150x150.jpg","medium":"https:\/\/maranhaotv.com.br\/wp-content\/uploads\/2024\/09\/image_editor_output_image-1961312166-1725747299942-300x187.jpg","medium_large":"https:\/\/maranhaotv.com.br\/wp-content\/uploads\/2024\/09\/image_editor_output_image-1961312166-1725747299942-768x480.jpg","large":"https:\/\/maranhaotv.com.br\/wp-content\/uploads\/2024\/09\/image_editor_output_image-1961312166-1725747299942-1024x640.jpg","1536x1536":"https:\/\/maranhaotv.com.br\/wp-content\/uploads\/2024\/09\/image_editor_output_image-1961312166-1725747299942-1536x959.jpg","2048x2048":"https:\/\/maranhaotv.com.br\/wp-content\/uploads\/2024\/09\/image_editor_output_image-1961312166-1725747299942-2048x1279.jpg","colormag-highlighted-post":"https:\/\/maranhaotv.com.br\/wp-content\/uploads\/2024\/09\/image_editor_output_image-1961312166-1725747299942-392x272.jpg","colormag-featured-post-medium":"https:\/\/maranhaotv.com.br\/wp-content\/uploads\/2024\/09\/image_editor_output_image-1961312166-1725747299942-390x205.jpg","colormag-featured-post-small":"https:\/\/maranhaotv.com.br\/wp-content\/uploads\/2024\/09\/image_editor_output_image-1961312166-1725747299942-130x90.jpg","colormag-featured-image":"https:\/\/maranhaotv.com.br\/wp-content\/uploads\/2024\/09\/image_editor_output_image-1961312166-1725747299942-800x445.jpg","colormag-default-news":"https:\/\/maranhaotv.com.br\/wp-content\/uploads\/2024\/09\/image_editor_output_image-1961312166-1725747299942-150x150.jpg","colormag-featured-image-large":"https:\/\/maranhaotv.com.br\/wp-content\/uploads\/2024\/09\/image_editor_output_image-1961312166-1725747299942-1400x600.jpg"},"magazineBlocksPostAuthor":{"name":"maranhaotv","avatar":"https:\/\/secure.gravatar.com\/avatar\/8fadbca458d4cb68b1dd399ae9a40618d747bb1af65ac9fad21c89220a143eb4?s=96&d=mm&r=g"},"magazineBlocksPostCommentsNumber":"0","magazineBlocksPostExcerpt":"O Governador do Maranh\u00e3o, Carlos Brand\u00e3o, est\u00e1 transformando a infraestrutura de Pa\u00e7o do Lumiar com um ambicioso projeto de pavimenta\u00e7\u00e3o","magazineBlocksPostCategories":["not\u00edcias"],"magazineBlocksPostViewCount":332,"magazineBlocksPostReadTime":2,"magazine_blocks_featured_image_url":{"full":["https:\/\/maranhaotv.com.br\/wp-content\/uploads\/2024\/09\/image_editor_output_image-1961312166-1725747299942.jpg",2560,1599,false],"medium":["https:\/\/maranhaotv.com.br\/wp-content\/uploads\/2024\/09\/image_editor_output_image-1961312166-1725747299942-300x187.jpg",300,187,true],"thumbnail":["https:\/\/maranhaotv.com.br\/wp-content\/uploads\/2024\/09\/image_editor_output_image-1961312166-1725747299942-150x150.jpg",150,150,true]},"magazine_blocks_author":{"display_name":"maranhaotv","author_link":"https:\/\/maranhaotv.com.br\/index.php\/author\/maranhaotv\/"},"magazine_blocks_comment":0,"magazine_blocks_author_image":"https:\/\/secure.gravatar.com\/avatar\/8fadbca458d4cb68b1dd399ae9a40618d747bb1af65ac9fad21c89220a143eb4?s=96&d=mm&r=g","magazine_blocks_category":"<a href=\"#\" class=\"category-link category-link-2\">not\u00edcias<\/a>","yoast_head":"<!-- This site is optimized with the Yoast SEO plugin v27.4 - https:\/\/yoast.com\/product\/yoast-seo-wordpress\/ -->\n<title>Governador Carlos Brand\u00e3o pavimenta diversos bairros com bloquetes em Pa\u00e7o do Lumiar - NOT\u00cdCIAS EM TEMPO REAL<\/title>\n<meta name=\"robots\" content=\"index, follow, max-snippet:-1, max-image-preview:large, max-video-preview:-1\" \/>\n<link rel=\"canonical\" href=\"https:\/\/maranhaotv.com.br\/index.php\/2024\/09\/07\/governador-carlos-brandao-pavimenta-diversos-bairros-com-bloquetes-em-paco-do-lumiar\/\" \/>\n<meta property=\"og:locale\" content=\"pt_BR\" \/>\n<meta property=\"og:type\" content=\"article\" \/>\n<meta property=\"og:title\" content=\"Governador Carlos Brand\u00e3o pavimenta diversos bairros com bloquetes em Pa\u00e7o do Lumiar - NOT\u00cdCIAS EM TEMPO REAL\" \/>\n<meta property=\"og:description\" content=\"O Governador do Maranh\u00e3o, Carlos Brand\u00e3o, est\u00e1 transformando a infraestrutura de Pa\u00e7o do Lumiar com um ambicioso projeto de pavimenta\u00e7\u00e3o\" \/>\n<meta property=\"og:url\" content=\"https:\/\/maranhaotv.com.br\/index.php\/2024\/09\/07\/governador-carlos-brandao-pavimenta-diversos-bairros-com-bloquetes-em-paco-do-lumiar\/\" \/>\n<meta property=\"og:site_name\" content=\"NOT\u00cdCIAS EM TEMPO REAL\" \/>\n<meta property=\"article:publisher\" content=\"https:\/\/www.facebook.com\/maiobaotv\" \/>\n<meta property=\"article:published_time\" content=\"2024-09-07T22:10:59+00:00\" \/>\n<meta property=\"article:modified_time\" content=\"2024-09-07T22:41:27+00:00\" \/>\n<meta property=\"og:image\" content=\"https:\/\/maranhaotv.com.br\/wp-content\/uploads\/2024\/09\/image_editor_output_image-1961312166-1725747299942.jpg\" \/>\n\t<meta property=\"og:image:width\" content=\"2560\" \/>\n\t<meta property=\"og:image:height\" content=\"1599\" \/>\n\t<meta property=\"og:image:type\" content=\"image\/jpeg\" \/>\n<meta name=\"author\" content=\"maranhaotv\" \/>\n<meta name=\"twitter:card\" content=\"summary_large_image\" \/>\n<meta name=\"twitter:creator\" content=\"@sitemaranhaotv\" \/>\n<meta name=\"twitter:site\" content=\"@sitemaranhaotv\" \/>\n<meta name=\"twitter:label1\" content=\"Escrito por\" \/>\n\t<meta name=\"twitter:data1\" content=\"maranhaotv\" \/>\n\t<meta name=\"twitter:label2\" content=\"Est. tempo de leitura\" \/>\n\t<meta name=\"twitter:data2\" content=\"2 minutos\" \/>\n<script type=\"application\/ld+json\" class=\"yoast-schema-graph\">{\"@context\":\"https:\\\/\\\/schema.org\",\"@graph\":[{\"@type\":\"Article\",\"@id\":\"https:\\\/\\\/maranhaotv.com.br\\\/index.php\\\/2024\\\/09\\\/07\\\/governador-carlos-brandao-pavimenta-diversos-bairros-com-bloquetes-em-paco-do-lumiar\\\/#article\",\"isPartOf\":{\"@id\":\"https:\\\/\\\/maranhaotv.com.br\\\/index.php\\\/2024\\\/09\\\/07\\\/governador-carlos-brandao-pavimenta-diversos-bairros-com-bloquetes-em-paco-do-lumiar\\\/\"},\"author\":{\"name\":\"maranhaotv\",\"@id\":\"https:\\\/\\\/maranhaotv.com.br\\\/#\\\/schema\\\/person\\\/3d54238e86b20bb5c89ab2fdb8f8829a\"},\"headline\":\"Governador Carlos Brand\u00e3o pavimenta diversos bairros com bloquetes em Pa\u00e7o do Lumiar\",\"datePublished\":\"2024-09-07T22:10:59+00:00\",\"dateModified\":\"2024-09-07T22:41:27+00:00\",\"mainEntityOfPage\":{\"@id\":\"https:\\\/\\\/maranhaotv.com.br\\\/index.php\\\/2024\\\/09\\\/07\\\/governador-carlos-brandao-pavimenta-diversos-bairros-com-bloquetes-em-paco-do-lumiar\\\/\"},\"wordCount\":340,\"commentCount\":0,\"publisher\":{\"@id\":\"https:\\\/\\\/maranhaotv.com.br\\\/#organization\"},\"image\":{\"@id\":\"https:\\\/\\\/maranhaotv.com.br\\\/index.php\\\/2024\\\/09\\\/07\\\/governador-carlos-brandao-pavimenta-diversos-bairros-com-bloquetes-em-paco-do-lumiar\\\/#primaryimage\"},\"thumbnailUrl\":\"https:\\\/\\\/maranhaotv.com.br\\\/wp-content\\\/uploads\\\/2024\\\/09\\\/image_editor_output_image-1961312166-1725747299942.jpg\",\"keywords\":[\"Carlos Brand\u00e3o\"],\"articleSection\":[\"not\u00edcias\"],\"inLanguage\":\"pt-BR\",\"potentialAction\":[{\"@type\":\"CommentAction\",\"name\":\"Comment\",\"target\":[\"https:\\\/\\\/maranhaotv.com.br\\\/index.php\\\/2024\\\/09\\\/07\\\/governador-carlos-brandao-pavimenta-diversos-bairros-com-bloquetes-em-paco-do-lumiar\\\/#respond\"]}]},{\"@type\":\"WebPage\",\"@id\":\"https:\\\/\\\/maranhaotv.com.br\\\/index.php\\\/2024\\\/09\\\/07\\\/governador-carlos-brandao-pavimenta-diversos-bairros-com-bloquetes-em-paco-do-lumiar\\\/\",\"url\":\"https:\\\/\\\/maranhaotv.com.br\\\/index.php\\\/2024\\\/09\\\/07\\\/governador-carlos-brandao-pavimenta-diversos-bairros-com-bloquetes-em-paco-do-lumiar\\\/\",\"name\":\"Governador Carlos Brand\u00e3o pavimenta diversos bairros com bloquetes em Pa\u00e7o do Lumiar - NOT\u00cdCIAS EM TEMPO REAL\",\"isPartOf\":{\"@id\":\"https:\\\/\\\/maranhaotv.com.br\\\/#website\"},\"primaryImageOfPage\":{\"@id\":\"https:\\\/\\\/maranhaotv.com.br\\\/index.php\\\/2024\\\/09\\\/07\\\/governador-carlos-brandao-pavimenta-diversos-bairros-com-bloquetes-em-paco-do-lumiar\\\/#primaryimage\"},\"image\":{\"@id\":\"https:\\\/\\\/maranhaotv.com.br\\\/index.php\\\/2024\\\/09\\\/07\\\/governador-carlos-brandao-pavimenta-diversos-bairros-com-bloquetes-em-paco-do-lumiar\\\/#primaryimage\"},\"thumbnailUrl\":\"https:\\\/\\\/maranhaotv.com.br\\\/wp-content\\\/uploads\\\/2024\\\/09\\\/image_editor_output_image-1961312166-1725747299942.jpg\",\"datePublished\":\"2024-09-07T22:10:59+00:00\",\"dateModified\":\"2024-09-07T22:41:27+00:00\",\"breadcrumb\":{\"@id\":\"https:\\\/\\\/maranhaotv.com.br\\\/index.php\\\/2024\\\/09\\\/07\\\/governador-carlos-brandao-pavimenta-diversos-bairros-com-bloquetes-em-paco-do-lumiar\\\/#breadcrumb\"},\"inLanguage\":\"pt-BR\",\"potentialAction\":[{\"@type\":\"ReadAction\",\"target\":[\"https:\\\/\\\/maranhaotv.com.br\\\/index.php\\\/2024\\\/09\\\/07\\\/governador-carlos-brandao-pavimenta-diversos-bairros-com-bloquetes-em-paco-do-lumiar\\\/\"]}]},{\"@type\":\"ImageObject\",\"inLanguage\":\"pt-BR\",\"@id\":\"https:\\\/\\\/maranhaotv.com.br\\\/index.php\\\/2024\\\/09\\\/07\\\/governador-carlos-brandao-pavimenta-diversos-bairros-com-bloquetes-em-paco-do-lumiar\\\/#primaryimage\",\"url\":\"https:\\\/\\\/maranhaotv.com.br\\\/wp-content\\\/uploads\\\/2024\\\/09\\\/image_editor_output_image-1961312166-1725747299942.jpg\",\"contentUrl\":\"https:\\\/\\\/maranhaotv.com.br\\\/wp-content\\\/uploads\\\/2024\\\/09\\\/image_editor_output_image-1961312166-1725747299942.jpg\",\"width\":2560,\"height\":1599},{\"@type\":\"BreadcrumbList\",\"@id\":\"https:\\\/\\\/maranhaotv.com.br\\\/index.php\\\/2024\\\/09\\\/07\\\/governador-carlos-brandao-pavimenta-diversos-bairros-com-bloquetes-em-paco-do-lumiar\\\/#breadcrumb\",\"itemListElement\":[{\"@type\":\"ListItem\",\"position\":1,\"name\":\"In\u00edcio\",\"item\":\"https:\\\/\\\/maranhaotv.com.br\\\/\"},{\"@type\":\"ListItem\",\"position\":2,\"name\":\"Governador Carlos Brand\u00e3o pavimenta diversos bairros com bloquetes em Pa\u00e7o do Lumiar\"}]},{\"@type\":\"WebSite\",\"@id\":\"https:\\\/\\\/maranhaotv.com.br\\\/#website\",\"url\":\"https:\\\/\\\/maranhaotv.com.br\\\/\",\"name\":\"Maranh\u00e3oTV\",\"description\":\"\",\"publisher\":{\"@id\":\"https:\\\/\\\/maranhaotv.com.br\\\/#organization\"},\"potentialAction\":[{\"@type\":\"SearchAction\",\"target\":{\"@type\":\"EntryPoint\",\"urlTemplate\":\"https:\\\/\\\/maranhaotv.com.br\\\/?s={search_term_string}\"},\"query-input\":{\"@type\":\"PropertyValueSpecification\",\"valueRequired\":true,\"valueName\":\"search_term_string\"}}],\"inLanguage\":\"pt-BR\"},{\"@type\":\"Organization\",\"@id\":\"https:\\\/\\\/maranhaotv.com.br\\\/#organization\",\"name\":\"Portal de Not\u00edcias\",\"url\":\"https:\\\/\\\/maranhaotv.com.br\\\/\",\"logo\":{\"@type\":\"ImageObject\",\"inLanguage\":\"pt-BR\",\"@id\":\"https:\\\/\\\/maranhaotv.com.br\\\/#\\\/schema\\\/logo\\\/image\\\/\",\"url\":\"https:\\\/\\\/maranhaotv.com.br\\\/wp-content\\\/uploads\\\/2024\\\/05\\\/cropped-cropped-avatar-1.png\",\"contentUrl\":\"https:\\\/\\\/maranhaotv.com.br\\\/wp-content\\\/uploads\\\/2024\\\/05\\\/cropped-cropped-avatar-1.png\",\"width\":792,\"height\":428,\"caption\":\"Portal de Not\u00edcias\"},\"image\":{\"@id\":\"https:\\\/\\\/maranhaotv.com.br\\\/#\\\/schema\\\/logo\\\/image\\\/\"},\"sameAs\":[\"https:\\\/\\\/www.facebook.com\\\/maiobaotv\",\"https:\\\/\\\/x.com\\\/sitemaranhaotv\",\"https:\\\/\\\/www.instagram.com\\\/maranhao.tv\",\"https:\\\/\\\/www.threads.net\\\/@maranhao.tv\"]},{\"@type\":\"Person\",\"@id\":\"https:\\\/\\\/maranhaotv.com.br\\\/#\\\/schema\\\/person\\\/3d54238e86b20bb5c89ab2fdb8f8829a\",\"name\":\"maranhaotv\",\"image\":{\"@type\":\"ImageObject\",\"inLanguage\":\"pt-BR\",\"@id\":\"https:\\\/\\\/secure.gravatar.com\\\/avatar\\\/8fadbca458d4cb68b1dd399ae9a40618d747bb1af65ac9fad21c89220a143eb4?s=96&d=mm&r=g\",\"url\":\"https:\\\/\\\/secure.gravatar.com\\\/avatar\\\/8fadbca458d4cb68b1dd399ae9a40618d747bb1af65ac9fad21c89220a143eb4?s=96&d=mm&r=g\",\"contentUrl\":\"https:\\\/\\\/secure.gravatar.com\\\/avatar\\\/8fadbca458d4cb68b1dd399ae9a40618d747bb1af65ac9fad21c89220a143eb4?s=96&d=mm&r=g\",\"caption\":\"maranhaotv\"},\"sameAs\":[\"https:\\\/\\\/maranhaotv.com.br\\\/\"],\"url\":\"https:\\\/\\\/maranhaotv.com.br\\\/index.php\\\/author\\\/maranhaotv\\\/\"}]}<\/script>\n<!-- \/ Yoast SEO plugin. -->","yoast_head_json":{"title":"Governador Carlos Brand\u00e3o pavimenta diversos bairros com bloquetes em Pa\u00e7o do Lumiar - NOT\u00cdCIAS EM TEMPO REAL","robots":{"index":"index","follow":"follow","max-snippet":"max-snippet:-1","max-image-preview":"max-image-preview:large","max-video-preview":"max-video-preview:-1"},"canonical":"https:\/\/maranhaotv.com.br\/index.php\/2024\/09\/07\/governador-carlos-brandao-pavimenta-diversos-bairros-com-bloquetes-em-paco-do-lumiar\/","og_locale":"pt_BR","og_type":"article","og_title":"Governador Carlos Brand\u00e3o pavimenta diversos bairros com bloquetes em Pa\u00e7o do Lumiar - NOT\u00cdCIAS EM TEMPO REAL","og_description":"O Governador do Maranh\u00e3o, Carlos Brand\u00e3o, est\u00e1 transformando a infraestrutura de Pa\u00e7o do Lumiar com um ambicioso projeto de pavimenta\u00e7\u00e3o","og_url":"https:\/\/maranhaotv.com.br\/index.php\/2024\/09\/07\/governador-carlos-brandao-pavimenta-diversos-bairros-com-bloquetes-em-paco-do-lumiar\/","og_site_name":"NOT\u00cdCIAS EM TEMPO REAL","article_publisher":"https:\/\/www.facebook.com\/maiobaotv","article_published_time":"2024-09-07T22:10:59+00:00","article_modified_time":"2024-09-07T22:41:27+00:00","og_image":[{"width":2560,"height":1599,"url":"https:\/\/maranhaotv.com.br\/wp-content\/uploads\/2024\/09\/image_editor_output_image-1961312166-1725747299942.jpg","type":"image\/jpeg"}],"author":"maranhaotv","twitter_card":"summary_large_image","twitter_creator":"@sitemaranhaotv","twitter_site":"@sitemaranhaotv","twitter_misc":{"Escrito por":"maranhaotv","Est. tempo de leitura":"2 minutos"},"schema":{"@context":"https:\/\/schema.org","@graph":[{"@type":"Article","@id":"https:\/\/maranhaotv.com.br\/index.php\/2024\/09\/07\/governador-carlos-brandao-pavimenta-diversos-bairros-com-bloquetes-em-paco-do-lumiar\/#article","isPartOf":{"@id":"https:\/\/maranhaotv.com.br\/index.php\/2024\/09\/07\/governador-carlos-brandao-pavimenta-diversos-bairros-com-bloquetes-em-paco-do-lumiar\/"},"author":{"name":"maranhaotv","@id":"https:\/\/maranhaotv.com.br\/#\/schema\/person\/3d54238e86b20bb5c89ab2fdb8f8829a"},"headline":"Governador Carlos Brand\u00e3o pavimenta diversos bairros com bloquetes em Pa\u00e7o do Lumiar","datePublished":"2024-09-07T22:10:59+00:00","dateModified":"2024-09-07T22:41:27+00:00","mainEntityOfPage":{"@id":"https:\/\/maranhaotv.com.br\/index.php\/2024\/09\/07\/governador-carlos-brandao-pavimenta-diversos-bairros-com-bloquetes-em-paco-do-lumiar\/"},"wordCount":340,"commentCount":0,"publisher":{"@id":"https:\/\/maranhaotv.com.br\/#organization"},"image":{"@id":"https:\/\/maranhaotv.com.br\/index.php\/2024\/09\/07\/governador-carlos-brandao-pavimenta-diversos-bairros-com-bloquetes-em-paco-do-lumiar\/#primaryimage"},"thumbnailUrl":"https:\/\/maranhaotv.com.br\/wp-content\/uploads\/2024\/09\/image_editor_output_image-1961312166-1725747299942.jpg","keywords":["Carlos Brand\u00e3o"],"articleSection":["not\u00edcias"],"inLanguage":"pt-BR","potentialAction":[{"@type":"CommentAction","name":"Comment","target":["https:\/\/maranhaotv.com.br\/index.php\/2024\/09\/07\/governador-carlos-brandao-pavimenta-diversos-bairros-com-bloquetes-em-paco-do-lumiar\/#respond"]}]},{"@type":"WebPage","@id":"https:\/\/maranhaotv.com.br\/index.php\/2024\/09\/07\/governador-carlos-brandao-pavimenta-diversos-bairros-com-bloquetes-em-paco-do-lumiar\/","url":"https:\/\/maranhaotv.com.br\/index.php\/2024\/09\/07\/governador-carlos-brandao-pavimenta-diversos-bairros-com-bloquetes-em-paco-do-lumiar\/","name":"Governador Carlos Brand\u00e3o pavimenta diversos bairros com bloquetes em Pa\u00e7o do Lumiar - NOT\u00cdCIAS EM TEMPO REAL","isPartOf":{"@id":"https:\/\/maranhaotv.com.br\/#website"},"primaryImageOfPage":{"@id":"https:\/\/maranhaotv.com.br\/index.php\/2024\/09\/07\/governador-carlos-brandao-pavimenta-diversos-bairros-com-bloquetes-em-paco-do-lumiar\/#primaryimage"},"image":{"@id":"https:\/\/maranhaotv.com.br\/index.php\/2024\/09\/07\/governador-carlos-brandao-pavimenta-diversos-bairros-com-bloquetes-em-paco-do-lumiar\/#primaryimage"},"thumbnailUrl":"https:\/\/maranhaotv.com.br\/wp-content\/uploads\/2024\/09\/image_editor_output_image-1961312166-1725747299942.jpg","datePublished":"2024-09-07T22:10:59+00:00","dateModified":"2024-09-07T22:41:27+00:00","breadcrumb":{"@id":"https:\/\/maranhaotv.com.br\/index.php\/2024\/09\/07\/governador-carlos-brandao-pavimenta-diversos-bairros-com-bloquetes-em-paco-do-lumiar\/#breadcrumb"},"inLanguage":"pt-BR","potentialAction":[{"@type":"ReadAction","target":["https:\/\/maranhaotv.com.br\/index.php\/2024\/09\/07\/governador-carlos-brandao-pavimenta-diversos-bairros-com-bloquetes-em-paco-do-lumiar\/"]}]},{"@type":"ImageObject","inLanguage":"pt-BR","@id":"https:\/\/maranhaotv.com.br\/index.php\/2024\/09\/07\/governador-carlos-brandao-pavimenta-diversos-bairros-com-bloquetes-em-paco-do-lumiar\/#primaryimage","url":"https:\/\/maranhaotv.com.br\/wp-content\/uploads\/2024\/09\/image_editor_output_image-1961312166-1725747299942.jpg","contentUrl":"https:\/\/maranhaotv.com.br\/wp-content\/uploads\/2024\/09\/image_editor_output_image-1961312166-1725747299942.jpg","width":2560,"height":1599},{"@type":"BreadcrumbList","@id":"https:\/\/maranhaotv.com.br\/index.php\/2024\/09\/07\/governador-carlos-brandao-pavimenta-diversos-bairros-com-bloquetes-em-paco-do-lumiar\/#breadcrumb","itemListElement":[{"@type":"ListItem","position":1,"name":"In\u00edcio","item":"https:\/\/maranhaotv.com.br\/"},{"@type":"ListItem","position":2,"name":"Governador Carlos Brand\u00e3o pavimenta diversos bairros com bloquetes em Pa\u00e7o do Lumiar"}]},{"@type":"WebSite","@id":"https:\/\/maranhaotv.com.br\/#website","url":"https:\/\/maranhaotv.com.br\/","name":"Maranh\u00e3oTV","description":"","publisher":{"@id":"https:\/\/maranhaotv.com.br\/#organization"},"potentialAction":[{"@type":"SearchAction","target":{"@type":"EntryPoint","urlTemplate":"https:\/\/maranhaotv.com.br\/?s={search_term_string}"},"query-input":{"@type":"PropertyValueSpecification","valueRequired":true,"valueName":"search_term_string"}}],"inLanguage":"pt-BR"},{"@type":"Organization","@id":"https:\/\/maranhaotv.com.br\/#organization","name":"Portal de Not\u00edcias","url":"https:\/\/maranhaotv.com.br\/","logo":{"@type":"ImageObject","inLanguage":"pt-BR","@id":"https:\/\/maranhaotv.com.br\/#\/schema\/logo\/image\/","url":"https:\/\/maranhaotv.com.br\/wp-content\/uploads\/2024\/05\/cropped-cropped-avatar-1.png","contentUrl":"https:\/\/maranhaotv.com.br\/wp-content\/uploads\/2024\/05\/cropped-cropped-avatar-1.png","width":792,"height":428,"caption":"Portal de Not\u00edcias"},"image":{"@id":"https:\/\/maranhaotv.com.br\/#\/schema\/logo\/image\/"},"sameAs":["https:\/\/www.facebook.com\/maiobaotv","https:\/\/x.com\/sitemaranhaotv","https:\/\/www.instagram.com\/maranhao.tv","https:\/\/www.threads.net\/@maranhao.tv"]},{"@type":"Person","@id":"https:\/\/maranhaotv.com.br\/#\/schema\/person\/3d54238e86b20bb5c89ab2fdb8f8829a","name":"maranhaotv","image":{"@type":"ImageObject","inLanguage":"pt-BR","@id":"https:\/\/secure.gravatar.com\/avatar\/8fadbca458d4cb68b1dd399ae9a40618d747bb1af65ac9fad21c89220a143eb4?s=96&d=mm&r=g","url":"https:\/\/secure.gravatar.com\/avatar\/8fadbca458d4cb68b1dd399ae9a40618d747bb1af65ac9fad21c89220a143eb4?s=96&d=mm&r=g","contentUrl":"https:\/\/secure.gravatar.com\/avatar\/8fadbca458d4cb68b1dd399ae9a40618d747bb1af65ac9fad21c89220a143eb4?s=96&d=mm&r=g","caption":"maranhaotv"},"sameAs":["https:\/\/maranhaotv.com.br\/"],"url":"https:\/\/maranhaotv.com.br\/index.php\/author\/maranhaotv\/"}]}},"jetpack_featured_media_url":"https:\/\/maranhaotv.com.br\/wp-content\/uploads\/2024\/09\/image_editor_output_image-1961312166-1725747299942.jpg","jetpack_sharing_enabled":true,"_links":{"self":[{"href":"https:\/\/maranhaotv.com.br\/index.php\/wp-json\/wp\/v2\/posts\/37598","targetHints":{"allow":["GET"]}}],"collection":[{"href":"https:\/\/maranhaotv.com.br\/index.php\/wp-json\/wp\/v2\/posts"}],"about":[{"href":"https:\/\/maranhaotv.com.br\/index.php\/wp-json\/wp\/v2\/types\/post"}],"author":[{"embeddable":true,"href":"https:\/\/maranhaotv.com.br\/index.php\/wp-json\/wp\/v2\/users\/2"}],"replies":[{"embeddable":true,"href":"https:\/\/maranhaotv.com.br\/index.php\/wp-json\/wp\/v2\/comments?post=37598"}],"version-history":[{"count":4,"href":"https:\/\/maranhaotv.com.br\/index.php\/wp-json\/wp\/v2\/posts\/37598\/revisions"}],"predecessor-version":[{"id":37604,"href":"https:\/\/maranhaotv.com.br\/index.php\/wp-json\/wp\/v2\/posts\/37598\/revisions\/37604"}],"wp:featuredmedia":[{"embeddable":true,"href":"https:\/\/maranhaotv.com.br\/index.php\/wp-json\/wp\/v2\/media\/37603"}],"wp:attachment":[{"href":"https:\/\/maranhaotv.com.br\/index.php\/wp-json\/wp\/v2\/media?parent=37598"}],"wp:term":[{"taxonomy":"category","embeddable":true,"href":"https:\/\/maranhaotv.com.br\/index.php\/wp-json\/wp\/v2\/categories?post=37598"},{"taxonomy":"post_tag","embeddable":true,"href":"https:\/\/maranhaotv.com.br\/index.php\/wp-json\/wp\/v2\/tags?post=37598"}],"curies":[{"name":"wp","href":"https:\/\/api.w.org\/{rel}","templated":true}]}}