{"id":37776,"date":"2024-09-17T20:39:04","date_gmt":"2024-09-17T23:39:04","guid":{"rendered":"https:\/\/maranhaotv.com.br\/?p=37776"},"modified":"2024-09-17T20:39:46","modified_gmt":"2024-09-17T23:39:46","slug":"governo-do-maranhao-e-grupo-vila-gale-assinam-termo-de-cessao-de-imoveis-para-implantacao-de-unidade-hoteleira-no-centro-historico-de-sao-luis","status":"publish","type":"post","link":"https:\/\/maranhaotv.com.br\/index.php\/2024\/09\/17\/governo-do-maranhao-e-grupo-vila-gale-assinam-termo-de-cessao-de-imoveis-para-implantacao-de-unidade-hoteleira-no-centro-historico-de-sao-luis\/","title":{"rendered":"Governo do Maranh\u00e3o e Grupo Vila Gal\u00e9 assinam termo de cess\u00e3o de im\u00f3veis para implanta\u00e7\u00e3o de unidade hoteleira no Centro Hist\u00f3rico de S\u00e3o Lu\u00eds"},"content":{"rendered":"\n<p><br><br>Para fortalecer a cadeia tur\u00edstica do estado e a revitaliza\u00e7\u00e3o do Centro Hist\u00f3rico de S\u00e3o Lu\u00eds, o Governo do Maranh\u00e3o e o Grupo Vila Gal\u00e9 assinaram termo de cess\u00e3o de uso de im\u00f3veis onde ser\u00e3o implantadas unidades da rede hoteleira na capital maranhense. Durante a solenidade, que aconteceu no Sal\u00e3o de Atos do Pal\u00e1cio dos Le\u00f5es, o governador Carlos Brand\u00e3o destacou os potenciais socioecon\u00f4micos do empreendimento, que vai gerar novos empregos no estado.<br><br>Foram cedidos ao Grupo Vila Gal\u00e9 os im\u00f3veis onde funcionavam a Casa do Maranh\u00e3o, na Rua do Trapiche, e o Largo do Com\u00e9rcio, onde funcionava a Defensoria P\u00fablica do Estado do Maranh\u00e3o (DPE-MA), na Rua da Estrela. Juntos os dois im\u00f3veis ter\u00e3o 140 apartamentos para hospedar os turistas que vierem conhecer a capital maranhense. O Grupo Vila Gal\u00e9 tamb\u00e9m recebeu a cess\u00e3o de um im\u00f3vel na Rua Portugal, n\u00ba 198, onde funcionar\u00e3o o setor administrativo das unidades, al\u00e9m de um restaurante.<br><br>Durante a solenidade de assinatura do termo de cess\u00e3o dos im\u00f3veis, o governador Carlos Brand\u00e3o afirmou que a chegada do grupo ao estado vai contribuiu para o desenvolvimento do potencial socioecon\u00f4mico do Centro Hist\u00f3rico de S\u00e3o Lu\u00eds, movimentando o setor de servi\u00e7os, turismo e a cultura.<br><br>\u201cA vinda do Vila Gal\u00e9 vai transformar nosso Centro Hist\u00f3rico, pois os hot\u00e9is funcionam 24h. Ent\u00e3o, isto representa movimento e habita\u00e7\u00e3o 100% do tempo na regi\u00e3o, o que atrai mais seguran\u00e7a, higiene, limpeza e a presta\u00e7\u00e3o de novos servi\u00e7os \u00e0 sociedade e aos turistas. Com isso, nosso turismo vai crescer muito, al\u00e9m das nossas atividades de lazer e culturais, gerando mais empregos e renda diretos e indiretos para a popula\u00e7\u00e3o\u201d, assinalou o governador Carlos Brand\u00e3o.<br><br>O presidente do Grupo Vila Gal\u00e9, Jos\u00e9 Rebelo de Almeida, ao se referir \u00e0 import\u00e2ncia dos investimentos na capital maranhense que incluem a recupera\u00e7\u00e3o de pr\u00e9dios hist\u00f3ricos para a implanta\u00e7\u00e3o dos novos empreendimentos do grupo, disse que a n\u00e3o preserva\u00e7\u00e3o da hist\u00f3ria das cidades representa o risco de perda da alma e identidade do lugar.<br><br>\u201cN\u00f3s acreditamos que turismo e cultura devem andar juntos. Na minha opini\u00e3o \u00e9 obriga\u00e7\u00e3o de todos n\u00f3s preservarmos e recuperarmos os centros hist\u00f3ricos por que s\u00e3o uma forma de mantermos viva a mem\u00f3ria daquilo que fizemos, mas pesando no futuro. E, quando se investe em infraestrutura para o turismo, antes de mais nada melhoramos a infraestrutura para quem vive na cidade. Por isso, o turismo \u00e9 um dos pilares do desenvolvimento econ\u00f4mico\u201d, informou Jos\u00e9 Rebelo de Almeida.<br><br>O secret\u00e1rio de Estado de Desenvolvimento Econ\u00f4mico e Programas Estrat\u00e9gicos (Sedepe), ressaltou que os novos investimentos privados que o Maranh\u00e3o est\u00e1 recebendo s\u00e3o uma grande chance para revitaliza\u00e7\u00e3o do Centro Hist\u00f3rico. \u201c\u00c9 muito importante n\u00e3o s\u00f3 para o turismo, mas para dinamizar toda aquela regi\u00e3o, que vai passar a ter vida no dia e \u00e0 noite com presta\u00e7\u00e3o de servi\u00e7os, movimento de pessoas, ocupando novos espa\u00e7os e com os novos atrativos que ser\u00e3o agregados\u201d, comentou.<br><br>Processo licitat\u00f3rio<br>A Maranh\u00e3o Parcerias (Mapa) \u00e9 respons\u00e1vel pela operacionaliza\u00e7\u00e3o, coordena\u00e7\u00e3o e fiscaliza\u00e7\u00e3o dos projetos de concess\u00e3o dos pr\u00e9dios p\u00fablicos para o empreendimento hoteleiro Vila Gal\u00e9.<br><br>De acordo com o presidente da Mapa, Cassiano Pereira Junior, a iniciativa ajuda a consolidar a voca\u00e7\u00e3o tur\u00edstica de S\u00e3o Lu\u00eds, gerando emprego e renda. \u201cCom estes investimentos privados, estamos garantindo emprego imediato atrav\u00e9s da constru\u00e7\u00e3o civil; por outro, a amplia\u00e7\u00e3o de leitos, competitividade para nossa capital e atra\u00e7\u00e3o de turismo, que certamente \u00e9 uma das principais estrat\u00e9gias para consolidar a economia\u201d, destacou.<br><br>Foram dois processos licitat\u00f3rios: o primeiro foi finalizado em 24 de janeiro deste ano referente ao im\u00f3vel Casa do Maranh\u00e3o. O segundo, denominado Sobrado Largo do Com\u00e9rcio, foi finalizado dia 10 deste m\u00eas. O grupo Vila Gal\u00e9 ganhou as duas licita\u00e7\u00f5es e o direito de operacionalizar o projeto hoteleiro por 33 anos.<br><br>O grupo hoteleiro ter\u00e1 a concess\u00e3o de uso, reforma, amplia\u00e7\u00e3o, moderniza\u00e7\u00e3o e opera\u00e7\u00e3o dos im\u00f3veis p\u00fablicos Casa do Maranh\u00e3o e Largo do Com\u00e9rcio, que ser\u00e3o transformados em um importante empreendimento tur\u00edstico.<br><br>Investimentos<br>O complexo hoteleiro, que ser\u00e1 formado pelos pr\u00e9dios, vai gerar um investimento de cerca de R$ 150 milh\u00f5es. <br><br>A expertise do Grupo Vila Gal\u00e9 fortalecer\u00e1 S\u00e3o Lu\u00eds no cen\u00e1rio tur\u00edstico internacional. \u201cEsta \u00e9 mais uma oportunidade de crescimento do turismo do nosso estado, pois o fluxo de turistas deve aumentar consideravelmente haja vista que ser\u00e3o 140 novos apartamentos dispon\u00edveis para hospedar nossos visitantes. E o Centro Hist\u00f3rico \u00e9 fundamental para o desenvolvimento do setor no nosso estado. Portanto, estes novos investimentos s\u00e3o muito importantes para o nosso estado\u201d, disse a secret\u00e1ria de Estado do Turismo, Socorro Ara\u00fajo.<br><br>Al\u00e9m do investimento privado nos im\u00f3veis, o Governo do Estado receber\u00e1 uma outorga de 2% da receita l\u00edquida anual. O grupo tamb\u00e9m far\u00e1 a manuten\u00e7\u00e3o e reforma de pr\u00e9dios p\u00fablicos no Centro Hist\u00f3rico, destinando at\u00e9 20% do valor da outorga que ser\u00e1 paga ao governo para essa finalidade.<br><br>Sobre o valor total do investimento, o governo ir\u00e1 receber, tamb\u00e9m, 10% referente ao seguro-garantia.<br><br><br>Gera\u00e7\u00e3o de emprego e renda<br>Ser\u00e3o 130 novas oportunidades de trabalho no im\u00f3vel Casa do Maranh\u00e3o; e 45 correspondentes ao Largo do Com\u00e9rcio, totalizando 175 empregos diretos fixos.<br><br>Fora isso, estima-se 367 empregos diretos e 700 indiretos que ser\u00e3o criados durante as obras, que ter\u00e3o um prazo de 2 anos de execu\u00e7\u00e3o.<br><br>O im\u00f3vel Casa do Maranh\u00e3o abrigava o Museu do Bumba Meu Boi, coordenado pela Secretaria de Estado da Cultura (Secma). Provisoriamente, o museu est\u00e1 funcionando no pr\u00e9dio da Reffsa, at\u00e9 que seja transferido de forma definitiva para o pr\u00e9dio da antiga sede da Secma, localizado na Rua Portugal. O pr\u00e9dio foi contemplado pelo Novo PAC e a reforma ser\u00e1 iniciada ainda este ano.<br><br>J\u00e1 o Centro de Refer\u00eancia Estadual da Economia Solid\u00e1ria (Cresol), coordenado pela Secretaria de Estado do Trabalho e Economia Solid\u00e1ria (Setres), que tamb\u00e9m funcionava na Casa do Maranh\u00e3o, ter\u00e1 sua administra\u00e7\u00e3o realocada para o Casar\u00e3o da Oleama, na Rua da Palma. A comercializa\u00e7\u00e3o dos artesanatos ser\u00e1 realizada em um casar\u00e3o na Rua Trapiche, antigo Castelo do Rock, que est\u00e1 em reforma cujas obras devem ser conclu\u00eddas em at\u00e9 tr\u00eas semanas.<br><br>Grupo Vila Gal\u00e9<br>O grupo Vila Gal\u00e9 \u00e9 um dos principais grupos hoteleiros portugueses e est\u00e1 agora na 120\u00ba posi\u00e7\u00e3o no ranking das 200 maiores empresas de hotelaria da revista Hotels.<br><br>\u00c9 atualmente respons\u00e1vel pela gest\u00e3o de 44 unidades hoteleiras, sendo 32 em Portugal, 1 em Cuba, 1 na Espanha e 10 no Brasil localizadas nos estados do Rio de Janeiro, S\u00e3o Paulo, Alagoas, Cear\u00e1, Bahia, Pernambuco e Rio Grande do Norte.<\/p>\n\n\n\n<figure class=\"wp-block-image size-large\"><img loading=\"lazy\" decoding=\"async\" width=\"819\" height=\"1024\" src=\"https:\/\/maranhaotv.com.br\/wp-content\/uploads\/2024\/09\/img-20240917-wa12712744604099236066462-819x1024.jpg\" alt=\"\" class=\"wp-image-37774\" srcset=\"https:\/\/maranhaotv.com.br\/wp-content\/uploads\/2024\/09\/img-20240917-wa12712744604099236066462-819x1024.jpg 819w, https:\/\/maranhaotv.com.br\/wp-content\/uploads\/2024\/09\/img-20240917-wa12712744604099236066462-240x300.jpg 240w, https:\/\/maranhaotv.com.br\/wp-content\/uploads\/2024\/09\/img-20240917-wa12712744604099236066462-768x960.jpg 768w, https:\/\/maranhaotv.com.br\/wp-content\/uploads\/2024\/09\/img-20240917-wa12712744604099236066462-1229x1536.jpg 1229w, https:\/\/maranhaotv.com.br\/wp-content\/uploads\/2024\/09\/img-20240917-wa12712744604099236066462.jpg 1280w\" sizes=\"auto, (max-width: 819px) 100vw, 819px\" \/><\/figure>\n","protected":false},"excerpt":{"rendered":"<p>Para fortalecer a cadeia tur\u00edstica do estado e a revitaliza\u00e7\u00e3o do Centro Hist\u00f3rico de S\u00e3o Lu\u00eds, o Governo do Maranh\u00e3o<\/p>\n","protected":false},"author":2,"featured_media":37775,"comment_status":"open","ping_status":"open","sticky":false,"template":"","format":"standard","meta":{"colormag_page_container_layout":"default_layout","colormag_page_sidebar_layout":"default_layout","_jetpack_memberships_contains_paid_content":false,"footnotes":""},"categories":[30],"tags":[],"class_list":["post-37776","post","type-post","status-publish","format-standard","has-post-thumbnail","hentry","category-cultura"],"magazineBlocksPostFeaturedMedia":{"thumbnail":"https:\/\/maranhaotv.com.br\/wp-content\/uploads\/2024\/09\/IMG-20240917-WA1272-150x150.jpg","medium":"https:\/\/maranhaotv.com.br\/wp-content\/uploads\/2024\/09\/IMG-20240917-WA1272-300x244.jpg","medium_large":"https:\/\/maranhaotv.com.br\/wp-content\/uploads\/2024\/09\/IMG-20240917-WA1272-768x625.jpg","large":"https:\/\/maranhaotv.com.br\/wp-content\/uploads\/2024\/09\/IMG-20240917-WA1272-1024x833.jpg","1536x1536":"https:\/\/maranhaotv.com.br\/wp-content\/uploads\/2024\/09\/IMG-20240917-WA1272-1536x1250.jpg","2048x2048":"https:\/\/maranhaotv.com.br\/wp-content\/uploads\/2024\/09\/IMG-20240917-WA1272.jpg","colormag-highlighted-post":"https:\/\/maranhaotv.com.br\/wp-content\/uploads\/2024\/09\/IMG-20240917-WA1272-392x272.jpg","colormag-featured-post-medium":"https:\/\/maranhaotv.com.br\/wp-content\/uploads\/2024\/09\/IMG-20240917-WA1272-390x205.jpg","colormag-featured-post-small":"https:\/\/maranhaotv.com.br\/wp-content\/uploads\/2024\/09\/IMG-20240917-WA1272-130x90.jpg","colormag-featured-image":"https:\/\/maranhaotv.com.br\/wp-content\/uploads\/2024\/09\/IMG-20240917-WA1272-800x445.jpg","colormag-default-news":"https:\/\/maranhaotv.com.br\/wp-content\/uploads\/2024\/09\/IMG-20240917-WA1272-150x150.jpg","colormag-featured-image-large":"https:\/\/maranhaotv.com.br\/wp-content\/uploads\/2024\/09\/IMG-20240917-WA1272-1400x600.jpg"},"magazineBlocksPostAuthor":{"name":"maranhaotv","avatar":"https:\/\/secure.gravatar.com\/avatar\/8fadbca458d4cb68b1dd399ae9a40618d747bb1af65ac9fad21c89220a143eb4?s=96&d=mm&r=g"},"magazineBlocksPostCommentsNumber":"0","magazineBlocksPostExcerpt":"Para fortalecer a cadeia tur\u00edstica do estado e a revitaliza\u00e7\u00e3o do Centro Hist\u00f3rico de S\u00e3o Lu\u00eds, o Governo do Maranh\u00e3o","magazineBlocksPostCategories":["cultura"],"magazineBlocksPostViewCount":259,"magazineBlocksPostReadTime":6,"magazine_blocks_featured_image_url":{"full":["https:\/\/maranhaotv.com.br\/wp-content\/uploads\/2024\/09\/IMG-20240917-WA1272.jpg",1600,1302,false],"medium":["https:\/\/maranhaotv.com.br\/wp-content\/uploads\/2024\/09\/IMG-20240917-WA1272-300x244.jpg",300,244,true],"thumbnail":["https:\/\/maranhaotv.com.br\/wp-content\/uploads\/2024\/09\/IMG-20240917-WA1272-150x150.jpg",150,150,true]},"magazine_blocks_author":{"display_name":"maranhaotv","author_link":"https:\/\/maranhaotv.com.br\/index.php\/author\/maranhaotv\/"},"magazine_blocks_comment":0,"magazine_blocks_author_image":"https:\/\/secure.gravatar.com\/avatar\/8fadbca458d4cb68b1dd399ae9a40618d747bb1af65ac9fad21c89220a143eb4?s=96&d=mm&r=g","magazine_blocks_category":"<a href=\"#\" class=\"category-link category-link-30\">cultura<\/a>","yoast_head":"<!-- This site is optimized with the Yoast SEO plugin v27.4 - https:\/\/yoast.com\/product\/yoast-seo-wordpress\/ -->\n<title>Governo do Maranh\u00e3o e Grupo Vila Gal\u00e9 assinam termo de cess\u00e3o de im\u00f3veis para implanta\u00e7\u00e3o de unidade hoteleira no Centro Hist\u00f3rico de S\u00e3o Lu\u00eds - NOT\u00cdCIAS EM TEMPO REAL<\/title>\n<meta name=\"robots\" content=\"index, follow, max-snippet:-1, max-image-preview:large, max-video-preview:-1\" \/>\n<link rel=\"canonical\" href=\"https:\/\/maranhaotv.com.br\/index.php\/2024\/09\/17\/governo-do-maranhao-e-grupo-vila-gale-assinam-termo-de-cessao-de-imoveis-para-implantacao-de-unidade-hoteleira-no-centro-historico-de-sao-luis\/\" \/>\n<meta property=\"og:locale\" content=\"pt_BR\" \/>\n<meta property=\"og:type\" content=\"article\" \/>\n<meta property=\"og:title\" content=\"Governo do Maranh\u00e3o e Grupo Vila Gal\u00e9 assinam termo de cess\u00e3o de im\u00f3veis para implanta\u00e7\u00e3o de unidade hoteleira no Centro Hist\u00f3rico de S\u00e3o Lu\u00eds - NOT\u00cdCIAS EM TEMPO REAL\" \/>\n<meta property=\"og:description\" content=\"Para fortalecer a cadeia tur\u00edstica do estado e a revitaliza\u00e7\u00e3o do Centro Hist\u00f3rico de S\u00e3o Lu\u00eds, o Governo do Maranh\u00e3o\" \/>\n<meta property=\"og:url\" content=\"https:\/\/maranhaotv.com.br\/index.php\/2024\/09\/17\/governo-do-maranhao-e-grupo-vila-gale-assinam-termo-de-cessao-de-imoveis-para-implantacao-de-unidade-hoteleira-no-centro-historico-de-sao-luis\/\" \/>\n<meta property=\"og:site_name\" content=\"NOT\u00cdCIAS EM TEMPO REAL\" \/>\n<meta property=\"article:publisher\" content=\"https:\/\/www.facebook.com\/maiobaotv\" \/>\n<meta property=\"article:published_time\" content=\"2024-09-17T23:39:04+00:00\" \/>\n<meta property=\"article:modified_time\" content=\"2024-09-17T23:39:46+00:00\" \/>\n<meta property=\"og:image\" content=\"https:\/\/maranhaotv.com.br\/wp-content\/uploads\/2024\/09\/IMG-20240917-WA1272.jpg\" \/>\n\t<meta property=\"og:image:width\" content=\"1600\" \/>\n\t<meta property=\"og:image:height\" content=\"1302\" \/>\n\t<meta property=\"og:image:type\" content=\"image\/jpeg\" \/>\n<meta name=\"author\" content=\"maranhaotv\" \/>\n<meta name=\"twitter:card\" content=\"summary_large_image\" \/>\n<meta name=\"twitter:creator\" content=\"@sitemaranhaotv\" \/>\n<meta name=\"twitter:site\" content=\"@sitemaranhaotv\" \/>\n<meta name=\"twitter:label1\" content=\"Escrito por\" \/>\n\t<meta name=\"twitter:data1\" content=\"maranhaotv\" \/>\n\t<meta name=\"twitter:label2\" content=\"Est. tempo de leitura\" \/>\n\t<meta name=\"twitter:data2\" content=\"6 minutos\" \/>\n<script type=\"application\/ld+json\" class=\"yoast-schema-graph\">{\"@context\":\"https:\\\/\\\/schema.org\",\"@graph\":[{\"@type\":\"Article\",\"@id\":\"https:\\\/\\\/maranhaotv.com.br\\\/index.php\\\/2024\\\/09\\\/17\\\/governo-do-maranhao-e-grupo-vila-gale-assinam-termo-de-cessao-de-imoveis-para-implantacao-de-unidade-hoteleira-no-centro-historico-de-sao-luis\\\/#article\",\"isPartOf\":{\"@id\":\"https:\\\/\\\/maranhaotv.com.br\\\/index.php\\\/2024\\\/09\\\/17\\\/governo-do-maranhao-e-grupo-vila-gale-assinam-termo-de-cessao-de-imoveis-para-implantacao-de-unidade-hoteleira-no-centro-historico-de-sao-luis\\\/\"},\"author\":{\"name\":\"maranhaotv\",\"@id\":\"https:\\\/\\\/maranhaotv.com.br\\\/#\\\/schema\\\/person\\\/3d54238e86b20bb5c89ab2fdb8f8829a\"},\"headline\":\"Governo do Maranh\u00e3o e Grupo Vila Gal\u00e9 assinam termo de cess\u00e3o de im\u00f3veis para implanta\u00e7\u00e3o de unidade hoteleira no Centro Hist\u00f3rico de S\u00e3o Lu\u00eds\",\"datePublished\":\"2024-09-17T23:39:04+00:00\",\"dateModified\":\"2024-09-17T23:39:46+00:00\",\"mainEntityOfPage\":{\"@id\":\"https:\\\/\\\/maranhaotv.com.br\\\/index.php\\\/2024\\\/09\\\/17\\\/governo-do-maranhao-e-grupo-vila-gale-assinam-termo-de-cessao-de-imoveis-para-implantacao-de-unidade-hoteleira-no-centro-historico-de-sao-luis\\\/\"},\"wordCount\":1221,\"commentCount\":0,\"publisher\":{\"@id\":\"https:\\\/\\\/maranhaotv.com.br\\\/#organization\"},\"image\":{\"@id\":\"https:\\\/\\\/maranhaotv.com.br\\\/index.php\\\/2024\\\/09\\\/17\\\/governo-do-maranhao-e-grupo-vila-gale-assinam-termo-de-cessao-de-imoveis-para-implantacao-de-unidade-hoteleira-no-centro-historico-de-sao-luis\\\/#primaryimage\"},\"thumbnailUrl\":\"https:\\\/\\\/maranhaotv.com.br\\\/wp-content\\\/uploads\\\/2024\\\/09\\\/IMG-20240917-WA1272.jpg\",\"articleSection\":[\"cultura\"],\"inLanguage\":\"pt-BR\",\"potentialAction\":[{\"@type\":\"CommentAction\",\"name\":\"Comment\",\"target\":[\"https:\\\/\\\/maranhaotv.com.br\\\/index.php\\\/2024\\\/09\\\/17\\\/governo-do-maranhao-e-grupo-vila-gale-assinam-termo-de-cessao-de-imoveis-para-implantacao-de-unidade-hoteleira-no-centro-historico-de-sao-luis\\\/#respond\"]}]},{\"@type\":\"WebPage\",\"@id\":\"https:\\\/\\\/maranhaotv.com.br\\\/index.php\\\/2024\\\/09\\\/17\\\/governo-do-maranhao-e-grupo-vila-gale-assinam-termo-de-cessao-de-imoveis-para-implantacao-de-unidade-hoteleira-no-centro-historico-de-sao-luis\\\/\",\"url\":\"https:\\\/\\\/maranhaotv.com.br\\\/index.php\\\/2024\\\/09\\\/17\\\/governo-do-maranhao-e-grupo-vila-gale-assinam-termo-de-cessao-de-imoveis-para-implantacao-de-unidade-hoteleira-no-centro-historico-de-sao-luis\\\/\",\"name\":\"Governo do Maranh\u00e3o e Grupo Vila Gal\u00e9 assinam termo de cess\u00e3o de im\u00f3veis para implanta\u00e7\u00e3o de unidade hoteleira no Centro Hist\u00f3rico de S\u00e3o Lu\u00eds - NOT\u00cdCIAS EM TEMPO REAL\",\"isPartOf\":{\"@id\":\"https:\\\/\\\/maranhaotv.com.br\\\/#website\"},\"primaryImageOfPage\":{\"@id\":\"https:\\\/\\\/maranhaotv.com.br\\\/index.php\\\/2024\\\/09\\\/17\\\/governo-do-maranhao-e-grupo-vila-gale-assinam-termo-de-cessao-de-imoveis-para-implantacao-de-unidade-hoteleira-no-centro-historico-de-sao-luis\\\/#primaryimage\"},\"image\":{\"@id\":\"https:\\\/\\\/maranhaotv.com.br\\\/index.php\\\/2024\\\/09\\\/17\\\/governo-do-maranhao-e-grupo-vila-gale-assinam-termo-de-cessao-de-imoveis-para-implantacao-de-unidade-hoteleira-no-centro-historico-de-sao-luis\\\/#primaryimage\"},\"thumbnailUrl\":\"https:\\\/\\\/maranhaotv.com.br\\\/wp-content\\\/uploads\\\/2024\\\/09\\\/IMG-20240917-WA1272.jpg\",\"datePublished\":\"2024-09-17T23:39:04+00:00\",\"dateModified\":\"2024-09-17T23:39:46+00:00\",\"breadcrumb\":{\"@id\":\"https:\\\/\\\/maranhaotv.com.br\\\/index.php\\\/2024\\\/09\\\/17\\\/governo-do-maranhao-e-grupo-vila-gale-assinam-termo-de-cessao-de-imoveis-para-implantacao-de-unidade-hoteleira-no-centro-historico-de-sao-luis\\\/#breadcrumb\"},\"inLanguage\":\"pt-BR\",\"potentialAction\":[{\"@type\":\"ReadAction\",\"target\":[\"https:\\\/\\\/maranhaotv.com.br\\\/index.php\\\/2024\\\/09\\\/17\\\/governo-do-maranhao-e-grupo-vila-gale-assinam-termo-de-cessao-de-imoveis-para-implantacao-de-unidade-hoteleira-no-centro-historico-de-sao-luis\\\/\"]}]},{\"@type\":\"ImageObject\",\"inLanguage\":\"pt-BR\",\"@id\":\"https:\\\/\\\/maranhaotv.com.br\\\/index.php\\\/2024\\\/09\\\/17\\\/governo-do-maranhao-e-grupo-vila-gale-assinam-termo-de-cessao-de-imoveis-para-implantacao-de-unidade-hoteleira-no-centro-historico-de-sao-luis\\\/#primaryimage\",\"url\":\"https:\\\/\\\/maranhaotv.com.br\\\/wp-content\\\/uploads\\\/2024\\\/09\\\/IMG-20240917-WA1272.jpg\",\"contentUrl\":\"https:\\\/\\\/maranhaotv.com.br\\\/wp-content\\\/uploads\\\/2024\\\/09\\\/IMG-20240917-WA1272.jpg\",\"width\":1600,\"height\":1302},{\"@type\":\"BreadcrumbList\",\"@id\":\"https:\\\/\\\/maranhaotv.com.br\\\/index.php\\\/2024\\\/09\\\/17\\\/governo-do-maranhao-e-grupo-vila-gale-assinam-termo-de-cessao-de-imoveis-para-implantacao-de-unidade-hoteleira-no-centro-historico-de-sao-luis\\\/#breadcrumb\",\"itemListElement\":[{\"@type\":\"ListItem\",\"position\":1,\"name\":\"In\u00edcio\",\"item\":\"https:\\\/\\\/maranhaotv.com.br\\\/\"},{\"@type\":\"ListItem\",\"position\":2,\"name\":\"Governo do Maranh\u00e3o e Grupo Vila Gal\u00e9 assinam termo de cess\u00e3o de im\u00f3veis para implanta\u00e7\u00e3o de unidade hoteleira no Centro Hist\u00f3rico de S\u00e3o Lu\u00eds\"}]},{\"@type\":\"WebSite\",\"@id\":\"https:\\\/\\\/maranhaotv.com.br\\\/#website\",\"url\":\"https:\\\/\\\/maranhaotv.com.br\\\/\",\"name\":\"Maranh\u00e3oTV\",\"description\":\"\",\"publisher\":{\"@id\":\"https:\\\/\\\/maranhaotv.com.br\\\/#organization\"},\"potentialAction\":[{\"@type\":\"SearchAction\",\"target\":{\"@type\":\"EntryPoint\",\"urlTemplate\":\"https:\\\/\\\/maranhaotv.com.br\\\/?s={search_term_string}\"},\"query-input\":{\"@type\":\"PropertyValueSpecification\",\"valueRequired\":true,\"valueName\":\"search_term_string\"}}],\"inLanguage\":\"pt-BR\"},{\"@type\":\"Organization\",\"@id\":\"https:\\\/\\\/maranhaotv.com.br\\\/#organization\",\"name\":\"Portal de Not\u00edcias\",\"url\":\"https:\\\/\\\/maranhaotv.com.br\\\/\",\"logo\":{\"@type\":\"ImageObject\",\"inLanguage\":\"pt-BR\",\"@id\":\"https:\\\/\\\/maranhaotv.com.br\\\/#\\\/schema\\\/logo\\\/image\\\/\",\"url\":\"https:\\\/\\\/maranhaotv.com.br\\\/wp-content\\\/uploads\\\/2024\\\/05\\\/cropped-cropped-avatar-1.png\",\"contentUrl\":\"https:\\\/\\\/maranhaotv.com.br\\\/wp-content\\\/uploads\\\/2024\\\/05\\\/cropped-cropped-avatar-1.png\",\"width\":792,\"height\":428,\"caption\":\"Portal de Not\u00edcias\"},\"image\":{\"@id\":\"https:\\\/\\\/maranhaotv.com.br\\\/#\\\/schema\\\/logo\\\/image\\\/\"},\"sameAs\":[\"https:\\\/\\\/www.facebook.com\\\/maiobaotv\",\"https:\\\/\\\/x.com\\\/sitemaranhaotv\",\"https:\\\/\\\/www.instagram.com\\\/maranhao.tv\",\"https:\\\/\\\/www.threads.net\\\/@maranhao.tv\"]},{\"@type\":\"Person\",\"@id\":\"https:\\\/\\\/maranhaotv.com.br\\\/#\\\/schema\\\/person\\\/3d54238e86b20bb5c89ab2fdb8f8829a\",\"name\":\"maranhaotv\",\"image\":{\"@type\":\"ImageObject\",\"inLanguage\":\"pt-BR\",\"@id\":\"https:\\\/\\\/secure.gravatar.com\\\/avatar\\\/8fadbca458d4cb68b1dd399ae9a40618d747bb1af65ac9fad21c89220a143eb4?s=96&d=mm&r=g\",\"url\":\"https:\\\/\\\/secure.gravatar.com\\\/avatar\\\/8fadbca458d4cb68b1dd399ae9a40618d747bb1af65ac9fad21c89220a143eb4?s=96&d=mm&r=g\",\"contentUrl\":\"https:\\\/\\\/secure.gravatar.com\\\/avatar\\\/8fadbca458d4cb68b1dd399ae9a40618d747bb1af65ac9fad21c89220a143eb4?s=96&d=mm&r=g\",\"caption\":\"maranhaotv\"},\"sameAs\":[\"https:\\\/\\\/maranhaotv.com.br\\\/\"],\"url\":\"https:\\\/\\\/maranhaotv.com.br\\\/index.php\\\/author\\\/maranhaotv\\\/\"}]}<\/script>\n<!-- \/ Yoast SEO plugin. -->","yoast_head_json":{"title":"Governo do Maranh\u00e3o e Grupo Vila Gal\u00e9 assinam termo de cess\u00e3o de im\u00f3veis para implanta\u00e7\u00e3o de unidade hoteleira no Centro Hist\u00f3rico de S\u00e3o Lu\u00eds - NOT\u00cdCIAS EM TEMPO REAL","robots":{"index":"index","follow":"follow","max-snippet":"max-snippet:-1","max-image-preview":"max-image-preview:large","max-video-preview":"max-video-preview:-1"},"canonical":"https:\/\/maranhaotv.com.br\/index.php\/2024\/09\/17\/governo-do-maranhao-e-grupo-vila-gale-assinam-termo-de-cessao-de-imoveis-para-implantacao-de-unidade-hoteleira-no-centro-historico-de-sao-luis\/","og_locale":"pt_BR","og_type":"article","og_title":"Governo do Maranh\u00e3o e Grupo Vila Gal\u00e9 assinam termo de cess\u00e3o de im\u00f3veis para implanta\u00e7\u00e3o de unidade hoteleira no Centro Hist\u00f3rico de S\u00e3o Lu\u00eds - NOT\u00cdCIAS EM TEMPO REAL","og_description":"Para fortalecer a cadeia tur\u00edstica do estado e a revitaliza\u00e7\u00e3o do Centro Hist\u00f3rico de S\u00e3o Lu\u00eds, o Governo do Maranh\u00e3o","og_url":"https:\/\/maranhaotv.com.br\/index.php\/2024\/09\/17\/governo-do-maranhao-e-grupo-vila-gale-assinam-termo-de-cessao-de-imoveis-para-implantacao-de-unidade-hoteleira-no-centro-historico-de-sao-luis\/","og_site_name":"NOT\u00cdCIAS EM TEMPO REAL","article_publisher":"https:\/\/www.facebook.com\/maiobaotv","article_published_time":"2024-09-17T23:39:04+00:00","article_modified_time":"2024-09-17T23:39:46+00:00","og_image":[{"width":1600,"height":1302,"url":"https:\/\/maranhaotv.com.br\/wp-content\/uploads\/2024\/09\/IMG-20240917-WA1272.jpg","type":"image\/jpeg"}],"author":"maranhaotv","twitter_card":"summary_large_image","twitter_creator":"@sitemaranhaotv","twitter_site":"@sitemaranhaotv","twitter_misc":{"Escrito por":"maranhaotv","Est. tempo de leitura":"6 minutos"},"schema":{"@context":"https:\/\/schema.org","@graph":[{"@type":"Article","@id":"https:\/\/maranhaotv.com.br\/index.php\/2024\/09\/17\/governo-do-maranhao-e-grupo-vila-gale-assinam-termo-de-cessao-de-imoveis-para-implantacao-de-unidade-hoteleira-no-centro-historico-de-sao-luis\/#article","isPartOf":{"@id":"https:\/\/maranhaotv.com.br\/index.php\/2024\/09\/17\/governo-do-maranhao-e-grupo-vila-gale-assinam-termo-de-cessao-de-imoveis-para-implantacao-de-unidade-hoteleira-no-centro-historico-de-sao-luis\/"},"author":{"name":"maranhaotv","@id":"https:\/\/maranhaotv.com.br\/#\/schema\/person\/3d54238e86b20bb5c89ab2fdb8f8829a"},"headline":"Governo do Maranh\u00e3o e Grupo Vila Gal\u00e9 assinam termo de cess\u00e3o de im\u00f3veis para implanta\u00e7\u00e3o de unidade hoteleira no Centro Hist\u00f3rico de S\u00e3o Lu\u00eds","datePublished":"2024-09-17T23:39:04+00:00","dateModified":"2024-09-17T23:39:46+00:00","mainEntityOfPage":{"@id":"https:\/\/maranhaotv.com.br\/index.php\/2024\/09\/17\/governo-do-maranhao-e-grupo-vila-gale-assinam-termo-de-cessao-de-imoveis-para-implantacao-de-unidade-hoteleira-no-centro-historico-de-sao-luis\/"},"wordCount":1221,"commentCount":0,"publisher":{"@id":"https:\/\/maranhaotv.com.br\/#organization"},"image":{"@id":"https:\/\/maranhaotv.com.br\/index.php\/2024\/09\/17\/governo-do-maranhao-e-grupo-vila-gale-assinam-termo-de-cessao-de-imoveis-para-implantacao-de-unidade-hoteleira-no-centro-historico-de-sao-luis\/#primaryimage"},"thumbnailUrl":"https:\/\/maranhaotv.com.br\/wp-content\/uploads\/2024\/09\/IMG-20240917-WA1272.jpg","articleSection":["cultura"],"inLanguage":"pt-BR","potentialAction":[{"@type":"CommentAction","name":"Comment","target":["https:\/\/maranhaotv.com.br\/index.php\/2024\/09\/17\/governo-do-maranhao-e-grupo-vila-gale-assinam-termo-de-cessao-de-imoveis-para-implantacao-de-unidade-hoteleira-no-centro-historico-de-sao-luis\/#respond"]}]},{"@type":"WebPage","@id":"https:\/\/maranhaotv.com.br\/index.php\/2024\/09\/17\/governo-do-maranhao-e-grupo-vila-gale-assinam-termo-de-cessao-de-imoveis-para-implantacao-de-unidade-hoteleira-no-centro-historico-de-sao-luis\/","url":"https:\/\/maranhaotv.com.br\/index.php\/2024\/09\/17\/governo-do-maranhao-e-grupo-vila-gale-assinam-termo-de-cessao-de-imoveis-para-implantacao-de-unidade-hoteleira-no-centro-historico-de-sao-luis\/","name":"Governo do Maranh\u00e3o e Grupo Vila Gal\u00e9 assinam termo de cess\u00e3o de im\u00f3veis para implanta\u00e7\u00e3o de unidade hoteleira no Centro Hist\u00f3rico de S\u00e3o Lu\u00eds - NOT\u00cdCIAS EM TEMPO REAL","isPartOf":{"@id":"https:\/\/maranhaotv.com.br\/#website"},"primaryImageOfPage":{"@id":"https:\/\/maranhaotv.com.br\/index.php\/2024\/09\/17\/governo-do-maranhao-e-grupo-vila-gale-assinam-termo-de-cessao-de-imoveis-para-implantacao-de-unidade-hoteleira-no-centro-historico-de-sao-luis\/#primaryimage"},"image":{"@id":"https:\/\/maranhaotv.com.br\/index.php\/2024\/09\/17\/governo-do-maranhao-e-grupo-vila-gale-assinam-termo-de-cessao-de-imoveis-para-implantacao-de-unidade-hoteleira-no-centro-historico-de-sao-luis\/#primaryimage"},"thumbnailUrl":"https:\/\/maranhaotv.com.br\/wp-content\/uploads\/2024\/09\/IMG-20240917-WA1272.jpg","datePublished":"2024-09-17T23:39:04+00:00","dateModified":"2024-09-17T23:39:46+00:00","breadcrumb":{"@id":"https:\/\/maranhaotv.com.br\/index.php\/2024\/09\/17\/governo-do-maranhao-e-grupo-vila-gale-assinam-termo-de-cessao-de-imoveis-para-implantacao-de-unidade-hoteleira-no-centro-historico-de-sao-luis\/#breadcrumb"},"inLanguage":"pt-BR","potentialAction":[{"@type":"ReadAction","target":["https:\/\/maranhaotv.com.br\/index.php\/2024\/09\/17\/governo-do-maranhao-e-grupo-vila-gale-assinam-termo-de-cessao-de-imoveis-para-implantacao-de-unidade-hoteleira-no-centro-historico-de-sao-luis\/"]}]},{"@type":"ImageObject","inLanguage":"pt-BR","@id":"https:\/\/maranhaotv.com.br\/index.php\/2024\/09\/17\/governo-do-maranhao-e-grupo-vila-gale-assinam-termo-de-cessao-de-imoveis-para-implantacao-de-unidade-hoteleira-no-centro-historico-de-sao-luis\/#primaryimage","url":"https:\/\/maranhaotv.com.br\/wp-content\/uploads\/2024\/09\/IMG-20240917-WA1272.jpg","contentUrl":"https:\/\/maranhaotv.com.br\/wp-content\/uploads\/2024\/09\/IMG-20240917-WA1272.jpg","width":1600,"height":1302},{"@type":"BreadcrumbList","@id":"https:\/\/maranhaotv.com.br\/index.php\/2024\/09\/17\/governo-do-maranhao-e-grupo-vila-gale-assinam-termo-de-cessao-de-imoveis-para-implantacao-de-unidade-hoteleira-no-centro-historico-de-sao-luis\/#breadcrumb","itemListElement":[{"@type":"ListItem","position":1,"name":"In\u00edcio","item":"https:\/\/maranhaotv.com.br\/"},{"@type":"ListItem","position":2,"name":"Governo do Maranh\u00e3o e Grupo Vila Gal\u00e9 assinam termo de cess\u00e3o de im\u00f3veis para implanta\u00e7\u00e3o de unidade hoteleira no Centro Hist\u00f3rico de S\u00e3o Lu\u00eds"}]},{"@type":"WebSite","@id":"https:\/\/maranhaotv.com.br\/#website","url":"https:\/\/maranhaotv.com.br\/","name":"Maranh\u00e3oTV","description":"","publisher":{"@id":"https:\/\/maranhaotv.com.br\/#organization"},"potentialAction":[{"@type":"SearchAction","target":{"@type":"EntryPoint","urlTemplate":"https:\/\/maranhaotv.com.br\/?s={search_term_string}"},"query-input":{"@type":"PropertyValueSpecification","valueRequired":true,"valueName":"search_term_string"}}],"inLanguage":"pt-BR"},{"@type":"Organization","@id":"https:\/\/maranhaotv.com.br\/#organization","name":"Portal de Not\u00edcias","url":"https:\/\/maranhaotv.com.br\/","logo":{"@type":"ImageObject","inLanguage":"pt-BR","@id":"https:\/\/maranhaotv.com.br\/#\/schema\/logo\/image\/","url":"https:\/\/maranhaotv.com.br\/wp-content\/uploads\/2024\/05\/cropped-cropped-avatar-1.png","contentUrl":"https:\/\/maranhaotv.com.br\/wp-content\/uploads\/2024\/05\/cropped-cropped-avatar-1.png","width":792,"height":428,"caption":"Portal de Not\u00edcias"},"image":{"@id":"https:\/\/maranhaotv.com.br\/#\/schema\/logo\/image\/"},"sameAs":["https:\/\/www.facebook.com\/maiobaotv","https:\/\/x.com\/sitemaranhaotv","https:\/\/www.instagram.com\/maranhao.tv","https:\/\/www.threads.net\/@maranhao.tv"]},{"@type":"Person","@id":"https:\/\/maranhaotv.com.br\/#\/schema\/person\/3d54238e86b20bb5c89ab2fdb8f8829a","name":"maranhaotv","image":{"@type":"ImageObject","inLanguage":"pt-BR","@id":"https:\/\/secure.gravatar.com\/avatar\/8fadbca458d4cb68b1dd399ae9a40618d747bb1af65ac9fad21c89220a143eb4?s=96&d=mm&r=g","url":"https:\/\/secure.gravatar.com\/avatar\/8fadbca458d4cb68b1dd399ae9a40618d747bb1af65ac9fad21c89220a143eb4?s=96&d=mm&r=g","contentUrl":"https:\/\/secure.gravatar.com\/avatar\/8fadbca458d4cb68b1dd399ae9a40618d747bb1af65ac9fad21c89220a143eb4?s=96&d=mm&r=g","caption":"maranhaotv"},"sameAs":["https:\/\/maranhaotv.com.br\/"],"url":"https:\/\/maranhaotv.com.br\/index.php\/author\/maranhaotv\/"}]}},"jetpack_featured_media_url":"https:\/\/maranhaotv.com.br\/wp-content\/uploads\/2024\/09\/IMG-20240917-WA1272.jpg","jetpack_sharing_enabled":true,"_links":{"self":[{"href":"https:\/\/maranhaotv.com.br\/index.php\/wp-json\/wp\/v2\/posts\/37776","targetHints":{"allow":["GET"]}}],"collection":[{"href":"https:\/\/maranhaotv.com.br\/index.php\/wp-json\/wp\/v2\/posts"}],"about":[{"href":"https:\/\/maranhaotv.com.br\/index.php\/wp-json\/wp\/v2\/types\/post"}],"author":[{"embeddable":true,"href":"https:\/\/maranhaotv.com.br\/index.php\/wp-json\/wp\/v2\/users\/2"}],"replies":[{"embeddable":true,"href":"https:\/\/maranhaotv.com.br\/index.php\/wp-json\/wp\/v2\/comments?post=37776"}],"version-history":[{"count":1,"href":"https:\/\/maranhaotv.com.br\/index.php\/wp-json\/wp\/v2\/posts\/37776\/revisions"}],"predecessor-version":[{"id":37777,"href":"https:\/\/maranhaotv.com.br\/index.php\/wp-json\/wp\/v2\/posts\/37776\/revisions\/37777"}],"wp:featuredmedia":[{"embeddable":true,"href":"https:\/\/maranhaotv.com.br\/index.php\/wp-json\/wp\/v2\/media\/37775"}],"wp:attachment":[{"href":"https:\/\/maranhaotv.com.br\/index.php\/wp-json\/wp\/v2\/media?parent=37776"}],"wp:term":[{"taxonomy":"category","embeddable":true,"href":"https:\/\/maranhaotv.com.br\/index.php\/wp-json\/wp\/v2\/categories?post=37776"},{"taxonomy":"post_tag","embeddable":true,"href":"https:\/\/maranhaotv.com.br\/index.php\/wp-json\/wp\/v2\/tags?post=37776"}],"curies":[{"name":"wp","href":"https:\/\/api.w.org\/{rel}","templated":true}]}}