{"id":37779,"date":"2024-09-18T07:51:37","date_gmt":"2024-09-18T10:51:37","guid":{"rendered":"https:\/\/maranhaotv.com.br\/?p=37779"},"modified":"2024-09-18T08:03:10","modified_gmt":"2024-09-18T11:03:10","slug":"acao-publica-por-improbidade-administrativa-apresentada-pelo-ministerio-publico-pede-afastamento-da-prefeita-de-timon","status":"publish","type":"post","link":"https:\/\/maranhaotv.com.br\/index.php\/2024\/09\/18\/acao-publica-por-improbidade-administrativa-apresentada-pelo-ministerio-publico-pede-afastamento-da-prefeita-de-timon\/","title":{"rendered":"A\u00e7\u00e3o P\u00fablica por improbidade administrativa apresentada pelo Minist\u00e9rio P\u00fablico pede afastamento da prefeita de Timon"},"content":{"rendered":"\n<p><br><br>Ap\u00f3s den\u00fancia recebida pelo Minist\u00e9rio P\u00fablico do Maranh\u00e3o, que informava sobre contrata\u00e7\u00f5es irregulares feitas pela prefeita de Timon, Dinair Veloso, foram realizadas dilig\u00eancias e constatadas as contrata\u00e7\u00f5es de servidores fantasmas.<br><br>Os poss\u00edveis servidores fantasmas contratados pela prefeita Dinair n\u00e3o teriam como prestar servi\u00e7o ao munic\u00edpio, pois j\u00e1 seriam funcion\u00e1rios de empresas privadas. Alguns desses \u201cservidores\u201d seriam, inclusive, familiares de um vereador da cidade. E se isso n\u00e3o bastasse, esse esc\u00e2ndalo ainda conta com o pagamento de horas extras num total de aproximadamente dois milh\u00f5es e meio de reais, somente no ano de 2023.<br><br>Todos esses fatos levaram a prefeita de Timon a exceder o limite de despesa com pessoal, que deveria ser de at\u00e9 54%, mas que j\u00e1 somou mais de 62%.<br><br>O Minist\u00e9rio P\u00fablico de Contas, ap\u00f3s as constata\u00e7\u00f5es, determinou que o munic\u00edpio de Timon e a Prefeita Dinair n\u00e3o realizassem novas contrata\u00e7\u00f5es e pagamentos de horas extras, a n\u00e3o ser nas exce\u00e7\u00f5es previstas pela Lei de Diretrizes Or\u00e7ament\u00e1rias \u2013 LDO, que incluem os servidores da sa\u00fade e aposentados.<br><br>Agora, a A\u00e7\u00e3o P\u00fablica por improbidade administrativa apresentada pelo Minist\u00e9rio P\u00fablico, que j\u00e1 est\u00e1 no TJMA, solicita o afastamento da prefeita Dinair. Ela foi citada no \u00faltimo dia 13 para apresentar defesa. Dinair tem 15 dias para se explicar e aguardar, rezando, para n\u00e3o ter um fim de governo fora do poder!<br><br>Por Jorge Arag\u00e3o<\/p>\n","protected":false},"excerpt":{"rendered":"<p>Ap\u00f3s den\u00fancia recebida pelo Minist\u00e9rio P\u00fablico do Maranh\u00e3o, que informava sobre contrata\u00e7\u00f5es irregulares feitas pela prefeita de Timon, Dinair Veloso,<\/p>\n","protected":false},"author":2,"featured_media":37778,"comment_status":"open","ping_status":"open","sticky":false,"template":"","format":"standard","meta":{"colormag_page_container_layout":"default_layout","colormag_page_sidebar_layout":"default_layout","_jetpack_memberships_contains_paid_content":false,"footnotes":""},"categories":[6],"tags":[],"class_list":["post-37779","post","type-post","status-publish","format-standard","has-post-thumbnail","hentry","category-politica"],"magazineBlocksPostFeaturedMedia":{"thumbnail":"https:\/\/maranhaotv.com.br\/wp-content\/uploads\/2024\/09\/IMG-20240918-WA0129-150x150.jpg","medium":"https:\/\/maranhaotv.com.br\/wp-content\/uploads\/2024\/09\/IMG-20240918-WA0129-300x208.jpg","medium_large":"https:\/\/maranhaotv.com.br\/wp-content\/uploads\/2024\/09\/IMG-20240918-WA0129.jpg","large":"https:\/\/maranhaotv.com.br\/wp-content\/uploads\/2024\/09\/IMG-20240918-WA0129.jpg","1536x1536":"https:\/\/maranhaotv.com.br\/wp-content\/uploads\/2024\/09\/IMG-20240918-WA0129.jpg","2048x2048":"https:\/\/maranhaotv.com.br\/wp-content\/uploads\/2024\/09\/IMG-20240918-WA0129.jpg","colormag-highlighted-post":"https:\/\/maranhaotv.com.br\/wp-content\/uploads\/2024\/09\/IMG-20240918-WA0129-392x272.jpg","colormag-featured-post-medium":"https:\/\/maranhaotv.com.br\/wp-content\/uploads\/2024\/09\/IMG-20240918-WA0129-390x205.jpg","colormag-featured-post-small":"https:\/\/maranhaotv.com.br\/wp-content\/uploads\/2024\/09\/IMG-20240918-WA0129-130x90.jpg","colormag-featured-image":"https:\/\/maranhaotv.com.br\/wp-content\/uploads\/2024\/09\/IMG-20240918-WA0129.jpg","colormag-default-news":"https:\/\/maranhaotv.com.br\/wp-content\/uploads\/2024\/09\/IMG-20240918-WA0129-150x150.jpg","colormag-featured-image-large":"https:\/\/maranhaotv.com.br\/wp-content\/uploads\/2024\/09\/IMG-20240918-WA0129.jpg"},"magazineBlocksPostAuthor":{"name":"maranhaotv","avatar":"https:\/\/secure.gravatar.com\/avatar\/8fadbca458d4cb68b1dd399ae9a40618d747bb1af65ac9fad21c89220a143eb4?s=96&d=mm&r=g"},"magazineBlocksPostCommentsNumber":"0","magazineBlocksPostExcerpt":"Ap\u00f3s den\u00fancia recebida pelo Minist\u00e9rio P\u00fablico do Maranh\u00e3o, que informava sobre contrata\u00e7\u00f5es irregulares feitas pela prefeita de Timon, Dinair Veloso,","magazineBlocksPostCategories":["pol\u00edtica"],"magazineBlocksPostViewCount":265,"magazineBlocksPostReadTime":2,"magazine_blocks_featured_image_url":{"full":["https:\/\/maranhaotv.com.br\/wp-content\/uploads\/2024\/09\/IMG-20240918-WA0129.jpg",438,303,false],"medium":["https:\/\/maranhaotv.com.br\/wp-content\/uploads\/2024\/09\/IMG-20240918-WA0129-300x208.jpg",300,208,true],"thumbnail":["https:\/\/maranhaotv.com.br\/wp-content\/uploads\/2024\/09\/IMG-20240918-WA0129-150x150.jpg",150,150,true]},"magazine_blocks_author":{"display_name":"maranhaotv","author_link":"https:\/\/maranhaotv.com.br\/index.php\/author\/maranhaotv\/"},"magazine_blocks_comment":0,"magazine_blocks_author_image":"https:\/\/secure.gravatar.com\/avatar\/8fadbca458d4cb68b1dd399ae9a40618d747bb1af65ac9fad21c89220a143eb4?s=96&d=mm&r=g","magazine_blocks_category":"<a href=\"#\" class=\"category-link category-link-6\">pol\u00edtica<\/a>","yoast_head":"<!-- This site is optimized with the Yoast SEO plugin v27.4 - https:\/\/yoast.com\/product\/yoast-seo-wordpress\/ -->\n<title>A\u00e7\u00e3o P\u00fablica por improbidade administrativa apresentada pelo Minist\u00e9rio P\u00fablico pede afastamento da prefeita de Timon - NOT\u00cdCIAS EM TEMPO REAL<\/title>\n<meta name=\"robots\" content=\"index, follow, max-snippet:-1, max-image-preview:large, max-video-preview:-1\" \/>\n<link rel=\"canonical\" href=\"https:\/\/maranhaotv.com.br\/index.php\/2024\/09\/18\/acao-publica-por-improbidade-administrativa-apresentada-pelo-ministerio-publico-pede-afastamento-da-prefeita-de-timon\/\" \/>\n<meta property=\"og:locale\" content=\"pt_BR\" \/>\n<meta property=\"og:type\" content=\"article\" \/>\n<meta property=\"og:title\" content=\"A\u00e7\u00e3o P\u00fablica por improbidade administrativa apresentada pelo Minist\u00e9rio P\u00fablico pede afastamento da prefeita de Timon - NOT\u00cdCIAS EM TEMPO REAL\" \/>\n<meta property=\"og:description\" content=\"Ap\u00f3s den\u00fancia recebida pelo Minist\u00e9rio P\u00fablico do Maranh\u00e3o, que informava sobre contrata\u00e7\u00f5es irregulares feitas pela prefeita de Timon, Dinair Veloso,\" \/>\n<meta property=\"og:url\" content=\"https:\/\/maranhaotv.com.br\/index.php\/2024\/09\/18\/acao-publica-por-improbidade-administrativa-apresentada-pelo-ministerio-publico-pede-afastamento-da-prefeita-de-timon\/\" \/>\n<meta property=\"og:site_name\" content=\"NOT\u00cdCIAS EM TEMPO REAL\" \/>\n<meta property=\"article:publisher\" content=\"https:\/\/www.facebook.com\/maiobaotv\" \/>\n<meta property=\"article:published_time\" content=\"2024-09-18T10:51:37+00:00\" \/>\n<meta property=\"article:modified_time\" content=\"2024-09-18T11:03:10+00:00\" \/>\n<meta property=\"og:image\" content=\"https:\/\/maranhaotv.com.br\/wp-content\/uploads\/2024\/09\/IMG-20240918-WA0129.jpg\" \/>\n\t<meta property=\"og:image:width\" content=\"438\" \/>\n\t<meta property=\"og:image:height\" content=\"303\" \/>\n\t<meta property=\"og:image:type\" content=\"image\/jpeg\" \/>\n<meta name=\"author\" content=\"maranhaotv\" \/>\n<meta name=\"twitter:card\" content=\"summary_large_image\" \/>\n<meta name=\"twitter:creator\" content=\"@sitemaranhaotv\" \/>\n<meta name=\"twitter:site\" content=\"@sitemaranhaotv\" \/>\n<meta name=\"twitter:label1\" content=\"Escrito por\" \/>\n\t<meta name=\"twitter:data1\" content=\"maranhaotv\" \/>\n\t<meta name=\"twitter:label2\" content=\"Est. tempo de leitura\" \/>\n\t<meta name=\"twitter:data2\" content=\"1 minuto\" \/>\n<script type=\"application\/ld+json\" class=\"yoast-schema-graph\">{\"@context\":\"https:\\\/\\\/schema.org\",\"@graph\":[{\"@type\":\"Article\",\"@id\":\"https:\\\/\\\/maranhaotv.com.br\\\/index.php\\\/2024\\\/09\\\/18\\\/acao-publica-por-improbidade-administrativa-apresentada-pelo-ministerio-publico-pede-afastamento-da-prefeita-de-timon\\\/#article\",\"isPartOf\":{\"@id\":\"https:\\\/\\\/maranhaotv.com.br\\\/index.php\\\/2024\\\/09\\\/18\\\/acao-publica-por-improbidade-administrativa-apresentada-pelo-ministerio-publico-pede-afastamento-da-prefeita-de-timon\\\/\"},\"author\":{\"name\":\"maranhaotv\",\"@id\":\"https:\\\/\\\/maranhaotv.com.br\\\/#\\\/schema\\\/person\\\/3d54238e86b20bb5c89ab2fdb8f8829a\"},\"headline\":\"A\u00e7\u00e3o P\u00fablica por improbidade administrativa apresentada pelo Minist\u00e9rio P\u00fablico pede afastamento da prefeita de Timon\",\"datePublished\":\"2024-09-18T10:51:37+00:00\",\"dateModified\":\"2024-09-18T11:03:10+00:00\",\"mainEntityOfPage\":{\"@id\":\"https:\\\/\\\/maranhaotv.com.br\\\/index.php\\\/2024\\\/09\\\/18\\\/acao-publica-por-improbidade-administrativa-apresentada-pelo-ministerio-publico-pede-afastamento-da-prefeita-de-timon\\\/\"},\"wordCount\":272,\"commentCount\":0,\"publisher\":{\"@id\":\"https:\\\/\\\/maranhaotv.com.br\\\/#organization\"},\"image\":{\"@id\":\"https:\\\/\\\/maranhaotv.com.br\\\/index.php\\\/2024\\\/09\\\/18\\\/acao-publica-por-improbidade-administrativa-apresentada-pelo-ministerio-publico-pede-afastamento-da-prefeita-de-timon\\\/#primaryimage\"},\"thumbnailUrl\":\"https:\\\/\\\/maranhaotv.com.br\\\/wp-content\\\/uploads\\\/2024\\\/09\\\/IMG-20240918-WA0129.jpg\",\"articleSection\":[\"pol\u00edtica\"],\"inLanguage\":\"pt-BR\",\"potentialAction\":[{\"@type\":\"CommentAction\",\"name\":\"Comment\",\"target\":[\"https:\\\/\\\/maranhaotv.com.br\\\/index.php\\\/2024\\\/09\\\/18\\\/acao-publica-por-improbidade-administrativa-apresentada-pelo-ministerio-publico-pede-afastamento-da-prefeita-de-timon\\\/#respond\"]}]},{\"@type\":\"WebPage\",\"@id\":\"https:\\\/\\\/maranhaotv.com.br\\\/index.php\\\/2024\\\/09\\\/18\\\/acao-publica-por-improbidade-administrativa-apresentada-pelo-ministerio-publico-pede-afastamento-da-prefeita-de-timon\\\/\",\"url\":\"https:\\\/\\\/maranhaotv.com.br\\\/index.php\\\/2024\\\/09\\\/18\\\/acao-publica-por-improbidade-administrativa-apresentada-pelo-ministerio-publico-pede-afastamento-da-prefeita-de-timon\\\/\",\"name\":\"A\u00e7\u00e3o P\u00fablica por improbidade administrativa apresentada pelo Minist\u00e9rio P\u00fablico pede afastamento da prefeita de Timon - NOT\u00cdCIAS EM TEMPO REAL\",\"isPartOf\":{\"@id\":\"https:\\\/\\\/maranhaotv.com.br\\\/#website\"},\"primaryImageOfPage\":{\"@id\":\"https:\\\/\\\/maranhaotv.com.br\\\/index.php\\\/2024\\\/09\\\/18\\\/acao-publica-por-improbidade-administrativa-apresentada-pelo-ministerio-publico-pede-afastamento-da-prefeita-de-timon\\\/#primaryimage\"},\"image\":{\"@id\":\"https:\\\/\\\/maranhaotv.com.br\\\/index.php\\\/2024\\\/09\\\/18\\\/acao-publica-por-improbidade-administrativa-apresentada-pelo-ministerio-publico-pede-afastamento-da-prefeita-de-timon\\\/#primaryimage\"},\"thumbnailUrl\":\"https:\\\/\\\/maranhaotv.com.br\\\/wp-content\\\/uploads\\\/2024\\\/09\\\/IMG-20240918-WA0129.jpg\",\"datePublished\":\"2024-09-18T10:51:37+00:00\",\"dateModified\":\"2024-09-18T11:03:10+00:00\",\"breadcrumb\":{\"@id\":\"https:\\\/\\\/maranhaotv.com.br\\\/index.php\\\/2024\\\/09\\\/18\\\/acao-publica-por-improbidade-administrativa-apresentada-pelo-ministerio-publico-pede-afastamento-da-prefeita-de-timon\\\/#breadcrumb\"},\"inLanguage\":\"pt-BR\",\"potentialAction\":[{\"@type\":\"ReadAction\",\"target\":[\"https:\\\/\\\/maranhaotv.com.br\\\/index.php\\\/2024\\\/09\\\/18\\\/acao-publica-por-improbidade-administrativa-apresentada-pelo-ministerio-publico-pede-afastamento-da-prefeita-de-timon\\\/\"]}]},{\"@type\":\"ImageObject\",\"inLanguage\":\"pt-BR\",\"@id\":\"https:\\\/\\\/maranhaotv.com.br\\\/index.php\\\/2024\\\/09\\\/18\\\/acao-publica-por-improbidade-administrativa-apresentada-pelo-ministerio-publico-pede-afastamento-da-prefeita-de-timon\\\/#primaryimage\",\"url\":\"https:\\\/\\\/maranhaotv.com.br\\\/wp-content\\\/uploads\\\/2024\\\/09\\\/IMG-20240918-WA0129.jpg\",\"contentUrl\":\"https:\\\/\\\/maranhaotv.com.br\\\/wp-content\\\/uploads\\\/2024\\\/09\\\/IMG-20240918-WA0129.jpg\",\"width\":438,\"height\":303},{\"@type\":\"BreadcrumbList\",\"@id\":\"https:\\\/\\\/maranhaotv.com.br\\\/index.php\\\/2024\\\/09\\\/18\\\/acao-publica-por-improbidade-administrativa-apresentada-pelo-ministerio-publico-pede-afastamento-da-prefeita-de-timon\\\/#breadcrumb\",\"itemListElement\":[{\"@type\":\"ListItem\",\"position\":1,\"name\":\"In\u00edcio\",\"item\":\"https:\\\/\\\/maranhaotv.com.br\\\/\"},{\"@type\":\"ListItem\",\"position\":2,\"name\":\"A\u00e7\u00e3o P\u00fablica por improbidade administrativa apresentada pelo Minist\u00e9rio P\u00fablico pede afastamento da prefeita de Timon\"}]},{\"@type\":\"WebSite\",\"@id\":\"https:\\\/\\\/maranhaotv.com.br\\\/#website\",\"url\":\"https:\\\/\\\/maranhaotv.com.br\\\/\",\"name\":\"Maranh\u00e3oTV\",\"description\":\"\",\"publisher\":{\"@id\":\"https:\\\/\\\/maranhaotv.com.br\\\/#organization\"},\"potentialAction\":[{\"@type\":\"SearchAction\",\"target\":{\"@type\":\"EntryPoint\",\"urlTemplate\":\"https:\\\/\\\/maranhaotv.com.br\\\/?s={search_term_string}\"},\"query-input\":{\"@type\":\"PropertyValueSpecification\",\"valueRequired\":true,\"valueName\":\"search_term_string\"}}],\"inLanguage\":\"pt-BR\"},{\"@type\":\"Organization\",\"@id\":\"https:\\\/\\\/maranhaotv.com.br\\\/#organization\",\"name\":\"Portal de Not\u00edcias\",\"url\":\"https:\\\/\\\/maranhaotv.com.br\\\/\",\"logo\":{\"@type\":\"ImageObject\",\"inLanguage\":\"pt-BR\",\"@id\":\"https:\\\/\\\/maranhaotv.com.br\\\/#\\\/schema\\\/logo\\\/image\\\/\",\"url\":\"https:\\\/\\\/maranhaotv.com.br\\\/wp-content\\\/uploads\\\/2024\\\/05\\\/cropped-cropped-avatar-1.png\",\"contentUrl\":\"https:\\\/\\\/maranhaotv.com.br\\\/wp-content\\\/uploads\\\/2024\\\/05\\\/cropped-cropped-avatar-1.png\",\"width\":792,\"height\":428,\"caption\":\"Portal de Not\u00edcias\"},\"image\":{\"@id\":\"https:\\\/\\\/maranhaotv.com.br\\\/#\\\/schema\\\/logo\\\/image\\\/\"},\"sameAs\":[\"https:\\\/\\\/www.facebook.com\\\/maiobaotv\",\"https:\\\/\\\/x.com\\\/sitemaranhaotv\",\"https:\\\/\\\/www.instagram.com\\\/maranhao.tv\",\"https:\\\/\\\/www.threads.net\\\/@maranhao.tv\"]},{\"@type\":\"Person\",\"@id\":\"https:\\\/\\\/maranhaotv.com.br\\\/#\\\/schema\\\/person\\\/3d54238e86b20bb5c89ab2fdb8f8829a\",\"name\":\"maranhaotv\",\"image\":{\"@type\":\"ImageObject\",\"inLanguage\":\"pt-BR\",\"@id\":\"https:\\\/\\\/secure.gravatar.com\\\/avatar\\\/8fadbca458d4cb68b1dd399ae9a40618d747bb1af65ac9fad21c89220a143eb4?s=96&d=mm&r=g\",\"url\":\"https:\\\/\\\/secure.gravatar.com\\\/avatar\\\/8fadbca458d4cb68b1dd399ae9a40618d747bb1af65ac9fad21c89220a143eb4?s=96&d=mm&r=g\",\"contentUrl\":\"https:\\\/\\\/secure.gravatar.com\\\/avatar\\\/8fadbca458d4cb68b1dd399ae9a40618d747bb1af65ac9fad21c89220a143eb4?s=96&d=mm&r=g\",\"caption\":\"maranhaotv\"},\"sameAs\":[\"https:\\\/\\\/maranhaotv.com.br\\\/\"],\"url\":\"https:\\\/\\\/maranhaotv.com.br\\\/index.php\\\/author\\\/maranhaotv\\\/\"}]}<\/script>\n<!-- \/ Yoast SEO plugin. -->","yoast_head_json":{"title":"A\u00e7\u00e3o P\u00fablica por improbidade administrativa apresentada pelo Minist\u00e9rio P\u00fablico pede afastamento da prefeita de Timon - NOT\u00cdCIAS EM TEMPO REAL","robots":{"index":"index","follow":"follow","max-snippet":"max-snippet:-1","max-image-preview":"max-image-preview:large","max-video-preview":"max-video-preview:-1"},"canonical":"https:\/\/maranhaotv.com.br\/index.php\/2024\/09\/18\/acao-publica-por-improbidade-administrativa-apresentada-pelo-ministerio-publico-pede-afastamento-da-prefeita-de-timon\/","og_locale":"pt_BR","og_type":"article","og_title":"A\u00e7\u00e3o P\u00fablica por improbidade administrativa apresentada pelo Minist\u00e9rio P\u00fablico pede afastamento da prefeita de Timon - NOT\u00cdCIAS EM TEMPO REAL","og_description":"Ap\u00f3s den\u00fancia recebida pelo Minist\u00e9rio P\u00fablico do Maranh\u00e3o, que informava sobre contrata\u00e7\u00f5es irregulares feitas pela prefeita de Timon, Dinair Veloso,","og_url":"https:\/\/maranhaotv.com.br\/index.php\/2024\/09\/18\/acao-publica-por-improbidade-administrativa-apresentada-pelo-ministerio-publico-pede-afastamento-da-prefeita-de-timon\/","og_site_name":"NOT\u00cdCIAS EM TEMPO REAL","article_publisher":"https:\/\/www.facebook.com\/maiobaotv","article_published_time":"2024-09-18T10:51:37+00:00","article_modified_time":"2024-09-18T11:03:10+00:00","og_image":[{"width":438,"height":303,"url":"https:\/\/maranhaotv.com.br\/wp-content\/uploads\/2024\/09\/IMG-20240918-WA0129.jpg","type":"image\/jpeg"}],"author":"maranhaotv","twitter_card":"summary_large_image","twitter_creator":"@sitemaranhaotv","twitter_site":"@sitemaranhaotv","twitter_misc":{"Escrito por":"maranhaotv","Est. tempo de leitura":"1 minuto"},"schema":{"@context":"https:\/\/schema.org","@graph":[{"@type":"Article","@id":"https:\/\/maranhaotv.com.br\/index.php\/2024\/09\/18\/acao-publica-por-improbidade-administrativa-apresentada-pelo-ministerio-publico-pede-afastamento-da-prefeita-de-timon\/#article","isPartOf":{"@id":"https:\/\/maranhaotv.com.br\/index.php\/2024\/09\/18\/acao-publica-por-improbidade-administrativa-apresentada-pelo-ministerio-publico-pede-afastamento-da-prefeita-de-timon\/"},"author":{"name":"maranhaotv","@id":"https:\/\/maranhaotv.com.br\/#\/schema\/person\/3d54238e86b20bb5c89ab2fdb8f8829a"},"headline":"A\u00e7\u00e3o P\u00fablica por improbidade administrativa apresentada pelo Minist\u00e9rio P\u00fablico pede afastamento da prefeita de Timon","datePublished":"2024-09-18T10:51:37+00:00","dateModified":"2024-09-18T11:03:10+00:00","mainEntityOfPage":{"@id":"https:\/\/maranhaotv.com.br\/index.php\/2024\/09\/18\/acao-publica-por-improbidade-administrativa-apresentada-pelo-ministerio-publico-pede-afastamento-da-prefeita-de-timon\/"},"wordCount":272,"commentCount":0,"publisher":{"@id":"https:\/\/maranhaotv.com.br\/#organization"},"image":{"@id":"https:\/\/maranhaotv.com.br\/index.php\/2024\/09\/18\/acao-publica-por-improbidade-administrativa-apresentada-pelo-ministerio-publico-pede-afastamento-da-prefeita-de-timon\/#primaryimage"},"thumbnailUrl":"https:\/\/maranhaotv.com.br\/wp-content\/uploads\/2024\/09\/IMG-20240918-WA0129.jpg","articleSection":["pol\u00edtica"],"inLanguage":"pt-BR","potentialAction":[{"@type":"CommentAction","name":"Comment","target":["https:\/\/maranhaotv.com.br\/index.php\/2024\/09\/18\/acao-publica-por-improbidade-administrativa-apresentada-pelo-ministerio-publico-pede-afastamento-da-prefeita-de-timon\/#respond"]}]},{"@type":"WebPage","@id":"https:\/\/maranhaotv.com.br\/index.php\/2024\/09\/18\/acao-publica-por-improbidade-administrativa-apresentada-pelo-ministerio-publico-pede-afastamento-da-prefeita-de-timon\/","url":"https:\/\/maranhaotv.com.br\/index.php\/2024\/09\/18\/acao-publica-por-improbidade-administrativa-apresentada-pelo-ministerio-publico-pede-afastamento-da-prefeita-de-timon\/","name":"A\u00e7\u00e3o P\u00fablica por improbidade administrativa apresentada pelo Minist\u00e9rio P\u00fablico pede afastamento da prefeita de Timon - NOT\u00cdCIAS EM TEMPO REAL","isPartOf":{"@id":"https:\/\/maranhaotv.com.br\/#website"},"primaryImageOfPage":{"@id":"https:\/\/maranhaotv.com.br\/index.php\/2024\/09\/18\/acao-publica-por-improbidade-administrativa-apresentada-pelo-ministerio-publico-pede-afastamento-da-prefeita-de-timon\/#primaryimage"},"image":{"@id":"https:\/\/maranhaotv.com.br\/index.php\/2024\/09\/18\/acao-publica-por-improbidade-administrativa-apresentada-pelo-ministerio-publico-pede-afastamento-da-prefeita-de-timon\/#primaryimage"},"thumbnailUrl":"https:\/\/maranhaotv.com.br\/wp-content\/uploads\/2024\/09\/IMG-20240918-WA0129.jpg","datePublished":"2024-09-18T10:51:37+00:00","dateModified":"2024-09-18T11:03:10+00:00","breadcrumb":{"@id":"https:\/\/maranhaotv.com.br\/index.php\/2024\/09\/18\/acao-publica-por-improbidade-administrativa-apresentada-pelo-ministerio-publico-pede-afastamento-da-prefeita-de-timon\/#breadcrumb"},"inLanguage":"pt-BR","potentialAction":[{"@type":"ReadAction","target":["https:\/\/maranhaotv.com.br\/index.php\/2024\/09\/18\/acao-publica-por-improbidade-administrativa-apresentada-pelo-ministerio-publico-pede-afastamento-da-prefeita-de-timon\/"]}]},{"@type":"ImageObject","inLanguage":"pt-BR","@id":"https:\/\/maranhaotv.com.br\/index.php\/2024\/09\/18\/acao-publica-por-improbidade-administrativa-apresentada-pelo-ministerio-publico-pede-afastamento-da-prefeita-de-timon\/#primaryimage","url":"https:\/\/maranhaotv.com.br\/wp-content\/uploads\/2024\/09\/IMG-20240918-WA0129.jpg","contentUrl":"https:\/\/maranhaotv.com.br\/wp-content\/uploads\/2024\/09\/IMG-20240918-WA0129.jpg","width":438,"height":303},{"@type":"BreadcrumbList","@id":"https:\/\/maranhaotv.com.br\/index.php\/2024\/09\/18\/acao-publica-por-improbidade-administrativa-apresentada-pelo-ministerio-publico-pede-afastamento-da-prefeita-de-timon\/#breadcrumb","itemListElement":[{"@type":"ListItem","position":1,"name":"In\u00edcio","item":"https:\/\/maranhaotv.com.br\/"},{"@type":"ListItem","position":2,"name":"A\u00e7\u00e3o P\u00fablica por improbidade administrativa apresentada pelo Minist\u00e9rio P\u00fablico pede afastamento da prefeita de Timon"}]},{"@type":"WebSite","@id":"https:\/\/maranhaotv.com.br\/#website","url":"https:\/\/maranhaotv.com.br\/","name":"Maranh\u00e3oTV","description":"","publisher":{"@id":"https:\/\/maranhaotv.com.br\/#organization"},"potentialAction":[{"@type":"SearchAction","target":{"@type":"EntryPoint","urlTemplate":"https:\/\/maranhaotv.com.br\/?s={search_term_string}"},"query-input":{"@type":"PropertyValueSpecification","valueRequired":true,"valueName":"search_term_string"}}],"inLanguage":"pt-BR"},{"@type":"Organization","@id":"https:\/\/maranhaotv.com.br\/#organization","name":"Portal de Not\u00edcias","url":"https:\/\/maranhaotv.com.br\/","logo":{"@type":"ImageObject","inLanguage":"pt-BR","@id":"https:\/\/maranhaotv.com.br\/#\/schema\/logo\/image\/","url":"https:\/\/maranhaotv.com.br\/wp-content\/uploads\/2024\/05\/cropped-cropped-avatar-1.png","contentUrl":"https:\/\/maranhaotv.com.br\/wp-content\/uploads\/2024\/05\/cropped-cropped-avatar-1.png","width":792,"height":428,"caption":"Portal de Not\u00edcias"},"image":{"@id":"https:\/\/maranhaotv.com.br\/#\/schema\/logo\/image\/"},"sameAs":["https:\/\/www.facebook.com\/maiobaotv","https:\/\/x.com\/sitemaranhaotv","https:\/\/www.instagram.com\/maranhao.tv","https:\/\/www.threads.net\/@maranhao.tv"]},{"@type":"Person","@id":"https:\/\/maranhaotv.com.br\/#\/schema\/person\/3d54238e86b20bb5c89ab2fdb8f8829a","name":"maranhaotv","image":{"@type":"ImageObject","inLanguage":"pt-BR","@id":"https:\/\/secure.gravatar.com\/avatar\/8fadbca458d4cb68b1dd399ae9a40618d747bb1af65ac9fad21c89220a143eb4?s=96&d=mm&r=g","url":"https:\/\/secure.gravatar.com\/avatar\/8fadbca458d4cb68b1dd399ae9a40618d747bb1af65ac9fad21c89220a143eb4?s=96&d=mm&r=g","contentUrl":"https:\/\/secure.gravatar.com\/avatar\/8fadbca458d4cb68b1dd399ae9a40618d747bb1af65ac9fad21c89220a143eb4?s=96&d=mm&r=g","caption":"maranhaotv"},"sameAs":["https:\/\/maranhaotv.com.br\/"],"url":"https:\/\/maranhaotv.com.br\/index.php\/author\/maranhaotv\/"}]}},"jetpack_featured_media_url":"https:\/\/maranhaotv.com.br\/wp-content\/uploads\/2024\/09\/IMG-20240918-WA0129.jpg","jetpack_sharing_enabled":true,"_links":{"self":[{"href":"https:\/\/maranhaotv.com.br\/index.php\/wp-json\/wp\/v2\/posts\/37779","targetHints":{"allow":["GET"]}}],"collection":[{"href":"https:\/\/maranhaotv.com.br\/index.php\/wp-json\/wp\/v2\/posts"}],"about":[{"href":"https:\/\/maranhaotv.com.br\/index.php\/wp-json\/wp\/v2\/types\/post"}],"author":[{"embeddable":true,"href":"https:\/\/maranhaotv.com.br\/index.php\/wp-json\/wp\/v2\/users\/2"}],"replies":[{"embeddable":true,"href":"https:\/\/maranhaotv.com.br\/index.php\/wp-json\/wp\/v2\/comments?post=37779"}],"version-history":[{"count":2,"href":"https:\/\/maranhaotv.com.br\/index.php\/wp-json\/wp\/v2\/posts\/37779\/revisions"}],"predecessor-version":[{"id":37781,"href":"https:\/\/maranhaotv.com.br\/index.php\/wp-json\/wp\/v2\/posts\/37779\/revisions\/37781"}],"wp:featuredmedia":[{"embeddable":true,"href":"https:\/\/maranhaotv.com.br\/index.php\/wp-json\/wp\/v2\/media\/37778"}],"wp:attachment":[{"href":"https:\/\/maranhaotv.com.br\/index.php\/wp-json\/wp\/v2\/media?parent=37779"}],"wp:term":[{"taxonomy":"category","embeddable":true,"href":"https:\/\/maranhaotv.com.br\/index.php\/wp-json\/wp\/v2\/categories?post=37779"},{"taxonomy":"post_tag","embeddable":true,"href":"https:\/\/maranhaotv.com.br\/index.php\/wp-json\/wp\/v2\/tags?post=37779"}],"curies":[{"name":"wp","href":"https:\/\/api.w.org\/{rel}","templated":true}]}}