{"id":37784,"date":"2024-09-18T10:54:57","date_gmt":"2024-09-18T13:54:57","guid":{"rendered":"https:\/\/maranhaotv.com.br\/?p=37784"},"modified":"2024-09-18T10:55:18","modified_gmt":"2024-09-18T13:55:18","slug":"corrupcao-na-gestao-de-eudes-sampaio-em-sao-jose-de-ribamar-vem-a-tona-em-escandalo-de-emendas-parlamentares","status":"publish","type":"post","link":"https:\/\/maranhaotv.com.br\/index.php\/2024\/09\/18\/corrupcao-na-gestao-de-eudes-sampaio-em-sao-jose-de-ribamar-vem-a-tona-em-escandalo-de-emendas-parlamentares\/","title":{"rendered":"Corrup\u00e7\u00e3o na Gest\u00e3o de Eudes Sampaio em S\u00e3o Jos\u00e9 de Ribamar vem \u00e0 tona em esc\u00e2ndalo de Emendas Parlamentares<br>"},"content":{"rendered":"\n<p><br>A administra\u00e7\u00e3o de Eudes Sampaio em S\u00e3o Jos\u00e9 de Ribamar, integrante do grupo pol\u00edtico G8 e apoiador de Dudu Diniz,que tenta disputar a prefeitura nestas elei\u00e7\u00f5es, \u00e9 alvo de den\u00fancias de corrup\u00e7\u00e3o relacionadas ao desvio de emendas parlamentares. A Procuradoria-Geral da Rep\u00fablica (PGR) apresentou den\u00fancia ao Supremo Tribunal Federal (STF) contra tr\u00eas deputados federais do Partido Liberal, acusando-os de corrup\u00e7\u00e3o passiva e organiza\u00e7\u00e3o criminosa. Entre os envolvidos est\u00e3o os maranhenses Josimar Maranh\u00e3ozinho e Pastor Gil, al\u00e9m de Bosco Costa, de Sergipe.<br><br>O esquema envolvia a destina\u00e7\u00e3o de emendas parlamentares para a Prefeitura de S\u00e3o Jos\u00e9 de Ribamar durante a gest\u00e3o de Eudes Sampaio. De acordo com a PGR, os parlamentares enviaram recursos ao munic\u00edpio com o objetivo de desviar parte dessas verbas e garantir a devolu\u00e7\u00e3o de um percentual. Estima-se que o montante poderia alcan\u00e7ar R$ 1,6 milh\u00e3o, conforme aponta a investiga\u00e7\u00e3o da Pol\u00edcia Federal.<br><br>O processo, que est\u00e1 sob relatoria do ministro Cristiano Zanin no STF, ainda est\u00e1 em fase de instru\u00e7\u00e3o, com a intima\u00e7\u00e3o dos parlamentares envolvidos para apresentarem defesa. Ap\u00f3s essa etapa, a Primeira Turma do STF decidir\u00e1 se os acusados ser\u00e3o transformados em r\u00e9us.<br><br>A den\u00fancia marca a primeira a\u00e7\u00e3o da PGR sob o comando de Paulo Gonet relacionada a irregularidades em emendas parlamentares. Al\u00e9m disso, a Procuradoria tem combatido o uso das chamadas \u201cEmendas Pix\u201d, declaradas inconstitucionais, e ordenou um pente-fino no uso de emendas parlamentares pelos estados.<br><br>\u00c9 impressionante como, a cada novo esc\u00e2ndalo, o nome de algu\u00e9m ligado ao grupo de Dudu Diniz acaba surgindo. Esses epis\u00f3dios repetidos deixam claro que figuras desse c\u00edrculo pol\u00edtico, que j\u00e1 estiveram no poder e nada fizeram, est\u00e3o constantemente envolvidas em casos de corrup\u00e7\u00e3o ou irregularidades, manchando ainda mais a imagem do grupo e evidenciando a falta de compromisso com a \u00e9tica e o bem p\u00fablico.<\/p>\n\n\n\n<figure class=\"wp-block-image size-large\"><img loading=\"lazy\" decoding=\"async\" width=\"768\" height=\"1024\" src=\"https:\/\/maranhaotv.com.br\/wp-content\/uploads\/2024\/09\/img-20240918-wa00977518721080046973804-768x1024.jpg\" alt=\"\" class=\"wp-image-37782\" srcset=\"https:\/\/maranhaotv.com.br\/wp-content\/uploads\/2024\/09\/img-20240918-wa00977518721080046973804-768x1024.jpg 768w, https:\/\/maranhaotv.com.br\/wp-content\/uploads\/2024\/09\/img-20240918-wa00977518721080046973804-225x300.jpg 225w, https:\/\/maranhaotv.com.br\/wp-content\/uploads\/2024\/09\/img-20240918-wa00977518721080046973804-1152x1536.jpg 1152w, https:\/\/maranhaotv.com.br\/wp-content\/uploads\/2024\/09\/img-20240918-wa00977518721080046973804.jpg 1200w\" sizes=\"auto, (max-width: 768px) 100vw, 768px\" \/><\/figure>\n","protected":false},"excerpt":{"rendered":"<p>A administra\u00e7\u00e3o de Eudes Sampaio em S\u00e3o Jos\u00e9 de Ribamar, integrante do grupo pol\u00edtico G8 e apoiador de Dudu Diniz,que<\/p>\n","protected":false},"author":2,"featured_media":37783,"comment_status":"open","ping_status":"open","sticky":false,"template":"","format":"standard","meta":{"colormag_page_container_layout":"default_layout","colormag_page_sidebar_layout":"default_layout","_jetpack_memberships_contains_paid_content":false,"footnotes":""},"categories":[2],"tags":[],"class_list":["post-37784","post","type-post","status-publish","format-standard","has-post-thumbnail","hentry","category-noticias"],"magazineBlocksPostFeaturedMedia":{"thumbnail":"https:\/\/maranhaotv.com.br\/wp-content\/uploads\/2024\/09\/image_editor_output_image-341849687-1726667701825-150x150.jpg","medium":"https:\/\/maranhaotv.com.br\/wp-content\/uploads\/2024\/09\/image_editor_output_image-341849687-1726667701825-300x198.jpg","medium_large":"https:\/\/maranhaotv.com.br\/wp-content\/uploads\/2024\/09\/image_editor_output_image-341849687-1726667701825-768x507.jpg","large":"https:\/\/maranhaotv.com.br\/wp-content\/uploads\/2024\/09\/image_editor_output_image-341849687-1726667701825-1024x676.jpg","1536x1536":"https:\/\/maranhaotv.com.br\/wp-content\/uploads\/2024\/09\/image_editor_output_image-341849687-1726667701825.jpg","2048x2048":"https:\/\/maranhaotv.com.br\/wp-content\/uploads\/2024\/09\/image_editor_output_image-341849687-1726667701825.jpg","colormag-highlighted-post":"https:\/\/maranhaotv.com.br\/wp-content\/uploads\/2024\/09\/image_editor_output_image-341849687-1726667701825-392x272.jpg","colormag-featured-post-medium":"https:\/\/maranhaotv.com.br\/wp-content\/uploads\/2024\/09\/image_editor_output_image-341849687-1726667701825-390x205.jpg","colormag-featured-post-small":"https:\/\/maranhaotv.com.br\/wp-content\/uploads\/2024\/09\/image_editor_output_image-341849687-1726667701825-130x90.jpg","colormag-featured-image":"https:\/\/maranhaotv.com.br\/wp-content\/uploads\/2024\/09\/image_editor_output_image-341849687-1726667701825-800x445.jpg","colormag-default-news":"https:\/\/maranhaotv.com.br\/wp-content\/uploads\/2024\/09\/image_editor_output_image-341849687-1726667701825-150x150.jpg","colormag-featured-image-large":"https:\/\/maranhaotv.com.br\/wp-content\/uploads\/2024\/09\/image_editor_output_image-341849687-1726667701825-1200x600.jpg"},"magazineBlocksPostAuthor":{"name":"maranhaotv","avatar":"https:\/\/secure.gravatar.com\/avatar\/8fadbca458d4cb68b1dd399ae9a40618d747bb1af65ac9fad21c89220a143eb4?s=96&d=mm&r=g"},"magazineBlocksPostCommentsNumber":"0","magazineBlocksPostExcerpt":"A administra\u00e7\u00e3o de Eudes Sampaio em S\u00e3o Jos\u00e9 de Ribamar, integrante do grupo pol\u00edtico G8 e apoiador de Dudu Diniz,que","magazineBlocksPostCategories":["not\u00edcias"],"magazineBlocksPostViewCount":387,"magazineBlocksPostReadTime":2,"magazine_blocks_featured_image_url":{"full":["https:\/\/maranhaotv.com.br\/wp-content\/uploads\/2024\/09\/image_editor_output_image-341849687-1726667701825.jpg",1200,792,false],"medium":["https:\/\/maranhaotv.com.br\/wp-content\/uploads\/2024\/09\/image_editor_output_image-341849687-1726667701825-300x198.jpg",300,198,true],"thumbnail":["https:\/\/maranhaotv.com.br\/wp-content\/uploads\/2024\/09\/image_editor_output_image-341849687-1726667701825-150x150.jpg",150,150,true]},"magazine_blocks_author":{"display_name":"maranhaotv","author_link":"https:\/\/maranhaotv.com.br\/index.php\/author\/maranhaotv\/"},"magazine_blocks_comment":0,"magazine_blocks_author_image":"https:\/\/secure.gravatar.com\/avatar\/8fadbca458d4cb68b1dd399ae9a40618d747bb1af65ac9fad21c89220a143eb4?s=96&d=mm&r=g","magazine_blocks_category":"<a href=\"#\" class=\"category-link category-link-2\">not\u00edcias<\/a>","yoast_head":"<!-- This site is optimized with the Yoast SEO plugin v27.4 - https:\/\/yoast.com\/product\/yoast-seo-wordpress\/ -->\n<title>Corrup\u00e7\u00e3o na Gest\u00e3o de Eudes Sampaio em S\u00e3o Jos\u00e9 de Ribamar vem \u00e0 tona em esc\u00e2ndalo de Emendas Parlamentares - NOT\u00cdCIAS EM TEMPO REAL<\/title>\n<meta name=\"robots\" content=\"index, follow, max-snippet:-1, max-image-preview:large, max-video-preview:-1\" \/>\n<link rel=\"canonical\" href=\"https:\/\/maranhaotv.com.br\/index.php\/2024\/09\/18\/corrupcao-na-gestao-de-eudes-sampaio-em-sao-jose-de-ribamar-vem-a-tona-em-escandalo-de-emendas-parlamentares\/\" \/>\n<meta property=\"og:locale\" content=\"pt_BR\" \/>\n<meta property=\"og:type\" content=\"article\" \/>\n<meta property=\"og:title\" content=\"Corrup\u00e7\u00e3o na Gest\u00e3o de Eudes Sampaio em S\u00e3o Jos\u00e9 de Ribamar vem \u00e0 tona em esc\u00e2ndalo de Emendas Parlamentares - NOT\u00cdCIAS EM TEMPO REAL\" \/>\n<meta property=\"og:description\" content=\"A administra\u00e7\u00e3o de Eudes Sampaio em S\u00e3o Jos\u00e9 de Ribamar, integrante do grupo pol\u00edtico G8 e apoiador de Dudu Diniz,que\" \/>\n<meta property=\"og:url\" content=\"https:\/\/maranhaotv.com.br\/index.php\/2024\/09\/18\/corrupcao-na-gestao-de-eudes-sampaio-em-sao-jose-de-ribamar-vem-a-tona-em-escandalo-de-emendas-parlamentares\/\" \/>\n<meta property=\"og:site_name\" content=\"NOT\u00cdCIAS EM TEMPO REAL\" \/>\n<meta property=\"article:publisher\" content=\"https:\/\/www.facebook.com\/maiobaotv\" \/>\n<meta property=\"article:published_time\" content=\"2024-09-18T13:54:57+00:00\" \/>\n<meta property=\"article:modified_time\" content=\"2024-09-18T13:55:18+00:00\" \/>\n<meta property=\"og:image\" content=\"https:\/\/maranhaotv.com.br\/wp-content\/uploads\/2024\/09\/image_editor_output_image-341849687-1726667701825.jpg\" \/>\n\t<meta property=\"og:image:width\" content=\"1200\" \/>\n\t<meta property=\"og:image:height\" content=\"792\" \/>\n\t<meta property=\"og:image:type\" content=\"image\/jpeg\" \/>\n<meta name=\"author\" content=\"maranhaotv\" \/>\n<meta name=\"twitter:card\" content=\"summary_large_image\" \/>\n<meta name=\"twitter:creator\" content=\"@sitemaranhaotv\" \/>\n<meta name=\"twitter:site\" content=\"@sitemaranhaotv\" \/>\n<meta name=\"twitter:label1\" content=\"Escrito por\" \/>\n\t<meta name=\"twitter:data1\" content=\"maranhaotv\" \/>\n\t<meta name=\"twitter:label2\" content=\"Est. tempo de leitura\" \/>\n\t<meta name=\"twitter:data2\" content=\"2 minutos\" \/>\n<script type=\"application\/ld+json\" class=\"yoast-schema-graph\">{\"@context\":\"https:\\\/\\\/schema.org\",\"@graph\":[{\"@type\":\"Article\",\"@id\":\"https:\\\/\\\/maranhaotv.com.br\\\/index.php\\\/2024\\\/09\\\/18\\\/corrupcao-na-gestao-de-eudes-sampaio-em-sao-jose-de-ribamar-vem-a-tona-em-escandalo-de-emendas-parlamentares\\\/#article\",\"isPartOf\":{\"@id\":\"https:\\\/\\\/maranhaotv.com.br\\\/index.php\\\/2024\\\/09\\\/18\\\/corrupcao-na-gestao-de-eudes-sampaio-em-sao-jose-de-ribamar-vem-a-tona-em-escandalo-de-emendas-parlamentares\\\/\"},\"author\":{\"name\":\"maranhaotv\",\"@id\":\"https:\\\/\\\/maranhaotv.com.br\\\/#\\\/schema\\\/person\\\/3d54238e86b20bb5c89ab2fdb8f8829a\"},\"headline\":\"Corrup\u00e7\u00e3o na Gest\u00e3o de Eudes Sampaio em S\u00e3o Jos\u00e9 de Ribamar vem \u00e0 tona em esc\u00e2ndalo de Emendas Parlamentares\",\"datePublished\":\"2024-09-18T13:54:57+00:00\",\"dateModified\":\"2024-09-18T13:55:18+00:00\",\"mainEntityOfPage\":{\"@id\":\"https:\\\/\\\/maranhaotv.com.br\\\/index.php\\\/2024\\\/09\\\/18\\\/corrupcao-na-gestao-de-eudes-sampaio-em-sao-jose-de-ribamar-vem-a-tona-em-escandalo-de-emendas-parlamentares\\\/\"},\"wordCount\":358,\"commentCount\":0,\"publisher\":{\"@id\":\"https:\\\/\\\/maranhaotv.com.br\\\/#organization\"},\"image\":{\"@id\":\"https:\\\/\\\/maranhaotv.com.br\\\/index.php\\\/2024\\\/09\\\/18\\\/corrupcao-na-gestao-de-eudes-sampaio-em-sao-jose-de-ribamar-vem-a-tona-em-escandalo-de-emendas-parlamentares\\\/#primaryimage\"},\"thumbnailUrl\":\"https:\\\/\\\/maranhaotv.com.br\\\/wp-content\\\/uploads\\\/2024\\\/09\\\/image_editor_output_image-341849687-1726667701825.jpg\",\"articleSection\":[\"not\u00edcias\"],\"inLanguage\":\"pt-BR\",\"potentialAction\":[{\"@type\":\"CommentAction\",\"name\":\"Comment\",\"target\":[\"https:\\\/\\\/maranhaotv.com.br\\\/index.php\\\/2024\\\/09\\\/18\\\/corrupcao-na-gestao-de-eudes-sampaio-em-sao-jose-de-ribamar-vem-a-tona-em-escandalo-de-emendas-parlamentares\\\/#respond\"]}]},{\"@type\":\"WebPage\",\"@id\":\"https:\\\/\\\/maranhaotv.com.br\\\/index.php\\\/2024\\\/09\\\/18\\\/corrupcao-na-gestao-de-eudes-sampaio-em-sao-jose-de-ribamar-vem-a-tona-em-escandalo-de-emendas-parlamentares\\\/\",\"url\":\"https:\\\/\\\/maranhaotv.com.br\\\/index.php\\\/2024\\\/09\\\/18\\\/corrupcao-na-gestao-de-eudes-sampaio-em-sao-jose-de-ribamar-vem-a-tona-em-escandalo-de-emendas-parlamentares\\\/\",\"name\":\"Corrup\u00e7\u00e3o na Gest\u00e3o de Eudes Sampaio em S\u00e3o Jos\u00e9 de Ribamar vem \u00e0 tona em esc\u00e2ndalo de Emendas Parlamentares - NOT\u00cdCIAS EM TEMPO REAL\",\"isPartOf\":{\"@id\":\"https:\\\/\\\/maranhaotv.com.br\\\/#website\"},\"primaryImageOfPage\":{\"@id\":\"https:\\\/\\\/maranhaotv.com.br\\\/index.php\\\/2024\\\/09\\\/18\\\/corrupcao-na-gestao-de-eudes-sampaio-em-sao-jose-de-ribamar-vem-a-tona-em-escandalo-de-emendas-parlamentares\\\/#primaryimage\"},\"image\":{\"@id\":\"https:\\\/\\\/maranhaotv.com.br\\\/index.php\\\/2024\\\/09\\\/18\\\/corrupcao-na-gestao-de-eudes-sampaio-em-sao-jose-de-ribamar-vem-a-tona-em-escandalo-de-emendas-parlamentares\\\/#primaryimage\"},\"thumbnailUrl\":\"https:\\\/\\\/maranhaotv.com.br\\\/wp-content\\\/uploads\\\/2024\\\/09\\\/image_editor_output_image-341849687-1726667701825.jpg\",\"datePublished\":\"2024-09-18T13:54:57+00:00\",\"dateModified\":\"2024-09-18T13:55:18+00:00\",\"breadcrumb\":{\"@id\":\"https:\\\/\\\/maranhaotv.com.br\\\/index.php\\\/2024\\\/09\\\/18\\\/corrupcao-na-gestao-de-eudes-sampaio-em-sao-jose-de-ribamar-vem-a-tona-em-escandalo-de-emendas-parlamentares\\\/#breadcrumb\"},\"inLanguage\":\"pt-BR\",\"potentialAction\":[{\"@type\":\"ReadAction\",\"target\":[\"https:\\\/\\\/maranhaotv.com.br\\\/index.php\\\/2024\\\/09\\\/18\\\/corrupcao-na-gestao-de-eudes-sampaio-em-sao-jose-de-ribamar-vem-a-tona-em-escandalo-de-emendas-parlamentares\\\/\"]}]},{\"@type\":\"ImageObject\",\"inLanguage\":\"pt-BR\",\"@id\":\"https:\\\/\\\/maranhaotv.com.br\\\/index.php\\\/2024\\\/09\\\/18\\\/corrupcao-na-gestao-de-eudes-sampaio-em-sao-jose-de-ribamar-vem-a-tona-em-escandalo-de-emendas-parlamentares\\\/#primaryimage\",\"url\":\"https:\\\/\\\/maranhaotv.com.br\\\/wp-content\\\/uploads\\\/2024\\\/09\\\/image_editor_output_image-341849687-1726667701825.jpg\",\"contentUrl\":\"https:\\\/\\\/maranhaotv.com.br\\\/wp-content\\\/uploads\\\/2024\\\/09\\\/image_editor_output_image-341849687-1726667701825.jpg\",\"width\":1200,\"height\":792},{\"@type\":\"BreadcrumbList\",\"@id\":\"https:\\\/\\\/maranhaotv.com.br\\\/index.php\\\/2024\\\/09\\\/18\\\/corrupcao-na-gestao-de-eudes-sampaio-em-sao-jose-de-ribamar-vem-a-tona-em-escandalo-de-emendas-parlamentares\\\/#breadcrumb\",\"itemListElement\":[{\"@type\":\"ListItem\",\"position\":1,\"name\":\"In\u00edcio\",\"item\":\"https:\\\/\\\/maranhaotv.com.br\\\/\"},{\"@type\":\"ListItem\",\"position\":2,\"name\":\"Corrup\u00e7\u00e3o na Gest\u00e3o de Eudes Sampaio em S\u00e3o Jos\u00e9 de Ribamar vem \u00e0 tona em esc\u00e2ndalo de Emendas Parlamentares\"}]},{\"@type\":\"WebSite\",\"@id\":\"https:\\\/\\\/maranhaotv.com.br\\\/#website\",\"url\":\"https:\\\/\\\/maranhaotv.com.br\\\/\",\"name\":\"Maranh\u00e3oTV\",\"description\":\"\",\"publisher\":{\"@id\":\"https:\\\/\\\/maranhaotv.com.br\\\/#organization\"},\"potentialAction\":[{\"@type\":\"SearchAction\",\"target\":{\"@type\":\"EntryPoint\",\"urlTemplate\":\"https:\\\/\\\/maranhaotv.com.br\\\/?s={search_term_string}\"},\"query-input\":{\"@type\":\"PropertyValueSpecification\",\"valueRequired\":true,\"valueName\":\"search_term_string\"}}],\"inLanguage\":\"pt-BR\"},{\"@type\":\"Organization\",\"@id\":\"https:\\\/\\\/maranhaotv.com.br\\\/#organization\",\"name\":\"Portal de Not\u00edcias\",\"url\":\"https:\\\/\\\/maranhaotv.com.br\\\/\",\"logo\":{\"@type\":\"ImageObject\",\"inLanguage\":\"pt-BR\",\"@id\":\"https:\\\/\\\/maranhaotv.com.br\\\/#\\\/schema\\\/logo\\\/image\\\/\",\"url\":\"https:\\\/\\\/maranhaotv.com.br\\\/wp-content\\\/uploads\\\/2024\\\/05\\\/cropped-cropped-avatar-1.png\",\"contentUrl\":\"https:\\\/\\\/maranhaotv.com.br\\\/wp-content\\\/uploads\\\/2024\\\/05\\\/cropped-cropped-avatar-1.png\",\"width\":792,\"height\":428,\"caption\":\"Portal de Not\u00edcias\"},\"image\":{\"@id\":\"https:\\\/\\\/maranhaotv.com.br\\\/#\\\/schema\\\/logo\\\/image\\\/\"},\"sameAs\":[\"https:\\\/\\\/www.facebook.com\\\/maiobaotv\",\"https:\\\/\\\/x.com\\\/sitemaranhaotv\",\"https:\\\/\\\/www.instagram.com\\\/maranhao.tv\",\"https:\\\/\\\/www.threads.net\\\/@maranhao.tv\"]},{\"@type\":\"Person\",\"@id\":\"https:\\\/\\\/maranhaotv.com.br\\\/#\\\/schema\\\/person\\\/3d54238e86b20bb5c89ab2fdb8f8829a\",\"name\":\"maranhaotv\",\"image\":{\"@type\":\"ImageObject\",\"inLanguage\":\"pt-BR\",\"@id\":\"https:\\\/\\\/secure.gravatar.com\\\/avatar\\\/8fadbca458d4cb68b1dd399ae9a40618d747bb1af65ac9fad21c89220a143eb4?s=96&d=mm&r=g\",\"url\":\"https:\\\/\\\/secure.gravatar.com\\\/avatar\\\/8fadbca458d4cb68b1dd399ae9a40618d747bb1af65ac9fad21c89220a143eb4?s=96&d=mm&r=g\",\"contentUrl\":\"https:\\\/\\\/secure.gravatar.com\\\/avatar\\\/8fadbca458d4cb68b1dd399ae9a40618d747bb1af65ac9fad21c89220a143eb4?s=96&d=mm&r=g\",\"caption\":\"maranhaotv\"},\"sameAs\":[\"https:\\\/\\\/maranhaotv.com.br\\\/\"],\"url\":\"https:\\\/\\\/maranhaotv.com.br\\\/index.php\\\/author\\\/maranhaotv\\\/\"}]}<\/script>\n<!-- \/ Yoast SEO plugin. -->","yoast_head_json":{"title":"Corrup\u00e7\u00e3o na Gest\u00e3o de Eudes Sampaio em S\u00e3o Jos\u00e9 de Ribamar vem \u00e0 tona em esc\u00e2ndalo de Emendas Parlamentares - NOT\u00cdCIAS EM TEMPO REAL","robots":{"index":"index","follow":"follow","max-snippet":"max-snippet:-1","max-image-preview":"max-image-preview:large","max-video-preview":"max-video-preview:-1"},"canonical":"https:\/\/maranhaotv.com.br\/index.php\/2024\/09\/18\/corrupcao-na-gestao-de-eudes-sampaio-em-sao-jose-de-ribamar-vem-a-tona-em-escandalo-de-emendas-parlamentares\/","og_locale":"pt_BR","og_type":"article","og_title":"Corrup\u00e7\u00e3o na Gest\u00e3o de Eudes Sampaio em S\u00e3o Jos\u00e9 de Ribamar vem \u00e0 tona em esc\u00e2ndalo de Emendas Parlamentares - NOT\u00cdCIAS EM TEMPO REAL","og_description":"A administra\u00e7\u00e3o de Eudes Sampaio em S\u00e3o Jos\u00e9 de Ribamar, integrante do grupo pol\u00edtico G8 e apoiador de Dudu Diniz,que","og_url":"https:\/\/maranhaotv.com.br\/index.php\/2024\/09\/18\/corrupcao-na-gestao-de-eudes-sampaio-em-sao-jose-de-ribamar-vem-a-tona-em-escandalo-de-emendas-parlamentares\/","og_site_name":"NOT\u00cdCIAS EM TEMPO REAL","article_publisher":"https:\/\/www.facebook.com\/maiobaotv","article_published_time":"2024-09-18T13:54:57+00:00","article_modified_time":"2024-09-18T13:55:18+00:00","og_image":[{"width":1200,"height":792,"url":"https:\/\/maranhaotv.com.br\/wp-content\/uploads\/2024\/09\/image_editor_output_image-341849687-1726667701825.jpg","type":"image\/jpeg"}],"author":"maranhaotv","twitter_card":"summary_large_image","twitter_creator":"@sitemaranhaotv","twitter_site":"@sitemaranhaotv","twitter_misc":{"Escrito por":"maranhaotv","Est. tempo de leitura":"2 minutos"},"schema":{"@context":"https:\/\/schema.org","@graph":[{"@type":"Article","@id":"https:\/\/maranhaotv.com.br\/index.php\/2024\/09\/18\/corrupcao-na-gestao-de-eudes-sampaio-em-sao-jose-de-ribamar-vem-a-tona-em-escandalo-de-emendas-parlamentares\/#article","isPartOf":{"@id":"https:\/\/maranhaotv.com.br\/index.php\/2024\/09\/18\/corrupcao-na-gestao-de-eudes-sampaio-em-sao-jose-de-ribamar-vem-a-tona-em-escandalo-de-emendas-parlamentares\/"},"author":{"name":"maranhaotv","@id":"https:\/\/maranhaotv.com.br\/#\/schema\/person\/3d54238e86b20bb5c89ab2fdb8f8829a"},"headline":"Corrup\u00e7\u00e3o na Gest\u00e3o de Eudes Sampaio em S\u00e3o Jos\u00e9 de Ribamar vem \u00e0 tona em esc\u00e2ndalo de Emendas Parlamentares","datePublished":"2024-09-18T13:54:57+00:00","dateModified":"2024-09-18T13:55:18+00:00","mainEntityOfPage":{"@id":"https:\/\/maranhaotv.com.br\/index.php\/2024\/09\/18\/corrupcao-na-gestao-de-eudes-sampaio-em-sao-jose-de-ribamar-vem-a-tona-em-escandalo-de-emendas-parlamentares\/"},"wordCount":358,"commentCount":0,"publisher":{"@id":"https:\/\/maranhaotv.com.br\/#organization"},"image":{"@id":"https:\/\/maranhaotv.com.br\/index.php\/2024\/09\/18\/corrupcao-na-gestao-de-eudes-sampaio-em-sao-jose-de-ribamar-vem-a-tona-em-escandalo-de-emendas-parlamentares\/#primaryimage"},"thumbnailUrl":"https:\/\/maranhaotv.com.br\/wp-content\/uploads\/2024\/09\/image_editor_output_image-341849687-1726667701825.jpg","articleSection":["not\u00edcias"],"inLanguage":"pt-BR","potentialAction":[{"@type":"CommentAction","name":"Comment","target":["https:\/\/maranhaotv.com.br\/index.php\/2024\/09\/18\/corrupcao-na-gestao-de-eudes-sampaio-em-sao-jose-de-ribamar-vem-a-tona-em-escandalo-de-emendas-parlamentares\/#respond"]}]},{"@type":"WebPage","@id":"https:\/\/maranhaotv.com.br\/index.php\/2024\/09\/18\/corrupcao-na-gestao-de-eudes-sampaio-em-sao-jose-de-ribamar-vem-a-tona-em-escandalo-de-emendas-parlamentares\/","url":"https:\/\/maranhaotv.com.br\/index.php\/2024\/09\/18\/corrupcao-na-gestao-de-eudes-sampaio-em-sao-jose-de-ribamar-vem-a-tona-em-escandalo-de-emendas-parlamentares\/","name":"Corrup\u00e7\u00e3o na Gest\u00e3o de Eudes Sampaio em S\u00e3o Jos\u00e9 de Ribamar vem \u00e0 tona em esc\u00e2ndalo de Emendas Parlamentares - NOT\u00cdCIAS EM TEMPO REAL","isPartOf":{"@id":"https:\/\/maranhaotv.com.br\/#website"},"primaryImageOfPage":{"@id":"https:\/\/maranhaotv.com.br\/index.php\/2024\/09\/18\/corrupcao-na-gestao-de-eudes-sampaio-em-sao-jose-de-ribamar-vem-a-tona-em-escandalo-de-emendas-parlamentares\/#primaryimage"},"image":{"@id":"https:\/\/maranhaotv.com.br\/index.php\/2024\/09\/18\/corrupcao-na-gestao-de-eudes-sampaio-em-sao-jose-de-ribamar-vem-a-tona-em-escandalo-de-emendas-parlamentares\/#primaryimage"},"thumbnailUrl":"https:\/\/maranhaotv.com.br\/wp-content\/uploads\/2024\/09\/image_editor_output_image-341849687-1726667701825.jpg","datePublished":"2024-09-18T13:54:57+00:00","dateModified":"2024-09-18T13:55:18+00:00","breadcrumb":{"@id":"https:\/\/maranhaotv.com.br\/index.php\/2024\/09\/18\/corrupcao-na-gestao-de-eudes-sampaio-em-sao-jose-de-ribamar-vem-a-tona-em-escandalo-de-emendas-parlamentares\/#breadcrumb"},"inLanguage":"pt-BR","potentialAction":[{"@type":"ReadAction","target":["https:\/\/maranhaotv.com.br\/index.php\/2024\/09\/18\/corrupcao-na-gestao-de-eudes-sampaio-em-sao-jose-de-ribamar-vem-a-tona-em-escandalo-de-emendas-parlamentares\/"]}]},{"@type":"ImageObject","inLanguage":"pt-BR","@id":"https:\/\/maranhaotv.com.br\/index.php\/2024\/09\/18\/corrupcao-na-gestao-de-eudes-sampaio-em-sao-jose-de-ribamar-vem-a-tona-em-escandalo-de-emendas-parlamentares\/#primaryimage","url":"https:\/\/maranhaotv.com.br\/wp-content\/uploads\/2024\/09\/image_editor_output_image-341849687-1726667701825.jpg","contentUrl":"https:\/\/maranhaotv.com.br\/wp-content\/uploads\/2024\/09\/image_editor_output_image-341849687-1726667701825.jpg","width":1200,"height":792},{"@type":"BreadcrumbList","@id":"https:\/\/maranhaotv.com.br\/index.php\/2024\/09\/18\/corrupcao-na-gestao-de-eudes-sampaio-em-sao-jose-de-ribamar-vem-a-tona-em-escandalo-de-emendas-parlamentares\/#breadcrumb","itemListElement":[{"@type":"ListItem","position":1,"name":"In\u00edcio","item":"https:\/\/maranhaotv.com.br\/"},{"@type":"ListItem","position":2,"name":"Corrup\u00e7\u00e3o na Gest\u00e3o de Eudes Sampaio em S\u00e3o Jos\u00e9 de Ribamar vem \u00e0 tona em esc\u00e2ndalo de Emendas Parlamentares"}]},{"@type":"WebSite","@id":"https:\/\/maranhaotv.com.br\/#website","url":"https:\/\/maranhaotv.com.br\/","name":"Maranh\u00e3oTV","description":"","publisher":{"@id":"https:\/\/maranhaotv.com.br\/#organization"},"potentialAction":[{"@type":"SearchAction","target":{"@type":"EntryPoint","urlTemplate":"https:\/\/maranhaotv.com.br\/?s={search_term_string}"},"query-input":{"@type":"PropertyValueSpecification","valueRequired":true,"valueName":"search_term_string"}}],"inLanguage":"pt-BR"},{"@type":"Organization","@id":"https:\/\/maranhaotv.com.br\/#organization","name":"Portal de Not\u00edcias","url":"https:\/\/maranhaotv.com.br\/","logo":{"@type":"ImageObject","inLanguage":"pt-BR","@id":"https:\/\/maranhaotv.com.br\/#\/schema\/logo\/image\/","url":"https:\/\/maranhaotv.com.br\/wp-content\/uploads\/2024\/05\/cropped-cropped-avatar-1.png","contentUrl":"https:\/\/maranhaotv.com.br\/wp-content\/uploads\/2024\/05\/cropped-cropped-avatar-1.png","width":792,"height":428,"caption":"Portal de Not\u00edcias"},"image":{"@id":"https:\/\/maranhaotv.com.br\/#\/schema\/logo\/image\/"},"sameAs":["https:\/\/www.facebook.com\/maiobaotv","https:\/\/x.com\/sitemaranhaotv","https:\/\/www.instagram.com\/maranhao.tv","https:\/\/www.threads.net\/@maranhao.tv"]},{"@type":"Person","@id":"https:\/\/maranhaotv.com.br\/#\/schema\/person\/3d54238e86b20bb5c89ab2fdb8f8829a","name":"maranhaotv","image":{"@type":"ImageObject","inLanguage":"pt-BR","@id":"https:\/\/secure.gravatar.com\/avatar\/8fadbca458d4cb68b1dd399ae9a40618d747bb1af65ac9fad21c89220a143eb4?s=96&d=mm&r=g","url":"https:\/\/secure.gravatar.com\/avatar\/8fadbca458d4cb68b1dd399ae9a40618d747bb1af65ac9fad21c89220a143eb4?s=96&d=mm&r=g","contentUrl":"https:\/\/secure.gravatar.com\/avatar\/8fadbca458d4cb68b1dd399ae9a40618d747bb1af65ac9fad21c89220a143eb4?s=96&d=mm&r=g","caption":"maranhaotv"},"sameAs":["https:\/\/maranhaotv.com.br\/"],"url":"https:\/\/maranhaotv.com.br\/index.php\/author\/maranhaotv\/"}]}},"jetpack_featured_media_url":"https:\/\/maranhaotv.com.br\/wp-content\/uploads\/2024\/09\/image_editor_output_image-341849687-1726667701825.jpg","jetpack_sharing_enabled":true,"_links":{"self":[{"href":"https:\/\/maranhaotv.com.br\/index.php\/wp-json\/wp\/v2\/posts\/37784","targetHints":{"allow":["GET"]}}],"collection":[{"href":"https:\/\/maranhaotv.com.br\/index.php\/wp-json\/wp\/v2\/posts"}],"about":[{"href":"https:\/\/maranhaotv.com.br\/index.php\/wp-json\/wp\/v2\/types\/post"}],"author":[{"embeddable":true,"href":"https:\/\/maranhaotv.com.br\/index.php\/wp-json\/wp\/v2\/users\/2"}],"replies":[{"embeddable":true,"href":"https:\/\/maranhaotv.com.br\/index.php\/wp-json\/wp\/v2\/comments?post=37784"}],"version-history":[{"count":1,"href":"https:\/\/maranhaotv.com.br\/index.php\/wp-json\/wp\/v2\/posts\/37784\/revisions"}],"predecessor-version":[{"id":37785,"href":"https:\/\/maranhaotv.com.br\/index.php\/wp-json\/wp\/v2\/posts\/37784\/revisions\/37785"}],"wp:featuredmedia":[{"embeddable":true,"href":"https:\/\/maranhaotv.com.br\/index.php\/wp-json\/wp\/v2\/media\/37783"}],"wp:attachment":[{"href":"https:\/\/maranhaotv.com.br\/index.php\/wp-json\/wp\/v2\/media?parent=37784"}],"wp:term":[{"taxonomy":"category","embeddable":true,"href":"https:\/\/maranhaotv.com.br\/index.php\/wp-json\/wp\/v2\/categories?post=37784"},{"taxonomy":"post_tag","embeddable":true,"href":"https:\/\/maranhaotv.com.br\/index.php\/wp-json\/wp\/v2\/tags?post=37784"}],"curies":[{"name":"wp","href":"https:\/\/api.w.org\/{rel}","templated":true}]}}