{"id":37790,"date":"2024-09-18T12:45:11","date_gmt":"2024-09-18T15:45:11","guid":{"rendered":"https:\/\/maranhaotv.com.br\/?p=37790"},"modified":"2024-09-18T12:45:29","modified_gmt":"2024-09-18T15:45:29","slug":"estamos-cruzando-uma-fronteira-perigosa-na-politica-alerta-carlos-lula-sobre-o-aumento-da-violencia-nas-eleicoes-na-politica-brasileira","status":"publish","type":"post","link":"https:\/\/maranhaotv.com.br\/index.php\/2024\/09\/18\/estamos-cruzando-uma-fronteira-perigosa-na-politica-alerta-carlos-lula-sobre-o-aumento-da-violencia-nas-eleicoes-na-politica-brasileira\/","title":{"rendered":"&#8220;Estamos cruzando uma fronteira perigosa na pol\u00edtica&#8221;, alerta Carlos Lula sobre o aumento da viol\u00eancia nas elei\u00e7\u00f5es na pol\u00edtica brasileira"},"content":{"rendered":"\n<p><br>Deputado Carlos Lula defende condena\u00e7\u00e3o de atos violentos na pol\u00edtica: &#8220;N\u00e3o vale tudo em uma disputa&#8221;<br><br>Durante a sess\u00e3o plen\u00e1ria desta quarta-feira (18), o deputado estadual Carlos Lula (PSB) condenou tanto a agress\u00e3o f\u00edsica cometida por Jos\u00e9 Luiz Datena (PSDB) contra Pablo Mar\u00e7al (PRTB), quanto as agress\u00f5es verbais trocadas durante o debate na TV Cultura, realizado no \u00faltimo domingo (15). O parlamentar ressaltou que tanto o ato de viol\u00eancia quanto as acusa\u00e7\u00f5es pessoais que marcaram o debate s\u00e3o sinais de uma grave deteriora\u00e7\u00e3o no cen\u00e1rio pol\u00edtico brasileiro.<br><br>&#8220;A linha que Datena ultrapassou j\u00e1 havia sido cruzada por muitos, incluindo o pr\u00f3prio Pablo Mar\u00e7al. Ele fez acusa\u00e7\u00f5es grav\u00edssimas, como responsabilizar T\u00e1bata Amaral pelo suic\u00eddio de seu pai, afirmar que Guilherme Boulos era usu\u00e1rio de drogas e acusar Datena de ser estuprador durante o debate. Essas acusa\u00e7\u00f5es s\u00e3o t\u00e3o graves quanto a agress\u00e3o f\u00edsica, e isso mostra que estamos cruzando uma fronteira perigosa na pol\u00edtica&#8221;, alertou o parlamentar.<br><br>Lula tamb\u00e9m observou que, por muito tempo, havia temas e limites \u00e9ticos que n\u00e3o deveriam ser ultrapassados em disputas pol\u00edticas, mas que essas fronteiras t\u00eam sido desrespeitadas, especialmente devido \u00e0 influ\u00eancia das redes sociais.<br><br>&#8220;Hoje, o debate pol\u00edtico \u00e9 fortemente influenciado pelas redes sociais, onde o algoritmo prioriza o que gera mais engajamento e audi\u00eancia. E, muitas vezes, o que atrai a aten\u00e7\u00e3o n\u00e3o \u00e9 o que contribui para o di\u00e1logo pol\u00edtico, mas sim o que causa mais confus\u00e3o. O algoritmo n\u00e3o distingue o que \u00e9 certo ou errado; ele amplifica comportamentos que incentivam ofensas pessoais e morais entre advers\u00e1rios eleitorais&#8221;, comentou Carlos Lula.<br><br>O deputado ainda ressaltou que a normaliza\u00e7\u00e3o da viol\u00eancia pol\u00edtica j\u00e1 come\u00e7a a ser aceita pelos pr\u00f3prios eleitores, como indicam pesquisas realizadas ap\u00f3s o incidente de domingo.<br><br>&#8220;O que estamos vendo \u00e9 alarmante. O n\u00edvel de viol\u00eancia chegou a tal ponto que, ao inv\u00e9s de condenar a agress\u00e3o, parte da sociedade a justifica. Uma pesquisa qualitativa realizada logo ap\u00f3s o debate mostrou que muitos eleitores acreditam que Datena estava no direito de reagir, pois se sentiu provocado durante todo o programa. Al\u00e9m disso, uma pesquisa da Quaest divulgada hoje apontou que Pablo Mar\u00e7al, que se gaba de matar tubar\u00f5es com um soco, perdeu popularidade ap\u00f3s ser agredido por um homem de mais de 70 anos&#8221;, acrescentou o deputado.<br><br>Ao concluir seu discurso, Carlos Lula refor\u00e7ou a necessidade urgente de reverter essa tend\u00eancia e n\u00e3o permitir que atos de viol\u00eancia sejam normalizados no cen\u00e1rio pol\u00edtico.<br><br>&#8220;No fim das contas, quero deixar claro que n\u00e3o vale tudo na pol\u00edtica. Existem limites que n\u00e3o devem ser ultrapassados, e, mesmo que parte da popula\u00e7\u00e3o justifique a agress\u00e3o, \u00e9 nosso dever condenar veementemente qualquer forma de viol\u00eancia, seja f\u00edsica ou verbal. N\u00e3o podemos tolerar esse tipo de conduta, seja em S\u00e3o Paulo, no Maranh\u00e3o ou em qualquer lugar do Brasil&#8221;, finalizou Carlos Lula.<\/p>\n","protected":false},"excerpt":{"rendered":"<p>Deputado Carlos Lula defende condena\u00e7\u00e3o de atos violentos na pol\u00edtica: &#8220;N\u00e3o vale tudo em uma disputa&#8221; Durante a sess\u00e3o plen\u00e1ria<\/p>\n","protected":false},"author":2,"featured_media":37789,"comment_status":"open","ping_status":"open","sticky":false,"template":"","format":"standard","meta":{"colormag_page_container_layout":"default_layout","colormag_page_sidebar_layout":"default_layout","_jetpack_memberships_contains_paid_content":false,"footnotes":""},"categories":[2],"tags":[],"class_list":["post-37790","post","type-post","status-publish","format-standard","has-post-thumbnail","hentry","category-noticias"],"magazineBlocksPostFeaturedMedia":{"thumbnail":"https:\/\/maranhaotv.com.br\/wp-content\/uploads\/2024\/09\/IMG-20240918-WA0581-150x150.jpg","medium":"https:\/\/maranhaotv.com.br\/wp-content\/uploads\/2024\/09\/IMG-20240918-WA0581-300x200.jpg","medium_large":"https:\/\/maranhaotv.com.br\/wp-content\/uploads\/2024\/09\/IMG-20240918-WA0581-768x512.jpg","large":"https:\/\/maranhaotv.com.br\/wp-content\/uploads\/2024\/09\/IMG-20240918-WA0581-1024x682.jpg","1536x1536":"https:\/\/maranhaotv.com.br\/wp-content\/uploads\/2024\/09\/IMG-20240918-WA0581-1536x1023.jpg","2048x2048":"https:\/\/maranhaotv.com.br\/wp-content\/uploads\/2024\/09\/IMG-20240918-WA0581.jpg","colormag-highlighted-post":"https:\/\/maranhaotv.com.br\/wp-content\/uploads\/2024\/09\/IMG-20240918-WA0581-392x272.jpg","colormag-featured-post-medium":"https:\/\/maranhaotv.com.br\/wp-content\/uploads\/2024\/09\/IMG-20240918-WA0581-390x205.jpg","colormag-featured-post-small":"https:\/\/maranhaotv.com.br\/wp-content\/uploads\/2024\/09\/IMG-20240918-WA0581-130x90.jpg","colormag-featured-image":"https:\/\/maranhaotv.com.br\/wp-content\/uploads\/2024\/09\/IMG-20240918-WA0581-800x445.jpg","colormag-default-news":"https:\/\/maranhaotv.com.br\/wp-content\/uploads\/2024\/09\/IMG-20240918-WA0581-150x150.jpg","colormag-featured-image-large":"https:\/\/maranhaotv.com.br\/wp-content\/uploads\/2024\/09\/IMG-20240918-WA0581-1400x600.jpg"},"magazineBlocksPostAuthor":{"name":"maranhaotv","avatar":"https:\/\/secure.gravatar.com\/avatar\/8fadbca458d4cb68b1dd399ae9a40618d747bb1af65ac9fad21c89220a143eb4?s=96&d=mm&r=g"},"magazineBlocksPostCommentsNumber":"0","magazineBlocksPostExcerpt":"Deputado Carlos Lula defende condena\u00e7\u00e3o de atos violentos na pol\u00edtica: &#8220;N\u00e3o vale tudo em uma disputa&#8221; Durante a sess\u00e3o plen\u00e1ria","magazineBlocksPostCategories":["not\u00edcias"],"magazineBlocksPostViewCount":313,"magazineBlocksPostReadTime":3,"magazine_blocks_featured_image_url":{"full":["https:\/\/maranhaotv.com.br\/wp-content\/uploads\/2024\/09\/IMG-20240918-WA0581.jpg",1600,1066,false],"medium":["https:\/\/maranhaotv.com.br\/wp-content\/uploads\/2024\/09\/IMG-20240918-WA0581-300x200.jpg",300,200,true],"thumbnail":["https:\/\/maranhaotv.com.br\/wp-content\/uploads\/2024\/09\/IMG-20240918-WA0581-150x150.jpg",150,150,true]},"magazine_blocks_author":{"display_name":"maranhaotv","author_link":"https:\/\/maranhaotv.com.br\/index.php\/author\/maranhaotv\/"},"magazine_blocks_comment":0,"magazine_blocks_author_image":"https:\/\/secure.gravatar.com\/avatar\/8fadbca458d4cb68b1dd399ae9a40618d747bb1af65ac9fad21c89220a143eb4?s=96&d=mm&r=g","magazine_blocks_category":"<a href=\"#\" class=\"category-link category-link-2\">not\u00edcias<\/a>","yoast_head":"<!-- This site is optimized with the Yoast SEO plugin v27.4 - https:\/\/yoast.com\/product\/yoast-seo-wordpress\/ -->\n<title>&quot;Estamos cruzando uma fronteira perigosa na pol\u00edtica&quot;, alerta Carlos Lula sobre o aumento da viol\u00eancia nas elei\u00e7\u00f5es na pol\u00edtica brasileira - NOT\u00cdCIAS EM TEMPO REAL<\/title>\n<meta name=\"robots\" content=\"index, follow, max-snippet:-1, max-image-preview:large, max-video-preview:-1\" \/>\n<link rel=\"canonical\" href=\"https:\/\/maranhaotv.com.br\/index.php\/2024\/09\/18\/estamos-cruzando-uma-fronteira-perigosa-na-politica-alerta-carlos-lula-sobre-o-aumento-da-violencia-nas-eleicoes-na-politica-brasileira\/\" \/>\n<meta property=\"og:locale\" content=\"pt_BR\" \/>\n<meta property=\"og:type\" content=\"article\" \/>\n<meta property=\"og:title\" content=\"&quot;Estamos cruzando uma fronteira perigosa na pol\u00edtica&quot;, alerta Carlos Lula sobre o aumento da viol\u00eancia nas elei\u00e7\u00f5es na pol\u00edtica brasileira - NOT\u00cdCIAS EM TEMPO REAL\" \/>\n<meta property=\"og:description\" content=\"Deputado Carlos Lula defende condena\u00e7\u00e3o de atos violentos na pol\u00edtica: &#8220;N\u00e3o vale tudo em uma disputa&#8221; Durante a sess\u00e3o plen\u00e1ria\" \/>\n<meta property=\"og:url\" content=\"https:\/\/maranhaotv.com.br\/index.php\/2024\/09\/18\/estamos-cruzando-uma-fronteira-perigosa-na-politica-alerta-carlos-lula-sobre-o-aumento-da-violencia-nas-eleicoes-na-politica-brasileira\/\" \/>\n<meta property=\"og:site_name\" content=\"NOT\u00cdCIAS EM TEMPO REAL\" \/>\n<meta property=\"article:publisher\" content=\"https:\/\/www.facebook.com\/maiobaotv\" \/>\n<meta property=\"article:published_time\" content=\"2024-09-18T15:45:11+00:00\" \/>\n<meta property=\"article:modified_time\" content=\"2024-09-18T15:45:29+00:00\" \/>\n<meta property=\"og:image\" content=\"https:\/\/maranhaotv.com.br\/wp-content\/uploads\/2024\/09\/IMG-20240918-WA0581.jpg\" \/>\n\t<meta property=\"og:image:width\" content=\"1600\" \/>\n\t<meta property=\"og:image:height\" content=\"1066\" \/>\n\t<meta property=\"og:image:type\" content=\"image\/jpeg\" \/>\n<meta name=\"author\" content=\"maranhaotv\" \/>\n<meta name=\"twitter:card\" content=\"summary_large_image\" \/>\n<meta name=\"twitter:creator\" content=\"@sitemaranhaotv\" \/>\n<meta name=\"twitter:site\" content=\"@sitemaranhaotv\" \/>\n<meta name=\"twitter:label1\" content=\"Escrito por\" \/>\n\t<meta name=\"twitter:data1\" content=\"maranhaotv\" \/>\n\t<meta name=\"twitter:label2\" content=\"Est. tempo de leitura\" \/>\n\t<meta name=\"twitter:data2\" content=\"3 minutos\" \/>\n<script type=\"application\/ld+json\" class=\"yoast-schema-graph\">{\"@context\":\"https:\\\/\\\/schema.org\",\"@graph\":[{\"@type\":\"Article\",\"@id\":\"https:\\\/\\\/maranhaotv.com.br\\\/index.php\\\/2024\\\/09\\\/18\\\/estamos-cruzando-uma-fronteira-perigosa-na-politica-alerta-carlos-lula-sobre-o-aumento-da-violencia-nas-eleicoes-na-politica-brasileira\\\/#article\",\"isPartOf\":{\"@id\":\"https:\\\/\\\/maranhaotv.com.br\\\/index.php\\\/2024\\\/09\\\/18\\\/estamos-cruzando-uma-fronteira-perigosa-na-politica-alerta-carlos-lula-sobre-o-aumento-da-violencia-nas-eleicoes-na-politica-brasileira\\\/\"},\"author\":{\"name\":\"maranhaotv\",\"@id\":\"https:\\\/\\\/maranhaotv.com.br\\\/#\\\/schema\\\/person\\\/3d54238e86b20bb5c89ab2fdb8f8829a\"},\"headline\":\"&#8220;Estamos cruzando uma fronteira perigosa na pol\u00edtica&#8221;, alerta Carlos Lula sobre o aumento da viol\u00eancia nas elei\u00e7\u00f5es na pol\u00edtica brasileira\",\"datePublished\":\"2024-09-18T15:45:11+00:00\",\"dateModified\":\"2024-09-18T15:45:29+00:00\",\"mainEntityOfPage\":{\"@id\":\"https:\\\/\\\/maranhaotv.com.br\\\/index.php\\\/2024\\\/09\\\/18\\\/estamos-cruzando-uma-fronteira-perigosa-na-politica-alerta-carlos-lula-sobre-o-aumento-da-violencia-nas-eleicoes-na-politica-brasileira\\\/\"},\"wordCount\":556,\"commentCount\":0,\"publisher\":{\"@id\":\"https:\\\/\\\/maranhaotv.com.br\\\/#organization\"},\"image\":{\"@id\":\"https:\\\/\\\/maranhaotv.com.br\\\/index.php\\\/2024\\\/09\\\/18\\\/estamos-cruzando-uma-fronteira-perigosa-na-politica-alerta-carlos-lula-sobre-o-aumento-da-violencia-nas-eleicoes-na-politica-brasileira\\\/#primaryimage\"},\"thumbnailUrl\":\"https:\\\/\\\/maranhaotv.com.br\\\/wp-content\\\/uploads\\\/2024\\\/09\\\/IMG-20240918-WA0581.jpg\",\"articleSection\":[\"not\u00edcias\"],\"inLanguage\":\"pt-BR\",\"potentialAction\":[{\"@type\":\"CommentAction\",\"name\":\"Comment\",\"target\":[\"https:\\\/\\\/maranhaotv.com.br\\\/index.php\\\/2024\\\/09\\\/18\\\/estamos-cruzando-uma-fronteira-perigosa-na-politica-alerta-carlos-lula-sobre-o-aumento-da-violencia-nas-eleicoes-na-politica-brasileira\\\/#respond\"]}]},{\"@type\":\"WebPage\",\"@id\":\"https:\\\/\\\/maranhaotv.com.br\\\/index.php\\\/2024\\\/09\\\/18\\\/estamos-cruzando-uma-fronteira-perigosa-na-politica-alerta-carlos-lula-sobre-o-aumento-da-violencia-nas-eleicoes-na-politica-brasileira\\\/\",\"url\":\"https:\\\/\\\/maranhaotv.com.br\\\/index.php\\\/2024\\\/09\\\/18\\\/estamos-cruzando-uma-fronteira-perigosa-na-politica-alerta-carlos-lula-sobre-o-aumento-da-violencia-nas-eleicoes-na-politica-brasileira\\\/\",\"name\":\"\\\"Estamos cruzando uma fronteira perigosa na pol\u00edtica\\\", alerta Carlos Lula sobre o aumento da viol\u00eancia nas elei\u00e7\u00f5es na pol\u00edtica brasileira - NOT\u00cdCIAS EM TEMPO REAL\",\"isPartOf\":{\"@id\":\"https:\\\/\\\/maranhaotv.com.br\\\/#website\"},\"primaryImageOfPage\":{\"@id\":\"https:\\\/\\\/maranhaotv.com.br\\\/index.php\\\/2024\\\/09\\\/18\\\/estamos-cruzando-uma-fronteira-perigosa-na-politica-alerta-carlos-lula-sobre-o-aumento-da-violencia-nas-eleicoes-na-politica-brasileira\\\/#primaryimage\"},\"image\":{\"@id\":\"https:\\\/\\\/maranhaotv.com.br\\\/index.php\\\/2024\\\/09\\\/18\\\/estamos-cruzando-uma-fronteira-perigosa-na-politica-alerta-carlos-lula-sobre-o-aumento-da-violencia-nas-eleicoes-na-politica-brasileira\\\/#primaryimage\"},\"thumbnailUrl\":\"https:\\\/\\\/maranhaotv.com.br\\\/wp-content\\\/uploads\\\/2024\\\/09\\\/IMG-20240918-WA0581.jpg\",\"datePublished\":\"2024-09-18T15:45:11+00:00\",\"dateModified\":\"2024-09-18T15:45:29+00:00\",\"breadcrumb\":{\"@id\":\"https:\\\/\\\/maranhaotv.com.br\\\/index.php\\\/2024\\\/09\\\/18\\\/estamos-cruzando-uma-fronteira-perigosa-na-politica-alerta-carlos-lula-sobre-o-aumento-da-violencia-nas-eleicoes-na-politica-brasileira\\\/#breadcrumb\"},\"inLanguage\":\"pt-BR\",\"potentialAction\":[{\"@type\":\"ReadAction\",\"target\":[\"https:\\\/\\\/maranhaotv.com.br\\\/index.php\\\/2024\\\/09\\\/18\\\/estamos-cruzando-uma-fronteira-perigosa-na-politica-alerta-carlos-lula-sobre-o-aumento-da-violencia-nas-eleicoes-na-politica-brasileira\\\/\"]}]},{\"@type\":\"ImageObject\",\"inLanguage\":\"pt-BR\",\"@id\":\"https:\\\/\\\/maranhaotv.com.br\\\/index.php\\\/2024\\\/09\\\/18\\\/estamos-cruzando-uma-fronteira-perigosa-na-politica-alerta-carlos-lula-sobre-o-aumento-da-violencia-nas-eleicoes-na-politica-brasileira\\\/#primaryimage\",\"url\":\"https:\\\/\\\/maranhaotv.com.br\\\/wp-content\\\/uploads\\\/2024\\\/09\\\/IMG-20240918-WA0581.jpg\",\"contentUrl\":\"https:\\\/\\\/maranhaotv.com.br\\\/wp-content\\\/uploads\\\/2024\\\/09\\\/IMG-20240918-WA0581.jpg\",\"width\":1600,\"height\":1066},{\"@type\":\"BreadcrumbList\",\"@id\":\"https:\\\/\\\/maranhaotv.com.br\\\/index.php\\\/2024\\\/09\\\/18\\\/estamos-cruzando-uma-fronteira-perigosa-na-politica-alerta-carlos-lula-sobre-o-aumento-da-violencia-nas-eleicoes-na-politica-brasileira\\\/#breadcrumb\",\"itemListElement\":[{\"@type\":\"ListItem\",\"position\":1,\"name\":\"In\u00edcio\",\"item\":\"https:\\\/\\\/maranhaotv.com.br\\\/\"},{\"@type\":\"ListItem\",\"position\":2,\"name\":\"&#8220;Estamos cruzando uma fronteira perigosa na pol\u00edtica&#8221;, alerta Carlos Lula sobre o aumento da viol\u00eancia nas elei\u00e7\u00f5es na pol\u00edtica brasileira\"}]},{\"@type\":\"WebSite\",\"@id\":\"https:\\\/\\\/maranhaotv.com.br\\\/#website\",\"url\":\"https:\\\/\\\/maranhaotv.com.br\\\/\",\"name\":\"Maranh\u00e3oTV\",\"description\":\"\",\"publisher\":{\"@id\":\"https:\\\/\\\/maranhaotv.com.br\\\/#organization\"},\"potentialAction\":[{\"@type\":\"SearchAction\",\"target\":{\"@type\":\"EntryPoint\",\"urlTemplate\":\"https:\\\/\\\/maranhaotv.com.br\\\/?s={search_term_string}\"},\"query-input\":{\"@type\":\"PropertyValueSpecification\",\"valueRequired\":true,\"valueName\":\"search_term_string\"}}],\"inLanguage\":\"pt-BR\"},{\"@type\":\"Organization\",\"@id\":\"https:\\\/\\\/maranhaotv.com.br\\\/#organization\",\"name\":\"Portal de Not\u00edcias\",\"url\":\"https:\\\/\\\/maranhaotv.com.br\\\/\",\"logo\":{\"@type\":\"ImageObject\",\"inLanguage\":\"pt-BR\",\"@id\":\"https:\\\/\\\/maranhaotv.com.br\\\/#\\\/schema\\\/logo\\\/image\\\/\",\"url\":\"https:\\\/\\\/maranhaotv.com.br\\\/wp-content\\\/uploads\\\/2024\\\/05\\\/cropped-cropped-avatar-1.png\",\"contentUrl\":\"https:\\\/\\\/maranhaotv.com.br\\\/wp-content\\\/uploads\\\/2024\\\/05\\\/cropped-cropped-avatar-1.png\",\"width\":792,\"height\":428,\"caption\":\"Portal de Not\u00edcias\"},\"image\":{\"@id\":\"https:\\\/\\\/maranhaotv.com.br\\\/#\\\/schema\\\/logo\\\/image\\\/\"},\"sameAs\":[\"https:\\\/\\\/www.facebook.com\\\/maiobaotv\",\"https:\\\/\\\/x.com\\\/sitemaranhaotv\",\"https:\\\/\\\/www.instagram.com\\\/maranhao.tv\",\"https:\\\/\\\/www.threads.net\\\/@maranhao.tv\"]},{\"@type\":\"Person\",\"@id\":\"https:\\\/\\\/maranhaotv.com.br\\\/#\\\/schema\\\/person\\\/3d54238e86b20bb5c89ab2fdb8f8829a\",\"name\":\"maranhaotv\",\"image\":{\"@type\":\"ImageObject\",\"inLanguage\":\"pt-BR\",\"@id\":\"https:\\\/\\\/secure.gravatar.com\\\/avatar\\\/8fadbca458d4cb68b1dd399ae9a40618d747bb1af65ac9fad21c89220a143eb4?s=96&d=mm&r=g\",\"url\":\"https:\\\/\\\/secure.gravatar.com\\\/avatar\\\/8fadbca458d4cb68b1dd399ae9a40618d747bb1af65ac9fad21c89220a143eb4?s=96&d=mm&r=g\",\"contentUrl\":\"https:\\\/\\\/secure.gravatar.com\\\/avatar\\\/8fadbca458d4cb68b1dd399ae9a40618d747bb1af65ac9fad21c89220a143eb4?s=96&d=mm&r=g\",\"caption\":\"maranhaotv\"},\"sameAs\":[\"https:\\\/\\\/maranhaotv.com.br\\\/\"],\"url\":\"https:\\\/\\\/maranhaotv.com.br\\\/index.php\\\/author\\\/maranhaotv\\\/\"}]}<\/script>\n<!-- \/ Yoast SEO plugin. -->","yoast_head_json":{"title":"\"Estamos cruzando uma fronteira perigosa na pol\u00edtica\", alerta Carlos Lula sobre o aumento da viol\u00eancia nas elei\u00e7\u00f5es na pol\u00edtica brasileira - NOT\u00cdCIAS EM TEMPO REAL","robots":{"index":"index","follow":"follow","max-snippet":"max-snippet:-1","max-image-preview":"max-image-preview:large","max-video-preview":"max-video-preview:-1"},"canonical":"https:\/\/maranhaotv.com.br\/index.php\/2024\/09\/18\/estamos-cruzando-uma-fronteira-perigosa-na-politica-alerta-carlos-lula-sobre-o-aumento-da-violencia-nas-eleicoes-na-politica-brasileira\/","og_locale":"pt_BR","og_type":"article","og_title":"\"Estamos cruzando uma fronteira perigosa na pol\u00edtica\", alerta Carlos Lula sobre o aumento da viol\u00eancia nas elei\u00e7\u00f5es na pol\u00edtica brasileira - NOT\u00cdCIAS EM TEMPO REAL","og_description":"Deputado Carlos Lula defende condena\u00e7\u00e3o de atos violentos na pol\u00edtica: &#8220;N\u00e3o vale tudo em uma disputa&#8221; Durante a sess\u00e3o plen\u00e1ria","og_url":"https:\/\/maranhaotv.com.br\/index.php\/2024\/09\/18\/estamos-cruzando-uma-fronteira-perigosa-na-politica-alerta-carlos-lula-sobre-o-aumento-da-violencia-nas-eleicoes-na-politica-brasileira\/","og_site_name":"NOT\u00cdCIAS EM TEMPO REAL","article_publisher":"https:\/\/www.facebook.com\/maiobaotv","article_published_time":"2024-09-18T15:45:11+00:00","article_modified_time":"2024-09-18T15:45:29+00:00","og_image":[{"width":1600,"height":1066,"url":"https:\/\/maranhaotv.com.br\/wp-content\/uploads\/2024\/09\/IMG-20240918-WA0581.jpg","type":"image\/jpeg"}],"author":"maranhaotv","twitter_card":"summary_large_image","twitter_creator":"@sitemaranhaotv","twitter_site":"@sitemaranhaotv","twitter_misc":{"Escrito por":"maranhaotv","Est. tempo de leitura":"3 minutos"},"schema":{"@context":"https:\/\/schema.org","@graph":[{"@type":"Article","@id":"https:\/\/maranhaotv.com.br\/index.php\/2024\/09\/18\/estamos-cruzando-uma-fronteira-perigosa-na-politica-alerta-carlos-lula-sobre-o-aumento-da-violencia-nas-eleicoes-na-politica-brasileira\/#article","isPartOf":{"@id":"https:\/\/maranhaotv.com.br\/index.php\/2024\/09\/18\/estamos-cruzando-uma-fronteira-perigosa-na-politica-alerta-carlos-lula-sobre-o-aumento-da-violencia-nas-eleicoes-na-politica-brasileira\/"},"author":{"name":"maranhaotv","@id":"https:\/\/maranhaotv.com.br\/#\/schema\/person\/3d54238e86b20bb5c89ab2fdb8f8829a"},"headline":"&#8220;Estamos cruzando uma fronteira perigosa na pol\u00edtica&#8221;, alerta Carlos Lula sobre o aumento da viol\u00eancia nas elei\u00e7\u00f5es na pol\u00edtica brasileira","datePublished":"2024-09-18T15:45:11+00:00","dateModified":"2024-09-18T15:45:29+00:00","mainEntityOfPage":{"@id":"https:\/\/maranhaotv.com.br\/index.php\/2024\/09\/18\/estamos-cruzando-uma-fronteira-perigosa-na-politica-alerta-carlos-lula-sobre-o-aumento-da-violencia-nas-eleicoes-na-politica-brasileira\/"},"wordCount":556,"commentCount":0,"publisher":{"@id":"https:\/\/maranhaotv.com.br\/#organization"},"image":{"@id":"https:\/\/maranhaotv.com.br\/index.php\/2024\/09\/18\/estamos-cruzando-uma-fronteira-perigosa-na-politica-alerta-carlos-lula-sobre-o-aumento-da-violencia-nas-eleicoes-na-politica-brasileira\/#primaryimage"},"thumbnailUrl":"https:\/\/maranhaotv.com.br\/wp-content\/uploads\/2024\/09\/IMG-20240918-WA0581.jpg","articleSection":["not\u00edcias"],"inLanguage":"pt-BR","potentialAction":[{"@type":"CommentAction","name":"Comment","target":["https:\/\/maranhaotv.com.br\/index.php\/2024\/09\/18\/estamos-cruzando-uma-fronteira-perigosa-na-politica-alerta-carlos-lula-sobre-o-aumento-da-violencia-nas-eleicoes-na-politica-brasileira\/#respond"]}]},{"@type":"WebPage","@id":"https:\/\/maranhaotv.com.br\/index.php\/2024\/09\/18\/estamos-cruzando-uma-fronteira-perigosa-na-politica-alerta-carlos-lula-sobre-o-aumento-da-violencia-nas-eleicoes-na-politica-brasileira\/","url":"https:\/\/maranhaotv.com.br\/index.php\/2024\/09\/18\/estamos-cruzando-uma-fronteira-perigosa-na-politica-alerta-carlos-lula-sobre-o-aumento-da-violencia-nas-eleicoes-na-politica-brasileira\/","name":"\"Estamos cruzando uma fronteira perigosa na pol\u00edtica\", alerta Carlos Lula sobre o aumento da viol\u00eancia nas elei\u00e7\u00f5es na pol\u00edtica brasileira - NOT\u00cdCIAS EM TEMPO REAL","isPartOf":{"@id":"https:\/\/maranhaotv.com.br\/#website"},"primaryImageOfPage":{"@id":"https:\/\/maranhaotv.com.br\/index.php\/2024\/09\/18\/estamos-cruzando-uma-fronteira-perigosa-na-politica-alerta-carlos-lula-sobre-o-aumento-da-violencia-nas-eleicoes-na-politica-brasileira\/#primaryimage"},"image":{"@id":"https:\/\/maranhaotv.com.br\/index.php\/2024\/09\/18\/estamos-cruzando-uma-fronteira-perigosa-na-politica-alerta-carlos-lula-sobre-o-aumento-da-violencia-nas-eleicoes-na-politica-brasileira\/#primaryimage"},"thumbnailUrl":"https:\/\/maranhaotv.com.br\/wp-content\/uploads\/2024\/09\/IMG-20240918-WA0581.jpg","datePublished":"2024-09-18T15:45:11+00:00","dateModified":"2024-09-18T15:45:29+00:00","breadcrumb":{"@id":"https:\/\/maranhaotv.com.br\/index.php\/2024\/09\/18\/estamos-cruzando-uma-fronteira-perigosa-na-politica-alerta-carlos-lula-sobre-o-aumento-da-violencia-nas-eleicoes-na-politica-brasileira\/#breadcrumb"},"inLanguage":"pt-BR","potentialAction":[{"@type":"ReadAction","target":["https:\/\/maranhaotv.com.br\/index.php\/2024\/09\/18\/estamos-cruzando-uma-fronteira-perigosa-na-politica-alerta-carlos-lula-sobre-o-aumento-da-violencia-nas-eleicoes-na-politica-brasileira\/"]}]},{"@type":"ImageObject","inLanguage":"pt-BR","@id":"https:\/\/maranhaotv.com.br\/index.php\/2024\/09\/18\/estamos-cruzando-uma-fronteira-perigosa-na-politica-alerta-carlos-lula-sobre-o-aumento-da-violencia-nas-eleicoes-na-politica-brasileira\/#primaryimage","url":"https:\/\/maranhaotv.com.br\/wp-content\/uploads\/2024\/09\/IMG-20240918-WA0581.jpg","contentUrl":"https:\/\/maranhaotv.com.br\/wp-content\/uploads\/2024\/09\/IMG-20240918-WA0581.jpg","width":1600,"height":1066},{"@type":"BreadcrumbList","@id":"https:\/\/maranhaotv.com.br\/index.php\/2024\/09\/18\/estamos-cruzando-uma-fronteira-perigosa-na-politica-alerta-carlos-lula-sobre-o-aumento-da-violencia-nas-eleicoes-na-politica-brasileira\/#breadcrumb","itemListElement":[{"@type":"ListItem","position":1,"name":"In\u00edcio","item":"https:\/\/maranhaotv.com.br\/"},{"@type":"ListItem","position":2,"name":"&#8220;Estamos cruzando uma fronteira perigosa na pol\u00edtica&#8221;, alerta Carlos Lula sobre o aumento da viol\u00eancia nas elei\u00e7\u00f5es na pol\u00edtica brasileira"}]},{"@type":"WebSite","@id":"https:\/\/maranhaotv.com.br\/#website","url":"https:\/\/maranhaotv.com.br\/","name":"Maranh\u00e3oTV","description":"","publisher":{"@id":"https:\/\/maranhaotv.com.br\/#organization"},"potentialAction":[{"@type":"SearchAction","target":{"@type":"EntryPoint","urlTemplate":"https:\/\/maranhaotv.com.br\/?s={search_term_string}"},"query-input":{"@type":"PropertyValueSpecification","valueRequired":true,"valueName":"search_term_string"}}],"inLanguage":"pt-BR"},{"@type":"Organization","@id":"https:\/\/maranhaotv.com.br\/#organization","name":"Portal de Not\u00edcias","url":"https:\/\/maranhaotv.com.br\/","logo":{"@type":"ImageObject","inLanguage":"pt-BR","@id":"https:\/\/maranhaotv.com.br\/#\/schema\/logo\/image\/","url":"https:\/\/maranhaotv.com.br\/wp-content\/uploads\/2024\/05\/cropped-cropped-avatar-1.png","contentUrl":"https:\/\/maranhaotv.com.br\/wp-content\/uploads\/2024\/05\/cropped-cropped-avatar-1.png","width":792,"height":428,"caption":"Portal de Not\u00edcias"},"image":{"@id":"https:\/\/maranhaotv.com.br\/#\/schema\/logo\/image\/"},"sameAs":["https:\/\/www.facebook.com\/maiobaotv","https:\/\/x.com\/sitemaranhaotv","https:\/\/www.instagram.com\/maranhao.tv","https:\/\/www.threads.net\/@maranhao.tv"]},{"@type":"Person","@id":"https:\/\/maranhaotv.com.br\/#\/schema\/person\/3d54238e86b20bb5c89ab2fdb8f8829a","name":"maranhaotv","image":{"@type":"ImageObject","inLanguage":"pt-BR","@id":"https:\/\/secure.gravatar.com\/avatar\/8fadbca458d4cb68b1dd399ae9a40618d747bb1af65ac9fad21c89220a143eb4?s=96&d=mm&r=g","url":"https:\/\/secure.gravatar.com\/avatar\/8fadbca458d4cb68b1dd399ae9a40618d747bb1af65ac9fad21c89220a143eb4?s=96&d=mm&r=g","contentUrl":"https:\/\/secure.gravatar.com\/avatar\/8fadbca458d4cb68b1dd399ae9a40618d747bb1af65ac9fad21c89220a143eb4?s=96&d=mm&r=g","caption":"maranhaotv"},"sameAs":["https:\/\/maranhaotv.com.br\/"],"url":"https:\/\/maranhaotv.com.br\/index.php\/author\/maranhaotv\/"}]}},"jetpack_featured_media_url":"https:\/\/maranhaotv.com.br\/wp-content\/uploads\/2024\/09\/IMG-20240918-WA0581.jpg","jetpack_sharing_enabled":true,"_links":{"self":[{"href":"https:\/\/maranhaotv.com.br\/index.php\/wp-json\/wp\/v2\/posts\/37790","targetHints":{"allow":["GET"]}}],"collection":[{"href":"https:\/\/maranhaotv.com.br\/index.php\/wp-json\/wp\/v2\/posts"}],"about":[{"href":"https:\/\/maranhaotv.com.br\/index.php\/wp-json\/wp\/v2\/types\/post"}],"author":[{"embeddable":true,"href":"https:\/\/maranhaotv.com.br\/index.php\/wp-json\/wp\/v2\/users\/2"}],"replies":[{"embeddable":true,"href":"https:\/\/maranhaotv.com.br\/index.php\/wp-json\/wp\/v2\/comments?post=37790"}],"version-history":[{"count":1,"href":"https:\/\/maranhaotv.com.br\/index.php\/wp-json\/wp\/v2\/posts\/37790\/revisions"}],"predecessor-version":[{"id":37791,"href":"https:\/\/maranhaotv.com.br\/index.php\/wp-json\/wp\/v2\/posts\/37790\/revisions\/37791"}],"wp:featuredmedia":[{"embeddable":true,"href":"https:\/\/maranhaotv.com.br\/index.php\/wp-json\/wp\/v2\/media\/37789"}],"wp:attachment":[{"href":"https:\/\/maranhaotv.com.br\/index.php\/wp-json\/wp\/v2\/media?parent=37790"}],"wp:term":[{"taxonomy":"category","embeddable":true,"href":"https:\/\/maranhaotv.com.br\/index.php\/wp-json\/wp\/v2\/categories?post=37790"},{"taxonomy":"post_tag","embeddable":true,"href":"https:\/\/maranhaotv.com.br\/index.php\/wp-json\/wp\/v2\/tags?post=37790"}],"curies":[{"name":"wp","href":"https:\/\/api.w.org\/{rel}","templated":true}]}}