{"id":37938,"date":"2024-09-23T12:33:08","date_gmt":"2024-09-23T15:33:08","guid":{"rendered":"https:\/\/maranhaotv.com.br\/?p=37938"},"modified":"2024-09-23T12:33:42","modified_gmt":"2024-09-23T15:33:42","slug":"maraja-do-sena-pesquisa-confirma-favoritismo-de-nenem-machado","status":"publish","type":"post","link":"https:\/\/maranhaotv.com.br\/index.php\/2024\/09\/23\/maraja-do-sena-pesquisa-confirma-favoritismo-de-nenem-machado\/","title":{"rendered":"Maraj\u00e1 do Sena: Pesquisa confirma favoritismo de Nen\u00e9m Machado"},"content":{"rendered":"\n<p>Nesta segunda (23), mais uma pesquisa sobre o cen\u00e1rio eleitoral em Maraj\u00e1 Do Sena &#8211; Ma, confirmando o favoritismo de Nen\u00e9m Machado.<br><br>Registrada no TSE sob o n\u00ba MA-01115\/2024, a pesquisa indica que Nen\u00e9m Machado venceria com 53,8% das inten\u00e7\u00f5es de voto contra 42,5% da candidata Rebeca Ara\u00fajo, n\u00e3o sabem ou n\u00e3o responderam 3,7% na pergunta induzida.<br><br>J\u00e1 na pergunta que mede a rejei\u00e7\u00e3o, a candidata Rebeca Ara\u00fajo tem 50,1% contra 43,1% de Nen\u00e9m Machado. n\u00e3o sabem ou n\u00e3o responderam 6,8% na pergunta induzida.<br><br>O levantamento entrevistou 400 eleitores entre 13 e 15 de Setembro de 2024, A margem de erro \u00e9 de 4,76% para mais ou para menos com n\u00edvel de confian\u00e7a de 95%.<\/p>\n\n\n\n<figure class=\"wp-block-image size-large\"><img loading=\"lazy\" decoding=\"async\" width=\"1024\" height=\"768\" src=\"https:\/\/maranhaotv.com.br\/wp-content\/uploads\/2024\/09\/img-20240923-wa02666416520013336652704.jpg\" alt=\"\" class=\"wp-image-37933\" srcset=\"https:\/\/maranhaotv.com.br\/wp-content\/uploads\/2024\/09\/img-20240923-wa02666416520013336652704.jpg 1024w, https:\/\/maranhaotv.com.br\/wp-content\/uploads\/2024\/09\/img-20240923-wa02666416520013336652704-300x225.jpg 300w, https:\/\/maranhaotv.com.br\/wp-content\/uploads\/2024\/09\/img-20240923-wa02666416520013336652704-768x576.jpg 768w\" sizes=\"auto, (max-width: 1024px) 100vw, 1024px\" \/><\/figure>\n\n\n\n<figure class=\"wp-block-image\"><img loading=\"lazy\" decoding=\"async\" width=\"300\" height=\"225\" src=\"https:\/\/maranhaotv.com.br\/wp-content\/uploads\/2024\/09\/img-20240923-wa02675479892337276381716-300x225.jpg\" alt=\"\" class=\"wp-image-37934\" srcset=\"https:\/\/maranhaotv.com.br\/wp-content\/uploads\/2024\/09\/img-20240923-wa02675479892337276381716-300x225.jpg 300w, https:\/\/maranhaotv.com.br\/wp-content\/uploads\/2024\/09\/img-20240923-wa02675479892337276381716-768x576.jpg 768w, https:\/\/maranhaotv.com.br\/wp-content\/uploads\/2024\/09\/img-20240923-wa02675479892337276381716.jpg 1024w\" sizes=\"auto, (max-width: 300px) 100vw, 300px\" \/><\/figure>\n\n\n\n<figure class=\"wp-block-image\"><img loading=\"lazy\" decoding=\"async\" width=\"819\" height=\"1024\" src=\"https:\/\/maranhaotv.com.br\/wp-content\/uploads\/2024\/09\/img-20240923-wa02691919270092477465907-819x1024.jpg\" alt=\"\" class=\"wp-image-37935\" srcset=\"https:\/\/maranhaotv.com.br\/wp-content\/uploads\/2024\/09\/img-20240923-wa02691919270092477465907-819x1024.jpg 819w, https:\/\/maranhaotv.com.br\/wp-content\/uploads\/2024\/09\/img-20240923-wa02691919270092477465907-240x300.jpg 240w, https:\/\/maranhaotv.com.br\/wp-content\/uploads\/2024\/09\/img-20240923-wa02691919270092477465907-768x960.jpg 768w, https:\/\/maranhaotv.com.br\/wp-content\/uploads\/2024\/09\/img-20240923-wa02691919270092477465907.jpg 1024w\" sizes=\"auto, (max-width: 819px) 100vw, 819px\" \/><\/figure>\n\n\n\n<figure class=\"wp-block-image size-large\"><img loading=\"lazy\" decoding=\"async\" width=\"474\" height=\"1024\" src=\"https:\/\/maranhaotv.com.br\/wp-content\/uploads\/2024\/09\/img-20240923-wa02681641192698576998217-474x1024.jpg\" alt=\"\" class=\"wp-image-37936\" srcset=\"https:\/\/maranhaotv.com.br\/wp-content\/uploads\/2024\/09\/img-20240923-wa02681641192698576998217-474x1024.jpg 474w, https:\/\/maranhaotv.com.br\/wp-content\/uploads\/2024\/09\/img-20240923-wa02681641192698576998217-139x300.jpg 139w, https:\/\/maranhaotv.com.br\/wp-content\/uploads\/2024\/09\/img-20240923-wa02681641192698576998217-710x1536.jpg 710w, https:\/\/maranhaotv.com.br\/wp-content\/uploads\/2024\/09\/img-20240923-wa02681641192698576998217.jpg 740w\" sizes=\"auto, (max-width: 474px) 100vw, 474px\" \/><\/figure>\n","protected":false},"excerpt":{"rendered":"<p>Nesta segunda (23), mais uma pesquisa sobre o cen\u00e1rio eleitoral em Maraj\u00e1 Do Sena &#8211; Ma, confirmando o favoritismo de<\/p>\n","protected":false},"author":2,"featured_media":37937,"comment_status":"open","ping_status":"open","sticky":false,"template":"","format":"standard","meta":{"colormag_page_container_layout":"default_layout","colormag_page_sidebar_layout":"default_layout","_jetpack_memberships_contains_paid_content":false,"footnotes":""},"categories":[6],"tags":[453],"class_list":["post-37938","post","type-post","status-publish","format-standard","has-post-thumbnail","hentry","category-politica","tag-maraja-do-sena"],"magazineBlocksPostFeaturedMedia":{"thumbnail":"https:\/\/maranhaotv.com.br\/wp-content\/uploads\/2024\/09\/image_editor_output_image200028277-1727105595438-150x150.jpg","medium":"https:\/\/maranhaotv.com.br\/wp-content\/uploads\/2024\/09\/image_editor_output_image200028277-1727105595438-300x154.jpg","medium_large":"https:\/\/maranhaotv.com.br\/wp-content\/uploads\/2024\/09\/image_editor_output_image200028277-1727105595438-768x395.jpg","large":"https:\/\/maranhaotv.com.br\/wp-content\/uploads\/2024\/09\/image_editor_output_image200028277-1727105595438.jpg","1536x1536":"https:\/\/maranhaotv.com.br\/wp-content\/uploads\/2024\/09\/image_editor_output_image200028277-1727105595438.jpg","2048x2048":"https:\/\/maranhaotv.com.br\/wp-content\/uploads\/2024\/09\/image_editor_output_image200028277-1727105595438.jpg","colormag-highlighted-post":"https:\/\/maranhaotv.com.br\/wp-content\/uploads\/2024\/09\/image_editor_output_image200028277-1727105595438-392x272.jpg","colormag-featured-post-medium":"https:\/\/maranhaotv.com.br\/wp-content\/uploads\/2024\/09\/image_editor_output_image200028277-1727105595438-390x205.jpg","colormag-featured-post-small":"https:\/\/maranhaotv.com.br\/wp-content\/uploads\/2024\/09\/image_editor_output_image200028277-1727105595438-130x90.jpg","colormag-featured-image":"https:\/\/maranhaotv.com.br\/wp-content\/uploads\/2024\/09\/image_editor_output_image200028277-1727105595438-800x445.jpg","colormag-default-news":"https:\/\/maranhaotv.com.br\/wp-content\/uploads\/2024\/09\/image_editor_output_image200028277-1727105595438-150x150.jpg","colormag-featured-image-large":"https:\/\/maranhaotv.com.br\/wp-content\/uploads\/2024\/09\/image_editor_output_image200028277-1727105595438.jpg"},"magazineBlocksPostAuthor":{"name":"maranhaotv","avatar":"https:\/\/secure.gravatar.com\/avatar\/8fadbca458d4cb68b1dd399ae9a40618d747bb1af65ac9fad21c89220a143eb4?s=96&d=mm&r=g"},"magazineBlocksPostCommentsNumber":"0","magazineBlocksPostExcerpt":"Nesta segunda (23), mais uma pesquisa sobre o cen\u00e1rio eleitoral em Maraj\u00e1 Do Sena &#8211; Ma, confirmando o favoritismo de","magazineBlocksPostCategories":["pol\u00edtica"],"magazineBlocksPostViewCount":379,"magazineBlocksPostReadTime":1,"magazine_blocks_featured_image_url":{"full":["https:\/\/maranhaotv.com.br\/wp-content\/uploads\/2024\/09\/image_editor_output_image200028277-1727105595438.jpg",1024,526,false],"medium":["https:\/\/maranhaotv.com.br\/wp-content\/uploads\/2024\/09\/image_editor_output_image200028277-1727105595438-300x154.jpg",300,154,true],"thumbnail":["https:\/\/maranhaotv.com.br\/wp-content\/uploads\/2024\/09\/image_editor_output_image200028277-1727105595438-150x150.jpg",150,150,true]},"magazine_blocks_author":{"display_name":"maranhaotv","author_link":"https:\/\/maranhaotv.com.br\/index.php\/author\/maranhaotv\/"},"magazine_blocks_comment":0,"magazine_blocks_author_image":"https:\/\/secure.gravatar.com\/avatar\/8fadbca458d4cb68b1dd399ae9a40618d747bb1af65ac9fad21c89220a143eb4?s=96&d=mm&r=g","magazine_blocks_category":"<a href=\"#\" class=\"category-link category-link-6\">pol\u00edtica<\/a>","yoast_head":"<!-- This site is optimized with the Yoast SEO plugin v27.4 - https:\/\/yoast.com\/product\/yoast-seo-wordpress\/ -->\n<title>Maraj\u00e1 do Sena: Pesquisa confirma favoritismo de Nen\u00e9m Machado - NOT\u00cdCIAS EM TEMPO REAL<\/title>\n<meta name=\"robots\" content=\"index, follow, max-snippet:-1, max-image-preview:large, max-video-preview:-1\" \/>\n<link rel=\"canonical\" href=\"https:\/\/maranhaotv.com.br\/index.php\/2024\/09\/23\/maraja-do-sena-pesquisa-confirma-favoritismo-de-nenem-machado\/\" \/>\n<meta property=\"og:locale\" content=\"pt_BR\" \/>\n<meta property=\"og:type\" content=\"article\" \/>\n<meta property=\"og:title\" content=\"Maraj\u00e1 do Sena: Pesquisa confirma favoritismo de Nen\u00e9m Machado - NOT\u00cdCIAS EM TEMPO REAL\" \/>\n<meta property=\"og:description\" content=\"Nesta segunda (23), mais uma pesquisa sobre o cen\u00e1rio eleitoral em Maraj\u00e1 Do Sena &#8211; Ma, confirmando o favoritismo de\" \/>\n<meta property=\"og:url\" content=\"https:\/\/maranhaotv.com.br\/index.php\/2024\/09\/23\/maraja-do-sena-pesquisa-confirma-favoritismo-de-nenem-machado\/\" \/>\n<meta property=\"og:site_name\" content=\"NOT\u00cdCIAS EM TEMPO REAL\" \/>\n<meta property=\"article:publisher\" content=\"https:\/\/www.facebook.com\/maiobaotv\" \/>\n<meta property=\"article:published_time\" content=\"2024-09-23T15:33:08+00:00\" \/>\n<meta property=\"article:modified_time\" content=\"2024-09-23T15:33:42+00:00\" \/>\n<meta property=\"og:image\" content=\"https:\/\/maranhaotv.com.br\/wp-content\/uploads\/2024\/09\/image_editor_output_image200028277-1727105595438.jpg\" \/>\n\t<meta property=\"og:image:width\" content=\"1024\" \/>\n\t<meta property=\"og:image:height\" content=\"526\" \/>\n\t<meta property=\"og:image:type\" content=\"image\/jpeg\" \/>\n<meta name=\"author\" content=\"maranhaotv\" \/>\n<meta name=\"twitter:card\" content=\"summary_large_image\" \/>\n<meta name=\"twitter:creator\" content=\"@sitemaranhaotv\" \/>\n<meta name=\"twitter:site\" content=\"@sitemaranhaotv\" \/>\n<meta name=\"twitter:label1\" content=\"Escrito por\" \/>\n\t<meta name=\"twitter:data1\" content=\"maranhaotv\" \/>\n\t<meta name=\"twitter:label2\" content=\"Est. tempo de leitura\" \/>\n\t<meta name=\"twitter:data2\" content=\"1 minuto\" \/>\n<script type=\"application\/ld+json\" class=\"yoast-schema-graph\">{\"@context\":\"https:\\\/\\\/schema.org\",\"@graph\":[{\"@type\":\"Article\",\"@id\":\"https:\\\/\\\/maranhaotv.com.br\\\/index.php\\\/2024\\\/09\\\/23\\\/maraja-do-sena-pesquisa-confirma-favoritismo-de-nenem-machado\\\/#article\",\"isPartOf\":{\"@id\":\"https:\\\/\\\/maranhaotv.com.br\\\/index.php\\\/2024\\\/09\\\/23\\\/maraja-do-sena-pesquisa-confirma-favoritismo-de-nenem-machado\\\/\"},\"author\":{\"name\":\"maranhaotv\",\"@id\":\"https:\\\/\\\/maranhaotv.com.br\\\/#\\\/schema\\\/person\\\/3d54238e86b20bb5c89ab2fdb8f8829a\"},\"headline\":\"Maraj\u00e1 do Sena: Pesquisa confirma favoritismo de Nen\u00e9m Machado\",\"datePublished\":\"2024-09-23T15:33:08+00:00\",\"dateModified\":\"2024-09-23T15:33:42+00:00\",\"mainEntityOfPage\":{\"@id\":\"https:\\\/\\\/maranhaotv.com.br\\\/index.php\\\/2024\\\/09\\\/23\\\/maraja-do-sena-pesquisa-confirma-favoritismo-de-nenem-machado\\\/\"},\"wordCount\":125,\"commentCount\":0,\"publisher\":{\"@id\":\"https:\\\/\\\/maranhaotv.com.br\\\/#organization\"},\"image\":{\"@id\":\"https:\\\/\\\/maranhaotv.com.br\\\/index.php\\\/2024\\\/09\\\/23\\\/maraja-do-sena-pesquisa-confirma-favoritismo-de-nenem-machado\\\/#primaryimage\"},\"thumbnailUrl\":\"https:\\\/\\\/maranhaotv.com.br\\\/wp-content\\\/uploads\\\/2024\\\/09\\\/image_editor_output_image200028277-1727105595438.jpg\",\"keywords\":[\"Maraj\u00e1 do Sena\"],\"articleSection\":[\"pol\u00edtica\"],\"inLanguage\":\"pt-BR\",\"potentialAction\":[{\"@type\":\"CommentAction\",\"name\":\"Comment\",\"target\":[\"https:\\\/\\\/maranhaotv.com.br\\\/index.php\\\/2024\\\/09\\\/23\\\/maraja-do-sena-pesquisa-confirma-favoritismo-de-nenem-machado\\\/#respond\"]}]},{\"@type\":\"WebPage\",\"@id\":\"https:\\\/\\\/maranhaotv.com.br\\\/index.php\\\/2024\\\/09\\\/23\\\/maraja-do-sena-pesquisa-confirma-favoritismo-de-nenem-machado\\\/\",\"url\":\"https:\\\/\\\/maranhaotv.com.br\\\/index.php\\\/2024\\\/09\\\/23\\\/maraja-do-sena-pesquisa-confirma-favoritismo-de-nenem-machado\\\/\",\"name\":\"Maraj\u00e1 do Sena: Pesquisa confirma favoritismo de Nen\u00e9m Machado - NOT\u00cdCIAS EM TEMPO REAL\",\"isPartOf\":{\"@id\":\"https:\\\/\\\/maranhaotv.com.br\\\/#website\"},\"primaryImageOfPage\":{\"@id\":\"https:\\\/\\\/maranhaotv.com.br\\\/index.php\\\/2024\\\/09\\\/23\\\/maraja-do-sena-pesquisa-confirma-favoritismo-de-nenem-machado\\\/#primaryimage\"},\"image\":{\"@id\":\"https:\\\/\\\/maranhaotv.com.br\\\/index.php\\\/2024\\\/09\\\/23\\\/maraja-do-sena-pesquisa-confirma-favoritismo-de-nenem-machado\\\/#primaryimage\"},\"thumbnailUrl\":\"https:\\\/\\\/maranhaotv.com.br\\\/wp-content\\\/uploads\\\/2024\\\/09\\\/image_editor_output_image200028277-1727105595438.jpg\",\"datePublished\":\"2024-09-23T15:33:08+00:00\",\"dateModified\":\"2024-09-23T15:33:42+00:00\",\"breadcrumb\":{\"@id\":\"https:\\\/\\\/maranhaotv.com.br\\\/index.php\\\/2024\\\/09\\\/23\\\/maraja-do-sena-pesquisa-confirma-favoritismo-de-nenem-machado\\\/#breadcrumb\"},\"inLanguage\":\"pt-BR\",\"potentialAction\":[{\"@type\":\"ReadAction\",\"target\":[\"https:\\\/\\\/maranhaotv.com.br\\\/index.php\\\/2024\\\/09\\\/23\\\/maraja-do-sena-pesquisa-confirma-favoritismo-de-nenem-machado\\\/\"]}]},{\"@type\":\"ImageObject\",\"inLanguage\":\"pt-BR\",\"@id\":\"https:\\\/\\\/maranhaotv.com.br\\\/index.php\\\/2024\\\/09\\\/23\\\/maraja-do-sena-pesquisa-confirma-favoritismo-de-nenem-machado\\\/#primaryimage\",\"url\":\"https:\\\/\\\/maranhaotv.com.br\\\/wp-content\\\/uploads\\\/2024\\\/09\\\/image_editor_output_image200028277-1727105595438.jpg\",\"contentUrl\":\"https:\\\/\\\/maranhaotv.com.br\\\/wp-content\\\/uploads\\\/2024\\\/09\\\/image_editor_output_image200028277-1727105595438.jpg\",\"width\":1024,\"height\":526},{\"@type\":\"BreadcrumbList\",\"@id\":\"https:\\\/\\\/maranhaotv.com.br\\\/index.php\\\/2024\\\/09\\\/23\\\/maraja-do-sena-pesquisa-confirma-favoritismo-de-nenem-machado\\\/#breadcrumb\",\"itemListElement\":[{\"@type\":\"ListItem\",\"position\":1,\"name\":\"In\u00edcio\",\"item\":\"https:\\\/\\\/maranhaotv.com.br\\\/\"},{\"@type\":\"ListItem\",\"position\":2,\"name\":\"Maraj\u00e1 do Sena: Pesquisa confirma favoritismo de Nen\u00e9m Machado\"}]},{\"@type\":\"WebSite\",\"@id\":\"https:\\\/\\\/maranhaotv.com.br\\\/#website\",\"url\":\"https:\\\/\\\/maranhaotv.com.br\\\/\",\"name\":\"Maranh\u00e3oTV\",\"description\":\"\",\"publisher\":{\"@id\":\"https:\\\/\\\/maranhaotv.com.br\\\/#organization\"},\"potentialAction\":[{\"@type\":\"SearchAction\",\"target\":{\"@type\":\"EntryPoint\",\"urlTemplate\":\"https:\\\/\\\/maranhaotv.com.br\\\/?s={search_term_string}\"},\"query-input\":{\"@type\":\"PropertyValueSpecification\",\"valueRequired\":true,\"valueName\":\"search_term_string\"}}],\"inLanguage\":\"pt-BR\"},{\"@type\":\"Organization\",\"@id\":\"https:\\\/\\\/maranhaotv.com.br\\\/#organization\",\"name\":\"Portal de Not\u00edcias\",\"url\":\"https:\\\/\\\/maranhaotv.com.br\\\/\",\"logo\":{\"@type\":\"ImageObject\",\"inLanguage\":\"pt-BR\",\"@id\":\"https:\\\/\\\/maranhaotv.com.br\\\/#\\\/schema\\\/logo\\\/image\\\/\",\"url\":\"https:\\\/\\\/maranhaotv.com.br\\\/wp-content\\\/uploads\\\/2024\\\/05\\\/cropped-cropped-avatar-1.png\",\"contentUrl\":\"https:\\\/\\\/maranhaotv.com.br\\\/wp-content\\\/uploads\\\/2024\\\/05\\\/cropped-cropped-avatar-1.png\",\"width\":792,\"height\":428,\"caption\":\"Portal de Not\u00edcias\"},\"image\":{\"@id\":\"https:\\\/\\\/maranhaotv.com.br\\\/#\\\/schema\\\/logo\\\/image\\\/\"},\"sameAs\":[\"https:\\\/\\\/www.facebook.com\\\/maiobaotv\",\"https:\\\/\\\/x.com\\\/sitemaranhaotv\",\"https:\\\/\\\/www.instagram.com\\\/maranhao.tv\",\"https:\\\/\\\/www.threads.net\\\/@maranhao.tv\"]},{\"@type\":\"Person\",\"@id\":\"https:\\\/\\\/maranhaotv.com.br\\\/#\\\/schema\\\/person\\\/3d54238e86b20bb5c89ab2fdb8f8829a\",\"name\":\"maranhaotv\",\"image\":{\"@type\":\"ImageObject\",\"inLanguage\":\"pt-BR\",\"@id\":\"https:\\\/\\\/secure.gravatar.com\\\/avatar\\\/8fadbca458d4cb68b1dd399ae9a40618d747bb1af65ac9fad21c89220a143eb4?s=96&d=mm&r=g\",\"url\":\"https:\\\/\\\/secure.gravatar.com\\\/avatar\\\/8fadbca458d4cb68b1dd399ae9a40618d747bb1af65ac9fad21c89220a143eb4?s=96&d=mm&r=g\",\"contentUrl\":\"https:\\\/\\\/secure.gravatar.com\\\/avatar\\\/8fadbca458d4cb68b1dd399ae9a40618d747bb1af65ac9fad21c89220a143eb4?s=96&d=mm&r=g\",\"caption\":\"maranhaotv\"},\"sameAs\":[\"https:\\\/\\\/maranhaotv.com.br\\\/\"],\"url\":\"https:\\\/\\\/maranhaotv.com.br\\\/index.php\\\/author\\\/maranhaotv\\\/\"}]}<\/script>\n<!-- \/ Yoast SEO plugin. -->","yoast_head_json":{"title":"Maraj\u00e1 do Sena: Pesquisa confirma favoritismo de Nen\u00e9m Machado - NOT\u00cdCIAS EM TEMPO REAL","robots":{"index":"index","follow":"follow","max-snippet":"max-snippet:-1","max-image-preview":"max-image-preview:large","max-video-preview":"max-video-preview:-1"},"canonical":"https:\/\/maranhaotv.com.br\/index.php\/2024\/09\/23\/maraja-do-sena-pesquisa-confirma-favoritismo-de-nenem-machado\/","og_locale":"pt_BR","og_type":"article","og_title":"Maraj\u00e1 do Sena: Pesquisa confirma favoritismo de Nen\u00e9m Machado - NOT\u00cdCIAS EM TEMPO REAL","og_description":"Nesta segunda (23), mais uma pesquisa sobre o cen\u00e1rio eleitoral em Maraj\u00e1 Do Sena &#8211; Ma, confirmando o favoritismo de","og_url":"https:\/\/maranhaotv.com.br\/index.php\/2024\/09\/23\/maraja-do-sena-pesquisa-confirma-favoritismo-de-nenem-machado\/","og_site_name":"NOT\u00cdCIAS EM TEMPO REAL","article_publisher":"https:\/\/www.facebook.com\/maiobaotv","article_published_time":"2024-09-23T15:33:08+00:00","article_modified_time":"2024-09-23T15:33:42+00:00","og_image":[{"width":1024,"height":526,"url":"https:\/\/maranhaotv.com.br\/wp-content\/uploads\/2024\/09\/image_editor_output_image200028277-1727105595438.jpg","type":"image\/jpeg"}],"author":"maranhaotv","twitter_card":"summary_large_image","twitter_creator":"@sitemaranhaotv","twitter_site":"@sitemaranhaotv","twitter_misc":{"Escrito por":"maranhaotv","Est. tempo de leitura":"1 minuto"},"schema":{"@context":"https:\/\/schema.org","@graph":[{"@type":"Article","@id":"https:\/\/maranhaotv.com.br\/index.php\/2024\/09\/23\/maraja-do-sena-pesquisa-confirma-favoritismo-de-nenem-machado\/#article","isPartOf":{"@id":"https:\/\/maranhaotv.com.br\/index.php\/2024\/09\/23\/maraja-do-sena-pesquisa-confirma-favoritismo-de-nenem-machado\/"},"author":{"name":"maranhaotv","@id":"https:\/\/maranhaotv.com.br\/#\/schema\/person\/3d54238e86b20bb5c89ab2fdb8f8829a"},"headline":"Maraj\u00e1 do Sena: Pesquisa confirma favoritismo de Nen\u00e9m Machado","datePublished":"2024-09-23T15:33:08+00:00","dateModified":"2024-09-23T15:33:42+00:00","mainEntityOfPage":{"@id":"https:\/\/maranhaotv.com.br\/index.php\/2024\/09\/23\/maraja-do-sena-pesquisa-confirma-favoritismo-de-nenem-machado\/"},"wordCount":125,"commentCount":0,"publisher":{"@id":"https:\/\/maranhaotv.com.br\/#organization"},"image":{"@id":"https:\/\/maranhaotv.com.br\/index.php\/2024\/09\/23\/maraja-do-sena-pesquisa-confirma-favoritismo-de-nenem-machado\/#primaryimage"},"thumbnailUrl":"https:\/\/maranhaotv.com.br\/wp-content\/uploads\/2024\/09\/image_editor_output_image200028277-1727105595438.jpg","keywords":["Maraj\u00e1 do Sena"],"articleSection":["pol\u00edtica"],"inLanguage":"pt-BR","potentialAction":[{"@type":"CommentAction","name":"Comment","target":["https:\/\/maranhaotv.com.br\/index.php\/2024\/09\/23\/maraja-do-sena-pesquisa-confirma-favoritismo-de-nenem-machado\/#respond"]}]},{"@type":"WebPage","@id":"https:\/\/maranhaotv.com.br\/index.php\/2024\/09\/23\/maraja-do-sena-pesquisa-confirma-favoritismo-de-nenem-machado\/","url":"https:\/\/maranhaotv.com.br\/index.php\/2024\/09\/23\/maraja-do-sena-pesquisa-confirma-favoritismo-de-nenem-machado\/","name":"Maraj\u00e1 do Sena: Pesquisa confirma favoritismo de Nen\u00e9m Machado - NOT\u00cdCIAS EM TEMPO REAL","isPartOf":{"@id":"https:\/\/maranhaotv.com.br\/#website"},"primaryImageOfPage":{"@id":"https:\/\/maranhaotv.com.br\/index.php\/2024\/09\/23\/maraja-do-sena-pesquisa-confirma-favoritismo-de-nenem-machado\/#primaryimage"},"image":{"@id":"https:\/\/maranhaotv.com.br\/index.php\/2024\/09\/23\/maraja-do-sena-pesquisa-confirma-favoritismo-de-nenem-machado\/#primaryimage"},"thumbnailUrl":"https:\/\/maranhaotv.com.br\/wp-content\/uploads\/2024\/09\/image_editor_output_image200028277-1727105595438.jpg","datePublished":"2024-09-23T15:33:08+00:00","dateModified":"2024-09-23T15:33:42+00:00","breadcrumb":{"@id":"https:\/\/maranhaotv.com.br\/index.php\/2024\/09\/23\/maraja-do-sena-pesquisa-confirma-favoritismo-de-nenem-machado\/#breadcrumb"},"inLanguage":"pt-BR","potentialAction":[{"@type":"ReadAction","target":["https:\/\/maranhaotv.com.br\/index.php\/2024\/09\/23\/maraja-do-sena-pesquisa-confirma-favoritismo-de-nenem-machado\/"]}]},{"@type":"ImageObject","inLanguage":"pt-BR","@id":"https:\/\/maranhaotv.com.br\/index.php\/2024\/09\/23\/maraja-do-sena-pesquisa-confirma-favoritismo-de-nenem-machado\/#primaryimage","url":"https:\/\/maranhaotv.com.br\/wp-content\/uploads\/2024\/09\/image_editor_output_image200028277-1727105595438.jpg","contentUrl":"https:\/\/maranhaotv.com.br\/wp-content\/uploads\/2024\/09\/image_editor_output_image200028277-1727105595438.jpg","width":1024,"height":526},{"@type":"BreadcrumbList","@id":"https:\/\/maranhaotv.com.br\/index.php\/2024\/09\/23\/maraja-do-sena-pesquisa-confirma-favoritismo-de-nenem-machado\/#breadcrumb","itemListElement":[{"@type":"ListItem","position":1,"name":"In\u00edcio","item":"https:\/\/maranhaotv.com.br\/"},{"@type":"ListItem","position":2,"name":"Maraj\u00e1 do Sena: Pesquisa confirma favoritismo de Nen\u00e9m Machado"}]},{"@type":"WebSite","@id":"https:\/\/maranhaotv.com.br\/#website","url":"https:\/\/maranhaotv.com.br\/","name":"Maranh\u00e3oTV","description":"","publisher":{"@id":"https:\/\/maranhaotv.com.br\/#organization"},"potentialAction":[{"@type":"SearchAction","target":{"@type":"EntryPoint","urlTemplate":"https:\/\/maranhaotv.com.br\/?s={search_term_string}"},"query-input":{"@type":"PropertyValueSpecification","valueRequired":true,"valueName":"search_term_string"}}],"inLanguage":"pt-BR"},{"@type":"Organization","@id":"https:\/\/maranhaotv.com.br\/#organization","name":"Portal de Not\u00edcias","url":"https:\/\/maranhaotv.com.br\/","logo":{"@type":"ImageObject","inLanguage":"pt-BR","@id":"https:\/\/maranhaotv.com.br\/#\/schema\/logo\/image\/","url":"https:\/\/maranhaotv.com.br\/wp-content\/uploads\/2024\/05\/cropped-cropped-avatar-1.png","contentUrl":"https:\/\/maranhaotv.com.br\/wp-content\/uploads\/2024\/05\/cropped-cropped-avatar-1.png","width":792,"height":428,"caption":"Portal de Not\u00edcias"},"image":{"@id":"https:\/\/maranhaotv.com.br\/#\/schema\/logo\/image\/"},"sameAs":["https:\/\/www.facebook.com\/maiobaotv","https:\/\/x.com\/sitemaranhaotv","https:\/\/www.instagram.com\/maranhao.tv","https:\/\/www.threads.net\/@maranhao.tv"]},{"@type":"Person","@id":"https:\/\/maranhaotv.com.br\/#\/schema\/person\/3d54238e86b20bb5c89ab2fdb8f8829a","name":"maranhaotv","image":{"@type":"ImageObject","inLanguage":"pt-BR","@id":"https:\/\/secure.gravatar.com\/avatar\/8fadbca458d4cb68b1dd399ae9a40618d747bb1af65ac9fad21c89220a143eb4?s=96&d=mm&r=g","url":"https:\/\/secure.gravatar.com\/avatar\/8fadbca458d4cb68b1dd399ae9a40618d747bb1af65ac9fad21c89220a143eb4?s=96&d=mm&r=g","contentUrl":"https:\/\/secure.gravatar.com\/avatar\/8fadbca458d4cb68b1dd399ae9a40618d747bb1af65ac9fad21c89220a143eb4?s=96&d=mm&r=g","caption":"maranhaotv"},"sameAs":["https:\/\/maranhaotv.com.br\/"],"url":"https:\/\/maranhaotv.com.br\/index.php\/author\/maranhaotv\/"}]}},"jetpack_featured_media_url":"https:\/\/maranhaotv.com.br\/wp-content\/uploads\/2024\/09\/image_editor_output_image200028277-1727105595438.jpg","jetpack_sharing_enabled":true,"_links":{"self":[{"href":"https:\/\/maranhaotv.com.br\/index.php\/wp-json\/wp\/v2\/posts\/37938","targetHints":{"allow":["GET"]}}],"collection":[{"href":"https:\/\/maranhaotv.com.br\/index.php\/wp-json\/wp\/v2\/posts"}],"about":[{"href":"https:\/\/maranhaotv.com.br\/index.php\/wp-json\/wp\/v2\/types\/post"}],"author":[{"embeddable":true,"href":"https:\/\/maranhaotv.com.br\/index.php\/wp-json\/wp\/v2\/users\/2"}],"replies":[{"embeddable":true,"href":"https:\/\/maranhaotv.com.br\/index.php\/wp-json\/wp\/v2\/comments?post=37938"}],"version-history":[{"count":1,"href":"https:\/\/maranhaotv.com.br\/index.php\/wp-json\/wp\/v2\/posts\/37938\/revisions"}],"predecessor-version":[{"id":37939,"href":"https:\/\/maranhaotv.com.br\/index.php\/wp-json\/wp\/v2\/posts\/37938\/revisions\/37939"}],"wp:featuredmedia":[{"embeddable":true,"href":"https:\/\/maranhaotv.com.br\/index.php\/wp-json\/wp\/v2\/media\/37937"}],"wp:attachment":[{"href":"https:\/\/maranhaotv.com.br\/index.php\/wp-json\/wp\/v2\/media?parent=37938"}],"wp:term":[{"taxonomy":"category","embeddable":true,"href":"https:\/\/maranhaotv.com.br\/index.php\/wp-json\/wp\/v2\/categories?post=37938"},{"taxonomy":"post_tag","embeddable":true,"href":"https:\/\/maranhaotv.com.br\/index.php\/wp-json\/wp\/v2\/tags?post=37938"}],"curies":[{"name":"wp","href":"https:\/\/api.w.org\/{rel}","templated":true}]}}