{"id":37943,"date":"2024-09-23T16:39:02","date_gmt":"2024-09-23T19:39:02","guid":{"rendered":"https:\/\/maranhaotv.com.br\/?p=37943"},"modified":"2024-09-23T17:40:20","modified_gmt":"2024-09-23T20:40:20","slug":"meu-compromisso-e-com-o-futuro-das-criancas-de-sao-luis-diz-wellington-em-reuniao-com-representantes-do-unicef","status":"publish","type":"post","link":"https:\/\/maranhaotv.com.br\/index.php\/2024\/09\/23\/meu-compromisso-e-com-o-futuro-das-criancas-de-sao-luis-diz-wellington-em-reuniao-com-representantes-do-unicef\/","title":{"rendered":"\u201cMeu compromisso \u00e9 com o futuro das crian\u00e7as de S\u00e3o Lu\u00eds\u201d, diz Wellington em reuni\u00e3o com representantes do Unicef"},"content":{"rendered":"\n<p><br>Nesta segunda-feira (23), o candidato a prefeito de S\u00e3o Lu\u00eds Wellington do Curso esteve em reuni\u00e3o com representes do Fundo das Na\u00e7\u00f5es Unidas para a Inf\u00e2ncia (Unicef). O objetivo foi tratar dos cinco compromissos com a garantia dos direitos das crian\u00e7as e dos adolescentes nas cidades brasileiras.<br><br>Para Wellington, defender os direitos das crian\u00e7as e adolescentes \u00e9 um compromisso como pol\u00edtico, raz\u00e3o pela qual \u00e9 autor da Lei n\u00ba 11.135\/2019, que disp\u00f5e sobre a prote\u00e7\u00e3o \u00e0 inf\u00e2ncia no Maranh\u00e3o.<br><br><br>&#8220;Hoje, estive em reuni\u00e3o com representantes do Unicef para discutir os compromissos com os direitos das crian\u00e7as e adolescentes. Meu compromisso \u00e9 com o futuro e com a prote\u00e7\u00e3o das crian\u00e7as. Por isso, sou o autor da Lei n\u00ba 11.135\/2019, que protege a inf\u00e2ncia no Maranh\u00e3o. Como candidato a prefeito, reafirmo meu compromisso de fazer de S\u00e3o Lu\u00eds um lugar onde nossas crian\u00e7as possam crescer com dignidade, educa\u00e7\u00e3o e sa\u00fade\u201d, disse Wellington.<br><br>Em documento entregue ao Wellington do Curso, h\u00e1 as cinco prioridades para a inf\u00e2ncia e a adolesc\u00eancia, que s\u00e3o: prote\u00e7\u00e3o contra as viol\u00eancias, resili\u00eancia clim\u00e1tica, sa\u00fade e nutri\u00e7\u00e3o, educa\u00e7\u00e3o e prote\u00e7\u00e3o social.<\/p>\n\n\n\n<figure class=\"wp-block-image size-large\"><img loading=\"lazy\" decoding=\"async\" width=\"1024\" height=\"576\" src=\"https:\/\/maranhaotv.com.br\/wp-content\/uploads\/2024\/09\/img-20240923-wa04226438861788968779845-1024x576.jpg\" alt=\"\" class=\"wp-image-37941\" srcset=\"https:\/\/maranhaotv.com.br\/wp-content\/uploads\/2024\/09\/img-20240923-wa04226438861788968779845-1024x576.jpg 1024w, https:\/\/maranhaotv.com.br\/wp-content\/uploads\/2024\/09\/img-20240923-wa04226438861788968779845-300x169.jpg 300w, https:\/\/maranhaotv.com.br\/wp-content\/uploads\/2024\/09\/img-20240923-wa04226438861788968779845-768x432.jpg 768w, https:\/\/maranhaotv.com.br\/wp-content\/uploads\/2024\/09\/img-20240923-wa04226438861788968779845.jpg 1280w\" sizes=\"auto, (max-width: 1024px) 100vw, 1024px\" \/><\/figure>\n","protected":false},"excerpt":{"rendered":"<p>Nesta segunda-feira (23), o candidato a prefeito de S\u00e3o Lu\u00eds Wellington do Curso esteve em reuni\u00e3o com representes do Fundo<\/p>\n","protected":false},"author":2,"featured_media":37942,"comment_status":"open","ping_status":"open","sticky":false,"template":"","format":"standard","meta":{"colormag_page_container_layout":"default_layout","colormag_page_sidebar_layout":"default_layout","_jetpack_memberships_contains_paid_content":false,"footnotes":""},"categories":[2],"tags":[],"class_list":["post-37943","post","type-post","status-publish","format-standard","has-post-thumbnail","hentry","category-noticias"],"magazineBlocksPostFeaturedMedia":{"thumbnail":"https:\/\/maranhaotv.com.br\/wp-content\/uploads\/2024\/09\/IMG-20240923-WA0421-150x150.jpg","medium":"https:\/\/maranhaotv.com.br\/wp-content\/uploads\/2024\/09\/IMG-20240923-WA0421-300x169.jpg","medium_large":"https:\/\/maranhaotv.com.br\/wp-content\/uploads\/2024\/09\/IMG-20240923-WA0421-768x432.jpg","large":"https:\/\/maranhaotv.com.br\/wp-content\/uploads\/2024\/09\/IMG-20240923-WA0421-1024x576.jpg","1536x1536":"https:\/\/maranhaotv.com.br\/wp-content\/uploads\/2024\/09\/IMG-20240923-WA0421.jpg","2048x2048":"https:\/\/maranhaotv.com.br\/wp-content\/uploads\/2024\/09\/IMG-20240923-WA0421.jpg","colormag-highlighted-post":"https:\/\/maranhaotv.com.br\/wp-content\/uploads\/2024\/09\/IMG-20240923-WA0421-392x272.jpg","colormag-featured-post-medium":"https:\/\/maranhaotv.com.br\/wp-content\/uploads\/2024\/09\/IMG-20240923-WA0421-390x205.jpg","colormag-featured-post-small":"https:\/\/maranhaotv.com.br\/wp-content\/uploads\/2024\/09\/IMG-20240923-WA0421-130x90.jpg","colormag-featured-image":"https:\/\/maranhaotv.com.br\/wp-content\/uploads\/2024\/09\/IMG-20240923-WA0421-800x445.jpg","colormag-default-news":"https:\/\/maranhaotv.com.br\/wp-content\/uploads\/2024\/09\/IMG-20240923-WA0421-150x150.jpg","colormag-featured-image-large":"https:\/\/maranhaotv.com.br\/wp-content\/uploads\/2024\/09\/IMG-20240923-WA0421-1280x600.jpg"},"magazineBlocksPostAuthor":{"name":"maranhaotv","avatar":"https:\/\/secure.gravatar.com\/avatar\/8fadbca458d4cb68b1dd399ae9a40618d747bb1af65ac9fad21c89220a143eb4?s=96&d=mm&r=g"},"magazineBlocksPostCommentsNumber":"0","magazineBlocksPostExcerpt":"Nesta segunda-feira (23), o candidato a prefeito de S\u00e3o Lu\u00eds Wellington do Curso esteve em reuni\u00e3o com representes do Fundo","magazineBlocksPostCategories":["not\u00edcias"],"magazineBlocksPostViewCount":297,"magazineBlocksPostReadTime":2,"magazine_blocks_featured_image_url":{"full":["https:\/\/maranhaotv.com.br\/wp-content\/uploads\/2024\/09\/IMG-20240923-WA0421.jpg",1280,720,false],"medium":["https:\/\/maranhaotv.com.br\/wp-content\/uploads\/2024\/09\/IMG-20240923-WA0421-300x169.jpg",300,169,true],"thumbnail":["https:\/\/maranhaotv.com.br\/wp-content\/uploads\/2024\/09\/IMG-20240923-WA0421-150x150.jpg",150,150,true]},"magazine_blocks_author":{"display_name":"maranhaotv","author_link":"https:\/\/maranhaotv.com.br\/index.php\/author\/maranhaotv\/"},"magazine_blocks_comment":0,"magazine_blocks_author_image":"https:\/\/secure.gravatar.com\/avatar\/8fadbca458d4cb68b1dd399ae9a40618d747bb1af65ac9fad21c89220a143eb4?s=96&d=mm&r=g","magazine_blocks_category":"<a href=\"#\" class=\"category-link category-link-2\">not\u00edcias<\/a>","yoast_head":"<!-- This site is optimized with the Yoast SEO plugin v27.4 - https:\/\/yoast.com\/product\/yoast-seo-wordpress\/ -->\n<title>\u201cMeu compromisso \u00e9 com o futuro das crian\u00e7as de S\u00e3o Lu\u00eds\u201d, diz Wellington em reuni\u00e3o com representantes do Unicef - NOT\u00cdCIAS EM TEMPO REAL<\/title>\n<meta name=\"robots\" content=\"index, follow, max-snippet:-1, max-image-preview:large, max-video-preview:-1\" \/>\n<link rel=\"canonical\" href=\"https:\/\/maranhaotv.com.br\/index.php\/2024\/09\/23\/meu-compromisso-e-com-o-futuro-das-criancas-de-sao-luis-diz-wellington-em-reuniao-com-representantes-do-unicef\/\" \/>\n<meta property=\"og:locale\" content=\"pt_BR\" \/>\n<meta property=\"og:type\" content=\"article\" \/>\n<meta property=\"og:title\" content=\"\u201cMeu compromisso \u00e9 com o futuro das crian\u00e7as de S\u00e3o Lu\u00eds\u201d, diz Wellington em reuni\u00e3o com representantes do Unicef - NOT\u00cdCIAS EM TEMPO REAL\" \/>\n<meta property=\"og:description\" content=\"Nesta segunda-feira (23), o candidato a prefeito de S\u00e3o Lu\u00eds Wellington do Curso esteve em reuni\u00e3o com representes do Fundo\" \/>\n<meta property=\"og:url\" content=\"https:\/\/maranhaotv.com.br\/index.php\/2024\/09\/23\/meu-compromisso-e-com-o-futuro-das-criancas-de-sao-luis-diz-wellington-em-reuniao-com-representantes-do-unicef\/\" \/>\n<meta property=\"og:site_name\" content=\"NOT\u00cdCIAS EM TEMPO REAL\" \/>\n<meta property=\"article:publisher\" content=\"https:\/\/www.facebook.com\/maiobaotv\" \/>\n<meta property=\"article:published_time\" content=\"2024-09-23T19:39:02+00:00\" \/>\n<meta property=\"article:modified_time\" content=\"2024-09-23T20:40:20+00:00\" \/>\n<meta property=\"og:image\" content=\"https:\/\/maranhaotv.com.br\/wp-content\/uploads\/2024\/09\/IMG-20240923-WA0421.jpg\" \/>\n\t<meta property=\"og:image:width\" content=\"1280\" \/>\n\t<meta property=\"og:image:height\" content=\"720\" \/>\n\t<meta property=\"og:image:type\" content=\"image\/jpeg\" \/>\n<meta name=\"author\" content=\"maranhaotv\" \/>\n<meta name=\"twitter:card\" content=\"summary_large_image\" \/>\n<meta name=\"twitter:creator\" content=\"@sitemaranhaotv\" \/>\n<meta name=\"twitter:site\" content=\"@sitemaranhaotv\" \/>\n<meta name=\"twitter:label1\" content=\"Escrito por\" \/>\n\t<meta name=\"twitter:data1\" content=\"maranhaotv\" \/>\n\t<meta name=\"twitter:label2\" content=\"Est. tempo de leitura\" \/>\n\t<meta name=\"twitter:data2\" content=\"1 minuto\" \/>\n<script type=\"application\/ld+json\" class=\"yoast-schema-graph\">{\"@context\":\"https:\\\/\\\/schema.org\",\"@graph\":[{\"@type\":\"Article\",\"@id\":\"https:\\\/\\\/maranhaotv.com.br\\\/index.php\\\/2024\\\/09\\\/23\\\/meu-compromisso-e-com-o-futuro-das-criancas-de-sao-luis-diz-wellington-em-reuniao-com-representantes-do-unicef\\\/#article\",\"isPartOf\":{\"@id\":\"https:\\\/\\\/maranhaotv.com.br\\\/index.php\\\/2024\\\/09\\\/23\\\/meu-compromisso-e-com-o-futuro-das-criancas-de-sao-luis-diz-wellington-em-reuniao-com-representantes-do-unicef\\\/\"},\"author\":{\"name\":\"maranhaotv\",\"@id\":\"https:\\\/\\\/maranhaotv.com.br\\\/#\\\/schema\\\/person\\\/3d54238e86b20bb5c89ab2fdb8f8829a\"},\"headline\":\"\u201cMeu compromisso \u00e9 com o futuro das crian\u00e7as de S\u00e3o Lu\u00eds\u201d, diz Wellington em reuni\u00e3o com representantes do Unicef\",\"datePublished\":\"2024-09-23T19:39:02+00:00\",\"dateModified\":\"2024-09-23T20:40:20+00:00\",\"mainEntityOfPage\":{\"@id\":\"https:\\\/\\\/maranhaotv.com.br\\\/index.php\\\/2024\\\/09\\\/23\\\/meu-compromisso-e-com-o-futuro-das-criancas-de-sao-luis-diz-wellington-em-reuniao-com-representantes-do-unicef\\\/\"},\"wordCount\":233,\"commentCount\":0,\"publisher\":{\"@id\":\"https:\\\/\\\/maranhaotv.com.br\\\/#organization\"},\"image\":{\"@id\":\"https:\\\/\\\/maranhaotv.com.br\\\/index.php\\\/2024\\\/09\\\/23\\\/meu-compromisso-e-com-o-futuro-das-criancas-de-sao-luis-diz-wellington-em-reuniao-com-representantes-do-unicef\\\/#primaryimage\"},\"thumbnailUrl\":\"https:\\\/\\\/maranhaotv.com.br\\\/wp-content\\\/uploads\\\/2024\\\/09\\\/IMG-20240923-WA0421.jpg\",\"articleSection\":[\"not\u00edcias\"],\"inLanguage\":\"pt-BR\",\"potentialAction\":[{\"@type\":\"CommentAction\",\"name\":\"Comment\",\"target\":[\"https:\\\/\\\/maranhaotv.com.br\\\/index.php\\\/2024\\\/09\\\/23\\\/meu-compromisso-e-com-o-futuro-das-criancas-de-sao-luis-diz-wellington-em-reuniao-com-representantes-do-unicef\\\/#respond\"]}]},{\"@type\":\"WebPage\",\"@id\":\"https:\\\/\\\/maranhaotv.com.br\\\/index.php\\\/2024\\\/09\\\/23\\\/meu-compromisso-e-com-o-futuro-das-criancas-de-sao-luis-diz-wellington-em-reuniao-com-representantes-do-unicef\\\/\",\"url\":\"https:\\\/\\\/maranhaotv.com.br\\\/index.php\\\/2024\\\/09\\\/23\\\/meu-compromisso-e-com-o-futuro-das-criancas-de-sao-luis-diz-wellington-em-reuniao-com-representantes-do-unicef\\\/\",\"name\":\"\u201cMeu compromisso \u00e9 com o futuro das crian\u00e7as de S\u00e3o Lu\u00eds\u201d, diz Wellington em reuni\u00e3o com representantes do Unicef - NOT\u00cdCIAS EM TEMPO REAL\",\"isPartOf\":{\"@id\":\"https:\\\/\\\/maranhaotv.com.br\\\/#website\"},\"primaryImageOfPage\":{\"@id\":\"https:\\\/\\\/maranhaotv.com.br\\\/index.php\\\/2024\\\/09\\\/23\\\/meu-compromisso-e-com-o-futuro-das-criancas-de-sao-luis-diz-wellington-em-reuniao-com-representantes-do-unicef\\\/#primaryimage\"},\"image\":{\"@id\":\"https:\\\/\\\/maranhaotv.com.br\\\/index.php\\\/2024\\\/09\\\/23\\\/meu-compromisso-e-com-o-futuro-das-criancas-de-sao-luis-diz-wellington-em-reuniao-com-representantes-do-unicef\\\/#primaryimage\"},\"thumbnailUrl\":\"https:\\\/\\\/maranhaotv.com.br\\\/wp-content\\\/uploads\\\/2024\\\/09\\\/IMG-20240923-WA0421.jpg\",\"datePublished\":\"2024-09-23T19:39:02+00:00\",\"dateModified\":\"2024-09-23T20:40:20+00:00\",\"breadcrumb\":{\"@id\":\"https:\\\/\\\/maranhaotv.com.br\\\/index.php\\\/2024\\\/09\\\/23\\\/meu-compromisso-e-com-o-futuro-das-criancas-de-sao-luis-diz-wellington-em-reuniao-com-representantes-do-unicef\\\/#breadcrumb\"},\"inLanguage\":\"pt-BR\",\"potentialAction\":[{\"@type\":\"ReadAction\",\"target\":[\"https:\\\/\\\/maranhaotv.com.br\\\/index.php\\\/2024\\\/09\\\/23\\\/meu-compromisso-e-com-o-futuro-das-criancas-de-sao-luis-diz-wellington-em-reuniao-com-representantes-do-unicef\\\/\"]}]},{\"@type\":\"ImageObject\",\"inLanguage\":\"pt-BR\",\"@id\":\"https:\\\/\\\/maranhaotv.com.br\\\/index.php\\\/2024\\\/09\\\/23\\\/meu-compromisso-e-com-o-futuro-das-criancas-de-sao-luis-diz-wellington-em-reuniao-com-representantes-do-unicef\\\/#primaryimage\",\"url\":\"https:\\\/\\\/maranhaotv.com.br\\\/wp-content\\\/uploads\\\/2024\\\/09\\\/IMG-20240923-WA0421.jpg\",\"contentUrl\":\"https:\\\/\\\/maranhaotv.com.br\\\/wp-content\\\/uploads\\\/2024\\\/09\\\/IMG-20240923-WA0421.jpg\",\"width\":1280,\"height\":720},{\"@type\":\"BreadcrumbList\",\"@id\":\"https:\\\/\\\/maranhaotv.com.br\\\/index.php\\\/2024\\\/09\\\/23\\\/meu-compromisso-e-com-o-futuro-das-criancas-de-sao-luis-diz-wellington-em-reuniao-com-representantes-do-unicef\\\/#breadcrumb\",\"itemListElement\":[{\"@type\":\"ListItem\",\"position\":1,\"name\":\"In\u00edcio\",\"item\":\"https:\\\/\\\/maranhaotv.com.br\\\/\"},{\"@type\":\"ListItem\",\"position\":2,\"name\":\"\u201cMeu compromisso \u00e9 com o futuro das crian\u00e7as de S\u00e3o Lu\u00eds\u201d, diz Wellington em reuni\u00e3o com representantes do Unicef\"}]},{\"@type\":\"WebSite\",\"@id\":\"https:\\\/\\\/maranhaotv.com.br\\\/#website\",\"url\":\"https:\\\/\\\/maranhaotv.com.br\\\/\",\"name\":\"Maranh\u00e3oTV\",\"description\":\"\",\"publisher\":{\"@id\":\"https:\\\/\\\/maranhaotv.com.br\\\/#organization\"},\"potentialAction\":[{\"@type\":\"SearchAction\",\"target\":{\"@type\":\"EntryPoint\",\"urlTemplate\":\"https:\\\/\\\/maranhaotv.com.br\\\/?s={search_term_string}\"},\"query-input\":{\"@type\":\"PropertyValueSpecification\",\"valueRequired\":true,\"valueName\":\"search_term_string\"}}],\"inLanguage\":\"pt-BR\"},{\"@type\":\"Organization\",\"@id\":\"https:\\\/\\\/maranhaotv.com.br\\\/#organization\",\"name\":\"Portal de Not\u00edcias\",\"url\":\"https:\\\/\\\/maranhaotv.com.br\\\/\",\"logo\":{\"@type\":\"ImageObject\",\"inLanguage\":\"pt-BR\",\"@id\":\"https:\\\/\\\/maranhaotv.com.br\\\/#\\\/schema\\\/logo\\\/image\\\/\",\"url\":\"https:\\\/\\\/maranhaotv.com.br\\\/wp-content\\\/uploads\\\/2024\\\/05\\\/cropped-cropped-avatar-1.png\",\"contentUrl\":\"https:\\\/\\\/maranhaotv.com.br\\\/wp-content\\\/uploads\\\/2024\\\/05\\\/cropped-cropped-avatar-1.png\",\"width\":792,\"height\":428,\"caption\":\"Portal de Not\u00edcias\"},\"image\":{\"@id\":\"https:\\\/\\\/maranhaotv.com.br\\\/#\\\/schema\\\/logo\\\/image\\\/\"},\"sameAs\":[\"https:\\\/\\\/www.facebook.com\\\/maiobaotv\",\"https:\\\/\\\/x.com\\\/sitemaranhaotv\",\"https:\\\/\\\/www.instagram.com\\\/maranhao.tv\",\"https:\\\/\\\/www.threads.net\\\/@maranhao.tv\"]},{\"@type\":\"Person\",\"@id\":\"https:\\\/\\\/maranhaotv.com.br\\\/#\\\/schema\\\/person\\\/3d54238e86b20bb5c89ab2fdb8f8829a\",\"name\":\"maranhaotv\",\"image\":{\"@type\":\"ImageObject\",\"inLanguage\":\"pt-BR\",\"@id\":\"https:\\\/\\\/secure.gravatar.com\\\/avatar\\\/8fadbca458d4cb68b1dd399ae9a40618d747bb1af65ac9fad21c89220a143eb4?s=96&d=mm&r=g\",\"url\":\"https:\\\/\\\/secure.gravatar.com\\\/avatar\\\/8fadbca458d4cb68b1dd399ae9a40618d747bb1af65ac9fad21c89220a143eb4?s=96&d=mm&r=g\",\"contentUrl\":\"https:\\\/\\\/secure.gravatar.com\\\/avatar\\\/8fadbca458d4cb68b1dd399ae9a40618d747bb1af65ac9fad21c89220a143eb4?s=96&d=mm&r=g\",\"caption\":\"maranhaotv\"},\"sameAs\":[\"https:\\\/\\\/maranhaotv.com.br\\\/\"],\"url\":\"https:\\\/\\\/maranhaotv.com.br\\\/index.php\\\/author\\\/maranhaotv\\\/\"}]}<\/script>\n<!-- \/ Yoast SEO plugin. -->","yoast_head_json":{"title":"\u201cMeu compromisso \u00e9 com o futuro das crian\u00e7as de S\u00e3o Lu\u00eds\u201d, diz Wellington em reuni\u00e3o com representantes do Unicef - NOT\u00cdCIAS EM TEMPO REAL","robots":{"index":"index","follow":"follow","max-snippet":"max-snippet:-1","max-image-preview":"max-image-preview:large","max-video-preview":"max-video-preview:-1"},"canonical":"https:\/\/maranhaotv.com.br\/index.php\/2024\/09\/23\/meu-compromisso-e-com-o-futuro-das-criancas-de-sao-luis-diz-wellington-em-reuniao-com-representantes-do-unicef\/","og_locale":"pt_BR","og_type":"article","og_title":"\u201cMeu compromisso \u00e9 com o futuro das crian\u00e7as de S\u00e3o Lu\u00eds\u201d, diz Wellington em reuni\u00e3o com representantes do Unicef - NOT\u00cdCIAS EM TEMPO REAL","og_description":"Nesta segunda-feira (23), o candidato a prefeito de S\u00e3o Lu\u00eds Wellington do Curso esteve em reuni\u00e3o com representes do Fundo","og_url":"https:\/\/maranhaotv.com.br\/index.php\/2024\/09\/23\/meu-compromisso-e-com-o-futuro-das-criancas-de-sao-luis-diz-wellington-em-reuniao-com-representantes-do-unicef\/","og_site_name":"NOT\u00cdCIAS EM TEMPO REAL","article_publisher":"https:\/\/www.facebook.com\/maiobaotv","article_published_time":"2024-09-23T19:39:02+00:00","article_modified_time":"2024-09-23T20:40:20+00:00","og_image":[{"width":1280,"height":720,"url":"https:\/\/maranhaotv.com.br\/wp-content\/uploads\/2024\/09\/IMG-20240923-WA0421.jpg","type":"image\/jpeg"}],"author":"maranhaotv","twitter_card":"summary_large_image","twitter_creator":"@sitemaranhaotv","twitter_site":"@sitemaranhaotv","twitter_misc":{"Escrito por":"maranhaotv","Est. tempo de leitura":"1 minuto"},"schema":{"@context":"https:\/\/schema.org","@graph":[{"@type":"Article","@id":"https:\/\/maranhaotv.com.br\/index.php\/2024\/09\/23\/meu-compromisso-e-com-o-futuro-das-criancas-de-sao-luis-diz-wellington-em-reuniao-com-representantes-do-unicef\/#article","isPartOf":{"@id":"https:\/\/maranhaotv.com.br\/index.php\/2024\/09\/23\/meu-compromisso-e-com-o-futuro-das-criancas-de-sao-luis-diz-wellington-em-reuniao-com-representantes-do-unicef\/"},"author":{"name":"maranhaotv","@id":"https:\/\/maranhaotv.com.br\/#\/schema\/person\/3d54238e86b20bb5c89ab2fdb8f8829a"},"headline":"\u201cMeu compromisso \u00e9 com o futuro das crian\u00e7as de S\u00e3o Lu\u00eds\u201d, diz Wellington em reuni\u00e3o com representantes do Unicef","datePublished":"2024-09-23T19:39:02+00:00","dateModified":"2024-09-23T20:40:20+00:00","mainEntityOfPage":{"@id":"https:\/\/maranhaotv.com.br\/index.php\/2024\/09\/23\/meu-compromisso-e-com-o-futuro-das-criancas-de-sao-luis-diz-wellington-em-reuniao-com-representantes-do-unicef\/"},"wordCount":233,"commentCount":0,"publisher":{"@id":"https:\/\/maranhaotv.com.br\/#organization"},"image":{"@id":"https:\/\/maranhaotv.com.br\/index.php\/2024\/09\/23\/meu-compromisso-e-com-o-futuro-das-criancas-de-sao-luis-diz-wellington-em-reuniao-com-representantes-do-unicef\/#primaryimage"},"thumbnailUrl":"https:\/\/maranhaotv.com.br\/wp-content\/uploads\/2024\/09\/IMG-20240923-WA0421.jpg","articleSection":["not\u00edcias"],"inLanguage":"pt-BR","potentialAction":[{"@type":"CommentAction","name":"Comment","target":["https:\/\/maranhaotv.com.br\/index.php\/2024\/09\/23\/meu-compromisso-e-com-o-futuro-das-criancas-de-sao-luis-diz-wellington-em-reuniao-com-representantes-do-unicef\/#respond"]}]},{"@type":"WebPage","@id":"https:\/\/maranhaotv.com.br\/index.php\/2024\/09\/23\/meu-compromisso-e-com-o-futuro-das-criancas-de-sao-luis-diz-wellington-em-reuniao-com-representantes-do-unicef\/","url":"https:\/\/maranhaotv.com.br\/index.php\/2024\/09\/23\/meu-compromisso-e-com-o-futuro-das-criancas-de-sao-luis-diz-wellington-em-reuniao-com-representantes-do-unicef\/","name":"\u201cMeu compromisso \u00e9 com o futuro das crian\u00e7as de S\u00e3o Lu\u00eds\u201d, diz Wellington em reuni\u00e3o com representantes do Unicef - NOT\u00cdCIAS EM TEMPO REAL","isPartOf":{"@id":"https:\/\/maranhaotv.com.br\/#website"},"primaryImageOfPage":{"@id":"https:\/\/maranhaotv.com.br\/index.php\/2024\/09\/23\/meu-compromisso-e-com-o-futuro-das-criancas-de-sao-luis-diz-wellington-em-reuniao-com-representantes-do-unicef\/#primaryimage"},"image":{"@id":"https:\/\/maranhaotv.com.br\/index.php\/2024\/09\/23\/meu-compromisso-e-com-o-futuro-das-criancas-de-sao-luis-diz-wellington-em-reuniao-com-representantes-do-unicef\/#primaryimage"},"thumbnailUrl":"https:\/\/maranhaotv.com.br\/wp-content\/uploads\/2024\/09\/IMG-20240923-WA0421.jpg","datePublished":"2024-09-23T19:39:02+00:00","dateModified":"2024-09-23T20:40:20+00:00","breadcrumb":{"@id":"https:\/\/maranhaotv.com.br\/index.php\/2024\/09\/23\/meu-compromisso-e-com-o-futuro-das-criancas-de-sao-luis-diz-wellington-em-reuniao-com-representantes-do-unicef\/#breadcrumb"},"inLanguage":"pt-BR","potentialAction":[{"@type":"ReadAction","target":["https:\/\/maranhaotv.com.br\/index.php\/2024\/09\/23\/meu-compromisso-e-com-o-futuro-das-criancas-de-sao-luis-diz-wellington-em-reuniao-com-representantes-do-unicef\/"]}]},{"@type":"ImageObject","inLanguage":"pt-BR","@id":"https:\/\/maranhaotv.com.br\/index.php\/2024\/09\/23\/meu-compromisso-e-com-o-futuro-das-criancas-de-sao-luis-diz-wellington-em-reuniao-com-representantes-do-unicef\/#primaryimage","url":"https:\/\/maranhaotv.com.br\/wp-content\/uploads\/2024\/09\/IMG-20240923-WA0421.jpg","contentUrl":"https:\/\/maranhaotv.com.br\/wp-content\/uploads\/2024\/09\/IMG-20240923-WA0421.jpg","width":1280,"height":720},{"@type":"BreadcrumbList","@id":"https:\/\/maranhaotv.com.br\/index.php\/2024\/09\/23\/meu-compromisso-e-com-o-futuro-das-criancas-de-sao-luis-diz-wellington-em-reuniao-com-representantes-do-unicef\/#breadcrumb","itemListElement":[{"@type":"ListItem","position":1,"name":"In\u00edcio","item":"https:\/\/maranhaotv.com.br\/"},{"@type":"ListItem","position":2,"name":"\u201cMeu compromisso \u00e9 com o futuro das crian\u00e7as de S\u00e3o Lu\u00eds\u201d, diz Wellington em reuni\u00e3o com representantes do Unicef"}]},{"@type":"WebSite","@id":"https:\/\/maranhaotv.com.br\/#website","url":"https:\/\/maranhaotv.com.br\/","name":"Maranh\u00e3oTV","description":"","publisher":{"@id":"https:\/\/maranhaotv.com.br\/#organization"},"potentialAction":[{"@type":"SearchAction","target":{"@type":"EntryPoint","urlTemplate":"https:\/\/maranhaotv.com.br\/?s={search_term_string}"},"query-input":{"@type":"PropertyValueSpecification","valueRequired":true,"valueName":"search_term_string"}}],"inLanguage":"pt-BR"},{"@type":"Organization","@id":"https:\/\/maranhaotv.com.br\/#organization","name":"Portal de Not\u00edcias","url":"https:\/\/maranhaotv.com.br\/","logo":{"@type":"ImageObject","inLanguage":"pt-BR","@id":"https:\/\/maranhaotv.com.br\/#\/schema\/logo\/image\/","url":"https:\/\/maranhaotv.com.br\/wp-content\/uploads\/2024\/05\/cropped-cropped-avatar-1.png","contentUrl":"https:\/\/maranhaotv.com.br\/wp-content\/uploads\/2024\/05\/cropped-cropped-avatar-1.png","width":792,"height":428,"caption":"Portal de Not\u00edcias"},"image":{"@id":"https:\/\/maranhaotv.com.br\/#\/schema\/logo\/image\/"},"sameAs":["https:\/\/www.facebook.com\/maiobaotv","https:\/\/x.com\/sitemaranhaotv","https:\/\/www.instagram.com\/maranhao.tv","https:\/\/www.threads.net\/@maranhao.tv"]},{"@type":"Person","@id":"https:\/\/maranhaotv.com.br\/#\/schema\/person\/3d54238e86b20bb5c89ab2fdb8f8829a","name":"maranhaotv","image":{"@type":"ImageObject","inLanguage":"pt-BR","@id":"https:\/\/secure.gravatar.com\/avatar\/8fadbca458d4cb68b1dd399ae9a40618d747bb1af65ac9fad21c89220a143eb4?s=96&d=mm&r=g","url":"https:\/\/secure.gravatar.com\/avatar\/8fadbca458d4cb68b1dd399ae9a40618d747bb1af65ac9fad21c89220a143eb4?s=96&d=mm&r=g","contentUrl":"https:\/\/secure.gravatar.com\/avatar\/8fadbca458d4cb68b1dd399ae9a40618d747bb1af65ac9fad21c89220a143eb4?s=96&d=mm&r=g","caption":"maranhaotv"},"sameAs":["https:\/\/maranhaotv.com.br\/"],"url":"https:\/\/maranhaotv.com.br\/index.php\/author\/maranhaotv\/"}]}},"jetpack_featured_media_url":"https:\/\/maranhaotv.com.br\/wp-content\/uploads\/2024\/09\/IMG-20240923-WA0421.jpg","jetpack_sharing_enabled":true,"_links":{"self":[{"href":"https:\/\/maranhaotv.com.br\/index.php\/wp-json\/wp\/v2\/posts\/37943","targetHints":{"allow":["GET"]}}],"collection":[{"href":"https:\/\/maranhaotv.com.br\/index.php\/wp-json\/wp\/v2\/posts"}],"about":[{"href":"https:\/\/maranhaotv.com.br\/index.php\/wp-json\/wp\/v2\/types\/post"}],"author":[{"embeddable":true,"href":"https:\/\/maranhaotv.com.br\/index.php\/wp-json\/wp\/v2\/users\/2"}],"replies":[{"embeddable":true,"href":"https:\/\/maranhaotv.com.br\/index.php\/wp-json\/wp\/v2\/comments?post=37943"}],"version-history":[{"count":2,"href":"https:\/\/maranhaotv.com.br\/index.php\/wp-json\/wp\/v2\/posts\/37943\/revisions"}],"predecessor-version":[{"id":37945,"href":"https:\/\/maranhaotv.com.br\/index.php\/wp-json\/wp\/v2\/posts\/37943\/revisions\/37945"}],"wp:featuredmedia":[{"embeddable":true,"href":"https:\/\/maranhaotv.com.br\/index.php\/wp-json\/wp\/v2\/media\/37942"}],"wp:attachment":[{"href":"https:\/\/maranhaotv.com.br\/index.php\/wp-json\/wp\/v2\/media?parent=37943"}],"wp:term":[{"taxonomy":"category","embeddable":true,"href":"https:\/\/maranhaotv.com.br\/index.php\/wp-json\/wp\/v2\/categories?post=37943"},{"taxonomy":"post_tag","embeddable":true,"href":"https:\/\/maranhaotv.com.br\/index.php\/wp-json\/wp\/v2\/tags?post=37943"}],"curies":[{"name":"wp","href":"https:\/\/api.w.org\/{rel}","templated":true}]}}