{"id":37954,"date":"2024-09-24T15:19:34","date_gmt":"2024-09-24T18:19:34","guid":{"rendered":"https:\/\/maranhaotv.com.br\/?p=37954"},"modified":"2024-09-24T15:19:47","modified_gmt":"2024-09-24T18:19:47","slug":"falta-de-propostas-e-envolvimento-em-escandalos-levantam-duvidas-sobre-capacidade-de-lideranca-de-dudu-diniz","status":"publish","type":"post","link":"https:\/\/maranhaotv.com.br\/index.php\/2024\/09\/24\/falta-de-propostas-e-envolvimento-em-escandalos-levantam-duvidas-sobre-capacidade-de-lideranca-de-dudu-diniz\/","title":{"rendered":"Falta de Propostas e Envolvimento em Esc\u00e2ndalos Levantam D\u00favidas Sobre Capacidade de Lideran\u00e7a de Dudu Diniz"},"content":{"rendered":"\n<p><br>A candidatura de Dudu Diniz \u00e0 prefeitura de S\u00e3o Jos\u00e9 de Ribamar tem sido marcada por uma s\u00e9rie de esc\u00e2ndalos e pela aus\u00eancia de propostas concretas que atendam \u00e0s necessidades do munic\u00edpio. Em vez de apresentar solu\u00e7\u00f5es ou projetos de leis que possam melhorar a vida dos ribamarenses, Diniz acumula cr\u00edticas por sua falta de preparo e por sua proximidade com irregularidades que colocam em risco a confian\u00e7a do eleitorado.<br><br>Um dos pontos mais graves envolve o esc\u00e2ndalo do funcion\u00e1rio fantasma da C\u00e2mara de Vereadores, que j\u00e1 foi denunciado ao Minist\u00e9rio P\u00fablico. O servidor Wilson de Castro Rodrigues J\u00fanior, identificado como motorista de aplicativo, nunca exerceu cargos p\u00fablicos, segundo seu pr\u00f3prio depoimento. Ele \u00e9 irm\u00e3o de Tereon Brand\u00e3o Rodrigues, ex-servidor da C\u00e2mara e cunhado do vereador Cristiano, o mesmo foi exonerado em julho de 2024, pouco antes de as den\u00fancias virem \u00e0 tona. Mesmo ap\u00f3s ser exonerado, Wilson continuou a receber sal\u00e1rios, evidenciando um esquema que exp\u00f5e a falta de transpar\u00eancia e o mau uso de recursos p\u00fablicos na gest\u00e3o da C\u00e2mara, comandada por Diniz.<br><br>Dudu alegou desconhecimento sobre o caso, o que refor\u00e7a uma imagem de despreparo, levantando s\u00e9rias d\u00favidas sobre sua capacidade de gerenciar um munic\u00edpio como S\u00e3o Jos\u00e9 de Ribamar, a terceira maior cidade do estado, que demanda lideran\u00e7a forte e comprometida.<br><br>Al\u00e9m disso, sua propaganda eleitoral \u00e9 recheada de falhas e cr\u00edticas infundadas. Diniz ataca o munic\u00edpio pela falta de seguran\u00e7a p\u00fablica, ignorando que essa \u00e9 uma responsabilidade do estado. Ele tamb\u00e9m critica o transporte p\u00fablico, cuja compet\u00eancia \u00e9 estadual, demonstrando um desconhecimento das atribui\u00e7\u00f5es municipais e estaduais. Ainda assim, ignora o importante trabalho da Guarda Municipal, que, mesmo com limita\u00e7\u00f5es, tem feito opera\u00e7\u00f5es conjuntas com a Pol\u00edcia Civil para garantir a seguran\u00e7a da cidade.<br><br>Enquanto Dudu Diniz trope\u00e7a em sua falta de preparo, o atual prefeito, que conta com alta aprova\u00e7\u00e3o popular, tem mostrado trabalho cont\u00ednuo e apresenta propostas s\u00f3lidas para o futuro de S\u00e3o Jos\u00e9 de Ribamar. A gest\u00e3o atual \u00e9 vista com bons olhos pela popula\u00e7\u00e3o, n\u00e3o apenas pelo que j\u00e1 foi feito, mas tamb\u00e9m pelo planejamento de novos projetos que garantem desenvolvimento cont\u00ednuo. Essa aprova\u00e7\u00e3o torna ainda mais dif\u00edcil para Diniz competir, uma vez que ele n\u00e3o consegue oferecer respostas claras ou planos consistentes para o crescimento da cidade.<br><br>A popula\u00e7\u00e3o de S\u00e3o Jos\u00e9 de Ribamar precisa estar atenta a essas quest\u00f5es, pois o futuro do munic\u00edpio depende de escolhas conscientes e respons\u00e1veis. At\u00e9 agora, Dudu Diniz se mostrou despreparado, incapaz de oferecer as solu\u00e7\u00f5es que a cidade merece, enquanto o atual prefeito segue \u00e0 frente, tanto em realiza\u00e7\u00f5es quanto em confian\u00e7a p\u00fablica.<\/p>\n","protected":false},"excerpt":{"rendered":"<p>A candidatura de Dudu Diniz \u00e0 prefeitura de S\u00e3o Jos\u00e9 de Ribamar tem sido marcada por uma s\u00e9rie de esc\u00e2ndalos<\/p>\n","protected":false},"author":2,"featured_media":37953,"comment_status":"open","ping_status":"open","sticky":false,"template":"","format":"standard","meta":{"colormag_page_container_layout":"default_layout","colormag_page_sidebar_layout":"default_layout","_jetpack_memberships_contains_paid_content":false,"footnotes":""},"categories":[2],"tags":[],"class_list":["post-37954","post","type-post","status-publish","format-standard","has-post-thumbnail","hentry","category-noticias"],"magazineBlocksPostFeaturedMedia":{"thumbnail":"https:\/\/maranhaotv.com.br\/wp-content\/uploads\/2024\/09\/IMG-20240924-WA0350-150x150.jpg","medium":"https:\/\/maranhaotv.com.br\/wp-content\/uploads\/2024\/09\/IMG-20240924-WA0350-300x199.jpg","medium_large":"https:\/\/maranhaotv.com.br\/wp-content\/uploads\/2024\/09\/IMG-20240924-WA0350-768x510.jpg","large":"https:\/\/maranhaotv.com.br\/wp-content\/uploads\/2024\/09\/IMG-20240924-WA0350-1024x679.jpg","1536x1536":"https:\/\/maranhaotv.com.br\/wp-content\/uploads\/2024\/09\/IMG-20240924-WA0350.jpg","2048x2048":"https:\/\/maranhaotv.com.br\/wp-content\/uploads\/2024\/09\/IMG-20240924-WA0350.jpg","colormag-highlighted-post":"https:\/\/maranhaotv.com.br\/wp-content\/uploads\/2024\/09\/IMG-20240924-WA0350-392x272.jpg","colormag-featured-post-medium":"https:\/\/maranhaotv.com.br\/wp-content\/uploads\/2024\/09\/IMG-20240924-WA0350-390x205.jpg","colormag-featured-post-small":"https:\/\/maranhaotv.com.br\/wp-content\/uploads\/2024\/09\/IMG-20240924-WA0350-130x90.jpg","colormag-featured-image":"https:\/\/maranhaotv.com.br\/wp-content\/uploads\/2024\/09\/IMG-20240924-WA0350-800x445.jpg","colormag-default-news":"https:\/\/maranhaotv.com.br\/wp-content\/uploads\/2024\/09\/IMG-20240924-WA0350-150x150.jpg","colormag-featured-image-large":"https:\/\/maranhaotv.com.br\/wp-content\/uploads\/2024\/09\/IMG-20240924-WA0350-1290x600.jpg"},"magazineBlocksPostAuthor":{"name":"maranhaotv","avatar":"https:\/\/secure.gravatar.com\/avatar\/8fadbca458d4cb68b1dd399ae9a40618d747bb1af65ac9fad21c89220a143eb4?s=96&d=mm&r=g"},"magazineBlocksPostCommentsNumber":"0","magazineBlocksPostExcerpt":"A candidatura de Dudu Diniz \u00e0 prefeitura de S\u00e3o Jos\u00e9 de Ribamar tem sido marcada por uma s\u00e9rie de esc\u00e2ndalos","magazineBlocksPostCategories":["not\u00edcias"],"magazineBlocksPostViewCount":338,"magazineBlocksPostReadTime":3,"magazine_blocks_featured_image_url":{"full":["https:\/\/maranhaotv.com.br\/wp-content\/uploads\/2024\/09\/IMG-20240924-WA0350.jpg",1290,856,false],"medium":["https:\/\/maranhaotv.com.br\/wp-content\/uploads\/2024\/09\/IMG-20240924-WA0350-300x199.jpg",300,199,true],"thumbnail":["https:\/\/maranhaotv.com.br\/wp-content\/uploads\/2024\/09\/IMG-20240924-WA0350-150x150.jpg",150,150,true]},"magazine_blocks_author":{"display_name":"maranhaotv","author_link":"https:\/\/maranhaotv.com.br\/index.php\/author\/maranhaotv\/"},"magazine_blocks_comment":0,"magazine_blocks_author_image":"https:\/\/secure.gravatar.com\/avatar\/8fadbca458d4cb68b1dd399ae9a40618d747bb1af65ac9fad21c89220a143eb4?s=96&d=mm&r=g","magazine_blocks_category":"<a href=\"#\" class=\"category-link category-link-2\">not\u00edcias<\/a>","yoast_head":"<!-- This site is optimized with the Yoast SEO plugin v27.4 - https:\/\/yoast.com\/product\/yoast-seo-wordpress\/ -->\n<title>Falta de Propostas e Envolvimento em Esc\u00e2ndalos Levantam D\u00favidas Sobre Capacidade de Lideran\u00e7a de Dudu Diniz - NOT\u00cdCIAS EM TEMPO REAL<\/title>\n<meta name=\"robots\" content=\"index, follow, max-snippet:-1, max-image-preview:large, max-video-preview:-1\" \/>\n<link rel=\"canonical\" href=\"https:\/\/maranhaotv.com.br\/index.php\/2024\/09\/24\/falta-de-propostas-e-envolvimento-em-escandalos-levantam-duvidas-sobre-capacidade-de-lideranca-de-dudu-diniz\/\" \/>\n<meta property=\"og:locale\" content=\"pt_BR\" \/>\n<meta property=\"og:type\" content=\"article\" \/>\n<meta property=\"og:title\" content=\"Falta de Propostas e Envolvimento em Esc\u00e2ndalos Levantam D\u00favidas Sobre Capacidade de Lideran\u00e7a de Dudu Diniz - NOT\u00cdCIAS EM TEMPO REAL\" \/>\n<meta property=\"og:description\" content=\"A candidatura de Dudu Diniz \u00e0 prefeitura de S\u00e3o Jos\u00e9 de Ribamar tem sido marcada por uma s\u00e9rie de esc\u00e2ndalos\" \/>\n<meta property=\"og:url\" content=\"https:\/\/maranhaotv.com.br\/index.php\/2024\/09\/24\/falta-de-propostas-e-envolvimento-em-escandalos-levantam-duvidas-sobre-capacidade-de-lideranca-de-dudu-diniz\/\" \/>\n<meta property=\"og:site_name\" content=\"NOT\u00cdCIAS EM TEMPO REAL\" \/>\n<meta property=\"article:publisher\" content=\"https:\/\/www.facebook.com\/maiobaotv\" \/>\n<meta property=\"article:published_time\" content=\"2024-09-24T18:19:34+00:00\" \/>\n<meta property=\"article:modified_time\" content=\"2024-09-24T18:19:47+00:00\" \/>\n<meta property=\"og:image\" content=\"https:\/\/maranhaotv.com.br\/wp-content\/uploads\/2024\/09\/IMG-20240924-WA0350.jpg\" \/>\n\t<meta property=\"og:image:width\" content=\"1290\" \/>\n\t<meta property=\"og:image:height\" content=\"856\" \/>\n\t<meta property=\"og:image:type\" content=\"image\/jpeg\" \/>\n<meta name=\"author\" content=\"maranhaotv\" \/>\n<meta name=\"twitter:card\" content=\"summary_large_image\" \/>\n<meta name=\"twitter:creator\" content=\"@sitemaranhaotv\" \/>\n<meta name=\"twitter:site\" content=\"@sitemaranhaotv\" \/>\n<meta name=\"twitter:label1\" content=\"Escrito por\" \/>\n\t<meta name=\"twitter:data1\" content=\"maranhaotv\" \/>\n\t<meta name=\"twitter:label2\" content=\"Est. tempo de leitura\" \/>\n\t<meta name=\"twitter:data2\" content=\"2 minutos\" \/>\n<script type=\"application\/ld+json\" class=\"yoast-schema-graph\">{\"@context\":\"https:\\\/\\\/schema.org\",\"@graph\":[{\"@type\":\"Article\",\"@id\":\"https:\\\/\\\/maranhaotv.com.br\\\/index.php\\\/2024\\\/09\\\/24\\\/falta-de-propostas-e-envolvimento-em-escandalos-levantam-duvidas-sobre-capacidade-de-lideranca-de-dudu-diniz\\\/#article\",\"isPartOf\":{\"@id\":\"https:\\\/\\\/maranhaotv.com.br\\\/index.php\\\/2024\\\/09\\\/24\\\/falta-de-propostas-e-envolvimento-em-escandalos-levantam-duvidas-sobre-capacidade-de-lideranca-de-dudu-diniz\\\/\"},\"author\":{\"name\":\"maranhaotv\",\"@id\":\"https:\\\/\\\/maranhaotv.com.br\\\/#\\\/schema\\\/person\\\/3d54238e86b20bb5c89ab2fdb8f8829a\"},\"headline\":\"Falta de Propostas e Envolvimento em Esc\u00e2ndalos Levantam D\u00favidas Sobre Capacidade de Lideran\u00e7a de Dudu Diniz\",\"datePublished\":\"2024-09-24T18:19:34+00:00\",\"dateModified\":\"2024-09-24T18:19:47+00:00\",\"mainEntityOfPage\":{\"@id\":\"https:\\\/\\\/maranhaotv.com.br\\\/index.php\\\/2024\\\/09\\\/24\\\/falta-de-propostas-e-envolvimento-em-escandalos-levantam-duvidas-sobre-capacidade-de-lideranca-de-dudu-diniz\\\/\"},\"wordCount\":509,\"commentCount\":0,\"publisher\":{\"@id\":\"https:\\\/\\\/maranhaotv.com.br\\\/#organization\"},\"image\":{\"@id\":\"https:\\\/\\\/maranhaotv.com.br\\\/index.php\\\/2024\\\/09\\\/24\\\/falta-de-propostas-e-envolvimento-em-escandalos-levantam-duvidas-sobre-capacidade-de-lideranca-de-dudu-diniz\\\/#primaryimage\"},\"thumbnailUrl\":\"https:\\\/\\\/maranhaotv.com.br\\\/wp-content\\\/uploads\\\/2024\\\/09\\\/IMG-20240924-WA0350.jpg\",\"articleSection\":[\"not\u00edcias\"],\"inLanguage\":\"pt-BR\",\"potentialAction\":[{\"@type\":\"CommentAction\",\"name\":\"Comment\",\"target\":[\"https:\\\/\\\/maranhaotv.com.br\\\/index.php\\\/2024\\\/09\\\/24\\\/falta-de-propostas-e-envolvimento-em-escandalos-levantam-duvidas-sobre-capacidade-de-lideranca-de-dudu-diniz\\\/#respond\"]}]},{\"@type\":\"WebPage\",\"@id\":\"https:\\\/\\\/maranhaotv.com.br\\\/index.php\\\/2024\\\/09\\\/24\\\/falta-de-propostas-e-envolvimento-em-escandalos-levantam-duvidas-sobre-capacidade-de-lideranca-de-dudu-diniz\\\/\",\"url\":\"https:\\\/\\\/maranhaotv.com.br\\\/index.php\\\/2024\\\/09\\\/24\\\/falta-de-propostas-e-envolvimento-em-escandalos-levantam-duvidas-sobre-capacidade-de-lideranca-de-dudu-diniz\\\/\",\"name\":\"Falta de Propostas e Envolvimento em Esc\u00e2ndalos Levantam D\u00favidas Sobre Capacidade de Lideran\u00e7a de Dudu Diniz - NOT\u00cdCIAS EM TEMPO REAL\",\"isPartOf\":{\"@id\":\"https:\\\/\\\/maranhaotv.com.br\\\/#website\"},\"primaryImageOfPage\":{\"@id\":\"https:\\\/\\\/maranhaotv.com.br\\\/index.php\\\/2024\\\/09\\\/24\\\/falta-de-propostas-e-envolvimento-em-escandalos-levantam-duvidas-sobre-capacidade-de-lideranca-de-dudu-diniz\\\/#primaryimage\"},\"image\":{\"@id\":\"https:\\\/\\\/maranhaotv.com.br\\\/index.php\\\/2024\\\/09\\\/24\\\/falta-de-propostas-e-envolvimento-em-escandalos-levantam-duvidas-sobre-capacidade-de-lideranca-de-dudu-diniz\\\/#primaryimage\"},\"thumbnailUrl\":\"https:\\\/\\\/maranhaotv.com.br\\\/wp-content\\\/uploads\\\/2024\\\/09\\\/IMG-20240924-WA0350.jpg\",\"datePublished\":\"2024-09-24T18:19:34+00:00\",\"dateModified\":\"2024-09-24T18:19:47+00:00\",\"breadcrumb\":{\"@id\":\"https:\\\/\\\/maranhaotv.com.br\\\/index.php\\\/2024\\\/09\\\/24\\\/falta-de-propostas-e-envolvimento-em-escandalos-levantam-duvidas-sobre-capacidade-de-lideranca-de-dudu-diniz\\\/#breadcrumb\"},\"inLanguage\":\"pt-BR\",\"potentialAction\":[{\"@type\":\"ReadAction\",\"target\":[\"https:\\\/\\\/maranhaotv.com.br\\\/index.php\\\/2024\\\/09\\\/24\\\/falta-de-propostas-e-envolvimento-em-escandalos-levantam-duvidas-sobre-capacidade-de-lideranca-de-dudu-diniz\\\/\"]}]},{\"@type\":\"ImageObject\",\"inLanguage\":\"pt-BR\",\"@id\":\"https:\\\/\\\/maranhaotv.com.br\\\/index.php\\\/2024\\\/09\\\/24\\\/falta-de-propostas-e-envolvimento-em-escandalos-levantam-duvidas-sobre-capacidade-de-lideranca-de-dudu-diniz\\\/#primaryimage\",\"url\":\"https:\\\/\\\/maranhaotv.com.br\\\/wp-content\\\/uploads\\\/2024\\\/09\\\/IMG-20240924-WA0350.jpg\",\"contentUrl\":\"https:\\\/\\\/maranhaotv.com.br\\\/wp-content\\\/uploads\\\/2024\\\/09\\\/IMG-20240924-WA0350.jpg\",\"width\":1290,\"height\":856},{\"@type\":\"BreadcrumbList\",\"@id\":\"https:\\\/\\\/maranhaotv.com.br\\\/index.php\\\/2024\\\/09\\\/24\\\/falta-de-propostas-e-envolvimento-em-escandalos-levantam-duvidas-sobre-capacidade-de-lideranca-de-dudu-diniz\\\/#breadcrumb\",\"itemListElement\":[{\"@type\":\"ListItem\",\"position\":1,\"name\":\"In\u00edcio\",\"item\":\"https:\\\/\\\/maranhaotv.com.br\\\/\"},{\"@type\":\"ListItem\",\"position\":2,\"name\":\"Falta de Propostas e Envolvimento em Esc\u00e2ndalos Levantam D\u00favidas Sobre Capacidade de Lideran\u00e7a de Dudu Diniz\"}]},{\"@type\":\"WebSite\",\"@id\":\"https:\\\/\\\/maranhaotv.com.br\\\/#website\",\"url\":\"https:\\\/\\\/maranhaotv.com.br\\\/\",\"name\":\"Maranh\u00e3oTV\",\"description\":\"\",\"publisher\":{\"@id\":\"https:\\\/\\\/maranhaotv.com.br\\\/#organization\"},\"potentialAction\":[{\"@type\":\"SearchAction\",\"target\":{\"@type\":\"EntryPoint\",\"urlTemplate\":\"https:\\\/\\\/maranhaotv.com.br\\\/?s={search_term_string}\"},\"query-input\":{\"@type\":\"PropertyValueSpecification\",\"valueRequired\":true,\"valueName\":\"search_term_string\"}}],\"inLanguage\":\"pt-BR\"},{\"@type\":\"Organization\",\"@id\":\"https:\\\/\\\/maranhaotv.com.br\\\/#organization\",\"name\":\"Portal de Not\u00edcias\",\"url\":\"https:\\\/\\\/maranhaotv.com.br\\\/\",\"logo\":{\"@type\":\"ImageObject\",\"inLanguage\":\"pt-BR\",\"@id\":\"https:\\\/\\\/maranhaotv.com.br\\\/#\\\/schema\\\/logo\\\/image\\\/\",\"url\":\"https:\\\/\\\/maranhaotv.com.br\\\/wp-content\\\/uploads\\\/2024\\\/05\\\/cropped-cropped-avatar-1.png\",\"contentUrl\":\"https:\\\/\\\/maranhaotv.com.br\\\/wp-content\\\/uploads\\\/2024\\\/05\\\/cropped-cropped-avatar-1.png\",\"width\":792,\"height\":428,\"caption\":\"Portal de Not\u00edcias\"},\"image\":{\"@id\":\"https:\\\/\\\/maranhaotv.com.br\\\/#\\\/schema\\\/logo\\\/image\\\/\"},\"sameAs\":[\"https:\\\/\\\/www.facebook.com\\\/maiobaotv\",\"https:\\\/\\\/x.com\\\/sitemaranhaotv\",\"https:\\\/\\\/www.instagram.com\\\/maranhao.tv\",\"https:\\\/\\\/www.threads.net\\\/@maranhao.tv\"]},{\"@type\":\"Person\",\"@id\":\"https:\\\/\\\/maranhaotv.com.br\\\/#\\\/schema\\\/person\\\/3d54238e86b20bb5c89ab2fdb8f8829a\",\"name\":\"maranhaotv\",\"image\":{\"@type\":\"ImageObject\",\"inLanguage\":\"pt-BR\",\"@id\":\"https:\\\/\\\/secure.gravatar.com\\\/avatar\\\/8fadbca458d4cb68b1dd399ae9a40618d747bb1af65ac9fad21c89220a143eb4?s=96&d=mm&r=g\",\"url\":\"https:\\\/\\\/secure.gravatar.com\\\/avatar\\\/8fadbca458d4cb68b1dd399ae9a40618d747bb1af65ac9fad21c89220a143eb4?s=96&d=mm&r=g\",\"contentUrl\":\"https:\\\/\\\/secure.gravatar.com\\\/avatar\\\/8fadbca458d4cb68b1dd399ae9a40618d747bb1af65ac9fad21c89220a143eb4?s=96&d=mm&r=g\",\"caption\":\"maranhaotv\"},\"sameAs\":[\"https:\\\/\\\/maranhaotv.com.br\\\/\"],\"url\":\"https:\\\/\\\/maranhaotv.com.br\\\/index.php\\\/author\\\/maranhaotv\\\/\"}]}<\/script>\n<!-- \/ Yoast SEO plugin. -->","yoast_head_json":{"title":"Falta de Propostas e Envolvimento em Esc\u00e2ndalos Levantam D\u00favidas Sobre Capacidade de Lideran\u00e7a de Dudu Diniz - NOT\u00cdCIAS EM TEMPO REAL","robots":{"index":"index","follow":"follow","max-snippet":"max-snippet:-1","max-image-preview":"max-image-preview:large","max-video-preview":"max-video-preview:-1"},"canonical":"https:\/\/maranhaotv.com.br\/index.php\/2024\/09\/24\/falta-de-propostas-e-envolvimento-em-escandalos-levantam-duvidas-sobre-capacidade-de-lideranca-de-dudu-diniz\/","og_locale":"pt_BR","og_type":"article","og_title":"Falta de Propostas e Envolvimento em Esc\u00e2ndalos Levantam D\u00favidas Sobre Capacidade de Lideran\u00e7a de Dudu Diniz - NOT\u00cdCIAS EM TEMPO REAL","og_description":"A candidatura de Dudu Diniz \u00e0 prefeitura de S\u00e3o Jos\u00e9 de Ribamar tem sido marcada por uma s\u00e9rie de esc\u00e2ndalos","og_url":"https:\/\/maranhaotv.com.br\/index.php\/2024\/09\/24\/falta-de-propostas-e-envolvimento-em-escandalos-levantam-duvidas-sobre-capacidade-de-lideranca-de-dudu-diniz\/","og_site_name":"NOT\u00cdCIAS EM TEMPO REAL","article_publisher":"https:\/\/www.facebook.com\/maiobaotv","article_published_time":"2024-09-24T18:19:34+00:00","article_modified_time":"2024-09-24T18:19:47+00:00","og_image":[{"width":1290,"height":856,"url":"https:\/\/maranhaotv.com.br\/wp-content\/uploads\/2024\/09\/IMG-20240924-WA0350.jpg","type":"image\/jpeg"}],"author":"maranhaotv","twitter_card":"summary_large_image","twitter_creator":"@sitemaranhaotv","twitter_site":"@sitemaranhaotv","twitter_misc":{"Escrito por":"maranhaotv","Est. tempo de leitura":"2 minutos"},"schema":{"@context":"https:\/\/schema.org","@graph":[{"@type":"Article","@id":"https:\/\/maranhaotv.com.br\/index.php\/2024\/09\/24\/falta-de-propostas-e-envolvimento-em-escandalos-levantam-duvidas-sobre-capacidade-de-lideranca-de-dudu-diniz\/#article","isPartOf":{"@id":"https:\/\/maranhaotv.com.br\/index.php\/2024\/09\/24\/falta-de-propostas-e-envolvimento-em-escandalos-levantam-duvidas-sobre-capacidade-de-lideranca-de-dudu-diniz\/"},"author":{"name":"maranhaotv","@id":"https:\/\/maranhaotv.com.br\/#\/schema\/person\/3d54238e86b20bb5c89ab2fdb8f8829a"},"headline":"Falta de Propostas e Envolvimento em Esc\u00e2ndalos Levantam D\u00favidas Sobre Capacidade de Lideran\u00e7a de Dudu Diniz","datePublished":"2024-09-24T18:19:34+00:00","dateModified":"2024-09-24T18:19:47+00:00","mainEntityOfPage":{"@id":"https:\/\/maranhaotv.com.br\/index.php\/2024\/09\/24\/falta-de-propostas-e-envolvimento-em-escandalos-levantam-duvidas-sobre-capacidade-de-lideranca-de-dudu-diniz\/"},"wordCount":509,"commentCount":0,"publisher":{"@id":"https:\/\/maranhaotv.com.br\/#organization"},"image":{"@id":"https:\/\/maranhaotv.com.br\/index.php\/2024\/09\/24\/falta-de-propostas-e-envolvimento-em-escandalos-levantam-duvidas-sobre-capacidade-de-lideranca-de-dudu-diniz\/#primaryimage"},"thumbnailUrl":"https:\/\/maranhaotv.com.br\/wp-content\/uploads\/2024\/09\/IMG-20240924-WA0350.jpg","articleSection":["not\u00edcias"],"inLanguage":"pt-BR","potentialAction":[{"@type":"CommentAction","name":"Comment","target":["https:\/\/maranhaotv.com.br\/index.php\/2024\/09\/24\/falta-de-propostas-e-envolvimento-em-escandalos-levantam-duvidas-sobre-capacidade-de-lideranca-de-dudu-diniz\/#respond"]}]},{"@type":"WebPage","@id":"https:\/\/maranhaotv.com.br\/index.php\/2024\/09\/24\/falta-de-propostas-e-envolvimento-em-escandalos-levantam-duvidas-sobre-capacidade-de-lideranca-de-dudu-diniz\/","url":"https:\/\/maranhaotv.com.br\/index.php\/2024\/09\/24\/falta-de-propostas-e-envolvimento-em-escandalos-levantam-duvidas-sobre-capacidade-de-lideranca-de-dudu-diniz\/","name":"Falta de Propostas e Envolvimento em Esc\u00e2ndalos Levantam D\u00favidas Sobre Capacidade de Lideran\u00e7a de Dudu Diniz - NOT\u00cdCIAS EM TEMPO REAL","isPartOf":{"@id":"https:\/\/maranhaotv.com.br\/#website"},"primaryImageOfPage":{"@id":"https:\/\/maranhaotv.com.br\/index.php\/2024\/09\/24\/falta-de-propostas-e-envolvimento-em-escandalos-levantam-duvidas-sobre-capacidade-de-lideranca-de-dudu-diniz\/#primaryimage"},"image":{"@id":"https:\/\/maranhaotv.com.br\/index.php\/2024\/09\/24\/falta-de-propostas-e-envolvimento-em-escandalos-levantam-duvidas-sobre-capacidade-de-lideranca-de-dudu-diniz\/#primaryimage"},"thumbnailUrl":"https:\/\/maranhaotv.com.br\/wp-content\/uploads\/2024\/09\/IMG-20240924-WA0350.jpg","datePublished":"2024-09-24T18:19:34+00:00","dateModified":"2024-09-24T18:19:47+00:00","breadcrumb":{"@id":"https:\/\/maranhaotv.com.br\/index.php\/2024\/09\/24\/falta-de-propostas-e-envolvimento-em-escandalos-levantam-duvidas-sobre-capacidade-de-lideranca-de-dudu-diniz\/#breadcrumb"},"inLanguage":"pt-BR","potentialAction":[{"@type":"ReadAction","target":["https:\/\/maranhaotv.com.br\/index.php\/2024\/09\/24\/falta-de-propostas-e-envolvimento-em-escandalos-levantam-duvidas-sobre-capacidade-de-lideranca-de-dudu-diniz\/"]}]},{"@type":"ImageObject","inLanguage":"pt-BR","@id":"https:\/\/maranhaotv.com.br\/index.php\/2024\/09\/24\/falta-de-propostas-e-envolvimento-em-escandalos-levantam-duvidas-sobre-capacidade-de-lideranca-de-dudu-diniz\/#primaryimage","url":"https:\/\/maranhaotv.com.br\/wp-content\/uploads\/2024\/09\/IMG-20240924-WA0350.jpg","contentUrl":"https:\/\/maranhaotv.com.br\/wp-content\/uploads\/2024\/09\/IMG-20240924-WA0350.jpg","width":1290,"height":856},{"@type":"BreadcrumbList","@id":"https:\/\/maranhaotv.com.br\/index.php\/2024\/09\/24\/falta-de-propostas-e-envolvimento-em-escandalos-levantam-duvidas-sobre-capacidade-de-lideranca-de-dudu-diniz\/#breadcrumb","itemListElement":[{"@type":"ListItem","position":1,"name":"In\u00edcio","item":"https:\/\/maranhaotv.com.br\/"},{"@type":"ListItem","position":2,"name":"Falta de Propostas e Envolvimento em Esc\u00e2ndalos Levantam D\u00favidas Sobre Capacidade de Lideran\u00e7a de Dudu Diniz"}]},{"@type":"WebSite","@id":"https:\/\/maranhaotv.com.br\/#website","url":"https:\/\/maranhaotv.com.br\/","name":"Maranh\u00e3oTV","description":"","publisher":{"@id":"https:\/\/maranhaotv.com.br\/#organization"},"potentialAction":[{"@type":"SearchAction","target":{"@type":"EntryPoint","urlTemplate":"https:\/\/maranhaotv.com.br\/?s={search_term_string}"},"query-input":{"@type":"PropertyValueSpecification","valueRequired":true,"valueName":"search_term_string"}}],"inLanguage":"pt-BR"},{"@type":"Organization","@id":"https:\/\/maranhaotv.com.br\/#organization","name":"Portal de Not\u00edcias","url":"https:\/\/maranhaotv.com.br\/","logo":{"@type":"ImageObject","inLanguage":"pt-BR","@id":"https:\/\/maranhaotv.com.br\/#\/schema\/logo\/image\/","url":"https:\/\/maranhaotv.com.br\/wp-content\/uploads\/2024\/05\/cropped-cropped-avatar-1.png","contentUrl":"https:\/\/maranhaotv.com.br\/wp-content\/uploads\/2024\/05\/cropped-cropped-avatar-1.png","width":792,"height":428,"caption":"Portal de Not\u00edcias"},"image":{"@id":"https:\/\/maranhaotv.com.br\/#\/schema\/logo\/image\/"},"sameAs":["https:\/\/www.facebook.com\/maiobaotv","https:\/\/x.com\/sitemaranhaotv","https:\/\/www.instagram.com\/maranhao.tv","https:\/\/www.threads.net\/@maranhao.tv"]},{"@type":"Person","@id":"https:\/\/maranhaotv.com.br\/#\/schema\/person\/3d54238e86b20bb5c89ab2fdb8f8829a","name":"maranhaotv","image":{"@type":"ImageObject","inLanguage":"pt-BR","@id":"https:\/\/secure.gravatar.com\/avatar\/8fadbca458d4cb68b1dd399ae9a40618d747bb1af65ac9fad21c89220a143eb4?s=96&d=mm&r=g","url":"https:\/\/secure.gravatar.com\/avatar\/8fadbca458d4cb68b1dd399ae9a40618d747bb1af65ac9fad21c89220a143eb4?s=96&d=mm&r=g","contentUrl":"https:\/\/secure.gravatar.com\/avatar\/8fadbca458d4cb68b1dd399ae9a40618d747bb1af65ac9fad21c89220a143eb4?s=96&d=mm&r=g","caption":"maranhaotv"},"sameAs":["https:\/\/maranhaotv.com.br\/"],"url":"https:\/\/maranhaotv.com.br\/index.php\/author\/maranhaotv\/"}]}},"jetpack_featured_media_url":"https:\/\/maranhaotv.com.br\/wp-content\/uploads\/2024\/09\/IMG-20240924-WA0350.jpg","jetpack_sharing_enabled":true,"_links":{"self":[{"href":"https:\/\/maranhaotv.com.br\/index.php\/wp-json\/wp\/v2\/posts\/37954","targetHints":{"allow":["GET"]}}],"collection":[{"href":"https:\/\/maranhaotv.com.br\/index.php\/wp-json\/wp\/v2\/posts"}],"about":[{"href":"https:\/\/maranhaotv.com.br\/index.php\/wp-json\/wp\/v2\/types\/post"}],"author":[{"embeddable":true,"href":"https:\/\/maranhaotv.com.br\/index.php\/wp-json\/wp\/v2\/users\/2"}],"replies":[{"embeddable":true,"href":"https:\/\/maranhaotv.com.br\/index.php\/wp-json\/wp\/v2\/comments?post=37954"}],"version-history":[{"count":1,"href":"https:\/\/maranhaotv.com.br\/index.php\/wp-json\/wp\/v2\/posts\/37954\/revisions"}],"predecessor-version":[{"id":37955,"href":"https:\/\/maranhaotv.com.br\/index.php\/wp-json\/wp\/v2\/posts\/37954\/revisions\/37955"}],"wp:featuredmedia":[{"embeddable":true,"href":"https:\/\/maranhaotv.com.br\/index.php\/wp-json\/wp\/v2\/media\/37953"}],"wp:attachment":[{"href":"https:\/\/maranhaotv.com.br\/index.php\/wp-json\/wp\/v2\/media?parent=37954"}],"wp:term":[{"taxonomy":"category","embeddable":true,"href":"https:\/\/maranhaotv.com.br\/index.php\/wp-json\/wp\/v2\/categories?post=37954"},{"taxonomy":"post_tag","embeddable":true,"href":"https:\/\/maranhaotv.com.br\/index.php\/wp-json\/wp\/v2\/tags?post=37954"}],"curies":[{"name":"wp","href":"https:\/\/api.w.org\/{rel}","templated":true}]}}