{"id":37961,"date":"2024-09-24T16:19:33","date_gmt":"2024-09-24T19:19:33","guid":{"rendered":"https:\/\/maranhaotv.com.br\/?p=37961"},"modified":"2024-09-24T16:23:29","modified_gmt":"2024-09-24T19:23:29","slug":"a-fome-no-mundo-nao-e-falta-de-dinheiro-e-falta-de-vergonha-diz-lula","status":"publish","type":"post","link":"https:\/\/maranhaotv.com.br\/index.php\/2024\/09\/24\/a-fome-no-mundo-nao-e-falta-de-dinheiro-e-falta-de-vergonha-diz-lula\/","title":{"rendered":"\u201cA fome no mundo n\u00e3o \u00e9 falta de dinheiro. \u00c9 falta de vergonha\u201d, diz Lula"},"content":{"rendered":"\n<p>Durante a premia\u00e7\u00e3o anual da iniciativa Goalkeepers, organizada pela Funda\u00e7\u00e3o Bill e Melinda Gates, o presidente Luiz In\u00e1cio Lula da Silva destacou a necessidade de uma a\u00e7\u00e3o coordenada global para erradicar a fome, criticando a falta de vontade pol\u00edtica dos governantes em lidar com o problema. Em um discurso emocionante, Lula afirmou: \u201cA fome no mundo n\u00e3o \u00e9 falta de dinheiro. \u00c9 falta de vergonha na nossa cara\u201d, ao comentar sobre o enorme desperd\u00edcio de recursos que poderiam ser utilizados para resolver a quest\u00e3o.<br><br>O presidente brasileiro, premiado por sua atua\u00e7\u00e3o no combate \u00e0 pobreza e \u00e0 fome, relembrou sua pr\u00f3pria trajet\u00f3ria de vida e as dificuldades enfrentadas durante a inf\u00e2ncia no Nordeste. \u201cEu nasci num estado muito pobre do Nordeste, e com 7 anos de idade minha m\u00e3e teve que sair com oito filhos para S\u00e3o Paulo, tentando garantir a nossa sobreviv\u00eancia\u201d, disse Lula. \u201cEu comi p\u00e3o pela primeira vez aos 7 anos de idade, j\u00e1 em S\u00e3o Paulo. \u00c9 inadmiss\u00edvel que, no s\u00e9culo XXI, ainda existam crian\u00e7as que v\u00e3o dormir com fome.\u201d<br><br>Lula tamb\u00e9m ressaltou que a fome \u00e9 uma quest\u00e3o de governan\u00e7a global. Segundo ele, com a quantidade de recursos financeiros circulando no mundo, a fome poderia ser erradicada se houvesse compromisso pol\u00edtico. \u201cH\u00e1 trilh\u00f5es de d\u00f3lares navegando pelos c\u00e9us, enquanto 733 milh\u00f5es de pessoas v\u00e3o dormir sem ter o que comer. O que falta n\u00e3o \u00e9 dinheiro, mas vergonha dos que governam o mundo\u201d, declarou o presidente, em uma cr\u00edtica direta ao sistema global de distribui\u00e7\u00e3o de recursos.<br><br>O discurso de Lula trouxe \u00e0 tona a import\u00e2ncia de pol\u00edticas p\u00fablicas e decis\u00f5es governamentais para o enfrentamento da pobreza, destacando o sucesso do Bolsa Fam\u00edlia no Brasil como exemplo de um programa que tirou milh\u00f5es de brasileiros da mis\u00e9ria. \u201cA fome n\u00e3o se resolve com caridade, mas com pol\u00edticas p\u00fablicas s\u00f3lidas e investimento no povo pobre. O Bolsa Fam\u00edlia foi a prova disso, e continuamos a us\u00e1-lo para acabar com a fome novamente no Brasil\u201d, disse ele.<br><br>Lula concluiu seu discurso refor\u00e7ando a necessidade de uni\u00e3o global para enfrentar n\u00e3o apenas a fome, mas tamb\u00e9m a transi\u00e7\u00e3o energ\u00e9tica e a governan\u00e7a mundial. Ele prometeu levar esses temas ao G20 e ressaltou que o Brasil ser\u00e1 l\u00edder na transi\u00e7\u00e3o energ\u00e9tica com sua matriz de energia renov\u00e1vel. \u201cO Brasil est\u00e1 pronto para liderar com energia limpa, e provaremos que \u00e9 poss\u00edvel desenvolver sem destruir o planeta\u201d, finalizou. <\/p>\n","protected":false},"excerpt":{"rendered":"<p>Durante a premia\u00e7\u00e3o anual da iniciativa Goalkeepers, organizada pela Funda\u00e7\u00e3o Bill e Melinda Gates, o presidente Luiz In\u00e1cio Lula da<\/p>\n","protected":false},"author":2,"featured_media":37960,"comment_status":"open","ping_status":"open","sticky":false,"template":"","format":"standard","meta":{"colormag_page_container_layout":"default_layout","colormag_page_sidebar_layout":"default_layout","_jetpack_memberships_contains_paid_content":false,"footnotes":""},"categories":[8],"tags":[],"class_list":["post-37961","post","type-post","status-publish","format-standard","has-post-thumbnail","hentry","category-servicos"],"magazineBlocksPostFeaturedMedia":{"thumbnail":"https:\/\/maranhaotv.com.br\/wp-content\/uploads\/2024\/09\/image_editor_output_image-1567257548-1727205545242-150x150.jpg","medium":"https:\/\/maranhaotv.com.br\/wp-content\/uploads\/2024\/09\/image_editor_output_image-1567257548-1727205545242-300x139.jpg","medium_large":"https:\/\/maranhaotv.com.br\/wp-content\/uploads\/2024\/09\/image_editor_output_image-1567257548-1727205545242-768x355.jpg","large":"https:\/\/maranhaotv.com.br\/wp-content\/uploads\/2024\/09\/image_editor_output_image-1567257548-1727205545242-1024x474.jpg","1536x1536":"https:\/\/maranhaotv.com.br\/wp-content\/uploads\/2024\/09\/image_editor_output_image-1567257548-1727205545242-1536x710.jpg","2048x2048":"https:\/\/maranhaotv.com.br\/wp-content\/uploads\/2024\/09\/image_editor_output_image-1567257548-1727205545242.jpg","colormag-highlighted-post":"https:\/\/maranhaotv.com.br\/wp-content\/uploads\/2024\/09\/image_editor_output_image-1567257548-1727205545242-392x272.jpg","colormag-featured-post-medium":"https:\/\/maranhaotv.com.br\/wp-content\/uploads\/2024\/09\/image_editor_output_image-1567257548-1727205545242-390x205.jpg","colormag-featured-post-small":"https:\/\/maranhaotv.com.br\/wp-content\/uploads\/2024\/09\/image_editor_output_image-1567257548-1727205545242-130x90.jpg","colormag-featured-image":"https:\/\/maranhaotv.com.br\/wp-content\/uploads\/2024\/09\/image_editor_output_image-1567257548-1727205545242-800x445.jpg","colormag-default-news":"https:\/\/maranhaotv.com.br\/wp-content\/uploads\/2024\/09\/image_editor_output_image-1567257548-1727205545242-150x150.jpg","colormag-featured-image-large":"https:\/\/maranhaotv.com.br\/wp-content\/uploads\/2024\/09\/image_editor_output_image-1567257548-1727205545242-1400x600.jpg"},"magazineBlocksPostAuthor":{"name":"maranhaotv","avatar":"https:\/\/secure.gravatar.com\/avatar\/8fadbca458d4cb68b1dd399ae9a40618d747bb1af65ac9fad21c89220a143eb4?s=96&d=mm&r=g"},"magazineBlocksPostCommentsNumber":"0","magazineBlocksPostExcerpt":"Durante a premia\u00e7\u00e3o anual da iniciativa Goalkeepers, organizada pela Funda\u00e7\u00e3o Bill e Melinda Gates, o presidente Luiz In\u00e1cio Lula da","magazineBlocksPostCategories":["servi\u00e7os"],"magazineBlocksPostViewCount":281,"magazineBlocksPostReadTime":3,"magazine_blocks_featured_image_url":{"full":["https:\/\/maranhaotv.com.br\/wp-content\/uploads\/2024\/09\/image_editor_output_image-1567257548-1727205545242.jpg",2048,947,false],"medium":["https:\/\/maranhaotv.com.br\/wp-content\/uploads\/2024\/09\/image_editor_output_image-1567257548-1727205545242-300x139.jpg",300,139,true],"thumbnail":["https:\/\/maranhaotv.com.br\/wp-content\/uploads\/2024\/09\/image_editor_output_image-1567257548-1727205545242-150x150.jpg",150,150,true]},"magazine_blocks_author":{"display_name":"maranhaotv","author_link":"https:\/\/maranhaotv.com.br\/index.php\/author\/maranhaotv\/"},"magazine_blocks_comment":0,"magazine_blocks_author_image":"https:\/\/secure.gravatar.com\/avatar\/8fadbca458d4cb68b1dd399ae9a40618d747bb1af65ac9fad21c89220a143eb4?s=96&d=mm&r=g","magazine_blocks_category":"<a href=\"#\" class=\"category-link category-link-8\">servi\u00e7os<\/a>","yoast_head":"<!-- This site is optimized with the Yoast SEO plugin v27.4 - https:\/\/yoast.com\/product\/yoast-seo-wordpress\/ -->\n<title>\u201cA fome no mundo n\u00e3o \u00e9 falta de dinheiro. \u00c9 falta de vergonha\u201d, diz Lula - NOT\u00cdCIAS EM TEMPO REAL<\/title>\n<meta name=\"robots\" content=\"index, follow, max-snippet:-1, max-image-preview:large, max-video-preview:-1\" \/>\n<link rel=\"canonical\" href=\"https:\/\/maranhaotv.com.br\/index.php\/2024\/09\/24\/a-fome-no-mundo-nao-e-falta-de-dinheiro-e-falta-de-vergonha-diz-lula\/\" \/>\n<meta property=\"og:locale\" content=\"pt_BR\" \/>\n<meta property=\"og:type\" content=\"article\" \/>\n<meta property=\"og:title\" content=\"\u201cA fome no mundo n\u00e3o \u00e9 falta de dinheiro. \u00c9 falta de vergonha\u201d, diz Lula - NOT\u00cdCIAS EM TEMPO REAL\" \/>\n<meta property=\"og:description\" content=\"Durante a premia\u00e7\u00e3o anual da iniciativa Goalkeepers, organizada pela Funda\u00e7\u00e3o Bill e Melinda Gates, o presidente Luiz In\u00e1cio Lula da\" \/>\n<meta property=\"og:url\" content=\"https:\/\/maranhaotv.com.br\/index.php\/2024\/09\/24\/a-fome-no-mundo-nao-e-falta-de-dinheiro-e-falta-de-vergonha-diz-lula\/\" \/>\n<meta property=\"og:site_name\" content=\"NOT\u00cdCIAS EM TEMPO REAL\" \/>\n<meta property=\"article:publisher\" content=\"https:\/\/www.facebook.com\/maiobaotv\" \/>\n<meta property=\"article:published_time\" content=\"2024-09-24T19:19:33+00:00\" \/>\n<meta property=\"article:modified_time\" content=\"2024-09-24T19:23:29+00:00\" \/>\n<meta property=\"og:image\" content=\"https:\/\/maranhaotv.com.br\/wp-content\/uploads\/2024\/09\/image_editor_output_image-1567257548-1727205545242.jpg\" \/>\n\t<meta property=\"og:image:width\" content=\"2048\" \/>\n\t<meta property=\"og:image:height\" content=\"947\" \/>\n\t<meta property=\"og:image:type\" content=\"image\/jpeg\" \/>\n<meta name=\"author\" content=\"maranhaotv\" \/>\n<meta name=\"twitter:card\" content=\"summary_large_image\" \/>\n<meta name=\"twitter:creator\" content=\"@sitemaranhaotv\" \/>\n<meta name=\"twitter:site\" content=\"@sitemaranhaotv\" \/>\n<meta name=\"twitter:label1\" content=\"Escrito por\" \/>\n\t<meta name=\"twitter:data1\" content=\"maranhaotv\" \/>\n\t<meta name=\"twitter:label2\" content=\"Est. tempo de leitura\" \/>\n\t<meta name=\"twitter:data2\" content=\"2 minutos\" \/>\n<script type=\"application\/ld+json\" class=\"yoast-schema-graph\">{\"@context\":\"https:\\\/\\\/schema.org\",\"@graph\":[{\"@type\":\"Article\",\"@id\":\"https:\\\/\\\/maranhaotv.com.br\\\/index.php\\\/2024\\\/09\\\/24\\\/a-fome-no-mundo-nao-e-falta-de-dinheiro-e-falta-de-vergonha-diz-lula\\\/#article\",\"isPartOf\":{\"@id\":\"https:\\\/\\\/maranhaotv.com.br\\\/index.php\\\/2024\\\/09\\\/24\\\/a-fome-no-mundo-nao-e-falta-de-dinheiro-e-falta-de-vergonha-diz-lula\\\/\"},\"author\":{\"name\":\"maranhaotv\",\"@id\":\"https:\\\/\\\/maranhaotv.com.br\\\/#\\\/schema\\\/person\\\/3d54238e86b20bb5c89ab2fdb8f8829a\"},\"headline\":\"\u201cA fome no mundo n\u00e3o \u00e9 falta de dinheiro. \u00c9 falta de vergonha\u201d, diz Lula\",\"datePublished\":\"2024-09-24T19:19:33+00:00\",\"dateModified\":\"2024-09-24T19:23:29+00:00\",\"mainEntityOfPage\":{\"@id\":\"https:\\\/\\\/maranhaotv.com.br\\\/index.php\\\/2024\\\/09\\\/24\\\/a-fome-no-mundo-nao-e-falta-de-dinheiro-e-falta-de-vergonha-diz-lula\\\/\"},\"wordCount\":458,\"commentCount\":0,\"publisher\":{\"@id\":\"https:\\\/\\\/maranhaotv.com.br\\\/#organization\"},\"image\":{\"@id\":\"https:\\\/\\\/maranhaotv.com.br\\\/index.php\\\/2024\\\/09\\\/24\\\/a-fome-no-mundo-nao-e-falta-de-dinheiro-e-falta-de-vergonha-diz-lula\\\/#primaryimage\"},\"thumbnailUrl\":\"https:\\\/\\\/maranhaotv.com.br\\\/wp-content\\\/uploads\\\/2024\\\/09\\\/image_editor_output_image-1567257548-1727205545242.jpg\",\"articleSection\":[\"servi\u00e7os\"],\"inLanguage\":\"pt-BR\",\"potentialAction\":[{\"@type\":\"CommentAction\",\"name\":\"Comment\",\"target\":[\"https:\\\/\\\/maranhaotv.com.br\\\/index.php\\\/2024\\\/09\\\/24\\\/a-fome-no-mundo-nao-e-falta-de-dinheiro-e-falta-de-vergonha-diz-lula\\\/#respond\"]}]},{\"@type\":\"WebPage\",\"@id\":\"https:\\\/\\\/maranhaotv.com.br\\\/index.php\\\/2024\\\/09\\\/24\\\/a-fome-no-mundo-nao-e-falta-de-dinheiro-e-falta-de-vergonha-diz-lula\\\/\",\"url\":\"https:\\\/\\\/maranhaotv.com.br\\\/index.php\\\/2024\\\/09\\\/24\\\/a-fome-no-mundo-nao-e-falta-de-dinheiro-e-falta-de-vergonha-diz-lula\\\/\",\"name\":\"\u201cA fome no mundo n\u00e3o \u00e9 falta de dinheiro. \u00c9 falta de vergonha\u201d, diz Lula - NOT\u00cdCIAS EM TEMPO REAL\",\"isPartOf\":{\"@id\":\"https:\\\/\\\/maranhaotv.com.br\\\/#website\"},\"primaryImageOfPage\":{\"@id\":\"https:\\\/\\\/maranhaotv.com.br\\\/index.php\\\/2024\\\/09\\\/24\\\/a-fome-no-mundo-nao-e-falta-de-dinheiro-e-falta-de-vergonha-diz-lula\\\/#primaryimage\"},\"image\":{\"@id\":\"https:\\\/\\\/maranhaotv.com.br\\\/index.php\\\/2024\\\/09\\\/24\\\/a-fome-no-mundo-nao-e-falta-de-dinheiro-e-falta-de-vergonha-diz-lula\\\/#primaryimage\"},\"thumbnailUrl\":\"https:\\\/\\\/maranhaotv.com.br\\\/wp-content\\\/uploads\\\/2024\\\/09\\\/image_editor_output_image-1567257548-1727205545242.jpg\",\"datePublished\":\"2024-09-24T19:19:33+00:00\",\"dateModified\":\"2024-09-24T19:23:29+00:00\",\"breadcrumb\":{\"@id\":\"https:\\\/\\\/maranhaotv.com.br\\\/index.php\\\/2024\\\/09\\\/24\\\/a-fome-no-mundo-nao-e-falta-de-dinheiro-e-falta-de-vergonha-diz-lula\\\/#breadcrumb\"},\"inLanguage\":\"pt-BR\",\"potentialAction\":[{\"@type\":\"ReadAction\",\"target\":[\"https:\\\/\\\/maranhaotv.com.br\\\/index.php\\\/2024\\\/09\\\/24\\\/a-fome-no-mundo-nao-e-falta-de-dinheiro-e-falta-de-vergonha-diz-lula\\\/\"]}]},{\"@type\":\"ImageObject\",\"inLanguage\":\"pt-BR\",\"@id\":\"https:\\\/\\\/maranhaotv.com.br\\\/index.php\\\/2024\\\/09\\\/24\\\/a-fome-no-mundo-nao-e-falta-de-dinheiro-e-falta-de-vergonha-diz-lula\\\/#primaryimage\",\"url\":\"https:\\\/\\\/maranhaotv.com.br\\\/wp-content\\\/uploads\\\/2024\\\/09\\\/image_editor_output_image-1567257548-1727205545242.jpg\",\"contentUrl\":\"https:\\\/\\\/maranhaotv.com.br\\\/wp-content\\\/uploads\\\/2024\\\/09\\\/image_editor_output_image-1567257548-1727205545242.jpg\",\"width\":2048,\"height\":947},{\"@type\":\"BreadcrumbList\",\"@id\":\"https:\\\/\\\/maranhaotv.com.br\\\/index.php\\\/2024\\\/09\\\/24\\\/a-fome-no-mundo-nao-e-falta-de-dinheiro-e-falta-de-vergonha-diz-lula\\\/#breadcrumb\",\"itemListElement\":[{\"@type\":\"ListItem\",\"position\":1,\"name\":\"In\u00edcio\",\"item\":\"https:\\\/\\\/maranhaotv.com.br\\\/\"},{\"@type\":\"ListItem\",\"position\":2,\"name\":\"\u201cA fome no mundo n\u00e3o \u00e9 falta de dinheiro. \u00c9 falta de vergonha\u201d, diz Lula\"}]},{\"@type\":\"WebSite\",\"@id\":\"https:\\\/\\\/maranhaotv.com.br\\\/#website\",\"url\":\"https:\\\/\\\/maranhaotv.com.br\\\/\",\"name\":\"Maranh\u00e3oTV\",\"description\":\"\",\"publisher\":{\"@id\":\"https:\\\/\\\/maranhaotv.com.br\\\/#organization\"},\"potentialAction\":[{\"@type\":\"SearchAction\",\"target\":{\"@type\":\"EntryPoint\",\"urlTemplate\":\"https:\\\/\\\/maranhaotv.com.br\\\/?s={search_term_string}\"},\"query-input\":{\"@type\":\"PropertyValueSpecification\",\"valueRequired\":true,\"valueName\":\"search_term_string\"}}],\"inLanguage\":\"pt-BR\"},{\"@type\":\"Organization\",\"@id\":\"https:\\\/\\\/maranhaotv.com.br\\\/#organization\",\"name\":\"Portal de Not\u00edcias\",\"url\":\"https:\\\/\\\/maranhaotv.com.br\\\/\",\"logo\":{\"@type\":\"ImageObject\",\"inLanguage\":\"pt-BR\",\"@id\":\"https:\\\/\\\/maranhaotv.com.br\\\/#\\\/schema\\\/logo\\\/image\\\/\",\"url\":\"https:\\\/\\\/maranhaotv.com.br\\\/wp-content\\\/uploads\\\/2024\\\/05\\\/cropped-cropped-avatar-1.png\",\"contentUrl\":\"https:\\\/\\\/maranhaotv.com.br\\\/wp-content\\\/uploads\\\/2024\\\/05\\\/cropped-cropped-avatar-1.png\",\"width\":792,\"height\":428,\"caption\":\"Portal de Not\u00edcias\"},\"image\":{\"@id\":\"https:\\\/\\\/maranhaotv.com.br\\\/#\\\/schema\\\/logo\\\/image\\\/\"},\"sameAs\":[\"https:\\\/\\\/www.facebook.com\\\/maiobaotv\",\"https:\\\/\\\/x.com\\\/sitemaranhaotv\",\"https:\\\/\\\/www.instagram.com\\\/maranhao.tv\",\"https:\\\/\\\/www.threads.net\\\/@maranhao.tv\"]},{\"@type\":\"Person\",\"@id\":\"https:\\\/\\\/maranhaotv.com.br\\\/#\\\/schema\\\/person\\\/3d54238e86b20bb5c89ab2fdb8f8829a\",\"name\":\"maranhaotv\",\"image\":{\"@type\":\"ImageObject\",\"inLanguage\":\"pt-BR\",\"@id\":\"https:\\\/\\\/secure.gravatar.com\\\/avatar\\\/8fadbca458d4cb68b1dd399ae9a40618d747bb1af65ac9fad21c89220a143eb4?s=96&d=mm&r=g\",\"url\":\"https:\\\/\\\/secure.gravatar.com\\\/avatar\\\/8fadbca458d4cb68b1dd399ae9a40618d747bb1af65ac9fad21c89220a143eb4?s=96&d=mm&r=g\",\"contentUrl\":\"https:\\\/\\\/secure.gravatar.com\\\/avatar\\\/8fadbca458d4cb68b1dd399ae9a40618d747bb1af65ac9fad21c89220a143eb4?s=96&d=mm&r=g\",\"caption\":\"maranhaotv\"},\"sameAs\":[\"https:\\\/\\\/maranhaotv.com.br\\\/\"],\"url\":\"https:\\\/\\\/maranhaotv.com.br\\\/index.php\\\/author\\\/maranhaotv\\\/\"}]}<\/script>\n<!-- \/ Yoast SEO plugin. -->","yoast_head_json":{"title":"\u201cA fome no mundo n\u00e3o \u00e9 falta de dinheiro. \u00c9 falta de vergonha\u201d, diz Lula - NOT\u00cdCIAS EM TEMPO REAL","robots":{"index":"index","follow":"follow","max-snippet":"max-snippet:-1","max-image-preview":"max-image-preview:large","max-video-preview":"max-video-preview:-1"},"canonical":"https:\/\/maranhaotv.com.br\/index.php\/2024\/09\/24\/a-fome-no-mundo-nao-e-falta-de-dinheiro-e-falta-de-vergonha-diz-lula\/","og_locale":"pt_BR","og_type":"article","og_title":"\u201cA fome no mundo n\u00e3o \u00e9 falta de dinheiro. \u00c9 falta de vergonha\u201d, diz Lula - NOT\u00cdCIAS EM TEMPO REAL","og_description":"Durante a premia\u00e7\u00e3o anual da iniciativa Goalkeepers, organizada pela Funda\u00e7\u00e3o Bill e Melinda Gates, o presidente Luiz In\u00e1cio Lula da","og_url":"https:\/\/maranhaotv.com.br\/index.php\/2024\/09\/24\/a-fome-no-mundo-nao-e-falta-de-dinheiro-e-falta-de-vergonha-diz-lula\/","og_site_name":"NOT\u00cdCIAS EM TEMPO REAL","article_publisher":"https:\/\/www.facebook.com\/maiobaotv","article_published_time":"2024-09-24T19:19:33+00:00","article_modified_time":"2024-09-24T19:23:29+00:00","og_image":[{"width":2048,"height":947,"url":"https:\/\/maranhaotv.com.br\/wp-content\/uploads\/2024\/09\/image_editor_output_image-1567257548-1727205545242.jpg","type":"image\/jpeg"}],"author":"maranhaotv","twitter_card":"summary_large_image","twitter_creator":"@sitemaranhaotv","twitter_site":"@sitemaranhaotv","twitter_misc":{"Escrito por":"maranhaotv","Est. tempo de leitura":"2 minutos"},"schema":{"@context":"https:\/\/schema.org","@graph":[{"@type":"Article","@id":"https:\/\/maranhaotv.com.br\/index.php\/2024\/09\/24\/a-fome-no-mundo-nao-e-falta-de-dinheiro-e-falta-de-vergonha-diz-lula\/#article","isPartOf":{"@id":"https:\/\/maranhaotv.com.br\/index.php\/2024\/09\/24\/a-fome-no-mundo-nao-e-falta-de-dinheiro-e-falta-de-vergonha-diz-lula\/"},"author":{"name":"maranhaotv","@id":"https:\/\/maranhaotv.com.br\/#\/schema\/person\/3d54238e86b20bb5c89ab2fdb8f8829a"},"headline":"\u201cA fome no mundo n\u00e3o \u00e9 falta de dinheiro. \u00c9 falta de vergonha\u201d, diz Lula","datePublished":"2024-09-24T19:19:33+00:00","dateModified":"2024-09-24T19:23:29+00:00","mainEntityOfPage":{"@id":"https:\/\/maranhaotv.com.br\/index.php\/2024\/09\/24\/a-fome-no-mundo-nao-e-falta-de-dinheiro-e-falta-de-vergonha-diz-lula\/"},"wordCount":458,"commentCount":0,"publisher":{"@id":"https:\/\/maranhaotv.com.br\/#organization"},"image":{"@id":"https:\/\/maranhaotv.com.br\/index.php\/2024\/09\/24\/a-fome-no-mundo-nao-e-falta-de-dinheiro-e-falta-de-vergonha-diz-lula\/#primaryimage"},"thumbnailUrl":"https:\/\/maranhaotv.com.br\/wp-content\/uploads\/2024\/09\/image_editor_output_image-1567257548-1727205545242.jpg","articleSection":["servi\u00e7os"],"inLanguage":"pt-BR","potentialAction":[{"@type":"CommentAction","name":"Comment","target":["https:\/\/maranhaotv.com.br\/index.php\/2024\/09\/24\/a-fome-no-mundo-nao-e-falta-de-dinheiro-e-falta-de-vergonha-diz-lula\/#respond"]}]},{"@type":"WebPage","@id":"https:\/\/maranhaotv.com.br\/index.php\/2024\/09\/24\/a-fome-no-mundo-nao-e-falta-de-dinheiro-e-falta-de-vergonha-diz-lula\/","url":"https:\/\/maranhaotv.com.br\/index.php\/2024\/09\/24\/a-fome-no-mundo-nao-e-falta-de-dinheiro-e-falta-de-vergonha-diz-lula\/","name":"\u201cA fome no mundo n\u00e3o \u00e9 falta de dinheiro. \u00c9 falta de vergonha\u201d, diz Lula - NOT\u00cdCIAS EM TEMPO REAL","isPartOf":{"@id":"https:\/\/maranhaotv.com.br\/#website"},"primaryImageOfPage":{"@id":"https:\/\/maranhaotv.com.br\/index.php\/2024\/09\/24\/a-fome-no-mundo-nao-e-falta-de-dinheiro-e-falta-de-vergonha-diz-lula\/#primaryimage"},"image":{"@id":"https:\/\/maranhaotv.com.br\/index.php\/2024\/09\/24\/a-fome-no-mundo-nao-e-falta-de-dinheiro-e-falta-de-vergonha-diz-lula\/#primaryimage"},"thumbnailUrl":"https:\/\/maranhaotv.com.br\/wp-content\/uploads\/2024\/09\/image_editor_output_image-1567257548-1727205545242.jpg","datePublished":"2024-09-24T19:19:33+00:00","dateModified":"2024-09-24T19:23:29+00:00","breadcrumb":{"@id":"https:\/\/maranhaotv.com.br\/index.php\/2024\/09\/24\/a-fome-no-mundo-nao-e-falta-de-dinheiro-e-falta-de-vergonha-diz-lula\/#breadcrumb"},"inLanguage":"pt-BR","potentialAction":[{"@type":"ReadAction","target":["https:\/\/maranhaotv.com.br\/index.php\/2024\/09\/24\/a-fome-no-mundo-nao-e-falta-de-dinheiro-e-falta-de-vergonha-diz-lula\/"]}]},{"@type":"ImageObject","inLanguage":"pt-BR","@id":"https:\/\/maranhaotv.com.br\/index.php\/2024\/09\/24\/a-fome-no-mundo-nao-e-falta-de-dinheiro-e-falta-de-vergonha-diz-lula\/#primaryimage","url":"https:\/\/maranhaotv.com.br\/wp-content\/uploads\/2024\/09\/image_editor_output_image-1567257548-1727205545242.jpg","contentUrl":"https:\/\/maranhaotv.com.br\/wp-content\/uploads\/2024\/09\/image_editor_output_image-1567257548-1727205545242.jpg","width":2048,"height":947},{"@type":"BreadcrumbList","@id":"https:\/\/maranhaotv.com.br\/index.php\/2024\/09\/24\/a-fome-no-mundo-nao-e-falta-de-dinheiro-e-falta-de-vergonha-diz-lula\/#breadcrumb","itemListElement":[{"@type":"ListItem","position":1,"name":"In\u00edcio","item":"https:\/\/maranhaotv.com.br\/"},{"@type":"ListItem","position":2,"name":"\u201cA fome no mundo n\u00e3o \u00e9 falta de dinheiro. \u00c9 falta de vergonha\u201d, diz Lula"}]},{"@type":"WebSite","@id":"https:\/\/maranhaotv.com.br\/#website","url":"https:\/\/maranhaotv.com.br\/","name":"Maranh\u00e3oTV","description":"","publisher":{"@id":"https:\/\/maranhaotv.com.br\/#organization"},"potentialAction":[{"@type":"SearchAction","target":{"@type":"EntryPoint","urlTemplate":"https:\/\/maranhaotv.com.br\/?s={search_term_string}"},"query-input":{"@type":"PropertyValueSpecification","valueRequired":true,"valueName":"search_term_string"}}],"inLanguage":"pt-BR"},{"@type":"Organization","@id":"https:\/\/maranhaotv.com.br\/#organization","name":"Portal de Not\u00edcias","url":"https:\/\/maranhaotv.com.br\/","logo":{"@type":"ImageObject","inLanguage":"pt-BR","@id":"https:\/\/maranhaotv.com.br\/#\/schema\/logo\/image\/","url":"https:\/\/maranhaotv.com.br\/wp-content\/uploads\/2024\/05\/cropped-cropped-avatar-1.png","contentUrl":"https:\/\/maranhaotv.com.br\/wp-content\/uploads\/2024\/05\/cropped-cropped-avatar-1.png","width":792,"height":428,"caption":"Portal de Not\u00edcias"},"image":{"@id":"https:\/\/maranhaotv.com.br\/#\/schema\/logo\/image\/"},"sameAs":["https:\/\/www.facebook.com\/maiobaotv","https:\/\/x.com\/sitemaranhaotv","https:\/\/www.instagram.com\/maranhao.tv","https:\/\/www.threads.net\/@maranhao.tv"]},{"@type":"Person","@id":"https:\/\/maranhaotv.com.br\/#\/schema\/person\/3d54238e86b20bb5c89ab2fdb8f8829a","name":"maranhaotv","image":{"@type":"ImageObject","inLanguage":"pt-BR","@id":"https:\/\/secure.gravatar.com\/avatar\/8fadbca458d4cb68b1dd399ae9a40618d747bb1af65ac9fad21c89220a143eb4?s=96&d=mm&r=g","url":"https:\/\/secure.gravatar.com\/avatar\/8fadbca458d4cb68b1dd399ae9a40618d747bb1af65ac9fad21c89220a143eb4?s=96&d=mm&r=g","contentUrl":"https:\/\/secure.gravatar.com\/avatar\/8fadbca458d4cb68b1dd399ae9a40618d747bb1af65ac9fad21c89220a143eb4?s=96&d=mm&r=g","caption":"maranhaotv"},"sameAs":["https:\/\/maranhaotv.com.br\/"],"url":"https:\/\/maranhaotv.com.br\/index.php\/author\/maranhaotv\/"}]}},"jetpack_featured_media_url":"https:\/\/maranhaotv.com.br\/wp-content\/uploads\/2024\/09\/image_editor_output_image-1567257548-1727205545242.jpg","jetpack_sharing_enabled":true,"_links":{"self":[{"href":"https:\/\/maranhaotv.com.br\/index.php\/wp-json\/wp\/v2\/posts\/37961","targetHints":{"allow":["GET"]}}],"collection":[{"href":"https:\/\/maranhaotv.com.br\/index.php\/wp-json\/wp\/v2\/posts"}],"about":[{"href":"https:\/\/maranhaotv.com.br\/index.php\/wp-json\/wp\/v2\/types\/post"}],"author":[{"embeddable":true,"href":"https:\/\/maranhaotv.com.br\/index.php\/wp-json\/wp\/v2\/users\/2"}],"replies":[{"embeddable":true,"href":"https:\/\/maranhaotv.com.br\/index.php\/wp-json\/wp\/v2\/comments?post=37961"}],"version-history":[{"count":2,"href":"https:\/\/maranhaotv.com.br\/index.php\/wp-json\/wp\/v2\/posts\/37961\/revisions"}],"predecessor-version":[{"id":37963,"href":"https:\/\/maranhaotv.com.br\/index.php\/wp-json\/wp\/v2\/posts\/37961\/revisions\/37963"}],"wp:featuredmedia":[{"embeddable":true,"href":"https:\/\/maranhaotv.com.br\/index.php\/wp-json\/wp\/v2\/media\/37960"}],"wp:attachment":[{"href":"https:\/\/maranhaotv.com.br\/index.php\/wp-json\/wp\/v2\/media?parent=37961"}],"wp:term":[{"taxonomy":"category","embeddable":true,"href":"https:\/\/maranhaotv.com.br\/index.php\/wp-json\/wp\/v2\/categories?post=37961"},{"taxonomy":"post_tag","embeddable":true,"href":"https:\/\/maranhaotv.com.br\/index.php\/wp-json\/wp\/v2\/tags?post=37961"}],"curies":[{"name":"wp","href":"https:\/\/api.w.org\/{rel}","templated":true}]}}